{"id":66556,"date":"2018-08-20T19:35:49","date_gmt":"2018-08-20T16:35:49","guid":{"rendered":"https:\/\/urbeamea.ro\/albaiulia\/?p=66556"},"modified":"2018-08-20T19:35:49","modified_gmt":"2018-08-20T16:35:49","slug":"29-septembrie-celmaimare100-la-alba-iulia-se-cauta-participanti-si-voluntari","status":"publish","type":"post","link":"https:\/\/urbeamea.ro\/albaiulia\/29-septembrie-celmaimare100-la-alba-iulia-se-cauta-participanti-si-voluntari\/","title":{"rendered":"29 septembrie: #CelMaiMare100, la Alba Iulia. Se caut\u0103 participan\u021bi \u0219i voluntari"},"content":{"rendered":"<p><strong>\u00cen anul Centenarului, asocia\u021bia 11even din Cluj-Napoca organizeaz\u0103 pe 29 septembrie, la Alba Iulia, un inedit eveniment de celebrare care va intra \u00een Cartea Recordurilor Guinness. Ne propunem s\u0103 str\u00e2ngem al\u0103turi de noi peste 9000 de persoane, din Alba Iulia \u0219i din alte comunit\u0103\u021bi din Transilvania \u0219i din \u021bar\u0103 \u0219i \u00eempreun\u0103 s\u0103 form\u0103m \u201cCel mai mare num\u0103r 100\u201d. <\/strong><\/p>\n<p>Acest eveniment va fi organizat \u00een prima parte a zilei de 29 septembrie, \u00een debutul Festivalului Bucurie \u00een Mi\u0219care \u0219i va beneficia de prezen\u021ba unei echipe de evaluare de la Guinness World Records pentru a confirma acest record mondial. Este un demers excep\u021bional, care poate s\u0103 r\u0103m\u00e2n\u0103 pentru mul\u021bi ani de aici \u00eenainte \u00een memoria copiilor \u0219i tinerilor care vor lua parte la formarea num\u0103rului 100, spune Ov idiu Neam\u021bu \u2013 fondator \u0219i director al asocia\u021biei 11even.<\/p>\n<p>#CelMaiMare100 va avea loc \u00een cadrul festivalului Bucurie \u00een Mi\u0219care de la Alba Iulia (29-30 septembrie), parte dintr-un program na\u021bional care a reunit p\u00e2n\u0103 \u00een acest moment peste 150.000 de persoane din peste 30 de ora\u0219e din \u021bar\u0103.<\/p>\n<p>Proiectul num\u0103rului 100 este realizat de Biroul de Proiectare Str\u0103jan din Alba Iulia \u0219i acoper\u0103 \u00eentreaga arie de platou din zona de \u0219ant de la Poarta IV a intr\u0103rii \u00een Cetate. Proiectul cuprinde segmente care vor fi \u00eemp\u0103r\u021bite pentru 6733 de copii \u0219i 2444 de adul\u021bi (persoane peste 16 ani), deci 9177 de participan\u021bi poten\u021biali. Asocia\u021bia 11even propune acest eveniment \u00een special copiilor \u0219i tinerilor pentru c\u0103 vrea s\u0103-i ajute s\u0103 \u00eenve\u021be altfel despre istoria Rom\u00e2niei \u0219i s\u0103 le arate c\u0103 \u0219i lor le st\u0103 \u00een putere s\u0103 fac\u0103 lucruri popozitive pentru \u021bar\u0103.<\/p>\n<p><img loading=\"lazy\" decoding=\"async\" class=\"size-medium wp-image-66558 aligncenter\" src=\"https:\/\/urbeamea.ro\/albaiulia\/wp-content\/uploads\/2018\/08\/100-CENTENAR-FINAL-768x543-640x453.jpg\" alt=\"\" width=\"640\" height=\"453\" srcset=\"https:\/\/urbeamea.ro\/albaiulia\/wp-content\/uploads\/2018\/08\/100-CENTENAR-FINAL-768x543-640x453.jpg 640w, https:\/\/urbeamea.ro\/albaiulia\/wp-content\/uploads\/2018\/08\/100-CENTENAR-FINAL-768x543-150x106.jpg 150w, https:\/\/urbeamea.ro\/albaiulia\/wp-content\/uploads\/2018\/08\/100-CENTENAR-FINAL-768x543.jpg 768w\" sizes=\"auto, (max-width: 640px) 100vw, 640px\" \/><\/p>\n<p>\u00censcrierea grupurilor de elevi din municipiul Alba Iulia, jude\u021bul Alba, alte jude\u021be din Transilvania \u0219i din \u021bar\u0103 se poate face p\u00e2n\u0103 la data de 31 august. Au fost deschise \u0219i \u00eenscrierile individuale, dar organizatorii invit\u0103 \u0219i companiile din Transilvania s\u0103 se asocieze acestui eveniment \u0219i s\u0103 le propun\u0103 angaja\u021bilor o experien\u021b\u0103 unic\u0103 \u00een anul Centenarului. Adul\u021bii \u0219i minorii care pot ob\u021bine acordul p\u0103rin\u021bilor se pot implica \u0219i ca voluntar la acest eveniment. Detaliile \u0219i formularele de \u00eenscriere sunt publicate pe site-ul www.celmaimare100.ro. Pe l\u00e2ng\u0103 experien\u021ba unic\u0103 de a lua parte la o astfel de ac\u021biune, fiecare participant va primi o diplom\u0103 \u0219i o pelerin\u0103 oficial\u0103 a festivalului.<\/p>\n<p>Proiectul este derulat \u00een parteneriat cu de Prima\u0306ria Alba Iulia s\u0326i Kaufland Rom\u00e2nia.<\/p>\n<p><strong>Despre programul Bucurie \u00een Mi\u0219care<\/strong><\/p>\n<p>Bucurie \u00een Mis\u0326care este un proiect de promovare a sportului \u0219i mis\u0326ca\u0306rii \u00een comunitate, demarat de Asociat\u0326ia 11even \u00een anul 2012. De atunci s\u0326i p\u00e2na\u0306 \u00een prezent, proiectul a fost implementat \u00een peste 30 de oras\u0326e din Rom\u00e2nia s\u0326i din Republica Moldova, reunind zeci de mii de participant\u0326i. Bucurie \u00een Mis\u0326care este un spat\u0326iu care integreaza\u0306 idei de jocuri s\u0326i metode simple de a face mis\u0326care, menite sa\u0306-i ajute pe participant\u0326i sa\u0306 se inspire s\u0326i sa\u0306 aleaga\u0306 mis\u0326carea zi de zi, \u00eentr-o lume invadata\u0306 de tehnologie. Bucurie \u00een Mis\u0326care \u00ees\u0326i propune sa\u0306 aduc\u0103 \u00eempreuna\u0306 copii s\u0326i pa\u0306rint\u0326ii, tineri care \u00eempa\u0306rta\u0306s\u0326esc aceleas\u0326i pasiuni, \u00eentr-un eveniment viu, extrem de ofertant.<\/p>\n<p>Doar anul acesta, peste 75.000 de oameni s-au bucurat \u00een mi\u0219care, \u00eentre 5 mai &#8211; 10 iunie, \u00een cadrul celor 12 festivaluri Bucurie \u00een Mi\u0219care. Cele 12 ora\u0219e cuprinse \u00een cadrul campaniei na\u021bionale din acest an au fost: Roman, Timi\u0219oara, Baia Mare, R\u00e2mnicu V\u00e2lcea, Deva, Satu Mare, Slatina, Gala\u021bi, Craiova, Ploie\u0219ti, Bac\u0103u \u0219i Arad.<\/p>\n<p>Mai multe detalii despre proiectul Bucurie \u00een Mi\u0219care pot fi ob\u021binute acces\u00e2nd pagina oficial\u0103 &#8211; <a href=\"https:\/\/bucurieinmiscare.ro\/\">www.bucurieinmiscare.ro<\/a>, sau <a href=\"https:\/\/www.facebook.com\/BucurieInMiscareRomania\">https:\/\/www.facebook.com\/BucurieInMiscareRomania<\/a>.<\/p>\n","protected":false},"excerpt":{"rendered":"<p>\u00cen anul Centenarului, asocia\u021bia 11even din Cluj-Napoca organizeaz\u0103 pe 29 septembrie, la Alba Iulia, un inedit eveniment de celebrare care va intra \u00een Cartea Recordurilor Guinness. Ne propunem s\u0103 str\u00e2ngem al\u0103turi de noi peste 9000 de persoane, din Alba Iulia \u0219i din alte comunit\u0103\u021bi din Transilvania \u0219i din \u021bar\u0103 \u0219i \u00eempreun\u0103 s\u0103 form\u0103m \u201cCel mai &hellip;<\/p>\n","protected":false},"author":17,"featured_media":66557,"comment_status":"open","ping_status":"open","sticky":false,"template":"","format":"standard","meta":{"inline_featured_image":false,"footnotes":""},"categories":[1],"tags":[16014,16011,16012,16013,2304,2826,308,76,3060],"class_list":["post-66556","post","type-post","status-publish","format-standard","has-post-thumbnail","hentry","category-stiri-urbane","tag-celmaimare100","tag-asociatia-11even","tag-cartea-recordurilor-guinness","tag-festivalul-bucurie-in-miscare","tag-inscrieri","tag-participanti","tag-stiri","tag-urbea-mea","tag-voluntari"],"yoast_head":"<!-- This site is optimized with the Yoast SEO plugin v28.3 - https:\/\/yoast.com\/product\/yoast-seo-wordpress\/ -->\n<title>29 septembrie: #CelMaiMare100, la Alba Iulia. Se caut\u0103 participan\u021bi \u0219i voluntari - Revista Urbea Mea - Revista de Alba<\/title>\n<meta name=\"description\" content=\"\u00cen anul Centenarului, asocia\u021bia 11even din Cluj-Napoca organizeaz\u0103 pe 29 septembrie, la Alba Iulia, un inedit eveniment de celebrare care va intra \u00een\" \/>\n<meta name=\"robots\" content=\"index, follow, max-snippet:-1, max-image-preview:large, max-video-preview:-1\" \/>\n<link rel=\"canonical\" href=\"https:\/\/urbeamea.ro\/albaiulia\/29-septembrie-celmaimare100-la-alba-iulia-se-cauta-participanti-si-voluntari\/\" \/>\n<meta name=\"twitter:card\" content=\"summary_large_image\" \/>\n<meta name=\"twitter:title\" content=\"29 septembrie: #CelMaiMare100, la Alba Iulia. Se caut\u0103 participan\u021bi \u0219i voluntari - Revista Urbea Mea - Revista de Alba\" \/>\n<meta name=\"twitter:description\" content=\"\u00cen anul Centenarului, asocia\u021bia 11even din Cluj-Napoca organizeaz\u0103 pe 29 septembrie, la Alba Iulia, un inedit eveniment de celebrare care va intra \u00een\" \/>\n<meta name=\"twitter:image\" content=\"https:\/\/urbeamea.ro\/albaiulia\/wp-content\/uploads\/2018\/08\/36319089_2145363232362534_7205315029296480256_n.jpg\" \/>\n<meta name=\"twitter:creator\" content=\"@urbeameaweb\" \/>\n<meta name=\"twitter:site\" content=\"@urbeameaweb\" \/>\n<script type=\"application\/ld+json\" class=\"yoast-schema-graph\">{\"@context\":\"https:\\\/\\\/schema.org\",\"@graph\":[{\"@type\":\"Article\",\"@id\":\"https:\\\/\\\/urbeamea.ro\\\/albaiulia\\\/29-septembrie-celmaimare100-la-alba-iulia-se-cauta-participanti-si-voluntari\\\/#article\",\"isPartOf\":{\"@id\":\"https:\\\/\\\/urbeamea.ro\\\/albaiulia\\\/29-septembrie-celmaimare100-la-alba-iulia-se-cauta-participanti-si-voluntari\\\/\"},\"author\":{\"name\":\"Cristina Ganga\",\"@id\":\"https:\\\/\\\/urbeamea.ro\\\/albaiulia\\\/#\\\/schema\\\/person\\\/9700d21fae21c4f038b0b56f4506264a\"},\"headline\":\"29 septembrie: #CelMaiMare100, la Alba Iulia. Se caut\u0103 participan\u021bi \u0219i voluntari\",\"datePublished\":\"2018-08-20T16:35:49+00:00\",\"mainEntityOfPage\":{\"@id\":\"https:\\\/\\\/urbeamea.ro\\\/albaiulia\\\/29-septembrie-celmaimare100-la-alba-iulia-se-cauta-participanti-si-voluntari\\\/\"},\"wordCount\":655,\"commentCount\":0,\"image\":{\"@id\":\"https:\\\/\\\/urbeamea.ro\\\/albaiulia\\\/29-septembrie-celmaimare100-la-alba-iulia-se-cauta-participanti-si-voluntari\\\/#primaryimage\"},\"thumbnailUrl\":\"https:\\\/\\\/urbeamea.ro\\\/albaiulia\\\/wp-content\\\/uploads\\\/2018\\\/08\\\/36319089_2145363232362534_7205315029296480256_n.jpg\",\"keywords\":[\"#CelMaiMare100\",\"asociatia 11even\",\"Cartea Recordurilor Guinness\",\"festivalul bucurie in miscare\",\"inscrieri\",\"participanti\",\"stiri\",\"Urbea Mea\",\"voluntari\"],\"articleSection\":[\"\u015etiri Urbane\"],\"inLanguage\":\"ro-RO\",\"potentialAction\":[{\"@type\":\"CommentAction\",\"name\":\"Comment\",\"target\":[\"https:\\\/\\\/urbeamea.ro\\\/albaiulia\\\/29-septembrie-celmaimare100-la-alba-iulia-se-cauta-participanti-si-voluntari\\\/#respond\"]}]},{\"@type\":\"WebPage\",\"@id\":\"https:\\\/\\\/urbeamea.ro\\\/albaiulia\\\/29-septembrie-celmaimare100-la-alba-iulia-se-cauta-participanti-si-voluntari\\\/\",\"url\":\"https:\\\/\\\/urbeamea.ro\\\/albaiulia\\\/29-septembrie-celmaimare100-la-alba-iulia-se-cauta-participanti-si-voluntari\\\/\",\"name\":\"29 septembrie: #CelMaiMare100, la Alba Iulia. Se caut\u0103 participan\u021bi \u0219i voluntari - Revista Urbea Mea - Revista de Alba\",\"isPartOf\":{\"@id\":\"https:\\\/\\\/urbeamea.ro\\\/albaiulia\\\/#website\"},\"primaryImageOfPage\":{\"@id\":\"https:\\\/\\\/urbeamea.ro\\\/albaiulia\\\/29-septembrie-celmaimare100-la-alba-iulia-se-cauta-participanti-si-voluntari\\\/#primaryimage\"},\"image\":{\"@id\":\"https:\\\/\\\/urbeamea.ro\\\/albaiulia\\\/29-septembrie-celmaimare100-la-alba-iulia-se-cauta-participanti-si-voluntari\\\/#primaryimage\"},\"thumbnailUrl\":\"https:\\\/\\\/urbeamea.ro\\\/albaiulia\\\/wp-content\\\/uploads\\\/2018\\\/08\\\/36319089_2145363232362534_7205315029296480256_n.jpg\",\"datePublished\":\"2018-08-20T16:35:49+00:00\",\"author\":{\"@id\":\"https:\\\/\\\/urbeamea.ro\\\/albaiulia\\\/#\\\/schema\\\/person\\\/9700d21fae21c4f038b0b56f4506264a\"},\"description\":\"\u00cen anul Centenarului, asocia\u021bia 11even din Cluj-Napoca organizeaz\u0103 pe 29 septembrie, la Alba Iulia, un inedit eveniment de celebrare care va intra \u00een\",\"breadcrumb\":{\"@id\":\"https:\\\/\\\/urbeamea.ro\\\/albaiulia\\\/29-septembrie-celmaimare100-la-alba-iulia-se-cauta-participanti-si-voluntari\\\/#breadcrumb\"},\"inLanguage\":\"ro-RO\",\"potentialAction\":[{\"@type\":\"ReadAction\",\"target\":[\"https:\\\/\\\/urbeamea.ro\\\/albaiulia\\\/29-septembrie-celmaimare100-la-alba-iulia-se-cauta-participanti-si-voluntari\\\/\"]}]},{\"@type\":\"ImageObject\",\"inLanguage\":\"ro-RO\",\"@id\":\"https:\\\/\\\/urbeamea.ro\\\/albaiulia\\\/29-septembrie-celmaimare100-la-alba-iulia-se-cauta-participanti-si-voluntari\\\/#primaryimage\",\"url\":\"https:\\\/\\\/urbeamea.ro\\\/albaiulia\\\/wp-content\\\/uploads\\\/2018\\\/08\\\/36319089_2145363232362534_7205315029296480256_n.jpg\",\"contentUrl\":\"https:\\\/\\\/urbeamea.ro\\\/albaiulia\\\/wp-content\\\/uploads\\\/2018\\\/08\\\/36319089_2145363232362534_7205315029296480256_n.jpg\",\"width\":960,\"height\":640},{\"@type\":\"BreadcrumbList\",\"@id\":\"https:\\\/\\\/urbeamea.ro\\\/albaiulia\\\/29-septembrie-celmaimare100-la-alba-iulia-se-cauta-participanti-si-voluntari\\\/#breadcrumb\",\"itemListElement\":[{\"@type\":\"ListItem\",\"position\":1,\"name\":\"Prima pagin\u0103\",\"item\":\"https:\\\/\\\/urbeamea.ro\\\/albaiulia\\\/\"},{\"@type\":\"ListItem\",\"position\":2,\"name\":\"29 septembrie: #CelMaiMare100, la Alba Iulia. Se caut\u0103 participan\u021bi \u0219i voluntari\"}]},{\"@type\":\"WebSite\",\"@id\":\"https:\\\/\\\/urbeamea.ro\\\/albaiulia\\\/#website\",\"url\":\"https:\\\/\\\/urbeamea.ro\\\/albaiulia\\\/\",\"name\":\"Revista Urbea Mea, Stiri urbane\",\"description\":\"Evenimente \u0219i \u0219tiri din Alba Iulia, Sebe\u0219, Aiud, Blaj\",\"potentialAction\":[{\"@type\":\"SearchAction\",\"target\":{\"@type\":\"EntryPoint\",\"urlTemplate\":\"https:\\\/\\\/urbeamea.ro\\\/albaiulia\\\/?s={search_term_string}\"},\"query-input\":{\"@type\":\"PropertyValueSpecification\",\"valueRequired\":true,\"valueName\":\"search_term_string\"}}],\"inLanguage\":\"ro-RO\"},{\"@type\":\"Person\",\"@id\":\"https:\\\/\\\/urbeamea.ro\\\/albaiulia\\\/#\\\/schema\\\/person\\\/9700d21fae21c4f038b0b56f4506264a\",\"name\":\"Cristina Ganga\",\"image\":{\"@type\":\"ImageObject\",\"inLanguage\":\"ro-RO\",\"@id\":\"https:\\\/\\\/secure.gravatar.com\\\/avatar\\\/5a67661041f057b4a8ccaf26f5a8e86e2689372006d01faf3dd9eeb10b654bb4?s=96&d=mm&r=g\",\"url\":\"https:\\\/\\\/secure.gravatar.com\\\/avatar\\\/5a67661041f057b4a8ccaf26f5a8e86e2689372006d01faf3dd9eeb10b654bb4?s=96&d=mm&r=g\",\"contentUrl\":\"https:\\\/\\\/secure.gravatar.com\\\/avatar\\\/5a67661041f057b4a8ccaf26f5a8e86e2689372006d01faf3dd9eeb10b654bb4?s=96&d=mm&r=g\",\"caption\":\"Cristina Ganga\"},\"description\":\"Jurnalist\",\"sameAs\":[\"https:\\\/\\\/www.facebook.com\\\/cristina.nicola.587\"],\"url\":\"https:\\\/\\\/urbeamea.ro\\\/albaiulia\\\/author\\\/cristina-nicola\\\/\"}]}<\/script>\n<!-- \/ Yoast SEO plugin. -->","yoast_head_json":{"title":"29 septembrie: #CelMaiMare100, la Alba Iulia. Se caut\u0103 participan\u021bi \u0219i voluntari - Revista Urbea Mea - Revista de Alba","description":"\u00cen anul Centenarului, asocia\u021bia 11even din Cluj-Napoca organizeaz\u0103 pe 29 septembrie, la Alba Iulia, un inedit eveniment de celebrare care va intra \u00een","robots":{"index":"index","follow":"follow","max-snippet":"max-snippet:-1","max-image-preview":"max-image-preview:large","max-video-preview":"max-video-preview:-1"},"canonical":"https:\/\/urbeamea.ro\/albaiulia\/29-septembrie-celmaimare100-la-alba-iulia-se-cauta-participanti-si-voluntari\/","twitter_card":"summary_large_image","twitter_title":"29 septembrie: #CelMaiMare100, la Alba Iulia. Se caut\u0103 participan\u021bi \u0219i voluntari - Revista Urbea Mea - Revista de Alba","twitter_description":"\u00cen anul Centenarului, asocia\u021bia 11even din Cluj-Napoca organizeaz\u0103 pe 29 septembrie, la Alba Iulia, un inedit eveniment de celebrare care va intra \u00een","twitter_image":"https:\/\/urbeamea.ro\/albaiulia\/wp-content\/uploads\/2018\/08\/36319089_2145363232362534_7205315029296480256_n.jpg","twitter_creator":"@urbeameaweb","twitter_site":"@urbeameaweb","schema":{"@context":"https:\/\/schema.org","@graph":[{"@type":"Article","@id":"https:\/\/urbeamea.ro\/albaiulia\/29-septembrie-celmaimare100-la-alba-iulia-se-cauta-participanti-si-voluntari\/#article","isPartOf":{"@id":"https:\/\/urbeamea.ro\/albaiulia\/29-septembrie-celmaimare100-la-alba-iulia-se-cauta-participanti-si-voluntari\/"},"author":{"name":"Cristina Ganga","@id":"https:\/\/urbeamea.ro\/albaiulia\/#\/schema\/person\/9700d21fae21c4f038b0b56f4506264a"},"headline":"29 septembrie: #CelMaiMare100, la Alba Iulia. Se caut\u0103 participan\u021bi \u0219i voluntari","datePublished":"2018-08-20T16:35:49+00:00","mainEntityOfPage":{"@id":"https:\/\/urbeamea.ro\/albaiulia\/29-septembrie-celmaimare100-la-alba-iulia-se-cauta-participanti-si-voluntari\/"},"wordCount":655,"commentCount":0,"image":{"@id":"https:\/\/urbeamea.ro\/albaiulia\/29-septembrie-celmaimare100-la-alba-iulia-se-cauta-participanti-si-voluntari\/#primaryimage"},"thumbnailUrl":"https:\/\/urbeamea.ro\/albaiulia\/wp-content\/uploads\/2018\/08\/36319089_2145363232362534_7205315029296480256_n.jpg","keywords":["#CelMaiMare100","asociatia 11even","Cartea Recordurilor Guinness","festivalul bucurie in miscare","inscrieri","participanti","stiri","Urbea Mea","voluntari"],"articleSection":["\u015etiri Urbane"],"inLanguage":"ro-RO","potentialAction":[{"@type":"CommentAction","name":"Comment","target":["https:\/\/urbeamea.ro\/albaiulia\/29-septembrie-celmaimare100-la-alba-iulia-se-cauta-participanti-si-voluntari\/#respond"]}]},{"@type":"WebPage","@id":"https:\/\/urbeamea.ro\/albaiulia\/29-septembrie-celmaimare100-la-alba-iulia-se-cauta-participanti-si-voluntari\/","url":"https:\/\/urbeamea.ro\/albaiulia\/29-septembrie-celmaimare100-la-alba-iulia-se-cauta-participanti-si-voluntari\/","name":"29 septembrie: #CelMaiMare100, la Alba Iulia. Se caut\u0103 participan\u021bi \u0219i voluntari - Revista Urbea Mea - Revista de Alba","isPartOf":{"@id":"https:\/\/urbeamea.ro\/albaiulia\/#website"},"primaryImageOfPage":{"@id":"https:\/\/urbeamea.ro\/albaiulia\/29-septembrie-celmaimare100-la-alba-iulia-se-cauta-participanti-si-voluntari\/#primaryimage"},"image":{"@id":"https:\/\/urbeamea.ro\/albaiulia\/29-septembrie-celmaimare100-la-alba-iulia-se-cauta-participanti-si-voluntari\/#primaryimage"},"thumbnailUrl":"https:\/\/urbeamea.ro\/albaiulia\/wp-content\/uploads\/2018\/08\/36319089_2145363232362534_7205315029296480256_n.jpg","datePublished":"2018-08-20T16:35:49+00:00","author":{"@id":"https:\/\/urbeamea.ro\/albaiulia\/#\/schema\/person\/9700d21fae21c4f038b0b56f4506264a"},"description":"\u00cen anul Centenarului, asocia\u021bia 11even din Cluj-Napoca organizeaz\u0103 pe 29 septembrie, la Alba Iulia, un inedit eveniment de celebrare care va intra \u00een","breadcrumb":{"@id":"https:\/\/urbeamea.ro\/albaiulia\/29-septembrie-celmaimare100-la-alba-iulia-se-cauta-participanti-si-voluntari\/#breadcrumb"},"inLanguage":"ro-RO","potentialAction":[{"@type":"ReadAction","target":["https:\/\/urbeamea.ro\/albaiulia\/29-septembrie-celmaimare100-la-alba-iulia-se-cauta-participanti-si-voluntari\/"]}]},{"@type":"ImageObject","inLanguage":"ro-RO","@id":"https:\/\/urbeamea.ro\/albaiulia\/29-septembrie-celmaimare100-la-alba-iulia-se-cauta-participanti-si-voluntari\/#primaryimage","url":"https:\/\/urbeamea.ro\/albaiulia\/wp-content\/uploads\/2018\/08\/36319089_2145363232362534_7205315029296480256_n.jpg","contentUrl":"https:\/\/urbeamea.ro\/albaiulia\/wp-content\/uploads\/2018\/08\/36319089_2145363232362534_7205315029296480256_n.jpg","width":960,"height":640},{"@type":"BreadcrumbList","@id":"https:\/\/urbeamea.ro\/albaiulia\/29-septembrie-celmaimare100-la-alba-iulia-se-cauta-participanti-si-voluntari\/#breadcrumb","itemListElement":[{"@type":"ListItem","position":1,"name":"Prima pagin\u0103","item":"https:\/\/urbeamea.ro\/albaiulia\/"},{"@type":"ListItem","position":2,"name":"29 septembrie: #CelMaiMare100, la Alba Iulia. Se caut\u0103 participan\u021bi \u0219i voluntari"}]},{"@type":"WebSite","@id":"https:\/\/urbeamea.ro\/albaiulia\/#website","url":"https:\/\/urbeamea.ro\/albaiulia\/","name":"Revista Urbea Mea, Stiri urbane","description":"Evenimente \u0219i \u0219tiri din Alba Iulia, Sebe\u0219, Aiud, Blaj","potentialAction":[{"@type":"SearchAction","target":{"@type":"EntryPoint","urlTemplate":"https:\/\/urbeamea.ro\/albaiulia\/?s={search_term_string}"},"query-input":{"@type":"PropertyValueSpecification","valueRequired":true,"valueName":"search_term_string"}}],"inLanguage":"ro-RO"},{"@type":"Person","@id":"https:\/\/urbeamea.ro\/albaiulia\/#\/schema\/person\/9700d21fae21c4f038b0b56f4506264a","name":"Cristina Ganga","image":{"@type":"ImageObject","inLanguage":"ro-RO","@id":"https:\/\/secure.gravatar.com\/avatar\/5a67661041f057b4a8ccaf26f5a8e86e2689372006d01faf3dd9eeb10b654bb4?s=96&d=mm&r=g","url":"https:\/\/secure.gravatar.com\/avatar\/5a67661041f057b4a8ccaf26f5a8e86e2689372006d01faf3dd9eeb10b654bb4?s=96&d=mm&r=g","contentUrl":"https:\/\/secure.gravatar.com\/avatar\/5a67661041f057b4a8ccaf26f5a8e86e2689372006d01faf3dd9eeb10b654bb4?s=96&d=mm&r=g","caption":"Cristina Ganga"},"description":"Jurnalist","sameAs":["https:\/\/www.facebook.com\/cristina.nicola.587"],"url":"https:\/\/urbeamea.ro\/albaiulia\/author\/cristina-nicola\/"}]}},"_links":{"self":[{"href":"https:\/\/urbeamea.ro\/albaiulia\/wp-json\/wp\/v2\/posts\/66556","targetHints":{"allow":["GET"]}}],"collection":[{"href":"https:\/\/urbeamea.ro\/albaiulia\/wp-json\/wp\/v2\/posts"}],"about":[{"href":"https:\/\/urbeamea.ro\/albaiulia\/wp-json\/wp\/v2\/types\/post"}],"author":[{"embeddable":true,"href":"https:\/\/urbeamea.ro\/albaiulia\/wp-json\/wp\/v2\/users\/17"}],"replies":[{"embeddable":true,"href":"https:\/\/urbeamea.ro\/albaiulia\/wp-json\/wp\/v2\/comments?post=66556"}],"version-history":[{"count":0,"href":"https:\/\/urbeamea.ro\/albaiulia\/wp-json\/wp\/v2\/posts\/66556\/revisions"}],"wp:featuredmedia":[{"embeddable":true,"href":"https:\/\/urbeamea.ro\/albaiulia\/wp-json\/wp\/v2\/media\/66557"}],"wp:attachment":[{"href":"https:\/\/urbeamea.ro\/albaiulia\/wp-json\/wp\/v2\/media?parent=66556"}],"wp:term":[{"taxonomy":"category","embeddable":true,"href":"https:\/\/urbeamea.ro\/albaiulia\/wp-json\/wp\/v2\/categories?post=66556"},{"taxonomy":"post_tag","embeddable":true,"href":"https:\/\/urbeamea.ro\/albaiulia\/wp-json\/wp\/v2\/tags?post=66556"}],"curies":[{"name":"wp","href":"https:\/\/api.w.org\/{rel}","templated":true}]}}