{"id":66567,"date":"2018-08-21T14:30:21","date_gmt":"2018-08-21T11:30:21","guid":{"rendered":"https:\/\/urbeamea.ro\/albaiulia\/?p=66567"},"modified":"2018-08-21T14:30:21","modified_gmt":"2018-08-21T11:30:21","slug":"primaria-sebes-gradinita-cu-program-prelungit-nr-3-din-sebes-va-avea-spatii-verzi-inmiresmate-pentru-suflete-colorate","status":"publish","type":"post","link":"https:\/\/urbeamea.ro\/albaiulia\/primaria-sebes-gradinita-cu-program-prelungit-nr-3-din-sebes-va-avea-spatii-verzi-inmiresmate-pentru-suflete-colorate\/","title":{"rendered":"Prim\u0103ria Sebe\u015f: Gr\u0103dini\u0163a cu program prelungit nr.3 din Sebe\u015f va avea &#8222;Spa\u0163ii verzi \u00eenmiresmate pentru suflete colorate&#8221;"},"content":{"rendered":"<p style=\"font-weight: 400;\"><strong>Educa\u021bie ecologic\u0103 \u0219i un spa\u021biu verde reamenajat special pentru 120 de pre\u0219colari<\/strong>\u00a0<strong>de la Gr\u0103dini\u0163a cu Program Prelungit nr.3 Sebe\u0219 printr-un proiect comun al Prim\u0103riei Municipiului Sebe\u0219 cu\u00a0Asocia\u021bia Inventis \u0219i Funda\u021bia pentru Parteneriat, finan\u021bat de MOL Romania\u00a0\u00a0\u00a0<\/strong><\/p>\n<p style=\"font-weight: 400;\"><strong>Asocia\u021bia Inventis a fost selectat\u0103 de c\u0103tre Funda\u021bia pentru Parteneriat, pentru realizarea unui proiect \u00een cadrul programului \u201eSpa\u021bii Verzi &#8211; 2018&#8243;, component\u0103\u00a0\u00a0Spa\u0163ii Verzi Urbane, finan\u021bat de MOL Romania.\u00a0<\/strong><\/p>\n<p style=\"font-weight: 400;\">Proiectul se nume\u0219te\u00a0<strong>&#8222;<\/strong>\u00a0<strong>Spa\u021bii verzi \u00eenmiresmate pentru suflete colorate&#8221;\u00a0<\/strong>\u0219i are ca scop amenajarea \u0219i reabilitarea spa\u021biului verde aflat \u00een incinta\u00a0<strong>Gr\u0103dini\u0163ei cu Program Prelungit nr.3 Sebe\u0219, jude\u021bul Alba\u00a0<\/strong>\u0219i educa\u021bia ecologic\u0103 a pre\u015fcolarilor.<\/p>\n<p style=\"font-weight: 400;\">Partenerul proiectului este\u00a0<strong>Gr\u0103dini\u0163a cu Program Prelungit nr.3 Sebe\u0219<\/strong>,\u00a0o unitate de \u00eenv\u0103\u0163\u0103m\u00e2nt cu cinci grupe de program prelungit \u015fi o grup\u0103 de program normal, \u00eenfiin\u0163at\u0103 \u00een anul 1979.<\/p>\n<p style=\"font-weight: 400;\">Beneficiarii direc\u021bi al proiectului sunt cei 120 de pre\u0219colari ai gr\u0103dini\u021bei.<\/p>\n<p style=\"font-weight: 400;\"><strong>Proiectul se desf\u0103\u0219oar\u0103 \u00een perioada Aprilie \u2013 August 2018, timp \u00een care s-au realizat \u0219i se vor realiza urm\u0103toarele obiective:<\/strong><\/p>\n<ul>\n<li style=\"font-weight: 400;\">Reabilitarea \u0219i amenajarea parcului din incinta<strong>\u00a0Gr\u0103dini\u0163ei cu Program Prelungit nr.3 Sebe\u0219, jude\u021bul Alba<\/strong>.<\/li>\n<li style=\"font-weight: 400;\">Cre\u0219terea gradului de educa\u021bie ecologic\u0103 a\u00a0<strong>120 de pre\u0219colari<\/strong>.<\/li>\n<li style=\"font-weight: 400;\">Dezvoltarea unui comportament civic \u00een vederea protej\u0103rii mediului \u00eenconjur\u0103tor pentru\u00a0<strong>120 de pre\u0219colari<\/strong>.<\/li>\n<li style=\"font-weight: 400;\">Con\u0219tientizarea importan\u021bei protec\u021biei mediului \u00eenconjur\u0103tor pentru\u00a0<strong>250 persoane<\/strong>\u00a0din comunitatea municipiului Sebe\u0219\u00a0\u00a0\u00eentr-o perioad\u0103 de 5 luni (Aprilie \u2013 August 2018).<\/li>\n<\/ul>\n<p style=\"font-weight: 400;\">\u00cengrijirea spa\u021biilor verzi amenajate se va realiza prin rota\u021bie de c\u0103tre grupele de copii din cadrul gr\u0103dini\u021bei fiind sus\u021binu\u021bi de cadrele didactice, persoanele care particip\u0103 la \u00eengrijirea copiilor \u0219i de p\u0103rin\u021bi.<\/p>\n<p style=\"font-weight: 400;\">Activit\u0103\u021bile de educa\u0163ie ecologic\u0103 vor avea continuitate \u015fi pe parcursul anilor urm\u0103tori, at\u00e2t \u00een cadrul activit\u0103\u0163ilor cuprinse \u00een curriculum c\u00e2t \u015fi prin activit\u0103\u021bi extracurriculare.<\/p>\n<p style=\"font-weight: 400;\">Proiectul este sus\u021binut de agen\u021bia de marketing\u00a0<a href=\"http:\/\/www.bizmarketing.ro\/\">Biz Marketing<\/a>\u00a0Media,\u00a0Prim\u0103ria Municipiului Sebe\u0219 \u0219i Asocia\u021bia Inventis din Alba Iulia beneficiarul finan\u021b\u0103rii, precum \u0219i finan\u021batorii Funda\u021bia Pentru Parteneriat \u0219i MOL Rom\u00e2nia.<\/p>\n<p style=\"font-weight: 400;\"><strong>Despre Asocia\u021bia Inventis<\/strong><\/p>\n<p style=\"font-weight: 400;\">Asocia\u021bia INVENTIS, este o organiza\u021bie non-guvernamental\u0103 fondat\u0103 \u00een anul 2014.<\/p>\n<p style=\"font-weight: 400;\">Obiectivele strategice ale Asocia\u021biei Inventis fac referire la dezvoltarea sustenabil\u0103 prin implementarea de proiecte care sprijin\u0103 cre\u0219terea inteligent\u0103, dezvoltarea durabil\u0103 \u0219i promovarea unei economii cu o rat\u0103 ridicat\u0103 a ocup\u0103rii for\u021bei de munc\u0103, care s\u0103 asigure coeziunea social\u0103 \u0219i teritorial\u0103. \u00cencep\u00e2nd cu anul 2013, membrii Asocia\u021biei Inventis organizeaz\u0103 \u00een fiecare an evenimentul Skirt Bike Alba Iulia\u00a0<a href=\"https:\/\/www.facebook.com\/SkirtBikeAlbaIulia\">https:\/\/www.facebook.com\/SkirtBikeAlbaIulia<\/a>\u00a0\u0219i se implic\u0103 \u00een\u00a0dezvoltare profesional\u0103 a tinerilor profesioni\u0219ti prin cursuri de marketing, precum \u0219i reabilitarea altor spa\u021bii verzi in 2017\u00a0<a href=\"https:\/\/www.facebook.com\/gradinaverdeinmiresmata\/\">https:\/\/www.facebook.com\/gradinaverdeinmiresmata\/<\/a>\u00a0.<\/p>\n<p style=\"font-weight: 400;\"><strong>Despre Programul Spa\u021bii Verzi<\/strong><\/p>\n<p style=\"font-weight: 400;\">Programul Spa\u0163ii Verzi finan\u021bat de MOL Rom\u00e2nia \u0219i Funda\u021bia pentru Parteneriat \u00eencurajeaz\u0103 organizarea activit\u0103\u021bilor de educa\u021bie ecologic\u0103, a ac\u0163iunilor creative \u0219i interactive menite s\u0103 st\u00e2rneasc\u0103 interesul membrilor comunit\u0103\u021bilor locale \u015fi s\u0103 \u00eei determine s\u0103 se implice \u00een activit\u0103\u021bi din domeniul protec\u021biei mediului. \u00cen cadrul componentei Spa\u0163ii Verzi Urbane sunt finan\u021bate proiecte care au ca scop reabilitarea sau crearea de suprafet\u0326e \u00eenverzite pe l\u00e2ng\u0103 desfa\u0306s\u0327urarea activita\u0306t\u0327ilor de educat\u0327ie ecologica\u0306 \u00een r\u00e2ndul comunita\u0306t\u0327ilor locale. Proiectele finan\u021bate prin aceast\u0103 component\u0103 pot fi implementate de ONG-uri \u00een parteneriat cu organiza\u021bii sau institu\u021bii publice .<\/p>\n","protected":false},"excerpt":{"rendered":"<p>Educa\u021bie ecologic\u0103 \u0219i un spa\u021biu verde reamenajat special pentru 120 de pre\u0219colari\u00a0de la Gr\u0103dini\u0163a cu Program Prelungit nr.3 Sebe\u0219 printr-un proiect comun al Prim\u0103riei Municipiului Sebe\u0219 cu\u00a0Asocia\u021bia Inventis \u0219i Funda\u021bia pentru Parteneriat, finan\u021bat de MOL Romania\u00a0\u00a0\u00a0 Asocia\u021bia Inventis a fost selectat\u0103 de c\u0103tre Funda\u021bia pentru Parteneriat, pentru realizarea unui proiect \u00een cadrul programului \u201eSpa\u021bii Verzi &hellip;<\/p>\n","protected":false},"author":17,"featured_media":66568,"comment_status":"open","ping_status":"open","sticky":false,"template":"","format":"standard","meta":{"inline_featured_image":false,"footnotes":""},"categories":[2034],"tags":[307,16020,16018,16017,443,3012,380,1223,16019,308,76],"class_list":["post-66567","post","type-post","status-publish","format-standard","has-post-thumbnail","hentry","category-social","tag-alba","tag-asociatia-inventis","tag-educatie-ecologica","tag-gradinita-cu-program-prelungit-nr-3","tag-prescolari","tag-primaria-sebes","tag-proiect","tag-sebes","tag-spatiu-verde-reamenajat-special","tag-stiri","tag-urbea-mea"],"yoast_head":"<!-- This site is optimized with the Yoast SEO plugin v28.3 - https:\/\/yoast.com\/product\/yoast-seo-wordpress\/ -->\n<title>Prim\u0103ria Sebe\u015f: Gr\u0103dini\u0163a cu program prelungit nr.3 din Sebe\u015f va avea &quot;Spa\u0163ii verzi \u00eenmiresmate pentru suflete colorate&quot; - Revista Urbea Mea - Revista de Alba<\/title>\n<meta name=\"description\" content=\"Educa\u021bie ecologic\u0103 \u0219i un spa\u021biu verde reamenajat special pentru 120 de pre\u0219colari\u00a0de la Gr\u0103dini\u0163a cu Program Prelungit nr.3 Sebe\u0219 printr-un proiect comun\" \/>\n<meta name=\"robots\" content=\"index, follow, max-snippet:-1, max-image-preview:large, max-video-preview:-1\" \/>\n<link rel=\"canonical\" href=\"https:\/\/urbeamea.ro\/albaiulia\/primaria-sebes-gradinita-cu-program-prelungit-nr-3-din-sebes-va-avea-spatii-verzi-inmiresmate-pentru-suflete-colorate\/\" \/>\n<meta name=\"twitter:card\" content=\"summary_large_image\" \/>\n<meta name=\"twitter:title\" content=\"Prim\u0103ria Sebe\u015f: Gr\u0103dini\u0163a cu program prelungit nr.3 din Sebe\u015f va avea &quot;Spa\u0163ii verzi \u00eenmiresmate pentru suflete colorate&quot; - Revista Urbea Mea - Revista de Alba\" \/>\n<meta name=\"twitter:description\" content=\"Educa\u021bie ecologic\u0103 \u0219i un spa\u021biu verde reamenajat special pentru 120 de pre\u0219colari\u00a0de la Gr\u0103dini\u0163a cu Program Prelungit nr.3 Sebe\u0219 printr-un proiect comun\" \/>\n<meta name=\"twitter:image\" content=\"https:\/\/urbeamea.ro\/albaiulia\/wp-content\/uploads\/2018\/08\/foto.png\" \/>\n<meta name=\"twitter:creator\" content=\"@urbeameaweb\" \/>\n<meta name=\"twitter:site\" content=\"@urbeameaweb\" \/>\n<script type=\"application\/ld+json\" class=\"yoast-schema-graph\">{\"@context\":\"https:\\\/\\\/schema.org\",\"@graph\":[{\"@type\":\"Article\",\"@id\":\"https:\\\/\\\/urbeamea.ro\\\/albaiulia\\\/primaria-sebes-gradinita-cu-program-prelungit-nr-3-din-sebes-va-avea-spatii-verzi-inmiresmate-pentru-suflete-colorate\\\/#article\",\"isPartOf\":{\"@id\":\"https:\\\/\\\/urbeamea.ro\\\/albaiulia\\\/primaria-sebes-gradinita-cu-program-prelungit-nr-3-din-sebes-va-avea-spatii-verzi-inmiresmate-pentru-suflete-colorate\\\/\"},\"author\":{\"name\":\"Cristina Ganga\",\"@id\":\"https:\\\/\\\/urbeamea.ro\\\/albaiulia\\\/#\\\/schema\\\/person\\\/9700d21fae21c4f038b0b56f4506264a\"},\"headline\":\"Prim\u0103ria Sebe\u015f: Gr\u0103dini\u0163a cu program prelungit nr.3 din Sebe\u015f va avea &#8222;Spa\u0163ii verzi \u00eenmiresmate pentru suflete colorate&#8221;\",\"datePublished\":\"2018-08-21T11:30:21+00:00\",\"mainEntityOfPage\":{\"@id\":\"https:\\\/\\\/urbeamea.ro\\\/albaiulia\\\/primaria-sebes-gradinita-cu-program-prelungit-nr-3-din-sebes-va-avea-spatii-verzi-inmiresmate-pentru-suflete-colorate\\\/\"},\"wordCount\":611,\"commentCount\":0,\"image\":{\"@id\":\"https:\\\/\\\/urbeamea.ro\\\/albaiulia\\\/primaria-sebes-gradinita-cu-program-prelungit-nr-3-din-sebes-va-avea-spatii-verzi-inmiresmate-pentru-suflete-colorate\\\/#primaryimage\"},\"thumbnailUrl\":\"https:\\\/\\\/urbeamea.ro\\\/albaiulia\\\/wp-content\\\/uploads\\\/2018\\\/08\\\/foto.png\",\"keywords\":[\"alba\",\"asociatia inventis\",\"educatie ecologica\",\"gradinita cu program prelungit nr 3\",\"prescolari\",\"primaria sebes\",\"proiect\",\"sebes\",\"spatiu verde reamenajat special\",\"stiri\",\"Urbea Mea\"],\"articleSection\":[\"Social\"],\"inLanguage\":\"ro-RO\",\"potentialAction\":[{\"@type\":\"CommentAction\",\"name\":\"Comment\",\"target\":[\"https:\\\/\\\/urbeamea.ro\\\/albaiulia\\\/primaria-sebes-gradinita-cu-program-prelungit-nr-3-din-sebes-va-avea-spatii-verzi-inmiresmate-pentru-suflete-colorate\\\/#respond\"]}]},{\"@type\":\"WebPage\",\"@id\":\"https:\\\/\\\/urbeamea.ro\\\/albaiulia\\\/primaria-sebes-gradinita-cu-program-prelungit-nr-3-din-sebes-va-avea-spatii-verzi-inmiresmate-pentru-suflete-colorate\\\/\",\"url\":\"https:\\\/\\\/urbeamea.ro\\\/albaiulia\\\/primaria-sebes-gradinita-cu-program-prelungit-nr-3-din-sebes-va-avea-spatii-verzi-inmiresmate-pentru-suflete-colorate\\\/\",\"name\":\"Prim\u0103ria Sebe\u015f: Gr\u0103dini\u0163a cu program prelungit nr.3 din Sebe\u015f va avea \\\"Spa\u0163ii verzi \u00eenmiresmate pentru suflete colorate\\\" - Revista Urbea Mea - Revista de Alba\",\"isPartOf\":{\"@id\":\"https:\\\/\\\/urbeamea.ro\\\/albaiulia\\\/#website\"},\"primaryImageOfPage\":{\"@id\":\"https:\\\/\\\/urbeamea.ro\\\/albaiulia\\\/primaria-sebes-gradinita-cu-program-prelungit-nr-3-din-sebes-va-avea-spatii-verzi-inmiresmate-pentru-suflete-colorate\\\/#primaryimage\"},\"image\":{\"@id\":\"https:\\\/\\\/urbeamea.ro\\\/albaiulia\\\/primaria-sebes-gradinita-cu-program-prelungit-nr-3-din-sebes-va-avea-spatii-verzi-inmiresmate-pentru-suflete-colorate\\\/#primaryimage\"},\"thumbnailUrl\":\"https:\\\/\\\/urbeamea.ro\\\/albaiulia\\\/wp-content\\\/uploads\\\/2018\\\/08\\\/foto.png\",\"datePublished\":\"2018-08-21T11:30:21+00:00\",\"author\":{\"@id\":\"https:\\\/\\\/urbeamea.ro\\\/albaiulia\\\/#\\\/schema\\\/person\\\/9700d21fae21c4f038b0b56f4506264a\"},\"description\":\"Educa\u021bie ecologic\u0103 \u0219i un spa\u021biu verde reamenajat special pentru 120 de pre\u0219colari\u00a0de la Gr\u0103dini\u0163a cu Program Prelungit nr.3 Sebe\u0219 printr-un proiect comun\",\"breadcrumb\":{\"@id\":\"https:\\\/\\\/urbeamea.ro\\\/albaiulia\\\/primaria-sebes-gradinita-cu-program-prelungit-nr-3-din-sebes-va-avea-spatii-verzi-inmiresmate-pentru-suflete-colorate\\\/#breadcrumb\"},\"inLanguage\":\"ro-RO\",\"potentialAction\":[{\"@type\":\"ReadAction\",\"target\":[\"https:\\\/\\\/urbeamea.ro\\\/albaiulia\\\/primaria-sebes-gradinita-cu-program-prelungit-nr-3-din-sebes-va-avea-spatii-verzi-inmiresmate-pentru-suflete-colorate\\\/\"]}]},{\"@type\":\"ImageObject\",\"inLanguage\":\"ro-RO\",\"@id\":\"https:\\\/\\\/urbeamea.ro\\\/albaiulia\\\/primaria-sebes-gradinita-cu-program-prelungit-nr-3-din-sebes-va-avea-spatii-verzi-inmiresmate-pentru-suflete-colorate\\\/#primaryimage\",\"url\":\"https:\\\/\\\/urbeamea.ro\\\/albaiulia\\\/wp-content\\\/uploads\\\/2018\\\/08\\\/foto.png\",\"contentUrl\":\"https:\\\/\\\/urbeamea.ro\\\/albaiulia\\\/wp-content\\\/uploads\\\/2018\\\/08\\\/foto.png\",\"width\":784,\"height\":295},{\"@type\":\"BreadcrumbList\",\"@id\":\"https:\\\/\\\/urbeamea.ro\\\/albaiulia\\\/primaria-sebes-gradinita-cu-program-prelungit-nr-3-din-sebes-va-avea-spatii-verzi-inmiresmate-pentru-suflete-colorate\\\/#breadcrumb\",\"itemListElement\":[{\"@type\":\"ListItem\",\"position\":1,\"name\":\"Prima pagin\u0103\",\"item\":\"https:\\\/\\\/urbeamea.ro\\\/albaiulia\\\/\"},{\"@type\":\"ListItem\",\"position\":2,\"name\":\"Prim\u0103ria Sebe\u015f: Gr\u0103dini\u0163a cu program prelungit nr.3 din Sebe\u015f va avea &#8222;Spa\u0163ii verzi \u00eenmiresmate pentru suflete colorate&#8221;\"}]},{\"@type\":\"WebSite\",\"@id\":\"https:\\\/\\\/urbeamea.ro\\\/albaiulia\\\/#website\",\"url\":\"https:\\\/\\\/urbeamea.ro\\\/albaiulia\\\/\",\"name\":\"Revista Urbea Mea, Stiri urbane\",\"description\":\"Evenimente \u0219i \u0219tiri din Alba Iulia, Sebe\u0219, Aiud, Blaj\",\"potentialAction\":[{\"@type\":\"SearchAction\",\"target\":{\"@type\":\"EntryPoint\",\"urlTemplate\":\"https:\\\/\\\/urbeamea.ro\\\/albaiulia\\\/?s={search_term_string}\"},\"query-input\":{\"@type\":\"PropertyValueSpecification\",\"valueRequired\":true,\"valueName\":\"search_term_string\"}}],\"inLanguage\":\"ro-RO\"},{\"@type\":\"Person\",\"@id\":\"https:\\\/\\\/urbeamea.ro\\\/albaiulia\\\/#\\\/schema\\\/person\\\/9700d21fae21c4f038b0b56f4506264a\",\"name\":\"Cristina Ganga\",\"image\":{\"@type\":\"ImageObject\",\"inLanguage\":\"ro-RO\",\"@id\":\"https:\\\/\\\/secure.gravatar.com\\\/avatar\\\/5a67661041f057b4a8ccaf26f5a8e86e2689372006d01faf3dd9eeb10b654bb4?s=96&d=mm&r=g\",\"url\":\"https:\\\/\\\/secure.gravatar.com\\\/avatar\\\/5a67661041f057b4a8ccaf26f5a8e86e2689372006d01faf3dd9eeb10b654bb4?s=96&d=mm&r=g\",\"contentUrl\":\"https:\\\/\\\/secure.gravatar.com\\\/avatar\\\/5a67661041f057b4a8ccaf26f5a8e86e2689372006d01faf3dd9eeb10b654bb4?s=96&d=mm&r=g\",\"caption\":\"Cristina Ganga\"},\"description\":\"Jurnalist\",\"sameAs\":[\"https:\\\/\\\/www.facebook.com\\\/cristina.nicola.587\"],\"url\":\"https:\\\/\\\/urbeamea.ro\\\/albaiulia\\\/author\\\/cristina-nicola\\\/\"}]}<\/script>\n<!-- \/ Yoast SEO plugin. -->","yoast_head_json":{"title":"Prim\u0103ria Sebe\u015f: Gr\u0103dini\u0163a cu program prelungit nr.3 din Sebe\u015f va avea \"Spa\u0163ii verzi \u00eenmiresmate pentru suflete colorate\" - Revista Urbea Mea - Revista de Alba","description":"Educa\u021bie ecologic\u0103 \u0219i un spa\u021biu verde reamenajat special pentru 120 de pre\u0219colari\u00a0de la Gr\u0103dini\u0163a cu Program Prelungit nr.3 Sebe\u0219 printr-un proiect comun","robots":{"index":"index","follow":"follow","max-snippet":"max-snippet:-1","max-image-preview":"max-image-preview:large","max-video-preview":"max-video-preview:-1"},"canonical":"https:\/\/urbeamea.ro\/albaiulia\/primaria-sebes-gradinita-cu-program-prelungit-nr-3-din-sebes-va-avea-spatii-verzi-inmiresmate-pentru-suflete-colorate\/","twitter_card":"summary_large_image","twitter_title":"Prim\u0103ria Sebe\u015f: Gr\u0103dini\u0163a cu program prelungit nr.3 din Sebe\u015f va avea \"Spa\u0163ii verzi \u00eenmiresmate pentru suflete colorate\" - Revista Urbea Mea - Revista de Alba","twitter_description":"Educa\u021bie ecologic\u0103 \u0219i un spa\u021biu verde reamenajat special pentru 120 de pre\u0219colari\u00a0de la Gr\u0103dini\u0163a cu Program Prelungit nr.3 Sebe\u0219 printr-un proiect comun","twitter_image":"https:\/\/urbeamea.ro\/albaiulia\/wp-content\/uploads\/2018\/08\/foto.png","twitter_creator":"@urbeameaweb","twitter_site":"@urbeameaweb","schema":{"@context":"https:\/\/schema.org","@graph":[{"@type":"Article","@id":"https:\/\/urbeamea.ro\/albaiulia\/primaria-sebes-gradinita-cu-program-prelungit-nr-3-din-sebes-va-avea-spatii-verzi-inmiresmate-pentru-suflete-colorate\/#article","isPartOf":{"@id":"https:\/\/urbeamea.ro\/albaiulia\/primaria-sebes-gradinita-cu-program-prelungit-nr-3-din-sebes-va-avea-spatii-verzi-inmiresmate-pentru-suflete-colorate\/"},"author":{"name":"Cristina Ganga","@id":"https:\/\/urbeamea.ro\/albaiulia\/#\/schema\/person\/9700d21fae21c4f038b0b56f4506264a"},"headline":"Prim\u0103ria Sebe\u015f: Gr\u0103dini\u0163a cu program prelungit nr.3 din Sebe\u015f va avea &#8222;Spa\u0163ii verzi \u00eenmiresmate pentru suflete colorate&#8221;","datePublished":"2018-08-21T11:30:21+00:00","mainEntityOfPage":{"@id":"https:\/\/urbeamea.ro\/albaiulia\/primaria-sebes-gradinita-cu-program-prelungit-nr-3-din-sebes-va-avea-spatii-verzi-inmiresmate-pentru-suflete-colorate\/"},"wordCount":611,"commentCount":0,"image":{"@id":"https:\/\/urbeamea.ro\/albaiulia\/primaria-sebes-gradinita-cu-program-prelungit-nr-3-din-sebes-va-avea-spatii-verzi-inmiresmate-pentru-suflete-colorate\/#primaryimage"},"thumbnailUrl":"https:\/\/urbeamea.ro\/albaiulia\/wp-content\/uploads\/2018\/08\/foto.png","keywords":["alba","asociatia inventis","educatie ecologica","gradinita cu program prelungit nr 3","prescolari","primaria sebes","proiect","sebes","spatiu verde reamenajat special","stiri","Urbea Mea"],"articleSection":["Social"],"inLanguage":"ro-RO","potentialAction":[{"@type":"CommentAction","name":"Comment","target":["https:\/\/urbeamea.ro\/albaiulia\/primaria-sebes-gradinita-cu-program-prelungit-nr-3-din-sebes-va-avea-spatii-verzi-inmiresmate-pentru-suflete-colorate\/#respond"]}]},{"@type":"WebPage","@id":"https:\/\/urbeamea.ro\/albaiulia\/primaria-sebes-gradinita-cu-program-prelungit-nr-3-din-sebes-va-avea-spatii-verzi-inmiresmate-pentru-suflete-colorate\/","url":"https:\/\/urbeamea.ro\/albaiulia\/primaria-sebes-gradinita-cu-program-prelungit-nr-3-din-sebes-va-avea-spatii-verzi-inmiresmate-pentru-suflete-colorate\/","name":"Prim\u0103ria Sebe\u015f: Gr\u0103dini\u0163a cu program prelungit nr.3 din Sebe\u015f va avea \"Spa\u0163ii verzi \u00eenmiresmate pentru suflete colorate\" - Revista Urbea Mea - Revista de Alba","isPartOf":{"@id":"https:\/\/urbeamea.ro\/albaiulia\/#website"},"primaryImageOfPage":{"@id":"https:\/\/urbeamea.ro\/albaiulia\/primaria-sebes-gradinita-cu-program-prelungit-nr-3-din-sebes-va-avea-spatii-verzi-inmiresmate-pentru-suflete-colorate\/#primaryimage"},"image":{"@id":"https:\/\/urbeamea.ro\/albaiulia\/primaria-sebes-gradinita-cu-program-prelungit-nr-3-din-sebes-va-avea-spatii-verzi-inmiresmate-pentru-suflete-colorate\/#primaryimage"},"thumbnailUrl":"https:\/\/urbeamea.ro\/albaiulia\/wp-content\/uploads\/2018\/08\/foto.png","datePublished":"2018-08-21T11:30:21+00:00","author":{"@id":"https:\/\/urbeamea.ro\/albaiulia\/#\/schema\/person\/9700d21fae21c4f038b0b56f4506264a"},"description":"Educa\u021bie ecologic\u0103 \u0219i un spa\u021biu verde reamenajat special pentru 120 de pre\u0219colari\u00a0de la Gr\u0103dini\u0163a cu Program Prelungit nr.3 Sebe\u0219 printr-un proiect comun","breadcrumb":{"@id":"https:\/\/urbeamea.ro\/albaiulia\/primaria-sebes-gradinita-cu-program-prelungit-nr-3-din-sebes-va-avea-spatii-verzi-inmiresmate-pentru-suflete-colorate\/#breadcrumb"},"inLanguage":"ro-RO","potentialAction":[{"@type":"ReadAction","target":["https:\/\/urbeamea.ro\/albaiulia\/primaria-sebes-gradinita-cu-program-prelungit-nr-3-din-sebes-va-avea-spatii-verzi-inmiresmate-pentru-suflete-colorate\/"]}]},{"@type":"ImageObject","inLanguage":"ro-RO","@id":"https:\/\/urbeamea.ro\/albaiulia\/primaria-sebes-gradinita-cu-program-prelungit-nr-3-din-sebes-va-avea-spatii-verzi-inmiresmate-pentru-suflete-colorate\/#primaryimage","url":"https:\/\/urbeamea.ro\/albaiulia\/wp-content\/uploads\/2018\/08\/foto.png","contentUrl":"https:\/\/urbeamea.ro\/albaiulia\/wp-content\/uploads\/2018\/08\/foto.png","width":784,"height":295},{"@type":"BreadcrumbList","@id":"https:\/\/urbeamea.ro\/albaiulia\/primaria-sebes-gradinita-cu-program-prelungit-nr-3-din-sebes-va-avea-spatii-verzi-inmiresmate-pentru-suflete-colorate\/#breadcrumb","itemListElement":[{"@type":"ListItem","position":1,"name":"Prima pagin\u0103","item":"https:\/\/urbeamea.ro\/albaiulia\/"},{"@type":"ListItem","position":2,"name":"Prim\u0103ria Sebe\u015f: Gr\u0103dini\u0163a cu program prelungit nr.3 din Sebe\u015f va avea &#8222;Spa\u0163ii verzi \u00eenmiresmate pentru suflete colorate&#8221;"}]},{"@type":"WebSite","@id":"https:\/\/urbeamea.ro\/albaiulia\/#website","url":"https:\/\/urbeamea.ro\/albaiulia\/","name":"Revista Urbea Mea, Stiri urbane","description":"Evenimente \u0219i \u0219tiri din Alba Iulia, Sebe\u0219, Aiud, Blaj","potentialAction":[{"@type":"SearchAction","target":{"@type":"EntryPoint","urlTemplate":"https:\/\/urbeamea.ro\/albaiulia\/?s={search_term_string}"},"query-input":{"@type":"PropertyValueSpecification","valueRequired":true,"valueName":"search_term_string"}}],"inLanguage":"ro-RO"},{"@type":"Person","@id":"https:\/\/urbeamea.ro\/albaiulia\/#\/schema\/person\/9700d21fae21c4f038b0b56f4506264a","name":"Cristina Ganga","image":{"@type":"ImageObject","inLanguage":"ro-RO","@id":"https:\/\/secure.gravatar.com\/avatar\/5a67661041f057b4a8ccaf26f5a8e86e2689372006d01faf3dd9eeb10b654bb4?s=96&d=mm&r=g","url":"https:\/\/secure.gravatar.com\/avatar\/5a67661041f057b4a8ccaf26f5a8e86e2689372006d01faf3dd9eeb10b654bb4?s=96&d=mm&r=g","contentUrl":"https:\/\/secure.gravatar.com\/avatar\/5a67661041f057b4a8ccaf26f5a8e86e2689372006d01faf3dd9eeb10b654bb4?s=96&d=mm&r=g","caption":"Cristina Ganga"},"description":"Jurnalist","sameAs":["https:\/\/www.facebook.com\/cristina.nicola.587"],"url":"https:\/\/urbeamea.ro\/albaiulia\/author\/cristina-nicola\/"}]}},"_links":{"self":[{"href":"https:\/\/urbeamea.ro\/albaiulia\/wp-json\/wp\/v2\/posts\/66567","targetHints":{"allow":["GET"]}}],"collection":[{"href":"https:\/\/urbeamea.ro\/albaiulia\/wp-json\/wp\/v2\/posts"}],"about":[{"href":"https:\/\/urbeamea.ro\/albaiulia\/wp-json\/wp\/v2\/types\/post"}],"author":[{"embeddable":true,"href":"https:\/\/urbeamea.ro\/albaiulia\/wp-json\/wp\/v2\/users\/17"}],"replies":[{"embeddable":true,"href":"https:\/\/urbeamea.ro\/albaiulia\/wp-json\/wp\/v2\/comments?post=66567"}],"version-history":[{"count":0,"href":"https:\/\/urbeamea.ro\/albaiulia\/wp-json\/wp\/v2\/posts\/66567\/revisions"}],"wp:featuredmedia":[{"embeddable":true,"href":"https:\/\/urbeamea.ro\/albaiulia\/wp-json\/wp\/v2\/media\/66568"}],"wp:attachment":[{"href":"https:\/\/urbeamea.ro\/albaiulia\/wp-json\/wp\/v2\/media?parent=66567"}],"wp:term":[{"taxonomy":"category","embeddable":true,"href":"https:\/\/urbeamea.ro\/albaiulia\/wp-json\/wp\/v2\/categories?post=66567"},{"taxonomy":"post_tag","embeddable":true,"href":"https:\/\/urbeamea.ro\/albaiulia\/wp-json\/wp\/v2\/tags?post=66567"}],"curies":[{"name":"wp","href":"https:\/\/api.w.org\/{rel}","templated":true}]}}