{"id":66807,"date":"2018-09-09T12:25:55","date_gmt":"2018-09-09T09:25:55","guid":{"rendered":"https:\/\/urbeamea.ro\/albaiulia\/?p=66807"},"modified":"2018-09-09T12:25:55","modified_gmt":"2018-09-09T09:25:55","slug":"dsp-alba-79-de-unitati-de-invatamant-din-alba-in-care-invata-circa-2-din-numarul-elevilor-si-prescolarilor-sunt-neautorizate-sanitar-la-inceputul-anului-scolar-2018-2019","status":"publish","type":"post","link":"https:\/\/urbeamea.ro\/albaiulia\/dsp-alba-79-de-unitati-de-invatamant-din-alba-in-care-invata-circa-2-din-numarul-elevilor-si-prescolarilor-sunt-neautorizate-sanitar-la-inceputul-anului-scolar-2018-2019\/","title":{"rendered":"DSP Alba: 79 de unit\u0103\u021bi de \u00eenv\u0103\u021b\u0103m\u00e2nt din Alba, \u00een care \u00eenva\u021b\u0103 circa 2% din num\u0103rul elevilor \u0219i pre\u0219colarilor, sunt neautorizate sanitar la \u00eenceputul anului \u0219colar 2018-2019"},"content":{"rendered":"<p class=\"ydpa5cd50c4MsoNormal\"><b>La \u00eenceputul anului \u0219colar 2018-2019, un num\u0103r de 79 de unit\u0103\u021bi de \u00eenv\u0103\u021b\u0103m\u00e2nt din jude\u021bul Alba, \u00een care \u00eenva\u021b\u0103 circa 2% din num\u0103rul total al elevilor \u0219i pre\u0219colarilor, au r\u0103mas neautorizate din punct de vedere sanitar.<\/b><\/p>\n<p class=\"ydpa5cd50c4MsoNormal\">Astfel, la \u00eenceputul anului \u0219colar 2018-2019, circa 1.000 de elevi \u0219i pre\u0219colari, dintr-un total de circa 50.000, \u00eenva\u021b\u0103 \u00een \u0219coli f\u0103r\u0103 autoriza\u021bie sanitar\u0103 de func\u021bionare.<\/p>\n<p class=\"ydpa5cd50c4MsoNormal\">Deficien\u021be pentru care nu au primit autoriza\u021bie sanitar\u0103 de func\u021bionare: lipsa apei curente \u0219i a grupurilor sanitare cu apa curenta (grupuri sanitare necorespunz\u0103toare)<span lang=\"EN-US\">;<\/span>lipsa grupurilor sanitare proprii<span lang=\"EN-US\">;\u00a0<\/span>cur\u021bi neamenajate \u0219i ne\u00eemprejmuite corespunz\u0103tor<span lang=\"EN-US\">;<\/span>\u00a0pavimente, pardoseli, interioare \u0219i cl\u0103diri degradate; iluminarea artificial\u0103 a claselor; igieniz\u0103ri necorespunz\u0103toare \u0219i func\u021bionarea \u00een spa\u021bii comune a unit\u0103\u021bilor de \u00eenv\u0103\u021b\u0103m\u00e2nt diferite (de exemplu, \u0219coal\u0103 gimnazial\u0103 \u0219i gr\u0103dini\u021b\u0103 f\u0103r\u0103 circuite separate).<\/p>\n<p class=\"ydpa5cd50c4MsoNormal\">Din totalul de 501 unit\u0103\u021bi de \u00eenv\u0103\u021b\u0103m\u00e2nt, plus o \u0219coal\u0103 postliceal\u0103, un club sportiv \u0219colar \u0219i \u0219ase palate ale copiilor, au autoriza\u021bie sanitar\u0103 de func\u021bionare (ASF) 427 unit\u0103\u021bi de \u00eenv\u0103\u021b\u0103m\u00e2nt, plus un palat al copiilor, plus un club sportiv \u0219colar, plus o \u0219coal\u0103 postliceal\u0103:<\/p>\n<p class=\"ydpa5cd50c4MsoNormal\"><strong>Situa\u021bia \u00een jude\u021bul Alba:<\/strong><\/p>\n<p class=\"ydpa5cd50c4MsoNormal\">Licee, colegii = 34, toate cu ASF<\/p>\n<p class=\"ydpa5cd50c4MsoNormal\">Gr\u0103dini\u021be = 238 din care 204 cu ASF<\/p>\n<p class=\"ydpa5cd50c4MsoNormal\">Scoli primare \u0219i gimnaziale = 229 din care 189 cu ASF<\/p>\n<p class=\"ydpa5cd50c4MsoNormal\">Scoal\u0103 Postliceala Sanitara = 1 din care 1 cu ASF<\/p>\n<p class=\"ydpa5cd50c4MsoNormal\">Club Sportiv \u0218colar = 1 din care 1 cu ASF<\/p>\n<p class=\"ydpa5cd50c4MsoNormal\">Palate \u0219i cluburi elevi = 6 din care 1 cu ASF<\/p>\n<p class=\"ydpa5cd50c4MsoNormal\">\u0218colile \u0219i gr\u0103dini\u021bele care nu de\u021bin autoriza\u021bie sanitar\u0103 de func\u021bionare se afl\u0103 \u00een mediul rural.<\/p>\n<p class=\"ydpa5cd50c4MsoNormal\">De asemenea, preciz\u0103m c\u0103 un num\u0103r de 32 de unit\u0103\u021bi de \u00eenv\u0103\u021b\u0103m\u00e2nt, dintre care 16 neautorizate sanitar, sunt f\u0103r\u0103 plan de \u0219colarizare \u00een anul \u0219colar 2018-2019, ceea ce \u00eenseamn\u0103 c\u0103 nu \u00eencep \u0219coala \u00een 10 septembrie (\u00een principial din cauza num\u0103rului mic de elevi<span lang=\"EN-US\">;\u00a0<\/span>dar nu sunt desfiin\u021bate \u2013 pot \u00eencepe anul viitor).<\/p>\n<div>\n<p class=\"ydpa5cd50c4MsoNormal\">Responsabilitatea autoriz\u0103rii sanitare a \u0219colilor cade \u00een sarcina prim\u0103riilor.<\/p>\n<div>\n<p class=\"ydpa5cd50c4MsoNormal\"><em>Biroul de pres\u0103 al DSP Alba<\/em><\/p>\n<\/div>\n<\/div>\n","protected":false},"excerpt":{"rendered":"<p>La \u00eenceputul anului \u0219colar 2018-2019, un num\u0103r de 79 de unit\u0103\u021bi de \u00eenv\u0103\u021b\u0103m\u00e2nt din jude\u021bul Alba, \u00een care \u00eenva\u021b\u0103 circa 2% din num\u0103rul total al elevilor \u0219i pre\u0219colarilor, au r\u0103mas neautorizate din punct de vedere sanitar. Astfel, la \u00eenceputul anului \u0219colar 2018-2019, circa 1.000 de elevi \u0219i pre\u0219colari, dintr-un total de circa 50.000, \u00eenva\u021b\u0103 \u00een &hellip;<\/p>\n","protected":false},"author":17,"featured_media":21844,"comment_status":"open","ping_status":"open","sticky":false,"template":"","format":"standard","meta":{"inline_featured_image":false,"footnotes":""},"categories":[255],"tags":[2111,16085,16086,308,2311,76],"class_list":["post-66807","post","type-post","status-publish","format-standard","has-post-thumbnail","hentry","category-sanatate","tag-dsp-alba","tag-inceputul-anului-scolar-2018-2019","tag-neautorizate-din-punct-de-vedere-sanitar","tag-stiri","tag-unitati-de-invatamant","tag-urbea-mea"],"yoast_head":"<!-- This site is optimized with the Yoast SEO plugin v28.3 - https:\/\/yoast.com\/product\/yoast-seo-wordpress\/ -->\n<title>DSP Alba: 79 de unit\u0103\u021bi de \u00eenv\u0103\u021b\u0103m\u00e2nt din Alba, \u00een care \u00eenva\u021b\u0103 circa 2% din num\u0103rul elevilor \u0219i pre\u0219colarilor, sunt neautorizate sanitar la \u00eenceputul anului \u0219colar 2018-2019 - Revista Urbea Mea - Revista de Alba<\/title>\n<meta name=\"description\" content=\"La \u00eenceputul anului \u0219colar 2018-2019, un num\u0103r de 79 de unit\u0103\u021bi de \u00eenv\u0103\u021b\u0103m\u00e2nt din jude\u021bul Alba, \u00een care \u00eenva\u021b\u0103 circa 2% din num\u0103rul total al elevilor \u0219i\" \/>\n<meta name=\"robots\" content=\"index, follow, max-snippet:-1, max-image-preview:large, max-video-preview:-1\" \/>\n<link rel=\"canonical\" href=\"https:\/\/urbeamea.ro\/albaiulia\/dsp-alba-79-de-unitati-de-invatamant-din-alba-in-care-invata-circa-2-din-numarul-elevilor-si-prescolarilor-sunt-neautorizate-sanitar-la-inceputul-anului-scolar-2018-2019\/\" \/>\n<meta name=\"twitter:card\" content=\"summary_large_image\" \/>\n<meta name=\"twitter:title\" content=\"DSP Alba: 79 de unit\u0103\u021bi de \u00eenv\u0103\u021b\u0103m\u00e2nt din Alba, \u00een care \u00eenva\u021b\u0103 circa 2% din num\u0103rul elevilor \u0219i pre\u0219colarilor, sunt neautorizate sanitar la \u00eenceputul anului \u0219colar 2018-2019 - Revista Urbea Mea - Revista de Alba\" \/>\n<meta name=\"twitter:description\" content=\"La \u00eenceputul anului \u0219colar 2018-2019, un num\u0103r de 79 de unit\u0103\u021bi de \u00eenv\u0103\u021b\u0103m\u00e2nt din jude\u021bul Alba, \u00een care \u00eenva\u021b\u0103 circa 2% din num\u0103rul total al elevilor \u0219i\" \/>\n<meta name=\"twitter:image\" content=\"https:\/\/urbeamea.ro\/albaiulia\/wp-content\/uploads\/2016\/04\/dsp-alba.jpg\" \/>\n<meta name=\"twitter:creator\" content=\"@urbeameaweb\" \/>\n<meta name=\"twitter:site\" content=\"@urbeameaweb\" \/>\n<script type=\"application\/ld+json\" class=\"yoast-schema-graph\">{\"@context\":\"https:\\\/\\\/schema.org\",\"@graph\":[{\"@type\":\"Article\",\"@id\":\"https:\\\/\\\/urbeamea.ro\\\/albaiulia\\\/dsp-alba-79-de-unitati-de-invatamant-din-alba-in-care-invata-circa-2-din-numarul-elevilor-si-prescolarilor-sunt-neautorizate-sanitar-la-inceputul-anului-scolar-2018-2019\\\/#article\",\"isPartOf\":{\"@id\":\"https:\\\/\\\/urbeamea.ro\\\/albaiulia\\\/dsp-alba-79-de-unitati-de-invatamant-din-alba-in-care-invata-circa-2-din-numarul-elevilor-si-prescolarilor-sunt-neautorizate-sanitar-la-inceputul-anului-scolar-2018-2019\\\/\"},\"author\":{\"name\":\"Cristina Ganga\",\"@id\":\"https:\\\/\\\/urbeamea.ro\\\/albaiulia\\\/#\\\/schema\\\/person\\\/9700d21fae21c4f038b0b56f4506264a\"},\"headline\":\"DSP Alba: 79 de unit\u0103\u021bi de \u00eenv\u0103\u021b\u0103m\u00e2nt din Alba, \u00een care \u00eenva\u021b\u0103 circa 2% din num\u0103rul elevilor \u0219i pre\u0219colarilor, sunt neautorizate sanitar la \u00eenceputul anului \u0219colar 2018-2019\",\"datePublished\":\"2018-09-09T09:25:55+00:00\",\"mainEntityOfPage\":{\"@id\":\"https:\\\/\\\/urbeamea.ro\\\/albaiulia\\\/dsp-alba-79-de-unitati-de-invatamant-din-alba-in-care-invata-circa-2-din-numarul-elevilor-si-prescolarilor-sunt-neautorizate-sanitar-la-inceputul-anului-scolar-2018-2019\\\/\"},\"wordCount\":371,\"commentCount\":0,\"image\":{\"@id\":\"https:\\\/\\\/urbeamea.ro\\\/albaiulia\\\/dsp-alba-79-de-unitati-de-invatamant-din-alba-in-care-invata-circa-2-din-numarul-elevilor-si-prescolarilor-sunt-neautorizate-sanitar-la-inceputul-anului-scolar-2018-2019\\\/#primaryimage\"},\"thumbnailUrl\":\"https:\\\/\\\/urbeamea.ro\\\/albaiulia\\\/wp-content\\\/uploads\\\/2016\\\/04\\\/dsp-alba.jpg\",\"keywords\":[\"DSP Alba\",\"inceputul anului scolar 2018-2019\",\"neautorizate din punct de vedere sanitar\",\"stiri\",\"unitati de invatamant\",\"Urbea Mea\"],\"articleSection\":[\"S\u0103n\u0103tate\"],\"inLanguage\":\"ro-RO\",\"potentialAction\":[{\"@type\":\"CommentAction\",\"name\":\"Comment\",\"target\":[\"https:\\\/\\\/urbeamea.ro\\\/albaiulia\\\/dsp-alba-79-de-unitati-de-invatamant-din-alba-in-care-invata-circa-2-din-numarul-elevilor-si-prescolarilor-sunt-neautorizate-sanitar-la-inceputul-anului-scolar-2018-2019\\\/#respond\"]}]},{\"@type\":\"WebPage\",\"@id\":\"https:\\\/\\\/urbeamea.ro\\\/albaiulia\\\/dsp-alba-79-de-unitati-de-invatamant-din-alba-in-care-invata-circa-2-din-numarul-elevilor-si-prescolarilor-sunt-neautorizate-sanitar-la-inceputul-anului-scolar-2018-2019\\\/\",\"url\":\"https:\\\/\\\/urbeamea.ro\\\/albaiulia\\\/dsp-alba-79-de-unitati-de-invatamant-din-alba-in-care-invata-circa-2-din-numarul-elevilor-si-prescolarilor-sunt-neautorizate-sanitar-la-inceputul-anului-scolar-2018-2019\\\/\",\"name\":\"DSP Alba: 79 de unit\u0103\u021bi de \u00eenv\u0103\u021b\u0103m\u00e2nt din Alba, \u00een care \u00eenva\u021b\u0103 circa 2% din num\u0103rul elevilor \u0219i pre\u0219colarilor, sunt neautorizate sanitar la \u00eenceputul anului \u0219colar 2018-2019 - Revista Urbea Mea - Revista de Alba\",\"isPartOf\":{\"@id\":\"https:\\\/\\\/urbeamea.ro\\\/albaiulia\\\/#website\"},\"primaryImageOfPage\":{\"@id\":\"https:\\\/\\\/urbeamea.ro\\\/albaiulia\\\/dsp-alba-79-de-unitati-de-invatamant-din-alba-in-care-invata-circa-2-din-numarul-elevilor-si-prescolarilor-sunt-neautorizate-sanitar-la-inceputul-anului-scolar-2018-2019\\\/#primaryimage\"},\"image\":{\"@id\":\"https:\\\/\\\/urbeamea.ro\\\/albaiulia\\\/dsp-alba-79-de-unitati-de-invatamant-din-alba-in-care-invata-circa-2-din-numarul-elevilor-si-prescolarilor-sunt-neautorizate-sanitar-la-inceputul-anului-scolar-2018-2019\\\/#primaryimage\"},\"thumbnailUrl\":\"https:\\\/\\\/urbeamea.ro\\\/albaiulia\\\/wp-content\\\/uploads\\\/2016\\\/04\\\/dsp-alba.jpg\",\"datePublished\":\"2018-09-09T09:25:55+00:00\",\"author\":{\"@id\":\"https:\\\/\\\/urbeamea.ro\\\/albaiulia\\\/#\\\/schema\\\/person\\\/9700d21fae21c4f038b0b56f4506264a\"},\"description\":\"La \u00eenceputul anului \u0219colar 2018-2019, un num\u0103r de 79 de unit\u0103\u021bi de \u00eenv\u0103\u021b\u0103m\u00e2nt din jude\u021bul Alba, \u00een care \u00eenva\u021b\u0103 circa 2% din num\u0103rul total al elevilor \u0219i\",\"breadcrumb\":{\"@id\":\"https:\\\/\\\/urbeamea.ro\\\/albaiulia\\\/dsp-alba-79-de-unitati-de-invatamant-din-alba-in-care-invata-circa-2-din-numarul-elevilor-si-prescolarilor-sunt-neautorizate-sanitar-la-inceputul-anului-scolar-2018-2019\\\/#breadcrumb\"},\"inLanguage\":\"ro-RO\",\"potentialAction\":[{\"@type\":\"ReadAction\",\"target\":[\"https:\\\/\\\/urbeamea.ro\\\/albaiulia\\\/dsp-alba-79-de-unitati-de-invatamant-din-alba-in-care-invata-circa-2-din-numarul-elevilor-si-prescolarilor-sunt-neautorizate-sanitar-la-inceputul-anului-scolar-2018-2019\\\/\"]}]},{\"@type\":\"ImageObject\",\"inLanguage\":\"ro-RO\",\"@id\":\"https:\\\/\\\/urbeamea.ro\\\/albaiulia\\\/dsp-alba-79-de-unitati-de-invatamant-din-alba-in-care-invata-circa-2-din-numarul-elevilor-si-prescolarilor-sunt-neautorizate-sanitar-la-inceputul-anului-scolar-2018-2019\\\/#primaryimage\",\"url\":\"https:\\\/\\\/urbeamea.ro\\\/albaiulia\\\/wp-content\\\/uploads\\\/2016\\\/04\\\/dsp-alba.jpg\",\"contentUrl\":\"https:\\\/\\\/urbeamea.ro\\\/albaiulia\\\/wp-content\\\/uploads\\\/2016\\\/04\\\/dsp-alba.jpg\",\"width\":640,\"height\":531},{\"@type\":\"BreadcrumbList\",\"@id\":\"https:\\\/\\\/urbeamea.ro\\\/albaiulia\\\/dsp-alba-79-de-unitati-de-invatamant-din-alba-in-care-invata-circa-2-din-numarul-elevilor-si-prescolarilor-sunt-neautorizate-sanitar-la-inceputul-anului-scolar-2018-2019\\\/#breadcrumb\",\"itemListElement\":[{\"@type\":\"ListItem\",\"position\":1,\"name\":\"Prima pagin\u0103\",\"item\":\"https:\\\/\\\/urbeamea.ro\\\/albaiulia\\\/\"},{\"@type\":\"ListItem\",\"position\":2,\"name\":\"DSP Alba: 79 de unit\u0103\u021bi de \u00eenv\u0103\u021b\u0103m\u00e2nt din Alba, \u00een care \u00eenva\u021b\u0103 circa 2% din num\u0103rul elevilor \u0219i pre\u0219colarilor, sunt neautorizate sanitar la \u00eenceputul anului \u0219colar 2018-2019\"}]},{\"@type\":\"WebSite\",\"@id\":\"https:\\\/\\\/urbeamea.ro\\\/albaiulia\\\/#website\",\"url\":\"https:\\\/\\\/urbeamea.ro\\\/albaiulia\\\/\",\"name\":\"Revista Urbea Mea, Stiri urbane\",\"description\":\"Evenimente \u0219i \u0219tiri din Alba Iulia, Sebe\u0219, Aiud, Blaj\",\"potentialAction\":[{\"@type\":\"SearchAction\",\"target\":{\"@type\":\"EntryPoint\",\"urlTemplate\":\"https:\\\/\\\/urbeamea.ro\\\/albaiulia\\\/?s={search_term_string}\"},\"query-input\":{\"@type\":\"PropertyValueSpecification\",\"valueRequired\":true,\"valueName\":\"search_term_string\"}}],\"inLanguage\":\"ro-RO\"},{\"@type\":\"Person\",\"@id\":\"https:\\\/\\\/urbeamea.ro\\\/albaiulia\\\/#\\\/schema\\\/person\\\/9700d21fae21c4f038b0b56f4506264a\",\"name\":\"Cristina Ganga\",\"image\":{\"@type\":\"ImageObject\",\"inLanguage\":\"ro-RO\",\"@id\":\"https:\\\/\\\/secure.gravatar.com\\\/avatar\\\/5a67661041f057b4a8ccaf26f5a8e86e2689372006d01faf3dd9eeb10b654bb4?s=96&d=mm&r=g\",\"url\":\"https:\\\/\\\/secure.gravatar.com\\\/avatar\\\/5a67661041f057b4a8ccaf26f5a8e86e2689372006d01faf3dd9eeb10b654bb4?s=96&d=mm&r=g\",\"contentUrl\":\"https:\\\/\\\/secure.gravatar.com\\\/avatar\\\/5a67661041f057b4a8ccaf26f5a8e86e2689372006d01faf3dd9eeb10b654bb4?s=96&d=mm&r=g\",\"caption\":\"Cristina Ganga\"},\"description\":\"Jurnalist\",\"sameAs\":[\"https:\\\/\\\/www.facebook.com\\\/cristina.nicola.587\"],\"url\":\"https:\\\/\\\/urbeamea.ro\\\/albaiulia\\\/author\\\/cristina-nicola\\\/\"}]}<\/script>\n<!-- \/ Yoast SEO plugin. -->","yoast_head_json":{"title":"DSP Alba: 79 de unit\u0103\u021bi de \u00eenv\u0103\u021b\u0103m\u00e2nt din Alba, \u00een care \u00eenva\u021b\u0103 circa 2% din num\u0103rul elevilor \u0219i pre\u0219colarilor, sunt neautorizate sanitar la \u00eenceputul anului \u0219colar 2018-2019 - Revista Urbea Mea - Revista de Alba","description":"La \u00eenceputul anului \u0219colar 2018-2019, un num\u0103r de 79 de unit\u0103\u021bi de \u00eenv\u0103\u021b\u0103m\u00e2nt din jude\u021bul Alba, \u00een care \u00eenva\u021b\u0103 circa 2% din num\u0103rul total al elevilor \u0219i","robots":{"index":"index","follow":"follow","max-snippet":"max-snippet:-1","max-image-preview":"max-image-preview:large","max-video-preview":"max-video-preview:-1"},"canonical":"https:\/\/urbeamea.ro\/albaiulia\/dsp-alba-79-de-unitati-de-invatamant-din-alba-in-care-invata-circa-2-din-numarul-elevilor-si-prescolarilor-sunt-neautorizate-sanitar-la-inceputul-anului-scolar-2018-2019\/","twitter_card":"summary_large_image","twitter_title":"DSP Alba: 79 de unit\u0103\u021bi de \u00eenv\u0103\u021b\u0103m\u00e2nt din Alba, \u00een care \u00eenva\u021b\u0103 circa 2% din num\u0103rul elevilor \u0219i pre\u0219colarilor, sunt neautorizate sanitar la \u00eenceputul anului \u0219colar 2018-2019 - Revista Urbea Mea - Revista de Alba","twitter_description":"La \u00eenceputul anului \u0219colar 2018-2019, un num\u0103r de 79 de unit\u0103\u021bi de \u00eenv\u0103\u021b\u0103m\u00e2nt din jude\u021bul Alba, \u00een care \u00eenva\u021b\u0103 circa 2% din num\u0103rul total al elevilor \u0219i","twitter_image":"https:\/\/urbeamea.ro\/albaiulia\/wp-content\/uploads\/2016\/04\/dsp-alba.jpg","twitter_creator":"@urbeameaweb","twitter_site":"@urbeameaweb","schema":{"@context":"https:\/\/schema.org","@graph":[{"@type":"Article","@id":"https:\/\/urbeamea.ro\/albaiulia\/dsp-alba-79-de-unitati-de-invatamant-din-alba-in-care-invata-circa-2-din-numarul-elevilor-si-prescolarilor-sunt-neautorizate-sanitar-la-inceputul-anului-scolar-2018-2019\/#article","isPartOf":{"@id":"https:\/\/urbeamea.ro\/albaiulia\/dsp-alba-79-de-unitati-de-invatamant-din-alba-in-care-invata-circa-2-din-numarul-elevilor-si-prescolarilor-sunt-neautorizate-sanitar-la-inceputul-anului-scolar-2018-2019\/"},"author":{"name":"Cristina Ganga","@id":"https:\/\/urbeamea.ro\/albaiulia\/#\/schema\/person\/9700d21fae21c4f038b0b56f4506264a"},"headline":"DSP Alba: 79 de unit\u0103\u021bi de \u00eenv\u0103\u021b\u0103m\u00e2nt din Alba, \u00een care \u00eenva\u021b\u0103 circa 2% din num\u0103rul elevilor \u0219i pre\u0219colarilor, sunt neautorizate sanitar la \u00eenceputul anului \u0219colar 2018-2019","datePublished":"2018-09-09T09:25:55+00:00","mainEntityOfPage":{"@id":"https:\/\/urbeamea.ro\/albaiulia\/dsp-alba-79-de-unitati-de-invatamant-din-alba-in-care-invata-circa-2-din-numarul-elevilor-si-prescolarilor-sunt-neautorizate-sanitar-la-inceputul-anului-scolar-2018-2019\/"},"wordCount":371,"commentCount":0,"image":{"@id":"https:\/\/urbeamea.ro\/albaiulia\/dsp-alba-79-de-unitati-de-invatamant-din-alba-in-care-invata-circa-2-din-numarul-elevilor-si-prescolarilor-sunt-neautorizate-sanitar-la-inceputul-anului-scolar-2018-2019\/#primaryimage"},"thumbnailUrl":"https:\/\/urbeamea.ro\/albaiulia\/wp-content\/uploads\/2016\/04\/dsp-alba.jpg","keywords":["DSP Alba","inceputul anului scolar 2018-2019","neautorizate din punct de vedere sanitar","stiri","unitati de invatamant","Urbea Mea"],"articleSection":["S\u0103n\u0103tate"],"inLanguage":"ro-RO","potentialAction":[{"@type":"CommentAction","name":"Comment","target":["https:\/\/urbeamea.ro\/albaiulia\/dsp-alba-79-de-unitati-de-invatamant-din-alba-in-care-invata-circa-2-din-numarul-elevilor-si-prescolarilor-sunt-neautorizate-sanitar-la-inceputul-anului-scolar-2018-2019\/#respond"]}]},{"@type":"WebPage","@id":"https:\/\/urbeamea.ro\/albaiulia\/dsp-alba-79-de-unitati-de-invatamant-din-alba-in-care-invata-circa-2-din-numarul-elevilor-si-prescolarilor-sunt-neautorizate-sanitar-la-inceputul-anului-scolar-2018-2019\/","url":"https:\/\/urbeamea.ro\/albaiulia\/dsp-alba-79-de-unitati-de-invatamant-din-alba-in-care-invata-circa-2-din-numarul-elevilor-si-prescolarilor-sunt-neautorizate-sanitar-la-inceputul-anului-scolar-2018-2019\/","name":"DSP Alba: 79 de unit\u0103\u021bi de \u00eenv\u0103\u021b\u0103m\u00e2nt din Alba, \u00een care \u00eenva\u021b\u0103 circa 2% din num\u0103rul elevilor \u0219i pre\u0219colarilor, sunt neautorizate sanitar la \u00eenceputul anului \u0219colar 2018-2019 - Revista Urbea Mea - Revista de Alba","isPartOf":{"@id":"https:\/\/urbeamea.ro\/albaiulia\/#website"},"primaryImageOfPage":{"@id":"https:\/\/urbeamea.ro\/albaiulia\/dsp-alba-79-de-unitati-de-invatamant-din-alba-in-care-invata-circa-2-din-numarul-elevilor-si-prescolarilor-sunt-neautorizate-sanitar-la-inceputul-anului-scolar-2018-2019\/#primaryimage"},"image":{"@id":"https:\/\/urbeamea.ro\/albaiulia\/dsp-alba-79-de-unitati-de-invatamant-din-alba-in-care-invata-circa-2-din-numarul-elevilor-si-prescolarilor-sunt-neautorizate-sanitar-la-inceputul-anului-scolar-2018-2019\/#primaryimage"},"thumbnailUrl":"https:\/\/urbeamea.ro\/albaiulia\/wp-content\/uploads\/2016\/04\/dsp-alba.jpg","datePublished":"2018-09-09T09:25:55+00:00","author":{"@id":"https:\/\/urbeamea.ro\/albaiulia\/#\/schema\/person\/9700d21fae21c4f038b0b56f4506264a"},"description":"La \u00eenceputul anului \u0219colar 2018-2019, un num\u0103r de 79 de unit\u0103\u021bi de \u00eenv\u0103\u021b\u0103m\u00e2nt din jude\u021bul Alba, \u00een care \u00eenva\u021b\u0103 circa 2% din num\u0103rul total al elevilor \u0219i","breadcrumb":{"@id":"https:\/\/urbeamea.ro\/albaiulia\/dsp-alba-79-de-unitati-de-invatamant-din-alba-in-care-invata-circa-2-din-numarul-elevilor-si-prescolarilor-sunt-neautorizate-sanitar-la-inceputul-anului-scolar-2018-2019\/#breadcrumb"},"inLanguage":"ro-RO","potentialAction":[{"@type":"ReadAction","target":["https:\/\/urbeamea.ro\/albaiulia\/dsp-alba-79-de-unitati-de-invatamant-din-alba-in-care-invata-circa-2-din-numarul-elevilor-si-prescolarilor-sunt-neautorizate-sanitar-la-inceputul-anului-scolar-2018-2019\/"]}]},{"@type":"ImageObject","inLanguage":"ro-RO","@id":"https:\/\/urbeamea.ro\/albaiulia\/dsp-alba-79-de-unitati-de-invatamant-din-alba-in-care-invata-circa-2-din-numarul-elevilor-si-prescolarilor-sunt-neautorizate-sanitar-la-inceputul-anului-scolar-2018-2019\/#primaryimage","url":"https:\/\/urbeamea.ro\/albaiulia\/wp-content\/uploads\/2016\/04\/dsp-alba.jpg","contentUrl":"https:\/\/urbeamea.ro\/albaiulia\/wp-content\/uploads\/2016\/04\/dsp-alba.jpg","width":640,"height":531},{"@type":"BreadcrumbList","@id":"https:\/\/urbeamea.ro\/albaiulia\/dsp-alba-79-de-unitati-de-invatamant-din-alba-in-care-invata-circa-2-din-numarul-elevilor-si-prescolarilor-sunt-neautorizate-sanitar-la-inceputul-anului-scolar-2018-2019\/#breadcrumb","itemListElement":[{"@type":"ListItem","position":1,"name":"Prima pagin\u0103","item":"https:\/\/urbeamea.ro\/albaiulia\/"},{"@type":"ListItem","position":2,"name":"DSP Alba: 79 de unit\u0103\u021bi de \u00eenv\u0103\u021b\u0103m\u00e2nt din Alba, \u00een care \u00eenva\u021b\u0103 circa 2% din num\u0103rul elevilor \u0219i pre\u0219colarilor, sunt neautorizate sanitar la \u00eenceputul anului \u0219colar 2018-2019"}]},{"@type":"WebSite","@id":"https:\/\/urbeamea.ro\/albaiulia\/#website","url":"https:\/\/urbeamea.ro\/albaiulia\/","name":"Revista Urbea Mea, Stiri urbane","description":"Evenimente \u0219i \u0219tiri din Alba Iulia, Sebe\u0219, Aiud, Blaj","potentialAction":[{"@type":"SearchAction","target":{"@type":"EntryPoint","urlTemplate":"https:\/\/urbeamea.ro\/albaiulia\/?s={search_term_string}"},"query-input":{"@type":"PropertyValueSpecification","valueRequired":true,"valueName":"search_term_string"}}],"inLanguage":"ro-RO"},{"@type":"Person","@id":"https:\/\/urbeamea.ro\/albaiulia\/#\/schema\/person\/9700d21fae21c4f038b0b56f4506264a","name":"Cristina Ganga","image":{"@type":"ImageObject","inLanguage":"ro-RO","@id":"https:\/\/secure.gravatar.com\/avatar\/5a67661041f057b4a8ccaf26f5a8e86e2689372006d01faf3dd9eeb10b654bb4?s=96&d=mm&r=g","url":"https:\/\/secure.gravatar.com\/avatar\/5a67661041f057b4a8ccaf26f5a8e86e2689372006d01faf3dd9eeb10b654bb4?s=96&d=mm&r=g","contentUrl":"https:\/\/secure.gravatar.com\/avatar\/5a67661041f057b4a8ccaf26f5a8e86e2689372006d01faf3dd9eeb10b654bb4?s=96&d=mm&r=g","caption":"Cristina Ganga"},"description":"Jurnalist","sameAs":["https:\/\/www.facebook.com\/cristina.nicola.587"],"url":"https:\/\/urbeamea.ro\/albaiulia\/author\/cristina-nicola\/"}]}},"_links":{"self":[{"href":"https:\/\/urbeamea.ro\/albaiulia\/wp-json\/wp\/v2\/posts\/66807","targetHints":{"allow":["GET"]}}],"collection":[{"href":"https:\/\/urbeamea.ro\/albaiulia\/wp-json\/wp\/v2\/posts"}],"about":[{"href":"https:\/\/urbeamea.ro\/albaiulia\/wp-json\/wp\/v2\/types\/post"}],"author":[{"embeddable":true,"href":"https:\/\/urbeamea.ro\/albaiulia\/wp-json\/wp\/v2\/users\/17"}],"replies":[{"embeddable":true,"href":"https:\/\/urbeamea.ro\/albaiulia\/wp-json\/wp\/v2\/comments?post=66807"}],"version-history":[{"count":0,"href":"https:\/\/urbeamea.ro\/albaiulia\/wp-json\/wp\/v2\/posts\/66807\/revisions"}],"wp:featuredmedia":[{"embeddable":true,"href":"https:\/\/urbeamea.ro\/albaiulia\/wp-json\/wp\/v2\/media\/21844"}],"wp:attachment":[{"href":"https:\/\/urbeamea.ro\/albaiulia\/wp-json\/wp\/v2\/media?parent=66807"}],"wp:term":[{"taxonomy":"category","embeddable":true,"href":"https:\/\/urbeamea.ro\/albaiulia\/wp-json\/wp\/v2\/categories?post=66807"},{"taxonomy":"post_tag","embeddable":true,"href":"https:\/\/urbeamea.ro\/albaiulia\/wp-json\/wp\/v2\/tags?post=66807"}],"curies":[{"name":"wp","href":"https:\/\/api.w.org\/{rel}","templated":true}]}}