{"id":66816,"date":"2018-09-09T12:56:23","date_gmt":"2018-09-09T09:56:23","guid":{"rendered":"https:\/\/urbeamea.ro\/albaiulia\/?p=66816"},"modified":"2018-09-09T12:56:23","modified_gmt":"2018-09-09T09:56:23","slug":"video-antinia-simion-interpretare-de-exceptie-la-vocea-romaniei-va-merge-mai-departe-in-echipa-irinei-rimes","status":"publish","type":"post","link":"https:\/\/urbeamea.ro\/albaiulia\/video-antinia-simion-interpretare-de-exceptie-la-vocea-romaniei-va-merge-mai-departe-in-echipa-irinei-rimes\/","title":{"rendered":"VIDEO: Antinia Simion, interpretare de excep\u0163ie la Vocea Rom\u00e2niei. Va merge mai departe \u00een echipa Irinei Rimes"},"content":{"rendered":"<p><strong>Antinia Simion, o t\u00e2n\u0103r\u0103 talentat\u0103 de 20 ani din Alba Iulia a f\u0103cut senza\u0163ie la audi\u0163iile pe nev\u0103zute de la Vocea Rom\u00e2niei. Aflat\u0103 pentru prima dat\u0103 la acest concurs, albaiulianca a reu\u0219it s\u0103 \u00eentoarc\u0103 dou\u0103 scaune ale jura\u0163ilor jura\u021bilor \u0219i a ales s\u0103 mearg\u0103 mai departe \u00een echipa Irinei Rimes.<\/strong><\/p>\n<p><span class=\"_5yl5\">Dup\u0103 ce \u00een anul 2017, Antinia a participat \u015fi la X Factor \u015fi a reu\u015fit s\u0103 ajung\u0103 p\u00e2n\u0103 \u00een semifinale, frumoasa albaiulianc\u0103 se face remarcat\u0103 \u015fi apreciat\u0103 \u015fi la Vocea Rom\u00e2niei. Antinia Simion a absolvit\u00a0<\/span>Colegiul Na\u021bional Horea Clo\u0219ca \u0219i Cri\u0219an, iar acum este student\u0103 \u201dStomatologie\u201d la Facultatea de Medicin\u0103 din Oradea.<\/p>\n<blockquote><p><span id=\"fbPhotoSnowliftCaption\" class=\"fbPhotosPhotoCaption\" tabindex=\"0\" aria-live=\"polite\" data-ft=\"{&quot;tn&quot;:&quot;K&quot;}\"><span class=\"hasCaption\">\u201dIn seara aceasta de la 20:00 ne intalnim la ProTv. Urati-mi succes!<span class=\"_5mfr _47e3\"><img loading=\"lazy\" decoding=\"async\" class=\"img\" role=\"presentation\" src=\"https:\/\/static.xx.fbcdn.net\/images\/emoji.php\/v9\/f1e\/1\/16\/270c_1f3fd.png\" alt=\"\" width=\"16\" height=\"16\" \/><span class=\"_7oe\">\u270c\u201d- a scris Antinia pe Facebook.<\/span><\/span><\/span><\/span><\/p><\/blockquote>\n<p>Astfel c\u0103, la audi\u0163iile pe nev\u0103zute, Antinia a interpretat\u00a0piesa \u201eEx\u2019s &amp; Oh\u2019s\u201d a Ellei King \u015fi a \u00eentors\u00a0dou\u0103 scaune la audi\u021biile pe nev\u0103zute. Irina Rimes a fost prima care a ap\u0103sat butonul ro\u0219u al scaunului , iar mai apoi Andra. \u00cen cele din urm\u0103 a ales s\u0103 fac\u0103 parte din echipa Irinei Rimes.<\/p>\n<p>sursa video: RoMovie<\/p>\n<p>https:\/\/www.youtube.com\/watch?v=NNMAvrMj5Lo<\/p>\n","protected":false},"excerpt":{"rendered":"<p>Antinia Simion, o t\u00e2n\u0103r\u0103 talentat\u0103 de 20 ani din Alba Iulia a f\u0103cut senza\u0163ie la audi\u0163iile pe nev\u0103zute de la Vocea Rom\u00e2niei. Aflat\u0103 pentru prima dat\u0103 la acest concurs, albaiulianca a reu\u0219it s\u0103 \u00eentoarc\u0103 dou\u0103 scaune ale jura\u0163ilor jura\u021bilor \u0219i a ales s\u0103 mearg\u0103 mai departe \u00een echipa Irinei Rimes. Dup\u0103 ce \u00een anul 2017, &hellip;<\/p>\n","protected":false},"author":17,"featured_media":66817,"comment_status":"open","ping_status":"open","sticky":false,"template":"","format":"standard","meta":{"inline_featured_image":false,"footnotes":""},"categories":[2036],"tags":[31,7594,643,16089,1969,11004,308,76,2050],"class_list":["post-66816","post","type-post","status-publish","format-standard","has-post-thumbnail","hentry","category-monden","tag-alba-iulia","tag-andra","tag-antinia-simion","tag-auditii-pe-nevazute","tag-echipa","tag-irina-rimes","tag-stiri","tag-urbea-mea","tag-vocea-romaniei"],"yoast_head":"<!-- This site is optimized with the Yoast SEO plugin v28.3 - https:\/\/yoast.com\/product\/yoast-seo-wordpress\/ -->\n<title>VIDEO: Antinia Simion, interpretare de excep\u0163ie la Vocea Rom\u00e2niei. Va merge mai departe \u00een echipa Irinei Rimes - Revista Urbea Mea - Revista de Alba<\/title>\n<meta name=\"description\" content=\"Antinia Simion, o t\u00e2n\u0103r\u0103 talentat\u0103 de 20 ani din Alba Iulia a f\u0103cut senza\u0163ie la audi\u0163iile pe nev\u0103zute de la Vocea Rom\u00e2niei. Aflat\u0103 pentru prima dat\u0103 la\" \/>\n<meta name=\"robots\" content=\"index, follow, max-snippet:-1, max-image-preview:large, max-video-preview:-1\" \/>\n<link rel=\"canonical\" href=\"https:\/\/urbeamea.ro\/albaiulia\/video-antinia-simion-interpretare-de-exceptie-la-vocea-romaniei-va-merge-mai-departe-in-echipa-irinei-rimes\/\" \/>\n<meta name=\"twitter:card\" content=\"summary_large_image\" \/>\n<meta name=\"twitter:title\" content=\"VIDEO: Antinia Simion, interpretare de excep\u0163ie la Vocea Rom\u00e2niei. Va merge mai departe \u00een echipa Irinei Rimes - Revista Urbea Mea - Revista de Alba\" \/>\n<meta name=\"twitter:description\" content=\"Antinia Simion, o t\u00e2n\u0103r\u0103 talentat\u0103 de 20 ani din Alba Iulia a f\u0103cut senza\u0163ie la audi\u0163iile pe nev\u0103zute de la Vocea Rom\u00e2niei. Aflat\u0103 pentru prima dat\u0103 la\" \/>\n<meta name=\"twitter:image\" content=\"https:\/\/urbeamea.ro\/albaiulia\/wp-content\/uploads\/2018\/09\/41286809_1847030785374813_3522468993468203008_n.jpg\" \/>\n<meta name=\"twitter:creator\" content=\"@urbeameaweb\" \/>\n<meta name=\"twitter:site\" content=\"@urbeameaweb\" \/>\n<script type=\"application\/ld+json\" class=\"yoast-schema-graph\">{\"@context\":\"https:\\\/\\\/schema.org\",\"@graph\":[{\"@type\":\"Article\",\"@id\":\"https:\\\/\\\/urbeamea.ro\\\/albaiulia\\\/video-antinia-simion-interpretare-de-exceptie-la-vocea-romaniei-va-merge-mai-departe-in-echipa-irinei-rimes\\\/#article\",\"isPartOf\":{\"@id\":\"https:\\\/\\\/urbeamea.ro\\\/albaiulia\\\/video-antinia-simion-interpretare-de-exceptie-la-vocea-romaniei-va-merge-mai-departe-in-echipa-irinei-rimes\\\/\"},\"author\":{\"name\":\"Cristina Ganga\",\"@id\":\"https:\\\/\\\/urbeamea.ro\\\/albaiulia\\\/#\\\/schema\\\/person\\\/9700d21fae21c4f038b0b56f4506264a\"},\"headline\":\"VIDEO: Antinia Simion, interpretare de excep\u0163ie la Vocea Rom\u00e2niei. Va merge mai departe \u00een echipa Irinei Rimes\",\"datePublished\":\"2018-09-09T09:56:23+00:00\",\"mainEntityOfPage\":{\"@id\":\"https:\\\/\\\/urbeamea.ro\\\/albaiulia\\\/video-antinia-simion-interpretare-de-exceptie-la-vocea-romaniei-va-merge-mai-departe-in-echipa-irinei-rimes\\\/\"},\"wordCount\":225,\"commentCount\":0,\"image\":{\"@id\":\"https:\\\/\\\/urbeamea.ro\\\/albaiulia\\\/video-antinia-simion-interpretare-de-exceptie-la-vocea-romaniei-va-merge-mai-departe-in-echipa-irinei-rimes\\\/#primaryimage\"},\"thumbnailUrl\":\"https:\\\/\\\/urbeamea.ro\\\/albaiulia\\\/wp-content\\\/uploads\\\/2018\\\/09\\\/41286809_1847030785374813_3522468993468203008_n.jpg\",\"keywords\":[\"Alba Iulia\",\"andra\",\"antinia simion\",\"auditii pe nevazute\",\"echipa\",\"Irina Rimes\",\"stiri\",\"Urbea Mea\",\"vocea romaniei\"],\"articleSection\":[\"Monden\"],\"inLanguage\":\"ro-RO\",\"potentialAction\":[{\"@type\":\"CommentAction\",\"name\":\"Comment\",\"target\":[\"https:\\\/\\\/urbeamea.ro\\\/albaiulia\\\/video-antinia-simion-interpretare-de-exceptie-la-vocea-romaniei-va-merge-mai-departe-in-echipa-irinei-rimes\\\/#respond\"]}]},{\"@type\":\"WebPage\",\"@id\":\"https:\\\/\\\/urbeamea.ro\\\/albaiulia\\\/video-antinia-simion-interpretare-de-exceptie-la-vocea-romaniei-va-merge-mai-departe-in-echipa-irinei-rimes\\\/\",\"url\":\"https:\\\/\\\/urbeamea.ro\\\/albaiulia\\\/video-antinia-simion-interpretare-de-exceptie-la-vocea-romaniei-va-merge-mai-departe-in-echipa-irinei-rimes\\\/\",\"name\":\"VIDEO: Antinia Simion, interpretare de excep\u0163ie la Vocea Rom\u00e2niei. Va merge mai departe \u00een echipa Irinei Rimes - Revista Urbea Mea - Revista de Alba\",\"isPartOf\":{\"@id\":\"https:\\\/\\\/urbeamea.ro\\\/albaiulia\\\/#website\"},\"primaryImageOfPage\":{\"@id\":\"https:\\\/\\\/urbeamea.ro\\\/albaiulia\\\/video-antinia-simion-interpretare-de-exceptie-la-vocea-romaniei-va-merge-mai-departe-in-echipa-irinei-rimes\\\/#primaryimage\"},\"image\":{\"@id\":\"https:\\\/\\\/urbeamea.ro\\\/albaiulia\\\/video-antinia-simion-interpretare-de-exceptie-la-vocea-romaniei-va-merge-mai-departe-in-echipa-irinei-rimes\\\/#primaryimage\"},\"thumbnailUrl\":\"https:\\\/\\\/urbeamea.ro\\\/albaiulia\\\/wp-content\\\/uploads\\\/2018\\\/09\\\/41286809_1847030785374813_3522468993468203008_n.jpg\",\"datePublished\":\"2018-09-09T09:56:23+00:00\",\"author\":{\"@id\":\"https:\\\/\\\/urbeamea.ro\\\/albaiulia\\\/#\\\/schema\\\/person\\\/9700d21fae21c4f038b0b56f4506264a\"},\"description\":\"Antinia Simion, o t\u00e2n\u0103r\u0103 talentat\u0103 de 20 ani din Alba Iulia a f\u0103cut senza\u0163ie la audi\u0163iile pe nev\u0103zute de la Vocea Rom\u00e2niei. Aflat\u0103 pentru prima dat\u0103 la\",\"breadcrumb\":{\"@id\":\"https:\\\/\\\/urbeamea.ro\\\/albaiulia\\\/video-antinia-simion-interpretare-de-exceptie-la-vocea-romaniei-va-merge-mai-departe-in-echipa-irinei-rimes\\\/#breadcrumb\"},\"inLanguage\":\"ro-RO\",\"potentialAction\":[{\"@type\":\"ReadAction\",\"target\":[\"https:\\\/\\\/urbeamea.ro\\\/albaiulia\\\/video-antinia-simion-interpretare-de-exceptie-la-vocea-romaniei-va-merge-mai-departe-in-echipa-irinei-rimes\\\/\"]}]},{\"@type\":\"ImageObject\",\"inLanguage\":\"ro-RO\",\"@id\":\"https:\\\/\\\/urbeamea.ro\\\/albaiulia\\\/video-antinia-simion-interpretare-de-exceptie-la-vocea-romaniei-va-merge-mai-departe-in-echipa-irinei-rimes\\\/#primaryimage\",\"url\":\"https:\\\/\\\/urbeamea.ro\\\/albaiulia\\\/wp-content\\\/uploads\\\/2018\\\/09\\\/41286809_1847030785374813_3522468993468203008_n.jpg\",\"contentUrl\":\"https:\\\/\\\/urbeamea.ro\\\/albaiulia\\\/wp-content\\\/uploads\\\/2018\\\/09\\\/41286809_1847030785374813_3522468993468203008_n.jpg\",\"width\":960,\"height\":540},{\"@type\":\"BreadcrumbList\",\"@id\":\"https:\\\/\\\/urbeamea.ro\\\/albaiulia\\\/video-antinia-simion-interpretare-de-exceptie-la-vocea-romaniei-va-merge-mai-departe-in-echipa-irinei-rimes\\\/#breadcrumb\",\"itemListElement\":[{\"@type\":\"ListItem\",\"position\":1,\"name\":\"Prima pagin\u0103\",\"item\":\"https:\\\/\\\/urbeamea.ro\\\/albaiulia\\\/\"},{\"@type\":\"ListItem\",\"position\":2,\"name\":\"VIDEO: Antinia Simion, interpretare de excep\u0163ie la Vocea Rom\u00e2niei. Va merge mai departe \u00een echipa Irinei Rimes\"}]},{\"@type\":\"WebSite\",\"@id\":\"https:\\\/\\\/urbeamea.ro\\\/albaiulia\\\/#website\",\"url\":\"https:\\\/\\\/urbeamea.ro\\\/albaiulia\\\/\",\"name\":\"Revista Urbea Mea, Stiri urbane\",\"description\":\"Evenimente \u0219i \u0219tiri din Alba Iulia, Sebe\u0219, Aiud, Blaj\",\"potentialAction\":[{\"@type\":\"SearchAction\",\"target\":{\"@type\":\"EntryPoint\",\"urlTemplate\":\"https:\\\/\\\/urbeamea.ro\\\/albaiulia\\\/?s={search_term_string}\"},\"query-input\":{\"@type\":\"PropertyValueSpecification\",\"valueRequired\":true,\"valueName\":\"search_term_string\"}}],\"inLanguage\":\"ro-RO\"},{\"@type\":\"Person\",\"@id\":\"https:\\\/\\\/urbeamea.ro\\\/albaiulia\\\/#\\\/schema\\\/person\\\/9700d21fae21c4f038b0b56f4506264a\",\"name\":\"Cristina Ganga\",\"image\":{\"@type\":\"ImageObject\",\"inLanguage\":\"ro-RO\",\"@id\":\"https:\\\/\\\/secure.gravatar.com\\\/avatar\\\/5a67661041f057b4a8ccaf26f5a8e86e2689372006d01faf3dd9eeb10b654bb4?s=96&d=mm&r=g\",\"url\":\"https:\\\/\\\/secure.gravatar.com\\\/avatar\\\/5a67661041f057b4a8ccaf26f5a8e86e2689372006d01faf3dd9eeb10b654bb4?s=96&d=mm&r=g\",\"contentUrl\":\"https:\\\/\\\/secure.gravatar.com\\\/avatar\\\/5a67661041f057b4a8ccaf26f5a8e86e2689372006d01faf3dd9eeb10b654bb4?s=96&d=mm&r=g\",\"caption\":\"Cristina Ganga\"},\"description\":\"Jurnalist\",\"sameAs\":[\"https:\\\/\\\/www.facebook.com\\\/cristina.nicola.587\"],\"url\":\"https:\\\/\\\/urbeamea.ro\\\/albaiulia\\\/author\\\/cristina-nicola\\\/\"}]}<\/script>\n<!-- \/ Yoast SEO plugin. -->","yoast_head_json":{"title":"VIDEO: Antinia Simion, interpretare de excep\u0163ie la Vocea Rom\u00e2niei. Va merge mai departe \u00een echipa Irinei Rimes - Revista Urbea Mea - Revista de Alba","description":"Antinia Simion, o t\u00e2n\u0103r\u0103 talentat\u0103 de 20 ani din Alba Iulia a f\u0103cut senza\u0163ie la audi\u0163iile pe nev\u0103zute de la Vocea Rom\u00e2niei. Aflat\u0103 pentru prima dat\u0103 la","robots":{"index":"index","follow":"follow","max-snippet":"max-snippet:-1","max-image-preview":"max-image-preview:large","max-video-preview":"max-video-preview:-1"},"canonical":"https:\/\/urbeamea.ro\/albaiulia\/video-antinia-simion-interpretare-de-exceptie-la-vocea-romaniei-va-merge-mai-departe-in-echipa-irinei-rimes\/","twitter_card":"summary_large_image","twitter_title":"VIDEO: Antinia Simion, interpretare de excep\u0163ie la Vocea Rom\u00e2niei. Va merge mai departe \u00een echipa Irinei Rimes - Revista Urbea Mea - Revista de Alba","twitter_description":"Antinia Simion, o t\u00e2n\u0103r\u0103 talentat\u0103 de 20 ani din Alba Iulia a f\u0103cut senza\u0163ie la audi\u0163iile pe nev\u0103zute de la Vocea Rom\u00e2niei. Aflat\u0103 pentru prima dat\u0103 la","twitter_image":"https:\/\/urbeamea.ro\/albaiulia\/wp-content\/uploads\/2018\/09\/41286809_1847030785374813_3522468993468203008_n.jpg","twitter_creator":"@urbeameaweb","twitter_site":"@urbeameaweb","schema":{"@context":"https:\/\/schema.org","@graph":[{"@type":"Article","@id":"https:\/\/urbeamea.ro\/albaiulia\/video-antinia-simion-interpretare-de-exceptie-la-vocea-romaniei-va-merge-mai-departe-in-echipa-irinei-rimes\/#article","isPartOf":{"@id":"https:\/\/urbeamea.ro\/albaiulia\/video-antinia-simion-interpretare-de-exceptie-la-vocea-romaniei-va-merge-mai-departe-in-echipa-irinei-rimes\/"},"author":{"name":"Cristina Ganga","@id":"https:\/\/urbeamea.ro\/albaiulia\/#\/schema\/person\/9700d21fae21c4f038b0b56f4506264a"},"headline":"VIDEO: Antinia Simion, interpretare de excep\u0163ie la Vocea Rom\u00e2niei. Va merge mai departe \u00een echipa Irinei Rimes","datePublished":"2018-09-09T09:56:23+00:00","mainEntityOfPage":{"@id":"https:\/\/urbeamea.ro\/albaiulia\/video-antinia-simion-interpretare-de-exceptie-la-vocea-romaniei-va-merge-mai-departe-in-echipa-irinei-rimes\/"},"wordCount":225,"commentCount":0,"image":{"@id":"https:\/\/urbeamea.ro\/albaiulia\/video-antinia-simion-interpretare-de-exceptie-la-vocea-romaniei-va-merge-mai-departe-in-echipa-irinei-rimes\/#primaryimage"},"thumbnailUrl":"https:\/\/urbeamea.ro\/albaiulia\/wp-content\/uploads\/2018\/09\/41286809_1847030785374813_3522468993468203008_n.jpg","keywords":["Alba Iulia","andra","antinia simion","auditii pe nevazute","echipa","Irina Rimes","stiri","Urbea Mea","vocea romaniei"],"articleSection":["Monden"],"inLanguage":"ro-RO","potentialAction":[{"@type":"CommentAction","name":"Comment","target":["https:\/\/urbeamea.ro\/albaiulia\/video-antinia-simion-interpretare-de-exceptie-la-vocea-romaniei-va-merge-mai-departe-in-echipa-irinei-rimes\/#respond"]}]},{"@type":"WebPage","@id":"https:\/\/urbeamea.ro\/albaiulia\/video-antinia-simion-interpretare-de-exceptie-la-vocea-romaniei-va-merge-mai-departe-in-echipa-irinei-rimes\/","url":"https:\/\/urbeamea.ro\/albaiulia\/video-antinia-simion-interpretare-de-exceptie-la-vocea-romaniei-va-merge-mai-departe-in-echipa-irinei-rimes\/","name":"VIDEO: Antinia Simion, interpretare de excep\u0163ie la Vocea Rom\u00e2niei. Va merge mai departe \u00een echipa Irinei Rimes - Revista Urbea Mea - Revista de Alba","isPartOf":{"@id":"https:\/\/urbeamea.ro\/albaiulia\/#website"},"primaryImageOfPage":{"@id":"https:\/\/urbeamea.ro\/albaiulia\/video-antinia-simion-interpretare-de-exceptie-la-vocea-romaniei-va-merge-mai-departe-in-echipa-irinei-rimes\/#primaryimage"},"image":{"@id":"https:\/\/urbeamea.ro\/albaiulia\/video-antinia-simion-interpretare-de-exceptie-la-vocea-romaniei-va-merge-mai-departe-in-echipa-irinei-rimes\/#primaryimage"},"thumbnailUrl":"https:\/\/urbeamea.ro\/albaiulia\/wp-content\/uploads\/2018\/09\/41286809_1847030785374813_3522468993468203008_n.jpg","datePublished":"2018-09-09T09:56:23+00:00","author":{"@id":"https:\/\/urbeamea.ro\/albaiulia\/#\/schema\/person\/9700d21fae21c4f038b0b56f4506264a"},"description":"Antinia Simion, o t\u00e2n\u0103r\u0103 talentat\u0103 de 20 ani din Alba Iulia a f\u0103cut senza\u0163ie la audi\u0163iile pe nev\u0103zute de la Vocea Rom\u00e2niei. Aflat\u0103 pentru prima dat\u0103 la","breadcrumb":{"@id":"https:\/\/urbeamea.ro\/albaiulia\/video-antinia-simion-interpretare-de-exceptie-la-vocea-romaniei-va-merge-mai-departe-in-echipa-irinei-rimes\/#breadcrumb"},"inLanguage":"ro-RO","potentialAction":[{"@type":"ReadAction","target":["https:\/\/urbeamea.ro\/albaiulia\/video-antinia-simion-interpretare-de-exceptie-la-vocea-romaniei-va-merge-mai-departe-in-echipa-irinei-rimes\/"]}]},{"@type":"ImageObject","inLanguage":"ro-RO","@id":"https:\/\/urbeamea.ro\/albaiulia\/video-antinia-simion-interpretare-de-exceptie-la-vocea-romaniei-va-merge-mai-departe-in-echipa-irinei-rimes\/#primaryimage","url":"https:\/\/urbeamea.ro\/albaiulia\/wp-content\/uploads\/2018\/09\/41286809_1847030785374813_3522468993468203008_n.jpg","contentUrl":"https:\/\/urbeamea.ro\/albaiulia\/wp-content\/uploads\/2018\/09\/41286809_1847030785374813_3522468993468203008_n.jpg","width":960,"height":540},{"@type":"BreadcrumbList","@id":"https:\/\/urbeamea.ro\/albaiulia\/video-antinia-simion-interpretare-de-exceptie-la-vocea-romaniei-va-merge-mai-departe-in-echipa-irinei-rimes\/#breadcrumb","itemListElement":[{"@type":"ListItem","position":1,"name":"Prima pagin\u0103","item":"https:\/\/urbeamea.ro\/albaiulia\/"},{"@type":"ListItem","position":2,"name":"VIDEO: Antinia Simion, interpretare de excep\u0163ie la Vocea Rom\u00e2niei. Va merge mai departe \u00een echipa Irinei Rimes"}]},{"@type":"WebSite","@id":"https:\/\/urbeamea.ro\/albaiulia\/#website","url":"https:\/\/urbeamea.ro\/albaiulia\/","name":"Revista Urbea Mea, Stiri urbane","description":"Evenimente \u0219i \u0219tiri din Alba Iulia, Sebe\u0219, Aiud, Blaj","potentialAction":[{"@type":"SearchAction","target":{"@type":"EntryPoint","urlTemplate":"https:\/\/urbeamea.ro\/albaiulia\/?s={search_term_string}"},"query-input":{"@type":"PropertyValueSpecification","valueRequired":true,"valueName":"search_term_string"}}],"inLanguage":"ro-RO"},{"@type":"Person","@id":"https:\/\/urbeamea.ro\/albaiulia\/#\/schema\/person\/9700d21fae21c4f038b0b56f4506264a","name":"Cristina Ganga","image":{"@type":"ImageObject","inLanguage":"ro-RO","@id":"https:\/\/secure.gravatar.com\/avatar\/5a67661041f057b4a8ccaf26f5a8e86e2689372006d01faf3dd9eeb10b654bb4?s=96&d=mm&r=g","url":"https:\/\/secure.gravatar.com\/avatar\/5a67661041f057b4a8ccaf26f5a8e86e2689372006d01faf3dd9eeb10b654bb4?s=96&d=mm&r=g","contentUrl":"https:\/\/secure.gravatar.com\/avatar\/5a67661041f057b4a8ccaf26f5a8e86e2689372006d01faf3dd9eeb10b654bb4?s=96&d=mm&r=g","caption":"Cristina Ganga"},"description":"Jurnalist","sameAs":["https:\/\/www.facebook.com\/cristina.nicola.587"],"url":"https:\/\/urbeamea.ro\/albaiulia\/author\/cristina-nicola\/"}]}},"_links":{"self":[{"href":"https:\/\/urbeamea.ro\/albaiulia\/wp-json\/wp\/v2\/posts\/66816","targetHints":{"allow":["GET"]}}],"collection":[{"href":"https:\/\/urbeamea.ro\/albaiulia\/wp-json\/wp\/v2\/posts"}],"about":[{"href":"https:\/\/urbeamea.ro\/albaiulia\/wp-json\/wp\/v2\/types\/post"}],"author":[{"embeddable":true,"href":"https:\/\/urbeamea.ro\/albaiulia\/wp-json\/wp\/v2\/users\/17"}],"replies":[{"embeddable":true,"href":"https:\/\/urbeamea.ro\/albaiulia\/wp-json\/wp\/v2\/comments?post=66816"}],"version-history":[{"count":0,"href":"https:\/\/urbeamea.ro\/albaiulia\/wp-json\/wp\/v2\/posts\/66816\/revisions"}],"wp:featuredmedia":[{"embeddable":true,"href":"https:\/\/urbeamea.ro\/albaiulia\/wp-json\/wp\/v2\/media\/66817"}],"wp:attachment":[{"href":"https:\/\/urbeamea.ro\/albaiulia\/wp-json\/wp\/v2\/media?parent=66816"}],"wp:term":[{"taxonomy":"category","embeddable":true,"href":"https:\/\/urbeamea.ro\/albaiulia\/wp-json\/wp\/v2\/categories?post=66816"},{"taxonomy":"post_tag","embeddable":true,"href":"https:\/\/urbeamea.ro\/albaiulia\/wp-json\/wp\/v2\/tags?post=66816"}],"curies":[{"name":"wp","href":"https:\/\/api.w.org\/{rel}","templated":true}]}}