{"id":67224,"date":"2018-09-26T15:40:46","date_gmt":"2018-09-26T12:40:46","guid":{"rendered":"https:\/\/urbeamea.ro\/albaiulia\/?p=67224"},"modified":"2018-09-26T15:44:03","modified_gmt":"2018-09-26T12:44:03","slug":"28-30-septembrie-targul-national-de-turism-rural-albac-statiunea-albac-devine-capitala-turismului-rural-romanesc-program","status":"publish","type":"post","link":"https:\/\/urbeamea.ro\/albaiulia\/28-30-septembrie-targul-national-de-turism-rural-albac-statiunea-albac-devine-capitala-turismului-rural-romanesc-program\/","title":{"rendered":"28-30 septembrie: T\u00e2rgul Na\u0163ional de Turism Rural Albac \u2013 sta\u0163iunea Albac devine capitala turismului rural rom\u00e2nesc. PROGRAM"},"content":{"rendered":"<p><strong>Zonele rurale cu poten\u0163ial turistic din \u00eentreaga \u0163ar\u0103 vor fi prezentate \u00een perioada 28 \u2013 30 septembrie la T\u00e2rgul Na\u0163ional de Turism Rural de la Albac, cel mai important t\u00e2rg de turism rural din Rom\u00e2nia. Ajuns \u00een acest an la cea de-a XIV-a edi\u0163ie, t\u00e2rgul reune\u015fte cererea \u015fi oferta din turismul rural \u00eencerc\u00e2nd s\u0103 promoveze totodat\u0103 \u015fi gastronomia, tradi\u0163iile, me\u015fte\u015fugurile populare \u015fi folclorul rom\u00e2nesc autentic.<\/strong><\/p>\n<p>Sta\u0163iunea turistic\u0103 Albac din Mun\u0163ii Apuseni g\u0103zduie\u015fte vineri, s\u00e2mb\u0103t\u0103 \u015fi duminic\u0103, 28 &#8211; 30 septembrie 2018, T\u00e2rgul Na\u0163ional de Turism Rural \u2013 cel mai important t\u00e2rg de turism rural din Rom\u00e2nia. Evenimentul este cel mai longeviv \u015fi cel mai mare t\u00e2rg de promovare a turismului rural din Rom\u00e2nia, reunind reprezentan\u0163ii din turism la nivel regional \u015fi na\u0163ional: agen\u0163ii de turism, unit\u0103\u0163i de cazare, operatori de servicii turistice, dar \u015fi reprezentan\u0163i ai unor unit\u0103\u021bi administrativ teritoriale cu poten\u0163ial \u00een ceea ce prive\u015fte turismul rural.<\/p>\n<p>T\u00e2rgul Na\u0163ional de Turism Rural de la Albac se bucur\u0103 \u015fi \u00een acest an de o prezen\u0163\u0103 important\u0103 a zonelor rurale cu poten\u021bial din Rom\u00e2nia, c\u00e2t \u0219i a agen\u0163iilor de turism. Astfel, particip\u0103 cu oferte, pe l\u00e2ng\u0103 pensiuni \u015fi administra\u0163iile locale din zone turistice, \u015fi centre de informare turistic\u0103 din Alba, Arad, Bihor, Cluj, Hunedoara \u015fi Suceava. De asemenea, sunt prezente agen\u0163ii de turism din Jude\u0163ele Alba, Cluj, Bac\u0103u, Neam\u021b, Sibiu, Gorj, Mure\u0219, V\u00e2lcea \u015fi Bucure\u0219ti<\/p>\n<p><strong>Vineri,<\/strong> \u00een prima zi a t\u00e2rgului, organizatorii au preg\u0103tit pentru reprezentan\u0163ii agen\u0163iilor de turism participante un info-trip, urm\u00e2nd a fi vizitate obiective \u015fi unit\u0103\u0163i de cazare din zona Cheile Aiudului. \u00cen paralel, la Albac, participan\u0163ii veni\u0163i din \u00eentreaga \u0163ar\u0103 sunt primi\u0163i pentru a-\u015fi amenaja standurile expozi\u021bionale.<\/p>\n<p><strong>S\u00e2mb\u0103t\u0103 &#8211;<\/strong> Edi\u0163ia din acest an a T\u00e2rgului Na\u0163ional de Turism Rural va fi deschis\u0103 oficial, la ora 10,00, \u00a0cu un ceremonial religios urmat de arborarea Drapelului Rom\u00e2niei, moment solemn la care va lua parte Fanfara Jude\u021bului Alba \u0219i Tulnic\u0103resele din Mun\u021bii Apuseni. Participan\u0163ii sunt invita\u0163i s\u0103 viziteze apoi standurile expozi\u021bionale, oferta zonelor turistice prezente la t\u00e2rg, dar \u015fi ateliere de me\u015fte\u015fuguri tradi\u021bionale. \u00cen acest an sunt prezen\u0163i me\u015fteri tradi\u021bionali din Alba, Cluj, Mure\u0219, Arad, Sibiu, V\u00e2lcea, Suceava, Boto\u0219ani, Bucure\u0219ti \u015fi Hunedoara.<\/p>\n<p>La Centrul de Informare Turistic\u0103 din Albac va avea loc vernisajul expozi\u0163iei de art\u0103 fotografic\u0103 denumit\u0103 \u201eTimp str\u0103vechi\u201d cu instantanee realizate de clasa de arte vizuale a Centrului de Cultur\u0103 \u201eAugustin Bena\u201d coordonat\u0103 de Vasile S\u00e2rb. Reprezentan\u0163ii agen\u0163iilor de turism vor fi provoca\u0163i \u015fi s\u00e2mb\u0103t\u0103 la un nou info-trip, de aceast\u0103 dat\u0103 \u00een zona Mun\u0163ilor Apuseni.<\/p>\n<p>La ora 15,00 va avea loc la Prim\u0103ria Comunei Albac prezentarea studiului \u201eIdentificarea gospod\u0103riilor tradi\u021bionale \u00een vederea conserv\u0103rii \u201eIN SITU\u201d- Zona \u021aara Mo\u021bilor (Albac, Arie\u0219eni, Avram Iancu, Ciuruleasa, G\u00e2rda de Sus, Horea, Poiana Vadului, Vadu Mo\u021bilor, Vidra, Sc\u0103ri\u0219oara, Sohodol)\u201d, iar la ora 17,00 este programat\u0103 conferin\u0163a \u201eTurismul rural rom\u00e2nesc \u2013 tradi\u021bie \u0219i modernitate\u201d \u00een care vor fi dezb\u0103tute strategii na\u021bionale \u0219i regionale de dezvoltarea turismului rural, rolul legisla\u021biei \u00een promovarea \u0219i dezvoltarea turismului rural \u015fi vor fi prezentate exemple de bune practici.<\/p>\n<p>Pe scena din centrul comunei Albac va avea loc de la ora 18,00 Concursul de interpretare la tulnic \u201eIn memoriam Elena Pogan\u201d \u2013 edi\u021bia a II-a, iar seara se va \u00eencheia cu recitaluri de muzic\u0103 u\u0219oar\u0103 Gino&amp; Live Band, muzic\u0103 blues \u0219i prelucr\u0103ri folclorice cu Happy Hippie \u015fi o petrecere care va dura p\u00e2n\u0103 t\u00e2rziu \u00een noapte, cu foc de tab\u0103r\u0103 \u015fi focuri de artificii.<\/p>\n<p>T\u00e2rgul Na\u0163ional de Turism Rural de la Albac continu\u0103<strong> duminic\u0103<\/strong> cu alte vizite de informare pentru agen\u0163iile de turism, o parad\u0103 a portului popular \u015fi un spectacol folcloric programat s\u0103 \u00eenceap\u0103 la ora 14,00, pe scena din centrul comunei Albac. Acesta va cuprinde momente artistice sus\u0163inute de ansambluri folclorice din jude\u021bul Alba, rapsozi, instrumenti\u0219ti \u0219i poe\u021bi populari, soli\u0219ti vocali, Ansamblul Folcloric \u201eAugustin Bena\u201d al Jude\u021bului Alba \u015fi dansuri populare rom\u00e2ne\u015fti. Conducerea muzical\u0103 va fi asigurat\u0103 de dirijorul Alexandru Pal.<\/p>\n<p><strong>T\u00e2rgul Na\u0163ional de Turism Rural Albac \u2013 <\/strong><strong>unicul t\u00e2rg de turism rural din Transilvania<\/strong><\/p>\n<p>T\u00e2rgul Na\u0163ional de Turism Rural de la Albac este unicul t\u00e2rg de turism rural din Transilvania, fiind cel mai longeviv \u015fi important din Rom\u00e2nia. Evenimentul, ajuns la cea de-a XIV-a edi\u0163ie, este organizat de Consiliul Jude\u0163ean Alba, Centrul de Cultur\u0103 \u201eAugustin Bena\u201d \u015fi Prim\u0103ria Comunei Albac, \u00een parteneriat cu Asocia\u0163ia Na\u0163ional\u0103 de Turism Rural, Ecologic \u015fi Cultural Filiala Alba \u015fi Muzeul Na\u0163ional al Unirii Alba Iulia. T\u00e2rgul Na\u0163ional de Turism Rural de la Albac este o marc\u0103 \u00eenregistrat\u0103 a Consiliului Jude\u0163ean Alba.<\/p>\n<p><img loading=\"lazy\" decoding=\"async\" class=\"size-medium wp-image-67273 aligncenter\" src=\"https:\/\/urbeamea.ro\/albaiulia\/wp-content\/uploads\/2018\/09\/FLYER-FATA-ALBAC-2018-640x302.jpg\" alt=\"\" width=\"640\" height=\"302\" srcset=\"https:\/\/urbeamea.ro\/albaiulia\/wp-content\/uploads\/2018\/09\/FLYER-FATA-ALBAC-2018-640x302.jpg 640w, https:\/\/urbeamea.ro\/albaiulia\/wp-content\/uploads\/2018\/09\/FLYER-FATA-ALBAC-2018-150x71.jpg 150w, https:\/\/urbeamea.ro\/albaiulia\/wp-content\/uploads\/2018\/09\/FLYER-FATA-ALBAC-2018-768x362.jpg 768w, https:\/\/urbeamea.ro\/albaiulia\/wp-content\/uploads\/2018\/09\/FLYER-FATA-ALBAC-2018-1280x603.jpg 1280w\" sizes=\"auto, (max-width: 640px) 100vw, 640px\" \/><\/p>\n<p><strong>T\u00c2RGUL NA\u021aIONAL DE TURISM RURAL\u00a0<\/strong><strong>ALBAC, 28-30 septembrie 2018<\/strong><\/p>\n<p><strong>Vineri \u2013 28 septembrie 2018 <\/strong><\/p>\n<p><strong>11,00 \u2013 21,00 INFOTRIP 1 <\/strong>(dedicat reprezentan\u021bilor agen\u021biilor de turism \u00eenscrise)<\/p>\n<p><strong>Vizitarea spa\u021biilor de cazare din Zona Cheile Aiudului<\/strong><\/p>\n<p><strong>S\u00e2mb\u0103t\u0103 &#8211; 29 septembrie 2018 <\/strong><\/p>\n<p><strong>CENTRUL COMUNEI ALBAC<\/strong><\/p>\n<p><strong>10,00 Deschiderea oficial\u0103 a T\u00e2rgului Na\u021bional de Turism Rural, Albac 2018 <\/strong><\/p>\n<p>&#8211; Ceremonial religios \u0219i Arborarea Drapelului Rom\u00e2niei<\/p>\n<p>al\u0103turi de Fanfara Jude\u021bului Alba \u0219i Tulnic\u0103resele din Mun\u021bii Apuseni<\/p>\n<p>&#8211; Oferta turistic\u0103 \u0219i agroturistic\u0103 \u00een spa\u021biile de cazare rurale din Jude\u021bul Alba \u0219i din \u021bar\u0103<\/p>\n<p>&#8211; Ateliere \u0219i expozi\u021bii de me\u0219te\u0219uguri tradi\u021bionale rom\u00e2ne\u0219ti<\/p>\n<p><strong>CENTRUL DE PROMOVARE \u0218I INFORMARE TURISTIC\u0102 ALBAC<\/strong><\/p>\n<p>&#8211; Expozi\u021bia de art\u0103 fotografic\u0103 ,,Timp str\u0103vechi\u201d<\/p>\n<p><strong>11,00 INFOTRIP 2 \u2013 <\/strong><strong>vizitarea spa\u021biilor de cazare din Sta\u021biunea Turistic\u0103 Albac<\/strong><\/p>\n<p><strong>PRIM\u0102RIA COMUNEI ALBAC<\/strong><\/p>\n<p><strong>15,00 PREZENTARE DE STUDIU \u2013 IDENTIFICAREA GOSPOD\u0102RIILOR TRADI\u021aIONALE \u00ceN VEDEREA CONSERV\u0102RII ,,IN SITU\u201d \u2013 ZONA \u021aARA MO\u021aILOR <\/strong>(Albac, Arie\u0219eni, Avram Iancu, Ciuruleasa, G\u00e2rda de Sus, Horea, Poiana Vadului, Vadu Mo\u021bilor, Vidra, Sc\u0103ri\u0219oara, Sohodol)<\/p>\n<p><strong>17,00 Conferin\u021ba ,,Turismul rural rom\u00e2nesc \u2013 tradi\u021bie \u0219i modernitate\u201d <\/strong><\/p>\n<p>Strategii na\u021bionale \u0219i regionale de dezvoltare a turismului rural<\/p>\n<p>Rolul legisla\u021biei \u00een promovarea \u0219i dezvoltarea turismului rural<\/p>\n<p>Exemple de bune practice<\/p>\n<p><strong>SCENA DIN CENTRUL COMUNEI ALBAC<\/strong><\/p>\n<p><strong>18,00 Concurs de interpretare la tulnic ,,In memoriam ELENA POGAN\u201d <\/strong>\u2013 edi\u021bia a II-a<\/p>\n<p>Decernarea premiilor Concursului de tulnic ,,In memoriam ELENA POGAN\u201d<\/p>\n<p><strong>19,00 <\/strong>Recital de muzic\u0103 u\u0219oar\u0103 <strong>GINO &amp; LIVE BAND <\/strong><\/p>\n<p><strong>20,00<\/strong> Recital de muzic\u0103 u\u0219oar\u0103 <strong>HAPPY HIPPIE <\/strong><\/p>\n<p><strong>C\u0102MINUL CULTURAL DIN ALBAC<\/strong><\/p>\n<p>21,00 <strong>DISCOTEC\u0102<\/strong><\/p>\n<p><strong>CENTRUL COMUNEI ALBAC<\/strong><\/p>\n<p>22,00 <strong>Foc de tab\u0103r\u0103 <\/strong><\/p>\n<p>23,00 <strong>Foc de artificii <\/strong><\/p>\n<p><strong>Duminic\u0103 &#8211; 30 septembrie 2018 <\/strong><\/p>\n<p><strong>09,00 INFOTRIP 3<\/strong><\/p>\n<p><strong>Vizitarea obiectivelor turistice din Zona Mun\u021bilor Apuseni \u0219i din Zona Cheile Aiudului<\/strong><\/p>\n<p><strong>CENTRUL COMUNEI ALBAC<\/strong><\/p>\n<p><strong>10,00 T\u00e2rgul Na\u021bional de Turism Rural, Albac 2018<\/strong><\/p>\n<p>&#8211; Oferta turistic\u0103 \u0219i agroturistic\u0103 \u00een spa\u021biile de cazare rurale din Jude\u021bul Alba \u0219i din \u021bar\u0103<\/p>\n<p>&#8211; Ateliere \u0219i expozi\u021bii de me\u0219te\u0219uguri tradi\u021bionale rom\u00e2ne\u0219ti<\/p>\n<p><strong>CENTRUL DE PROMOVARE \u0218I INFORMARE TURISTIC\u0102 ALBAC<\/strong><\/p>\n<p>&#8211; Expozi\u021bia de art\u0103 fotografic\u0103 ,,Timp str\u0103vechi\u201d<\/p>\n<p><strong>CENTRUL COMUNEI ALBAC<\/strong><\/p>\n<p><strong>13,00 PARADA PORTULUI TRADI\u021aIONAL DIN JUDE\u021aUL ALBA<\/strong><\/p>\n<p><strong>SCENA DIN CENTRUL COMUNEI ALBAC<\/strong><\/p>\n<p><strong>14,00 SPECTACOL FOLCLORIC EXTRAORDINAR<\/strong><\/p>\n<p><strong>ANSAMBLURI FOLCLORICE DIN JUDE\u021aUL ALBA<\/strong><\/p>\n<p>Taraful ,,Mo\u021bul\u201d din HOREA<\/p>\n<p>Ansamblul de dansuri din ALBAC<\/p>\n<p>Ansamblul Folcloric ,,Tradi\u021bii Uiorene\u201d din OCNA MURE:<\/p>\n<p>Ansamblul Folcloric ,,Hop\u00e2rteanca\u201d din HOP\u00c2RTA<\/p>\n<p>Ansamblul Folcloric ,,Dor Teiu\u0219an\u201d din TEIU\u0218<\/p>\n<p><strong>RAPSOZI, INSTRUMENTI\u0218TI \u0219i POE\u021aI POPULARI DIN JUDE\u021aUL ALBA<\/strong><\/p>\n<p>GHEORGHE PA\u0218CA (taragot \u2013 C\u00e2mpeni)<\/p>\n<p>IOAN FR\u0102\u021aIL\u0102 (rapsod popular \u2013 S\u00e2ncel)<\/p>\n<p>MARIA DUL\u0102U (rapsod popular \u2013 Biia)<\/p>\n<p>ELEONORA IGNAT (poet popular \u2013 Biia)<\/p>\n<p>ELENA POPI\u021aA (poet popular \u2013 V\u0103li\u0219oara)<\/p>\n<p><strong>SOLI\u0218TI VOCALI INVITA\u021aI<\/strong><\/p>\n<p><strong>EUGEN MIH\u0102IL\u0102 \u0219i DOREL BANCI<\/strong><\/p>\n<p><strong>ANCU\u021aA MATEI OLAR<\/strong><\/p>\n<p><strong>MIRELA M\u0102NESCU<\/strong><\/p>\n<p><strong>VL\u0102DU\u021aA LUP\u0102U<\/strong><\/p>\n<p><strong>LEONTINA F\u0102RCA\u0218<\/strong><\/p>\n<p><strong>IULIA LUNG \u0219i ANGHELINA TIMI\u0218<\/strong><\/p>\n<p><strong>ANSAMBLUL FOLCLORIC ,,AUGUSTIN BENA<\/strong><strong>\u201d<\/strong><strong> AL JUDE\u021aULUI ALBA<\/strong><\/p>\n<p><strong>dirijor Alexandru Pal<\/strong><\/p>\n<p><em>al\u0103turi de soli\u0219tii vocali<\/em><\/p>\n<p><strong>MARIA FILIMON<\/strong><\/p>\n<p><strong>C\u0102T\u0102LIN HA\u0218A<\/strong><\/p>\n<p><strong>FLORICICA MOGA<\/strong><\/p>\n<p><strong>NICOLAE PLUT\u0102<\/strong><\/p>\n<p><strong>DORINA NARI\u021aA<\/strong><\/p>\n<p><strong>NICOLAE TUHU\u021a<\/strong><\/p>\n<p><strong>Ansamblul de dansuri coordonat de Alexandra \u0219i Flaviu M\u00eerza<\/strong><\/p>\n<p>\u0219i<\/p>\n<p><strong>ALEXANDRA CHIRA<\/strong><\/p>\n<p><strong>c\u00e2\u0219tig\u0103toarea Trofelului emisiunii-concurs TVR \u2013 VEDETA POPULAR\u0102<\/strong><\/p>\n<p><strong>PREZINT\u0102 \u2013 SERGIU VITALIAN VAIDA<\/strong><\/p>\n","protected":false},"excerpt":{"rendered":"<p>Zonele rurale cu poten\u0163ial turistic din \u00eentreaga \u0163ar\u0103 vor fi prezentate \u00een perioada 28 \u2013 30 septembrie la T\u00e2rgul Na\u0163ional de Turism Rural de la Albac, cel mai important t\u00e2rg de turism rural din Rom\u00e2nia. Ajuns \u00een acest an la cea de-a XIV-a edi\u0163ie, t\u00e2rgul reune\u015fte cererea \u015fi oferta din turismul rural \u00eencerc\u00e2nd s\u0103 promoveze &hellip;<\/p>\n","protected":false},"author":17,"featured_media":67225,"comment_status":"open","ping_status":"open","sticky":false,"template":"","format":"standard","meta":{"inline_featured_image":false,"footnotes":""},"categories":[4],"tags":[7091,31,4963,1088,6362,346,4179,308,16182,76],"class_list":["post-67224","post","type-post","status-publish","format-standard","has-post-thumbnail","hentry","category-eveniment","tag-agentii-de-turism","tag-alba-iulia","tag-drumetii","tag-expozitii","tag-mesteri-populari","tag-program","tag-spectacol-folcloric","tag-stiri","tag-targul-national-de-turism-rural-albac","tag-urbea-mea"],"yoast_head":"<!-- This site is optimized with the Yoast SEO plugin v28.3 - https:\/\/yoast.com\/product\/yoast-seo-wordpress\/ -->\n<title>28-30 septembrie: T\u00e2rgul Na\u0163ional de Turism Rural Albac \u2013 sta\u0163iunea Albac devine capitala turismului rural rom\u00e2nesc. PROGRAM - Revista Urbea Mea - Revista de Alba<\/title>\n<meta name=\"description\" content=\"Zonele rurale cu poten\u0163ial turistic din \u00eentreaga \u0163ar\u0103 vor fi prezentate \u00een perioada 28 \u2013 30 septembrie la T\u00e2rgul Na\u0163ional de Turism Rural de la Albac, cel\" \/>\n<meta name=\"robots\" content=\"index, follow, max-snippet:-1, max-image-preview:large, max-video-preview:-1\" \/>\n<link rel=\"canonical\" href=\"https:\/\/urbeamea.ro\/albaiulia\/28-30-septembrie-targul-national-de-turism-rural-albac-statiunea-albac-devine-capitala-turismului-rural-romanesc-program\/\" \/>\n<meta name=\"twitter:card\" content=\"summary_large_image\" \/>\n<meta name=\"twitter:title\" content=\"28-30 septembrie: T\u00e2rgul Na\u0163ional de Turism Rural Albac \u2013 sta\u0163iunea Albac devine capitala turismului rural rom\u00e2nesc. PROGRAM - Revista Urbea Mea - Revista de Alba\" \/>\n<meta name=\"twitter:description\" content=\"Zonele rurale cu poten\u0163ial turistic din \u00eentreaga \u0163ar\u0103 vor fi prezentate \u00een perioada 28 \u2013 30 septembrie la T\u00e2rgul Na\u0163ional de Turism Rural de la Albac, cel\" \/>\n<meta name=\"twitter:image\" content=\"https:\/\/urbeamea.ro\/albaiulia\/wp-content\/uploads\/2018\/09\/banner-326x326.jpg\" \/>\n<meta name=\"twitter:creator\" content=\"@urbeameaweb\" \/>\n<meta name=\"twitter:site\" content=\"@urbeameaweb\" \/>\n<script type=\"application\/ld+json\" class=\"yoast-schema-graph\">{\"@context\":\"https:\\\/\\\/schema.org\",\"@graph\":[{\"@type\":\"Article\",\"@id\":\"https:\\\/\\\/urbeamea.ro\\\/albaiulia\\\/28-30-septembrie-targul-national-de-turism-rural-albac-statiunea-albac-devine-capitala-turismului-rural-romanesc-program\\\/#article\",\"isPartOf\":{\"@id\":\"https:\\\/\\\/urbeamea.ro\\\/albaiulia\\\/28-30-septembrie-targul-national-de-turism-rural-albac-statiunea-albac-devine-capitala-turismului-rural-romanesc-program\\\/\"},\"author\":{\"name\":\"Cristina Ganga\",\"@id\":\"https:\\\/\\\/urbeamea.ro\\\/albaiulia\\\/#\\\/schema\\\/person\\\/9700d21fae21c4f038b0b56f4506264a\"},\"headline\":\"28-30 septembrie: T\u00e2rgul Na\u0163ional de Turism Rural Albac \u2013 sta\u0163iunea Albac devine capitala turismului rural rom\u00e2nesc. PROGRAM\",\"datePublished\":\"2018-09-26T12:40:46+00:00\",\"dateModified\":\"2018-09-26T12:44:03+00:00\",\"mainEntityOfPage\":{\"@id\":\"https:\\\/\\\/urbeamea.ro\\\/albaiulia\\\/28-30-septembrie-targul-national-de-turism-rural-albac-statiunea-albac-devine-capitala-turismului-rural-romanesc-program\\\/\"},\"wordCount\":1404,\"commentCount\":0,\"image\":{\"@id\":\"https:\\\/\\\/urbeamea.ro\\\/albaiulia\\\/28-30-septembrie-targul-national-de-turism-rural-albac-statiunea-albac-devine-capitala-turismului-rural-romanesc-program\\\/#primaryimage\"},\"thumbnailUrl\":\"https:\\\/\\\/urbeamea.ro\\\/albaiulia\\\/wp-content\\\/uploads\\\/2018\\\/09\\\/banner-326x326.jpg\",\"keywords\":[\"agentii de turism\",\"Alba Iulia\",\"drumetii\",\"expozitii\",\"mesteri populari\",\"program\",\"spectacol folcloric\",\"stiri\",\"targul national de turism rural albac\",\"Urbea Mea\"],\"articleSection\":[\"Evenimente\"],\"inLanguage\":\"ro-RO\",\"potentialAction\":[{\"@type\":\"CommentAction\",\"name\":\"Comment\",\"target\":[\"https:\\\/\\\/urbeamea.ro\\\/albaiulia\\\/28-30-septembrie-targul-national-de-turism-rural-albac-statiunea-albac-devine-capitala-turismului-rural-romanesc-program\\\/#respond\"]}]},{\"@type\":\"WebPage\",\"@id\":\"https:\\\/\\\/urbeamea.ro\\\/albaiulia\\\/28-30-septembrie-targul-national-de-turism-rural-albac-statiunea-albac-devine-capitala-turismului-rural-romanesc-program\\\/\",\"url\":\"https:\\\/\\\/urbeamea.ro\\\/albaiulia\\\/28-30-septembrie-targul-national-de-turism-rural-albac-statiunea-albac-devine-capitala-turismului-rural-romanesc-program\\\/\",\"name\":\"28-30 septembrie: T\u00e2rgul Na\u0163ional de Turism Rural Albac \u2013 sta\u0163iunea Albac devine capitala turismului rural rom\u00e2nesc. PROGRAM - Revista Urbea Mea - Revista de Alba\",\"isPartOf\":{\"@id\":\"https:\\\/\\\/urbeamea.ro\\\/albaiulia\\\/#website\"},\"primaryImageOfPage\":{\"@id\":\"https:\\\/\\\/urbeamea.ro\\\/albaiulia\\\/28-30-septembrie-targul-national-de-turism-rural-albac-statiunea-albac-devine-capitala-turismului-rural-romanesc-program\\\/#primaryimage\"},\"image\":{\"@id\":\"https:\\\/\\\/urbeamea.ro\\\/albaiulia\\\/28-30-septembrie-targul-national-de-turism-rural-albac-statiunea-albac-devine-capitala-turismului-rural-romanesc-program\\\/#primaryimage\"},\"thumbnailUrl\":\"https:\\\/\\\/urbeamea.ro\\\/albaiulia\\\/wp-content\\\/uploads\\\/2018\\\/09\\\/banner-326x326.jpg\",\"datePublished\":\"2018-09-26T12:40:46+00:00\",\"dateModified\":\"2018-09-26T12:44:03+00:00\",\"author\":{\"@id\":\"https:\\\/\\\/urbeamea.ro\\\/albaiulia\\\/#\\\/schema\\\/person\\\/9700d21fae21c4f038b0b56f4506264a\"},\"description\":\"Zonele rurale cu poten\u0163ial turistic din \u00eentreaga \u0163ar\u0103 vor fi prezentate \u00een perioada 28 \u2013 30 septembrie la T\u00e2rgul Na\u0163ional de Turism Rural de la Albac, cel\",\"breadcrumb\":{\"@id\":\"https:\\\/\\\/urbeamea.ro\\\/albaiulia\\\/28-30-septembrie-targul-national-de-turism-rural-albac-statiunea-albac-devine-capitala-turismului-rural-romanesc-program\\\/#breadcrumb\"},\"inLanguage\":\"ro-RO\",\"potentialAction\":[{\"@type\":\"ReadAction\",\"target\":[\"https:\\\/\\\/urbeamea.ro\\\/albaiulia\\\/28-30-septembrie-targul-national-de-turism-rural-albac-statiunea-albac-devine-capitala-turismului-rural-romanesc-program\\\/\"]}]},{\"@type\":\"ImageObject\",\"inLanguage\":\"ro-RO\",\"@id\":\"https:\\\/\\\/urbeamea.ro\\\/albaiulia\\\/28-30-septembrie-targul-national-de-turism-rural-albac-statiunea-albac-devine-capitala-turismului-rural-romanesc-program\\\/#primaryimage\",\"url\":\"https:\\\/\\\/urbeamea.ro\\\/albaiulia\\\/wp-content\\\/uploads\\\/2018\\\/09\\\/banner-326x326.jpg\",\"contentUrl\":\"https:\\\/\\\/urbeamea.ro\\\/albaiulia\\\/wp-content\\\/uploads\\\/2018\\\/09\\\/banner-326x326.jpg\",\"width\":327,\"height\":327},{\"@type\":\"BreadcrumbList\",\"@id\":\"https:\\\/\\\/urbeamea.ro\\\/albaiulia\\\/28-30-septembrie-targul-national-de-turism-rural-albac-statiunea-albac-devine-capitala-turismului-rural-romanesc-program\\\/#breadcrumb\",\"itemListElement\":[{\"@type\":\"ListItem\",\"position\":1,\"name\":\"Prima pagin\u0103\",\"item\":\"https:\\\/\\\/urbeamea.ro\\\/albaiulia\\\/\"},{\"@type\":\"ListItem\",\"position\":2,\"name\":\"28-30 septembrie: T\u00e2rgul Na\u0163ional de Turism Rural Albac \u2013 sta\u0163iunea Albac devine capitala turismului rural rom\u00e2nesc. PROGRAM\"}]},{\"@type\":\"WebSite\",\"@id\":\"https:\\\/\\\/urbeamea.ro\\\/albaiulia\\\/#website\",\"url\":\"https:\\\/\\\/urbeamea.ro\\\/albaiulia\\\/\",\"name\":\"Revista Urbea Mea, Stiri urbane\",\"description\":\"Evenimente \u0219i \u0219tiri din Alba Iulia, Sebe\u0219, Aiud, Blaj\",\"potentialAction\":[{\"@type\":\"SearchAction\",\"target\":{\"@type\":\"EntryPoint\",\"urlTemplate\":\"https:\\\/\\\/urbeamea.ro\\\/albaiulia\\\/?s={search_term_string}\"},\"query-input\":{\"@type\":\"PropertyValueSpecification\",\"valueRequired\":true,\"valueName\":\"search_term_string\"}}],\"inLanguage\":\"ro-RO\"},{\"@type\":\"Person\",\"@id\":\"https:\\\/\\\/urbeamea.ro\\\/albaiulia\\\/#\\\/schema\\\/person\\\/9700d21fae21c4f038b0b56f4506264a\",\"name\":\"Cristina Ganga\",\"image\":{\"@type\":\"ImageObject\",\"inLanguage\":\"ro-RO\",\"@id\":\"https:\\\/\\\/secure.gravatar.com\\\/avatar\\\/5a67661041f057b4a8ccaf26f5a8e86e2689372006d01faf3dd9eeb10b654bb4?s=96&d=mm&r=g\",\"url\":\"https:\\\/\\\/secure.gravatar.com\\\/avatar\\\/5a67661041f057b4a8ccaf26f5a8e86e2689372006d01faf3dd9eeb10b654bb4?s=96&d=mm&r=g\",\"contentUrl\":\"https:\\\/\\\/secure.gravatar.com\\\/avatar\\\/5a67661041f057b4a8ccaf26f5a8e86e2689372006d01faf3dd9eeb10b654bb4?s=96&d=mm&r=g\",\"caption\":\"Cristina Ganga\"},\"description\":\"Jurnalist\",\"sameAs\":[\"https:\\\/\\\/www.facebook.com\\\/cristina.nicola.587\"],\"url\":\"https:\\\/\\\/urbeamea.ro\\\/albaiulia\\\/author\\\/cristina-nicola\\\/\"}]}<\/script>\n<!-- \/ Yoast SEO plugin. -->","yoast_head_json":{"title":"28-30 septembrie: T\u00e2rgul Na\u0163ional de Turism Rural Albac \u2013 sta\u0163iunea Albac devine capitala turismului rural rom\u00e2nesc. PROGRAM - Revista Urbea Mea - Revista de Alba","description":"Zonele rurale cu poten\u0163ial turistic din \u00eentreaga \u0163ar\u0103 vor fi prezentate \u00een perioada 28 \u2013 30 septembrie la T\u00e2rgul Na\u0163ional de Turism Rural de la Albac, cel","robots":{"index":"index","follow":"follow","max-snippet":"max-snippet:-1","max-image-preview":"max-image-preview:large","max-video-preview":"max-video-preview:-1"},"canonical":"https:\/\/urbeamea.ro\/albaiulia\/28-30-septembrie-targul-national-de-turism-rural-albac-statiunea-albac-devine-capitala-turismului-rural-romanesc-program\/","twitter_card":"summary_large_image","twitter_title":"28-30 septembrie: T\u00e2rgul Na\u0163ional de Turism Rural Albac \u2013 sta\u0163iunea Albac devine capitala turismului rural rom\u00e2nesc. PROGRAM - Revista Urbea Mea - Revista de Alba","twitter_description":"Zonele rurale cu poten\u0163ial turistic din \u00eentreaga \u0163ar\u0103 vor fi prezentate \u00een perioada 28 \u2013 30 septembrie la T\u00e2rgul Na\u0163ional de Turism Rural de la Albac, cel","twitter_image":"https:\/\/urbeamea.ro\/albaiulia\/wp-content\/uploads\/2018\/09\/banner-326x326.jpg","twitter_creator":"@urbeameaweb","twitter_site":"@urbeameaweb","schema":{"@context":"https:\/\/schema.org","@graph":[{"@type":"Article","@id":"https:\/\/urbeamea.ro\/albaiulia\/28-30-septembrie-targul-national-de-turism-rural-albac-statiunea-albac-devine-capitala-turismului-rural-romanesc-program\/#article","isPartOf":{"@id":"https:\/\/urbeamea.ro\/albaiulia\/28-30-septembrie-targul-national-de-turism-rural-albac-statiunea-albac-devine-capitala-turismului-rural-romanesc-program\/"},"author":{"name":"Cristina Ganga","@id":"https:\/\/urbeamea.ro\/albaiulia\/#\/schema\/person\/9700d21fae21c4f038b0b56f4506264a"},"headline":"28-30 septembrie: T\u00e2rgul Na\u0163ional de Turism Rural Albac \u2013 sta\u0163iunea Albac devine capitala turismului rural rom\u00e2nesc. PROGRAM","datePublished":"2018-09-26T12:40:46+00:00","dateModified":"2018-09-26T12:44:03+00:00","mainEntityOfPage":{"@id":"https:\/\/urbeamea.ro\/albaiulia\/28-30-septembrie-targul-national-de-turism-rural-albac-statiunea-albac-devine-capitala-turismului-rural-romanesc-program\/"},"wordCount":1404,"commentCount":0,"image":{"@id":"https:\/\/urbeamea.ro\/albaiulia\/28-30-septembrie-targul-national-de-turism-rural-albac-statiunea-albac-devine-capitala-turismului-rural-romanesc-program\/#primaryimage"},"thumbnailUrl":"https:\/\/urbeamea.ro\/albaiulia\/wp-content\/uploads\/2018\/09\/banner-326x326.jpg","keywords":["agentii de turism","Alba Iulia","drumetii","expozitii","mesteri populari","program","spectacol folcloric","stiri","targul national de turism rural albac","Urbea Mea"],"articleSection":["Evenimente"],"inLanguage":"ro-RO","potentialAction":[{"@type":"CommentAction","name":"Comment","target":["https:\/\/urbeamea.ro\/albaiulia\/28-30-septembrie-targul-national-de-turism-rural-albac-statiunea-albac-devine-capitala-turismului-rural-romanesc-program\/#respond"]}]},{"@type":"WebPage","@id":"https:\/\/urbeamea.ro\/albaiulia\/28-30-septembrie-targul-national-de-turism-rural-albac-statiunea-albac-devine-capitala-turismului-rural-romanesc-program\/","url":"https:\/\/urbeamea.ro\/albaiulia\/28-30-septembrie-targul-national-de-turism-rural-albac-statiunea-albac-devine-capitala-turismului-rural-romanesc-program\/","name":"28-30 septembrie: T\u00e2rgul Na\u0163ional de Turism Rural Albac \u2013 sta\u0163iunea Albac devine capitala turismului rural rom\u00e2nesc. PROGRAM - Revista Urbea Mea - Revista de Alba","isPartOf":{"@id":"https:\/\/urbeamea.ro\/albaiulia\/#website"},"primaryImageOfPage":{"@id":"https:\/\/urbeamea.ro\/albaiulia\/28-30-septembrie-targul-national-de-turism-rural-albac-statiunea-albac-devine-capitala-turismului-rural-romanesc-program\/#primaryimage"},"image":{"@id":"https:\/\/urbeamea.ro\/albaiulia\/28-30-septembrie-targul-national-de-turism-rural-albac-statiunea-albac-devine-capitala-turismului-rural-romanesc-program\/#primaryimage"},"thumbnailUrl":"https:\/\/urbeamea.ro\/albaiulia\/wp-content\/uploads\/2018\/09\/banner-326x326.jpg","datePublished":"2018-09-26T12:40:46+00:00","dateModified":"2018-09-26T12:44:03+00:00","author":{"@id":"https:\/\/urbeamea.ro\/albaiulia\/#\/schema\/person\/9700d21fae21c4f038b0b56f4506264a"},"description":"Zonele rurale cu poten\u0163ial turistic din \u00eentreaga \u0163ar\u0103 vor fi prezentate \u00een perioada 28 \u2013 30 septembrie la T\u00e2rgul Na\u0163ional de Turism Rural de la Albac, cel","breadcrumb":{"@id":"https:\/\/urbeamea.ro\/albaiulia\/28-30-septembrie-targul-national-de-turism-rural-albac-statiunea-albac-devine-capitala-turismului-rural-romanesc-program\/#breadcrumb"},"inLanguage":"ro-RO","potentialAction":[{"@type":"ReadAction","target":["https:\/\/urbeamea.ro\/albaiulia\/28-30-septembrie-targul-national-de-turism-rural-albac-statiunea-albac-devine-capitala-turismului-rural-romanesc-program\/"]}]},{"@type":"ImageObject","inLanguage":"ro-RO","@id":"https:\/\/urbeamea.ro\/albaiulia\/28-30-septembrie-targul-national-de-turism-rural-albac-statiunea-albac-devine-capitala-turismului-rural-romanesc-program\/#primaryimage","url":"https:\/\/urbeamea.ro\/albaiulia\/wp-content\/uploads\/2018\/09\/banner-326x326.jpg","contentUrl":"https:\/\/urbeamea.ro\/albaiulia\/wp-content\/uploads\/2018\/09\/banner-326x326.jpg","width":327,"height":327},{"@type":"BreadcrumbList","@id":"https:\/\/urbeamea.ro\/albaiulia\/28-30-septembrie-targul-national-de-turism-rural-albac-statiunea-albac-devine-capitala-turismului-rural-romanesc-program\/#breadcrumb","itemListElement":[{"@type":"ListItem","position":1,"name":"Prima pagin\u0103","item":"https:\/\/urbeamea.ro\/albaiulia\/"},{"@type":"ListItem","position":2,"name":"28-30 septembrie: T\u00e2rgul Na\u0163ional de Turism Rural Albac \u2013 sta\u0163iunea Albac devine capitala turismului rural rom\u00e2nesc. PROGRAM"}]},{"@type":"WebSite","@id":"https:\/\/urbeamea.ro\/albaiulia\/#website","url":"https:\/\/urbeamea.ro\/albaiulia\/","name":"Revista Urbea Mea, Stiri urbane","description":"Evenimente \u0219i \u0219tiri din Alba Iulia, Sebe\u0219, Aiud, Blaj","potentialAction":[{"@type":"SearchAction","target":{"@type":"EntryPoint","urlTemplate":"https:\/\/urbeamea.ro\/albaiulia\/?s={search_term_string}"},"query-input":{"@type":"PropertyValueSpecification","valueRequired":true,"valueName":"search_term_string"}}],"inLanguage":"ro-RO"},{"@type":"Person","@id":"https:\/\/urbeamea.ro\/albaiulia\/#\/schema\/person\/9700d21fae21c4f038b0b56f4506264a","name":"Cristina Ganga","image":{"@type":"ImageObject","inLanguage":"ro-RO","@id":"https:\/\/secure.gravatar.com\/avatar\/5a67661041f057b4a8ccaf26f5a8e86e2689372006d01faf3dd9eeb10b654bb4?s=96&d=mm&r=g","url":"https:\/\/secure.gravatar.com\/avatar\/5a67661041f057b4a8ccaf26f5a8e86e2689372006d01faf3dd9eeb10b654bb4?s=96&d=mm&r=g","contentUrl":"https:\/\/secure.gravatar.com\/avatar\/5a67661041f057b4a8ccaf26f5a8e86e2689372006d01faf3dd9eeb10b654bb4?s=96&d=mm&r=g","caption":"Cristina Ganga"},"description":"Jurnalist","sameAs":["https:\/\/www.facebook.com\/cristina.nicola.587"],"url":"https:\/\/urbeamea.ro\/albaiulia\/author\/cristina-nicola\/"}]}},"_links":{"self":[{"href":"https:\/\/urbeamea.ro\/albaiulia\/wp-json\/wp\/v2\/posts\/67224","targetHints":{"allow":["GET"]}}],"collection":[{"href":"https:\/\/urbeamea.ro\/albaiulia\/wp-json\/wp\/v2\/posts"}],"about":[{"href":"https:\/\/urbeamea.ro\/albaiulia\/wp-json\/wp\/v2\/types\/post"}],"author":[{"embeddable":true,"href":"https:\/\/urbeamea.ro\/albaiulia\/wp-json\/wp\/v2\/users\/17"}],"replies":[{"embeddable":true,"href":"https:\/\/urbeamea.ro\/albaiulia\/wp-json\/wp\/v2\/comments?post=67224"}],"version-history":[{"count":0,"href":"https:\/\/urbeamea.ro\/albaiulia\/wp-json\/wp\/v2\/posts\/67224\/revisions"}],"wp:featuredmedia":[{"embeddable":true,"href":"https:\/\/urbeamea.ro\/albaiulia\/wp-json\/wp\/v2\/media\/67225"}],"wp:attachment":[{"href":"https:\/\/urbeamea.ro\/albaiulia\/wp-json\/wp\/v2\/media?parent=67224"}],"wp:term":[{"taxonomy":"category","embeddable":true,"href":"https:\/\/urbeamea.ro\/albaiulia\/wp-json\/wp\/v2\/categories?post=67224"},{"taxonomy":"post_tag","embeddable":true,"href":"https:\/\/urbeamea.ro\/albaiulia\/wp-json\/wp\/v2\/tags?post=67224"}],"curies":[{"name":"wp","href":"https:\/\/api.w.org\/{rel}","templated":true}]}}