{"id":67288,"date":"2018-09-27T16:25:53","date_gmt":"2018-09-27T13:25:53","guid":{"rendered":"https:\/\/urbeamea.ro\/albaiulia\/?p=67288"},"modified":"2018-09-27T16:25:53","modified_gmt":"2018-09-27T13:25:53","slug":"campionul-olimpic-ivan-patzaichin-si-comunitatea-la-blouse-roumaine-participa-la-celmaimare100","status":"publish","type":"post","link":"https:\/\/urbeamea.ro\/albaiulia\/campionul-olimpic-ivan-patzaichin-si-comunitatea-la-blouse-roumaine-participa-la-celmaimare100\/","title":{"rendered":"Campionul olimpic Ivan Patzaichin \u0219i comunitatea La blouse roumaine particip\u0103 la #CelMaiMare100"},"content":{"rendered":"<p><strong>\u00centre invita\u021bii speciali care vor contribui \u00een 29 septembrie, la Alba Iulia, la dobor\u00e2rea recordului mondial pentru cea mai mare hart\u0103 a unei \u021b\u0103ri format\u0103 din oameni se num\u0103r\u0103 campionul olimpic Ivan Patzaichin \u0219i Andreea T\u0103n\u0103sescu, fondatoarea comunit\u0103\u021bii La Blouse Roumaine. <\/strong><\/p>\n<p>Organizat pentru a marca Centanarul \u0219i pentru a-l \u00eenscrie \u00een Guinness Book, #CelMaiMare100 a mobilizat mii de copii, tineri \u0219i adul\u021bi din 70 de localit\u0103\u021bi din Bucovina, Maramure\u0219, Transilvania, Banat, Muntenia. Denumirea oficial\u0103 a recordului este \u201eLargest human image of a country\/continent\u201d (\u201eCea mai mare imagine format\u0103 din oameni a unei \u021b\u0103ri\/continent\u201d), iar actualul record actual apar\u021bine Myanmar-ului, care \u00een 12 februarie 2018 a adunat 3.466 de oameni care au format harta \u021b\u0103rii lor. O delega\u021bie a Guinness World Records va fi prezent\u0103 la Alba Iulia s\u00e2mb\u0103t\u0103, pentru a omologa tentativa rom\u00e2neasc\u0103.<\/p>\n<p>Cvadruplu laureat cu aur \u0219i triplu laureat cu argint la Jocurile Olimpice, canoistul Ivan Patzaichin, acum antrenor al lotului na\u021bional de caiac-canoe, se implic\u0103 activ \u00een promovarea Rom\u00e2niei frumoase, prin asocia\u021bia sa, Ivan Patzaichin \u2013 Mila 23. Sub brandul Rowmania, aceast\u0103 asocia\u021bie lanseaz\u0103 produse de turism, proiecte de antreprenoriat social, campanii de popularizare a v\u00e2slitului \u0219i programe de dezvoltare durabil\u0103 \u00een zonele naturale protejate. Evenimentul fanion al mi\u0219c\u0103rii Rowmania este Rowmania FEST \u2013 Festivalul Interna\u021bional al B\u0103rcilor cu V\u00e2sle, organizat din 2011 la Tulcea. \u00cen cele \u0219apte edi\u021bii ale festivalului au avut loc 30 de competi\u021bii sportive la care au participat 3.000 de concuren\u021bi \u0219i 100.000 de spectatori.<\/p>\n<p>Fondatoare a comunit\u0103\u021bii online La Blouse Romaine, care num\u0103r\u0103 aproape 200.000 de membri, Andreea T\u0103n\u0103sescu promoveaz\u0103 asiduu ia rom\u00e2neasc\u0103. \u00cen 2012, \u00een ziua de S\u00e2nziene, ea a dat startul unui eveniment care s-a propagat \u00een toate comunit\u0103\u021bile de rom\u00e2ni nostalgici \u0219i care acum este cunoscut sub numele \u201eZiua Universal\u0103 a iei\u201d. Pentru aceast\u0103 ini\u021biativ\u0103, La Blouse Roumaine a c\u00e2\u0219tigat \u00een 2014 premiul Business Reviews pentru \u201eCele mai bune eforturi de a promova imaginea Rom\u00e2niei\u201d. Anul acesta Andreea a lansat o alt\u0103 campanie care a f\u0103cut valuri \u2013 Give Credit, prin care marile case de mod\u0103 sunt somate s\u0103-\u0219i recunoasc\u0103 sursele de inspira\u021bie, atunci c\u00e2nd preiau modele populare \u0219i, mai mult, s\u0103 ajute comunit\u0103\u021bile de origine sus\u021bin\u00e2nd produc\u0103torii \u0219i creatorii locali.<\/p>\n<p>#CelMaiMare100 este organizat de asocia\u021bia clujean\u0103 11even cu sprijinul Kaufland Rom\u00e2nia \u0219i cu suportul Prim\u0103riei Muncipiului Alba Iulia. Evenimentul se desf\u0103\u0219oar\u0103 de la ora 9.00 \u00een zona de \u0219an\u021b a Cet\u0103\u021bii Alba Carolina, \u00eentre poarta VII \u0219i poarta IV. Pe acest traseu se vor ridica kit-urile de participare, se va face accesul, se va pre-forma planul recordului \u0219i apoi se va realiza recordul mondial. \u00centreagul proces este coordonat cu sprijinul a 330 de voluntari, at\u00e2t din Alba Iulia, dar \u0219i din R\u00e2mnicu V\u00e2lcea, Satu Mare sau Urla\u021bi, Prahova.<\/p>\n<p>Evenimentul se va \u00eencheia cu un spectaculos concert al trupei Subcarpa\u021bi.<\/p>\n<p>Evenimentul #CelMaiMare100 este organizat \u00een cadrul festivalului Bucurie \u00een Mi\u0219care Alba Iulia (29 \u0219i 30 septembrie). Mai multe detalii despre acest proiect g\u0103si\u021bi pe pagina oficial\u0103 &#8211; www.bucurieinmiscare.ro sau pe pagina de facebook https:\/\/www.facebook.com\/BucurieInMiscareRomania.<\/p>\n","protected":false},"excerpt":{"rendered":"<p>\u00centre invita\u021bii speciali care vor contribui \u00een 29 septembrie, la Alba Iulia, la dobor\u00e2rea recordului mondial pentru cea mai mare hart\u0103 a unei \u021b\u0103ri format\u0103 din oameni se num\u0103r\u0103 campionul olimpic Ivan Patzaichin \u0219i Andreea T\u0103n\u0103sescu, fondatoarea comunit\u0103\u021bii La Blouse Roumaine. Organizat pentru a marca Centanarul \u0219i pentru a-l \u00eenscrie \u00een Guinness Book, #CelMaiMare100 a &hellip;<\/p>\n","protected":false},"author":17,"featured_media":67099,"comment_status":"open","ping_status":"open","sticky":false,"template":"","format":"standard","meta":{"inline_featured_image":false,"footnotes":""},"categories":[4],"tags":[31,16206,16061,16013,6500,12664,308,76],"class_list":["post-67288","post","type-post","status-publish","format-standard","has-post-thumbnail","hentry","category-eveniment","tag-alba-iulia","tag-andreea-tanasescu","tag-cel-mai-mare-100","tag-festivalul-bucurie-in-miscare","tag-ivan-patzaichin","tag-record-mondial","tag-stiri","tag-urbea-mea"],"yoast_head":"<!-- This site is optimized with the Yoast SEO plugin v28.3 - https:\/\/yoast.com\/product\/yoast-seo-wordpress\/ -->\n<title>Campionul olimpic Ivan Patzaichin \u0219i comunitatea La blouse roumaine particip\u0103 la #CelMaiMare100 - Revista Urbea Mea - Revista de Alba<\/title>\n<meta name=\"description\" content=\"\u00centre invita\u021bii speciali care vor contribui \u00een 29 septembrie, la Alba Iulia, la dobor\u00e2rea recordului mondial pentru cea mai mare hart\u0103 a unei \u021b\u0103ri format\u0103\" \/>\n<meta name=\"robots\" content=\"index, follow, max-snippet:-1, max-image-preview:large, max-video-preview:-1\" \/>\n<link rel=\"canonical\" href=\"https:\/\/urbeamea.ro\/albaiulia\/campionul-olimpic-ivan-patzaichin-si-comunitatea-la-blouse-roumaine-participa-la-celmaimare100\/\" \/>\n<meta name=\"twitter:card\" content=\"summary_large_image\" \/>\n<meta name=\"twitter:title\" content=\"Campionul olimpic Ivan Patzaichin \u0219i comunitatea La blouse roumaine particip\u0103 la #CelMaiMare100 - Revista Urbea Mea - Revista de Alba\" \/>\n<meta name=\"twitter:description\" content=\"\u00centre invita\u021bii speciali care vor contribui \u00een 29 septembrie, la Alba Iulia, la dobor\u00e2rea recordului mondial pentru cea mai mare hart\u0103 a unei \u021b\u0103ri format\u0103\" \/>\n<meta name=\"twitter:image\" content=\"https:\/\/urbeamea.ro\/albaiulia\/wp-content\/uploads\/2018\/09\/cel-mai-mare-100.jpg\" \/>\n<meta name=\"twitter:creator\" content=\"@urbeameaweb\" \/>\n<meta name=\"twitter:site\" content=\"@urbeameaweb\" \/>\n<script type=\"application\/ld+json\" class=\"yoast-schema-graph\">{\"@context\":\"https:\\\/\\\/schema.org\",\"@graph\":[{\"@type\":\"Article\",\"@id\":\"https:\\\/\\\/urbeamea.ro\\\/albaiulia\\\/campionul-olimpic-ivan-patzaichin-si-comunitatea-la-blouse-roumaine-participa-la-celmaimare100\\\/#article\",\"isPartOf\":{\"@id\":\"https:\\\/\\\/urbeamea.ro\\\/albaiulia\\\/campionul-olimpic-ivan-patzaichin-si-comunitatea-la-blouse-roumaine-participa-la-celmaimare100\\\/\"},\"author\":{\"name\":\"Cristina Ganga\",\"@id\":\"https:\\\/\\\/urbeamea.ro\\\/albaiulia\\\/#\\\/schema\\\/person\\\/9700d21fae21c4f038b0b56f4506264a\"},\"headline\":\"Campionul olimpic Ivan Patzaichin \u0219i comunitatea La blouse roumaine particip\u0103 la #CelMaiMare100\",\"datePublished\":\"2018-09-27T13:25:53+00:00\",\"mainEntityOfPage\":{\"@id\":\"https:\\\/\\\/urbeamea.ro\\\/albaiulia\\\/campionul-olimpic-ivan-patzaichin-si-comunitatea-la-blouse-roumaine-participa-la-celmaimare100\\\/\"},\"wordCount\":553,\"commentCount\":0,\"image\":{\"@id\":\"https:\\\/\\\/urbeamea.ro\\\/albaiulia\\\/campionul-olimpic-ivan-patzaichin-si-comunitatea-la-blouse-roumaine-participa-la-celmaimare100\\\/#primaryimage\"},\"thumbnailUrl\":\"https:\\\/\\\/urbeamea.ro\\\/albaiulia\\\/wp-content\\\/uploads\\\/2018\\\/09\\\/cel-mai-mare-100.jpg\",\"keywords\":[\"Alba Iulia\",\"Andreea Tanasescu\",\"cel mai mare 100\",\"festivalul bucurie in miscare\",\"Ivan Patzaichin\",\"record mondial\",\"stiri\",\"Urbea Mea\"],\"articleSection\":[\"Evenimente\"],\"inLanguage\":\"ro-RO\",\"potentialAction\":[{\"@type\":\"CommentAction\",\"name\":\"Comment\",\"target\":[\"https:\\\/\\\/urbeamea.ro\\\/albaiulia\\\/campionul-olimpic-ivan-patzaichin-si-comunitatea-la-blouse-roumaine-participa-la-celmaimare100\\\/#respond\"]}]},{\"@type\":\"WebPage\",\"@id\":\"https:\\\/\\\/urbeamea.ro\\\/albaiulia\\\/campionul-olimpic-ivan-patzaichin-si-comunitatea-la-blouse-roumaine-participa-la-celmaimare100\\\/\",\"url\":\"https:\\\/\\\/urbeamea.ro\\\/albaiulia\\\/campionul-olimpic-ivan-patzaichin-si-comunitatea-la-blouse-roumaine-participa-la-celmaimare100\\\/\",\"name\":\"Campionul olimpic Ivan Patzaichin \u0219i comunitatea La blouse roumaine particip\u0103 la #CelMaiMare100 - Revista Urbea Mea - Revista de Alba\",\"isPartOf\":{\"@id\":\"https:\\\/\\\/urbeamea.ro\\\/albaiulia\\\/#website\"},\"primaryImageOfPage\":{\"@id\":\"https:\\\/\\\/urbeamea.ro\\\/albaiulia\\\/campionul-olimpic-ivan-patzaichin-si-comunitatea-la-blouse-roumaine-participa-la-celmaimare100\\\/#primaryimage\"},\"image\":{\"@id\":\"https:\\\/\\\/urbeamea.ro\\\/albaiulia\\\/campionul-olimpic-ivan-patzaichin-si-comunitatea-la-blouse-roumaine-participa-la-celmaimare100\\\/#primaryimage\"},\"thumbnailUrl\":\"https:\\\/\\\/urbeamea.ro\\\/albaiulia\\\/wp-content\\\/uploads\\\/2018\\\/09\\\/cel-mai-mare-100.jpg\",\"datePublished\":\"2018-09-27T13:25:53+00:00\",\"author\":{\"@id\":\"https:\\\/\\\/urbeamea.ro\\\/albaiulia\\\/#\\\/schema\\\/person\\\/9700d21fae21c4f038b0b56f4506264a\"},\"description\":\"\u00centre invita\u021bii speciali care vor contribui \u00een 29 septembrie, la Alba Iulia, la dobor\u00e2rea recordului mondial pentru cea mai mare hart\u0103 a unei \u021b\u0103ri format\u0103\",\"breadcrumb\":{\"@id\":\"https:\\\/\\\/urbeamea.ro\\\/albaiulia\\\/campionul-olimpic-ivan-patzaichin-si-comunitatea-la-blouse-roumaine-participa-la-celmaimare100\\\/#breadcrumb\"},\"inLanguage\":\"ro-RO\",\"potentialAction\":[{\"@type\":\"ReadAction\",\"target\":[\"https:\\\/\\\/urbeamea.ro\\\/albaiulia\\\/campionul-olimpic-ivan-patzaichin-si-comunitatea-la-blouse-roumaine-participa-la-celmaimare100\\\/\"]}]},{\"@type\":\"ImageObject\",\"inLanguage\":\"ro-RO\",\"@id\":\"https:\\\/\\\/urbeamea.ro\\\/albaiulia\\\/campionul-olimpic-ivan-patzaichin-si-comunitatea-la-blouse-roumaine-participa-la-celmaimare100\\\/#primaryimage\",\"url\":\"https:\\\/\\\/urbeamea.ro\\\/albaiulia\\\/wp-content\\\/uploads\\\/2018\\\/09\\\/cel-mai-mare-100.jpg\",\"contentUrl\":\"https:\\\/\\\/urbeamea.ro\\\/albaiulia\\\/wp-content\\\/uploads\\\/2018\\\/09\\\/cel-mai-mare-100.jpg\",\"width\":646,\"height\":404},{\"@type\":\"BreadcrumbList\",\"@id\":\"https:\\\/\\\/urbeamea.ro\\\/albaiulia\\\/campionul-olimpic-ivan-patzaichin-si-comunitatea-la-blouse-roumaine-participa-la-celmaimare100\\\/#breadcrumb\",\"itemListElement\":[{\"@type\":\"ListItem\",\"position\":1,\"name\":\"Prima pagin\u0103\",\"item\":\"https:\\\/\\\/urbeamea.ro\\\/albaiulia\\\/\"},{\"@type\":\"ListItem\",\"position\":2,\"name\":\"Campionul olimpic Ivan Patzaichin \u0219i comunitatea La blouse roumaine particip\u0103 la #CelMaiMare100\"}]},{\"@type\":\"WebSite\",\"@id\":\"https:\\\/\\\/urbeamea.ro\\\/albaiulia\\\/#website\",\"url\":\"https:\\\/\\\/urbeamea.ro\\\/albaiulia\\\/\",\"name\":\"Revista Urbea Mea, Stiri urbane\",\"description\":\"Evenimente \u0219i \u0219tiri din Alba Iulia, Sebe\u0219, Aiud, Blaj\",\"potentialAction\":[{\"@type\":\"SearchAction\",\"target\":{\"@type\":\"EntryPoint\",\"urlTemplate\":\"https:\\\/\\\/urbeamea.ro\\\/albaiulia\\\/?s={search_term_string}\"},\"query-input\":{\"@type\":\"PropertyValueSpecification\",\"valueRequired\":true,\"valueName\":\"search_term_string\"}}],\"inLanguage\":\"ro-RO\"},{\"@type\":\"Person\",\"@id\":\"https:\\\/\\\/urbeamea.ro\\\/albaiulia\\\/#\\\/schema\\\/person\\\/9700d21fae21c4f038b0b56f4506264a\",\"name\":\"Cristina Ganga\",\"image\":{\"@type\":\"ImageObject\",\"inLanguage\":\"ro-RO\",\"@id\":\"https:\\\/\\\/secure.gravatar.com\\\/avatar\\\/5a67661041f057b4a8ccaf26f5a8e86e2689372006d01faf3dd9eeb10b654bb4?s=96&d=mm&r=g\",\"url\":\"https:\\\/\\\/secure.gravatar.com\\\/avatar\\\/5a67661041f057b4a8ccaf26f5a8e86e2689372006d01faf3dd9eeb10b654bb4?s=96&d=mm&r=g\",\"contentUrl\":\"https:\\\/\\\/secure.gravatar.com\\\/avatar\\\/5a67661041f057b4a8ccaf26f5a8e86e2689372006d01faf3dd9eeb10b654bb4?s=96&d=mm&r=g\",\"caption\":\"Cristina Ganga\"},\"description\":\"Jurnalist\",\"sameAs\":[\"https:\\\/\\\/www.facebook.com\\\/cristina.nicola.587\"],\"url\":\"https:\\\/\\\/urbeamea.ro\\\/albaiulia\\\/author\\\/cristina-nicola\\\/\"}]}<\/script>\n<!-- \/ Yoast SEO plugin. -->","yoast_head_json":{"title":"Campionul olimpic Ivan Patzaichin \u0219i comunitatea La blouse roumaine particip\u0103 la #CelMaiMare100 - Revista Urbea Mea - Revista de Alba","description":"\u00centre invita\u021bii speciali care vor contribui \u00een 29 septembrie, la Alba Iulia, la dobor\u00e2rea recordului mondial pentru cea mai mare hart\u0103 a unei \u021b\u0103ri format\u0103","robots":{"index":"index","follow":"follow","max-snippet":"max-snippet:-1","max-image-preview":"max-image-preview:large","max-video-preview":"max-video-preview:-1"},"canonical":"https:\/\/urbeamea.ro\/albaiulia\/campionul-olimpic-ivan-patzaichin-si-comunitatea-la-blouse-roumaine-participa-la-celmaimare100\/","twitter_card":"summary_large_image","twitter_title":"Campionul olimpic Ivan Patzaichin \u0219i comunitatea La blouse roumaine particip\u0103 la #CelMaiMare100 - Revista Urbea Mea - Revista de Alba","twitter_description":"\u00centre invita\u021bii speciali care vor contribui \u00een 29 septembrie, la Alba Iulia, la dobor\u00e2rea recordului mondial pentru cea mai mare hart\u0103 a unei \u021b\u0103ri format\u0103","twitter_image":"https:\/\/urbeamea.ro\/albaiulia\/wp-content\/uploads\/2018\/09\/cel-mai-mare-100.jpg","twitter_creator":"@urbeameaweb","twitter_site":"@urbeameaweb","schema":{"@context":"https:\/\/schema.org","@graph":[{"@type":"Article","@id":"https:\/\/urbeamea.ro\/albaiulia\/campionul-olimpic-ivan-patzaichin-si-comunitatea-la-blouse-roumaine-participa-la-celmaimare100\/#article","isPartOf":{"@id":"https:\/\/urbeamea.ro\/albaiulia\/campionul-olimpic-ivan-patzaichin-si-comunitatea-la-blouse-roumaine-participa-la-celmaimare100\/"},"author":{"name":"Cristina Ganga","@id":"https:\/\/urbeamea.ro\/albaiulia\/#\/schema\/person\/9700d21fae21c4f038b0b56f4506264a"},"headline":"Campionul olimpic Ivan Patzaichin \u0219i comunitatea La blouse roumaine particip\u0103 la #CelMaiMare100","datePublished":"2018-09-27T13:25:53+00:00","mainEntityOfPage":{"@id":"https:\/\/urbeamea.ro\/albaiulia\/campionul-olimpic-ivan-patzaichin-si-comunitatea-la-blouse-roumaine-participa-la-celmaimare100\/"},"wordCount":553,"commentCount":0,"image":{"@id":"https:\/\/urbeamea.ro\/albaiulia\/campionul-olimpic-ivan-patzaichin-si-comunitatea-la-blouse-roumaine-participa-la-celmaimare100\/#primaryimage"},"thumbnailUrl":"https:\/\/urbeamea.ro\/albaiulia\/wp-content\/uploads\/2018\/09\/cel-mai-mare-100.jpg","keywords":["Alba Iulia","Andreea Tanasescu","cel mai mare 100","festivalul bucurie in miscare","Ivan Patzaichin","record mondial","stiri","Urbea Mea"],"articleSection":["Evenimente"],"inLanguage":"ro-RO","potentialAction":[{"@type":"CommentAction","name":"Comment","target":["https:\/\/urbeamea.ro\/albaiulia\/campionul-olimpic-ivan-patzaichin-si-comunitatea-la-blouse-roumaine-participa-la-celmaimare100\/#respond"]}]},{"@type":"WebPage","@id":"https:\/\/urbeamea.ro\/albaiulia\/campionul-olimpic-ivan-patzaichin-si-comunitatea-la-blouse-roumaine-participa-la-celmaimare100\/","url":"https:\/\/urbeamea.ro\/albaiulia\/campionul-olimpic-ivan-patzaichin-si-comunitatea-la-blouse-roumaine-participa-la-celmaimare100\/","name":"Campionul olimpic Ivan Patzaichin \u0219i comunitatea La blouse roumaine particip\u0103 la #CelMaiMare100 - Revista Urbea Mea - Revista de Alba","isPartOf":{"@id":"https:\/\/urbeamea.ro\/albaiulia\/#website"},"primaryImageOfPage":{"@id":"https:\/\/urbeamea.ro\/albaiulia\/campionul-olimpic-ivan-patzaichin-si-comunitatea-la-blouse-roumaine-participa-la-celmaimare100\/#primaryimage"},"image":{"@id":"https:\/\/urbeamea.ro\/albaiulia\/campionul-olimpic-ivan-patzaichin-si-comunitatea-la-blouse-roumaine-participa-la-celmaimare100\/#primaryimage"},"thumbnailUrl":"https:\/\/urbeamea.ro\/albaiulia\/wp-content\/uploads\/2018\/09\/cel-mai-mare-100.jpg","datePublished":"2018-09-27T13:25:53+00:00","author":{"@id":"https:\/\/urbeamea.ro\/albaiulia\/#\/schema\/person\/9700d21fae21c4f038b0b56f4506264a"},"description":"\u00centre invita\u021bii speciali care vor contribui \u00een 29 septembrie, la Alba Iulia, la dobor\u00e2rea recordului mondial pentru cea mai mare hart\u0103 a unei \u021b\u0103ri format\u0103","breadcrumb":{"@id":"https:\/\/urbeamea.ro\/albaiulia\/campionul-olimpic-ivan-patzaichin-si-comunitatea-la-blouse-roumaine-participa-la-celmaimare100\/#breadcrumb"},"inLanguage":"ro-RO","potentialAction":[{"@type":"ReadAction","target":["https:\/\/urbeamea.ro\/albaiulia\/campionul-olimpic-ivan-patzaichin-si-comunitatea-la-blouse-roumaine-participa-la-celmaimare100\/"]}]},{"@type":"ImageObject","inLanguage":"ro-RO","@id":"https:\/\/urbeamea.ro\/albaiulia\/campionul-olimpic-ivan-patzaichin-si-comunitatea-la-blouse-roumaine-participa-la-celmaimare100\/#primaryimage","url":"https:\/\/urbeamea.ro\/albaiulia\/wp-content\/uploads\/2018\/09\/cel-mai-mare-100.jpg","contentUrl":"https:\/\/urbeamea.ro\/albaiulia\/wp-content\/uploads\/2018\/09\/cel-mai-mare-100.jpg","width":646,"height":404},{"@type":"BreadcrumbList","@id":"https:\/\/urbeamea.ro\/albaiulia\/campionul-olimpic-ivan-patzaichin-si-comunitatea-la-blouse-roumaine-participa-la-celmaimare100\/#breadcrumb","itemListElement":[{"@type":"ListItem","position":1,"name":"Prima pagin\u0103","item":"https:\/\/urbeamea.ro\/albaiulia\/"},{"@type":"ListItem","position":2,"name":"Campionul olimpic Ivan Patzaichin \u0219i comunitatea La blouse roumaine particip\u0103 la #CelMaiMare100"}]},{"@type":"WebSite","@id":"https:\/\/urbeamea.ro\/albaiulia\/#website","url":"https:\/\/urbeamea.ro\/albaiulia\/","name":"Revista Urbea Mea, Stiri urbane","description":"Evenimente \u0219i \u0219tiri din Alba Iulia, Sebe\u0219, Aiud, Blaj","potentialAction":[{"@type":"SearchAction","target":{"@type":"EntryPoint","urlTemplate":"https:\/\/urbeamea.ro\/albaiulia\/?s={search_term_string}"},"query-input":{"@type":"PropertyValueSpecification","valueRequired":true,"valueName":"search_term_string"}}],"inLanguage":"ro-RO"},{"@type":"Person","@id":"https:\/\/urbeamea.ro\/albaiulia\/#\/schema\/person\/9700d21fae21c4f038b0b56f4506264a","name":"Cristina Ganga","image":{"@type":"ImageObject","inLanguage":"ro-RO","@id":"https:\/\/secure.gravatar.com\/avatar\/5a67661041f057b4a8ccaf26f5a8e86e2689372006d01faf3dd9eeb10b654bb4?s=96&d=mm&r=g","url":"https:\/\/secure.gravatar.com\/avatar\/5a67661041f057b4a8ccaf26f5a8e86e2689372006d01faf3dd9eeb10b654bb4?s=96&d=mm&r=g","contentUrl":"https:\/\/secure.gravatar.com\/avatar\/5a67661041f057b4a8ccaf26f5a8e86e2689372006d01faf3dd9eeb10b654bb4?s=96&d=mm&r=g","caption":"Cristina Ganga"},"description":"Jurnalist","sameAs":["https:\/\/www.facebook.com\/cristina.nicola.587"],"url":"https:\/\/urbeamea.ro\/albaiulia\/author\/cristina-nicola\/"}]}},"_links":{"self":[{"href":"https:\/\/urbeamea.ro\/albaiulia\/wp-json\/wp\/v2\/posts\/67288","targetHints":{"allow":["GET"]}}],"collection":[{"href":"https:\/\/urbeamea.ro\/albaiulia\/wp-json\/wp\/v2\/posts"}],"about":[{"href":"https:\/\/urbeamea.ro\/albaiulia\/wp-json\/wp\/v2\/types\/post"}],"author":[{"embeddable":true,"href":"https:\/\/urbeamea.ro\/albaiulia\/wp-json\/wp\/v2\/users\/17"}],"replies":[{"embeddable":true,"href":"https:\/\/urbeamea.ro\/albaiulia\/wp-json\/wp\/v2\/comments?post=67288"}],"version-history":[{"count":0,"href":"https:\/\/urbeamea.ro\/albaiulia\/wp-json\/wp\/v2\/posts\/67288\/revisions"}],"wp:featuredmedia":[{"embeddable":true,"href":"https:\/\/urbeamea.ro\/albaiulia\/wp-json\/wp\/v2\/media\/67099"}],"wp:attachment":[{"href":"https:\/\/urbeamea.ro\/albaiulia\/wp-json\/wp\/v2\/media?parent=67288"}],"wp:term":[{"taxonomy":"category","embeddable":true,"href":"https:\/\/urbeamea.ro\/albaiulia\/wp-json\/wp\/v2\/categories?post=67288"},{"taxonomy":"post_tag","embeddable":true,"href":"https:\/\/urbeamea.ro\/albaiulia\/wp-json\/wp\/v2\/tags?post=67288"}],"curies":[{"name":"wp","href":"https:\/\/api.w.org\/{rel}","templated":true}]}}