{"id":67626,"date":"2018-10-09T16:19:42","date_gmt":"2018-10-09T13:19:42","guid":{"rendered":"https:\/\/urbeamea.ro\/albaiulia\/?p=67626"},"modified":"2018-10-09T16:19:42","modified_gmt":"2018-10-09T13:19:42","slug":"18-octombrie-targul-de-cariere-alba-iulia-revine-cu-o-noua-editie","status":"publish","type":"post","link":"https:\/\/urbeamea.ro\/albaiulia\/18-octombrie-targul-de-cariere-alba-iulia-revine-cu-o-noua-editie\/","title":{"rendered":"18 octombrie: T\u00e2rgul de Cariere Alba Iulia revine cu o nou\u0103 edi\u021bie"},"content":{"rendered":"<p><strong>T\u00e2rgul de Cariere Alba Iulia are loc pe 18 octombrie la Alba Mall, \u00eentre orele 10-19:00. Sunt disponibile locuri de munc\u0103 din domeniul automotive, IT &amp; software, inginerie, alimentar sau construc\u021bii. Companiile BMT Driving Solutions, Azets, STC Star Transmission, Electro Alfa, Bosch Automotive particip\u0103 la eveniment cu posturi pentru cei afla\u021bi la \u00eenceputul carierei, dar \u0219i pentru persoanele cu experien\u021b\u0103 profesional\u0103.<\/strong><\/p>\n<blockquote><p>\u201cNe bucur\u0103m s\u0103 revenim \u0219i \u00een acest sezon la Alba Iulia. Edi\u021bia aceasta aduce nout\u0103\u021bi importante \u00een ceea ce prive\u0219te modul de analizare a CV-urilor. Introducem digitalizarea CV-ului, o metod\u0103 care sper\u0103m s\u0103 devin\u0103 din ce \u00een ce mai popular\u0103 \u00een r\u00e2ndul candida\u021bilor.\u201d, a declarat Alina Agafi\u021bei, PR Manager T\u00e2rgul de Cariere.<\/p><\/blockquote>\n<p>Candida\u021bii vor avea ocazia s\u0103 interac\u021bioneze direct cu angajatorii, iar prin intermediul eJobs, se introduce digitalizarea CV-ului. Cu ajutorul unei noi aplica\u021bii, numit\u0103 CV2GO, toate CV-urile de la T\u00e2rgul de Cariere Alba Iulia vor fi colectate \u00eentr-un singur loc. Candida\u021bii \u00ee\u0219i vor imprima CV-ul la intrarea \u00een t\u00e2rg, sub forma unui QR Code, pe care \u00eel vor putea scana cu ajutorul aplica\u021biei.<\/p>\n<blockquote><p>\u201dTo\u021bi angajatorii sunt acum \u00een mediul online. La fel \u0219i o parte tot mai mare dintre candida\u021bii, pentru c\u0103, at\u00e2t unii, c\u00e2t \u0219i ceilal\u021bi, caut\u0103 o fluidizare a procesului de recrutare. vor ca lucrurile s\u0103 se \u00eent\u00e2mple mai simplu, mai rapid \u0219i mai comod, iar varianta aplic\u0103rii online, cu CV digital le permite s\u0103 jongleze mai u\u0219or cu num\u0103rul crescut de oportunit\u0103\u021bi, fie c\u0103 vorbim despre selectarea unor candida\u021bi sau despre alegerea unei oferte de munc\u0103. Tendin\u021ba este confirmat\u0103 \u0219i de cifre &#8211; \u00een acest moment, eJobs are o baz\u0103 de 3,9 milioane de CV-uri digitale, iar num\u0103rul cre\u0219te de la lun\u0103 la lun\u0103\u201d, a declarat Bogdan Badea, CEO eJobs Rom\u00e2nia.<\/p><\/blockquote>\n<p>Aceast\u0103 edi\u021bie a T\u00e2rgului de Cariere pune accent pe o mai bun\u0103 interac\u021biune \u00eentre angajator \u0219i angajat.<\/p>\n<blockquote><p>\u201eT\u00e2rgul de Cariere \u00eensumeaz\u0103 sinergia \u00eentre oportunit\u0103\u021bi \u0219i experien\u021be de carier\u0103. Pentru noi este important s\u0103 nu ne limit\u0103m doar la conceptul de loc de munc\u0103 sau job. T\u00e2rgul de Cariere este o oportunitate unic\u0103, una diferit\u0103, pentru c\u0103 \u00eei ofer\u0103 candidatului \u0219ansa de a face carier\u0103 at\u00e2t \u00eentr-o corpora\u021bie, c\u00e2t \u0219i \u00eentr-un start-up. Mai mult dec\u00e2t at\u00e2t, o carier\u0103 poate \u00eencepe \u0219i cu un internship sau o oportunitate de voluntariat, iar toate acestea se reg\u0103sesc \u00een platforma T\u00e2rgul de Cariere.\u201d, a declarat Mihai Cotos, fondator T\u00e2rgul de Cariere.<\/p><\/blockquote>\n<p>T\u00e2rgul de Cariere este cea mai mare re\u021bea de evenimente de carier\u0103 din Republica Moldova \u0219i Rom\u00e2nia, reunind sute de angajatori \u0219i mii de candida\u021bi. Evenimentul a demarat \u00een anul 2006 \u0219i are loc de dou\u0103 ori pe an, \u00een sezonul de prim\u0103var\u0103 \u0219i cel de toamn\u0103.<\/p>\n<p>Mai multe informa\u021bii despre eveniment g\u0103si\u021bi pe <a href=\"http:\/\/www.targuldecariere.ro\/alba-iulia\">www.targuldecariere.ro\/alba-iulia<\/a><\/p>\n","protected":false},"excerpt":{"rendered":"<p>T\u00e2rgul de Cariere Alba Iulia are loc pe 18 octombrie la Alba Mall, \u00eentre orele 10-19:00. Sunt disponibile locuri de munc\u0103 din domeniul automotive, IT &amp; software, inginerie, alimentar sau construc\u021bii. Companiile BMT Driving Solutions, Azets, STC Star Transmission, Electro Alfa, Bosch Automotive particip\u0103 la eveniment cu posturi pentru cei afla\u021bi la \u00eenceputul carierei, dar &hellip;<\/p>\n","protected":false},"author":17,"featured_media":67627,"comment_status":"open","ping_status":"open","sticky":false,"template":"","format":"standard","meta":{"inline_featured_image":false,"footnotes":""},"categories":[4],"tags":[31,434,16291,16288,301,3276,16290,16289,16287,2194,308,13006,76],"class_list":["post-67626","post","type-post","status-publish","format-standard","has-post-thumbnail","hentry","category-eveniment","tag-alba-iulia","tag-alba-mall","tag-alimentar","tag-automotive","tag-constructii","tag-domenii","tag-inginerie","tag-it-software","tag-locuri-de-munca-disponibile","tag-posturi","tag-stiri","tag-targul-de-cariere","tag-urbea-mea"],"yoast_head":"<!-- This site is optimized with the Yoast SEO plugin v28.3 - https:\/\/yoast.com\/product\/yoast-seo-wordpress\/ -->\n<title>18 octombrie: T\u00e2rgul de Cariere Alba Iulia revine cu o nou\u0103 edi\u021bie - Revista Urbea Mea - Revista de Alba<\/title>\n<meta name=\"description\" content=\"T\u00e2rgul de Cariere Alba Iulia are loc pe 18 octombrie la Alba Mall, \u00eentre orele 10-19:00. Sunt disponibile locuri de munc\u0103 din domeniul automotive, IT\" \/>\n<meta name=\"robots\" content=\"index, follow, max-snippet:-1, max-image-preview:large, max-video-preview:-1\" \/>\n<link rel=\"canonical\" href=\"https:\/\/urbeamea.ro\/albaiulia\/18-octombrie-targul-de-cariere-alba-iulia-revine-cu-o-noua-editie\/\" \/>\n<meta name=\"twitter:card\" content=\"summary_large_image\" \/>\n<meta name=\"twitter:title\" content=\"18 octombrie: T\u00e2rgul de Cariere Alba Iulia revine cu o nou\u0103 edi\u021bie - Revista Urbea Mea - Revista de Alba\" \/>\n<meta name=\"twitter:description\" content=\"T\u00e2rgul de Cariere Alba Iulia are loc pe 18 octombrie la Alba Mall, \u00eentre orele 10-19:00. Sunt disponibile locuri de munc\u0103 din domeniul automotive, IT\" \/>\n<meta name=\"twitter:image\" content=\"https:\/\/urbeamea.ro\/albaiulia\/wp-content\/uploads\/2018\/10\/b574a091-b97e-462a-983e-adc5c7acd47b.jpg\" \/>\n<meta name=\"twitter:creator\" content=\"@urbeameaweb\" \/>\n<meta name=\"twitter:site\" content=\"@urbeameaweb\" \/>\n<script type=\"application\/ld+json\" class=\"yoast-schema-graph\">{\"@context\":\"https:\\\/\\\/schema.org\",\"@graph\":[{\"@type\":\"Article\",\"@id\":\"https:\\\/\\\/urbeamea.ro\\\/albaiulia\\\/18-octombrie-targul-de-cariere-alba-iulia-revine-cu-o-noua-editie\\\/#article\",\"isPartOf\":{\"@id\":\"https:\\\/\\\/urbeamea.ro\\\/albaiulia\\\/18-octombrie-targul-de-cariere-alba-iulia-revine-cu-o-noua-editie\\\/\"},\"author\":{\"name\":\"Cristina Ganga\",\"@id\":\"https:\\\/\\\/urbeamea.ro\\\/albaiulia\\\/#\\\/schema\\\/person\\\/9700d21fae21c4f038b0b56f4506264a\"},\"headline\":\"18 octombrie: T\u00e2rgul de Cariere Alba Iulia revine cu o nou\u0103 edi\u021bie\",\"datePublished\":\"2018-10-09T13:19:42+00:00\",\"mainEntityOfPage\":{\"@id\":\"https:\\\/\\\/urbeamea.ro\\\/albaiulia\\\/18-octombrie-targul-de-cariere-alba-iulia-revine-cu-o-noua-editie\\\/\"},\"wordCount\":519,\"commentCount\":0,\"image\":{\"@id\":\"https:\\\/\\\/urbeamea.ro\\\/albaiulia\\\/18-octombrie-targul-de-cariere-alba-iulia-revine-cu-o-noua-editie\\\/#primaryimage\"},\"thumbnailUrl\":\"https:\\\/\\\/urbeamea.ro\\\/albaiulia\\\/wp-content\\\/uploads\\\/2018\\\/10\\\/b574a091-b97e-462a-983e-adc5c7acd47b.jpg\",\"keywords\":[\"Alba Iulia\",\"alba mall\",\"alimentar\",\"automotive\",\"constructii\",\"domenii\",\"inginerie\",\"IT &amp; software\",\"locuri de munca disponibile\",\"posturi\",\"stiri\",\"targul de cariere\",\"Urbea Mea\"],\"articleSection\":[\"Evenimente\"],\"inLanguage\":\"ro-RO\",\"potentialAction\":[{\"@type\":\"CommentAction\",\"name\":\"Comment\",\"target\":[\"https:\\\/\\\/urbeamea.ro\\\/albaiulia\\\/18-octombrie-targul-de-cariere-alba-iulia-revine-cu-o-noua-editie\\\/#respond\"]}]},{\"@type\":\"WebPage\",\"@id\":\"https:\\\/\\\/urbeamea.ro\\\/albaiulia\\\/18-octombrie-targul-de-cariere-alba-iulia-revine-cu-o-noua-editie\\\/\",\"url\":\"https:\\\/\\\/urbeamea.ro\\\/albaiulia\\\/18-octombrie-targul-de-cariere-alba-iulia-revine-cu-o-noua-editie\\\/\",\"name\":\"18 octombrie: T\u00e2rgul de Cariere Alba Iulia revine cu o nou\u0103 edi\u021bie - Revista Urbea Mea - Revista de Alba\",\"isPartOf\":{\"@id\":\"https:\\\/\\\/urbeamea.ro\\\/albaiulia\\\/#website\"},\"primaryImageOfPage\":{\"@id\":\"https:\\\/\\\/urbeamea.ro\\\/albaiulia\\\/18-octombrie-targul-de-cariere-alba-iulia-revine-cu-o-noua-editie\\\/#primaryimage\"},\"image\":{\"@id\":\"https:\\\/\\\/urbeamea.ro\\\/albaiulia\\\/18-octombrie-targul-de-cariere-alba-iulia-revine-cu-o-noua-editie\\\/#primaryimage\"},\"thumbnailUrl\":\"https:\\\/\\\/urbeamea.ro\\\/albaiulia\\\/wp-content\\\/uploads\\\/2018\\\/10\\\/b574a091-b97e-462a-983e-adc5c7acd47b.jpg\",\"datePublished\":\"2018-10-09T13:19:42+00:00\",\"author\":{\"@id\":\"https:\\\/\\\/urbeamea.ro\\\/albaiulia\\\/#\\\/schema\\\/person\\\/9700d21fae21c4f038b0b56f4506264a\"},\"description\":\"T\u00e2rgul de Cariere Alba Iulia are loc pe 18 octombrie la Alba Mall, \u00eentre orele 10-19:00. Sunt disponibile locuri de munc\u0103 din domeniul automotive, IT\",\"breadcrumb\":{\"@id\":\"https:\\\/\\\/urbeamea.ro\\\/albaiulia\\\/18-octombrie-targul-de-cariere-alba-iulia-revine-cu-o-noua-editie\\\/#breadcrumb\"},\"inLanguage\":\"ro-RO\",\"potentialAction\":[{\"@type\":\"ReadAction\",\"target\":[\"https:\\\/\\\/urbeamea.ro\\\/albaiulia\\\/18-octombrie-targul-de-cariere-alba-iulia-revine-cu-o-noua-editie\\\/\"]}]},{\"@type\":\"ImageObject\",\"inLanguage\":\"ro-RO\",\"@id\":\"https:\\\/\\\/urbeamea.ro\\\/albaiulia\\\/18-octombrie-targul-de-cariere-alba-iulia-revine-cu-o-noua-editie\\\/#primaryimage\",\"url\":\"https:\\\/\\\/urbeamea.ro\\\/albaiulia\\\/wp-content\\\/uploads\\\/2018\\\/10\\\/b574a091-b97e-462a-983e-adc5c7acd47b.jpg\",\"contentUrl\":\"https:\\\/\\\/urbeamea.ro\\\/albaiulia\\\/wp-content\\\/uploads\\\/2018\\\/10\\\/b574a091-b97e-462a-983e-adc5c7acd47b.jpg\",\"width\":960,\"height\":639},{\"@type\":\"BreadcrumbList\",\"@id\":\"https:\\\/\\\/urbeamea.ro\\\/albaiulia\\\/18-octombrie-targul-de-cariere-alba-iulia-revine-cu-o-noua-editie\\\/#breadcrumb\",\"itemListElement\":[{\"@type\":\"ListItem\",\"position\":1,\"name\":\"Prima pagin\u0103\",\"item\":\"https:\\\/\\\/urbeamea.ro\\\/albaiulia\\\/\"},{\"@type\":\"ListItem\",\"position\":2,\"name\":\"18 octombrie: T\u00e2rgul de Cariere Alba Iulia revine cu o nou\u0103 edi\u021bie\"}]},{\"@type\":\"WebSite\",\"@id\":\"https:\\\/\\\/urbeamea.ro\\\/albaiulia\\\/#website\",\"url\":\"https:\\\/\\\/urbeamea.ro\\\/albaiulia\\\/\",\"name\":\"Revista Urbea Mea, Stiri urbane\",\"description\":\"Evenimente \u0219i \u0219tiri din Alba Iulia, Sebe\u0219, Aiud, Blaj\",\"potentialAction\":[{\"@type\":\"SearchAction\",\"target\":{\"@type\":\"EntryPoint\",\"urlTemplate\":\"https:\\\/\\\/urbeamea.ro\\\/albaiulia\\\/?s={search_term_string}\"},\"query-input\":{\"@type\":\"PropertyValueSpecification\",\"valueRequired\":true,\"valueName\":\"search_term_string\"}}],\"inLanguage\":\"ro-RO\"},{\"@type\":\"Person\",\"@id\":\"https:\\\/\\\/urbeamea.ro\\\/albaiulia\\\/#\\\/schema\\\/person\\\/9700d21fae21c4f038b0b56f4506264a\",\"name\":\"Cristina Ganga\",\"image\":{\"@type\":\"ImageObject\",\"inLanguage\":\"ro-RO\",\"@id\":\"https:\\\/\\\/secure.gravatar.com\\\/avatar\\\/5a67661041f057b4a8ccaf26f5a8e86e2689372006d01faf3dd9eeb10b654bb4?s=96&d=mm&r=g\",\"url\":\"https:\\\/\\\/secure.gravatar.com\\\/avatar\\\/5a67661041f057b4a8ccaf26f5a8e86e2689372006d01faf3dd9eeb10b654bb4?s=96&d=mm&r=g\",\"contentUrl\":\"https:\\\/\\\/secure.gravatar.com\\\/avatar\\\/5a67661041f057b4a8ccaf26f5a8e86e2689372006d01faf3dd9eeb10b654bb4?s=96&d=mm&r=g\",\"caption\":\"Cristina Ganga\"},\"description\":\"Jurnalist\",\"sameAs\":[\"https:\\\/\\\/www.facebook.com\\\/cristina.nicola.587\"],\"url\":\"https:\\\/\\\/urbeamea.ro\\\/albaiulia\\\/author\\\/cristina-nicola\\\/\"}]}<\/script>\n<!-- \/ Yoast SEO plugin. -->","yoast_head_json":{"title":"18 octombrie: T\u00e2rgul de Cariere Alba Iulia revine cu o nou\u0103 edi\u021bie - Revista Urbea Mea - Revista de Alba","description":"T\u00e2rgul de Cariere Alba Iulia are loc pe 18 octombrie la Alba Mall, \u00eentre orele 10-19:00. Sunt disponibile locuri de munc\u0103 din domeniul automotive, IT","robots":{"index":"index","follow":"follow","max-snippet":"max-snippet:-1","max-image-preview":"max-image-preview:large","max-video-preview":"max-video-preview:-1"},"canonical":"https:\/\/urbeamea.ro\/albaiulia\/18-octombrie-targul-de-cariere-alba-iulia-revine-cu-o-noua-editie\/","twitter_card":"summary_large_image","twitter_title":"18 octombrie: T\u00e2rgul de Cariere Alba Iulia revine cu o nou\u0103 edi\u021bie - Revista Urbea Mea - Revista de Alba","twitter_description":"T\u00e2rgul de Cariere Alba Iulia are loc pe 18 octombrie la Alba Mall, \u00eentre orele 10-19:00. Sunt disponibile locuri de munc\u0103 din domeniul automotive, IT","twitter_image":"https:\/\/urbeamea.ro\/albaiulia\/wp-content\/uploads\/2018\/10\/b574a091-b97e-462a-983e-adc5c7acd47b.jpg","twitter_creator":"@urbeameaweb","twitter_site":"@urbeameaweb","schema":{"@context":"https:\/\/schema.org","@graph":[{"@type":"Article","@id":"https:\/\/urbeamea.ro\/albaiulia\/18-octombrie-targul-de-cariere-alba-iulia-revine-cu-o-noua-editie\/#article","isPartOf":{"@id":"https:\/\/urbeamea.ro\/albaiulia\/18-octombrie-targul-de-cariere-alba-iulia-revine-cu-o-noua-editie\/"},"author":{"name":"Cristina Ganga","@id":"https:\/\/urbeamea.ro\/albaiulia\/#\/schema\/person\/9700d21fae21c4f038b0b56f4506264a"},"headline":"18 octombrie: T\u00e2rgul de Cariere Alba Iulia revine cu o nou\u0103 edi\u021bie","datePublished":"2018-10-09T13:19:42+00:00","mainEntityOfPage":{"@id":"https:\/\/urbeamea.ro\/albaiulia\/18-octombrie-targul-de-cariere-alba-iulia-revine-cu-o-noua-editie\/"},"wordCount":519,"commentCount":0,"image":{"@id":"https:\/\/urbeamea.ro\/albaiulia\/18-octombrie-targul-de-cariere-alba-iulia-revine-cu-o-noua-editie\/#primaryimage"},"thumbnailUrl":"https:\/\/urbeamea.ro\/albaiulia\/wp-content\/uploads\/2018\/10\/b574a091-b97e-462a-983e-adc5c7acd47b.jpg","keywords":["Alba Iulia","alba mall","alimentar","automotive","constructii","domenii","inginerie","IT &amp; software","locuri de munca disponibile","posturi","stiri","targul de cariere","Urbea Mea"],"articleSection":["Evenimente"],"inLanguage":"ro-RO","potentialAction":[{"@type":"CommentAction","name":"Comment","target":["https:\/\/urbeamea.ro\/albaiulia\/18-octombrie-targul-de-cariere-alba-iulia-revine-cu-o-noua-editie\/#respond"]}]},{"@type":"WebPage","@id":"https:\/\/urbeamea.ro\/albaiulia\/18-octombrie-targul-de-cariere-alba-iulia-revine-cu-o-noua-editie\/","url":"https:\/\/urbeamea.ro\/albaiulia\/18-octombrie-targul-de-cariere-alba-iulia-revine-cu-o-noua-editie\/","name":"18 octombrie: T\u00e2rgul de Cariere Alba Iulia revine cu o nou\u0103 edi\u021bie - Revista Urbea Mea - Revista de Alba","isPartOf":{"@id":"https:\/\/urbeamea.ro\/albaiulia\/#website"},"primaryImageOfPage":{"@id":"https:\/\/urbeamea.ro\/albaiulia\/18-octombrie-targul-de-cariere-alba-iulia-revine-cu-o-noua-editie\/#primaryimage"},"image":{"@id":"https:\/\/urbeamea.ro\/albaiulia\/18-octombrie-targul-de-cariere-alba-iulia-revine-cu-o-noua-editie\/#primaryimage"},"thumbnailUrl":"https:\/\/urbeamea.ro\/albaiulia\/wp-content\/uploads\/2018\/10\/b574a091-b97e-462a-983e-adc5c7acd47b.jpg","datePublished":"2018-10-09T13:19:42+00:00","author":{"@id":"https:\/\/urbeamea.ro\/albaiulia\/#\/schema\/person\/9700d21fae21c4f038b0b56f4506264a"},"description":"T\u00e2rgul de Cariere Alba Iulia are loc pe 18 octombrie la Alba Mall, \u00eentre orele 10-19:00. Sunt disponibile locuri de munc\u0103 din domeniul automotive, IT","breadcrumb":{"@id":"https:\/\/urbeamea.ro\/albaiulia\/18-octombrie-targul-de-cariere-alba-iulia-revine-cu-o-noua-editie\/#breadcrumb"},"inLanguage":"ro-RO","potentialAction":[{"@type":"ReadAction","target":["https:\/\/urbeamea.ro\/albaiulia\/18-octombrie-targul-de-cariere-alba-iulia-revine-cu-o-noua-editie\/"]}]},{"@type":"ImageObject","inLanguage":"ro-RO","@id":"https:\/\/urbeamea.ro\/albaiulia\/18-octombrie-targul-de-cariere-alba-iulia-revine-cu-o-noua-editie\/#primaryimage","url":"https:\/\/urbeamea.ro\/albaiulia\/wp-content\/uploads\/2018\/10\/b574a091-b97e-462a-983e-adc5c7acd47b.jpg","contentUrl":"https:\/\/urbeamea.ro\/albaiulia\/wp-content\/uploads\/2018\/10\/b574a091-b97e-462a-983e-adc5c7acd47b.jpg","width":960,"height":639},{"@type":"BreadcrumbList","@id":"https:\/\/urbeamea.ro\/albaiulia\/18-octombrie-targul-de-cariere-alba-iulia-revine-cu-o-noua-editie\/#breadcrumb","itemListElement":[{"@type":"ListItem","position":1,"name":"Prima pagin\u0103","item":"https:\/\/urbeamea.ro\/albaiulia\/"},{"@type":"ListItem","position":2,"name":"18 octombrie: T\u00e2rgul de Cariere Alba Iulia revine cu o nou\u0103 edi\u021bie"}]},{"@type":"WebSite","@id":"https:\/\/urbeamea.ro\/albaiulia\/#website","url":"https:\/\/urbeamea.ro\/albaiulia\/","name":"Revista Urbea Mea, Stiri urbane","description":"Evenimente \u0219i \u0219tiri din Alba Iulia, Sebe\u0219, Aiud, Blaj","potentialAction":[{"@type":"SearchAction","target":{"@type":"EntryPoint","urlTemplate":"https:\/\/urbeamea.ro\/albaiulia\/?s={search_term_string}"},"query-input":{"@type":"PropertyValueSpecification","valueRequired":true,"valueName":"search_term_string"}}],"inLanguage":"ro-RO"},{"@type":"Person","@id":"https:\/\/urbeamea.ro\/albaiulia\/#\/schema\/person\/9700d21fae21c4f038b0b56f4506264a","name":"Cristina Ganga","image":{"@type":"ImageObject","inLanguage":"ro-RO","@id":"https:\/\/secure.gravatar.com\/avatar\/5a67661041f057b4a8ccaf26f5a8e86e2689372006d01faf3dd9eeb10b654bb4?s=96&d=mm&r=g","url":"https:\/\/secure.gravatar.com\/avatar\/5a67661041f057b4a8ccaf26f5a8e86e2689372006d01faf3dd9eeb10b654bb4?s=96&d=mm&r=g","contentUrl":"https:\/\/secure.gravatar.com\/avatar\/5a67661041f057b4a8ccaf26f5a8e86e2689372006d01faf3dd9eeb10b654bb4?s=96&d=mm&r=g","caption":"Cristina Ganga"},"description":"Jurnalist","sameAs":["https:\/\/www.facebook.com\/cristina.nicola.587"],"url":"https:\/\/urbeamea.ro\/albaiulia\/author\/cristina-nicola\/"}]}},"_links":{"self":[{"href":"https:\/\/urbeamea.ro\/albaiulia\/wp-json\/wp\/v2\/posts\/67626","targetHints":{"allow":["GET"]}}],"collection":[{"href":"https:\/\/urbeamea.ro\/albaiulia\/wp-json\/wp\/v2\/posts"}],"about":[{"href":"https:\/\/urbeamea.ro\/albaiulia\/wp-json\/wp\/v2\/types\/post"}],"author":[{"embeddable":true,"href":"https:\/\/urbeamea.ro\/albaiulia\/wp-json\/wp\/v2\/users\/17"}],"replies":[{"embeddable":true,"href":"https:\/\/urbeamea.ro\/albaiulia\/wp-json\/wp\/v2\/comments?post=67626"}],"version-history":[{"count":0,"href":"https:\/\/urbeamea.ro\/albaiulia\/wp-json\/wp\/v2\/posts\/67626\/revisions"}],"wp:featuredmedia":[{"embeddable":true,"href":"https:\/\/urbeamea.ro\/albaiulia\/wp-json\/wp\/v2\/media\/67627"}],"wp:attachment":[{"href":"https:\/\/urbeamea.ro\/albaiulia\/wp-json\/wp\/v2\/media?parent=67626"}],"wp:term":[{"taxonomy":"category","embeddable":true,"href":"https:\/\/urbeamea.ro\/albaiulia\/wp-json\/wp\/v2\/categories?post=67626"},{"taxonomy":"post_tag","embeddable":true,"href":"https:\/\/urbeamea.ro\/albaiulia\/wp-json\/wp\/v2\/tags?post=67626"}],"curies":[{"name":"wp","href":"https:\/\/api.w.org\/{rel}","templated":true}]}}