{"id":67987,"date":"2018-10-25T13:14:33","date_gmt":"2018-10-25T10:14:33","guid":{"rendered":"https:\/\/urbeamea.ro\/albaiulia\/?p=67987"},"modified":"2018-10-25T13:14:54","modified_gmt":"2018-10-25T10:14:54","slug":"25-26-octombrie-conferinta-nationala-bibliologie-si-patrimoniu-cultural-national-editia-a-xii-a","status":"publish","type":"post","link":"https:\/\/urbeamea.ro\/albaiulia\/25-26-octombrie-conferinta-nationala-bibliologie-si-patrimoniu-cultural-national-editia-a-xii-a\/","title":{"rendered":"25-26 octombrie: Conferin\u0163a na\u0163ional\u0103 \u201eBibliologie \u015fi Patrimoniu Cultural Na\u0163ional\u201d, edi\u0163ia a XII-a"},"content":{"rendered":"<p>Departamentul de Istorie, Arheologie, Muzeologie\u00a0 din cadrul Universit\u0103\u021bii \u201e1 Decembrie 1918&#8243; din Alba Iulia organizeaz\u0103, \u00een perioada 25-26 octombrie, Conferin\u0163a na\u0163ional\u0103 \u201eBibliologie \u015fi Patrimoniu Cultural Na\u0163ional\u201d, edi\u0163ia a XII-a. Manifestarea este organizat\u0103 sub egida \u201e2018 &#8211; Anul European al Patrimoniului Cultural&#8221;.<\/p>\n<p>Deschiderea conferin\u021bei a avut loc astazi, 25 octombrie \u00een Sala Senatului din cadrul Universit\u0103\u021bii\u00a0\u201e1 Decembrie 1918&#8243; .<\/p>\n","protected":false},"excerpt":{"rendered":"<p>Departamentul de Istorie, Arheologie, Muzeologie\u00a0 din cadrul Universit\u0103\u021bii \u201e1 Decembrie 1918&#8243; din Alba Iulia organizeaz\u0103, \u00een perioada 25-26 octombrie, Conferin\u0163a na\u0163ional\u0103 \u201eBibliologie \u015fi Patrimoniu Cultural Na\u0163ional\u201d, edi\u0163ia a XII-a. Manifestarea este organizat\u0103 sub egida \u201e2018 &#8211; Anul European al Patrimoniului Cultural&#8221;. Deschiderea conferin\u021bei a avut loc astazi, 25 octombrie \u00een Sala Senatului din cadrul Universit\u0103\u021bii\u00a0\u201e1 &hellip;<\/p>\n","protected":false},"author":26,"featured_media":68050,"comment_status":"open","ping_status":"open","sticky":false,"template":"","format":"standard","meta":{"inline_featured_image":false,"footnotes":""},"categories":[2038],"tags":[31,1003,4636,1979,3679],"class_list":["post-67987","post","type-post","status-publish","format-standard","has-post-thumbnail","hentry","category-cultura","tag-alba-iulia","tag-educatie","tag-eveniment-cultural","tag-revista-urbea-mea","tag-universitatea-1-decembrie-1918-alba-iulia"],"yoast_head":"<!-- This site is optimized with the Yoast SEO plugin v28.3 - https:\/\/yoast.com\/product\/yoast-seo-wordpress\/ -->\n<title>25-26 octombrie: Conferin\u0163a na\u0163ional\u0103 \u201eBibliologie \u015fi Patrimoniu Cultural Na\u0163ional\u201d, edi\u0163ia a XII-a - Revista Urbea Mea - Revista de Alba<\/title>\n<meta name=\"description\" content=\"Departamentul de Istorie, Arheologie, Muzeologie\u00a0 din cadrul Universit\u0103\u021bii \u201e1 Decembrie 1918&quot; din Alba Iulia organizeaz\u0103, \u00een perioada 25-26 octombrie,\" \/>\n<meta name=\"robots\" content=\"index, follow, max-snippet:-1, max-image-preview:large, max-video-preview:-1\" \/>\n<link rel=\"canonical\" href=\"https:\/\/urbeamea.ro\/albaiulia\/25-26-octombrie-conferinta-nationala-bibliologie-si-patrimoniu-cultural-national-editia-a-xii-a\/\" \/>\n<meta name=\"twitter:card\" content=\"summary_large_image\" \/>\n<meta name=\"twitter:title\" content=\"25-26 octombrie: Conferin\u0163a na\u0163ional\u0103 \u201eBibliologie \u015fi Patrimoniu Cultural Na\u0163ional\u201d, edi\u0163ia a XII-a - Revista Urbea Mea - Revista de Alba\" \/>\n<meta name=\"twitter:description\" content=\"Departamentul de Istorie, Arheologie, Muzeologie\u00a0 din cadrul Universit\u0103\u021bii \u201e1 Decembrie 1918&quot; din Alba Iulia organizeaz\u0103, \u00een perioada 25-26 octombrie,\" \/>\n<meta name=\"twitter:image\" content=\"https:\/\/urbeamea.ro\/albaiulia\/wp-content\/uploads\/2018\/10\/44559875_1080690582098852_6309896107077926912_n.jpg\" \/>\n<meta name=\"twitter:creator\" content=\"@urbeameaweb\" \/>\n<meta name=\"twitter:site\" content=\"@urbeameaweb\" \/>\n<script type=\"application\/ld+json\" class=\"yoast-schema-graph\">{\"@context\":\"https:\\\/\\\/schema.org\",\"@graph\":[{\"@type\":\"Article\",\"@id\":\"https:\\\/\\\/urbeamea.ro\\\/albaiulia\\\/25-26-octombrie-conferinta-nationala-bibliologie-si-patrimoniu-cultural-national-editia-a-xii-a\\\/#article\",\"isPartOf\":{\"@id\":\"https:\\\/\\\/urbeamea.ro\\\/albaiulia\\\/25-26-octombrie-conferinta-nationala-bibliologie-si-patrimoniu-cultural-national-editia-a-xii-a\\\/\"},\"author\":{\"name\":\"Raluca Krisbai\",\"@id\":\"https:\\\/\\\/urbeamea.ro\\\/albaiulia\\\/#\\\/schema\\\/person\\\/9835621e3cb33b6c1253958b5c5fd38d\"},\"headline\":\"25-26 octombrie: Conferin\u0163a na\u0163ional\u0103 \u201eBibliologie \u015fi Patrimoniu Cultural Na\u0163ional\u201d, edi\u0163ia a XII-a\",\"datePublished\":\"2018-10-25T10:14:33+00:00\",\"dateModified\":\"2018-10-25T10:14:54+00:00\",\"mainEntityOfPage\":{\"@id\":\"https:\\\/\\\/urbeamea.ro\\\/albaiulia\\\/25-26-octombrie-conferinta-nationala-bibliologie-si-patrimoniu-cultural-national-editia-a-xii-a\\\/\"},\"wordCount\":75,\"commentCount\":0,\"image\":{\"@id\":\"https:\\\/\\\/urbeamea.ro\\\/albaiulia\\\/25-26-octombrie-conferinta-nationala-bibliologie-si-patrimoniu-cultural-national-editia-a-xii-a\\\/#primaryimage\"},\"thumbnailUrl\":\"https:\\\/\\\/urbeamea.ro\\\/albaiulia\\\/wp-content\\\/uploads\\\/2018\\\/10\\\/44559875_1080690582098852_6309896107077926912_n.jpg\",\"keywords\":[\"Alba Iulia\",\"educatie\",\"eveniment cultural\",\"Revista Urbea Mea\",\"Universitatea \u201e1 Decembrie 1918\u201d Alba Iulia\"],\"articleSection\":[\"Cultur\u0103\"],\"inLanguage\":\"ro-RO\",\"potentialAction\":[{\"@type\":\"CommentAction\",\"name\":\"Comment\",\"target\":[\"https:\\\/\\\/urbeamea.ro\\\/albaiulia\\\/25-26-octombrie-conferinta-nationala-bibliologie-si-patrimoniu-cultural-national-editia-a-xii-a\\\/#respond\"]}]},{\"@type\":\"WebPage\",\"@id\":\"https:\\\/\\\/urbeamea.ro\\\/albaiulia\\\/25-26-octombrie-conferinta-nationala-bibliologie-si-patrimoniu-cultural-national-editia-a-xii-a\\\/\",\"url\":\"https:\\\/\\\/urbeamea.ro\\\/albaiulia\\\/25-26-octombrie-conferinta-nationala-bibliologie-si-patrimoniu-cultural-national-editia-a-xii-a\\\/\",\"name\":\"25-26 octombrie: Conferin\u0163a na\u0163ional\u0103 \u201eBibliologie \u015fi Patrimoniu Cultural Na\u0163ional\u201d, edi\u0163ia a XII-a - Revista Urbea Mea - Revista de Alba\",\"isPartOf\":{\"@id\":\"https:\\\/\\\/urbeamea.ro\\\/albaiulia\\\/#website\"},\"primaryImageOfPage\":{\"@id\":\"https:\\\/\\\/urbeamea.ro\\\/albaiulia\\\/25-26-octombrie-conferinta-nationala-bibliologie-si-patrimoniu-cultural-national-editia-a-xii-a\\\/#primaryimage\"},\"image\":{\"@id\":\"https:\\\/\\\/urbeamea.ro\\\/albaiulia\\\/25-26-octombrie-conferinta-nationala-bibliologie-si-patrimoniu-cultural-national-editia-a-xii-a\\\/#primaryimage\"},\"thumbnailUrl\":\"https:\\\/\\\/urbeamea.ro\\\/albaiulia\\\/wp-content\\\/uploads\\\/2018\\\/10\\\/44559875_1080690582098852_6309896107077926912_n.jpg\",\"datePublished\":\"2018-10-25T10:14:33+00:00\",\"dateModified\":\"2018-10-25T10:14:54+00:00\",\"author\":{\"@id\":\"https:\\\/\\\/urbeamea.ro\\\/albaiulia\\\/#\\\/schema\\\/person\\\/9835621e3cb33b6c1253958b5c5fd38d\"},\"description\":\"Departamentul de Istorie, Arheologie, Muzeologie\u00a0 din cadrul Universit\u0103\u021bii \u201e1 Decembrie 1918\\\" din Alba Iulia organizeaz\u0103, \u00een perioada 25-26 octombrie,\",\"breadcrumb\":{\"@id\":\"https:\\\/\\\/urbeamea.ro\\\/albaiulia\\\/25-26-octombrie-conferinta-nationala-bibliologie-si-patrimoniu-cultural-national-editia-a-xii-a\\\/#breadcrumb\"},\"inLanguage\":\"ro-RO\",\"potentialAction\":[{\"@type\":\"ReadAction\",\"target\":[\"https:\\\/\\\/urbeamea.ro\\\/albaiulia\\\/25-26-octombrie-conferinta-nationala-bibliologie-si-patrimoniu-cultural-national-editia-a-xii-a\\\/\"]}]},{\"@type\":\"ImageObject\",\"inLanguage\":\"ro-RO\",\"@id\":\"https:\\\/\\\/urbeamea.ro\\\/albaiulia\\\/25-26-octombrie-conferinta-nationala-bibliologie-si-patrimoniu-cultural-national-editia-a-xii-a\\\/#primaryimage\",\"url\":\"https:\\\/\\\/urbeamea.ro\\\/albaiulia\\\/wp-content\\\/uploads\\\/2018\\\/10\\\/44559875_1080690582098852_6309896107077926912_n.jpg\",\"contentUrl\":\"https:\\\/\\\/urbeamea.ro\\\/albaiulia\\\/wp-content\\\/uploads\\\/2018\\\/10\\\/44559875_1080690582098852_6309896107077926912_n.jpg\",\"width\":679,\"height\":960},{\"@type\":\"BreadcrumbList\",\"@id\":\"https:\\\/\\\/urbeamea.ro\\\/albaiulia\\\/25-26-octombrie-conferinta-nationala-bibliologie-si-patrimoniu-cultural-national-editia-a-xii-a\\\/#breadcrumb\",\"itemListElement\":[{\"@type\":\"ListItem\",\"position\":1,\"name\":\"Prima pagin\u0103\",\"item\":\"https:\\\/\\\/urbeamea.ro\\\/albaiulia\\\/\"},{\"@type\":\"ListItem\",\"position\":2,\"name\":\"25-26 octombrie: Conferin\u0163a na\u0163ional\u0103 \u201eBibliologie \u015fi Patrimoniu Cultural Na\u0163ional\u201d, edi\u0163ia a XII-a\"}]},{\"@type\":\"WebSite\",\"@id\":\"https:\\\/\\\/urbeamea.ro\\\/albaiulia\\\/#website\",\"url\":\"https:\\\/\\\/urbeamea.ro\\\/albaiulia\\\/\",\"name\":\"Revista Urbea Mea, Stiri urbane\",\"description\":\"Evenimente \u0219i \u0219tiri din Alba Iulia, Sebe\u0219, Aiud, Blaj\",\"potentialAction\":[{\"@type\":\"SearchAction\",\"target\":{\"@type\":\"EntryPoint\",\"urlTemplate\":\"https:\\\/\\\/urbeamea.ro\\\/albaiulia\\\/?s={search_term_string}\"},\"query-input\":{\"@type\":\"PropertyValueSpecification\",\"valueRequired\":true,\"valueName\":\"search_term_string\"}}],\"inLanguage\":\"ro-RO\"},{\"@type\":\"Person\",\"@id\":\"https:\\\/\\\/urbeamea.ro\\\/albaiulia\\\/#\\\/schema\\\/person\\\/9835621e3cb33b6c1253958b5c5fd38d\",\"name\":\"Raluca Krisbai\",\"image\":{\"@type\":\"ImageObject\",\"inLanguage\":\"ro-RO\",\"@id\":\"https:\\\/\\\/secure.gravatar.com\\\/avatar\\\/90b7a537a346c034a8bf27f74a4a88eb14594327622a99e7c0a816e2a5e7ed5e?s=96&d=mm&r=g\",\"url\":\"https:\\\/\\\/secure.gravatar.com\\\/avatar\\\/90b7a537a346c034a8bf27f74a4a88eb14594327622a99e7c0a816e2a5e7ed5e?s=96&d=mm&r=g\",\"contentUrl\":\"https:\\\/\\\/secure.gravatar.com\\\/avatar\\\/90b7a537a346c034a8bf27f74a4a88eb14594327622a99e7c0a816e2a5e7ed5e?s=96&d=mm&r=g\",\"caption\":\"Raluca Krisbai\"},\"sameAs\":[\"https:\\\/\\\/www.urbeamea.ro\"],\"url\":\"https:\\\/\\\/urbeamea.ro\\\/albaiulia\\\/author\\\/raluca-krisbai\\\/\"}]}<\/script>\n<!-- \/ Yoast SEO plugin. -->","yoast_head_json":{"title":"25-26 octombrie: Conferin\u0163a na\u0163ional\u0103 \u201eBibliologie \u015fi Patrimoniu Cultural Na\u0163ional\u201d, edi\u0163ia a XII-a - Revista Urbea Mea - Revista de Alba","description":"Departamentul de Istorie, Arheologie, Muzeologie\u00a0 din cadrul Universit\u0103\u021bii \u201e1 Decembrie 1918\" din Alba Iulia organizeaz\u0103, \u00een perioada 25-26 octombrie,","robots":{"index":"index","follow":"follow","max-snippet":"max-snippet:-1","max-image-preview":"max-image-preview:large","max-video-preview":"max-video-preview:-1"},"canonical":"https:\/\/urbeamea.ro\/albaiulia\/25-26-octombrie-conferinta-nationala-bibliologie-si-patrimoniu-cultural-national-editia-a-xii-a\/","twitter_card":"summary_large_image","twitter_title":"25-26 octombrie: Conferin\u0163a na\u0163ional\u0103 \u201eBibliologie \u015fi Patrimoniu Cultural Na\u0163ional\u201d, edi\u0163ia a XII-a - Revista Urbea Mea - Revista de Alba","twitter_description":"Departamentul de Istorie, Arheologie, Muzeologie\u00a0 din cadrul Universit\u0103\u021bii \u201e1 Decembrie 1918\" din Alba Iulia organizeaz\u0103, \u00een perioada 25-26 octombrie,","twitter_image":"https:\/\/urbeamea.ro\/albaiulia\/wp-content\/uploads\/2018\/10\/44559875_1080690582098852_6309896107077926912_n.jpg","twitter_creator":"@urbeameaweb","twitter_site":"@urbeameaweb","schema":{"@context":"https:\/\/schema.org","@graph":[{"@type":"Article","@id":"https:\/\/urbeamea.ro\/albaiulia\/25-26-octombrie-conferinta-nationala-bibliologie-si-patrimoniu-cultural-national-editia-a-xii-a\/#article","isPartOf":{"@id":"https:\/\/urbeamea.ro\/albaiulia\/25-26-octombrie-conferinta-nationala-bibliologie-si-patrimoniu-cultural-national-editia-a-xii-a\/"},"author":{"name":"Raluca Krisbai","@id":"https:\/\/urbeamea.ro\/albaiulia\/#\/schema\/person\/9835621e3cb33b6c1253958b5c5fd38d"},"headline":"25-26 octombrie: Conferin\u0163a na\u0163ional\u0103 \u201eBibliologie \u015fi Patrimoniu Cultural Na\u0163ional\u201d, edi\u0163ia a XII-a","datePublished":"2018-10-25T10:14:33+00:00","dateModified":"2018-10-25T10:14:54+00:00","mainEntityOfPage":{"@id":"https:\/\/urbeamea.ro\/albaiulia\/25-26-octombrie-conferinta-nationala-bibliologie-si-patrimoniu-cultural-national-editia-a-xii-a\/"},"wordCount":75,"commentCount":0,"image":{"@id":"https:\/\/urbeamea.ro\/albaiulia\/25-26-octombrie-conferinta-nationala-bibliologie-si-patrimoniu-cultural-national-editia-a-xii-a\/#primaryimage"},"thumbnailUrl":"https:\/\/urbeamea.ro\/albaiulia\/wp-content\/uploads\/2018\/10\/44559875_1080690582098852_6309896107077926912_n.jpg","keywords":["Alba Iulia","educatie","eveniment cultural","Revista Urbea Mea","Universitatea \u201e1 Decembrie 1918\u201d Alba Iulia"],"articleSection":["Cultur\u0103"],"inLanguage":"ro-RO","potentialAction":[{"@type":"CommentAction","name":"Comment","target":["https:\/\/urbeamea.ro\/albaiulia\/25-26-octombrie-conferinta-nationala-bibliologie-si-patrimoniu-cultural-national-editia-a-xii-a\/#respond"]}]},{"@type":"WebPage","@id":"https:\/\/urbeamea.ro\/albaiulia\/25-26-octombrie-conferinta-nationala-bibliologie-si-patrimoniu-cultural-national-editia-a-xii-a\/","url":"https:\/\/urbeamea.ro\/albaiulia\/25-26-octombrie-conferinta-nationala-bibliologie-si-patrimoniu-cultural-national-editia-a-xii-a\/","name":"25-26 octombrie: Conferin\u0163a na\u0163ional\u0103 \u201eBibliologie \u015fi Patrimoniu Cultural Na\u0163ional\u201d, edi\u0163ia a XII-a - Revista Urbea Mea - Revista de Alba","isPartOf":{"@id":"https:\/\/urbeamea.ro\/albaiulia\/#website"},"primaryImageOfPage":{"@id":"https:\/\/urbeamea.ro\/albaiulia\/25-26-octombrie-conferinta-nationala-bibliologie-si-patrimoniu-cultural-national-editia-a-xii-a\/#primaryimage"},"image":{"@id":"https:\/\/urbeamea.ro\/albaiulia\/25-26-octombrie-conferinta-nationala-bibliologie-si-patrimoniu-cultural-national-editia-a-xii-a\/#primaryimage"},"thumbnailUrl":"https:\/\/urbeamea.ro\/albaiulia\/wp-content\/uploads\/2018\/10\/44559875_1080690582098852_6309896107077926912_n.jpg","datePublished":"2018-10-25T10:14:33+00:00","dateModified":"2018-10-25T10:14:54+00:00","author":{"@id":"https:\/\/urbeamea.ro\/albaiulia\/#\/schema\/person\/9835621e3cb33b6c1253958b5c5fd38d"},"description":"Departamentul de Istorie, Arheologie, Muzeologie\u00a0 din cadrul Universit\u0103\u021bii \u201e1 Decembrie 1918\" din Alba Iulia organizeaz\u0103, \u00een perioada 25-26 octombrie,","breadcrumb":{"@id":"https:\/\/urbeamea.ro\/albaiulia\/25-26-octombrie-conferinta-nationala-bibliologie-si-patrimoniu-cultural-national-editia-a-xii-a\/#breadcrumb"},"inLanguage":"ro-RO","potentialAction":[{"@type":"ReadAction","target":["https:\/\/urbeamea.ro\/albaiulia\/25-26-octombrie-conferinta-nationala-bibliologie-si-patrimoniu-cultural-national-editia-a-xii-a\/"]}]},{"@type":"ImageObject","inLanguage":"ro-RO","@id":"https:\/\/urbeamea.ro\/albaiulia\/25-26-octombrie-conferinta-nationala-bibliologie-si-patrimoniu-cultural-national-editia-a-xii-a\/#primaryimage","url":"https:\/\/urbeamea.ro\/albaiulia\/wp-content\/uploads\/2018\/10\/44559875_1080690582098852_6309896107077926912_n.jpg","contentUrl":"https:\/\/urbeamea.ro\/albaiulia\/wp-content\/uploads\/2018\/10\/44559875_1080690582098852_6309896107077926912_n.jpg","width":679,"height":960},{"@type":"BreadcrumbList","@id":"https:\/\/urbeamea.ro\/albaiulia\/25-26-octombrie-conferinta-nationala-bibliologie-si-patrimoniu-cultural-national-editia-a-xii-a\/#breadcrumb","itemListElement":[{"@type":"ListItem","position":1,"name":"Prima pagin\u0103","item":"https:\/\/urbeamea.ro\/albaiulia\/"},{"@type":"ListItem","position":2,"name":"25-26 octombrie: Conferin\u0163a na\u0163ional\u0103 \u201eBibliologie \u015fi Patrimoniu Cultural Na\u0163ional\u201d, edi\u0163ia a XII-a"}]},{"@type":"WebSite","@id":"https:\/\/urbeamea.ro\/albaiulia\/#website","url":"https:\/\/urbeamea.ro\/albaiulia\/","name":"Revista Urbea Mea, Stiri urbane","description":"Evenimente \u0219i \u0219tiri din Alba Iulia, Sebe\u0219, Aiud, Blaj","potentialAction":[{"@type":"SearchAction","target":{"@type":"EntryPoint","urlTemplate":"https:\/\/urbeamea.ro\/albaiulia\/?s={search_term_string}"},"query-input":{"@type":"PropertyValueSpecification","valueRequired":true,"valueName":"search_term_string"}}],"inLanguage":"ro-RO"},{"@type":"Person","@id":"https:\/\/urbeamea.ro\/albaiulia\/#\/schema\/person\/9835621e3cb33b6c1253958b5c5fd38d","name":"Raluca Krisbai","image":{"@type":"ImageObject","inLanguage":"ro-RO","@id":"https:\/\/secure.gravatar.com\/avatar\/90b7a537a346c034a8bf27f74a4a88eb14594327622a99e7c0a816e2a5e7ed5e?s=96&d=mm&r=g","url":"https:\/\/secure.gravatar.com\/avatar\/90b7a537a346c034a8bf27f74a4a88eb14594327622a99e7c0a816e2a5e7ed5e?s=96&d=mm&r=g","contentUrl":"https:\/\/secure.gravatar.com\/avatar\/90b7a537a346c034a8bf27f74a4a88eb14594327622a99e7c0a816e2a5e7ed5e?s=96&d=mm&r=g","caption":"Raluca Krisbai"},"sameAs":["https:\/\/www.urbeamea.ro"],"url":"https:\/\/urbeamea.ro\/albaiulia\/author\/raluca-krisbai\/"}]}},"_links":{"self":[{"href":"https:\/\/urbeamea.ro\/albaiulia\/wp-json\/wp\/v2\/posts\/67987","targetHints":{"allow":["GET"]}}],"collection":[{"href":"https:\/\/urbeamea.ro\/albaiulia\/wp-json\/wp\/v2\/posts"}],"about":[{"href":"https:\/\/urbeamea.ro\/albaiulia\/wp-json\/wp\/v2\/types\/post"}],"author":[{"embeddable":true,"href":"https:\/\/urbeamea.ro\/albaiulia\/wp-json\/wp\/v2\/users\/26"}],"replies":[{"embeddable":true,"href":"https:\/\/urbeamea.ro\/albaiulia\/wp-json\/wp\/v2\/comments?post=67987"}],"version-history":[{"count":0,"href":"https:\/\/urbeamea.ro\/albaiulia\/wp-json\/wp\/v2\/posts\/67987\/revisions"}],"wp:featuredmedia":[{"embeddable":true,"href":"https:\/\/urbeamea.ro\/albaiulia\/wp-json\/wp\/v2\/media\/68050"}],"wp:attachment":[{"href":"https:\/\/urbeamea.ro\/albaiulia\/wp-json\/wp\/v2\/media?parent=67987"}],"wp:term":[{"taxonomy":"category","embeddable":true,"href":"https:\/\/urbeamea.ro\/albaiulia\/wp-json\/wp\/v2\/categories?post=67987"},{"taxonomy":"post_tag","embeddable":true,"href":"https:\/\/urbeamea.ro\/albaiulia\/wp-json\/wp\/v2\/tags?post=67987"}],"curies":[{"name":"wp","href":"https:\/\/api.w.org\/{rel}","templated":true}]}}