{"id":68024,"date":"2018-10-25T00:01:23","date_gmt":"2018-10-24T21:01:23","guid":{"rendered":"https:\/\/urbeamea.ro\/albaiulia\/?p=68024"},"modified":"2018-10-25T00:01:23","modified_gmt":"2018-10-24T21:01:23","slug":"foto-castigatorii-editiei-a-xiv-a-a-cupei-muhlbach-la-tenis-de-camp","status":"publish","type":"post","link":"https:\/\/urbeamea.ro\/albaiulia\/foto-castigatorii-editiei-a-xiv-a-a-cupei-muhlbach-la-tenis-de-camp\/","title":{"rendered":"FOTO: C\u00e2\u015ftig\u0103torii edi\u0163iei a XIV-a a Cupei &#8222;Muhlbach&#8221; la tenis de c\u00e2mp"},"content":{"rendered":"<p style=\"font-weight: 400;\"><strong>\u00cen perioada 20-22 octombrie 2018, la Sebe\u0219 s-a desf\u0103\u0219urat Cupa &#8222;Muhlbach&#8221;,\u00a0aflat\u0103 la edi\u021bia a-XIV \u2013a, rezervat\u0103 sportivilor tenismeni la categoriile 10, 12, 14, 16, 18 ani, b\u0103ie\u021bi \u0219i fete.<\/strong><\/p>\n<p style=\"font-weight: 400;\">Competi\u021bia de categoria a I-a a fost programat\u0103 \u00een calendarul competi\u021bional organizat de Federa\u021bia Rom\u00e2n\u0103 de Tenis, anul 2018 \u0219i puncteaz\u0103 conform regulamentului.<\/p>\n<p style=\"font-weight: 400;\"><i>S-au \u00eenscris peste 120 de sportivi (cifra record) din Alba Iulia, Sebe\u0219, Cugir, Arad, Timi\u0219oara, Media\u0219, Suceava, Buz\u0103u, Petro\u0219ani, Sibiu, Baia Mare, T\u00e2rgu Mure\u0219, R\u00e2mnicu V\u00e2lcea, Hunedoara, T\u00e2rgu Jiu, Deva, Oradea.<\/i><\/p>\n<p style=\"font-weight: 400;\"><i>Frumoasa baz\u0103 sportiv\u0103 Arini, cu cele trei terenuri de tenis, a g\u0103zduit \u00eentrecerile categoriilor mici de b\u0103ie\u021bi \u0219i fete, oferind un spectacol \u00eenc\u00e2nt\u0103tor celor prezen\u021bi \u00een tribun\u0103. \u00centrecerile au fost viu disputate cu numeroase r\u0103sturn\u0103ri de scor, iar \u00eencr\u00e2ncenarea \u0219i dorin\u021ba de victorie se vedea pe fa\u021ba fiec\u0103rui sportiv.<\/i><\/p>\n<p style=\"font-weight: 400;\"><strong><i>C\u00e2\u0219tig\u0103torii primelor locuri sunt:<\/i><\/strong><\/p>\n<p style=\"font-weight: 400;\"><i><strong><u>Categoria 10 ani, B\u0103ie\u021bi<\/u><\/strong><\/i><\/p>\n<p style=\"font-weight: 400;\"><i>Loc \u00a0\u00a0I\u00a0\u00a0\u00a0 Chiciudean Cristian (Cluj)<\/i><\/p>\n<p style=\"font-weight: 400;\"><i>Loc \u00a0II\u00a0\u00a0 \u00a0Bercu Mihail (Alba Iulia)<\/i><\/p>\n<p style=\"font-weight: 400;\"><i>Loc III\u00a0\u00a0\u00a0 Baciu Sarmes Catalin (Alba Iulia)<\/i><\/p>\n<p style=\"font-weight: 400;\"><i>\u00a0 \u00a0 \u00a0 \u00a0 \u00a0 \u00a0 \u00a0 \u00a0 Pitu Eduard (Alba Iulia)<\/i><\/p>\n<p style=\"font-weight: 400;\"><i><strong><u>Categoria 10 ani, Fete<\/u><\/strong><\/i><\/p>\n<p style=\"font-weight: 400;\"><i>Loc\u00a0\u00a0 I\u00a0\u00a0\u00a0\u00a0 Nagy Olivia (Tg. Mure\u015f)<\/i><\/p>\n<p style=\"font-weight: 400;\"><i>Loc\u00a0 II\u00a0\u00a0\u00a0 Olariu Andreea (Timi\u015foara)<\/i><\/p>\n<p style=\"font-weight: 400;\"><i>Loc III\u00a0\u00a0\u00a0 Stanica Maria (Tg. Jiu)<\/i><\/p>\n<p style=\"font-weight: 400;\"><i>\u00a0 \u00a0 \u00a0 \u00a0 \u00a0 \u00a0 \u00a0 \u00a0 Dumitru Ana (Buz\u0103u)<\/i><\/p>\n<p style=\"font-weight: 400;\"><i><strong><u>Categoria 12 ani, B\u0103ie\u021bi<\/u><\/strong><\/i><\/p>\n<p style=\"font-weight: 400;\"><i>Loc\u00a0\u00a0\u00a0 I\u00a0\u00a0\u00a0\u00a0 Crisan Matei (Cluj)<\/i><\/p>\n<p style=\"font-weight: 400;\"><i>Loc\u00a0\u00a0 II\u00a0\u00a0\u00a0\u00a0 Damian Andrei (Alba Iulia)<\/i><\/p>\n<p style=\"font-weight: 400;\"><i>Loc\u00a0 III\u00a0\u00a0\u00a0\u00a0 Popa Patrick (Deva)<\/i><\/p>\n<p style=\"font-weight: 400;\"><i>\u00a0 \u00a0 \u00a0 \u00a0 \u00a0 \u00a0 \u00a0 \u00a0 \u00a0 Stepanov Bogdan (Zal\u0103u)<\/i><\/p>\n<p style=\"font-weight: 400;\"><i><strong><u>Categoria 12 ani, Fete<\/u><\/strong><\/i><\/p>\n<p style=\"font-weight: 400;\"><i>Loc\u00a0\u00a0\u00a0 I\u00a0\u00a0\u00a0\u00a0 Popa Giulia (Oradea)<\/i><\/p>\n<p style=\"font-weight: 400;\"><i>Loc\u00a0\u00a0 II\u00a0\u00a0\u00a0\u00a0 Moldovan Briana (Alba Iulia)<\/i><\/p>\n<p style=\"font-weight: 400;\"><i>Loc\u00a0 III\u00a0\u00a0\u00a0\u00a0 Muresan Alessia (Baia Mare)\u00a0<\/i><\/p>\n<p style=\"font-weight: 400;\"><i>\u00a0 \u00a0 \u00a0 \u00a0 \u00a0 \u00a0 \u00a0 \u00a0 \u00a0 Labib Naema (Cluj)<\/i><\/p>\n<p style=\"font-weight: 400;\"><i><strong><u>Categoria 14 ani, B\u0103ie\u021bi<\/u><\/strong><\/i><\/p>\n<p style=\"font-weight: 400;\"><i>Loc\u00a0\u00a0\u00a0 I\u00a0\u00a0\u00a0\u00a0\u00a0 Lupu Alexandru (Baia Mare)<\/i><\/p>\n<p style=\"font-weight: 400;\"><i>Loc\u00a0\u00a0 II\u00a0\u00a0\u00a0\u00a0 Vlad Tudor (Sibiu)<\/i><\/p>\n<p style=\"font-weight: 400;\"><i>Loc\u00a0 III\u00a0\u00a0\u00a0\u00a0 Scafariu Alexandru \u00a0(Petro\u015fani)<\/i><\/p>\n<p style=\"font-weight: 400;\"><i>\u00a0 \u00a0 \u00a0 \u00a0 \u00a0 \u00a0 \u00a0 \u00a0 \u00a0 \u00a0Stoia Lucas (Alba Iulia)<\/i><\/p>\n<p style=\"font-weight: 400;\"><i><strong><u>Categoria 14 ani, Fete<\/u><\/strong><\/i><\/p>\n<p style=\"font-weight: 400;\"><i>Loc\u00a0\u00a0\u00a0 I\u00a0\u00a0\u00a0\u00a0 Silivas Andra (Deva)<\/i><\/p>\n<p style=\"font-weight: 400;\"><i>Loc\u00a0\u00a0 II\u00a0\u00a0\u00a0\u00a0 Lung Ioana (Zal\u0103u)<\/i><\/p>\n<p style=\"font-weight: 400;\"><i>Loc\u00a0 III\u00a0\u00a0\u00a0\u00a0 Sandru Denisa (Cugir)<\/i><\/p>\n<p style=\"font-weight: 400;\"><i>\u00a0 \u00a0 \u00a0 \u00a0 \u00a0 \u00a0 \u00a0 \u00a0 \u00a0 Popa Ana (Alba Iulia)<\/i><\/p>\n<p style=\"font-weight: 400;\"><i><strong><u>Categoria 16 ani, B\u0103ie\u021bi<\/u><\/strong><\/i><\/p>\n<p style=\"font-weight: 400;\"><i>Loc\u00a0\u00a0\u00a0 I\u00a0\u00a0\u00a0\u00a0 Giurea Alexandru (Petro\u015fani)<\/i><\/p>\n<p style=\"font-weight: 400;\"><i>Loc\u00a0\u00a0 II\u00a0\u00a0\u00a0\u00a0 Gligor Razvan (Alba Iulia)<\/i><\/p>\n<p style=\"font-weight: 400;\"><i>Loc\u00a0 III\u00a0\u00a0\u00a0\u00a0 Valceanu Cezar (Tg. Jiu)<\/i><\/p>\n<p style=\"font-weight: 400;\"><i>\u00a0 \u00a0 \u00a0 \u00a0 \u00a0 \u00a0 \u00a0 \u00a0 \u00a0 Iercosan Radu (Tg. Jiu)<\/i><\/p>\n<p style=\"font-weight: 400;\"><i><strong><u>Categoria 16 ani, Fete<\/u><\/strong><\/i><\/p>\n<p style=\"font-weight: 400;\"><i>Loc\u00a0\u00a0 I\u00a0\u00a0\u00a0\u00a0 Moldovan Alexandra (Alba Iulia)<\/i><\/p>\n<p style=\"font-weight: 400;\"><i>Loc\u00a0 II\u00a0\u00a0\u00a0\u00a0 Negrescu Alexia (Alba Iulia)<\/i><\/p>\n<p style=\"font-weight: 400;\"><i>Loc III\u00a0\u00a0\u00a0\u00a0 Luca Ioana (Media\u015f)<\/i><\/p>\n<p style=\"font-weight: 400;\"><i>\u00a0\u00a0\u00a0 Soplea Andreea (Cluj)<\/i><\/p>\n<p style=\"font-weight: 400;\"><i><strong><u>Categoria 18 ani, B\u0103ie\u021bi<\/u><\/strong><\/i><\/p>\n<p style=\"font-weight: 400;\"><i>Loc\u00a0\u00a0\u00a0 I\u00a0\u00a0\u00a0\u00a0 Nicula Stefan (Sibiu)<\/i><\/p>\n<p style=\"font-weight: 400;\"><i>Loc\u00a0\u00a0 II\u00a0\u00a0\u00a0\u00a0 Rosulescu Rares (Petro\u015fani)<\/i><\/p>\n<p style=\"font-weight: 400;\"><i>Loc\u00a0 III\u00a0\u00a0\u00a0\u00a0 Lovas Kevin (Petro\u015fani)<\/i><\/p>\n<p style=\"font-weight: 400;\"><i>\u00a0 \u00a0 \u00a0 \u00a0 \u00a0 Naidin George (Cluj)<\/i><\/p>\n<p style=\"font-weight: 400;\">La festivitatea de premiere a participat primarul Municipiului Sebe\u0219, Nistor Dorin \u0219i viceprimarul Adrian Bogdan, recompens\u00e2nd munca sportivilor c\u00e2\u0219tig\u0103tori cu cupe, diplome, plachete, obiecte sportive.<\/p>\n<div id='gallery-1' class='gallery galleryid-68024 gallery-columns-3 gallery-size-thumbnail'><figure class='gallery-item'>\n\t\t\t<div class='gallery-icon landscape'>\n\t\t\t\t<a href='https:\/\/urbeamea.ro\/albaiulia\/wp-content\/uploads\/2018\/10\/15a7d03d-49c0-44b7-94e1-c571b124402e.jpg'><img decoding=\"async\" width=\"150\" height=\"73\" src=\"data:image\/png;base64,iVBORw0KGgoAAAANSUhEUgAAAYYAAADcAQMAAABOLJSDAAAAA1BMVEUAAACnej3aAAAAAXRSTlMAQObYZgAAACJJREFUaIHtwTEBAAAAwqD1T20ND6AAAAAAAAAAAAAA4N8AKvgAAUFIrrEAAAAASUVORK5CYII=\" class=\"attachment-thumbnail size-thumbnail lazy-img\" alt=\"\" srcset=\"https:\/\/urbeamea.ro\/albaiulia\/wp-content\/uploads\/2018\/10\/15a7d03d-49c0-44b7-94e1-c571b124402e-150x73.jpg 150w, https:\/\/urbeamea.ro\/albaiulia\/wp-content\/uploads\/2018\/10\/15a7d03d-49c0-44b7-94e1-c571b124402e-640x311.jpg 640w, https:\/\/urbeamea.ro\/albaiulia\/wp-content\/uploads\/2018\/10\/15a7d03d-49c0-44b7-94e1-c571b124402e-768x373.jpg 768w, https:\/\/urbeamea.ro\/albaiulia\/wp-content\/uploads\/2018\/10\/15a7d03d-49c0-44b7-94e1-c571b124402e-1280x622.jpg 1280w, https:\/\/urbeamea.ro\/albaiulia\/wp-content\/uploads\/2018\/10\/15a7d03d-49c0-44b7-94e1-c571b124402e.jpg 1600w\" sizes=\"auto, (max-width: 150px) 100vw, 150px\" data-src=\"https:\/\/urbeamea.ro\/albaiulia\/wp-content\/uploads\/2018\/10\/15a7d03d-49c0-44b7-94e1-c571b124402e-150x73.jpg\" loading=\"lazy\" \/><\/a>\n\t\t\t<\/div><\/figure><figure class='gallery-item'>\n\t\t\t<div class='gallery-icon landscape'>\n\t\t\t\t<a href='https:\/\/urbeamea.ro\/albaiulia\/wp-content\/uploads\/2018\/10\/72f5b7c2-799a-4edf-80ad-17a44362ded7.jpg'><img decoding=\"async\" width=\"150\" height=\"145\" src=\"data:image\/png;base64,iVBORw0KGgoAAAANSUhEUgAAAYYAAADcAQMAAABOLJSDAAAAA1BMVEUAAACnej3aAAAAAXRSTlMAQObYZgAAACJJREFUaIHtwTEBAAAAwqD1T20ND6AAAAAAAAAAAAAA4N8AKvgAAUFIrrEAAAAASUVORK5CYII=\" class=\"attachment-thumbnail size-thumbnail lazy-img\" alt=\"\" srcset=\"https:\/\/urbeamea.ro\/albaiulia\/wp-content\/uploads\/2018\/10\/72f5b7c2-799a-4edf-80ad-17a44362ded7-150x145.jpg 150w, https:\/\/urbeamea.ro\/albaiulia\/wp-content\/uploads\/2018\/10\/72f5b7c2-799a-4edf-80ad-17a44362ded7-640x620.jpg 640w, https:\/\/urbeamea.ro\/albaiulia\/wp-content\/uploads\/2018\/10\/72f5b7c2-799a-4edf-80ad-17a44362ded7-768x744.jpg 768w, https:\/\/urbeamea.ro\/albaiulia\/wp-content\/uploads\/2018\/10\/72f5b7c2-799a-4edf-80ad-17a44362ded7-1280x1240.jpg 1280w, https:\/\/urbeamea.ro\/albaiulia\/wp-content\/uploads\/2018\/10\/72f5b7c2-799a-4edf-80ad-17a44362ded7.jpg 1600w\" sizes=\"auto, (max-width: 150px) 100vw, 150px\" data-src=\"https:\/\/urbeamea.ro\/albaiulia\/wp-content\/uploads\/2018\/10\/72f5b7c2-799a-4edf-80ad-17a44362ded7-150x145.jpg\" loading=\"lazy\" \/><\/a>\n\t\t\t<\/div><\/figure><figure class='gallery-item'>\n\t\t\t<div class='gallery-icon landscape'>\n\t\t\t\t<a href='https:\/\/urbeamea.ro\/albaiulia\/wp-content\/uploads\/2018\/10\/92d7b7bc-d6c9-484d-a80e-f5daf637a90d-1.jpg'><img decoding=\"async\" width=\"150\" height=\"73\" src=\"data:image\/png;base64,iVBORw0KGgoAAAANSUhEUgAAAYYAAADcAQMAAABOLJSDAAAAA1BMVEUAAACnej3aAAAAAXRSTlMAQObYZgAAACJJREFUaIHtwTEBAAAAwqD1T20ND6AAAAAAAAAAAAAA4N8AKvgAAUFIrrEAAAAASUVORK5CYII=\" class=\"attachment-thumbnail size-thumbnail lazy-img\" alt=\"\" srcset=\"https:\/\/urbeamea.ro\/albaiulia\/wp-content\/uploads\/2018\/10\/92d7b7bc-d6c9-484d-a80e-f5daf637a90d-1-150x73.jpg 150w, https:\/\/urbeamea.ro\/albaiulia\/wp-content\/uploads\/2018\/10\/92d7b7bc-d6c9-484d-a80e-f5daf637a90d-1-640x311.jpg 640w, https:\/\/urbeamea.ro\/albaiulia\/wp-content\/uploads\/2018\/10\/92d7b7bc-d6c9-484d-a80e-f5daf637a90d-1-768x373.jpg 768w, https:\/\/urbeamea.ro\/albaiulia\/wp-content\/uploads\/2018\/10\/92d7b7bc-d6c9-484d-a80e-f5daf637a90d-1-1280x622.jpg 1280w, https:\/\/urbeamea.ro\/albaiulia\/wp-content\/uploads\/2018\/10\/92d7b7bc-d6c9-484d-a80e-f5daf637a90d-1.jpg 1600w\" sizes=\"auto, (max-width: 150px) 100vw, 150px\" data-src=\"https:\/\/urbeamea.ro\/albaiulia\/wp-content\/uploads\/2018\/10\/92d7b7bc-d6c9-484d-a80e-f5daf637a90d-1-150x73.jpg\" loading=\"lazy\" \/><\/a>\n\t\t\t<\/div><\/figure><figure class='gallery-item'>\n\t\t\t<div class='gallery-icon landscape'>\n\t\t\t\t<a href='https:\/\/urbeamea.ro\/albaiulia\/wp-content\/uploads\/2018\/10\/92d7b7bc-d6c9-484d-a80e-f5daf637a90d.jpg'><img decoding=\"async\" width=\"150\" height=\"73\" src=\"data:image\/png;base64,iVBORw0KGgoAAAANSUhEUgAAAYYAAADcAQMAAABOLJSDAAAAA1BMVEUAAACnej3aAAAAAXRSTlMAQObYZgAAACJJREFUaIHtwTEBAAAAwqD1T20ND6AAAAAAAAAAAAAA4N8AKvgAAUFIrrEAAAAASUVORK5CYII=\" class=\"attachment-thumbnail size-thumbnail lazy-img\" alt=\"\" srcset=\"https:\/\/urbeamea.ro\/albaiulia\/wp-content\/uploads\/2018\/10\/92d7b7bc-d6c9-484d-a80e-f5daf637a90d-150x73.jpg 150w, https:\/\/urbeamea.ro\/albaiulia\/wp-content\/uploads\/2018\/10\/92d7b7bc-d6c9-484d-a80e-f5daf637a90d-640x311.jpg 640w, https:\/\/urbeamea.ro\/albaiulia\/wp-content\/uploads\/2018\/10\/92d7b7bc-d6c9-484d-a80e-f5daf637a90d-768x373.jpg 768w, https:\/\/urbeamea.ro\/albaiulia\/wp-content\/uploads\/2018\/10\/92d7b7bc-d6c9-484d-a80e-f5daf637a90d-1280x622.jpg 1280w, https:\/\/urbeamea.ro\/albaiulia\/wp-content\/uploads\/2018\/10\/92d7b7bc-d6c9-484d-a80e-f5daf637a90d.jpg 1600w\" sizes=\"auto, (max-width: 150px) 100vw, 150px\" data-src=\"https:\/\/urbeamea.ro\/albaiulia\/wp-content\/uploads\/2018\/10\/92d7b7bc-d6c9-484d-a80e-f5daf637a90d-150x73.jpg\" loading=\"lazy\" \/><\/a>\n\t\t\t<\/div><\/figure><figure class='gallery-item'>\n\t\t\t<div class='gallery-icon landscape'>\n\t\t\t\t<a href='https:\/\/urbeamea.ro\/albaiulia\/wp-content\/uploads\/2018\/10\/132a5c9a-39d1-4acc-9f35-526812a2b5bc.jpg'><img decoding=\"async\" width=\"150\" height=\"99\" src=\"data:image\/png;base64,iVBORw0KGgoAAAANSUhEUgAAAYYAAADcAQMAAABOLJSDAAAAA1BMVEUAAACnej3aAAAAAXRSTlMAQObYZgAAACJJREFUaIHtwTEBAAAAwqD1T20ND6AAAAAAAAAAAAAA4N8AKvgAAUFIrrEAAAAASUVORK5CYII=\" class=\"attachment-thumbnail size-thumbnail lazy-img\" alt=\"\" srcset=\"https:\/\/urbeamea.ro\/albaiulia\/wp-content\/uploads\/2018\/10\/132a5c9a-39d1-4acc-9f35-526812a2b5bc-150x99.jpg 150w, https:\/\/urbeamea.ro\/albaiulia\/wp-content\/uploads\/2018\/10\/132a5c9a-39d1-4acc-9f35-526812a2b5bc-640x420.jpg 640w, https:\/\/urbeamea.ro\/albaiulia\/wp-content\/uploads\/2018\/10\/132a5c9a-39d1-4acc-9f35-526812a2b5bc-768x504.jpg 768w, https:\/\/urbeamea.ro\/albaiulia\/wp-content\/uploads\/2018\/10\/132a5c9a-39d1-4acc-9f35-526812a2b5bc-1280x841.jpg 1280w, https:\/\/urbeamea.ro\/albaiulia\/wp-content\/uploads\/2018\/10\/132a5c9a-39d1-4acc-9f35-526812a2b5bc.jpg 1492w\" sizes=\"auto, (max-width: 150px) 100vw, 150px\" data-src=\"https:\/\/urbeamea.ro\/albaiulia\/wp-content\/uploads\/2018\/10\/132a5c9a-39d1-4acc-9f35-526812a2b5bc-150x99.jpg\" loading=\"lazy\" \/><\/a>\n\t\t\t<\/div><\/figure><figure class='gallery-item'>\n\t\t\t<div class='gallery-icon landscape'>\n\t\t\t\t<a href='https:\/\/urbeamea.ro\/albaiulia\/wp-content\/uploads\/2018\/10\/10602a60-235a-451d-a743-8fd187a9cfca.jpg'><img decoding=\"async\" width=\"150\" height=\"73\" src=\"data:image\/png;base64,iVBORw0KGgoAAAANSUhEUgAAAYYAAADcAQMAAABOLJSDAAAAA1BMVEUAAACnej3aAAAAAXRSTlMAQObYZgAAACJJREFUaIHtwTEBAAAAwqD1T20ND6AAAAAAAAAAAAAA4N8AKvgAAUFIrrEAAAAASUVORK5CYII=\" class=\"attachment-thumbnail size-thumbnail lazy-img\" alt=\"\" srcset=\"https:\/\/urbeamea.ro\/albaiulia\/wp-content\/uploads\/2018\/10\/10602a60-235a-451d-a743-8fd187a9cfca-150x73.jpg 150w, https:\/\/urbeamea.ro\/albaiulia\/wp-content\/uploads\/2018\/10\/10602a60-235a-451d-a743-8fd187a9cfca-640x311.jpg 640w, https:\/\/urbeamea.ro\/albaiulia\/wp-content\/uploads\/2018\/10\/10602a60-235a-451d-a743-8fd187a9cfca-768x373.jpg 768w, https:\/\/urbeamea.ro\/albaiulia\/wp-content\/uploads\/2018\/10\/10602a60-235a-451d-a743-8fd187a9cfca-1280x622.jpg 1280w, https:\/\/urbeamea.ro\/albaiulia\/wp-content\/uploads\/2018\/10\/10602a60-235a-451d-a743-8fd187a9cfca.jpg 1600w\" sizes=\"auto, (max-width: 150px) 100vw, 150px\" data-src=\"https:\/\/urbeamea.ro\/albaiulia\/wp-content\/uploads\/2018\/10\/10602a60-235a-451d-a743-8fd187a9cfca-150x73.jpg\" loading=\"lazy\" \/><\/a>\n\t\t\t<\/div><\/figure><figure class='gallery-item'>\n\t\t\t<div class='gallery-icon landscape'>\n\t\t\t\t<a href='https:\/\/urbeamea.ro\/albaiulia\/wp-content\/uploads\/2018\/10\/16556d75-1191-49fd-8100-5badcb028143.jpg'><img decoding=\"async\" width=\"150\" height=\"105\" src=\"data:image\/png;base64,iVBORw0KGgoAAAANSUhEUgAAAYYAAADcAQMAAABOLJSDAAAAA1BMVEUAAACnej3aAAAAAXRSTlMAQObYZgAAACJJREFUaIHtwTEBAAAAwqD1T20ND6AAAAAAAAAAAAAA4N8AKvgAAUFIrrEAAAAASUVORK5CYII=\" class=\"attachment-thumbnail size-thumbnail lazy-img\" alt=\"\" srcset=\"https:\/\/urbeamea.ro\/albaiulia\/wp-content\/uploads\/2018\/10\/16556d75-1191-49fd-8100-5badcb028143-150x105.jpg 150w, https:\/\/urbeamea.ro\/albaiulia\/wp-content\/uploads\/2018\/10\/16556d75-1191-49fd-8100-5badcb028143-640x449.jpg 640w, https:\/\/urbeamea.ro\/albaiulia\/wp-content\/uploads\/2018\/10\/16556d75-1191-49fd-8100-5badcb028143-768x538.jpg 768w, https:\/\/urbeamea.ro\/albaiulia\/wp-content\/uploads\/2018\/10\/16556d75-1191-49fd-8100-5badcb028143-1280x897.jpg 1280w, https:\/\/urbeamea.ro\/albaiulia\/wp-content\/uploads\/2018\/10\/16556d75-1191-49fd-8100-5badcb028143-560x390.jpg 560w, https:\/\/urbeamea.ro\/albaiulia\/wp-content\/uploads\/2018\/10\/16556d75-1191-49fd-8100-5badcb028143.jpg 1398w\" sizes=\"auto, (max-width: 150px) 100vw, 150px\" data-src=\"https:\/\/urbeamea.ro\/albaiulia\/wp-content\/uploads\/2018\/10\/16556d75-1191-49fd-8100-5badcb028143-150x105.jpg\" loading=\"lazy\" \/><\/a>\n\t\t\t<\/div><\/figure><figure class='gallery-item'>\n\t\t\t<div class='gallery-icon landscape'>\n\t\t\t\t<a href='https:\/\/urbeamea.ro\/albaiulia\/wp-content\/uploads\/2018\/10\/b2b31e64-f5e9-44f5-8900-5ba6ebbc23ca.jpg'><img decoding=\"async\" width=\"150\" height=\"73\" src=\"data:image\/png;base64,iVBORw0KGgoAAAANSUhEUgAAAYYAAADcAQMAAABOLJSDAAAAA1BMVEUAAACnej3aAAAAAXRSTlMAQObYZgAAACJJREFUaIHtwTEBAAAAwqD1T20ND6AAAAAAAAAAAAAA4N8AKvgAAUFIrrEAAAAASUVORK5CYII=\" class=\"attachment-thumbnail size-thumbnail lazy-img\" alt=\"\" srcset=\"https:\/\/urbeamea.ro\/albaiulia\/wp-content\/uploads\/2018\/10\/b2b31e64-f5e9-44f5-8900-5ba6ebbc23ca-150x73.jpg 150w, https:\/\/urbeamea.ro\/albaiulia\/wp-content\/uploads\/2018\/10\/b2b31e64-f5e9-44f5-8900-5ba6ebbc23ca-640x311.jpg 640w, https:\/\/urbeamea.ro\/albaiulia\/wp-content\/uploads\/2018\/10\/b2b31e64-f5e9-44f5-8900-5ba6ebbc23ca-768x373.jpg 768w, https:\/\/urbeamea.ro\/albaiulia\/wp-content\/uploads\/2018\/10\/b2b31e64-f5e9-44f5-8900-5ba6ebbc23ca-1280x622.jpg 1280w, https:\/\/urbeamea.ro\/albaiulia\/wp-content\/uploads\/2018\/10\/b2b31e64-f5e9-44f5-8900-5ba6ebbc23ca.jpg 1600w\" sizes=\"auto, (max-width: 150px) 100vw, 150px\" data-src=\"https:\/\/urbeamea.ro\/albaiulia\/wp-content\/uploads\/2018\/10\/b2b31e64-f5e9-44f5-8900-5ba6ebbc23ca-150x73.jpg\" loading=\"lazy\" \/><\/a>\n\t\t\t<\/div><\/figure><figure class='gallery-item'>\n\t\t\t<div class='gallery-icon portrait'>\n\t\t\t\t<a href='https:\/\/urbeamea.ro\/albaiulia\/wp-content\/uploads\/2018\/10\/c96024e7-1f7f-4708-9641-799acba9b086.jpg'><img decoding=\"async\" width=\"140\" height=\"150\" src=\"data:image\/png;base64,iVBORw0KGgoAAAANSUhEUgAAAYYAAADcAQMAAABOLJSDAAAAA1BMVEUAAACnej3aAAAAAXRSTlMAQObYZgAAACJJREFUaIHtwTEBAAAAwqD1T20ND6AAAAAAAAAAAAAA4N8AKvgAAUFIrrEAAAAASUVORK5CYII=\" class=\"attachment-thumbnail size-thumbnail lazy-img\" alt=\"\" srcset=\"https:\/\/urbeamea.ro\/albaiulia\/wp-content\/uploads\/2018\/10\/c96024e7-1f7f-4708-9641-799acba9b086-140x150.jpg 140w, https:\/\/urbeamea.ro\/albaiulia\/wp-content\/uploads\/2018\/10\/c96024e7-1f7f-4708-9641-799acba9b086-596x640.jpg 596w, https:\/\/urbeamea.ro\/albaiulia\/wp-content\/uploads\/2018\/10\/c96024e7-1f7f-4708-9641-799acba9b086-768x824.jpg 768w, https:\/\/urbeamea.ro\/albaiulia\/wp-content\/uploads\/2018\/10\/c96024e7-1f7f-4708-9641-799acba9b086-1193x1280.jpg 1193w, https:\/\/urbeamea.ro\/albaiulia\/wp-content\/uploads\/2018\/10\/c96024e7-1f7f-4708-9641-799acba9b086.jpg 1491w\" sizes=\"auto, (max-width: 140px) 100vw, 140px\" data-src=\"https:\/\/urbeamea.ro\/albaiulia\/wp-content\/uploads\/2018\/10\/c96024e7-1f7f-4708-9641-799acba9b086-140x150.jpg\" loading=\"lazy\" \/><\/a>\n\t\t\t<\/div><\/figure><figure class='gallery-item'>\n\t\t\t<div class='gallery-icon landscape'>\n\t\t\t\t<a href='https:\/\/urbeamea.ro\/albaiulia\/wp-content\/uploads\/2018\/10\/d1ccc0e5-8547-4da2-b30a-5dbbfa5ed1d4.jpg'><img decoding=\"async\" width=\"150\" height=\"73\" src=\"data:image\/png;base64,iVBORw0KGgoAAAANSUhEUgAAAYYAAADcAQMAAABOLJSDAAAAA1BMVEUAAACnej3aAAAAAXRSTlMAQObYZgAAACJJREFUaIHtwTEBAAAAwqD1T20ND6AAAAAAAAAAAAAA4N8AKvgAAUFIrrEAAAAASUVORK5CYII=\" class=\"attachment-thumbnail size-thumbnail lazy-img\" alt=\"\" srcset=\"https:\/\/urbeamea.ro\/albaiulia\/wp-content\/uploads\/2018\/10\/d1ccc0e5-8547-4da2-b30a-5dbbfa5ed1d4-150x73.jpg 150w, https:\/\/urbeamea.ro\/albaiulia\/wp-content\/uploads\/2018\/10\/d1ccc0e5-8547-4da2-b30a-5dbbfa5ed1d4-640x311.jpg 640w, https:\/\/urbeamea.ro\/albaiulia\/wp-content\/uploads\/2018\/10\/d1ccc0e5-8547-4da2-b30a-5dbbfa5ed1d4-768x373.jpg 768w, https:\/\/urbeamea.ro\/albaiulia\/wp-content\/uploads\/2018\/10\/d1ccc0e5-8547-4da2-b30a-5dbbfa5ed1d4-1280x622.jpg 1280w, https:\/\/urbeamea.ro\/albaiulia\/wp-content\/uploads\/2018\/10\/d1ccc0e5-8547-4da2-b30a-5dbbfa5ed1d4.jpg 1600w\" sizes=\"auto, (max-width: 150px) 100vw, 150px\" data-src=\"https:\/\/urbeamea.ro\/albaiulia\/wp-content\/uploads\/2018\/10\/d1ccc0e5-8547-4da2-b30a-5dbbfa5ed1d4-150x73.jpg\" loading=\"lazy\" \/><\/a>\n\t\t\t<\/div><\/figure><figure class='gallery-item'>\n\t\t\t<div class='gallery-icon landscape'>\n\t\t\t\t<a href='https:\/\/urbeamea.ro\/albaiulia\/wp-content\/uploads\/2018\/10\/dcd217c7-bf2d-4860-a01d-5576be2d322e.jpg'><img decoding=\"async\" width=\"150\" height=\"77\" src=\"data:image\/png;base64,iVBORw0KGgoAAAANSUhEUgAAAYYAAADcAQMAAABOLJSDAAAAA1BMVEUAAACnej3aAAAAAXRSTlMAQObYZgAAACJJREFUaIHtwTEBAAAAwqD1T20ND6AAAAAAAAAAAAAA4N8AKvgAAUFIrrEAAAAASUVORK5CYII=\" class=\"attachment-thumbnail size-thumbnail lazy-img\" alt=\"\" srcset=\"https:\/\/urbeamea.ro\/albaiulia\/wp-content\/uploads\/2018\/10\/dcd217c7-bf2d-4860-a01d-5576be2d322e-150x77.jpg 150w, https:\/\/urbeamea.ro\/albaiulia\/wp-content\/uploads\/2018\/10\/dcd217c7-bf2d-4860-a01d-5576be2d322e-640x327.jpg 640w, https:\/\/urbeamea.ro\/albaiulia\/wp-content\/uploads\/2018\/10\/dcd217c7-bf2d-4860-a01d-5576be2d322e-768x392.jpg 768w, https:\/\/urbeamea.ro\/albaiulia\/wp-content\/uploads\/2018\/10\/dcd217c7-bf2d-4860-a01d-5576be2d322e-1280x654.jpg 1280w, https:\/\/urbeamea.ro\/albaiulia\/wp-content\/uploads\/2018\/10\/dcd217c7-bf2d-4860-a01d-5576be2d322e.jpg 1600w\" sizes=\"auto, (max-width: 150px) 100vw, 150px\" data-src=\"https:\/\/urbeamea.ro\/albaiulia\/wp-content\/uploads\/2018\/10\/dcd217c7-bf2d-4860-a01d-5576be2d322e-150x77.jpg\" loading=\"lazy\" \/><\/a>\n\t\t\t<\/div><\/figure><figure class='gallery-item'>\n\t\t\t<div class='gallery-icon landscape'>\n\t\t\t\t<a href='https:\/\/urbeamea.ro\/albaiulia\/wp-content\/uploads\/2018\/10\/f75b97af-8caa-4df4-adfc-6c17c58132dd.jpg'><img decoding=\"async\" width=\"150\" height=\"73\" src=\"data:image\/png;base64,iVBORw0KGgoAAAANSUhEUgAAAYYAAADcAQMAAABOLJSDAAAAA1BMVEUAAACnej3aAAAAAXRSTlMAQObYZgAAACJJREFUaIHtwTEBAAAAwqD1T20ND6AAAAAAAAAAAAAA4N8AKvgAAUFIrrEAAAAASUVORK5CYII=\" class=\"attachment-thumbnail size-thumbnail lazy-img\" alt=\"\" srcset=\"https:\/\/urbeamea.ro\/albaiulia\/wp-content\/uploads\/2018\/10\/f75b97af-8caa-4df4-adfc-6c17c58132dd-150x73.jpg 150w, https:\/\/urbeamea.ro\/albaiulia\/wp-content\/uploads\/2018\/10\/f75b97af-8caa-4df4-adfc-6c17c58132dd-640x311.jpg 640w, https:\/\/urbeamea.ro\/albaiulia\/wp-content\/uploads\/2018\/10\/f75b97af-8caa-4df4-adfc-6c17c58132dd-768x373.jpg 768w, https:\/\/urbeamea.ro\/albaiulia\/wp-content\/uploads\/2018\/10\/f75b97af-8caa-4df4-adfc-6c17c58132dd-1280x622.jpg 1280w, https:\/\/urbeamea.ro\/albaiulia\/wp-content\/uploads\/2018\/10\/f75b97af-8caa-4df4-adfc-6c17c58132dd.jpg 1600w\" sizes=\"auto, (max-width: 150px) 100vw, 150px\" data-src=\"https:\/\/urbeamea.ro\/albaiulia\/wp-content\/uploads\/2018\/10\/f75b97af-8caa-4df4-adfc-6c17c58132dd-150x73.jpg\" loading=\"lazy\" \/><\/a>\n\t\t\t<\/div><\/figure>\n\t\t<\/div>\n\n","protected":false},"excerpt":{"rendered":"<p>\u00cen perioada 20-22 octombrie 2018, la Sebe\u0219 s-a desf\u0103\u0219urat Cupa &#8222;Muhlbach&#8221;,\u00a0aflat\u0103 la edi\u021bia a-XIV \u2013a, rezervat\u0103 sportivilor tenismeni la categoriile 10, 12, 14, 16, 18 ani, b\u0103ie\u021bi \u0219i fete. Competi\u021bia de categoria a I-a a fost programat\u0103 \u00een calendarul competi\u021bional organizat de Federa\u021bia Rom\u00e2n\u0103 de Tenis, anul 2018 \u0219i puncteaz\u0103 conform regulamentului. S-au \u00eenscris peste &hellip;<\/p>\n","protected":false},"author":17,"featured_media":68027,"comment_status":"open","ping_status":"open","sticky":false,"template":"","format":"standard","meta":{"inline_featured_image":false,"footnotes":""},"categories":[4],"tags":[307,5357,8737,5894,5508,310,6498,3073,1223,308,6656,76],"class_list":["post-68024","post","type-post","status-publish","format-standard","has-post-thumbnail","hentry","category-eveniment","tag-alba","tag-castigatori","tag-categorii-de-varsta","tag-cupa-muhlbach","tag-cupe","tag-diplome","tag-obiecte-sportive","tag-plachete","tag-sebes","tag-stiri","tag-tenis-de-camp","tag-urbea-mea"],"yoast_head":"<!-- This site is optimized with the Yoast SEO plugin v28.3 - https:\/\/yoast.com\/product\/yoast-seo-wordpress\/ -->\n<title>FOTO: C\u00e2\u015ftig\u0103torii edi\u0163iei a XIV-a a Cupei &quot;Muhlbach&quot; la tenis de c\u00e2mp - Revista Urbea Mea - Revista de Alba<\/title>\n<meta name=\"description\" content=\"\u00cen perioada 20-22 octombrie 2018, la Sebe\u0219 s-a desf\u0103\u0219urat Cupa &quot;Muhlbach&quot;,\u00a0aflat\u0103 la edi\u021bia a-XIV \u2013a, rezervat\u0103 sportivilor tenismeni la categoriile 10,\" \/>\n<meta name=\"robots\" content=\"index, follow, max-snippet:-1, max-image-preview:large, max-video-preview:-1\" \/>\n<link rel=\"canonical\" href=\"https:\/\/urbeamea.ro\/albaiulia\/foto-castigatorii-editiei-a-xiv-a-a-cupei-muhlbach-la-tenis-de-camp\/\" \/>\n<meta name=\"twitter:card\" content=\"summary_large_image\" \/>\n<meta name=\"twitter:title\" content=\"FOTO: C\u00e2\u015ftig\u0103torii edi\u0163iei a XIV-a a Cupei &quot;Muhlbach&quot; la tenis de c\u00e2mp - Revista Urbea Mea - Revista de Alba\" \/>\n<meta name=\"twitter:description\" content=\"\u00cen perioada 20-22 octombrie 2018, la Sebe\u0219 s-a desf\u0103\u0219urat Cupa &quot;Muhlbach&quot;,\u00a0aflat\u0103 la edi\u021bia a-XIV \u2013a, rezervat\u0103 sportivilor tenismeni la categoriile 10,\" \/>\n<meta name=\"twitter:image\" content=\"https:\/\/urbeamea.ro\/albaiulia\/wp-content\/uploads\/2018\/10\/92d7b7bc-d6c9-484d-a80e-f5daf637a90d-1.jpg\" \/>\n<meta name=\"twitter:creator\" content=\"@urbeameaweb\" \/>\n<meta name=\"twitter:site\" content=\"@urbeameaweb\" \/>\n<script type=\"application\/ld+json\" class=\"yoast-schema-graph\">{\"@context\":\"https:\\\/\\\/schema.org\",\"@graph\":[{\"@type\":\"Article\",\"@id\":\"https:\\\/\\\/urbeamea.ro\\\/albaiulia\\\/foto-castigatorii-editiei-a-xiv-a-a-cupei-muhlbach-la-tenis-de-camp\\\/#article\",\"isPartOf\":{\"@id\":\"https:\\\/\\\/urbeamea.ro\\\/albaiulia\\\/foto-castigatorii-editiei-a-xiv-a-a-cupei-muhlbach-la-tenis-de-camp\\\/\"},\"author\":{\"name\":\"Cristina Ganga\",\"@id\":\"https:\\\/\\\/urbeamea.ro\\\/albaiulia\\\/#\\\/schema\\\/person\\\/9700d21fae21c4f038b0b56f4506264a\"},\"headline\":\"FOTO: C\u00e2\u015ftig\u0103torii edi\u0163iei a XIV-a a Cupei &#8222;Muhlbach&#8221; la tenis de c\u00e2mp\",\"datePublished\":\"2018-10-24T21:01:23+00:00\",\"mainEntityOfPage\":{\"@id\":\"https:\\\/\\\/urbeamea.ro\\\/albaiulia\\\/foto-castigatorii-editiei-a-xiv-a-a-cupei-muhlbach-la-tenis-de-camp\\\/\"},\"wordCount\":430,\"commentCount\":0,\"image\":{\"@id\":\"https:\\\/\\\/urbeamea.ro\\\/albaiulia\\\/foto-castigatorii-editiei-a-xiv-a-a-cupei-muhlbach-la-tenis-de-camp\\\/#primaryimage\"},\"thumbnailUrl\":\"https:\\\/\\\/urbeamea.ro\\\/albaiulia\\\/wp-content\\\/uploads\\\/2018\\\/10\\\/92d7b7bc-d6c9-484d-a80e-f5daf637a90d-1.jpg\",\"keywords\":[\"alba\",\"castigatori\",\"categorii de varsta\",\"Cupa Muhlbach\",\"cupe\",\"diplome\",\"obiecte sportive\",\"plachete\",\"sebes\",\"stiri\",\"tenis de camp\",\"Urbea Mea\"],\"articleSection\":[\"Evenimente\"],\"inLanguage\":\"ro-RO\",\"potentialAction\":[{\"@type\":\"CommentAction\",\"name\":\"Comment\",\"target\":[\"https:\\\/\\\/urbeamea.ro\\\/albaiulia\\\/foto-castigatorii-editiei-a-xiv-a-a-cupei-muhlbach-la-tenis-de-camp\\\/#respond\"]}]},{\"@type\":\"WebPage\",\"@id\":\"https:\\\/\\\/urbeamea.ro\\\/albaiulia\\\/foto-castigatorii-editiei-a-xiv-a-a-cupei-muhlbach-la-tenis-de-camp\\\/\",\"url\":\"https:\\\/\\\/urbeamea.ro\\\/albaiulia\\\/foto-castigatorii-editiei-a-xiv-a-a-cupei-muhlbach-la-tenis-de-camp\\\/\",\"name\":\"FOTO: C\u00e2\u015ftig\u0103torii edi\u0163iei a XIV-a a Cupei \\\"Muhlbach\\\" la tenis de c\u00e2mp - Revista Urbea Mea - Revista de Alba\",\"isPartOf\":{\"@id\":\"https:\\\/\\\/urbeamea.ro\\\/albaiulia\\\/#website\"},\"primaryImageOfPage\":{\"@id\":\"https:\\\/\\\/urbeamea.ro\\\/albaiulia\\\/foto-castigatorii-editiei-a-xiv-a-a-cupei-muhlbach-la-tenis-de-camp\\\/#primaryimage\"},\"image\":{\"@id\":\"https:\\\/\\\/urbeamea.ro\\\/albaiulia\\\/foto-castigatorii-editiei-a-xiv-a-a-cupei-muhlbach-la-tenis-de-camp\\\/#primaryimage\"},\"thumbnailUrl\":\"https:\\\/\\\/urbeamea.ro\\\/albaiulia\\\/wp-content\\\/uploads\\\/2018\\\/10\\\/92d7b7bc-d6c9-484d-a80e-f5daf637a90d-1.jpg\",\"datePublished\":\"2018-10-24T21:01:23+00:00\",\"author\":{\"@id\":\"https:\\\/\\\/urbeamea.ro\\\/albaiulia\\\/#\\\/schema\\\/person\\\/9700d21fae21c4f038b0b56f4506264a\"},\"description\":\"\u00cen perioada 20-22 octombrie 2018, la Sebe\u0219 s-a desf\u0103\u0219urat Cupa \\\"Muhlbach\\\",\u00a0aflat\u0103 la edi\u021bia a-XIV \u2013a, rezervat\u0103 sportivilor tenismeni la categoriile 10,\",\"breadcrumb\":{\"@id\":\"https:\\\/\\\/urbeamea.ro\\\/albaiulia\\\/foto-castigatorii-editiei-a-xiv-a-a-cupei-muhlbach-la-tenis-de-camp\\\/#breadcrumb\"},\"inLanguage\":\"ro-RO\",\"potentialAction\":[{\"@type\":\"ReadAction\",\"target\":[\"https:\\\/\\\/urbeamea.ro\\\/albaiulia\\\/foto-castigatorii-editiei-a-xiv-a-a-cupei-muhlbach-la-tenis-de-camp\\\/\"]}]},{\"@type\":\"ImageObject\",\"inLanguage\":\"ro-RO\",\"@id\":\"https:\\\/\\\/urbeamea.ro\\\/albaiulia\\\/foto-castigatorii-editiei-a-xiv-a-a-cupei-muhlbach-la-tenis-de-camp\\\/#primaryimage\",\"url\":\"https:\\\/\\\/urbeamea.ro\\\/albaiulia\\\/wp-content\\\/uploads\\\/2018\\\/10\\\/92d7b7bc-d6c9-484d-a80e-f5daf637a90d-1.jpg\",\"contentUrl\":\"https:\\\/\\\/urbeamea.ro\\\/albaiulia\\\/wp-content\\\/uploads\\\/2018\\\/10\\\/92d7b7bc-d6c9-484d-a80e-f5daf637a90d-1.jpg\",\"width\":1600,\"height\":777},{\"@type\":\"BreadcrumbList\",\"@id\":\"https:\\\/\\\/urbeamea.ro\\\/albaiulia\\\/foto-castigatorii-editiei-a-xiv-a-a-cupei-muhlbach-la-tenis-de-camp\\\/#breadcrumb\",\"itemListElement\":[{\"@type\":\"ListItem\",\"position\":1,\"name\":\"Prima pagin\u0103\",\"item\":\"https:\\\/\\\/urbeamea.ro\\\/albaiulia\\\/\"},{\"@type\":\"ListItem\",\"position\":2,\"name\":\"FOTO: C\u00e2\u015ftig\u0103torii edi\u0163iei a XIV-a a Cupei &#8222;Muhlbach&#8221; la tenis de c\u00e2mp\"}]},{\"@type\":\"WebSite\",\"@id\":\"https:\\\/\\\/urbeamea.ro\\\/albaiulia\\\/#website\",\"url\":\"https:\\\/\\\/urbeamea.ro\\\/albaiulia\\\/\",\"name\":\"Revista Urbea Mea, Stiri urbane\",\"description\":\"Evenimente \u0219i \u0219tiri din Alba Iulia, Sebe\u0219, Aiud, Blaj\",\"potentialAction\":[{\"@type\":\"SearchAction\",\"target\":{\"@type\":\"EntryPoint\",\"urlTemplate\":\"https:\\\/\\\/urbeamea.ro\\\/albaiulia\\\/?s={search_term_string}\"},\"query-input\":{\"@type\":\"PropertyValueSpecification\",\"valueRequired\":true,\"valueName\":\"search_term_string\"}}],\"inLanguage\":\"ro-RO\"},{\"@type\":\"Person\",\"@id\":\"https:\\\/\\\/urbeamea.ro\\\/albaiulia\\\/#\\\/schema\\\/person\\\/9700d21fae21c4f038b0b56f4506264a\",\"name\":\"Cristina Ganga\",\"image\":{\"@type\":\"ImageObject\",\"inLanguage\":\"ro-RO\",\"@id\":\"https:\\\/\\\/secure.gravatar.com\\\/avatar\\\/5a67661041f057b4a8ccaf26f5a8e86e2689372006d01faf3dd9eeb10b654bb4?s=96&d=mm&r=g\",\"url\":\"https:\\\/\\\/secure.gravatar.com\\\/avatar\\\/5a67661041f057b4a8ccaf26f5a8e86e2689372006d01faf3dd9eeb10b654bb4?s=96&d=mm&r=g\",\"contentUrl\":\"https:\\\/\\\/secure.gravatar.com\\\/avatar\\\/5a67661041f057b4a8ccaf26f5a8e86e2689372006d01faf3dd9eeb10b654bb4?s=96&d=mm&r=g\",\"caption\":\"Cristina Ganga\"},\"description\":\"Jurnalist\",\"sameAs\":[\"https:\\\/\\\/www.facebook.com\\\/cristina.nicola.587\"],\"url\":\"https:\\\/\\\/urbeamea.ro\\\/albaiulia\\\/author\\\/cristina-nicola\\\/\"}]}<\/script>\n<!-- \/ Yoast SEO plugin. -->","yoast_head_json":{"title":"FOTO: C\u00e2\u015ftig\u0103torii edi\u0163iei a XIV-a a Cupei \"Muhlbach\" la tenis de c\u00e2mp - Revista Urbea Mea - Revista de Alba","description":"\u00cen perioada 20-22 octombrie 2018, la Sebe\u0219 s-a desf\u0103\u0219urat Cupa \"Muhlbach\",\u00a0aflat\u0103 la edi\u021bia a-XIV \u2013a, rezervat\u0103 sportivilor tenismeni la categoriile 10,","robots":{"index":"index","follow":"follow","max-snippet":"max-snippet:-1","max-image-preview":"max-image-preview:large","max-video-preview":"max-video-preview:-1"},"canonical":"https:\/\/urbeamea.ro\/albaiulia\/foto-castigatorii-editiei-a-xiv-a-a-cupei-muhlbach-la-tenis-de-camp\/","twitter_card":"summary_large_image","twitter_title":"FOTO: C\u00e2\u015ftig\u0103torii edi\u0163iei a XIV-a a Cupei \"Muhlbach\" la tenis de c\u00e2mp - Revista Urbea Mea - Revista de Alba","twitter_description":"\u00cen perioada 20-22 octombrie 2018, la Sebe\u0219 s-a desf\u0103\u0219urat Cupa \"Muhlbach\",\u00a0aflat\u0103 la edi\u021bia a-XIV \u2013a, rezervat\u0103 sportivilor tenismeni la categoriile 10,","twitter_image":"https:\/\/urbeamea.ro\/albaiulia\/wp-content\/uploads\/2018\/10\/92d7b7bc-d6c9-484d-a80e-f5daf637a90d-1.jpg","twitter_creator":"@urbeameaweb","twitter_site":"@urbeameaweb","schema":{"@context":"https:\/\/schema.org","@graph":[{"@type":"Article","@id":"https:\/\/urbeamea.ro\/albaiulia\/foto-castigatorii-editiei-a-xiv-a-a-cupei-muhlbach-la-tenis-de-camp\/#article","isPartOf":{"@id":"https:\/\/urbeamea.ro\/albaiulia\/foto-castigatorii-editiei-a-xiv-a-a-cupei-muhlbach-la-tenis-de-camp\/"},"author":{"name":"Cristina Ganga","@id":"https:\/\/urbeamea.ro\/albaiulia\/#\/schema\/person\/9700d21fae21c4f038b0b56f4506264a"},"headline":"FOTO: C\u00e2\u015ftig\u0103torii edi\u0163iei a XIV-a a Cupei &#8222;Muhlbach&#8221; la tenis de c\u00e2mp","datePublished":"2018-10-24T21:01:23+00:00","mainEntityOfPage":{"@id":"https:\/\/urbeamea.ro\/albaiulia\/foto-castigatorii-editiei-a-xiv-a-a-cupei-muhlbach-la-tenis-de-camp\/"},"wordCount":430,"commentCount":0,"image":{"@id":"https:\/\/urbeamea.ro\/albaiulia\/foto-castigatorii-editiei-a-xiv-a-a-cupei-muhlbach-la-tenis-de-camp\/#primaryimage"},"thumbnailUrl":"https:\/\/urbeamea.ro\/albaiulia\/wp-content\/uploads\/2018\/10\/92d7b7bc-d6c9-484d-a80e-f5daf637a90d-1.jpg","keywords":["alba","castigatori","categorii de varsta","Cupa Muhlbach","cupe","diplome","obiecte sportive","plachete","sebes","stiri","tenis de camp","Urbea Mea"],"articleSection":["Evenimente"],"inLanguage":"ro-RO","potentialAction":[{"@type":"CommentAction","name":"Comment","target":["https:\/\/urbeamea.ro\/albaiulia\/foto-castigatorii-editiei-a-xiv-a-a-cupei-muhlbach-la-tenis-de-camp\/#respond"]}]},{"@type":"WebPage","@id":"https:\/\/urbeamea.ro\/albaiulia\/foto-castigatorii-editiei-a-xiv-a-a-cupei-muhlbach-la-tenis-de-camp\/","url":"https:\/\/urbeamea.ro\/albaiulia\/foto-castigatorii-editiei-a-xiv-a-a-cupei-muhlbach-la-tenis-de-camp\/","name":"FOTO: C\u00e2\u015ftig\u0103torii edi\u0163iei a XIV-a a Cupei \"Muhlbach\" la tenis de c\u00e2mp - Revista Urbea Mea - Revista de Alba","isPartOf":{"@id":"https:\/\/urbeamea.ro\/albaiulia\/#website"},"primaryImageOfPage":{"@id":"https:\/\/urbeamea.ro\/albaiulia\/foto-castigatorii-editiei-a-xiv-a-a-cupei-muhlbach-la-tenis-de-camp\/#primaryimage"},"image":{"@id":"https:\/\/urbeamea.ro\/albaiulia\/foto-castigatorii-editiei-a-xiv-a-a-cupei-muhlbach-la-tenis-de-camp\/#primaryimage"},"thumbnailUrl":"https:\/\/urbeamea.ro\/albaiulia\/wp-content\/uploads\/2018\/10\/92d7b7bc-d6c9-484d-a80e-f5daf637a90d-1.jpg","datePublished":"2018-10-24T21:01:23+00:00","author":{"@id":"https:\/\/urbeamea.ro\/albaiulia\/#\/schema\/person\/9700d21fae21c4f038b0b56f4506264a"},"description":"\u00cen perioada 20-22 octombrie 2018, la Sebe\u0219 s-a desf\u0103\u0219urat Cupa \"Muhlbach\",\u00a0aflat\u0103 la edi\u021bia a-XIV \u2013a, rezervat\u0103 sportivilor tenismeni la categoriile 10,","breadcrumb":{"@id":"https:\/\/urbeamea.ro\/albaiulia\/foto-castigatorii-editiei-a-xiv-a-a-cupei-muhlbach-la-tenis-de-camp\/#breadcrumb"},"inLanguage":"ro-RO","potentialAction":[{"@type":"ReadAction","target":["https:\/\/urbeamea.ro\/albaiulia\/foto-castigatorii-editiei-a-xiv-a-a-cupei-muhlbach-la-tenis-de-camp\/"]}]},{"@type":"ImageObject","inLanguage":"ro-RO","@id":"https:\/\/urbeamea.ro\/albaiulia\/foto-castigatorii-editiei-a-xiv-a-a-cupei-muhlbach-la-tenis-de-camp\/#primaryimage","url":"https:\/\/urbeamea.ro\/albaiulia\/wp-content\/uploads\/2018\/10\/92d7b7bc-d6c9-484d-a80e-f5daf637a90d-1.jpg","contentUrl":"https:\/\/urbeamea.ro\/albaiulia\/wp-content\/uploads\/2018\/10\/92d7b7bc-d6c9-484d-a80e-f5daf637a90d-1.jpg","width":1600,"height":777},{"@type":"BreadcrumbList","@id":"https:\/\/urbeamea.ro\/albaiulia\/foto-castigatorii-editiei-a-xiv-a-a-cupei-muhlbach-la-tenis-de-camp\/#breadcrumb","itemListElement":[{"@type":"ListItem","position":1,"name":"Prima pagin\u0103","item":"https:\/\/urbeamea.ro\/albaiulia\/"},{"@type":"ListItem","position":2,"name":"FOTO: C\u00e2\u015ftig\u0103torii edi\u0163iei a XIV-a a Cupei &#8222;Muhlbach&#8221; la tenis de c\u00e2mp"}]},{"@type":"WebSite","@id":"https:\/\/urbeamea.ro\/albaiulia\/#website","url":"https:\/\/urbeamea.ro\/albaiulia\/","name":"Revista Urbea Mea, Stiri urbane","description":"Evenimente \u0219i \u0219tiri din Alba Iulia, Sebe\u0219, Aiud, Blaj","potentialAction":[{"@type":"SearchAction","target":{"@type":"EntryPoint","urlTemplate":"https:\/\/urbeamea.ro\/albaiulia\/?s={search_term_string}"},"query-input":{"@type":"PropertyValueSpecification","valueRequired":true,"valueName":"search_term_string"}}],"inLanguage":"ro-RO"},{"@type":"Person","@id":"https:\/\/urbeamea.ro\/albaiulia\/#\/schema\/person\/9700d21fae21c4f038b0b56f4506264a","name":"Cristina Ganga","image":{"@type":"ImageObject","inLanguage":"ro-RO","@id":"https:\/\/secure.gravatar.com\/avatar\/5a67661041f057b4a8ccaf26f5a8e86e2689372006d01faf3dd9eeb10b654bb4?s=96&d=mm&r=g","url":"https:\/\/secure.gravatar.com\/avatar\/5a67661041f057b4a8ccaf26f5a8e86e2689372006d01faf3dd9eeb10b654bb4?s=96&d=mm&r=g","contentUrl":"https:\/\/secure.gravatar.com\/avatar\/5a67661041f057b4a8ccaf26f5a8e86e2689372006d01faf3dd9eeb10b654bb4?s=96&d=mm&r=g","caption":"Cristina Ganga"},"description":"Jurnalist","sameAs":["https:\/\/www.facebook.com\/cristina.nicola.587"],"url":"https:\/\/urbeamea.ro\/albaiulia\/author\/cristina-nicola\/"}]}},"_links":{"self":[{"href":"https:\/\/urbeamea.ro\/albaiulia\/wp-json\/wp\/v2\/posts\/68024","targetHints":{"allow":["GET"]}}],"collection":[{"href":"https:\/\/urbeamea.ro\/albaiulia\/wp-json\/wp\/v2\/posts"}],"about":[{"href":"https:\/\/urbeamea.ro\/albaiulia\/wp-json\/wp\/v2\/types\/post"}],"author":[{"embeddable":true,"href":"https:\/\/urbeamea.ro\/albaiulia\/wp-json\/wp\/v2\/users\/17"}],"replies":[{"embeddable":true,"href":"https:\/\/urbeamea.ro\/albaiulia\/wp-json\/wp\/v2\/comments?post=68024"}],"version-history":[{"count":0,"href":"https:\/\/urbeamea.ro\/albaiulia\/wp-json\/wp\/v2\/posts\/68024\/revisions"}],"wp:featuredmedia":[{"embeddable":true,"href":"https:\/\/urbeamea.ro\/albaiulia\/wp-json\/wp\/v2\/media\/68027"}],"wp:attachment":[{"href":"https:\/\/urbeamea.ro\/albaiulia\/wp-json\/wp\/v2\/media?parent=68024"}],"wp:term":[{"taxonomy":"category","embeddable":true,"href":"https:\/\/urbeamea.ro\/albaiulia\/wp-json\/wp\/v2\/categories?post=68024"},{"taxonomy":"post_tag","embeddable":true,"href":"https:\/\/urbeamea.ro\/albaiulia\/wp-json\/wp\/v2\/tags?post=68024"}],"curies":[{"name":"wp","href":"https:\/\/api.w.org\/{rel}","templated":true}]}}