{"id":68562,"date":"2018-11-02T13:49:09","date_gmt":"2018-11-02T11:49:09","guid":{"rendered":"https:\/\/urbeamea.ro\/albaiulia\/?p=68562"},"modified":"2018-11-02T13:49:09","modified_gmt":"2018-11-02T11:49:09","slug":"video-lansarea-campaniei-1-milion-pentru-unire-in-judetul-alba-stranege-de-semnaturi-pentru-unirea-basarabiei-cu-romania","status":"publish","type":"post","link":"https:\/\/urbeamea.ro\/albaiulia\/video-lansarea-campaniei-1-milion-pentru-unire-in-judetul-alba-stranege-de-semnaturi-pentru-unirea-basarabiei-cu-romania\/","title":{"rendered":"VIDEO: Lansarea campaniei \u201d1 milion pentru Unire\u201d, \u00een jude\u021bul Alba. Str\u00e2nege de semn\u0103turi pentru Unirea Basarabiei cu Rom\u00e2nia"},"content":{"rendered":"<p><strong>Sub genericul \u201d1 milion pentru Unire\u201d, Alian\u021ba pentru Centenar str\u00e2nge peste 1 milion de semn\u0103turi \u00een Rom\u00e2nia, Republica Moldova \u0219i diaspora pentru modificarea Constitu\u021biei Rom\u00e2niei, care s\u0103 cuprind\u0103 o referire explicit\u0103 la unirea cu Republica Moldova, garan\u021bie c\u0103 \u00eenf\u0103ptuirea actului este doar o problem\u0103 de ani.<\/strong><\/p>\n<p>Alian\u021ba pentru Centenar propune spre adoptare un preambul \u00een Legea fundamental\u0103, similar celui din Constitu\u021bia Germaniei, \u00een care va fi prev\u0103zut dreptul poporului rom\u00e2n de a se reunifica pa\u0219nic, \u00een concordan\u021b\u0103 cu Tratatul de la Helsinki (1975).<\/p>\n<p>Reprezentan\u021bii organiza\u021biilor unioniste, membre ale Alian\u021bei pentru Centenar, au format grupuri de ini\u021biativ\u0103 \u00een mai multe jude\u021be din Rom\u00e2nia pentru str\u00e2ngerea semn\u0103turilor necesare modific\u0103rii Constitu\u021biei.<\/p>\n<p><strong>Preambulul propus de unioni\u0219ti este urm\u0103torul:<\/strong><\/p>\n<blockquote><p>\u201dCon\u0219tien\u021bi c\u0103 fiii \u0219i nepo\u021bii no\u0219tri trebuie s\u0103 se bucure de un viitor de libertate \u0219i avu\u021bie, de \u0219ansele de \u00eemplinire pe care genera\u021biile noastre nu le-au avut, \u00eentr-un sat unificat, democratic, european \u0219i prosper, hot\u0103r\u00e2\u021bi s\u0103 edific\u0103m procesul de dezvoltare \u0219i afirmare a Na\u021biunii Rom\u00e2ne, \u00een concordan\u021b\u0103 cu istoria poporului nostru, cu normele de moral\u0103 \u0219i de drept interna\u021bional \u00een vigoare, prin re\u00eentregirea neamului rom\u00e2nesc pe cale pa\u0219nic\u0103, liber consim\u021bit\u0103, f\u0103r\u0103 nici un amestec din afar\u0103, pentru a munci \u00eempreun\u0103 la realizarea \u0219i mul\u021bumirea comun\u0103, al\u0103turi de celelalte popoare ale Europei civilizate, adopt\u0103m prezenta Constitu\u021bie.\u201d<\/p><\/blockquote>\n<p><strong>Expunerea de motive pentru introducerea preambulului vizeaz\u0103:<\/strong><\/p>\n<p><em>\u201dExpresia libert\u0103\u021bii, spiritul civic \u0219i democra\u021biei constitu\u021bionale, milioane de rom\u00e2ni venim s\u0103 ar\u0103t\u0103m ca necesar \u00een noua Constitu\u021bie revizuit\u0103 \u0219i un preambul, pentru ca \u00eentotdeauna \u00een\u021belegerea textului constitu\u021bional s\u0103 poat\u0103 fi f\u0103cut\u0103 prin prisma unui set de valori pe care le consider\u0103m intrinseci \u0219i de la care nu se poate deroga, \u00eentruc\u00e2t dup\u0103 ele se ghideaz\u0103 via\u021ba noastr\u0103 \u0219i activitatea constitu\u021bional\u0103 a statului, care trebuie s\u0103 fie conform\u0103 cu aspira\u021biile cet\u0103\u021benilor, statul \u0219i guvernarea nefiind un scop, ci un mijloc pentru asigurarea drepturilor \u0219i fericirii cet\u0103\u021benilor.<\/em><\/p>\n<p><em>\u00cen contextul \u00een care constitu\u021bile moderne eviden\u021beaz\u0103 un pact \u00eentre suveran \u0219i na\u021biune sau \u00eentre puterea legilativ\u0103 \u0219i popor, este necesar ca acordul dintre guvernan\u021bi \u0219i guverna\u021bi s\u0103 cuprind\u0103 un angajament de valori na\u021bionale imuabile care s\u0103 reprezinte fundamentul realit\u0103\u021bii constitu\u021bionale a statului nostru. Angajamentul ar stabili repere pentru cet\u0103\u021beni \u00een ac\u021biunile lor \u0219i pentru institu\u021biile statului \u00een materializarea interesului public.<\/em><\/p>\n<p><iframe loading=\"lazy\" title=\"Daniel Gheorghe Rusu - campania \u201d1 milion pentru Unire\u201d\" width=\"500\" height=\"281\" src=\"https:\/\/www.youtube.com\/embed\/Xk5DMEp4jkI?feature=oembed\" frameborder=\"0\" allow=\"accelerometer; autoplay; clipboard-write; encrypted-media; gyroscope; picture-in-picture; web-share\" referrerpolicy=\"strict-origin-when-cross-origin\" allowfullscreen><\/iframe><\/p>\n<p><em>Constitu\u021bile mai multor state ale lumii \u00eencep cu un preambul, o introducere succint\u0103 \u00een care sunt prezentate valorile, principiile \u0219i obiectivele popoarelor, aspectele care stau la baza constitu\u021biei solide ale statelor lor. Libertatea, bun\u0103starea \u0219i fericirea fiec\u0103rui cet\u0103\u021bean precum \u0219i ale genera\u021biilor viitoare sunt valori \u0219i scopuri enun\u021bate \u00een sinteza reprezentat\u0103 de preambul, alc\u0103tuind \u00eempreun\u0103 o adev\u0103rat\u0103 piatr\u0103 de temelie a na\u021biunii.<\/em><\/p>\n<p><em>Introducerea unui preambul \u00een Constitu\u021bia Rom\u00e2niei, care face trimitere la n\u0103zuin\u021bele poporului rom\u00e2n, ar veni \u00een \u00eent\u00e2mpinarea primului articol al Legii fundamentale, \u00een care vorbe\u0219te de idealurile Revolu\u021biei din Decembrie 1989 \u0219i garantarea acestora, mai pu\u021bin cunoscute de genera\u021biile n\u0103scute dup\u0103 c\u0103derea Comunismului.<\/em><\/p>\n<p><em>Revizuirea Constitu\u021biei prin ad\u0103ugarea unui preambul are rolul de a consolida raportul dintre stat \u0219i popor, iar afirmarea \u00een cadrul acestuia a unor teme pentru un poten\u021bial proiect de \u021bar\u0103, care s\u0103 uneasc\u0103 \u00een fapte \u0219i \u00een cauze \u00eentreaga societate, sub obl\u0103duirea guvernan\u021bilor, va veni s\u0103 \u00eent\u0103reasc\u0103 leg\u0103tura indisolubil\u0103 dintre toate p\u0103r\u021bile care compun o \u021bar\u0103. Astfel, consider\u0103m c\u0103 acest poten\u021bial proiect nu poate fi altceva dec\u00e2t re\u00eentregirea na\u021bional\u0103, act care se alineaz\u0103 tuturor instrumentelor interna\u021bionale \u00een vigoare \u0219i ratificate de Rom\u00e2nia, acordurile multilaterale interguvernamentale \u0219i interstatale, care se r\u0103g\u0103se\u0219te \u00een conformitate cu Actul Final al Conferin\u021bei de la Helsinki \u0219i cu practica interna\u021bional\u0103 care statueaz\u0103 principiul egalit\u0103\u021bii \u00eentre popoare \u0219i dreptul acestora la autodeterminare, \u0219i care este de mare importan\u021b\u0103 pentru viitorul prosper al Rom\u00e2niei \u0219i al rom\u00e2nilor de pe ambele maluri ale Prutului. \u00cen acest sens avem un exemplu concret \u0219i accesibil care ne ghideaz\u0103 \u00een demers: modelul german de reunificare.<\/em><\/p>\n<p><iframe loading=\"lazy\" title=\"Sorin Poparadu - lansarea campaniei \u201d1 milion pentru Unire\u201d\" width=\"500\" height=\"281\" src=\"https:\/\/www.youtube.com\/embed\/FRZgf57Jzjs?feature=oembed\" frameborder=\"0\" allow=\"accelerometer; autoplay; clipboard-write; encrypted-media; gyroscope; picture-in-picture; web-share\" referrerpolicy=\"strict-origin-when-cross-origin\" allowfullscreen><\/iframe><\/p>\n<p><em>\u00cen plus, \u00een lumina Declara\u021biei Parlamentului Rom\u00e2niei, adoptate la 27 martie 2018, \u00een ziua Centenarului Unirii Basarabiei cu Rom\u00e2nia, este reconfirmat\u0103 ca legitim\u0103 dorin\u021b\u0103 de Reunire a popula\u021biei, pe c\u0103i democratice, liber consim\u021bite, pentru continuarea fireasc\u0103 \u00een procesul de dezvoltare \u0219i afirmare a na\u021biunii rom\u00e2ne. Totodat\u0103, disolu\u021bia URSS \u0219i proclamarea independen\u021bei statelor baltice prin reluarea statului juridic \u0219i de drept interna\u021bional anterior ocupa\u021biei sovietice, precum \u0219i Rezolu\u021biei Senatului Statelor Unite ale Americii nr. 148 din 1991, care arat\u0103 c\u0103 Guvernul American va sus\u021bine eforturile de reunificare a Rom\u00e2niei cu Republica Moldova, dup\u0103 faptele pentru limba rom\u00e2n\u0103 \u0219i liberate ale moldovenilor din st\u00e2nga Prutului, \u00eencununate prin Declara\u021bia de Independen\u021b\u0103 adoptat\u0103 de Marea Adunare Na\u021bional\u0103 din Chi\u0219in\u0103u la 27 august 1991, atribuie o for\u021b\u0103 juridic\u0103 ce dubleaz\u0103 imensa for\u021b\u0103 moral\u0103 conferit\u0103 de \u00eendelungi suferin\u021be ale poporului nostru \u0219i ale na\u021bionalit\u0103\u021bilor conlocuitoare, printre care amintim deport\u0103rile, torturile, \u00eenfomet\u0103rile, crimele \u00eempotriva umanit\u0103\u021bii.<\/em><\/p>\n<p><em>Revizuirea Constitu\u021biei prin introducerea preambulului propus va \u00eent\u0103ri legitimitatea acestuia \u0219i revalidarea complinit\u0103 \u0219i \u00eemplinit\u0103 prin Rezolu\u021bia Marii Adun\u0103ri Na\u021bionale de la Alba Iulia din 1918, ne\u00eenfr\u00e2nt\u0103 de vreo alt\u0103 adunare legal\u0103.\u201d<\/em><\/p>\n<p><iframe loading=\"lazy\" title=\"Maria Cioica - lansarea campaniei \u201d1 milion pentru Unire\u201d\" width=\"500\" height=\"281\" src=\"https:\/\/www.youtube.com\/embed\/UnlRoiQBBaE?feature=oembed\" frameborder=\"0\" allow=\"accelerometer; autoplay; clipboard-write; encrypted-media; gyroscope; picture-in-picture; web-share\" referrerpolicy=\"strict-origin-when-cross-origin\" allowfullscreen><\/iframe><\/p>\n<p>Ini\u021biativa Alian\u021bei pentru Centenar a fost publicat\u0103 \u00een Monitorul Oficial la data de 19 septembrie, dup\u0103 ce ini\u021biativa de str\u00e2ngere a semn\u0103turilor a fost avizat\u0103 favorabil de Consiliul Legislativ al Rom\u00e2niei \u00een data de 26 iulie.<\/p>\n<p>Este important\u0103 sublinierea faptului c\u0103:<\/p>\n<ul>\n<li>fiecare primar unionist din Rom\u00e2nia \u0219i Republica Moldova se va implica \u00een campania de str\u00e2ngere de semn\u0103turi &#8211; este \u00een joc viitorul Rom\u00e2niei de m\u00e2ine, o \u021bar\u0103 mai mare, mai puternic\u0103;<\/li>\n<li>curentul unionist din Republica Moldova este \u00een cre\u0219tere, \u00een Rom\u00e2nia el este \u00eembr\u0103\u021bi\u0219at de peste 80% din popula\u021bie;<\/li>\n<li>\u00een Republica Moldova au fost votate peste 160 de Declara\u021bii de Unire cu Rom\u00e2nia de c\u0103tre primarii \u0219i consiliile locale, dar \u0219i de consiliile raionale;<\/li>\n<li>avem o Declara\u021bie istoric\u0103 adoptat\u0103 de Parlamentul Rom\u00e2niei la 27 martie 2018, c\u00e2nd s-au \u00eemplinit 100 de ani de la Unirea Basarabiei cu Rom\u00e2nia, potrivit c\u0103reia dac\u0103 Republica Moldova va cere Unire, Rom\u00e2nia va veni \u00een \u00eent\u00e2mpinarea dorin\u021bei sale.<\/li>\n<\/ul>\n","protected":false},"excerpt":{"rendered":"<p>Sub genericul \u201d1 milion pentru Unire\u201d, Alian\u021ba pentru Centenar str\u00e2nge peste 1 milion de semn\u0103turi \u00een Rom\u00e2nia, Republica Moldova \u0219i diaspora pentru modificarea Constitu\u021biei Rom\u00e2niei, care s\u0103 cuprind\u0103 o referire explicit\u0103 la unirea cu Republica Moldova, garan\u021bie c\u0103 \u00eenf\u0103ptuirea actului este doar o problem\u0103 de ani. Alian\u021ba pentru Centenar propune spre adoptare un preambul \u00een &hellip;<\/p>\n","protected":false},"author":17,"featured_media":68563,"comment_status":"open","ping_status":"open","sticky":false,"template":"","format":"standard","meta":{"inline_featured_image":false,"footnotes":""},"categories":[2034],"tags":[16535,31,16534,308,16536,14779,76],"class_list":["post-68562","post","type-post","status-publish","format-standard","has-post-thumbnail","hentry","category-social","tag-1-milion-pentru-unire","tag-alba-iulia","tag-lansare-campanie","tag-stiri","tag-strangere-de-semnaturi","tag-unirea-basarabiei-cu-romania","tag-urbea-mea"],"yoast_head":"<!-- This site is optimized with the Yoast SEO plugin v27.4 - https:\/\/yoast.com\/product\/yoast-seo-wordpress\/ -->\n<title>VIDEO: Lansarea campaniei \u201d1 milion pentru Unire\u201d, \u00een jude\u021bul Alba. Str\u00e2nege de semn\u0103turi pentru Unirea Basarabiei cu Rom\u00e2nia - Revista Urbea Mea - Revista de Alba<\/title>\n<meta name=\"description\" content=\"Sub genericul \u201d1 milion pentru Unire\u201d, Alian\u021ba pentru Centenar str\u00e2nge peste 1 milion de semn\u0103turi \u00een Rom\u00e2nia, Republica Moldova \u0219i diaspora pentru\" \/>\n<meta name=\"robots\" content=\"index, follow, max-snippet:-1, max-image-preview:large, max-video-preview:-1\" \/>\n<link rel=\"canonical\" href=\"https:\/\/urbeamea.ro\/albaiulia\/video-lansarea-campaniei-1-milion-pentru-unire-in-judetul-alba-stranege-de-semnaturi-pentru-unirea-basarabiei-cu-romania\/\" \/>\n<meta name=\"twitter:card\" content=\"summary_large_image\" \/>\n<meta name=\"twitter:title\" content=\"VIDEO: Lansarea campaniei \u201d1 milion pentru Unire\u201d, \u00een jude\u021bul Alba. Str\u00e2nege de semn\u0103turi pentru Unirea Basarabiei cu Rom\u00e2nia - Revista Urbea Mea - Revista de Alba\" \/>\n<meta name=\"twitter:description\" content=\"Sub genericul \u201d1 milion pentru Unire\u201d, Alian\u021ba pentru Centenar str\u00e2nge peste 1 milion de semn\u0103turi \u00een Rom\u00e2nia, Republica Moldova \u0219i diaspora pentru\" \/>\n<meta name=\"twitter:image\" content=\"https:\/\/urbeamea.ro\/albaiulia\/wp-content\/uploads\/2018\/11\/DSC01423.jpg\" \/>\n<meta name=\"twitter:creator\" content=\"@urbeameaweb\" \/>\n<meta name=\"twitter:site\" content=\"@urbeameaweb\" \/>\n<script type=\"application\/ld+json\" class=\"yoast-schema-graph\">{\"@context\":\"https:\\\/\\\/schema.org\",\"@graph\":[{\"@type\":\"Article\",\"@id\":\"https:\\\/\\\/urbeamea.ro\\\/albaiulia\\\/video-lansarea-campaniei-1-milion-pentru-unire-in-judetul-alba-stranege-de-semnaturi-pentru-unirea-basarabiei-cu-romania\\\/#article\",\"isPartOf\":{\"@id\":\"https:\\\/\\\/urbeamea.ro\\\/albaiulia\\\/video-lansarea-campaniei-1-milion-pentru-unire-in-judetul-alba-stranege-de-semnaturi-pentru-unirea-basarabiei-cu-romania\\\/\"},\"author\":{\"name\":\"Cristina Ganga\",\"@id\":\"https:\\\/\\\/urbeamea.ro\\\/albaiulia\\\/#\\\/schema\\\/person\\\/9700d21fae21c4f038b0b56f4506264a\"},\"headline\":\"VIDEO: Lansarea campaniei \u201d1 milion pentru Unire\u201d, \u00een jude\u021bul Alba. Str\u00e2nege de semn\u0103turi pentru Unirea Basarabiei cu Rom\u00e2nia\",\"datePublished\":\"2018-11-02T11:49:09+00:00\",\"mainEntityOfPage\":{\"@id\":\"https:\\\/\\\/urbeamea.ro\\\/albaiulia\\\/video-lansarea-campaniei-1-milion-pentru-unire-in-judetul-alba-stranege-de-semnaturi-pentru-unirea-basarabiei-cu-romania\\\/\"},\"wordCount\":1155,\"commentCount\":1,\"image\":{\"@id\":\"https:\\\/\\\/urbeamea.ro\\\/albaiulia\\\/video-lansarea-campaniei-1-milion-pentru-unire-in-judetul-alba-stranege-de-semnaturi-pentru-unirea-basarabiei-cu-romania\\\/#primaryimage\"},\"thumbnailUrl\":\"https:\\\/\\\/urbeamea.ro\\\/albaiulia\\\/wp-content\\\/uploads\\\/2018\\\/11\\\/DSC01423.jpg\",\"keywords\":[\"1 milion pentru unire\",\"Alba Iulia\",\"lansare campanie\",\"stiri\",\"strangere de semnaturi\",\"unirea basarabiei cu romania\",\"Urbea Mea\"],\"articleSection\":[\"Social\"],\"inLanguage\":\"ro-RO\",\"potentialAction\":[{\"@type\":\"CommentAction\",\"name\":\"Comment\",\"target\":[\"https:\\\/\\\/urbeamea.ro\\\/albaiulia\\\/video-lansarea-campaniei-1-milion-pentru-unire-in-judetul-alba-stranege-de-semnaturi-pentru-unirea-basarabiei-cu-romania\\\/#respond\"]}]},{\"@type\":\"WebPage\",\"@id\":\"https:\\\/\\\/urbeamea.ro\\\/albaiulia\\\/video-lansarea-campaniei-1-milion-pentru-unire-in-judetul-alba-stranege-de-semnaturi-pentru-unirea-basarabiei-cu-romania\\\/\",\"url\":\"https:\\\/\\\/urbeamea.ro\\\/albaiulia\\\/video-lansarea-campaniei-1-milion-pentru-unire-in-judetul-alba-stranege-de-semnaturi-pentru-unirea-basarabiei-cu-romania\\\/\",\"name\":\"VIDEO: Lansarea campaniei \u201d1 milion pentru Unire\u201d, \u00een jude\u021bul Alba. Str\u00e2nege de semn\u0103turi pentru Unirea Basarabiei cu Rom\u00e2nia - Revista Urbea Mea - Revista de Alba\",\"isPartOf\":{\"@id\":\"https:\\\/\\\/urbeamea.ro\\\/albaiulia\\\/#website\"},\"primaryImageOfPage\":{\"@id\":\"https:\\\/\\\/urbeamea.ro\\\/albaiulia\\\/video-lansarea-campaniei-1-milion-pentru-unire-in-judetul-alba-stranege-de-semnaturi-pentru-unirea-basarabiei-cu-romania\\\/#primaryimage\"},\"image\":{\"@id\":\"https:\\\/\\\/urbeamea.ro\\\/albaiulia\\\/video-lansarea-campaniei-1-milion-pentru-unire-in-judetul-alba-stranege-de-semnaturi-pentru-unirea-basarabiei-cu-romania\\\/#primaryimage\"},\"thumbnailUrl\":\"https:\\\/\\\/urbeamea.ro\\\/albaiulia\\\/wp-content\\\/uploads\\\/2018\\\/11\\\/DSC01423.jpg\",\"datePublished\":\"2018-11-02T11:49:09+00:00\",\"author\":{\"@id\":\"https:\\\/\\\/urbeamea.ro\\\/albaiulia\\\/#\\\/schema\\\/person\\\/9700d21fae21c4f038b0b56f4506264a\"},\"description\":\"Sub genericul \u201d1 milion pentru Unire\u201d, Alian\u021ba pentru Centenar str\u00e2nge peste 1 milion de semn\u0103turi \u00een Rom\u00e2nia, Republica Moldova \u0219i diaspora pentru\",\"breadcrumb\":{\"@id\":\"https:\\\/\\\/urbeamea.ro\\\/albaiulia\\\/video-lansarea-campaniei-1-milion-pentru-unire-in-judetul-alba-stranege-de-semnaturi-pentru-unirea-basarabiei-cu-romania\\\/#breadcrumb\"},\"inLanguage\":\"ro-RO\",\"potentialAction\":[{\"@type\":\"ReadAction\",\"target\":[\"https:\\\/\\\/urbeamea.ro\\\/albaiulia\\\/video-lansarea-campaniei-1-milion-pentru-unire-in-judetul-alba-stranege-de-semnaturi-pentru-unirea-basarabiei-cu-romania\\\/\"]}]},{\"@type\":\"ImageObject\",\"inLanguage\":\"ro-RO\",\"@id\":\"https:\\\/\\\/urbeamea.ro\\\/albaiulia\\\/video-lansarea-campaniei-1-milion-pentru-unire-in-judetul-alba-stranege-de-semnaturi-pentru-unirea-basarabiei-cu-romania\\\/#primaryimage\",\"url\":\"https:\\\/\\\/urbeamea.ro\\\/albaiulia\\\/wp-content\\\/uploads\\\/2018\\\/11\\\/DSC01423.jpg\",\"contentUrl\":\"https:\\\/\\\/urbeamea.ro\\\/albaiulia\\\/wp-content\\\/uploads\\\/2018\\\/11\\\/DSC01423.jpg\",\"width\":1920,\"height\":1080},{\"@type\":\"BreadcrumbList\",\"@id\":\"https:\\\/\\\/urbeamea.ro\\\/albaiulia\\\/video-lansarea-campaniei-1-milion-pentru-unire-in-judetul-alba-stranege-de-semnaturi-pentru-unirea-basarabiei-cu-romania\\\/#breadcrumb\",\"itemListElement\":[{\"@type\":\"ListItem\",\"position\":1,\"name\":\"Prima pagin\u0103\",\"item\":\"https:\\\/\\\/urbeamea.ro\\\/albaiulia\\\/\"},{\"@type\":\"ListItem\",\"position\":2,\"name\":\"VIDEO: Lansarea campaniei \u201d1 milion pentru Unire\u201d, \u00een jude\u021bul Alba. Str\u00e2nege de semn\u0103turi pentru Unirea Basarabiei cu Rom\u00e2nia\"}]},{\"@type\":\"WebSite\",\"@id\":\"https:\\\/\\\/urbeamea.ro\\\/albaiulia\\\/#website\",\"url\":\"https:\\\/\\\/urbeamea.ro\\\/albaiulia\\\/\",\"name\":\"Revista Urbea Mea, Stiri urbane\",\"description\":\"Evenimente \u0219i \u0219tiri din Alba Iulia, Sebe\u0219, Aiud, Blaj\",\"potentialAction\":[{\"@type\":\"SearchAction\",\"target\":{\"@type\":\"EntryPoint\",\"urlTemplate\":\"https:\\\/\\\/urbeamea.ro\\\/albaiulia\\\/?s={search_term_string}\"},\"query-input\":{\"@type\":\"PropertyValueSpecification\",\"valueRequired\":true,\"valueName\":\"search_term_string\"}}],\"inLanguage\":\"ro-RO\"},{\"@type\":\"Person\",\"@id\":\"https:\\\/\\\/urbeamea.ro\\\/albaiulia\\\/#\\\/schema\\\/person\\\/9700d21fae21c4f038b0b56f4506264a\",\"name\":\"Cristina Ganga\",\"image\":{\"@type\":\"ImageObject\",\"inLanguage\":\"ro-RO\",\"@id\":\"https:\\\/\\\/secure.gravatar.com\\\/avatar\\\/5a67661041f057b4a8ccaf26f5a8e86e2689372006d01faf3dd9eeb10b654bb4?s=96&d=mm&r=g\",\"url\":\"https:\\\/\\\/secure.gravatar.com\\\/avatar\\\/5a67661041f057b4a8ccaf26f5a8e86e2689372006d01faf3dd9eeb10b654bb4?s=96&d=mm&r=g\",\"contentUrl\":\"https:\\\/\\\/secure.gravatar.com\\\/avatar\\\/5a67661041f057b4a8ccaf26f5a8e86e2689372006d01faf3dd9eeb10b654bb4?s=96&d=mm&r=g\",\"caption\":\"Cristina Ganga\"},\"description\":\"Jurnalist\",\"sameAs\":[\"https:\\\/\\\/www.facebook.com\\\/cristina.nicola.587\"],\"url\":\"https:\\\/\\\/urbeamea.ro\\\/albaiulia\\\/author\\\/cristina-nicola\\\/\"}]}<\/script>\n<!-- \/ Yoast SEO plugin. -->","yoast_head_json":{"title":"VIDEO: Lansarea campaniei \u201d1 milion pentru Unire\u201d, \u00een jude\u021bul Alba. Str\u00e2nege de semn\u0103turi pentru Unirea Basarabiei cu Rom\u00e2nia - Revista Urbea Mea - Revista de Alba","description":"Sub genericul \u201d1 milion pentru Unire\u201d, Alian\u021ba pentru Centenar str\u00e2nge peste 1 milion de semn\u0103turi \u00een Rom\u00e2nia, Republica Moldova \u0219i diaspora pentru","robots":{"index":"index","follow":"follow","max-snippet":"max-snippet:-1","max-image-preview":"max-image-preview:large","max-video-preview":"max-video-preview:-1"},"canonical":"https:\/\/urbeamea.ro\/albaiulia\/video-lansarea-campaniei-1-milion-pentru-unire-in-judetul-alba-stranege-de-semnaturi-pentru-unirea-basarabiei-cu-romania\/","twitter_card":"summary_large_image","twitter_title":"VIDEO: Lansarea campaniei \u201d1 milion pentru Unire\u201d, \u00een jude\u021bul Alba. Str\u00e2nege de semn\u0103turi pentru Unirea Basarabiei cu Rom\u00e2nia - Revista Urbea Mea - Revista de Alba","twitter_description":"Sub genericul \u201d1 milion pentru Unire\u201d, Alian\u021ba pentru Centenar str\u00e2nge peste 1 milion de semn\u0103turi \u00een Rom\u00e2nia, Republica Moldova \u0219i diaspora pentru","twitter_image":"https:\/\/urbeamea.ro\/albaiulia\/wp-content\/uploads\/2018\/11\/DSC01423.jpg","twitter_creator":"@urbeameaweb","twitter_site":"@urbeameaweb","schema":{"@context":"https:\/\/schema.org","@graph":[{"@type":"Article","@id":"https:\/\/urbeamea.ro\/albaiulia\/video-lansarea-campaniei-1-milion-pentru-unire-in-judetul-alba-stranege-de-semnaturi-pentru-unirea-basarabiei-cu-romania\/#article","isPartOf":{"@id":"https:\/\/urbeamea.ro\/albaiulia\/video-lansarea-campaniei-1-milion-pentru-unire-in-judetul-alba-stranege-de-semnaturi-pentru-unirea-basarabiei-cu-romania\/"},"author":{"name":"Cristina Ganga","@id":"https:\/\/urbeamea.ro\/albaiulia\/#\/schema\/person\/9700d21fae21c4f038b0b56f4506264a"},"headline":"VIDEO: Lansarea campaniei \u201d1 milion pentru Unire\u201d, \u00een jude\u021bul Alba. Str\u00e2nege de semn\u0103turi pentru Unirea Basarabiei cu Rom\u00e2nia","datePublished":"2018-11-02T11:49:09+00:00","mainEntityOfPage":{"@id":"https:\/\/urbeamea.ro\/albaiulia\/video-lansarea-campaniei-1-milion-pentru-unire-in-judetul-alba-stranege-de-semnaturi-pentru-unirea-basarabiei-cu-romania\/"},"wordCount":1155,"commentCount":1,"image":{"@id":"https:\/\/urbeamea.ro\/albaiulia\/video-lansarea-campaniei-1-milion-pentru-unire-in-judetul-alba-stranege-de-semnaturi-pentru-unirea-basarabiei-cu-romania\/#primaryimage"},"thumbnailUrl":"https:\/\/urbeamea.ro\/albaiulia\/wp-content\/uploads\/2018\/11\/DSC01423.jpg","keywords":["1 milion pentru unire","Alba Iulia","lansare campanie","stiri","strangere de semnaturi","unirea basarabiei cu romania","Urbea Mea"],"articleSection":["Social"],"inLanguage":"ro-RO","potentialAction":[{"@type":"CommentAction","name":"Comment","target":["https:\/\/urbeamea.ro\/albaiulia\/video-lansarea-campaniei-1-milion-pentru-unire-in-judetul-alba-stranege-de-semnaturi-pentru-unirea-basarabiei-cu-romania\/#respond"]}]},{"@type":"WebPage","@id":"https:\/\/urbeamea.ro\/albaiulia\/video-lansarea-campaniei-1-milion-pentru-unire-in-judetul-alba-stranege-de-semnaturi-pentru-unirea-basarabiei-cu-romania\/","url":"https:\/\/urbeamea.ro\/albaiulia\/video-lansarea-campaniei-1-milion-pentru-unire-in-judetul-alba-stranege-de-semnaturi-pentru-unirea-basarabiei-cu-romania\/","name":"VIDEO: Lansarea campaniei \u201d1 milion pentru Unire\u201d, \u00een jude\u021bul Alba. Str\u00e2nege de semn\u0103turi pentru Unirea Basarabiei cu Rom\u00e2nia - Revista Urbea Mea - Revista de Alba","isPartOf":{"@id":"https:\/\/urbeamea.ro\/albaiulia\/#website"},"primaryImageOfPage":{"@id":"https:\/\/urbeamea.ro\/albaiulia\/video-lansarea-campaniei-1-milion-pentru-unire-in-judetul-alba-stranege-de-semnaturi-pentru-unirea-basarabiei-cu-romania\/#primaryimage"},"image":{"@id":"https:\/\/urbeamea.ro\/albaiulia\/video-lansarea-campaniei-1-milion-pentru-unire-in-judetul-alba-stranege-de-semnaturi-pentru-unirea-basarabiei-cu-romania\/#primaryimage"},"thumbnailUrl":"https:\/\/urbeamea.ro\/albaiulia\/wp-content\/uploads\/2018\/11\/DSC01423.jpg","datePublished":"2018-11-02T11:49:09+00:00","author":{"@id":"https:\/\/urbeamea.ro\/albaiulia\/#\/schema\/person\/9700d21fae21c4f038b0b56f4506264a"},"description":"Sub genericul \u201d1 milion pentru Unire\u201d, Alian\u021ba pentru Centenar str\u00e2nge peste 1 milion de semn\u0103turi \u00een Rom\u00e2nia, Republica Moldova \u0219i diaspora pentru","breadcrumb":{"@id":"https:\/\/urbeamea.ro\/albaiulia\/video-lansarea-campaniei-1-milion-pentru-unire-in-judetul-alba-stranege-de-semnaturi-pentru-unirea-basarabiei-cu-romania\/#breadcrumb"},"inLanguage":"ro-RO","potentialAction":[{"@type":"ReadAction","target":["https:\/\/urbeamea.ro\/albaiulia\/video-lansarea-campaniei-1-milion-pentru-unire-in-judetul-alba-stranege-de-semnaturi-pentru-unirea-basarabiei-cu-romania\/"]}]},{"@type":"ImageObject","inLanguage":"ro-RO","@id":"https:\/\/urbeamea.ro\/albaiulia\/video-lansarea-campaniei-1-milion-pentru-unire-in-judetul-alba-stranege-de-semnaturi-pentru-unirea-basarabiei-cu-romania\/#primaryimage","url":"https:\/\/urbeamea.ro\/albaiulia\/wp-content\/uploads\/2018\/11\/DSC01423.jpg","contentUrl":"https:\/\/urbeamea.ro\/albaiulia\/wp-content\/uploads\/2018\/11\/DSC01423.jpg","width":1920,"height":1080},{"@type":"BreadcrumbList","@id":"https:\/\/urbeamea.ro\/albaiulia\/video-lansarea-campaniei-1-milion-pentru-unire-in-judetul-alba-stranege-de-semnaturi-pentru-unirea-basarabiei-cu-romania\/#breadcrumb","itemListElement":[{"@type":"ListItem","position":1,"name":"Prima pagin\u0103","item":"https:\/\/urbeamea.ro\/albaiulia\/"},{"@type":"ListItem","position":2,"name":"VIDEO: Lansarea campaniei \u201d1 milion pentru Unire\u201d, \u00een jude\u021bul Alba. Str\u00e2nege de semn\u0103turi pentru Unirea Basarabiei cu Rom\u00e2nia"}]},{"@type":"WebSite","@id":"https:\/\/urbeamea.ro\/albaiulia\/#website","url":"https:\/\/urbeamea.ro\/albaiulia\/","name":"Revista Urbea Mea, Stiri urbane","description":"Evenimente \u0219i \u0219tiri din Alba Iulia, Sebe\u0219, Aiud, Blaj","potentialAction":[{"@type":"SearchAction","target":{"@type":"EntryPoint","urlTemplate":"https:\/\/urbeamea.ro\/albaiulia\/?s={search_term_string}"},"query-input":{"@type":"PropertyValueSpecification","valueRequired":true,"valueName":"search_term_string"}}],"inLanguage":"ro-RO"},{"@type":"Person","@id":"https:\/\/urbeamea.ro\/albaiulia\/#\/schema\/person\/9700d21fae21c4f038b0b56f4506264a","name":"Cristina Ganga","image":{"@type":"ImageObject","inLanguage":"ro-RO","@id":"https:\/\/secure.gravatar.com\/avatar\/5a67661041f057b4a8ccaf26f5a8e86e2689372006d01faf3dd9eeb10b654bb4?s=96&d=mm&r=g","url":"https:\/\/secure.gravatar.com\/avatar\/5a67661041f057b4a8ccaf26f5a8e86e2689372006d01faf3dd9eeb10b654bb4?s=96&d=mm&r=g","contentUrl":"https:\/\/secure.gravatar.com\/avatar\/5a67661041f057b4a8ccaf26f5a8e86e2689372006d01faf3dd9eeb10b654bb4?s=96&d=mm&r=g","caption":"Cristina Ganga"},"description":"Jurnalist","sameAs":["https:\/\/www.facebook.com\/cristina.nicola.587"],"url":"https:\/\/urbeamea.ro\/albaiulia\/author\/cristina-nicola\/"}]}},"_links":{"self":[{"href":"https:\/\/urbeamea.ro\/albaiulia\/wp-json\/wp\/v2\/posts\/68562","targetHints":{"allow":["GET"]}}],"collection":[{"href":"https:\/\/urbeamea.ro\/albaiulia\/wp-json\/wp\/v2\/posts"}],"about":[{"href":"https:\/\/urbeamea.ro\/albaiulia\/wp-json\/wp\/v2\/types\/post"}],"author":[{"embeddable":true,"href":"https:\/\/urbeamea.ro\/albaiulia\/wp-json\/wp\/v2\/users\/17"}],"replies":[{"embeddable":true,"href":"https:\/\/urbeamea.ro\/albaiulia\/wp-json\/wp\/v2\/comments?post=68562"}],"version-history":[{"count":0,"href":"https:\/\/urbeamea.ro\/albaiulia\/wp-json\/wp\/v2\/posts\/68562\/revisions"}],"wp:featuredmedia":[{"embeddable":true,"href":"https:\/\/urbeamea.ro\/albaiulia\/wp-json\/wp\/v2\/media\/68563"}],"wp:attachment":[{"href":"https:\/\/urbeamea.ro\/albaiulia\/wp-json\/wp\/v2\/media?parent=68562"}],"wp:term":[{"taxonomy":"category","embeddable":true,"href":"https:\/\/urbeamea.ro\/albaiulia\/wp-json\/wp\/v2\/categories?post=68562"},{"taxonomy":"post_tag","embeddable":true,"href":"https:\/\/urbeamea.ro\/albaiulia\/wp-json\/wp\/v2\/tags?post=68562"}],"curies":[{"name":"wp","href":"https:\/\/api.w.org\/{rel}","templated":true}]}}