{"id":69529,"date":"2018-11-19T10:12:07","date_gmt":"2018-11-19T08:12:07","guid":{"rendered":"https:\/\/urbeamea.ro\/albaiulia\/?p=69529"},"modified":"2018-11-19T10:12:07","modified_gmt":"2018-11-19T08:12:07","slug":"poezia-marturie-din-temnita-comunista-teologul-martir-ilarion-felea-omagiat-la-aiud","status":"publish","type":"post","link":"https:\/\/urbeamea.ro\/albaiulia\/poezia-marturie-din-temnita-comunista-teologul-martir-ilarion-felea-omagiat-la-aiud\/","title":{"rendered":"\u201ePoezia m\u0103rturie din temni\u021ba comunist\u0103\u201d: Teologul martir &#8211; Ilarion Felea, omagiat la Aiud"},"content":{"rendered":"<p><strong>\u00cen sala I. C. Br\u0103tianu a Prim\u0103riei Municipiului Aiud, vineri, 16 noiembrie 2018, \u00een cadrul proiectului\u00a0 \u201e<em>Poezia m\u0103rturie<\/em> din temni\u021ba comunist\u0103\u201d, ini\u021biat de Liceul Tehnologic Ocna Mure\u0219, a avut loc conferin\u021ba \u201eA tr\u0103i, a propov\u0103dui \u0219i a m\u0103rturisi \u00een duhul adev\u0103rului \u2013 preotul martir Ilarion V. Felea\u201d, sus\u021binut\u0103 de preot lector universitar doctor Filip Albu de la Facultatea de Teologie\u00a0 \u201eIlarion Felea \u201d din Arad.<\/strong><\/p>\n<p>A fost prezent\u0103 familia Felea al\u0103turi de elevi \u0219i profesori de la \u0218coala Gimnazial\u0103 \u201dOvidiu Hulea\u201d Aiud, \u0218coala Gimnazial\u0103 \u201eAvram Iancu\u201d Unirea, \u0218coala Gimnazial\u0103 \u201dSimion Laz\u0103r\u201d Lunca Mure\u0219, Colegiul Tehnic Aiud, Liceul Teoretic \u201cPetru Maior\u201d Ocna Mure\u0219, Liceul Tehnologic \u201eAlexandru Borza\u201d Ciumbrud, Liceul Tehnologic Ocna Mure\u0219, precum \u0219i de invita\u021bi de la institu\u021bii partenere \u00een proiect:\u00a0 Prim\u0103ria Municipiului Aiud, Centrul Cultural \u201eLiviu Rebreanu\u201d Aiud,\u00a0 Biblioteca Municipal\u0103 Aiud \u0219i de al\u021bi invita\u021bi.<\/p>\n<p>\u00cen deschidere au recitat elevi de la\u00a0 \u0218coala Gimnazial\u0103 \u201eAvram Iancu\u201d Unirea \u0219i Colegiul Tehnic Aiud, \u00eendruma\u021bi de prof. Florina Moldovan, prof. Ostvath Elisabeta, prof. Popovici Daniela, prof. O\u021bel Camelia, prof. Nicoar\u0103 Antoaneta, prof. Buta Ramona, bibl. Victoria Farca.<\/p>\n<p>Trimiteri la perioda deten\u021biei comuniste au f\u0103cut prof. Pantelimon Popovici \u0219i bibl. Dana Dumitriu Grigori\u0163\u0103 .<\/p>\n<p>Prezen\u021ba familiei Felea a dat o emo\u021bie aleas\u0103 evenimentului.<\/p>\n","protected":false},"excerpt":{"rendered":"<p>\u00cen sala I. C. Br\u0103tianu a Prim\u0103riei Municipiului Aiud, vineri, 16 noiembrie 2018, \u00een cadrul proiectului\u00a0 \u201ePoezia m\u0103rturie din temni\u021ba comunist\u0103\u201d, ini\u021biat de Liceul Tehnologic Ocna Mure\u0219, a avut loc conferin\u021ba \u201eA tr\u0103i, a propov\u0103dui \u0219i a m\u0103rturisi \u00een duhul adev\u0103rului \u2013 preotul martir Ilarion V. Felea\u201d, sus\u021binut\u0103 de preot lector universitar doctor Filip Albu &hellip;<\/p>\n","protected":false},"author":17,"featured_media":69530,"comment_status":"open","ping_status":"open","sticky":false,"template":"","format":"standard","meta":{"inline_featured_image":false,"footnotes":""},"categories":[2038],"tags":[16670,16671,308,76],"class_list":["post-69529","post","type-post","status-publish","format-standard","has-post-thumbnail","hentry","category-cultura","tag-poezia-marturia-din-temnita-comunista","tag-preotul-martir-ilarion-v-felea","tag-stiri","tag-urbea-mea"],"yoast_head":"<!-- This site is optimized with the Yoast SEO plugin v27.4 - https:\/\/yoast.com\/product\/yoast-seo-wordpress\/ -->\n<title>\u201ePoezia m\u0103rturie din temni\u021ba comunist\u0103\u201d: Teologul martir - Ilarion Felea, omagiat la Aiud - Revista Urbea Mea - Revista de Alba<\/title>\n<meta name=\"description\" content=\"\u00cen sala I. C. Br\u0103tianu a Prim\u0103riei Municipiului Aiud, vineri, 16 noiembrie 2018, \u00een cadrul proiectului\u00a0 \u201ePoezia m\u0103rturie din temni\u021ba comunist\u0103\u201d, ini\u021biat\" \/>\n<meta name=\"robots\" content=\"index, follow, max-snippet:-1, max-image-preview:large, max-video-preview:-1\" \/>\n<link rel=\"canonical\" href=\"https:\/\/urbeamea.ro\/albaiulia\/poezia-marturie-din-temnita-comunista-teologul-martir-ilarion-felea-omagiat-la-aiud\/\" \/>\n<meta name=\"twitter:card\" content=\"summary_large_image\" \/>\n<meta name=\"twitter:title\" content=\"\u201ePoezia m\u0103rturie din temni\u021ba comunist\u0103\u201d: Teologul martir - Ilarion Felea, omagiat la Aiud - Revista Urbea Mea - Revista de Alba\" \/>\n<meta name=\"twitter:description\" content=\"\u00cen sala I. C. Br\u0103tianu a Prim\u0103riei Municipiului Aiud, vineri, 16 noiembrie 2018, \u00een cadrul proiectului\u00a0 \u201ePoezia m\u0103rturie din temni\u021ba comunist\u0103\u201d, ini\u021biat\" \/>\n<meta name=\"twitter:image\" content=\"https:\/\/urbeamea.ro\/albaiulia\/wp-content\/uploads\/2018\/11\/Ilarion.jpg\" \/>\n<meta name=\"twitter:creator\" content=\"@urbeameaweb\" \/>\n<meta name=\"twitter:site\" content=\"@urbeameaweb\" \/>\n<script type=\"application\/ld+json\" class=\"yoast-schema-graph\">{\"@context\":\"https:\\\/\\\/schema.org\",\"@graph\":[{\"@type\":\"Article\",\"@id\":\"https:\\\/\\\/urbeamea.ro\\\/albaiulia\\\/poezia-marturie-din-temnita-comunista-teologul-martir-ilarion-felea-omagiat-la-aiud\\\/#article\",\"isPartOf\":{\"@id\":\"https:\\\/\\\/urbeamea.ro\\\/albaiulia\\\/poezia-marturie-din-temnita-comunista-teologul-martir-ilarion-felea-omagiat-la-aiud\\\/\"},\"author\":{\"name\":\"Cristina Ganga\",\"@id\":\"https:\\\/\\\/urbeamea.ro\\\/albaiulia\\\/#\\\/schema\\\/person\\\/9700d21fae21c4f038b0b56f4506264a\"},\"headline\":\"\u201ePoezia m\u0103rturie din temni\u021ba comunist\u0103\u201d: Teologul martir &#8211; Ilarion Felea, omagiat la Aiud\",\"datePublished\":\"2018-11-19T08:12:07+00:00\",\"mainEntityOfPage\":{\"@id\":\"https:\\\/\\\/urbeamea.ro\\\/albaiulia\\\/poezia-marturie-din-temnita-comunista-teologul-martir-ilarion-felea-omagiat-la-aiud\\\/\"},\"wordCount\":234,\"commentCount\":0,\"image\":{\"@id\":\"https:\\\/\\\/urbeamea.ro\\\/albaiulia\\\/poezia-marturie-din-temnita-comunista-teologul-martir-ilarion-felea-omagiat-la-aiud\\\/#primaryimage\"},\"thumbnailUrl\":\"https:\\\/\\\/urbeamea.ro\\\/albaiulia\\\/wp-content\\\/uploads\\\/2018\\\/11\\\/Ilarion.jpg\",\"keywords\":[\"poezia marturia din temnita comunista\",\"preotul martir Ilarion V. Felea\",\"stiri\",\"Urbea Mea\"],\"articleSection\":[\"Cultur\u0103\"],\"inLanguage\":\"ro-RO\",\"potentialAction\":[{\"@type\":\"CommentAction\",\"name\":\"Comment\",\"target\":[\"https:\\\/\\\/urbeamea.ro\\\/albaiulia\\\/poezia-marturie-din-temnita-comunista-teologul-martir-ilarion-felea-omagiat-la-aiud\\\/#respond\"]}]},{\"@type\":\"WebPage\",\"@id\":\"https:\\\/\\\/urbeamea.ro\\\/albaiulia\\\/poezia-marturie-din-temnita-comunista-teologul-martir-ilarion-felea-omagiat-la-aiud\\\/\",\"url\":\"https:\\\/\\\/urbeamea.ro\\\/albaiulia\\\/poezia-marturie-din-temnita-comunista-teologul-martir-ilarion-felea-omagiat-la-aiud\\\/\",\"name\":\"\u201ePoezia m\u0103rturie din temni\u021ba comunist\u0103\u201d: Teologul martir - Ilarion Felea, omagiat la Aiud - Revista Urbea Mea - Revista de Alba\",\"isPartOf\":{\"@id\":\"https:\\\/\\\/urbeamea.ro\\\/albaiulia\\\/#website\"},\"primaryImageOfPage\":{\"@id\":\"https:\\\/\\\/urbeamea.ro\\\/albaiulia\\\/poezia-marturie-din-temnita-comunista-teologul-martir-ilarion-felea-omagiat-la-aiud\\\/#primaryimage\"},\"image\":{\"@id\":\"https:\\\/\\\/urbeamea.ro\\\/albaiulia\\\/poezia-marturie-din-temnita-comunista-teologul-martir-ilarion-felea-omagiat-la-aiud\\\/#primaryimage\"},\"thumbnailUrl\":\"https:\\\/\\\/urbeamea.ro\\\/albaiulia\\\/wp-content\\\/uploads\\\/2018\\\/11\\\/Ilarion.jpg\",\"datePublished\":\"2018-11-19T08:12:07+00:00\",\"author\":{\"@id\":\"https:\\\/\\\/urbeamea.ro\\\/albaiulia\\\/#\\\/schema\\\/person\\\/9700d21fae21c4f038b0b56f4506264a\"},\"description\":\"\u00cen sala I. C. Br\u0103tianu a Prim\u0103riei Municipiului Aiud, vineri, 16 noiembrie 2018, \u00een cadrul proiectului\u00a0 \u201ePoezia m\u0103rturie din temni\u021ba comunist\u0103\u201d, ini\u021biat\",\"breadcrumb\":{\"@id\":\"https:\\\/\\\/urbeamea.ro\\\/albaiulia\\\/poezia-marturie-din-temnita-comunista-teologul-martir-ilarion-felea-omagiat-la-aiud\\\/#breadcrumb\"},\"inLanguage\":\"ro-RO\",\"potentialAction\":[{\"@type\":\"ReadAction\",\"target\":[\"https:\\\/\\\/urbeamea.ro\\\/albaiulia\\\/poezia-marturie-din-temnita-comunista-teologul-martir-ilarion-felea-omagiat-la-aiud\\\/\"]}]},{\"@type\":\"ImageObject\",\"inLanguage\":\"ro-RO\",\"@id\":\"https:\\\/\\\/urbeamea.ro\\\/albaiulia\\\/poezia-marturie-din-temnita-comunista-teologul-martir-ilarion-felea-omagiat-la-aiud\\\/#primaryimage\",\"url\":\"https:\\\/\\\/urbeamea.ro\\\/albaiulia\\\/wp-content\\\/uploads\\\/2018\\\/11\\\/Ilarion.jpg\",\"contentUrl\":\"https:\\\/\\\/urbeamea.ro\\\/albaiulia\\\/wp-content\\\/uploads\\\/2018\\\/11\\\/Ilarion.jpg\",\"width\":1038,\"height\":1448},{\"@type\":\"BreadcrumbList\",\"@id\":\"https:\\\/\\\/urbeamea.ro\\\/albaiulia\\\/poezia-marturie-din-temnita-comunista-teologul-martir-ilarion-felea-omagiat-la-aiud\\\/#breadcrumb\",\"itemListElement\":[{\"@type\":\"ListItem\",\"position\":1,\"name\":\"Prima pagin\u0103\",\"item\":\"https:\\\/\\\/urbeamea.ro\\\/albaiulia\\\/\"},{\"@type\":\"ListItem\",\"position\":2,\"name\":\"\u201ePoezia m\u0103rturie din temni\u021ba comunist\u0103\u201d: Teologul martir &#8211; Ilarion Felea, omagiat la Aiud\"}]},{\"@type\":\"WebSite\",\"@id\":\"https:\\\/\\\/urbeamea.ro\\\/albaiulia\\\/#website\",\"url\":\"https:\\\/\\\/urbeamea.ro\\\/albaiulia\\\/\",\"name\":\"Revista Urbea Mea, Stiri urbane\",\"description\":\"Evenimente \u0219i \u0219tiri din Alba Iulia, Sebe\u0219, Aiud, Blaj\",\"potentialAction\":[{\"@type\":\"SearchAction\",\"target\":{\"@type\":\"EntryPoint\",\"urlTemplate\":\"https:\\\/\\\/urbeamea.ro\\\/albaiulia\\\/?s={search_term_string}\"},\"query-input\":{\"@type\":\"PropertyValueSpecification\",\"valueRequired\":true,\"valueName\":\"search_term_string\"}}],\"inLanguage\":\"ro-RO\"},{\"@type\":\"Person\",\"@id\":\"https:\\\/\\\/urbeamea.ro\\\/albaiulia\\\/#\\\/schema\\\/person\\\/9700d21fae21c4f038b0b56f4506264a\",\"name\":\"Cristina Ganga\",\"image\":{\"@type\":\"ImageObject\",\"inLanguage\":\"ro-RO\",\"@id\":\"https:\\\/\\\/secure.gravatar.com\\\/avatar\\\/5a67661041f057b4a8ccaf26f5a8e86e2689372006d01faf3dd9eeb10b654bb4?s=96&d=mm&r=g\",\"url\":\"https:\\\/\\\/secure.gravatar.com\\\/avatar\\\/5a67661041f057b4a8ccaf26f5a8e86e2689372006d01faf3dd9eeb10b654bb4?s=96&d=mm&r=g\",\"contentUrl\":\"https:\\\/\\\/secure.gravatar.com\\\/avatar\\\/5a67661041f057b4a8ccaf26f5a8e86e2689372006d01faf3dd9eeb10b654bb4?s=96&d=mm&r=g\",\"caption\":\"Cristina Ganga\"},\"description\":\"Jurnalist\",\"sameAs\":[\"https:\\\/\\\/www.facebook.com\\\/cristina.nicola.587\"],\"url\":\"https:\\\/\\\/urbeamea.ro\\\/albaiulia\\\/author\\\/cristina-nicola\\\/\"}]}<\/script>\n<!-- \/ Yoast SEO plugin. -->","yoast_head_json":{"title":"\u201ePoezia m\u0103rturie din temni\u021ba comunist\u0103\u201d: Teologul martir - Ilarion Felea, omagiat la Aiud - Revista Urbea Mea - Revista de Alba","description":"\u00cen sala I. C. Br\u0103tianu a Prim\u0103riei Municipiului Aiud, vineri, 16 noiembrie 2018, \u00een cadrul proiectului\u00a0 \u201ePoezia m\u0103rturie din temni\u021ba comunist\u0103\u201d, ini\u021biat","robots":{"index":"index","follow":"follow","max-snippet":"max-snippet:-1","max-image-preview":"max-image-preview:large","max-video-preview":"max-video-preview:-1"},"canonical":"https:\/\/urbeamea.ro\/albaiulia\/poezia-marturie-din-temnita-comunista-teologul-martir-ilarion-felea-omagiat-la-aiud\/","twitter_card":"summary_large_image","twitter_title":"\u201ePoezia m\u0103rturie din temni\u021ba comunist\u0103\u201d: Teologul martir - Ilarion Felea, omagiat la Aiud - Revista Urbea Mea - Revista de Alba","twitter_description":"\u00cen sala I. C. Br\u0103tianu a Prim\u0103riei Municipiului Aiud, vineri, 16 noiembrie 2018, \u00een cadrul proiectului\u00a0 \u201ePoezia m\u0103rturie din temni\u021ba comunist\u0103\u201d, ini\u021biat","twitter_image":"https:\/\/urbeamea.ro\/albaiulia\/wp-content\/uploads\/2018\/11\/Ilarion.jpg","twitter_creator":"@urbeameaweb","twitter_site":"@urbeameaweb","schema":{"@context":"https:\/\/schema.org","@graph":[{"@type":"Article","@id":"https:\/\/urbeamea.ro\/albaiulia\/poezia-marturie-din-temnita-comunista-teologul-martir-ilarion-felea-omagiat-la-aiud\/#article","isPartOf":{"@id":"https:\/\/urbeamea.ro\/albaiulia\/poezia-marturie-din-temnita-comunista-teologul-martir-ilarion-felea-omagiat-la-aiud\/"},"author":{"name":"Cristina Ganga","@id":"https:\/\/urbeamea.ro\/albaiulia\/#\/schema\/person\/9700d21fae21c4f038b0b56f4506264a"},"headline":"\u201ePoezia m\u0103rturie din temni\u021ba comunist\u0103\u201d: Teologul martir &#8211; Ilarion Felea, omagiat la Aiud","datePublished":"2018-11-19T08:12:07+00:00","mainEntityOfPage":{"@id":"https:\/\/urbeamea.ro\/albaiulia\/poezia-marturie-din-temnita-comunista-teologul-martir-ilarion-felea-omagiat-la-aiud\/"},"wordCount":234,"commentCount":0,"image":{"@id":"https:\/\/urbeamea.ro\/albaiulia\/poezia-marturie-din-temnita-comunista-teologul-martir-ilarion-felea-omagiat-la-aiud\/#primaryimage"},"thumbnailUrl":"https:\/\/urbeamea.ro\/albaiulia\/wp-content\/uploads\/2018\/11\/Ilarion.jpg","keywords":["poezia marturia din temnita comunista","preotul martir Ilarion V. Felea","stiri","Urbea Mea"],"articleSection":["Cultur\u0103"],"inLanguage":"ro-RO","potentialAction":[{"@type":"CommentAction","name":"Comment","target":["https:\/\/urbeamea.ro\/albaiulia\/poezia-marturie-din-temnita-comunista-teologul-martir-ilarion-felea-omagiat-la-aiud\/#respond"]}]},{"@type":"WebPage","@id":"https:\/\/urbeamea.ro\/albaiulia\/poezia-marturie-din-temnita-comunista-teologul-martir-ilarion-felea-omagiat-la-aiud\/","url":"https:\/\/urbeamea.ro\/albaiulia\/poezia-marturie-din-temnita-comunista-teologul-martir-ilarion-felea-omagiat-la-aiud\/","name":"\u201ePoezia m\u0103rturie din temni\u021ba comunist\u0103\u201d: Teologul martir - Ilarion Felea, omagiat la Aiud - Revista Urbea Mea - Revista de Alba","isPartOf":{"@id":"https:\/\/urbeamea.ro\/albaiulia\/#website"},"primaryImageOfPage":{"@id":"https:\/\/urbeamea.ro\/albaiulia\/poezia-marturie-din-temnita-comunista-teologul-martir-ilarion-felea-omagiat-la-aiud\/#primaryimage"},"image":{"@id":"https:\/\/urbeamea.ro\/albaiulia\/poezia-marturie-din-temnita-comunista-teologul-martir-ilarion-felea-omagiat-la-aiud\/#primaryimage"},"thumbnailUrl":"https:\/\/urbeamea.ro\/albaiulia\/wp-content\/uploads\/2018\/11\/Ilarion.jpg","datePublished":"2018-11-19T08:12:07+00:00","author":{"@id":"https:\/\/urbeamea.ro\/albaiulia\/#\/schema\/person\/9700d21fae21c4f038b0b56f4506264a"},"description":"\u00cen sala I. C. Br\u0103tianu a Prim\u0103riei Municipiului Aiud, vineri, 16 noiembrie 2018, \u00een cadrul proiectului\u00a0 \u201ePoezia m\u0103rturie din temni\u021ba comunist\u0103\u201d, ini\u021biat","breadcrumb":{"@id":"https:\/\/urbeamea.ro\/albaiulia\/poezia-marturie-din-temnita-comunista-teologul-martir-ilarion-felea-omagiat-la-aiud\/#breadcrumb"},"inLanguage":"ro-RO","potentialAction":[{"@type":"ReadAction","target":["https:\/\/urbeamea.ro\/albaiulia\/poezia-marturie-din-temnita-comunista-teologul-martir-ilarion-felea-omagiat-la-aiud\/"]}]},{"@type":"ImageObject","inLanguage":"ro-RO","@id":"https:\/\/urbeamea.ro\/albaiulia\/poezia-marturie-din-temnita-comunista-teologul-martir-ilarion-felea-omagiat-la-aiud\/#primaryimage","url":"https:\/\/urbeamea.ro\/albaiulia\/wp-content\/uploads\/2018\/11\/Ilarion.jpg","contentUrl":"https:\/\/urbeamea.ro\/albaiulia\/wp-content\/uploads\/2018\/11\/Ilarion.jpg","width":1038,"height":1448},{"@type":"BreadcrumbList","@id":"https:\/\/urbeamea.ro\/albaiulia\/poezia-marturie-din-temnita-comunista-teologul-martir-ilarion-felea-omagiat-la-aiud\/#breadcrumb","itemListElement":[{"@type":"ListItem","position":1,"name":"Prima pagin\u0103","item":"https:\/\/urbeamea.ro\/albaiulia\/"},{"@type":"ListItem","position":2,"name":"\u201ePoezia m\u0103rturie din temni\u021ba comunist\u0103\u201d: Teologul martir &#8211; Ilarion Felea, omagiat la Aiud"}]},{"@type":"WebSite","@id":"https:\/\/urbeamea.ro\/albaiulia\/#website","url":"https:\/\/urbeamea.ro\/albaiulia\/","name":"Revista Urbea Mea, Stiri urbane","description":"Evenimente \u0219i \u0219tiri din Alba Iulia, Sebe\u0219, Aiud, Blaj","potentialAction":[{"@type":"SearchAction","target":{"@type":"EntryPoint","urlTemplate":"https:\/\/urbeamea.ro\/albaiulia\/?s={search_term_string}"},"query-input":{"@type":"PropertyValueSpecification","valueRequired":true,"valueName":"search_term_string"}}],"inLanguage":"ro-RO"},{"@type":"Person","@id":"https:\/\/urbeamea.ro\/albaiulia\/#\/schema\/person\/9700d21fae21c4f038b0b56f4506264a","name":"Cristina Ganga","image":{"@type":"ImageObject","inLanguage":"ro-RO","@id":"https:\/\/secure.gravatar.com\/avatar\/5a67661041f057b4a8ccaf26f5a8e86e2689372006d01faf3dd9eeb10b654bb4?s=96&d=mm&r=g","url":"https:\/\/secure.gravatar.com\/avatar\/5a67661041f057b4a8ccaf26f5a8e86e2689372006d01faf3dd9eeb10b654bb4?s=96&d=mm&r=g","contentUrl":"https:\/\/secure.gravatar.com\/avatar\/5a67661041f057b4a8ccaf26f5a8e86e2689372006d01faf3dd9eeb10b654bb4?s=96&d=mm&r=g","caption":"Cristina Ganga"},"description":"Jurnalist","sameAs":["https:\/\/www.facebook.com\/cristina.nicola.587"],"url":"https:\/\/urbeamea.ro\/albaiulia\/author\/cristina-nicola\/"}]}},"_links":{"self":[{"href":"https:\/\/urbeamea.ro\/albaiulia\/wp-json\/wp\/v2\/posts\/69529","targetHints":{"allow":["GET"]}}],"collection":[{"href":"https:\/\/urbeamea.ro\/albaiulia\/wp-json\/wp\/v2\/posts"}],"about":[{"href":"https:\/\/urbeamea.ro\/albaiulia\/wp-json\/wp\/v2\/types\/post"}],"author":[{"embeddable":true,"href":"https:\/\/urbeamea.ro\/albaiulia\/wp-json\/wp\/v2\/users\/17"}],"replies":[{"embeddable":true,"href":"https:\/\/urbeamea.ro\/albaiulia\/wp-json\/wp\/v2\/comments?post=69529"}],"version-history":[{"count":0,"href":"https:\/\/urbeamea.ro\/albaiulia\/wp-json\/wp\/v2\/posts\/69529\/revisions"}],"wp:featuredmedia":[{"embeddable":true,"href":"https:\/\/urbeamea.ro\/albaiulia\/wp-json\/wp\/v2\/media\/69530"}],"wp:attachment":[{"href":"https:\/\/urbeamea.ro\/albaiulia\/wp-json\/wp\/v2\/media?parent=69529"}],"wp:term":[{"taxonomy":"category","embeddable":true,"href":"https:\/\/urbeamea.ro\/albaiulia\/wp-json\/wp\/v2\/categories?post=69529"},{"taxonomy":"post_tag","embeddable":true,"href":"https:\/\/urbeamea.ro\/albaiulia\/wp-json\/wp\/v2\/tags?post=69529"}],"curies":[{"name":"wp","href":"https:\/\/api.w.org\/{rel}","templated":true}]}}