{"id":70037,"date":"2018-11-26T14:41:11","date_gmt":"2018-11-26T12:41:11","guid":{"rendered":"https:\/\/urbeamea.ro\/albaiulia\/?p=70037"},"modified":"2018-11-26T14:56:27","modified_gmt":"2018-11-26T12:56:27","slug":"gradinescu-un-colt-din-natura-in-inima-cetatii","status":"publish","type":"post","link":"https:\/\/urbeamea.ro\/albaiulia\/gradinescu-un-colt-din-natura-in-inima-cetatii\/","title":{"rendered":"&#8222;Gr\u0103dinescu&#8221;- un col\u021b din natur\u0103, \u00een inima cet\u0103\u021bii"},"content":{"rendered":"<p>S\u00e2mb\u0103t\u0103, 24 noiembrie 2018, a avut loc inaugurarea unui proiect inedit, numit sugestiv &#8222;Gr\u0103dinescu&#8221;, la Caponiera din spatele Palatului Apor.<\/p>\n<p>Gr\u0103dinescu este rezultatul unui proiect amplu dezvoltat de Kaufland Rom\u00e2nia \u00een parteneriat cu Institutul de Cercetare \u00een Permacultur\u0103 din Rom\u00e2nia \u0219i cu sprijnul local al municipalit\u0103tii Alba Iulia. Proiectul Gr\u0103dinescu din Alba Iulia reprezint\u0103 un model de regenerare urban\u0103 \u0219i de utilizare a spa\u021biului verde \u00eentr-un mod eficient \u0219i face parte dintr-o re\u021bea care cuprinde 10 astfel de gr\u0103dini urbane, 9 dintre ele aflate \u00een capital\u0103.<\/p>\n<figure id=\"attachment_70046\" aria-describedby=\"caption-attachment-70046\" style=\"width: 427px\" class=\"wp-caption alignnone\"><img loading=\"lazy\" decoding=\"async\" class=\"size-medium wp-image-70046\" src=\"https:\/\/urbeamea.ro\/albaiulia\/wp-content\/uploads\/2018\/11\/DSC_7907-427x640.jpg\" alt=\"\" width=\"427\" height=\"640\" srcset=\"https:\/\/urbeamea.ro\/albaiulia\/wp-content\/uploads\/2018\/11\/DSC_7907.jpg 427w, https:\/\/urbeamea.ro\/albaiulia\/wp-content\/uploads\/2018\/11\/DSC_7907-100x150.jpg 100w\" sizes=\"auto, (max-width: 427px) 100vw, 427px\" \/><figcaption id=\"caption-attachment-70046\" class=\"wp-caption-text\">Gr\u0103dinescu Alba Iulia<\/figcaption><\/figure>\n<p>Lansarea proiectului a avut loc la Caponiera din spatele Palatului Apor \u0219i a avut parte de un real succes, mai ales \u00een randul copiilor prezenti, care au avut ocazia s\u0103 \u00eenve\u021be cum se planteaz\u0103 un copac chiar la fa\u021ba locului. La inaugurare au luat cuv\u00e2ntul Valer H\u00eenca\u0219- Manager Comunicare &amp; Permanent Affairs Kaufland Rom\u00e2nia, Nicolaie Moldovan- City Manager Prim\u0103ria Alba Iulia, Ionu\u021b B\u0103dic\u0103- Pre\u0219edintele Institutului de Cercetare \u00een Permacultur\u0103 din Rom\u00e2nia \u0219i Elena Stoia- Manager Gr\u0103dinescu Alba Iulia.<\/p>\n<figure id=\"attachment_70045\" aria-describedby=\"caption-attachment-70045\" style=\"width: 640px\" class=\"wp-caption alignnone\"><img loading=\"lazy\" decoding=\"async\" class=\"size-medium wp-image-70045\" src=\"https:\/\/urbeamea.ro\/albaiulia\/wp-content\/uploads\/2018\/11\/DSC_7853-640x319.jpg\" alt=\"Gr\u0103dinescu Alba Iulia\" width=\"640\" height=\"319\" srcset=\"https:\/\/urbeamea.ro\/albaiulia\/wp-content\/uploads\/2018\/11\/DSC_7853.jpg 640w, https:\/\/urbeamea.ro\/albaiulia\/wp-content\/uploads\/2018\/11\/DSC_7853-150x75.jpg 150w\" sizes=\"auto, (max-width: 640px) 100vw, 640px\" \/><figcaption id=\"caption-attachment-70045\" class=\"wp-caption-text\">Gr\u0103dinescu Alba Iulia<\/figcaption><\/figure>\n<p>Conceptul de gr\u0103din\u0103 urban\u0103 reprezint\u0103 un pas \u00een plus c\u0103tre o comunitate verde, iar cet\u0103\u021benii sunt \u00eencuraja\u021bi s\u0103 participe activ la dezvoltarea acestui spa\u021biu din ora\u0219. Gr\u0103dina este \u00eemp\u0103r\u021bit\u0103 \u00een patru zone: Livada, unde au fost planta\u021bi 40 de pomi fructiferi (pruni, peri, meri, cire\u0219i etc.), spa\u021biu amenajat \u0219i pentru evenimente, zona de relaxare \u0219i socializare, cu umbrar \u0219i hamace, gr\u0103dina educa\u021bional\u0103 cu legume \u0219i paji\u0219tea \u00eenflorit\u0103 \u00eempreun\u0103 cu habitatul pentru insecte.<\/p>\n<figure id=\"attachment_70049\" aria-describedby=\"caption-attachment-70049\" style=\"width: 640px\" class=\"wp-caption alignnone\"><img loading=\"lazy\" decoding=\"async\" class=\"size-medium wp-image-70049\" src=\"https:\/\/urbeamea.ro\/albaiulia\/wp-content\/uploads\/2018\/11\/DSC_8037-640x427.jpg\" alt=\"\" width=\"640\" height=\"427\" srcset=\"https:\/\/urbeamea.ro\/albaiulia\/wp-content\/uploads\/2018\/11\/DSC_8037.jpg 640w, https:\/\/urbeamea.ro\/albaiulia\/wp-content\/uploads\/2018\/11\/DSC_8037-150x100.jpg 150w\" sizes=\"auto, (max-width: 640px) 100vw, 640px\" \/><figcaption id=\"caption-attachment-70049\" class=\"wp-caption-text\">Gr\u0103dinescu Alba Iulia<\/figcaption><\/figure>\n<figure id=\"attachment_70047\" aria-describedby=\"caption-attachment-70047\" style=\"width: 427px\" class=\"wp-caption alignnone\"><img loading=\"lazy\" decoding=\"async\" class=\"size-medium wp-image-70047\" src=\"https:\/\/urbeamea.ro\/albaiulia\/wp-content\/uploads\/2018\/11\/DSC_8039-427x640.jpg\" alt=\"\" width=\"427\" height=\"640\" srcset=\"https:\/\/urbeamea.ro\/albaiulia\/wp-content\/uploads\/2018\/11\/DSC_8039.jpg 427w, https:\/\/urbeamea.ro\/albaiulia\/wp-content\/uploads\/2018\/11\/DSC_8039-100x150.jpg 100w\" sizes=\"auto, (max-width: 427px) 100vw, 427px\" \/><figcaption id=\"caption-attachment-70047\" class=\"wp-caption-text\">Gr\u0103dinescu Alba Iulia<\/figcaption><\/figure>\n<p>Gr\u0103dinescu propune multiple programe educa\u021bionale \u00eencep\u00e2nd cu 2019, \u00een parteneriat cu \u0219colile \u0219i gr\u0103dini\u021bele din ora\u0219, prin care se doreste \u00eencurajarea celor mici la participarea activ\u0103 la\u00a0ateliere, proiec\u021bii de filme, activit\u0103\u021bi \u00een aer liber \u0219i sesiuni de gr\u0103din\u0103rit comunitar.<\/p>\n<figure id=\"attachment_70048\" aria-describedby=\"caption-attachment-70048\" style=\"width: 640px\" class=\"wp-caption alignnone\"><img loading=\"lazy\" decoding=\"async\" class=\"size-medium wp-image-70048\" src=\"https:\/\/urbeamea.ro\/albaiulia\/wp-content\/uploads\/2018\/11\/DSC_8046-640x427.jpg\" alt=\"\" width=\"640\" height=\"427\" srcset=\"https:\/\/urbeamea.ro\/albaiulia\/wp-content\/uploads\/2018\/11\/DSC_8046.jpg 640w, https:\/\/urbeamea.ro\/albaiulia\/wp-content\/uploads\/2018\/11\/DSC_8046-150x100.jpg 150w\" sizes=\"auto, (max-width: 640px) 100vw, 640px\" \/><figcaption id=\"caption-attachment-70048\" class=\"wp-caption-text\">Gr\u0103dinescu Alba Iulia<\/figcaption><\/figure>\n<p>Gr\u0103dinescu face parte din\u00a0proiectului METAMORPHOSIS implementat de municipalitate, \u00eencep\u00e2nd cu anul 2017, finan\u021bat \u00een cadrul programului european HORIZON 2020.<\/p>\n<p>Foto- Florin Du\u021bulescu<\/p>\n","protected":false},"excerpt":{"rendered":"<p>S\u00e2mb\u0103t\u0103, 24 noiembrie 2018, a avut loc inaugurarea unui proiect inedit, numit sugestiv &#8222;Gr\u0103dinescu&#8221;, la Caponiera din spatele Palatului Apor. Gr\u0103dinescu este rezultatul unui proiect amplu dezvoltat de Kaufland Rom\u00e2nia \u00een parteneriat cu Institutul de Cercetare \u00een Permacultur\u0103 din Rom\u00e2nia \u0219i cu sprijnul local al municipalit\u0103tii Alba Iulia. Proiectul Gr\u0103dinescu din Alba Iulia reprezint\u0103 un &hellip;<\/p>\n","protected":false},"author":26,"featured_media":70044,"comment_status":"open","ping_status":"open","sticky":false,"template":"","format":"standard","meta":{"inline_featured_image":false,"footnotes":""},"categories":[4,1],"tags":[31,16736,6999,76],"class_list":["post-70037","post","type-post","status-publish","format-standard","has-post-thumbnail","hentry","category-eveniment","category-stiri-urbane","tag-alba-iulia","tag-gradina-urbana","tag-municipalitate","tag-urbea-mea"],"yoast_head":"<!-- This site is optimized with the Yoast SEO plugin v27.4 - https:\/\/yoast.com\/product\/yoast-seo-wordpress\/ -->\n<title>&quot;Gr\u0103dinescu&quot;- un col\u021b din natur\u0103, \u00een inima cet\u0103\u021bii - Revista Urbea Mea - Revista de Alba<\/title>\n<meta name=\"description\" content=\"S\u00e2mb\u0103t\u0103, 24 noiembrie 2018, a avut loc inaugurarea unui proiect inedit, numit sugestiv &quot;Gr\u0103dinescu&quot;, la Caponiera din spatele Palatului Apor. Gr\u0103dinescu\" \/>\n<meta name=\"robots\" content=\"index, follow, max-snippet:-1, max-image-preview:large, max-video-preview:-1\" \/>\n<link rel=\"canonical\" href=\"https:\/\/urbeamea.ro\/albaiulia\/gradinescu-un-colt-din-natura-in-inima-cetatii\/\" \/>\n<meta name=\"twitter:card\" content=\"summary_large_image\" \/>\n<meta name=\"twitter:title\" content=\"&quot;Gr\u0103dinescu&quot;- un col\u021b din natur\u0103, \u00een inima cet\u0103\u021bii - Revista Urbea Mea - Revista de Alba\" \/>\n<meta name=\"twitter:description\" content=\"S\u00e2mb\u0103t\u0103, 24 noiembrie 2018, a avut loc inaugurarea unui proiect inedit, numit sugestiv &quot;Gr\u0103dinescu&quot;, la Caponiera din spatele Palatului Apor. Gr\u0103dinescu\" \/>\n<meta name=\"twitter:image\" content=\"https:\/\/urbeamea.ro\/albaiulia\/wp-content\/uploads\/2018\/11\/DSC_8019.jpg\" \/>\n<meta name=\"twitter:creator\" content=\"@urbeameaweb\" \/>\n<meta name=\"twitter:site\" content=\"@urbeameaweb\" \/>\n<script type=\"application\/ld+json\" class=\"yoast-schema-graph\">{\"@context\":\"https:\\\/\\\/schema.org\",\"@graph\":[{\"@type\":\"Article\",\"@id\":\"https:\\\/\\\/urbeamea.ro\\\/albaiulia\\\/gradinescu-un-colt-din-natura-in-inima-cetatii\\\/#article\",\"isPartOf\":{\"@id\":\"https:\\\/\\\/urbeamea.ro\\\/albaiulia\\\/gradinescu-un-colt-din-natura-in-inima-cetatii\\\/\"},\"author\":{\"name\":\"Raluca Krisbai\",\"@id\":\"https:\\\/\\\/urbeamea.ro\\\/albaiulia\\\/#\\\/schema\\\/person\\\/9835621e3cb33b6c1253958b5c5fd38d\"},\"headline\":\"&#8222;Gr\u0103dinescu&#8221;- un col\u021b din natur\u0103, \u00een inima cet\u0103\u021bii\",\"datePublished\":\"2018-11-26T12:41:11+00:00\",\"dateModified\":\"2018-11-26T12:56:27+00:00\",\"mainEntityOfPage\":{\"@id\":\"https:\\\/\\\/urbeamea.ro\\\/albaiulia\\\/gradinescu-un-colt-din-natura-in-inima-cetatii\\\/\"},\"wordCount\":407,\"commentCount\":1,\"image\":{\"@id\":\"https:\\\/\\\/urbeamea.ro\\\/albaiulia\\\/gradinescu-un-colt-din-natura-in-inima-cetatii\\\/#primaryimage\"},\"thumbnailUrl\":\"https:\\\/\\\/urbeamea.ro\\\/albaiulia\\\/wp-content\\\/uploads\\\/2018\\\/11\\\/DSC_8019.jpg\",\"keywords\":[\"Alba Iulia\",\"gradina urbana\",\"municipalitate\",\"Urbea Mea\"],\"articleSection\":[\"Evenimente\",\"\u015etiri Urbane\"],\"inLanguage\":\"ro-RO\",\"potentialAction\":[{\"@type\":\"CommentAction\",\"name\":\"Comment\",\"target\":[\"https:\\\/\\\/urbeamea.ro\\\/albaiulia\\\/gradinescu-un-colt-din-natura-in-inima-cetatii\\\/#respond\"]}]},{\"@type\":\"WebPage\",\"@id\":\"https:\\\/\\\/urbeamea.ro\\\/albaiulia\\\/gradinescu-un-colt-din-natura-in-inima-cetatii\\\/\",\"url\":\"https:\\\/\\\/urbeamea.ro\\\/albaiulia\\\/gradinescu-un-colt-din-natura-in-inima-cetatii\\\/\",\"name\":\"\\\"Gr\u0103dinescu\\\"- un col\u021b din natur\u0103, \u00een inima cet\u0103\u021bii - Revista Urbea Mea - Revista de Alba\",\"isPartOf\":{\"@id\":\"https:\\\/\\\/urbeamea.ro\\\/albaiulia\\\/#website\"},\"primaryImageOfPage\":{\"@id\":\"https:\\\/\\\/urbeamea.ro\\\/albaiulia\\\/gradinescu-un-colt-din-natura-in-inima-cetatii\\\/#primaryimage\"},\"image\":{\"@id\":\"https:\\\/\\\/urbeamea.ro\\\/albaiulia\\\/gradinescu-un-colt-din-natura-in-inima-cetatii\\\/#primaryimage\"},\"thumbnailUrl\":\"https:\\\/\\\/urbeamea.ro\\\/albaiulia\\\/wp-content\\\/uploads\\\/2018\\\/11\\\/DSC_8019.jpg\",\"datePublished\":\"2018-11-26T12:41:11+00:00\",\"dateModified\":\"2018-11-26T12:56:27+00:00\",\"author\":{\"@id\":\"https:\\\/\\\/urbeamea.ro\\\/albaiulia\\\/#\\\/schema\\\/person\\\/9835621e3cb33b6c1253958b5c5fd38d\"},\"description\":\"S\u00e2mb\u0103t\u0103, 24 noiembrie 2018, a avut loc inaugurarea unui proiect inedit, numit sugestiv \\\"Gr\u0103dinescu\\\", la Caponiera din spatele Palatului Apor. Gr\u0103dinescu\",\"breadcrumb\":{\"@id\":\"https:\\\/\\\/urbeamea.ro\\\/albaiulia\\\/gradinescu-un-colt-din-natura-in-inima-cetatii\\\/#breadcrumb\"},\"inLanguage\":\"ro-RO\",\"potentialAction\":[{\"@type\":\"ReadAction\",\"target\":[\"https:\\\/\\\/urbeamea.ro\\\/albaiulia\\\/gradinescu-un-colt-din-natura-in-inima-cetatii\\\/\"]}]},{\"@type\":\"ImageObject\",\"inLanguage\":\"ro-RO\",\"@id\":\"https:\\\/\\\/urbeamea.ro\\\/albaiulia\\\/gradinescu-un-colt-din-natura-in-inima-cetatii\\\/#primaryimage\",\"url\":\"https:\\\/\\\/urbeamea.ro\\\/albaiulia\\\/wp-content\\\/uploads\\\/2018\\\/11\\\/DSC_8019.jpg\",\"contentUrl\":\"https:\\\/\\\/urbeamea.ro\\\/albaiulia\\\/wp-content\\\/uploads\\\/2018\\\/11\\\/DSC_8019.jpg\",\"width\":3270,\"height\":3074,\"caption\":\"Gr\u0103dinescu Alba Iulia\"},{\"@type\":\"BreadcrumbList\",\"@id\":\"https:\\\/\\\/urbeamea.ro\\\/albaiulia\\\/gradinescu-un-colt-din-natura-in-inima-cetatii\\\/#breadcrumb\",\"itemListElement\":[{\"@type\":\"ListItem\",\"position\":1,\"name\":\"Prima pagin\u0103\",\"item\":\"https:\\\/\\\/urbeamea.ro\\\/albaiulia\\\/\"},{\"@type\":\"ListItem\",\"position\":2,\"name\":\"&#8222;Gr\u0103dinescu&#8221;- un col\u021b din natur\u0103, \u00een inima cet\u0103\u021bii\"}]},{\"@type\":\"WebSite\",\"@id\":\"https:\\\/\\\/urbeamea.ro\\\/albaiulia\\\/#website\",\"url\":\"https:\\\/\\\/urbeamea.ro\\\/albaiulia\\\/\",\"name\":\"Revista Urbea Mea, Stiri urbane\",\"description\":\"Evenimente \u0219i \u0219tiri din Alba Iulia, Sebe\u0219, Aiud, Blaj\",\"potentialAction\":[{\"@type\":\"SearchAction\",\"target\":{\"@type\":\"EntryPoint\",\"urlTemplate\":\"https:\\\/\\\/urbeamea.ro\\\/albaiulia\\\/?s={search_term_string}\"},\"query-input\":{\"@type\":\"PropertyValueSpecification\",\"valueRequired\":true,\"valueName\":\"search_term_string\"}}],\"inLanguage\":\"ro-RO\"},{\"@type\":\"Person\",\"@id\":\"https:\\\/\\\/urbeamea.ro\\\/albaiulia\\\/#\\\/schema\\\/person\\\/9835621e3cb33b6c1253958b5c5fd38d\",\"name\":\"Raluca Krisbai\",\"image\":{\"@type\":\"ImageObject\",\"inLanguage\":\"ro-RO\",\"@id\":\"https:\\\/\\\/secure.gravatar.com\\\/avatar\\\/90b7a537a346c034a8bf27f74a4a88eb14594327622a99e7c0a816e2a5e7ed5e?s=96&d=mm&r=g\",\"url\":\"https:\\\/\\\/secure.gravatar.com\\\/avatar\\\/90b7a537a346c034a8bf27f74a4a88eb14594327622a99e7c0a816e2a5e7ed5e?s=96&d=mm&r=g\",\"contentUrl\":\"https:\\\/\\\/secure.gravatar.com\\\/avatar\\\/90b7a537a346c034a8bf27f74a4a88eb14594327622a99e7c0a816e2a5e7ed5e?s=96&d=mm&r=g\",\"caption\":\"Raluca Krisbai\"},\"sameAs\":[\"https:\\\/\\\/www.urbeamea.ro\"],\"url\":\"https:\\\/\\\/urbeamea.ro\\\/albaiulia\\\/author\\\/raluca-krisbai\\\/\"}]}<\/script>\n<!-- \/ Yoast SEO plugin. -->","yoast_head_json":{"title":"\"Gr\u0103dinescu\"- un col\u021b din natur\u0103, \u00een inima cet\u0103\u021bii - Revista Urbea Mea - Revista de Alba","description":"S\u00e2mb\u0103t\u0103, 24 noiembrie 2018, a avut loc inaugurarea unui proiect inedit, numit sugestiv \"Gr\u0103dinescu\", la Caponiera din spatele Palatului Apor. Gr\u0103dinescu","robots":{"index":"index","follow":"follow","max-snippet":"max-snippet:-1","max-image-preview":"max-image-preview:large","max-video-preview":"max-video-preview:-1"},"canonical":"https:\/\/urbeamea.ro\/albaiulia\/gradinescu-un-colt-din-natura-in-inima-cetatii\/","twitter_card":"summary_large_image","twitter_title":"\"Gr\u0103dinescu\"- un col\u021b din natur\u0103, \u00een inima cet\u0103\u021bii - Revista Urbea Mea - Revista de Alba","twitter_description":"S\u00e2mb\u0103t\u0103, 24 noiembrie 2018, a avut loc inaugurarea unui proiect inedit, numit sugestiv \"Gr\u0103dinescu\", la Caponiera din spatele Palatului Apor. Gr\u0103dinescu","twitter_image":"https:\/\/urbeamea.ro\/albaiulia\/wp-content\/uploads\/2018\/11\/DSC_8019.jpg","twitter_creator":"@urbeameaweb","twitter_site":"@urbeameaweb","schema":{"@context":"https:\/\/schema.org","@graph":[{"@type":"Article","@id":"https:\/\/urbeamea.ro\/albaiulia\/gradinescu-un-colt-din-natura-in-inima-cetatii\/#article","isPartOf":{"@id":"https:\/\/urbeamea.ro\/albaiulia\/gradinescu-un-colt-din-natura-in-inima-cetatii\/"},"author":{"name":"Raluca Krisbai","@id":"https:\/\/urbeamea.ro\/albaiulia\/#\/schema\/person\/9835621e3cb33b6c1253958b5c5fd38d"},"headline":"&#8222;Gr\u0103dinescu&#8221;- un col\u021b din natur\u0103, \u00een inima cet\u0103\u021bii","datePublished":"2018-11-26T12:41:11+00:00","dateModified":"2018-11-26T12:56:27+00:00","mainEntityOfPage":{"@id":"https:\/\/urbeamea.ro\/albaiulia\/gradinescu-un-colt-din-natura-in-inima-cetatii\/"},"wordCount":407,"commentCount":1,"image":{"@id":"https:\/\/urbeamea.ro\/albaiulia\/gradinescu-un-colt-din-natura-in-inima-cetatii\/#primaryimage"},"thumbnailUrl":"https:\/\/urbeamea.ro\/albaiulia\/wp-content\/uploads\/2018\/11\/DSC_8019.jpg","keywords":["Alba Iulia","gradina urbana","municipalitate","Urbea Mea"],"articleSection":["Evenimente","\u015etiri Urbane"],"inLanguage":"ro-RO","potentialAction":[{"@type":"CommentAction","name":"Comment","target":["https:\/\/urbeamea.ro\/albaiulia\/gradinescu-un-colt-din-natura-in-inima-cetatii\/#respond"]}]},{"@type":"WebPage","@id":"https:\/\/urbeamea.ro\/albaiulia\/gradinescu-un-colt-din-natura-in-inima-cetatii\/","url":"https:\/\/urbeamea.ro\/albaiulia\/gradinescu-un-colt-din-natura-in-inima-cetatii\/","name":"\"Gr\u0103dinescu\"- un col\u021b din natur\u0103, \u00een inima cet\u0103\u021bii - Revista Urbea Mea - Revista de Alba","isPartOf":{"@id":"https:\/\/urbeamea.ro\/albaiulia\/#website"},"primaryImageOfPage":{"@id":"https:\/\/urbeamea.ro\/albaiulia\/gradinescu-un-colt-din-natura-in-inima-cetatii\/#primaryimage"},"image":{"@id":"https:\/\/urbeamea.ro\/albaiulia\/gradinescu-un-colt-din-natura-in-inima-cetatii\/#primaryimage"},"thumbnailUrl":"https:\/\/urbeamea.ro\/albaiulia\/wp-content\/uploads\/2018\/11\/DSC_8019.jpg","datePublished":"2018-11-26T12:41:11+00:00","dateModified":"2018-11-26T12:56:27+00:00","author":{"@id":"https:\/\/urbeamea.ro\/albaiulia\/#\/schema\/person\/9835621e3cb33b6c1253958b5c5fd38d"},"description":"S\u00e2mb\u0103t\u0103, 24 noiembrie 2018, a avut loc inaugurarea unui proiect inedit, numit sugestiv \"Gr\u0103dinescu\", la Caponiera din spatele Palatului Apor. Gr\u0103dinescu","breadcrumb":{"@id":"https:\/\/urbeamea.ro\/albaiulia\/gradinescu-un-colt-din-natura-in-inima-cetatii\/#breadcrumb"},"inLanguage":"ro-RO","potentialAction":[{"@type":"ReadAction","target":["https:\/\/urbeamea.ro\/albaiulia\/gradinescu-un-colt-din-natura-in-inima-cetatii\/"]}]},{"@type":"ImageObject","inLanguage":"ro-RO","@id":"https:\/\/urbeamea.ro\/albaiulia\/gradinescu-un-colt-din-natura-in-inima-cetatii\/#primaryimage","url":"https:\/\/urbeamea.ro\/albaiulia\/wp-content\/uploads\/2018\/11\/DSC_8019.jpg","contentUrl":"https:\/\/urbeamea.ro\/albaiulia\/wp-content\/uploads\/2018\/11\/DSC_8019.jpg","width":3270,"height":3074,"caption":"Gr\u0103dinescu Alba Iulia"},{"@type":"BreadcrumbList","@id":"https:\/\/urbeamea.ro\/albaiulia\/gradinescu-un-colt-din-natura-in-inima-cetatii\/#breadcrumb","itemListElement":[{"@type":"ListItem","position":1,"name":"Prima pagin\u0103","item":"https:\/\/urbeamea.ro\/albaiulia\/"},{"@type":"ListItem","position":2,"name":"&#8222;Gr\u0103dinescu&#8221;- un col\u021b din natur\u0103, \u00een inima cet\u0103\u021bii"}]},{"@type":"WebSite","@id":"https:\/\/urbeamea.ro\/albaiulia\/#website","url":"https:\/\/urbeamea.ro\/albaiulia\/","name":"Revista Urbea Mea, Stiri urbane","description":"Evenimente \u0219i \u0219tiri din Alba Iulia, Sebe\u0219, Aiud, Blaj","potentialAction":[{"@type":"SearchAction","target":{"@type":"EntryPoint","urlTemplate":"https:\/\/urbeamea.ro\/albaiulia\/?s={search_term_string}"},"query-input":{"@type":"PropertyValueSpecification","valueRequired":true,"valueName":"search_term_string"}}],"inLanguage":"ro-RO"},{"@type":"Person","@id":"https:\/\/urbeamea.ro\/albaiulia\/#\/schema\/person\/9835621e3cb33b6c1253958b5c5fd38d","name":"Raluca Krisbai","image":{"@type":"ImageObject","inLanguage":"ro-RO","@id":"https:\/\/secure.gravatar.com\/avatar\/90b7a537a346c034a8bf27f74a4a88eb14594327622a99e7c0a816e2a5e7ed5e?s=96&d=mm&r=g","url":"https:\/\/secure.gravatar.com\/avatar\/90b7a537a346c034a8bf27f74a4a88eb14594327622a99e7c0a816e2a5e7ed5e?s=96&d=mm&r=g","contentUrl":"https:\/\/secure.gravatar.com\/avatar\/90b7a537a346c034a8bf27f74a4a88eb14594327622a99e7c0a816e2a5e7ed5e?s=96&d=mm&r=g","caption":"Raluca Krisbai"},"sameAs":["https:\/\/www.urbeamea.ro"],"url":"https:\/\/urbeamea.ro\/albaiulia\/author\/raluca-krisbai\/"}]}},"_links":{"self":[{"href":"https:\/\/urbeamea.ro\/albaiulia\/wp-json\/wp\/v2\/posts\/70037","targetHints":{"allow":["GET"]}}],"collection":[{"href":"https:\/\/urbeamea.ro\/albaiulia\/wp-json\/wp\/v2\/posts"}],"about":[{"href":"https:\/\/urbeamea.ro\/albaiulia\/wp-json\/wp\/v2\/types\/post"}],"author":[{"embeddable":true,"href":"https:\/\/urbeamea.ro\/albaiulia\/wp-json\/wp\/v2\/users\/26"}],"replies":[{"embeddable":true,"href":"https:\/\/urbeamea.ro\/albaiulia\/wp-json\/wp\/v2\/comments?post=70037"}],"version-history":[{"count":0,"href":"https:\/\/urbeamea.ro\/albaiulia\/wp-json\/wp\/v2\/posts\/70037\/revisions"}],"wp:featuredmedia":[{"embeddable":true,"href":"https:\/\/urbeamea.ro\/albaiulia\/wp-json\/wp\/v2\/media\/70044"}],"wp:attachment":[{"href":"https:\/\/urbeamea.ro\/albaiulia\/wp-json\/wp\/v2\/media?parent=70037"}],"wp:term":[{"taxonomy":"category","embeddable":true,"href":"https:\/\/urbeamea.ro\/albaiulia\/wp-json\/wp\/v2\/categories?post=70037"},{"taxonomy":"post_tag","embeddable":true,"href":"https:\/\/urbeamea.ro\/albaiulia\/wp-json\/wp\/v2\/tags?post=70037"}],"curies":[{"name":"wp","href":"https:\/\/api.w.org\/{rel}","templated":true}]}}