{"id":70039,"date":"2018-11-26T13:17:07","date_gmt":"2018-11-26T11:17:07","guid":{"rendered":"https:\/\/urbeamea.ro\/albaiulia\/?p=70039"},"modified":"2018-11-26T13:17:07","modified_gmt":"2018-11-26T11:17:07","slug":"marti-27-noiembrie-targul-drumul-care-uneste-via-transilvanica","status":"publish","type":"post","link":"https:\/\/urbeamea.ro\/albaiulia\/marti-27-noiembrie-targul-drumul-care-uneste-via-transilvanica\/","title":{"rendered":"MAR\u021aI 27 noiembrie- T\u00e2rgul &#8222;Drumul care une\u0219te&#8221; Via Transilvanica"},"content":{"rendered":"<p>T\u00e2rgul &#8222;Drumul care une\u0219te&#8221; va avea loc mar\u021bi, 27 noiembrie la Facultatea de \u0218tiinte Economice UAB,\u00a0 ca urmare a campaniei de str\u00e2ngere de obiecte simbolice (tradi\u021bionale sau cu motivele Unirii \u0219i\/sau ale Tricolorului, c\u0103r\u021bi, tablouri sau ceramic\u0103 veche, etc), derulate \u00een perioada\u00a020.11.2018 \u2013 26.11.2018, \u00een cele 3 puncte de colectare: Palatul Apor, Libr\u0103rie \u0219i Departamentul de Administrarea Afacerilor \u0219i Marketing.<\/p>\n<p>Bunurile donate, precum \u0219i crea\u021biile studen\u021bilor Cercului de Marketing \u0219i ale Cercului de Etnologie \u0219i Folclor din cadrul Universit\u0103\u021bii 1 Decembrie 1918 vor fi comercializate \u00een cadrul t\u00e2rgului. Banii ob\u021binu\u021bi \u00een urma T\u00e2rgului vor fi dona\u021bi Asocia\u021biei T\u0103\u0219uleasa Social pentru a marca o parte din traseul Via Transilvanica. T\u0103\u015fuleasa Social este un ONG, al c\u0103rui administrator este Tiberiu U\u0219eriu, c\u00e2\u0219tig\u0103torul Ultramaratonului Arctic din acest an. Asocia\u021bia desf\u0103\u015foar\u0103 proiecte cu caracter social, educa\u0163ional, de mediu, cultural etc. \u0219i s-a f\u0103cut cunoscut\u0103 publicului larg \u00een primul r\u00e2nd prin ac\u0163iunile de \u00eemp\u0103durire pe care le organizeaz\u0103 toamna \u015fi prim\u0103vara, cu participare voluntar\u0103.<br \/>\nVia Transilvanica este un drum care va porni de la Drobeta-Turnu Severin &#8211; unde a intrat pentru prima dat\u0103 \u00een \u021bar\u0103 Regele Carol I &#8211; va str\u0103bate Transilvania \u0219i va ajunge p\u00e2n\u0103 la Putna, cu scopul de a promova natura, istoria \u0219i multiculturalitatea Transilvaniei, un drum de 950 km ce poate fi parcurs \u00een mai multe s\u0103pt\u0103m\u00e2ni \u00een totalitate, sau par\u021bial, \u00een c\u00e2teva zile, dup\u0103 puterea \u0219i dorin\u021ba c\u0103l\u0103torului. Infrastructura Via Transilvanica va furniza date despre posibilit\u0103\u021bi de cazare \u0219i mas\u0103, dar \u0219i informa\u021bii istorice \u0219i culturale ale diferitelor zone geografice.<\/p>\n","protected":false},"excerpt":{"rendered":"<p>T\u00e2rgul &#8222;Drumul care une\u0219te&#8221; va avea loc mar\u021bi, 27 noiembrie la Facultatea de \u0218tiinte Economice UAB,\u00a0 ca urmare a campaniei de str\u00e2ngere de obiecte simbolice (tradi\u021bionale sau cu motivele Unirii \u0219i\/sau ale Tricolorului, c\u0103r\u021bi, tablouri sau ceramic\u0103 veche, etc), derulate \u00een perioada\u00a020.11.2018 \u2013 26.11.2018, \u00een cele 3 puncte de colectare: Palatul Apor, Libr\u0103rie \u0219i Departamentul &hellip;<\/p>\n","protected":false},"author":26,"featured_media":70040,"comment_status":"open","ping_status":"open","sticky":false,"template":"","format":"standard","meta":{"inline_featured_image":false,"footnotes":""},"categories":[4],"tags":[31,7649,16731,563,16733,387,76,16732],"class_list":["post-70039","post","type-post","status-publish","format-standard","has-post-thumbnail","hentry","category-eveniment","tag-alba-iulia","tag-donatie","tag-facultatea-de-stiinte-economice-uab","tag-targ","tag-tasuleasa-social","tag-universitatea-1-decembrie-1918","tag-urbea-mea","tag-via-transilvanica"],"yoast_head":"<!-- This site is optimized with the Yoast SEO plugin v27.4 - https:\/\/yoast.com\/product\/yoast-seo-wordpress\/ -->\n<title>MAR\u021aI 27 noiembrie- T\u00e2rgul &quot;Drumul care une\u0219te&quot; Via Transilvanica - Revista Urbea Mea - Revista de Alba<\/title>\n<meta name=\"description\" content=\"T\u00e2rgul &quot;Drumul care une\u0219te&quot; va avea loc mar\u021bi, 27 noiembrie la Facultatea de \u0218tiinte Economice UAB,\u00a0 ca urmare a campaniei de str\u00e2ngere de obiecte\" \/>\n<meta name=\"robots\" content=\"index, follow, max-snippet:-1, max-image-preview:large, max-video-preview:-1\" \/>\n<link rel=\"canonical\" href=\"https:\/\/urbeamea.ro\/albaiulia\/marti-27-noiembrie-targul-drumul-care-uneste-via-transilvanica\/\" \/>\n<meta name=\"twitter:card\" content=\"summary_large_image\" \/>\n<meta name=\"twitter:title\" content=\"MAR\u021aI 27 noiembrie- T\u00e2rgul &quot;Drumul care une\u0219te&quot; Via Transilvanica - Revista Urbea Mea - Revista de Alba\" \/>\n<meta name=\"twitter:description\" content=\"T\u00e2rgul &quot;Drumul care une\u0219te&quot; va avea loc mar\u021bi, 27 noiembrie la Facultatea de \u0218tiinte Economice UAB,\u00a0 ca urmare a campaniei de str\u00e2ngere de obiecte\" \/>\n<meta name=\"twitter:image\" content=\"https:\/\/urbeamea.ro\/albaiulia\/wp-content\/uploads\/2018\/11\/46511326_1039998999499926_3255743050416128000_o.jpg\" \/>\n<meta name=\"twitter:creator\" content=\"@urbeameaweb\" \/>\n<meta name=\"twitter:site\" content=\"@urbeameaweb\" \/>\n<script type=\"application\/ld+json\" class=\"yoast-schema-graph\">{\"@context\":\"https:\\\/\\\/schema.org\",\"@graph\":[{\"@type\":\"Article\",\"@id\":\"https:\\\/\\\/urbeamea.ro\\\/albaiulia\\\/marti-27-noiembrie-targul-drumul-care-uneste-via-transilvanica\\\/#article\",\"isPartOf\":{\"@id\":\"https:\\\/\\\/urbeamea.ro\\\/albaiulia\\\/marti-27-noiembrie-targul-drumul-care-uneste-via-transilvanica\\\/\"},\"author\":{\"name\":\"Raluca Krisbai\",\"@id\":\"https:\\\/\\\/urbeamea.ro\\\/albaiulia\\\/#\\\/schema\\\/person\\\/9835621e3cb33b6c1253958b5c5fd38d\"},\"headline\":\"MAR\u021aI 27 noiembrie- T\u00e2rgul &#8222;Drumul care une\u0219te&#8221; Via Transilvanica\",\"datePublished\":\"2018-11-26T11:17:07+00:00\",\"mainEntityOfPage\":{\"@id\":\"https:\\\/\\\/urbeamea.ro\\\/albaiulia\\\/marti-27-noiembrie-targul-drumul-care-uneste-via-transilvanica\\\/\"},\"wordCount\":298,\"commentCount\":0,\"image\":{\"@id\":\"https:\\\/\\\/urbeamea.ro\\\/albaiulia\\\/marti-27-noiembrie-targul-drumul-care-uneste-via-transilvanica\\\/#primaryimage\"},\"thumbnailUrl\":\"https:\\\/\\\/urbeamea.ro\\\/albaiulia\\\/wp-content\\\/uploads\\\/2018\\\/11\\\/46511326_1039998999499926_3255743050416128000_o.jpg\",\"keywords\":[\"Alba Iulia\",\"donatie\",\"facultatea de stiinte economice UAB\",\"targ\",\"tasuleasa social\",\"universitatea 1 Decembrie 1918\",\"Urbea Mea\",\"via transilvanica\"],\"articleSection\":[\"Evenimente\"],\"inLanguage\":\"ro-RO\",\"potentialAction\":[{\"@type\":\"CommentAction\",\"name\":\"Comment\",\"target\":[\"https:\\\/\\\/urbeamea.ro\\\/albaiulia\\\/marti-27-noiembrie-targul-drumul-care-uneste-via-transilvanica\\\/#respond\"]}]},{\"@type\":\"WebPage\",\"@id\":\"https:\\\/\\\/urbeamea.ro\\\/albaiulia\\\/marti-27-noiembrie-targul-drumul-care-uneste-via-transilvanica\\\/\",\"url\":\"https:\\\/\\\/urbeamea.ro\\\/albaiulia\\\/marti-27-noiembrie-targul-drumul-care-uneste-via-transilvanica\\\/\",\"name\":\"MAR\u021aI 27 noiembrie- T\u00e2rgul \\\"Drumul care une\u0219te\\\" Via Transilvanica - Revista Urbea Mea - Revista de Alba\",\"isPartOf\":{\"@id\":\"https:\\\/\\\/urbeamea.ro\\\/albaiulia\\\/#website\"},\"primaryImageOfPage\":{\"@id\":\"https:\\\/\\\/urbeamea.ro\\\/albaiulia\\\/marti-27-noiembrie-targul-drumul-care-uneste-via-transilvanica\\\/#primaryimage\"},\"image\":{\"@id\":\"https:\\\/\\\/urbeamea.ro\\\/albaiulia\\\/marti-27-noiembrie-targul-drumul-care-uneste-via-transilvanica\\\/#primaryimage\"},\"thumbnailUrl\":\"https:\\\/\\\/urbeamea.ro\\\/albaiulia\\\/wp-content\\\/uploads\\\/2018\\\/11\\\/46511326_1039998999499926_3255743050416128000_o.jpg\",\"datePublished\":\"2018-11-26T11:17:07+00:00\",\"author\":{\"@id\":\"https:\\\/\\\/urbeamea.ro\\\/albaiulia\\\/#\\\/schema\\\/person\\\/9835621e3cb33b6c1253958b5c5fd38d\"},\"description\":\"T\u00e2rgul \\\"Drumul care une\u0219te\\\" va avea loc mar\u021bi, 27 noiembrie la Facultatea de \u0218tiinte Economice UAB,\u00a0 ca urmare a campaniei de str\u00e2ngere de obiecte\",\"breadcrumb\":{\"@id\":\"https:\\\/\\\/urbeamea.ro\\\/albaiulia\\\/marti-27-noiembrie-targul-drumul-care-uneste-via-transilvanica\\\/#breadcrumb\"},\"inLanguage\":\"ro-RO\",\"potentialAction\":[{\"@type\":\"ReadAction\",\"target\":[\"https:\\\/\\\/urbeamea.ro\\\/albaiulia\\\/marti-27-noiembrie-targul-drumul-care-uneste-via-transilvanica\\\/\"]}]},{\"@type\":\"ImageObject\",\"inLanguage\":\"ro-RO\",\"@id\":\"https:\\\/\\\/urbeamea.ro\\\/albaiulia\\\/marti-27-noiembrie-targul-drumul-care-uneste-via-transilvanica\\\/#primaryimage\",\"url\":\"https:\\\/\\\/urbeamea.ro\\\/albaiulia\\\/wp-content\\\/uploads\\\/2018\\\/11\\\/46511326_1039998999499926_3255743050416128000_o.jpg\",\"contentUrl\":\"https:\\\/\\\/urbeamea.ro\\\/albaiulia\\\/wp-content\\\/uploads\\\/2018\\\/11\\\/46511326_1039998999499926_3255743050416128000_o.jpg\",\"width\":1180,\"height\":787},{\"@type\":\"BreadcrumbList\",\"@id\":\"https:\\\/\\\/urbeamea.ro\\\/albaiulia\\\/marti-27-noiembrie-targul-drumul-care-uneste-via-transilvanica\\\/#breadcrumb\",\"itemListElement\":[{\"@type\":\"ListItem\",\"position\":1,\"name\":\"Prima pagin\u0103\",\"item\":\"https:\\\/\\\/urbeamea.ro\\\/albaiulia\\\/\"},{\"@type\":\"ListItem\",\"position\":2,\"name\":\"MAR\u021aI 27 noiembrie- T\u00e2rgul &#8222;Drumul care une\u0219te&#8221; Via Transilvanica\"}]},{\"@type\":\"WebSite\",\"@id\":\"https:\\\/\\\/urbeamea.ro\\\/albaiulia\\\/#website\",\"url\":\"https:\\\/\\\/urbeamea.ro\\\/albaiulia\\\/\",\"name\":\"Revista Urbea Mea, Stiri urbane\",\"description\":\"Evenimente \u0219i \u0219tiri din Alba Iulia, Sebe\u0219, Aiud, Blaj\",\"potentialAction\":[{\"@type\":\"SearchAction\",\"target\":{\"@type\":\"EntryPoint\",\"urlTemplate\":\"https:\\\/\\\/urbeamea.ro\\\/albaiulia\\\/?s={search_term_string}\"},\"query-input\":{\"@type\":\"PropertyValueSpecification\",\"valueRequired\":true,\"valueName\":\"search_term_string\"}}],\"inLanguage\":\"ro-RO\"},{\"@type\":\"Person\",\"@id\":\"https:\\\/\\\/urbeamea.ro\\\/albaiulia\\\/#\\\/schema\\\/person\\\/9835621e3cb33b6c1253958b5c5fd38d\",\"name\":\"Raluca Krisbai\",\"image\":{\"@type\":\"ImageObject\",\"inLanguage\":\"ro-RO\",\"@id\":\"https:\\\/\\\/secure.gravatar.com\\\/avatar\\\/90b7a537a346c034a8bf27f74a4a88eb14594327622a99e7c0a816e2a5e7ed5e?s=96&d=mm&r=g\",\"url\":\"https:\\\/\\\/secure.gravatar.com\\\/avatar\\\/90b7a537a346c034a8bf27f74a4a88eb14594327622a99e7c0a816e2a5e7ed5e?s=96&d=mm&r=g\",\"contentUrl\":\"https:\\\/\\\/secure.gravatar.com\\\/avatar\\\/90b7a537a346c034a8bf27f74a4a88eb14594327622a99e7c0a816e2a5e7ed5e?s=96&d=mm&r=g\",\"caption\":\"Raluca Krisbai\"},\"sameAs\":[\"https:\\\/\\\/www.urbeamea.ro\"],\"url\":\"https:\\\/\\\/urbeamea.ro\\\/albaiulia\\\/author\\\/raluca-krisbai\\\/\"}]}<\/script>\n<!-- \/ Yoast SEO plugin. -->","yoast_head_json":{"title":"MAR\u021aI 27 noiembrie- T\u00e2rgul \"Drumul care une\u0219te\" Via Transilvanica - Revista Urbea Mea - Revista de Alba","description":"T\u00e2rgul \"Drumul care une\u0219te\" va avea loc mar\u021bi, 27 noiembrie la Facultatea de \u0218tiinte Economice UAB,\u00a0 ca urmare a campaniei de str\u00e2ngere de obiecte","robots":{"index":"index","follow":"follow","max-snippet":"max-snippet:-1","max-image-preview":"max-image-preview:large","max-video-preview":"max-video-preview:-1"},"canonical":"https:\/\/urbeamea.ro\/albaiulia\/marti-27-noiembrie-targul-drumul-care-uneste-via-transilvanica\/","twitter_card":"summary_large_image","twitter_title":"MAR\u021aI 27 noiembrie- T\u00e2rgul \"Drumul care une\u0219te\" Via Transilvanica - Revista Urbea Mea - Revista de Alba","twitter_description":"T\u00e2rgul \"Drumul care une\u0219te\" va avea loc mar\u021bi, 27 noiembrie la Facultatea de \u0218tiinte Economice UAB,\u00a0 ca urmare a campaniei de str\u00e2ngere de obiecte","twitter_image":"https:\/\/urbeamea.ro\/albaiulia\/wp-content\/uploads\/2018\/11\/46511326_1039998999499926_3255743050416128000_o.jpg","twitter_creator":"@urbeameaweb","twitter_site":"@urbeameaweb","schema":{"@context":"https:\/\/schema.org","@graph":[{"@type":"Article","@id":"https:\/\/urbeamea.ro\/albaiulia\/marti-27-noiembrie-targul-drumul-care-uneste-via-transilvanica\/#article","isPartOf":{"@id":"https:\/\/urbeamea.ro\/albaiulia\/marti-27-noiembrie-targul-drumul-care-uneste-via-transilvanica\/"},"author":{"name":"Raluca Krisbai","@id":"https:\/\/urbeamea.ro\/albaiulia\/#\/schema\/person\/9835621e3cb33b6c1253958b5c5fd38d"},"headline":"MAR\u021aI 27 noiembrie- T\u00e2rgul &#8222;Drumul care une\u0219te&#8221; Via Transilvanica","datePublished":"2018-11-26T11:17:07+00:00","mainEntityOfPage":{"@id":"https:\/\/urbeamea.ro\/albaiulia\/marti-27-noiembrie-targul-drumul-care-uneste-via-transilvanica\/"},"wordCount":298,"commentCount":0,"image":{"@id":"https:\/\/urbeamea.ro\/albaiulia\/marti-27-noiembrie-targul-drumul-care-uneste-via-transilvanica\/#primaryimage"},"thumbnailUrl":"https:\/\/urbeamea.ro\/albaiulia\/wp-content\/uploads\/2018\/11\/46511326_1039998999499926_3255743050416128000_o.jpg","keywords":["Alba Iulia","donatie","facultatea de stiinte economice UAB","targ","tasuleasa social","universitatea 1 Decembrie 1918","Urbea Mea","via transilvanica"],"articleSection":["Evenimente"],"inLanguage":"ro-RO","potentialAction":[{"@type":"CommentAction","name":"Comment","target":["https:\/\/urbeamea.ro\/albaiulia\/marti-27-noiembrie-targul-drumul-care-uneste-via-transilvanica\/#respond"]}]},{"@type":"WebPage","@id":"https:\/\/urbeamea.ro\/albaiulia\/marti-27-noiembrie-targul-drumul-care-uneste-via-transilvanica\/","url":"https:\/\/urbeamea.ro\/albaiulia\/marti-27-noiembrie-targul-drumul-care-uneste-via-transilvanica\/","name":"MAR\u021aI 27 noiembrie- T\u00e2rgul \"Drumul care une\u0219te\" Via Transilvanica - Revista Urbea Mea - Revista de Alba","isPartOf":{"@id":"https:\/\/urbeamea.ro\/albaiulia\/#website"},"primaryImageOfPage":{"@id":"https:\/\/urbeamea.ro\/albaiulia\/marti-27-noiembrie-targul-drumul-care-uneste-via-transilvanica\/#primaryimage"},"image":{"@id":"https:\/\/urbeamea.ro\/albaiulia\/marti-27-noiembrie-targul-drumul-care-uneste-via-transilvanica\/#primaryimage"},"thumbnailUrl":"https:\/\/urbeamea.ro\/albaiulia\/wp-content\/uploads\/2018\/11\/46511326_1039998999499926_3255743050416128000_o.jpg","datePublished":"2018-11-26T11:17:07+00:00","author":{"@id":"https:\/\/urbeamea.ro\/albaiulia\/#\/schema\/person\/9835621e3cb33b6c1253958b5c5fd38d"},"description":"T\u00e2rgul \"Drumul care une\u0219te\" va avea loc mar\u021bi, 27 noiembrie la Facultatea de \u0218tiinte Economice UAB,\u00a0 ca urmare a campaniei de str\u00e2ngere de obiecte","breadcrumb":{"@id":"https:\/\/urbeamea.ro\/albaiulia\/marti-27-noiembrie-targul-drumul-care-uneste-via-transilvanica\/#breadcrumb"},"inLanguage":"ro-RO","potentialAction":[{"@type":"ReadAction","target":["https:\/\/urbeamea.ro\/albaiulia\/marti-27-noiembrie-targul-drumul-care-uneste-via-transilvanica\/"]}]},{"@type":"ImageObject","inLanguage":"ro-RO","@id":"https:\/\/urbeamea.ro\/albaiulia\/marti-27-noiembrie-targul-drumul-care-uneste-via-transilvanica\/#primaryimage","url":"https:\/\/urbeamea.ro\/albaiulia\/wp-content\/uploads\/2018\/11\/46511326_1039998999499926_3255743050416128000_o.jpg","contentUrl":"https:\/\/urbeamea.ro\/albaiulia\/wp-content\/uploads\/2018\/11\/46511326_1039998999499926_3255743050416128000_o.jpg","width":1180,"height":787},{"@type":"BreadcrumbList","@id":"https:\/\/urbeamea.ro\/albaiulia\/marti-27-noiembrie-targul-drumul-care-uneste-via-transilvanica\/#breadcrumb","itemListElement":[{"@type":"ListItem","position":1,"name":"Prima pagin\u0103","item":"https:\/\/urbeamea.ro\/albaiulia\/"},{"@type":"ListItem","position":2,"name":"MAR\u021aI 27 noiembrie- T\u00e2rgul &#8222;Drumul care une\u0219te&#8221; Via Transilvanica"}]},{"@type":"WebSite","@id":"https:\/\/urbeamea.ro\/albaiulia\/#website","url":"https:\/\/urbeamea.ro\/albaiulia\/","name":"Revista Urbea Mea, Stiri urbane","description":"Evenimente \u0219i \u0219tiri din Alba Iulia, Sebe\u0219, Aiud, Blaj","potentialAction":[{"@type":"SearchAction","target":{"@type":"EntryPoint","urlTemplate":"https:\/\/urbeamea.ro\/albaiulia\/?s={search_term_string}"},"query-input":{"@type":"PropertyValueSpecification","valueRequired":true,"valueName":"search_term_string"}}],"inLanguage":"ro-RO"},{"@type":"Person","@id":"https:\/\/urbeamea.ro\/albaiulia\/#\/schema\/person\/9835621e3cb33b6c1253958b5c5fd38d","name":"Raluca Krisbai","image":{"@type":"ImageObject","inLanguage":"ro-RO","@id":"https:\/\/secure.gravatar.com\/avatar\/90b7a537a346c034a8bf27f74a4a88eb14594327622a99e7c0a816e2a5e7ed5e?s=96&d=mm&r=g","url":"https:\/\/secure.gravatar.com\/avatar\/90b7a537a346c034a8bf27f74a4a88eb14594327622a99e7c0a816e2a5e7ed5e?s=96&d=mm&r=g","contentUrl":"https:\/\/secure.gravatar.com\/avatar\/90b7a537a346c034a8bf27f74a4a88eb14594327622a99e7c0a816e2a5e7ed5e?s=96&d=mm&r=g","caption":"Raluca Krisbai"},"sameAs":["https:\/\/www.urbeamea.ro"],"url":"https:\/\/urbeamea.ro\/albaiulia\/author\/raluca-krisbai\/"}]}},"_links":{"self":[{"href":"https:\/\/urbeamea.ro\/albaiulia\/wp-json\/wp\/v2\/posts\/70039","targetHints":{"allow":["GET"]}}],"collection":[{"href":"https:\/\/urbeamea.ro\/albaiulia\/wp-json\/wp\/v2\/posts"}],"about":[{"href":"https:\/\/urbeamea.ro\/albaiulia\/wp-json\/wp\/v2\/types\/post"}],"author":[{"embeddable":true,"href":"https:\/\/urbeamea.ro\/albaiulia\/wp-json\/wp\/v2\/users\/26"}],"replies":[{"embeddable":true,"href":"https:\/\/urbeamea.ro\/albaiulia\/wp-json\/wp\/v2\/comments?post=70039"}],"version-history":[{"count":0,"href":"https:\/\/urbeamea.ro\/albaiulia\/wp-json\/wp\/v2\/posts\/70039\/revisions"}],"wp:featuredmedia":[{"embeddable":true,"href":"https:\/\/urbeamea.ro\/albaiulia\/wp-json\/wp\/v2\/media\/70040"}],"wp:attachment":[{"href":"https:\/\/urbeamea.ro\/albaiulia\/wp-json\/wp\/v2\/media?parent=70039"}],"wp:term":[{"taxonomy":"category","embeddable":true,"href":"https:\/\/urbeamea.ro\/albaiulia\/wp-json\/wp\/v2\/categories?post=70039"},{"taxonomy":"post_tag","embeddable":true,"href":"https:\/\/urbeamea.ro\/albaiulia\/wp-json\/wp\/v2\/tags?post=70039"}],"curies":[{"name":"wp","href":"https:\/\/api.w.org\/{rel}","templated":true}]}}