{"id":70794,"date":"2018-12-13T13:37:47","date_gmt":"2018-12-13T11:37:47","guid":{"rendered":"https:\/\/urbeamea.ro\/albaiulia\/?p=70794"},"modified":"2018-12-13T13:37:47","modified_gmt":"2018-12-13T11:37:47","slug":"foto-o-autospeciala-destinata-interventiilor-si-salvarii-de-la-inaltime-in-dotarea-detasamentul-de-pompieri-de-la-aiud","status":"publish","type":"post","link":"https:\/\/urbeamea.ro\/albaiulia\/foto-o-autospeciala-destinata-interventiilor-si-salvarii-de-la-inaltime-in-dotarea-detasamentul-de-pompieri-de-la-aiud\/","title":{"rendered":"FOTO: O autospecial\u0103 destinat\u0103 interven\u021biilor \u0219i salv\u0103rii de la \u00een\u0103l\u021bime, \u00een dotarea Deta\u0219amentul de pompieri de la Aiud"},"content":{"rendered":"<p><strong>Inspectoratul pentru Situa\u021bii de Urgen\u021b\u0103 \u201cUnirea\u201d al jude\u021bului are \u00een dotare o nou\u0103\u00a0 autospecial\u0103 destinat\u0103 interven\u021biilor \u0219i salv\u0103rii de la \u00een\u0103l\u021bime care este folosit\u0103 pe zona de competen\u021b\u0103 a Deta\u0219amentul de pompieri de la Aiud.<\/strong><\/p>\n<p>Autospeciala de interven\u021bie \u0219i salvare de la \u00een\u0103l\u021bimi model M42L este destinat\u0103 interven\u021biei \u0219i salv\u0103rii de la \u00een\u0103l\u021bime pe timpul stingerii incendiilor \u0219i \u00een cazul producerii unor accidente tehnologice, dezastre sau calamit\u0103\u021bi natural, precum \u0219i \u00een cazul altor opera\u021biuni ce presupun lucrul la \u00een\u0103l\u021bime.<\/p>\n<p>Autospeciala este proiectat\u0103 pe o infrastructur\u0103 de tip auto\u0219asiu Iveco Eurocargo ML 180 E32 \u0219i are urm\u0103toarele caracteristici:<\/p>\n<ul>\n<li>cabin\u0103 1+2 locuri care au montate o instala\u021bie specializat\u0103 pentru interven\u021bie \u0219i salvare de la \u00een\u0103l\u021bimi;<\/li>\n<li>auto\u0219asiul este echipat cu motor cu nivel euro6 \u0219i prize de putere care asigur\u0103 punerea \u00een func\u021biune a echipamentelor din dotare;<\/li>\n<li>instala\u021bia de calare asigur\u0103 orizontalizarea autospecialei \u00een vederea lucrului cu instala\u021bia special\u0103;<\/li>\n<li>instala\u021bia specializat\u0103 pentru interven\u021bie \u0219i salvare de la \u00een\u0103l\u021bime este format\u0103 dintr-un turn rotator cu pachet de sc\u0103ri extensibile compus din: pachet de sc\u0103ri, platform\u0103 de lucru la v\u00e2rf \u0219i lift;<\/li>\n<li>mi\u0219c\u0103rile de rotire, de ridicare \u0219i extindere a pachetului de sc\u0103ri pot fi executate \u00een acela\u0219i timp (simultan);<\/li>\n<li>liftul asigur\u0103 urcarea\/cobor\u00e2rea persoanelor \u00een\/din platforma de lucru;<\/li>\n<li>platforma de lucru este echipat\u0103 cu mijloacele tehnice de interven\u021bie \u0219i protec\u021bie necesare;<\/li>\n<li>instala\u021bia pentru stingerea incendiilor montat\u0103 \u00een platforma de lucru, permite at\u00e2t refularea apei\/spumei cu ajutorul unui tun (fixat de platform\u0103), c\u00e2t \u0219i cu ajutorul unor \u021bevi de refulare manuale;<\/li>\n<li>dispozitivul tip macara, troliu TR 300 are capacitatea de ridicare de 300 kg.<\/li>\n<\/ul>\n<p><strong>Instala\u021bia de comand\u0103 \u0219i comunica\u021bii:<\/strong><\/p>\n<p><u>Instala\u021bia de comunica\u021bii este compus\u0103 din<\/u>:<\/p>\n<ul>\n<li>postul de comand\u0103 principal la baza turnului rotitor permite executarea tuturor manevrelor, inclusive posibilitatea prelu\u0103rii comenzilor postului secundar amplasat pe platform\u0103;<\/li>\n<li>postul de comand\u0103 secundar aflat pe platforma de lucru, permite executarea tuturor manevrelor;<\/li>\n<li>2 posturi de comand\u0103 pentru calare.<\/li>\n<\/ul>\n<p>Instala\u021bia pentru comunica\u021bii asigur\u0103 leg\u0103tura \u00eentre postul principal \u0219i secundar de comand\u0103 \u0219i include un echipament de amplificare a vocii \u00een vederea transmiterii de mesaje. De asemenea autospeciala este dotat\u0103 cu o instala\u021bia de siguran\u021b\u0103 care asigur\u0103 semnalizarea sonor\u0103 \u0219i optic\u0103 \u00een cazul apropierii de pozi\u021biile limit\u0103 de siguran\u021b\u0103, iar instala\u021bia de iluminare suplimentar\u0103 permite realizarea condi\u021biilor de vizibilitate normal\u0103 \u00een zona interven\u021biei autospecialei.<\/p>\n<p>Autospeciala a fost achizi\u021bionat\u0103 de Inspectoratul General pentru Situa\u021bii de Urgen\u021b\u0103 cu fonduri europene \u00een cadrul proiectului ,,Concept modern integrat pentru managementul situa\u021biilor de urgen\u021b\u0103\u201d, finan\u021bat prin Sisteme Integrate pentru Situa\u021bii de Urgen\u021b\u0103 (SISU).<\/p>\n","protected":false},"excerpt":{"rendered":"<p>Inspectoratul pentru Situa\u021bii de Urgen\u021b\u0103 \u201cUnirea\u201d al jude\u021bului are \u00een dotare o nou\u0103\u00a0 autospecial\u0103 destinat\u0103 interven\u021biilor \u0219i salv\u0103rii de la \u00een\u0103l\u021bime care este folosit\u0103 pe zona de competen\u021b\u0103 a Deta\u0219amentul de pompieri de la Aiud. Autospeciala de interven\u021bie \u0219i salvare de la \u00een\u0103l\u021bimi model M42L este destinat\u0103 interven\u021biei \u0219i salv\u0103rii de la \u00een\u0103l\u021bime pe timpul &hellip;<\/p>\n","protected":false},"author":17,"featured_media":70795,"comment_status":"open","ping_status":"open","sticky":false,"template":"","format":"standard","meta":{"inline_featured_image":false,"footnotes":""},"categories":[2034],"tags":[16886,16888,6994,2560,16887,308,76],"class_list":["post-70794","post","type-post","status-publish","format-standard","has-post-thumbnail","hentry","category-social","tag-autospeciala-noua","tag-detasamentul-de-pompieri-aiud","tag-interventii","tag-isu-alba","tag-salvare-de-la-inaltime","tag-stiri","tag-urbea-mea"],"yoast_head":"<!-- This site is optimized with the Yoast SEO plugin v27.4 - https:\/\/yoast.com\/product\/yoast-seo-wordpress\/ -->\n<title>FOTO: O autospecial\u0103 destinat\u0103 interven\u021biilor \u0219i salv\u0103rii de la \u00een\u0103l\u021bime, \u00een dotarea Deta\u0219amentul de pompieri de la Aiud - Revista Urbea Mea - Revista de Alba<\/title>\n<meta name=\"description\" content=\"Inspectoratul pentru Situa\u021bii de Urgen\u021b\u0103 \u201cUnirea\u201d al jude\u021bului are \u00een dotare o nou\u0103\u00a0 autospecial\u0103 destinat\u0103 interven\u021biilor \u0219i salv\u0103rii de la \u00een\u0103l\u021bime care\" \/>\n<meta name=\"robots\" content=\"index, follow, max-snippet:-1, max-image-preview:large, max-video-preview:-1\" \/>\n<link rel=\"canonical\" href=\"https:\/\/urbeamea.ro\/albaiulia\/foto-o-autospeciala-destinata-interventiilor-si-salvarii-de-la-inaltime-in-dotarea-detasamentul-de-pompieri-de-la-aiud\/\" \/>\n<meta name=\"twitter:card\" content=\"summary_large_image\" \/>\n<meta name=\"twitter:title\" content=\"FOTO: O autospecial\u0103 destinat\u0103 interven\u021biilor \u0219i salv\u0103rii de la \u00een\u0103l\u021bime, \u00een dotarea Deta\u0219amentul de pompieri de la Aiud - Revista Urbea Mea - Revista de Alba\" \/>\n<meta name=\"twitter:description\" content=\"Inspectoratul pentru Situa\u021bii de Urgen\u021b\u0103 \u201cUnirea\u201d al jude\u021bului are \u00een dotare o nou\u0103\u00a0 autospecial\u0103 destinat\u0103 interven\u021biilor \u0219i salv\u0103rii de la \u00een\u0103l\u021bime care\" \/>\n<meta name=\"twitter:image\" content=\"https:\/\/urbeamea.ro\/albaiulia\/wp-content\/uploads\/2018\/12\/autospeciala-isu-alba.jpg\" \/>\n<meta name=\"twitter:creator\" content=\"@urbeameaweb\" \/>\n<meta name=\"twitter:site\" content=\"@urbeameaweb\" \/>\n<script type=\"application\/ld+json\" class=\"yoast-schema-graph\">{\"@context\":\"https:\\\/\\\/schema.org\",\"@graph\":[{\"@type\":\"Article\",\"@id\":\"https:\\\/\\\/urbeamea.ro\\\/albaiulia\\\/foto-o-autospeciala-destinata-interventiilor-si-salvarii-de-la-inaltime-in-dotarea-detasamentul-de-pompieri-de-la-aiud\\\/#article\",\"isPartOf\":{\"@id\":\"https:\\\/\\\/urbeamea.ro\\\/albaiulia\\\/foto-o-autospeciala-destinata-interventiilor-si-salvarii-de-la-inaltime-in-dotarea-detasamentul-de-pompieri-de-la-aiud\\\/\"},\"author\":{\"name\":\"Cristina Ganga\",\"@id\":\"https:\\\/\\\/urbeamea.ro\\\/albaiulia\\\/#\\\/schema\\\/person\\\/9700d21fae21c4f038b0b56f4506264a\"},\"headline\":\"FOTO: O autospecial\u0103 destinat\u0103 interven\u021biilor \u0219i salv\u0103rii de la \u00een\u0103l\u021bime, \u00een dotarea Deta\u0219amentul de pompieri de la Aiud\",\"datePublished\":\"2018-12-13T11:37:47+00:00\",\"mainEntityOfPage\":{\"@id\":\"https:\\\/\\\/urbeamea.ro\\\/albaiulia\\\/foto-o-autospeciala-destinata-interventiilor-si-salvarii-de-la-inaltime-in-dotarea-detasamentul-de-pompieri-de-la-aiud\\\/\"},\"wordCount\":492,\"commentCount\":0,\"image\":{\"@id\":\"https:\\\/\\\/urbeamea.ro\\\/albaiulia\\\/foto-o-autospeciala-destinata-interventiilor-si-salvarii-de-la-inaltime-in-dotarea-detasamentul-de-pompieri-de-la-aiud\\\/#primaryimage\"},\"thumbnailUrl\":\"https:\\\/\\\/urbeamea.ro\\\/albaiulia\\\/wp-content\\\/uploads\\\/2018\\\/12\\\/autospeciala-isu-alba.jpg\",\"keywords\":[\"autospeciala noua\",\"detasamentul de pompieri aiud\",\"interventii\",\"ISU Alba\",\"salvare de la inaltime\",\"stiri\",\"Urbea Mea\"],\"articleSection\":[\"Social\"],\"inLanguage\":\"ro-RO\",\"potentialAction\":[{\"@type\":\"CommentAction\",\"name\":\"Comment\",\"target\":[\"https:\\\/\\\/urbeamea.ro\\\/albaiulia\\\/foto-o-autospeciala-destinata-interventiilor-si-salvarii-de-la-inaltime-in-dotarea-detasamentul-de-pompieri-de-la-aiud\\\/#respond\"]}]},{\"@type\":\"WebPage\",\"@id\":\"https:\\\/\\\/urbeamea.ro\\\/albaiulia\\\/foto-o-autospeciala-destinata-interventiilor-si-salvarii-de-la-inaltime-in-dotarea-detasamentul-de-pompieri-de-la-aiud\\\/\",\"url\":\"https:\\\/\\\/urbeamea.ro\\\/albaiulia\\\/foto-o-autospeciala-destinata-interventiilor-si-salvarii-de-la-inaltime-in-dotarea-detasamentul-de-pompieri-de-la-aiud\\\/\",\"name\":\"FOTO: O autospecial\u0103 destinat\u0103 interven\u021biilor \u0219i salv\u0103rii de la \u00een\u0103l\u021bime, \u00een dotarea Deta\u0219amentul de pompieri de la Aiud - Revista Urbea Mea - Revista de Alba\",\"isPartOf\":{\"@id\":\"https:\\\/\\\/urbeamea.ro\\\/albaiulia\\\/#website\"},\"primaryImageOfPage\":{\"@id\":\"https:\\\/\\\/urbeamea.ro\\\/albaiulia\\\/foto-o-autospeciala-destinata-interventiilor-si-salvarii-de-la-inaltime-in-dotarea-detasamentul-de-pompieri-de-la-aiud\\\/#primaryimage\"},\"image\":{\"@id\":\"https:\\\/\\\/urbeamea.ro\\\/albaiulia\\\/foto-o-autospeciala-destinata-interventiilor-si-salvarii-de-la-inaltime-in-dotarea-detasamentul-de-pompieri-de-la-aiud\\\/#primaryimage\"},\"thumbnailUrl\":\"https:\\\/\\\/urbeamea.ro\\\/albaiulia\\\/wp-content\\\/uploads\\\/2018\\\/12\\\/autospeciala-isu-alba.jpg\",\"datePublished\":\"2018-12-13T11:37:47+00:00\",\"author\":{\"@id\":\"https:\\\/\\\/urbeamea.ro\\\/albaiulia\\\/#\\\/schema\\\/person\\\/9700d21fae21c4f038b0b56f4506264a\"},\"description\":\"Inspectoratul pentru Situa\u021bii de Urgen\u021b\u0103 \u201cUnirea\u201d al jude\u021bului are \u00een dotare o nou\u0103\u00a0 autospecial\u0103 destinat\u0103 interven\u021biilor \u0219i salv\u0103rii de la \u00een\u0103l\u021bime care\",\"breadcrumb\":{\"@id\":\"https:\\\/\\\/urbeamea.ro\\\/albaiulia\\\/foto-o-autospeciala-destinata-interventiilor-si-salvarii-de-la-inaltime-in-dotarea-detasamentul-de-pompieri-de-la-aiud\\\/#breadcrumb\"},\"inLanguage\":\"ro-RO\",\"potentialAction\":[{\"@type\":\"ReadAction\",\"target\":[\"https:\\\/\\\/urbeamea.ro\\\/albaiulia\\\/foto-o-autospeciala-destinata-interventiilor-si-salvarii-de-la-inaltime-in-dotarea-detasamentul-de-pompieri-de-la-aiud\\\/\"]}]},{\"@type\":\"ImageObject\",\"inLanguage\":\"ro-RO\",\"@id\":\"https:\\\/\\\/urbeamea.ro\\\/albaiulia\\\/foto-o-autospeciala-destinata-interventiilor-si-salvarii-de-la-inaltime-in-dotarea-detasamentul-de-pompieri-de-la-aiud\\\/#primaryimage\",\"url\":\"https:\\\/\\\/urbeamea.ro\\\/albaiulia\\\/wp-content\\\/uploads\\\/2018\\\/12\\\/autospeciala-isu-alba.jpg\",\"contentUrl\":\"https:\\\/\\\/urbeamea.ro\\\/albaiulia\\\/wp-content\\\/uploads\\\/2018\\\/12\\\/autospeciala-isu-alba.jpg\",\"width\":960,\"height\":540},{\"@type\":\"BreadcrumbList\",\"@id\":\"https:\\\/\\\/urbeamea.ro\\\/albaiulia\\\/foto-o-autospeciala-destinata-interventiilor-si-salvarii-de-la-inaltime-in-dotarea-detasamentul-de-pompieri-de-la-aiud\\\/#breadcrumb\",\"itemListElement\":[{\"@type\":\"ListItem\",\"position\":1,\"name\":\"Prima pagin\u0103\",\"item\":\"https:\\\/\\\/urbeamea.ro\\\/albaiulia\\\/\"},{\"@type\":\"ListItem\",\"position\":2,\"name\":\"FOTO: O autospecial\u0103 destinat\u0103 interven\u021biilor \u0219i salv\u0103rii de la \u00een\u0103l\u021bime, \u00een dotarea Deta\u0219amentul de pompieri de la Aiud\"}]},{\"@type\":\"WebSite\",\"@id\":\"https:\\\/\\\/urbeamea.ro\\\/albaiulia\\\/#website\",\"url\":\"https:\\\/\\\/urbeamea.ro\\\/albaiulia\\\/\",\"name\":\"Revista Urbea Mea, Stiri urbane\",\"description\":\"Evenimente \u0219i \u0219tiri din Alba Iulia, Sebe\u0219, Aiud, Blaj\",\"potentialAction\":[{\"@type\":\"SearchAction\",\"target\":{\"@type\":\"EntryPoint\",\"urlTemplate\":\"https:\\\/\\\/urbeamea.ro\\\/albaiulia\\\/?s={search_term_string}\"},\"query-input\":{\"@type\":\"PropertyValueSpecification\",\"valueRequired\":true,\"valueName\":\"search_term_string\"}}],\"inLanguage\":\"ro-RO\"},{\"@type\":\"Person\",\"@id\":\"https:\\\/\\\/urbeamea.ro\\\/albaiulia\\\/#\\\/schema\\\/person\\\/9700d21fae21c4f038b0b56f4506264a\",\"name\":\"Cristina Ganga\",\"image\":{\"@type\":\"ImageObject\",\"inLanguage\":\"ro-RO\",\"@id\":\"https:\\\/\\\/secure.gravatar.com\\\/avatar\\\/5a67661041f057b4a8ccaf26f5a8e86e2689372006d01faf3dd9eeb10b654bb4?s=96&d=mm&r=g\",\"url\":\"https:\\\/\\\/secure.gravatar.com\\\/avatar\\\/5a67661041f057b4a8ccaf26f5a8e86e2689372006d01faf3dd9eeb10b654bb4?s=96&d=mm&r=g\",\"contentUrl\":\"https:\\\/\\\/secure.gravatar.com\\\/avatar\\\/5a67661041f057b4a8ccaf26f5a8e86e2689372006d01faf3dd9eeb10b654bb4?s=96&d=mm&r=g\",\"caption\":\"Cristina Ganga\"},\"description\":\"Jurnalist\",\"sameAs\":[\"https:\\\/\\\/www.facebook.com\\\/cristina.nicola.587\"],\"url\":\"https:\\\/\\\/urbeamea.ro\\\/albaiulia\\\/author\\\/cristina-nicola\\\/\"}]}<\/script>\n<!-- \/ Yoast SEO plugin. -->","yoast_head_json":{"title":"FOTO: O autospecial\u0103 destinat\u0103 interven\u021biilor \u0219i salv\u0103rii de la \u00een\u0103l\u021bime, \u00een dotarea Deta\u0219amentul de pompieri de la Aiud - Revista Urbea Mea - Revista de Alba","description":"Inspectoratul pentru Situa\u021bii de Urgen\u021b\u0103 \u201cUnirea\u201d al jude\u021bului are \u00een dotare o nou\u0103\u00a0 autospecial\u0103 destinat\u0103 interven\u021biilor \u0219i salv\u0103rii de la \u00een\u0103l\u021bime care","robots":{"index":"index","follow":"follow","max-snippet":"max-snippet:-1","max-image-preview":"max-image-preview:large","max-video-preview":"max-video-preview:-1"},"canonical":"https:\/\/urbeamea.ro\/albaiulia\/foto-o-autospeciala-destinata-interventiilor-si-salvarii-de-la-inaltime-in-dotarea-detasamentul-de-pompieri-de-la-aiud\/","twitter_card":"summary_large_image","twitter_title":"FOTO: O autospecial\u0103 destinat\u0103 interven\u021biilor \u0219i salv\u0103rii de la \u00een\u0103l\u021bime, \u00een dotarea Deta\u0219amentul de pompieri de la Aiud - Revista Urbea Mea - Revista de Alba","twitter_description":"Inspectoratul pentru Situa\u021bii de Urgen\u021b\u0103 \u201cUnirea\u201d al jude\u021bului are \u00een dotare o nou\u0103\u00a0 autospecial\u0103 destinat\u0103 interven\u021biilor \u0219i salv\u0103rii de la \u00een\u0103l\u021bime care","twitter_image":"https:\/\/urbeamea.ro\/albaiulia\/wp-content\/uploads\/2018\/12\/autospeciala-isu-alba.jpg","twitter_creator":"@urbeameaweb","twitter_site":"@urbeameaweb","schema":{"@context":"https:\/\/schema.org","@graph":[{"@type":"Article","@id":"https:\/\/urbeamea.ro\/albaiulia\/foto-o-autospeciala-destinata-interventiilor-si-salvarii-de-la-inaltime-in-dotarea-detasamentul-de-pompieri-de-la-aiud\/#article","isPartOf":{"@id":"https:\/\/urbeamea.ro\/albaiulia\/foto-o-autospeciala-destinata-interventiilor-si-salvarii-de-la-inaltime-in-dotarea-detasamentul-de-pompieri-de-la-aiud\/"},"author":{"name":"Cristina Ganga","@id":"https:\/\/urbeamea.ro\/albaiulia\/#\/schema\/person\/9700d21fae21c4f038b0b56f4506264a"},"headline":"FOTO: O autospecial\u0103 destinat\u0103 interven\u021biilor \u0219i salv\u0103rii de la \u00een\u0103l\u021bime, \u00een dotarea Deta\u0219amentul de pompieri de la Aiud","datePublished":"2018-12-13T11:37:47+00:00","mainEntityOfPage":{"@id":"https:\/\/urbeamea.ro\/albaiulia\/foto-o-autospeciala-destinata-interventiilor-si-salvarii-de-la-inaltime-in-dotarea-detasamentul-de-pompieri-de-la-aiud\/"},"wordCount":492,"commentCount":0,"image":{"@id":"https:\/\/urbeamea.ro\/albaiulia\/foto-o-autospeciala-destinata-interventiilor-si-salvarii-de-la-inaltime-in-dotarea-detasamentul-de-pompieri-de-la-aiud\/#primaryimage"},"thumbnailUrl":"https:\/\/urbeamea.ro\/albaiulia\/wp-content\/uploads\/2018\/12\/autospeciala-isu-alba.jpg","keywords":["autospeciala noua","detasamentul de pompieri aiud","interventii","ISU Alba","salvare de la inaltime","stiri","Urbea Mea"],"articleSection":["Social"],"inLanguage":"ro-RO","potentialAction":[{"@type":"CommentAction","name":"Comment","target":["https:\/\/urbeamea.ro\/albaiulia\/foto-o-autospeciala-destinata-interventiilor-si-salvarii-de-la-inaltime-in-dotarea-detasamentul-de-pompieri-de-la-aiud\/#respond"]}]},{"@type":"WebPage","@id":"https:\/\/urbeamea.ro\/albaiulia\/foto-o-autospeciala-destinata-interventiilor-si-salvarii-de-la-inaltime-in-dotarea-detasamentul-de-pompieri-de-la-aiud\/","url":"https:\/\/urbeamea.ro\/albaiulia\/foto-o-autospeciala-destinata-interventiilor-si-salvarii-de-la-inaltime-in-dotarea-detasamentul-de-pompieri-de-la-aiud\/","name":"FOTO: O autospecial\u0103 destinat\u0103 interven\u021biilor \u0219i salv\u0103rii de la \u00een\u0103l\u021bime, \u00een dotarea Deta\u0219amentul de pompieri de la Aiud - Revista Urbea Mea - Revista de Alba","isPartOf":{"@id":"https:\/\/urbeamea.ro\/albaiulia\/#website"},"primaryImageOfPage":{"@id":"https:\/\/urbeamea.ro\/albaiulia\/foto-o-autospeciala-destinata-interventiilor-si-salvarii-de-la-inaltime-in-dotarea-detasamentul-de-pompieri-de-la-aiud\/#primaryimage"},"image":{"@id":"https:\/\/urbeamea.ro\/albaiulia\/foto-o-autospeciala-destinata-interventiilor-si-salvarii-de-la-inaltime-in-dotarea-detasamentul-de-pompieri-de-la-aiud\/#primaryimage"},"thumbnailUrl":"https:\/\/urbeamea.ro\/albaiulia\/wp-content\/uploads\/2018\/12\/autospeciala-isu-alba.jpg","datePublished":"2018-12-13T11:37:47+00:00","author":{"@id":"https:\/\/urbeamea.ro\/albaiulia\/#\/schema\/person\/9700d21fae21c4f038b0b56f4506264a"},"description":"Inspectoratul pentru Situa\u021bii de Urgen\u021b\u0103 \u201cUnirea\u201d al jude\u021bului are \u00een dotare o nou\u0103\u00a0 autospecial\u0103 destinat\u0103 interven\u021biilor \u0219i salv\u0103rii de la \u00een\u0103l\u021bime care","breadcrumb":{"@id":"https:\/\/urbeamea.ro\/albaiulia\/foto-o-autospeciala-destinata-interventiilor-si-salvarii-de-la-inaltime-in-dotarea-detasamentul-de-pompieri-de-la-aiud\/#breadcrumb"},"inLanguage":"ro-RO","potentialAction":[{"@type":"ReadAction","target":["https:\/\/urbeamea.ro\/albaiulia\/foto-o-autospeciala-destinata-interventiilor-si-salvarii-de-la-inaltime-in-dotarea-detasamentul-de-pompieri-de-la-aiud\/"]}]},{"@type":"ImageObject","inLanguage":"ro-RO","@id":"https:\/\/urbeamea.ro\/albaiulia\/foto-o-autospeciala-destinata-interventiilor-si-salvarii-de-la-inaltime-in-dotarea-detasamentul-de-pompieri-de-la-aiud\/#primaryimage","url":"https:\/\/urbeamea.ro\/albaiulia\/wp-content\/uploads\/2018\/12\/autospeciala-isu-alba.jpg","contentUrl":"https:\/\/urbeamea.ro\/albaiulia\/wp-content\/uploads\/2018\/12\/autospeciala-isu-alba.jpg","width":960,"height":540},{"@type":"BreadcrumbList","@id":"https:\/\/urbeamea.ro\/albaiulia\/foto-o-autospeciala-destinata-interventiilor-si-salvarii-de-la-inaltime-in-dotarea-detasamentul-de-pompieri-de-la-aiud\/#breadcrumb","itemListElement":[{"@type":"ListItem","position":1,"name":"Prima pagin\u0103","item":"https:\/\/urbeamea.ro\/albaiulia\/"},{"@type":"ListItem","position":2,"name":"FOTO: O autospecial\u0103 destinat\u0103 interven\u021biilor \u0219i salv\u0103rii de la \u00een\u0103l\u021bime, \u00een dotarea Deta\u0219amentul de pompieri de la Aiud"}]},{"@type":"WebSite","@id":"https:\/\/urbeamea.ro\/albaiulia\/#website","url":"https:\/\/urbeamea.ro\/albaiulia\/","name":"Revista Urbea Mea, Stiri urbane","description":"Evenimente \u0219i \u0219tiri din Alba Iulia, Sebe\u0219, Aiud, Blaj","potentialAction":[{"@type":"SearchAction","target":{"@type":"EntryPoint","urlTemplate":"https:\/\/urbeamea.ro\/albaiulia\/?s={search_term_string}"},"query-input":{"@type":"PropertyValueSpecification","valueRequired":true,"valueName":"search_term_string"}}],"inLanguage":"ro-RO"},{"@type":"Person","@id":"https:\/\/urbeamea.ro\/albaiulia\/#\/schema\/person\/9700d21fae21c4f038b0b56f4506264a","name":"Cristina Ganga","image":{"@type":"ImageObject","inLanguage":"ro-RO","@id":"https:\/\/secure.gravatar.com\/avatar\/5a67661041f057b4a8ccaf26f5a8e86e2689372006d01faf3dd9eeb10b654bb4?s=96&d=mm&r=g","url":"https:\/\/secure.gravatar.com\/avatar\/5a67661041f057b4a8ccaf26f5a8e86e2689372006d01faf3dd9eeb10b654bb4?s=96&d=mm&r=g","contentUrl":"https:\/\/secure.gravatar.com\/avatar\/5a67661041f057b4a8ccaf26f5a8e86e2689372006d01faf3dd9eeb10b654bb4?s=96&d=mm&r=g","caption":"Cristina Ganga"},"description":"Jurnalist","sameAs":["https:\/\/www.facebook.com\/cristina.nicola.587"],"url":"https:\/\/urbeamea.ro\/albaiulia\/author\/cristina-nicola\/"}]}},"_links":{"self":[{"href":"https:\/\/urbeamea.ro\/albaiulia\/wp-json\/wp\/v2\/posts\/70794","targetHints":{"allow":["GET"]}}],"collection":[{"href":"https:\/\/urbeamea.ro\/albaiulia\/wp-json\/wp\/v2\/posts"}],"about":[{"href":"https:\/\/urbeamea.ro\/albaiulia\/wp-json\/wp\/v2\/types\/post"}],"author":[{"embeddable":true,"href":"https:\/\/urbeamea.ro\/albaiulia\/wp-json\/wp\/v2\/users\/17"}],"replies":[{"embeddable":true,"href":"https:\/\/urbeamea.ro\/albaiulia\/wp-json\/wp\/v2\/comments?post=70794"}],"version-history":[{"count":0,"href":"https:\/\/urbeamea.ro\/albaiulia\/wp-json\/wp\/v2\/posts\/70794\/revisions"}],"wp:featuredmedia":[{"embeddable":true,"href":"https:\/\/urbeamea.ro\/albaiulia\/wp-json\/wp\/v2\/media\/70795"}],"wp:attachment":[{"href":"https:\/\/urbeamea.ro\/albaiulia\/wp-json\/wp\/v2\/media?parent=70794"}],"wp:term":[{"taxonomy":"category","embeddable":true,"href":"https:\/\/urbeamea.ro\/albaiulia\/wp-json\/wp\/v2\/categories?post=70794"},{"taxonomy":"post_tag","embeddable":true,"href":"https:\/\/urbeamea.ro\/albaiulia\/wp-json\/wp\/v2\/tags?post=70794"}],"curies":[{"name":"wp","href":"https:\/\/api.w.org\/{rel}","templated":true}]}}