{"id":71267,"date":"2018-12-21T15:45:01","date_gmt":"2018-12-21T13:45:01","guid":{"rendered":"https:\/\/urbeamea.ro\/albaiulia\/?p=71267"},"modified":"2018-12-21T15:45:01","modified_gmt":"2018-12-21T13:45:01","slug":"foto-campania-ipj-alba-de-craciun-daruieste-din-suflet-daruri-pentru-copiii-din-doua-case-de-tip-familial","status":"publish","type":"post","link":"https:\/\/urbeamea.ro\/albaiulia\/foto-campania-ipj-alba-de-craciun-daruieste-din-suflet-daruri-pentru-copiii-din-doua-case-de-tip-familial\/","title":{"rendered":"FOTO: Campania IPJ Alba, \u201eDe Cr\u0103ciun, d\u0103ruie\u015fte din suflet!\u201d. Daruri pentru copiii din dou\u0103 case de tip familial"},"content":{"rendered":"<p><strong>Poli\u0163i\u015ftii din Alba au f\u0103cut daruri copiilor din dou\u0103 case de tip familial precum \u015fi celor afla\u0163i \u00eentr-un centru de primire \u00een regim de urgen\u0163\u0103 \u015fi \u00eentr-o locuin\u0163\u0103 protejat\u0103. Campania \u201eDe Cr\u0103ciun, d\u0103ruie\u015fte din suflet!\u201d a ajuns la cea de-a IV-a edi\u0163ie. <\/strong><\/p>\n<p>\u00cen apropierea s\u0103rb\u0103torilor de iarn\u0103, poli\u0163i\u015ftii Inspectoratului de Poli\u0163ie Jude\u0163ean Alba \u015fi cei ai Poli\u0163iei Municipiului Alba Iulia, \u00eenso\u0163i\u0163i de Mo\u015f Cr\u0103ciun \u015fi spiridu\u015fi, au dus cadouri copiilor institu\u0163ionaliza\u0163i \u00een Casa de tip familial de pe l\u00e2ng\u0103 Parohia Ortodox\u0103 \u201eSf\u00e2ntul Apostol Andrei\u201d Vingard \u015fi la Casa de tip familial nr. 9 B\u0103r\u0103ban\u0163i, din Alba Iuia dar \u015fi celor afla\u0163i \u00een Centrul de Primire \u00een Regim de Urgen\u0163\u0103 \u201ePinocchio\u201d \u015fi \u00een locuin\u0163a Protejat\u0103 nr. 16 B\u0103r\u0103ban\u0163i.<\/p>\n<p>Cadourile au adus bucurie \u00een sufletul copiilor, iar ace\u015ftia i-au r\u0103spl\u0103tit pe poli\u0163i\u015fti cu colinde minunate.<\/p>\n<p>Campania umanitar\u0103 a poli\u0163i\u015ftilor din jude\u0163ul Alba, intitulat\u0103 <strong><em>\u201eDe Cr\u0103ciun, d\u0103ruie\u015fte din suflet!\u201d <\/em><\/strong>a ajuns la cea de-a IV-a edi\u0163ie. \u015ei \u00een acest an, poli\u0163i\u015ftii din \u00eentreg jude\u0163ul au contribuit cu sume de bani din care au fost cump\u0103rate darurile oferite copiilor ocroti\u0163i \u00een cele 4 institu\u0163ii.<\/p>\n<div id='gallery-1' class='gallery galleryid-71267 gallery-columns-3 gallery-size-thumbnail'><figure class='gallery-item'>\n\t\t\t<div class='gallery-icon landscape'>\n\t\t\t\t<a href='https:\/\/urbeamea.ro\/albaiulia\/wp-content\/uploads\/2018\/12\/DSC0792.jpg'><img decoding=\"async\" width=\"150\" height=\"100\" src=\"data:image\/png;base64,iVBORw0KGgoAAAANSUhEUgAAAYYAAADcAQMAAABOLJSDAAAAA1BMVEUAAACnej3aAAAAAXRSTlMAQObYZgAAACJJREFUaIHtwTEBAAAAwqD1T20ND6AAAAAAAAAAAAAA4N8AKvgAAUFIrrEAAAAASUVORK5CYII=\" class=\"attachment-thumbnail size-thumbnail lazy-img\" alt=\"\" srcset=\"https:\/\/urbeamea.ro\/albaiulia\/wp-content\/uploads\/2018\/12\/DSC0792-150x100.jpg 150w, https:\/\/urbeamea.ro\/albaiulia\/wp-content\/uploads\/2018\/12\/DSC0792-640x427.jpg 640w, https:\/\/urbeamea.ro\/albaiulia\/wp-content\/uploads\/2018\/12\/DSC0792-768x512.jpg 768w, https:\/\/urbeamea.ro\/albaiulia\/wp-content\/uploads\/2018\/12\/DSC0792-1280x853.jpg 1280w\" sizes=\"auto, (max-width: 150px) 100vw, 150px\" data-src=\"https:\/\/urbeamea.ro\/albaiulia\/wp-content\/uploads\/2018\/12\/DSC0792-150x100.jpg\" loading=\"lazy\" \/><\/a>\n\t\t\t<\/div><\/figure><figure class='gallery-item'>\n\t\t\t<div class='gallery-icon landscape'>\n\t\t\t\t<a href='https:\/\/urbeamea.ro\/albaiulia\/wp-content\/uploads\/2018\/12\/DSC0812.jpg'><img decoding=\"async\" width=\"150\" height=\"100\" src=\"data:image\/png;base64,iVBORw0KGgoAAAANSUhEUgAAAYYAAADcAQMAAABOLJSDAAAAA1BMVEUAAACnej3aAAAAAXRSTlMAQObYZgAAACJJREFUaIHtwTEBAAAAwqD1T20ND6AAAAAAAAAAAAAA4N8AKvgAAUFIrrEAAAAASUVORK5CYII=\" class=\"attachment-thumbnail size-thumbnail lazy-img\" alt=\"\" srcset=\"https:\/\/urbeamea.ro\/albaiulia\/wp-content\/uploads\/2018\/12\/DSC0812-150x100.jpg 150w, https:\/\/urbeamea.ro\/albaiulia\/wp-content\/uploads\/2018\/12\/DSC0812-640x427.jpg 640w, https:\/\/urbeamea.ro\/albaiulia\/wp-content\/uploads\/2018\/12\/DSC0812-768x512.jpg 768w, https:\/\/urbeamea.ro\/albaiulia\/wp-content\/uploads\/2018\/12\/DSC0812-1280x853.jpg 1280w, https:\/\/urbeamea.ro\/albaiulia\/wp-content\/uploads\/2018\/12\/DSC0812-1200x800.jpg 1200w\" sizes=\"auto, (max-width: 150px) 100vw, 150px\" data-src=\"https:\/\/urbeamea.ro\/albaiulia\/wp-content\/uploads\/2018\/12\/DSC0812-150x100.jpg\" loading=\"lazy\" \/><\/a>\n\t\t\t<\/div><\/figure><figure class='gallery-item'>\n\t\t\t<div class='gallery-icon landscape'>\n\t\t\t\t<a href='https:\/\/urbeamea.ro\/albaiulia\/wp-content\/uploads\/2018\/12\/DSC0820.jpg'><img decoding=\"async\" width=\"150\" height=\"100\" src=\"data:image\/png;base64,iVBORw0KGgoAAAANSUhEUgAAAYYAAADcAQMAAABOLJSDAAAAA1BMVEUAAACnej3aAAAAAXRSTlMAQObYZgAAACJJREFUaIHtwTEBAAAAwqD1T20ND6AAAAAAAAAAAAAA4N8AKvgAAUFIrrEAAAAASUVORK5CYII=\" class=\"attachment-thumbnail size-thumbnail lazy-img\" alt=\"\" srcset=\"https:\/\/urbeamea.ro\/albaiulia\/wp-content\/uploads\/2018\/12\/DSC0820-150x100.jpg 150w, https:\/\/urbeamea.ro\/albaiulia\/wp-content\/uploads\/2018\/12\/DSC0820-640x427.jpg 640w, https:\/\/urbeamea.ro\/albaiulia\/wp-content\/uploads\/2018\/12\/DSC0820-768x512.jpg 768w, https:\/\/urbeamea.ro\/albaiulia\/wp-content\/uploads\/2018\/12\/DSC0820-1280x853.jpg 1280w\" sizes=\"auto, (max-width: 150px) 100vw, 150px\" data-src=\"https:\/\/urbeamea.ro\/albaiulia\/wp-content\/uploads\/2018\/12\/DSC0820-150x100.jpg\" loading=\"lazy\" \/><\/a>\n\t\t\t<\/div><\/figure><figure class='gallery-item'>\n\t\t\t<div class='gallery-icon landscape'>\n\t\t\t\t<a href='https:\/\/urbeamea.ro\/albaiulia\/wp-content\/uploads\/2018\/12\/DSC0857.jpg'><img decoding=\"async\" width=\"150\" height=\"100\" src=\"data:image\/png;base64,iVBORw0KGgoAAAANSUhEUgAAAYYAAADcAQMAAABOLJSDAAAAA1BMVEUAAACnej3aAAAAAXRSTlMAQObYZgAAACJJREFUaIHtwTEBAAAAwqD1T20ND6AAAAAAAAAAAAAA4N8AKvgAAUFIrrEAAAAASUVORK5CYII=\" class=\"attachment-thumbnail size-thumbnail lazy-img\" alt=\"\" srcset=\"https:\/\/urbeamea.ro\/albaiulia\/wp-content\/uploads\/2018\/12\/DSC0857-150x100.jpg 150w, https:\/\/urbeamea.ro\/albaiulia\/wp-content\/uploads\/2018\/12\/DSC0857-640x427.jpg 640w, https:\/\/urbeamea.ro\/albaiulia\/wp-content\/uploads\/2018\/12\/DSC0857-768x512.jpg 768w, https:\/\/urbeamea.ro\/albaiulia\/wp-content\/uploads\/2018\/12\/DSC0857-1280x853.jpg 1280w\" sizes=\"auto, (max-width: 150px) 100vw, 150px\" data-src=\"https:\/\/urbeamea.ro\/albaiulia\/wp-content\/uploads\/2018\/12\/DSC0857-150x100.jpg\" loading=\"lazy\" \/><\/a>\n\t\t\t<\/div><\/figure><figure class='gallery-item'>\n\t\t\t<div class='gallery-icon landscape'>\n\t\t\t\t<a href='https:\/\/urbeamea.ro\/albaiulia\/wp-content\/uploads\/2018\/12\/DSC0870.jpg'><img decoding=\"async\" width=\"150\" height=\"100\" src=\"data:image\/png;base64,iVBORw0KGgoAAAANSUhEUgAAAYYAAADcAQMAAABOLJSDAAAAA1BMVEUAAACnej3aAAAAAXRSTlMAQObYZgAAACJJREFUaIHtwTEBAAAAwqD1T20ND6AAAAAAAAAAAAAA4N8AKvgAAUFIrrEAAAAASUVORK5CYII=\" class=\"attachment-thumbnail size-thumbnail lazy-img\" alt=\"\" srcset=\"https:\/\/urbeamea.ro\/albaiulia\/wp-content\/uploads\/2018\/12\/DSC0870-150x100.jpg 150w, https:\/\/urbeamea.ro\/albaiulia\/wp-content\/uploads\/2018\/12\/DSC0870-640x427.jpg 640w, https:\/\/urbeamea.ro\/albaiulia\/wp-content\/uploads\/2018\/12\/DSC0870-768x512.jpg 768w, https:\/\/urbeamea.ro\/albaiulia\/wp-content\/uploads\/2018\/12\/DSC0870-1280x853.jpg 1280w\" sizes=\"auto, (max-width: 150px) 100vw, 150px\" data-src=\"https:\/\/urbeamea.ro\/albaiulia\/wp-content\/uploads\/2018\/12\/DSC0870-150x100.jpg\" loading=\"lazy\" \/><\/a>\n\t\t\t<\/div><\/figure><figure class='gallery-item'>\n\t\t\t<div class='gallery-icon landscape'>\n\t\t\t\t<a href='https:\/\/urbeamea.ro\/albaiulia\/wp-content\/uploads\/2018\/12\/DSC0875.jpg'><img decoding=\"async\" width=\"150\" height=\"100\" src=\"data:image\/png;base64,iVBORw0KGgoAAAANSUhEUgAAAYYAAADcAQMAAABOLJSDAAAAA1BMVEUAAACnej3aAAAAAXRSTlMAQObYZgAAACJJREFUaIHtwTEBAAAAwqD1T20ND6AAAAAAAAAAAAAA4N8AKvgAAUFIrrEAAAAASUVORK5CYII=\" class=\"attachment-thumbnail size-thumbnail lazy-img\" alt=\"\" srcset=\"https:\/\/urbeamea.ro\/albaiulia\/wp-content\/uploads\/2018\/12\/DSC0875-150x100.jpg 150w, https:\/\/urbeamea.ro\/albaiulia\/wp-content\/uploads\/2018\/12\/DSC0875-640x427.jpg 640w, https:\/\/urbeamea.ro\/albaiulia\/wp-content\/uploads\/2018\/12\/DSC0875-768x512.jpg 768w, https:\/\/urbeamea.ro\/albaiulia\/wp-content\/uploads\/2018\/12\/DSC0875-1280x853.jpg 1280w\" sizes=\"auto, (max-width: 150px) 100vw, 150px\" data-src=\"https:\/\/urbeamea.ro\/albaiulia\/wp-content\/uploads\/2018\/12\/DSC0875-150x100.jpg\" loading=\"lazy\" \/><\/a>\n\t\t\t<\/div><\/figure><figure class='gallery-item'>\n\t\t\t<div class='gallery-icon landscape'>\n\t\t\t\t<a href='https:\/\/urbeamea.ro\/albaiulia\/wp-content\/uploads\/2018\/12\/DSC0895.jpg'><img decoding=\"async\" width=\"150\" height=\"100\" src=\"data:image\/png;base64,iVBORw0KGgoAAAANSUhEUgAAAYYAAADcAQMAAABOLJSDAAAAA1BMVEUAAACnej3aAAAAAXRSTlMAQObYZgAAACJJREFUaIHtwTEBAAAAwqD1T20ND6AAAAAAAAAAAAAA4N8AKvgAAUFIrrEAAAAASUVORK5CYII=\" class=\"attachment-thumbnail size-thumbnail lazy-img\" alt=\"\" srcset=\"https:\/\/urbeamea.ro\/albaiulia\/wp-content\/uploads\/2018\/12\/DSC0895-150x100.jpg 150w, https:\/\/urbeamea.ro\/albaiulia\/wp-content\/uploads\/2018\/12\/DSC0895-640x427.jpg 640w, https:\/\/urbeamea.ro\/albaiulia\/wp-content\/uploads\/2018\/12\/DSC0895-768x512.jpg 768w, https:\/\/urbeamea.ro\/albaiulia\/wp-content\/uploads\/2018\/12\/DSC0895-1280x853.jpg 1280w\" sizes=\"auto, (max-width: 150px) 100vw, 150px\" data-src=\"https:\/\/urbeamea.ro\/albaiulia\/wp-content\/uploads\/2018\/12\/DSC0895-150x100.jpg\" loading=\"lazy\" \/><\/a>\n\t\t\t<\/div><\/figure><figure class='gallery-item'>\n\t\t\t<div class='gallery-icon landscape'>\n\t\t\t\t<a href='https:\/\/urbeamea.ro\/albaiulia\/wp-content\/uploads\/2018\/12\/1.jpeg'><img decoding=\"async\" width=\"150\" height=\"113\" src=\"data:image\/png;base64,iVBORw0KGgoAAAANSUhEUgAAAYYAAADcAQMAAABOLJSDAAAAA1BMVEUAAACnej3aAAAAAXRSTlMAQObYZgAAACJJREFUaIHtwTEBAAAAwqD1T20ND6AAAAAAAAAAAAAA4N8AKvgAAUFIrrEAAAAASUVORK5CYII=\" class=\"attachment-thumbnail size-thumbnail lazy-img\" alt=\"\" srcset=\"https:\/\/urbeamea.ro\/albaiulia\/wp-content\/uploads\/2018\/12\/1-150x113.jpeg 150w, https:\/\/urbeamea.ro\/albaiulia\/wp-content\/uploads\/2018\/12\/1-640x480.jpeg 640w, https:\/\/urbeamea.ro\/albaiulia\/wp-content\/uploads\/2018\/12\/1-768x576.jpeg 768w, https:\/\/urbeamea.ro\/albaiulia\/wp-content\/uploads\/2018\/12\/1-1280x960.jpeg 1280w, https:\/\/urbeamea.ro\/albaiulia\/wp-content\/uploads\/2018\/12\/1.jpeg 1600w\" sizes=\"auto, (max-width: 150px) 100vw, 150px\" data-src=\"https:\/\/urbeamea.ro\/albaiulia\/wp-content\/uploads\/2018\/12\/1-150x113.jpeg\" loading=\"lazy\" \/><\/a>\n\t\t\t<\/div><\/figure><figure class='gallery-item'>\n\t\t\t<div class='gallery-icon landscape'>\n\t\t\t\t<a href='https:\/\/urbeamea.ro\/albaiulia\/wp-content\/uploads\/2018\/12\/2.jpeg'><img decoding=\"async\" width=\"150\" height=\"113\" src=\"data:image\/png;base64,iVBORw0KGgoAAAANSUhEUgAAAYYAAADcAQMAAABOLJSDAAAAA1BMVEUAAACnej3aAAAAAXRSTlMAQObYZgAAACJJREFUaIHtwTEBAAAAwqD1T20ND6AAAAAAAAAAAAAA4N8AKvgAAUFIrrEAAAAASUVORK5CYII=\" class=\"attachment-thumbnail size-thumbnail lazy-img\" alt=\"\" srcset=\"https:\/\/urbeamea.ro\/albaiulia\/wp-content\/uploads\/2018\/12\/2-150x113.jpeg 150w, https:\/\/urbeamea.ro\/albaiulia\/wp-content\/uploads\/2018\/12\/2-640x480.jpeg 640w, https:\/\/urbeamea.ro\/albaiulia\/wp-content\/uploads\/2018\/12\/2-768x576.jpeg 768w, https:\/\/urbeamea.ro\/albaiulia\/wp-content\/uploads\/2018\/12\/2-1280x960.jpeg 1280w, https:\/\/urbeamea.ro\/albaiulia\/wp-content\/uploads\/2018\/12\/2.jpeg 1600w\" sizes=\"auto, (max-width: 150px) 100vw, 150px\" data-src=\"https:\/\/urbeamea.ro\/albaiulia\/wp-content\/uploads\/2018\/12\/2-150x113.jpeg\" loading=\"lazy\" \/><\/a>\n\t\t\t<\/div><\/figure><figure class='gallery-item'>\n\t\t\t<div class='gallery-icon portrait'>\n\t\t\t\t<a href='https:\/\/urbeamea.ro\/albaiulia\/wp-content\/uploads\/2018\/12\/3.jpeg'><img decoding=\"async\" width=\"113\" height=\"150\" src=\"data:image\/png;base64,iVBORw0KGgoAAAANSUhEUgAAAYYAAADcAQMAAABOLJSDAAAAA1BMVEUAAACnej3aAAAAAXRSTlMAQObYZgAAACJJREFUaIHtwTEBAAAAwqD1T20ND6AAAAAAAAAAAAAA4N8AKvgAAUFIrrEAAAAASUVORK5CYII=\" class=\"attachment-thumbnail size-thumbnail lazy-img\" alt=\"\" srcset=\"https:\/\/urbeamea.ro\/albaiulia\/wp-content\/uploads\/2018\/12\/3-113x150.jpeg 113w, https:\/\/urbeamea.ro\/albaiulia\/wp-content\/uploads\/2018\/12\/3-480x640.jpeg 480w, https:\/\/urbeamea.ro\/albaiulia\/wp-content\/uploads\/2018\/12\/3-768x1024.jpeg 768w, https:\/\/urbeamea.ro\/albaiulia\/wp-content\/uploads\/2018\/12\/3-960x1280.jpeg 960w, https:\/\/urbeamea.ro\/albaiulia\/wp-content\/uploads\/2018\/12\/3.jpeg 1200w\" sizes=\"auto, (max-width: 113px) 100vw, 113px\" data-src=\"https:\/\/urbeamea.ro\/albaiulia\/wp-content\/uploads\/2018\/12\/3-113x150.jpeg\" loading=\"lazy\" \/><\/a>\n\t\t\t<\/div><\/figure><figure class='gallery-item'>\n\t\t\t<div class='gallery-icon landscape'>\n\t\t\t\t<a href='https:\/\/urbeamea.ro\/albaiulia\/wp-content\/uploads\/2018\/12\/4.jpeg'><img decoding=\"async\" width=\"150\" height=\"113\" src=\"data:image\/png;base64,iVBORw0KGgoAAAANSUhEUgAAAYYAAADcAQMAAABOLJSDAAAAA1BMVEUAAACnej3aAAAAAXRSTlMAQObYZgAAACJJREFUaIHtwTEBAAAAwqD1T20ND6AAAAAAAAAAAAAA4N8AKvgAAUFIrrEAAAAASUVORK5CYII=\" class=\"attachment-thumbnail size-thumbnail lazy-img\" alt=\"\" srcset=\"https:\/\/urbeamea.ro\/albaiulia\/wp-content\/uploads\/2018\/12\/4-150x113.jpeg 150w, https:\/\/urbeamea.ro\/albaiulia\/wp-content\/uploads\/2018\/12\/4-640x480.jpeg 640w, https:\/\/urbeamea.ro\/albaiulia\/wp-content\/uploads\/2018\/12\/4-768x576.jpeg 768w, https:\/\/urbeamea.ro\/albaiulia\/wp-content\/uploads\/2018\/12\/4-1280x960.jpeg 1280w, https:\/\/urbeamea.ro\/albaiulia\/wp-content\/uploads\/2018\/12\/4.jpeg 1600w\" sizes=\"auto, (max-width: 150px) 100vw, 150px\" data-src=\"https:\/\/urbeamea.ro\/albaiulia\/wp-content\/uploads\/2018\/12\/4-150x113.jpeg\" loading=\"lazy\" \/><\/a>\n\t\t\t<\/div><\/figure><figure class='gallery-item'>\n\t\t\t<div class='gallery-icon portrait'>\n\t\t\t\t<a href='https:\/\/urbeamea.ro\/albaiulia\/wp-content\/uploads\/2018\/12\/5.jpeg'><img decoding=\"async\" width=\"113\" height=\"150\" src=\"data:image\/png;base64,iVBORw0KGgoAAAANSUhEUgAAAYYAAADcAQMAAABOLJSDAAAAA1BMVEUAAACnej3aAAAAAXRSTlMAQObYZgAAACJJREFUaIHtwTEBAAAAwqD1T20ND6AAAAAAAAAAAAAA4N8AKvgAAUFIrrEAAAAASUVORK5CYII=\" class=\"attachment-thumbnail size-thumbnail lazy-img\" alt=\"\" srcset=\"https:\/\/urbeamea.ro\/albaiulia\/wp-content\/uploads\/2018\/12\/5-113x150.jpeg 113w, https:\/\/urbeamea.ro\/albaiulia\/wp-content\/uploads\/2018\/12\/5-480x640.jpeg 480w, https:\/\/urbeamea.ro\/albaiulia\/wp-content\/uploads\/2018\/12\/5-768x1024.jpeg 768w, https:\/\/urbeamea.ro\/albaiulia\/wp-content\/uploads\/2018\/12\/5-960x1280.jpeg 960w, https:\/\/urbeamea.ro\/albaiulia\/wp-content\/uploads\/2018\/12\/5.jpeg 1200w\" sizes=\"auto, (max-width: 113px) 100vw, 113px\" data-src=\"https:\/\/urbeamea.ro\/albaiulia\/wp-content\/uploads\/2018\/12\/5-113x150.jpeg\" loading=\"lazy\" \/><\/a>\n\t\t\t<\/div><\/figure><figure class='gallery-item'>\n\t\t\t<div class='gallery-icon portrait'>\n\t\t\t\t<a href='https:\/\/urbeamea.ro\/albaiulia\/wp-content\/uploads\/2018\/12\/6.jpeg'><img decoding=\"async\" width=\"113\" height=\"150\" src=\"data:image\/png;base64,iVBORw0KGgoAAAANSUhEUgAAAYYAAADcAQMAAABOLJSDAAAAA1BMVEUAAACnej3aAAAAAXRSTlMAQObYZgAAACJJREFUaIHtwTEBAAAAwqD1T20ND6AAAAAAAAAAAAAA4N8AKvgAAUFIrrEAAAAASUVORK5CYII=\" class=\"attachment-thumbnail size-thumbnail lazy-img\" alt=\"\" srcset=\"https:\/\/urbeamea.ro\/albaiulia\/wp-content\/uploads\/2018\/12\/6-113x150.jpeg 113w, https:\/\/urbeamea.ro\/albaiulia\/wp-content\/uploads\/2018\/12\/6-480x640.jpeg 480w, https:\/\/urbeamea.ro\/albaiulia\/wp-content\/uploads\/2018\/12\/6-768x1024.jpeg 768w, https:\/\/urbeamea.ro\/albaiulia\/wp-content\/uploads\/2018\/12\/6-960x1280.jpeg 960w, https:\/\/urbeamea.ro\/albaiulia\/wp-content\/uploads\/2018\/12\/6.jpeg 972w\" sizes=\"auto, (max-width: 113px) 100vw, 113px\" data-src=\"https:\/\/urbeamea.ro\/albaiulia\/wp-content\/uploads\/2018\/12\/6-113x150.jpeg\" loading=\"lazy\" \/><\/a>\n\t\t\t<\/div><\/figure><figure class='gallery-item'>\n\t\t\t<div class='gallery-icon landscape'>\n\t\t\t\t<a href='https:\/\/urbeamea.ro\/albaiulia\/wp-content\/uploads\/2018\/12\/7.jpeg'><img decoding=\"async\" width=\"150\" height=\"113\" src=\"data:image\/png;base64,iVBORw0KGgoAAAANSUhEUgAAAYYAAADcAQMAAABOLJSDAAAAA1BMVEUAAACnej3aAAAAAXRSTlMAQObYZgAAACJJREFUaIHtwTEBAAAAwqD1T20ND6AAAAAAAAAAAAAA4N8AKvgAAUFIrrEAAAAASUVORK5CYII=\" class=\"attachment-thumbnail size-thumbnail lazy-img\" alt=\"\" srcset=\"https:\/\/urbeamea.ro\/albaiulia\/wp-content\/uploads\/2018\/12\/7-150x113.jpeg 150w, https:\/\/urbeamea.ro\/albaiulia\/wp-content\/uploads\/2018\/12\/7-640x480.jpeg 640w, https:\/\/urbeamea.ro\/albaiulia\/wp-content\/uploads\/2018\/12\/7-768x576.jpeg 768w, https:\/\/urbeamea.ro\/albaiulia\/wp-content\/uploads\/2018\/12\/7-1280x960.jpeg 1280w, https:\/\/urbeamea.ro\/albaiulia\/wp-content\/uploads\/2018\/12\/7.jpeg 1600w\" sizes=\"auto, (max-width: 150px) 100vw, 150px\" data-src=\"https:\/\/urbeamea.ro\/albaiulia\/wp-content\/uploads\/2018\/12\/7-150x113.jpeg\" loading=\"lazy\" \/><\/a>\n\t\t\t<\/div><\/figure>\n\t\t<\/div>\n\n","protected":false},"excerpt":{"rendered":"<p>Poli\u0163i\u015ftii din Alba au f\u0103cut daruri copiilor din dou\u0103 case de tip familial precum \u015fi celor afla\u0163i \u00eentr-un centru de primire \u00een regim de urgen\u0163\u0103 \u015fi \u00eentr-o locuin\u0163\u0103 protejat\u0103. Campania \u201eDe Cr\u0103ciun, d\u0103ruie\u015fte din suflet!\u201d a ajuns la cea de-a IV-a edi\u0163ie. \u00cen apropierea s\u0103rb\u0103torilor de iarn\u0103, poli\u0163i\u015ftii Inspectoratului de Poli\u0163ie Jude\u0163ean Alba \u015fi cei &hellip;<\/p>\n","protected":false},"author":17,"featured_media":71269,"comment_status":"open","ping_status":"open","sticky":false,"template":"","format":"standard","meta":{"inline_featured_image":false,"footnotes":""},"categories":[2034],"tags":[1498,13543,742,1609,13542,457,1399,308,76],"class_list":["post-71267","post","type-post","status-publish","format-standard","has-post-thumbnail","hentry","category-social","tag-casa-de-tip-familial","tag-centru-de-primire-in-regim-de-urgenta","tag-copii","tag-daruri","tag-de-craciun-daruieste-din-suflet","tag-ipj-alba","tag-mos-craciun","tag-stiri","tag-urbea-mea"],"yoast_head":"<!-- This site is optimized with the Yoast SEO plugin v28.3 - https:\/\/yoast.com\/product\/yoast-seo-wordpress\/ -->\n<title>FOTO: Campania IPJ Alba, \u201eDe Cr\u0103ciun, d\u0103ruie\u015fte din suflet!\u201d. Daruri pentru copiii din dou\u0103 case de tip familial - Revista Urbea Mea - Revista de Alba<\/title>\n<meta name=\"description\" content=\"Poli\u0163i\u015ftii din Alba au f\u0103cut daruri copiilor din dou\u0103 case de tip familial precum \u015fi celor afla\u0163i \u00eentr-un centru de primire \u00een regim de urgen\u0163\u0103 \u015fi \u00eentr-o\" \/>\n<meta name=\"robots\" content=\"index, follow, max-snippet:-1, max-image-preview:large, max-video-preview:-1\" \/>\n<link rel=\"canonical\" href=\"https:\/\/urbeamea.ro\/albaiulia\/foto-campania-ipj-alba-de-craciun-daruieste-din-suflet-daruri-pentru-copiii-din-doua-case-de-tip-familial\/\" \/>\n<meta name=\"twitter:card\" content=\"summary_large_image\" \/>\n<meta name=\"twitter:title\" content=\"FOTO: Campania IPJ Alba, \u201eDe Cr\u0103ciun, d\u0103ruie\u015fte din suflet!\u201d. Daruri pentru copiii din dou\u0103 case de tip familial - Revista Urbea Mea - Revista de Alba\" \/>\n<meta name=\"twitter:description\" content=\"Poli\u0163i\u015ftii din Alba au f\u0103cut daruri copiilor din dou\u0103 case de tip familial precum \u015fi celor afla\u0163i \u00eentr-un centru de primire \u00een regim de urgen\u0163\u0103 \u015fi \u00eentr-o\" \/>\n<meta name=\"twitter:image\" content=\"https:\/\/urbeamea.ro\/albaiulia\/wp-content\/uploads\/2018\/12\/DSC0812.jpg\" \/>\n<meta name=\"twitter:creator\" content=\"@urbeameaweb\" \/>\n<meta name=\"twitter:site\" content=\"@urbeameaweb\" \/>\n<script type=\"application\/ld+json\" class=\"yoast-schema-graph\">{\"@context\":\"https:\\\/\\\/schema.org\",\"@graph\":[{\"@type\":\"Article\",\"@id\":\"https:\\\/\\\/urbeamea.ro\\\/albaiulia\\\/foto-campania-ipj-alba-de-craciun-daruieste-din-suflet-daruri-pentru-copiii-din-doua-case-de-tip-familial\\\/#article\",\"isPartOf\":{\"@id\":\"https:\\\/\\\/urbeamea.ro\\\/albaiulia\\\/foto-campania-ipj-alba-de-craciun-daruieste-din-suflet-daruri-pentru-copiii-din-doua-case-de-tip-familial\\\/\"},\"author\":{\"name\":\"Cristina Ganga\",\"@id\":\"https:\\\/\\\/urbeamea.ro\\\/albaiulia\\\/#\\\/schema\\\/person\\\/9700d21fae21c4f038b0b56f4506264a\"},\"headline\":\"FOTO: Campania IPJ Alba, \u201eDe Cr\u0103ciun, d\u0103ruie\u015fte din suflet!\u201d. Daruri pentru copiii din dou\u0103 case de tip familial\",\"datePublished\":\"2018-12-21T13:45:01+00:00\",\"mainEntityOfPage\":{\"@id\":\"https:\\\/\\\/urbeamea.ro\\\/albaiulia\\\/foto-campania-ipj-alba-de-craciun-daruieste-din-suflet-daruri-pentru-copiii-din-doua-case-de-tip-familial\\\/\"},\"wordCount\":251,\"commentCount\":0,\"image\":{\"@id\":\"https:\\\/\\\/urbeamea.ro\\\/albaiulia\\\/foto-campania-ipj-alba-de-craciun-daruieste-din-suflet-daruri-pentru-copiii-din-doua-case-de-tip-familial\\\/#primaryimage\"},\"thumbnailUrl\":\"https:\\\/\\\/urbeamea.ro\\\/albaiulia\\\/wp-content\\\/uploads\\\/2018\\\/12\\\/DSC0812.jpg\",\"keywords\":[\"casa de tip familial\",\"centru de primire in regim de urgenta\",\"copii\",\"daruri\",\"de craciun daruieste din suflet\",\"IPJ Alba\",\"mos craciun\",\"stiri\",\"Urbea Mea\"],\"articleSection\":[\"Social\"],\"inLanguage\":\"ro-RO\",\"potentialAction\":[{\"@type\":\"CommentAction\",\"name\":\"Comment\",\"target\":[\"https:\\\/\\\/urbeamea.ro\\\/albaiulia\\\/foto-campania-ipj-alba-de-craciun-daruieste-din-suflet-daruri-pentru-copiii-din-doua-case-de-tip-familial\\\/#respond\"]}]},{\"@type\":\"WebPage\",\"@id\":\"https:\\\/\\\/urbeamea.ro\\\/albaiulia\\\/foto-campania-ipj-alba-de-craciun-daruieste-din-suflet-daruri-pentru-copiii-din-doua-case-de-tip-familial\\\/\",\"url\":\"https:\\\/\\\/urbeamea.ro\\\/albaiulia\\\/foto-campania-ipj-alba-de-craciun-daruieste-din-suflet-daruri-pentru-copiii-din-doua-case-de-tip-familial\\\/\",\"name\":\"FOTO: Campania IPJ Alba, \u201eDe Cr\u0103ciun, d\u0103ruie\u015fte din suflet!\u201d. Daruri pentru copiii din dou\u0103 case de tip familial - Revista Urbea Mea - Revista de Alba\",\"isPartOf\":{\"@id\":\"https:\\\/\\\/urbeamea.ro\\\/albaiulia\\\/#website\"},\"primaryImageOfPage\":{\"@id\":\"https:\\\/\\\/urbeamea.ro\\\/albaiulia\\\/foto-campania-ipj-alba-de-craciun-daruieste-din-suflet-daruri-pentru-copiii-din-doua-case-de-tip-familial\\\/#primaryimage\"},\"image\":{\"@id\":\"https:\\\/\\\/urbeamea.ro\\\/albaiulia\\\/foto-campania-ipj-alba-de-craciun-daruieste-din-suflet-daruri-pentru-copiii-din-doua-case-de-tip-familial\\\/#primaryimage\"},\"thumbnailUrl\":\"https:\\\/\\\/urbeamea.ro\\\/albaiulia\\\/wp-content\\\/uploads\\\/2018\\\/12\\\/DSC0812.jpg\",\"datePublished\":\"2018-12-21T13:45:01+00:00\",\"author\":{\"@id\":\"https:\\\/\\\/urbeamea.ro\\\/albaiulia\\\/#\\\/schema\\\/person\\\/9700d21fae21c4f038b0b56f4506264a\"},\"description\":\"Poli\u0163i\u015ftii din Alba au f\u0103cut daruri copiilor din dou\u0103 case de tip familial precum \u015fi celor afla\u0163i \u00eentr-un centru de primire \u00een regim de urgen\u0163\u0103 \u015fi \u00eentr-o\",\"breadcrumb\":{\"@id\":\"https:\\\/\\\/urbeamea.ro\\\/albaiulia\\\/foto-campania-ipj-alba-de-craciun-daruieste-din-suflet-daruri-pentru-copiii-din-doua-case-de-tip-familial\\\/#breadcrumb\"},\"inLanguage\":\"ro-RO\",\"potentialAction\":[{\"@type\":\"ReadAction\",\"target\":[\"https:\\\/\\\/urbeamea.ro\\\/albaiulia\\\/foto-campania-ipj-alba-de-craciun-daruieste-din-suflet-daruri-pentru-copiii-din-doua-case-de-tip-familial\\\/\"]}]},{\"@type\":\"ImageObject\",\"inLanguage\":\"ro-RO\",\"@id\":\"https:\\\/\\\/urbeamea.ro\\\/albaiulia\\\/foto-campania-ipj-alba-de-craciun-daruieste-din-suflet-daruri-pentru-copiii-din-doua-case-de-tip-familial\\\/#primaryimage\",\"url\":\"https:\\\/\\\/urbeamea.ro\\\/albaiulia\\\/wp-content\\\/uploads\\\/2018\\\/12\\\/DSC0812.jpg\",\"contentUrl\":\"https:\\\/\\\/urbeamea.ro\\\/albaiulia\\\/wp-content\\\/uploads\\\/2018\\\/12\\\/DSC0812.jpg\",\"width\":2304,\"height\":1536},{\"@type\":\"BreadcrumbList\",\"@id\":\"https:\\\/\\\/urbeamea.ro\\\/albaiulia\\\/foto-campania-ipj-alba-de-craciun-daruieste-din-suflet-daruri-pentru-copiii-din-doua-case-de-tip-familial\\\/#breadcrumb\",\"itemListElement\":[{\"@type\":\"ListItem\",\"position\":1,\"name\":\"Prima pagin\u0103\",\"item\":\"https:\\\/\\\/urbeamea.ro\\\/albaiulia\\\/\"},{\"@type\":\"ListItem\",\"position\":2,\"name\":\"FOTO: Campania IPJ Alba, \u201eDe Cr\u0103ciun, d\u0103ruie\u015fte din suflet!\u201d. Daruri pentru copiii din dou\u0103 case de tip familial\"}]},{\"@type\":\"WebSite\",\"@id\":\"https:\\\/\\\/urbeamea.ro\\\/albaiulia\\\/#website\",\"url\":\"https:\\\/\\\/urbeamea.ro\\\/albaiulia\\\/\",\"name\":\"Revista Urbea Mea, Stiri urbane\",\"description\":\"Evenimente \u0219i \u0219tiri din Alba Iulia, Sebe\u0219, Aiud, Blaj\",\"potentialAction\":[{\"@type\":\"SearchAction\",\"target\":{\"@type\":\"EntryPoint\",\"urlTemplate\":\"https:\\\/\\\/urbeamea.ro\\\/albaiulia\\\/?s={search_term_string}\"},\"query-input\":{\"@type\":\"PropertyValueSpecification\",\"valueRequired\":true,\"valueName\":\"search_term_string\"}}],\"inLanguage\":\"ro-RO\"},{\"@type\":\"Person\",\"@id\":\"https:\\\/\\\/urbeamea.ro\\\/albaiulia\\\/#\\\/schema\\\/person\\\/9700d21fae21c4f038b0b56f4506264a\",\"name\":\"Cristina Ganga\",\"image\":{\"@type\":\"ImageObject\",\"inLanguage\":\"ro-RO\",\"@id\":\"https:\\\/\\\/secure.gravatar.com\\\/avatar\\\/5a67661041f057b4a8ccaf26f5a8e86e2689372006d01faf3dd9eeb10b654bb4?s=96&d=mm&r=g\",\"url\":\"https:\\\/\\\/secure.gravatar.com\\\/avatar\\\/5a67661041f057b4a8ccaf26f5a8e86e2689372006d01faf3dd9eeb10b654bb4?s=96&d=mm&r=g\",\"contentUrl\":\"https:\\\/\\\/secure.gravatar.com\\\/avatar\\\/5a67661041f057b4a8ccaf26f5a8e86e2689372006d01faf3dd9eeb10b654bb4?s=96&d=mm&r=g\",\"caption\":\"Cristina Ganga\"},\"description\":\"Jurnalist\",\"sameAs\":[\"https:\\\/\\\/www.facebook.com\\\/cristina.nicola.587\"],\"url\":\"https:\\\/\\\/urbeamea.ro\\\/albaiulia\\\/author\\\/cristina-nicola\\\/\"}]}<\/script>\n<!-- \/ Yoast SEO plugin. -->","yoast_head_json":{"title":"FOTO: Campania IPJ Alba, \u201eDe Cr\u0103ciun, d\u0103ruie\u015fte din suflet!\u201d. Daruri pentru copiii din dou\u0103 case de tip familial - Revista Urbea Mea - Revista de Alba","description":"Poli\u0163i\u015ftii din Alba au f\u0103cut daruri copiilor din dou\u0103 case de tip familial precum \u015fi celor afla\u0163i \u00eentr-un centru de primire \u00een regim de urgen\u0163\u0103 \u015fi \u00eentr-o","robots":{"index":"index","follow":"follow","max-snippet":"max-snippet:-1","max-image-preview":"max-image-preview:large","max-video-preview":"max-video-preview:-1"},"canonical":"https:\/\/urbeamea.ro\/albaiulia\/foto-campania-ipj-alba-de-craciun-daruieste-din-suflet-daruri-pentru-copiii-din-doua-case-de-tip-familial\/","twitter_card":"summary_large_image","twitter_title":"FOTO: Campania IPJ Alba, \u201eDe Cr\u0103ciun, d\u0103ruie\u015fte din suflet!\u201d. Daruri pentru copiii din dou\u0103 case de tip familial - Revista Urbea Mea - Revista de Alba","twitter_description":"Poli\u0163i\u015ftii din Alba au f\u0103cut daruri copiilor din dou\u0103 case de tip familial precum \u015fi celor afla\u0163i \u00eentr-un centru de primire \u00een regim de urgen\u0163\u0103 \u015fi \u00eentr-o","twitter_image":"https:\/\/urbeamea.ro\/albaiulia\/wp-content\/uploads\/2018\/12\/DSC0812.jpg","twitter_creator":"@urbeameaweb","twitter_site":"@urbeameaweb","schema":{"@context":"https:\/\/schema.org","@graph":[{"@type":"Article","@id":"https:\/\/urbeamea.ro\/albaiulia\/foto-campania-ipj-alba-de-craciun-daruieste-din-suflet-daruri-pentru-copiii-din-doua-case-de-tip-familial\/#article","isPartOf":{"@id":"https:\/\/urbeamea.ro\/albaiulia\/foto-campania-ipj-alba-de-craciun-daruieste-din-suflet-daruri-pentru-copiii-din-doua-case-de-tip-familial\/"},"author":{"name":"Cristina Ganga","@id":"https:\/\/urbeamea.ro\/albaiulia\/#\/schema\/person\/9700d21fae21c4f038b0b56f4506264a"},"headline":"FOTO: Campania IPJ Alba, \u201eDe Cr\u0103ciun, d\u0103ruie\u015fte din suflet!\u201d. Daruri pentru copiii din dou\u0103 case de tip familial","datePublished":"2018-12-21T13:45:01+00:00","mainEntityOfPage":{"@id":"https:\/\/urbeamea.ro\/albaiulia\/foto-campania-ipj-alba-de-craciun-daruieste-din-suflet-daruri-pentru-copiii-din-doua-case-de-tip-familial\/"},"wordCount":251,"commentCount":0,"image":{"@id":"https:\/\/urbeamea.ro\/albaiulia\/foto-campania-ipj-alba-de-craciun-daruieste-din-suflet-daruri-pentru-copiii-din-doua-case-de-tip-familial\/#primaryimage"},"thumbnailUrl":"https:\/\/urbeamea.ro\/albaiulia\/wp-content\/uploads\/2018\/12\/DSC0812.jpg","keywords":["casa de tip familial","centru de primire in regim de urgenta","copii","daruri","de craciun daruieste din suflet","IPJ Alba","mos craciun","stiri","Urbea Mea"],"articleSection":["Social"],"inLanguage":"ro-RO","potentialAction":[{"@type":"CommentAction","name":"Comment","target":["https:\/\/urbeamea.ro\/albaiulia\/foto-campania-ipj-alba-de-craciun-daruieste-din-suflet-daruri-pentru-copiii-din-doua-case-de-tip-familial\/#respond"]}]},{"@type":"WebPage","@id":"https:\/\/urbeamea.ro\/albaiulia\/foto-campania-ipj-alba-de-craciun-daruieste-din-suflet-daruri-pentru-copiii-din-doua-case-de-tip-familial\/","url":"https:\/\/urbeamea.ro\/albaiulia\/foto-campania-ipj-alba-de-craciun-daruieste-din-suflet-daruri-pentru-copiii-din-doua-case-de-tip-familial\/","name":"FOTO: Campania IPJ Alba, \u201eDe Cr\u0103ciun, d\u0103ruie\u015fte din suflet!\u201d. Daruri pentru copiii din dou\u0103 case de tip familial - Revista Urbea Mea - Revista de Alba","isPartOf":{"@id":"https:\/\/urbeamea.ro\/albaiulia\/#website"},"primaryImageOfPage":{"@id":"https:\/\/urbeamea.ro\/albaiulia\/foto-campania-ipj-alba-de-craciun-daruieste-din-suflet-daruri-pentru-copiii-din-doua-case-de-tip-familial\/#primaryimage"},"image":{"@id":"https:\/\/urbeamea.ro\/albaiulia\/foto-campania-ipj-alba-de-craciun-daruieste-din-suflet-daruri-pentru-copiii-din-doua-case-de-tip-familial\/#primaryimage"},"thumbnailUrl":"https:\/\/urbeamea.ro\/albaiulia\/wp-content\/uploads\/2018\/12\/DSC0812.jpg","datePublished":"2018-12-21T13:45:01+00:00","author":{"@id":"https:\/\/urbeamea.ro\/albaiulia\/#\/schema\/person\/9700d21fae21c4f038b0b56f4506264a"},"description":"Poli\u0163i\u015ftii din Alba au f\u0103cut daruri copiilor din dou\u0103 case de tip familial precum \u015fi celor afla\u0163i \u00eentr-un centru de primire \u00een regim de urgen\u0163\u0103 \u015fi \u00eentr-o","breadcrumb":{"@id":"https:\/\/urbeamea.ro\/albaiulia\/foto-campania-ipj-alba-de-craciun-daruieste-din-suflet-daruri-pentru-copiii-din-doua-case-de-tip-familial\/#breadcrumb"},"inLanguage":"ro-RO","potentialAction":[{"@type":"ReadAction","target":["https:\/\/urbeamea.ro\/albaiulia\/foto-campania-ipj-alba-de-craciun-daruieste-din-suflet-daruri-pentru-copiii-din-doua-case-de-tip-familial\/"]}]},{"@type":"ImageObject","inLanguage":"ro-RO","@id":"https:\/\/urbeamea.ro\/albaiulia\/foto-campania-ipj-alba-de-craciun-daruieste-din-suflet-daruri-pentru-copiii-din-doua-case-de-tip-familial\/#primaryimage","url":"https:\/\/urbeamea.ro\/albaiulia\/wp-content\/uploads\/2018\/12\/DSC0812.jpg","contentUrl":"https:\/\/urbeamea.ro\/albaiulia\/wp-content\/uploads\/2018\/12\/DSC0812.jpg","width":2304,"height":1536},{"@type":"BreadcrumbList","@id":"https:\/\/urbeamea.ro\/albaiulia\/foto-campania-ipj-alba-de-craciun-daruieste-din-suflet-daruri-pentru-copiii-din-doua-case-de-tip-familial\/#breadcrumb","itemListElement":[{"@type":"ListItem","position":1,"name":"Prima pagin\u0103","item":"https:\/\/urbeamea.ro\/albaiulia\/"},{"@type":"ListItem","position":2,"name":"FOTO: Campania IPJ Alba, \u201eDe Cr\u0103ciun, d\u0103ruie\u015fte din suflet!\u201d. Daruri pentru copiii din dou\u0103 case de tip familial"}]},{"@type":"WebSite","@id":"https:\/\/urbeamea.ro\/albaiulia\/#website","url":"https:\/\/urbeamea.ro\/albaiulia\/","name":"Revista Urbea Mea, Stiri urbane","description":"Evenimente \u0219i \u0219tiri din Alba Iulia, Sebe\u0219, Aiud, Blaj","potentialAction":[{"@type":"SearchAction","target":{"@type":"EntryPoint","urlTemplate":"https:\/\/urbeamea.ro\/albaiulia\/?s={search_term_string}"},"query-input":{"@type":"PropertyValueSpecification","valueRequired":true,"valueName":"search_term_string"}}],"inLanguage":"ro-RO"},{"@type":"Person","@id":"https:\/\/urbeamea.ro\/albaiulia\/#\/schema\/person\/9700d21fae21c4f038b0b56f4506264a","name":"Cristina Ganga","image":{"@type":"ImageObject","inLanguage":"ro-RO","@id":"https:\/\/secure.gravatar.com\/avatar\/5a67661041f057b4a8ccaf26f5a8e86e2689372006d01faf3dd9eeb10b654bb4?s=96&d=mm&r=g","url":"https:\/\/secure.gravatar.com\/avatar\/5a67661041f057b4a8ccaf26f5a8e86e2689372006d01faf3dd9eeb10b654bb4?s=96&d=mm&r=g","contentUrl":"https:\/\/secure.gravatar.com\/avatar\/5a67661041f057b4a8ccaf26f5a8e86e2689372006d01faf3dd9eeb10b654bb4?s=96&d=mm&r=g","caption":"Cristina Ganga"},"description":"Jurnalist","sameAs":["https:\/\/www.facebook.com\/cristina.nicola.587"],"url":"https:\/\/urbeamea.ro\/albaiulia\/author\/cristina-nicola\/"}]}},"_links":{"self":[{"href":"https:\/\/urbeamea.ro\/albaiulia\/wp-json\/wp\/v2\/posts\/71267","targetHints":{"allow":["GET"]}}],"collection":[{"href":"https:\/\/urbeamea.ro\/albaiulia\/wp-json\/wp\/v2\/posts"}],"about":[{"href":"https:\/\/urbeamea.ro\/albaiulia\/wp-json\/wp\/v2\/types\/post"}],"author":[{"embeddable":true,"href":"https:\/\/urbeamea.ro\/albaiulia\/wp-json\/wp\/v2\/users\/17"}],"replies":[{"embeddable":true,"href":"https:\/\/urbeamea.ro\/albaiulia\/wp-json\/wp\/v2\/comments?post=71267"}],"version-history":[{"count":0,"href":"https:\/\/urbeamea.ro\/albaiulia\/wp-json\/wp\/v2\/posts\/71267\/revisions"}],"wp:featuredmedia":[{"embeddable":true,"href":"https:\/\/urbeamea.ro\/albaiulia\/wp-json\/wp\/v2\/media\/71269"}],"wp:attachment":[{"href":"https:\/\/urbeamea.ro\/albaiulia\/wp-json\/wp\/v2\/media?parent=71267"}],"wp:term":[{"taxonomy":"category","embeddable":true,"href":"https:\/\/urbeamea.ro\/albaiulia\/wp-json\/wp\/v2\/categories?post=71267"},{"taxonomy":"post_tag","embeddable":true,"href":"https:\/\/urbeamea.ro\/albaiulia\/wp-json\/wp\/v2\/tags?post=71267"}],"curies":[{"name":"wp","href":"https:\/\/api.w.org\/{rel}","templated":true}]}}