{"id":71372,"date":"2018-12-28T12:45:47","date_gmt":"2018-12-28T10:45:47","guid":{"rendered":"https:\/\/urbeamea.ro\/albaiulia\/?p=71372"},"modified":"2018-12-28T12:45:47","modified_gmt":"2018-12-28T10:45:47","slug":"peste-780-de-politisti-se-vor-afla-la-datorie-pentru-ca-cetatenii-sa-se-poata-bucura-de-aceasta-minivacanta-de-anul-nou","status":"publish","type":"post","link":"https:\/\/urbeamea.ro\/albaiulia\/peste-780-de-politisti-se-vor-afla-la-datorie-pentru-ca-cetatenii-sa-se-poata-bucura-de-aceasta-minivacanta-de-anul-nou\/","title":{"rendered":"Peste 780 de poli\u0163i\u015fti se vor afla la datorie pentru ca cet\u0103\u0163enii s\u0103 se poat\u0103 bucura de aceast\u0103 minivacan\u0163a de Anul Nou"},"content":{"rendered":"<p><strong>Inspectoratul de Poli\u0163ie Jude\u0163ean Alba a luat m\u0103suri suplimentare, pentru asigurarea unui climat de ordine, lini\u015fte \u015fi siguran\u0163\u0103 public\u0103 pe perioada minivacan\u021bei prilejuit\u0103 de trecerea \u00een Noul An.<\/strong><\/p>\n<p>Peste 780 de poli\u0163i\u015fti se vor afla la datorie pentru ca cet\u0103\u0163enii s\u0103 se poat\u0103 bucura de aceast\u0103 minivacan\u0163\u0103.<\/p>\n<p>\u00cen perioada\u00a0 29 decembrie 2018 \u2013 02 ianuarie 2019, peste 780 de poli\u0163i\u015fti din cadrul Inspectoratului de Poli\u0163ie Jude\u0163ean Alba vor ac\u0163iona \u00een vederea prevenirii evenimentelor negative \u015fi vor intensifica ac\u0163iunile de asigurare a climatului de siguran\u0163\u0103 public\u0103.<\/p>\n<p>Totodat\u0103 echipaje de poli\u0163ie rutier\u0103 vor fi prezente \u00een locurile aglomerate, \u00een zonele turistice dar \u015fi pe principalele artere rutiere ale jude\u0163ului, pentru prevenirea accidentelor de circula\u0163ie \u015fi fluidizarea traficului.<\/p>\n<p>Din totalul poli\u0163i\u015ftilor ce vor ac\u0163iona, 500 sunt poli\u0163i\u015fti de ordine public\u0103, 160 sunt poli\u0163i\u015fti de la rutier\u0103, iar peste 120 sunt de la celelalte structuri operative, respectiv: investiga\u0163ii criminale, lupt\u0103tori de interven\u0163ie rapid\u0103 \u015fi poli\u0163i\u015fti de la arme, explozivi \u015fi substan\u0163e periculoase.<\/p>\n<p>Ace\u015ftia vor folosi, 370 de autospeciale.<\/p>\n<p>\u00cen noaptea de Anul Nou, pentru prevenirea unor incidente \u015fi asigurarea ordinii publice, poli\u0163i\u015ftii vor fi prezen\u0163i \u015fi la manifest\u0103rile organizate de autorit\u0103\u0163ile locale unde vor fi organizate, de c\u0103tre autorit\u0103\u0163ile locale, petreceri.<\/p>\n<p>Totodat\u0103, \u00een perioada 29 decembrie 2018 \u2013 02 ianuarie 2019, poli\u0163i\u015ftii de la rutier\u0103, sprijini\u0163i de cei de la ordine public\u0103, vor intensifica ac\u0163iunile pe arterele rutiere ale jude\u0163ului, pentru depistarea celor care conduc cu vitez\u0103 peste limita legal\u0103 sau sub influen\u0163a b\u0103uturilor alcoolice. Ace\u015ftia vor folosi 11 aparate de monitorizare a traficului \u0219i \u00eenregistrare a vitezei de deplasare a vehiculelor.<\/p>\n<p>Inspectoratul de Poli\u0163ie Jude\u0163ean Alba, prin efectivele de care dispune, este preg\u0103tit s\u0103 r\u0103spund\u0103 oric\u0103rei sesiz\u0103ri sau reclama\u0163ii a cet\u0103\u0163enilor \u015fi a \u00eentreprins toate demersurile pentru asigurarea unui climat de siguran\u0163\u0103 optim \u015fi \u00een minivacan\u0163a de Anul Nou.<\/p>\n<p>Pentru a pre\u00eent\u00e2mpina evenimentele nepl\u0103cute, recomand\u0103m cet\u0103\u0163enilor s\u0103 urmeze c\u00e2teva dintre sfaturile noastre:<\/p>\n<p>Pentru a pre\u00eent\u00e2mpina evenimentele nepl\u0103cute, recomand\u0103m cet\u0103\u0163enilor s\u0103 urmeze c\u00e2teva dintre sfaturile noastre:<\/p>\n<ul>\n<li>Ave\u0163i grij\u0103 de bunurile dumneavoastr\u0103 atunci c\u00e2nd v\u0103 afla\u0163i \u00een locuri aglomerate, la pia\u0163\u0103, \u00een magazine, \u00een mijloacele de transport \u00een comun etc. !<\/li>\n<li>Nu afi\u015fa\u0163i ostentativ bunurile de valoare atunci c\u00e2nd v\u0103 afla\u0163i \u00een locuri publice !<\/li>\n<li>Nu v\u0103 l\u0103sa\u0163i copiii nesupraveghea\u0163i !<\/li>\n<li>Nu r\u0103spunde\u0163i cu violen\u0163\u0103 la provoc\u0103ri, \u00eencerca\u0163i s\u0103 evita\u0163i conflictele, iar dac\u0103 nu reu\u015fi\u0163i, suna\u0163i de urgen\u0163\u0103 la num\u0103rul 112!<\/li>\n<li>Nu consuma\u0163i \u00een exces b\u0103uturi alcoolice, comiterea faptelor antisociale poate fi \u00eenlesnit\u0103 de consumul de alcool!<\/li>\n<li>\u00cenainte de a pleca la drum, verifica\u0163i \u00eentotdeauna starea tehnic\u0103 a autovehiculului \u015fi interesa\u0163i-v\u0103 \u00een privin\u0163a st\u0103rii traseului pe care urmeaz\u0103 s\u0103 \u00eel parcurge\u0163i !<\/li>\n<li>Echipa\u0163i-v\u0103 ma\u015fina corespunz\u0103tor, nu pleca\u0163i la drum f\u0103r\u0103 anvelope de iarn\u0103, lan\u0163uri \u015fi material antiderapant !<\/li>\n<li>Verifica\u0163i farurile, nivelul uleiului, combustibilului, antigelulului, lichidului de parbriz \u015fi instala\u0163ia de \u00eenc\u0103lzire !<\/li>\n<li>Verifica\u0163i dac\u0103 dispozitivele de iluminare \u015fi semnalizare, \u015fterg\u0103toarele de parbriz \u015fi instala\u0163iile de climatizare func\u0163ioneaz\u0103 corespunz\u0103tor !<\/li>\n<li>Adapta\u0163i permanent viteza de rulare la condi\u0163iile de drum \u015fi de trafic !<\/li>\n<li>Evita\u0163i s\u0103 ac\u0163iona\u0163i brusc fr\u00e2na \u015fi mecanismele de direc\u0163ie, deoarece pute\u0163i derapa foarte u\u015for ! Folosi\u0163i cu prec\u0103dere fr\u00e2na de motor. Pe por\u0163iunile acoperite cu polei nu trebuie s\u0103 vira\u0163i \u015fi s\u0103 fr\u00e2na\u0163i \u00een acela\u015fi timp!<\/li>\n<li>Nu efectua\u0163i dep\u0103\u015firi riscante, pentru c\u0103 pute\u0163i derapa foarte u\u015for !<\/li>\n<li>Nu consuma\u0163i alcool \u015fi nu conduce\u0163i dac\u0103 sim\u0163i\u0163i c\u0103 sunte\u0163i obosi\u0163i !<\/li>\n<li>\u00cen caz de nevoie, nu ezita\u0163i s\u0103 apela\u0163i num\u0103rul de urgen\u0163\u0103 112.<\/li>\n<\/ul>\n","protected":false},"excerpt":{"rendered":"<p>Inspectoratul de Poli\u0163ie Jude\u0163ean Alba a luat m\u0103suri suplimentare, pentru asigurarea unui climat de ordine, lini\u015fte \u015fi siguran\u0163\u0103 public\u0103 pe perioada minivacan\u021bei prilejuit\u0103 de trecerea \u00een Noul An. Peste 780 de poli\u0163i\u015fti se vor afla la datorie pentru ca cet\u0103\u0163enii s\u0103 se poat\u0103 bucura de aceast\u0103 minivacan\u0163\u0103. \u00cen perioada\u00a0 29 decembrie 2018 \u2013 02 ianuarie &hellip;<\/p>\n","protected":false},"author":17,"featured_media":38129,"comment_status":"open","ping_status":"open","sticky":false,"template":"","format":"standard","meta":{"inline_featured_image":false,"footnotes":""},"categories":[2034],"tags":[920,16958,3703,457,16957,458,308,76],"class_list":["post-71372","post","type-post","status-publish","format-standard","has-post-thumbnail","hentry","category-social","tag-cetateni","tag-climat-de-ordine-liniste-si-siguranta","tag-datorie","tag-ipj-alba","tag-minivacanta-de-anul-nou","tag-politisti","tag-stiri","tag-urbea-mea"],"yoast_head":"<!-- This site is optimized with the Yoast SEO plugin v28.3 - https:\/\/yoast.com\/product\/yoast-seo-wordpress\/ -->\n<title>Peste 780 de poli\u0163i\u015fti se vor afla la datorie pentru ca cet\u0103\u0163enii s\u0103 se poat\u0103 bucura de aceast\u0103 minivacan\u0163a de Anul Nou - Revista Urbea Mea - Revista de Alba<\/title>\n<meta name=\"description\" content=\"Inspectoratul de Poli\u0163ie Jude\u0163ean Alba a luat m\u0103suri suplimentare, pentru asigurarea unui climat de ordine, lini\u015fte \u015fi siguran\u0163\u0103 public\u0103 pe perioada\" \/>\n<meta name=\"robots\" content=\"index, follow, max-snippet:-1, max-image-preview:large, max-video-preview:-1\" \/>\n<link rel=\"canonical\" href=\"https:\/\/urbeamea.ro\/albaiulia\/peste-780-de-politisti-se-vor-afla-la-datorie-pentru-ca-cetatenii-sa-se-poata-bucura-de-aceasta-minivacanta-de-anul-nou\/\" \/>\n<meta name=\"twitter:card\" content=\"summary_large_image\" \/>\n<meta name=\"twitter:title\" content=\"Peste 780 de poli\u0163i\u015fti se vor afla la datorie pentru ca cet\u0103\u0163enii s\u0103 se poat\u0103 bucura de aceast\u0103 minivacan\u0163a de Anul Nou - Revista Urbea Mea - Revista de Alba\" \/>\n<meta name=\"twitter:description\" content=\"Inspectoratul de Poli\u0163ie Jude\u0163ean Alba a luat m\u0103suri suplimentare, pentru asigurarea unui climat de ordine, lini\u015fte \u015fi siguran\u0163\u0103 public\u0103 pe perioada\" \/>\n<meta name=\"twitter:image\" content=\"https:\/\/urbeamea.ro\/albaiulia\/wp-content\/uploads\/2016\/12\/politie-iarna-Alba.jpg\" \/>\n<meta name=\"twitter:creator\" content=\"@urbeameaweb\" \/>\n<meta name=\"twitter:site\" content=\"@urbeameaweb\" \/>\n<script type=\"application\/ld+json\" class=\"yoast-schema-graph\">{\"@context\":\"https:\\\/\\\/schema.org\",\"@graph\":[{\"@type\":\"Article\",\"@id\":\"https:\\\/\\\/urbeamea.ro\\\/albaiulia\\\/peste-780-de-politisti-se-vor-afla-la-datorie-pentru-ca-cetatenii-sa-se-poata-bucura-de-aceasta-minivacanta-de-anul-nou\\\/#article\",\"isPartOf\":{\"@id\":\"https:\\\/\\\/urbeamea.ro\\\/albaiulia\\\/peste-780-de-politisti-se-vor-afla-la-datorie-pentru-ca-cetatenii-sa-se-poata-bucura-de-aceasta-minivacanta-de-anul-nou\\\/\"},\"author\":{\"name\":\"Cristina Ganga\",\"@id\":\"https:\\\/\\\/urbeamea.ro\\\/albaiulia\\\/#\\\/schema\\\/person\\\/9700d21fae21c4f038b0b56f4506264a\"},\"headline\":\"Peste 780 de poli\u0163i\u015fti se vor afla la datorie pentru ca cet\u0103\u0163enii s\u0103 se poat\u0103 bucura de aceast\u0103 minivacan\u0163a de Anul Nou\",\"datePublished\":\"2018-12-28T10:45:47+00:00\",\"mainEntityOfPage\":{\"@id\":\"https:\\\/\\\/urbeamea.ro\\\/albaiulia\\\/peste-780-de-politisti-se-vor-afla-la-datorie-pentru-ca-cetatenii-sa-se-poata-bucura-de-aceasta-minivacanta-de-anul-nou\\\/\"},\"wordCount\":690,\"commentCount\":0,\"image\":{\"@id\":\"https:\\\/\\\/urbeamea.ro\\\/albaiulia\\\/peste-780-de-politisti-se-vor-afla-la-datorie-pentru-ca-cetatenii-sa-se-poata-bucura-de-aceasta-minivacanta-de-anul-nou\\\/#primaryimage\"},\"thumbnailUrl\":\"https:\\\/\\\/urbeamea.ro\\\/albaiulia\\\/wp-content\\\/uploads\\\/2016\\\/12\\\/politie-iarna-Alba.jpg\",\"keywords\":[\"cetateni\",\"climat de ordine liniste si siguranta\",\"datorie\",\"IPJ Alba\",\"minivacanta de anul nou\",\"politisti\",\"stiri\",\"Urbea Mea\"],\"articleSection\":[\"Social\"],\"inLanguage\":\"ro-RO\",\"potentialAction\":[{\"@type\":\"CommentAction\",\"name\":\"Comment\",\"target\":[\"https:\\\/\\\/urbeamea.ro\\\/albaiulia\\\/peste-780-de-politisti-se-vor-afla-la-datorie-pentru-ca-cetatenii-sa-se-poata-bucura-de-aceasta-minivacanta-de-anul-nou\\\/#respond\"]}]},{\"@type\":\"WebPage\",\"@id\":\"https:\\\/\\\/urbeamea.ro\\\/albaiulia\\\/peste-780-de-politisti-se-vor-afla-la-datorie-pentru-ca-cetatenii-sa-se-poata-bucura-de-aceasta-minivacanta-de-anul-nou\\\/\",\"url\":\"https:\\\/\\\/urbeamea.ro\\\/albaiulia\\\/peste-780-de-politisti-se-vor-afla-la-datorie-pentru-ca-cetatenii-sa-se-poata-bucura-de-aceasta-minivacanta-de-anul-nou\\\/\",\"name\":\"Peste 780 de poli\u0163i\u015fti se vor afla la datorie pentru ca cet\u0103\u0163enii s\u0103 se poat\u0103 bucura de aceast\u0103 minivacan\u0163a de Anul Nou - Revista Urbea Mea - Revista de Alba\",\"isPartOf\":{\"@id\":\"https:\\\/\\\/urbeamea.ro\\\/albaiulia\\\/#website\"},\"primaryImageOfPage\":{\"@id\":\"https:\\\/\\\/urbeamea.ro\\\/albaiulia\\\/peste-780-de-politisti-se-vor-afla-la-datorie-pentru-ca-cetatenii-sa-se-poata-bucura-de-aceasta-minivacanta-de-anul-nou\\\/#primaryimage\"},\"image\":{\"@id\":\"https:\\\/\\\/urbeamea.ro\\\/albaiulia\\\/peste-780-de-politisti-se-vor-afla-la-datorie-pentru-ca-cetatenii-sa-se-poata-bucura-de-aceasta-minivacanta-de-anul-nou\\\/#primaryimage\"},\"thumbnailUrl\":\"https:\\\/\\\/urbeamea.ro\\\/albaiulia\\\/wp-content\\\/uploads\\\/2016\\\/12\\\/politie-iarna-Alba.jpg\",\"datePublished\":\"2018-12-28T10:45:47+00:00\",\"author\":{\"@id\":\"https:\\\/\\\/urbeamea.ro\\\/albaiulia\\\/#\\\/schema\\\/person\\\/9700d21fae21c4f038b0b56f4506264a\"},\"description\":\"Inspectoratul de Poli\u0163ie Jude\u0163ean Alba a luat m\u0103suri suplimentare, pentru asigurarea unui climat de ordine, lini\u015fte \u015fi siguran\u0163\u0103 public\u0103 pe perioada\",\"breadcrumb\":{\"@id\":\"https:\\\/\\\/urbeamea.ro\\\/albaiulia\\\/peste-780-de-politisti-se-vor-afla-la-datorie-pentru-ca-cetatenii-sa-se-poata-bucura-de-aceasta-minivacanta-de-anul-nou\\\/#breadcrumb\"},\"inLanguage\":\"ro-RO\",\"potentialAction\":[{\"@type\":\"ReadAction\",\"target\":[\"https:\\\/\\\/urbeamea.ro\\\/albaiulia\\\/peste-780-de-politisti-se-vor-afla-la-datorie-pentru-ca-cetatenii-sa-se-poata-bucura-de-aceasta-minivacanta-de-anul-nou\\\/\"]}]},{\"@type\":\"ImageObject\",\"inLanguage\":\"ro-RO\",\"@id\":\"https:\\\/\\\/urbeamea.ro\\\/albaiulia\\\/peste-780-de-politisti-se-vor-afla-la-datorie-pentru-ca-cetatenii-sa-se-poata-bucura-de-aceasta-minivacanta-de-anul-nou\\\/#primaryimage\",\"url\":\"https:\\\/\\\/urbeamea.ro\\\/albaiulia\\\/wp-content\\\/uploads\\\/2016\\\/12\\\/politie-iarna-Alba.jpg\",\"contentUrl\":\"https:\\\/\\\/urbeamea.ro\\\/albaiulia\\\/wp-content\\\/uploads\\\/2016\\\/12\\\/politie-iarna-Alba.jpg\",\"width\":646,\"height\":404},{\"@type\":\"BreadcrumbList\",\"@id\":\"https:\\\/\\\/urbeamea.ro\\\/albaiulia\\\/peste-780-de-politisti-se-vor-afla-la-datorie-pentru-ca-cetatenii-sa-se-poata-bucura-de-aceasta-minivacanta-de-anul-nou\\\/#breadcrumb\",\"itemListElement\":[{\"@type\":\"ListItem\",\"position\":1,\"name\":\"Prima pagin\u0103\",\"item\":\"https:\\\/\\\/urbeamea.ro\\\/albaiulia\\\/\"},{\"@type\":\"ListItem\",\"position\":2,\"name\":\"Peste 780 de poli\u0163i\u015fti se vor afla la datorie pentru ca cet\u0103\u0163enii s\u0103 se poat\u0103 bucura de aceast\u0103 minivacan\u0163a de Anul Nou\"}]},{\"@type\":\"WebSite\",\"@id\":\"https:\\\/\\\/urbeamea.ro\\\/albaiulia\\\/#website\",\"url\":\"https:\\\/\\\/urbeamea.ro\\\/albaiulia\\\/\",\"name\":\"Revista Urbea Mea, Stiri urbane\",\"description\":\"Evenimente \u0219i \u0219tiri din Alba Iulia, Sebe\u0219, Aiud, Blaj\",\"potentialAction\":[{\"@type\":\"SearchAction\",\"target\":{\"@type\":\"EntryPoint\",\"urlTemplate\":\"https:\\\/\\\/urbeamea.ro\\\/albaiulia\\\/?s={search_term_string}\"},\"query-input\":{\"@type\":\"PropertyValueSpecification\",\"valueRequired\":true,\"valueName\":\"search_term_string\"}}],\"inLanguage\":\"ro-RO\"},{\"@type\":\"Person\",\"@id\":\"https:\\\/\\\/urbeamea.ro\\\/albaiulia\\\/#\\\/schema\\\/person\\\/9700d21fae21c4f038b0b56f4506264a\",\"name\":\"Cristina Ganga\",\"image\":{\"@type\":\"ImageObject\",\"inLanguage\":\"ro-RO\",\"@id\":\"https:\\\/\\\/secure.gravatar.com\\\/avatar\\\/5a67661041f057b4a8ccaf26f5a8e86e2689372006d01faf3dd9eeb10b654bb4?s=96&d=mm&r=g\",\"url\":\"https:\\\/\\\/secure.gravatar.com\\\/avatar\\\/5a67661041f057b4a8ccaf26f5a8e86e2689372006d01faf3dd9eeb10b654bb4?s=96&d=mm&r=g\",\"contentUrl\":\"https:\\\/\\\/secure.gravatar.com\\\/avatar\\\/5a67661041f057b4a8ccaf26f5a8e86e2689372006d01faf3dd9eeb10b654bb4?s=96&d=mm&r=g\",\"caption\":\"Cristina Ganga\"},\"description\":\"Jurnalist\",\"sameAs\":[\"https:\\\/\\\/www.facebook.com\\\/cristina.nicola.587\"],\"url\":\"https:\\\/\\\/urbeamea.ro\\\/albaiulia\\\/author\\\/cristina-nicola\\\/\"}]}<\/script>\n<!-- \/ Yoast SEO plugin. -->","yoast_head_json":{"title":"Peste 780 de poli\u0163i\u015fti se vor afla la datorie pentru ca cet\u0103\u0163enii s\u0103 se poat\u0103 bucura de aceast\u0103 minivacan\u0163a de Anul Nou - Revista Urbea Mea - Revista de Alba","description":"Inspectoratul de Poli\u0163ie Jude\u0163ean Alba a luat m\u0103suri suplimentare, pentru asigurarea unui climat de ordine, lini\u015fte \u015fi siguran\u0163\u0103 public\u0103 pe perioada","robots":{"index":"index","follow":"follow","max-snippet":"max-snippet:-1","max-image-preview":"max-image-preview:large","max-video-preview":"max-video-preview:-1"},"canonical":"https:\/\/urbeamea.ro\/albaiulia\/peste-780-de-politisti-se-vor-afla-la-datorie-pentru-ca-cetatenii-sa-se-poata-bucura-de-aceasta-minivacanta-de-anul-nou\/","twitter_card":"summary_large_image","twitter_title":"Peste 780 de poli\u0163i\u015fti se vor afla la datorie pentru ca cet\u0103\u0163enii s\u0103 se poat\u0103 bucura de aceast\u0103 minivacan\u0163a de Anul Nou - Revista Urbea Mea - Revista de Alba","twitter_description":"Inspectoratul de Poli\u0163ie Jude\u0163ean Alba a luat m\u0103suri suplimentare, pentru asigurarea unui climat de ordine, lini\u015fte \u015fi siguran\u0163\u0103 public\u0103 pe perioada","twitter_image":"https:\/\/urbeamea.ro\/albaiulia\/wp-content\/uploads\/2016\/12\/politie-iarna-Alba.jpg","twitter_creator":"@urbeameaweb","twitter_site":"@urbeameaweb","schema":{"@context":"https:\/\/schema.org","@graph":[{"@type":"Article","@id":"https:\/\/urbeamea.ro\/albaiulia\/peste-780-de-politisti-se-vor-afla-la-datorie-pentru-ca-cetatenii-sa-se-poata-bucura-de-aceasta-minivacanta-de-anul-nou\/#article","isPartOf":{"@id":"https:\/\/urbeamea.ro\/albaiulia\/peste-780-de-politisti-se-vor-afla-la-datorie-pentru-ca-cetatenii-sa-se-poata-bucura-de-aceasta-minivacanta-de-anul-nou\/"},"author":{"name":"Cristina Ganga","@id":"https:\/\/urbeamea.ro\/albaiulia\/#\/schema\/person\/9700d21fae21c4f038b0b56f4506264a"},"headline":"Peste 780 de poli\u0163i\u015fti se vor afla la datorie pentru ca cet\u0103\u0163enii s\u0103 se poat\u0103 bucura de aceast\u0103 minivacan\u0163a de Anul Nou","datePublished":"2018-12-28T10:45:47+00:00","mainEntityOfPage":{"@id":"https:\/\/urbeamea.ro\/albaiulia\/peste-780-de-politisti-se-vor-afla-la-datorie-pentru-ca-cetatenii-sa-se-poata-bucura-de-aceasta-minivacanta-de-anul-nou\/"},"wordCount":690,"commentCount":0,"image":{"@id":"https:\/\/urbeamea.ro\/albaiulia\/peste-780-de-politisti-se-vor-afla-la-datorie-pentru-ca-cetatenii-sa-se-poata-bucura-de-aceasta-minivacanta-de-anul-nou\/#primaryimage"},"thumbnailUrl":"https:\/\/urbeamea.ro\/albaiulia\/wp-content\/uploads\/2016\/12\/politie-iarna-Alba.jpg","keywords":["cetateni","climat de ordine liniste si siguranta","datorie","IPJ Alba","minivacanta de anul nou","politisti","stiri","Urbea Mea"],"articleSection":["Social"],"inLanguage":"ro-RO","potentialAction":[{"@type":"CommentAction","name":"Comment","target":["https:\/\/urbeamea.ro\/albaiulia\/peste-780-de-politisti-se-vor-afla-la-datorie-pentru-ca-cetatenii-sa-se-poata-bucura-de-aceasta-minivacanta-de-anul-nou\/#respond"]}]},{"@type":"WebPage","@id":"https:\/\/urbeamea.ro\/albaiulia\/peste-780-de-politisti-se-vor-afla-la-datorie-pentru-ca-cetatenii-sa-se-poata-bucura-de-aceasta-minivacanta-de-anul-nou\/","url":"https:\/\/urbeamea.ro\/albaiulia\/peste-780-de-politisti-se-vor-afla-la-datorie-pentru-ca-cetatenii-sa-se-poata-bucura-de-aceasta-minivacanta-de-anul-nou\/","name":"Peste 780 de poli\u0163i\u015fti se vor afla la datorie pentru ca cet\u0103\u0163enii s\u0103 se poat\u0103 bucura de aceast\u0103 minivacan\u0163a de Anul Nou - Revista Urbea Mea - Revista de Alba","isPartOf":{"@id":"https:\/\/urbeamea.ro\/albaiulia\/#website"},"primaryImageOfPage":{"@id":"https:\/\/urbeamea.ro\/albaiulia\/peste-780-de-politisti-se-vor-afla-la-datorie-pentru-ca-cetatenii-sa-se-poata-bucura-de-aceasta-minivacanta-de-anul-nou\/#primaryimage"},"image":{"@id":"https:\/\/urbeamea.ro\/albaiulia\/peste-780-de-politisti-se-vor-afla-la-datorie-pentru-ca-cetatenii-sa-se-poata-bucura-de-aceasta-minivacanta-de-anul-nou\/#primaryimage"},"thumbnailUrl":"https:\/\/urbeamea.ro\/albaiulia\/wp-content\/uploads\/2016\/12\/politie-iarna-Alba.jpg","datePublished":"2018-12-28T10:45:47+00:00","author":{"@id":"https:\/\/urbeamea.ro\/albaiulia\/#\/schema\/person\/9700d21fae21c4f038b0b56f4506264a"},"description":"Inspectoratul de Poli\u0163ie Jude\u0163ean Alba a luat m\u0103suri suplimentare, pentru asigurarea unui climat de ordine, lini\u015fte \u015fi siguran\u0163\u0103 public\u0103 pe perioada","breadcrumb":{"@id":"https:\/\/urbeamea.ro\/albaiulia\/peste-780-de-politisti-se-vor-afla-la-datorie-pentru-ca-cetatenii-sa-se-poata-bucura-de-aceasta-minivacanta-de-anul-nou\/#breadcrumb"},"inLanguage":"ro-RO","potentialAction":[{"@type":"ReadAction","target":["https:\/\/urbeamea.ro\/albaiulia\/peste-780-de-politisti-se-vor-afla-la-datorie-pentru-ca-cetatenii-sa-se-poata-bucura-de-aceasta-minivacanta-de-anul-nou\/"]}]},{"@type":"ImageObject","inLanguage":"ro-RO","@id":"https:\/\/urbeamea.ro\/albaiulia\/peste-780-de-politisti-se-vor-afla-la-datorie-pentru-ca-cetatenii-sa-se-poata-bucura-de-aceasta-minivacanta-de-anul-nou\/#primaryimage","url":"https:\/\/urbeamea.ro\/albaiulia\/wp-content\/uploads\/2016\/12\/politie-iarna-Alba.jpg","contentUrl":"https:\/\/urbeamea.ro\/albaiulia\/wp-content\/uploads\/2016\/12\/politie-iarna-Alba.jpg","width":646,"height":404},{"@type":"BreadcrumbList","@id":"https:\/\/urbeamea.ro\/albaiulia\/peste-780-de-politisti-se-vor-afla-la-datorie-pentru-ca-cetatenii-sa-se-poata-bucura-de-aceasta-minivacanta-de-anul-nou\/#breadcrumb","itemListElement":[{"@type":"ListItem","position":1,"name":"Prima pagin\u0103","item":"https:\/\/urbeamea.ro\/albaiulia\/"},{"@type":"ListItem","position":2,"name":"Peste 780 de poli\u0163i\u015fti se vor afla la datorie pentru ca cet\u0103\u0163enii s\u0103 se poat\u0103 bucura de aceast\u0103 minivacan\u0163a de Anul Nou"}]},{"@type":"WebSite","@id":"https:\/\/urbeamea.ro\/albaiulia\/#website","url":"https:\/\/urbeamea.ro\/albaiulia\/","name":"Revista Urbea Mea, Stiri urbane","description":"Evenimente \u0219i \u0219tiri din Alba Iulia, Sebe\u0219, Aiud, Blaj","potentialAction":[{"@type":"SearchAction","target":{"@type":"EntryPoint","urlTemplate":"https:\/\/urbeamea.ro\/albaiulia\/?s={search_term_string}"},"query-input":{"@type":"PropertyValueSpecification","valueRequired":true,"valueName":"search_term_string"}}],"inLanguage":"ro-RO"},{"@type":"Person","@id":"https:\/\/urbeamea.ro\/albaiulia\/#\/schema\/person\/9700d21fae21c4f038b0b56f4506264a","name":"Cristina Ganga","image":{"@type":"ImageObject","inLanguage":"ro-RO","@id":"https:\/\/secure.gravatar.com\/avatar\/5a67661041f057b4a8ccaf26f5a8e86e2689372006d01faf3dd9eeb10b654bb4?s=96&d=mm&r=g","url":"https:\/\/secure.gravatar.com\/avatar\/5a67661041f057b4a8ccaf26f5a8e86e2689372006d01faf3dd9eeb10b654bb4?s=96&d=mm&r=g","contentUrl":"https:\/\/secure.gravatar.com\/avatar\/5a67661041f057b4a8ccaf26f5a8e86e2689372006d01faf3dd9eeb10b654bb4?s=96&d=mm&r=g","caption":"Cristina Ganga"},"description":"Jurnalist","sameAs":["https:\/\/www.facebook.com\/cristina.nicola.587"],"url":"https:\/\/urbeamea.ro\/albaiulia\/author\/cristina-nicola\/"}]}},"_links":{"self":[{"href":"https:\/\/urbeamea.ro\/albaiulia\/wp-json\/wp\/v2\/posts\/71372","targetHints":{"allow":["GET"]}}],"collection":[{"href":"https:\/\/urbeamea.ro\/albaiulia\/wp-json\/wp\/v2\/posts"}],"about":[{"href":"https:\/\/urbeamea.ro\/albaiulia\/wp-json\/wp\/v2\/types\/post"}],"author":[{"embeddable":true,"href":"https:\/\/urbeamea.ro\/albaiulia\/wp-json\/wp\/v2\/users\/17"}],"replies":[{"embeddable":true,"href":"https:\/\/urbeamea.ro\/albaiulia\/wp-json\/wp\/v2\/comments?post=71372"}],"version-history":[{"count":0,"href":"https:\/\/urbeamea.ro\/albaiulia\/wp-json\/wp\/v2\/posts\/71372\/revisions"}],"wp:featuredmedia":[{"embeddable":true,"href":"https:\/\/urbeamea.ro\/albaiulia\/wp-json\/wp\/v2\/media\/38129"}],"wp:attachment":[{"href":"https:\/\/urbeamea.ro\/albaiulia\/wp-json\/wp\/v2\/media?parent=71372"}],"wp:term":[{"taxonomy":"category","embeddable":true,"href":"https:\/\/urbeamea.ro\/albaiulia\/wp-json\/wp\/v2\/categories?post=71372"},{"taxonomy":"post_tag","embeddable":true,"href":"https:\/\/urbeamea.ro\/albaiulia\/wp-json\/wp\/v2\/tags?post=71372"}],"curies":[{"name":"wp","href":"https:\/\/api.w.org\/{rel}","templated":true}]}}