{"id":71708,"date":"2019-01-24T12:25:06","date_gmt":"2019-01-24T10:25:06","guid":{"rendered":"https:\/\/urbeamea.ro\/albaiulia\/?p=71708"},"modified":"2019-01-24T12:25:10","modified_gmt":"2019-01-24T10:25:10","slug":"foto-video-spectacol-artistic-si-hora-unirii-la-alba-iulia-cu-ocazia-implinirii-a-160-de-ani-de-la-mica-unire","status":"publish","type":"post","link":"https:\/\/urbeamea.ro\/albaiulia\/foto-video-spectacol-artistic-si-hora-unirii-la-alba-iulia-cu-ocazia-implinirii-a-160-de-ani-de-la-mica-unire\/","title":{"rendered":"FOTO-VIDEO: Spectacol artistic \u0219i Hora Unirii la Alba Iulia, cu ocazia \u00eemplinirii a 160 de ani de la Mica Unire"},"content":{"rendered":"\n<p class=\"wp-block-paragraph\"><strong>Joi, 24 ianuarie 2019, \u00een Cetatea Alba Carolina au fost marca\u021bi cei 160 de ani de la \u201eMica Unire\u201d. Momentul istoric a fost s\u0103rb\u0103torit \u00een fa\u021ba statuii lui Mihai Viteazul printr-o serie de manifest\u0103ri care au relatat importan\u021ba Unirii Principatelor Rom\u00e2ne.<\/strong><\/p>\n\n\n\n<p class=\"wp-block-paragraph\">\u00cen fa\u021ba Statuii lui Mihai Viteazul, aproape de Sala Unirii, au loc o serie de manifest\u0103ri la care particip\u0103 reprezentan\u0163i ai Institu\u0163iei Prefectului \u2013 Jude\u0163ul Alba, Consiliului Jude\u0163ean Alba, Prim\u0103riei municipiului Alba Iulia, Arhiepiscopiei Ortodoxe Rom\u00e2ne, Unit\u0103\u021bilor militare (M.Ap.N., M.A.I.) din Garnizoana Alba Iulia, Direc\u021biei Jude\u021bean\u0103 de Informa\u021bii Alba, Oficiului Jude\u021bean de Telecomunica\u021bii Speciale Alba, Cercului Militar Alba Iulia, Asocia\u021biei Veteranilor de R\u0103zboi, Asocia\u021biei Cadrelor Militare \u00een Rezerv\u0103 \u0219i Retragere , Centrului de Cultur\u0103 \u201dAugustin Bena\u201d, Cercului Militar Alba Iulia, Serviciile \u0219i institu\u021biile publice din jude\u021bul Alba, partide politice, reprezentan\u021bi mass-media. <\/p>\n\n\n\n<p class=\"wp-block-paragraph\"> Manifestarea a \u00eenceput cu intonarea imnului na\u0163ional al Rom\u00e2niei. <\/p>\n\n\n\n<p class=\"wp-block-paragraph\"> Ulterior, elevi ai Colegiului Militar \u201dMihai Viteazul\u201d \u0219i ai Liceului de Muzic\u0103 \u0219i Arte Plastice \u201dRegina Maria\u201d Alba Iulia au prezentat un spectacol artistic. <\/p>\n\n\n\n<p class=\"wp-block-paragraph\"> La finalul ceremonialului a avut loc o mare Hor\u0103 a Unirii. <\/p>\n\n\n\n<figure class=\"wp-block-embed-youtube wp-block-embed is-type-video is-provider-youtube wp-embed-aspect-16-9 wp-has-aspect-ratio\"><div class=\"wp-block-embed__wrapper\">\n<iframe loading=\"lazy\" title=\"Drago\u0219 Ursu - 160 de ani de la Mica Unire\" width=\"500\" height=\"281\" src=\"https:\/\/www.youtube.com\/embed\/8bhDql-qBgU?feature=oembed\" frameborder=\"0\" allow=\"accelerometer; autoplay; clipboard-write; encrypted-media; gyroscope; picture-in-picture; web-share\" referrerpolicy=\"strict-origin-when-cross-origin\" allowfullscreen><\/iframe>\n<\/div><\/figure>\n\n\n\n<figure class=\"wp-block-embed-youtube wp-block-embed is-type-video is-provider-youtube wp-embed-aspect-16-9 wp-has-aspect-ratio\"><div class=\"wp-block-embed__wrapper\">\n<iframe loading=\"lazy\" title=\"Spectacol artistic la 160 de ani de la Mica Unire\" width=\"500\" height=\"281\" src=\"https:\/\/www.youtube.com\/embed\/TLoiKmB-mfI?feature=oembed\" frameborder=\"0\" allow=\"accelerometer; autoplay; clipboard-write; encrypted-media; gyroscope; picture-in-picture; web-share\" referrerpolicy=\"strict-origin-when-cross-origin\" allowfullscreen><\/iframe>\n<\/div><\/figure>\n\n\n\n<figure class=\"wp-block-embed-youtube wp-block-embed is-type-video is-provider-youtube wp-embed-aspect-16-9 wp-has-aspect-ratio\"><div class=\"wp-block-embed__wrapper\">\n<iframe loading=\"lazy\" title=\"Oana Ven\u021bel - 160 de ani de la Mica Unire\" width=\"500\" height=\"281\" src=\"https:\/\/www.youtube.com\/embed\/Yuux8PuK_d8?feature=oembed\" frameborder=\"0\" allow=\"accelerometer; autoplay; clipboard-write; encrypted-media; gyroscope; picture-in-picture; web-share\" referrerpolicy=\"strict-origin-when-cross-origin\" allowfullscreen><\/iframe>\n<\/div><\/figure>\n\n\n\n<ul class=\"wp-block-gallery columns-3 is-cropped wp-block-gallery-1 is-layout-flex wp-block-gallery-is-layout-flex\"><li class=\"blocks-gallery-item\"><figure><img loading=\"lazy\" decoding=\"async\" width=\"960\" height=\"720\" src=\"https:\/\/urbeamea.ro\/albaiulia\/wp-content\/uploads\/2019\/01\/50261773_922937581429945_287052485665751040_n.jpg\" alt=\"\" data-id=\"71709\" data-link=\"https:\/\/urbeamea.ro\/albaiulia\/?attachment_id=71709\" class=\"wp-image-71709\" srcset=\"https:\/\/urbeamea.ro\/albaiulia\/wp-content\/uploads\/2019\/01\/50261773_922937581429945_287052485665751040_n.jpg 960w, https:\/\/urbeamea.ro\/albaiulia\/wp-content\/uploads\/2019\/01\/50261773_922937581429945_287052485665751040_n-150x113.jpg 150w, https:\/\/urbeamea.ro\/albaiulia\/wp-content\/uploads\/2019\/01\/50261773_922937581429945_287052485665751040_n-640x480.jpg 640w, https:\/\/urbeamea.ro\/albaiulia\/wp-content\/uploads\/2019\/01\/50261773_922937581429945_287052485665751040_n-768x576.jpg 768w\" sizes=\"auto, (max-width: 960px) 100vw, 960px\" \/><\/figure><\/li><li class=\"blocks-gallery-item\"><figure><img loading=\"lazy\" decoding=\"async\" width=\"960\" height=\"720\" src=\"https:\/\/urbeamea.ro\/albaiulia\/wp-content\/uploads\/2019\/01\/50422574_2241111879511000_4390330327478829056_n.jpg\" alt=\"\" data-id=\"71710\" data-link=\"https:\/\/urbeamea.ro\/albaiulia\/?attachment_id=71710\" class=\"wp-image-71710\" srcset=\"https:\/\/urbeamea.ro\/albaiulia\/wp-content\/uploads\/2019\/01\/50422574_2241111879511000_4390330327478829056_n.jpg 960w, https:\/\/urbeamea.ro\/albaiulia\/wp-content\/uploads\/2019\/01\/50422574_2241111879511000_4390330327478829056_n-150x113.jpg 150w, https:\/\/urbeamea.ro\/albaiulia\/wp-content\/uploads\/2019\/01\/50422574_2241111879511000_4390330327478829056_n-640x480.jpg 640w, https:\/\/urbeamea.ro\/albaiulia\/wp-content\/uploads\/2019\/01\/50422574_2241111879511000_4390330327478829056_n-768x576.jpg 768w\" sizes=\"auto, (max-width: 960px) 100vw, 960px\" \/><\/figure><\/li><li class=\"blocks-gallery-item\"><figure><img loading=\"lazy\" decoding=\"async\" width=\"960\" height=\"720\" src=\"https:\/\/urbeamea.ro\/albaiulia\/wp-content\/uploads\/2019\/01\/50423329_389612188479972_9148492048007954432_n.jpg\" alt=\"\" data-id=\"71711\" data-link=\"https:\/\/urbeamea.ro\/albaiulia\/?attachment_id=71711\" class=\"wp-image-71711\" srcset=\"https:\/\/urbeamea.ro\/albaiulia\/wp-content\/uploads\/2019\/01\/50423329_389612188479972_9148492048007954432_n.jpg 960w, https:\/\/urbeamea.ro\/albaiulia\/wp-content\/uploads\/2019\/01\/50423329_389612188479972_9148492048007954432_n-150x113.jpg 150w, https:\/\/urbeamea.ro\/albaiulia\/wp-content\/uploads\/2019\/01\/50423329_389612188479972_9148492048007954432_n-640x480.jpg 640w, https:\/\/urbeamea.ro\/albaiulia\/wp-content\/uploads\/2019\/01\/50423329_389612188479972_9148492048007954432_n-768x576.jpg 768w\" sizes=\"auto, (max-width: 960px) 100vw, 960px\" \/><\/figure><\/li><li class=\"blocks-gallery-item\"><figure><img loading=\"lazy\" decoding=\"async\" width=\"960\" height=\"720\" src=\"https:\/\/urbeamea.ro\/albaiulia\/wp-content\/uploads\/2019\/01\/50425944_931653907225038_7408118480160948224_n.jpg\" alt=\"\" data-id=\"71712\" data-link=\"https:\/\/urbeamea.ro\/albaiulia\/?attachment_id=71712\" class=\"wp-image-71712\" srcset=\"https:\/\/urbeamea.ro\/albaiulia\/wp-content\/uploads\/2019\/01\/50425944_931653907225038_7408118480160948224_n.jpg 960w, https:\/\/urbeamea.ro\/albaiulia\/wp-content\/uploads\/2019\/01\/50425944_931653907225038_7408118480160948224_n-150x113.jpg 150w, https:\/\/urbeamea.ro\/albaiulia\/wp-content\/uploads\/2019\/01\/50425944_931653907225038_7408118480160948224_n-640x480.jpg 640w, https:\/\/urbeamea.ro\/albaiulia\/wp-content\/uploads\/2019\/01\/50425944_931653907225038_7408118480160948224_n-768x576.jpg 768w\" sizes=\"auto, (max-width: 960px) 100vw, 960px\" \/><\/figure><\/li><li class=\"blocks-gallery-item\"><figure><img loading=\"lazy\" decoding=\"async\" width=\"960\" height=\"720\" src=\"https:\/\/urbeamea.ro\/albaiulia\/wp-content\/uploads\/2019\/01\/50446398_251383319120562_7620654279673511936_n.jpg\" alt=\"\" data-id=\"71713\" data-link=\"https:\/\/urbeamea.ro\/albaiulia\/?attachment_id=71713\" class=\"wp-image-71713\" srcset=\"https:\/\/urbeamea.ro\/albaiulia\/wp-content\/uploads\/2019\/01\/50446398_251383319120562_7620654279673511936_n.jpg 960w, https:\/\/urbeamea.ro\/albaiulia\/wp-content\/uploads\/2019\/01\/50446398_251383319120562_7620654279673511936_n-150x113.jpg 150w, https:\/\/urbeamea.ro\/albaiulia\/wp-content\/uploads\/2019\/01\/50446398_251383319120562_7620654279673511936_n-640x480.jpg 640w, https:\/\/urbeamea.ro\/albaiulia\/wp-content\/uploads\/2019\/01\/50446398_251383319120562_7620654279673511936_n-768x576.jpg 768w\" sizes=\"auto, (max-width: 960px) 100vw, 960px\" \/><\/figure><\/li><li class=\"blocks-gallery-item\"><figure><img loading=\"lazy\" decoding=\"async\" width=\"960\" height=\"720\" src=\"https:\/\/urbeamea.ro\/albaiulia\/wp-content\/uploads\/2019\/01\/50454594_280200352656638_3702969735726497792_n.jpg\" alt=\"\" data-id=\"71714\" data-link=\"https:\/\/urbeamea.ro\/albaiulia\/?attachment_id=71714\" class=\"wp-image-71714\" srcset=\"https:\/\/urbeamea.ro\/albaiulia\/wp-content\/uploads\/2019\/01\/50454594_280200352656638_3702969735726497792_n.jpg 960w, https:\/\/urbeamea.ro\/albaiulia\/wp-content\/uploads\/2019\/01\/50454594_280200352656638_3702969735726497792_n-150x113.jpg 150w, https:\/\/urbeamea.ro\/albaiulia\/wp-content\/uploads\/2019\/01\/50454594_280200352656638_3702969735726497792_n-640x480.jpg 640w, https:\/\/urbeamea.ro\/albaiulia\/wp-content\/uploads\/2019\/01\/50454594_280200352656638_3702969735726497792_n-768x576.jpg 768w\" sizes=\"auto, (max-width: 960px) 100vw, 960px\" \/><\/figure><\/li><li class=\"blocks-gallery-item\"><figure><img loading=\"lazy\" decoding=\"async\" width=\"960\" height=\"720\" src=\"https:\/\/urbeamea.ro\/albaiulia\/wp-content\/uploads\/2019\/01\/50505638_415208785887341_7772657608980168704_n.jpg\" alt=\"\" data-id=\"71715\" data-link=\"https:\/\/urbeamea.ro\/albaiulia\/?attachment_id=71715\" class=\"wp-image-71715\" srcset=\"https:\/\/urbeamea.ro\/albaiulia\/wp-content\/uploads\/2019\/01\/50505638_415208785887341_7772657608980168704_n.jpg 960w, https:\/\/urbeamea.ro\/albaiulia\/wp-content\/uploads\/2019\/01\/50505638_415208785887341_7772657608980168704_n-150x113.jpg 150w, https:\/\/urbeamea.ro\/albaiulia\/wp-content\/uploads\/2019\/01\/50505638_415208785887341_7772657608980168704_n-640x480.jpg 640w, https:\/\/urbeamea.ro\/albaiulia\/wp-content\/uploads\/2019\/01\/50505638_415208785887341_7772657608980168704_n-768x576.jpg 768w\" sizes=\"auto, (max-width: 960px) 100vw, 960px\" \/><\/figure><\/li><li class=\"blocks-gallery-item\"><figure><img loading=\"lazy\" decoding=\"async\" width=\"960\" height=\"540\" src=\"https:\/\/urbeamea.ro\/albaiulia\/wp-content\/uploads\/2019\/01\/50519255_1083518471827280_4322397199125184512_n.jpg\" alt=\"\" data-id=\"71716\" data-link=\"https:\/\/urbeamea.ro\/albaiulia\/?attachment_id=71716\" class=\"wp-image-71716\" srcset=\"https:\/\/urbeamea.ro\/albaiulia\/wp-content\/uploads\/2019\/01\/50519255_1083518471827280_4322397199125184512_n.jpg 960w, https:\/\/urbeamea.ro\/albaiulia\/wp-content\/uploads\/2019\/01\/50519255_1083518471827280_4322397199125184512_n-150x84.jpg 150w, https:\/\/urbeamea.ro\/albaiulia\/wp-content\/uploads\/2019\/01\/50519255_1083518471827280_4322397199125184512_n-640x360.jpg 640w, https:\/\/urbeamea.ro\/albaiulia\/wp-content\/uploads\/2019\/01\/50519255_1083518471827280_4322397199125184512_n-768x432.jpg 768w\" sizes=\"auto, (max-width: 960px) 100vw, 960px\" \/><\/figure><\/li><li class=\"blocks-gallery-item\"><figure><img loading=\"lazy\" decoding=\"async\" width=\"960\" height=\"720\" src=\"https:\/\/urbeamea.ro\/albaiulia\/wp-content\/uploads\/2019\/01\/50576476_2243003812397771_3327964965607833600_n.jpg\" alt=\"\" data-id=\"71717\" data-link=\"https:\/\/urbeamea.ro\/albaiulia\/?attachment_id=71717\" class=\"wp-image-71717\" srcset=\"https:\/\/urbeamea.ro\/albaiulia\/wp-content\/uploads\/2019\/01\/50576476_2243003812397771_3327964965607833600_n.jpg 960w, https:\/\/urbeamea.ro\/albaiulia\/wp-content\/uploads\/2019\/01\/50576476_2243003812397771_3327964965607833600_n-150x113.jpg 150w, https:\/\/urbeamea.ro\/albaiulia\/wp-content\/uploads\/2019\/01\/50576476_2243003812397771_3327964965607833600_n-640x480.jpg 640w, https:\/\/urbeamea.ro\/albaiulia\/wp-content\/uploads\/2019\/01\/50576476_2243003812397771_3327964965607833600_n-768x576.jpg 768w\" sizes=\"auto, (max-width: 960px) 100vw, 960px\" \/><\/figure><\/li><li class=\"blocks-gallery-item\"><figure><img loading=\"lazy\" decoding=\"async\" width=\"960\" height=\"720\" src=\"https:\/\/urbeamea.ro\/albaiulia\/wp-content\/uploads\/2019\/01\/50586571_362654721197447_2581271552439877632_n.jpg\" alt=\"\" data-id=\"71718\" data-link=\"https:\/\/urbeamea.ro\/albaiulia\/?attachment_id=71718\" class=\"wp-image-71718\" srcset=\"https:\/\/urbeamea.ro\/albaiulia\/wp-content\/uploads\/2019\/01\/50586571_362654721197447_2581271552439877632_n.jpg 960w, https:\/\/urbeamea.ro\/albaiulia\/wp-content\/uploads\/2019\/01\/50586571_362654721197447_2581271552439877632_n-150x113.jpg 150w, https:\/\/urbeamea.ro\/albaiulia\/wp-content\/uploads\/2019\/01\/50586571_362654721197447_2581271552439877632_n-640x480.jpg 640w, https:\/\/urbeamea.ro\/albaiulia\/wp-content\/uploads\/2019\/01\/50586571_362654721197447_2581271552439877632_n-768x576.jpg 768w\" sizes=\"auto, (max-width: 960px) 100vw, 960px\" \/><\/figure><\/li><li class=\"blocks-gallery-item\"><figure><img loading=\"lazy\" decoding=\"async\" width=\"960\" height=\"720\" src=\"https:\/\/urbeamea.ro\/albaiulia\/wp-content\/uploads\/2019\/01\/50612730_584009198782292_1328014565211897856_n.jpg\" alt=\"\" data-id=\"71719\" data-link=\"https:\/\/urbeamea.ro\/albaiulia\/?attachment_id=71719\" class=\"wp-image-71719\" srcset=\"https:\/\/urbeamea.ro\/albaiulia\/wp-content\/uploads\/2019\/01\/50612730_584009198782292_1328014565211897856_n.jpg 960w, https:\/\/urbeamea.ro\/albaiulia\/wp-content\/uploads\/2019\/01\/50612730_584009198782292_1328014565211897856_n-150x113.jpg 150w, https:\/\/urbeamea.ro\/albaiulia\/wp-content\/uploads\/2019\/01\/50612730_584009198782292_1328014565211897856_n-640x480.jpg 640w, https:\/\/urbeamea.ro\/albaiulia\/wp-content\/uploads\/2019\/01\/50612730_584009198782292_1328014565211897856_n-768x576.jpg 768w\" sizes=\"auto, (max-width: 960px) 100vw, 960px\" \/><\/figure><\/li><li class=\"blocks-gallery-item\"><figure><img loading=\"lazy\" decoding=\"async\" width=\"960\" height=\"720\" src=\"https:\/\/urbeamea.ro\/albaiulia\/wp-content\/uploads\/2019\/01\/50616269_2184460038270826_2657631367973568512_n.jpg\" alt=\"\" data-id=\"71720\" data-link=\"https:\/\/urbeamea.ro\/albaiulia\/?attachment_id=71720\" class=\"wp-image-71720\" srcset=\"https:\/\/urbeamea.ro\/albaiulia\/wp-content\/uploads\/2019\/01\/50616269_2184460038270826_2657631367973568512_n.jpg 960w, https:\/\/urbeamea.ro\/albaiulia\/wp-content\/uploads\/2019\/01\/50616269_2184460038270826_2657631367973568512_n-150x113.jpg 150w, https:\/\/urbeamea.ro\/albaiulia\/wp-content\/uploads\/2019\/01\/50616269_2184460038270826_2657631367973568512_n-640x480.jpg 640w, https:\/\/urbeamea.ro\/albaiulia\/wp-content\/uploads\/2019\/01\/50616269_2184460038270826_2657631367973568512_n-768x576.jpg 768w\" sizes=\"auto, (max-width: 960px) 100vw, 960px\" \/><\/figure><\/li><li class=\"blocks-gallery-item\"><figure><img loading=\"lazy\" decoding=\"async\" width=\"960\" height=\"720\" src=\"https:\/\/urbeamea.ro\/albaiulia\/wp-content\/uploads\/2019\/01\/50623475_298757720995805_6760248974529003520_n.jpg\" alt=\"\" data-id=\"71721\" data-link=\"https:\/\/urbeamea.ro\/albaiulia\/?attachment_id=71721\" class=\"wp-image-71721\" srcset=\"https:\/\/urbeamea.ro\/albaiulia\/wp-content\/uploads\/2019\/01\/50623475_298757720995805_6760248974529003520_n.jpg 960w, https:\/\/urbeamea.ro\/albaiulia\/wp-content\/uploads\/2019\/01\/50623475_298757720995805_6760248974529003520_n-150x113.jpg 150w, https:\/\/urbeamea.ro\/albaiulia\/wp-content\/uploads\/2019\/01\/50623475_298757720995805_6760248974529003520_n-640x480.jpg 640w, https:\/\/urbeamea.ro\/albaiulia\/wp-content\/uploads\/2019\/01\/50623475_298757720995805_6760248974529003520_n-768x576.jpg 768w\" sizes=\"auto, (max-width: 960px) 100vw, 960px\" \/><\/figure><\/li><li class=\"blocks-gallery-item\"><figure><img loading=\"lazy\" decoding=\"async\" width=\"960\" height=\"720\" src=\"https:\/\/urbeamea.ro\/albaiulia\/wp-content\/uploads\/2019\/01\/50679511_373542603456412_5675899685114478592_n.jpg\" alt=\"\" data-id=\"71722\" data-link=\"https:\/\/urbeamea.ro\/albaiulia\/?attachment_id=71722\" class=\"wp-image-71722\" srcset=\"https:\/\/urbeamea.ro\/albaiulia\/wp-content\/uploads\/2019\/01\/50679511_373542603456412_5675899685114478592_n.jpg 960w, https:\/\/urbeamea.ro\/albaiulia\/wp-content\/uploads\/2019\/01\/50679511_373542603456412_5675899685114478592_n-150x113.jpg 150w, https:\/\/urbeamea.ro\/albaiulia\/wp-content\/uploads\/2019\/01\/50679511_373542603456412_5675899685114478592_n-640x480.jpg 640w, https:\/\/urbeamea.ro\/albaiulia\/wp-content\/uploads\/2019\/01\/50679511_373542603456412_5675899685114478592_n-768x576.jpg 768w\" sizes=\"auto, (max-width: 960px) 100vw, 960px\" \/><\/figure><\/li><li class=\"blocks-gallery-item\"><figure><img loading=\"lazy\" decoding=\"async\" width=\"960\" height=\"720\" src=\"https:\/\/urbeamea.ro\/albaiulia\/wp-content\/uploads\/2019\/01\/50695494_530304467456494_6585669918430068736_n.jpg\" alt=\"\" data-id=\"71723\" data-link=\"https:\/\/urbeamea.ro\/albaiulia\/?attachment_id=71723\" class=\"wp-image-71723\" srcset=\"https:\/\/urbeamea.ro\/albaiulia\/wp-content\/uploads\/2019\/01\/50695494_530304467456494_6585669918430068736_n.jpg 960w, https:\/\/urbeamea.ro\/albaiulia\/wp-content\/uploads\/2019\/01\/50695494_530304467456494_6585669918430068736_n-150x113.jpg 150w, https:\/\/urbeamea.ro\/albaiulia\/wp-content\/uploads\/2019\/01\/50695494_530304467456494_6585669918430068736_n-640x480.jpg 640w, https:\/\/urbeamea.ro\/albaiulia\/wp-content\/uploads\/2019\/01\/50695494_530304467456494_6585669918430068736_n-768x576.jpg 768w\" sizes=\"auto, (max-width: 960px) 100vw, 960px\" \/><\/figure><\/li><li class=\"blocks-gallery-item\"><figure><img loading=\"lazy\" decoding=\"async\" width=\"960\" height=\"720\" src=\"https:\/\/urbeamea.ro\/albaiulia\/wp-content\/uploads\/2019\/01\/50724721_2470115756349462_1515443901467459584_n.jpg\" alt=\"\" data-id=\"71724\" data-link=\"https:\/\/urbeamea.ro\/albaiulia\/?attachment_id=71724\" class=\"wp-image-71724\" srcset=\"https:\/\/urbeamea.ro\/albaiulia\/wp-content\/uploads\/2019\/01\/50724721_2470115756349462_1515443901467459584_n.jpg 960w, https:\/\/urbeamea.ro\/albaiulia\/wp-content\/uploads\/2019\/01\/50724721_2470115756349462_1515443901467459584_n-150x113.jpg 150w, https:\/\/urbeamea.ro\/albaiulia\/wp-content\/uploads\/2019\/01\/50724721_2470115756349462_1515443901467459584_n-640x480.jpg 640w, https:\/\/urbeamea.ro\/albaiulia\/wp-content\/uploads\/2019\/01\/50724721_2470115756349462_1515443901467459584_n-768x576.jpg 768w\" sizes=\"auto, (max-width: 960px) 100vw, 960px\" \/><\/figure><\/li><li class=\"blocks-gallery-item\"><figure><img loading=\"lazy\" decoding=\"async\" width=\"960\" height=\"720\" src=\"https:\/\/urbeamea.ro\/albaiulia\/wp-content\/uploads\/2019\/01\/50742009_824343341251531_4610989284537663488_n.jpg\" alt=\"\" data-id=\"71725\" data-link=\"https:\/\/urbeamea.ro\/albaiulia\/?attachment_id=71725\" class=\"wp-image-71725\" srcset=\"https:\/\/urbeamea.ro\/albaiulia\/wp-content\/uploads\/2019\/01\/50742009_824343341251531_4610989284537663488_n.jpg 960w, https:\/\/urbeamea.ro\/albaiulia\/wp-content\/uploads\/2019\/01\/50742009_824343341251531_4610989284537663488_n-150x113.jpg 150w, https:\/\/urbeamea.ro\/albaiulia\/wp-content\/uploads\/2019\/01\/50742009_824343341251531_4610989284537663488_n-640x480.jpg 640w, https:\/\/urbeamea.ro\/albaiulia\/wp-content\/uploads\/2019\/01\/50742009_824343341251531_4610989284537663488_n-768x576.jpg 768w\" sizes=\"auto, (max-width: 960px) 100vw, 960px\" \/><\/figure><\/li><li class=\"blocks-gallery-item\"><figure><img loading=\"lazy\" decoding=\"async\" width=\"960\" height=\"720\" src=\"https:\/\/urbeamea.ro\/albaiulia\/wp-content\/uploads\/2019\/01\/50748158_2209680989282508_6995014661477236736_n.jpg\" alt=\"\" data-id=\"71726\" data-link=\"https:\/\/urbeamea.ro\/albaiulia\/?attachment_id=71726\" class=\"wp-image-71726\" srcset=\"https:\/\/urbeamea.ro\/albaiulia\/wp-content\/uploads\/2019\/01\/50748158_2209680989282508_6995014661477236736_n.jpg 960w, https:\/\/urbeamea.ro\/albaiulia\/wp-content\/uploads\/2019\/01\/50748158_2209680989282508_6995014661477236736_n-150x113.jpg 150w, https:\/\/urbeamea.ro\/albaiulia\/wp-content\/uploads\/2019\/01\/50748158_2209680989282508_6995014661477236736_n-640x480.jpg 640w, https:\/\/urbeamea.ro\/albaiulia\/wp-content\/uploads\/2019\/01\/50748158_2209680989282508_6995014661477236736_n-768x576.jpg 768w\" sizes=\"auto, (max-width: 960px) 100vw, 960px\" \/><\/figure><\/li><li class=\"blocks-gallery-item\"><figure><img loading=\"lazy\" decoding=\"async\" width=\"960\" height=\"720\" src=\"https:\/\/urbeamea.ro\/albaiulia\/wp-content\/uploads\/2019\/01\/50771283_2044040955710976_3284777510373425152_n.jpg\" alt=\"\" data-id=\"71727\" data-link=\"https:\/\/urbeamea.ro\/albaiulia\/?attachment_id=71727\" class=\"wp-image-71727\" srcset=\"https:\/\/urbeamea.ro\/albaiulia\/wp-content\/uploads\/2019\/01\/50771283_2044040955710976_3284777510373425152_n.jpg 960w, https:\/\/urbeamea.ro\/albaiulia\/wp-content\/uploads\/2019\/01\/50771283_2044040955710976_3284777510373425152_n-150x113.jpg 150w, https:\/\/urbeamea.ro\/albaiulia\/wp-content\/uploads\/2019\/01\/50771283_2044040955710976_3284777510373425152_n-640x480.jpg 640w, https:\/\/urbeamea.ro\/albaiulia\/wp-content\/uploads\/2019\/01\/50771283_2044040955710976_3284777510373425152_n-768x576.jpg 768w\" sizes=\"auto, (max-width: 960px) 100vw, 960px\" \/><\/figure><\/li><li class=\"blocks-gallery-item\"><figure><img loading=\"lazy\" decoding=\"async\" width=\"960\" height=\"720\" src=\"https:\/\/urbeamea.ro\/albaiulia\/wp-content\/uploads\/2019\/01\/50780487_2073476836073427_3470753270782230528_n.jpg\" alt=\"\" data-id=\"71728\" data-link=\"https:\/\/urbeamea.ro\/albaiulia\/?attachment_id=71728\" class=\"wp-image-71728\" srcset=\"https:\/\/urbeamea.ro\/albaiulia\/wp-content\/uploads\/2019\/01\/50780487_2073476836073427_3470753270782230528_n.jpg 960w, https:\/\/urbeamea.ro\/albaiulia\/wp-content\/uploads\/2019\/01\/50780487_2073476836073427_3470753270782230528_n-150x113.jpg 150w, https:\/\/urbeamea.ro\/albaiulia\/wp-content\/uploads\/2019\/01\/50780487_2073476836073427_3470753270782230528_n-640x480.jpg 640w, https:\/\/urbeamea.ro\/albaiulia\/wp-content\/uploads\/2019\/01\/50780487_2073476836073427_3470753270782230528_n-768x576.jpg 768w\" sizes=\"auto, (max-width: 960px) 100vw, 960px\" \/><\/figure><\/li><li class=\"blocks-gallery-item\"><figure><img loading=\"lazy\" decoding=\"async\" width=\"960\" height=\"720\" src=\"https:\/\/urbeamea.ro\/albaiulia\/wp-content\/uploads\/2019\/01\/50780493_539335786477836_1376035400547565568_n.jpg\" alt=\"\" data-id=\"71729\" data-link=\"https:\/\/urbeamea.ro\/albaiulia\/?attachment_id=71729\" class=\"wp-image-71729\" srcset=\"https:\/\/urbeamea.ro\/albaiulia\/wp-content\/uploads\/2019\/01\/50780493_539335786477836_1376035400547565568_n.jpg 960w, https:\/\/urbeamea.ro\/albaiulia\/wp-content\/uploads\/2019\/01\/50780493_539335786477836_1376035400547565568_n-150x113.jpg 150w, https:\/\/urbeamea.ro\/albaiulia\/wp-content\/uploads\/2019\/01\/50780493_539335786477836_1376035400547565568_n-640x480.jpg 640w, https:\/\/urbeamea.ro\/albaiulia\/wp-content\/uploads\/2019\/01\/50780493_539335786477836_1376035400547565568_n-768x576.jpg 768w\" sizes=\"auto, (max-width: 960px) 100vw, 960px\" \/><\/figure><\/li><li class=\"blocks-gallery-item\"><figure><img loading=\"lazy\" decoding=\"async\" width=\"960\" height=\"720\" src=\"https:\/\/urbeamea.ro\/albaiulia\/wp-content\/uploads\/2019\/01\/50882517_2000286883604545_6930430143030624256_n.jpg\" alt=\"\" data-id=\"71730\" data-link=\"https:\/\/urbeamea.ro\/albaiulia\/?attachment_id=71730\" class=\"wp-image-71730\" srcset=\"https:\/\/urbeamea.ro\/albaiulia\/wp-content\/uploads\/2019\/01\/50882517_2000286883604545_6930430143030624256_n.jpg 960w, https:\/\/urbeamea.ro\/albaiulia\/wp-content\/uploads\/2019\/01\/50882517_2000286883604545_6930430143030624256_n-150x113.jpg 150w, https:\/\/urbeamea.ro\/albaiulia\/wp-content\/uploads\/2019\/01\/50882517_2000286883604545_6930430143030624256_n-640x480.jpg 640w, https:\/\/urbeamea.ro\/albaiulia\/wp-content\/uploads\/2019\/01\/50882517_2000286883604545_6930430143030624256_n-768x576.jpg 768w\" sizes=\"auto, (max-width: 960px) 100vw, 960px\" \/><\/figure><\/li><li class=\"blocks-gallery-item\"><figure><img loading=\"lazy\" decoding=\"async\" width=\"960\" height=\"720\" src=\"https:\/\/urbeamea.ro\/albaiulia\/wp-content\/uploads\/2019\/01\/50889778_1223936137768293_8336514960142106624_n.jpg\" alt=\"\" data-id=\"71731\" data-link=\"https:\/\/urbeamea.ro\/albaiulia\/?attachment_id=71731\" class=\"wp-image-71731\" srcset=\"https:\/\/urbeamea.ro\/albaiulia\/wp-content\/uploads\/2019\/01\/50889778_1223936137768293_8336514960142106624_n.jpg 960w, https:\/\/urbeamea.ro\/albaiulia\/wp-content\/uploads\/2019\/01\/50889778_1223936137768293_8336514960142106624_n-150x113.jpg 150w, https:\/\/urbeamea.ro\/albaiulia\/wp-content\/uploads\/2019\/01\/50889778_1223936137768293_8336514960142106624_n-640x480.jpg 640w, https:\/\/urbeamea.ro\/albaiulia\/wp-content\/uploads\/2019\/01\/50889778_1223936137768293_8336514960142106624_n-768x576.jpg 768w\" sizes=\"auto, (max-width: 960px) 100vw, 960px\" \/><\/figure><\/li><li class=\"blocks-gallery-item\"><figure><img loading=\"lazy\" decoding=\"async\" width=\"960\" height=\"720\" src=\"https:\/\/urbeamea.ro\/albaiulia\/wp-content\/uploads\/2019\/01\/50898603_322263315059647_3738902888118747136_n.jpg\" alt=\"\" data-id=\"71732\" data-link=\"https:\/\/urbeamea.ro\/albaiulia\/?attachment_id=71732\" class=\"wp-image-71732\" srcset=\"https:\/\/urbeamea.ro\/albaiulia\/wp-content\/uploads\/2019\/01\/50898603_322263315059647_3738902888118747136_n.jpg 960w, https:\/\/urbeamea.ro\/albaiulia\/wp-content\/uploads\/2019\/01\/50898603_322263315059647_3738902888118747136_n-150x113.jpg 150w, https:\/\/urbeamea.ro\/albaiulia\/wp-content\/uploads\/2019\/01\/50898603_322263315059647_3738902888118747136_n-640x480.jpg 640w, https:\/\/urbeamea.ro\/albaiulia\/wp-content\/uploads\/2019\/01\/50898603_322263315059647_3738902888118747136_n-768x576.jpg 768w\" sizes=\"auto, (max-width: 960px) 100vw, 960px\" \/><\/figure><\/li><li class=\"blocks-gallery-item\"><figure><img loading=\"lazy\" decoding=\"async\" width=\"960\" height=\"720\" src=\"https:\/\/urbeamea.ro\/albaiulia\/wp-content\/uploads\/2019\/01\/51148726_1132290273615555_3975491376367271936_n.jpg\" alt=\"\" data-id=\"71733\" data-link=\"https:\/\/urbeamea.ro\/albaiulia\/?attachment_id=71733\" class=\"wp-image-71733\" srcset=\"https:\/\/urbeamea.ro\/albaiulia\/wp-content\/uploads\/2019\/01\/51148726_1132290273615555_3975491376367271936_n.jpg 960w, https:\/\/urbeamea.ro\/albaiulia\/wp-content\/uploads\/2019\/01\/51148726_1132290273615555_3975491376367271936_n-150x113.jpg 150w, https:\/\/urbeamea.ro\/albaiulia\/wp-content\/uploads\/2019\/01\/51148726_1132290273615555_3975491376367271936_n-640x480.jpg 640w, https:\/\/urbeamea.ro\/albaiulia\/wp-content\/uploads\/2019\/01\/51148726_1132290273615555_3975491376367271936_n-768x576.jpg 768w\" sizes=\"auto, (max-width: 960px) 100vw, 960px\" \/><\/figure><\/li><li class=\"blocks-gallery-item\"><figure><img loading=\"lazy\" decoding=\"async\" width=\"960\" height=\"720\" src=\"https:\/\/urbeamea.ro\/albaiulia\/wp-content\/uploads\/2019\/01\/51190465_395171677719744_1154082571705909248_n.jpg\" alt=\"\" data-id=\"71734\" data-link=\"https:\/\/urbeamea.ro\/albaiulia\/?attachment_id=71734\" class=\"wp-image-71734\" srcset=\"https:\/\/urbeamea.ro\/albaiulia\/wp-content\/uploads\/2019\/01\/51190465_395171677719744_1154082571705909248_n.jpg 960w, https:\/\/urbeamea.ro\/albaiulia\/wp-content\/uploads\/2019\/01\/51190465_395171677719744_1154082571705909248_n-150x113.jpg 150w, https:\/\/urbeamea.ro\/albaiulia\/wp-content\/uploads\/2019\/01\/51190465_395171677719744_1154082571705909248_n-640x480.jpg 640w, https:\/\/urbeamea.ro\/albaiulia\/wp-content\/uploads\/2019\/01\/51190465_395171677719744_1154082571705909248_n-768x576.jpg 768w\" sizes=\"auto, (max-width: 960px) 100vw, 960px\" \/><\/figure><\/li><li class=\"blocks-gallery-item\"><figure><img loading=\"lazy\" decoding=\"async\" width=\"960\" height=\"720\" src=\"https:\/\/urbeamea.ro\/albaiulia\/wp-content\/uploads\/2019\/01\/51330691_346483402614143_115086637993558016_n.jpg\" alt=\"\" data-id=\"71735\" data-link=\"https:\/\/urbeamea.ro\/albaiulia\/?attachment_id=71735\" class=\"wp-image-71735\" srcset=\"https:\/\/urbeamea.ro\/albaiulia\/wp-content\/uploads\/2019\/01\/51330691_346483402614143_115086637993558016_n.jpg 960w, https:\/\/urbeamea.ro\/albaiulia\/wp-content\/uploads\/2019\/01\/51330691_346483402614143_115086637993558016_n-150x113.jpg 150w, https:\/\/urbeamea.ro\/albaiulia\/wp-content\/uploads\/2019\/01\/51330691_346483402614143_115086637993558016_n-640x480.jpg 640w, https:\/\/urbeamea.ro\/albaiulia\/wp-content\/uploads\/2019\/01\/51330691_346483402614143_115086637993558016_n-768x576.jpg 768w\" sizes=\"auto, (max-width: 960px) 100vw, 960px\" \/><\/figure><\/li><li class=\"blocks-gallery-item\"><figure><img loading=\"lazy\" decoding=\"async\" width=\"1280\" height=\"853\" src=\"https:\/\/urbeamea.ro\/albaiulia\/wp-content\/uploads\/2019\/01\/DSC_0001-1280x853.jpg\" alt=\"\" data-id=\"71736\" data-link=\"https:\/\/urbeamea.ro\/albaiulia\/?attachment_id=71736\" class=\"wp-image-71736\" srcset=\"https:\/\/urbeamea.ro\/albaiulia\/wp-content\/uploads\/2019\/01\/DSC_0001-1280x853.jpg 1280w, https:\/\/urbeamea.ro\/albaiulia\/wp-content\/uploads\/2019\/01\/DSC_0001-150x100.jpg 150w, https:\/\/urbeamea.ro\/albaiulia\/wp-content\/uploads\/2019\/01\/DSC_0001-640x427.jpg 640w, https:\/\/urbeamea.ro\/albaiulia\/wp-content\/uploads\/2019\/01\/DSC_0001-768x512.jpg 768w\" sizes=\"auto, (max-width: 1280px) 100vw, 1280px\" \/><\/figure><\/li><\/ul>\n","protected":false},"excerpt":{"rendered":"<p>Joi, 24 ianuarie 2019, \u00een Cetatea Alba Carolina au fost marca\u021bi cei 160 de ani de la \u201eMica Unire\u201d. Momentul istoric a fost s\u0103rb\u0103torit \u00een fa\u021ba statuii lui Mihai Viteazul printr-o serie de manifest\u0103ri care au relatat importan\u021ba Unirii Principatelor Rom\u00e2ne. \u00cen fa\u021ba Statuii lui Mihai Viteazul, aproape de Sala Unirii, au loc o serie &hellip;<\/p>\n","protected":false},"author":17,"featured_media":71732,"comment_status":"open","ping_status":"open","sticky":false,"template":"","format":"standard","meta":{"inline_featured_image":false,"footnotes":""},"categories":[4],"tags":[17049,31,1248,17050,667,76],"class_list":["post-71708","post","type-post","status-publish","format-standard","has-post-thumbnail","hentry","category-eveniment","tag-160-de-ani-de-la-mica-unire","tag-alba-iulia","tag-manifestari","tag-moment-istoric","tag-spectacol-artistic","tag-urbea-mea"],"yoast_head":"<!-- This site is optimized with the Yoast SEO plugin v28.3 - https:\/\/yoast.com\/product\/yoast-seo-wordpress\/ -->\n<title>FOTO-VIDEO: Spectacol artistic \u0219i Hora Unirii la Alba Iulia, cu ocazia \u00eemplinirii a 160 de ani de la Mica Unire - Revista Urbea Mea - Revista de Alba<\/title>\n<meta name=\"description\" content=\"Joi, 24 ianuarie 2019, \u00een Cetatea Alba Carolina au fost marca\u021bi cei 160 de ani de la \u201eMica Unire\u201d. Momentul istoric a fost s\u0103rb\u0103torit \u00een fa\u021ba statuii lui\" \/>\n<meta name=\"robots\" content=\"index, follow, max-snippet:-1, max-image-preview:large, max-video-preview:-1\" \/>\n<link rel=\"canonical\" href=\"https:\/\/urbeamea.ro\/albaiulia\/foto-video-spectacol-artistic-si-hora-unirii-la-alba-iulia-cu-ocazia-implinirii-a-160-de-ani-de-la-mica-unire\/\" \/>\n<meta name=\"twitter:card\" content=\"summary_large_image\" \/>\n<meta name=\"twitter:title\" content=\"FOTO-VIDEO: Spectacol artistic \u0219i Hora Unirii la Alba Iulia, cu ocazia \u00eemplinirii a 160 de ani de la Mica Unire - Revista Urbea Mea - Revista de Alba\" \/>\n<meta name=\"twitter:description\" content=\"Joi, 24 ianuarie 2019, \u00een Cetatea Alba Carolina au fost marca\u021bi cei 160 de ani de la \u201eMica Unire\u201d. Momentul istoric a fost s\u0103rb\u0103torit \u00een fa\u021ba statuii lui\" \/>\n<meta name=\"twitter:image\" content=\"https:\/\/urbeamea.ro\/albaiulia\/wp-content\/uploads\/2019\/01\/50898603_322263315059647_3738902888118747136_n.jpg\" \/>\n<meta name=\"twitter:creator\" content=\"@urbeameaweb\" \/>\n<meta name=\"twitter:site\" content=\"@urbeameaweb\" \/>\n<script type=\"application\/ld+json\" class=\"yoast-schema-graph\">{\"@context\":\"https:\\\/\\\/schema.org\",\"@graph\":[{\"@type\":\"Article\",\"@id\":\"https:\\\/\\\/urbeamea.ro\\\/albaiulia\\\/foto-video-spectacol-artistic-si-hora-unirii-la-alba-iulia-cu-ocazia-implinirii-a-160-de-ani-de-la-mica-unire\\\/#article\",\"isPartOf\":{\"@id\":\"https:\\\/\\\/urbeamea.ro\\\/albaiulia\\\/foto-video-spectacol-artistic-si-hora-unirii-la-alba-iulia-cu-ocazia-implinirii-a-160-de-ani-de-la-mica-unire\\\/\"},\"author\":{\"name\":\"Cristina Ganga\",\"@id\":\"https:\\\/\\\/urbeamea.ro\\\/albaiulia\\\/#\\\/schema\\\/person\\\/9700d21fae21c4f038b0b56f4506264a\"},\"headline\":\"FOTO-VIDEO: Spectacol artistic \u0219i Hora Unirii la Alba Iulia, cu ocazia \u00eemplinirii a 160 de ani de la Mica Unire\",\"datePublished\":\"2019-01-24T10:25:06+00:00\",\"dateModified\":\"2019-01-24T10:25:10+00:00\",\"mainEntityOfPage\":{\"@id\":\"https:\\\/\\\/urbeamea.ro\\\/albaiulia\\\/foto-video-spectacol-artistic-si-hora-unirii-la-alba-iulia-cu-ocazia-implinirii-a-160-de-ani-de-la-mica-unire\\\/\"},\"wordCount\":237,\"commentCount\":0,\"image\":{\"@id\":\"https:\\\/\\\/urbeamea.ro\\\/albaiulia\\\/foto-video-spectacol-artistic-si-hora-unirii-la-alba-iulia-cu-ocazia-implinirii-a-160-de-ani-de-la-mica-unire\\\/#primaryimage\"},\"thumbnailUrl\":\"https:\\\/\\\/urbeamea.ro\\\/albaiulia\\\/wp-content\\\/uploads\\\/2019\\\/01\\\/50898603_322263315059647_3738902888118747136_n.jpg\",\"keywords\":[\"160 de ani de la mica unire\",\"Alba Iulia\",\"manifestari\",\"moment istoric\",\"spectacol artistic\",\"Urbea Mea\"],\"articleSection\":[\"Evenimente\"],\"inLanguage\":\"ro-RO\",\"potentialAction\":[{\"@type\":\"CommentAction\",\"name\":\"Comment\",\"target\":[\"https:\\\/\\\/urbeamea.ro\\\/albaiulia\\\/foto-video-spectacol-artistic-si-hora-unirii-la-alba-iulia-cu-ocazia-implinirii-a-160-de-ani-de-la-mica-unire\\\/#respond\"]}]},{\"@type\":\"WebPage\",\"@id\":\"https:\\\/\\\/urbeamea.ro\\\/albaiulia\\\/foto-video-spectacol-artistic-si-hora-unirii-la-alba-iulia-cu-ocazia-implinirii-a-160-de-ani-de-la-mica-unire\\\/\",\"url\":\"https:\\\/\\\/urbeamea.ro\\\/albaiulia\\\/foto-video-spectacol-artistic-si-hora-unirii-la-alba-iulia-cu-ocazia-implinirii-a-160-de-ani-de-la-mica-unire\\\/\",\"name\":\"FOTO-VIDEO: Spectacol artistic \u0219i Hora Unirii la Alba Iulia, cu ocazia \u00eemplinirii a 160 de ani de la Mica Unire - Revista Urbea Mea - Revista de Alba\",\"isPartOf\":{\"@id\":\"https:\\\/\\\/urbeamea.ro\\\/albaiulia\\\/#website\"},\"primaryImageOfPage\":{\"@id\":\"https:\\\/\\\/urbeamea.ro\\\/albaiulia\\\/foto-video-spectacol-artistic-si-hora-unirii-la-alba-iulia-cu-ocazia-implinirii-a-160-de-ani-de-la-mica-unire\\\/#primaryimage\"},\"image\":{\"@id\":\"https:\\\/\\\/urbeamea.ro\\\/albaiulia\\\/foto-video-spectacol-artistic-si-hora-unirii-la-alba-iulia-cu-ocazia-implinirii-a-160-de-ani-de-la-mica-unire\\\/#primaryimage\"},\"thumbnailUrl\":\"https:\\\/\\\/urbeamea.ro\\\/albaiulia\\\/wp-content\\\/uploads\\\/2019\\\/01\\\/50898603_322263315059647_3738902888118747136_n.jpg\",\"datePublished\":\"2019-01-24T10:25:06+00:00\",\"dateModified\":\"2019-01-24T10:25:10+00:00\",\"author\":{\"@id\":\"https:\\\/\\\/urbeamea.ro\\\/albaiulia\\\/#\\\/schema\\\/person\\\/9700d21fae21c4f038b0b56f4506264a\"},\"description\":\"Joi, 24 ianuarie 2019, \u00een Cetatea Alba Carolina au fost marca\u021bi cei 160 de ani de la \u201eMica Unire\u201d. Momentul istoric a fost s\u0103rb\u0103torit \u00een fa\u021ba statuii lui\",\"breadcrumb\":{\"@id\":\"https:\\\/\\\/urbeamea.ro\\\/albaiulia\\\/foto-video-spectacol-artistic-si-hora-unirii-la-alba-iulia-cu-ocazia-implinirii-a-160-de-ani-de-la-mica-unire\\\/#breadcrumb\"},\"inLanguage\":\"ro-RO\",\"potentialAction\":[{\"@type\":\"ReadAction\",\"target\":[\"https:\\\/\\\/urbeamea.ro\\\/albaiulia\\\/foto-video-spectacol-artistic-si-hora-unirii-la-alba-iulia-cu-ocazia-implinirii-a-160-de-ani-de-la-mica-unire\\\/\"]}]},{\"@type\":\"ImageObject\",\"inLanguage\":\"ro-RO\",\"@id\":\"https:\\\/\\\/urbeamea.ro\\\/albaiulia\\\/foto-video-spectacol-artistic-si-hora-unirii-la-alba-iulia-cu-ocazia-implinirii-a-160-de-ani-de-la-mica-unire\\\/#primaryimage\",\"url\":\"https:\\\/\\\/urbeamea.ro\\\/albaiulia\\\/wp-content\\\/uploads\\\/2019\\\/01\\\/50898603_322263315059647_3738902888118747136_n.jpg\",\"contentUrl\":\"https:\\\/\\\/urbeamea.ro\\\/albaiulia\\\/wp-content\\\/uploads\\\/2019\\\/01\\\/50898603_322263315059647_3738902888118747136_n.jpg\",\"width\":960,\"height\":720},{\"@type\":\"BreadcrumbList\",\"@id\":\"https:\\\/\\\/urbeamea.ro\\\/albaiulia\\\/foto-video-spectacol-artistic-si-hora-unirii-la-alba-iulia-cu-ocazia-implinirii-a-160-de-ani-de-la-mica-unire\\\/#breadcrumb\",\"itemListElement\":[{\"@type\":\"ListItem\",\"position\":1,\"name\":\"Prima pagin\u0103\",\"item\":\"https:\\\/\\\/urbeamea.ro\\\/albaiulia\\\/\"},{\"@type\":\"ListItem\",\"position\":2,\"name\":\"FOTO-VIDEO: Spectacol artistic \u0219i Hora Unirii la Alba Iulia, cu ocazia \u00eemplinirii a 160 de ani de la Mica Unire\"}]},{\"@type\":\"WebSite\",\"@id\":\"https:\\\/\\\/urbeamea.ro\\\/albaiulia\\\/#website\",\"url\":\"https:\\\/\\\/urbeamea.ro\\\/albaiulia\\\/\",\"name\":\"Revista Urbea Mea, Stiri urbane\",\"description\":\"Evenimente \u0219i \u0219tiri din Alba Iulia, Sebe\u0219, Aiud, Blaj\",\"potentialAction\":[{\"@type\":\"SearchAction\",\"target\":{\"@type\":\"EntryPoint\",\"urlTemplate\":\"https:\\\/\\\/urbeamea.ro\\\/albaiulia\\\/?s={search_term_string}\"},\"query-input\":{\"@type\":\"PropertyValueSpecification\",\"valueRequired\":true,\"valueName\":\"search_term_string\"}}],\"inLanguage\":\"ro-RO\"},{\"@type\":\"Person\",\"@id\":\"https:\\\/\\\/urbeamea.ro\\\/albaiulia\\\/#\\\/schema\\\/person\\\/9700d21fae21c4f038b0b56f4506264a\",\"name\":\"Cristina Ganga\",\"image\":{\"@type\":\"ImageObject\",\"inLanguage\":\"ro-RO\",\"@id\":\"https:\\\/\\\/secure.gravatar.com\\\/avatar\\\/5a67661041f057b4a8ccaf26f5a8e86e2689372006d01faf3dd9eeb10b654bb4?s=96&d=mm&r=g\",\"url\":\"https:\\\/\\\/secure.gravatar.com\\\/avatar\\\/5a67661041f057b4a8ccaf26f5a8e86e2689372006d01faf3dd9eeb10b654bb4?s=96&d=mm&r=g\",\"contentUrl\":\"https:\\\/\\\/secure.gravatar.com\\\/avatar\\\/5a67661041f057b4a8ccaf26f5a8e86e2689372006d01faf3dd9eeb10b654bb4?s=96&d=mm&r=g\",\"caption\":\"Cristina Ganga\"},\"description\":\"Jurnalist\",\"sameAs\":[\"https:\\\/\\\/www.facebook.com\\\/cristina.nicola.587\"],\"url\":\"https:\\\/\\\/urbeamea.ro\\\/albaiulia\\\/author\\\/cristina-nicola\\\/\"}]}<\/script>\n<!-- \/ Yoast SEO plugin. -->","yoast_head_json":{"title":"FOTO-VIDEO: Spectacol artistic \u0219i Hora Unirii la Alba Iulia, cu ocazia \u00eemplinirii a 160 de ani de la Mica Unire - Revista Urbea Mea - Revista de Alba","description":"Joi, 24 ianuarie 2019, \u00een Cetatea Alba Carolina au fost marca\u021bi cei 160 de ani de la \u201eMica Unire\u201d. Momentul istoric a fost s\u0103rb\u0103torit \u00een fa\u021ba statuii lui","robots":{"index":"index","follow":"follow","max-snippet":"max-snippet:-1","max-image-preview":"max-image-preview:large","max-video-preview":"max-video-preview:-1"},"canonical":"https:\/\/urbeamea.ro\/albaiulia\/foto-video-spectacol-artistic-si-hora-unirii-la-alba-iulia-cu-ocazia-implinirii-a-160-de-ani-de-la-mica-unire\/","twitter_card":"summary_large_image","twitter_title":"FOTO-VIDEO: Spectacol artistic \u0219i Hora Unirii la Alba Iulia, cu ocazia \u00eemplinirii a 160 de ani de la Mica Unire - Revista Urbea Mea - Revista de Alba","twitter_description":"Joi, 24 ianuarie 2019, \u00een Cetatea Alba Carolina au fost marca\u021bi cei 160 de ani de la \u201eMica Unire\u201d. Momentul istoric a fost s\u0103rb\u0103torit \u00een fa\u021ba statuii lui","twitter_image":"https:\/\/urbeamea.ro\/albaiulia\/wp-content\/uploads\/2019\/01\/50898603_322263315059647_3738902888118747136_n.jpg","twitter_creator":"@urbeameaweb","twitter_site":"@urbeameaweb","schema":{"@context":"https:\/\/schema.org","@graph":[{"@type":"Article","@id":"https:\/\/urbeamea.ro\/albaiulia\/foto-video-spectacol-artistic-si-hora-unirii-la-alba-iulia-cu-ocazia-implinirii-a-160-de-ani-de-la-mica-unire\/#article","isPartOf":{"@id":"https:\/\/urbeamea.ro\/albaiulia\/foto-video-spectacol-artistic-si-hora-unirii-la-alba-iulia-cu-ocazia-implinirii-a-160-de-ani-de-la-mica-unire\/"},"author":{"name":"Cristina Ganga","@id":"https:\/\/urbeamea.ro\/albaiulia\/#\/schema\/person\/9700d21fae21c4f038b0b56f4506264a"},"headline":"FOTO-VIDEO: Spectacol artistic \u0219i Hora Unirii la Alba Iulia, cu ocazia \u00eemplinirii a 160 de ani de la Mica Unire","datePublished":"2019-01-24T10:25:06+00:00","dateModified":"2019-01-24T10:25:10+00:00","mainEntityOfPage":{"@id":"https:\/\/urbeamea.ro\/albaiulia\/foto-video-spectacol-artistic-si-hora-unirii-la-alba-iulia-cu-ocazia-implinirii-a-160-de-ani-de-la-mica-unire\/"},"wordCount":237,"commentCount":0,"image":{"@id":"https:\/\/urbeamea.ro\/albaiulia\/foto-video-spectacol-artistic-si-hora-unirii-la-alba-iulia-cu-ocazia-implinirii-a-160-de-ani-de-la-mica-unire\/#primaryimage"},"thumbnailUrl":"https:\/\/urbeamea.ro\/albaiulia\/wp-content\/uploads\/2019\/01\/50898603_322263315059647_3738902888118747136_n.jpg","keywords":["160 de ani de la mica unire","Alba Iulia","manifestari","moment istoric","spectacol artistic","Urbea Mea"],"articleSection":["Evenimente"],"inLanguage":"ro-RO","potentialAction":[{"@type":"CommentAction","name":"Comment","target":["https:\/\/urbeamea.ro\/albaiulia\/foto-video-spectacol-artistic-si-hora-unirii-la-alba-iulia-cu-ocazia-implinirii-a-160-de-ani-de-la-mica-unire\/#respond"]}]},{"@type":"WebPage","@id":"https:\/\/urbeamea.ro\/albaiulia\/foto-video-spectacol-artistic-si-hora-unirii-la-alba-iulia-cu-ocazia-implinirii-a-160-de-ani-de-la-mica-unire\/","url":"https:\/\/urbeamea.ro\/albaiulia\/foto-video-spectacol-artistic-si-hora-unirii-la-alba-iulia-cu-ocazia-implinirii-a-160-de-ani-de-la-mica-unire\/","name":"FOTO-VIDEO: Spectacol artistic \u0219i Hora Unirii la Alba Iulia, cu ocazia \u00eemplinirii a 160 de ani de la Mica Unire - Revista Urbea Mea - Revista de Alba","isPartOf":{"@id":"https:\/\/urbeamea.ro\/albaiulia\/#website"},"primaryImageOfPage":{"@id":"https:\/\/urbeamea.ro\/albaiulia\/foto-video-spectacol-artistic-si-hora-unirii-la-alba-iulia-cu-ocazia-implinirii-a-160-de-ani-de-la-mica-unire\/#primaryimage"},"image":{"@id":"https:\/\/urbeamea.ro\/albaiulia\/foto-video-spectacol-artistic-si-hora-unirii-la-alba-iulia-cu-ocazia-implinirii-a-160-de-ani-de-la-mica-unire\/#primaryimage"},"thumbnailUrl":"https:\/\/urbeamea.ro\/albaiulia\/wp-content\/uploads\/2019\/01\/50898603_322263315059647_3738902888118747136_n.jpg","datePublished":"2019-01-24T10:25:06+00:00","dateModified":"2019-01-24T10:25:10+00:00","author":{"@id":"https:\/\/urbeamea.ro\/albaiulia\/#\/schema\/person\/9700d21fae21c4f038b0b56f4506264a"},"description":"Joi, 24 ianuarie 2019, \u00een Cetatea Alba Carolina au fost marca\u021bi cei 160 de ani de la \u201eMica Unire\u201d. Momentul istoric a fost s\u0103rb\u0103torit \u00een fa\u021ba statuii lui","breadcrumb":{"@id":"https:\/\/urbeamea.ro\/albaiulia\/foto-video-spectacol-artistic-si-hora-unirii-la-alba-iulia-cu-ocazia-implinirii-a-160-de-ani-de-la-mica-unire\/#breadcrumb"},"inLanguage":"ro-RO","potentialAction":[{"@type":"ReadAction","target":["https:\/\/urbeamea.ro\/albaiulia\/foto-video-spectacol-artistic-si-hora-unirii-la-alba-iulia-cu-ocazia-implinirii-a-160-de-ani-de-la-mica-unire\/"]}]},{"@type":"ImageObject","inLanguage":"ro-RO","@id":"https:\/\/urbeamea.ro\/albaiulia\/foto-video-spectacol-artistic-si-hora-unirii-la-alba-iulia-cu-ocazia-implinirii-a-160-de-ani-de-la-mica-unire\/#primaryimage","url":"https:\/\/urbeamea.ro\/albaiulia\/wp-content\/uploads\/2019\/01\/50898603_322263315059647_3738902888118747136_n.jpg","contentUrl":"https:\/\/urbeamea.ro\/albaiulia\/wp-content\/uploads\/2019\/01\/50898603_322263315059647_3738902888118747136_n.jpg","width":960,"height":720},{"@type":"BreadcrumbList","@id":"https:\/\/urbeamea.ro\/albaiulia\/foto-video-spectacol-artistic-si-hora-unirii-la-alba-iulia-cu-ocazia-implinirii-a-160-de-ani-de-la-mica-unire\/#breadcrumb","itemListElement":[{"@type":"ListItem","position":1,"name":"Prima pagin\u0103","item":"https:\/\/urbeamea.ro\/albaiulia\/"},{"@type":"ListItem","position":2,"name":"FOTO-VIDEO: Spectacol artistic \u0219i Hora Unirii la Alba Iulia, cu ocazia \u00eemplinirii a 160 de ani de la Mica Unire"}]},{"@type":"WebSite","@id":"https:\/\/urbeamea.ro\/albaiulia\/#website","url":"https:\/\/urbeamea.ro\/albaiulia\/","name":"Revista Urbea Mea, Stiri urbane","description":"Evenimente \u0219i \u0219tiri din Alba Iulia, Sebe\u0219, Aiud, Blaj","potentialAction":[{"@type":"SearchAction","target":{"@type":"EntryPoint","urlTemplate":"https:\/\/urbeamea.ro\/albaiulia\/?s={search_term_string}"},"query-input":{"@type":"PropertyValueSpecification","valueRequired":true,"valueName":"search_term_string"}}],"inLanguage":"ro-RO"},{"@type":"Person","@id":"https:\/\/urbeamea.ro\/albaiulia\/#\/schema\/person\/9700d21fae21c4f038b0b56f4506264a","name":"Cristina Ganga","image":{"@type":"ImageObject","inLanguage":"ro-RO","@id":"https:\/\/secure.gravatar.com\/avatar\/5a67661041f057b4a8ccaf26f5a8e86e2689372006d01faf3dd9eeb10b654bb4?s=96&d=mm&r=g","url":"https:\/\/secure.gravatar.com\/avatar\/5a67661041f057b4a8ccaf26f5a8e86e2689372006d01faf3dd9eeb10b654bb4?s=96&d=mm&r=g","contentUrl":"https:\/\/secure.gravatar.com\/avatar\/5a67661041f057b4a8ccaf26f5a8e86e2689372006d01faf3dd9eeb10b654bb4?s=96&d=mm&r=g","caption":"Cristina Ganga"},"description":"Jurnalist","sameAs":["https:\/\/www.facebook.com\/cristina.nicola.587"],"url":"https:\/\/urbeamea.ro\/albaiulia\/author\/cristina-nicola\/"}]}},"_links":{"self":[{"href":"https:\/\/urbeamea.ro\/albaiulia\/wp-json\/wp\/v2\/posts\/71708","targetHints":{"allow":["GET"]}}],"collection":[{"href":"https:\/\/urbeamea.ro\/albaiulia\/wp-json\/wp\/v2\/posts"}],"about":[{"href":"https:\/\/urbeamea.ro\/albaiulia\/wp-json\/wp\/v2\/types\/post"}],"author":[{"embeddable":true,"href":"https:\/\/urbeamea.ro\/albaiulia\/wp-json\/wp\/v2\/users\/17"}],"replies":[{"embeddable":true,"href":"https:\/\/urbeamea.ro\/albaiulia\/wp-json\/wp\/v2\/comments?post=71708"}],"version-history":[{"count":0,"href":"https:\/\/urbeamea.ro\/albaiulia\/wp-json\/wp\/v2\/posts\/71708\/revisions"}],"wp:featuredmedia":[{"embeddable":true,"href":"https:\/\/urbeamea.ro\/albaiulia\/wp-json\/wp\/v2\/media\/71732"}],"wp:attachment":[{"href":"https:\/\/urbeamea.ro\/albaiulia\/wp-json\/wp\/v2\/media?parent=71708"}],"wp:term":[{"taxonomy":"category","embeddable":true,"href":"https:\/\/urbeamea.ro\/albaiulia\/wp-json\/wp\/v2\/categories?post=71708"},{"taxonomy":"post_tag","embeddable":true,"href":"https:\/\/urbeamea.ro\/albaiulia\/wp-json\/wp\/v2\/tags?post=71708"}],"curies":[{"name":"wp","href":"https:\/\/api.w.org\/{rel}","templated":true}]}}