{"id":71982,"date":"2019-02-05T10:09:07","date_gmt":"2019-02-05T08:09:07","guid":{"rendered":"https:\/\/urbeamea.ro\/albaiulia\/?p=71982"},"modified":"2019-02-05T10:09:13","modified_gmt":"2019-02-05T08:09:13","slug":"sambata-lumea-din-mine-cu-mircea-rusu-la-framms","status":"publish","type":"post","link":"https:\/\/urbeamea.ro\/albaiulia\/sambata-lumea-din-mine-cu-mircea-rusu-la-framms\/","title":{"rendered":"S\u00e2mb\u0103t\u0103: \u201eLumea din mine\u201d cu Mircea Rusu la Framm`s"},"content":{"rendered":"\n<p class=\"wp-block-paragraph\"><strong>\u201eLUMEA DIN MINE\u201d nu este doar titlul c\u0103r\u021bii ce-i poart\u0103 semn\u0103tura sau a triplului album lansat pe pia\u021b\u0103 \u00een urma cu doi ani. \u201eLUMEA DIN MINE\u201d \u00eenseamn\u0103 o form\u0103 de concert.<\/strong><br><\/p>\n\n\n\n<p class=\"wp-block-paragraph\">Artistul Mircea Rusu va fi prezent la Alba Iulia s\u00e2mb\u0103t\u0103, 9 februarie, \u00eencep\u00e2nd cu ora 21:00.<br><\/p>\n\n\n\n<p class=\"wp-block-paragraph\">Amintim c\u0103 MIRCEA RUSU este un artist consacrat \u0219i cunoscut \u00een lumea muzical\u0103 autohton\u0103, este artistul care a v\u00e2ndut peste un milion de discuri. <\/p>\n\n\n\n<p class=\"wp-block-paragraph\">C\u00e2teva din piesele sale fiind \u201eOMU&#8217; BUN \u0218I POMU&#8217; COPT\u201d, \u201eTR\u0102IE\u0218TE, IUBE\u0218TE \u0218I IART\u0102!\u201d, \u201eFRATE V\u00c2NT\u201d, \u201eLACRIM\u0102 DE DOR\u201d, \u201eC\u00c2MPURI AURII\u201d \u201eIARBA VERDE DE ACAS\u0102\u201d, \u201eINIMA SCRIE DOR\u201d, \u201eF\u0102R\u0102 TINE\u201d, \u201eHAI, B\u0102IE\u021aI S\u0102 BEM O BERE\u201d \u0219i multe altele.<br><\/p>\n\n\n\n<p class=\"wp-block-paragraph\">Cotiza\u021bie artist: 30 lei. <\/p>\n","protected":false},"excerpt":{"rendered":"<p>\u201eLUMEA DIN MINE\u201d nu este doar titlul c\u0103r\u021bii ce-i poart\u0103 semn\u0103tura sau a triplului album lansat pe pia\u021b\u0103 \u00een urma cu doi ani. \u201eLUMEA DIN MINE\u201d \u00eenseamn\u0103 o form\u0103 de concert. Artistul Mircea Rusu va fi prezent la Alba Iulia s\u00e2mb\u0103t\u0103, 9 februarie, \u00eencep\u00e2nd cu ora 21:00. Amintim c\u0103 MIRCEA RUSU este un artist consacrat &hellip;<\/p>\n","protected":false},"author":17,"featured_media":71984,"comment_status":"open","ping_status":"open","sticky":false,"template":"","format":"standard","meta":{"inline_featured_image":false,"footnotes":""},"categories":[4],"tags":[31,87,17120,17119,308,17121,76],"class_list":["post-71982","post","type-post","status-publish","format-standard","has-post-thumbnail","hentry","category-eveniment","tag-alba-iulia","tag-framms","tag-lumea-din-mine","tag-mircea-rusu","tag-stiri","tag-titlul-cartii","tag-urbea-mea"],"yoast_head":"<!-- This site is optimized with the Yoast SEO plugin v28.3 - https:\/\/yoast.com\/product\/yoast-seo-wordpress\/ -->\n<title>S\u00e2mb\u0103t\u0103: \u201eLumea din mine\u201d cu Mircea Rusu la Framm`s - Revista Urbea Mea - Revista de Alba<\/title>\n<meta name=\"description\" content=\"\u201eLUMEA DIN MINE\u201d nu este doar titlul c\u0103r\u021bii ce-i poart\u0103 semn\u0103tura sau a triplului album lansat pe pia\u021b\u0103 \u00een urma cu doi ani. \u201eLUMEA DIN MINE\u201d \u00eenseamn\u0103 o\" \/>\n<meta name=\"robots\" content=\"index, follow, max-snippet:-1, max-image-preview:large, max-video-preview:-1\" \/>\n<link rel=\"canonical\" href=\"https:\/\/urbeamea.ro\/albaiulia\/sambata-lumea-din-mine-cu-mircea-rusu-la-framms\/\" \/>\n<meta name=\"twitter:card\" content=\"summary_large_image\" \/>\n<meta name=\"twitter:title\" content=\"S\u00e2mb\u0103t\u0103: \u201eLumea din mine\u201d cu Mircea Rusu la Framm`s - Revista Urbea Mea - Revista de Alba\" \/>\n<meta name=\"twitter:description\" content=\"\u201eLUMEA DIN MINE\u201d nu este doar titlul c\u0103r\u021bii ce-i poart\u0103 semn\u0103tura sau a triplului album lansat pe pia\u021b\u0103 \u00een urma cu doi ani. \u201eLUMEA DIN MINE\u201d \u00eenseamn\u0103 o\" \/>\n<meta name=\"twitter:image\" content=\"https:\/\/urbeamea.ro\/albaiulia\/wp-content\/uploads\/2019\/02\/51479934_2199021913470486_8236835366271713280_n.jpg\" \/>\n<meta name=\"twitter:creator\" content=\"@urbeameaweb\" \/>\n<meta name=\"twitter:site\" content=\"@urbeameaweb\" \/>\n<script type=\"application\/ld+json\" class=\"yoast-schema-graph\">{\"@context\":\"https:\\\/\\\/schema.org\",\"@graph\":[{\"@type\":\"Article\",\"@id\":\"https:\\\/\\\/urbeamea.ro\\\/albaiulia\\\/sambata-lumea-din-mine-cu-mircea-rusu-la-framms\\\/#article\",\"isPartOf\":{\"@id\":\"https:\\\/\\\/urbeamea.ro\\\/albaiulia\\\/sambata-lumea-din-mine-cu-mircea-rusu-la-framms\\\/\"},\"author\":{\"name\":\"Cristina Ganga\",\"@id\":\"https:\\\/\\\/urbeamea.ro\\\/albaiulia\\\/#\\\/schema\\\/person\\\/9700d21fae21c4f038b0b56f4506264a\"},\"headline\":\"S\u00e2mb\u0103t\u0103: \u201eLumea din mine\u201d cu Mircea Rusu la Framm`s\",\"datePublished\":\"2019-02-05T08:09:07+00:00\",\"dateModified\":\"2019-02-05T08:09:13+00:00\",\"mainEntityOfPage\":{\"@id\":\"https:\\\/\\\/urbeamea.ro\\\/albaiulia\\\/sambata-lumea-din-mine-cu-mircea-rusu-la-framms\\\/\"},\"wordCount\":140,\"commentCount\":0,\"image\":{\"@id\":\"https:\\\/\\\/urbeamea.ro\\\/albaiulia\\\/sambata-lumea-din-mine-cu-mircea-rusu-la-framms\\\/#primaryimage\"},\"thumbnailUrl\":\"https:\\\/\\\/urbeamea.ro\\\/albaiulia\\\/wp-content\\\/uploads\\\/2019\\\/02\\\/51479934_2199021913470486_8236835366271713280_n.jpg\",\"keywords\":[\"Alba Iulia\",\"framm's\",\"lumea din mine\",\"mircea rusu\",\"stiri\",\"titlul cartii\",\"Urbea Mea\"],\"articleSection\":[\"Evenimente\"],\"inLanguage\":\"ro-RO\",\"potentialAction\":[{\"@type\":\"CommentAction\",\"name\":\"Comment\",\"target\":[\"https:\\\/\\\/urbeamea.ro\\\/albaiulia\\\/sambata-lumea-din-mine-cu-mircea-rusu-la-framms\\\/#respond\"]}]},{\"@type\":\"WebPage\",\"@id\":\"https:\\\/\\\/urbeamea.ro\\\/albaiulia\\\/sambata-lumea-din-mine-cu-mircea-rusu-la-framms\\\/\",\"url\":\"https:\\\/\\\/urbeamea.ro\\\/albaiulia\\\/sambata-lumea-din-mine-cu-mircea-rusu-la-framms\\\/\",\"name\":\"S\u00e2mb\u0103t\u0103: \u201eLumea din mine\u201d cu Mircea Rusu la Framm`s - Revista Urbea Mea - Revista de Alba\",\"isPartOf\":{\"@id\":\"https:\\\/\\\/urbeamea.ro\\\/albaiulia\\\/#website\"},\"primaryImageOfPage\":{\"@id\":\"https:\\\/\\\/urbeamea.ro\\\/albaiulia\\\/sambata-lumea-din-mine-cu-mircea-rusu-la-framms\\\/#primaryimage\"},\"image\":{\"@id\":\"https:\\\/\\\/urbeamea.ro\\\/albaiulia\\\/sambata-lumea-din-mine-cu-mircea-rusu-la-framms\\\/#primaryimage\"},\"thumbnailUrl\":\"https:\\\/\\\/urbeamea.ro\\\/albaiulia\\\/wp-content\\\/uploads\\\/2019\\\/02\\\/51479934_2199021913470486_8236835366271713280_n.jpg\",\"datePublished\":\"2019-02-05T08:09:07+00:00\",\"dateModified\":\"2019-02-05T08:09:13+00:00\",\"author\":{\"@id\":\"https:\\\/\\\/urbeamea.ro\\\/albaiulia\\\/#\\\/schema\\\/person\\\/9700d21fae21c4f038b0b56f4506264a\"},\"description\":\"\u201eLUMEA DIN MINE\u201d nu este doar titlul c\u0103r\u021bii ce-i poart\u0103 semn\u0103tura sau a triplului album lansat pe pia\u021b\u0103 \u00een urma cu doi ani. \u201eLUMEA DIN MINE\u201d \u00eenseamn\u0103 o\",\"breadcrumb\":{\"@id\":\"https:\\\/\\\/urbeamea.ro\\\/albaiulia\\\/sambata-lumea-din-mine-cu-mircea-rusu-la-framms\\\/#breadcrumb\"},\"inLanguage\":\"ro-RO\",\"potentialAction\":[{\"@type\":\"ReadAction\",\"target\":[\"https:\\\/\\\/urbeamea.ro\\\/albaiulia\\\/sambata-lumea-din-mine-cu-mircea-rusu-la-framms\\\/\"]}]},{\"@type\":\"ImageObject\",\"inLanguage\":\"ro-RO\",\"@id\":\"https:\\\/\\\/urbeamea.ro\\\/albaiulia\\\/sambata-lumea-din-mine-cu-mircea-rusu-la-framms\\\/#primaryimage\",\"url\":\"https:\\\/\\\/urbeamea.ro\\\/albaiulia\\\/wp-content\\\/uploads\\\/2019\\\/02\\\/51479934_2199021913470486_8236835366271713280_n.jpg\",\"contentUrl\":\"https:\\\/\\\/urbeamea.ro\\\/albaiulia\\\/wp-content\\\/uploads\\\/2019\\\/02\\\/51479934_2199021913470486_8236835366271713280_n.jpg\",\"width\":922,\"height\":960},{\"@type\":\"BreadcrumbList\",\"@id\":\"https:\\\/\\\/urbeamea.ro\\\/albaiulia\\\/sambata-lumea-din-mine-cu-mircea-rusu-la-framms\\\/#breadcrumb\",\"itemListElement\":[{\"@type\":\"ListItem\",\"position\":1,\"name\":\"Prima pagin\u0103\",\"item\":\"https:\\\/\\\/urbeamea.ro\\\/albaiulia\\\/\"},{\"@type\":\"ListItem\",\"position\":2,\"name\":\"S\u00e2mb\u0103t\u0103: \u201eLumea din mine\u201d cu Mircea Rusu la Framm`s\"}]},{\"@type\":\"WebSite\",\"@id\":\"https:\\\/\\\/urbeamea.ro\\\/albaiulia\\\/#website\",\"url\":\"https:\\\/\\\/urbeamea.ro\\\/albaiulia\\\/\",\"name\":\"Revista Urbea Mea, Stiri urbane\",\"description\":\"Evenimente \u0219i \u0219tiri din Alba Iulia, Sebe\u0219, Aiud, Blaj\",\"potentialAction\":[{\"@type\":\"SearchAction\",\"target\":{\"@type\":\"EntryPoint\",\"urlTemplate\":\"https:\\\/\\\/urbeamea.ro\\\/albaiulia\\\/?s={search_term_string}\"},\"query-input\":{\"@type\":\"PropertyValueSpecification\",\"valueRequired\":true,\"valueName\":\"search_term_string\"}}],\"inLanguage\":\"ro-RO\"},{\"@type\":\"Person\",\"@id\":\"https:\\\/\\\/urbeamea.ro\\\/albaiulia\\\/#\\\/schema\\\/person\\\/9700d21fae21c4f038b0b56f4506264a\",\"name\":\"Cristina Ganga\",\"image\":{\"@type\":\"ImageObject\",\"inLanguage\":\"ro-RO\",\"@id\":\"https:\\\/\\\/secure.gravatar.com\\\/avatar\\\/5a67661041f057b4a8ccaf26f5a8e86e2689372006d01faf3dd9eeb10b654bb4?s=96&d=mm&r=g\",\"url\":\"https:\\\/\\\/secure.gravatar.com\\\/avatar\\\/5a67661041f057b4a8ccaf26f5a8e86e2689372006d01faf3dd9eeb10b654bb4?s=96&d=mm&r=g\",\"contentUrl\":\"https:\\\/\\\/secure.gravatar.com\\\/avatar\\\/5a67661041f057b4a8ccaf26f5a8e86e2689372006d01faf3dd9eeb10b654bb4?s=96&d=mm&r=g\",\"caption\":\"Cristina Ganga\"},\"description\":\"Jurnalist\",\"sameAs\":[\"https:\\\/\\\/www.facebook.com\\\/cristina.nicola.587\"],\"url\":\"https:\\\/\\\/urbeamea.ro\\\/albaiulia\\\/author\\\/cristina-nicola\\\/\"}]}<\/script>\n<!-- \/ Yoast SEO plugin. -->","yoast_head_json":{"title":"S\u00e2mb\u0103t\u0103: \u201eLumea din mine\u201d cu Mircea Rusu la Framm`s - Revista Urbea Mea - Revista de Alba","description":"\u201eLUMEA DIN MINE\u201d nu este doar titlul c\u0103r\u021bii ce-i poart\u0103 semn\u0103tura sau a triplului album lansat pe pia\u021b\u0103 \u00een urma cu doi ani. \u201eLUMEA DIN MINE\u201d \u00eenseamn\u0103 o","robots":{"index":"index","follow":"follow","max-snippet":"max-snippet:-1","max-image-preview":"max-image-preview:large","max-video-preview":"max-video-preview:-1"},"canonical":"https:\/\/urbeamea.ro\/albaiulia\/sambata-lumea-din-mine-cu-mircea-rusu-la-framms\/","twitter_card":"summary_large_image","twitter_title":"S\u00e2mb\u0103t\u0103: \u201eLumea din mine\u201d cu Mircea Rusu la Framm`s - Revista Urbea Mea - Revista de Alba","twitter_description":"\u201eLUMEA DIN MINE\u201d nu este doar titlul c\u0103r\u021bii ce-i poart\u0103 semn\u0103tura sau a triplului album lansat pe pia\u021b\u0103 \u00een urma cu doi ani. \u201eLUMEA DIN MINE\u201d \u00eenseamn\u0103 o","twitter_image":"https:\/\/urbeamea.ro\/albaiulia\/wp-content\/uploads\/2019\/02\/51479934_2199021913470486_8236835366271713280_n.jpg","twitter_creator":"@urbeameaweb","twitter_site":"@urbeameaweb","schema":{"@context":"https:\/\/schema.org","@graph":[{"@type":"Article","@id":"https:\/\/urbeamea.ro\/albaiulia\/sambata-lumea-din-mine-cu-mircea-rusu-la-framms\/#article","isPartOf":{"@id":"https:\/\/urbeamea.ro\/albaiulia\/sambata-lumea-din-mine-cu-mircea-rusu-la-framms\/"},"author":{"name":"Cristina Ganga","@id":"https:\/\/urbeamea.ro\/albaiulia\/#\/schema\/person\/9700d21fae21c4f038b0b56f4506264a"},"headline":"S\u00e2mb\u0103t\u0103: \u201eLumea din mine\u201d cu Mircea Rusu la Framm`s","datePublished":"2019-02-05T08:09:07+00:00","dateModified":"2019-02-05T08:09:13+00:00","mainEntityOfPage":{"@id":"https:\/\/urbeamea.ro\/albaiulia\/sambata-lumea-din-mine-cu-mircea-rusu-la-framms\/"},"wordCount":140,"commentCount":0,"image":{"@id":"https:\/\/urbeamea.ro\/albaiulia\/sambata-lumea-din-mine-cu-mircea-rusu-la-framms\/#primaryimage"},"thumbnailUrl":"https:\/\/urbeamea.ro\/albaiulia\/wp-content\/uploads\/2019\/02\/51479934_2199021913470486_8236835366271713280_n.jpg","keywords":["Alba Iulia","framm's","lumea din mine","mircea rusu","stiri","titlul cartii","Urbea Mea"],"articleSection":["Evenimente"],"inLanguage":"ro-RO","potentialAction":[{"@type":"CommentAction","name":"Comment","target":["https:\/\/urbeamea.ro\/albaiulia\/sambata-lumea-din-mine-cu-mircea-rusu-la-framms\/#respond"]}]},{"@type":"WebPage","@id":"https:\/\/urbeamea.ro\/albaiulia\/sambata-lumea-din-mine-cu-mircea-rusu-la-framms\/","url":"https:\/\/urbeamea.ro\/albaiulia\/sambata-lumea-din-mine-cu-mircea-rusu-la-framms\/","name":"S\u00e2mb\u0103t\u0103: \u201eLumea din mine\u201d cu Mircea Rusu la Framm`s - Revista Urbea Mea - Revista de Alba","isPartOf":{"@id":"https:\/\/urbeamea.ro\/albaiulia\/#website"},"primaryImageOfPage":{"@id":"https:\/\/urbeamea.ro\/albaiulia\/sambata-lumea-din-mine-cu-mircea-rusu-la-framms\/#primaryimage"},"image":{"@id":"https:\/\/urbeamea.ro\/albaiulia\/sambata-lumea-din-mine-cu-mircea-rusu-la-framms\/#primaryimage"},"thumbnailUrl":"https:\/\/urbeamea.ro\/albaiulia\/wp-content\/uploads\/2019\/02\/51479934_2199021913470486_8236835366271713280_n.jpg","datePublished":"2019-02-05T08:09:07+00:00","dateModified":"2019-02-05T08:09:13+00:00","author":{"@id":"https:\/\/urbeamea.ro\/albaiulia\/#\/schema\/person\/9700d21fae21c4f038b0b56f4506264a"},"description":"\u201eLUMEA DIN MINE\u201d nu este doar titlul c\u0103r\u021bii ce-i poart\u0103 semn\u0103tura sau a triplului album lansat pe pia\u021b\u0103 \u00een urma cu doi ani. \u201eLUMEA DIN MINE\u201d \u00eenseamn\u0103 o","breadcrumb":{"@id":"https:\/\/urbeamea.ro\/albaiulia\/sambata-lumea-din-mine-cu-mircea-rusu-la-framms\/#breadcrumb"},"inLanguage":"ro-RO","potentialAction":[{"@type":"ReadAction","target":["https:\/\/urbeamea.ro\/albaiulia\/sambata-lumea-din-mine-cu-mircea-rusu-la-framms\/"]}]},{"@type":"ImageObject","inLanguage":"ro-RO","@id":"https:\/\/urbeamea.ro\/albaiulia\/sambata-lumea-din-mine-cu-mircea-rusu-la-framms\/#primaryimage","url":"https:\/\/urbeamea.ro\/albaiulia\/wp-content\/uploads\/2019\/02\/51479934_2199021913470486_8236835366271713280_n.jpg","contentUrl":"https:\/\/urbeamea.ro\/albaiulia\/wp-content\/uploads\/2019\/02\/51479934_2199021913470486_8236835366271713280_n.jpg","width":922,"height":960},{"@type":"BreadcrumbList","@id":"https:\/\/urbeamea.ro\/albaiulia\/sambata-lumea-din-mine-cu-mircea-rusu-la-framms\/#breadcrumb","itemListElement":[{"@type":"ListItem","position":1,"name":"Prima pagin\u0103","item":"https:\/\/urbeamea.ro\/albaiulia\/"},{"@type":"ListItem","position":2,"name":"S\u00e2mb\u0103t\u0103: \u201eLumea din mine\u201d cu Mircea Rusu la Framm`s"}]},{"@type":"WebSite","@id":"https:\/\/urbeamea.ro\/albaiulia\/#website","url":"https:\/\/urbeamea.ro\/albaiulia\/","name":"Revista Urbea Mea, Stiri urbane","description":"Evenimente \u0219i \u0219tiri din Alba Iulia, Sebe\u0219, Aiud, Blaj","potentialAction":[{"@type":"SearchAction","target":{"@type":"EntryPoint","urlTemplate":"https:\/\/urbeamea.ro\/albaiulia\/?s={search_term_string}"},"query-input":{"@type":"PropertyValueSpecification","valueRequired":true,"valueName":"search_term_string"}}],"inLanguage":"ro-RO"},{"@type":"Person","@id":"https:\/\/urbeamea.ro\/albaiulia\/#\/schema\/person\/9700d21fae21c4f038b0b56f4506264a","name":"Cristina Ganga","image":{"@type":"ImageObject","inLanguage":"ro-RO","@id":"https:\/\/secure.gravatar.com\/avatar\/5a67661041f057b4a8ccaf26f5a8e86e2689372006d01faf3dd9eeb10b654bb4?s=96&d=mm&r=g","url":"https:\/\/secure.gravatar.com\/avatar\/5a67661041f057b4a8ccaf26f5a8e86e2689372006d01faf3dd9eeb10b654bb4?s=96&d=mm&r=g","contentUrl":"https:\/\/secure.gravatar.com\/avatar\/5a67661041f057b4a8ccaf26f5a8e86e2689372006d01faf3dd9eeb10b654bb4?s=96&d=mm&r=g","caption":"Cristina Ganga"},"description":"Jurnalist","sameAs":["https:\/\/www.facebook.com\/cristina.nicola.587"],"url":"https:\/\/urbeamea.ro\/albaiulia\/author\/cristina-nicola\/"}]}},"_links":{"self":[{"href":"https:\/\/urbeamea.ro\/albaiulia\/wp-json\/wp\/v2\/posts\/71982","targetHints":{"allow":["GET"]}}],"collection":[{"href":"https:\/\/urbeamea.ro\/albaiulia\/wp-json\/wp\/v2\/posts"}],"about":[{"href":"https:\/\/urbeamea.ro\/albaiulia\/wp-json\/wp\/v2\/types\/post"}],"author":[{"embeddable":true,"href":"https:\/\/urbeamea.ro\/albaiulia\/wp-json\/wp\/v2\/users\/17"}],"replies":[{"embeddable":true,"href":"https:\/\/urbeamea.ro\/albaiulia\/wp-json\/wp\/v2\/comments?post=71982"}],"version-history":[{"count":0,"href":"https:\/\/urbeamea.ro\/albaiulia\/wp-json\/wp\/v2\/posts\/71982\/revisions"}],"wp:featuredmedia":[{"embeddable":true,"href":"https:\/\/urbeamea.ro\/albaiulia\/wp-json\/wp\/v2\/media\/71984"}],"wp:attachment":[{"href":"https:\/\/urbeamea.ro\/albaiulia\/wp-json\/wp\/v2\/media?parent=71982"}],"wp:term":[{"taxonomy":"category","embeddable":true,"href":"https:\/\/urbeamea.ro\/albaiulia\/wp-json\/wp\/v2\/categories?post=71982"},{"taxonomy":"post_tag","embeddable":true,"href":"https:\/\/urbeamea.ro\/albaiulia\/wp-json\/wp\/v2\/tags?post=71982"}],"curies":[{"name":"wp","href":"https:\/\/api.w.org\/{rel}","templated":true}]}}