{"id":72021,"date":"2019-02-07T09:35:26","date_gmt":"2019-02-07T07:35:26","guid":{"rendered":"https:\/\/urbeamea.ro\/albaiulia\/?p=72021"},"modified":"2019-02-07T09:35:30","modified_gmt":"2019-02-07T07:35:30","slug":"foto-proiectul-privind-constructia-sectiei-de-psihiatrie-a-spitalului-judetean-de-urgenta-alba-iulia-aprobat-de-ministerul-dezvoltarii-regionale","status":"publish","type":"post","link":"https:\/\/urbeamea.ro\/albaiulia\/foto-proiectul-privind-constructia-sectiei-de-psihiatrie-a-spitalului-judetean-de-urgenta-alba-iulia-aprobat-de-ministerul-dezvoltarii-regionale\/","title":{"rendered":"FOTO: Proiectul privind construc\u021bia Sec\u021biei de Psihiatrie a Spitalului Jude\u021bean de Urgen\u021b\u0103 Alba Iulia, aprobat de Ministerul Dezvolt\u0103rii Regionale"},"content":{"rendered":"\n<p><strong>Proiectul depus de Spitalul Jude\u021bean de Urgen\u021b\u0103 (SJU)\nAlba Iulia, privind construc\u021bia Sec\u021biei de Psihiatrie cu ambulatoriu, 50 de\npaturi, s\u0103li de tratamente, consulta\u021bii \u0219i teras\u0103 circulabil\u0103 \u00een partea\nsuperioar\u0103, a fost aprobat de Ministerul Dezvolt\u0103rii Regionale \u0219i\nAdministra\u021biei Publice (MDRAP) care, prin Compania Na\u021bional\u0103 de Investi\u021bii\n(CNI), se va ocupa de edificare. Suma total\u0103 care va fi investit\u0103 este de\naproape 20 de milioane de lei.<\/strong><\/p>\n\n\n\n<p>Consiliul Jude\u021bean (CJ) Alba, \u00een subordinea c\u0103ruia se afl\u0103 spitalul,\navea \u00een plan finan\u021barea construc\u021biei unei moderne sec\u021bii de psihiatrie. Av\u00e2nd\n\u00een vedere suma mare de bani necesar\u0103 investi\u021biei, reprezentan\u021bii SJU Alba Iulia\n\u00eempreun\u0103 cu reprezentan\u021bii CJ Alba, au decis s\u0103 depun\u0103 la MDRAP un proiect\npentru a ob\u021bine o parte din finan\u021bare, iar banii astfel economisi\u021bi s\u0103 se\n\u00eendrepte spre alte proiecte din S\u0103n\u0103tate. Documenta\u021bia a fost depus\u0103 la MDRAP\n\u00een februarie 2017, iar finan\u021barea a fost aprobat\u0103 la \u00eenceputul acestui an.\n&nbsp;&nbsp;<\/p>\n\n\n\n<p>Valoarea investi\u021biei este de 19.921.048 de lei (inclusiv TVA), dintre\ncare 533.937 de lei provin de la Consiliul Jude\u021bean Alba. Durata prev\u0103zut\u0103 a\nexecu\u021biei este de 36 de luni, SJU Alba Iulia a predat proiectul \u0219i\namplasamentul c\u0103tre MDRAP care, prin CNI, se va ocupa de licita\u021bii, edificare\netc. SJU Alba Iulia va fi beneficiar doar dup\u0103 finalizarea investi\u021biei \u0219i nu va\nputea interveni pe parcursul derul\u0103rii acesteia. Cl\u0103direa va fi construit\u0103 \u00een\ncurtea SJU Alba Iulia, aproape de Serviciul Jude\u021bean de Medicin\u0103 Legal\u0103 \u0219i va\ncorespunde nevoilor tuturor pacien\u021bilor care vor fi interna\u021bi sau trata\u021bi aici.<\/p>\n\n\n\n<p>C\u0103ile de acces \u00een cl\u0103dire sunt prev\u0103zute cu pachete de trepte \u0219i rampe pentru persoanele cu handicap, conform standardelor \u00een vigoare. Pe l\u00e2ng\u0103 pachetele de sc\u0103ri de la extremit\u0103\u021bile imobilului, cl\u0103direa va mai fi dotat\u0103 cu un lift dimensionat pentru pacien\u021bi, un lift pentru personal \u0219i evacuare de\u0219euri \u0219i un lift pentru alimente. Pentru subsol s-a prev\u0103zut o platform\u0103 exterioar\u0103.<\/p>\n\n\n\n<figure class=\"wp-block-image\"><img loading=\"lazy\" decoding=\"async\" width=\"1280\" height=\"835\" src=\"https:\/\/urbeamea.ro\/albaiulia\/wp-content\/uploads\/2019\/02\/proiect-sectie-psihiatrie-1-1280x835.jpg\" alt=\"\" class=\"wp-image-72022\" srcset=\"https:\/\/urbeamea.ro\/albaiulia\/wp-content\/uploads\/2019\/02\/proiect-sectie-psihiatrie-1-1280x835.jpg 1280w, https:\/\/urbeamea.ro\/albaiulia\/wp-content\/uploads\/2019\/02\/proiect-sectie-psihiatrie-1-150x98.jpg 150w, https:\/\/urbeamea.ro\/albaiulia\/wp-content\/uploads\/2019\/02\/proiect-sectie-psihiatrie-1-640x418.jpg 640w, https:\/\/urbeamea.ro\/albaiulia\/wp-content\/uploads\/2019\/02\/proiect-sectie-psihiatrie-1-768x501.jpg 768w, https:\/\/urbeamea.ro\/albaiulia\/wp-content\/uploads\/2019\/02\/proiect-sectie-psihiatrie-1.jpg 1289w\" sizes=\"auto, (max-width: 1280px) 100vw, 1280px\" \/><\/figure>\n\n\n\n<p>La parter, \u00een zona central\u0103 a cl\u0103dirii, va fi amplasat ambulatoriul de\npsihiatrie. Sector ambulatoriu (pentru pacien\u0163i neinterna\u0163i) cuprinde: cabinete\nde consulta\u0163ii \u015fi tratamente, compartiment de eviden\u0163\u0103 medical\u0103, programare,\ninformare, spa\u021bii conexe, grupuri sanitare, depozite pentru materiale sanitare\netc. Tot la parter, va fi amplasat un serviciu de primire \u015fi externare a bolnavilor,\ncu spa\u021bii de igienizare, garderob\u0103, camer\u0103 de gard\u0103, camer\u0103 de tratament \u0219i\nconsulta\u021bii, spatii de a\u0219teptare \u0219i grupuri sanitare pentru \u00eenso\u021bitori \u0219i\nvizitatori.<\/p>\n\n\n\n<p>La etajul I va fi amplasat\u0103 sec\u021bia de psihiatrie pentru femei, cu\ncapacitatea de 25 de paturi \u00een saloane, cu trei paturi \u0219i dou\u0103 rezerve cu dou\u0103\npaturi. Va fi delimitat\u0103 zona cu pacien\u021bi nevrotici de zona cu pacien\u021bi\npsihotici. De asemenea, vor fi construite trei cabinete de consulta\u021bii, sal\u0103 de\ntratament, sal\u0103 de activit\u0103\u021bi, sal\u0103 de mese, oficii, boxe etc.<\/p>\n\n\n\n<p>La etajul II va fi amplasat\u0103 sec\u021bia de psihiatrie pentru b\u0103rba\u021bi cu\ncapacitatea de 25 de paturi \u00een saloane cu trei paturi \u0219i dou\u0103 rezerve cu dou\u0103\npaturi. Va fi delimitat\u0103 zona cu pacien\u021bi nevrotici de zona cu pacien\u021bi\npsihotici. Pacien\u021bii vor avea acces pe terasa cl\u0103dirii, care va fi amenajat\u0103\npentru pentru relaxarea \u00een aer liber. \u0218i la acest etaj vor exista cabinete\nconsulta\u021bii, s\u0103li de tratament, sal\u0103 de activit\u0103\u021bi, sal\u0103 de mese, oficiu etc.<\/p>\n\n\n\n<p>Fiecare salon va avea grup sanitar propriu dotat cu du\u0219, lavoar \u0219i wc.\nSaloanele vor fi dotate, \u00eentre altele, cu corpuri pentru iluminatul general,\niluminat de veghe, iluminat de citit \u0219i iluminat de siguran\u021ba, dar \u0219i cu\nbutoane de panic\u0103, noptier\u0103 la fiecare pat, lavoar \u0219i climatizare. Pentru\ncircula\u021bia pacien\u021bilor este prev\u0103zut un lift cu capacitatea de 16 persoane.<\/p>\n\n\n\n<p>Terasa circulabil\u0103 cu suprafa\u021ba de circa 700 metri p\u0103tra\u021bi va oferi un\nspa\u021biu inedit de relaxare \u00een aer liber pentru pacien\u021bi \u0219i personal. Cota la\ncare este amenajat\u0103 terasa va oferi bolnavilor o oaz\u0103 de lini\u0219te \u0219i o\npriveli\u0219te frumoas\u0103 asupra spa\u021biilor din jur. Pentru siguran\u021ba pacien\u021bilor pe\n\u00eentreg perimetrul terasei va fi realizat\u0103 o copertin\u0103 tip peron din beton\narmat. \u00cen\u0103l\u021bimea copertinei va fi de 4,4 metri. \u00centre elementele copertinei se\nva monta geam antiefrac\u021bie. Se va monta, de asemenea, \u0219i gazon, iar \u00een zona\ncentral\u0103 vor fi realizate jardiniere \u00een care vor fi planta\u021bi arbu\u0219ti decorativi\nsi vor fi amplasate b\u0103nci.<\/p>\n\n\n\n<p>Spatiile verzi din incint\u0103 vor ocupa o suprafa\u021ba de 10.607,4 mp.\nPacien\u021bii sec\u021biei de psihiatrie vor beneficia de o incinta amenajata \u00een aer\nliber cu suprafa\u021b\u0103 de 680 mp, \u00eemprejmuit\u0103 cu un gard cu \u00een\u0103l\u021bimea de 3 metri\ndublat de gard viu.<\/p>\n\n\n\n<p>Accesul \u00een incint\u0103 se va putea face de pe Bulevardul Revolu\u021biei 1989,\nrespectiv din strada F\u00e2nt\u00e2nele.<\/p>\n\n\n\n<p>\u00cen solicitarea de finan\u021bare depus\u0103 la MDRAP s-a precizat c\u0103, \u00een\nprezent, sec\u021bia de psihiatrie existent\u0103, de pe strada Mihai Viteazul, nu\nfunc\u021bioneaz\u0103 \u00een parametri optimi, iar o astfel de investi\u021bie se justific\u0103 \u0219i\neste absolut necesar\u0103. &nbsp;<\/p>\n\n\n\n<p>De asemenea, s-a explicat c\u0103 viitoarea cl\u0103dire destinat\u0103 sec\u0163iei va\nasigura spa\u0163iul de confort \u015fi de terapie \u0163intit\u0103 a tulbur\u0103rilor psihice,\ncontribuind esen\u0163ial la resocializarea \u015fi reinser\u021bia familial\u0103 \u015fi profesional\u0103\na acestor pacien\u0163i puternic afecta\u021bi de factorii stresori dintr-o societate de\ntranzi\u0163ie traumatizant\u0103.<\/p>\n\n\n\n<p>Urgen\u0163ele psihiatrice cu poten\u021bial \u00eenalt de agresiune \u015fi autoagresiune\nvor fi tratate \u00een camere de izolare par\u0163ial\u0103 p\u00e2n\u0103 la dep\u0103\u015firea bufeului\npsihotic, urm\u00e2nd ca ulterior tratamentul s\u0103 fie continuat \u00een condi\u0163ii de\nspitalizare moderne cu nimic mai prejos de cele mai \u00eenalte standarde de\n\u00eengrijire \u0219i tratament.<\/p>\n\n\n\n<p>Sec\u021bia de Psihiatrie acu\u021bi va fi \u00een aceea\u0219i curte cu cl\u0103direa\nprincipal\u0103 a spitalului astfel \u00eenc\u00e2t colaborarea cu toate sec\u0163iile pentru\nconsulturile intersec\u0163ii va fi mult mai rapid\u0103 \u0219i \u00een folosul\npacien\u021bilor.&nbsp;&nbsp;<\/p>\n\n\n\n<p><em>Biroul de pres\u0103 al SJU Alba Iulia <\/em><em><\/em><\/p>\n","protected":false},"excerpt":{"rendered":"<p>Proiectul depus de Spitalul Jude\u021bean de Urgen\u021b\u0103 (SJU) Alba Iulia, privind construc\u021bia Sec\u021biei de Psihiatrie cu ambulatoriu, 50 de paturi, s\u0103li de tratamente, consulta\u021bii \u0219i teras\u0103 circulabil\u0103 \u00een partea superioar\u0103, a fost aprobat de Ministerul Dezvolt\u0103rii Regionale \u0219i Administra\u021biei Publice (MDRAP) care, prin Compania Na\u021bional\u0103 de Investi\u021bii (CNI), se va ocupa de edificare. Suma total\u0103 &hellip;<\/p>\n","protected":false},"author":17,"featured_media":72023,"comment_status":"open","ping_status":"open","sticky":false,"template":"","format":"standard","meta":{"inline_featured_image":false,"footnotes":""},"categories":[1],"tags":[3993,17134,380,17133,1334,76],"class_list":["post-72021","post","type-post","status-publish","format-standard","has-post-thumbnail","hentry","category-stiri-urbane","tag-aprobat","tag-ministerul-dezvoltarii-regionale","tag-proiect","tag-sectia-de-psihiatrie","tag-spitalul-judetean-alba","tag-urbea-mea"],"yoast_head":"<!-- This site is optimized with the Yoast SEO plugin v27.4 - https:\/\/yoast.com\/product\/yoast-seo-wordpress\/ -->\n<title>FOTO: Proiectul privind construc\u021bia Sec\u021biei de Psihiatrie a Spitalului Jude\u021bean de Urgen\u021b\u0103 Alba Iulia, aprobat de Ministerul Dezvolt\u0103rii Regionale - Revista Urbea Mea - Revista de Alba<\/title>\n<meta name=\"description\" content=\"Proiectul depus de Spitalul Jude\u021bean de Urgen\u021b\u0103 (SJU) Alba Iulia, privind construc\u021bia Sec\u021biei de Psihiatrie cu ambulatoriu, 50 de paturi, s\u0103li de\" \/>\n<meta name=\"robots\" content=\"index, follow, max-snippet:-1, max-image-preview:large, max-video-preview:-1\" \/>\n<link rel=\"canonical\" href=\"https:\/\/urbeamea.ro\/albaiulia\/foto-proiectul-privind-constructia-sectiei-de-psihiatrie-a-spitalului-judetean-de-urgenta-alba-iulia-aprobat-de-ministerul-dezvoltarii-regionale\/\" \/>\n<meta name=\"twitter:card\" content=\"summary_large_image\" \/>\n<meta name=\"twitter:title\" content=\"FOTO: Proiectul privind construc\u021bia Sec\u021biei de Psihiatrie a Spitalului Jude\u021bean de Urgen\u021b\u0103 Alba Iulia, aprobat de Ministerul Dezvolt\u0103rii Regionale - Revista Urbea Mea - Revista de Alba\" \/>\n<meta name=\"twitter:description\" content=\"Proiectul depus de Spitalul Jude\u021bean de Urgen\u021b\u0103 (SJU) Alba Iulia, privind construc\u021bia Sec\u021biei de Psihiatrie cu ambulatoriu, 50 de paturi, s\u0103li de\" \/>\n<meta name=\"twitter:image\" content=\"https:\/\/urbeamea.ro\/albaiulia\/wp-content\/uploads\/2019\/02\/proiect-sectie-psihiatrie.jpg\" \/>\n<meta name=\"twitter:creator\" content=\"@urbeameaweb\" \/>\n<meta name=\"twitter:site\" content=\"@urbeameaweb\" \/>\n<script type=\"application\/ld+json\" class=\"yoast-schema-graph\">{\"@context\":\"https:\\\/\\\/schema.org\",\"@graph\":[{\"@type\":\"Article\",\"@id\":\"https:\\\/\\\/urbeamea.ro\\\/albaiulia\\\/foto-proiectul-privind-constructia-sectiei-de-psihiatrie-a-spitalului-judetean-de-urgenta-alba-iulia-aprobat-de-ministerul-dezvoltarii-regionale\\\/#article\",\"isPartOf\":{\"@id\":\"https:\\\/\\\/urbeamea.ro\\\/albaiulia\\\/foto-proiectul-privind-constructia-sectiei-de-psihiatrie-a-spitalului-judetean-de-urgenta-alba-iulia-aprobat-de-ministerul-dezvoltarii-regionale\\\/\"},\"author\":{\"name\":\"Cristina Ganga\",\"@id\":\"https:\\\/\\\/urbeamea.ro\\\/albaiulia\\\/#\\\/schema\\\/person\\\/9700d21fae21c4f038b0b56f4506264a\"},\"headline\":\"FOTO: Proiectul privind construc\u021bia Sec\u021biei de Psihiatrie a Spitalului Jude\u021bean de Urgen\u021b\u0103 Alba Iulia, aprobat de Ministerul Dezvolt\u0103rii Regionale\",\"datePublished\":\"2019-02-07T07:35:26+00:00\",\"dateModified\":\"2019-02-07T07:35:30+00:00\",\"mainEntityOfPage\":{\"@id\":\"https:\\\/\\\/urbeamea.ro\\\/albaiulia\\\/foto-proiectul-privind-constructia-sectiei-de-psihiatrie-a-spitalului-judetean-de-urgenta-alba-iulia-aprobat-de-ministerul-dezvoltarii-regionale\\\/\"},\"wordCount\":1047,\"commentCount\":0,\"image\":{\"@id\":\"https:\\\/\\\/urbeamea.ro\\\/albaiulia\\\/foto-proiectul-privind-constructia-sectiei-de-psihiatrie-a-spitalului-judetean-de-urgenta-alba-iulia-aprobat-de-ministerul-dezvoltarii-regionale\\\/#primaryimage\"},\"thumbnailUrl\":\"https:\\\/\\\/urbeamea.ro\\\/albaiulia\\\/wp-content\\\/uploads\\\/2019\\\/02\\\/proiect-sectie-psihiatrie.jpg\",\"keywords\":[\"aprobat\",\"ministerul dezvoltarii regionale\",\"proiect\",\"sectia de psihiatrie\",\"spitalul judetean alba\",\"Urbea Mea\"],\"articleSection\":[\"\u015etiri Urbane\"],\"inLanguage\":\"ro-RO\",\"potentialAction\":[{\"@type\":\"CommentAction\",\"name\":\"Comment\",\"target\":[\"https:\\\/\\\/urbeamea.ro\\\/albaiulia\\\/foto-proiectul-privind-constructia-sectiei-de-psihiatrie-a-spitalului-judetean-de-urgenta-alba-iulia-aprobat-de-ministerul-dezvoltarii-regionale\\\/#respond\"]}]},{\"@type\":\"WebPage\",\"@id\":\"https:\\\/\\\/urbeamea.ro\\\/albaiulia\\\/foto-proiectul-privind-constructia-sectiei-de-psihiatrie-a-spitalului-judetean-de-urgenta-alba-iulia-aprobat-de-ministerul-dezvoltarii-regionale\\\/\",\"url\":\"https:\\\/\\\/urbeamea.ro\\\/albaiulia\\\/foto-proiectul-privind-constructia-sectiei-de-psihiatrie-a-spitalului-judetean-de-urgenta-alba-iulia-aprobat-de-ministerul-dezvoltarii-regionale\\\/\",\"name\":\"FOTO: Proiectul privind construc\u021bia Sec\u021biei de Psihiatrie a Spitalului Jude\u021bean de Urgen\u021b\u0103 Alba Iulia, aprobat de Ministerul Dezvolt\u0103rii Regionale - Revista Urbea Mea - Revista de Alba\",\"isPartOf\":{\"@id\":\"https:\\\/\\\/urbeamea.ro\\\/albaiulia\\\/#website\"},\"primaryImageOfPage\":{\"@id\":\"https:\\\/\\\/urbeamea.ro\\\/albaiulia\\\/foto-proiectul-privind-constructia-sectiei-de-psihiatrie-a-spitalului-judetean-de-urgenta-alba-iulia-aprobat-de-ministerul-dezvoltarii-regionale\\\/#primaryimage\"},\"image\":{\"@id\":\"https:\\\/\\\/urbeamea.ro\\\/albaiulia\\\/foto-proiectul-privind-constructia-sectiei-de-psihiatrie-a-spitalului-judetean-de-urgenta-alba-iulia-aprobat-de-ministerul-dezvoltarii-regionale\\\/#primaryimage\"},\"thumbnailUrl\":\"https:\\\/\\\/urbeamea.ro\\\/albaiulia\\\/wp-content\\\/uploads\\\/2019\\\/02\\\/proiect-sectie-psihiatrie.jpg\",\"datePublished\":\"2019-02-07T07:35:26+00:00\",\"dateModified\":\"2019-02-07T07:35:30+00:00\",\"author\":{\"@id\":\"https:\\\/\\\/urbeamea.ro\\\/albaiulia\\\/#\\\/schema\\\/person\\\/9700d21fae21c4f038b0b56f4506264a\"},\"description\":\"Proiectul depus de Spitalul Jude\u021bean de Urgen\u021b\u0103 (SJU) Alba Iulia, privind construc\u021bia Sec\u021biei de Psihiatrie cu ambulatoriu, 50 de paturi, s\u0103li de\",\"breadcrumb\":{\"@id\":\"https:\\\/\\\/urbeamea.ro\\\/albaiulia\\\/foto-proiectul-privind-constructia-sectiei-de-psihiatrie-a-spitalului-judetean-de-urgenta-alba-iulia-aprobat-de-ministerul-dezvoltarii-regionale\\\/#breadcrumb\"},\"inLanguage\":\"ro-RO\",\"potentialAction\":[{\"@type\":\"ReadAction\",\"target\":[\"https:\\\/\\\/urbeamea.ro\\\/albaiulia\\\/foto-proiectul-privind-constructia-sectiei-de-psihiatrie-a-spitalului-judetean-de-urgenta-alba-iulia-aprobat-de-ministerul-dezvoltarii-regionale\\\/\"]}]},{\"@type\":\"ImageObject\",\"inLanguage\":\"ro-RO\",\"@id\":\"https:\\\/\\\/urbeamea.ro\\\/albaiulia\\\/foto-proiectul-privind-constructia-sectiei-de-psihiatrie-a-spitalului-judetean-de-urgenta-alba-iulia-aprobat-de-ministerul-dezvoltarii-regionale\\\/#primaryimage\",\"url\":\"https:\\\/\\\/urbeamea.ro\\\/albaiulia\\\/wp-content\\\/uploads\\\/2019\\\/02\\\/proiect-sectie-psihiatrie.jpg\",\"contentUrl\":\"https:\\\/\\\/urbeamea.ro\\\/albaiulia\\\/wp-content\\\/uploads\\\/2019\\\/02\\\/proiect-sectie-psihiatrie.jpg\",\"width\":1591,\"height\":851},{\"@type\":\"BreadcrumbList\",\"@id\":\"https:\\\/\\\/urbeamea.ro\\\/albaiulia\\\/foto-proiectul-privind-constructia-sectiei-de-psihiatrie-a-spitalului-judetean-de-urgenta-alba-iulia-aprobat-de-ministerul-dezvoltarii-regionale\\\/#breadcrumb\",\"itemListElement\":[{\"@type\":\"ListItem\",\"position\":1,\"name\":\"Prima pagin\u0103\",\"item\":\"https:\\\/\\\/urbeamea.ro\\\/albaiulia\\\/\"},{\"@type\":\"ListItem\",\"position\":2,\"name\":\"FOTO: Proiectul privind construc\u021bia Sec\u021biei de Psihiatrie a Spitalului Jude\u021bean de Urgen\u021b\u0103 Alba Iulia, aprobat de Ministerul Dezvolt\u0103rii Regionale\"}]},{\"@type\":\"WebSite\",\"@id\":\"https:\\\/\\\/urbeamea.ro\\\/albaiulia\\\/#website\",\"url\":\"https:\\\/\\\/urbeamea.ro\\\/albaiulia\\\/\",\"name\":\"Revista Urbea Mea, Stiri urbane\",\"description\":\"Evenimente \u0219i \u0219tiri din Alba Iulia, Sebe\u0219, Aiud, Blaj\",\"potentialAction\":[{\"@type\":\"SearchAction\",\"target\":{\"@type\":\"EntryPoint\",\"urlTemplate\":\"https:\\\/\\\/urbeamea.ro\\\/albaiulia\\\/?s={search_term_string}\"},\"query-input\":{\"@type\":\"PropertyValueSpecification\",\"valueRequired\":true,\"valueName\":\"search_term_string\"}}],\"inLanguage\":\"ro-RO\"},{\"@type\":\"Person\",\"@id\":\"https:\\\/\\\/urbeamea.ro\\\/albaiulia\\\/#\\\/schema\\\/person\\\/9700d21fae21c4f038b0b56f4506264a\",\"name\":\"Cristina Ganga\",\"image\":{\"@type\":\"ImageObject\",\"inLanguage\":\"ro-RO\",\"@id\":\"https:\\\/\\\/secure.gravatar.com\\\/avatar\\\/5a67661041f057b4a8ccaf26f5a8e86e2689372006d01faf3dd9eeb10b654bb4?s=96&d=mm&r=g\",\"url\":\"https:\\\/\\\/secure.gravatar.com\\\/avatar\\\/5a67661041f057b4a8ccaf26f5a8e86e2689372006d01faf3dd9eeb10b654bb4?s=96&d=mm&r=g\",\"contentUrl\":\"https:\\\/\\\/secure.gravatar.com\\\/avatar\\\/5a67661041f057b4a8ccaf26f5a8e86e2689372006d01faf3dd9eeb10b654bb4?s=96&d=mm&r=g\",\"caption\":\"Cristina Ganga\"},\"description\":\"Jurnalist\",\"sameAs\":[\"https:\\\/\\\/www.facebook.com\\\/cristina.nicola.587\"],\"url\":\"https:\\\/\\\/urbeamea.ro\\\/albaiulia\\\/author\\\/cristina-nicola\\\/\"}]}<\/script>\n<!-- \/ Yoast SEO plugin. -->","yoast_head_json":{"title":"FOTO: Proiectul privind construc\u021bia Sec\u021biei de Psihiatrie a Spitalului Jude\u021bean de Urgen\u021b\u0103 Alba Iulia, aprobat de Ministerul Dezvolt\u0103rii Regionale - Revista Urbea Mea - Revista de Alba","description":"Proiectul depus de Spitalul Jude\u021bean de Urgen\u021b\u0103 (SJU) Alba Iulia, privind construc\u021bia Sec\u021biei de Psihiatrie cu ambulatoriu, 50 de paturi, s\u0103li de","robots":{"index":"index","follow":"follow","max-snippet":"max-snippet:-1","max-image-preview":"max-image-preview:large","max-video-preview":"max-video-preview:-1"},"canonical":"https:\/\/urbeamea.ro\/albaiulia\/foto-proiectul-privind-constructia-sectiei-de-psihiatrie-a-spitalului-judetean-de-urgenta-alba-iulia-aprobat-de-ministerul-dezvoltarii-regionale\/","twitter_card":"summary_large_image","twitter_title":"FOTO: Proiectul privind construc\u021bia Sec\u021biei de Psihiatrie a Spitalului Jude\u021bean de Urgen\u021b\u0103 Alba Iulia, aprobat de Ministerul Dezvolt\u0103rii Regionale - Revista Urbea Mea - Revista de Alba","twitter_description":"Proiectul depus de Spitalul Jude\u021bean de Urgen\u021b\u0103 (SJU) Alba Iulia, privind construc\u021bia Sec\u021biei de Psihiatrie cu ambulatoriu, 50 de paturi, s\u0103li de","twitter_image":"https:\/\/urbeamea.ro\/albaiulia\/wp-content\/uploads\/2019\/02\/proiect-sectie-psihiatrie.jpg","twitter_creator":"@urbeameaweb","twitter_site":"@urbeameaweb","schema":{"@context":"https:\/\/schema.org","@graph":[{"@type":"Article","@id":"https:\/\/urbeamea.ro\/albaiulia\/foto-proiectul-privind-constructia-sectiei-de-psihiatrie-a-spitalului-judetean-de-urgenta-alba-iulia-aprobat-de-ministerul-dezvoltarii-regionale\/#article","isPartOf":{"@id":"https:\/\/urbeamea.ro\/albaiulia\/foto-proiectul-privind-constructia-sectiei-de-psihiatrie-a-spitalului-judetean-de-urgenta-alba-iulia-aprobat-de-ministerul-dezvoltarii-regionale\/"},"author":{"name":"Cristina Ganga","@id":"https:\/\/urbeamea.ro\/albaiulia\/#\/schema\/person\/9700d21fae21c4f038b0b56f4506264a"},"headline":"FOTO: Proiectul privind construc\u021bia Sec\u021biei de Psihiatrie a Spitalului Jude\u021bean de Urgen\u021b\u0103 Alba Iulia, aprobat de Ministerul Dezvolt\u0103rii Regionale","datePublished":"2019-02-07T07:35:26+00:00","dateModified":"2019-02-07T07:35:30+00:00","mainEntityOfPage":{"@id":"https:\/\/urbeamea.ro\/albaiulia\/foto-proiectul-privind-constructia-sectiei-de-psihiatrie-a-spitalului-judetean-de-urgenta-alba-iulia-aprobat-de-ministerul-dezvoltarii-regionale\/"},"wordCount":1047,"commentCount":0,"image":{"@id":"https:\/\/urbeamea.ro\/albaiulia\/foto-proiectul-privind-constructia-sectiei-de-psihiatrie-a-spitalului-judetean-de-urgenta-alba-iulia-aprobat-de-ministerul-dezvoltarii-regionale\/#primaryimage"},"thumbnailUrl":"https:\/\/urbeamea.ro\/albaiulia\/wp-content\/uploads\/2019\/02\/proiect-sectie-psihiatrie.jpg","keywords":["aprobat","ministerul dezvoltarii regionale","proiect","sectia de psihiatrie","spitalul judetean alba","Urbea Mea"],"articleSection":["\u015etiri Urbane"],"inLanguage":"ro-RO","potentialAction":[{"@type":"CommentAction","name":"Comment","target":["https:\/\/urbeamea.ro\/albaiulia\/foto-proiectul-privind-constructia-sectiei-de-psihiatrie-a-spitalului-judetean-de-urgenta-alba-iulia-aprobat-de-ministerul-dezvoltarii-regionale\/#respond"]}]},{"@type":"WebPage","@id":"https:\/\/urbeamea.ro\/albaiulia\/foto-proiectul-privind-constructia-sectiei-de-psihiatrie-a-spitalului-judetean-de-urgenta-alba-iulia-aprobat-de-ministerul-dezvoltarii-regionale\/","url":"https:\/\/urbeamea.ro\/albaiulia\/foto-proiectul-privind-constructia-sectiei-de-psihiatrie-a-spitalului-judetean-de-urgenta-alba-iulia-aprobat-de-ministerul-dezvoltarii-regionale\/","name":"FOTO: Proiectul privind construc\u021bia Sec\u021biei de Psihiatrie a Spitalului Jude\u021bean de Urgen\u021b\u0103 Alba Iulia, aprobat de Ministerul Dezvolt\u0103rii Regionale - Revista Urbea Mea - Revista de Alba","isPartOf":{"@id":"https:\/\/urbeamea.ro\/albaiulia\/#website"},"primaryImageOfPage":{"@id":"https:\/\/urbeamea.ro\/albaiulia\/foto-proiectul-privind-constructia-sectiei-de-psihiatrie-a-spitalului-judetean-de-urgenta-alba-iulia-aprobat-de-ministerul-dezvoltarii-regionale\/#primaryimage"},"image":{"@id":"https:\/\/urbeamea.ro\/albaiulia\/foto-proiectul-privind-constructia-sectiei-de-psihiatrie-a-spitalului-judetean-de-urgenta-alba-iulia-aprobat-de-ministerul-dezvoltarii-regionale\/#primaryimage"},"thumbnailUrl":"https:\/\/urbeamea.ro\/albaiulia\/wp-content\/uploads\/2019\/02\/proiect-sectie-psihiatrie.jpg","datePublished":"2019-02-07T07:35:26+00:00","dateModified":"2019-02-07T07:35:30+00:00","author":{"@id":"https:\/\/urbeamea.ro\/albaiulia\/#\/schema\/person\/9700d21fae21c4f038b0b56f4506264a"},"description":"Proiectul depus de Spitalul Jude\u021bean de Urgen\u021b\u0103 (SJU) Alba Iulia, privind construc\u021bia Sec\u021biei de Psihiatrie cu ambulatoriu, 50 de paturi, s\u0103li de","breadcrumb":{"@id":"https:\/\/urbeamea.ro\/albaiulia\/foto-proiectul-privind-constructia-sectiei-de-psihiatrie-a-spitalului-judetean-de-urgenta-alba-iulia-aprobat-de-ministerul-dezvoltarii-regionale\/#breadcrumb"},"inLanguage":"ro-RO","potentialAction":[{"@type":"ReadAction","target":["https:\/\/urbeamea.ro\/albaiulia\/foto-proiectul-privind-constructia-sectiei-de-psihiatrie-a-spitalului-judetean-de-urgenta-alba-iulia-aprobat-de-ministerul-dezvoltarii-regionale\/"]}]},{"@type":"ImageObject","inLanguage":"ro-RO","@id":"https:\/\/urbeamea.ro\/albaiulia\/foto-proiectul-privind-constructia-sectiei-de-psihiatrie-a-spitalului-judetean-de-urgenta-alba-iulia-aprobat-de-ministerul-dezvoltarii-regionale\/#primaryimage","url":"https:\/\/urbeamea.ro\/albaiulia\/wp-content\/uploads\/2019\/02\/proiect-sectie-psihiatrie.jpg","contentUrl":"https:\/\/urbeamea.ro\/albaiulia\/wp-content\/uploads\/2019\/02\/proiect-sectie-psihiatrie.jpg","width":1591,"height":851},{"@type":"BreadcrumbList","@id":"https:\/\/urbeamea.ro\/albaiulia\/foto-proiectul-privind-constructia-sectiei-de-psihiatrie-a-spitalului-judetean-de-urgenta-alba-iulia-aprobat-de-ministerul-dezvoltarii-regionale\/#breadcrumb","itemListElement":[{"@type":"ListItem","position":1,"name":"Prima pagin\u0103","item":"https:\/\/urbeamea.ro\/albaiulia\/"},{"@type":"ListItem","position":2,"name":"FOTO: Proiectul privind construc\u021bia Sec\u021biei de Psihiatrie a Spitalului Jude\u021bean de Urgen\u021b\u0103 Alba Iulia, aprobat de Ministerul Dezvolt\u0103rii Regionale"}]},{"@type":"WebSite","@id":"https:\/\/urbeamea.ro\/albaiulia\/#website","url":"https:\/\/urbeamea.ro\/albaiulia\/","name":"Revista Urbea Mea, Stiri urbane","description":"Evenimente \u0219i \u0219tiri din Alba Iulia, Sebe\u0219, Aiud, Blaj","potentialAction":[{"@type":"SearchAction","target":{"@type":"EntryPoint","urlTemplate":"https:\/\/urbeamea.ro\/albaiulia\/?s={search_term_string}"},"query-input":{"@type":"PropertyValueSpecification","valueRequired":true,"valueName":"search_term_string"}}],"inLanguage":"ro-RO"},{"@type":"Person","@id":"https:\/\/urbeamea.ro\/albaiulia\/#\/schema\/person\/9700d21fae21c4f038b0b56f4506264a","name":"Cristina Ganga","image":{"@type":"ImageObject","inLanguage":"ro-RO","@id":"https:\/\/secure.gravatar.com\/avatar\/5a67661041f057b4a8ccaf26f5a8e86e2689372006d01faf3dd9eeb10b654bb4?s=96&d=mm&r=g","url":"https:\/\/secure.gravatar.com\/avatar\/5a67661041f057b4a8ccaf26f5a8e86e2689372006d01faf3dd9eeb10b654bb4?s=96&d=mm&r=g","contentUrl":"https:\/\/secure.gravatar.com\/avatar\/5a67661041f057b4a8ccaf26f5a8e86e2689372006d01faf3dd9eeb10b654bb4?s=96&d=mm&r=g","caption":"Cristina Ganga"},"description":"Jurnalist","sameAs":["https:\/\/www.facebook.com\/cristina.nicola.587"],"url":"https:\/\/urbeamea.ro\/albaiulia\/author\/cristina-nicola\/"}]}},"_links":{"self":[{"href":"https:\/\/urbeamea.ro\/albaiulia\/wp-json\/wp\/v2\/posts\/72021","targetHints":{"allow":["GET"]}}],"collection":[{"href":"https:\/\/urbeamea.ro\/albaiulia\/wp-json\/wp\/v2\/posts"}],"about":[{"href":"https:\/\/urbeamea.ro\/albaiulia\/wp-json\/wp\/v2\/types\/post"}],"author":[{"embeddable":true,"href":"https:\/\/urbeamea.ro\/albaiulia\/wp-json\/wp\/v2\/users\/17"}],"replies":[{"embeddable":true,"href":"https:\/\/urbeamea.ro\/albaiulia\/wp-json\/wp\/v2\/comments?post=72021"}],"version-history":[{"count":0,"href":"https:\/\/urbeamea.ro\/albaiulia\/wp-json\/wp\/v2\/posts\/72021\/revisions"}],"wp:featuredmedia":[{"embeddable":true,"href":"https:\/\/urbeamea.ro\/albaiulia\/wp-json\/wp\/v2\/media\/72023"}],"wp:attachment":[{"href":"https:\/\/urbeamea.ro\/albaiulia\/wp-json\/wp\/v2\/media?parent=72021"}],"wp:term":[{"taxonomy":"category","embeddable":true,"href":"https:\/\/urbeamea.ro\/albaiulia\/wp-json\/wp\/v2\/categories?post=72021"},{"taxonomy":"post_tag","embeddable":true,"href":"https:\/\/urbeamea.ro\/albaiulia\/wp-json\/wp\/v2\/tags?post=72021"}],"curies":[{"name":"wp","href":"https:\/\/api.w.org\/{rel}","templated":true}]}}