{"id":72219,"date":"2019-02-17T17:24:54","date_gmt":"2019-02-17T15:24:54","guid":{"rendered":"https:\/\/urbeamea.ro\/albaiulia\/?p=72219"},"modified":"2019-02-17T17:34:04","modified_gmt":"2019-02-17T15:34:04","slug":"foto-senes-s-a-inscris-la-gala-nationala-a-excelentei-in-asistenta-sociala-2019-din-18-februarie-incepe-votul-on-line","status":"publish","type":"post","link":"https:\/\/urbeamea.ro\/albaiulia\/foto-senes-s-a-inscris-la-gala-nationala-a-excelentei-in-asistenta-sociala-2019-din-18-februarie-incepe-votul-on-line\/","title":{"rendered":"FOTO: Sebe\u0219 s-a \u00eenscris la Gala Na\u021bional\u0103 a excelen\u021bei \u00een Asisten\u021b\u0103 social\u0103 2019. Din 18 februarie \u00eencepe votul on-line"},"content":{"rendered":"\n<p><strong>Municipiul Sebe\u0219 s-a \u00eenscris la Gala Na\u021bional\u0103 a Excelen\u021bei \u00een Asisten\u021b\u0103 Social\u0103 edi\u021bia 2019, cu 4 portofolii:&nbsp;primarul Dorin Nistor- candidat la sec\u021biunea Politicianul Anului, Direc\u021bia de Asisten\u021b\u0103 Social\u0103 Sebe\u0219 \u2013 candidat\u0103 la sec\u021biunea Institu\u021bia Anului, asistentul social Andrei Balaur Naghi &#8211; candidat la sec\u021biunea Protec\u021bia copilului \u0219i asistentul social Ana Florina One\u021b &#8211; candidat\u0103 la sec\u021biunea Persoane cu dizabilit\u0103\u021bi.<\/strong><\/p>\n\n\n\n<p>\u00cen perioada 18-24 februarie are loc sesiunea de votare on-line pentru a avea acces \u00een etapa de evaluare a portofoliilor de activitate.<\/p>\n\n\n\n<p>Devenit un eveniment tradi\u021bie \u00een mediul social din Rom\u00e2nia, Gala Na\u021bional\u0103 a Excelen\u021bei \u00een Asisten\u021b\u0103 Social\u0103, edi\u021bia a VI-a, va avea loc \u00een data de 19 martie 2019, pe scena Ateneului Rom\u00e2n. Organizat\u0103 cu ocazia celebr\u0103rii Zilei Mondiale a Asisten\u021bei Sociale, Gala este evenimentul \u00een care asisten\u021bi sociali din \u00eentreaga \u021bar\u0103, autorit\u0103\u021bi, jurnali\u0219ti, s\u0103rb\u0103toresc realiz\u0103rile profesiei de asistent social pentru a transmite un mesaj cu privire la con\u0219tientizarea&nbsp; contribu\u021biilor din domeniul social \u0219i nevoia ac\u021biunilor ulterioare.<\/p>\n\n\n\n<p>2019 este anul \u00een care dorim s\u0103 ducem excelen\u021ba Sebe\u0219ului pe podiumul Ateneului Rom\u00e2n! Candida\u021bii no\u0219tri au nevoie sus\u021binere! \u00cencep\u00e2nd de luni, 18 februarie, vom putea vota on-line pentru a le oferi suportul necesar.<\/p>\n\n\n\n<p>Mai multe detalii g\u0103si\u021bi <a href=\"http:\/\/www.cnasr.ro\/\">aici<\/a>.<\/p>\n\n\n\n<ul class=\"wp-block-gallery columns-3 is-cropped wp-block-gallery-1 is-layout-flex wp-block-gallery-is-layout-flex\"><li class=\"blocks-gallery-item\"><figure><img loading=\"lazy\" decoding=\"async\" width=\"960\" height=\"1280\" src=\"https:\/\/urbeamea.ro\/albaiulia\/wp-content\/uploads\/2019\/02\/Ana-Florina-Onet-960x1280.jpg\" alt=\"\" data-id=\"72220\" data-link=\"https:\/\/urbeamea.ro\/albaiulia\/?attachment_id=72220\" class=\"wp-image-72220\" srcset=\"https:\/\/urbeamea.ro\/albaiulia\/wp-content\/uploads\/2019\/02\/Ana-Florina-Onet-960x1280.jpg 960w, https:\/\/urbeamea.ro\/albaiulia\/wp-content\/uploads\/2019\/02\/Ana-Florina-Onet-113x150.jpg 113w, https:\/\/urbeamea.ro\/albaiulia\/wp-content\/uploads\/2019\/02\/Ana-Florina-Onet-480x640.jpg 480w, https:\/\/urbeamea.ro\/albaiulia\/wp-content\/uploads\/2019\/02\/Ana-Florina-Onet-768x1024.jpg 768w, https:\/\/urbeamea.ro\/albaiulia\/wp-content\/uploads\/2019\/02\/Ana-Florina-Onet.jpg 1200w\" sizes=\"auto, (max-width: 960px) 100vw, 960px\" \/><\/figure><\/li><li class=\"blocks-gallery-item\"><figure><img loading=\"lazy\" decoding=\"async\" width=\"1280\" height=\"960\" src=\"https:\/\/urbeamea.ro\/albaiulia\/wp-content\/uploads\/2019\/02\/DAS-Sebes-1280x960.jpg\" alt=\"\" data-id=\"72221\" data-link=\"https:\/\/urbeamea.ro\/albaiulia\/?attachment_id=72221\" class=\"wp-image-72221\" srcset=\"https:\/\/urbeamea.ro\/albaiulia\/wp-content\/uploads\/2019\/02\/DAS-Sebes-1280x960.jpg 1280w, https:\/\/urbeamea.ro\/albaiulia\/wp-content\/uploads\/2019\/02\/DAS-Sebes-150x113.jpg 150w, https:\/\/urbeamea.ro\/albaiulia\/wp-content\/uploads\/2019\/02\/DAS-Sebes-640x480.jpg 640w, https:\/\/urbeamea.ro\/albaiulia\/wp-content\/uploads\/2019\/02\/DAS-Sebes-768x576.jpg 768w, https:\/\/urbeamea.ro\/albaiulia\/wp-content\/uploads\/2019\/02\/DAS-Sebes.jpg 1600w\" sizes=\"auto, (max-width: 1280px) 100vw, 1280px\" \/><\/figure><\/li><li class=\"blocks-gallery-item\"><figure><img loading=\"lazy\" decoding=\"async\" width=\"960\" height=\"1280\" src=\"https:\/\/urbeamea.ro\/albaiulia\/wp-content\/uploads\/2019\/02\/foto-Andrei-Balaur-Naghi-960x1280.jpg\" alt=\"\" data-id=\"72222\" data-link=\"https:\/\/urbeamea.ro\/albaiulia\/?attachment_id=72222\" class=\"wp-image-72222\" srcset=\"https:\/\/urbeamea.ro\/albaiulia\/wp-content\/uploads\/2019\/02\/foto-Andrei-Balaur-Naghi-960x1280.jpg 960w, https:\/\/urbeamea.ro\/albaiulia\/wp-content\/uploads\/2019\/02\/foto-Andrei-Balaur-Naghi-113x150.jpg 113w, https:\/\/urbeamea.ro\/albaiulia\/wp-content\/uploads\/2019\/02\/foto-Andrei-Balaur-Naghi-480x640.jpg 480w, https:\/\/urbeamea.ro\/albaiulia\/wp-content\/uploads\/2019\/02\/foto-Andrei-Balaur-Naghi-768x1024.jpg 768w, https:\/\/urbeamea.ro\/albaiulia\/wp-content\/uploads\/2019\/02\/foto-Andrei-Balaur-Naghi.jpg 1200w\" sizes=\"auto, (max-width: 960px) 100vw, 960px\" \/><\/figure><\/li><li class=\"blocks-gallery-item\"><figure><img loading=\"lazy\" decoding=\"async\" width=\"500\" height=\"283\" src=\"https:\/\/urbeamea.ro\/albaiulia\/wp-content\/uploads\/2019\/02\/Foto-Primar.jpg\" alt=\"\" data-id=\"72223\" data-link=\"https:\/\/urbeamea.ro\/albaiulia\/?attachment_id=72223\" class=\"wp-image-72223\" srcset=\"https:\/\/urbeamea.ro\/albaiulia\/wp-content\/uploads\/2019\/02\/Foto-Primar.jpg 500w, https:\/\/urbeamea.ro\/albaiulia\/wp-content\/uploads\/2019\/02\/Foto-Primar-150x85.jpg 150w\" sizes=\"auto, (max-width: 500px) 100vw, 500px\" \/><\/figure><\/li><\/ul>\n","protected":false},"excerpt":{"rendered":"<p>Municipiul Sebe\u0219 s-a \u00eenscris la Gala Na\u021bional\u0103 a Excelen\u021bei \u00een Asisten\u021b\u0103 Social\u0103 edi\u021bia 2019, cu 4 portofolii:&nbsp;primarul Dorin Nistor- candidat la sec\u021biunea Politicianul Anului, Direc\u021bia de Asisten\u021b\u0103 Social\u0103 Sebe\u0219 \u2013 candidat\u0103 la sec\u021biunea Institu\u021bia Anului, asistentul social Andrei Balaur Naghi &#8211; candidat la sec\u021biunea Protec\u021bia copilului \u0219i asistentul social Ana Florina One\u021b &#8211; candidat\u0103 la &hellip;<\/p>\n","protected":false},"author":17,"featured_media":72221,"comment_status":"open","ping_status":"open","sticky":false,"template":"","format":"standard","meta":{"inline_featured_image":false,"footnotes":""},"categories":[2034],"tags":[307,17170,17172,76,17171],"class_list":["post-72219","post","type-post","status-publish","format-standard","has-post-thumbnail","hentry","category-social","tag-alba","tag-gala-nationala-a-excelentei-in-asistenta-sociala-2019","tag-patru-portofolii","tag-urbea-mea","tag-vot-on-line"],"yoast_head":"<!-- This site is optimized with the Yoast SEO plugin v27.4 - https:\/\/yoast.com\/product\/yoast-seo-wordpress\/ -->\n<title>FOTO: Sebe\u0219 s-a \u00eenscris la Gala Na\u021bional\u0103 a excelen\u021bei \u00een Asisten\u021b\u0103 social\u0103 2019. Din 18 februarie \u00eencepe votul on-line - Revista Urbea Mea - Revista de Alba<\/title>\n<meta name=\"description\" content=\"Municipiul Sebe\u0219 s-a \u00eenscris la Gala Na\u021bional\u0103 a Excelen\u021bei \u00een Asisten\u021b\u0103 Social\u0103 edi\u021bia 2019, cu 4 portofolii:&nbsp;primarul Dorin Nistor- candidat la\" \/>\n<meta name=\"robots\" content=\"index, follow, max-snippet:-1, max-image-preview:large, max-video-preview:-1\" \/>\n<link rel=\"canonical\" href=\"https:\/\/urbeamea.ro\/albaiulia\/foto-senes-s-a-inscris-la-gala-nationala-a-excelentei-in-asistenta-sociala-2019-din-18-februarie-incepe-votul-on-line\/\" \/>\n<meta name=\"twitter:card\" content=\"summary_large_image\" \/>\n<meta name=\"twitter:title\" content=\"FOTO: Sebe\u0219 s-a \u00eenscris la Gala Na\u021bional\u0103 a excelen\u021bei \u00een Asisten\u021b\u0103 social\u0103 2019. Din 18 februarie \u00eencepe votul on-line - Revista Urbea Mea - Revista de Alba\" \/>\n<meta name=\"twitter:description\" content=\"Municipiul Sebe\u0219 s-a \u00eenscris la Gala Na\u021bional\u0103 a Excelen\u021bei \u00een Asisten\u021b\u0103 Social\u0103 edi\u021bia 2019, cu 4 portofolii:&nbsp;primarul Dorin Nistor- candidat la\" \/>\n<meta name=\"twitter:image\" content=\"https:\/\/urbeamea.ro\/albaiulia\/wp-content\/uploads\/2019\/02\/DAS-Sebes.jpg\" \/>\n<meta name=\"twitter:creator\" content=\"@urbeameaweb\" \/>\n<meta name=\"twitter:site\" content=\"@urbeameaweb\" \/>\n<script type=\"application\/ld+json\" class=\"yoast-schema-graph\">{\"@context\":\"https:\\\/\\\/schema.org\",\"@graph\":[{\"@type\":\"Article\",\"@id\":\"https:\\\/\\\/urbeamea.ro\\\/albaiulia\\\/foto-senes-s-a-inscris-la-gala-nationala-a-excelentei-in-asistenta-sociala-2019-din-18-februarie-incepe-votul-on-line\\\/#article\",\"isPartOf\":{\"@id\":\"https:\\\/\\\/urbeamea.ro\\\/albaiulia\\\/foto-senes-s-a-inscris-la-gala-nationala-a-excelentei-in-asistenta-sociala-2019-din-18-februarie-incepe-votul-on-line\\\/\"},\"author\":{\"name\":\"Cristina Ganga\",\"@id\":\"https:\\\/\\\/urbeamea.ro\\\/albaiulia\\\/#\\\/schema\\\/person\\\/9700d21fae21c4f038b0b56f4506264a\"},\"headline\":\"FOTO: Sebe\u0219 s-a \u00eenscris la Gala Na\u021bional\u0103 a excelen\u021bei \u00een Asisten\u021b\u0103 social\u0103 2019. Din 18 februarie \u00eencepe votul on-line\",\"datePublished\":\"2019-02-17T15:24:54+00:00\",\"dateModified\":\"2019-02-17T15:34:04+00:00\",\"mainEntityOfPage\":{\"@id\":\"https:\\\/\\\/urbeamea.ro\\\/albaiulia\\\/foto-senes-s-a-inscris-la-gala-nationala-a-excelentei-in-asistenta-sociala-2019-din-18-februarie-incepe-votul-on-line\\\/\"},\"wordCount\":248,\"commentCount\":0,\"image\":{\"@id\":\"https:\\\/\\\/urbeamea.ro\\\/albaiulia\\\/foto-senes-s-a-inscris-la-gala-nationala-a-excelentei-in-asistenta-sociala-2019-din-18-februarie-incepe-votul-on-line\\\/#primaryimage\"},\"thumbnailUrl\":\"https:\\\/\\\/urbeamea.ro\\\/albaiulia\\\/wp-content\\\/uploads\\\/2019\\\/02\\\/DAS-Sebes.jpg\",\"keywords\":[\"alba\",\"gala nationala a excelentei \u00een asistenta sociala 2019\",\"patru portofolii\",\"Urbea Mea\",\"vot on-line\"],\"articleSection\":[\"Social\"],\"inLanguage\":\"ro-RO\",\"potentialAction\":[{\"@type\":\"CommentAction\",\"name\":\"Comment\",\"target\":[\"https:\\\/\\\/urbeamea.ro\\\/albaiulia\\\/foto-senes-s-a-inscris-la-gala-nationala-a-excelentei-in-asistenta-sociala-2019-din-18-februarie-incepe-votul-on-line\\\/#respond\"]}]},{\"@type\":\"WebPage\",\"@id\":\"https:\\\/\\\/urbeamea.ro\\\/albaiulia\\\/foto-senes-s-a-inscris-la-gala-nationala-a-excelentei-in-asistenta-sociala-2019-din-18-februarie-incepe-votul-on-line\\\/\",\"url\":\"https:\\\/\\\/urbeamea.ro\\\/albaiulia\\\/foto-senes-s-a-inscris-la-gala-nationala-a-excelentei-in-asistenta-sociala-2019-din-18-februarie-incepe-votul-on-line\\\/\",\"name\":\"FOTO: Sebe\u0219 s-a \u00eenscris la Gala Na\u021bional\u0103 a excelen\u021bei \u00een Asisten\u021b\u0103 social\u0103 2019. Din 18 februarie \u00eencepe votul on-line - Revista Urbea Mea - Revista de Alba\",\"isPartOf\":{\"@id\":\"https:\\\/\\\/urbeamea.ro\\\/albaiulia\\\/#website\"},\"primaryImageOfPage\":{\"@id\":\"https:\\\/\\\/urbeamea.ro\\\/albaiulia\\\/foto-senes-s-a-inscris-la-gala-nationala-a-excelentei-in-asistenta-sociala-2019-din-18-februarie-incepe-votul-on-line\\\/#primaryimage\"},\"image\":{\"@id\":\"https:\\\/\\\/urbeamea.ro\\\/albaiulia\\\/foto-senes-s-a-inscris-la-gala-nationala-a-excelentei-in-asistenta-sociala-2019-din-18-februarie-incepe-votul-on-line\\\/#primaryimage\"},\"thumbnailUrl\":\"https:\\\/\\\/urbeamea.ro\\\/albaiulia\\\/wp-content\\\/uploads\\\/2019\\\/02\\\/DAS-Sebes.jpg\",\"datePublished\":\"2019-02-17T15:24:54+00:00\",\"dateModified\":\"2019-02-17T15:34:04+00:00\",\"author\":{\"@id\":\"https:\\\/\\\/urbeamea.ro\\\/albaiulia\\\/#\\\/schema\\\/person\\\/9700d21fae21c4f038b0b56f4506264a\"},\"description\":\"Municipiul Sebe\u0219 s-a \u00eenscris la Gala Na\u021bional\u0103 a Excelen\u021bei \u00een Asisten\u021b\u0103 Social\u0103 edi\u021bia 2019, cu 4 portofolii:&nbsp;primarul Dorin Nistor- candidat la\",\"breadcrumb\":{\"@id\":\"https:\\\/\\\/urbeamea.ro\\\/albaiulia\\\/foto-senes-s-a-inscris-la-gala-nationala-a-excelentei-in-asistenta-sociala-2019-din-18-februarie-incepe-votul-on-line\\\/#breadcrumb\"},\"inLanguage\":\"ro-RO\",\"potentialAction\":[{\"@type\":\"ReadAction\",\"target\":[\"https:\\\/\\\/urbeamea.ro\\\/albaiulia\\\/foto-senes-s-a-inscris-la-gala-nationala-a-excelentei-in-asistenta-sociala-2019-din-18-februarie-incepe-votul-on-line\\\/\"]}]},{\"@type\":\"ImageObject\",\"inLanguage\":\"ro-RO\",\"@id\":\"https:\\\/\\\/urbeamea.ro\\\/albaiulia\\\/foto-senes-s-a-inscris-la-gala-nationala-a-excelentei-in-asistenta-sociala-2019-din-18-februarie-incepe-votul-on-line\\\/#primaryimage\",\"url\":\"https:\\\/\\\/urbeamea.ro\\\/albaiulia\\\/wp-content\\\/uploads\\\/2019\\\/02\\\/DAS-Sebes.jpg\",\"contentUrl\":\"https:\\\/\\\/urbeamea.ro\\\/albaiulia\\\/wp-content\\\/uploads\\\/2019\\\/02\\\/DAS-Sebes.jpg\",\"width\":1600,\"height\":1200},{\"@type\":\"BreadcrumbList\",\"@id\":\"https:\\\/\\\/urbeamea.ro\\\/albaiulia\\\/foto-senes-s-a-inscris-la-gala-nationala-a-excelentei-in-asistenta-sociala-2019-din-18-februarie-incepe-votul-on-line\\\/#breadcrumb\",\"itemListElement\":[{\"@type\":\"ListItem\",\"position\":1,\"name\":\"Prima pagin\u0103\",\"item\":\"https:\\\/\\\/urbeamea.ro\\\/albaiulia\\\/\"},{\"@type\":\"ListItem\",\"position\":2,\"name\":\"FOTO: Sebe\u0219 s-a \u00eenscris la Gala Na\u021bional\u0103 a excelen\u021bei \u00een Asisten\u021b\u0103 social\u0103 2019. Din 18 februarie \u00eencepe votul on-line\"}]},{\"@type\":\"WebSite\",\"@id\":\"https:\\\/\\\/urbeamea.ro\\\/albaiulia\\\/#website\",\"url\":\"https:\\\/\\\/urbeamea.ro\\\/albaiulia\\\/\",\"name\":\"Revista Urbea Mea, Stiri urbane\",\"description\":\"Evenimente \u0219i \u0219tiri din Alba Iulia, Sebe\u0219, Aiud, Blaj\",\"potentialAction\":[{\"@type\":\"SearchAction\",\"target\":{\"@type\":\"EntryPoint\",\"urlTemplate\":\"https:\\\/\\\/urbeamea.ro\\\/albaiulia\\\/?s={search_term_string}\"},\"query-input\":{\"@type\":\"PropertyValueSpecification\",\"valueRequired\":true,\"valueName\":\"search_term_string\"}}],\"inLanguage\":\"ro-RO\"},{\"@type\":\"Person\",\"@id\":\"https:\\\/\\\/urbeamea.ro\\\/albaiulia\\\/#\\\/schema\\\/person\\\/9700d21fae21c4f038b0b56f4506264a\",\"name\":\"Cristina Ganga\",\"image\":{\"@type\":\"ImageObject\",\"inLanguage\":\"ro-RO\",\"@id\":\"https:\\\/\\\/secure.gravatar.com\\\/avatar\\\/5a67661041f057b4a8ccaf26f5a8e86e2689372006d01faf3dd9eeb10b654bb4?s=96&d=mm&r=g\",\"url\":\"https:\\\/\\\/secure.gravatar.com\\\/avatar\\\/5a67661041f057b4a8ccaf26f5a8e86e2689372006d01faf3dd9eeb10b654bb4?s=96&d=mm&r=g\",\"contentUrl\":\"https:\\\/\\\/secure.gravatar.com\\\/avatar\\\/5a67661041f057b4a8ccaf26f5a8e86e2689372006d01faf3dd9eeb10b654bb4?s=96&d=mm&r=g\",\"caption\":\"Cristina Ganga\"},\"description\":\"Jurnalist\",\"sameAs\":[\"https:\\\/\\\/www.facebook.com\\\/cristina.nicola.587\"],\"url\":\"https:\\\/\\\/urbeamea.ro\\\/albaiulia\\\/author\\\/cristina-nicola\\\/\"}]}<\/script>\n<!-- \/ Yoast SEO plugin. -->","yoast_head_json":{"title":"FOTO: Sebe\u0219 s-a \u00eenscris la Gala Na\u021bional\u0103 a excelen\u021bei \u00een Asisten\u021b\u0103 social\u0103 2019. Din 18 februarie \u00eencepe votul on-line - Revista Urbea Mea - Revista de Alba","description":"Municipiul Sebe\u0219 s-a \u00eenscris la Gala Na\u021bional\u0103 a Excelen\u021bei \u00een Asisten\u021b\u0103 Social\u0103 edi\u021bia 2019, cu 4 portofolii:&nbsp;primarul Dorin Nistor- candidat la","robots":{"index":"index","follow":"follow","max-snippet":"max-snippet:-1","max-image-preview":"max-image-preview:large","max-video-preview":"max-video-preview:-1"},"canonical":"https:\/\/urbeamea.ro\/albaiulia\/foto-senes-s-a-inscris-la-gala-nationala-a-excelentei-in-asistenta-sociala-2019-din-18-februarie-incepe-votul-on-line\/","twitter_card":"summary_large_image","twitter_title":"FOTO: Sebe\u0219 s-a \u00eenscris la Gala Na\u021bional\u0103 a excelen\u021bei \u00een Asisten\u021b\u0103 social\u0103 2019. Din 18 februarie \u00eencepe votul on-line - Revista Urbea Mea - Revista de Alba","twitter_description":"Municipiul Sebe\u0219 s-a \u00eenscris la Gala Na\u021bional\u0103 a Excelen\u021bei \u00een Asisten\u021b\u0103 Social\u0103 edi\u021bia 2019, cu 4 portofolii:&nbsp;primarul Dorin Nistor- candidat la","twitter_image":"https:\/\/urbeamea.ro\/albaiulia\/wp-content\/uploads\/2019\/02\/DAS-Sebes.jpg","twitter_creator":"@urbeameaweb","twitter_site":"@urbeameaweb","schema":{"@context":"https:\/\/schema.org","@graph":[{"@type":"Article","@id":"https:\/\/urbeamea.ro\/albaiulia\/foto-senes-s-a-inscris-la-gala-nationala-a-excelentei-in-asistenta-sociala-2019-din-18-februarie-incepe-votul-on-line\/#article","isPartOf":{"@id":"https:\/\/urbeamea.ro\/albaiulia\/foto-senes-s-a-inscris-la-gala-nationala-a-excelentei-in-asistenta-sociala-2019-din-18-februarie-incepe-votul-on-line\/"},"author":{"name":"Cristina Ganga","@id":"https:\/\/urbeamea.ro\/albaiulia\/#\/schema\/person\/9700d21fae21c4f038b0b56f4506264a"},"headline":"FOTO: Sebe\u0219 s-a \u00eenscris la Gala Na\u021bional\u0103 a excelen\u021bei \u00een Asisten\u021b\u0103 social\u0103 2019. Din 18 februarie \u00eencepe votul on-line","datePublished":"2019-02-17T15:24:54+00:00","dateModified":"2019-02-17T15:34:04+00:00","mainEntityOfPage":{"@id":"https:\/\/urbeamea.ro\/albaiulia\/foto-senes-s-a-inscris-la-gala-nationala-a-excelentei-in-asistenta-sociala-2019-din-18-februarie-incepe-votul-on-line\/"},"wordCount":248,"commentCount":0,"image":{"@id":"https:\/\/urbeamea.ro\/albaiulia\/foto-senes-s-a-inscris-la-gala-nationala-a-excelentei-in-asistenta-sociala-2019-din-18-februarie-incepe-votul-on-line\/#primaryimage"},"thumbnailUrl":"https:\/\/urbeamea.ro\/albaiulia\/wp-content\/uploads\/2019\/02\/DAS-Sebes.jpg","keywords":["alba","gala nationala a excelentei \u00een asistenta sociala 2019","patru portofolii","Urbea Mea","vot on-line"],"articleSection":["Social"],"inLanguage":"ro-RO","potentialAction":[{"@type":"CommentAction","name":"Comment","target":["https:\/\/urbeamea.ro\/albaiulia\/foto-senes-s-a-inscris-la-gala-nationala-a-excelentei-in-asistenta-sociala-2019-din-18-februarie-incepe-votul-on-line\/#respond"]}]},{"@type":"WebPage","@id":"https:\/\/urbeamea.ro\/albaiulia\/foto-senes-s-a-inscris-la-gala-nationala-a-excelentei-in-asistenta-sociala-2019-din-18-februarie-incepe-votul-on-line\/","url":"https:\/\/urbeamea.ro\/albaiulia\/foto-senes-s-a-inscris-la-gala-nationala-a-excelentei-in-asistenta-sociala-2019-din-18-februarie-incepe-votul-on-line\/","name":"FOTO: Sebe\u0219 s-a \u00eenscris la Gala Na\u021bional\u0103 a excelen\u021bei \u00een Asisten\u021b\u0103 social\u0103 2019. Din 18 februarie \u00eencepe votul on-line - Revista Urbea Mea - Revista de Alba","isPartOf":{"@id":"https:\/\/urbeamea.ro\/albaiulia\/#website"},"primaryImageOfPage":{"@id":"https:\/\/urbeamea.ro\/albaiulia\/foto-senes-s-a-inscris-la-gala-nationala-a-excelentei-in-asistenta-sociala-2019-din-18-februarie-incepe-votul-on-line\/#primaryimage"},"image":{"@id":"https:\/\/urbeamea.ro\/albaiulia\/foto-senes-s-a-inscris-la-gala-nationala-a-excelentei-in-asistenta-sociala-2019-din-18-februarie-incepe-votul-on-line\/#primaryimage"},"thumbnailUrl":"https:\/\/urbeamea.ro\/albaiulia\/wp-content\/uploads\/2019\/02\/DAS-Sebes.jpg","datePublished":"2019-02-17T15:24:54+00:00","dateModified":"2019-02-17T15:34:04+00:00","author":{"@id":"https:\/\/urbeamea.ro\/albaiulia\/#\/schema\/person\/9700d21fae21c4f038b0b56f4506264a"},"description":"Municipiul Sebe\u0219 s-a \u00eenscris la Gala Na\u021bional\u0103 a Excelen\u021bei \u00een Asisten\u021b\u0103 Social\u0103 edi\u021bia 2019, cu 4 portofolii:&nbsp;primarul Dorin Nistor- candidat la","breadcrumb":{"@id":"https:\/\/urbeamea.ro\/albaiulia\/foto-senes-s-a-inscris-la-gala-nationala-a-excelentei-in-asistenta-sociala-2019-din-18-februarie-incepe-votul-on-line\/#breadcrumb"},"inLanguage":"ro-RO","potentialAction":[{"@type":"ReadAction","target":["https:\/\/urbeamea.ro\/albaiulia\/foto-senes-s-a-inscris-la-gala-nationala-a-excelentei-in-asistenta-sociala-2019-din-18-februarie-incepe-votul-on-line\/"]}]},{"@type":"ImageObject","inLanguage":"ro-RO","@id":"https:\/\/urbeamea.ro\/albaiulia\/foto-senes-s-a-inscris-la-gala-nationala-a-excelentei-in-asistenta-sociala-2019-din-18-februarie-incepe-votul-on-line\/#primaryimage","url":"https:\/\/urbeamea.ro\/albaiulia\/wp-content\/uploads\/2019\/02\/DAS-Sebes.jpg","contentUrl":"https:\/\/urbeamea.ro\/albaiulia\/wp-content\/uploads\/2019\/02\/DAS-Sebes.jpg","width":1600,"height":1200},{"@type":"BreadcrumbList","@id":"https:\/\/urbeamea.ro\/albaiulia\/foto-senes-s-a-inscris-la-gala-nationala-a-excelentei-in-asistenta-sociala-2019-din-18-februarie-incepe-votul-on-line\/#breadcrumb","itemListElement":[{"@type":"ListItem","position":1,"name":"Prima pagin\u0103","item":"https:\/\/urbeamea.ro\/albaiulia\/"},{"@type":"ListItem","position":2,"name":"FOTO: Sebe\u0219 s-a \u00eenscris la Gala Na\u021bional\u0103 a excelen\u021bei \u00een Asisten\u021b\u0103 social\u0103 2019. Din 18 februarie \u00eencepe votul on-line"}]},{"@type":"WebSite","@id":"https:\/\/urbeamea.ro\/albaiulia\/#website","url":"https:\/\/urbeamea.ro\/albaiulia\/","name":"Revista Urbea Mea, Stiri urbane","description":"Evenimente \u0219i \u0219tiri din Alba Iulia, Sebe\u0219, Aiud, Blaj","potentialAction":[{"@type":"SearchAction","target":{"@type":"EntryPoint","urlTemplate":"https:\/\/urbeamea.ro\/albaiulia\/?s={search_term_string}"},"query-input":{"@type":"PropertyValueSpecification","valueRequired":true,"valueName":"search_term_string"}}],"inLanguage":"ro-RO"},{"@type":"Person","@id":"https:\/\/urbeamea.ro\/albaiulia\/#\/schema\/person\/9700d21fae21c4f038b0b56f4506264a","name":"Cristina Ganga","image":{"@type":"ImageObject","inLanguage":"ro-RO","@id":"https:\/\/secure.gravatar.com\/avatar\/5a67661041f057b4a8ccaf26f5a8e86e2689372006d01faf3dd9eeb10b654bb4?s=96&d=mm&r=g","url":"https:\/\/secure.gravatar.com\/avatar\/5a67661041f057b4a8ccaf26f5a8e86e2689372006d01faf3dd9eeb10b654bb4?s=96&d=mm&r=g","contentUrl":"https:\/\/secure.gravatar.com\/avatar\/5a67661041f057b4a8ccaf26f5a8e86e2689372006d01faf3dd9eeb10b654bb4?s=96&d=mm&r=g","caption":"Cristina Ganga"},"description":"Jurnalist","sameAs":["https:\/\/www.facebook.com\/cristina.nicola.587"],"url":"https:\/\/urbeamea.ro\/albaiulia\/author\/cristina-nicola\/"}]}},"_links":{"self":[{"href":"https:\/\/urbeamea.ro\/albaiulia\/wp-json\/wp\/v2\/posts\/72219","targetHints":{"allow":["GET"]}}],"collection":[{"href":"https:\/\/urbeamea.ro\/albaiulia\/wp-json\/wp\/v2\/posts"}],"about":[{"href":"https:\/\/urbeamea.ro\/albaiulia\/wp-json\/wp\/v2\/types\/post"}],"author":[{"embeddable":true,"href":"https:\/\/urbeamea.ro\/albaiulia\/wp-json\/wp\/v2\/users\/17"}],"replies":[{"embeddable":true,"href":"https:\/\/urbeamea.ro\/albaiulia\/wp-json\/wp\/v2\/comments?post=72219"}],"version-history":[{"count":0,"href":"https:\/\/urbeamea.ro\/albaiulia\/wp-json\/wp\/v2\/posts\/72219\/revisions"}],"wp:featuredmedia":[{"embeddable":true,"href":"https:\/\/urbeamea.ro\/albaiulia\/wp-json\/wp\/v2\/media\/72221"}],"wp:attachment":[{"href":"https:\/\/urbeamea.ro\/albaiulia\/wp-json\/wp\/v2\/media?parent=72219"}],"wp:term":[{"taxonomy":"category","embeddable":true,"href":"https:\/\/urbeamea.ro\/albaiulia\/wp-json\/wp\/v2\/categories?post=72219"},{"taxonomy":"post_tag","embeddable":true,"href":"https:\/\/urbeamea.ro\/albaiulia\/wp-json\/wp\/v2\/tags?post=72219"}],"curies":[{"name":"wp","href":"https:\/\/api.w.org\/{rel}","templated":true}]}}