{"id":72599,"date":"2019-03-02T10:01:07","date_gmt":"2019-03-02T08:01:07","guid":{"rendered":"https:\/\/urbeamea.ro\/albaiulia\/?p=72599"},"modified":"2019-03-02T10:01:12","modified_gmt":"2019-03-02T08:01:12","slug":"foto-tablou-de-primavara-in-scolile-din-comuna-metes","status":"publish","type":"post","link":"https:\/\/urbeamea.ro\/albaiulia\/foto-tablou-de-primavara-in-scolile-din-comuna-metes\/","title":{"rendered":"FOTO: \u201eTablou de prim\u0103var\u0103\u201d \u00een \u015fcolile din comuna Mete\u015f"},"content":{"rendered":"\n<p class=\"wp-block-paragraph\"><strong>Prim\u0103vara a fost primit\u0103, vineri, 1 martie a\u0219a cum se cuvine \u00een \u0218colile comunei Mete\u0219. M\u0103r\u021bi\u0219oarele, au vestit \u00een toate \u0219colile din comun\u0103, optimismul \u0219i pre\u021buirea fa\u021b\u0103 de cei care le-au confec\u021bionat: elevii \u0219i cadrele didactice din unit\u0103\u021bile \u0219colare: Mete\u0219, T\u0103u\u021bi, Ampoi\u021ba \u0219i Presaca Ampoiului. <\/strong><\/p>\n\n\n\n<p class=\"wp-block-paragraph\">\u00cen cadrul expozi\u021biilor organizate \u00een cele 4 \u0219coli din Mete\u0219, m\u0103r\u0163i\u015forul \u201chand made\u201d, a fost oferit fiec\u0103rei mame sau bunici invitate la evenimentul prim\u0103verii. Timp de dou\u0103 s\u0103pt\u0103m\u00e2ni, elevii \u0219i cadrele didactice, din clasele primare \u015fi gr\u0103dini\u0163e de la \u015fcolile din comuna Mete\u015f au lucrat la confec\u0163ionarea m\u0103r\u0163i\u015foarelor. <\/p>\n\n\n\n<p class=\"wp-block-paragraph\"><em>\u201eAm participat cu mare drag la evenimentul \u201cTablou de prim\u0103vara\u201d, organizat \u00een fiecare \u0219coal\u0103 din comuna noastr\u0103. Este al doilea an, \u00een care Prim\u0103ria se implica pentru a putea fi organizat\u0103 aceast\u0103 serbare a prim\u0103verii \u00een \u0219coli. Ideea \u201cm\u0103r\u021bi\u0219orul\u201d a venit ca urmare a faptului c\u0103 ace\u0219ti copii minuna\u021bi sunt talenta\u021bi, iar munca lor poate fi apreciat\u0103, \u00een cadrul unor evenimente organizate. Am alocat bani din buget pentru cump\u0103rarea materialelor necesare la confec\u0163ionarea de m\u0103r\u0163i\u015foare \u015fi au fost \u00eemp\u0103r\u0163ite \u00een \u0219coli. Vreau s\u0103 transmit cu aceast\u0103 ocazie, tuturor mamelor \u0219i bunicilor din via\u021ba noastr\u0103 &#8211; O prim\u0103var\u0103 frumoas\u0103!&#8221;, a declarat primarul comunei Mete\u015f, Dan Cosmin Opru\u0163a. <\/em><\/p>\n\n\n\n<p class=\"wp-block-paragraph\"><br><\/p>\n\n\n\n<ul class=\"wp-block-gallery columns-3 is-cropped wp-block-gallery-1 is-layout-flex wp-block-gallery-is-layout-flex\"><li class=\"blocks-gallery-item\"><figure><img loading=\"lazy\" decoding=\"async\" width=\"1280\" height=\"854\" src=\"https:\/\/urbeamea.ro\/albaiulia\/wp-content\/uploads\/2019\/03\/DSC_0658-1280x854.jpg\" alt=\"\" data-id=\"72600\" data-link=\"https:\/\/urbeamea.ro\/albaiulia\/?attachment_id=72600\" class=\"wp-image-72600\" srcset=\"https:\/\/urbeamea.ro\/albaiulia\/wp-content\/uploads\/2019\/03\/DSC_0658-1280x854.jpg 1280w, https:\/\/urbeamea.ro\/albaiulia\/wp-content\/uploads\/2019\/03\/DSC_0658-150x100.jpg 150w, https:\/\/urbeamea.ro\/albaiulia\/wp-content\/uploads\/2019\/03\/DSC_0658-640x427.jpg 640w, https:\/\/urbeamea.ro\/albaiulia\/wp-content\/uploads\/2019\/03\/DSC_0658-768x512.jpg 768w\" sizes=\"auto, (max-width: 1280px) 100vw, 1280px\" \/><\/figure><\/li><li class=\"blocks-gallery-item\"><figure><img loading=\"lazy\" decoding=\"async\" width=\"1280\" height=\"854\" src=\"https:\/\/urbeamea.ro\/albaiulia\/wp-content\/uploads\/2019\/03\/DSC_0701-1280x854.jpg\" alt=\"\" data-id=\"72601\" data-link=\"https:\/\/urbeamea.ro\/albaiulia\/?attachment_id=72601\" class=\"wp-image-72601\" srcset=\"https:\/\/urbeamea.ro\/albaiulia\/wp-content\/uploads\/2019\/03\/DSC_0701-1280x854.jpg 1280w, https:\/\/urbeamea.ro\/albaiulia\/wp-content\/uploads\/2019\/03\/DSC_0701-150x100.jpg 150w, https:\/\/urbeamea.ro\/albaiulia\/wp-content\/uploads\/2019\/03\/DSC_0701-640x427.jpg 640w, https:\/\/urbeamea.ro\/albaiulia\/wp-content\/uploads\/2019\/03\/DSC_0701-768x512.jpg 768w\" sizes=\"auto, (max-width: 1280px) 100vw, 1280px\" \/><\/figure><\/li><li class=\"blocks-gallery-item\"><figure><img loading=\"lazy\" decoding=\"async\" width=\"1280\" height=\"854\" src=\"https:\/\/urbeamea.ro\/albaiulia\/wp-content\/uploads\/2019\/03\/DSC_0703-1280x854.jpg\" alt=\"\" data-id=\"72602\" data-link=\"https:\/\/urbeamea.ro\/albaiulia\/?attachment_id=72602\" class=\"wp-image-72602\" srcset=\"https:\/\/urbeamea.ro\/albaiulia\/wp-content\/uploads\/2019\/03\/DSC_0703-1280x854.jpg 1280w, https:\/\/urbeamea.ro\/albaiulia\/wp-content\/uploads\/2019\/03\/DSC_0703-150x100.jpg 150w, https:\/\/urbeamea.ro\/albaiulia\/wp-content\/uploads\/2019\/03\/DSC_0703-640x427.jpg 640w, https:\/\/urbeamea.ro\/albaiulia\/wp-content\/uploads\/2019\/03\/DSC_0703-768x512.jpg 768w\" sizes=\"auto, (max-width: 1280px) 100vw, 1280px\" \/><\/figure><\/li><li class=\"blocks-gallery-item\"><figure><img loading=\"lazy\" decoding=\"async\" width=\"1280\" height=\"854\" src=\"https:\/\/urbeamea.ro\/albaiulia\/wp-content\/uploads\/2019\/03\/DSC_0718-1280x854.jpg\" alt=\"\" data-id=\"72603\" data-link=\"https:\/\/urbeamea.ro\/albaiulia\/?attachment_id=72603\" class=\"wp-image-72603\" srcset=\"https:\/\/urbeamea.ro\/albaiulia\/wp-content\/uploads\/2019\/03\/DSC_0718-1280x854.jpg 1280w, https:\/\/urbeamea.ro\/albaiulia\/wp-content\/uploads\/2019\/03\/DSC_0718-150x100.jpg 150w, https:\/\/urbeamea.ro\/albaiulia\/wp-content\/uploads\/2019\/03\/DSC_0718-640x427.jpg 640w, https:\/\/urbeamea.ro\/albaiulia\/wp-content\/uploads\/2019\/03\/DSC_0718-768x512.jpg 768w, https:\/\/urbeamea.ro\/albaiulia\/wp-content\/uploads\/2019\/03\/DSC_0718-1200x800.jpg 1200w\" sizes=\"auto, (max-width: 1280px) 100vw, 1280px\" \/><\/figure><\/li><li class=\"blocks-gallery-item\"><figure><img loading=\"lazy\" decoding=\"async\" width=\"1280\" height=\"854\" src=\"https:\/\/urbeamea.ro\/albaiulia\/wp-content\/uploads\/2019\/03\/DSC_0740-1280x854.jpg\" alt=\"\" data-id=\"72604\" data-link=\"https:\/\/urbeamea.ro\/albaiulia\/?attachment_id=72604\" class=\"wp-image-72604\" srcset=\"https:\/\/urbeamea.ro\/albaiulia\/wp-content\/uploads\/2019\/03\/DSC_0740-1280x854.jpg 1280w, https:\/\/urbeamea.ro\/albaiulia\/wp-content\/uploads\/2019\/03\/DSC_0740-150x100.jpg 150w, https:\/\/urbeamea.ro\/albaiulia\/wp-content\/uploads\/2019\/03\/DSC_0740-640x427.jpg 640w, https:\/\/urbeamea.ro\/albaiulia\/wp-content\/uploads\/2019\/03\/DSC_0740-768x512.jpg 768w\" sizes=\"auto, (max-width: 1280px) 100vw, 1280px\" \/><\/figure><\/li><li class=\"blocks-gallery-item\"><figure><img loading=\"lazy\" decoding=\"async\" width=\"1280\" height=\"854\" src=\"https:\/\/urbeamea.ro\/albaiulia\/wp-content\/uploads\/2019\/03\/DSC_0760-1280x854.jpg\" alt=\"\" data-id=\"72605\" data-link=\"https:\/\/urbeamea.ro\/albaiulia\/?attachment_id=72605\" class=\"wp-image-72605\" srcset=\"https:\/\/urbeamea.ro\/albaiulia\/wp-content\/uploads\/2019\/03\/DSC_0760-1280x854.jpg 1280w, https:\/\/urbeamea.ro\/albaiulia\/wp-content\/uploads\/2019\/03\/DSC_0760-150x100.jpg 150w, https:\/\/urbeamea.ro\/albaiulia\/wp-content\/uploads\/2019\/03\/DSC_0760-640x427.jpg 640w, https:\/\/urbeamea.ro\/albaiulia\/wp-content\/uploads\/2019\/03\/DSC_0760-768x512.jpg 768w\" sizes=\"auto, (max-width: 1280px) 100vw, 1280px\" \/><\/figure><\/li><li class=\"blocks-gallery-item\"><figure><img loading=\"lazy\" decoding=\"async\" width=\"1280\" height=\"854\" src=\"https:\/\/urbeamea.ro\/albaiulia\/wp-content\/uploads\/2019\/03\/DSC_0768-1280x854.jpg\" alt=\"\" data-id=\"72606\" data-link=\"https:\/\/urbeamea.ro\/albaiulia\/?attachment_id=72606\" class=\"wp-image-72606\" srcset=\"https:\/\/urbeamea.ro\/albaiulia\/wp-content\/uploads\/2019\/03\/DSC_0768-1280x854.jpg 1280w, https:\/\/urbeamea.ro\/albaiulia\/wp-content\/uploads\/2019\/03\/DSC_0768-150x100.jpg 150w, https:\/\/urbeamea.ro\/albaiulia\/wp-content\/uploads\/2019\/03\/DSC_0768-640x427.jpg 640w, https:\/\/urbeamea.ro\/albaiulia\/wp-content\/uploads\/2019\/03\/DSC_0768-768x512.jpg 768w\" sizes=\"auto, (max-width: 1280px) 100vw, 1280px\" \/><\/figure><\/li><li class=\"blocks-gallery-item\"><figure><img loading=\"lazy\" decoding=\"async\" width=\"1280\" height=\"854\" src=\"https:\/\/urbeamea.ro\/albaiulia\/wp-content\/uploads\/2019\/03\/DSC_0773-1280x854.jpg\" alt=\"\" data-id=\"72607\" data-link=\"https:\/\/urbeamea.ro\/albaiulia\/?attachment_id=72607\" class=\"wp-image-72607\" srcset=\"https:\/\/urbeamea.ro\/albaiulia\/wp-content\/uploads\/2019\/03\/DSC_0773-1280x854.jpg 1280w, https:\/\/urbeamea.ro\/albaiulia\/wp-content\/uploads\/2019\/03\/DSC_0773-150x100.jpg 150w, https:\/\/urbeamea.ro\/albaiulia\/wp-content\/uploads\/2019\/03\/DSC_0773-640x427.jpg 640w, https:\/\/urbeamea.ro\/albaiulia\/wp-content\/uploads\/2019\/03\/DSC_0773-768x512.jpg 768w\" sizes=\"auto, (max-width: 1280px) 100vw, 1280px\" \/><\/figure><\/li><li class=\"blocks-gallery-item\"><figure><img loading=\"lazy\" decoding=\"async\" width=\"1280\" height=\"854\" src=\"https:\/\/urbeamea.ro\/albaiulia\/wp-content\/uploads\/2019\/03\/DSC_0801-1280x854.jpg\" alt=\"\" data-id=\"72608\" data-link=\"https:\/\/urbeamea.ro\/albaiulia\/?attachment_id=72608\" class=\"wp-image-72608\" srcset=\"https:\/\/urbeamea.ro\/albaiulia\/wp-content\/uploads\/2019\/03\/DSC_0801-1280x854.jpg 1280w, https:\/\/urbeamea.ro\/albaiulia\/wp-content\/uploads\/2019\/03\/DSC_0801-150x100.jpg 150w, https:\/\/urbeamea.ro\/albaiulia\/wp-content\/uploads\/2019\/03\/DSC_0801-640x427.jpg 640w, https:\/\/urbeamea.ro\/albaiulia\/wp-content\/uploads\/2019\/03\/DSC_0801-768x512.jpg 768w\" sizes=\"auto, (max-width: 1280px) 100vw, 1280px\" \/><\/figure><\/li><\/ul>\n","protected":false},"excerpt":{"rendered":"<p>Prim\u0103vara a fost primit\u0103, vineri, 1 martie a\u0219a cum se cuvine \u00een \u0218colile comunei Mete\u0219. M\u0103r\u021bi\u0219oarele, au vestit \u00een toate \u0219colile din comun\u0103, optimismul \u0219i pre\u021buirea fa\u021b\u0103 de cei care le-au confec\u021bionat: elevii \u0219i cadrele didactice din unit\u0103\u021bile \u0219colare: Mete\u0219, T\u0103u\u021bi, Ampoi\u021ba \u0219i Presaca Ampoiului. \u00cen cadrul expozi\u021biilor organizate \u00een cele 4 \u0219coli din Mete\u0219, &hellip;<\/p>\n","protected":false},"author":17,"featured_media":72603,"comment_status":"open","ping_status":"open","sticky":false,"template":"","format":"standard","meta":{"inline_featured_image":false,"footnotes":""},"categories":[2034],"tags":[307,16124,315,3222,924,17266,76],"class_list":["post-72599","post","type-post","status-publish","format-standard","has-post-thumbnail","hentry","category-social","tag-alba","tag-comuna-metes","tag-elevi","tag-martisoare","tag-scoli","tag-tablou-de-primavara","tag-urbea-mea"],"yoast_head":"<!-- This site is optimized with the Yoast SEO plugin v28.3 - https:\/\/yoast.com\/product\/yoast-seo-wordpress\/ -->\n<title>FOTO: \u201eTablou de prim\u0103var\u0103\u201d \u00een \u015fcolile din comuna Mete\u015f - Revista Urbea Mea - Revista de Alba<\/title>\n<meta name=\"description\" content=\"Prim\u0103vara a fost primit\u0103, vineri, 1 martie a\u0219a cum se cuvine \u00een \u0218colile comunei Mete\u0219. M\u0103r\u021bi\u0219oarele, au vestit \u00een toate \u0219colile din comun\u0103, optimismul \u0219i\" \/>\n<meta name=\"robots\" content=\"index, follow, max-snippet:-1, max-image-preview:large, max-video-preview:-1\" \/>\n<link rel=\"canonical\" href=\"https:\/\/urbeamea.ro\/albaiulia\/foto-tablou-de-primavara-in-scolile-din-comuna-metes\/\" \/>\n<meta name=\"twitter:card\" content=\"summary_large_image\" \/>\n<meta name=\"twitter:title\" content=\"FOTO: \u201eTablou de prim\u0103var\u0103\u201d \u00een \u015fcolile din comuna Mete\u015f - Revista Urbea Mea - Revista de Alba\" \/>\n<meta name=\"twitter:description\" content=\"Prim\u0103vara a fost primit\u0103, vineri, 1 martie a\u0219a cum se cuvine \u00een \u0218colile comunei Mete\u0219. M\u0103r\u021bi\u0219oarele, au vestit \u00een toate \u0219colile din comun\u0103, optimismul \u0219i\" \/>\n<meta name=\"twitter:image\" content=\"https:\/\/urbeamea.ro\/albaiulia\/wp-content\/uploads\/2019\/03\/DSC_0718.jpg\" \/>\n<meta name=\"twitter:creator\" content=\"@urbeameaweb\" \/>\n<meta name=\"twitter:site\" content=\"@urbeameaweb\" \/>\n<script type=\"application\/ld+json\" class=\"yoast-schema-graph\">{\"@context\":\"https:\\\/\\\/schema.org\",\"@graph\":[{\"@type\":\"Article\",\"@id\":\"https:\\\/\\\/urbeamea.ro\\\/albaiulia\\\/foto-tablou-de-primavara-in-scolile-din-comuna-metes\\\/#article\",\"isPartOf\":{\"@id\":\"https:\\\/\\\/urbeamea.ro\\\/albaiulia\\\/foto-tablou-de-primavara-in-scolile-din-comuna-metes\\\/\"},\"author\":{\"name\":\"Cristina Ganga\",\"@id\":\"https:\\\/\\\/urbeamea.ro\\\/albaiulia\\\/#\\\/schema\\\/person\\\/9700d21fae21c4f038b0b56f4506264a\"},\"headline\":\"FOTO: \u201eTablou de prim\u0103var\u0103\u201d \u00een \u015fcolile din comuna Mete\u015f\",\"datePublished\":\"2019-03-02T08:01:07+00:00\",\"dateModified\":\"2019-03-02T08:01:12+00:00\",\"mainEntityOfPage\":{\"@id\":\"https:\\\/\\\/urbeamea.ro\\\/albaiulia\\\/foto-tablou-de-primavara-in-scolile-din-comuna-metes\\\/\"},\"wordCount\":252,\"commentCount\":0,\"image\":{\"@id\":\"https:\\\/\\\/urbeamea.ro\\\/albaiulia\\\/foto-tablou-de-primavara-in-scolile-din-comuna-metes\\\/#primaryimage\"},\"thumbnailUrl\":\"https:\\\/\\\/urbeamea.ro\\\/albaiulia\\\/wp-content\\\/uploads\\\/2019\\\/03\\\/DSC_0718.jpg\",\"keywords\":[\"alba\",\"comuna metes\",\"elevi\",\"martisoare\",\"scoli\",\"tablou de primavara\",\"Urbea Mea\"],\"articleSection\":[\"Social\"],\"inLanguage\":\"ro-RO\",\"potentialAction\":[{\"@type\":\"CommentAction\",\"name\":\"Comment\",\"target\":[\"https:\\\/\\\/urbeamea.ro\\\/albaiulia\\\/foto-tablou-de-primavara-in-scolile-din-comuna-metes\\\/#respond\"]}]},{\"@type\":\"WebPage\",\"@id\":\"https:\\\/\\\/urbeamea.ro\\\/albaiulia\\\/foto-tablou-de-primavara-in-scolile-din-comuna-metes\\\/\",\"url\":\"https:\\\/\\\/urbeamea.ro\\\/albaiulia\\\/foto-tablou-de-primavara-in-scolile-din-comuna-metes\\\/\",\"name\":\"FOTO: \u201eTablou de prim\u0103var\u0103\u201d \u00een \u015fcolile din comuna Mete\u015f - Revista Urbea Mea - Revista de Alba\",\"isPartOf\":{\"@id\":\"https:\\\/\\\/urbeamea.ro\\\/albaiulia\\\/#website\"},\"primaryImageOfPage\":{\"@id\":\"https:\\\/\\\/urbeamea.ro\\\/albaiulia\\\/foto-tablou-de-primavara-in-scolile-din-comuna-metes\\\/#primaryimage\"},\"image\":{\"@id\":\"https:\\\/\\\/urbeamea.ro\\\/albaiulia\\\/foto-tablou-de-primavara-in-scolile-din-comuna-metes\\\/#primaryimage\"},\"thumbnailUrl\":\"https:\\\/\\\/urbeamea.ro\\\/albaiulia\\\/wp-content\\\/uploads\\\/2019\\\/03\\\/DSC_0718.jpg\",\"datePublished\":\"2019-03-02T08:01:07+00:00\",\"dateModified\":\"2019-03-02T08:01:12+00:00\",\"author\":{\"@id\":\"https:\\\/\\\/urbeamea.ro\\\/albaiulia\\\/#\\\/schema\\\/person\\\/9700d21fae21c4f038b0b56f4506264a\"},\"description\":\"Prim\u0103vara a fost primit\u0103, vineri, 1 martie a\u0219a cum se cuvine \u00een \u0218colile comunei Mete\u0219. M\u0103r\u021bi\u0219oarele, au vestit \u00een toate \u0219colile din comun\u0103, optimismul \u0219i\",\"breadcrumb\":{\"@id\":\"https:\\\/\\\/urbeamea.ro\\\/albaiulia\\\/foto-tablou-de-primavara-in-scolile-din-comuna-metes\\\/#breadcrumb\"},\"inLanguage\":\"ro-RO\",\"potentialAction\":[{\"@type\":\"ReadAction\",\"target\":[\"https:\\\/\\\/urbeamea.ro\\\/albaiulia\\\/foto-tablou-de-primavara-in-scolile-din-comuna-metes\\\/\"]}]},{\"@type\":\"ImageObject\",\"inLanguage\":\"ro-RO\",\"@id\":\"https:\\\/\\\/urbeamea.ro\\\/albaiulia\\\/foto-tablou-de-primavara-in-scolile-din-comuna-metes\\\/#primaryimage\",\"url\":\"https:\\\/\\\/urbeamea.ro\\\/albaiulia\\\/wp-content\\\/uploads\\\/2019\\\/03\\\/DSC_0718.jpg\",\"contentUrl\":\"https:\\\/\\\/urbeamea.ro\\\/albaiulia\\\/wp-content\\\/uploads\\\/2019\\\/03\\\/DSC_0718.jpg\",\"width\":4496,\"height\":3000},{\"@type\":\"BreadcrumbList\",\"@id\":\"https:\\\/\\\/urbeamea.ro\\\/albaiulia\\\/foto-tablou-de-primavara-in-scolile-din-comuna-metes\\\/#breadcrumb\",\"itemListElement\":[{\"@type\":\"ListItem\",\"position\":1,\"name\":\"Prima pagin\u0103\",\"item\":\"https:\\\/\\\/urbeamea.ro\\\/albaiulia\\\/\"},{\"@type\":\"ListItem\",\"position\":2,\"name\":\"FOTO: \u201eTablou de prim\u0103var\u0103\u201d \u00een \u015fcolile din comuna Mete\u015f\"}]},{\"@type\":\"WebSite\",\"@id\":\"https:\\\/\\\/urbeamea.ro\\\/albaiulia\\\/#website\",\"url\":\"https:\\\/\\\/urbeamea.ro\\\/albaiulia\\\/\",\"name\":\"Revista Urbea Mea, Stiri urbane\",\"description\":\"Evenimente \u0219i \u0219tiri din Alba Iulia, Sebe\u0219, Aiud, Blaj\",\"potentialAction\":[{\"@type\":\"SearchAction\",\"target\":{\"@type\":\"EntryPoint\",\"urlTemplate\":\"https:\\\/\\\/urbeamea.ro\\\/albaiulia\\\/?s={search_term_string}\"},\"query-input\":{\"@type\":\"PropertyValueSpecification\",\"valueRequired\":true,\"valueName\":\"search_term_string\"}}],\"inLanguage\":\"ro-RO\"},{\"@type\":\"Person\",\"@id\":\"https:\\\/\\\/urbeamea.ro\\\/albaiulia\\\/#\\\/schema\\\/person\\\/9700d21fae21c4f038b0b56f4506264a\",\"name\":\"Cristina Ganga\",\"image\":{\"@type\":\"ImageObject\",\"inLanguage\":\"ro-RO\",\"@id\":\"https:\\\/\\\/secure.gravatar.com\\\/avatar\\\/5a67661041f057b4a8ccaf26f5a8e86e2689372006d01faf3dd9eeb10b654bb4?s=96&d=mm&r=g\",\"url\":\"https:\\\/\\\/secure.gravatar.com\\\/avatar\\\/5a67661041f057b4a8ccaf26f5a8e86e2689372006d01faf3dd9eeb10b654bb4?s=96&d=mm&r=g\",\"contentUrl\":\"https:\\\/\\\/secure.gravatar.com\\\/avatar\\\/5a67661041f057b4a8ccaf26f5a8e86e2689372006d01faf3dd9eeb10b654bb4?s=96&d=mm&r=g\",\"caption\":\"Cristina Ganga\"},\"description\":\"Jurnalist\",\"sameAs\":[\"https:\\\/\\\/www.facebook.com\\\/cristina.nicola.587\"],\"url\":\"https:\\\/\\\/urbeamea.ro\\\/albaiulia\\\/author\\\/cristina-nicola\\\/\"}]}<\/script>\n<!-- \/ Yoast SEO plugin. -->","yoast_head_json":{"title":"FOTO: \u201eTablou de prim\u0103var\u0103\u201d \u00een \u015fcolile din comuna Mete\u015f - Revista Urbea Mea - Revista de Alba","description":"Prim\u0103vara a fost primit\u0103, vineri, 1 martie a\u0219a cum se cuvine \u00een \u0218colile comunei Mete\u0219. M\u0103r\u021bi\u0219oarele, au vestit \u00een toate \u0219colile din comun\u0103, optimismul \u0219i","robots":{"index":"index","follow":"follow","max-snippet":"max-snippet:-1","max-image-preview":"max-image-preview:large","max-video-preview":"max-video-preview:-1"},"canonical":"https:\/\/urbeamea.ro\/albaiulia\/foto-tablou-de-primavara-in-scolile-din-comuna-metes\/","twitter_card":"summary_large_image","twitter_title":"FOTO: \u201eTablou de prim\u0103var\u0103\u201d \u00een \u015fcolile din comuna Mete\u015f - Revista Urbea Mea - Revista de Alba","twitter_description":"Prim\u0103vara a fost primit\u0103, vineri, 1 martie a\u0219a cum se cuvine \u00een \u0218colile comunei Mete\u0219. M\u0103r\u021bi\u0219oarele, au vestit \u00een toate \u0219colile din comun\u0103, optimismul \u0219i","twitter_image":"https:\/\/urbeamea.ro\/albaiulia\/wp-content\/uploads\/2019\/03\/DSC_0718.jpg","twitter_creator":"@urbeameaweb","twitter_site":"@urbeameaweb","schema":{"@context":"https:\/\/schema.org","@graph":[{"@type":"Article","@id":"https:\/\/urbeamea.ro\/albaiulia\/foto-tablou-de-primavara-in-scolile-din-comuna-metes\/#article","isPartOf":{"@id":"https:\/\/urbeamea.ro\/albaiulia\/foto-tablou-de-primavara-in-scolile-din-comuna-metes\/"},"author":{"name":"Cristina Ganga","@id":"https:\/\/urbeamea.ro\/albaiulia\/#\/schema\/person\/9700d21fae21c4f038b0b56f4506264a"},"headline":"FOTO: \u201eTablou de prim\u0103var\u0103\u201d \u00een \u015fcolile din comuna Mete\u015f","datePublished":"2019-03-02T08:01:07+00:00","dateModified":"2019-03-02T08:01:12+00:00","mainEntityOfPage":{"@id":"https:\/\/urbeamea.ro\/albaiulia\/foto-tablou-de-primavara-in-scolile-din-comuna-metes\/"},"wordCount":252,"commentCount":0,"image":{"@id":"https:\/\/urbeamea.ro\/albaiulia\/foto-tablou-de-primavara-in-scolile-din-comuna-metes\/#primaryimage"},"thumbnailUrl":"https:\/\/urbeamea.ro\/albaiulia\/wp-content\/uploads\/2019\/03\/DSC_0718.jpg","keywords":["alba","comuna metes","elevi","martisoare","scoli","tablou de primavara","Urbea Mea"],"articleSection":["Social"],"inLanguage":"ro-RO","potentialAction":[{"@type":"CommentAction","name":"Comment","target":["https:\/\/urbeamea.ro\/albaiulia\/foto-tablou-de-primavara-in-scolile-din-comuna-metes\/#respond"]}]},{"@type":"WebPage","@id":"https:\/\/urbeamea.ro\/albaiulia\/foto-tablou-de-primavara-in-scolile-din-comuna-metes\/","url":"https:\/\/urbeamea.ro\/albaiulia\/foto-tablou-de-primavara-in-scolile-din-comuna-metes\/","name":"FOTO: \u201eTablou de prim\u0103var\u0103\u201d \u00een \u015fcolile din comuna Mete\u015f - Revista Urbea Mea - Revista de Alba","isPartOf":{"@id":"https:\/\/urbeamea.ro\/albaiulia\/#website"},"primaryImageOfPage":{"@id":"https:\/\/urbeamea.ro\/albaiulia\/foto-tablou-de-primavara-in-scolile-din-comuna-metes\/#primaryimage"},"image":{"@id":"https:\/\/urbeamea.ro\/albaiulia\/foto-tablou-de-primavara-in-scolile-din-comuna-metes\/#primaryimage"},"thumbnailUrl":"https:\/\/urbeamea.ro\/albaiulia\/wp-content\/uploads\/2019\/03\/DSC_0718.jpg","datePublished":"2019-03-02T08:01:07+00:00","dateModified":"2019-03-02T08:01:12+00:00","author":{"@id":"https:\/\/urbeamea.ro\/albaiulia\/#\/schema\/person\/9700d21fae21c4f038b0b56f4506264a"},"description":"Prim\u0103vara a fost primit\u0103, vineri, 1 martie a\u0219a cum se cuvine \u00een \u0218colile comunei Mete\u0219. M\u0103r\u021bi\u0219oarele, au vestit \u00een toate \u0219colile din comun\u0103, optimismul \u0219i","breadcrumb":{"@id":"https:\/\/urbeamea.ro\/albaiulia\/foto-tablou-de-primavara-in-scolile-din-comuna-metes\/#breadcrumb"},"inLanguage":"ro-RO","potentialAction":[{"@type":"ReadAction","target":["https:\/\/urbeamea.ro\/albaiulia\/foto-tablou-de-primavara-in-scolile-din-comuna-metes\/"]}]},{"@type":"ImageObject","inLanguage":"ro-RO","@id":"https:\/\/urbeamea.ro\/albaiulia\/foto-tablou-de-primavara-in-scolile-din-comuna-metes\/#primaryimage","url":"https:\/\/urbeamea.ro\/albaiulia\/wp-content\/uploads\/2019\/03\/DSC_0718.jpg","contentUrl":"https:\/\/urbeamea.ro\/albaiulia\/wp-content\/uploads\/2019\/03\/DSC_0718.jpg","width":4496,"height":3000},{"@type":"BreadcrumbList","@id":"https:\/\/urbeamea.ro\/albaiulia\/foto-tablou-de-primavara-in-scolile-din-comuna-metes\/#breadcrumb","itemListElement":[{"@type":"ListItem","position":1,"name":"Prima pagin\u0103","item":"https:\/\/urbeamea.ro\/albaiulia\/"},{"@type":"ListItem","position":2,"name":"FOTO: \u201eTablou de prim\u0103var\u0103\u201d \u00een \u015fcolile din comuna Mete\u015f"}]},{"@type":"WebSite","@id":"https:\/\/urbeamea.ro\/albaiulia\/#website","url":"https:\/\/urbeamea.ro\/albaiulia\/","name":"Revista Urbea Mea, Stiri urbane","description":"Evenimente \u0219i \u0219tiri din Alba Iulia, Sebe\u0219, Aiud, Blaj","potentialAction":[{"@type":"SearchAction","target":{"@type":"EntryPoint","urlTemplate":"https:\/\/urbeamea.ro\/albaiulia\/?s={search_term_string}"},"query-input":{"@type":"PropertyValueSpecification","valueRequired":true,"valueName":"search_term_string"}}],"inLanguage":"ro-RO"},{"@type":"Person","@id":"https:\/\/urbeamea.ro\/albaiulia\/#\/schema\/person\/9700d21fae21c4f038b0b56f4506264a","name":"Cristina Ganga","image":{"@type":"ImageObject","inLanguage":"ro-RO","@id":"https:\/\/secure.gravatar.com\/avatar\/5a67661041f057b4a8ccaf26f5a8e86e2689372006d01faf3dd9eeb10b654bb4?s=96&d=mm&r=g","url":"https:\/\/secure.gravatar.com\/avatar\/5a67661041f057b4a8ccaf26f5a8e86e2689372006d01faf3dd9eeb10b654bb4?s=96&d=mm&r=g","contentUrl":"https:\/\/secure.gravatar.com\/avatar\/5a67661041f057b4a8ccaf26f5a8e86e2689372006d01faf3dd9eeb10b654bb4?s=96&d=mm&r=g","caption":"Cristina Ganga"},"description":"Jurnalist","sameAs":["https:\/\/www.facebook.com\/cristina.nicola.587"],"url":"https:\/\/urbeamea.ro\/albaiulia\/author\/cristina-nicola\/"}]}},"_links":{"self":[{"href":"https:\/\/urbeamea.ro\/albaiulia\/wp-json\/wp\/v2\/posts\/72599","targetHints":{"allow":["GET"]}}],"collection":[{"href":"https:\/\/urbeamea.ro\/albaiulia\/wp-json\/wp\/v2\/posts"}],"about":[{"href":"https:\/\/urbeamea.ro\/albaiulia\/wp-json\/wp\/v2\/types\/post"}],"author":[{"embeddable":true,"href":"https:\/\/urbeamea.ro\/albaiulia\/wp-json\/wp\/v2\/users\/17"}],"replies":[{"embeddable":true,"href":"https:\/\/urbeamea.ro\/albaiulia\/wp-json\/wp\/v2\/comments?post=72599"}],"version-history":[{"count":0,"href":"https:\/\/urbeamea.ro\/albaiulia\/wp-json\/wp\/v2\/posts\/72599\/revisions"}],"wp:featuredmedia":[{"embeddable":true,"href":"https:\/\/urbeamea.ro\/albaiulia\/wp-json\/wp\/v2\/media\/72603"}],"wp:attachment":[{"href":"https:\/\/urbeamea.ro\/albaiulia\/wp-json\/wp\/v2\/media?parent=72599"}],"wp:term":[{"taxonomy":"category","embeddable":true,"href":"https:\/\/urbeamea.ro\/albaiulia\/wp-json\/wp\/v2\/categories?post=72599"},{"taxonomy":"post_tag","embeddable":true,"href":"https:\/\/urbeamea.ro\/albaiulia\/wp-json\/wp\/v2\/tags?post=72599"}],"curies":[{"name":"wp","href":"https:\/\/api.w.org\/{rel}","templated":true}]}}