{"id":73139,"date":"2019-03-15T15:50:55","date_gmt":"2019-03-15T13:50:55","guid":{"rendered":"https:\/\/urbeamea.ro\/albaiulia\/?p=73139"},"modified":"2019-03-15T16:05:16","modified_gmt":"2019-03-15T14:05:16","slug":"22-24-martie-sarbatoarea-mierii-la-blaj-cel-mai-important-targ-apicol-din-romania","status":"publish","type":"post","link":"https:\/\/urbeamea.ro\/albaiulia\/22-24-martie-sarbatoarea-mierii-la-blaj-cel-mai-important-targ-apicol-din-romania\/","title":{"rendered":"22-24 martie: S\u0103rb\u0103toarea Mierii, la Blaj \u2013 cel mai important t\u00e2rg apicol din Rom\u00e2nia. PROGRAM"},"content":{"rendered":"\n<p class=\"wp-block-paragraph\"><strong>Municipiul Blaj g\u0103zduie\u0219te, \u00een perioada 22 \u2013 24 martie 2019, \u201eS\u0103rb\u0103torea Mierii\u201d, cel mai important t\u00e2rg apicol \u0219i singurul cu prezen\u021b\u0103 interna\u021bional\u0103 din Rom\u00e2nia. <\/strong><\/p>\n\n\n\n<p class=\"wp-block-paragraph\">Ajuns\u0103 \u00een acest an la cea de-a XII- a edi\u021bie, \u201eS\u0103rb\u0103toarea Mierii\u201d va reuni 150 de expozan\u021bi din \u021bar\u0103 \u0219i din str\u0103in\u0103tate, din \u021b\u0103ri precum Rom\u00e2nia, Ungaria, Polonia, Serbia, Bulgaria, Fran\u021ba, Croa\u021bia sau Grecia. <\/p>\n\n\n\n<p class=\"wp-block-paragraph\">Vizitatorii vor putea g\u0103si la t\u00e2rg miere \u0219i produse apicole, dulciuri de cas\u0103 realizate cu miere, produse cosmetice cu miere dar \u0219i utilaje \u0219i echipamente moderne folosite \u00een apicultur\u0103. Nu va lipsi nici sec\u021biunea dedicat\u0103 me\u0219terilor populari care vor expune obiecte tradi\u021bionale. <\/p>\n\n\n\n<p class=\"wp-block-paragraph\">T\u00e2rgul are ca scop\nprincipal promovarea produselor apicole de calitate \u00een r\u00e2ndul consumatorilor\nrom\u00e2ni, dar \u0219i oferirea de informa\u021bii apicultorilor prin sesiunea de comunic\u0103ri\/\nconferin\u021be \u0219i a posibilit\u0103\u021bii de a face schimburi de experien\u021b\u0103 cu apicultori\n\u0219i asocia\u021bii apicole din alte \u021b\u0103ri europene.<\/p>\n\n\n\n<p class=\"wp-block-paragraph\">T\u00e2rgul g\u0103zduie\u0219te \u00een premier\u0103 pentru Rom\u00e2nia \u0219i<strong> conferin\u021ba\ninterna\u021bional\u0103 BeeCome, cel mai important eveniment apicol din Europa<\/strong>, care va reuni speciali\u0219ti din opt \u021b\u0103ri. &nbsp;Printre participan\u021bi se vor afla \u0219i 50 de reprezentan\u021bi\nai celor mai importante companii ambalatoare de miere din Europa (din Polonia, Fran\u021ba,\nRomania, Germania, Spania, Israel, Ucraina, Republica Moldova, Serbia, Italia,\nGrecia) pentru a discuta problemele \u0219i oportunit\u0103\u021bile pie\u021bei interna\u021bionale a mierii.<\/p>\n\n\n\n<p class=\"wp-block-paragraph\">S\u0103rb\u0103toarea Mierii 2019 este organizat\u0103 de Consiliul Jude\u021bean Alba, prin Centrul de Cultur\u0103 \u201eAugustin Bena\u201d Alba \u0219i Consiliul Local \u0219i Prim\u0103ria Municipiului Blaj, \u00een parteneriat cu compania Apidava \u0219i Asocia\u021bia \u201eAPIS T\u00e2rnave\u201d Blaj.<\/p>\n\n\n\n<p class=\"wp-block-paragraph\"><strong>PROGRAM:<\/strong><\/p>\n\n\n\n<p class=\"wp-block-paragraph\"><strong>22 martie<\/strong><\/p>\n\n\n\n<p class=\"wp-block-paragraph\">12:00 &#8211; 18:00 &#8211; T\u00e2rg de miere \u0219i produse apicole. Utilaje \u0219i echipamente apicole\/ PIA\u021aA 1848<\/p>\n\n\n\n<p class=\"wp-block-paragraph\">12:30 &#8211; 13:10 &#8211; Conferin\u021b\u0103 de pres\u0103\/ Palatul Cultural<\/p>\n\n\n\n<p class=\"wp-block-paragraph\">13:15 &#8211; 14:00 &#8211; Deschiderea oficial\u0103\/ Palatul Cultural<\/p>\n\n\n\n<p class=\"wp-block-paragraph\">14:00 &#8211; 19:00 &#8211; Conferin\u021ba BeeCome 2019\/ Palatul Cultural<\/p>\n\n\n\n<p class=\"wp-block-paragraph\">15:00 &#8211; 18:00 &#8211; Spectacol folcloric\/ PIA\u021aA 1848 &#8211; Ansamblul folcloric \u201eAugustin Bena\u201d al jude\u021bului Alba; Ansamblul folcloric \u201eDoina Mure\u0219ului\u201d din Ciugud; Ansamblul folcloric \u201eTradi\u021bii Uiorene\u201d din Ocna Mure\u0219; Ansamblul folcloric \u201eHop\u00e2rteanca\u201d din Hop\u00e2rta<\/p>\n\n\n\n<p class=\"wp-block-paragraph\"><strong>23 martie<\/strong><\/p>\n\n\n\n<p class=\"wp-block-paragraph\">09:00 &#8211; 18:00 &#8211; T\u00e2rg de miere \u0219i produse apicole. Utilaje \u0219i echipamente apicole\/ PIA\u021aA 1848 <\/p>\n\n\n\n<p class=\"wp-block-paragraph\">10:00 &#8211; 18:30 &#8211; Conferin\u021ba BeeCome 2019\/ Palatul Cultural <\/p>\n\n\n\n<p class=\"wp-block-paragraph\">15:00 &#8211; Conferin\u021ba B2B\/Palatul Cultural<\/p>\n\n\n\n<p class=\"wp-block-paragraph\">18:30 &#8211; 21:00 &#8211; Recitaluri de muzic\u0103 u\u0219oar\u0103 \u0219i dans\/ PIA\u021aA 1848 &#8211; Eliana Burde, Maria P\u0103curar, Magna \u0219i Minora Nemesis, Georgiana Zbutea, Denisa Stoica, Dansuri moderne \u0219i de societate, Grupul vocal \u201ePrimavera\u201d, Denisa Nistor, Adelina Bunea, Alexa Toca, Patricia Ha\u021began, ANNA LESKO<\/p>\n\n\n\n<p class=\"wp-block-paragraph\"><strong>24 martie<\/strong><\/p>\n\n\n\n<p class=\"wp-block-paragraph\">09:00 &#8211; 15:00 &#8211; T\u00e2rg de miere \u0219i produse apicole. Utilaje \u0219i echipamente apicole\/ PIA\u021aA 1848  <\/p>\n\n\n\n<p class=\"wp-block-paragraph\">10:30 &#8211; 13:00 &#8211; Conferin\u021ba BeeCome 2019\/ Palatul Cultural <\/p>\n\n\n\n<p class=\"wp-block-paragraph\">12:00 &#8211; Program cultural-artistic pentru copii\/PIA\u021aA 1848 &#8211; Teatrul de P\u0103pu\u0219i Prichindel, MC Zumba, Gimn Star Blaj <\/p>\n","protected":false},"excerpt":{"rendered":"<p>Municipiul Blaj g\u0103zduie\u0219te, \u00een perioada 22 \u2013 24 martie 2019, \u201eS\u0103rb\u0103torea Mierii\u201d, cel mai important t\u00e2rg apicol \u0219i singurul cu prezen\u021b\u0103 interna\u021bional\u0103 din Rom\u00e2nia. Ajuns\u0103 \u00een acest an la cea de-a XII- a edi\u021bie, \u201eS\u0103rb\u0103toarea Mierii\u201d va reuni 150 de expozan\u021bi din \u021bar\u0103 \u0219i din str\u0103in\u0103tate, din \u021b\u0103ri precum Rom\u00e2nia, Ungaria, Polonia, Serbia, Bulgaria, Fran\u021ba, &hellip;<\/p>\n","protected":false},"author":17,"featured_media":73140,"comment_status":"open","ping_status":"open","sticky":false,"template":"","format":"standard","meta":{"inline_featured_image":false,"footnotes":""},"categories":[4],"tags":[307,17375,2008,308,76],"class_list":["post-73139","post","type-post","status-publish","format-standard","has-post-thumbnail","hentry","category-eveniment","tag-alba","tag-cel-mai-important-targ-apicol","tag-expozanti","tag-stiri","tag-urbea-mea"],"yoast_head":"<!-- This site is optimized with the Yoast SEO plugin v28.3 - https:\/\/yoast.com\/product\/yoast-seo-wordpress\/ -->\n<title>22-24 martie: S\u0103rb\u0103toarea Mierii, la Blaj \u2013 cel mai important t\u00e2rg apicol din Rom\u00e2nia. PROGRAM - Revista Urbea Mea - Revista de Alba<\/title>\n<meta name=\"description\" content=\"Municipiul Blaj g\u0103zduie\u0219te, \u00een perioada 22 \u2013 24 martie 2019, \u201eS\u0103rb\u0103torea Mierii\u201d, cel mai important t\u00e2rg apicol \u0219i singurul cu prezen\u021b\u0103 interna\u021bional\u0103 din\" \/>\n<meta name=\"robots\" content=\"index, follow, max-snippet:-1, max-image-preview:large, max-video-preview:-1\" \/>\n<link rel=\"canonical\" href=\"https:\/\/urbeamea.ro\/albaiulia\/22-24-martie-sarbatoarea-mierii-la-blaj-cel-mai-important-targ-apicol-din-romania\/\" \/>\n<meta name=\"twitter:card\" content=\"summary_large_image\" \/>\n<meta name=\"twitter:title\" content=\"22-24 martie: S\u0103rb\u0103toarea Mierii, la Blaj \u2013 cel mai important t\u00e2rg apicol din Rom\u00e2nia. PROGRAM - Revista Urbea Mea - Revista de Alba\" \/>\n<meta name=\"twitter:description\" content=\"Municipiul Blaj g\u0103zduie\u0219te, \u00een perioada 22 \u2013 24 martie 2019, \u201eS\u0103rb\u0103torea Mierii\u201d, cel mai important t\u00e2rg apicol \u0219i singurul cu prezen\u021b\u0103 interna\u021bional\u0103 din\" \/>\n<meta name=\"twitter:image\" content=\"https:\/\/urbeamea.ro\/albaiulia\/wp-content\/uploads\/2019\/03\/afis-sarbatoarea-mierii-2019.jpg\" \/>\n<meta name=\"twitter:creator\" content=\"@urbeameaweb\" \/>\n<meta name=\"twitter:site\" content=\"@urbeameaweb\" \/>\n<script type=\"application\/ld+json\" class=\"yoast-schema-graph\">{\"@context\":\"https:\\\/\\\/schema.org\",\"@graph\":[{\"@type\":\"Article\",\"@id\":\"https:\\\/\\\/urbeamea.ro\\\/albaiulia\\\/22-24-martie-sarbatoarea-mierii-la-blaj-cel-mai-important-targ-apicol-din-romania\\\/#article\",\"isPartOf\":{\"@id\":\"https:\\\/\\\/urbeamea.ro\\\/albaiulia\\\/22-24-martie-sarbatoarea-mierii-la-blaj-cel-mai-important-targ-apicol-din-romania\\\/\"},\"author\":{\"name\":\"Cristina Ganga\",\"@id\":\"https:\\\/\\\/urbeamea.ro\\\/albaiulia\\\/#\\\/schema\\\/person\\\/9700d21fae21c4f038b0b56f4506264a\"},\"headline\":\"22-24 martie: S\u0103rb\u0103toarea Mierii, la Blaj \u2013 cel mai important t\u00e2rg apicol din Rom\u00e2nia. PROGRAM\",\"datePublished\":\"2019-03-15T13:50:55+00:00\",\"dateModified\":\"2019-03-15T14:05:16+00:00\",\"mainEntityOfPage\":{\"@id\":\"https:\\\/\\\/urbeamea.ro\\\/albaiulia\\\/22-24-martie-sarbatoarea-mierii-la-blaj-cel-mai-important-targ-apicol-din-romania\\\/\"},\"wordCount\":492,\"commentCount\":0,\"image\":{\"@id\":\"https:\\\/\\\/urbeamea.ro\\\/albaiulia\\\/22-24-martie-sarbatoarea-mierii-la-blaj-cel-mai-important-targ-apicol-din-romania\\\/#primaryimage\"},\"thumbnailUrl\":\"https:\\\/\\\/urbeamea.ro\\\/albaiulia\\\/wp-content\\\/uploads\\\/2019\\\/03\\\/afis-sarbatoarea-mierii-2019.jpg\",\"keywords\":[\"alba\",\"cel mai important targ apicol\",\"expozanti\",\"stiri\",\"Urbea Mea\"],\"articleSection\":[\"Evenimente\"],\"inLanguage\":\"ro-RO\",\"potentialAction\":[{\"@type\":\"CommentAction\",\"name\":\"Comment\",\"target\":[\"https:\\\/\\\/urbeamea.ro\\\/albaiulia\\\/22-24-martie-sarbatoarea-mierii-la-blaj-cel-mai-important-targ-apicol-din-romania\\\/#respond\"]}]},{\"@type\":\"WebPage\",\"@id\":\"https:\\\/\\\/urbeamea.ro\\\/albaiulia\\\/22-24-martie-sarbatoarea-mierii-la-blaj-cel-mai-important-targ-apicol-din-romania\\\/\",\"url\":\"https:\\\/\\\/urbeamea.ro\\\/albaiulia\\\/22-24-martie-sarbatoarea-mierii-la-blaj-cel-mai-important-targ-apicol-din-romania\\\/\",\"name\":\"22-24 martie: S\u0103rb\u0103toarea Mierii, la Blaj \u2013 cel mai important t\u00e2rg apicol din Rom\u00e2nia. PROGRAM - Revista Urbea Mea - Revista de Alba\",\"isPartOf\":{\"@id\":\"https:\\\/\\\/urbeamea.ro\\\/albaiulia\\\/#website\"},\"primaryImageOfPage\":{\"@id\":\"https:\\\/\\\/urbeamea.ro\\\/albaiulia\\\/22-24-martie-sarbatoarea-mierii-la-blaj-cel-mai-important-targ-apicol-din-romania\\\/#primaryimage\"},\"image\":{\"@id\":\"https:\\\/\\\/urbeamea.ro\\\/albaiulia\\\/22-24-martie-sarbatoarea-mierii-la-blaj-cel-mai-important-targ-apicol-din-romania\\\/#primaryimage\"},\"thumbnailUrl\":\"https:\\\/\\\/urbeamea.ro\\\/albaiulia\\\/wp-content\\\/uploads\\\/2019\\\/03\\\/afis-sarbatoarea-mierii-2019.jpg\",\"datePublished\":\"2019-03-15T13:50:55+00:00\",\"dateModified\":\"2019-03-15T14:05:16+00:00\",\"author\":{\"@id\":\"https:\\\/\\\/urbeamea.ro\\\/albaiulia\\\/#\\\/schema\\\/person\\\/9700d21fae21c4f038b0b56f4506264a\"},\"description\":\"Municipiul Blaj g\u0103zduie\u0219te, \u00een perioada 22 \u2013 24 martie 2019, \u201eS\u0103rb\u0103torea Mierii\u201d, cel mai important t\u00e2rg apicol \u0219i singurul cu prezen\u021b\u0103 interna\u021bional\u0103 din\",\"breadcrumb\":{\"@id\":\"https:\\\/\\\/urbeamea.ro\\\/albaiulia\\\/22-24-martie-sarbatoarea-mierii-la-blaj-cel-mai-important-targ-apicol-din-romania\\\/#breadcrumb\"},\"inLanguage\":\"ro-RO\",\"potentialAction\":[{\"@type\":\"ReadAction\",\"target\":[\"https:\\\/\\\/urbeamea.ro\\\/albaiulia\\\/22-24-martie-sarbatoarea-mierii-la-blaj-cel-mai-important-targ-apicol-din-romania\\\/\"]}]},{\"@type\":\"ImageObject\",\"inLanguage\":\"ro-RO\",\"@id\":\"https:\\\/\\\/urbeamea.ro\\\/albaiulia\\\/22-24-martie-sarbatoarea-mierii-la-blaj-cel-mai-important-targ-apicol-din-romania\\\/#primaryimage\",\"url\":\"https:\\\/\\\/urbeamea.ro\\\/albaiulia\\\/wp-content\\\/uploads\\\/2019\\\/03\\\/afis-sarbatoarea-mierii-2019.jpg\",\"contentUrl\":\"https:\\\/\\\/urbeamea.ro\\\/albaiulia\\\/wp-content\\\/uploads\\\/2019\\\/03\\\/afis-sarbatoarea-mierii-2019.jpg\",\"width\":2000,\"height\":2832},{\"@type\":\"BreadcrumbList\",\"@id\":\"https:\\\/\\\/urbeamea.ro\\\/albaiulia\\\/22-24-martie-sarbatoarea-mierii-la-blaj-cel-mai-important-targ-apicol-din-romania\\\/#breadcrumb\",\"itemListElement\":[{\"@type\":\"ListItem\",\"position\":1,\"name\":\"Prima pagin\u0103\",\"item\":\"https:\\\/\\\/urbeamea.ro\\\/albaiulia\\\/\"},{\"@type\":\"ListItem\",\"position\":2,\"name\":\"22-24 martie: S\u0103rb\u0103toarea Mierii, la Blaj \u2013 cel mai important t\u00e2rg apicol din Rom\u00e2nia. PROGRAM\"}]},{\"@type\":\"WebSite\",\"@id\":\"https:\\\/\\\/urbeamea.ro\\\/albaiulia\\\/#website\",\"url\":\"https:\\\/\\\/urbeamea.ro\\\/albaiulia\\\/\",\"name\":\"Revista Urbea Mea, Stiri urbane\",\"description\":\"Evenimente \u0219i \u0219tiri din Alba Iulia, Sebe\u0219, Aiud, Blaj\",\"potentialAction\":[{\"@type\":\"SearchAction\",\"target\":{\"@type\":\"EntryPoint\",\"urlTemplate\":\"https:\\\/\\\/urbeamea.ro\\\/albaiulia\\\/?s={search_term_string}\"},\"query-input\":{\"@type\":\"PropertyValueSpecification\",\"valueRequired\":true,\"valueName\":\"search_term_string\"}}],\"inLanguage\":\"ro-RO\"},{\"@type\":\"Person\",\"@id\":\"https:\\\/\\\/urbeamea.ro\\\/albaiulia\\\/#\\\/schema\\\/person\\\/9700d21fae21c4f038b0b56f4506264a\",\"name\":\"Cristina Ganga\",\"image\":{\"@type\":\"ImageObject\",\"inLanguage\":\"ro-RO\",\"@id\":\"https:\\\/\\\/secure.gravatar.com\\\/avatar\\\/5a67661041f057b4a8ccaf26f5a8e86e2689372006d01faf3dd9eeb10b654bb4?s=96&d=mm&r=g\",\"url\":\"https:\\\/\\\/secure.gravatar.com\\\/avatar\\\/5a67661041f057b4a8ccaf26f5a8e86e2689372006d01faf3dd9eeb10b654bb4?s=96&d=mm&r=g\",\"contentUrl\":\"https:\\\/\\\/secure.gravatar.com\\\/avatar\\\/5a67661041f057b4a8ccaf26f5a8e86e2689372006d01faf3dd9eeb10b654bb4?s=96&d=mm&r=g\",\"caption\":\"Cristina Ganga\"},\"description\":\"Jurnalist\",\"sameAs\":[\"https:\\\/\\\/www.facebook.com\\\/cristina.nicola.587\"],\"url\":\"https:\\\/\\\/urbeamea.ro\\\/albaiulia\\\/author\\\/cristina-nicola\\\/\"}]}<\/script>\n<!-- \/ Yoast SEO plugin. -->","yoast_head_json":{"title":"22-24 martie: S\u0103rb\u0103toarea Mierii, la Blaj \u2013 cel mai important t\u00e2rg apicol din Rom\u00e2nia. PROGRAM - Revista Urbea Mea - Revista de Alba","description":"Municipiul Blaj g\u0103zduie\u0219te, \u00een perioada 22 \u2013 24 martie 2019, \u201eS\u0103rb\u0103torea Mierii\u201d, cel mai important t\u00e2rg apicol \u0219i singurul cu prezen\u021b\u0103 interna\u021bional\u0103 din","robots":{"index":"index","follow":"follow","max-snippet":"max-snippet:-1","max-image-preview":"max-image-preview:large","max-video-preview":"max-video-preview:-1"},"canonical":"https:\/\/urbeamea.ro\/albaiulia\/22-24-martie-sarbatoarea-mierii-la-blaj-cel-mai-important-targ-apicol-din-romania\/","twitter_card":"summary_large_image","twitter_title":"22-24 martie: S\u0103rb\u0103toarea Mierii, la Blaj \u2013 cel mai important t\u00e2rg apicol din Rom\u00e2nia. PROGRAM - Revista Urbea Mea - Revista de Alba","twitter_description":"Municipiul Blaj g\u0103zduie\u0219te, \u00een perioada 22 \u2013 24 martie 2019, \u201eS\u0103rb\u0103torea Mierii\u201d, cel mai important t\u00e2rg apicol \u0219i singurul cu prezen\u021b\u0103 interna\u021bional\u0103 din","twitter_image":"https:\/\/urbeamea.ro\/albaiulia\/wp-content\/uploads\/2019\/03\/afis-sarbatoarea-mierii-2019.jpg","twitter_creator":"@urbeameaweb","twitter_site":"@urbeameaweb","schema":{"@context":"https:\/\/schema.org","@graph":[{"@type":"Article","@id":"https:\/\/urbeamea.ro\/albaiulia\/22-24-martie-sarbatoarea-mierii-la-blaj-cel-mai-important-targ-apicol-din-romania\/#article","isPartOf":{"@id":"https:\/\/urbeamea.ro\/albaiulia\/22-24-martie-sarbatoarea-mierii-la-blaj-cel-mai-important-targ-apicol-din-romania\/"},"author":{"name":"Cristina Ganga","@id":"https:\/\/urbeamea.ro\/albaiulia\/#\/schema\/person\/9700d21fae21c4f038b0b56f4506264a"},"headline":"22-24 martie: S\u0103rb\u0103toarea Mierii, la Blaj \u2013 cel mai important t\u00e2rg apicol din Rom\u00e2nia. PROGRAM","datePublished":"2019-03-15T13:50:55+00:00","dateModified":"2019-03-15T14:05:16+00:00","mainEntityOfPage":{"@id":"https:\/\/urbeamea.ro\/albaiulia\/22-24-martie-sarbatoarea-mierii-la-blaj-cel-mai-important-targ-apicol-din-romania\/"},"wordCount":492,"commentCount":0,"image":{"@id":"https:\/\/urbeamea.ro\/albaiulia\/22-24-martie-sarbatoarea-mierii-la-blaj-cel-mai-important-targ-apicol-din-romania\/#primaryimage"},"thumbnailUrl":"https:\/\/urbeamea.ro\/albaiulia\/wp-content\/uploads\/2019\/03\/afis-sarbatoarea-mierii-2019.jpg","keywords":["alba","cel mai important targ apicol","expozanti","stiri","Urbea Mea"],"articleSection":["Evenimente"],"inLanguage":"ro-RO","potentialAction":[{"@type":"CommentAction","name":"Comment","target":["https:\/\/urbeamea.ro\/albaiulia\/22-24-martie-sarbatoarea-mierii-la-blaj-cel-mai-important-targ-apicol-din-romania\/#respond"]}]},{"@type":"WebPage","@id":"https:\/\/urbeamea.ro\/albaiulia\/22-24-martie-sarbatoarea-mierii-la-blaj-cel-mai-important-targ-apicol-din-romania\/","url":"https:\/\/urbeamea.ro\/albaiulia\/22-24-martie-sarbatoarea-mierii-la-blaj-cel-mai-important-targ-apicol-din-romania\/","name":"22-24 martie: S\u0103rb\u0103toarea Mierii, la Blaj \u2013 cel mai important t\u00e2rg apicol din Rom\u00e2nia. PROGRAM - Revista Urbea Mea - Revista de Alba","isPartOf":{"@id":"https:\/\/urbeamea.ro\/albaiulia\/#website"},"primaryImageOfPage":{"@id":"https:\/\/urbeamea.ro\/albaiulia\/22-24-martie-sarbatoarea-mierii-la-blaj-cel-mai-important-targ-apicol-din-romania\/#primaryimage"},"image":{"@id":"https:\/\/urbeamea.ro\/albaiulia\/22-24-martie-sarbatoarea-mierii-la-blaj-cel-mai-important-targ-apicol-din-romania\/#primaryimage"},"thumbnailUrl":"https:\/\/urbeamea.ro\/albaiulia\/wp-content\/uploads\/2019\/03\/afis-sarbatoarea-mierii-2019.jpg","datePublished":"2019-03-15T13:50:55+00:00","dateModified":"2019-03-15T14:05:16+00:00","author":{"@id":"https:\/\/urbeamea.ro\/albaiulia\/#\/schema\/person\/9700d21fae21c4f038b0b56f4506264a"},"description":"Municipiul Blaj g\u0103zduie\u0219te, \u00een perioada 22 \u2013 24 martie 2019, \u201eS\u0103rb\u0103torea Mierii\u201d, cel mai important t\u00e2rg apicol \u0219i singurul cu prezen\u021b\u0103 interna\u021bional\u0103 din","breadcrumb":{"@id":"https:\/\/urbeamea.ro\/albaiulia\/22-24-martie-sarbatoarea-mierii-la-blaj-cel-mai-important-targ-apicol-din-romania\/#breadcrumb"},"inLanguage":"ro-RO","potentialAction":[{"@type":"ReadAction","target":["https:\/\/urbeamea.ro\/albaiulia\/22-24-martie-sarbatoarea-mierii-la-blaj-cel-mai-important-targ-apicol-din-romania\/"]}]},{"@type":"ImageObject","inLanguage":"ro-RO","@id":"https:\/\/urbeamea.ro\/albaiulia\/22-24-martie-sarbatoarea-mierii-la-blaj-cel-mai-important-targ-apicol-din-romania\/#primaryimage","url":"https:\/\/urbeamea.ro\/albaiulia\/wp-content\/uploads\/2019\/03\/afis-sarbatoarea-mierii-2019.jpg","contentUrl":"https:\/\/urbeamea.ro\/albaiulia\/wp-content\/uploads\/2019\/03\/afis-sarbatoarea-mierii-2019.jpg","width":2000,"height":2832},{"@type":"BreadcrumbList","@id":"https:\/\/urbeamea.ro\/albaiulia\/22-24-martie-sarbatoarea-mierii-la-blaj-cel-mai-important-targ-apicol-din-romania\/#breadcrumb","itemListElement":[{"@type":"ListItem","position":1,"name":"Prima pagin\u0103","item":"https:\/\/urbeamea.ro\/albaiulia\/"},{"@type":"ListItem","position":2,"name":"22-24 martie: S\u0103rb\u0103toarea Mierii, la Blaj \u2013 cel mai important t\u00e2rg apicol din Rom\u00e2nia. PROGRAM"}]},{"@type":"WebSite","@id":"https:\/\/urbeamea.ro\/albaiulia\/#website","url":"https:\/\/urbeamea.ro\/albaiulia\/","name":"Revista Urbea Mea, Stiri urbane","description":"Evenimente \u0219i \u0219tiri din Alba Iulia, Sebe\u0219, Aiud, Blaj","potentialAction":[{"@type":"SearchAction","target":{"@type":"EntryPoint","urlTemplate":"https:\/\/urbeamea.ro\/albaiulia\/?s={search_term_string}"},"query-input":{"@type":"PropertyValueSpecification","valueRequired":true,"valueName":"search_term_string"}}],"inLanguage":"ro-RO"},{"@type":"Person","@id":"https:\/\/urbeamea.ro\/albaiulia\/#\/schema\/person\/9700d21fae21c4f038b0b56f4506264a","name":"Cristina Ganga","image":{"@type":"ImageObject","inLanguage":"ro-RO","@id":"https:\/\/secure.gravatar.com\/avatar\/5a67661041f057b4a8ccaf26f5a8e86e2689372006d01faf3dd9eeb10b654bb4?s=96&d=mm&r=g","url":"https:\/\/secure.gravatar.com\/avatar\/5a67661041f057b4a8ccaf26f5a8e86e2689372006d01faf3dd9eeb10b654bb4?s=96&d=mm&r=g","contentUrl":"https:\/\/secure.gravatar.com\/avatar\/5a67661041f057b4a8ccaf26f5a8e86e2689372006d01faf3dd9eeb10b654bb4?s=96&d=mm&r=g","caption":"Cristina Ganga"},"description":"Jurnalist","sameAs":["https:\/\/www.facebook.com\/cristina.nicola.587"],"url":"https:\/\/urbeamea.ro\/albaiulia\/author\/cristina-nicola\/"}]}},"_links":{"self":[{"href":"https:\/\/urbeamea.ro\/albaiulia\/wp-json\/wp\/v2\/posts\/73139","targetHints":{"allow":["GET"]}}],"collection":[{"href":"https:\/\/urbeamea.ro\/albaiulia\/wp-json\/wp\/v2\/posts"}],"about":[{"href":"https:\/\/urbeamea.ro\/albaiulia\/wp-json\/wp\/v2\/types\/post"}],"author":[{"embeddable":true,"href":"https:\/\/urbeamea.ro\/albaiulia\/wp-json\/wp\/v2\/users\/17"}],"replies":[{"embeddable":true,"href":"https:\/\/urbeamea.ro\/albaiulia\/wp-json\/wp\/v2\/comments?post=73139"}],"version-history":[{"count":0,"href":"https:\/\/urbeamea.ro\/albaiulia\/wp-json\/wp\/v2\/posts\/73139\/revisions"}],"wp:featuredmedia":[{"embeddable":true,"href":"https:\/\/urbeamea.ro\/albaiulia\/wp-json\/wp\/v2\/media\/73140"}],"wp:attachment":[{"href":"https:\/\/urbeamea.ro\/albaiulia\/wp-json\/wp\/v2\/media?parent=73139"}],"wp:term":[{"taxonomy":"category","embeddable":true,"href":"https:\/\/urbeamea.ro\/albaiulia\/wp-json\/wp\/v2\/categories?post=73139"},{"taxonomy":"post_tag","embeddable":true,"href":"https:\/\/urbeamea.ro\/albaiulia\/wp-json\/wp\/v2\/tags?post=73139"}],"curies":[{"name":"wp","href":"https:\/\/api.w.org\/{rel}","templated":true}]}}