{"id":73795,"date":"2019-03-27T18:36:24","date_gmt":"2019-03-27T16:36:24","guid":{"rendered":"https:\/\/urbeamea.ro\/albaiulia\/?p=73795"},"modified":"2019-03-27T18:36:28","modified_gmt":"2019-03-27T16:36:28","slug":"foto-cazuri-de-hepatita-acuta-virala-de-tip-a-inregistrate-la-blaj-dsp-alba-a-intervenit-pentru-limitarea-focarului","status":"publish","type":"post","link":"https:\/\/urbeamea.ro\/albaiulia\/foto-cazuri-de-hepatita-acuta-virala-de-tip-a-inregistrate-la-blaj-dsp-alba-a-intervenit-pentru-limitarea-focarului\/","title":{"rendered":"FOTO: Cazuri de hepatit\u0103 acut\u0103 viral\u0103 de tip A, \u00eenregistrate la Blaj. DSP Alba a intervenit pentru limitarea focarului"},"content":{"rendered":"\n<p class=\"wp-block-paragraph\"><strong>Direc\u021bia de S\u0103n\u0103tate Public\u0103 (DSP) Alba a luat mai multe m\u0103suri pentru limitarea focarului de hepatit\u0103 acut\u0103 viral\u0103 de tip A \u00een municipiul Blaj unde, de la \u00eenceputul anului \u0219i p\u00e2n\u0103 \u00een prezent, au fost \u00eenregistrate 17 cazuri (6 \u00een luna ianuarie, 5 \u00een luna februarie, 6 \u00een luna martie), la copii cu v\u00e2rste cuprinse \u00eentre 3 \u0219i 15 ani.<\/strong><\/p>\n\n\n\n<p class=\"wp-block-paragraph\">Hepatita A este o boala contagioas\u0103 cauzat\u0103 de infec\u021bia ficatului cu virusul hepatitic A. Odat\u0103 ce o persoana a fost infectata cu hepatita A, dezvolt\u0103 imunitate pe termen lung \u0219i nu mai poate contracta boala a doua oar\u0103.<\/p>\n\n\n\n<p class=\"wp-block-paragraph\">Din cauza modului de r\u0103sp\u00e2ndire, hepatita A are tendin\u021ba de a ap\u0103rea sub form\u0103 de epidemii. 1 din 3 persoane au anticorpi pentru hepatita A (au fost expu\u0219i la virus), dar majoritatea nu dezvolt\u0103 simptome.<\/p>\n\n\n\n<p class=\"wp-block-paragraph\"><strong>Transmiterea virusului<\/strong><\/p>\n\n\n\n<p class=\"wp-block-paragraph\">Virusul hepatitei A se g\u0103se\u0219te \u00een materiile fecale ale persoanelor infectate. Se transmite atunci c\u00e2nd o persoana ajunge \u00een contact cu alimente, ap\u0103 contaminate cu fecalele altei persoane (transmitere fecal-oral\u0103), de obicei \u00een condi\u021bii de igien\u0103 inadecvat\u0103. Persoanele infectate pot \u00eencepe s\u0103 transmit\u0103 infec\u021bia la aproximativ 7 zile de la expunere, chiar dac\u0103 boala este asimptomatica.<\/p>\n\n\n\n<p class=\"wp-block-paragraph\"><strong>Simptome<\/strong><\/p>\n\n\n\n<p class=\"wp-block-paragraph\">Multe persoane infectate sunt asimptomatice sau au simptome u\u0219oare, greu de sesizat. Persoanele mai \u00een v\u00e2rst\u0103 au mai probabil simptome dec\u00e2t copiii. Simptomele apar de obicei \u00een s\u0103pt\u0103m\u00e2nile 2-6 dup\u0103 infec\u021bie \u0219i de regul\u0103 dispar de la sine, \u00een timp. Cele mai frecvente sunt: grea\u021b\u0103, v\u0103rs\u0103turi, diaree (mai ales la copii), febr\u0103 u\u0219oar\u0103, pierderea poftei de m\u00e2ncare, erup\u021bii cutanate, oboseala, icter, cu colorarea \u00een ro\u0219u a urinei, durere \u00een partea dreapt\u0103 a abdomenului, sub coaste. Dac\u0103 v\u0103rs\u0103turile sunt severe, poate ap\u0103rea deshidratare, manifestat\u0103 prin: astenie fizic\u0103, confuzie, incapacitate de concentrare, puls rapid, dureri de cap, iritabilitate, sc\u0103derea cantit\u0103\u021bii de urina. Simptomele dureaz\u0103 de obicei mai pu\u021bin de 2 luni, dar pot ajunge \u0219i la 9 luni<\/p>\n\n\n\n<p class=\"wp-block-paragraph\"><strong>C\u00e2nd trebuie s\u0103 v\u0103 adresa\u021bi medicului<\/strong><\/p>\n\n\n\n<p class=\"wp-block-paragraph\">Daca apar: grea\u021b\u0103 \u0219i v\u0103rs\u0103turi care nu se amelioreaz\u0103 dup\u0103 1-2 zile, piele sau ochi \u00eeng\u0103lbeni\u021bi, urin\u0103 \u00eenchisa la culoare, durere abdominal\u0103. De asemenea, daca ave\u021bi simptome \u0219i \u0219ti\u021bi c\u0103 este posibil s\u0103 fi fost expus la contactul cu o persoan\u0103 infectat\u0103 cu hepatit\u0103 sau dac\u0103 a\u021bi avut contact apropiat cu o persoan\u0103 infectat\u0103.<\/p>\n\n\n\n<p class=\"wp-block-paragraph\"><strong>Diagnostic<\/strong><\/p>\n\n\n\n<p class=\"wp-block-paragraph\">Medicul v\u0103 va pune \u00eentreb\u0103ri cu privire la simptome \u0219i la posibila expunere la hepatit\u0103 \u0219i va face analize de s\u00e2nge pentru a determina cum func\u021bioneaz\u0103 ficatul dvs. \u0219i daca a\u021bi fost expus la hepatita A recent.<\/p>\n\n\n\n<p class=\"wp-block-paragraph\"><strong>Interven\u021bia DSP \u00een focar (la Blaj)<\/strong><\/p>\n\n\n\n<p class=\"wp-block-paragraph\">\u00cen caz de \u00eemboln\u0103vire nu exista tratament specific pentru a vindeca hepatita A. Majoritatea persoanelor necesit\u0103 doar un tratament pentru ameliorarea simptomelor. &nbsp;<\/p>\n\n\n\n<p class=\"wp-block-paragraph\">Miercuri, 27.03.2019, o echip\u0103 mixt\u0103 a DSP format\u0103 din speciali\u0219ti de medicin\u0103 preventiv\u0103 \u0219i inspectori sanitari s-a deplasat \u00een municipiul Blaj cu scopul de a lua toate m\u0103surile necesare \u00een vederea limit\u0103rii evolu\u021biei focarului \u00een colectivit\u0103\u021bile pre\u0219colare \u0219i \u0219colare din zon\u0103. Reprezentan\u021bii DSP Alba au avut o \u00eent\u00e2lnire de lucru la care au participat directorii de institu\u021bii de \u00eenv\u0103\u021b\u0103m\u00e2nt, asisten\u021bii medicali comunitari, medic \u0219i asisten\u021bi medicali \u0219colari, coordonatorul serviciului de asisten\u021b\u0103 social\u0103 \u0219i mediatorul sanitar.<\/p>\n\n\n\n<figure class=\"wp-block-image\"><img loading=\"lazy\" decoding=\"async\" width=\"622\" height=\"1280\" src=\"https:\/\/urbeamea.ro\/albaiulia\/wp-content\/uploads\/2019\/03\/Intalnire-de-lucru-Blaj-622x1280.jpg\" alt=\"\" class=\"wp-image-73796\" srcset=\"https:\/\/urbeamea.ro\/albaiulia\/wp-content\/uploads\/2019\/03\/Intalnire-de-lucru-Blaj-622x1280.jpg 622w, https:\/\/urbeamea.ro\/albaiulia\/wp-content\/uploads\/2019\/03\/Intalnire-de-lucru-Blaj-73x150.jpg 73w, https:\/\/urbeamea.ro\/albaiulia\/wp-content\/uploads\/2019\/03\/Intalnire-de-lucru-Blaj-311x640.jpg 311w, https:\/\/urbeamea.ro\/albaiulia\/wp-content\/uploads\/2019\/03\/Intalnire-de-lucru-Blaj-768x1581.jpg 768w, https:\/\/urbeamea.ro\/albaiulia\/wp-content\/uploads\/2019\/03\/Intalnire-de-lucru-Blaj.jpg 777w\" sizes=\"auto, (max-width: 622px) 100vw, 622px\" \/><\/figure>\n\n\n\n<p class=\"wp-block-paragraph\"><strong>M\u0103suri luate:<\/strong><\/p>\n\n\n\n<p class=\"wp-block-paragraph\">Se vor identifica contac\u021bii \u0219i vor fi imuniza\u021bi prin medicii de familie, cu vaccin distribuit de DSP Alba;<\/p>\n\n\n\n<p class=\"wp-block-paragraph\">S-a dispus efectuarea dezinfec\u021biei \u0219i igieniz\u0103rii prin personalul de specialitate \u00een unit\u0103\u021bile de \u00eenv\u0103\u021b\u0103m\u00e2nt, \u00een parteneriat cu UAT Blaj (DSP a furnizat var cloros pentru unit\u0103\u021bi de \u00eenv\u0103\u021b\u0103m\u00e2nt \u0219i \u00een colectivitatea afectat\u0103 de \u00eemboln\u0103viri);<\/p>\n\n\n\n<p class=\"wp-block-paragraph\">Evolu\u021bia focarului va fi atent supravegheat\u0103 \u0219i vor fi puse la dispozi\u021bie materiale necesare pentru efectuarea controalelor periodice \u0219i a triajului \u00een unit\u0103\u021bile de \u00eenv\u0103\u021b\u0103m\u00e2nt;<\/p>\n\n\n\n<p class=\"wp-block-paragraph\">S-au realizat \u0219i se vor mai realiza ac\u021biuni de informare \u0219i educare pentru p\u0103rin\u021bi, cadre didactice \u0219i elevi privind regulile obligatorii de igien\u0103;<\/p>\n\n\n\n<p class=\"wp-block-paragraph\">De joi se vor efectua examene de urin\u0103 \u00een colectivit\u0103\u021bile unde sunt cazuri de \u00eemboln\u0103vire, de c\u0103tre asisten\u021bii comunitari, supraveghea\u021bi de singurul medic \u0219colar care activeaz\u0103 la acest moment \u00een municipiul Blaj;<\/p>\n\n\n\n<p class=\"wp-block-paragraph\">Cei 17 copii \u00eenva\u021b\u0103 \u00een patru \u0219coli \u0219i dou\u0103 gr\u0103dini\u021be din municipiu. O parte dintre cazuri au prezentat forme u\u0219oare \u0219i au fost reintegra\u021bi \u00een colectivitate, av\u00e2nd \u00een vedere c\u0103 debutul bolii a fost la \u00eenceputul lunii ianuarie.&nbsp;<\/p>\n\n\n\n<p class=\"wp-block-paragraph\"><strong>Auto-\u00eengrijirea la domiciliu. Recomand\u0103ri pentru p\u0103rin\u021bi<\/strong><\/p>\n\n\n\n<p class=\"wp-block-paragraph\">Se recomand\u0103 odihn\u0103 la domiciliu pe perioada manifest\u0103rii simptomelor. Be\u021bi mult\u0103 ap\u0103 pentru a preveni deshidratarea. Evita\u021bi automedica\u021bia, care poate agrava efectele virusului asupra ficatului, evita\u021bi exerci\u021biul fizic prelungit. Anun\u021ba\u021bi medicul dac\u0103 simptomele se agraveaz\u0103 sau dac\u0103 apar simptome noi.<\/p>\n\n\n\n<p class=\"wp-block-paragraph\"><strong>Preven\u021bie<\/strong><\/p>\n\n\n\n<p class=\"wp-block-paragraph\">Igiena personal\u0103 strict\u0103 \u0219i sp\u0103latul m\u00e2inilor cu ap\u0103 \u0219i s\u0103pun dup\u0103 folosirea toaletei, dup\u0103 schimbarea scutecului la copii, precum \u0219i \u00eenainte de prepararea m\u00e2nc\u0103rii sau de luarea meselor v\u0103 ajut\u0103 la \u00eempiedicarea transmiterii infec\u021biei. \u00cenc\u0103lzirea alimentelor \u0219i a apei la peste 85 grade Celsius determin\u0103 distrugerea virusului. Evita\u021bi consumul de pe\u0219te sau fructe de mare \u00een stare crud\u0103 sau insuficient preparate termic. Fructele \u0219i legumele consumate in stare crud\u0103 trebuie sp\u0103late cu apa din abunden\u021b\u0103.<\/p>\n\n\n\n<p class=\"wp-block-paragraph\"><strong>Vaccinarea (se face gratuit pentru contac\u021bii din focar)<\/strong><\/p>\n\n\n\n<p class=\"wp-block-paragraph\">Infectarea poate fi prevenit\u0103 prin vaccinare. Vaccinul nu con\u021bine virusuri vii \u0219i este foarte sigur. Nu au fost raportate reac\u021bii adverse semnificative, cu excep\u021bia \u00eenro\u0219irii locului de injec\u021bie pentru c\u00e2teva zile. Vaccinul trebuie administrat \u00eenainte de expunerea la virus, nu mai are efect dup\u0103 expunere.<\/p>\n\n\n\n<p class=\"wp-block-paragraph\">O persoana cu hepatita A confirmat\u0103 prin teste de s\u00e2nge nu mai poate face infec\u021bia a doua oara.<br><\/p>\n\n\n\n<p class=\"wp-block-paragraph\"><em>Biroul de pres\u0103 al DSP Alba\u00a0 <\/em><\/p>\n","protected":false},"excerpt":{"rendered":"<p>Direc\u021bia de S\u0103n\u0103tate Public\u0103 (DSP) Alba a luat mai multe m\u0103suri pentru limitarea focarului de hepatit\u0103 acut\u0103 viral\u0103 de tip A \u00een municipiul Blaj unde, de la \u00eenceputul anului \u0219i p\u00e2n\u0103 \u00een prezent, au fost \u00eenregistrate 17 cazuri (6 \u00een luna ianuarie, 5 \u00een luna februarie, 6 \u00een luna martie), la copii cu v\u00e2rste cuprinse &hellip;<\/p>\n","protected":false},"author":17,"featured_media":73797,"comment_status":"open","ping_status":"open","sticky":false,"template":"","format":"standard","meta":{"inline_featured_image":false,"footnotes":""},"categories":[255],"tags":[170,17483,2111,17484,308,76],"class_list":["post-73795","post","type-post","status-publish","format-standard","has-post-thumbnail","hentry","category-sanatate","tag-blaj","tag-cazuri-de-hepatita-virala-a","tag-dsp-alba","tag-limitarea-focarului","tag-stiri","tag-urbea-mea"],"yoast_head":"<!-- This site is optimized with the Yoast SEO plugin v28.3 - https:\/\/yoast.com\/product\/yoast-seo-wordpress\/ -->\n<title>FOTO: Cazuri de hepatit\u0103 acut\u0103 viral\u0103 de tip A, \u00eenregistrate la Blaj. DSP Alba a intervenit pentru limitarea focarului - Revista Urbea Mea - Revista de Alba<\/title>\n<meta name=\"description\" content=\"Direc\u021bia de S\u0103n\u0103tate Public\u0103 (DSP) Alba a luat mai multe m\u0103suri pentru limitarea focarului de hepatit\u0103 acut\u0103 viral\u0103 de tip A \u00een municipiul Blaj unde, de\" \/>\n<meta name=\"robots\" content=\"index, follow, max-snippet:-1, max-image-preview:large, max-video-preview:-1\" \/>\n<link rel=\"canonical\" href=\"https:\/\/urbeamea.ro\/albaiulia\/foto-cazuri-de-hepatita-acuta-virala-de-tip-a-inregistrate-la-blaj-dsp-alba-a-intervenit-pentru-limitarea-focarului\/\" \/>\n<meta name=\"twitter:card\" content=\"summary_large_image\" \/>\n<meta name=\"twitter:title\" content=\"FOTO: Cazuri de hepatit\u0103 acut\u0103 viral\u0103 de tip A, \u00eenregistrate la Blaj. DSP Alba a intervenit pentru limitarea focarului - Revista Urbea Mea - Revista de Alba\" \/>\n<meta name=\"twitter:description\" content=\"Direc\u021bia de S\u0103n\u0103tate Public\u0103 (DSP) Alba a luat mai multe m\u0103suri pentru limitarea focarului de hepatit\u0103 acut\u0103 viral\u0103 de tip A \u00een municipiul Blaj unde, de\" \/>\n<meta name=\"twitter:image\" content=\"https:\/\/urbeamea.ro\/albaiulia\/wp-content\/uploads\/2019\/03\/Afis-Hepatita-boala-mainilor-murdare.jpg\" \/>\n<meta name=\"twitter:creator\" content=\"@urbeameaweb\" \/>\n<meta name=\"twitter:site\" content=\"@urbeameaweb\" \/>\n<script type=\"application\/ld+json\" class=\"yoast-schema-graph\">{\"@context\":\"https:\\\/\\\/schema.org\",\"@graph\":[{\"@type\":\"Article\",\"@id\":\"https:\\\/\\\/urbeamea.ro\\\/albaiulia\\\/foto-cazuri-de-hepatita-acuta-virala-de-tip-a-inregistrate-la-blaj-dsp-alba-a-intervenit-pentru-limitarea-focarului\\\/#article\",\"isPartOf\":{\"@id\":\"https:\\\/\\\/urbeamea.ro\\\/albaiulia\\\/foto-cazuri-de-hepatita-acuta-virala-de-tip-a-inregistrate-la-blaj-dsp-alba-a-intervenit-pentru-limitarea-focarului\\\/\"},\"author\":{\"name\":\"Cristina Ganga\",\"@id\":\"https:\\\/\\\/urbeamea.ro\\\/albaiulia\\\/#\\\/schema\\\/person\\\/9700d21fae21c4f038b0b56f4506264a\"},\"headline\":\"FOTO: Cazuri de hepatit\u0103 acut\u0103 viral\u0103 de tip A, \u00eenregistrate la Blaj. DSP Alba a intervenit pentru limitarea focarului\",\"datePublished\":\"2019-03-27T16:36:24+00:00\",\"dateModified\":\"2019-03-27T16:36:28+00:00\",\"mainEntityOfPage\":{\"@id\":\"https:\\\/\\\/urbeamea.ro\\\/albaiulia\\\/foto-cazuri-de-hepatita-acuta-virala-de-tip-a-inregistrate-la-blaj-dsp-alba-a-intervenit-pentru-limitarea-focarului\\\/\"},\"wordCount\":1013,\"commentCount\":0,\"image\":{\"@id\":\"https:\\\/\\\/urbeamea.ro\\\/albaiulia\\\/foto-cazuri-de-hepatita-acuta-virala-de-tip-a-inregistrate-la-blaj-dsp-alba-a-intervenit-pentru-limitarea-focarului\\\/#primaryimage\"},\"thumbnailUrl\":\"https:\\\/\\\/urbeamea.ro\\\/albaiulia\\\/wp-content\\\/uploads\\\/2019\\\/03\\\/Afis-Hepatita-boala-mainilor-murdare.jpg\",\"keywords\":[\"blaj\",\"cazuri de hepatita virala a\",\"DSP Alba\",\"limitarea focarului\",\"stiri\",\"Urbea Mea\"],\"articleSection\":[\"S\u0103n\u0103tate\"],\"inLanguage\":\"ro-RO\",\"potentialAction\":[{\"@type\":\"CommentAction\",\"name\":\"Comment\",\"target\":[\"https:\\\/\\\/urbeamea.ro\\\/albaiulia\\\/foto-cazuri-de-hepatita-acuta-virala-de-tip-a-inregistrate-la-blaj-dsp-alba-a-intervenit-pentru-limitarea-focarului\\\/#respond\"]}]},{\"@type\":\"WebPage\",\"@id\":\"https:\\\/\\\/urbeamea.ro\\\/albaiulia\\\/foto-cazuri-de-hepatita-acuta-virala-de-tip-a-inregistrate-la-blaj-dsp-alba-a-intervenit-pentru-limitarea-focarului\\\/\",\"url\":\"https:\\\/\\\/urbeamea.ro\\\/albaiulia\\\/foto-cazuri-de-hepatita-acuta-virala-de-tip-a-inregistrate-la-blaj-dsp-alba-a-intervenit-pentru-limitarea-focarului\\\/\",\"name\":\"FOTO: Cazuri de hepatit\u0103 acut\u0103 viral\u0103 de tip A, \u00eenregistrate la Blaj. DSP Alba a intervenit pentru limitarea focarului - Revista Urbea Mea - Revista de Alba\",\"isPartOf\":{\"@id\":\"https:\\\/\\\/urbeamea.ro\\\/albaiulia\\\/#website\"},\"primaryImageOfPage\":{\"@id\":\"https:\\\/\\\/urbeamea.ro\\\/albaiulia\\\/foto-cazuri-de-hepatita-acuta-virala-de-tip-a-inregistrate-la-blaj-dsp-alba-a-intervenit-pentru-limitarea-focarului\\\/#primaryimage\"},\"image\":{\"@id\":\"https:\\\/\\\/urbeamea.ro\\\/albaiulia\\\/foto-cazuri-de-hepatita-acuta-virala-de-tip-a-inregistrate-la-blaj-dsp-alba-a-intervenit-pentru-limitarea-focarului\\\/#primaryimage\"},\"thumbnailUrl\":\"https:\\\/\\\/urbeamea.ro\\\/albaiulia\\\/wp-content\\\/uploads\\\/2019\\\/03\\\/Afis-Hepatita-boala-mainilor-murdare.jpg\",\"datePublished\":\"2019-03-27T16:36:24+00:00\",\"dateModified\":\"2019-03-27T16:36:28+00:00\",\"author\":{\"@id\":\"https:\\\/\\\/urbeamea.ro\\\/albaiulia\\\/#\\\/schema\\\/person\\\/9700d21fae21c4f038b0b56f4506264a\"},\"description\":\"Direc\u021bia de S\u0103n\u0103tate Public\u0103 (DSP) Alba a luat mai multe m\u0103suri pentru limitarea focarului de hepatit\u0103 acut\u0103 viral\u0103 de tip A \u00een municipiul Blaj unde, de\",\"breadcrumb\":{\"@id\":\"https:\\\/\\\/urbeamea.ro\\\/albaiulia\\\/foto-cazuri-de-hepatita-acuta-virala-de-tip-a-inregistrate-la-blaj-dsp-alba-a-intervenit-pentru-limitarea-focarului\\\/#breadcrumb\"},\"inLanguage\":\"ro-RO\",\"potentialAction\":[{\"@type\":\"ReadAction\",\"target\":[\"https:\\\/\\\/urbeamea.ro\\\/albaiulia\\\/foto-cazuri-de-hepatita-acuta-virala-de-tip-a-inregistrate-la-blaj-dsp-alba-a-intervenit-pentru-limitarea-focarului\\\/\"]}]},{\"@type\":\"ImageObject\",\"inLanguage\":\"ro-RO\",\"@id\":\"https:\\\/\\\/urbeamea.ro\\\/albaiulia\\\/foto-cazuri-de-hepatita-acuta-virala-de-tip-a-inregistrate-la-blaj-dsp-alba-a-intervenit-pentru-limitarea-focarului\\\/#primaryimage\",\"url\":\"https:\\\/\\\/urbeamea.ro\\\/albaiulia\\\/wp-content\\\/uploads\\\/2019\\\/03\\\/Afis-Hepatita-boala-mainilor-murdare.jpg\",\"contentUrl\":\"https:\\\/\\\/urbeamea.ro\\\/albaiulia\\\/wp-content\\\/uploads\\\/2019\\\/03\\\/Afis-Hepatita-boala-mainilor-murdare.jpg\",\"width\":1343,\"height\":918},{\"@type\":\"BreadcrumbList\",\"@id\":\"https:\\\/\\\/urbeamea.ro\\\/albaiulia\\\/foto-cazuri-de-hepatita-acuta-virala-de-tip-a-inregistrate-la-blaj-dsp-alba-a-intervenit-pentru-limitarea-focarului\\\/#breadcrumb\",\"itemListElement\":[{\"@type\":\"ListItem\",\"position\":1,\"name\":\"Prima pagin\u0103\",\"item\":\"https:\\\/\\\/urbeamea.ro\\\/albaiulia\\\/\"},{\"@type\":\"ListItem\",\"position\":2,\"name\":\"FOTO: Cazuri de hepatit\u0103 acut\u0103 viral\u0103 de tip A, \u00eenregistrate la Blaj. DSP Alba a intervenit pentru limitarea focarului\"}]},{\"@type\":\"WebSite\",\"@id\":\"https:\\\/\\\/urbeamea.ro\\\/albaiulia\\\/#website\",\"url\":\"https:\\\/\\\/urbeamea.ro\\\/albaiulia\\\/\",\"name\":\"Revista Urbea Mea, Stiri urbane\",\"description\":\"Evenimente \u0219i \u0219tiri din Alba Iulia, Sebe\u0219, Aiud, Blaj\",\"potentialAction\":[{\"@type\":\"SearchAction\",\"target\":{\"@type\":\"EntryPoint\",\"urlTemplate\":\"https:\\\/\\\/urbeamea.ro\\\/albaiulia\\\/?s={search_term_string}\"},\"query-input\":{\"@type\":\"PropertyValueSpecification\",\"valueRequired\":true,\"valueName\":\"search_term_string\"}}],\"inLanguage\":\"ro-RO\"},{\"@type\":\"Person\",\"@id\":\"https:\\\/\\\/urbeamea.ro\\\/albaiulia\\\/#\\\/schema\\\/person\\\/9700d21fae21c4f038b0b56f4506264a\",\"name\":\"Cristina Ganga\",\"image\":{\"@type\":\"ImageObject\",\"inLanguage\":\"ro-RO\",\"@id\":\"https:\\\/\\\/secure.gravatar.com\\\/avatar\\\/5a67661041f057b4a8ccaf26f5a8e86e2689372006d01faf3dd9eeb10b654bb4?s=96&d=mm&r=g\",\"url\":\"https:\\\/\\\/secure.gravatar.com\\\/avatar\\\/5a67661041f057b4a8ccaf26f5a8e86e2689372006d01faf3dd9eeb10b654bb4?s=96&d=mm&r=g\",\"contentUrl\":\"https:\\\/\\\/secure.gravatar.com\\\/avatar\\\/5a67661041f057b4a8ccaf26f5a8e86e2689372006d01faf3dd9eeb10b654bb4?s=96&d=mm&r=g\",\"caption\":\"Cristina Ganga\"},\"description\":\"Jurnalist\",\"sameAs\":[\"https:\\\/\\\/www.facebook.com\\\/cristina.nicola.587\"],\"url\":\"https:\\\/\\\/urbeamea.ro\\\/albaiulia\\\/author\\\/cristina-nicola\\\/\"}]}<\/script>\n<!-- \/ Yoast SEO plugin. -->","yoast_head_json":{"title":"FOTO: Cazuri de hepatit\u0103 acut\u0103 viral\u0103 de tip A, \u00eenregistrate la Blaj. DSP Alba a intervenit pentru limitarea focarului - Revista Urbea Mea - Revista de Alba","description":"Direc\u021bia de S\u0103n\u0103tate Public\u0103 (DSP) Alba a luat mai multe m\u0103suri pentru limitarea focarului de hepatit\u0103 acut\u0103 viral\u0103 de tip A \u00een municipiul Blaj unde, de","robots":{"index":"index","follow":"follow","max-snippet":"max-snippet:-1","max-image-preview":"max-image-preview:large","max-video-preview":"max-video-preview:-1"},"canonical":"https:\/\/urbeamea.ro\/albaiulia\/foto-cazuri-de-hepatita-acuta-virala-de-tip-a-inregistrate-la-blaj-dsp-alba-a-intervenit-pentru-limitarea-focarului\/","twitter_card":"summary_large_image","twitter_title":"FOTO: Cazuri de hepatit\u0103 acut\u0103 viral\u0103 de tip A, \u00eenregistrate la Blaj. DSP Alba a intervenit pentru limitarea focarului - Revista Urbea Mea - Revista de Alba","twitter_description":"Direc\u021bia de S\u0103n\u0103tate Public\u0103 (DSP) Alba a luat mai multe m\u0103suri pentru limitarea focarului de hepatit\u0103 acut\u0103 viral\u0103 de tip A \u00een municipiul Blaj unde, de","twitter_image":"https:\/\/urbeamea.ro\/albaiulia\/wp-content\/uploads\/2019\/03\/Afis-Hepatita-boala-mainilor-murdare.jpg","twitter_creator":"@urbeameaweb","twitter_site":"@urbeameaweb","schema":{"@context":"https:\/\/schema.org","@graph":[{"@type":"Article","@id":"https:\/\/urbeamea.ro\/albaiulia\/foto-cazuri-de-hepatita-acuta-virala-de-tip-a-inregistrate-la-blaj-dsp-alba-a-intervenit-pentru-limitarea-focarului\/#article","isPartOf":{"@id":"https:\/\/urbeamea.ro\/albaiulia\/foto-cazuri-de-hepatita-acuta-virala-de-tip-a-inregistrate-la-blaj-dsp-alba-a-intervenit-pentru-limitarea-focarului\/"},"author":{"name":"Cristina Ganga","@id":"https:\/\/urbeamea.ro\/albaiulia\/#\/schema\/person\/9700d21fae21c4f038b0b56f4506264a"},"headline":"FOTO: Cazuri de hepatit\u0103 acut\u0103 viral\u0103 de tip A, \u00eenregistrate la Blaj. DSP Alba a intervenit pentru limitarea focarului","datePublished":"2019-03-27T16:36:24+00:00","dateModified":"2019-03-27T16:36:28+00:00","mainEntityOfPage":{"@id":"https:\/\/urbeamea.ro\/albaiulia\/foto-cazuri-de-hepatita-acuta-virala-de-tip-a-inregistrate-la-blaj-dsp-alba-a-intervenit-pentru-limitarea-focarului\/"},"wordCount":1013,"commentCount":0,"image":{"@id":"https:\/\/urbeamea.ro\/albaiulia\/foto-cazuri-de-hepatita-acuta-virala-de-tip-a-inregistrate-la-blaj-dsp-alba-a-intervenit-pentru-limitarea-focarului\/#primaryimage"},"thumbnailUrl":"https:\/\/urbeamea.ro\/albaiulia\/wp-content\/uploads\/2019\/03\/Afis-Hepatita-boala-mainilor-murdare.jpg","keywords":["blaj","cazuri de hepatita virala a","DSP Alba","limitarea focarului","stiri","Urbea Mea"],"articleSection":["S\u0103n\u0103tate"],"inLanguage":"ro-RO","potentialAction":[{"@type":"CommentAction","name":"Comment","target":["https:\/\/urbeamea.ro\/albaiulia\/foto-cazuri-de-hepatita-acuta-virala-de-tip-a-inregistrate-la-blaj-dsp-alba-a-intervenit-pentru-limitarea-focarului\/#respond"]}]},{"@type":"WebPage","@id":"https:\/\/urbeamea.ro\/albaiulia\/foto-cazuri-de-hepatita-acuta-virala-de-tip-a-inregistrate-la-blaj-dsp-alba-a-intervenit-pentru-limitarea-focarului\/","url":"https:\/\/urbeamea.ro\/albaiulia\/foto-cazuri-de-hepatita-acuta-virala-de-tip-a-inregistrate-la-blaj-dsp-alba-a-intervenit-pentru-limitarea-focarului\/","name":"FOTO: Cazuri de hepatit\u0103 acut\u0103 viral\u0103 de tip A, \u00eenregistrate la Blaj. DSP Alba a intervenit pentru limitarea focarului - Revista Urbea Mea - Revista de Alba","isPartOf":{"@id":"https:\/\/urbeamea.ro\/albaiulia\/#website"},"primaryImageOfPage":{"@id":"https:\/\/urbeamea.ro\/albaiulia\/foto-cazuri-de-hepatita-acuta-virala-de-tip-a-inregistrate-la-blaj-dsp-alba-a-intervenit-pentru-limitarea-focarului\/#primaryimage"},"image":{"@id":"https:\/\/urbeamea.ro\/albaiulia\/foto-cazuri-de-hepatita-acuta-virala-de-tip-a-inregistrate-la-blaj-dsp-alba-a-intervenit-pentru-limitarea-focarului\/#primaryimage"},"thumbnailUrl":"https:\/\/urbeamea.ro\/albaiulia\/wp-content\/uploads\/2019\/03\/Afis-Hepatita-boala-mainilor-murdare.jpg","datePublished":"2019-03-27T16:36:24+00:00","dateModified":"2019-03-27T16:36:28+00:00","author":{"@id":"https:\/\/urbeamea.ro\/albaiulia\/#\/schema\/person\/9700d21fae21c4f038b0b56f4506264a"},"description":"Direc\u021bia de S\u0103n\u0103tate Public\u0103 (DSP) Alba a luat mai multe m\u0103suri pentru limitarea focarului de hepatit\u0103 acut\u0103 viral\u0103 de tip A \u00een municipiul Blaj unde, de","breadcrumb":{"@id":"https:\/\/urbeamea.ro\/albaiulia\/foto-cazuri-de-hepatita-acuta-virala-de-tip-a-inregistrate-la-blaj-dsp-alba-a-intervenit-pentru-limitarea-focarului\/#breadcrumb"},"inLanguage":"ro-RO","potentialAction":[{"@type":"ReadAction","target":["https:\/\/urbeamea.ro\/albaiulia\/foto-cazuri-de-hepatita-acuta-virala-de-tip-a-inregistrate-la-blaj-dsp-alba-a-intervenit-pentru-limitarea-focarului\/"]}]},{"@type":"ImageObject","inLanguage":"ro-RO","@id":"https:\/\/urbeamea.ro\/albaiulia\/foto-cazuri-de-hepatita-acuta-virala-de-tip-a-inregistrate-la-blaj-dsp-alba-a-intervenit-pentru-limitarea-focarului\/#primaryimage","url":"https:\/\/urbeamea.ro\/albaiulia\/wp-content\/uploads\/2019\/03\/Afis-Hepatita-boala-mainilor-murdare.jpg","contentUrl":"https:\/\/urbeamea.ro\/albaiulia\/wp-content\/uploads\/2019\/03\/Afis-Hepatita-boala-mainilor-murdare.jpg","width":1343,"height":918},{"@type":"BreadcrumbList","@id":"https:\/\/urbeamea.ro\/albaiulia\/foto-cazuri-de-hepatita-acuta-virala-de-tip-a-inregistrate-la-blaj-dsp-alba-a-intervenit-pentru-limitarea-focarului\/#breadcrumb","itemListElement":[{"@type":"ListItem","position":1,"name":"Prima pagin\u0103","item":"https:\/\/urbeamea.ro\/albaiulia\/"},{"@type":"ListItem","position":2,"name":"FOTO: Cazuri de hepatit\u0103 acut\u0103 viral\u0103 de tip A, \u00eenregistrate la Blaj. DSP Alba a intervenit pentru limitarea focarului"}]},{"@type":"WebSite","@id":"https:\/\/urbeamea.ro\/albaiulia\/#website","url":"https:\/\/urbeamea.ro\/albaiulia\/","name":"Revista Urbea Mea, Stiri urbane","description":"Evenimente \u0219i \u0219tiri din Alba Iulia, Sebe\u0219, Aiud, Blaj","potentialAction":[{"@type":"SearchAction","target":{"@type":"EntryPoint","urlTemplate":"https:\/\/urbeamea.ro\/albaiulia\/?s={search_term_string}"},"query-input":{"@type":"PropertyValueSpecification","valueRequired":true,"valueName":"search_term_string"}}],"inLanguage":"ro-RO"},{"@type":"Person","@id":"https:\/\/urbeamea.ro\/albaiulia\/#\/schema\/person\/9700d21fae21c4f038b0b56f4506264a","name":"Cristina Ganga","image":{"@type":"ImageObject","inLanguage":"ro-RO","@id":"https:\/\/secure.gravatar.com\/avatar\/5a67661041f057b4a8ccaf26f5a8e86e2689372006d01faf3dd9eeb10b654bb4?s=96&d=mm&r=g","url":"https:\/\/secure.gravatar.com\/avatar\/5a67661041f057b4a8ccaf26f5a8e86e2689372006d01faf3dd9eeb10b654bb4?s=96&d=mm&r=g","contentUrl":"https:\/\/secure.gravatar.com\/avatar\/5a67661041f057b4a8ccaf26f5a8e86e2689372006d01faf3dd9eeb10b654bb4?s=96&d=mm&r=g","caption":"Cristina Ganga"},"description":"Jurnalist","sameAs":["https:\/\/www.facebook.com\/cristina.nicola.587"],"url":"https:\/\/urbeamea.ro\/albaiulia\/author\/cristina-nicola\/"}]}},"_links":{"self":[{"href":"https:\/\/urbeamea.ro\/albaiulia\/wp-json\/wp\/v2\/posts\/73795","targetHints":{"allow":["GET"]}}],"collection":[{"href":"https:\/\/urbeamea.ro\/albaiulia\/wp-json\/wp\/v2\/posts"}],"about":[{"href":"https:\/\/urbeamea.ro\/albaiulia\/wp-json\/wp\/v2\/types\/post"}],"author":[{"embeddable":true,"href":"https:\/\/urbeamea.ro\/albaiulia\/wp-json\/wp\/v2\/users\/17"}],"replies":[{"embeddable":true,"href":"https:\/\/urbeamea.ro\/albaiulia\/wp-json\/wp\/v2\/comments?post=73795"}],"version-history":[{"count":0,"href":"https:\/\/urbeamea.ro\/albaiulia\/wp-json\/wp\/v2\/posts\/73795\/revisions"}],"wp:featuredmedia":[{"embeddable":true,"href":"https:\/\/urbeamea.ro\/albaiulia\/wp-json\/wp\/v2\/media\/73797"}],"wp:attachment":[{"href":"https:\/\/urbeamea.ro\/albaiulia\/wp-json\/wp\/v2\/media?parent=73795"}],"wp:term":[{"taxonomy":"category","embeddable":true,"href":"https:\/\/urbeamea.ro\/albaiulia\/wp-json\/wp\/v2\/categories?post=73795"},{"taxonomy":"post_tag","embeddable":true,"href":"https:\/\/urbeamea.ro\/albaiulia\/wp-json\/wp\/v2\/tags?post=73795"}],"curies":[{"name":"wp","href":"https:\/\/api.w.org\/{rel}","templated":true}]}}