{"id":73873,"date":"2019-03-28T17:25:54","date_gmt":"2019-03-28T15:25:54","guid":{"rendered":"https:\/\/urbeamea.ro\/albaiulia\/?p=73873"},"modified":"2019-03-28T17:25:58","modified_gmt":"2019-03-28T15:25:58","slug":"sezonul-de-schi-aproape-de-final-pe-partiile-de-la-domeniul-schiabil-sureanu-si-arieseni","status":"publish","type":"post","link":"https:\/\/urbeamea.ro\/albaiulia\/sezonul-de-schi-aproape-de-final-pe-partiile-de-la-domeniul-schiabil-sureanu-si-arieseni\/","title":{"rendered":"Sezonul de schi, aproape de final pe p\u00e2rtiile de la Domeniul Schiabil \u0218ureanu \u0219i Arie\u0219eni"},"content":{"rendered":"\n<p class=\"wp-block-paragraph\"><strong>Se pare c\u0103 prim\u0103vara \u00ee\u0219i face sim\u021bit\u0103 prezen\u021ba, iar sezonul de schi este aproape de final pe p\u00e2rtiile de la Domeniul Schiabil \u0218ureanu \u0219i Arie\u0219eni. Astfel c\u0103, cei care vor s\u0103 profite de acest weekend cu z\u0103pad\u0103 trebuie s\u0103 se hot\u0103rasc\u0103 la zona turistic\u0103. <\/strong><\/p>\n\n\n\n<ul class=\"wp-block-list\"><li>Domeniul\nSchiabil \u015eureanu<\/li><\/ul>\n\n\n\n<p class=\"wp-block-paragraph\"><em>&#8211; P\u00e2rtii existente:<strong>\n10 (A_1; A_2; A_3; C_1; C_2; C_3; C_4; S_1; S_2; S_3)<\/strong><\/em><\/p>\n\n\n\n<p class=\"wp-block-paragraph\"><em>&#8211; P\u00e2rtii func\u021bionale:<strong>\n4 (C_1; C_2; C_3; C_4)<\/strong><\/em><\/p>\n\n\n\n<p class=\"wp-block-paragraph\"><em>&#8211; Lungime total\u0103 a p\u00e2rtiilor \u0219i racordurilor existente:<strong> 18 km<\/strong><\/em><\/p>\n\n\n\n<p class=\"wp-block-paragraph\"><em>&#8211; Instala\u021bii de transport pe cablu: <strong>3<\/strong> (<strong>2 teleschiuri, 1\ntelescaun<\/strong>)<\/em><\/p>\n\n\n\n<p class=\"wp-block-paragraph\"><em>&#8211; Altitudine maxim\u0103:<strong>\n2.010 m<\/strong><\/em><\/p>\n\n\n\n<p class=\"wp-block-paragraph\"><em>&#8211; Tunuri de z\u0103pad\u0103:<\/em> <strong><em>nu<\/em><\/strong><\/p>\n\n\n\n<p class=\"wp-block-paragraph\"><em>&#8211; Webcam: <strong><a href=\"https:\/\/schi-sureanu.ro\/#\">https:\/\/schi-sureanu.ro\/#<\/a> <\/strong><\/em><\/p>\n\n\n\n<p class=\"wp-block-paragraph\"><em>&#8211; Nocturn\u0103:<\/em> <strong><em>nu<\/em><\/strong><\/p>\n\n\n\n<p class=\"wp-block-paragraph\"><em>&#8211; P\u00e2rtii pentru s\u0103nii:<\/em> <strong><em>da<\/em><\/strong><\/p>\n\n\n\n<p class=\"wp-block-paragraph\"><em>&#8211; Semnal mobil:<\/em> <strong><em>Vodafone\n(integral), Telekom (par\u021bial), Digi Mobil (par\u021bial), Orange (slab)<\/em><\/strong><\/p>\n\n\n\n<p class=\"wp-block-paragraph\"><strong>Evaluare\ngeneral\u0103: <\/strong>weekend-ul 29-31\nmartie 2019 va fi ultimul din acest sezon de schi, pentru Domeniul Schiabil\n\u0218ureanu. Vremea se anun\u021b\u0103 excelent\u0103, iar p\u00e2rtiile, preg\u0103tite pentru un ultim\nval de turi\u0219ti, care vor \u00eencheia acest sezon ultra-\u00eenc\u0103rcat de z\u0103pad\u0103. Din\np\u0103cate, drumul r\u0103m\u00e2ne la fel de problematic, \u00eens\u0103 poate fi abordat de c\u0103tre\norice tip de ma\u0219in\u0103. V\u0103 a\u0219tept\u0103m, a\u0219adar, la \u0218ureanu, pentru o ultim\u0103 zv\u00e2cnire\nde sezon! Pentru detalii suplimentare, intra\u021bi pe <a href=\"http:\/\/www.schi-sureanu.ro\">www.schi-sureanu.ro<\/a> <\/p>\n\n\n\n<p class=\"wp-block-paragraph\"><strong>Acces unic spre\np\u00e2rtii:&nbsp;<\/strong>Sebe\u0219 \u2013 \u0218ugag \u2013 lacul Oa\u0219a (DN 67 C), apoi\nla dreapta spre \u2013 m\u0103n\u0103stirea Oa\u0219a \u2013 Luncile Prigoanei \u2013 Poarta Raiului \u2013\nDomeniul Schiabil \u0218ureanu (DJ 704). Distan\u021b\u0103 fa\u021b\u0103 de Sebe\u0219: 82 km, care pot fi\nparcur\u0219i \u00een aproximativ 2 h (f\u0103r\u0103 popasuri). <\/p>\n\n\n\n<p class=\"wp-block-paragraph\"><strong>Starea drumului \u00eentre Sebe\u0219 \u0219i lacul Oa\u0219a (62 km):&nbsp;<\/strong>drumul este asfaltat, fiind accesibil pentru orice tip de ma\u0219in\u0103. \u00centre\nbarajul T\u0103u \u0219i barajul Oa\u0219a exist\u0103 din ce \u00een ce mai multe por\u021biuni cu gropi \u00een\nasfalt, a\u0219adar \u00eencerca\u021bi s\u0103 circula\u021bi cu vitez\u0103 reduz\u0103.<\/p>\n\n\n\n<p class=\"wp-block-paragraph\"><strong>Starea drumului forestier lacul Oa\u0219a \u2013 Domeniul Schiabil \u0218ureanu (18\nkm):&nbsp;<\/strong>drumul se\nprezint\u0103, \u00een continuare, la fel de r\u0103u, cu mult noroi, foarte multe gropi,\n\u0219leauri, b\u0103l\u021bi \u0219i por\u021biuni cu ghea\u021b\u0103 \u00een curs de topire. Cu toate acestea, este\npracticabil \u2013 \u00een condi\u021bii de pruden\u021b\u0103 \u0219i calm rutier \u2013 de c\u0103tre orice tip de\nma\u0219in\u0103. Lan\u021burile nu mai sunt necesare.<\/p>\n\n\n\n<p class=\"wp-block-paragraph\"><strong>P\u00e2rtii \u0219i instala\u021bii de cablu:<\/strong> \u00een acest ultim\nweekend de sezon, vor func\u021biona doar p\u00e2rtiile din zona teleschiului\n\u201eCurm\u0103tur\u0103\u201d, adic\u0103 C_1, C_2, C_3 \u0219i C_4. Celelalte vor fi \u00eenchise. Calitatea\nz\u0103pezii este cea fireasc\u0103, pentru acest final de martie: om\u0103t moale, \u00een curs de\ntopire, greu manevrabil, dar \u00eenc\u0103 schiabil. Cu alte cuvinte, v\u0103 pute\u021bi bucura\nde schi chiar \u0219i acum, pe acest tip de z\u0103pad\u0103. A\u0219adar, se poate schia, la\n\u0218ureanu, \u00een condi\u021bii acceptabile.<\/p>\n\n\n\n<p class=\"wp-block-paragraph\"><strong>Meteo \u0219i\nvizibilitate pe p\u00e2rtii:<\/strong>&nbsp;prognoza oferit\u0103 de&nbsp;<a href=\"https:\/\/freemeteo.ro\/vremea\/surean\/7-zile\/meteograma\/?gid=665722&amp;language=romanian&amp;country=romania\">https:\/\/freemeteo.ro\/vremea\/surean\/7-zile\/meteograma\/?gid=665722&amp;language=romanian&amp;country=romania<\/a>\nanun\u021b\u0103 vreme foarte bun\u0103 pentru acest ultim weekend de sezon, 29-31 martie\n2019. Vom avea cer senin, soare intens \u0219i v\u00e2nt slab. Temperaturile se vor\n\u00eencadra \u00eentre -3 \u0219i 7 grade Celsius. Vizibilitatea nu va fi afectat\u0103. Vremea,\npe zile, va fi astfel:<\/p>\n\n\n\n<p class=\"wp-block-paragraph\">&#8211; vineri, 29\nmartie: <em>v\u00e2nt slab, cer senin<\/em><\/p>\n\n\n\n<p class=\"wp-block-paragraph\">&#8211; s\u00e2mb\u0103t\u0103, 30\nmartie: <em>v\u00e2nt slab, cer senin<\/em><\/p>\n\n\n\n<p class=\"wp-block-paragraph\">&#8211; Duminic\u0103, 31\nmartie: <em>v\u00e2nt slab, cer senin<\/em><\/p>\n\n\n\n<p class=\"wp-block-paragraph\"><strong>Servicii turistice:<\/strong> \u0219coal\u0103 de schi pe p\u00e2rtii (0762 501 913);\ncentru de \u00eenchirieri schiuri \u0219i pl\u0103ci \u00een Poarta Raiului (0762 501 913); restaurante la baza p\u00e2rtiilor \u0219i pe domeniul schiabil; punct Salvamont,\nSMURD \u0219i Jandarmerie Montan\u0103, la baza p\u00e2rtiilor.<\/p>\n\n\n\n<ul class=\"wp-block-list\"><li>Arie\u015feni<\/li><\/ul>\n\n\n\n<p class=\"wp-block-paragraph\"><em>&#8211; P\u00e2rtii existente: <strong>2\n(V\u00e2rtop 1 \u0219i V\u00e2rtop 2)<\/strong><\/em><\/p>\n\n\n\n<p class=\"wp-block-paragraph\"><em>&#8211; P\u00e2rtii func\u021bionale: <strong>2<\/strong><\/em><\/p>\n\n\n\n<p class=\"wp-block-paragraph\"><em>&#8211; Lungime total\u0103 a p\u00e2rtiilor existentes:<strong> 2 km<\/strong><\/em><\/p>\n\n\n\n<p class=\"wp-block-paragraph\"><em>&#8211; Instala\u021bii de transport pe cablu: <strong>2<\/strong> (<strong>2 teleschiuri<\/strong>)<\/em><\/p>\n\n\n\n<p class=\"wp-block-paragraph\"><em>&#8211; Altitudine maxim\u0103:<strong>\n1.400 m<\/strong><\/em><\/p>\n\n\n\n<p class=\"wp-block-paragraph\"><em>&#8211; Tunuri de z\u0103pad\u0103:<\/em> <strong><em>da<\/em><\/strong><\/p>\n\n\n\n<p class=\"wp-block-paragraph\"><em>&#8211; Webcam: <strong><a href=\"http:\/\/www.arieseni.info\/camera-web-vartop.html\">http:\/\/www.arieseni.info\/camera-web-vartop.html<\/a>\n<\/strong><\/em><\/p>\n\n\n\n<p class=\"wp-block-paragraph\"><em>&#8211; Nocturn\u0103:<\/em> <strong><em>da<\/em><\/strong><\/p>\n\n\n\n<p class=\"wp-block-paragraph\"><em>&#8211; P\u00e2rtii pentru s\u0103nii:<\/em> <strong><em>da<\/em><\/strong><\/p>\n\n\n\n<p class=\"wp-block-paragraph\"><em>&#8211; Semnal mobil:<\/em> <strong><em>toate\nre\u021belele<\/em><\/strong><\/p>\n\n\n\n<p class=\"wp-block-paragraph\"><strong>Evaluare general\u0103:<\/strong> la Arie\u0219eni, sezonul continu\u0103 \u00een pofida prim\u0103verii. Z\u0103pada p\u00e2rtiilor este,\n\u00een mod firesc, din ce \u00een ce mai greoaie, dar r\u0103m\u00e2ne perfect schiabil\u0103. Este,\np\u00e2n\u0103 la urm\u0103, final de martie, a\u0219adar \u00eenc\u0103lzirea aerului \u0219i-a spus cuv\u00e2ntul. <\/p>\n\n\n\n<p class=\"wp-block-paragraph\"><strong>Acces: <\/strong>Alba Iulia \u2013 Abrud \u2013\nC\u00e2mpeni (DN 74 A) \u2013 Albac \u2013 Arie\u0219eni (DN 75). Distan\u021b\u0103 fa\u021b\u0103 de Alba Iulia: 120\nkm, care pot fi parcur\u0219i \u00een aproximativ 2 h 30 min.<\/p>\n\n\n\n<p class=\"wp-block-paragraph\"><strong>Starea drumului:<\/strong> este accesibil oric\u0103rui tip de autovehicul.<\/p>\n\n\n\n<p class=\"wp-block-paragraph\"><strong>P\u00e2rtii, strat de z\u0103pad\u0103 \u0219i instala\u021bii de cablu: <\/strong>p\u00e2rtiile de la Arie\u0219eni \u00eenc\u0103 rezist\u0103, \u00een ciuda \u00eenc\u0103lzirii de la \u00eenceput de\nprim\u0103var\u0103. Z\u0103pada este \u00een curs de topire, dar aceasta nu \u00eenseamn\u0103 c\u0103 nu se va\nmai putea schia. Om\u0103tul este, \u00eenc\u0103, din bel\u0219ug, iar sezonul de schi continu\u0103,\nla Arie\u0219eni, c\u00e2t timp c\u00e2t vor mai fi turi\u0219ti doritori s\u0103 schieze.<\/p>\n\n\n\n<p class=\"wp-block-paragraph\"><strong>Meteo \u0219i vizibilitate pe p\u00e2rtii:<\/strong> prognoza oferit\u0103 de <a href=\"http:\/\/freemeteo.ro\/vremea\/arieseni\/7-zile\/meteograma\/?gid=686167&amp;language=romanian&amp;country=romania\">http:\/\/freemeteo.ro\/vremea\/arieseni\/7-zile\/meteograma\/?gid=686167&amp;language=romanian&amp;country=romania<\/a>\nanun\u021b\u0103, pentru perioada 29-31 martie 2019, vreme excelent\u0103 pentru schi. Va fi\nun weekend cu cer senin \u0219i mult soare, cu mult\u0103 c\u0103ldur\u0103 \u0219i v\u00e2nt slab. Valorile termice\nse vor \u00eencadra \u00eentre 0 \u0219i 13 grade Celsius. Vizibilitatea pe p\u00e2rtii nu va fi\nafectat\u0103 de condi\u021biile meteo. Iat\u0103, pe scurt, cum va fi vremea pe zile:<\/p>\n\n\n\n<p class=\"wp-block-paragraph\">&#8211; vineri, 29\nmartie: <em>v\u00e2nt slab, cer senin<\/em><\/p>\n\n\n\n<p class=\"wp-block-paragraph\">&#8211; s\u00e2mb\u0103t\u0103, 30\nmartie: <em>v\u00e2nt slab, cer senin<\/em><\/p>\n\n\n\n<p class=\"wp-block-paragraph\">&#8211; Duminic\u0103, 31\nmartie: <em>v\u00e2nt slab, cer senin<\/em><\/p>\n\n\n\n<p class=\"wp-block-paragraph\"><strong>Servicii:<\/strong> asisten\u0163\u0103 Salvamont la\nbaza p\u00e2rtiilor; \u0219coal\u0103 de schi &amp; snowboard la baza p\u00e2rtiilor; centre de\n\u00eenchirieri schiuri &amp; pl\u0103ci la baza p\u00e2rtiilor; restaurante \u0219i unit\u0103\u021bi de\ncazare la baza p\u00e2rtiilor \u0219i \u00een sta\u021biune.<\/p>\n\n\n\n<p class=\"wp-block-paragraph\"><em>sursa: Florian-Rare\u0219 Tileag\u0103, monitor \u0219coala de schi \u201ePa\u0219i Liberi\u201d, \u0218ureanu<\/em><\/p>\n","protected":false},"excerpt":{"rendered":"<p>Se pare c\u0103 prim\u0103vara \u00ee\u0219i face sim\u021bit\u0103 prezen\u021ba, iar sezonul de schi este aproape de final pe p\u00e2rtiile de la Domeniul Schiabil \u0218ureanu \u0219i Arie\u0219eni. Astfel c\u0103, cei care vor s\u0103 profite de acest weekend cu z\u0103pad\u0103 trebuie s\u0103 se hot\u0103rasc\u0103 la zona turistic\u0103. Domeniul Schiabil \u015eureanu &#8211; P\u00e2rtii existente: 10 (A_1; A_2; A_3; C_1; &hellip;<\/p>\n","protected":false},"author":17,"featured_media":73874,"comment_status":"open","ping_status":"open","sticky":false,"template":"","format":"standard","meta":{"inline_featured_image":false,"footnotes":""},"categories":[61],"tags":[2124,1517,17499,2586,76],"class_list":["post-73873","post","type-post","status-publish","format-standard","has-post-thumbnail","hentry","category-turism","tag-arieseni","tag-domeniul-schiabil-sureanu","tag-sezonul-de-schi-pe-final","tag-starea-partiilor","tag-urbea-mea"],"yoast_head":"<!-- This site is optimized with the Yoast SEO plugin v28.3 - https:\/\/yoast.com\/product\/yoast-seo-wordpress\/ -->\n<title>Sezonul de schi, aproape de final pe p\u00e2rtiile de la Domeniul Schiabil \u0218ureanu \u0219i Arie\u0219eni - Revista Urbea Mea - Revista de Alba<\/title>\n<meta name=\"description\" content=\"Se pare c\u0103 prim\u0103vara \u00ee\u0219i face sim\u021bit\u0103 prezen\u021ba, iar sezonul de schi este aproape de final pe p\u00e2rtiile de la Domeniul Schiabil \u0218ureanu \u0219i Arie\u0219eni. Astfel\" \/>\n<meta name=\"robots\" content=\"index, follow, max-snippet:-1, max-image-preview:large, max-video-preview:-1\" \/>\n<link rel=\"canonical\" href=\"https:\/\/urbeamea.ro\/albaiulia\/sezonul-de-schi-aproape-de-final-pe-partiile-de-la-domeniul-schiabil-sureanu-si-arieseni\/\" \/>\n<meta name=\"twitter:card\" content=\"summary_large_image\" \/>\n<meta name=\"twitter:title\" content=\"Sezonul de schi, aproape de final pe p\u00e2rtiile de la Domeniul Schiabil \u0218ureanu \u0219i Arie\u0219eni - Revista Urbea Mea - Revista de Alba\" \/>\n<meta name=\"twitter:description\" content=\"Se pare c\u0103 prim\u0103vara \u00ee\u0219i face sim\u021bit\u0103 prezen\u021ba, iar sezonul de schi este aproape de final pe p\u00e2rtiile de la Domeniul Schiabil \u0218ureanu \u0219i Arie\u0219eni. Astfel\" \/>\n<meta name=\"twitter:image\" content=\"https:\/\/urbeamea.ro\/albaiulia\/wp-content\/uploads\/2019\/03\/Infoschi-Sureanu.jpg\" \/>\n<meta name=\"twitter:creator\" content=\"@urbeameaweb\" \/>\n<meta name=\"twitter:site\" content=\"@urbeameaweb\" \/>\n<script type=\"application\/ld+json\" class=\"yoast-schema-graph\">{\"@context\":\"https:\\\/\\\/schema.org\",\"@graph\":[{\"@type\":\"Article\",\"@id\":\"https:\\\/\\\/urbeamea.ro\\\/albaiulia\\\/sezonul-de-schi-aproape-de-final-pe-partiile-de-la-domeniul-schiabil-sureanu-si-arieseni\\\/#article\",\"isPartOf\":{\"@id\":\"https:\\\/\\\/urbeamea.ro\\\/albaiulia\\\/sezonul-de-schi-aproape-de-final-pe-partiile-de-la-domeniul-schiabil-sureanu-si-arieseni\\\/\"},\"author\":{\"name\":\"Cristina Ganga\",\"@id\":\"https:\\\/\\\/urbeamea.ro\\\/albaiulia\\\/#\\\/schema\\\/person\\\/9700d21fae21c4f038b0b56f4506264a\"},\"headline\":\"Sezonul de schi, aproape de final pe p\u00e2rtiile de la Domeniul Schiabil \u0218ureanu \u0219i Arie\u0219eni\",\"datePublished\":\"2019-03-28T15:25:54+00:00\",\"dateModified\":\"2019-03-28T15:25:58+00:00\",\"mainEntityOfPage\":{\"@id\":\"https:\\\/\\\/urbeamea.ro\\\/albaiulia\\\/sezonul-de-schi-aproape-de-final-pe-partiile-de-la-domeniul-schiabil-sureanu-si-arieseni\\\/\"},\"wordCount\":1007,\"commentCount\":0,\"image\":{\"@id\":\"https:\\\/\\\/urbeamea.ro\\\/albaiulia\\\/sezonul-de-schi-aproape-de-final-pe-partiile-de-la-domeniul-schiabil-sureanu-si-arieseni\\\/#primaryimage\"},\"thumbnailUrl\":\"https:\\\/\\\/urbeamea.ro\\\/albaiulia\\\/wp-content\\\/uploads\\\/2019\\\/03\\\/Infoschi-Sureanu.jpg\",\"keywords\":[\"arieseni\",\"domeniul schiabil sureanu\",\"sezonul de schi pe final\",\"starea partiilor\",\"Urbea Mea\"],\"articleSection\":[\"Turism \u0219i Ghidaj turistic\"],\"inLanguage\":\"ro-RO\",\"potentialAction\":[{\"@type\":\"CommentAction\",\"name\":\"Comment\",\"target\":[\"https:\\\/\\\/urbeamea.ro\\\/albaiulia\\\/sezonul-de-schi-aproape-de-final-pe-partiile-de-la-domeniul-schiabil-sureanu-si-arieseni\\\/#respond\"]}]},{\"@type\":\"WebPage\",\"@id\":\"https:\\\/\\\/urbeamea.ro\\\/albaiulia\\\/sezonul-de-schi-aproape-de-final-pe-partiile-de-la-domeniul-schiabil-sureanu-si-arieseni\\\/\",\"url\":\"https:\\\/\\\/urbeamea.ro\\\/albaiulia\\\/sezonul-de-schi-aproape-de-final-pe-partiile-de-la-domeniul-schiabil-sureanu-si-arieseni\\\/\",\"name\":\"Sezonul de schi, aproape de final pe p\u00e2rtiile de la Domeniul Schiabil \u0218ureanu \u0219i Arie\u0219eni - Revista Urbea Mea - Revista de Alba\",\"isPartOf\":{\"@id\":\"https:\\\/\\\/urbeamea.ro\\\/albaiulia\\\/#website\"},\"primaryImageOfPage\":{\"@id\":\"https:\\\/\\\/urbeamea.ro\\\/albaiulia\\\/sezonul-de-schi-aproape-de-final-pe-partiile-de-la-domeniul-schiabil-sureanu-si-arieseni\\\/#primaryimage\"},\"image\":{\"@id\":\"https:\\\/\\\/urbeamea.ro\\\/albaiulia\\\/sezonul-de-schi-aproape-de-final-pe-partiile-de-la-domeniul-schiabil-sureanu-si-arieseni\\\/#primaryimage\"},\"thumbnailUrl\":\"https:\\\/\\\/urbeamea.ro\\\/albaiulia\\\/wp-content\\\/uploads\\\/2019\\\/03\\\/Infoschi-Sureanu.jpg\",\"datePublished\":\"2019-03-28T15:25:54+00:00\",\"dateModified\":\"2019-03-28T15:25:58+00:00\",\"author\":{\"@id\":\"https:\\\/\\\/urbeamea.ro\\\/albaiulia\\\/#\\\/schema\\\/person\\\/9700d21fae21c4f038b0b56f4506264a\"},\"description\":\"Se pare c\u0103 prim\u0103vara \u00ee\u0219i face sim\u021bit\u0103 prezen\u021ba, iar sezonul de schi este aproape de final pe p\u00e2rtiile de la Domeniul Schiabil \u0218ureanu \u0219i Arie\u0219eni. Astfel\",\"breadcrumb\":{\"@id\":\"https:\\\/\\\/urbeamea.ro\\\/albaiulia\\\/sezonul-de-schi-aproape-de-final-pe-partiile-de-la-domeniul-schiabil-sureanu-si-arieseni\\\/#breadcrumb\"},\"inLanguage\":\"ro-RO\",\"potentialAction\":[{\"@type\":\"ReadAction\",\"target\":[\"https:\\\/\\\/urbeamea.ro\\\/albaiulia\\\/sezonul-de-schi-aproape-de-final-pe-partiile-de-la-domeniul-schiabil-sureanu-si-arieseni\\\/\"]}]},{\"@type\":\"ImageObject\",\"inLanguage\":\"ro-RO\",\"@id\":\"https:\\\/\\\/urbeamea.ro\\\/albaiulia\\\/sezonul-de-schi-aproape-de-final-pe-partiile-de-la-domeniul-schiabil-sureanu-si-arieseni\\\/#primaryimage\",\"url\":\"https:\\\/\\\/urbeamea.ro\\\/albaiulia\\\/wp-content\\\/uploads\\\/2019\\\/03\\\/Infoschi-Sureanu.jpg\",\"contentUrl\":\"https:\\\/\\\/urbeamea.ro\\\/albaiulia\\\/wp-content\\\/uploads\\\/2019\\\/03\\\/Infoschi-Sureanu.jpg\",\"width\":640,\"height\":425},{\"@type\":\"BreadcrumbList\",\"@id\":\"https:\\\/\\\/urbeamea.ro\\\/albaiulia\\\/sezonul-de-schi-aproape-de-final-pe-partiile-de-la-domeniul-schiabil-sureanu-si-arieseni\\\/#breadcrumb\",\"itemListElement\":[{\"@type\":\"ListItem\",\"position\":1,\"name\":\"Prima pagin\u0103\",\"item\":\"https:\\\/\\\/urbeamea.ro\\\/albaiulia\\\/\"},{\"@type\":\"ListItem\",\"position\":2,\"name\":\"Sezonul de schi, aproape de final pe p\u00e2rtiile de la Domeniul Schiabil \u0218ureanu \u0219i Arie\u0219eni\"}]},{\"@type\":\"WebSite\",\"@id\":\"https:\\\/\\\/urbeamea.ro\\\/albaiulia\\\/#website\",\"url\":\"https:\\\/\\\/urbeamea.ro\\\/albaiulia\\\/\",\"name\":\"Revista Urbea Mea, Stiri urbane\",\"description\":\"Evenimente \u0219i \u0219tiri din Alba Iulia, Sebe\u0219, Aiud, Blaj\",\"potentialAction\":[{\"@type\":\"SearchAction\",\"target\":{\"@type\":\"EntryPoint\",\"urlTemplate\":\"https:\\\/\\\/urbeamea.ro\\\/albaiulia\\\/?s={search_term_string}\"},\"query-input\":{\"@type\":\"PropertyValueSpecification\",\"valueRequired\":true,\"valueName\":\"search_term_string\"}}],\"inLanguage\":\"ro-RO\"},{\"@type\":\"Person\",\"@id\":\"https:\\\/\\\/urbeamea.ro\\\/albaiulia\\\/#\\\/schema\\\/person\\\/9700d21fae21c4f038b0b56f4506264a\",\"name\":\"Cristina Ganga\",\"image\":{\"@type\":\"ImageObject\",\"inLanguage\":\"ro-RO\",\"@id\":\"https:\\\/\\\/secure.gravatar.com\\\/avatar\\\/5a67661041f057b4a8ccaf26f5a8e86e2689372006d01faf3dd9eeb10b654bb4?s=96&d=mm&r=g\",\"url\":\"https:\\\/\\\/secure.gravatar.com\\\/avatar\\\/5a67661041f057b4a8ccaf26f5a8e86e2689372006d01faf3dd9eeb10b654bb4?s=96&d=mm&r=g\",\"contentUrl\":\"https:\\\/\\\/secure.gravatar.com\\\/avatar\\\/5a67661041f057b4a8ccaf26f5a8e86e2689372006d01faf3dd9eeb10b654bb4?s=96&d=mm&r=g\",\"caption\":\"Cristina Ganga\"},\"description\":\"Jurnalist\",\"sameAs\":[\"https:\\\/\\\/www.facebook.com\\\/cristina.nicola.587\"],\"url\":\"https:\\\/\\\/urbeamea.ro\\\/albaiulia\\\/author\\\/cristina-nicola\\\/\"}]}<\/script>\n<!-- \/ Yoast SEO plugin. -->","yoast_head_json":{"title":"Sezonul de schi, aproape de final pe p\u00e2rtiile de la Domeniul Schiabil \u0218ureanu \u0219i Arie\u0219eni - Revista Urbea Mea - Revista de Alba","description":"Se pare c\u0103 prim\u0103vara \u00ee\u0219i face sim\u021bit\u0103 prezen\u021ba, iar sezonul de schi este aproape de final pe p\u00e2rtiile de la Domeniul Schiabil \u0218ureanu \u0219i Arie\u0219eni. Astfel","robots":{"index":"index","follow":"follow","max-snippet":"max-snippet:-1","max-image-preview":"max-image-preview:large","max-video-preview":"max-video-preview:-1"},"canonical":"https:\/\/urbeamea.ro\/albaiulia\/sezonul-de-schi-aproape-de-final-pe-partiile-de-la-domeniul-schiabil-sureanu-si-arieseni\/","twitter_card":"summary_large_image","twitter_title":"Sezonul de schi, aproape de final pe p\u00e2rtiile de la Domeniul Schiabil \u0218ureanu \u0219i Arie\u0219eni - Revista Urbea Mea - Revista de Alba","twitter_description":"Se pare c\u0103 prim\u0103vara \u00ee\u0219i face sim\u021bit\u0103 prezen\u021ba, iar sezonul de schi este aproape de final pe p\u00e2rtiile de la Domeniul Schiabil \u0218ureanu \u0219i Arie\u0219eni. Astfel","twitter_image":"https:\/\/urbeamea.ro\/albaiulia\/wp-content\/uploads\/2019\/03\/Infoschi-Sureanu.jpg","twitter_creator":"@urbeameaweb","twitter_site":"@urbeameaweb","schema":{"@context":"https:\/\/schema.org","@graph":[{"@type":"Article","@id":"https:\/\/urbeamea.ro\/albaiulia\/sezonul-de-schi-aproape-de-final-pe-partiile-de-la-domeniul-schiabil-sureanu-si-arieseni\/#article","isPartOf":{"@id":"https:\/\/urbeamea.ro\/albaiulia\/sezonul-de-schi-aproape-de-final-pe-partiile-de-la-domeniul-schiabil-sureanu-si-arieseni\/"},"author":{"name":"Cristina Ganga","@id":"https:\/\/urbeamea.ro\/albaiulia\/#\/schema\/person\/9700d21fae21c4f038b0b56f4506264a"},"headline":"Sezonul de schi, aproape de final pe p\u00e2rtiile de la Domeniul Schiabil \u0218ureanu \u0219i Arie\u0219eni","datePublished":"2019-03-28T15:25:54+00:00","dateModified":"2019-03-28T15:25:58+00:00","mainEntityOfPage":{"@id":"https:\/\/urbeamea.ro\/albaiulia\/sezonul-de-schi-aproape-de-final-pe-partiile-de-la-domeniul-schiabil-sureanu-si-arieseni\/"},"wordCount":1007,"commentCount":0,"image":{"@id":"https:\/\/urbeamea.ro\/albaiulia\/sezonul-de-schi-aproape-de-final-pe-partiile-de-la-domeniul-schiabil-sureanu-si-arieseni\/#primaryimage"},"thumbnailUrl":"https:\/\/urbeamea.ro\/albaiulia\/wp-content\/uploads\/2019\/03\/Infoschi-Sureanu.jpg","keywords":["arieseni","domeniul schiabil sureanu","sezonul de schi pe final","starea partiilor","Urbea Mea"],"articleSection":["Turism \u0219i Ghidaj turistic"],"inLanguage":"ro-RO","potentialAction":[{"@type":"CommentAction","name":"Comment","target":["https:\/\/urbeamea.ro\/albaiulia\/sezonul-de-schi-aproape-de-final-pe-partiile-de-la-domeniul-schiabil-sureanu-si-arieseni\/#respond"]}]},{"@type":"WebPage","@id":"https:\/\/urbeamea.ro\/albaiulia\/sezonul-de-schi-aproape-de-final-pe-partiile-de-la-domeniul-schiabil-sureanu-si-arieseni\/","url":"https:\/\/urbeamea.ro\/albaiulia\/sezonul-de-schi-aproape-de-final-pe-partiile-de-la-domeniul-schiabil-sureanu-si-arieseni\/","name":"Sezonul de schi, aproape de final pe p\u00e2rtiile de la Domeniul Schiabil \u0218ureanu \u0219i Arie\u0219eni - Revista Urbea Mea - Revista de Alba","isPartOf":{"@id":"https:\/\/urbeamea.ro\/albaiulia\/#website"},"primaryImageOfPage":{"@id":"https:\/\/urbeamea.ro\/albaiulia\/sezonul-de-schi-aproape-de-final-pe-partiile-de-la-domeniul-schiabil-sureanu-si-arieseni\/#primaryimage"},"image":{"@id":"https:\/\/urbeamea.ro\/albaiulia\/sezonul-de-schi-aproape-de-final-pe-partiile-de-la-domeniul-schiabil-sureanu-si-arieseni\/#primaryimage"},"thumbnailUrl":"https:\/\/urbeamea.ro\/albaiulia\/wp-content\/uploads\/2019\/03\/Infoschi-Sureanu.jpg","datePublished":"2019-03-28T15:25:54+00:00","dateModified":"2019-03-28T15:25:58+00:00","author":{"@id":"https:\/\/urbeamea.ro\/albaiulia\/#\/schema\/person\/9700d21fae21c4f038b0b56f4506264a"},"description":"Se pare c\u0103 prim\u0103vara \u00ee\u0219i face sim\u021bit\u0103 prezen\u021ba, iar sezonul de schi este aproape de final pe p\u00e2rtiile de la Domeniul Schiabil \u0218ureanu \u0219i Arie\u0219eni. Astfel","breadcrumb":{"@id":"https:\/\/urbeamea.ro\/albaiulia\/sezonul-de-schi-aproape-de-final-pe-partiile-de-la-domeniul-schiabil-sureanu-si-arieseni\/#breadcrumb"},"inLanguage":"ro-RO","potentialAction":[{"@type":"ReadAction","target":["https:\/\/urbeamea.ro\/albaiulia\/sezonul-de-schi-aproape-de-final-pe-partiile-de-la-domeniul-schiabil-sureanu-si-arieseni\/"]}]},{"@type":"ImageObject","inLanguage":"ro-RO","@id":"https:\/\/urbeamea.ro\/albaiulia\/sezonul-de-schi-aproape-de-final-pe-partiile-de-la-domeniul-schiabil-sureanu-si-arieseni\/#primaryimage","url":"https:\/\/urbeamea.ro\/albaiulia\/wp-content\/uploads\/2019\/03\/Infoschi-Sureanu.jpg","contentUrl":"https:\/\/urbeamea.ro\/albaiulia\/wp-content\/uploads\/2019\/03\/Infoschi-Sureanu.jpg","width":640,"height":425},{"@type":"BreadcrumbList","@id":"https:\/\/urbeamea.ro\/albaiulia\/sezonul-de-schi-aproape-de-final-pe-partiile-de-la-domeniul-schiabil-sureanu-si-arieseni\/#breadcrumb","itemListElement":[{"@type":"ListItem","position":1,"name":"Prima pagin\u0103","item":"https:\/\/urbeamea.ro\/albaiulia\/"},{"@type":"ListItem","position":2,"name":"Sezonul de schi, aproape de final pe p\u00e2rtiile de la Domeniul Schiabil \u0218ureanu \u0219i Arie\u0219eni"}]},{"@type":"WebSite","@id":"https:\/\/urbeamea.ro\/albaiulia\/#website","url":"https:\/\/urbeamea.ro\/albaiulia\/","name":"Revista Urbea Mea, Stiri urbane","description":"Evenimente \u0219i \u0219tiri din Alba Iulia, Sebe\u0219, Aiud, Blaj","potentialAction":[{"@type":"SearchAction","target":{"@type":"EntryPoint","urlTemplate":"https:\/\/urbeamea.ro\/albaiulia\/?s={search_term_string}"},"query-input":{"@type":"PropertyValueSpecification","valueRequired":true,"valueName":"search_term_string"}}],"inLanguage":"ro-RO"},{"@type":"Person","@id":"https:\/\/urbeamea.ro\/albaiulia\/#\/schema\/person\/9700d21fae21c4f038b0b56f4506264a","name":"Cristina Ganga","image":{"@type":"ImageObject","inLanguage":"ro-RO","@id":"https:\/\/secure.gravatar.com\/avatar\/5a67661041f057b4a8ccaf26f5a8e86e2689372006d01faf3dd9eeb10b654bb4?s=96&d=mm&r=g","url":"https:\/\/secure.gravatar.com\/avatar\/5a67661041f057b4a8ccaf26f5a8e86e2689372006d01faf3dd9eeb10b654bb4?s=96&d=mm&r=g","contentUrl":"https:\/\/secure.gravatar.com\/avatar\/5a67661041f057b4a8ccaf26f5a8e86e2689372006d01faf3dd9eeb10b654bb4?s=96&d=mm&r=g","caption":"Cristina Ganga"},"description":"Jurnalist","sameAs":["https:\/\/www.facebook.com\/cristina.nicola.587"],"url":"https:\/\/urbeamea.ro\/albaiulia\/author\/cristina-nicola\/"}]}},"_links":{"self":[{"href":"https:\/\/urbeamea.ro\/albaiulia\/wp-json\/wp\/v2\/posts\/73873","targetHints":{"allow":["GET"]}}],"collection":[{"href":"https:\/\/urbeamea.ro\/albaiulia\/wp-json\/wp\/v2\/posts"}],"about":[{"href":"https:\/\/urbeamea.ro\/albaiulia\/wp-json\/wp\/v2\/types\/post"}],"author":[{"embeddable":true,"href":"https:\/\/urbeamea.ro\/albaiulia\/wp-json\/wp\/v2\/users\/17"}],"replies":[{"embeddable":true,"href":"https:\/\/urbeamea.ro\/albaiulia\/wp-json\/wp\/v2\/comments?post=73873"}],"version-history":[{"count":0,"href":"https:\/\/urbeamea.ro\/albaiulia\/wp-json\/wp\/v2\/posts\/73873\/revisions"}],"wp:featuredmedia":[{"embeddable":true,"href":"https:\/\/urbeamea.ro\/albaiulia\/wp-json\/wp\/v2\/media\/73874"}],"wp:attachment":[{"href":"https:\/\/urbeamea.ro\/albaiulia\/wp-json\/wp\/v2\/media?parent=73873"}],"wp:term":[{"taxonomy":"category","embeddable":true,"href":"https:\/\/urbeamea.ro\/albaiulia\/wp-json\/wp\/v2\/categories?post=73873"},{"taxonomy":"post_tag","embeddable":true,"href":"https:\/\/urbeamea.ro\/albaiulia\/wp-json\/wp\/v2\/tags?post=73873"}],"curies":[{"name":"wp","href":"https:\/\/api.w.org\/{rel}","templated":true}]}}