{"id":74182,"date":"2019-04-03T09:33:57","date_gmt":"2019-04-03T06:33:57","guid":{"rendered":"https:\/\/urbeamea.ro\/albaiulia\/?p=74182"},"modified":"2019-04-03T09:34:02","modified_gmt":"2019-04-03T06:34:02","slug":"joi-da-pentru-voluntariat-un-proiect-initiat-de-biblioteca-judeteana-lucian-blaga-alba","status":"publish","type":"post","link":"https:\/\/urbeamea.ro\/albaiulia\/joi-da-pentru-voluntariat-un-proiect-initiat-de-biblioteca-judeteana-lucian-blaga-alba\/","title":{"rendered":"Joi: \u201eDa pentru voluntariat!\u201d, un proiect ini\u021biat de Biblioteca Jude\u021bean\u0103 ,,Lucian Blaga\u201d Alba"},"content":{"rendered":"\n<p class=\"wp-block-paragraph\"><strong>\u00cen data de 4 aprilie 2019, voluntarii Bibliotecii Jude\u021bene ,,Lucian Blaga\u201d Alba, coordona\u021bi de bibliotecara Luiza Pop, vor fi implica\u021bi pe parcursul \u00eentregii zile \u00een diverse activit\u0103\u021bi menite s\u0103 promoveze voluntariatul, cartea \u0219i cititul. <\/strong><\/p>\n\n\n\n<p class=\"wp-block-paragraph\">Activit\u0103\u021bile derulate prin proiectul 7.4 Voluntarii bibliotecii sunt reunite sub titlul generic ,,DA pentru voluntariat!\u201d \u0219i vor avea loc dup\u0103 urm\u0103torul program:<\/p>\n\n\n\n<p class=\"wp-block-paragraph\">Prima activitate intitulat\u0103 ,,Vreau\ns\u0103-mi cite\u0219ti!\u201d va avea loc la Gr\u0103dini\u021ba cu Program Prelungit Step by Step,\nnr.12 din Alba Iulia, \u00eentre orele 11:00 \u0219i\n12:00. \u00cen cadrul activit\u0103\u021bii, copiii vor fi antrena\u021bi \u00een jocuri interactive \u0219i \u00een\ndiscu\u021bii libere pe marginea unor texte citite la fa\u021ba locului de c\u0103tre\nvoluntarii implica\u021bi \u00een proiect. <\/p>\n\n\n\n<p class=\"wp-block-paragraph\">Ziua va continua cu o nou\u0103\nactivitate ce se va desf\u0103\u0219ura \u00eentre orele 12:30 \u0219i 13:30 la Asocia\u021bia Stop Autism\nAlba. \u00cen cadrul activit\u0103\u021bii denumite ,,Cartea care ajut\u0103!\u201d, voluntarii vor\ndesf\u0103\u0219ura \u00eempreun\u0103 cu copiii cu tulbur\u0103ri din spectrul autist activit\u0103\u021bi de\nmodelaj \u0219i pictur\u0103 \u0219i va fi lecturat\u0103 povestea ,,Ridichea uria\u0219\u0103\u201d, poveste prin\ncare copiii vor fi antrena\u021bi \u00een jocuri interactive desf\u0103\u0219urate cu sprijinul\nvoluntarilor \u0219i al terapeu\u021bilor. Cu acest prilej se va marca \u0219i Ziua\nInterna\u021bional\u0103 de Con\u0219tientizare a Autismului ce se celebreaz\u0103 \u00een fiecare an \u00een\ndata de 2 aprilie.<\/p>\n\n\n\n<p class=\"wp-block-paragraph\">Proiectul ,,DA pentru voluntariat!\u201d\nse va \u00eencheia cu activitatea ,,Prima mea carte!\u201d, la Spitalul Jude\u021bean de\nUrgen\u021b\u0103 Alba Iulia unde voluntarii ajuta\u021bi de personalul de specialitate vor\noferi c\u0103r\u021bi mamelor aflate la sec\u021bia de nou-n\u0103scu\u021bi. Biblioteca Jude\u021bean\u0103\n,,Lucian Blaga\u201d Alba va d\u0103rui proaspetelor mame c\u00e2te un exemplar din volumul <em>Ion Ag\u00e2rbiceanu \u2013 Opere <\/em>iar bebelu\u0219ilor\nc\u00e2te un exemplar din lucrarea &nbsp;<em>Antologie de texte literare pentru copii.<\/em>\nLucrarea a fost realizat\u0103 \u00een anul 2017 prin contribu\u021bia a 14 scriitori din\njude\u021bul Alba, care au oferit bibliotecii textele ce se reg\u0103sesc \u00een carte. <\/p>\n\n\n\n<p class=\"wp-block-paragraph\">Proiectul ,,Da pentru\nvoluntariat\u201d se vrea a fi at\u00e2t un mijloc de promovare a c\u0103r\u021bii \u0219i cititului c\u00e2t\n\u0219i un proiect de antrenare a voluntarilor \u00een ac\u021biuni menite s\u0103 contribuie la o\nmai mare vizibilitate a institu\u021biei mai ales \u00een cadrul unor categorii speciale\nde public cum ar fi: mamele \u0219i nou \u2013 n\u0103scu\u021bii, pre\u0219colarii \u0219i cu copiii cu\ndiferite deficien\u021be, categorii a c\u0103ror prezen\u021b\u0103 este mai dificil\u0103 \u00een cadrul\norganizat al bibliotecii.<\/p>\n\n\n\n<p class=\"wp-block-paragraph\">Evenimentele sunt organizate de\nConsiliul Jude\u021bean Alba \u0219i Biblioteca Jude\u021bean\u0103 ,,Lucian Blaga\u201d Alba, \u00een\nparteneriat cu Gr\u0103dini\u021ba cu Program Prelungit Step by Step nr.12 din Alba\nIulia, Asocia\u021bia Stop Autism Alba \u0219i Spitalul Jude\u021bean de Urgen\u021b\u0103 Alba iulia.<\/p>\n","protected":false},"excerpt":{"rendered":"<p>\u00cen data de 4 aprilie 2019, voluntarii Bibliotecii Jude\u021bene ,,Lucian Blaga\u201d Alba, coordona\u021bi de bibliotecara Luiza Pop, vor fi implica\u021bi pe parcursul \u00eentregii zile \u00een diverse activit\u0103\u021bi menite s\u0103 promoveze voluntariatul, cartea \u0219i cititul. Activit\u0103\u021bile derulate prin proiectul 7.4 Voluntarii bibliotecii sunt reunite sub titlul generic ,,DA pentru voluntariat!\u201d \u0219i vor avea loc dup\u0103 urm\u0103torul &hellip;<\/p>\n","protected":false},"author":17,"featured_media":74183,"comment_status":"open","ping_status":"open","sticky":false,"template":"","format":"standard","meta":{"inline_featured_image":false,"footnotes":""},"categories":[2038],"tags":[17399,31,2113,887,17554,76],"class_list":["post-74182","post","type-post","status-publish","format-standard","has-post-thumbnail","hentry","category-cultura","tag-activitati-de-promovare","tag-alba-iulia","tag-biblioteca-judeteana-lucian-blaga-alba","tag-carte","tag-da-pentru-voluntariat","tag-urbea-mea"],"yoast_head":"<!-- This site is optimized with the Yoast SEO plugin v28.3 - https:\/\/yoast.com\/product\/yoast-seo-wordpress\/ -->\n<title>Joi: \u201eDa pentru voluntariat!\u201d, un proiect ini\u021biat de Biblioteca Jude\u021bean\u0103 ,,Lucian Blaga\u201d Alba - Revista Urbea Mea - Revista de Alba<\/title>\n<meta name=\"description\" content=\"\u00cen data de 4 aprilie 2019, voluntarii Bibliotecii Jude\u021bene ,,Lucian Blaga\u201d Alba, coordona\u021bi de bibliotecara Luiza Pop, vor fi implica\u021bi pe parcursul\" \/>\n<meta name=\"robots\" content=\"index, follow, max-snippet:-1, max-image-preview:large, max-video-preview:-1\" \/>\n<link rel=\"canonical\" href=\"https:\/\/urbeamea.ro\/albaiulia\/joi-da-pentru-voluntariat-un-proiect-initiat-de-biblioteca-judeteana-lucian-blaga-alba\/\" \/>\n<meta name=\"twitter:card\" content=\"summary_large_image\" \/>\n<meta name=\"twitter:title\" content=\"Joi: \u201eDa pentru voluntariat!\u201d, un proiect ini\u021biat de Biblioteca Jude\u021bean\u0103 ,,Lucian Blaga\u201d Alba - Revista Urbea Mea - Revista de Alba\" \/>\n<meta name=\"twitter:description\" content=\"\u00cen data de 4 aprilie 2019, voluntarii Bibliotecii Jude\u021bene ,,Lucian Blaga\u201d Alba, coordona\u021bi de bibliotecara Luiza Pop, vor fi implica\u021bi pe parcursul\" \/>\n<meta name=\"twitter:image\" content=\"https:\/\/urbeamea.ro\/albaiulia\/wp-content\/uploads\/2019\/04\/Poza-Sectiunea-Voluntariat.jpg\" \/>\n<meta name=\"twitter:creator\" content=\"@urbeameaweb\" \/>\n<meta name=\"twitter:site\" content=\"@urbeameaweb\" \/>\n<script type=\"application\/ld+json\" class=\"yoast-schema-graph\">{\"@context\":\"https:\\\/\\\/schema.org\",\"@graph\":[{\"@type\":\"Article\",\"@id\":\"https:\\\/\\\/urbeamea.ro\\\/albaiulia\\\/joi-da-pentru-voluntariat-un-proiect-initiat-de-biblioteca-judeteana-lucian-blaga-alba\\\/#article\",\"isPartOf\":{\"@id\":\"https:\\\/\\\/urbeamea.ro\\\/albaiulia\\\/joi-da-pentru-voluntariat-un-proiect-initiat-de-biblioteca-judeteana-lucian-blaga-alba\\\/\"},\"author\":{\"name\":\"Cristina Ganga\",\"@id\":\"https:\\\/\\\/urbeamea.ro\\\/albaiulia\\\/#\\\/schema\\\/person\\\/9700d21fae21c4f038b0b56f4506264a\"},\"headline\":\"Joi: \u201eDa pentru voluntariat!\u201d, un proiect ini\u021biat de Biblioteca Jude\u021bean\u0103 ,,Lucian Blaga\u201d Alba\",\"datePublished\":\"2019-04-03T06:33:57+00:00\",\"dateModified\":\"2019-04-03T06:34:02+00:00\",\"mainEntityOfPage\":{\"@id\":\"https:\\\/\\\/urbeamea.ro\\\/albaiulia\\\/joi-da-pentru-voluntariat-un-proiect-initiat-de-biblioteca-judeteana-lucian-blaga-alba\\\/\"},\"wordCount\":468,\"commentCount\":0,\"image\":{\"@id\":\"https:\\\/\\\/urbeamea.ro\\\/albaiulia\\\/joi-da-pentru-voluntariat-un-proiect-initiat-de-biblioteca-judeteana-lucian-blaga-alba\\\/#primaryimage\"},\"thumbnailUrl\":\"https:\\\/\\\/urbeamea.ro\\\/albaiulia\\\/wp-content\\\/uploads\\\/2019\\\/04\\\/Poza-Sectiunea-Voluntariat.jpg\",\"keywords\":[\"activitati de promovare\",\"Alba Iulia\",\"Biblioteca Jude\u0163ean\u0103 \u201cLucian Blaga\u201d Alba\",\"carte\",\"da pentru voluntariat\",\"Urbea Mea\"],\"articleSection\":[\"Cultur\u0103\"],\"inLanguage\":\"ro-RO\",\"potentialAction\":[{\"@type\":\"CommentAction\",\"name\":\"Comment\",\"target\":[\"https:\\\/\\\/urbeamea.ro\\\/albaiulia\\\/joi-da-pentru-voluntariat-un-proiect-initiat-de-biblioteca-judeteana-lucian-blaga-alba\\\/#respond\"]}]},{\"@type\":\"WebPage\",\"@id\":\"https:\\\/\\\/urbeamea.ro\\\/albaiulia\\\/joi-da-pentru-voluntariat-un-proiect-initiat-de-biblioteca-judeteana-lucian-blaga-alba\\\/\",\"url\":\"https:\\\/\\\/urbeamea.ro\\\/albaiulia\\\/joi-da-pentru-voluntariat-un-proiect-initiat-de-biblioteca-judeteana-lucian-blaga-alba\\\/\",\"name\":\"Joi: \u201eDa pentru voluntariat!\u201d, un proiect ini\u021biat de Biblioteca Jude\u021bean\u0103 ,,Lucian Blaga\u201d Alba - Revista Urbea Mea - Revista de Alba\",\"isPartOf\":{\"@id\":\"https:\\\/\\\/urbeamea.ro\\\/albaiulia\\\/#website\"},\"primaryImageOfPage\":{\"@id\":\"https:\\\/\\\/urbeamea.ro\\\/albaiulia\\\/joi-da-pentru-voluntariat-un-proiect-initiat-de-biblioteca-judeteana-lucian-blaga-alba\\\/#primaryimage\"},\"image\":{\"@id\":\"https:\\\/\\\/urbeamea.ro\\\/albaiulia\\\/joi-da-pentru-voluntariat-un-proiect-initiat-de-biblioteca-judeteana-lucian-blaga-alba\\\/#primaryimage\"},\"thumbnailUrl\":\"https:\\\/\\\/urbeamea.ro\\\/albaiulia\\\/wp-content\\\/uploads\\\/2019\\\/04\\\/Poza-Sectiunea-Voluntariat.jpg\",\"datePublished\":\"2019-04-03T06:33:57+00:00\",\"dateModified\":\"2019-04-03T06:34:02+00:00\",\"author\":{\"@id\":\"https:\\\/\\\/urbeamea.ro\\\/albaiulia\\\/#\\\/schema\\\/person\\\/9700d21fae21c4f038b0b56f4506264a\"},\"description\":\"\u00cen data de 4 aprilie 2019, voluntarii Bibliotecii Jude\u021bene ,,Lucian Blaga\u201d Alba, coordona\u021bi de bibliotecara Luiza Pop, vor fi implica\u021bi pe parcursul\",\"breadcrumb\":{\"@id\":\"https:\\\/\\\/urbeamea.ro\\\/albaiulia\\\/joi-da-pentru-voluntariat-un-proiect-initiat-de-biblioteca-judeteana-lucian-blaga-alba\\\/#breadcrumb\"},\"inLanguage\":\"ro-RO\",\"potentialAction\":[{\"@type\":\"ReadAction\",\"target\":[\"https:\\\/\\\/urbeamea.ro\\\/albaiulia\\\/joi-da-pentru-voluntariat-un-proiect-initiat-de-biblioteca-judeteana-lucian-blaga-alba\\\/\"]}]},{\"@type\":\"ImageObject\",\"inLanguage\":\"ro-RO\",\"@id\":\"https:\\\/\\\/urbeamea.ro\\\/albaiulia\\\/joi-da-pentru-voluntariat-un-proiect-initiat-de-biblioteca-judeteana-lucian-blaga-alba\\\/#primaryimage\",\"url\":\"https:\\\/\\\/urbeamea.ro\\\/albaiulia\\\/wp-content\\\/uploads\\\/2019\\\/04\\\/Poza-Sectiunea-Voluntariat.jpg\",\"contentUrl\":\"https:\\\/\\\/urbeamea.ro\\\/albaiulia\\\/wp-content\\\/uploads\\\/2019\\\/04\\\/Poza-Sectiunea-Voluntariat.jpg\",\"width\":1000,\"height\":667},{\"@type\":\"BreadcrumbList\",\"@id\":\"https:\\\/\\\/urbeamea.ro\\\/albaiulia\\\/joi-da-pentru-voluntariat-un-proiect-initiat-de-biblioteca-judeteana-lucian-blaga-alba\\\/#breadcrumb\",\"itemListElement\":[{\"@type\":\"ListItem\",\"position\":1,\"name\":\"Prima pagin\u0103\",\"item\":\"https:\\\/\\\/urbeamea.ro\\\/albaiulia\\\/\"},{\"@type\":\"ListItem\",\"position\":2,\"name\":\"Joi: \u201eDa pentru voluntariat!\u201d, un proiect ini\u021biat de Biblioteca Jude\u021bean\u0103 ,,Lucian Blaga\u201d Alba\"}]},{\"@type\":\"WebSite\",\"@id\":\"https:\\\/\\\/urbeamea.ro\\\/albaiulia\\\/#website\",\"url\":\"https:\\\/\\\/urbeamea.ro\\\/albaiulia\\\/\",\"name\":\"Revista Urbea Mea, Stiri urbane\",\"description\":\"Evenimente \u0219i \u0219tiri din Alba Iulia, Sebe\u0219, Aiud, Blaj\",\"potentialAction\":[{\"@type\":\"SearchAction\",\"target\":{\"@type\":\"EntryPoint\",\"urlTemplate\":\"https:\\\/\\\/urbeamea.ro\\\/albaiulia\\\/?s={search_term_string}\"},\"query-input\":{\"@type\":\"PropertyValueSpecification\",\"valueRequired\":true,\"valueName\":\"search_term_string\"}}],\"inLanguage\":\"ro-RO\"},{\"@type\":\"Person\",\"@id\":\"https:\\\/\\\/urbeamea.ro\\\/albaiulia\\\/#\\\/schema\\\/person\\\/9700d21fae21c4f038b0b56f4506264a\",\"name\":\"Cristina Ganga\",\"image\":{\"@type\":\"ImageObject\",\"inLanguage\":\"ro-RO\",\"@id\":\"https:\\\/\\\/secure.gravatar.com\\\/avatar\\\/5a67661041f057b4a8ccaf26f5a8e86e2689372006d01faf3dd9eeb10b654bb4?s=96&d=mm&r=g\",\"url\":\"https:\\\/\\\/secure.gravatar.com\\\/avatar\\\/5a67661041f057b4a8ccaf26f5a8e86e2689372006d01faf3dd9eeb10b654bb4?s=96&d=mm&r=g\",\"contentUrl\":\"https:\\\/\\\/secure.gravatar.com\\\/avatar\\\/5a67661041f057b4a8ccaf26f5a8e86e2689372006d01faf3dd9eeb10b654bb4?s=96&d=mm&r=g\",\"caption\":\"Cristina Ganga\"},\"description\":\"Jurnalist\",\"sameAs\":[\"https:\\\/\\\/www.facebook.com\\\/cristina.nicola.587\"],\"url\":\"https:\\\/\\\/urbeamea.ro\\\/albaiulia\\\/author\\\/cristina-nicola\\\/\"}]}<\/script>\n<!-- \/ Yoast SEO plugin. -->","yoast_head_json":{"title":"Joi: \u201eDa pentru voluntariat!\u201d, un proiect ini\u021biat de Biblioteca Jude\u021bean\u0103 ,,Lucian Blaga\u201d Alba - Revista Urbea Mea - Revista de Alba","description":"\u00cen data de 4 aprilie 2019, voluntarii Bibliotecii Jude\u021bene ,,Lucian Blaga\u201d Alba, coordona\u021bi de bibliotecara Luiza Pop, vor fi implica\u021bi pe parcursul","robots":{"index":"index","follow":"follow","max-snippet":"max-snippet:-1","max-image-preview":"max-image-preview:large","max-video-preview":"max-video-preview:-1"},"canonical":"https:\/\/urbeamea.ro\/albaiulia\/joi-da-pentru-voluntariat-un-proiect-initiat-de-biblioteca-judeteana-lucian-blaga-alba\/","twitter_card":"summary_large_image","twitter_title":"Joi: \u201eDa pentru voluntariat!\u201d, un proiect ini\u021biat de Biblioteca Jude\u021bean\u0103 ,,Lucian Blaga\u201d Alba - Revista Urbea Mea - Revista de Alba","twitter_description":"\u00cen data de 4 aprilie 2019, voluntarii Bibliotecii Jude\u021bene ,,Lucian Blaga\u201d Alba, coordona\u021bi de bibliotecara Luiza Pop, vor fi implica\u021bi pe parcursul","twitter_image":"https:\/\/urbeamea.ro\/albaiulia\/wp-content\/uploads\/2019\/04\/Poza-Sectiunea-Voluntariat.jpg","twitter_creator":"@urbeameaweb","twitter_site":"@urbeameaweb","schema":{"@context":"https:\/\/schema.org","@graph":[{"@type":"Article","@id":"https:\/\/urbeamea.ro\/albaiulia\/joi-da-pentru-voluntariat-un-proiect-initiat-de-biblioteca-judeteana-lucian-blaga-alba\/#article","isPartOf":{"@id":"https:\/\/urbeamea.ro\/albaiulia\/joi-da-pentru-voluntariat-un-proiect-initiat-de-biblioteca-judeteana-lucian-blaga-alba\/"},"author":{"name":"Cristina Ganga","@id":"https:\/\/urbeamea.ro\/albaiulia\/#\/schema\/person\/9700d21fae21c4f038b0b56f4506264a"},"headline":"Joi: \u201eDa pentru voluntariat!\u201d, un proiect ini\u021biat de Biblioteca Jude\u021bean\u0103 ,,Lucian Blaga\u201d Alba","datePublished":"2019-04-03T06:33:57+00:00","dateModified":"2019-04-03T06:34:02+00:00","mainEntityOfPage":{"@id":"https:\/\/urbeamea.ro\/albaiulia\/joi-da-pentru-voluntariat-un-proiect-initiat-de-biblioteca-judeteana-lucian-blaga-alba\/"},"wordCount":468,"commentCount":0,"image":{"@id":"https:\/\/urbeamea.ro\/albaiulia\/joi-da-pentru-voluntariat-un-proiect-initiat-de-biblioteca-judeteana-lucian-blaga-alba\/#primaryimage"},"thumbnailUrl":"https:\/\/urbeamea.ro\/albaiulia\/wp-content\/uploads\/2019\/04\/Poza-Sectiunea-Voluntariat.jpg","keywords":["activitati de promovare","Alba Iulia","Biblioteca Jude\u0163ean\u0103 \u201cLucian Blaga\u201d Alba","carte","da pentru voluntariat","Urbea Mea"],"articleSection":["Cultur\u0103"],"inLanguage":"ro-RO","potentialAction":[{"@type":"CommentAction","name":"Comment","target":["https:\/\/urbeamea.ro\/albaiulia\/joi-da-pentru-voluntariat-un-proiect-initiat-de-biblioteca-judeteana-lucian-blaga-alba\/#respond"]}]},{"@type":"WebPage","@id":"https:\/\/urbeamea.ro\/albaiulia\/joi-da-pentru-voluntariat-un-proiect-initiat-de-biblioteca-judeteana-lucian-blaga-alba\/","url":"https:\/\/urbeamea.ro\/albaiulia\/joi-da-pentru-voluntariat-un-proiect-initiat-de-biblioteca-judeteana-lucian-blaga-alba\/","name":"Joi: \u201eDa pentru voluntariat!\u201d, un proiect ini\u021biat de Biblioteca Jude\u021bean\u0103 ,,Lucian Blaga\u201d Alba - Revista Urbea Mea - Revista de Alba","isPartOf":{"@id":"https:\/\/urbeamea.ro\/albaiulia\/#website"},"primaryImageOfPage":{"@id":"https:\/\/urbeamea.ro\/albaiulia\/joi-da-pentru-voluntariat-un-proiect-initiat-de-biblioteca-judeteana-lucian-blaga-alba\/#primaryimage"},"image":{"@id":"https:\/\/urbeamea.ro\/albaiulia\/joi-da-pentru-voluntariat-un-proiect-initiat-de-biblioteca-judeteana-lucian-blaga-alba\/#primaryimage"},"thumbnailUrl":"https:\/\/urbeamea.ro\/albaiulia\/wp-content\/uploads\/2019\/04\/Poza-Sectiunea-Voluntariat.jpg","datePublished":"2019-04-03T06:33:57+00:00","dateModified":"2019-04-03T06:34:02+00:00","author":{"@id":"https:\/\/urbeamea.ro\/albaiulia\/#\/schema\/person\/9700d21fae21c4f038b0b56f4506264a"},"description":"\u00cen data de 4 aprilie 2019, voluntarii Bibliotecii Jude\u021bene ,,Lucian Blaga\u201d Alba, coordona\u021bi de bibliotecara Luiza Pop, vor fi implica\u021bi pe parcursul","breadcrumb":{"@id":"https:\/\/urbeamea.ro\/albaiulia\/joi-da-pentru-voluntariat-un-proiect-initiat-de-biblioteca-judeteana-lucian-blaga-alba\/#breadcrumb"},"inLanguage":"ro-RO","potentialAction":[{"@type":"ReadAction","target":["https:\/\/urbeamea.ro\/albaiulia\/joi-da-pentru-voluntariat-un-proiect-initiat-de-biblioteca-judeteana-lucian-blaga-alba\/"]}]},{"@type":"ImageObject","inLanguage":"ro-RO","@id":"https:\/\/urbeamea.ro\/albaiulia\/joi-da-pentru-voluntariat-un-proiect-initiat-de-biblioteca-judeteana-lucian-blaga-alba\/#primaryimage","url":"https:\/\/urbeamea.ro\/albaiulia\/wp-content\/uploads\/2019\/04\/Poza-Sectiunea-Voluntariat.jpg","contentUrl":"https:\/\/urbeamea.ro\/albaiulia\/wp-content\/uploads\/2019\/04\/Poza-Sectiunea-Voluntariat.jpg","width":1000,"height":667},{"@type":"BreadcrumbList","@id":"https:\/\/urbeamea.ro\/albaiulia\/joi-da-pentru-voluntariat-un-proiect-initiat-de-biblioteca-judeteana-lucian-blaga-alba\/#breadcrumb","itemListElement":[{"@type":"ListItem","position":1,"name":"Prima pagin\u0103","item":"https:\/\/urbeamea.ro\/albaiulia\/"},{"@type":"ListItem","position":2,"name":"Joi: \u201eDa pentru voluntariat!\u201d, un proiect ini\u021biat de Biblioteca Jude\u021bean\u0103 ,,Lucian Blaga\u201d Alba"}]},{"@type":"WebSite","@id":"https:\/\/urbeamea.ro\/albaiulia\/#website","url":"https:\/\/urbeamea.ro\/albaiulia\/","name":"Revista Urbea Mea, Stiri urbane","description":"Evenimente \u0219i \u0219tiri din Alba Iulia, Sebe\u0219, Aiud, Blaj","potentialAction":[{"@type":"SearchAction","target":{"@type":"EntryPoint","urlTemplate":"https:\/\/urbeamea.ro\/albaiulia\/?s={search_term_string}"},"query-input":{"@type":"PropertyValueSpecification","valueRequired":true,"valueName":"search_term_string"}}],"inLanguage":"ro-RO"},{"@type":"Person","@id":"https:\/\/urbeamea.ro\/albaiulia\/#\/schema\/person\/9700d21fae21c4f038b0b56f4506264a","name":"Cristina Ganga","image":{"@type":"ImageObject","inLanguage":"ro-RO","@id":"https:\/\/secure.gravatar.com\/avatar\/5a67661041f057b4a8ccaf26f5a8e86e2689372006d01faf3dd9eeb10b654bb4?s=96&d=mm&r=g","url":"https:\/\/secure.gravatar.com\/avatar\/5a67661041f057b4a8ccaf26f5a8e86e2689372006d01faf3dd9eeb10b654bb4?s=96&d=mm&r=g","contentUrl":"https:\/\/secure.gravatar.com\/avatar\/5a67661041f057b4a8ccaf26f5a8e86e2689372006d01faf3dd9eeb10b654bb4?s=96&d=mm&r=g","caption":"Cristina Ganga"},"description":"Jurnalist","sameAs":["https:\/\/www.facebook.com\/cristina.nicola.587"],"url":"https:\/\/urbeamea.ro\/albaiulia\/author\/cristina-nicola\/"}]}},"_links":{"self":[{"href":"https:\/\/urbeamea.ro\/albaiulia\/wp-json\/wp\/v2\/posts\/74182","targetHints":{"allow":["GET"]}}],"collection":[{"href":"https:\/\/urbeamea.ro\/albaiulia\/wp-json\/wp\/v2\/posts"}],"about":[{"href":"https:\/\/urbeamea.ro\/albaiulia\/wp-json\/wp\/v2\/types\/post"}],"author":[{"embeddable":true,"href":"https:\/\/urbeamea.ro\/albaiulia\/wp-json\/wp\/v2\/users\/17"}],"replies":[{"embeddable":true,"href":"https:\/\/urbeamea.ro\/albaiulia\/wp-json\/wp\/v2\/comments?post=74182"}],"version-history":[{"count":0,"href":"https:\/\/urbeamea.ro\/albaiulia\/wp-json\/wp\/v2\/posts\/74182\/revisions"}],"wp:featuredmedia":[{"embeddable":true,"href":"https:\/\/urbeamea.ro\/albaiulia\/wp-json\/wp\/v2\/media\/74183"}],"wp:attachment":[{"href":"https:\/\/urbeamea.ro\/albaiulia\/wp-json\/wp\/v2\/media?parent=74182"}],"wp:term":[{"taxonomy":"category","embeddable":true,"href":"https:\/\/urbeamea.ro\/albaiulia\/wp-json\/wp\/v2\/categories?post=74182"},{"taxonomy":"post_tag","embeddable":true,"href":"https:\/\/urbeamea.ro\/albaiulia\/wp-json\/wp\/v2\/tags?post=74182"}],"curies":[{"name":"wp","href":"https:\/\/api.w.org\/{rel}","templated":true}]}}