{"id":74312,"date":"2019-04-07T10:02:59","date_gmt":"2019-04-07T07:02:59","guid":{"rendered":"https:\/\/urbeamea.ro\/albaiulia\/?p=74312"},"modified":"2019-04-07T10:03:02","modified_gmt":"2019-04-07T07:03:02","slug":"sprijin-si-ingrijire-pentru-seniorii-sebesului-o-noua-finantare-europeana-nerambursabila-in-valoare-de-600-000-de-euro","status":"publish","type":"post","link":"https:\/\/urbeamea.ro\/albaiulia\/sprijin-si-ingrijire-pentru-seniorii-sebesului-o-noua-finantare-europeana-nerambursabila-in-valoare-de-600-000-de-euro\/","title":{"rendered":"\u201eSprijin \u0219i \u00eengrijire pentru seniorii Sebe\u0219ului\u201d, o nou\u0103 finan\u021bare european\u0103 nerambursabil\u0103 \u00een valoare de 600.000 de euro"},"content":{"rendered":"\n<p class=\"wp-block-paragraph\"><strong>Municipiul Sebe\u015f, prin echipa de proiecte a primarului Dorin Nistor \u0219i Direc\u021bia de Asisten\u021b\u0103 Social\u0103 Sebe\u0219, a depus spre finan\u0163are un proiect \u00een cadrul apelului POCU\/436\/4\/4\/Reducerea num\u0103rului de persoane apar\u021bin\u00e2nd grupurilor vulnerabile prin furnizarea unor servicii sociale\/medicale\/socio-profesionale\/de formare profesional\u0103 adecvate nevoilor specifice \u00een vederea integr\u0103rii socio-profesionale. <\/strong><\/p>\n\n\n\n<p class=\"wp-block-paragraph\">Proiectul a ob\u021binut 91,5 puncte din 100 posibile \u0219i a fost selectat spre finan\u021bare, bugetul total fiind de 2.778.758,93 lei-aproximativ 600.000 de euro.<br><\/p>\n\n\n\n<p class=\"wp-block-paragraph\">Obiectivul general al proiectului este dezvoltarea \u015fi furnizarea de servicii sociale destinate persoanelor v\u00e2rstnice din Municipiul Sebe\u0219 aflate \u00een situa\u0163ii de dependen\u0163\u0103 \u0219i\/sau \u00een risc de excluziune social\u0103. Beneficiarii proiectului vor fi 122 de persoane v\u00e2rstnice din Municipiul Sebe\u0219, precum \u0219i 18 angaja\u021bi ai Direc\u021biei de Asisten\u021b\u0103 Social\u0103. Cu sprijinul finan\u021b\u0103rii nerambursabile se vor furniza membrilor din grupul \u021bint\u0103 servicii de \u00eengrijire la domiciliu cu respectarea tuturor standardelor de calitate \u00een vigoare. <\/p>\n\n\n\n<p class=\"wp-block-paragraph\">Beneficiari vor fi: <\/p>\n\n\n\n<p class=\"wp-block-paragraph\">a) persoane care au \u00eemplinit v\u00e2rsta de pensionare, cu domiciliul sau re\u0219edin\u021ba \u00een Municipiul Sebe\u0219, aflate \u00een situa\u021bii de dificultate ca urmare a pierderii autonomiei func\u0163ionale din cauze fizice, psihice sau mintale \u0219i care necesit\u0103 ajutor semnificativ pentru a realiza activit\u0103\u0163ile uzuale ale vie\u0163ii de zi cu zi sau aflate \u00een risc de excluziune social\u0103; <\/p>\n\n\n\n<p class=\"wp-block-paragraph\">b) persoanele v\u00e2rstnice cu handicap care nu au atribuit, prin certificatul de handicap, asistent personal ori indemniza\u021bie \u00een locul asistentului personal\/indemniza\u021bie pentru \u00eenso\u021bitor, cu domiciliul \u00een Municipiul Sebe\u0219.<br><\/p>\n\n\n\n<p class=\"wp-block-paragraph\">Activit\u0103\u021bile desf\u0103\u0219urate \u00een cadrul proiectului vor fi \u00eengrijirea la domiciliu \u0219i activit\u0103\u021bile specifice centrelor de zi: <\/p>\n\n\n\n<ul class=\"wp-block-list\"><li>ajutor pentru realizarea activit\u0103\u021bilor de baz\u0103 ale vie\u021bii zilnice (asigurarea igienei corporale, \u00eembr\u0103care \u0219i dezbr\u0103care, hr\u0103nire \u0219i hidratare, asigurarea igienei elimin\u0103rilor, transfer \u0219i mobilizare, deplasare \u00een interior, comunicare); <\/li><\/ul>\n\n\n\n<ul class=\"wp-block-list\"><li>ajutor pentru realizarea activit\u0103\u021bilor instrumentale ale vie\u021bii zilnice (prepararea hranei, efectuarea de cump\u0103r\u0103turi, activit\u0103\u021bi de menaj \u0219i sp\u0103l\u0103torie, facilitarea deplas\u0103rii \u00een exterior \u0219i \u00eenso\u021bire, activit\u0103\u021bi de administrare \u0219i gestionare a bunurilor, acompaniere \u0219i socializare; consiliere familial\u0103); <\/li><\/ul>\n\n\n\n<ul class=\"wp-block-list\"><li>integrare social\u0103 \u0219i participare; <\/li><\/ul>\n\n\n\n<ul class=\"wp-block-list\"><li>informare; <\/li><\/ul>\n\n\n\n<ul class=\"wp-block-list\"><li>evaluare; <\/li><\/ul>\n\n\n\n<ul class=\"wp-block-list\"><li>\u00eengrijire personal\u0103. <\/li><\/ul>\n\n\n\n<p class=\"wp-block-paragraph\">Alte activit\u0103\u021bi: <\/p>\n\n\n\n<ul class=\"wp-block-list\"><li>\u00eengrijiri medicale (m\u0103surarea\/monitorizarea tensiunii arteriale, a pulsului \u0219i a temperaturii, m\u0103surarea glicemiei cu glucometrul, administrarea medicamentelor per os, intramuscular, subcutanat, \u00eengrijirea pl\u0103gilor simple \u0219i suprainfectate); <\/li><\/ul>\n\n\n\n<ul class=\"wp-block-list\"><li>\u00eengrijirea escarelor multiple, cu respectarea strict\u0103 \u0219i \u00eentocmai a prescrierii \u0219i indica\u021biilor medicului; terapii de recuperare \u0219i masaj.<br><\/li><\/ul>\n\n\n\n<p class=\"wp-block-paragraph\">\u00cen vederea asigur\u0103rii accesului persoanelor v\u00e2rstnice la servicii integrate, serviciile de \u00eengrijire personal\u0103 se vor acorda integrat cu alte servicii, cum ar fi: servicii de \u00eengrijire social-medical\u0103, alte servicii de recuperare \u0219i reabilitare (kinetoterapie, gimnastic\u0103 medical\u0103, terapie ocupa\u0163ional\u0103, psihoterapie, psihopedagogie), servicii de consiliere social\u0103, juridic\u0103 \u015fi de informare, activit\u0103\u021bi de distribuire a hranei la domiciliul persoanelor v\u00e2rstnice cu deficien\u021be locomotorii, prin intermediul serviciilor de tip mas\u0103 pe ro\u021bi. <\/p>\n\n\n\n<p class=\"wp-block-paragraph\">Scopul serviciilor este acela de prevenire, limitare sau \u00eenl\u0103turare a efectelor temporare ori permanente ale unor situa\u021bii care pot afecta via\u021ba persoanei v\u00e2rstnice sau pot genera riscul de excluziune social\u0103 a persoanelor v\u00e2rstnice din Municipiul Sebe\u0219.<\/p>\n","protected":false},"excerpt":{"rendered":"<p>Municipiul Sebe\u015f, prin echipa de proiecte a primarului Dorin Nistor \u0219i Direc\u021bia de Asisten\u021b\u0103 Social\u0103 Sebe\u0219, a depus spre finan\u0163are un proiect \u00een cadrul apelului POCU\/436\/4\/4\/Reducerea num\u0103rului de persoane apar\u021bin\u00e2nd grupurilor vulnerabile prin furnizarea unor servicii sociale\/medicale\/socio-profesionale\/de formare profesional\u0103 adecvate nevoilor specifice \u00een vederea integr\u0103rii socio-profesionale. Proiectul a ob\u021binut 91,5 puncte din 100 posibile \u0219i &hellip;<\/p>\n","protected":false},"author":17,"featured_media":74313,"comment_status":"open","ping_status":"open","sticky":false,"template":"","format":"standard","meta":{"inline_featured_image":false,"footnotes":""},"categories":[2034],"tags":[307,17579,17489,16906,308],"class_list":["post-74312","post","type-post","status-publish","format-standard","has-post-thumbnail","hentry","category-social","tag-alba","tag-finanatare-europeana-neramursabila","tag-primarul-dorin-nistor","tag-sprijin-si-ingrijire-pentru-seniorii-sebesului","tag-stiri"],"yoast_head":"<!-- This site is optimized with the Yoast SEO plugin v28.3 - https:\/\/yoast.com\/product\/yoast-seo-wordpress\/ -->\n<title>\u201eSprijin \u0219i \u00eengrijire pentru seniorii Sebe\u0219ului\u201d, o nou\u0103 finan\u021bare european\u0103 nerambursabil\u0103 \u00een valoare de 600.000 de euro - Revista Urbea Mea - Revista de Alba<\/title>\n<meta name=\"description\" content=\"Municipiul Sebe\u015f, prin echipa de proiecte a primarului Dorin Nistor \u0219i Direc\u021bia de Asisten\u021b\u0103 Social\u0103 Sebe\u0219, a depus spre finan\u0163are un proiect \u00een cadrul\" \/>\n<meta name=\"robots\" content=\"index, follow, max-snippet:-1, max-image-preview:large, max-video-preview:-1\" \/>\n<link rel=\"canonical\" href=\"https:\/\/urbeamea.ro\/albaiulia\/sprijin-si-ingrijire-pentru-seniorii-sebesului-o-noua-finantare-europeana-nerambursabila-in-valoare-de-600-000-de-euro\/\" \/>\n<meta name=\"twitter:card\" content=\"summary_large_image\" \/>\n<meta name=\"twitter:title\" content=\"\u201eSprijin \u0219i \u00eengrijire pentru seniorii Sebe\u0219ului\u201d, o nou\u0103 finan\u021bare european\u0103 nerambursabil\u0103 \u00een valoare de 600.000 de euro - Revista Urbea Mea - Revista de Alba\" \/>\n<meta name=\"twitter:description\" content=\"Municipiul Sebe\u015f, prin echipa de proiecte a primarului Dorin Nistor \u0219i Direc\u021bia de Asisten\u021b\u0103 Social\u0103 Sebe\u0219, a depus spre finan\u0163are un proiect \u00een cadrul\" \/>\n<meta name=\"twitter:image\" content=\"https:\/\/urbeamea.ro\/albaiulia\/wp-content\/uploads\/2019\/04\/SENIORII-SEBESULUI.jpg\" \/>\n<meta name=\"twitter:creator\" content=\"@urbeameaweb\" \/>\n<meta name=\"twitter:site\" content=\"@urbeameaweb\" \/>\n<script type=\"application\/ld+json\" class=\"yoast-schema-graph\">{\"@context\":\"https:\\\/\\\/schema.org\",\"@graph\":[{\"@type\":\"Article\",\"@id\":\"https:\\\/\\\/urbeamea.ro\\\/albaiulia\\\/sprijin-si-ingrijire-pentru-seniorii-sebesului-o-noua-finantare-europeana-nerambursabila-in-valoare-de-600-000-de-euro\\\/#article\",\"isPartOf\":{\"@id\":\"https:\\\/\\\/urbeamea.ro\\\/albaiulia\\\/sprijin-si-ingrijire-pentru-seniorii-sebesului-o-noua-finantare-europeana-nerambursabila-in-valoare-de-600-000-de-euro\\\/\"},\"author\":{\"name\":\"Cristina Ganga\",\"@id\":\"https:\\\/\\\/urbeamea.ro\\\/albaiulia\\\/#\\\/schema\\\/person\\\/9700d21fae21c4f038b0b56f4506264a\"},\"headline\":\"\u201eSprijin \u0219i \u00eengrijire pentru seniorii Sebe\u0219ului\u201d, o nou\u0103 finan\u021bare european\u0103 nerambursabil\u0103 \u00een valoare de 600.000 de euro\",\"datePublished\":\"2019-04-07T07:02:59+00:00\",\"dateModified\":\"2019-04-07T07:03:02+00:00\",\"mainEntityOfPage\":{\"@id\":\"https:\\\/\\\/urbeamea.ro\\\/albaiulia\\\/sprijin-si-ingrijire-pentru-seniorii-sebesului-o-noua-finantare-europeana-nerambursabila-in-valoare-de-600-000-de-euro\\\/\"},\"wordCount\":544,\"commentCount\":0,\"image\":{\"@id\":\"https:\\\/\\\/urbeamea.ro\\\/albaiulia\\\/sprijin-si-ingrijire-pentru-seniorii-sebesului-o-noua-finantare-europeana-nerambursabila-in-valoare-de-600-000-de-euro\\\/#primaryimage\"},\"thumbnailUrl\":\"https:\\\/\\\/urbeamea.ro\\\/albaiulia\\\/wp-content\\\/uploads\\\/2019\\\/04\\\/SENIORII-SEBESULUI.jpg\",\"keywords\":[\"alba\",\"finanatare europeana neramursabila\",\"primarul dorin nistor\",\"sprijin si ingrijire pentru seniorii sebesului\",\"stiri\"],\"articleSection\":[\"Social\"],\"inLanguage\":\"ro-RO\",\"potentialAction\":[{\"@type\":\"CommentAction\",\"name\":\"Comment\",\"target\":[\"https:\\\/\\\/urbeamea.ro\\\/albaiulia\\\/sprijin-si-ingrijire-pentru-seniorii-sebesului-o-noua-finantare-europeana-nerambursabila-in-valoare-de-600-000-de-euro\\\/#respond\"]}]},{\"@type\":\"WebPage\",\"@id\":\"https:\\\/\\\/urbeamea.ro\\\/albaiulia\\\/sprijin-si-ingrijire-pentru-seniorii-sebesului-o-noua-finantare-europeana-nerambursabila-in-valoare-de-600-000-de-euro\\\/\",\"url\":\"https:\\\/\\\/urbeamea.ro\\\/albaiulia\\\/sprijin-si-ingrijire-pentru-seniorii-sebesului-o-noua-finantare-europeana-nerambursabila-in-valoare-de-600-000-de-euro\\\/\",\"name\":\"\u201eSprijin \u0219i \u00eengrijire pentru seniorii Sebe\u0219ului\u201d, o nou\u0103 finan\u021bare european\u0103 nerambursabil\u0103 \u00een valoare de 600.000 de euro - Revista Urbea Mea - Revista de Alba\",\"isPartOf\":{\"@id\":\"https:\\\/\\\/urbeamea.ro\\\/albaiulia\\\/#website\"},\"primaryImageOfPage\":{\"@id\":\"https:\\\/\\\/urbeamea.ro\\\/albaiulia\\\/sprijin-si-ingrijire-pentru-seniorii-sebesului-o-noua-finantare-europeana-nerambursabila-in-valoare-de-600-000-de-euro\\\/#primaryimage\"},\"image\":{\"@id\":\"https:\\\/\\\/urbeamea.ro\\\/albaiulia\\\/sprijin-si-ingrijire-pentru-seniorii-sebesului-o-noua-finantare-europeana-nerambursabila-in-valoare-de-600-000-de-euro\\\/#primaryimage\"},\"thumbnailUrl\":\"https:\\\/\\\/urbeamea.ro\\\/albaiulia\\\/wp-content\\\/uploads\\\/2019\\\/04\\\/SENIORII-SEBESULUI.jpg\",\"datePublished\":\"2019-04-07T07:02:59+00:00\",\"dateModified\":\"2019-04-07T07:03:02+00:00\",\"author\":{\"@id\":\"https:\\\/\\\/urbeamea.ro\\\/albaiulia\\\/#\\\/schema\\\/person\\\/9700d21fae21c4f038b0b56f4506264a\"},\"description\":\"Municipiul Sebe\u015f, prin echipa de proiecte a primarului Dorin Nistor \u0219i Direc\u021bia de Asisten\u021b\u0103 Social\u0103 Sebe\u0219, a depus spre finan\u0163are un proiect \u00een cadrul\",\"breadcrumb\":{\"@id\":\"https:\\\/\\\/urbeamea.ro\\\/albaiulia\\\/sprijin-si-ingrijire-pentru-seniorii-sebesului-o-noua-finantare-europeana-nerambursabila-in-valoare-de-600-000-de-euro\\\/#breadcrumb\"},\"inLanguage\":\"ro-RO\",\"potentialAction\":[{\"@type\":\"ReadAction\",\"target\":[\"https:\\\/\\\/urbeamea.ro\\\/albaiulia\\\/sprijin-si-ingrijire-pentru-seniorii-sebesului-o-noua-finantare-europeana-nerambursabila-in-valoare-de-600-000-de-euro\\\/\"]}]},{\"@type\":\"ImageObject\",\"inLanguage\":\"ro-RO\",\"@id\":\"https:\\\/\\\/urbeamea.ro\\\/albaiulia\\\/sprijin-si-ingrijire-pentru-seniorii-sebesului-o-noua-finantare-europeana-nerambursabila-in-valoare-de-600-000-de-euro\\\/#primaryimage\",\"url\":\"https:\\\/\\\/urbeamea.ro\\\/albaiulia\\\/wp-content\\\/uploads\\\/2019\\\/04\\\/SENIORII-SEBESULUI.jpg\",\"contentUrl\":\"https:\\\/\\\/urbeamea.ro\\\/albaiulia\\\/wp-content\\\/uploads\\\/2019\\\/04\\\/SENIORII-SEBESULUI.jpg\",\"width\":1500,\"height\":1119},{\"@type\":\"BreadcrumbList\",\"@id\":\"https:\\\/\\\/urbeamea.ro\\\/albaiulia\\\/sprijin-si-ingrijire-pentru-seniorii-sebesului-o-noua-finantare-europeana-nerambursabila-in-valoare-de-600-000-de-euro\\\/#breadcrumb\",\"itemListElement\":[{\"@type\":\"ListItem\",\"position\":1,\"name\":\"Prima pagin\u0103\",\"item\":\"https:\\\/\\\/urbeamea.ro\\\/albaiulia\\\/\"},{\"@type\":\"ListItem\",\"position\":2,\"name\":\"\u201eSprijin \u0219i \u00eengrijire pentru seniorii Sebe\u0219ului\u201d, o nou\u0103 finan\u021bare european\u0103 nerambursabil\u0103 \u00een valoare de 600.000 de euro\"}]},{\"@type\":\"WebSite\",\"@id\":\"https:\\\/\\\/urbeamea.ro\\\/albaiulia\\\/#website\",\"url\":\"https:\\\/\\\/urbeamea.ro\\\/albaiulia\\\/\",\"name\":\"Revista Urbea Mea, Stiri urbane\",\"description\":\"Evenimente \u0219i \u0219tiri din Alba Iulia, Sebe\u0219, Aiud, Blaj\",\"potentialAction\":[{\"@type\":\"SearchAction\",\"target\":{\"@type\":\"EntryPoint\",\"urlTemplate\":\"https:\\\/\\\/urbeamea.ro\\\/albaiulia\\\/?s={search_term_string}\"},\"query-input\":{\"@type\":\"PropertyValueSpecification\",\"valueRequired\":true,\"valueName\":\"search_term_string\"}}],\"inLanguage\":\"ro-RO\"},{\"@type\":\"Person\",\"@id\":\"https:\\\/\\\/urbeamea.ro\\\/albaiulia\\\/#\\\/schema\\\/person\\\/9700d21fae21c4f038b0b56f4506264a\",\"name\":\"Cristina Ganga\",\"image\":{\"@type\":\"ImageObject\",\"inLanguage\":\"ro-RO\",\"@id\":\"https:\\\/\\\/secure.gravatar.com\\\/avatar\\\/5a67661041f057b4a8ccaf26f5a8e86e2689372006d01faf3dd9eeb10b654bb4?s=96&d=mm&r=g\",\"url\":\"https:\\\/\\\/secure.gravatar.com\\\/avatar\\\/5a67661041f057b4a8ccaf26f5a8e86e2689372006d01faf3dd9eeb10b654bb4?s=96&d=mm&r=g\",\"contentUrl\":\"https:\\\/\\\/secure.gravatar.com\\\/avatar\\\/5a67661041f057b4a8ccaf26f5a8e86e2689372006d01faf3dd9eeb10b654bb4?s=96&d=mm&r=g\",\"caption\":\"Cristina Ganga\"},\"description\":\"Jurnalist\",\"sameAs\":[\"https:\\\/\\\/www.facebook.com\\\/cristina.nicola.587\"],\"url\":\"https:\\\/\\\/urbeamea.ro\\\/albaiulia\\\/author\\\/cristina-nicola\\\/\"}]}<\/script>\n<!-- \/ Yoast SEO plugin. -->","yoast_head_json":{"title":"\u201eSprijin \u0219i \u00eengrijire pentru seniorii Sebe\u0219ului\u201d, o nou\u0103 finan\u021bare european\u0103 nerambursabil\u0103 \u00een valoare de 600.000 de euro - Revista Urbea Mea - Revista de Alba","description":"Municipiul Sebe\u015f, prin echipa de proiecte a primarului Dorin Nistor \u0219i Direc\u021bia de Asisten\u021b\u0103 Social\u0103 Sebe\u0219, a depus spre finan\u0163are un proiect \u00een cadrul","robots":{"index":"index","follow":"follow","max-snippet":"max-snippet:-1","max-image-preview":"max-image-preview:large","max-video-preview":"max-video-preview:-1"},"canonical":"https:\/\/urbeamea.ro\/albaiulia\/sprijin-si-ingrijire-pentru-seniorii-sebesului-o-noua-finantare-europeana-nerambursabila-in-valoare-de-600-000-de-euro\/","twitter_card":"summary_large_image","twitter_title":"\u201eSprijin \u0219i \u00eengrijire pentru seniorii Sebe\u0219ului\u201d, o nou\u0103 finan\u021bare european\u0103 nerambursabil\u0103 \u00een valoare de 600.000 de euro - Revista Urbea Mea - Revista de Alba","twitter_description":"Municipiul Sebe\u015f, prin echipa de proiecte a primarului Dorin Nistor \u0219i Direc\u021bia de Asisten\u021b\u0103 Social\u0103 Sebe\u0219, a depus spre finan\u0163are un proiect \u00een cadrul","twitter_image":"https:\/\/urbeamea.ro\/albaiulia\/wp-content\/uploads\/2019\/04\/SENIORII-SEBESULUI.jpg","twitter_creator":"@urbeameaweb","twitter_site":"@urbeameaweb","schema":{"@context":"https:\/\/schema.org","@graph":[{"@type":"Article","@id":"https:\/\/urbeamea.ro\/albaiulia\/sprijin-si-ingrijire-pentru-seniorii-sebesului-o-noua-finantare-europeana-nerambursabila-in-valoare-de-600-000-de-euro\/#article","isPartOf":{"@id":"https:\/\/urbeamea.ro\/albaiulia\/sprijin-si-ingrijire-pentru-seniorii-sebesului-o-noua-finantare-europeana-nerambursabila-in-valoare-de-600-000-de-euro\/"},"author":{"name":"Cristina Ganga","@id":"https:\/\/urbeamea.ro\/albaiulia\/#\/schema\/person\/9700d21fae21c4f038b0b56f4506264a"},"headline":"\u201eSprijin \u0219i \u00eengrijire pentru seniorii Sebe\u0219ului\u201d, o nou\u0103 finan\u021bare european\u0103 nerambursabil\u0103 \u00een valoare de 600.000 de euro","datePublished":"2019-04-07T07:02:59+00:00","dateModified":"2019-04-07T07:03:02+00:00","mainEntityOfPage":{"@id":"https:\/\/urbeamea.ro\/albaiulia\/sprijin-si-ingrijire-pentru-seniorii-sebesului-o-noua-finantare-europeana-nerambursabila-in-valoare-de-600-000-de-euro\/"},"wordCount":544,"commentCount":0,"image":{"@id":"https:\/\/urbeamea.ro\/albaiulia\/sprijin-si-ingrijire-pentru-seniorii-sebesului-o-noua-finantare-europeana-nerambursabila-in-valoare-de-600-000-de-euro\/#primaryimage"},"thumbnailUrl":"https:\/\/urbeamea.ro\/albaiulia\/wp-content\/uploads\/2019\/04\/SENIORII-SEBESULUI.jpg","keywords":["alba","finanatare europeana neramursabila","primarul dorin nistor","sprijin si ingrijire pentru seniorii sebesului","stiri"],"articleSection":["Social"],"inLanguage":"ro-RO","potentialAction":[{"@type":"CommentAction","name":"Comment","target":["https:\/\/urbeamea.ro\/albaiulia\/sprijin-si-ingrijire-pentru-seniorii-sebesului-o-noua-finantare-europeana-nerambursabila-in-valoare-de-600-000-de-euro\/#respond"]}]},{"@type":"WebPage","@id":"https:\/\/urbeamea.ro\/albaiulia\/sprijin-si-ingrijire-pentru-seniorii-sebesului-o-noua-finantare-europeana-nerambursabila-in-valoare-de-600-000-de-euro\/","url":"https:\/\/urbeamea.ro\/albaiulia\/sprijin-si-ingrijire-pentru-seniorii-sebesului-o-noua-finantare-europeana-nerambursabila-in-valoare-de-600-000-de-euro\/","name":"\u201eSprijin \u0219i \u00eengrijire pentru seniorii Sebe\u0219ului\u201d, o nou\u0103 finan\u021bare european\u0103 nerambursabil\u0103 \u00een valoare de 600.000 de euro - Revista Urbea Mea - Revista de Alba","isPartOf":{"@id":"https:\/\/urbeamea.ro\/albaiulia\/#website"},"primaryImageOfPage":{"@id":"https:\/\/urbeamea.ro\/albaiulia\/sprijin-si-ingrijire-pentru-seniorii-sebesului-o-noua-finantare-europeana-nerambursabila-in-valoare-de-600-000-de-euro\/#primaryimage"},"image":{"@id":"https:\/\/urbeamea.ro\/albaiulia\/sprijin-si-ingrijire-pentru-seniorii-sebesului-o-noua-finantare-europeana-nerambursabila-in-valoare-de-600-000-de-euro\/#primaryimage"},"thumbnailUrl":"https:\/\/urbeamea.ro\/albaiulia\/wp-content\/uploads\/2019\/04\/SENIORII-SEBESULUI.jpg","datePublished":"2019-04-07T07:02:59+00:00","dateModified":"2019-04-07T07:03:02+00:00","author":{"@id":"https:\/\/urbeamea.ro\/albaiulia\/#\/schema\/person\/9700d21fae21c4f038b0b56f4506264a"},"description":"Municipiul Sebe\u015f, prin echipa de proiecte a primarului Dorin Nistor \u0219i Direc\u021bia de Asisten\u021b\u0103 Social\u0103 Sebe\u0219, a depus spre finan\u0163are un proiect \u00een cadrul","breadcrumb":{"@id":"https:\/\/urbeamea.ro\/albaiulia\/sprijin-si-ingrijire-pentru-seniorii-sebesului-o-noua-finantare-europeana-nerambursabila-in-valoare-de-600-000-de-euro\/#breadcrumb"},"inLanguage":"ro-RO","potentialAction":[{"@type":"ReadAction","target":["https:\/\/urbeamea.ro\/albaiulia\/sprijin-si-ingrijire-pentru-seniorii-sebesului-o-noua-finantare-europeana-nerambursabila-in-valoare-de-600-000-de-euro\/"]}]},{"@type":"ImageObject","inLanguage":"ro-RO","@id":"https:\/\/urbeamea.ro\/albaiulia\/sprijin-si-ingrijire-pentru-seniorii-sebesului-o-noua-finantare-europeana-nerambursabila-in-valoare-de-600-000-de-euro\/#primaryimage","url":"https:\/\/urbeamea.ro\/albaiulia\/wp-content\/uploads\/2019\/04\/SENIORII-SEBESULUI.jpg","contentUrl":"https:\/\/urbeamea.ro\/albaiulia\/wp-content\/uploads\/2019\/04\/SENIORII-SEBESULUI.jpg","width":1500,"height":1119},{"@type":"BreadcrumbList","@id":"https:\/\/urbeamea.ro\/albaiulia\/sprijin-si-ingrijire-pentru-seniorii-sebesului-o-noua-finantare-europeana-nerambursabila-in-valoare-de-600-000-de-euro\/#breadcrumb","itemListElement":[{"@type":"ListItem","position":1,"name":"Prima pagin\u0103","item":"https:\/\/urbeamea.ro\/albaiulia\/"},{"@type":"ListItem","position":2,"name":"\u201eSprijin \u0219i \u00eengrijire pentru seniorii Sebe\u0219ului\u201d, o nou\u0103 finan\u021bare european\u0103 nerambursabil\u0103 \u00een valoare de 600.000 de euro"}]},{"@type":"WebSite","@id":"https:\/\/urbeamea.ro\/albaiulia\/#website","url":"https:\/\/urbeamea.ro\/albaiulia\/","name":"Revista Urbea Mea, Stiri urbane","description":"Evenimente \u0219i \u0219tiri din Alba Iulia, Sebe\u0219, Aiud, Blaj","potentialAction":[{"@type":"SearchAction","target":{"@type":"EntryPoint","urlTemplate":"https:\/\/urbeamea.ro\/albaiulia\/?s={search_term_string}"},"query-input":{"@type":"PropertyValueSpecification","valueRequired":true,"valueName":"search_term_string"}}],"inLanguage":"ro-RO"},{"@type":"Person","@id":"https:\/\/urbeamea.ro\/albaiulia\/#\/schema\/person\/9700d21fae21c4f038b0b56f4506264a","name":"Cristina Ganga","image":{"@type":"ImageObject","inLanguage":"ro-RO","@id":"https:\/\/secure.gravatar.com\/avatar\/5a67661041f057b4a8ccaf26f5a8e86e2689372006d01faf3dd9eeb10b654bb4?s=96&d=mm&r=g","url":"https:\/\/secure.gravatar.com\/avatar\/5a67661041f057b4a8ccaf26f5a8e86e2689372006d01faf3dd9eeb10b654bb4?s=96&d=mm&r=g","contentUrl":"https:\/\/secure.gravatar.com\/avatar\/5a67661041f057b4a8ccaf26f5a8e86e2689372006d01faf3dd9eeb10b654bb4?s=96&d=mm&r=g","caption":"Cristina Ganga"},"description":"Jurnalist","sameAs":["https:\/\/www.facebook.com\/cristina.nicola.587"],"url":"https:\/\/urbeamea.ro\/albaiulia\/author\/cristina-nicola\/"}]}},"_links":{"self":[{"href":"https:\/\/urbeamea.ro\/albaiulia\/wp-json\/wp\/v2\/posts\/74312","targetHints":{"allow":["GET"]}}],"collection":[{"href":"https:\/\/urbeamea.ro\/albaiulia\/wp-json\/wp\/v2\/posts"}],"about":[{"href":"https:\/\/urbeamea.ro\/albaiulia\/wp-json\/wp\/v2\/types\/post"}],"author":[{"embeddable":true,"href":"https:\/\/urbeamea.ro\/albaiulia\/wp-json\/wp\/v2\/users\/17"}],"replies":[{"embeddable":true,"href":"https:\/\/urbeamea.ro\/albaiulia\/wp-json\/wp\/v2\/comments?post=74312"}],"version-history":[{"count":0,"href":"https:\/\/urbeamea.ro\/albaiulia\/wp-json\/wp\/v2\/posts\/74312\/revisions"}],"wp:featuredmedia":[{"embeddable":true,"href":"https:\/\/urbeamea.ro\/albaiulia\/wp-json\/wp\/v2\/media\/74313"}],"wp:attachment":[{"href":"https:\/\/urbeamea.ro\/albaiulia\/wp-json\/wp\/v2\/media?parent=74312"}],"wp:term":[{"taxonomy":"category","embeddable":true,"href":"https:\/\/urbeamea.ro\/albaiulia\/wp-json\/wp\/v2\/categories?post=74312"},{"taxonomy":"post_tag","embeddable":true,"href":"https:\/\/urbeamea.ro\/albaiulia\/wp-json\/wp\/v2\/tags?post=74312"}],"curies":[{"name":"wp","href":"https:\/\/api.w.org\/{rel}","templated":true}]}}