{"id":74443,"date":"2019-04-13T22:51:10","date_gmt":"2019-04-13T19:51:10","guid":{"rendered":"https:\/\/urbeamea.ro\/albaiulia\/?p=74443"},"modified":"2019-04-13T22:51:14","modified_gmt":"2019-04-13T19:51:14","slug":"foto-castigatorii-celei-de-a-patra-editii-a-concursului-vin-de-casa-din-must-de-la-jidvei","status":"publish","type":"post","link":"https:\/\/urbeamea.ro\/albaiulia\/foto-castigatorii-celei-de-a-patra-editii-a-concursului-vin-de-casa-din-must-de-la-jidvei\/","title":{"rendered":"FOTO: C\u00e2\u0219tig\u0103torii celei de-a patra edi\u021bii a concursului \u201eVin de cas\u0103 din must de la Jidvei\u201d"},"content":{"rendered":"\n<p class=\"wp-block-paragraph\"><strong>S\u00e2mb\u0103t\u0103, 13 aprilie 2019, Castelul Bethlen-Haller din Cetatea de Balt\u0103 a g\u0103zduit cea de-a patra edi\u021bie a concursului \u201eVin de cas\u0103 din must de la Jidvei\u201d, care se adreseaz\u0103 micilor produc\u0103tori de vin de cas\u0103 care au participat la campania desf\u0103\u0219urat\u0103 de Jidvei \u00een perioada august-octombrie 2018. <\/strong><\/p>\n\n\n\n<p class=\"wp-block-paragraph\">Prin acest eveniment, Jidvei continu\u0103 demersurile de promovare \u0219i p\u0103strare a tradi\u021biilor \u0219i me\u0219te\u0219ugului realiz\u0103rii vinului de cas\u0103, \u00eencuraj\u00e2nd schimbul de experien\u021b\u0103 \u00eentre micii produc\u0103tori \u0219i exper\u021bii companiei. <\/p>\n\n\n\n<p class=\"wp-block-paragraph\">\u00cen aceast\u0103 edi\u021bie a concursului organizat de compania Jidvei \u00een colaborare cu Asocia\u021bia Degust\u0103torilor Autoriza\u021bi din Rom\u00e2nia (A.D.A.R.) au fost \u00eenscrise 149 de probe dintre care juriul format din degust\u0103tori profesioni\u0219ti, membri A.D.A.R., \u0219i degust\u0103tori amatori a ales cele mai bune vinuri. <\/p>\n\n\n\n<p class=\"wp-block-paragraph\">\u00censcrierea \u00een concurs a fost posibil\u0103 pentru micii produc\u0103tori \u0219i gospodarii care au achizi\u021bionat, \u00een campania anului precedent, minimum 250 kg de must. Participan\u021bii au trimis spre jurizare vinuri ob\u021binute din soiurile Sauvignon Blanc, Feteasc\u0103 Regal\u0103 cu Muscat Ottonel sau Feteasc\u0103 Regal\u0103 cu Muscat Ottonel \u0219i Sauvignon Blanc, precum \u0219i vinuri ob\u021binute din mustul roze, introdus ca un element de noutate \u00een campania desf\u0103\u0219urat\u0103 \u00een 2018. Vinul ob\u021binut din mustul roze reprezint\u0103 \u00een cadrul acestei edi\u021bii un element important \u0219i constituie mai mult de o treime din num\u0103rul total al probelor trimise &#8211; aproximativ 35%.<\/p>\n\n\n\n<p class=\"wp-block-paragraph\">Evaluarea calit\u0103\u021bii vinurilor s-a realizat \u00een urma unei degust\u0103ri \u201e\u00een orb\u201d \u0219i a avut la baz\u0103, la fel ca \u00een anii preceden\u021bi, metoda sc\u0103rii de 100 de puncte, jura\u021bii complet\u00e2nd \u201eFi\u0219a de degustare comun\u0103 O.I.V. \u2013 U.I.O.E. pentru utilizare la concursuri interna\u021bionale &#8211; Vinuri lini\u0219tite\u201d. <\/p>\n\n\n\n<figure class=\"wp-block-image\"><img loading=\"lazy\" decoding=\"async\" width=\"1280\" height=\"848\" src=\"https:\/\/urbeamea.ro\/albaiulia\/wp-content\/uploads\/2019\/04\/DSC_0126-1280x848.jpg\" alt=\"\" class=\"wp-image-74445\" srcset=\"https:\/\/urbeamea.ro\/albaiulia\/wp-content\/uploads\/2019\/04\/DSC_0126-1280x848.jpg 1280w, https:\/\/urbeamea.ro\/albaiulia\/wp-content\/uploads\/2019\/04\/DSC_0126-150x99.jpg 150w, https:\/\/urbeamea.ro\/albaiulia\/wp-content\/uploads\/2019\/04\/DSC_0126-640x424.jpg 640w, https:\/\/urbeamea.ro\/albaiulia\/wp-content\/uploads\/2019\/04\/DSC_0126-768x509.jpg 768w, https:\/\/urbeamea.ro\/albaiulia\/wp-content\/uploads\/2019\/04\/DSC_0126.jpg 1500w\" sizes=\"auto, (max-width: 1280px) 100vw, 1280px\" \/><\/figure>\n\n\n\n<p class=\"wp-block-paragraph\">Dornici s\u0103 descopere c\u00e2t mai mult din tainele degust\u0103rii vinului, \u00een comisia de jurizare s-au \u00eenscris 17 participan\u021bi, care au avut astfel ocazia s\u0103 evalueze vinurile admise \u00een concurs. Pentru a face parte din aceast\u0103 comisie, participan\u021bii au achitat o tax\u0103 de \u00eenscriere de 200 de lei, suma str\u00e2ns\u0103 urm\u00e2nd a fi donat\u0103, al\u0103turi de o contribu\u021bie din partea companiei Jidvei \u00een valoare de 4.000 de lei, c\u0103tre Funda\u021bia Paul Bogdan Zoltan din jude\u021bul Alba, \u00een vederea finan\u021b\u0103rii tratamentelor pentru bolnavii de cancer.<\/p>\n\n\n\n<figure class=\"wp-block-image\"><img loading=\"lazy\" decoding=\"async\" width=\"1280\" height=\"848\" src=\"https:\/\/urbeamea.ro\/albaiulia\/wp-content\/uploads\/2019\/04\/DSC_0360-1280x848.jpg\" alt=\"\" class=\"wp-image-74446\" srcset=\"https:\/\/urbeamea.ro\/albaiulia\/wp-content\/uploads\/2019\/04\/DSC_0360-1280x848.jpg 1280w, https:\/\/urbeamea.ro\/albaiulia\/wp-content\/uploads\/2019\/04\/DSC_0360-150x99.jpg 150w, https:\/\/urbeamea.ro\/albaiulia\/wp-content\/uploads\/2019\/04\/DSC_0360-640x424.jpg 640w, https:\/\/urbeamea.ro\/albaiulia\/wp-content\/uploads\/2019\/04\/DSC_0360-768x509.jpg 768w, https:\/\/urbeamea.ro\/albaiulia\/wp-content\/uploads\/2019\/04\/DSC_0360.jpg 1500w\" sizes=\"auto, (max-width: 1280px) 100vw, 1280px\" \/><\/figure>\n\n\n\n<p class=\"wp-block-paragraph\">\u00cen urma evalu\u0103rii vinurilor de c\u0103tre membrii comisiilor, au fost desemna\u021bi urm\u0103torii c\u00e2\u0219tig\u0103tori:<br><\/p>\n\n\n\n<p class=\"wp-block-paragraph\">Premiul I \u2013 G\u00e1l Viktor K\u00e1zm\u00e9r din Covasna \u2013  cu vinul ob\u021binut din soiurile Feteasc\u0103 Regal\u0103 cu Muscat Ottonel, cu un punctaj de 88,20 \u2013 premiul const\u0103 \u00een produse de vinifica\u021bie \u00een valoare de 4.500 de lei; <br><\/p>\n\n\n\n<p class=\"wp-block-paragraph\">Premiul II \u2013 B\u0103tu\u0219ariu Ioan din Alba \u2013 cu vinul ob\u021binut din soiurile Feteasc\u0103 Regal\u0103 cu Muscat Ottonel, cu un punctaj de 87,40 \u2013 premiul const\u0103 \u00een produse de vinifica\u021bie \u00een valoare de 3.000 de lei; <br><\/p>\n\n\n\n<p class=\"wp-block-paragraph\">Premiul III \u2013 Reiner Johann din Bra\u0219ov \u2013 cu vinul ob\u021binut din mustul Roze, cu un punctaj de 87,30 \u2013 premiul const\u0103 \u00een produse de vinifica\u021bie \u00een valoare de 1.500 de lei;<br><\/p>\n\n\n\n<p class=\"wp-block-paragraph\">Premiul III \u2013 B\u0103tu\u0219ariu Ioan din Alba \u2013 cu vinul ob\u021binut din soiurile Feteasc\u0103 Regal\u0103 cu Muscat Ottonel \u0219i Sauvignon Blanc, cu un punctaj de 87,30 \u2013 premiul const\u0103 \u00een produse de vinifica\u021bie \u00een valoare de 1.500 de lei.<\/p>\n\n\n\n<p class=\"wp-block-paragraph\">De asemenea, au fost oferite premii ce constau \u00een cursuri de degust\u0103tori autoriza\u021bi sus\u021binute de A.D.A.R participan\u021bilor la concurs care au f\u0103cut parte din Comisia de jurizare:<br>\n\u2022 Premiul pentru cel mai bun degust\u0103tor oferit celui care a fost cel mai aproape de evaluarea degust\u0103torilor profesioni\u0219ti: Coman Emil;<br>\n\u2022 Premiul de recunoa\u0219tere acordat celor care \u00ee\u0219i identific\u0103 propriile vinuri \u00eenscrise \u00een concurs: Scor\u021bea Radu, Corbean Ioan, Alexoi C\u0103t\u0103lin Cosmin, Sp\u0103taru R\u0103zvan, Rotar Dumitru, Varvara Cristian, Lung Adrian \u0219i Muth Hora\u021biu;<br>\n\u2022 Alte&nbsp;8 premii&nbsp;pentru participan\u021bii care au fost cel mai aproape de rezultatele degust\u0103torilor profesioni\u0219ti A.D.A.R. \u0219i care nu au c\u00e2\u0219tigat alte premii \u00een cadrul concursului de anul acesta.<\/p>\n\n\n\n<p class=\"wp-block-paragraph\">Ca semn de apreciere pentru comunitatea creat\u0103 \u00een timp, compania Jidvei a ales s\u0103 m\u0103reasc\u0103 valoarea premiilor oferite, cu scopul de a motiva \u0219i stimula competitivitatea \u00eentre participan\u021bi. <\/p>\n\n\n\n<figure class=\"wp-block-image\"><img loading=\"lazy\" decoding=\"async\" width=\"1280\" height=\"853\" src=\"https:\/\/urbeamea.ro\/albaiulia\/wp-content\/uploads\/2019\/04\/DSC01131-1280x853.jpg\" alt=\"\" class=\"wp-image-74447\" srcset=\"https:\/\/urbeamea.ro\/albaiulia\/wp-content\/uploads\/2019\/04\/DSC01131-1280x853.jpg 1280w, https:\/\/urbeamea.ro\/albaiulia\/wp-content\/uploads\/2019\/04\/DSC01131-150x100.jpg 150w, https:\/\/urbeamea.ro\/albaiulia\/wp-content\/uploads\/2019\/04\/DSC01131-640x427.jpg 640w, https:\/\/urbeamea.ro\/albaiulia\/wp-content\/uploads\/2019\/04\/DSC01131-768x512.jpg 768w, https:\/\/urbeamea.ro\/albaiulia\/wp-content\/uploads\/2019\/04\/DSC01131.jpg 1500w\" sizes=\"auto, (max-width: 1280px) 100vw, 1280px\" \/><\/figure>\n\n\n\n<p class=\"wp-block-paragraph\"><strong>Despre Jidvei<\/strong><br><\/p>\n\n\n\n<p class=\"wp-block-paragraph\">Grupul Jidvei (<a href=\"https:\/\/www.jidvei.ro\/ro\">www.jidvei.ro<\/a>) este cel mai mare produc\u0103tor de vin din Rom\u00e2nia, av\u00e2nd 2.500 de hectare de vi\u021b\u0103-de-vie \u0219i crame dotate cu cele mai performante echipamente, situate la Jidvei, T\u0103uni, Blaj \u0219i B\u0103lcaciu. De asemenea, Grupul Jidvei este cel mai bine integrat produc\u0103tor de vinuri.<\/p>\n\n\n\n<p class=\"wp-block-paragraph\">Jidvei produce vinuri cu denumire de origine controlat\u0103 de pe Valea T\u00e2rnavelor. \u00cen zona DOC \u201eT\u00c2RNAVE\u201d \u2013 sub denumirea \u201eJIDVEI\u201d se produc unele dintre cele mai apreciate vinuri \u0219i spumante rom\u00e2ne\u0219ti, calitatea acestora fiind confirmat\u0103 de cele peste 300 de medalii ob\u021binute \u00een ultimii ani \u00een cadrul celor mai prestigioase concursuri de profil din lume.<\/p>\n","protected":false},"excerpt":{"rendered":"<p>S\u00e2mb\u0103t\u0103, 13 aprilie 2019, Castelul Bethlen-Haller din Cetatea de Balt\u0103 a g\u0103zduit cea de-a patra edi\u021bie a concursului \u201eVin de cas\u0103 din must de la Jidvei\u201d, care se adreseaz\u0103 micilor produc\u0103tori de vin de cas\u0103 care au participat la campania desf\u0103\u0219urat\u0103 de Jidvei \u00een perioada august-octombrie 2018. Prin acest eveniment, Jidvei continu\u0103 demersurile de promovare &hellip;<\/p>\n","protected":false},"author":17,"featured_media":74444,"comment_status":"open","ping_status":"open","sticky":false,"template":"","format":"standard","meta":{"inline_featured_image":false,"footnotes":""},"categories":[2034],"tags":[307,11357,14299,492,15027,308,76,11358],"class_list":["post-74443","post","type-post","status-publish","format-standard","has-post-thumbnail","hentry","category-social","tag-alba","tag-castelul-bethlen-haller","tag-compania-jidvei","tag-concurs","tag-mici-producatori","tag-stiri","tag-urbea-mea","tag-vin-de-casa-din-must-de-la-jidvei"],"yoast_head":"<!-- This site is optimized with the Yoast SEO plugin v28.3 - https:\/\/yoast.com\/product\/yoast-seo-wordpress\/ -->\n<title>FOTO: C\u00e2\u0219tig\u0103torii celei de-a patra edi\u021bii a concursului \u201eVin de cas\u0103 din must de la Jidvei\u201d - Revista Urbea Mea - Revista de Alba<\/title>\n<meta name=\"description\" content=\"S\u00e2mb\u0103t\u0103, 13 aprilie 2019, Castelul Bethlen-Haller din Cetatea de Balt\u0103 a g\u0103zduit cea de-a patra edi\u021bie a concursului \u201eVin de cas\u0103 din must de la Jidvei\u201d,\" \/>\n<meta name=\"robots\" content=\"index, follow, max-snippet:-1, max-image-preview:large, max-video-preview:-1\" \/>\n<link rel=\"canonical\" href=\"https:\/\/urbeamea.ro\/albaiulia\/foto-castigatorii-celei-de-a-patra-editii-a-concursului-vin-de-casa-din-must-de-la-jidvei\/\" \/>\n<meta name=\"twitter:card\" content=\"summary_large_image\" \/>\n<meta name=\"twitter:title\" content=\"FOTO: C\u00e2\u0219tig\u0103torii celei de-a patra edi\u021bii a concursului \u201eVin de cas\u0103 din must de la Jidvei\u201d - Revista Urbea Mea - Revista de Alba\" \/>\n<meta name=\"twitter:description\" content=\"S\u00e2mb\u0103t\u0103, 13 aprilie 2019, Castelul Bethlen-Haller din Cetatea de Balt\u0103 a g\u0103zduit cea de-a patra edi\u021bie a concursului \u201eVin de cas\u0103 din must de la Jidvei\u201d,\" \/>\n<meta name=\"twitter:image\" content=\"https:\/\/urbeamea.ro\/albaiulia\/wp-content\/uploads\/2019\/04\/1-DSC01155.jpg\" \/>\n<meta name=\"twitter:creator\" content=\"@urbeameaweb\" \/>\n<meta name=\"twitter:site\" content=\"@urbeameaweb\" \/>\n<script type=\"application\/ld+json\" class=\"yoast-schema-graph\">{\"@context\":\"https:\\\/\\\/schema.org\",\"@graph\":[{\"@type\":\"Article\",\"@id\":\"https:\\\/\\\/urbeamea.ro\\\/albaiulia\\\/foto-castigatorii-celei-de-a-patra-editii-a-concursului-vin-de-casa-din-must-de-la-jidvei\\\/#article\",\"isPartOf\":{\"@id\":\"https:\\\/\\\/urbeamea.ro\\\/albaiulia\\\/foto-castigatorii-celei-de-a-patra-editii-a-concursului-vin-de-casa-din-must-de-la-jidvei\\\/\"},\"author\":{\"name\":\"Cristina Ganga\",\"@id\":\"https:\\\/\\\/urbeamea.ro\\\/albaiulia\\\/#\\\/schema\\\/person\\\/9700d21fae21c4f038b0b56f4506264a\"},\"headline\":\"FOTO: C\u00e2\u0219tig\u0103torii celei de-a patra edi\u021bii a concursului \u201eVin de cas\u0103 din must de la Jidvei\u201d\",\"datePublished\":\"2019-04-13T19:51:10+00:00\",\"dateModified\":\"2019-04-13T19:51:14+00:00\",\"mainEntityOfPage\":{\"@id\":\"https:\\\/\\\/urbeamea.ro\\\/albaiulia\\\/foto-castigatorii-celei-de-a-patra-editii-a-concursului-vin-de-casa-din-must-de-la-jidvei\\\/\"},\"wordCount\":845,\"commentCount\":0,\"image\":{\"@id\":\"https:\\\/\\\/urbeamea.ro\\\/albaiulia\\\/foto-castigatorii-celei-de-a-patra-editii-a-concursului-vin-de-casa-din-must-de-la-jidvei\\\/#primaryimage\"},\"thumbnailUrl\":\"https:\\\/\\\/urbeamea.ro\\\/albaiulia\\\/wp-content\\\/uploads\\\/2019\\\/04\\\/1-DSC01155.jpg\",\"keywords\":[\"alba\",\"Castelul Bethlen-Haller\",\"compania jidvei\",\"concurs\",\"mici producatori\",\"stiri\",\"Urbea Mea\",\"vin de casa din must de la jidvei\"],\"articleSection\":[\"Social\"],\"inLanguage\":\"ro-RO\",\"potentialAction\":[{\"@type\":\"CommentAction\",\"name\":\"Comment\",\"target\":[\"https:\\\/\\\/urbeamea.ro\\\/albaiulia\\\/foto-castigatorii-celei-de-a-patra-editii-a-concursului-vin-de-casa-din-must-de-la-jidvei\\\/#respond\"]}]},{\"@type\":\"WebPage\",\"@id\":\"https:\\\/\\\/urbeamea.ro\\\/albaiulia\\\/foto-castigatorii-celei-de-a-patra-editii-a-concursului-vin-de-casa-din-must-de-la-jidvei\\\/\",\"url\":\"https:\\\/\\\/urbeamea.ro\\\/albaiulia\\\/foto-castigatorii-celei-de-a-patra-editii-a-concursului-vin-de-casa-din-must-de-la-jidvei\\\/\",\"name\":\"FOTO: C\u00e2\u0219tig\u0103torii celei de-a patra edi\u021bii a concursului \u201eVin de cas\u0103 din must de la Jidvei\u201d - Revista Urbea Mea - Revista de Alba\",\"isPartOf\":{\"@id\":\"https:\\\/\\\/urbeamea.ro\\\/albaiulia\\\/#website\"},\"primaryImageOfPage\":{\"@id\":\"https:\\\/\\\/urbeamea.ro\\\/albaiulia\\\/foto-castigatorii-celei-de-a-patra-editii-a-concursului-vin-de-casa-din-must-de-la-jidvei\\\/#primaryimage\"},\"image\":{\"@id\":\"https:\\\/\\\/urbeamea.ro\\\/albaiulia\\\/foto-castigatorii-celei-de-a-patra-editii-a-concursului-vin-de-casa-din-must-de-la-jidvei\\\/#primaryimage\"},\"thumbnailUrl\":\"https:\\\/\\\/urbeamea.ro\\\/albaiulia\\\/wp-content\\\/uploads\\\/2019\\\/04\\\/1-DSC01155.jpg\",\"datePublished\":\"2019-04-13T19:51:10+00:00\",\"dateModified\":\"2019-04-13T19:51:14+00:00\",\"author\":{\"@id\":\"https:\\\/\\\/urbeamea.ro\\\/albaiulia\\\/#\\\/schema\\\/person\\\/9700d21fae21c4f038b0b56f4506264a\"},\"description\":\"S\u00e2mb\u0103t\u0103, 13 aprilie 2019, Castelul Bethlen-Haller din Cetatea de Balt\u0103 a g\u0103zduit cea de-a patra edi\u021bie a concursului \u201eVin de cas\u0103 din must de la Jidvei\u201d,\",\"breadcrumb\":{\"@id\":\"https:\\\/\\\/urbeamea.ro\\\/albaiulia\\\/foto-castigatorii-celei-de-a-patra-editii-a-concursului-vin-de-casa-din-must-de-la-jidvei\\\/#breadcrumb\"},\"inLanguage\":\"ro-RO\",\"potentialAction\":[{\"@type\":\"ReadAction\",\"target\":[\"https:\\\/\\\/urbeamea.ro\\\/albaiulia\\\/foto-castigatorii-celei-de-a-patra-editii-a-concursului-vin-de-casa-din-must-de-la-jidvei\\\/\"]}]},{\"@type\":\"ImageObject\",\"inLanguage\":\"ro-RO\",\"@id\":\"https:\\\/\\\/urbeamea.ro\\\/albaiulia\\\/foto-castigatorii-celei-de-a-patra-editii-a-concursului-vin-de-casa-din-must-de-la-jidvei\\\/#primaryimage\",\"url\":\"https:\\\/\\\/urbeamea.ro\\\/albaiulia\\\/wp-content\\\/uploads\\\/2019\\\/04\\\/1-DSC01155.jpg\",\"contentUrl\":\"https:\\\/\\\/urbeamea.ro\\\/albaiulia\\\/wp-content\\\/uploads\\\/2019\\\/04\\\/1-DSC01155.jpg\",\"width\":1500,\"height\":1000},{\"@type\":\"BreadcrumbList\",\"@id\":\"https:\\\/\\\/urbeamea.ro\\\/albaiulia\\\/foto-castigatorii-celei-de-a-patra-editii-a-concursului-vin-de-casa-din-must-de-la-jidvei\\\/#breadcrumb\",\"itemListElement\":[{\"@type\":\"ListItem\",\"position\":1,\"name\":\"Prima pagin\u0103\",\"item\":\"https:\\\/\\\/urbeamea.ro\\\/albaiulia\\\/\"},{\"@type\":\"ListItem\",\"position\":2,\"name\":\"FOTO: C\u00e2\u0219tig\u0103torii celei de-a patra edi\u021bii a concursului \u201eVin de cas\u0103 din must de la Jidvei\u201d\"}]},{\"@type\":\"WebSite\",\"@id\":\"https:\\\/\\\/urbeamea.ro\\\/albaiulia\\\/#website\",\"url\":\"https:\\\/\\\/urbeamea.ro\\\/albaiulia\\\/\",\"name\":\"Revista Urbea Mea, Stiri urbane\",\"description\":\"Evenimente \u0219i \u0219tiri din Alba Iulia, Sebe\u0219, Aiud, Blaj\",\"potentialAction\":[{\"@type\":\"SearchAction\",\"target\":{\"@type\":\"EntryPoint\",\"urlTemplate\":\"https:\\\/\\\/urbeamea.ro\\\/albaiulia\\\/?s={search_term_string}\"},\"query-input\":{\"@type\":\"PropertyValueSpecification\",\"valueRequired\":true,\"valueName\":\"search_term_string\"}}],\"inLanguage\":\"ro-RO\"},{\"@type\":\"Person\",\"@id\":\"https:\\\/\\\/urbeamea.ro\\\/albaiulia\\\/#\\\/schema\\\/person\\\/9700d21fae21c4f038b0b56f4506264a\",\"name\":\"Cristina Ganga\",\"image\":{\"@type\":\"ImageObject\",\"inLanguage\":\"ro-RO\",\"@id\":\"https:\\\/\\\/secure.gravatar.com\\\/avatar\\\/5a67661041f057b4a8ccaf26f5a8e86e2689372006d01faf3dd9eeb10b654bb4?s=96&d=mm&r=g\",\"url\":\"https:\\\/\\\/secure.gravatar.com\\\/avatar\\\/5a67661041f057b4a8ccaf26f5a8e86e2689372006d01faf3dd9eeb10b654bb4?s=96&d=mm&r=g\",\"contentUrl\":\"https:\\\/\\\/secure.gravatar.com\\\/avatar\\\/5a67661041f057b4a8ccaf26f5a8e86e2689372006d01faf3dd9eeb10b654bb4?s=96&d=mm&r=g\",\"caption\":\"Cristina Ganga\"},\"description\":\"Jurnalist\",\"sameAs\":[\"https:\\\/\\\/www.facebook.com\\\/cristina.nicola.587\"],\"url\":\"https:\\\/\\\/urbeamea.ro\\\/albaiulia\\\/author\\\/cristina-nicola\\\/\"}]}<\/script>\n<!-- \/ Yoast SEO plugin. -->","yoast_head_json":{"title":"FOTO: C\u00e2\u0219tig\u0103torii celei de-a patra edi\u021bii a concursului \u201eVin de cas\u0103 din must de la Jidvei\u201d - Revista Urbea Mea - Revista de Alba","description":"S\u00e2mb\u0103t\u0103, 13 aprilie 2019, Castelul Bethlen-Haller din Cetatea de Balt\u0103 a g\u0103zduit cea de-a patra edi\u021bie a concursului \u201eVin de cas\u0103 din must de la Jidvei\u201d,","robots":{"index":"index","follow":"follow","max-snippet":"max-snippet:-1","max-image-preview":"max-image-preview:large","max-video-preview":"max-video-preview:-1"},"canonical":"https:\/\/urbeamea.ro\/albaiulia\/foto-castigatorii-celei-de-a-patra-editii-a-concursului-vin-de-casa-din-must-de-la-jidvei\/","twitter_card":"summary_large_image","twitter_title":"FOTO: C\u00e2\u0219tig\u0103torii celei de-a patra edi\u021bii a concursului \u201eVin de cas\u0103 din must de la Jidvei\u201d - Revista Urbea Mea - Revista de Alba","twitter_description":"S\u00e2mb\u0103t\u0103, 13 aprilie 2019, Castelul Bethlen-Haller din Cetatea de Balt\u0103 a g\u0103zduit cea de-a patra edi\u021bie a concursului \u201eVin de cas\u0103 din must de la Jidvei\u201d,","twitter_image":"https:\/\/urbeamea.ro\/albaiulia\/wp-content\/uploads\/2019\/04\/1-DSC01155.jpg","twitter_creator":"@urbeameaweb","twitter_site":"@urbeameaweb","schema":{"@context":"https:\/\/schema.org","@graph":[{"@type":"Article","@id":"https:\/\/urbeamea.ro\/albaiulia\/foto-castigatorii-celei-de-a-patra-editii-a-concursului-vin-de-casa-din-must-de-la-jidvei\/#article","isPartOf":{"@id":"https:\/\/urbeamea.ro\/albaiulia\/foto-castigatorii-celei-de-a-patra-editii-a-concursului-vin-de-casa-din-must-de-la-jidvei\/"},"author":{"name":"Cristina Ganga","@id":"https:\/\/urbeamea.ro\/albaiulia\/#\/schema\/person\/9700d21fae21c4f038b0b56f4506264a"},"headline":"FOTO: C\u00e2\u0219tig\u0103torii celei de-a patra edi\u021bii a concursului \u201eVin de cas\u0103 din must de la Jidvei\u201d","datePublished":"2019-04-13T19:51:10+00:00","dateModified":"2019-04-13T19:51:14+00:00","mainEntityOfPage":{"@id":"https:\/\/urbeamea.ro\/albaiulia\/foto-castigatorii-celei-de-a-patra-editii-a-concursului-vin-de-casa-din-must-de-la-jidvei\/"},"wordCount":845,"commentCount":0,"image":{"@id":"https:\/\/urbeamea.ro\/albaiulia\/foto-castigatorii-celei-de-a-patra-editii-a-concursului-vin-de-casa-din-must-de-la-jidvei\/#primaryimage"},"thumbnailUrl":"https:\/\/urbeamea.ro\/albaiulia\/wp-content\/uploads\/2019\/04\/1-DSC01155.jpg","keywords":["alba","Castelul Bethlen-Haller","compania jidvei","concurs","mici producatori","stiri","Urbea Mea","vin de casa din must de la jidvei"],"articleSection":["Social"],"inLanguage":"ro-RO","potentialAction":[{"@type":"CommentAction","name":"Comment","target":["https:\/\/urbeamea.ro\/albaiulia\/foto-castigatorii-celei-de-a-patra-editii-a-concursului-vin-de-casa-din-must-de-la-jidvei\/#respond"]}]},{"@type":"WebPage","@id":"https:\/\/urbeamea.ro\/albaiulia\/foto-castigatorii-celei-de-a-patra-editii-a-concursului-vin-de-casa-din-must-de-la-jidvei\/","url":"https:\/\/urbeamea.ro\/albaiulia\/foto-castigatorii-celei-de-a-patra-editii-a-concursului-vin-de-casa-din-must-de-la-jidvei\/","name":"FOTO: C\u00e2\u0219tig\u0103torii celei de-a patra edi\u021bii a concursului \u201eVin de cas\u0103 din must de la Jidvei\u201d - Revista Urbea Mea - Revista de Alba","isPartOf":{"@id":"https:\/\/urbeamea.ro\/albaiulia\/#website"},"primaryImageOfPage":{"@id":"https:\/\/urbeamea.ro\/albaiulia\/foto-castigatorii-celei-de-a-patra-editii-a-concursului-vin-de-casa-din-must-de-la-jidvei\/#primaryimage"},"image":{"@id":"https:\/\/urbeamea.ro\/albaiulia\/foto-castigatorii-celei-de-a-patra-editii-a-concursului-vin-de-casa-din-must-de-la-jidvei\/#primaryimage"},"thumbnailUrl":"https:\/\/urbeamea.ro\/albaiulia\/wp-content\/uploads\/2019\/04\/1-DSC01155.jpg","datePublished":"2019-04-13T19:51:10+00:00","dateModified":"2019-04-13T19:51:14+00:00","author":{"@id":"https:\/\/urbeamea.ro\/albaiulia\/#\/schema\/person\/9700d21fae21c4f038b0b56f4506264a"},"description":"S\u00e2mb\u0103t\u0103, 13 aprilie 2019, Castelul Bethlen-Haller din Cetatea de Balt\u0103 a g\u0103zduit cea de-a patra edi\u021bie a concursului \u201eVin de cas\u0103 din must de la Jidvei\u201d,","breadcrumb":{"@id":"https:\/\/urbeamea.ro\/albaiulia\/foto-castigatorii-celei-de-a-patra-editii-a-concursului-vin-de-casa-din-must-de-la-jidvei\/#breadcrumb"},"inLanguage":"ro-RO","potentialAction":[{"@type":"ReadAction","target":["https:\/\/urbeamea.ro\/albaiulia\/foto-castigatorii-celei-de-a-patra-editii-a-concursului-vin-de-casa-din-must-de-la-jidvei\/"]}]},{"@type":"ImageObject","inLanguage":"ro-RO","@id":"https:\/\/urbeamea.ro\/albaiulia\/foto-castigatorii-celei-de-a-patra-editii-a-concursului-vin-de-casa-din-must-de-la-jidvei\/#primaryimage","url":"https:\/\/urbeamea.ro\/albaiulia\/wp-content\/uploads\/2019\/04\/1-DSC01155.jpg","contentUrl":"https:\/\/urbeamea.ro\/albaiulia\/wp-content\/uploads\/2019\/04\/1-DSC01155.jpg","width":1500,"height":1000},{"@type":"BreadcrumbList","@id":"https:\/\/urbeamea.ro\/albaiulia\/foto-castigatorii-celei-de-a-patra-editii-a-concursului-vin-de-casa-din-must-de-la-jidvei\/#breadcrumb","itemListElement":[{"@type":"ListItem","position":1,"name":"Prima pagin\u0103","item":"https:\/\/urbeamea.ro\/albaiulia\/"},{"@type":"ListItem","position":2,"name":"FOTO: C\u00e2\u0219tig\u0103torii celei de-a patra edi\u021bii a concursului \u201eVin de cas\u0103 din must de la Jidvei\u201d"}]},{"@type":"WebSite","@id":"https:\/\/urbeamea.ro\/albaiulia\/#website","url":"https:\/\/urbeamea.ro\/albaiulia\/","name":"Revista Urbea Mea, Stiri urbane","description":"Evenimente \u0219i \u0219tiri din Alba Iulia, Sebe\u0219, Aiud, Blaj","potentialAction":[{"@type":"SearchAction","target":{"@type":"EntryPoint","urlTemplate":"https:\/\/urbeamea.ro\/albaiulia\/?s={search_term_string}"},"query-input":{"@type":"PropertyValueSpecification","valueRequired":true,"valueName":"search_term_string"}}],"inLanguage":"ro-RO"},{"@type":"Person","@id":"https:\/\/urbeamea.ro\/albaiulia\/#\/schema\/person\/9700d21fae21c4f038b0b56f4506264a","name":"Cristina Ganga","image":{"@type":"ImageObject","inLanguage":"ro-RO","@id":"https:\/\/secure.gravatar.com\/avatar\/5a67661041f057b4a8ccaf26f5a8e86e2689372006d01faf3dd9eeb10b654bb4?s=96&d=mm&r=g","url":"https:\/\/secure.gravatar.com\/avatar\/5a67661041f057b4a8ccaf26f5a8e86e2689372006d01faf3dd9eeb10b654bb4?s=96&d=mm&r=g","contentUrl":"https:\/\/secure.gravatar.com\/avatar\/5a67661041f057b4a8ccaf26f5a8e86e2689372006d01faf3dd9eeb10b654bb4?s=96&d=mm&r=g","caption":"Cristina Ganga"},"description":"Jurnalist","sameAs":["https:\/\/www.facebook.com\/cristina.nicola.587"],"url":"https:\/\/urbeamea.ro\/albaiulia\/author\/cristina-nicola\/"}]}},"_links":{"self":[{"href":"https:\/\/urbeamea.ro\/albaiulia\/wp-json\/wp\/v2\/posts\/74443","targetHints":{"allow":["GET"]}}],"collection":[{"href":"https:\/\/urbeamea.ro\/albaiulia\/wp-json\/wp\/v2\/posts"}],"about":[{"href":"https:\/\/urbeamea.ro\/albaiulia\/wp-json\/wp\/v2\/types\/post"}],"author":[{"embeddable":true,"href":"https:\/\/urbeamea.ro\/albaiulia\/wp-json\/wp\/v2\/users\/17"}],"replies":[{"embeddable":true,"href":"https:\/\/urbeamea.ro\/albaiulia\/wp-json\/wp\/v2\/comments?post=74443"}],"version-history":[{"count":0,"href":"https:\/\/urbeamea.ro\/albaiulia\/wp-json\/wp\/v2\/posts\/74443\/revisions"}],"wp:featuredmedia":[{"embeddable":true,"href":"https:\/\/urbeamea.ro\/albaiulia\/wp-json\/wp\/v2\/media\/74444"}],"wp:attachment":[{"href":"https:\/\/urbeamea.ro\/albaiulia\/wp-json\/wp\/v2\/media?parent=74443"}],"wp:term":[{"taxonomy":"category","embeddable":true,"href":"https:\/\/urbeamea.ro\/albaiulia\/wp-json\/wp\/v2\/categories?post=74443"},{"taxonomy":"post_tag","embeddable":true,"href":"https:\/\/urbeamea.ro\/albaiulia\/wp-json\/wp\/v2\/tags?post=74443"}],"curies":[{"name":"wp","href":"https:\/\/api.w.org\/{rel}","templated":true}]}}