{"id":74748,"date":"2019-04-18T11:46:59","date_gmt":"2019-04-18T08:46:59","guid":{"rendered":"https:\/\/urbeamea.ro\/albaiulia\/?p=74748"},"modified":"2019-04-18T11:47:04","modified_gmt":"2019-04-18T08:47:04","slug":"19-25-mai-festivalul-international-de-teatru-povesti-de-la-alba-iulia-program-si-detalii-despre-bilete","status":"publish","type":"post","link":"https:\/\/urbeamea.ro\/albaiulia\/19-25-mai-festivalul-international-de-teatru-povesti-de-la-alba-iulia-program-si-detalii-despre-bilete\/","title":{"rendered":"19-25 MAI: Festivalul Interna\u021bional de Teatru \u201ePove\u0219ti\u201d de la Alba Iulia. PROGRAM \u0219i detalii despre bilete"},"content":{"rendered":"\n<p class=\"wp-block-paragraph\"><strong>Festivalul Interna\u021bional de Teatru \u201ePove\u0219ti\u201d, organizat de Teatrul de P\u0103pu\u0219i \u201ePrichindel\u201d\u00a0 din Alba Iulia \u0219i Consiliul Jude\u021bean Alba, ajunge la cea de-a 14-a edi\u021bie \u0219i se va desf\u0103\u0219ura \u00een perioada 19 \u2013 25 mai 2019.<\/strong><\/p>\n\n\n\n<p class=\"wp-block-paragraph\">Spectacole de teatru pentru copii, tineri \u0219i adul\u021bi, concert, expozi\u021bii, lans\u0103ri de carte, conferin\u021b\u0103, ateliere \u2013 sunt ingredientele care definesc complexitatea acestui festival, unic \u00een \u021bar\u0103, prin conceptul \u0219i adresabilitatea sa.<\/p>\n\n\n\n<p class=\"wp-block-paragraph\">De 13 ani la Alba Iulia se spun \u201epove\u0219ti\u201d \u0219i cei care vin sau revin pentru a le \u00eemp\u0103rt\u0103\u0219i publicului sunt nume sonore ale teatrului rom\u00e2nesc sau ale culturii rom\u00e2ne. V\u0103 invit\u0103m, a\u0219adar, s\u0103-i descoperi\u021bi pe cei care ne sunt invita\u021bi la aceast\u0103 a 14-a edi\u021bie de festival, vizit\u00e2nd site-ul festivalului: <a href=\"http:\/\/www.fitab.ro\">www.fitab.ro<\/a>.<\/p>\n\n\n\n<p class=\"wp-block-paragraph\">Edi\u021bia din 2019 este organizat\u0103 cu sprijinul UNITER, al Prim\u0103riei municipiului Alba Iulia \u0219i al Centrului de Cultur\u0103 \u201eAugustin Bena\u201d Alba, precum \u0219i cu sus\u021binerea partenerilor \u0219i sponsorilor no\u0219tri.<\/p>\n\n\n\n<p class=\"wp-block-paragraph\"><strong>Parteneri<\/strong><\/p>\n\n\n\n<p class=\"wp-block-paragraph\">UNATC Bucure\u0219ti<\/p>\n\n\n\n<p class=\"wp-block-paragraph\">Universitatea de Arte din T\u00e2rgu-Mure\u0219<\/p>\n\n\n\n<p class=\"wp-block-paragraph\">Universitatea&nbsp; \u201e1\nDecembrie 1918\u201d din Alba Iulia<\/p>\n\n\n\n<p class=\"wp-block-paragraph\">ASITEJ<\/p>\n\n\n\n<p class=\"wp-block-paragraph\">UNIMA<\/p>\n\n\n\n<p class=\"wp-block-paragraph\">Uniunea Arti\u0219tilor Plastici din Rom\u00e2nia, filiala Alba<\/p>\n\n\n\n<p class=\"wp-block-paragraph\">Libr\u0103ria Humanitas Alba Iulia<\/p>\n\n\n\n<p class=\"wp-block-paragraph\">qb lounge<\/p>\n\n\n\n<p class=\"wp-block-paragraph\">Casa de Cultur\u0103 a Studen\u021bilor<\/p>\n\n\n\n<p class=\"wp-block-paragraph\">Biblioteca Jude\u021bean\u0103 \u201eLucian Blaga\u201d Alba<\/p>\n\n\n\n<p class=\"wp-block-paragraph\">Prim\u0103ria municipiului Blaj<\/p>\n\n\n\n<p class=\"wp-block-paragraph\">Liceu de Arte \u201eRegina Maria\u201d Alba Iulia<\/p>\n\n\n\n<p class=\"wp-block-paragraph\">Colegiul Na\u021bional \u201eHorea, Clo\u0219ca \u0219i Cri\u0219an\u201d Alba Iulia<\/p>\n\n\n\n<p class=\"wp-block-paragraph\"><strong> <\/strong>Biletele se pot achizi\u021biona, \u00eencep\u00e2nd cu data de <strong>19 aprilie 2019,<\/strong>\u00a0 de la Casa de Cultur\u0103 a Sindicatelor, \u00een intervalul orar 8.00 \u2013 18.00, de luni p\u00e2n\u0103 vineri, Casa de Cultur\u0103 a Studen\u021bilor, \u00een intervalul orar \u00a09.00 \u2013 15.00, de luni p\u00e2n\u0103 joi \u0219i 9.00 \u2013 13.00 vinerea \u0219i online de pe <a href=\"http:\/\/www.biletmaster.ro\">www.biletmaster.ro<\/a>.<\/p>\n\n\n\n<p class=\"wp-block-paragraph\">&nbsp;&nbsp;&nbsp;&nbsp;&nbsp;&nbsp;&nbsp;&nbsp;&nbsp; Pre\u021bul unui bilet este de:<\/p>\n\n\n\n<ul class=\"wp-block-list\"><li>22 lei pentru tineri \u0219i adul\u021bi<\/li><li>15 lei \u00a0pentru studen\u021bi \u0219i pensionari<\/li><li>5,50 lei pentru copii \u0219i adolescen\u021bi<\/li><\/ul>\n\n\n\n<figure class=\"wp-block-image\"><img loading=\"lazy\" decoding=\"async\" width=\"915\" height=\"1280\" src=\"https:\/\/urbeamea.ro\/albaiulia\/wp-content\/uploads\/2019\/04\/afis-program-final-915x1280.jpg\" alt=\"\" class=\"wp-image-74750\" srcset=\"https:\/\/urbeamea.ro\/albaiulia\/wp-content\/uploads\/2019\/04\/afis-program-final-915x1280.jpg 915w, https:\/\/urbeamea.ro\/albaiulia\/wp-content\/uploads\/2019\/04\/afis-program-final-107x150.jpg 107w, https:\/\/urbeamea.ro\/albaiulia\/wp-content\/uploads\/2019\/04\/afis-program-final-458x640.jpg 458w, https:\/\/urbeamea.ro\/albaiulia\/wp-content\/uploads\/2019\/04\/afis-program-final-768x1074.jpg 768w\" sizes=\"auto, (max-width: 915px) 100vw, 915px\" \/><\/figure>\n\n\n\n<p class=\"wp-block-paragraph\"><strong>PROGRAM<\/strong><\/p>\n\n\n\n<p class=\"wp-block-paragraph\"><strong>DUMINIC\u0102, 19 MAI 2019<\/strong><\/p>\n\n\n\n<p class=\"wp-block-paragraph\">11.00   \u2026despre marionete care au mici secrete! <br>                Vernisaj expozi\u021bie de marionete<br>                Concept Christian Caimacan \u0219i Adela Ungureanu<br>                Foaier Casa de Cultur\u0103 a Studen\u0163ilor<\/p>\n\n\n\n<p class=\"wp-block-paragraph\">11.30  CR\u0102IASA Z\u0102PEZII, regia Cristian Pepino<br>\n           Teatrul de Anima\u021bie \u021a\u0103nd\u0103ric\u0103 Bucure\u0219ti<br>\n           Spectacol de teatru pentru copii \/ 4+<br>\n           Casa de Cultur\u0103 a Studen\u021bilor \/  55 min<\/p>\n\n\n\n<p class=\"wp-block-paragraph\">12.00  CAFEAUA CU T\u00c2LC<br>\n           Conferin\u0163\u0103 de pres\u0103 \/ Art Cafe<\/p>\n\n\n\n<p class=\"wp-block-paragraph\">17.00 &#8211; 19.00  In memoriam \u0218ERBAN IONESCU  <br>\n                       Expozi\u021bie permanent\u0103 de art\u0103 plastic\u0103 Valeriu Mladin<br>\n                       Galeriile de Art\u0103 ale Municipiului Alba Iulia       <\/p>\n\n\n\n<p class=\"wp-block-paragraph\">18.30  SURORILE CENU\u0218\u0102RESEI <br>               Vernisaj expozi\u021bie de costume realizat\u0103 de UNATC I.L.Caragiale  Bucure\u0219ti<br>               Curator \u0219i coordonator prof.univ.dr. \u0218tefania Cenean<br>               Foaier Casa de Cultur\u0103 a Sindicatelor<\/p>\n\n\n\n<p class=\"wp-block-paragraph\">19.00  \u021aIGANIADA, regia Alexandru Dabija<br>\n              Teatrul Na\u021bional Lucian Blaga Cluj-Napoca<br>\n              Spectacol de teatru  \/ 14+<br>\n              Casa de Cultur\u0103 a Sindicatelor \/ 2 h<\/p>\n\n\n\n<p class=\"wp-block-paragraph\"><strong>LUNI, 20 MAI 2019<\/strong><\/p>\n\n\n\n<p class=\"wp-block-paragraph\">11.00  POVESTEA CELOR TREI PURCELU\u0218I\u2026 CARE SUNT DE FAPT PATRU, regia \u00c9va L\u00e1badi-Megyes<br>\n          Teatrul pentru Copii \u0219i Tineret Gong Sibiu<br>\n          Spectacol de teatru pentru copii \/ 3+<br>\n          Casa de Cultur\u0103 a Sindicatelor \/ 50 min<\/p>\n\n\n\n<p class=\"wp-block-paragraph\">11.00  D\u0102NIL\u0102 PREPELEAC, regia Traian Savinescu<br>\n           Teatrul de P\u0103pu\u0219i Puck Cluj-Napoca<br>\n           Spectacol de teatru pentru copii \/ 4+<br>\n           Palatul Cultural Blaj \/ 55 min<\/p>\n\n\n\n<p class=\"wp-block-paragraph\">11.00 \u2013 20.00 \u2013 \u2026despre marionete care au mici secrete! <br>                           Expozi\u021bie permanent\u0103 de marionete<br>                           Concept Christian Caimacan \u0219i Adela Ungureanu<br>                           Foaier Casa de Cultur\u0103 a Studen\u0163ilor<\/p>\n\n\n\n<p class=\"wp-block-paragraph\">12.00  CAFEAUA CU T\u00c2LC<br>\n           Conferin\u0163\u0103 de pres\u0103 \/ Art Cafe<\/p>\n\n\n\n<p class=\"wp-block-paragraph\">16.00  RECICLART<br>\n           Atelier de m\u00e2nuire marionete  <br>\n           Coordonatori: Nu\u021bi \u0219i Sorin Doroban\u021bu<br>\n           Sala amfiteatru, Casa de Cultur\u0103 a Studen\u0163ilor<\/p>\n\n\n\n<p class=\"wp-block-paragraph\">16.00  TOP SECRET<br>\n           Atelier de scenografie<br>\n           Coordonator: Alina Herescu<br>\n           Sala oglinzilor, Casa de Cultur\u0103 a Studen\u0163ilor<\/p>\n\n\n\n<p class=\"wp-block-paragraph\">18.00 &#8211; 20.00 SURORILE CENU\u0218\u0102RESEI<br>\n                      Expozi\u021bie de costume realizat\u0103 de UNATC I.L.Caragiale Bucure\u0219ti<br>\n                      Curator \u0219i coordonator prof.univ.dr. \u0218tefania Cenean<br>\n                      Foaier Casa de Cultur\u0103 a Sindicatelor<\/p>\n\n\n\n<p class=\"wp-block-paragraph\">17.00 \u2013 19.00  In memoriam \u0218ERBAN IONESCU<br>                         Expozi\u021bie permanent\u0103 de art\u0103 plastic\u0103 Valeriu Mladin<br>                         Galeriile de Art\u0103 ale Municipiului Alba Iulia       <\/p>\n\n\n\n<p class=\"wp-block-paragraph\">19.00 OLE! Quand le clown rencontre le flamenco,  regia  Elodie Hatton<br>\n          Company Fi-Solo, Fran\u021ba<br>\n          Spectacol de teatru-dans \/ 6+<br>\n          Casa de Cultur\u0103 a Studen\u021bilor \/1 h <\/p>\n\n\n\n<p class=\"wp-block-paragraph\"><strong>MAR\u021aI, 21 MAI 2019<\/strong><\/p>\n\n\n\n<p class=\"wp-block-paragraph\">11.00  CARTEA CU APOLODOR, regia Toma Hogea <br>\n           Teatrul pentru Copii \u0219i Tineret Merlin Timi\u0219oara<br>\n           Spectacol de teatru pentru copii \/ 6+<br>\n           Casa de Cultur\u0103 a Studen\u021bilor \/ 1h 15 min<\/p>\n\n\n\n<p class=\"wp-block-paragraph\">11.00 \u2013 20.00 \u2013 \u2026despre marionete care au mici secrete! <br>                           Expozi\u021bie permanent\u0103 de marionete<br>                           Concept Christian Caimacan \u0219i Adela Ungureanu<br>                           Foaier Casa de Cultur\u0103 a Studen\u0163ilor<\/p>\n\n\n\n<p class=\"wp-block-paragraph\">11.00  POVESTEA UMBRELOR<br>\n           Spectacol-atelier teatru de umbre <br>\n           Coordonatori: Georgiana Dinescu \u0219i Marin Fagu<br>\n           \u0218coala Gimnazial\u0103 Petre\u0219ti<\/p>\n\n\n\n<p class=\"wp-block-paragraph\">12.00  CAFEAUA CU T\u00c2LC<br>\n           Conferin\u0163\u0103 de pres\u0103 \/ Art Cafe<\/p>\n\n\n\n<p class=\"wp-block-paragraph\">12.30 LAN\u021aUL SL\u0102BICIUNILOR COMUNICA\u021aIONALE \u00een lumea lui Caragiale \u0219i \u00een cea de azi, autor  CRISTIAN STAMATOIU<br>\n           Lansare de carte\/ 30 min<br>\n           Art Cafe<\/p>\n\n\n\n<p class=\"wp-block-paragraph\">17.00 In memoriam \u0218ERBAN IONESCU<br>\n          Vernisaj expozi\u021bie permanent\u0103 de art\u0103 plastic\u0103 Valeriu Mladin<br>\n          Prezint\u0103 Magda Catone<br>\n          Galeriile de Art\u0103 ale Municipiului Alba Iulia       <\/p>\n\n\n\n<p class=\"wp-block-paragraph\">18.00 &#8211; 20.00 SURORILE CENU\u0218\u0102RESEI<br>\n                      Expozi\u021bie de costume realizat\u0103 de UNATC I.L.Caragiale Bucure\u0219ti<br>\n                      Curator \u0219i coordonator prof.univ.dr. \u0218tefania Cenean<br>\n                      Foaier Casa de Cultur\u0103 a Sindicatelor<\/p>\n\n\n\n<p class=\"wp-block-paragraph\">18.30  \u021aINUTUL DIN MIEZUL VERII, regia Vlad Massaci<br>\n           Teatrul Mic Bucure\u0219ti<br>\n           Spectacol de teatru  \/ 12+<br>\n           Casa de Cultur\u0103 a Sindicatelor \/ 3 h (cu pauz\u0103)<\/p>\n\n\n\n<p class=\"wp-block-paragraph\"><strong>MIERCURI, 22 MAI 2019<\/strong><\/p>\n\n\n\n<p class=\"wp-block-paragraph\">11.00  HARAP ALB, regia Toma Hogea<br>\n           Teatrul Municipal de P\u0103pu\u0219i  Gugu\u021b\u0103 Chi\u0219in\u0103u, Republica Moldova <br>\n           Spectacol de teatru pentru copii \/ 11+<br>\n           Casa de Cultur\u0103 a Studen\u021bilor\/ 1 h 30 min<\/p>\n\n\n\n<p class=\"wp-block-paragraph\">11.00  POVESTEA UMBRELOR<br>\n           Spectacol-atelier  teatru de umbre <br>\n           Coordonatori: Georgiana Dinescu \u0219i Marin Fagu<br>\n           \u0218coala Gimnazial\u0103 Avram Iancu Zlatna<\/p>\n\n\n\n<p class=\"wp-block-paragraph\">11.00 \u2013 20.00 \u2013 \u2026despre marionete care au mici secrete! <br>                           Expozi\u021bie permanent\u0103 de marionete<br>                           Concept Cristian Caimacan \u0219i Adela Ungureanu<br>                           Foaier Casa de Cultur\u0103 a Studen\u0163ilor<\/p>\n\n\n\n<p class=\"wp-block-paragraph\">12.00  CAFEAUA CU T\u00c2LC<br>\n           Conferin\u0163\u0103 de pres\u0103 \/ Art Cafe<\/p>\n\n\n\n<p class=\"wp-block-paragraph\">12.00  De ce avem nevoie de teatru?<br>\n          Conferin\u021b\u0103 sus\u021binu\u0103 de regizorul Felix Alexa<br>\n          Colegiul Na\u021bional HCC \u2013 Sala multimedia<\/p>\n\n\n\n<p class=\"wp-block-paragraph\">17.00 &#8211; 19.00  In memoriam \u0218ERBAN IONESCU <br>\n                       Expozi\u021bie permanent\u0103 de art\u0103 plastic\u0103 Valeriu Mladin<br>\n                       Galeriile de Art\u0103 ale Municipiului Alba Iulia       <\/p>\n\n\n\n<p class=\"wp-block-paragraph\">18.00 &#8211; 20.00 SURORILE CENU\u0218\u0102RESEI<br>\n                      Expozi\u021bie de costume realizat\u0103 de UNATC I.L.Caragiale Bucure\u0219ti<br>\n                      Curator \u0219i coordonator prof.univ.dr. \u0218tefania Cenean<br>\n                      Foaier Casa de Cultur\u0103 a Sindicatelor<\/p>\n\n\n\n<p class=\"wp-block-paragraph\">20.00  ORCHESTRA TITANIC, regia Felix Alexa<br>\n           Teatrul Na\u021bional Ion Luca Caragiale  Bucure\u0219ti <br>\n           Spectacol de teatru  \/ 14+<br>\n           Casa de Cultur\u0103 a Sindicatelor \/ 1 h 30 min<\/p>\n\n\n\n<p class=\"wp-block-paragraph\"><strong>JOI, 23 MAI 2019<\/strong><\/p>\n\n\n\n<p class=\"wp-block-paragraph\">11.00  CEI TREI MU\u0218CHETARI, regia Cristian Mitescu<br>\n           Teatrul pentru Copii Arlechino Bra\u0219ov  <br>\n           Spectacol de teatru pentru copii \/ 4+<br>\n           Casa de Cultur\u0103 a Sindicatelor \/ 55 min<\/p>\n\n\n\n<p class=\"wp-block-paragraph\">11.00 \u2013 20.00  \u2026despre marionete care au mici secrete! <br>                           Expozi\u021bie permanent\u0103 de marionete<br>                           Concept Christian Caimacan \u0219i Adela Ungureanu<br>                           Foaier Casa de Cultur\u0103 a Studen\u0163ilor<\/p>\n\n\n\n<p class=\"wp-block-paragraph\">11.00  Povestea pove\u0219tilor de dincolo de pove\u0219ti, autoare  LUCIA CON\u021aAN<br>            Lansare de carte \/ 30 min<br>            Centrul Cultural Castel S\u00e2ncrai<\/p>\n\n\n\n<p class=\"wp-block-paragraph\">11.30  POVESTEA UMBRELOR<br>\n           Spectacol-atelier  teatru de umbre <br>\n           Coordonatori: Georgiana Dinescu \u0219i Marin Fagu<br>\n           Centrul Cultural Castel S\u00e2ncrai <\/p>\n\n\n\n<p class=\"wp-block-paragraph\">12.00  CAFEAUA CU T\u00c2LC<br>\n           Conferin\u0163\u0103 de pres\u0103 \/ Art Cafe<\/p>\n\n\n\n<p class=\"wp-block-paragraph\">12.30  Doamna Godot, autoare OLGA DELIA MATEESCU<br>            Lansare de carte\/ 30 min<br>            Art Cafe<\/p>\n\n\n\n<p class=\"wp-block-paragraph\">17.00 &#8211; 19.00  In memoriam \u0218ERBAN IONESCU <br>\n                       Expozi\u021bie permanent\u0103 de art\u0103 plastic\u0103 Valeriu Mladin<br>\n                       Galeriile de Art\u0103 ale Municipiului Alba Iulia       <\/p>\n\n\n\n<p class=\"wp-block-paragraph\">18.00 &#8211; 20.00 SURORILE CENU\u0218\u0102RESEI<br>\n                      Expozi\u021bie de costume realizat\u0103 de UNATC I.L.Caragiale Bucure\u0219ti<br>\n                      Curator \u0219i coordonator prof.univ.dr. \u0218tefania Cenean<br>\n                      Foaier Casa de Cultur\u0103 a Sindicatelor<\/p>\n\n\n\n<p class=\"wp-block-paragraph\">19.00  \u0218I CINE NU IUBE\u0218TE?, regia Alexandru Popa <br>\n           p2p Theater Bucure\u0219ti <br>\n           Spectacol de teatru \/ 16+<br>\n           Casa de Cultur\u0103 a Studen\u021bilor \/ 1h 30 min<\/p>\n\n\n\n<p class=\"wp-block-paragraph\"><strong>VINERI, 24 MAI 2019<\/strong><\/p>\n\n\n\n<p class=\"wp-block-paragraph\">11.00  O POVESTE JAPONEZ\u0102, regia Irina Niculescu<br>\n           Teatrul pentru Copii \u0219i Tineret Luceaf\u0103rul Ia\u0219i<br>\n           Spectacol de teatru pentru copii \/ 5+<br>\n           Casa de Cultur\u0103 a Studen\u021bilor \/ 50 min<\/p>\n\n\n\n<p class=\"wp-block-paragraph\">11.00 \u2013 20.00 \u2013 \u2026despre marionete care au mici secrete! <br>                           Expozi\u021bie permanent\u0103 de marionete<br>                           Concept Christian Caimacan \u0219i Adela Ungureanu<br>                           Foaier Casa de Cultur\u0103 a Studen\u0163ilor<\/p>\n\n\n\n<p class=\"wp-block-paragraph\">11.00  POVESTEA UMBRELOR<br>\n           Spectacol-atelier teatru de umbre <br>\n           Coordonatori: Georgiana Dinescu \u0219i Marin Fagu<br>\n           C\u0103minul Cultural F\u0103r\u0103u<\/p>\n\n\n\n<p class=\"wp-block-paragraph\">12.00  CAFEAUA CU T\u00c2LC<br>\n           Conferin\u0163\u0103 de pres\u0103 \/ Art Cafe<\/p>\n\n\n\n<p class=\"wp-block-paragraph\">17.00 &#8211; 19.00  In memoriam \u0218ERBAN IONESCU <br>\n                       Expozi\u021bie permanent\u0103 de art\u0103 plastic\u0103 Valeriu Mladin<br>\n                       Galeriile de Art\u0103 ale Municipiului Alba Iulia       <\/p>\n\n\n\n<p class=\"wp-block-paragraph\">18.00 &#8211; 20.00 SURORILE CENU\u0218\u0102RESEI<br>\n                      Expozi\u021bie de costume realizat\u0103 de UNATC I.L.Caragiale Bucure\u0219ti<br>\n                      Curator \u0219i coordonator prof.univ.dr. \u0218tefania Cenean<br>\n                      Foaier Casa de Cultur\u0103 a Sindicatelor<\/p>\n\n\n\n<p class=\"wp-block-paragraph\">18.30  Teatrul \u0219i publicul s\u0103u t\u00e2n\u0103r. Realit\u0103\u021bi rom\u00e2ne\u0219ti<br>            FranceDanse Orient-Express<br>            Coordonator Oana Cristea Grigorescu<br>            Lansare de carte\/ 30 min<br>            Foaierul Casei de Cultur\u0103 a Studen\u021bilor<\/p>\n\n\n\n<p class=\"wp-block-paragraph\">19.00  MO\u0218 NICHIFOR, regia Alexandru Dabija<br>\n           Teatrul Act Bucure\u0219ti<br>\n           Spectacol de teatru  \/ 12+<br>\n           Casa de Cultur\u0103 a Studen\u021bilor \/ 1h 10 min<\/p>\n\n\n\n<p class=\"wp-block-paragraph\">21.00  OGLIND\u0102, OGLINJOAR\u0102 <br>\n           MARIA R\u0102DUCANU &amp; MICHAEL GRIENER<br>\n           Concert \/ 12+<br>\n           qb lounge \/ 1 h 30 min<\/p>\n\n\n\n<p class=\"wp-block-paragraph\"><strong>S\u00c2MB\u0102T\u0102, 25 MAI 2019<\/strong><\/p>\n\n\n\n<p class=\"wp-block-paragraph\">11.00 Mie nu-mi place iarna,  autoare MIOARA POP<br>\n          Lansare de carte\/ 30min<br>\n          Foaier Casa de Cultur\u0103 a Studen\u021bilor<\/p>\n\n\n\n<p class=\"wp-block-paragraph\">11.30  MICA SIREN\u0102, regia Oana Leahu<br>\n           Teatrul pentru Copii \u0219i Tineret Ariel Tg. Mure\u0219<br>\n           Spectacol de teatru pentru copii \/ 5+<br>\n           Casa de Cultur\u0103 a Studen\u021bilor \/ 55 min<\/p>\n\n\n\n<p class=\"wp-block-paragraph\">11.00 \u2013 20.00 \u2013 \u2026despre marionete care au mici secrete! <br>                           Expozi\u021bie permanent\u0103 de marionete<br>                           Concept Christian Caimacan \u0219i Adela Ungureanu<br>                           Foaier Casa de Cultur\u0103 a Studen\u0163ilor<\/p>\n\n\n\n<p class=\"wp-block-paragraph\">12.00  CAFEAUA CU T\u00c2LC<br>\n           Conferin\u0163\u0103 de pres\u0103 \/ Art Cafe<\/p>\n\n\n\n<p class=\"wp-block-paragraph\">13.00  RECICLART<br>\n           Prezentare atelier de m\u00e2nuire marionete  <br>\n           Coordonatori: Nu\u021bi \u0219i Sorin Doroban\u021bu<br>\n           Sala amfiteatru, Casa de Cultur\u0103 a Studen\u0163ilor<\/p>\n\n\n\n<p class=\"wp-block-paragraph\">14.00  TOP SECRET<br>\n           Prezentare atelier de scenografie<br>\n           Coordonator: Alina Herescu<br>\n           Sala oglinzilor, Casa de Cultur\u0103 a Studen\u0163ilor<\/p>\n\n\n\n<p class=\"wp-block-paragraph\">17.00 &#8211; 19.00  In memoriam \u0218ERBAN IONESCU <br>\n                       Expozi\u021bie permanent\u0103 de art\u0103 plastic\u0103 Valeriu Mladin<br>\n                       Galeriile de Art\u0103 ale Municipiului Alba Iulia       <\/p>\n\n\n\n<p class=\"wp-block-paragraph\">18.00 &#8211; 20.00 SURORILE CENU\u0218\u0102RESEI<br>\n                      Expozi\u021bie de costume realizat\u0103 de UNATC I.L.Caragiale Bucure\u0219ti<br>\n                      Curator \u0219i coordonator prof.univ.dr. \u0218tefania Cenean<br>\n                      Foaier Casa de Cultur\u0103 a Sindicatelor<\/p>\n\n\n\n<p class=\"wp-block-paragraph\">18.00  WOLFGANG, regia Radu Afrim<br>\n           Teatrul Tineretului Piatra Neam\u021b <br>\n           Spectacol de teatru \/ 16+<br>\n           Casa de Cultur\u0103 a Sindicatelor \/ 2 h 20 min<\/p>\n\n\n\n<p class=\"wp-block-paragraph\"><strong>LUNI \u2013 VINERI<\/strong><\/p>\n\n\n\n<p class=\"wp-block-paragraph\">RECICLART &#8211; Atelier de m\u00e2nuire \/ 6-14 ani<br>TOP SECRET &#8211; Atelier de scenografie \/ 15 -19 ani<\/p>\n","protected":false},"excerpt":{"rendered":"<p>Festivalul Interna\u021bional de Teatru \u201ePove\u0219ti\u201d, organizat de Teatrul de P\u0103pu\u0219i \u201ePrichindel\u201d\u00a0 din Alba Iulia \u0219i Consiliul Jude\u021bean Alba, ajunge la cea de-a 14-a edi\u021bie \u0219i se va desf\u0103\u0219ura \u00een perioada 19 \u2013 25 mai 2019. Spectacole de teatru pentru copii, tineri \u0219i adul\u021bi, concert, expozi\u021bii, lans\u0103ri de carte, conferin\u021b\u0103, ateliere \u2013 sunt ingredientele care definesc &hellip;<\/p>\n","protected":false},"author":17,"featured_media":74749,"comment_status":"open","ping_status":"open","sticky":false,"template":"","format":"standard","meta":{"inline_featured_image":false,"footnotes":""},"categories":[4],"tags":[31,17651,365,1088,2217,1138,308],"class_list":["post-74748","post","type-post","status-publish","format-standard","has-post-thumbnail","hentry","category-eveniment","tag-alba-iulia","tag-ateliere-manuire","tag-bilete","tag-expozitii","tag-festivalul-international-de-teatru-povesti","tag-lansari-de-carte","tag-stiri"],"yoast_head":"<!-- This site is optimized with the Yoast SEO plugin v28.3 - https:\/\/yoast.com\/product\/yoast-seo-wordpress\/ -->\n<title>19-25 MAI: Festivalul Interna\u021bional de Teatru \u201ePove\u0219ti\u201d de la Alba Iulia. PROGRAM \u0219i detalii despre bilete - Revista Urbea Mea - Revista de Alba<\/title>\n<meta name=\"description\" content=\"Festivalul Interna\u021bional de Teatru \u201ePove\u0219ti\u201d, organizat de Teatrul de P\u0103pu\u0219i \u201ePrichindel\u201d\u00a0 din Alba Iulia \u0219i Consiliul Jude\u021bean Alba, ajunge la cea de-a\" \/>\n<meta name=\"robots\" content=\"index, follow, max-snippet:-1, max-image-preview:large, max-video-preview:-1\" \/>\n<link rel=\"canonical\" href=\"https:\/\/urbeamea.ro\/albaiulia\/19-25-mai-festivalul-international-de-teatru-povesti-de-la-alba-iulia-program-si-detalii-despre-bilete\/\" \/>\n<meta name=\"twitter:card\" content=\"summary_large_image\" \/>\n<meta name=\"twitter:title\" content=\"19-25 MAI: Festivalul Interna\u021bional de Teatru \u201ePove\u0219ti\u201d de la Alba Iulia. PROGRAM \u0219i detalii despre bilete - Revista Urbea Mea - Revista de Alba\" \/>\n<meta name=\"twitter:description\" content=\"Festivalul Interna\u021bional de Teatru \u201ePove\u0219ti\u201d, organizat de Teatrul de P\u0103pu\u0219i \u201ePrichindel\u201d\u00a0 din Alba Iulia \u0219i Consiliul Jude\u021bean Alba, ajunge la cea de-a\" \/>\n<meta name=\"twitter:image\" content=\"https:\/\/urbeamea.ro\/albaiulia\/wp-content\/uploads\/2019\/04\/afis-imagine-teatru-final.jpg\" \/>\n<meta name=\"twitter:creator\" content=\"@urbeameaweb\" \/>\n<meta name=\"twitter:site\" content=\"@urbeameaweb\" \/>\n<script type=\"application\/ld+json\" class=\"yoast-schema-graph\">{\"@context\":\"https:\\\/\\\/schema.org\",\"@graph\":[{\"@type\":\"Article\",\"@id\":\"https:\\\/\\\/urbeamea.ro\\\/albaiulia\\\/19-25-mai-festivalul-international-de-teatru-povesti-de-la-alba-iulia-program-si-detalii-despre-bilete\\\/#article\",\"isPartOf\":{\"@id\":\"https:\\\/\\\/urbeamea.ro\\\/albaiulia\\\/19-25-mai-festivalul-international-de-teatru-povesti-de-la-alba-iulia-program-si-detalii-despre-bilete\\\/\"},\"author\":{\"name\":\"Cristina Ganga\",\"@id\":\"https:\\\/\\\/urbeamea.ro\\\/albaiulia\\\/#\\\/schema\\\/person\\\/9700d21fae21c4f038b0b56f4506264a\"},\"headline\":\"19-25 MAI: Festivalul Interna\u021bional de Teatru \u201ePove\u0219ti\u201d de la Alba Iulia. PROGRAM \u0219i detalii despre bilete\",\"datePublished\":\"2019-04-18T08:46:59+00:00\",\"dateModified\":\"2019-04-18T08:47:04+00:00\",\"mainEntityOfPage\":{\"@id\":\"https:\\\/\\\/urbeamea.ro\\\/albaiulia\\\/19-25-mai-festivalul-international-de-teatru-povesti-de-la-alba-iulia-program-si-detalii-despre-bilete\\\/\"},\"wordCount\":1599,\"commentCount\":0,\"image\":{\"@id\":\"https:\\\/\\\/urbeamea.ro\\\/albaiulia\\\/19-25-mai-festivalul-international-de-teatru-povesti-de-la-alba-iulia-program-si-detalii-despre-bilete\\\/#primaryimage\"},\"thumbnailUrl\":\"https:\\\/\\\/urbeamea.ro\\\/albaiulia\\\/wp-content\\\/uploads\\\/2019\\\/04\\\/afis-imagine-teatru-final.jpg\",\"keywords\":[\"Alba Iulia\",\"ateliere manuire\",\"bilete\",\"expozitii\",\"Festivalul Interna\u0163ional de Teatru \u201cPove\u015fti\u201d\",\"lansari de carte\",\"stiri\"],\"articleSection\":[\"Evenimente\"],\"inLanguage\":\"ro-RO\",\"potentialAction\":[{\"@type\":\"CommentAction\",\"name\":\"Comment\",\"target\":[\"https:\\\/\\\/urbeamea.ro\\\/albaiulia\\\/19-25-mai-festivalul-international-de-teatru-povesti-de-la-alba-iulia-program-si-detalii-despre-bilete\\\/#respond\"]}]},{\"@type\":\"WebPage\",\"@id\":\"https:\\\/\\\/urbeamea.ro\\\/albaiulia\\\/19-25-mai-festivalul-international-de-teatru-povesti-de-la-alba-iulia-program-si-detalii-despre-bilete\\\/\",\"url\":\"https:\\\/\\\/urbeamea.ro\\\/albaiulia\\\/19-25-mai-festivalul-international-de-teatru-povesti-de-la-alba-iulia-program-si-detalii-despre-bilete\\\/\",\"name\":\"19-25 MAI: Festivalul Interna\u021bional de Teatru \u201ePove\u0219ti\u201d de la Alba Iulia. PROGRAM \u0219i detalii despre bilete - Revista Urbea Mea - Revista de Alba\",\"isPartOf\":{\"@id\":\"https:\\\/\\\/urbeamea.ro\\\/albaiulia\\\/#website\"},\"primaryImageOfPage\":{\"@id\":\"https:\\\/\\\/urbeamea.ro\\\/albaiulia\\\/19-25-mai-festivalul-international-de-teatru-povesti-de-la-alba-iulia-program-si-detalii-despre-bilete\\\/#primaryimage\"},\"image\":{\"@id\":\"https:\\\/\\\/urbeamea.ro\\\/albaiulia\\\/19-25-mai-festivalul-international-de-teatru-povesti-de-la-alba-iulia-program-si-detalii-despre-bilete\\\/#primaryimage\"},\"thumbnailUrl\":\"https:\\\/\\\/urbeamea.ro\\\/albaiulia\\\/wp-content\\\/uploads\\\/2019\\\/04\\\/afis-imagine-teatru-final.jpg\",\"datePublished\":\"2019-04-18T08:46:59+00:00\",\"dateModified\":\"2019-04-18T08:47:04+00:00\",\"author\":{\"@id\":\"https:\\\/\\\/urbeamea.ro\\\/albaiulia\\\/#\\\/schema\\\/person\\\/9700d21fae21c4f038b0b56f4506264a\"},\"description\":\"Festivalul Interna\u021bional de Teatru \u201ePove\u0219ti\u201d, organizat de Teatrul de P\u0103pu\u0219i \u201ePrichindel\u201d\u00a0 din Alba Iulia \u0219i Consiliul Jude\u021bean Alba, ajunge la cea de-a\",\"breadcrumb\":{\"@id\":\"https:\\\/\\\/urbeamea.ro\\\/albaiulia\\\/19-25-mai-festivalul-international-de-teatru-povesti-de-la-alba-iulia-program-si-detalii-despre-bilete\\\/#breadcrumb\"},\"inLanguage\":\"ro-RO\",\"potentialAction\":[{\"@type\":\"ReadAction\",\"target\":[\"https:\\\/\\\/urbeamea.ro\\\/albaiulia\\\/19-25-mai-festivalul-international-de-teatru-povesti-de-la-alba-iulia-program-si-detalii-despre-bilete\\\/\"]}]},{\"@type\":\"ImageObject\",\"inLanguage\":\"ro-RO\",\"@id\":\"https:\\\/\\\/urbeamea.ro\\\/albaiulia\\\/19-25-mai-festivalul-international-de-teatru-povesti-de-la-alba-iulia-program-si-detalii-despre-bilete\\\/#primaryimage\",\"url\":\"https:\\\/\\\/urbeamea.ro\\\/albaiulia\\\/wp-content\\\/uploads\\\/2019\\\/04\\\/afis-imagine-teatru-final.jpg\",\"contentUrl\":\"https:\\\/\\\/urbeamea.ro\\\/albaiulia\\\/wp-content\\\/uploads\\\/2019\\\/04\\\/afis-imagine-teatru-final.jpg\",\"width\":1072,\"height\":1500},{\"@type\":\"BreadcrumbList\",\"@id\":\"https:\\\/\\\/urbeamea.ro\\\/albaiulia\\\/19-25-mai-festivalul-international-de-teatru-povesti-de-la-alba-iulia-program-si-detalii-despre-bilete\\\/#breadcrumb\",\"itemListElement\":[{\"@type\":\"ListItem\",\"position\":1,\"name\":\"Prima pagin\u0103\",\"item\":\"https:\\\/\\\/urbeamea.ro\\\/albaiulia\\\/\"},{\"@type\":\"ListItem\",\"position\":2,\"name\":\"19-25 MAI: Festivalul Interna\u021bional de Teatru \u201ePove\u0219ti\u201d de la Alba Iulia. PROGRAM \u0219i detalii despre bilete\"}]},{\"@type\":\"WebSite\",\"@id\":\"https:\\\/\\\/urbeamea.ro\\\/albaiulia\\\/#website\",\"url\":\"https:\\\/\\\/urbeamea.ro\\\/albaiulia\\\/\",\"name\":\"Revista Urbea Mea, Stiri urbane\",\"description\":\"Evenimente \u0219i \u0219tiri din Alba Iulia, Sebe\u0219, Aiud, Blaj\",\"potentialAction\":[{\"@type\":\"SearchAction\",\"target\":{\"@type\":\"EntryPoint\",\"urlTemplate\":\"https:\\\/\\\/urbeamea.ro\\\/albaiulia\\\/?s={search_term_string}\"},\"query-input\":{\"@type\":\"PropertyValueSpecification\",\"valueRequired\":true,\"valueName\":\"search_term_string\"}}],\"inLanguage\":\"ro-RO\"},{\"@type\":\"Person\",\"@id\":\"https:\\\/\\\/urbeamea.ro\\\/albaiulia\\\/#\\\/schema\\\/person\\\/9700d21fae21c4f038b0b56f4506264a\",\"name\":\"Cristina Ganga\",\"image\":{\"@type\":\"ImageObject\",\"inLanguage\":\"ro-RO\",\"@id\":\"https:\\\/\\\/secure.gravatar.com\\\/avatar\\\/5a67661041f057b4a8ccaf26f5a8e86e2689372006d01faf3dd9eeb10b654bb4?s=96&d=mm&r=g\",\"url\":\"https:\\\/\\\/secure.gravatar.com\\\/avatar\\\/5a67661041f057b4a8ccaf26f5a8e86e2689372006d01faf3dd9eeb10b654bb4?s=96&d=mm&r=g\",\"contentUrl\":\"https:\\\/\\\/secure.gravatar.com\\\/avatar\\\/5a67661041f057b4a8ccaf26f5a8e86e2689372006d01faf3dd9eeb10b654bb4?s=96&d=mm&r=g\",\"caption\":\"Cristina Ganga\"},\"description\":\"Jurnalist\",\"sameAs\":[\"https:\\\/\\\/www.facebook.com\\\/cristina.nicola.587\"],\"url\":\"https:\\\/\\\/urbeamea.ro\\\/albaiulia\\\/author\\\/cristina-nicola\\\/\"}]}<\/script>\n<!-- \/ Yoast SEO plugin. -->","yoast_head_json":{"title":"19-25 MAI: Festivalul Interna\u021bional de Teatru \u201ePove\u0219ti\u201d de la Alba Iulia. PROGRAM \u0219i detalii despre bilete - Revista Urbea Mea - Revista de Alba","description":"Festivalul Interna\u021bional de Teatru \u201ePove\u0219ti\u201d, organizat de Teatrul de P\u0103pu\u0219i \u201ePrichindel\u201d\u00a0 din Alba Iulia \u0219i Consiliul Jude\u021bean Alba, ajunge la cea de-a","robots":{"index":"index","follow":"follow","max-snippet":"max-snippet:-1","max-image-preview":"max-image-preview:large","max-video-preview":"max-video-preview:-1"},"canonical":"https:\/\/urbeamea.ro\/albaiulia\/19-25-mai-festivalul-international-de-teatru-povesti-de-la-alba-iulia-program-si-detalii-despre-bilete\/","twitter_card":"summary_large_image","twitter_title":"19-25 MAI: Festivalul Interna\u021bional de Teatru \u201ePove\u0219ti\u201d de la Alba Iulia. PROGRAM \u0219i detalii despre bilete - Revista Urbea Mea - Revista de Alba","twitter_description":"Festivalul Interna\u021bional de Teatru \u201ePove\u0219ti\u201d, organizat de Teatrul de P\u0103pu\u0219i \u201ePrichindel\u201d\u00a0 din Alba Iulia \u0219i Consiliul Jude\u021bean Alba, ajunge la cea de-a","twitter_image":"https:\/\/urbeamea.ro\/albaiulia\/wp-content\/uploads\/2019\/04\/afis-imagine-teatru-final.jpg","twitter_creator":"@urbeameaweb","twitter_site":"@urbeameaweb","schema":{"@context":"https:\/\/schema.org","@graph":[{"@type":"Article","@id":"https:\/\/urbeamea.ro\/albaiulia\/19-25-mai-festivalul-international-de-teatru-povesti-de-la-alba-iulia-program-si-detalii-despre-bilete\/#article","isPartOf":{"@id":"https:\/\/urbeamea.ro\/albaiulia\/19-25-mai-festivalul-international-de-teatru-povesti-de-la-alba-iulia-program-si-detalii-despre-bilete\/"},"author":{"name":"Cristina Ganga","@id":"https:\/\/urbeamea.ro\/albaiulia\/#\/schema\/person\/9700d21fae21c4f038b0b56f4506264a"},"headline":"19-25 MAI: Festivalul Interna\u021bional de Teatru \u201ePove\u0219ti\u201d de la Alba Iulia. PROGRAM \u0219i detalii despre bilete","datePublished":"2019-04-18T08:46:59+00:00","dateModified":"2019-04-18T08:47:04+00:00","mainEntityOfPage":{"@id":"https:\/\/urbeamea.ro\/albaiulia\/19-25-mai-festivalul-international-de-teatru-povesti-de-la-alba-iulia-program-si-detalii-despre-bilete\/"},"wordCount":1599,"commentCount":0,"image":{"@id":"https:\/\/urbeamea.ro\/albaiulia\/19-25-mai-festivalul-international-de-teatru-povesti-de-la-alba-iulia-program-si-detalii-despre-bilete\/#primaryimage"},"thumbnailUrl":"https:\/\/urbeamea.ro\/albaiulia\/wp-content\/uploads\/2019\/04\/afis-imagine-teatru-final.jpg","keywords":["Alba Iulia","ateliere manuire","bilete","expozitii","Festivalul Interna\u0163ional de Teatru \u201cPove\u015fti\u201d","lansari de carte","stiri"],"articleSection":["Evenimente"],"inLanguage":"ro-RO","potentialAction":[{"@type":"CommentAction","name":"Comment","target":["https:\/\/urbeamea.ro\/albaiulia\/19-25-mai-festivalul-international-de-teatru-povesti-de-la-alba-iulia-program-si-detalii-despre-bilete\/#respond"]}]},{"@type":"WebPage","@id":"https:\/\/urbeamea.ro\/albaiulia\/19-25-mai-festivalul-international-de-teatru-povesti-de-la-alba-iulia-program-si-detalii-despre-bilete\/","url":"https:\/\/urbeamea.ro\/albaiulia\/19-25-mai-festivalul-international-de-teatru-povesti-de-la-alba-iulia-program-si-detalii-despre-bilete\/","name":"19-25 MAI: Festivalul Interna\u021bional de Teatru \u201ePove\u0219ti\u201d de la Alba Iulia. PROGRAM \u0219i detalii despre bilete - Revista Urbea Mea - Revista de Alba","isPartOf":{"@id":"https:\/\/urbeamea.ro\/albaiulia\/#website"},"primaryImageOfPage":{"@id":"https:\/\/urbeamea.ro\/albaiulia\/19-25-mai-festivalul-international-de-teatru-povesti-de-la-alba-iulia-program-si-detalii-despre-bilete\/#primaryimage"},"image":{"@id":"https:\/\/urbeamea.ro\/albaiulia\/19-25-mai-festivalul-international-de-teatru-povesti-de-la-alba-iulia-program-si-detalii-despre-bilete\/#primaryimage"},"thumbnailUrl":"https:\/\/urbeamea.ro\/albaiulia\/wp-content\/uploads\/2019\/04\/afis-imagine-teatru-final.jpg","datePublished":"2019-04-18T08:46:59+00:00","dateModified":"2019-04-18T08:47:04+00:00","author":{"@id":"https:\/\/urbeamea.ro\/albaiulia\/#\/schema\/person\/9700d21fae21c4f038b0b56f4506264a"},"description":"Festivalul Interna\u021bional de Teatru \u201ePove\u0219ti\u201d, organizat de Teatrul de P\u0103pu\u0219i \u201ePrichindel\u201d\u00a0 din Alba Iulia \u0219i Consiliul Jude\u021bean Alba, ajunge la cea de-a","breadcrumb":{"@id":"https:\/\/urbeamea.ro\/albaiulia\/19-25-mai-festivalul-international-de-teatru-povesti-de-la-alba-iulia-program-si-detalii-despre-bilete\/#breadcrumb"},"inLanguage":"ro-RO","potentialAction":[{"@type":"ReadAction","target":["https:\/\/urbeamea.ro\/albaiulia\/19-25-mai-festivalul-international-de-teatru-povesti-de-la-alba-iulia-program-si-detalii-despre-bilete\/"]}]},{"@type":"ImageObject","inLanguage":"ro-RO","@id":"https:\/\/urbeamea.ro\/albaiulia\/19-25-mai-festivalul-international-de-teatru-povesti-de-la-alba-iulia-program-si-detalii-despre-bilete\/#primaryimage","url":"https:\/\/urbeamea.ro\/albaiulia\/wp-content\/uploads\/2019\/04\/afis-imagine-teatru-final.jpg","contentUrl":"https:\/\/urbeamea.ro\/albaiulia\/wp-content\/uploads\/2019\/04\/afis-imagine-teatru-final.jpg","width":1072,"height":1500},{"@type":"BreadcrumbList","@id":"https:\/\/urbeamea.ro\/albaiulia\/19-25-mai-festivalul-international-de-teatru-povesti-de-la-alba-iulia-program-si-detalii-despre-bilete\/#breadcrumb","itemListElement":[{"@type":"ListItem","position":1,"name":"Prima pagin\u0103","item":"https:\/\/urbeamea.ro\/albaiulia\/"},{"@type":"ListItem","position":2,"name":"19-25 MAI: Festivalul Interna\u021bional de Teatru \u201ePove\u0219ti\u201d de la Alba Iulia. PROGRAM \u0219i detalii despre bilete"}]},{"@type":"WebSite","@id":"https:\/\/urbeamea.ro\/albaiulia\/#website","url":"https:\/\/urbeamea.ro\/albaiulia\/","name":"Revista Urbea Mea, Stiri urbane","description":"Evenimente \u0219i \u0219tiri din Alba Iulia, Sebe\u0219, Aiud, Blaj","potentialAction":[{"@type":"SearchAction","target":{"@type":"EntryPoint","urlTemplate":"https:\/\/urbeamea.ro\/albaiulia\/?s={search_term_string}"},"query-input":{"@type":"PropertyValueSpecification","valueRequired":true,"valueName":"search_term_string"}}],"inLanguage":"ro-RO"},{"@type":"Person","@id":"https:\/\/urbeamea.ro\/albaiulia\/#\/schema\/person\/9700d21fae21c4f038b0b56f4506264a","name":"Cristina Ganga","image":{"@type":"ImageObject","inLanguage":"ro-RO","@id":"https:\/\/secure.gravatar.com\/avatar\/5a67661041f057b4a8ccaf26f5a8e86e2689372006d01faf3dd9eeb10b654bb4?s=96&d=mm&r=g","url":"https:\/\/secure.gravatar.com\/avatar\/5a67661041f057b4a8ccaf26f5a8e86e2689372006d01faf3dd9eeb10b654bb4?s=96&d=mm&r=g","contentUrl":"https:\/\/secure.gravatar.com\/avatar\/5a67661041f057b4a8ccaf26f5a8e86e2689372006d01faf3dd9eeb10b654bb4?s=96&d=mm&r=g","caption":"Cristina Ganga"},"description":"Jurnalist","sameAs":["https:\/\/www.facebook.com\/cristina.nicola.587"],"url":"https:\/\/urbeamea.ro\/albaiulia\/author\/cristina-nicola\/"}]}},"_links":{"self":[{"href":"https:\/\/urbeamea.ro\/albaiulia\/wp-json\/wp\/v2\/posts\/74748","targetHints":{"allow":["GET"]}}],"collection":[{"href":"https:\/\/urbeamea.ro\/albaiulia\/wp-json\/wp\/v2\/posts"}],"about":[{"href":"https:\/\/urbeamea.ro\/albaiulia\/wp-json\/wp\/v2\/types\/post"}],"author":[{"embeddable":true,"href":"https:\/\/urbeamea.ro\/albaiulia\/wp-json\/wp\/v2\/users\/17"}],"replies":[{"embeddable":true,"href":"https:\/\/urbeamea.ro\/albaiulia\/wp-json\/wp\/v2\/comments?post=74748"}],"version-history":[{"count":0,"href":"https:\/\/urbeamea.ro\/albaiulia\/wp-json\/wp\/v2\/posts\/74748\/revisions"}],"wp:featuredmedia":[{"embeddable":true,"href":"https:\/\/urbeamea.ro\/albaiulia\/wp-json\/wp\/v2\/media\/74749"}],"wp:attachment":[{"href":"https:\/\/urbeamea.ro\/albaiulia\/wp-json\/wp\/v2\/media?parent=74748"}],"wp:term":[{"taxonomy":"category","embeddable":true,"href":"https:\/\/urbeamea.ro\/albaiulia\/wp-json\/wp\/v2\/categories?post=74748"},{"taxonomy":"post_tag","embeddable":true,"href":"https:\/\/urbeamea.ro\/albaiulia\/wp-json\/wp\/v2\/tags?post=74748"}],"curies":[{"name":"wp","href":"https:\/\/api.w.org\/{rel}","templated":true}]}}