{"id":74758,"date":"2019-04-18T14:31:47","date_gmt":"2019-04-18T11:31:47","guid":{"rendered":"https:\/\/urbeamea.ro\/albaiulia\/?p=74758"},"modified":"2019-04-18T14:31:52","modified_gmt":"2019-04-18T11:31:52","slug":"meet-the-artists-si-garden-party-2-evenimente-in-cadrul-fusion-arts-expo-2019","status":"publish","type":"post","link":"https:\/\/urbeamea.ro\/albaiulia\/meet-the-artists-si-garden-party-2-evenimente-in-cadrul-fusion-arts-expo-2019\/","title":{"rendered":"MEET THE ARTISTS \u0219i GARDEN PARTY &#8211; 2 evenimente \u00een cadrul Fusion Arts Expo 2019"},"content":{"rendered":"\n<p><strong>Fusion Arts<\/strong> conecteaz\u0103 comunit\u0103\u021bile de arti\u0219ti\ncu publicul larg, reune\u0219te iubitorii de art\u0103 indiferent de v\u00e2rst\u0103 \u0219i inspir\u0103\nsute de proiecte creative, transform\u00e2nd Palatul Noblesse \u2013 Lifestyle Palace\n\u00eentr-un hot spot al artelor \u0219i oferind experien\u021be artistice semnificative \u0219i\ncuprinz\u0103toare! <\/p>\n\n\n\n<p>Fusion Arts este un proiect aflat la a 4-a edi\u021bie cu scopul de a permite arti\u0219tilor s\u0103 exploreze, s\u0103 comunice prin art\u0103 \u0219i s\u0103-\u0219i celebreze propria identitate; s\u0103 ofere oportunit\u0103\u021bi de auto-exprimare \u0219i dezvoltare a abilit\u0103\u021bilor \u00een materie de frumos; s\u0103 contribuie la cre\u0219terea personal\u0103 \u0219i social\u0103. Toate edi\u021biile Fusion Arts sunt create pentru atingerea acestor obiective. <\/p>\n\n\n\n<p>Timp de o s\u0103pt\u0103m\u00e2na, arti\u0219tii\nselec\u021biona\u021bi vor avea ocazia de a-\u0219i face cunoscute lucr\u0103rile \u00een cadrul\nevenimentului <strong>Fusion Arts Expo 2019<\/strong>\n(6-11 mai), \u00een mod gratuit. Evenimentul este organizat de c\u0103tre <strong>Palatul Noblesse &#8211; Lifestyle Palace<\/strong>, cu\nsus\u021binerea <strong>Noblesse Interiors \u0219i Studio\nInsign<\/strong> \u0219i \u00een parteneriat cu <strong>Asocia\u021bia\npentru Muzic\u0103, Art\u0103 \u0219i Cultur\u0103<\/strong>.&nbsp;\n<\/p>\n\n\n\n<p>In cadrul Fusion Arts Expo 2019\n(6-11 mai), organizatorii au pregatit 2 evenimente speciale:<\/p>\n\n\n\n<p><strong>10 mai: Arts After Work- Meet The Artists! <\/strong><strong>(18:00-22:00)<\/strong> <\/p>\n\n\n\n<p>Cuno\u0219ti arti\u0219tii \u00eendeaproape, le ascul\u021bi povestea \u0219i aflii visul din\nspatele artei lor. Terasa din gradina palatului este deschis\u0103!<\/p>\n\n\n\n<p><strong>11 mai: Garden Party\nFusion Arts (11:00- 22:00)<\/strong><\/p>\n\n\n\n<p>Expozi\u021bia se va \u00eencheia cu o petrecere \u00een aer liber pentru to\u021bi arti\u0219tii \u0219i\niubitorii de arte \u0219i design. \u00cen gr\u0103dina palatului se va deschide terasa pe care\nte poti bucura de soare toata ziua de sambata. Vizitatorii sunt asteptati cu\nmuzica in aer liber, live performance, street food by Simbio pe Roti si o\natmosfera perfecta pentru o zi de weekend!<\/p>\n\n\n\n<p><strong>Intrarea este libera! <\/strong><\/p>\n\n\n\n<p>&nbsp;Anul acesta, <strong>Proiectul Fusion Arts<\/strong> se extinde, devenind o Agen\u021bie de Art\u0103 de\nreferin\u021b\u0103, creat\u0103&nbsp; pentru a reuni \u0219i\npromova arti\u0219tii din diferite domenii prin proiecte de design interior,\nt\u00e2rguri, expozi\u021bii \u0219i evenimente speciale. Astfel, to\u021bi arti\u0219tii selec\u021biona\u021bi\nla edi\u021bia Fusion Arts 2019 vor fi prelua\u021bi \u0219i promova\u021bi pe o nou\u0103 platform\u0103,\nwww.fusionarts.ro, cu scopul de a crea parteneriate pe termen lung pe diferite\nproiecte ale agen\u021biei. <\/p>\n\n\n\n<p>Organizatori: Palatul Noblesse si Asociatia Culturala Noblesse<\/p>\n\n\n\n<p>Fusion Arts este parte din Noblesse Group Interna\u021bional, companie multibrand din care fac parte \u0219i urm\u0103toarele branduri: Noblesse Interiors- Showroom de design, studio-ul inSIGN, Palatul Noblesse \u2013 Lifestyle Palace \u0219i Noblesse Academy. <\/p>\n\n\n\n<p><em>\u00a0<\/em>\u201cAdd value to your lifestyle\u201d este motto-ul care define\u0219te \u0219i leag\u0103 toate brandurile ce apar\u021bin companiei Noblesse Group Interna\u021bional. <\/p>\n\n\n\n<p><em>\u00a0<\/em>Noblesse Group Interna\u021bional activeaz\u0103 \u00een domeniul industriilor creative \u0219i culturale, oferind produse \u0219i servicii care aduc plus valoare stilului t\u0103u de via\u021b\u0103. <\/p>\n\n\n\n<p><em>\u00a0<\/em>Sediul companiei este Palatul Noblesse- Lifestyle Palace, o adev\u0103rat\u0103 bijuterie arhitectural\u0103 \u0219i cultural\u0103 a Bucure\u0219tiului, dat\u00e2nd din 1881 \u0219i construit\u0103 de arhitectul Alexandru S\u0103vulescu. Dup\u0103 un proces complex de consolidare, restaurare cu mare responsabilitate a elementelor originale, amenajare interioar\u0103 \u0219i exterioar\u0103, cl\u0103direa devine, \u00eencep\u00e2nd cu 2015, ceea ce este ast\u0103zi: unul dintre cele mai importante centre de design, lifestyle \u0219i cultur\u0103 din Europa.<em> <\/em><\/p>\n","protected":false},"excerpt":{"rendered":"<p>Fusion Arts conecteaz\u0103 comunit\u0103\u021bile de arti\u0219ti cu publicul larg, reune\u0219te iubitorii de art\u0103 indiferent de v\u00e2rst\u0103 \u0219i inspir\u0103 sute de proiecte creative, transform\u00e2nd Palatul Noblesse \u2013 Lifestyle Palace \u00eentr-un hot spot al artelor \u0219i oferind experien\u021be artistice semnificative \u0219i cuprinz\u0103toare! Fusion Arts este un proiect aflat la a 4-a edi\u021bie cu scopul de a permite &hellip;<\/p>\n","protected":false},"author":17,"featured_media":74759,"comment_status":"open","ping_status":"open","sticky":false,"template":"","format":"standard","meta":{"inline_featured_image":false,"footnotes":""},"categories":[4],"tags":[307,1506,17654,17653,17652],"class_list":["post-74758","post","type-post","status-publish","format-standard","has-post-thumbnail","hentry","category-eveniment","tag-alba","tag-artisti","tag-fusion-arts-expo-2019","tag-garden-party","tag-meet-the-artists"],"yoast_head":"<!-- This site is optimized with the Yoast SEO plugin v27.4 - https:\/\/yoast.com\/product\/yoast-seo-wordpress\/ -->\n<title>MEET THE ARTISTS \u0219i GARDEN PARTY - 2 evenimente \u00een cadrul Fusion Arts Expo 2019 - Revista Urbea Mea - Revista de Alba<\/title>\n<meta name=\"description\" content=\"Fusion Arts conecteaz\u0103 comunit\u0103\u021bile de arti\u0219ti cu publicul larg, reune\u0219te iubitorii de art\u0103 indiferent de v\u00e2rst\u0103 \u0219i inspir\u0103 sute de proiecte creative,\" \/>\n<meta name=\"robots\" content=\"index, follow, max-snippet:-1, max-image-preview:large, max-video-preview:-1\" \/>\n<link rel=\"canonical\" href=\"https:\/\/urbeamea.ro\/albaiulia\/meet-the-artists-si-garden-party-2-evenimente-in-cadrul-fusion-arts-expo-2019\/\" \/>\n<meta name=\"twitter:card\" content=\"summary_large_image\" \/>\n<meta name=\"twitter:title\" content=\"MEET THE ARTISTS \u0219i GARDEN PARTY - 2 evenimente \u00een cadrul Fusion Arts Expo 2019 - Revista Urbea Mea - Revista de Alba\" \/>\n<meta name=\"twitter:description\" content=\"Fusion Arts conecteaz\u0103 comunit\u0103\u021bile de arti\u0219ti cu publicul larg, reune\u0219te iubitorii de art\u0103 indiferent de v\u00e2rst\u0103 \u0219i inspir\u0103 sute de proiecte creative,\" \/>\n<meta name=\"twitter:image\" content=\"https:\/\/urbeamea.ro\/albaiulia\/wp-content\/uploads\/2019\/04\/Fusion-Arts.jpg\" \/>\n<meta name=\"twitter:creator\" content=\"@urbeameaweb\" \/>\n<meta name=\"twitter:site\" content=\"@urbeameaweb\" \/>\n<script type=\"application\/ld+json\" class=\"yoast-schema-graph\">{\"@context\":\"https:\\\/\\\/schema.org\",\"@graph\":[{\"@type\":\"Article\",\"@id\":\"https:\\\/\\\/urbeamea.ro\\\/albaiulia\\\/meet-the-artists-si-garden-party-2-evenimente-in-cadrul-fusion-arts-expo-2019\\\/#article\",\"isPartOf\":{\"@id\":\"https:\\\/\\\/urbeamea.ro\\\/albaiulia\\\/meet-the-artists-si-garden-party-2-evenimente-in-cadrul-fusion-arts-expo-2019\\\/\"},\"author\":{\"name\":\"Cristina Ganga\",\"@id\":\"https:\\\/\\\/urbeamea.ro\\\/albaiulia\\\/#\\\/schema\\\/person\\\/9700d21fae21c4f038b0b56f4506264a\"},\"headline\":\"MEET THE ARTISTS \u0219i GARDEN PARTY &#8211; 2 evenimente \u00een cadrul Fusion Arts Expo 2019\",\"datePublished\":\"2019-04-18T11:31:47+00:00\",\"dateModified\":\"2019-04-18T11:31:52+00:00\",\"mainEntityOfPage\":{\"@id\":\"https:\\\/\\\/urbeamea.ro\\\/albaiulia\\\/meet-the-artists-si-garden-party-2-evenimente-in-cadrul-fusion-arts-expo-2019\\\/\"},\"wordCount\":541,\"commentCount\":0,\"image\":{\"@id\":\"https:\\\/\\\/urbeamea.ro\\\/albaiulia\\\/meet-the-artists-si-garden-party-2-evenimente-in-cadrul-fusion-arts-expo-2019\\\/#primaryimage\"},\"thumbnailUrl\":\"https:\\\/\\\/urbeamea.ro\\\/albaiulia\\\/wp-content\\\/uploads\\\/2019\\\/04\\\/Fusion-Arts.jpg\",\"keywords\":[\"alba\",\"artisti\",\"fusion arts expo 2019\",\"garden party\",\"meet the artists\"],\"articleSection\":[\"Evenimente\"],\"inLanguage\":\"ro-RO\",\"potentialAction\":[{\"@type\":\"CommentAction\",\"name\":\"Comment\",\"target\":[\"https:\\\/\\\/urbeamea.ro\\\/albaiulia\\\/meet-the-artists-si-garden-party-2-evenimente-in-cadrul-fusion-arts-expo-2019\\\/#respond\"]}]},{\"@type\":\"WebPage\",\"@id\":\"https:\\\/\\\/urbeamea.ro\\\/albaiulia\\\/meet-the-artists-si-garden-party-2-evenimente-in-cadrul-fusion-arts-expo-2019\\\/\",\"url\":\"https:\\\/\\\/urbeamea.ro\\\/albaiulia\\\/meet-the-artists-si-garden-party-2-evenimente-in-cadrul-fusion-arts-expo-2019\\\/\",\"name\":\"MEET THE ARTISTS \u0219i GARDEN PARTY - 2 evenimente \u00een cadrul Fusion Arts Expo 2019 - Revista Urbea Mea - Revista de Alba\",\"isPartOf\":{\"@id\":\"https:\\\/\\\/urbeamea.ro\\\/albaiulia\\\/#website\"},\"primaryImageOfPage\":{\"@id\":\"https:\\\/\\\/urbeamea.ro\\\/albaiulia\\\/meet-the-artists-si-garden-party-2-evenimente-in-cadrul-fusion-arts-expo-2019\\\/#primaryimage\"},\"image\":{\"@id\":\"https:\\\/\\\/urbeamea.ro\\\/albaiulia\\\/meet-the-artists-si-garden-party-2-evenimente-in-cadrul-fusion-arts-expo-2019\\\/#primaryimage\"},\"thumbnailUrl\":\"https:\\\/\\\/urbeamea.ro\\\/albaiulia\\\/wp-content\\\/uploads\\\/2019\\\/04\\\/Fusion-Arts.jpg\",\"datePublished\":\"2019-04-18T11:31:47+00:00\",\"dateModified\":\"2019-04-18T11:31:52+00:00\",\"author\":{\"@id\":\"https:\\\/\\\/urbeamea.ro\\\/albaiulia\\\/#\\\/schema\\\/person\\\/9700d21fae21c4f038b0b56f4506264a\"},\"description\":\"Fusion Arts conecteaz\u0103 comunit\u0103\u021bile de arti\u0219ti cu publicul larg, reune\u0219te iubitorii de art\u0103 indiferent de v\u00e2rst\u0103 \u0219i inspir\u0103 sute de proiecte creative,\",\"breadcrumb\":{\"@id\":\"https:\\\/\\\/urbeamea.ro\\\/albaiulia\\\/meet-the-artists-si-garden-party-2-evenimente-in-cadrul-fusion-arts-expo-2019\\\/#breadcrumb\"},\"inLanguage\":\"ro-RO\",\"potentialAction\":[{\"@type\":\"ReadAction\",\"target\":[\"https:\\\/\\\/urbeamea.ro\\\/albaiulia\\\/meet-the-artists-si-garden-party-2-evenimente-in-cadrul-fusion-arts-expo-2019\\\/\"]}]},{\"@type\":\"ImageObject\",\"inLanguage\":\"ro-RO\",\"@id\":\"https:\\\/\\\/urbeamea.ro\\\/albaiulia\\\/meet-the-artists-si-garden-party-2-evenimente-in-cadrul-fusion-arts-expo-2019\\\/#primaryimage\",\"url\":\"https:\\\/\\\/urbeamea.ro\\\/albaiulia\\\/wp-content\\\/uploads\\\/2019\\\/04\\\/Fusion-Arts.jpg\",\"contentUrl\":\"https:\\\/\\\/urbeamea.ro\\\/albaiulia\\\/wp-content\\\/uploads\\\/2019\\\/04\\\/Fusion-Arts.jpg\",\"width\":1500,\"height\":1001},{\"@type\":\"BreadcrumbList\",\"@id\":\"https:\\\/\\\/urbeamea.ro\\\/albaiulia\\\/meet-the-artists-si-garden-party-2-evenimente-in-cadrul-fusion-arts-expo-2019\\\/#breadcrumb\",\"itemListElement\":[{\"@type\":\"ListItem\",\"position\":1,\"name\":\"Prima pagin\u0103\",\"item\":\"https:\\\/\\\/urbeamea.ro\\\/albaiulia\\\/\"},{\"@type\":\"ListItem\",\"position\":2,\"name\":\"MEET THE ARTISTS \u0219i GARDEN PARTY &#8211; 2 evenimente \u00een cadrul Fusion Arts Expo 2019\"}]},{\"@type\":\"WebSite\",\"@id\":\"https:\\\/\\\/urbeamea.ro\\\/albaiulia\\\/#website\",\"url\":\"https:\\\/\\\/urbeamea.ro\\\/albaiulia\\\/\",\"name\":\"Revista Urbea Mea, Stiri urbane\",\"description\":\"Evenimente \u0219i \u0219tiri din Alba Iulia, Sebe\u0219, Aiud, Blaj\",\"potentialAction\":[{\"@type\":\"SearchAction\",\"target\":{\"@type\":\"EntryPoint\",\"urlTemplate\":\"https:\\\/\\\/urbeamea.ro\\\/albaiulia\\\/?s={search_term_string}\"},\"query-input\":{\"@type\":\"PropertyValueSpecification\",\"valueRequired\":true,\"valueName\":\"search_term_string\"}}],\"inLanguage\":\"ro-RO\"},{\"@type\":\"Person\",\"@id\":\"https:\\\/\\\/urbeamea.ro\\\/albaiulia\\\/#\\\/schema\\\/person\\\/9700d21fae21c4f038b0b56f4506264a\",\"name\":\"Cristina Ganga\",\"image\":{\"@type\":\"ImageObject\",\"inLanguage\":\"ro-RO\",\"@id\":\"https:\\\/\\\/secure.gravatar.com\\\/avatar\\\/5a67661041f057b4a8ccaf26f5a8e86e2689372006d01faf3dd9eeb10b654bb4?s=96&d=mm&r=g\",\"url\":\"https:\\\/\\\/secure.gravatar.com\\\/avatar\\\/5a67661041f057b4a8ccaf26f5a8e86e2689372006d01faf3dd9eeb10b654bb4?s=96&d=mm&r=g\",\"contentUrl\":\"https:\\\/\\\/secure.gravatar.com\\\/avatar\\\/5a67661041f057b4a8ccaf26f5a8e86e2689372006d01faf3dd9eeb10b654bb4?s=96&d=mm&r=g\",\"caption\":\"Cristina Ganga\"},\"description\":\"Jurnalist\",\"sameAs\":[\"https:\\\/\\\/www.facebook.com\\\/cristina.nicola.587\"],\"url\":\"https:\\\/\\\/urbeamea.ro\\\/albaiulia\\\/author\\\/cristina-nicola\\\/\"}]}<\/script>\n<!-- \/ Yoast SEO plugin. -->","yoast_head_json":{"title":"MEET THE ARTISTS \u0219i GARDEN PARTY - 2 evenimente \u00een cadrul Fusion Arts Expo 2019 - Revista Urbea Mea - Revista de Alba","description":"Fusion Arts conecteaz\u0103 comunit\u0103\u021bile de arti\u0219ti cu publicul larg, reune\u0219te iubitorii de art\u0103 indiferent de v\u00e2rst\u0103 \u0219i inspir\u0103 sute de proiecte creative,","robots":{"index":"index","follow":"follow","max-snippet":"max-snippet:-1","max-image-preview":"max-image-preview:large","max-video-preview":"max-video-preview:-1"},"canonical":"https:\/\/urbeamea.ro\/albaiulia\/meet-the-artists-si-garden-party-2-evenimente-in-cadrul-fusion-arts-expo-2019\/","twitter_card":"summary_large_image","twitter_title":"MEET THE ARTISTS \u0219i GARDEN PARTY - 2 evenimente \u00een cadrul Fusion Arts Expo 2019 - Revista Urbea Mea - Revista de Alba","twitter_description":"Fusion Arts conecteaz\u0103 comunit\u0103\u021bile de arti\u0219ti cu publicul larg, reune\u0219te iubitorii de art\u0103 indiferent de v\u00e2rst\u0103 \u0219i inspir\u0103 sute de proiecte creative,","twitter_image":"https:\/\/urbeamea.ro\/albaiulia\/wp-content\/uploads\/2019\/04\/Fusion-Arts.jpg","twitter_creator":"@urbeameaweb","twitter_site":"@urbeameaweb","schema":{"@context":"https:\/\/schema.org","@graph":[{"@type":"Article","@id":"https:\/\/urbeamea.ro\/albaiulia\/meet-the-artists-si-garden-party-2-evenimente-in-cadrul-fusion-arts-expo-2019\/#article","isPartOf":{"@id":"https:\/\/urbeamea.ro\/albaiulia\/meet-the-artists-si-garden-party-2-evenimente-in-cadrul-fusion-arts-expo-2019\/"},"author":{"name":"Cristina Ganga","@id":"https:\/\/urbeamea.ro\/albaiulia\/#\/schema\/person\/9700d21fae21c4f038b0b56f4506264a"},"headline":"MEET THE ARTISTS \u0219i GARDEN PARTY &#8211; 2 evenimente \u00een cadrul Fusion Arts Expo 2019","datePublished":"2019-04-18T11:31:47+00:00","dateModified":"2019-04-18T11:31:52+00:00","mainEntityOfPage":{"@id":"https:\/\/urbeamea.ro\/albaiulia\/meet-the-artists-si-garden-party-2-evenimente-in-cadrul-fusion-arts-expo-2019\/"},"wordCount":541,"commentCount":0,"image":{"@id":"https:\/\/urbeamea.ro\/albaiulia\/meet-the-artists-si-garden-party-2-evenimente-in-cadrul-fusion-arts-expo-2019\/#primaryimage"},"thumbnailUrl":"https:\/\/urbeamea.ro\/albaiulia\/wp-content\/uploads\/2019\/04\/Fusion-Arts.jpg","keywords":["alba","artisti","fusion arts expo 2019","garden party","meet the artists"],"articleSection":["Evenimente"],"inLanguage":"ro-RO","potentialAction":[{"@type":"CommentAction","name":"Comment","target":["https:\/\/urbeamea.ro\/albaiulia\/meet-the-artists-si-garden-party-2-evenimente-in-cadrul-fusion-arts-expo-2019\/#respond"]}]},{"@type":"WebPage","@id":"https:\/\/urbeamea.ro\/albaiulia\/meet-the-artists-si-garden-party-2-evenimente-in-cadrul-fusion-arts-expo-2019\/","url":"https:\/\/urbeamea.ro\/albaiulia\/meet-the-artists-si-garden-party-2-evenimente-in-cadrul-fusion-arts-expo-2019\/","name":"MEET THE ARTISTS \u0219i GARDEN PARTY - 2 evenimente \u00een cadrul Fusion Arts Expo 2019 - Revista Urbea Mea - Revista de Alba","isPartOf":{"@id":"https:\/\/urbeamea.ro\/albaiulia\/#website"},"primaryImageOfPage":{"@id":"https:\/\/urbeamea.ro\/albaiulia\/meet-the-artists-si-garden-party-2-evenimente-in-cadrul-fusion-arts-expo-2019\/#primaryimage"},"image":{"@id":"https:\/\/urbeamea.ro\/albaiulia\/meet-the-artists-si-garden-party-2-evenimente-in-cadrul-fusion-arts-expo-2019\/#primaryimage"},"thumbnailUrl":"https:\/\/urbeamea.ro\/albaiulia\/wp-content\/uploads\/2019\/04\/Fusion-Arts.jpg","datePublished":"2019-04-18T11:31:47+00:00","dateModified":"2019-04-18T11:31:52+00:00","author":{"@id":"https:\/\/urbeamea.ro\/albaiulia\/#\/schema\/person\/9700d21fae21c4f038b0b56f4506264a"},"description":"Fusion Arts conecteaz\u0103 comunit\u0103\u021bile de arti\u0219ti cu publicul larg, reune\u0219te iubitorii de art\u0103 indiferent de v\u00e2rst\u0103 \u0219i inspir\u0103 sute de proiecte creative,","breadcrumb":{"@id":"https:\/\/urbeamea.ro\/albaiulia\/meet-the-artists-si-garden-party-2-evenimente-in-cadrul-fusion-arts-expo-2019\/#breadcrumb"},"inLanguage":"ro-RO","potentialAction":[{"@type":"ReadAction","target":["https:\/\/urbeamea.ro\/albaiulia\/meet-the-artists-si-garden-party-2-evenimente-in-cadrul-fusion-arts-expo-2019\/"]}]},{"@type":"ImageObject","inLanguage":"ro-RO","@id":"https:\/\/urbeamea.ro\/albaiulia\/meet-the-artists-si-garden-party-2-evenimente-in-cadrul-fusion-arts-expo-2019\/#primaryimage","url":"https:\/\/urbeamea.ro\/albaiulia\/wp-content\/uploads\/2019\/04\/Fusion-Arts.jpg","contentUrl":"https:\/\/urbeamea.ro\/albaiulia\/wp-content\/uploads\/2019\/04\/Fusion-Arts.jpg","width":1500,"height":1001},{"@type":"BreadcrumbList","@id":"https:\/\/urbeamea.ro\/albaiulia\/meet-the-artists-si-garden-party-2-evenimente-in-cadrul-fusion-arts-expo-2019\/#breadcrumb","itemListElement":[{"@type":"ListItem","position":1,"name":"Prima pagin\u0103","item":"https:\/\/urbeamea.ro\/albaiulia\/"},{"@type":"ListItem","position":2,"name":"MEET THE ARTISTS \u0219i GARDEN PARTY &#8211; 2 evenimente \u00een cadrul Fusion Arts Expo 2019"}]},{"@type":"WebSite","@id":"https:\/\/urbeamea.ro\/albaiulia\/#website","url":"https:\/\/urbeamea.ro\/albaiulia\/","name":"Revista Urbea Mea, Stiri urbane","description":"Evenimente \u0219i \u0219tiri din Alba Iulia, Sebe\u0219, Aiud, Blaj","potentialAction":[{"@type":"SearchAction","target":{"@type":"EntryPoint","urlTemplate":"https:\/\/urbeamea.ro\/albaiulia\/?s={search_term_string}"},"query-input":{"@type":"PropertyValueSpecification","valueRequired":true,"valueName":"search_term_string"}}],"inLanguage":"ro-RO"},{"@type":"Person","@id":"https:\/\/urbeamea.ro\/albaiulia\/#\/schema\/person\/9700d21fae21c4f038b0b56f4506264a","name":"Cristina Ganga","image":{"@type":"ImageObject","inLanguage":"ro-RO","@id":"https:\/\/secure.gravatar.com\/avatar\/5a67661041f057b4a8ccaf26f5a8e86e2689372006d01faf3dd9eeb10b654bb4?s=96&d=mm&r=g","url":"https:\/\/secure.gravatar.com\/avatar\/5a67661041f057b4a8ccaf26f5a8e86e2689372006d01faf3dd9eeb10b654bb4?s=96&d=mm&r=g","contentUrl":"https:\/\/secure.gravatar.com\/avatar\/5a67661041f057b4a8ccaf26f5a8e86e2689372006d01faf3dd9eeb10b654bb4?s=96&d=mm&r=g","caption":"Cristina Ganga"},"description":"Jurnalist","sameAs":["https:\/\/www.facebook.com\/cristina.nicola.587"],"url":"https:\/\/urbeamea.ro\/albaiulia\/author\/cristina-nicola\/"}]}},"_links":{"self":[{"href":"https:\/\/urbeamea.ro\/albaiulia\/wp-json\/wp\/v2\/posts\/74758","targetHints":{"allow":["GET"]}}],"collection":[{"href":"https:\/\/urbeamea.ro\/albaiulia\/wp-json\/wp\/v2\/posts"}],"about":[{"href":"https:\/\/urbeamea.ro\/albaiulia\/wp-json\/wp\/v2\/types\/post"}],"author":[{"embeddable":true,"href":"https:\/\/urbeamea.ro\/albaiulia\/wp-json\/wp\/v2\/users\/17"}],"replies":[{"embeddable":true,"href":"https:\/\/urbeamea.ro\/albaiulia\/wp-json\/wp\/v2\/comments?post=74758"}],"version-history":[{"count":0,"href":"https:\/\/urbeamea.ro\/albaiulia\/wp-json\/wp\/v2\/posts\/74758\/revisions"}],"wp:featuredmedia":[{"embeddable":true,"href":"https:\/\/urbeamea.ro\/albaiulia\/wp-json\/wp\/v2\/media\/74759"}],"wp:attachment":[{"href":"https:\/\/urbeamea.ro\/albaiulia\/wp-json\/wp\/v2\/media?parent=74758"}],"wp:term":[{"taxonomy":"category","embeddable":true,"href":"https:\/\/urbeamea.ro\/albaiulia\/wp-json\/wp\/v2\/categories?post=74758"},{"taxonomy":"post_tag","embeddable":true,"href":"https:\/\/urbeamea.ro\/albaiulia\/wp-json\/wp\/v2\/tags?post=74758"}],"curies":[{"name":"wp","href":"https:\/\/api.w.org\/{rel}","templated":true}]}}