{"id":75308,"date":"2019-04-26T10:06:42","date_gmt":"2019-04-26T07:06:42","guid":{"rendered":"https:\/\/urbeamea.ro\/albaiulia\/?p=75308"},"modified":"2019-04-26T10:06:47","modified_gmt":"2019-04-26T07:06:47","slug":"9-13-mai-apollo-revine-la-alba-iulia-in-numele-focului","status":"publish","type":"post","link":"https:\/\/urbeamea.ro\/albaiulia\/9-13-mai-apollo-revine-la-alba-iulia-in-numele-focului\/","title":{"rendered":"9-13 MAI: Apollo revine la Alba Iulia \u00een numele Focului"},"content":{"rendered":"\n<p class=\"wp-block-paragraph\"><strong>\u00cen perioada 09-13 Mai 2019, la Alba Iulia va avea loc cea de-a VI-a edi\u0163ie a Festivalului Interna\u0163ional de Teatru de Tineret APOLLO av\u00e2nd ca tem\u0103 <\/strong><em><strong>Focul<\/strong><\/em><strong>! Teatre institu\u0163ionalizate, teatre independente, grupuri studen\u0163e\u015fti \u015fi arti\u015fti liberi vor transforma Alba Iulia \u00eentr-o cetate a artei!<\/strong><\/p>\n\n\n\n<p class=\"wp-block-paragraph\">Timp de 4 zile,\npublicul va avea ocazia de a asista la reprezenta\u0163ii diverse \u2013 teatru clasic,\nexperimental sau absurd. Spectacolele vor fi oferite gratuit publicului \u015fi se\nvor desf\u0103\u015fura at\u00e2t \u00een aer liber, \u00een c\u00e2teva loca\u0163ii din Cetate, c\u00e2t \u015fi \u00een s\u0103lile\nde spectacol ale Casei de Cultur\u0103 a Studen\u0163ilor Alba Iulia. <\/p>\n\n\n\n<p class=\"wp-block-paragraph\">La edi\u0163ia din\nacest an vor fi prezente \u00een program 12 grupuri participante &#8211; &nbsp;6 grupuri din str\u0103in\u0103tate Italia, Lituania,\nSpania, Ucraina, Rep. Moldova \u015fi 6 grupuri din Rom\u00e2nia:<\/p>\n\n\n\n<p class=\"wp-block-paragraph\">IL LUOGO IN BUIO (Napoli,\nItalia)<\/p>\n\n\n\n<p class=\"wp-block-paragraph\">KATASTROFA&nbsp; (Livorno, Italia)<\/p>\n\n\n\n<p class=\"wp-block-paragraph\">KUBAS (Kaunas,\nLituania)<\/p>\n\n\n\n<p class=\"wp-block-paragraph\">TEATRUL REPUBLICAN MUZICAL-DRAMATIC \u201eB.P.Hasdeu\u201c(Cahul, Moldova)<\/p>\n\n\n\n<p class=\"wp-block-paragraph\">LA CALAMICLOWN (Girona, Spania)<\/p>\n\n\n\n<p class=\"wp-block-paragraph\">KHARKIV THEATRE (Kharkov,\nUcraina)<\/p>\n\n\n\n<p class=\"wp-block-paragraph\">THESPIS \u2013 CCS Timi\u015foara (Timi\u015foara, Rom\u00e2nia)<\/p>\n\n\n\n<p class=\"wp-block-paragraph\">TEATRUL XL&nbsp; \u2013 CCS IA\u015eI (Ia\u015fi, Rom\u00e2nia)<\/p>\n\n\n\n<p class=\"wp-block-paragraph\">MIRAGE \u2013 Centrul \u201cMihai Ursachi\u201d (Ia\u015fi, Rom\u00e2nia)<\/p>\n\n\n\n<p class=\"wp-block-paragraph\">TRUVERII \u2013 CCS Bucuresti (Bucure\u015fti, Rom\u00e2nia)<\/p>\n\n\n\n<p class=\"wp-block-paragraph\">DELART (Alba Iulia,\nRom\u00e2nia)<\/p>\n\n\n\n<p class=\"wp-block-paragraph\">SKEPSIS (Alba Iulia, Rom\u00e2nia)<\/p>\n\n\n\n<figure class=\"wp-block-image\"><img loading=\"lazy\" decoding=\"async\" width=\"853\" height=\"1280\" src=\"https:\/\/urbeamea.ro\/albaiulia\/wp-content\/uploads\/2019\/04\/DSC-853x1280.jpg\" alt=\"\" class=\"wp-image-75310\" srcset=\"https:\/\/urbeamea.ro\/albaiulia\/wp-content\/uploads\/2019\/04\/DSC-853x1280.jpg 853w, https:\/\/urbeamea.ro\/albaiulia\/wp-content\/uploads\/2019\/04\/DSC-100x150.jpg 100w, https:\/\/urbeamea.ro\/albaiulia\/wp-content\/uploads\/2019\/04\/DSC-427x640.jpg 427w, https:\/\/urbeamea.ro\/albaiulia\/wp-content\/uploads\/2019\/04\/DSC-768x1152.jpg 768w, https:\/\/urbeamea.ro\/albaiulia\/wp-content\/uploads\/2019\/04\/DSC.jpg 1000w\" sizes=\"auto, (max-width: 853px) 100vw, 853px\" \/><\/figure>\n\n\n\n<p class=\"wp-block-paragraph\">Cu sprijinul Funda\u0163iei \u201eInter-Art\u201d, Aiud \u015fi a\nCentrului Cultural \u201eLiviu Rebreanu\u201d Aiud, arta plastic\u0103 va fi reprezentat\u0103 din\nnou \u00een festival prin organizarea a dou\u0103 expozi\u0163ii inedite care amplific\u0103\ndimensiunea interna\u0163ional\u0103 a evenimentului. <\/p>\n\n\n\n<p class=\"wp-block-paragraph\">Expozi\u0163ia Personal\u0103 \u201ePionieri ai Teatrului Egiptean\u201d semnat\u0103 de Prof.Dr. Mohamed Zakaria Soltan (Cairo, Egipt) care include 15 lucr\u0103ri originale dedicate celor mai mari actori egipteni din secolul trecut \u015fi Expozi\u0163ia Interna\u0163ional\u0103 de Afi\u015fe ce propune\u00a0 <em>\u201e<\/em>Focul\u201d ca tem\u0103 de inspira\u0163ie \u00eensum\u00e2nd 47 lucr\u0103ri semnate de 22 de arti\u015fti din 10 \u0163\u0103ri.<\/p>\n\n\n\n<figure class=\"wp-block-image\"><img loading=\"lazy\" decoding=\"async\" width=\"1280\" height=\"850\" src=\"https:\/\/urbeamea.ro\/albaiulia\/wp-content\/uploads\/2019\/04\/DSC_0428-1280x850.jpg\" alt=\"\" class=\"wp-image-75311\" srcset=\"https:\/\/urbeamea.ro\/albaiulia\/wp-content\/uploads\/2019\/04\/DSC_0428-1280x850.jpg 1280w, https:\/\/urbeamea.ro\/albaiulia\/wp-content\/uploads\/2019\/04\/DSC_0428-150x100.jpg 150w, https:\/\/urbeamea.ro\/albaiulia\/wp-content\/uploads\/2019\/04\/DSC_0428-640x425.jpg 640w, https:\/\/urbeamea.ro\/albaiulia\/wp-content\/uploads\/2019\/04\/DSC_0428-768x510.jpg 768w\" sizes=\"auto, (max-width: 1280px) 100vw, 1280px\" \/><\/figure>\n\n\n\n<p class=\"wp-block-paragraph\">Programul\ndetaliat al evenimentului va fi anun\u0163at \u00een perioada urm\u0103toare.<\/p>\n\n\n\n<p class=\"wp-block-paragraph\">Edi\u0163ia din acest\nan se bucur\u0103 de prezen\u0163a d-nei Dr.Joke Elbers (Critic, Academia de Teatru din Amsterdam) care va avea\nsarcina de a oferi un feedback critic participan\u0163ilor, fiind responsabil\u0103 \u00een\nultimii ani \u015fi de monitorizarea festivalului la nivel interna\u0163ional. Se vor\norganiza pentru participan\u0163i sesiuni de discu\u0163ii \u00een scopul facilit\u0103rii\nschimbului de experien\u0163\u0103, dezvolt\u0103rii abilit\u0103\u0163ilor artistice \u015fi \u00eemp\u0103rt\u0103\u015firii\nunor concepte de management artistic \u015fi cultural.<\/p>\n\n\n\n<p class=\"wp-block-paragraph\">Dimensiunea de formare \u015fi schimb de experien\u0163\u0103 va fi marcat\u0103 la aceast\u0103 edi\u0163ie \u015fi de c\u0103tre regizorul Dan Victor care va sus\u0163ine un atelier intensiv \u00een cadrul programului pentru participan\u0163i.<\/p>\n\n\n\n<figure class=\"wp-block-image\"><img loading=\"lazy\" decoding=\"async\" width=\"853\" height=\"1280\" src=\"https:\/\/urbeamea.ro\/albaiulia\/wp-content\/uploads\/2019\/04\/DSC_9529-853x1280.jpg\" alt=\"\" class=\"wp-image-75312\" srcset=\"https:\/\/urbeamea.ro\/albaiulia\/wp-content\/uploads\/2019\/04\/DSC_9529-853x1280.jpg 853w, https:\/\/urbeamea.ro\/albaiulia\/wp-content\/uploads\/2019\/04\/DSC_9529-100x150.jpg 100w, https:\/\/urbeamea.ro\/albaiulia\/wp-content\/uploads\/2019\/04\/DSC_9529-427x640.jpg 427w, https:\/\/urbeamea.ro\/albaiulia\/wp-content\/uploads\/2019\/04\/DSC_9529-768x1152.jpg 768w, https:\/\/urbeamea.ro\/albaiulia\/wp-content\/uploads\/2019\/04\/DSC_9529.jpg 1000w\" sizes=\"auto, (max-width: 853px) 100vw, 853px\" \/><\/figure>\n\n\n\n<p class=\"wp-block-paragraph\">Nu se acord\u0103\npremii ierarhizate sau distinc\u0163ii speciale, fiecare grup concureaz\u0103 doar pentru\na c\u00e2\u015ftiga aplauzele spectatorilor \u015fi pentru a-\u015fi \u00eembog\u0103\u0163i expresia artistic\u0103. Toate\ngrupurile participante vor primi trofee originale \u2013 opere de art\u0103 unice inspirate\ndirect din povestea spectacolelor \u015fi create de \u015etefan Balog (Funda\u0163ia\nInter-Art, Aiud).<\/p>\n\n\n\n<p class=\"wp-block-paragraph\">Evenimentul este\norganizat de Grupul Skepsis pe baza unui proiect cultural care are ca scop\npromovarea Municipiului Alba Iulia pe harta interna\u0163ional\u0103 a evenimentelor de\ntineret. Mai multe institu\u0163ii, organiza\u0163ii sprijin\u0103 \u015fi anul acesta\nimplementarea proiectului Apollo \u2013 Festival Interna\u0163ional de Teatru de Tineret,\nedi\u0163ia a V-a: &nbsp;&nbsp;Prim\u0103ria Municipiului Alba Iulia; Casa de Cultur\u0103 a\nStuden\u0163ilor Alba Iulia; Muzeul Na\u0163ional al Unirii Alba Iulia; Funda\u0163ia\n\u201cInter-Art\u201d Aiud; Centrul Cultural\n\u201eLiviu Rebreanu\u201d Aiud; Funda\u0163ia Comunitar\u0103 Alba; Cercul Militar Alba\nIulia.<\/p>\n","protected":false},"excerpt":{"rendered":"<p>\u00cen perioada 09-13 Mai 2019, la Alba Iulia va avea loc cea de-a VI-a edi\u0163ie a Festivalului Interna\u0163ional de Teatru de Tineret APOLLO av\u00e2nd ca tem\u0103 Focul! Teatre institu\u0163ionalizate, teatre independente, grupuri studen\u0163e\u015fti \u015fi arti\u015fti liberi vor transforma Alba Iulia \u00eentr-o cetate a artei! Timp de 4 zile, publicul va avea ocazia de a asista &hellip;<\/p>\n","protected":false},"author":17,"featured_media":75309,"comment_status":"open","ping_status":"open","sticky":false,"template":"","format":"standard","meta":{"inline_featured_image":false,"footnotes":""},"categories":[4],"tags":[31,1088,3949,353,308,17720],"class_list":["post-75308","post","type-post","status-publish","format-standard","has-post-thumbnail","hentry","category-eveniment","tag-alba-iulia","tag-expozitii","tag-festivalul-international-de-teatru-de-tineret-apollo","tag-spectacole","tag-stiri","tag-tema-focul"],"yoast_head":"<!-- This site is optimized with the Yoast SEO plugin v28.3 - https:\/\/yoast.com\/product\/yoast-seo-wordpress\/ -->\n<title>9-13 MAI: Apollo revine la Alba Iulia \u00een numele Focului - Revista Urbea Mea - Revista de Alba<\/title>\n<meta name=\"description\" content=\"\u00cen perioada 09-13 Mai 2019, la Alba Iulia va avea loc cea de-a VI-a edi\u0163ie a Festivalului Interna\u0163ional de Teatru de Tineret APOLLO av\u00e2nd ca tem\u0103 Focul!\" \/>\n<meta name=\"robots\" content=\"index, follow, max-snippet:-1, max-image-preview:large, max-video-preview:-1\" \/>\n<link rel=\"canonical\" href=\"https:\/\/urbeamea.ro\/albaiulia\/9-13-mai-apollo-revine-la-alba-iulia-in-numele-focului\/\" \/>\n<meta name=\"twitter:card\" content=\"summary_large_image\" \/>\n<meta name=\"twitter:title\" content=\"9-13 MAI: Apollo revine la Alba Iulia \u00een numele Focului - Revista Urbea Mea - Revista de Alba\" \/>\n<meta name=\"twitter:description\" content=\"\u00cen perioada 09-13 Mai 2019, la Alba Iulia va avea loc cea de-a VI-a edi\u0163ie a Festivalului Interna\u0163ional de Teatru de Tineret APOLLO av\u00e2nd ca tem\u0103 Focul!\" \/>\n<meta name=\"twitter:image\" content=\"https:\/\/urbeamea.ro\/albaiulia\/wp-content\/uploads\/2019\/04\/DSC_9350.jpg\" \/>\n<meta name=\"twitter:creator\" content=\"@urbeameaweb\" \/>\n<meta name=\"twitter:site\" content=\"@urbeameaweb\" \/>\n<script type=\"application\/ld+json\" class=\"yoast-schema-graph\">{\"@context\":\"https:\\\/\\\/schema.org\",\"@graph\":[{\"@type\":\"Article\",\"@id\":\"https:\\\/\\\/urbeamea.ro\\\/albaiulia\\\/9-13-mai-apollo-revine-la-alba-iulia-in-numele-focului\\\/#article\",\"isPartOf\":{\"@id\":\"https:\\\/\\\/urbeamea.ro\\\/albaiulia\\\/9-13-mai-apollo-revine-la-alba-iulia-in-numele-focului\\\/\"},\"author\":{\"name\":\"Cristina Ganga\",\"@id\":\"https:\\\/\\\/urbeamea.ro\\\/albaiulia\\\/#\\\/schema\\\/person\\\/9700d21fae21c4f038b0b56f4506264a\"},\"headline\":\"9-13 MAI: Apollo revine la Alba Iulia \u00een numele Focului\",\"datePublished\":\"2019-04-26T07:06:42+00:00\",\"dateModified\":\"2019-04-26T07:06:47+00:00\",\"mainEntityOfPage\":{\"@id\":\"https:\\\/\\\/urbeamea.ro\\\/albaiulia\\\/9-13-mai-apollo-revine-la-alba-iulia-in-numele-focului\\\/\"},\"wordCount\":581,\"commentCount\":0,\"image\":{\"@id\":\"https:\\\/\\\/urbeamea.ro\\\/albaiulia\\\/9-13-mai-apollo-revine-la-alba-iulia-in-numele-focului\\\/#primaryimage\"},\"thumbnailUrl\":\"https:\\\/\\\/urbeamea.ro\\\/albaiulia\\\/wp-content\\\/uploads\\\/2019\\\/04\\\/DSC_9350.jpg\",\"keywords\":[\"Alba Iulia\",\"expozitii\",\"festivalul international de teatru de tineret apollo\",\"spectacole\",\"stiri\",\"tema focul\"],\"articleSection\":[\"Evenimente\"],\"inLanguage\":\"ro-RO\",\"potentialAction\":[{\"@type\":\"CommentAction\",\"name\":\"Comment\",\"target\":[\"https:\\\/\\\/urbeamea.ro\\\/albaiulia\\\/9-13-mai-apollo-revine-la-alba-iulia-in-numele-focului\\\/#respond\"]}]},{\"@type\":\"WebPage\",\"@id\":\"https:\\\/\\\/urbeamea.ro\\\/albaiulia\\\/9-13-mai-apollo-revine-la-alba-iulia-in-numele-focului\\\/\",\"url\":\"https:\\\/\\\/urbeamea.ro\\\/albaiulia\\\/9-13-mai-apollo-revine-la-alba-iulia-in-numele-focului\\\/\",\"name\":\"9-13 MAI: Apollo revine la Alba Iulia \u00een numele Focului - Revista Urbea Mea - Revista de Alba\",\"isPartOf\":{\"@id\":\"https:\\\/\\\/urbeamea.ro\\\/albaiulia\\\/#website\"},\"primaryImageOfPage\":{\"@id\":\"https:\\\/\\\/urbeamea.ro\\\/albaiulia\\\/9-13-mai-apollo-revine-la-alba-iulia-in-numele-focului\\\/#primaryimage\"},\"image\":{\"@id\":\"https:\\\/\\\/urbeamea.ro\\\/albaiulia\\\/9-13-mai-apollo-revine-la-alba-iulia-in-numele-focului\\\/#primaryimage\"},\"thumbnailUrl\":\"https:\\\/\\\/urbeamea.ro\\\/albaiulia\\\/wp-content\\\/uploads\\\/2019\\\/04\\\/DSC_9350.jpg\",\"datePublished\":\"2019-04-26T07:06:42+00:00\",\"dateModified\":\"2019-04-26T07:06:47+00:00\",\"author\":{\"@id\":\"https:\\\/\\\/urbeamea.ro\\\/albaiulia\\\/#\\\/schema\\\/person\\\/9700d21fae21c4f038b0b56f4506264a\"},\"description\":\"\u00cen perioada 09-13 Mai 2019, la Alba Iulia va avea loc cea de-a VI-a edi\u0163ie a Festivalului Interna\u0163ional de Teatru de Tineret APOLLO av\u00e2nd ca tem\u0103 Focul!\",\"breadcrumb\":{\"@id\":\"https:\\\/\\\/urbeamea.ro\\\/albaiulia\\\/9-13-mai-apollo-revine-la-alba-iulia-in-numele-focului\\\/#breadcrumb\"},\"inLanguage\":\"ro-RO\",\"potentialAction\":[{\"@type\":\"ReadAction\",\"target\":[\"https:\\\/\\\/urbeamea.ro\\\/albaiulia\\\/9-13-mai-apollo-revine-la-alba-iulia-in-numele-focului\\\/\"]}]},{\"@type\":\"ImageObject\",\"inLanguage\":\"ro-RO\",\"@id\":\"https:\\\/\\\/urbeamea.ro\\\/albaiulia\\\/9-13-mai-apollo-revine-la-alba-iulia-in-numele-focului\\\/#primaryimage\",\"url\":\"https:\\\/\\\/urbeamea.ro\\\/albaiulia\\\/wp-content\\\/uploads\\\/2019\\\/04\\\/DSC_9350.jpg\",\"contentUrl\":\"https:\\\/\\\/urbeamea.ro\\\/albaiulia\\\/wp-content\\\/uploads\\\/2019\\\/04\\\/DSC_9350.jpg\",\"width\":3216,\"height\":2136},{\"@type\":\"BreadcrumbList\",\"@id\":\"https:\\\/\\\/urbeamea.ro\\\/albaiulia\\\/9-13-mai-apollo-revine-la-alba-iulia-in-numele-focului\\\/#breadcrumb\",\"itemListElement\":[{\"@type\":\"ListItem\",\"position\":1,\"name\":\"Prima pagin\u0103\",\"item\":\"https:\\\/\\\/urbeamea.ro\\\/albaiulia\\\/\"},{\"@type\":\"ListItem\",\"position\":2,\"name\":\"9-13 MAI: Apollo revine la Alba Iulia \u00een numele Focului\"}]},{\"@type\":\"WebSite\",\"@id\":\"https:\\\/\\\/urbeamea.ro\\\/albaiulia\\\/#website\",\"url\":\"https:\\\/\\\/urbeamea.ro\\\/albaiulia\\\/\",\"name\":\"Revista Urbea Mea, Stiri urbane\",\"description\":\"Evenimente \u0219i \u0219tiri din Alba Iulia, Sebe\u0219, Aiud, Blaj\",\"potentialAction\":[{\"@type\":\"SearchAction\",\"target\":{\"@type\":\"EntryPoint\",\"urlTemplate\":\"https:\\\/\\\/urbeamea.ro\\\/albaiulia\\\/?s={search_term_string}\"},\"query-input\":{\"@type\":\"PropertyValueSpecification\",\"valueRequired\":true,\"valueName\":\"search_term_string\"}}],\"inLanguage\":\"ro-RO\"},{\"@type\":\"Person\",\"@id\":\"https:\\\/\\\/urbeamea.ro\\\/albaiulia\\\/#\\\/schema\\\/person\\\/9700d21fae21c4f038b0b56f4506264a\",\"name\":\"Cristina Ganga\",\"image\":{\"@type\":\"ImageObject\",\"inLanguage\":\"ro-RO\",\"@id\":\"https:\\\/\\\/secure.gravatar.com\\\/avatar\\\/5a67661041f057b4a8ccaf26f5a8e86e2689372006d01faf3dd9eeb10b654bb4?s=96&d=mm&r=g\",\"url\":\"https:\\\/\\\/secure.gravatar.com\\\/avatar\\\/5a67661041f057b4a8ccaf26f5a8e86e2689372006d01faf3dd9eeb10b654bb4?s=96&d=mm&r=g\",\"contentUrl\":\"https:\\\/\\\/secure.gravatar.com\\\/avatar\\\/5a67661041f057b4a8ccaf26f5a8e86e2689372006d01faf3dd9eeb10b654bb4?s=96&d=mm&r=g\",\"caption\":\"Cristina Ganga\"},\"description\":\"Jurnalist\",\"sameAs\":[\"https:\\\/\\\/www.facebook.com\\\/cristina.nicola.587\"],\"url\":\"https:\\\/\\\/urbeamea.ro\\\/albaiulia\\\/author\\\/cristina-nicola\\\/\"}]}<\/script>\n<!-- \/ Yoast SEO plugin. -->","yoast_head_json":{"title":"9-13 MAI: Apollo revine la Alba Iulia \u00een numele Focului - Revista Urbea Mea - Revista de Alba","description":"\u00cen perioada 09-13 Mai 2019, la Alba Iulia va avea loc cea de-a VI-a edi\u0163ie a Festivalului Interna\u0163ional de Teatru de Tineret APOLLO av\u00e2nd ca tem\u0103 Focul!","robots":{"index":"index","follow":"follow","max-snippet":"max-snippet:-1","max-image-preview":"max-image-preview:large","max-video-preview":"max-video-preview:-1"},"canonical":"https:\/\/urbeamea.ro\/albaiulia\/9-13-mai-apollo-revine-la-alba-iulia-in-numele-focului\/","twitter_card":"summary_large_image","twitter_title":"9-13 MAI: Apollo revine la Alba Iulia \u00een numele Focului - Revista Urbea Mea - Revista de Alba","twitter_description":"\u00cen perioada 09-13 Mai 2019, la Alba Iulia va avea loc cea de-a VI-a edi\u0163ie a Festivalului Interna\u0163ional de Teatru de Tineret APOLLO av\u00e2nd ca tem\u0103 Focul!","twitter_image":"https:\/\/urbeamea.ro\/albaiulia\/wp-content\/uploads\/2019\/04\/DSC_9350.jpg","twitter_creator":"@urbeameaweb","twitter_site":"@urbeameaweb","schema":{"@context":"https:\/\/schema.org","@graph":[{"@type":"Article","@id":"https:\/\/urbeamea.ro\/albaiulia\/9-13-mai-apollo-revine-la-alba-iulia-in-numele-focului\/#article","isPartOf":{"@id":"https:\/\/urbeamea.ro\/albaiulia\/9-13-mai-apollo-revine-la-alba-iulia-in-numele-focului\/"},"author":{"name":"Cristina Ganga","@id":"https:\/\/urbeamea.ro\/albaiulia\/#\/schema\/person\/9700d21fae21c4f038b0b56f4506264a"},"headline":"9-13 MAI: Apollo revine la Alba Iulia \u00een numele Focului","datePublished":"2019-04-26T07:06:42+00:00","dateModified":"2019-04-26T07:06:47+00:00","mainEntityOfPage":{"@id":"https:\/\/urbeamea.ro\/albaiulia\/9-13-mai-apollo-revine-la-alba-iulia-in-numele-focului\/"},"wordCount":581,"commentCount":0,"image":{"@id":"https:\/\/urbeamea.ro\/albaiulia\/9-13-mai-apollo-revine-la-alba-iulia-in-numele-focului\/#primaryimage"},"thumbnailUrl":"https:\/\/urbeamea.ro\/albaiulia\/wp-content\/uploads\/2019\/04\/DSC_9350.jpg","keywords":["Alba Iulia","expozitii","festivalul international de teatru de tineret apollo","spectacole","stiri","tema focul"],"articleSection":["Evenimente"],"inLanguage":"ro-RO","potentialAction":[{"@type":"CommentAction","name":"Comment","target":["https:\/\/urbeamea.ro\/albaiulia\/9-13-mai-apollo-revine-la-alba-iulia-in-numele-focului\/#respond"]}]},{"@type":"WebPage","@id":"https:\/\/urbeamea.ro\/albaiulia\/9-13-mai-apollo-revine-la-alba-iulia-in-numele-focului\/","url":"https:\/\/urbeamea.ro\/albaiulia\/9-13-mai-apollo-revine-la-alba-iulia-in-numele-focului\/","name":"9-13 MAI: Apollo revine la Alba Iulia \u00een numele Focului - Revista Urbea Mea - Revista de Alba","isPartOf":{"@id":"https:\/\/urbeamea.ro\/albaiulia\/#website"},"primaryImageOfPage":{"@id":"https:\/\/urbeamea.ro\/albaiulia\/9-13-mai-apollo-revine-la-alba-iulia-in-numele-focului\/#primaryimage"},"image":{"@id":"https:\/\/urbeamea.ro\/albaiulia\/9-13-mai-apollo-revine-la-alba-iulia-in-numele-focului\/#primaryimage"},"thumbnailUrl":"https:\/\/urbeamea.ro\/albaiulia\/wp-content\/uploads\/2019\/04\/DSC_9350.jpg","datePublished":"2019-04-26T07:06:42+00:00","dateModified":"2019-04-26T07:06:47+00:00","author":{"@id":"https:\/\/urbeamea.ro\/albaiulia\/#\/schema\/person\/9700d21fae21c4f038b0b56f4506264a"},"description":"\u00cen perioada 09-13 Mai 2019, la Alba Iulia va avea loc cea de-a VI-a edi\u0163ie a Festivalului Interna\u0163ional de Teatru de Tineret APOLLO av\u00e2nd ca tem\u0103 Focul!","breadcrumb":{"@id":"https:\/\/urbeamea.ro\/albaiulia\/9-13-mai-apollo-revine-la-alba-iulia-in-numele-focului\/#breadcrumb"},"inLanguage":"ro-RO","potentialAction":[{"@type":"ReadAction","target":["https:\/\/urbeamea.ro\/albaiulia\/9-13-mai-apollo-revine-la-alba-iulia-in-numele-focului\/"]}]},{"@type":"ImageObject","inLanguage":"ro-RO","@id":"https:\/\/urbeamea.ro\/albaiulia\/9-13-mai-apollo-revine-la-alba-iulia-in-numele-focului\/#primaryimage","url":"https:\/\/urbeamea.ro\/albaiulia\/wp-content\/uploads\/2019\/04\/DSC_9350.jpg","contentUrl":"https:\/\/urbeamea.ro\/albaiulia\/wp-content\/uploads\/2019\/04\/DSC_9350.jpg","width":3216,"height":2136},{"@type":"BreadcrumbList","@id":"https:\/\/urbeamea.ro\/albaiulia\/9-13-mai-apollo-revine-la-alba-iulia-in-numele-focului\/#breadcrumb","itemListElement":[{"@type":"ListItem","position":1,"name":"Prima pagin\u0103","item":"https:\/\/urbeamea.ro\/albaiulia\/"},{"@type":"ListItem","position":2,"name":"9-13 MAI: Apollo revine la Alba Iulia \u00een numele Focului"}]},{"@type":"WebSite","@id":"https:\/\/urbeamea.ro\/albaiulia\/#website","url":"https:\/\/urbeamea.ro\/albaiulia\/","name":"Revista Urbea Mea, Stiri urbane","description":"Evenimente \u0219i \u0219tiri din Alba Iulia, Sebe\u0219, Aiud, Blaj","potentialAction":[{"@type":"SearchAction","target":{"@type":"EntryPoint","urlTemplate":"https:\/\/urbeamea.ro\/albaiulia\/?s={search_term_string}"},"query-input":{"@type":"PropertyValueSpecification","valueRequired":true,"valueName":"search_term_string"}}],"inLanguage":"ro-RO"},{"@type":"Person","@id":"https:\/\/urbeamea.ro\/albaiulia\/#\/schema\/person\/9700d21fae21c4f038b0b56f4506264a","name":"Cristina Ganga","image":{"@type":"ImageObject","inLanguage":"ro-RO","@id":"https:\/\/secure.gravatar.com\/avatar\/5a67661041f057b4a8ccaf26f5a8e86e2689372006d01faf3dd9eeb10b654bb4?s=96&d=mm&r=g","url":"https:\/\/secure.gravatar.com\/avatar\/5a67661041f057b4a8ccaf26f5a8e86e2689372006d01faf3dd9eeb10b654bb4?s=96&d=mm&r=g","contentUrl":"https:\/\/secure.gravatar.com\/avatar\/5a67661041f057b4a8ccaf26f5a8e86e2689372006d01faf3dd9eeb10b654bb4?s=96&d=mm&r=g","caption":"Cristina Ganga"},"description":"Jurnalist","sameAs":["https:\/\/www.facebook.com\/cristina.nicola.587"],"url":"https:\/\/urbeamea.ro\/albaiulia\/author\/cristina-nicola\/"}]}},"_links":{"self":[{"href":"https:\/\/urbeamea.ro\/albaiulia\/wp-json\/wp\/v2\/posts\/75308","targetHints":{"allow":["GET"]}}],"collection":[{"href":"https:\/\/urbeamea.ro\/albaiulia\/wp-json\/wp\/v2\/posts"}],"about":[{"href":"https:\/\/urbeamea.ro\/albaiulia\/wp-json\/wp\/v2\/types\/post"}],"author":[{"embeddable":true,"href":"https:\/\/urbeamea.ro\/albaiulia\/wp-json\/wp\/v2\/users\/17"}],"replies":[{"embeddable":true,"href":"https:\/\/urbeamea.ro\/albaiulia\/wp-json\/wp\/v2\/comments?post=75308"}],"version-history":[{"count":0,"href":"https:\/\/urbeamea.ro\/albaiulia\/wp-json\/wp\/v2\/posts\/75308\/revisions"}],"wp:featuredmedia":[{"embeddable":true,"href":"https:\/\/urbeamea.ro\/albaiulia\/wp-json\/wp\/v2\/media\/75309"}],"wp:attachment":[{"href":"https:\/\/urbeamea.ro\/albaiulia\/wp-json\/wp\/v2\/media?parent=75308"}],"wp:term":[{"taxonomy":"category","embeddable":true,"href":"https:\/\/urbeamea.ro\/albaiulia\/wp-json\/wp\/v2\/categories?post=75308"},{"taxonomy":"post_tag","embeddable":true,"href":"https:\/\/urbeamea.ro\/albaiulia\/wp-json\/wp\/v2\/tags?post=75308"}],"curies":[{"name":"wp","href":"https:\/\/api.w.org\/{rel}","templated":true}]}}