{"id":75425,"date":"2019-05-03T17:55:33","date_gmt":"2019-05-03T14:55:33","guid":{"rendered":"https:\/\/urbeamea.ro\/albaiulia\/?p=75425"},"modified":"2019-05-03T17:55:39","modified_gmt":"2019-05-03T14:55:39","slug":"foto-investitii-regio-de-peste-36-milioane-de-euro-pentru-reabilitare-urbana","status":"publish","type":"post","link":"https:\/\/urbeamea.ro\/albaiulia\/foto-investitii-regio-de-peste-36-milioane-de-euro-pentru-reabilitare-urbana\/","title":{"rendered":"FOTO: Investi\u021bii regio de peste 3,6 milioane de euro pentru reabilitare urban\u0103"},"content":{"rendered":"\n<p><strong>Prin proiectul \u201dRegenerarea urban\u0103 socio-cultural\u0103 a ora\u0219ului Teiu\u0219\u201d se atrag fonduri europene nerambursabile \u00een vederea finan\u021b\u0103rii unor obiective ce se reg\u0103sesc men\u021bionate \u00een cadrul Strategiei Locale de Dezvoltare Durabil\u0103 a Ora\u0219ului Teiu\u0219 2015-2020, \u00een cadrul c\u0103reia s-au stabilit printre altele \u0219i investi\u021bii \u00een infrastructura cultural-recreativ\u0103 \u0219i \u00eembun\u0103t\u0103\u021birea spa\u021biilor publice urbane. <\/strong><\/p>\n\n\n\n<p><strong>Este vorba de o nou\u0103 ini\u021biativ\u0103 local\u0103 finan\u021bat\u0103 \u00een cadrul Programului REGIO, pentru care a fost semnat azi, la sediul ADR Centru din Alba Iulia, contractul de finan\u021bare, \u00een valoare total\u0103 de peste 17 milioane lei. Primarul Mirel H\u0103l\u0103lai \u0219i directorul general ADR Centru, Simion Cre\u021bu, au semnat acest contract prin care se vor utiliza peste 3,6 milioane euro pentru construirea unui centru expozi\u021bional cu aspect tradi\u021bional rom\u00e2nesc, construirea unui centru de tineret, precum \u0219i execu\u021bia unor lucr\u0103ri de reabilitare \u0219i modernizare a rigolelor \u0219i trotuarelor, dar \u0219i amenajarea de parc\u0103ri pe strada Decebal.<\/strong><\/p>\n\n\n\n<p>Investi\u021biile vor fi sus\u021binute prin Prioritatea de Investi\u021bii 13.1 ce vizeaz\u0103 \u00eembun\u0103t\u0103\u021birea calit\u0103\u021bii vie\u021bii popula\u021biei \u00een ora\u0219ele mici \u015fi mijlocii din Rom\u00e2nia, \u00een cadrul Axei Prioritare 13 a Programului Opera\u021bional Regional 2014-2020 &#8211; Sprijinirea regener\u0103rii ora\u0219elor mici \u0219i mijlocii. Se r\u0103spunde astfel obiectivului privind oferirea de sprijin pentru revitalizarea fizic\u0103, economic\u0103 \u0219i social\u0103 a comunit\u0103\u021bilor defavorizate din regiunile urbane \u0219i rurale. Lucr\u0103rile se vor finaliza peste trei ani, \u00een mai 2022.<\/p>\n\n\n\n<figure class=\"wp-block-image\"><img loading=\"lazy\" decoding=\"async\" width=\"1280\" height=\"720\" src=\"https:\/\/urbeamea.ro\/albaiulia\/wp-content\/uploads\/2019\/05\/Foto-semnare-3-1280x720.jpg\" alt=\"\" class=\"wp-image-75434\" srcset=\"https:\/\/urbeamea.ro\/albaiulia\/wp-content\/uploads\/2019\/05\/Foto-semnare-3-1280x720.jpg 1280w, https:\/\/urbeamea.ro\/albaiulia\/wp-content\/uploads\/2019\/05\/Foto-semnare-3-150x84.jpg 150w, https:\/\/urbeamea.ro\/albaiulia\/wp-content\/uploads\/2019\/05\/Foto-semnare-3-640x360.jpg 640w, https:\/\/urbeamea.ro\/albaiulia\/wp-content\/uploads\/2019\/05\/Foto-semnare-3-768x432.jpg 768w, https:\/\/urbeamea.ro\/albaiulia\/wp-content\/uploads\/2019\/05\/Foto-semnare-3.jpg 1407w\" sizes=\"auto, (max-width: 1280px) 100vw, 1280px\" \/><\/figure>\n\n\n\n<p>&nbsp; <em>\u201d\u00cencep\u00e2nd de anul trecut am demonstrat c\u0103 \u0219i ora\u0219ul Teiu\u0219 poate atrage\nfonduri europene. \u00cen mai pu\u021bin de nou\u0103 luni am semnat trei contracte de\nfinan\u021bare, dintre care dou\u0103 pentru reabilitarea \u0219i eficientizare energetic\u0103 a\nunit\u0103\u021bilor de \u00eenv\u0103\u021b\u0103m\u00e2nt din localitatea noastr\u0103. Lucr\u0103m la \u00eembun\u0103t\u0103\u021birea\ncondi\u021biilor urbane din Teiu\u0219, pentru c\u0103 oamenii au nevoie de str\u0103zi asfaltate, cu\nap\u0103 \u0219i canalizare \u0219i confort \u00een trafic. Ne preocup\u0103 \u00een cel mai mare grad\ninvesti\u021biile pentru cre\u0219terea calit\u0103\u021bii vie\u021bii cet\u0103\u021benilor \u0219i vrem s\u0103\nmoderniz\u0103m ora\u0219ul, pentru ace\u0219ti oameni deosebi\u021bi de aici. Avem \u00een lucru \u0219i investi\u021biile\nla podul peste Mure\u0219 \u0219i vom colabora cu comunele vecine pentru \u00eembun\u0103t\u0103\u021birea\nconectivit\u0103\u021bii \u0219i crearea facilit\u0103\u021bilor de transport \u0219i transfer de la calea\nferat\u0103 c\u0103tre autostrad\u0103 \u0219i invers. Acesta este cel mai bun exemplu c\u0103 banii\neuropeni, folosi\u021bi \u00een mod chibzuit, duc la economii pentru bugetele locale, dar\n\u0219i la atingerea unor obiective care altfel ar fi r\u0103mas doar vise a\u0219ternute pe o\nh\u00e2rtie\u201d, <\/em>a declarat, \u00een momentul semn\u0103rii acestui contract de finan\u021bare, domnul\nMirel H\u0103l\u0103lai, Primarul ora\u0219ului Teiu\u0219.<\/p>\n\n\n\n<p>Cererea de finan\u021bare pentru proiectul <em>\u201dRegenerarea urban\u0103 socio-cultural\u0103 a ora\u0219ului Teiu\u0219\u201d <\/em>are ca obiectiv \u00eembun\u0103t\u0103\u021birea calit\u0103\u021bii vie\u021bii locuitorilor din ora\u0219ul Teiu\u0219, precum \u0219i a celor din localit\u0103\u021bile apropiate, prin abordarea integrat\u0103 a nevoilor identificate la nivel local. Astfel, prin intermediul proiectului se urm\u0103re\u0219te \u00eembun\u0103t\u0103\u021birea serviciilor cultural-recreative, prin construirea unui muzeu pentru dezvoltarea cultural\u0103 \u0219i educa\u021bional\u0103 a ora\u0219ului, precum \u0219i construirea unui centru de tineret. Acesta din urm\u0103 va avea un bazin de \u00eenot \u0219i s\u0103li cu func\u021biuni diverse: pentru activit\u0103\u021bi recreative, de gimnastic\u0103, pentru mai multe sporturi, pentru bowling, dar \u0219i o sal\u0103 de proiec\u021bie \u0219i una multimedia. <\/p>\n\n\n\n<p>\u00cen acest fel se dore\u0219te oferirea unei alternative tinerilor din ora\u0219ul Teiu\u0219, dar \u0219i a celorlal\u021bi locuitori, pentru petrecerea timpului liber \u00eentr-un mod pl\u0103cut. De asemenea, la nivelul proiectului se urm\u0103re\u0219te \u00eembun\u0103t\u0103\u021birea calit\u0103\u021bii \u0219i a aspectului infrastructurii publice urbane, prin reabilitarea \u0219i modernizarea unei por\u021biuni aferente uneia dintre cele mai importante str\u0103zi ale ora\u0219ului, unde vor fi amenajate rigole, trotuare \u0219i parc\u0103ri.<\/p>\n\n\n\n<figure class=\"wp-block-image\"><img loading=\"lazy\" decoding=\"async\" width=\"897\" height=\"473\" src=\"https:\/\/urbeamea.ro\/albaiulia\/wp-content\/uploads\/2019\/05\/Foto5.jpg\" alt=\"\" class=\"wp-image-75431\" srcset=\"https:\/\/urbeamea.ro\/albaiulia\/wp-content\/uploads\/2019\/05\/Foto5.jpg 897w, https:\/\/urbeamea.ro\/albaiulia\/wp-content\/uploads\/2019\/05\/Foto5-150x79.jpg 150w, https:\/\/urbeamea.ro\/albaiulia\/wp-content\/uploads\/2019\/05\/Foto5-640x337.jpg 640w, https:\/\/urbeamea.ro\/albaiulia\/wp-content\/uploads\/2019\/05\/Foto5-768x405.jpg 768w\" sizes=\"auto, (max-width: 897px) 100vw, 897px\" \/><\/figure>\n\n\n\n<p>Pentru componenta referitoare la Centrul Expozi\u021bional, proiectul prevede construirea unei cl\u0103diri cu func\u021biunea de centru expozi\u021bional \u00een zona \u0218colii generale din ora\u0219; amenajarea unui culoar pietonal de trecere \u00eentre str. Decebal \u0219i str. Bisericii, racordarea \u0219i bran\u0219area la re\u021belele utilitare necesare func\u021bion\u0103rii; \u00eemprejmuirea terenului \u0219i a obiectivului principal; amenajarea peisajer\u0103 a sitului; dotarea centrului expozi\u021bional cu elementele de mobil\u0103 \u0219i aparatura necesar\u0103 func\u021bion\u0103rii. \u00cen ce prive\u0219te Centrul de tineret, se va construi pe artera principal\u0103 a urbei, \u00een zona ie\u0219irii din ora\u0219 c\u0103tre municipiul Aiud, o incint\u0103 format\u0103 dintr-un singur corp de cl\u0103dire, cu funda\u021bii din beton \u0219i structur\u0103 metalic\u0103, av\u00e2nd ca \u00eenvelitoare panouri termoizolante. <\/p>\n\n\n\n<p>La parterul acestui centru, intrarea principal\u0103 se va face printr-o teras\u0103 exterioar\u0103 acoperit\u0103, de aici se va ajunge la o zon\u0103 de primire, de unde se formeaz\u0103 un hol de acces spre un pachet de grupuri sanitare \u0219i vestiare, spre sala multi-sport, c\u0103tre sala de bowling, dar \u0219i c\u0103tre \u00a0sala de proiec\u021bie \u0219i cea multimedia, care se pot cupla la nevoie, fiind desp\u0103r\u021bite doar de un perete mobil. Tot la parter va fi o sal\u0103 de gimnastic\u0103 \u0219i o sal\u0103 de activit\u0103\u021bi recreative. \u00cen aripa dreapt\u0103 a cl\u0103dirii se va g\u0103si o zon\u0103 de bazin de agrement cu vestiare, du\u0219uri \u0219i grupuri sanitare, zon\u0103 de unde se va trece la un nivel inferior, situat sub zona bazinului, unde se g\u0103se\u0219te camera tehnic\u0103, cu instala\u021biile aferente. <\/p>\n\n\n\n<p>Din zona de primire, printr-o scar\u0103 de acces, se va putea ajunge la dou\u0103 terase exterioare neacoperite, ce pot fi puncte de belvedere. Nu \u00een ultimul r\u00e2nd, acest proiect include \u0219i amenajarea trotuarelor \u0219i refacerea scurgerii de ape pluviale cu capace carosabile pe strada Decebal, pe o lungime de 915 ml, precum \u0219i amenajarea de parc\u0103ri, inclusiv pentru persoane cu dizabilit\u0103\u021bi, \u00eentreaga suprafa\u021b\u0103 reabilitat\u0103 \u00een zona central\u0103 fiind de peste 1.080 mp.<\/p>\n\n\n\n<p>Bugetul \u00eentregului proiect este de 17.113.564,27 lei, din care peste 16,77 milioane lei (adic\u0103 mai mult de 3,6 milioane euro) sunt fonduri nerambursabile, restul provenind din contribu\u021bia beneficiarului.<\/p>\n\n\n\n<figure class=\"wp-block-image\"><img loading=\"lazy\" decoding=\"async\" width=\"1280\" height=\"556\" src=\"https:\/\/urbeamea.ro\/albaiulia\/wp-content\/uploads\/2019\/05\/Foto-semnare-1-1280x556.jpg\" alt=\"\" class=\"wp-image-75432\" srcset=\"https:\/\/urbeamea.ro\/albaiulia\/wp-content\/uploads\/2019\/05\/Foto-semnare-1-1280x556.jpg 1280w, https:\/\/urbeamea.ro\/albaiulia\/wp-content\/uploads\/2019\/05\/Foto-semnare-1-150x65.jpg 150w, https:\/\/urbeamea.ro\/albaiulia\/wp-content\/uploads\/2019\/05\/Foto-semnare-1-640x278.jpg 640w, https:\/\/urbeamea.ro\/albaiulia\/wp-content\/uploads\/2019\/05\/Foto-semnare-1-768x334.jpg 768w\" sizes=\"auto, (max-width: 1280px) 100vw, 1280px\" \/><\/figure>\n\n\n\n<p>\u00a0\u00a0 <em>\u201dOra\u0219ul Teiu\u0219 este unul dintre cele 45 de ora\u0219e mici din Regiunea Centru care au depus proiecte pe Prioritatea de investi\u021bii a Programului REGIO prin care se dore\u0219te \u00eembun\u0103t\u0103\u021birea calit\u0103\u021bii vie\u021bii popula\u021biei. La nivelul Regiunii sunt solicitate peste 720 milioane lei, adic\u0103 de peste \u0219apte ori mai mult dec\u00e2t suma disponibil\u0103. Este foarte bine c\u0103 ora\u0219ul Teiu\u0219 este printre primele care beneficiaz\u0103 de fonduri nerambursabile pe acest domeniu, deoarece va deveni un exemplu pentru felul \u00een care fondurile europene pot schimba \u00een bine fa\u021ba unei mici localit\u0103\u021bi urbane. Prim\u0103ria acceseaz\u0103 fonduri europene prin Programul Opera\u021bional Regional 2014-2020 \u0219i pentru reabilitarea ambelor unit\u0103\u021bi de \u00eenv\u0103\u021b\u0103m\u00e2nt, aspecte care dovedesc faptul c\u0103 administra\u021bia se preocup\u0103 pentru dezvoltarea localit\u0103\u021bii, chiar dac\u0103 este dificil pentru o localitate mic\u0103 s\u0103 preg\u0103teasc\u0103 cereri de finan\u021bare pe fonduri europene. S-au realizat deja lucruri importante \u00een infrastructura local\u0103 \u0219i multe alte lucr\u0103ri nu ar fi posibile f\u0103r\u0103 aportul fondurilor europene. Ora\u0219ul este pe un trend pozitiv \u0219i investi\u021biile publice faciliteaz\u0103 dezvoltarea mediului privat, \u00een beneficiul \u00eentregii comunit\u0103\u021bi locale\u201d<\/em>, a declarat domnul Simion Cre\u021bu, director general ADR Centru.\u00a0\u00a0 <\/p>\n\n\n\n<ul class=\"wp-block-gallery columns-3 is-cropped wp-block-gallery-1 is-layout-flex wp-block-gallery-is-layout-flex\"><li class=\"blocks-gallery-item\"><figure><a href=\"https:\/\/urbeamea.ro\/albaiulia\/wp-content\/uploads\/2019\/05\/Foto1.jpg\"><img loading=\"lazy\" decoding=\"async\" width=\"737\" height=\"526\" src=\"https:\/\/urbeamea.ro\/albaiulia\/wp-content\/uploads\/2019\/05\/Foto1.jpg\" alt=\"\" data-id=\"75426\" data-link=\"https:\/\/urbeamea.ro\/albaiulia\/?attachment_id=75426\" class=\"wp-image-75426\" srcset=\"https:\/\/urbeamea.ro\/albaiulia\/wp-content\/uploads\/2019\/05\/Foto1.jpg 737w, https:\/\/urbeamea.ro\/albaiulia\/wp-content\/uploads\/2019\/05\/Foto1-150x107.jpg 150w, https:\/\/urbeamea.ro\/albaiulia\/wp-content\/uploads\/2019\/05\/Foto1-640x457.jpg 640w\" sizes=\"auto, (max-width: 737px) 100vw, 737px\" \/><\/a><\/figure><\/li><li class=\"blocks-gallery-item\"><figure><a href=\"https:\/\/urbeamea.ro\/albaiulia\/wp-content\/uploads\/2019\/05\/Foto1_r.jpg\"><img loading=\"lazy\" decoding=\"async\" width=\"736\" height=\"415\" src=\"https:\/\/urbeamea.ro\/albaiulia\/wp-content\/uploads\/2019\/05\/Foto1_r.jpg\" alt=\"\" data-id=\"75427\" data-link=\"https:\/\/urbeamea.ro\/albaiulia\/?attachment_id=75427\" class=\"wp-image-75427\" srcset=\"https:\/\/urbeamea.ro\/albaiulia\/wp-content\/uploads\/2019\/05\/Foto1_r.jpg 736w, https:\/\/urbeamea.ro\/albaiulia\/wp-content\/uploads\/2019\/05\/Foto1_r-150x85.jpg 150w, https:\/\/urbeamea.ro\/albaiulia\/wp-content\/uploads\/2019\/05\/Foto1_r-640x361.jpg 640w\" sizes=\"auto, (max-width: 736px) 100vw, 736px\" \/><\/a><\/figure><\/li><li class=\"blocks-gallery-item\"><figure><a href=\"https:\/\/urbeamea.ro\/albaiulia\/wp-content\/uploads\/2019\/05\/Foto2.jpg\"><img loading=\"lazy\" decoding=\"async\" width=\"790\" height=\"536\" src=\"https:\/\/urbeamea.ro\/albaiulia\/wp-content\/uploads\/2019\/05\/Foto2.jpg\" alt=\"\" data-id=\"75428\" data-link=\"https:\/\/urbeamea.ro\/albaiulia\/?attachment_id=75428\" class=\"wp-image-75428\" srcset=\"https:\/\/urbeamea.ro\/albaiulia\/wp-content\/uploads\/2019\/05\/Foto2.jpg 790w, https:\/\/urbeamea.ro\/albaiulia\/wp-content\/uploads\/2019\/05\/Foto2-150x102.jpg 150w, https:\/\/urbeamea.ro\/albaiulia\/wp-content\/uploads\/2019\/05\/Foto2-640x434.jpg 640w, https:\/\/urbeamea.ro\/albaiulia\/wp-content\/uploads\/2019\/05\/Foto2-768x521.jpg 768w\" sizes=\"auto, (max-width: 790px) 100vw, 790px\" \/><\/a><\/figure><\/li><li class=\"blocks-gallery-item\"><figure><a href=\"https:\/\/urbeamea.ro\/albaiulia\/wp-content\/uploads\/2019\/05\/Foto3.jpg\"><img loading=\"lazy\" decoding=\"async\" width=\"788\" height=\"474\" src=\"https:\/\/urbeamea.ro\/albaiulia\/wp-content\/uploads\/2019\/05\/Foto3.jpg\" alt=\"\" data-id=\"75429\" data-link=\"https:\/\/urbeamea.ro\/albaiulia\/?attachment_id=75429\" class=\"wp-image-75429\" srcset=\"https:\/\/urbeamea.ro\/albaiulia\/wp-content\/uploads\/2019\/05\/Foto3.jpg 788w, https:\/\/urbeamea.ro\/albaiulia\/wp-content\/uploads\/2019\/05\/Foto3-150x90.jpg 150w, https:\/\/urbeamea.ro\/albaiulia\/wp-content\/uploads\/2019\/05\/Foto3-640x385.jpg 640w, https:\/\/urbeamea.ro\/albaiulia\/wp-content\/uploads\/2019\/05\/Foto3-768x462.jpg 768w, https:\/\/urbeamea.ro\/albaiulia\/wp-content\/uploads\/2019\/05\/Foto3-265x160.jpg 265w, https:\/\/urbeamea.ro\/albaiulia\/wp-content\/uploads\/2019\/05\/Foto3-370x223.jpg 370w\" sizes=\"auto, (max-width: 788px) 100vw, 788px\" \/><\/a><\/figure><\/li><li class=\"blocks-gallery-item\"><figure><a href=\"https:\/\/urbeamea.ro\/albaiulia\/wp-content\/uploads\/2019\/05\/Foto4.jpg\"><img loading=\"lazy\" decoding=\"async\" width=\"877\" height=\"473\" src=\"https:\/\/urbeamea.ro\/albaiulia\/wp-content\/uploads\/2019\/05\/Foto4.jpg\" alt=\"\" data-id=\"75430\" data-link=\"https:\/\/urbeamea.ro\/albaiulia\/?attachment_id=75430\" class=\"wp-image-75430\" srcset=\"https:\/\/urbeamea.ro\/albaiulia\/wp-content\/uploads\/2019\/05\/Foto4.jpg 877w, https:\/\/urbeamea.ro\/albaiulia\/wp-content\/uploads\/2019\/05\/Foto4-150x81.jpg 150w, https:\/\/urbeamea.ro\/albaiulia\/wp-content\/uploads\/2019\/05\/Foto4-640x345.jpg 640w, https:\/\/urbeamea.ro\/albaiulia\/wp-content\/uploads\/2019\/05\/Foto4-768x414.jpg 768w\" sizes=\"auto, (max-width: 877px) 100vw, 877px\" \/><\/a><\/figure><\/li><li class=\"blocks-gallery-item\"><figure><a href=\"https:\/\/urbeamea.ro\/albaiulia\/wp-content\/uploads\/2019\/05\/Foto5.jpg\"><img loading=\"lazy\" decoding=\"async\" width=\"897\" height=\"473\" src=\"https:\/\/urbeamea.ro\/albaiulia\/wp-content\/uploads\/2019\/05\/Foto5.jpg\" alt=\"\" data-id=\"75431\" data-link=\"https:\/\/urbeamea.ro\/albaiulia\/?attachment_id=75431\" class=\"wp-image-75431\" srcset=\"https:\/\/urbeamea.ro\/albaiulia\/wp-content\/uploads\/2019\/05\/Foto5.jpg 897w, https:\/\/urbeamea.ro\/albaiulia\/wp-content\/uploads\/2019\/05\/Foto5-150x79.jpg 150w, https:\/\/urbeamea.ro\/albaiulia\/wp-content\/uploads\/2019\/05\/Foto5-640x337.jpg 640w, https:\/\/urbeamea.ro\/albaiulia\/wp-content\/uploads\/2019\/05\/Foto5-768x405.jpg 768w\" sizes=\"auto, (max-width: 897px) 100vw, 897px\" \/><\/a><\/figure><\/li><li class=\"blocks-gallery-item\"><figure><a href=\"https:\/\/urbeamea.ro\/albaiulia\/wp-content\/uploads\/2019\/05\/Foto-semnare-1-1280x556.jpg\"><img loading=\"lazy\" decoding=\"async\" width=\"1280\" height=\"556\" src=\"https:\/\/urbeamea.ro\/albaiulia\/wp-content\/uploads\/2019\/05\/Foto-semnare-1-1280x556.jpg\" alt=\"\" data-id=\"75432\" data-link=\"https:\/\/urbeamea.ro\/albaiulia\/?attachment_id=75432\" class=\"wp-image-75432\" srcset=\"https:\/\/urbeamea.ro\/albaiulia\/wp-content\/uploads\/2019\/05\/Foto-semnare-1-1280x556.jpg 1280w, https:\/\/urbeamea.ro\/albaiulia\/wp-content\/uploads\/2019\/05\/Foto-semnare-1-150x65.jpg 150w, https:\/\/urbeamea.ro\/albaiulia\/wp-content\/uploads\/2019\/05\/Foto-semnare-1-640x278.jpg 640w, https:\/\/urbeamea.ro\/albaiulia\/wp-content\/uploads\/2019\/05\/Foto-semnare-1-768x334.jpg 768w\" sizes=\"auto, (max-width: 1280px) 100vw, 1280px\" \/><\/a><\/figure><\/li><li class=\"blocks-gallery-item\"><figure><a href=\"https:\/\/urbeamea.ro\/albaiulia\/wp-content\/uploads\/2019\/05\/Foto-semnare-2-1280x720.jpg\"><img loading=\"lazy\" decoding=\"async\" width=\"1280\" height=\"720\" src=\"https:\/\/urbeamea.ro\/albaiulia\/wp-content\/uploads\/2019\/05\/Foto-semnare-2-1280x720.jpg\" alt=\"\" data-id=\"75433\" data-link=\"https:\/\/urbeamea.ro\/albaiulia\/?attachment_id=75433\" class=\"wp-image-75433\" srcset=\"https:\/\/urbeamea.ro\/albaiulia\/wp-content\/uploads\/2019\/05\/Foto-semnare-2-1280x720.jpg 1280w, https:\/\/urbeamea.ro\/albaiulia\/wp-content\/uploads\/2019\/05\/Foto-semnare-2-150x84.jpg 150w, https:\/\/urbeamea.ro\/albaiulia\/wp-content\/uploads\/2019\/05\/Foto-semnare-2-640x360.jpg 640w, https:\/\/urbeamea.ro\/albaiulia\/wp-content\/uploads\/2019\/05\/Foto-semnare-2-768x432.jpg 768w, https:\/\/urbeamea.ro\/albaiulia\/wp-content\/uploads\/2019\/05\/Foto-semnare-2.jpg 1691w\" sizes=\"auto, (max-width: 1280px) 100vw, 1280px\" \/><\/a><\/figure><\/li><li class=\"blocks-gallery-item\"><figure><a href=\"https:\/\/urbeamea.ro\/albaiulia\/wp-content\/uploads\/2019\/05\/Foto-semnare-3-1280x720.jpg\"><img loading=\"lazy\" decoding=\"async\" width=\"1280\" height=\"720\" src=\"https:\/\/urbeamea.ro\/albaiulia\/wp-content\/uploads\/2019\/05\/Foto-semnare-3-1280x720.jpg\" alt=\"\" data-id=\"75434\" data-link=\"https:\/\/urbeamea.ro\/albaiulia\/?attachment_id=75434\" class=\"wp-image-75434\" srcset=\"https:\/\/urbeamea.ro\/albaiulia\/wp-content\/uploads\/2019\/05\/Foto-semnare-3-1280x720.jpg 1280w, https:\/\/urbeamea.ro\/albaiulia\/wp-content\/uploads\/2019\/05\/Foto-semnare-3-150x84.jpg 150w, https:\/\/urbeamea.ro\/albaiulia\/wp-content\/uploads\/2019\/05\/Foto-semnare-3-640x360.jpg 640w, https:\/\/urbeamea.ro\/albaiulia\/wp-content\/uploads\/2019\/05\/Foto-semnare-3-768x432.jpg 768w, https:\/\/urbeamea.ro\/albaiulia\/wp-content\/uploads\/2019\/05\/Foto-semnare-3.jpg 1407w\" sizes=\"auto, (max-width: 1280px) 100vw, 1280px\" \/><\/a><\/figure><\/li><\/ul>\n","protected":false},"excerpt":{"rendered":"<p>Prin proiectul \u201dRegenerarea urban\u0103 socio-cultural\u0103 a ora\u0219ului Teiu\u0219\u201d se atrag fonduri europene nerambursabile \u00een vederea finan\u021b\u0103rii unor obiective ce se reg\u0103sesc men\u021bionate \u00een cadrul Strategiei Locale de Dezvoltare Durabil\u0103 a Ora\u0219ului Teiu\u0219 2015-2020, \u00een cadrul c\u0103reia s-au stabilit printre altele \u0219i investi\u021bii \u00een infrastructura cultural-recreativ\u0103 \u0219i \u00eembun\u0103t\u0103\u021birea spa\u021biilor publice urbane. Este vorba de o nou\u0103 &hellip;<\/p>\n","protected":false},"author":17,"featured_media":75426,"comment_status":"open","ping_status":"open","sticky":false,"template":"","format":"standard","meta":{"inline_featured_image":false,"footnotes":""},"categories":[6663],"tags":[307,308,2419,76],"class_list":["post-75425","post","type-post","status-publish","format-standard","has-post-thumbnail","hentry","category-economic","tag-alba","tag-stiri","tag-teius","tag-urbea-mea"],"yoast_head":"<!-- This site is optimized with the Yoast SEO plugin v27.4 - https:\/\/yoast.com\/product\/yoast-seo-wordpress\/ -->\n<title>FOTO: Investi\u021bii regio de peste 3,6 milioane de euro pentru reabilitare urban\u0103 - Revista Urbea Mea - Revista de Alba<\/title>\n<meta name=\"description\" content=\"Prin proiectul \u201dRegenerarea urban\u0103 socio-cultural\u0103 a ora\u0219ului Teiu\u0219\u201d se atrag fonduri europene nerambursabile \u00een vederea finan\u021b\u0103rii unor obiective ce se\" \/>\n<meta name=\"robots\" content=\"index, follow, max-snippet:-1, max-image-preview:large, max-video-preview:-1\" \/>\n<link rel=\"canonical\" href=\"https:\/\/urbeamea.ro\/albaiulia\/foto-investitii-regio-de-peste-36-milioane-de-euro-pentru-reabilitare-urbana\/\" \/>\n<meta name=\"twitter:card\" content=\"summary_large_image\" \/>\n<meta name=\"twitter:title\" content=\"FOTO: Investi\u021bii regio de peste 3,6 milioane de euro pentru reabilitare urban\u0103 - Revista Urbea Mea - Revista de Alba\" \/>\n<meta name=\"twitter:description\" content=\"Prin proiectul \u201dRegenerarea urban\u0103 socio-cultural\u0103 a ora\u0219ului Teiu\u0219\u201d se atrag fonduri europene nerambursabile \u00een vederea finan\u021b\u0103rii unor obiective ce se\" \/>\n<meta name=\"twitter:image\" content=\"https:\/\/urbeamea.ro\/albaiulia\/wp-content\/uploads\/2019\/05\/Foto1.jpg\" \/>\n<meta name=\"twitter:creator\" content=\"@urbeameaweb\" \/>\n<meta name=\"twitter:site\" content=\"@urbeameaweb\" \/>\n<script type=\"application\/ld+json\" class=\"yoast-schema-graph\">{\"@context\":\"https:\\\/\\\/schema.org\",\"@graph\":[{\"@type\":\"Article\",\"@id\":\"https:\\\/\\\/urbeamea.ro\\\/albaiulia\\\/foto-investitii-regio-de-peste-36-milioane-de-euro-pentru-reabilitare-urbana\\\/#article\",\"isPartOf\":{\"@id\":\"https:\\\/\\\/urbeamea.ro\\\/albaiulia\\\/foto-investitii-regio-de-peste-36-milioane-de-euro-pentru-reabilitare-urbana\\\/\"},\"author\":{\"name\":\"Cristina Ganga\",\"@id\":\"https:\\\/\\\/urbeamea.ro\\\/albaiulia\\\/#\\\/schema\\\/person\\\/9700d21fae21c4f038b0b56f4506264a\"},\"headline\":\"FOTO: Investi\u021bii regio de peste 3,6 milioane de euro pentru reabilitare urban\u0103\",\"datePublished\":\"2019-05-03T14:55:33+00:00\",\"dateModified\":\"2019-05-03T14:55:39+00:00\",\"mainEntityOfPage\":{\"@id\":\"https:\\\/\\\/urbeamea.ro\\\/albaiulia\\\/foto-investitii-regio-de-peste-36-milioane-de-euro-pentru-reabilitare-urbana\\\/\"},\"wordCount\":1222,\"commentCount\":0,\"image\":{\"@id\":\"https:\\\/\\\/urbeamea.ro\\\/albaiulia\\\/foto-investitii-regio-de-peste-36-milioane-de-euro-pentru-reabilitare-urbana\\\/#primaryimage\"},\"thumbnailUrl\":\"https:\\\/\\\/urbeamea.ro\\\/albaiulia\\\/wp-content\\\/uploads\\\/2019\\\/05\\\/Foto1.jpg\",\"keywords\":[\"alba\",\"stiri\",\"teius\",\"Urbea Mea\"],\"articleSection\":[\"Economic\"],\"inLanguage\":\"ro-RO\",\"potentialAction\":[{\"@type\":\"CommentAction\",\"name\":\"Comment\",\"target\":[\"https:\\\/\\\/urbeamea.ro\\\/albaiulia\\\/foto-investitii-regio-de-peste-36-milioane-de-euro-pentru-reabilitare-urbana\\\/#respond\"]}]},{\"@type\":\"WebPage\",\"@id\":\"https:\\\/\\\/urbeamea.ro\\\/albaiulia\\\/foto-investitii-regio-de-peste-36-milioane-de-euro-pentru-reabilitare-urbana\\\/\",\"url\":\"https:\\\/\\\/urbeamea.ro\\\/albaiulia\\\/foto-investitii-regio-de-peste-36-milioane-de-euro-pentru-reabilitare-urbana\\\/\",\"name\":\"FOTO: Investi\u021bii regio de peste 3,6 milioane de euro pentru reabilitare urban\u0103 - Revista Urbea Mea - Revista de Alba\",\"isPartOf\":{\"@id\":\"https:\\\/\\\/urbeamea.ro\\\/albaiulia\\\/#website\"},\"primaryImageOfPage\":{\"@id\":\"https:\\\/\\\/urbeamea.ro\\\/albaiulia\\\/foto-investitii-regio-de-peste-36-milioane-de-euro-pentru-reabilitare-urbana\\\/#primaryimage\"},\"image\":{\"@id\":\"https:\\\/\\\/urbeamea.ro\\\/albaiulia\\\/foto-investitii-regio-de-peste-36-milioane-de-euro-pentru-reabilitare-urbana\\\/#primaryimage\"},\"thumbnailUrl\":\"https:\\\/\\\/urbeamea.ro\\\/albaiulia\\\/wp-content\\\/uploads\\\/2019\\\/05\\\/Foto1.jpg\",\"datePublished\":\"2019-05-03T14:55:33+00:00\",\"dateModified\":\"2019-05-03T14:55:39+00:00\",\"author\":{\"@id\":\"https:\\\/\\\/urbeamea.ro\\\/albaiulia\\\/#\\\/schema\\\/person\\\/9700d21fae21c4f038b0b56f4506264a\"},\"description\":\"Prin proiectul \u201dRegenerarea urban\u0103 socio-cultural\u0103 a ora\u0219ului Teiu\u0219\u201d se atrag fonduri europene nerambursabile \u00een vederea finan\u021b\u0103rii unor obiective ce se\",\"breadcrumb\":{\"@id\":\"https:\\\/\\\/urbeamea.ro\\\/albaiulia\\\/foto-investitii-regio-de-peste-36-milioane-de-euro-pentru-reabilitare-urbana\\\/#breadcrumb\"},\"inLanguage\":\"ro-RO\",\"potentialAction\":[{\"@type\":\"ReadAction\",\"target\":[\"https:\\\/\\\/urbeamea.ro\\\/albaiulia\\\/foto-investitii-regio-de-peste-36-milioane-de-euro-pentru-reabilitare-urbana\\\/\"]}]},{\"@type\":\"ImageObject\",\"inLanguage\":\"ro-RO\",\"@id\":\"https:\\\/\\\/urbeamea.ro\\\/albaiulia\\\/foto-investitii-regio-de-peste-36-milioane-de-euro-pentru-reabilitare-urbana\\\/#primaryimage\",\"url\":\"https:\\\/\\\/urbeamea.ro\\\/albaiulia\\\/wp-content\\\/uploads\\\/2019\\\/05\\\/Foto1.jpg\",\"contentUrl\":\"https:\\\/\\\/urbeamea.ro\\\/albaiulia\\\/wp-content\\\/uploads\\\/2019\\\/05\\\/Foto1.jpg\",\"width\":737,\"height\":526},{\"@type\":\"BreadcrumbList\",\"@id\":\"https:\\\/\\\/urbeamea.ro\\\/albaiulia\\\/foto-investitii-regio-de-peste-36-milioane-de-euro-pentru-reabilitare-urbana\\\/#breadcrumb\",\"itemListElement\":[{\"@type\":\"ListItem\",\"position\":1,\"name\":\"Prima pagin\u0103\",\"item\":\"https:\\\/\\\/urbeamea.ro\\\/albaiulia\\\/\"},{\"@type\":\"ListItem\",\"position\":2,\"name\":\"FOTO: Investi\u021bii regio de peste 3,6 milioane de euro pentru reabilitare urban\u0103\"}]},{\"@type\":\"WebSite\",\"@id\":\"https:\\\/\\\/urbeamea.ro\\\/albaiulia\\\/#website\",\"url\":\"https:\\\/\\\/urbeamea.ro\\\/albaiulia\\\/\",\"name\":\"Revista Urbea Mea, Stiri urbane\",\"description\":\"Evenimente \u0219i \u0219tiri din Alba Iulia, Sebe\u0219, Aiud, Blaj\",\"potentialAction\":[{\"@type\":\"SearchAction\",\"target\":{\"@type\":\"EntryPoint\",\"urlTemplate\":\"https:\\\/\\\/urbeamea.ro\\\/albaiulia\\\/?s={search_term_string}\"},\"query-input\":{\"@type\":\"PropertyValueSpecification\",\"valueRequired\":true,\"valueName\":\"search_term_string\"}}],\"inLanguage\":\"ro-RO\"},{\"@type\":\"Person\",\"@id\":\"https:\\\/\\\/urbeamea.ro\\\/albaiulia\\\/#\\\/schema\\\/person\\\/9700d21fae21c4f038b0b56f4506264a\",\"name\":\"Cristina Ganga\",\"image\":{\"@type\":\"ImageObject\",\"inLanguage\":\"ro-RO\",\"@id\":\"https:\\\/\\\/secure.gravatar.com\\\/avatar\\\/5a67661041f057b4a8ccaf26f5a8e86e2689372006d01faf3dd9eeb10b654bb4?s=96&d=mm&r=g\",\"url\":\"https:\\\/\\\/secure.gravatar.com\\\/avatar\\\/5a67661041f057b4a8ccaf26f5a8e86e2689372006d01faf3dd9eeb10b654bb4?s=96&d=mm&r=g\",\"contentUrl\":\"https:\\\/\\\/secure.gravatar.com\\\/avatar\\\/5a67661041f057b4a8ccaf26f5a8e86e2689372006d01faf3dd9eeb10b654bb4?s=96&d=mm&r=g\",\"caption\":\"Cristina Ganga\"},\"description\":\"Jurnalist\",\"sameAs\":[\"https:\\\/\\\/www.facebook.com\\\/cristina.nicola.587\"],\"url\":\"https:\\\/\\\/urbeamea.ro\\\/albaiulia\\\/author\\\/cristina-nicola\\\/\"}]}<\/script>\n<!-- \/ Yoast SEO plugin. -->","yoast_head_json":{"title":"FOTO: Investi\u021bii regio de peste 3,6 milioane de euro pentru reabilitare urban\u0103 - Revista Urbea Mea - Revista de Alba","description":"Prin proiectul \u201dRegenerarea urban\u0103 socio-cultural\u0103 a ora\u0219ului Teiu\u0219\u201d se atrag fonduri europene nerambursabile \u00een vederea finan\u021b\u0103rii unor obiective ce se","robots":{"index":"index","follow":"follow","max-snippet":"max-snippet:-1","max-image-preview":"max-image-preview:large","max-video-preview":"max-video-preview:-1"},"canonical":"https:\/\/urbeamea.ro\/albaiulia\/foto-investitii-regio-de-peste-36-milioane-de-euro-pentru-reabilitare-urbana\/","twitter_card":"summary_large_image","twitter_title":"FOTO: Investi\u021bii regio de peste 3,6 milioane de euro pentru reabilitare urban\u0103 - Revista Urbea Mea - Revista de Alba","twitter_description":"Prin proiectul \u201dRegenerarea urban\u0103 socio-cultural\u0103 a ora\u0219ului Teiu\u0219\u201d se atrag fonduri europene nerambursabile \u00een vederea finan\u021b\u0103rii unor obiective ce se","twitter_image":"https:\/\/urbeamea.ro\/albaiulia\/wp-content\/uploads\/2019\/05\/Foto1.jpg","twitter_creator":"@urbeameaweb","twitter_site":"@urbeameaweb","schema":{"@context":"https:\/\/schema.org","@graph":[{"@type":"Article","@id":"https:\/\/urbeamea.ro\/albaiulia\/foto-investitii-regio-de-peste-36-milioane-de-euro-pentru-reabilitare-urbana\/#article","isPartOf":{"@id":"https:\/\/urbeamea.ro\/albaiulia\/foto-investitii-regio-de-peste-36-milioane-de-euro-pentru-reabilitare-urbana\/"},"author":{"name":"Cristina Ganga","@id":"https:\/\/urbeamea.ro\/albaiulia\/#\/schema\/person\/9700d21fae21c4f038b0b56f4506264a"},"headline":"FOTO: Investi\u021bii regio de peste 3,6 milioane de euro pentru reabilitare urban\u0103","datePublished":"2019-05-03T14:55:33+00:00","dateModified":"2019-05-03T14:55:39+00:00","mainEntityOfPage":{"@id":"https:\/\/urbeamea.ro\/albaiulia\/foto-investitii-regio-de-peste-36-milioane-de-euro-pentru-reabilitare-urbana\/"},"wordCount":1222,"commentCount":0,"image":{"@id":"https:\/\/urbeamea.ro\/albaiulia\/foto-investitii-regio-de-peste-36-milioane-de-euro-pentru-reabilitare-urbana\/#primaryimage"},"thumbnailUrl":"https:\/\/urbeamea.ro\/albaiulia\/wp-content\/uploads\/2019\/05\/Foto1.jpg","keywords":["alba","stiri","teius","Urbea Mea"],"articleSection":["Economic"],"inLanguage":"ro-RO","potentialAction":[{"@type":"CommentAction","name":"Comment","target":["https:\/\/urbeamea.ro\/albaiulia\/foto-investitii-regio-de-peste-36-milioane-de-euro-pentru-reabilitare-urbana\/#respond"]}]},{"@type":"WebPage","@id":"https:\/\/urbeamea.ro\/albaiulia\/foto-investitii-regio-de-peste-36-milioane-de-euro-pentru-reabilitare-urbana\/","url":"https:\/\/urbeamea.ro\/albaiulia\/foto-investitii-regio-de-peste-36-milioane-de-euro-pentru-reabilitare-urbana\/","name":"FOTO: Investi\u021bii regio de peste 3,6 milioane de euro pentru reabilitare urban\u0103 - Revista Urbea Mea - Revista de Alba","isPartOf":{"@id":"https:\/\/urbeamea.ro\/albaiulia\/#website"},"primaryImageOfPage":{"@id":"https:\/\/urbeamea.ro\/albaiulia\/foto-investitii-regio-de-peste-36-milioane-de-euro-pentru-reabilitare-urbana\/#primaryimage"},"image":{"@id":"https:\/\/urbeamea.ro\/albaiulia\/foto-investitii-regio-de-peste-36-milioane-de-euro-pentru-reabilitare-urbana\/#primaryimage"},"thumbnailUrl":"https:\/\/urbeamea.ro\/albaiulia\/wp-content\/uploads\/2019\/05\/Foto1.jpg","datePublished":"2019-05-03T14:55:33+00:00","dateModified":"2019-05-03T14:55:39+00:00","author":{"@id":"https:\/\/urbeamea.ro\/albaiulia\/#\/schema\/person\/9700d21fae21c4f038b0b56f4506264a"},"description":"Prin proiectul \u201dRegenerarea urban\u0103 socio-cultural\u0103 a ora\u0219ului Teiu\u0219\u201d se atrag fonduri europene nerambursabile \u00een vederea finan\u021b\u0103rii unor obiective ce se","breadcrumb":{"@id":"https:\/\/urbeamea.ro\/albaiulia\/foto-investitii-regio-de-peste-36-milioane-de-euro-pentru-reabilitare-urbana\/#breadcrumb"},"inLanguage":"ro-RO","potentialAction":[{"@type":"ReadAction","target":["https:\/\/urbeamea.ro\/albaiulia\/foto-investitii-regio-de-peste-36-milioane-de-euro-pentru-reabilitare-urbana\/"]}]},{"@type":"ImageObject","inLanguage":"ro-RO","@id":"https:\/\/urbeamea.ro\/albaiulia\/foto-investitii-regio-de-peste-36-milioane-de-euro-pentru-reabilitare-urbana\/#primaryimage","url":"https:\/\/urbeamea.ro\/albaiulia\/wp-content\/uploads\/2019\/05\/Foto1.jpg","contentUrl":"https:\/\/urbeamea.ro\/albaiulia\/wp-content\/uploads\/2019\/05\/Foto1.jpg","width":737,"height":526},{"@type":"BreadcrumbList","@id":"https:\/\/urbeamea.ro\/albaiulia\/foto-investitii-regio-de-peste-36-milioane-de-euro-pentru-reabilitare-urbana\/#breadcrumb","itemListElement":[{"@type":"ListItem","position":1,"name":"Prima pagin\u0103","item":"https:\/\/urbeamea.ro\/albaiulia\/"},{"@type":"ListItem","position":2,"name":"FOTO: Investi\u021bii regio de peste 3,6 milioane de euro pentru reabilitare urban\u0103"}]},{"@type":"WebSite","@id":"https:\/\/urbeamea.ro\/albaiulia\/#website","url":"https:\/\/urbeamea.ro\/albaiulia\/","name":"Revista Urbea Mea, Stiri urbane","description":"Evenimente \u0219i \u0219tiri din Alba Iulia, Sebe\u0219, Aiud, Blaj","potentialAction":[{"@type":"SearchAction","target":{"@type":"EntryPoint","urlTemplate":"https:\/\/urbeamea.ro\/albaiulia\/?s={search_term_string}"},"query-input":{"@type":"PropertyValueSpecification","valueRequired":true,"valueName":"search_term_string"}}],"inLanguage":"ro-RO"},{"@type":"Person","@id":"https:\/\/urbeamea.ro\/albaiulia\/#\/schema\/person\/9700d21fae21c4f038b0b56f4506264a","name":"Cristina Ganga","image":{"@type":"ImageObject","inLanguage":"ro-RO","@id":"https:\/\/secure.gravatar.com\/avatar\/5a67661041f057b4a8ccaf26f5a8e86e2689372006d01faf3dd9eeb10b654bb4?s=96&d=mm&r=g","url":"https:\/\/secure.gravatar.com\/avatar\/5a67661041f057b4a8ccaf26f5a8e86e2689372006d01faf3dd9eeb10b654bb4?s=96&d=mm&r=g","contentUrl":"https:\/\/secure.gravatar.com\/avatar\/5a67661041f057b4a8ccaf26f5a8e86e2689372006d01faf3dd9eeb10b654bb4?s=96&d=mm&r=g","caption":"Cristina Ganga"},"description":"Jurnalist","sameAs":["https:\/\/www.facebook.com\/cristina.nicola.587"],"url":"https:\/\/urbeamea.ro\/albaiulia\/author\/cristina-nicola\/"}]}},"_links":{"self":[{"href":"https:\/\/urbeamea.ro\/albaiulia\/wp-json\/wp\/v2\/posts\/75425","targetHints":{"allow":["GET"]}}],"collection":[{"href":"https:\/\/urbeamea.ro\/albaiulia\/wp-json\/wp\/v2\/posts"}],"about":[{"href":"https:\/\/urbeamea.ro\/albaiulia\/wp-json\/wp\/v2\/types\/post"}],"author":[{"embeddable":true,"href":"https:\/\/urbeamea.ro\/albaiulia\/wp-json\/wp\/v2\/users\/17"}],"replies":[{"embeddable":true,"href":"https:\/\/urbeamea.ro\/albaiulia\/wp-json\/wp\/v2\/comments?post=75425"}],"version-history":[{"count":0,"href":"https:\/\/urbeamea.ro\/albaiulia\/wp-json\/wp\/v2\/posts\/75425\/revisions"}],"wp:featuredmedia":[{"embeddable":true,"href":"https:\/\/urbeamea.ro\/albaiulia\/wp-json\/wp\/v2\/media\/75426"}],"wp:attachment":[{"href":"https:\/\/urbeamea.ro\/albaiulia\/wp-json\/wp\/v2\/media?parent=75425"}],"wp:term":[{"taxonomy":"category","embeddable":true,"href":"https:\/\/urbeamea.ro\/albaiulia\/wp-json\/wp\/v2\/categories?post=75425"},{"taxonomy":"post_tag","embeddable":true,"href":"https:\/\/urbeamea.ro\/albaiulia\/wp-json\/wp\/v2\/tags?post=75425"}],"curies":[{"name":"wp","href":"https:\/\/api.w.org\/{rel}","templated":true}]}}