{"id":75796,"date":"2019-05-08T16:51:40","date_gmt":"2019-05-08T13:51:40","guid":{"rendered":"https:\/\/urbeamea.ro\/albaiulia\/?p=75796"},"modified":"2019-05-08T16:51:47","modified_gmt":"2019-05-08T13:51:47","slug":"foto-extindere-si-dotare-moderna-la-unitatea-de-primiri-urgente-din-cadrul-spitalului-judetean-de-urgente-alba","status":"publish","type":"post","link":"https:\/\/urbeamea.ro\/albaiulia\/foto-extindere-si-dotare-moderna-la-unitatea-de-primiri-urgente-din-cadrul-spitalului-judetean-de-urgente-alba\/","title":{"rendered":"FOTO: Extindere \u0219i dotare modern\u0103 la unitatea de primiri urgen\u021be din cadrul Spitalului Jude\u021bean de Urgen\u021be Alba"},"content":{"rendered":"\n<p class=\"wp-block-paragraph\"><strong>\u00cen urm\u0103 cu un an a fost semnat contractul de finan\u021bare pentru <a>optimizarea, cu fonduri REGIO, a sistemului de \u00eenc\u0103lzire \u0219i produc\u021bie ap\u0103 cald\u0103 la cea mai mare institu\u021bie spitaliceasc\u0103 din jude\u021bul Alba<\/a>. <\/strong><\/p>\n\n\n\n<p class=\"wp-block-paragraph\">Investi\u021biile cu resurse europene la Spitalul Jude\u021bean de Urgen\u021b\u0103 Alba reprezint\u0103 o prioritate pentru administra\u021bia public\u0103 jude\u021bean\u0103, fapt pentru care, din acel moment, \u00een luna decembrie a anului trecut a mai fost semnat un proiect prin care se doteaz\u0103 unit\u0103\u021bile ambulatorii ale spitalului, iar acum s-a semnat \u0219i finan\u021barea pentru investi\u021bia privind <em>\u201dExtinderea \u0219i dotarea Unit\u0103\u021bii de Primiri Urgen\u021be a Spitalului Jude\u021bean de Urgen\u021b\u0103 Alba Iulia\u201d<\/em>. <\/p>\n\n\n\n<p class=\"wp-block-paragraph\">Contractul \u00een valoare total\u0103 de peste 7,5 milioane lei, \u00eencheiat \u00een cadrul Programului Opera\u021bional Regional 2014-2020, a fost semnat azi de domnul<strong> <\/strong>pre\u0219edinte Ion Dumitrel, din partea Consiliului Jude\u021bean Alba, \u0219i de domnul Simion Cre\u021bu, din partea ADR Centru, \u00een cadrul unei \u00eentrevederi cu presa, desf\u0103\u0219urat\u0103 chiar la sediul Spitalului albaiulian, \u00een prezen\u021ba doamnei Ec. Simona Diana M\u00e2rza, managerul unit\u0103\u021bii medicale, a mai multor medici, dar \u0219i a reprezentan\u021bilor administra\u021biei publice locale. Concret, prin acest proiect, investi\u021biile cu fonduri europene la Spitalul Jude\u021bean Alba vor dep\u0103\u0219i suma de 25 milioane lei pentru investi\u021bii \u0219i dot\u0103ri moderne. \u00a0<\/p>\n\n\n\n<p class=\"wp-block-paragraph\">&nbsp;&nbsp;&nbsp;\n<em>\u201eObiectivul pe care l-am asumat pentru jude\u021bul Alba prevede\ninvesti\u021bii importante pentru cre\u0219terea calit\u0103\u021bii vie\u021bii cet\u0103\u021benilor. Folosim\nfonduri europene \u00een infrastructura local\u0103 de transport, prin trei proiecte de\nreabilitare a drumurilor jude\u021bene, dar \u0219i o sum\u0103 important\u0103 \u00een infrastructura\nmedical\u0103. Consiliul Jude\u021bean sus\u021bine activitatea Spitalului Jude\u021bean Alba \u0219i\nechipele noastre comune, din administra\u021bie \u0219i cea coordonat\u0103 de doamna manager\nDiana M\u00e2rza, vor colabora str\u00e2ns \u00een etapa de implementare a proiectului. Ne\npreocup\u0103 direct cre\u0219terea confortului pentru pacien\u021bi \u0219i personal, de aceea\ninvestim \u00een reabilitarea termic\u0103 a cl\u0103dirii, dar ne preocup\u0103 \u0219i cre\u0219terea\ncalit\u0103\u021bii actului medical. Avem aceste investi\u021bii \u00een dot\u0103ri \u0219i echipamente,\ncare vor duce la sc\u0103derea timpului alocat de UPU pentru diagnosticare \u0219i sper\u0103m\ns\u0103 se \u00eembun\u0103t\u0103\u021beasc\u0103 tratamentele medicale oferite oamenilor. Practic, dubl\u0103m\nsuprafa\u021ba unit\u0103\u021bii de primiri urgen\u021be \u0219i aducem echipamente foarte moderne,\nimportante echipele de medici \u0219i asistente, dar \u0219i pentru salvarea vi\u021beii\npacien\u021bilor\u201d<\/em>, a declarat domnul Ion Dumitrel, pre\u0219edintele CJ Alba, vorbind\ndespre acest proiect.<\/p>\n\n\n\n<p class=\"wp-block-paragraph\">Finan\u021barea este acordat\u0103 \u00een cadrul Axei Prioritare 8 a\nProgramului REGIO 2014-2020, pentru investi\u021bii \u00een infrastructura sanitar\u0103 \u0219i\nsocial\u0103 care contribuie la dezvoltarea la nivel na\u021bional, regional \u0219i local,\nreduc\u00e2nd inegalit\u0103\u021bile \u00een ceea ce prive\u0219te starea de s\u0103n\u0103tate \u0219i promov\u00e2nd incluziunea\nsocial\u0103 prin \u00eembun\u0103t\u0103\u021birea accesului la serviciile&nbsp; sociale, culturale \u0219i de recreere, precum \u0219i\ntrecerea de la serviciile institu\u021bionale la serviciile prestate de comunit\u0103\u021bi.\nPrin acest proiect se dore\u0219te cre\u0219terea accesibilit\u0103\u021bii serviciilor de\ns\u0103n\u0103tate, comunitare \u015fi a celor de nivel secundar. P\u00e2n\u0103 la sf\u00e2r\u0219itul lunii februarie\n2022, c\u00e2nd se va finaliza proiectul, Unitatea de Primiri Urgen\u021be va fi extins\u0103\ncu mai mult de 850mp, sec\u021biile aferente urm\u00e2nd a fi dotate cu 371 echipamente,\naparatur\u0103 medical\u0103 \u0219i IT, modern\u0103 \u0219i performant\u0103.<\/p>\n\n\n\n<p class=\"wp-block-paragraph\">&nbsp; <em>\u201dPrin dotarea \u0219i echiparea cu echipamente \u0219i\naparatur\u0103 medical\u0103, mobilier, dar \u0219i dot\u0103ri IT a Unit\u0103\u021bii de Primiri Urgen\u021be\nextins\u0103 tot prin acest proiect dorim s\u0103 cre\u0219tem calitatea serviciilor medicale\nacordate pacien\u021bilor, utiliz\u00e2nd aparatur\u0103 modern \u0219i inovativ\u0103. \u021ainem cont\nastfel \u0219i de patologia diversificat\u0103 \u0219i complex\u0103 a celor care ajung \u00een aceast\u0103\nsec\u021bie a spitalului \u0219i personalul medical a solicitat permanent \u00eembun\u0103t\u0103\u021birea\nactului medical, prin folosirea unor echipamente conform standardelor europene,\npentru reducerea timpilor de a\u0219teptare. Vom asigura astfel \u0219i cre\u0219terea\nperforman\u021belor profesionale ale personalului, prin \u00eembun\u0103t\u0103\u021birea condi\u021biilor de\nmunc\u0103 \u0219i de preg\u0103tire\u201d<\/em>, a specificat doamna ec. Diana M\u00e2rza, manager al\nSpitalului Jude\u021bean de Urgen\u021b\u0103 Alba Iulia.<\/p>\n\n\n\n<p class=\"wp-block-paragraph\">Obiectivul generalal cererii de finan\u021bare \u00eel constituie\ndezvoltarea infrastructurii sanitare, prin investi\u021bii \u00een dot\u0103ri necesare care\ns\u0103 contribuie la dezvoltarea opera\u021bionalit\u0103\u021bii la nivel regional \u0219i local,\nreduc\u00e2nd inegalit\u0103\u021bile \u00een ceea ce prive\u0219te starea de s\u0103n\u0103tate public\u0103 \u0219i\n\u00eembun\u0103t\u0103\u021bind accesul la serviciile medicale de calitate. Prin proiect se\nurm\u0103re\u0219te dublarea suprafe\u021bei utile a Sec\u021biei \u201dUrgen\u021be\u201d din cadrul spitalului\nalbaiulian \u0219i modernizarea \u0219i tehnologizarea la nivel european a acestei sec\u021bii\nmedicale, care utilizeaz\u0103 par\u021bial aparatur\u0103 uzat\u0103 fizic \u0219i moral. Acest\nobiectiv va fi atins prin reorganizarea unor spa\u021bii din UPU existent, realizare\ncorp extindere UPU \u0219i corp extindere sector \u201dDecontaminare\u201d, dar \u0219i prin unele\namenaj\u0103ri exterioare \u00een curtea spitalului. Prin extinderea spa\u021biilor, va cre\u0219te\ncapacitatea de preluare a pacien\u021bilor, iar reg\u00e2ndirea circuitelor medicale va\nduce at\u00e2t la o tratare mai rapid\u0103 a pacien\u021bilor, dar \u0219i la reducerea\nsemnificativ\u0103 a timpilor de a\u0219teptare.<\/p>\n\n\n\n<p class=\"wp-block-paragraph\">\u00a0\u00a0 <em>\u201dLa nivelul Regiunii Centru, de fapt la nivelul \u00eentregii \u021b\u0103ri, principala problem\u0103 a cet\u0103\u021benilor se refer\u0103 la s\u0103n\u0103tate \u0219i la \u00eembun\u0103t\u0103\u021birea acesteia. Jude\u021bul Alba nu face excep\u021bie \u0219i aici se vede clar interesul administra\u021biei publice locale, de a investi \u0219i de a sus\u021bine cre\u0219terea calit\u0103\u021bii actului medical. Jude\u021bul Alba a atras \u00een total peste 80 milioane lei pentru \u00eembun\u0103t\u0103\u021birea serviciilor medicale, at\u00e2t la nivelul administra\u021biei jude\u021bene, c\u00e2t \u0219i prin administra\u021bia public\u0103 local\u0103 din ora\u0219e \u0219i municipii, pentru reabilit\u0103ri termice, moderniz\u0103ri, \u0219i dot\u0103ri ale spa\u021biilor din spitale. Avem astfel de proiecte semnate nu numai la Alba Iulia ci \u0219i la Sebe\u0219, Aiud, Zlatna, Cugir \u0219i Ocna Mure\u0219. Pe de alt\u0103 parte, administra\u021bia public\u0103 jude\u021bean\u0103 investe\u0219te peste 200 milioane lei \u00een reabilitarea \u0219i modernizarea c\u0103ilor de transport, iar pe plan local se fac eforturi pentru regenerare urban\u0103, prin proiectele preg\u0103tite de edili \u00een vederea cre\u0219terii calit\u0103\u021bii vie\u021bii. \u00cen domeniul medical, la nivel regional, coordon\u0103m investi\u021bii de aproape 300 milioane euro pentru lucr\u0103ri de reabilitare energetic\u0103 \u00een unit\u0103\u021bile medicale, precum \u0219i pentru proiecte pentru dot\u0103ri \u00een ambulatorii \u0219i spitale. Aceste investi\u021bii prin Programul REGIO vor duce la diversificarea gamei de servicii medicale \u0219i la sc\u0103derea inciden\u021bei bolilor \u00een r\u00e2ndul popula\u021biei<\/em>\u201d, a declarat domnul Simion Cre\u021bu, director general ADR Centru.<\/p>\n\n\n\n<ul class=\"wp-block-gallery columns-3 is-cropped wp-block-gallery-1 is-layout-flex wp-block-gallery-is-layout-flex\"><li class=\"blocks-gallery-item\"><figure><a href=\"https:\/\/urbeamea.ro\/albaiulia\/wp-content\/uploads\/2019\/05\/Foto-locatie-proiect1.jpg\"><img loading=\"lazy\" decoding=\"async\" width=\"784\" height=\"520\" src=\"https:\/\/urbeamea.ro\/albaiulia\/wp-content\/uploads\/2019\/05\/Foto-locatie-proiect1.jpg\" alt=\"\" data-id=\"75797\" data-link=\"https:\/\/urbeamea.ro\/albaiulia\/?attachment_id=75797\" class=\"wp-image-75797\" srcset=\"https:\/\/urbeamea.ro\/albaiulia\/wp-content\/uploads\/2019\/05\/Foto-locatie-proiect1.jpg 784w, https:\/\/urbeamea.ro\/albaiulia\/wp-content\/uploads\/2019\/05\/Foto-locatie-proiect1-150x99.jpg 150w, https:\/\/urbeamea.ro\/albaiulia\/wp-content\/uploads\/2019\/05\/Foto-locatie-proiect1-640x424.jpg 640w, https:\/\/urbeamea.ro\/albaiulia\/wp-content\/uploads\/2019\/05\/Foto-locatie-proiect1-768x509.jpg 768w\" sizes=\"auto, (max-width: 784px) 100vw, 784px\" \/><\/a><\/figure><\/li><li class=\"blocks-gallery-item\"><figure><a href=\"https:\/\/urbeamea.ro\/albaiulia\/wp-content\/uploads\/2019\/05\/Foto-locatie-proiect2.jpg\"><img loading=\"lazy\" decoding=\"async\" width=\"917\" height=\"572\" src=\"https:\/\/urbeamea.ro\/albaiulia\/wp-content\/uploads\/2019\/05\/Foto-locatie-proiect2.jpg\" alt=\"\" data-id=\"75798\" data-link=\"https:\/\/urbeamea.ro\/albaiulia\/?attachment_id=75798\" class=\"wp-image-75798\" srcset=\"https:\/\/urbeamea.ro\/albaiulia\/wp-content\/uploads\/2019\/05\/Foto-locatie-proiect2.jpg 917w, https:\/\/urbeamea.ro\/albaiulia\/wp-content\/uploads\/2019\/05\/Foto-locatie-proiect2-150x94.jpg 150w, https:\/\/urbeamea.ro\/albaiulia\/wp-content\/uploads\/2019\/05\/Foto-locatie-proiect2-640x399.jpg 640w, https:\/\/urbeamea.ro\/albaiulia\/wp-content\/uploads\/2019\/05\/Foto-locatie-proiect2-768x479.jpg 768w\" sizes=\"auto, (max-width: 917px) 100vw, 917px\" \/><\/a><\/figure><\/li><li class=\"blocks-gallery-item\"><figure><a href=\"https:\/\/urbeamea.ro\/albaiulia\/wp-content\/uploads\/2019\/05\/Foto-locatie-proiect3.jpg\"><img loading=\"lazy\" decoding=\"async\" width=\"967\" height=\"634\" src=\"https:\/\/urbeamea.ro\/albaiulia\/wp-content\/uploads\/2019\/05\/Foto-locatie-proiect3.jpg\" alt=\"\" data-id=\"75799\" data-link=\"https:\/\/urbeamea.ro\/albaiulia\/?attachment_id=75799\" class=\"wp-image-75799\" srcset=\"https:\/\/urbeamea.ro\/albaiulia\/wp-content\/uploads\/2019\/05\/Foto-locatie-proiect3.jpg 967w, https:\/\/urbeamea.ro\/albaiulia\/wp-content\/uploads\/2019\/05\/Foto-locatie-proiect3-150x98.jpg 150w, https:\/\/urbeamea.ro\/albaiulia\/wp-content\/uploads\/2019\/05\/Foto-locatie-proiect3-640x420.jpg 640w, https:\/\/urbeamea.ro\/albaiulia\/wp-content\/uploads\/2019\/05\/Foto-locatie-proiect3-768x504.jpg 768w\" sizes=\"auto, (max-width: 967px) 100vw, 967px\" \/><\/a><\/figure><\/li><li class=\"blocks-gallery-item\"><figure><a href=\"https:\/\/urbeamea.ro\/albaiulia\/wp-content\/uploads\/2019\/05\/Foto-locatie-proiect4.jpg\"><img loading=\"lazy\" decoding=\"async\" width=\"813\" height=\"465\" src=\"https:\/\/urbeamea.ro\/albaiulia\/wp-content\/uploads\/2019\/05\/Foto-locatie-proiect4.jpg\" alt=\"\" data-id=\"75800\" data-link=\"https:\/\/urbeamea.ro\/albaiulia\/?attachment_id=75800\" class=\"wp-image-75800\" srcset=\"https:\/\/urbeamea.ro\/albaiulia\/wp-content\/uploads\/2019\/05\/Foto-locatie-proiect4.jpg 813w, https:\/\/urbeamea.ro\/albaiulia\/wp-content\/uploads\/2019\/05\/Foto-locatie-proiect4-150x86.jpg 150w, https:\/\/urbeamea.ro\/albaiulia\/wp-content\/uploads\/2019\/05\/Foto-locatie-proiect4-640x366.jpg 640w, https:\/\/urbeamea.ro\/albaiulia\/wp-content\/uploads\/2019\/05\/Foto-locatie-proiect4-768x439.jpg 768w\" sizes=\"auto, (max-width: 813px) 100vw, 813px\" \/><\/a><\/figure><\/li><li class=\"blocks-gallery-item\"><figure><a href=\"https:\/\/urbeamea.ro\/albaiulia\/wp-content\/uploads\/2019\/05\/Foto-locatie-proiect5-1280x726.jpg\"><img loading=\"lazy\" decoding=\"async\" width=\"1280\" height=\"726\" src=\"https:\/\/urbeamea.ro\/albaiulia\/wp-content\/uploads\/2019\/05\/Foto-locatie-proiect5-1280x726.jpg\" alt=\"\" data-id=\"75801\" data-link=\"https:\/\/urbeamea.ro\/albaiulia\/?attachment_id=75801\" class=\"wp-image-75801\" srcset=\"https:\/\/urbeamea.ro\/albaiulia\/wp-content\/uploads\/2019\/05\/Foto-locatie-proiect5-1280x726.jpg 1280w, https:\/\/urbeamea.ro\/albaiulia\/wp-content\/uploads\/2019\/05\/Foto-locatie-proiect5-150x85.jpg 150w, https:\/\/urbeamea.ro\/albaiulia\/wp-content\/uploads\/2019\/05\/Foto-locatie-proiect5-640x363.jpg 640w, https:\/\/urbeamea.ro\/albaiulia\/wp-content\/uploads\/2019\/05\/Foto-locatie-proiect5-768x436.jpg 768w, https:\/\/urbeamea.ro\/albaiulia\/wp-content\/uploads\/2019\/05\/Foto-locatie-proiect5.jpg 1875w\" sizes=\"auto, (max-width: 1280px) 100vw, 1280px\" \/><\/a><\/figure><\/li><li class=\"blocks-gallery-item\"><figure><a href=\"https:\/\/urbeamea.ro\/albaiulia\/wp-content\/uploads\/2019\/05\/Foto-semnare1-1280x608.jpg\"><img loading=\"lazy\" decoding=\"async\" width=\"1280\" height=\"608\" src=\"https:\/\/urbeamea.ro\/albaiulia\/wp-content\/uploads\/2019\/05\/Foto-semnare1-1280x608.jpg\" alt=\"\" data-id=\"75802\" data-link=\"https:\/\/urbeamea.ro\/albaiulia\/?attachment_id=75802\" class=\"wp-image-75802\" srcset=\"https:\/\/urbeamea.ro\/albaiulia\/wp-content\/uploads\/2019\/05\/Foto-semnare1-1280x608.jpg 1280w, https:\/\/urbeamea.ro\/albaiulia\/wp-content\/uploads\/2019\/05\/Foto-semnare1-150x71.jpg 150w, https:\/\/urbeamea.ro\/albaiulia\/wp-content\/uploads\/2019\/05\/Foto-semnare1-640x304.jpg 640w, https:\/\/urbeamea.ro\/albaiulia\/wp-content\/uploads\/2019\/05\/Foto-semnare1-768x365.jpg 768w\" sizes=\"auto, (max-width: 1280px) 100vw, 1280px\" \/><\/a><\/figure><\/li><li class=\"blocks-gallery-item\"><figure><a href=\"https:\/\/urbeamea.ro\/albaiulia\/wp-content\/uploads\/2019\/05\/Foto-semnare2-1280x478.jpg\"><img loading=\"lazy\" decoding=\"async\" width=\"1280\" height=\"478\" src=\"https:\/\/urbeamea.ro\/albaiulia\/wp-content\/uploads\/2019\/05\/Foto-semnare2-1280x478.jpg\" alt=\"\" data-id=\"75803\" data-link=\"https:\/\/urbeamea.ro\/albaiulia\/?attachment_id=75803\" class=\"wp-image-75803\" srcset=\"https:\/\/urbeamea.ro\/albaiulia\/wp-content\/uploads\/2019\/05\/Foto-semnare2-1280x478.jpg 1280w, https:\/\/urbeamea.ro\/albaiulia\/wp-content\/uploads\/2019\/05\/Foto-semnare2-150x56.jpg 150w, https:\/\/urbeamea.ro\/albaiulia\/wp-content\/uploads\/2019\/05\/Foto-semnare2-640x239.jpg 640w, https:\/\/urbeamea.ro\/albaiulia\/wp-content\/uploads\/2019\/05\/Foto-semnare2-768x287.jpg 768w\" sizes=\"auto, (max-width: 1280px) 100vw, 1280px\" \/><\/a><\/figure><\/li><li class=\"blocks-gallery-item\"><figure><a href=\"https:\/\/urbeamea.ro\/albaiulia\/wp-content\/uploads\/2019\/05\/Foto-semnare3-1280x645.jpg\"><img loading=\"lazy\" decoding=\"async\" width=\"1280\" height=\"645\" src=\"https:\/\/urbeamea.ro\/albaiulia\/wp-content\/uploads\/2019\/05\/Foto-semnare3-1280x645.jpg\" alt=\"\" data-id=\"75804\" data-link=\"https:\/\/urbeamea.ro\/albaiulia\/?attachment_id=75804\" class=\"wp-image-75804\" srcset=\"https:\/\/urbeamea.ro\/albaiulia\/wp-content\/uploads\/2019\/05\/Foto-semnare3-1280x645.jpg 1280w, https:\/\/urbeamea.ro\/albaiulia\/wp-content\/uploads\/2019\/05\/Foto-semnare3-150x76.jpg 150w, https:\/\/urbeamea.ro\/albaiulia\/wp-content\/uploads\/2019\/05\/Foto-semnare3-640x322.jpg 640w, https:\/\/urbeamea.ro\/albaiulia\/wp-content\/uploads\/2019\/05\/Foto-semnare3-768x387.jpg 768w\" sizes=\"auto, (max-width: 1280px) 100vw, 1280px\" \/><\/a><\/figure><\/li><li class=\"blocks-gallery-item\"><figure><a href=\"https:\/\/urbeamea.ro\/albaiulia\/wp-content\/uploads\/2019\/05\/Foto-semnare4-1280x835.jpg\"><img loading=\"lazy\" decoding=\"async\" width=\"1280\" height=\"835\" src=\"https:\/\/urbeamea.ro\/albaiulia\/wp-content\/uploads\/2019\/05\/Foto-semnare4-1280x835.jpg\" alt=\"\" data-id=\"75805\" data-link=\"https:\/\/urbeamea.ro\/albaiulia\/?attachment_id=75805\" class=\"wp-image-75805\" srcset=\"https:\/\/urbeamea.ro\/albaiulia\/wp-content\/uploads\/2019\/05\/Foto-semnare4-1280x835.jpg 1280w, https:\/\/urbeamea.ro\/albaiulia\/wp-content\/uploads\/2019\/05\/Foto-semnare4-150x98.jpg 150w, https:\/\/urbeamea.ro\/albaiulia\/wp-content\/uploads\/2019\/05\/Foto-semnare4-640x417.jpg 640w, https:\/\/urbeamea.ro\/albaiulia\/wp-content\/uploads\/2019\/05\/Foto-semnare4-768x501.jpg 768w\" sizes=\"auto, (max-width: 1280px) 100vw, 1280px\" \/><\/a><\/figure><\/li><li class=\"blocks-gallery-item\"><figure><a href=\"https:\/\/urbeamea.ro\/albaiulia\/wp-content\/uploads\/2019\/05\/Foto-semnare5-1280x711.jpg\"><img loading=\"lazy\" decoding=\"async\" width=\"1280\" height=\"711\" src=\"https:\/\/urbeamea.ro\/albaiulia\/wp-content\/uploads\/2019\/05\/Foto-semnare5-1280x711.jpg\" alt=\"\" data-id=\"75806\" data-link=\"https:\/\/urbeamea.ro\/albaiulia\/?attachment_id=75806\" class=\"wp-image-75806\" srcset=\"https:\/\/urbeamea.ro\/albaiulia\/wp-content\/uploads\/2019\/05\/Foto-semnare5-1280x711.jpg 1280w, https:\/\/urbeamea.ro\/albaiulia\/wp-content\/uploads\/2019\/05\/Foto-semnare5-150x83.jpg 150w, https:\/\/urbeamea.ro\/albaiulia\/wp-content\/uploads\/2019\/05\/Foto-semnare5-640x356.jpg 640w, https:\/\/urbeamea.ro\/albaiulia\/wp-content\/uploads\/2019\/05\/Foto-semnare5-768x427.jpg 768w\" sizes=\"auto, (max-width: 1280px) 100vw, 1280px\" \/><\/a><\/figure><\/li><li class=\"blocks-gallery-item\"><figure><a href=\"https:\/\/urbeamea.ro\/albaiulia\/wp-content\/uploads\/2019\/05\/Foto-semnare6-1280x671.jpg\"><img loading=\"lazy\" decoding=\"async\" width=\"1280\" height=\"671\" src=\"https:\/\/urbeamea.ro\/albaiulia\/wp-content\/uploads\/2019\/05\/Foto-semnare6-1280x671.jpg\" alt=\"\" data-id=\"75807\" data-link=\"https:\/\/urbeamea.ro\/albaiulia\/?attachment_id=75807\" class=\"wp-image-75807\" srcset=\"https:\/\/urbeamea.ro\/albaiulia\/wp-content\/uploads\/2019\/05\/Foto-semnare6-1280x671.jpg 1280w, https:\/\/urbeamea.ro\/albaiulia\/wp-content\/uploads\/2019\/05\/Foto-semnare6-150x79.jpg 150w, https:\/\/urbeamea.ro\/albaiulia\/wp-content\/uploads\/2019\/05\/Foto-semnare6-640x335.jpg 640w, https:\/\/urbeamea.ro\/albaiulia\/wp-content\/uploads\/2019\/05\/Foto-semnare6-768x402.jpg 768w, https:\/\/urbeamea.ro\/albaiulia\/wp-content\/uploads\/2019\/05\/Foto-semnare6.jpg 1813w\" sizes=\"auto, (max-width: 1280px) 100vw, 1280px\" \/><\/a><\/figure><\/li><li class=\"blocks-gallery-item\"><figure><a href=\"https:\/\/urbeamea.ro\/albaiulia\/wp-content\/uploads\/2019\/05\/Foto-semnare7-1046x1280.jpg\"><img loading=\"lazy\" decoding=\"async\" width=\"1046\" height=\"1280\" src=\"https:\/\/urbeamea.ro\/albaiulia\/wp-content\/uploads\/2019\/05\/Foto-semnare7-1046x1280.jpg\" alt=\"\" data-id=\"75808\" data-link=\"https:\/\/urbeamea.ro\/albaiulia\/?attachment_id=75808\" class=\"wp-image-75808\" srcset=\"https:\/\/urbeamea.ro\/albaiulia\/wp-content\/uploads\/2019\/05\/Foto-semnare7-1046x1280.jpg 1046w, https:\/\/urbeamea.ro\/albaiulia\/wp-content\/uploads\/2019\/05\/Foto-semnare7-123x150.jpg 123w, https:\/\/urbeamea.ro\/albaiulia\/wp-content\/uploads\/2019\/05\/Foto-semnare7-523x640.jpg 523w, https:\/\/urbeamea.ro\/albaiulia\/wp-content\/uploads\/2019\/05\/Foto-semnare7-768x940.jpg 768w, https:\/\/urbeamea.ro\/albaiulia\/wp-content\/uploads\/2019\/05\/Foto-semnare7.jpg 1159w\" sizes=\"auto, (max-width: 1046px) 100vw, 1046px\" \/><\/a><\/figure><\/li><li class=\"blocks-gallery-item\"><figure><a href=\"https:\/\/urbeamea.ro\/albaiulia\/wp-content\/uploads\/2019\/05\/Foto-semnare8-1280x853.jpg\"><img loading=\"lazy\" decoding=\"async\" width=\"1280\" height=\"853\" src=\"https:\/\/urbeamea.ro\/albaiulia\/wp-content\/uploads\/2019\/05\/Foto-semnare8-1280x853.jpg\" alt=\"\" data-id=\"75809\" data-link=\"https:\/\/urbeamea.ro\/albaiulia\/?attachment_id=75809\" class=\"wp-image-75809\" srcset=\"https:\/\/urbeamea.ro\/albaiulia\/wp-content\/uploads\/2019\/05\/Foto-semnare8-1280x853.jpg 1280w, https:\/\/urbeamea.ro\/albaiulia\/wp-content\/uploads\/2019\/05\/Foto-semnare8-150x100.jpg 150w, https:\/\/urbeamea.ro\/albaiulia\/wp-content\/uploads\/2019\/05\/Foto-semnare8-640x427.jpg 640w, https:\/\/urbeamea.ro\/albaiulia\/wp-content\/uploads\/2019\/05\/Foto-semnare8-768x512.jpg 768w\" sizes=\"auto, (max-width: 1280px) 100vw, 1280px\" \/><\/a><\/figure><\/li><\/ul>\n","protected":false},"excerpt":{"rendered":"<p>\u00cen urm\u0103 cu un an a fost semnat contractul de finan\u021bare pentru optimizarea, cu fonduri REGIO, a sistemului de \u00eenc\u0103lzire \u0219i produc\u021bie ap\u0103 cald\u0103 la cea mai mare institu\u021bie spitaliceasc\u0103 din jude\u021bul Alba. Investi\u021biile cu resurse europene la Spitalul Jude\u021bean de Urgen\u021b\u0103 Alba reprezint\u0103 o prioritate pentru administra\u021bia public\u0103 jude\u021bean\u0103, fapt pentru care, din acel &hellip;<\/p>\n","protected":false},"author":17,"featured_media":75799,"comment_status":"open","ping_status":"open","sticky":false,"template":"","format":"standard","meta":{"inline_featured_image":false,"footnotes":""},"categories":[6663],"tags":[17779,6272,308,17780,76],"class_list":["post-75796","post","type-post","status-publish","format-standard","has-post-thumbnail","hentry","category-economic","tag-extindere-si-dotare-moderna","tag-spitalul-judetean-de-urgente-alba","tag-stiri","tag-unitatea-de-primiri-urgente","tag-urbea-mea"],"yoast_head":"<!-- This site is optimized with the Yoast SEO plugin v28.3 - https:\/\/yoast.com\/product\/yoast-seo-wordpress\/ -->\n<title>FOTO: Extindere \u0219i dotare modern\u0103 la unitatea de primiri urgen\u021be din cadrul Spitalului Jude\u021bean de Urgen\u021be Alba - Revista Urbea Mea - Revista de Alba<\/title>\n<meta name=\"description\" content=\"\u00cen urm\u0103 cu un an a fost semnat contractul de finan\u021bare pentru optimizarea, cu fonduri REGIO, a sistemului de \u00eenc\u0103lzire \u0219i produc\u021bie ap\u0103 cald\u0103 la cea mai\" \/>\n<meta name=\"robots\" content=\"index, follow, max-snippet:-1, max-image-preview:large, max-video-preview:-1\" \/>\n<link rel=\"canonical\" href=\"https:\/\/urbeamea.ro\/albaiulia\/foto-extindere-si-dotare-moderna-la-unitatea-de-primiri-urgente-din-cadrul-spitalului-judetean-de-urgente-alba\/\" \/>\n<meta name=\"twitter:card\" content=\"summary_large_image\" \/>\n<meta name=\"twitter:title\" content=\"FOTO: Extindere \u0219i dotare modern\u0103 la unitatea de primiri urgen\u021be din cadrul Spitalului Jude\u021bean de Urgen\u021be Alba - Revista Urbea Mea - Revista de Alba\" \/>\n<meta name=\"twitter:description\" content=\"\u00cen urm\u0103 cu un an a fost semnat contractul de finan\u021bare pentru optimizarea, cu fonduri REGIO, a sistemului de \u00eenc\u0103lzire \u0219i produc\u021bie ap\u0103 cald\u0103 la cea mai\" \/>\n<meta name=\"twitter:image\" content=\"https:\/\/urbeamea.ro\/albaiulia\/wp-content\/uploads\/2019\/05\/Foto-locatie-proiect3.jpg\" \/>\n<meta name=\"twitter:creator\" content=\"@urbeameaweb\" \/>\n<meta name=\"twitter:site\" content=\"@urbeameaweb\" \/>\n<script type=\"application\/ld+json\" class=\"yoast-schema-graph\">{\"@context\":\"https:\\\/\\\/schema.org\",\"@graph\":[{\"@type\":\"Article\",\"@id\":\"https:\\\/\\\/urbeamea.ro\\\/albaiulia\\\/foto-extindere-si-dotare-moderna-la-unitatea-de-primiri-urgente-din-cadrul-spitalului-judetean-de-urgente-alba\\\/#article\",\"isPartOf\":{\"@id\":\"https:\\\/\\\/urbeamea.ro\\\/albaiulia\\\/foto-extindere-si-dotare-moderna-la-unitatea-de-primiri-urgente-din-cadrul-spitalului-judetean-de-urgente-alba\\\/\"},\"author\":{\"name\":\"Cristina Ganga\",\"@id\":\"https:\\\/\\\/urbeamea.ro\\\/albaiulia\\\/#\\\/schema\\\/person\\\/9700d21fae21c4f038b0b56f4506264a\"},\"headline\":\"FOTO: Extindere \u0219i dotare modern\u0103 la unitatea de primiri urgen\u021be din cadrul Spitalului Jude\u021bean de Urgen\u021be Alba\",\"datePublished\":\"2019-05-08T13:51:40+00:00\",\"dateModified\":\"2019-05-08T13:51:47+00:00\",\"mainEntityOfPage\":{\"@id\":\"https:\\\/\\\/urbeamea.ro\\\/albaiulia\\\/foto-extindere-si-dotare-moderna-la-unitatea-de-primiri-urgente-din-cadrul-spitalului-judetean-de-urgente-alba\\\/\"},\"wordCount\":1118,\"commentCount\":0,\"image\":{\"@id\":\"https:\\\/\\\/urbeamea.ro\\\/albaiulia\\\/foto-extindere-si-dotare-moderna-la-unitatea-de-primiri-urgente-din-cadrul-spitalului-judetean-de-urgente-alba\\\/#primaryimage\"},\"thumbnailUrl\":\"https:\\\/\\\/urbeamea.ro\\\/albaiulia\\\/wp-content\\\/uploads\\\/2019\\\/05\\\/Foto-locatie-proiect3.jpg\",\"keywords\":[\"extindere si dotare moderna\",\"spitalul judetean de urgente alba\",\"stiri\",\"unitatea de primiri urgente\",\"Urbea Mea\"],\"articleSection\":[\"Economic\"],\"inLanguage\":\"ro-RO\",\"potentialAction\":[{\"@type\":\"CommentAction\",\"name\":\"Comment\",\"target\":[\"https:\\\/\\\/urbeamea.ro\\\/albaiulia\\\/foto-extindere-si-dotare-moderna-la-unitatea-de-primiri-urgente-din-cadrul-spitalului-judetean-de-urgente-alba\\\/#respond\"]}]},{\"@type\":\"WebPage\",\"@id\":\"https:\\\/\\\/urbeamea.ro\\\/albaiulia\\\/foto-extindere-si-dotare-moderna-la-unitatea-de-primiri-urgente-din-cadrul-spitalului-judetean-de-urgente-alba\\\/\",\"url\":\"https:\\\/\\\/urbeamea.ro\\\/albaiulia\\\/foto-extindere-si-dotare-moderna-la-unitatea-de-primiri-urgente-din-cadrul-spitalului-judetean-de-urgente-alba\\\/\",\"name\":\"FOTO: Extindere \u0219i dotare modern\u0103 la unitatea de primiri urgen\u021be din cadrul Spitalului Jude\u021bean de Urgen\u021be Alba - Revista Urbea Mea - Revista de Alba\",\"isPartOf\":{\"@id\":\"https:\\\/\\\/urbeamea.ro\\\/albaiulia\\\/#website\"},\"primaryImageOfPage\":{\"@id\":\"https:\\\/\\\/urbeamea.ro\\\/albaiulia\\\/foto-extindere-si-dotare-moderna-la-unitatea-de-primiri-urgente-din-cadrul-spitalului-judetean-de-urgente-alba\\\/#primaryimage\"},\"image\":{\"@id\":\"https:\\\/\\\/urbeamea.ro\\\/albaiulia\\\/foto-extindere-si-dotare-moderna-la-unitatea-de-primiri-urgente-din-cadrul-spitalului-judetean-de-urgente-alba\\\/#primaryimage\"},\"thumbnailUrl\":\"https:\\\/\\\/urbeamea.ro\\\/albaiulia\\\/wp-content\\\/uploads\\\/2019\\\/05\\\/Foto-locatie-proiect3.jpg\",\"datePublished\":\"2019-05-08T13:51:40+00:00\",\"dateModified\":\"2019-05-08T13:51:47+00:00\",\"author\":{\"@id\":\"https:\\\/\\\/urbeamea.ro\\\/albaiulia\\\/#\\\/schema\\\/person\\\/9700d21fae21c4f038b0b56f4506264a\"},\"description\":\"\u00cen urm\u0103 cu un an a fost semnat contractul de finan\u021bare pentru optimizarea, cu fonduri REGIO, a sistemului de \u00eenc\u0103lzire \u0219i produc\u021bie ap\u0103 cald\u0103 la cea mai\",\"breadcrumb\":{\"@id\":\"https:\\\/\\\/urbeamea.ro\\\/albaiulia\\\/foto-extindere-si-dotare-moderna-la-unitatea-de-primiri-urgente-din-cadrul-spitalului-judetean-de-urgente-alba\\\/#breadcrumb\"},\"inLanguage\":\"ro-RO\",\"potentialAction\":[{\"@type\":\"ReadAction\",\"target\":[\"https:\\\/\\\/urbeamea.ro\\\/albaiulia\\\/foto-extindere-si-dotare-moderna-la-unitatea-de-primiri-urgente-din-cadrul-spitalului-judetean-de-urgente-alba\\\/\"]}]},{\"@type\":\"ImageObject\",\"inLanguage\":\"ro-RO\",\"@id\":\"https:\\\/\\\/urbeamea.ro\\\/albaiulia\\\/foto-extindere-si-dotare-moderna-la-unitatea-de-primiri-urgente-din-cadrul-spitalului-judetean-de-urgente-alba\\\/#primaryimage\",\"url\":\"https:\\\/\\\/urbeamea.ro\\\/albaiulia\\\/wp-content\\\/uploads\\\/2019\\\/05\\\/Foto-locatie-proiect3.jpg\",\"contentUrl\":\"https:\\\/\\\/urbeamea.ro\\\/albaiulia\\\/wp-content\\\/uploads\\\/2019\\\/05\\\/Foto-locatie-proiect3.jpg\",\"width\":967,\"height\":634},{\"@type\":\"BreadcrumbList\",\"@id\":\"https:\\\/\\\/urbeamea.ro\\\/albaiulia\\\/foto-extindere-si-dotare-moderna-la-unitatea-de-primiri-urgente-din-cadrul-spitalului-judetean-de-urgente-alba\\\/#breadcrumb\",\"itemListElement\":[{\"@type\":\"ListItem\",\"position\":1,\"name\":\"Prima pagin\u0103\",\"item\":\"https:\\\/\\\/urbeamea.ro\\\/albaiulia\\\/\"},{\"@type\":\"ListItem\",\"position\":2,\"name\":\"FOTO: Extindere \u0219i dotare modern\u0103 la unitatea de primiri urgen\u021be din cadrul Spitalului Jude\u021bean de Urgen\u021be Alba\"}]},{\"@type\":\"WebSite\",\"@id\":\"https:\\\/\\\/urbeamea.ro\\\/albaiulia\\\/#website\",\"url\":\"https:\\\/\\\/urbeamea.ro\\\/albaiulia\\\/\",\"name\":\"Revista Urbea Mea, Stiri urbane\",\"description\":\"Evenimente \u0219i \u0219tiri din Alba Iulia, Sebe\u0219, Aiud, Blaj\",\"potentialAction\":[{\"@type\":\"SearchAction\",\"target\":{\"@type\":\"EntryPoint\",\"urlTemplate\":\"https:\\\/\\\/urbeamea.ro\\\/albaiulia\\\/?s={search_term_string}\"},\"query-input\":{\"@type\":\"PropertyValueSpecification\",\"valueRequired\":true,\"valueName\":\"search_term_string\"}}],\"inLanguage\":\"ro-RO\"},{\"@type\":\"Person\",\"@id\":\"https:\\\/\\\/urbeamea.ro\\\/albaiulia\\\/#\\\/schema\\\/person\\\/9700d21fae21c4f038b0b56f4506264a\",\"name\":\"Cristina Ganga\",\"image\":{\"@type\":\"ImageObject\",\"inLanguage\":\"ro-RO\",\"@id\":\"https:\\\/\\\/secure.gravatar.com\\\/avatar\\\/5a67661041f057b4a8ccaf26f5a8e86e2689372006d01faf3dd9eeb10b654bb4?s=96&d=mm&r=g\",\"url\":\"https:\\\/\\\/secure.gravatar.com\\\/avatar\\\/5a67661041f057b4a8ccaf26f5a8e86e2689372006d01faf3dd9eeb10b654bb4?s=96&d=mm&r=g\",\"contentUrl\":\"https:\\\/\\\/secure.gravatar.com\\\/avatar\\\/5a67661041f057b4a8ccaf26f5a8e86e2689372006d01faf3dd9eeb10b654bb4?s=96&d=mm&r=g\",\"caption\":\"Cristina Ganga\"},\"description\":\"Jurnalist\",\"sameAs\":[\"https:\\\/\\\/www.facebook.com\\\/cristina.nicola.587\"],\"url\":\"https:\\\/\\\/urbeamea.ro\\\/albaiulia\\\/author\\\/cristina-nicola\\\/\"}]}<\/script>\n<!-- \/ Yoast SEO plugin. -->","yoast_head_json":{"title":"FOTO: Extindere \u0219i dotare modern\u0103 la unitatea de primiri urgen\u021be din cadrul Spitalului Jude\u021bean de Urgen\u021be Alba - Revista Urbea Mea - Revista de Alba","description":"\u00cen urm\u0103 cu un an a fost semnat contractul de finan\u021bare pentru optimizarea, cu fonduri REGIO, a sistemului de \u00eenc\u0103lzire \u0219i produc\u021bie ap\u0103 cald\u0103 la cea mai","robots":{"index":"index","follow":"follow","max-snippet":"max-snippet:-1","max-image-preview":"max-image-preview:large","max-video-preview":"max-video-preview:-1"},"canonical":"https:\/\/urbeamea.ro\/albaiulia\/foto-extindere-si-dotare-moderna-la-unitatea-de-primiri-urgente-din-cadrul-spitalului-judetean-de-urgente-alba\/","twitter_card":"summary_large_image","twitter_title":"FOTO: Extindere \u0219i dotare modern\u0103 la unitatea de primiri urgen\u021be din cadrul Spitalului Jude\u021bean de Urgen\u021be Alba - Revista Urbea Mea - Revista de Alba","twitter_description":"\u00cen urm\u0103 cu un an a fost semnat contractul de finan\u021bare pentru optimizarea, cu fonduri REGIO, a sistemului de \u00eenc\u0103lzire \u0219i produc\u021bie ap\u0103 cald\u0103 la cea mai","twitter_image":"https:\/\/urbeamea.ro\/albaiulia\/wp-content\/uploads\/2019\/05\/Foto-locatie-proiect3.jpg","twitter_creator":"@urbeameaweb","twitter_site":"@urbeameaweb","schema":{"@context":"https:\/\/schema.org","@graph":[{"@type":"Article","@id":"https:\/\/urbeamea.ro\/albaiulia\/foto-extindere-si-dotare-moderna-la-unitatea-de-primiri-urgente-din-cadrul-spitalului-judetean-de-urgente-alba\/#article","isPartOf":{"@id":"https:\/\/urbeamea.ro\/albaiulia\/foto-extindere-si-dotare-moderna-la-unitatea-de-primiri-urgente-din-cadrul-spitalului-judetean-de-urgente-alba\/"},"author":{"name":"Cristina Ganga","@id":"https:\/\/urbeamea.ro\/albaiulia\/#\/schema\/person\/9700d21fae21c4f038b0b56f4506264a"},"headline":"FOTO: Extindere \u0219i dotare modern\u0103 la unitatea de primiri urgen\u021be din cadrul Spitalului Jude\u021bean de Urgen\u021be Alba","datePublished":"2019-05-08T13:51:40+00:00","dateModified":"2019-05-08T13:51:47+00:00","mainEntityOfPage":{"@id":"https:\/\/urbeamea.ro\/albaiulia\/foto-extindere-si-dotare-moderna-la-unitatea-de-primiri-urgente-din-cadrul-spitalului-judetean-de-urgente-alba\/"},"wordCount":1118,"commentCount":0,"image":{"@id":"https:\/\/urbeamea.ro\/albaiulia\/foto-extindere-si-dotare-moderna-la-unitatea-de-primiri-urgente-din-cadrul-spitalului-judetean-de-urgente-alba\/#primaryimage"},"thumbnailUrl":"https:\/\/urbeamea.ro\/albaiulia\/wp-content\/uploads\/2019\/05\/Foto-locatie-proiect3.jpg","keywords":["extindere si dotare moderna","spitalul judetean de urgente alba","stiri","unitatea de primiri urgente","Urbea Mea"],"articleSection":["Economic"],"inLanguage":"ro-RO","potentialAction":[{"@type":"CommentAction","name":"Comment","target":["https:\/\/urbeamea.ro\/albaiulia\/foto-extindere-si-dotare-moderna-la-unitatea-de-primiri-urgente-din-cadrul-spitalului-judetean-de-urgente-alba\/#respond"]}]},{"@type":"WebPage","@id":"https:\/\/urbeamea.ro\/albaiulia\/foto-extindere-si-dotare-moderna-la-unitatea-de-primiri-urgente-din-cadrul-spitalului-judetean-de-urgente-alba\/","url":"https:\/\/urbeamea.ro\/albaiulia\/foto-extindere-si-dotare-moderna-la-unitatea-de-primiri-urgente-din-cadrul-spitalului-judetean-de-urgente-alba\/","name":"FOTO: Extindere \u0219i dotare modern\u0103 la unitatea de primiri urgen\u021be din cadrul Spitalului Jude\u021bean de Urgen\u021be Alba - Revista Urbea Mea - Revista de Alba","isPartOf":{"@id":"https:\/\/urbeamea.ro\/albaiulia\/#website"},"primaryImageOfPage":{"@id":"https:\/\/urbeamea.ro\/albaiulia\/foto-extindere-si-dotare-moderna-la-unitatea-de-primiri-urgente-din-cadrul-spitalului-judetean-de-urgente-alba\/#primaryimage"},"image":{"@id":"https:\/\/urbeamea.ro\/albaiulia\/foto-extindere-si-dotare-moderna-la-unitatea-de-primiri-urgente-din-cadrul-spitalului-judetean-de-urgente-alba\/#primaryimage"},"thumbnailUrl":"https:\/\/urbeamea.ro\/albaiulia\/wp-content\/uploads\/2019\/05\/Foto-locatie-proiect3.jpg","datePublished":"2019-05-08T13:51:40+00:00","dateModified":"2019-05-08T13:51:47+00:00","author":{"@id":"https:\/\/urbeamea.ro\/albaiulia\/#\/schema\/person\/9700d21fae21c4f038b0b56f4506264a"},"description":"\u00cen urm\u0103 cu un an a fost semnat contractul de finan\u021bare pentru optimizarea, cu fonduri REGIO, a sistemului de \u00eenc\u0103lzire \u0219i produc\u021bie ap\u0103 cald\u0103 la cea mai","breadcrumb":{"@id":"https:\/\/urbeamea.ro\/albaiulia\/foto-extindere-si-dotare-moderna-la-unitatea-de-primiri-urgente-din-cadrul-spitalului-judetean-de-urgente-alba\/#breadcrumb"},"inLanguage":"ro-RO","potentialAction":[{"@type":"ReadAction","target":["https:\/\/urbeamea.ro\/albaiulia\/foto-extindere-si-dotare-moderna-la-unitatea-de-primiri-urgente-din-cadrul-spitalului-judetean-de-urgente-alba\/"]}]},{"@type":"ImageObject","inLanguage":"ro-RO","@id":"https:\/\/urbeamea.ro\/albaiulia\/foto-extindere-si-dotare-moderna-la-unitatea-de-primiri-urgente-din-cadrul-spitalului-judetean-de-urgente-alba\/#primaryimage","url":"https:\/\/urbeamea.ro\/albaiulia\/wp-content\/uploads\/2019\/05\/Foto-locatie-proiect3.jpg","contentUrl":"https:\/\/urbeamea.ro\/albaiulia\/wp-content\/uploads\/2019\/05\/Foto-locatie-proiect3.jpg","width":967,"height":634},{"@type":"BreadcrumbList","@id":"https:\/\/urbeamea.ro\/albaiulia\/foto-extindere-si-dotare-moderna-la-unitatea-de-primiri-urgente-din-cadrul-spitalului-judetean-de-urgente-alba\/#breadcrumb","itemListElement":[{"@type":"ListItem","position":1,"name":"Prima pagin\u0103","item":"https:\/\/urbeamea.ro\/albaiulia\/"},{"@type":"ListItem","position":2,"name":"FOTO: Extindere \u0219i dotare modern\u0103 la unitatea de primiri urgen\u021be din cadrul Spitalului Jude\u021bean de Urgen\u021be Alba"}]},{"@type":"WebSite","@id":"https:\/\/urbeamea.ro\/albaiulia\/#website","url":"https:\/\/urbeamea.ro\/albaiulia\/","name":"Revista Urbea Mea, Stiri urbane","description":"Evenimente \u0219i \u0219tiri din Alba Iulia, Sebe\u0219, Aiud, Blaj","potentialAction":[{"@type":"SearchAction","target":{"@type":"EntryPoint","urlTemplate":"https:\/\/urbeamea.ro\/albaiulia\/?s={search_term_string}"},"query-input":{"@type":"PropertyValueSpecification","valueRequired":true,"valueName":"search_term_string"}}],"inLanguage":"ro-RO"},{"@type":"Person","@id":"https:\/\/urbeamea.ro\/albaiulia\/#\/schema\/person\/9700d21fae21c4f038b0b56f4506264a","name":"Cristina Ganga","image":{"@type":"ImageObject","inLanguage":"ro-RO","@id":"https:\/\/secure.gravatar.com\/avatar\/5a67661041f057b4a8ccaf26f5a8e86e2689372006d01faf3dd9eeb10b654bb4?s=96&d=mm&r=g","url":"https:\/\/secure.gravatar.com\/avatar\/5a67661041f057b4a8ccaf26f5a8e86e2689372006d01faf3dd9eeb10b654bb4?s=96&d=mm&r=g","contentUrl":"https:\/\/secure.gravatar.com\/avatar\/5a67661041f057b4a8ccaf26f5a8e86e2689372006d01faf3dd9eeb10b654bb4?s=96&d=mm&r=g","caption":"Cristina Ganga"},"description":"Jurnalist","sameAs":["https:\/\/www.facebook.com\/cristina.nicola.587"],"url":"https:\/\/urbeamea.ro\/albaiulia\/author\/cristina-nicola\/"}]}},"_links":{"self":[{"href":"https:\/\/urbeamea.ro\/albaiulia\/wp-json\/wp\/v2\/posts\/75796","targetHints":{"allow":["GET"]}}],"collection":[{"href":"https:\/\/urbeamea.ro\/albaiulia\/wp-json\/wp\/v2\/posts"}],"about":[{"href":"https:\/\/urbeamea.ro\/albaiulia\/wp-json\/wp\/v2\/types\/post"}],"author":[{"embeddable":true,"href":"https:\/\/urbeamea.ro\/albaiulia\/wp-json\/wp\/v2\/users\/17"}],"replies":[{"embeddable":true,"href":"https:\/\/urbeamea.ro\/albaiulia\/wp-json\/wp\/v2\/comments?post=75796"}],"version-history":[{"count":0,"href":"https:\/\/urbeamea.ro\/albaiulia\/wp-json\/wp\/v2\/posts\/75796\/revisions"}],"wp:featuredmedia":[{"embeddable":true,"href":"https:\/\/urbeamea.ro\/albaiulia\/wp-json\/wp\/v2\/media\/75799"}],"wp:attachment":[{"href":"https:\/\/urbeamea.ro\/albaiulia\/wp-json\/wp\/v2\/media?parent=75796"}],"wp:term":[{"taxonomy":"category","embeddable":true,"href":"https:\/\/urbeamea.ro\/albaiulia\/wp-json\/wp\/v2\/categories?post=75796"},{"taxonomy":"post_tag","embeddable":true,"href":"https:\/\/urbeamea.ro\/albaiulia\/wp-json\/wp\/v2\/tags?post=75796"}],"curies":[{"name":"wp","href":"https:\/\/api.w.org\/{rel}","templated":true}]}}