{"id":76179,"date":"2019-05-13T17:13:10","date_gmt":"2019-05-13T14:13:10","guid":{"rendered":"https:\/\/urbeamea.ro\/albaiulia\/?p=76179"},"modified":"2019-05-13T17:13:13","modified_gmt":"2019-05-13T14:13:13","slug":"joi-cafenea-culturala-aniversara-la-portile-apusenilor","status":"publish","type":"post","link":"https:\/\/urbeamea.ro\/albaiulia\/joi-cafenea-culturala-aniversara-la-portile-apusenilor\/","title":{"rendered":"JOI: Cafenea cultural\u0103 aniversar\u0103 \u2013 La por\u021bile Apusenilor"},"content":{"rendered":"\n<p class=\"wp-block-paragraph\"><strong>Consiliul Jude\u021bean Alba \u0219i Biblioteca Jude\u021bean\u0103 ,,Lucian Blaga\u201d Alba, \u00een parteneriat cu \u00a0Prim\u0103ria \u0219i Consiliul Local Zlatna, organizeaz\u0103, pentru prima data \u00een acest an, aniversarea personalit\u0103\u021bilor culturale care au avut un important aport la \u00eembog\u0103\u021birea patrimoniului cultural al jude\u021bului Alba, personalit\u0103\u021bi care s-au n\u0103scut \u00een zona Mun\u021bilor Apuseni sau care au avut o activitate important\u0103 \u0219i sus\u021binut\u0103 \u00een aceast\u0103 zon\u0103. <\/strong><\/p>\n\n\n\n<p class=\"wp-block-paragraph\">Joi, 16 mai 2019, \u00eencep\u00e2nd cu\norele 18,00, va avea loc la sala de festivit\u0103\u021bi a Complexului turistic al\nPrim\u0103riei din ora\u0219ul Zlatna (Hotel \u0218trand), prima edi\u021bie din acest an a\nCafenelei Culturale Aniversare. Aceast\u0103 edi\u021bie va readuce \u00een aten\u021bia comunit\u0103\u021bii\nopera \u0219i activitatea pe t\u0103r\u00e2m cultural a acelor oameni care au reu\u0219it s\u0103-\u0219i\npun\u0103 o amprent\u0103 important\u0103 asupra patrimoniului cultural al jude\u021bului Alba.\nCafeneaua Cultural\u0103 Aniversar\u0103 este un gest simplu, de aleas\u0103 pre\u021buire, pe care\ncomunitatea \u00eel face pentru cei ce \u0219i-au dedicat ani din via\u021b\u0103 pentru a crea,\np\u0103stra \u0219i transmite valori culturale comunit\u0103\u021bii. <\/p>\n\n\n\n<p class=\"wp-block-paragraph\">\u00cen cadrul evenimentului vor fi \u00eenm\u00e2nate Diplome Aniversare pentru \u00eentreaga activitate desf\u0103\u0219urat\u0103 pe t\u0103r\u00e2m cultural \u0219i pentru importanta contribu\u021bie avut\u0103 la \u00eembog\u0103\u021birea patrimoniului cultural al jude\u021bului Alba, urm\u0103torilor aniversa\u021bi: Emilian Achim \u2013 autor de carte, folclorist, custode de muzeu etnografic, Elvira Boze\u0219an \u2013 custode al colec\u021biei de tablouri semnate de pictorul Sava Albescu din Fene\u0219 \u0219i urma\u0219\u0103 a marelui pictor, Melania Forosigan \u2013 animator cultural, membru al asocia\u021biilor \u0219i funda\u021biilor culturale din ora\u0219ul Zlatna, \u00a0Gheorghe Jurc\u0103 &#8211; \u00a0scriitor, jurnalist, membru al Uniunii Scriitorilor din Rom\u00e2nia; Ioan Str\u0103jan, director al revistei Dacoromania, pre\u0219edinte onorifc al Funda\u021biei ,,1 Decembrie 1918\u201d, Mircea T\u00e2rziu \u2013 interpret de folclor, p\u0103str\u0103tor \u0219i transmi\u021b\u0103tor al folclorului muzical din zona Mun\u021bilor Apuseni. <\/p>\n\n\n\n<p class=\"wp-block-paragraph\">Diplomele vor fi \u00eenm\u00e2nate de reprezentan\u021bi ai organizatorilor \u0219i de primarii localit\u0103\u021bilor \u00een care s-au n\u0103scut cei aniversa\u021bi. Programul Cafenelei Culturale Aniversare mai con\u021bine vernisajul expozi\u021biei de carte veche a colec\u021bionarului Tudor Ponoran \u0219i a unei mici expozi\u021bii de pictur\u0103 cu cinci dintre cele mai frumoase \u0219i valoroase tablouri semnate de Sava Albescu. \u00cen cadrul evenimentului vor sus\u021bine scurte recitaluri interpretul de folclor Mircea T\u00e2rziu \u0219i Georgeta Plut\u0103, laureat\u0103 a festivalului de roman\u021be ce se desf\u0103\u0219oar\u0103 \u00een fiecare toamn\u0103 la Zlatna.<\/p>\n\n\n\n<p class=\"wp-block-paragraph\">Proiectul face parte din Programul\npe anul 2019 al Biblioteci Jude\u021bene ,,Lucian Blaga\u201d Alba 8 IDENTITATE \u0218I VALORI\nCULTURALE\/8.3 Cafenea cultural\u0103-Anivers\u0103ri culturale, \u0219i este un proiect\ndedicat identific\u0103rii, promov\u0103rii \u0219i valorific\u0103rii creatorilor din domeniul\ncultur\u0103. <\/p>\n","protected":false},"excerpt":{"rendered":"<p>Consiliul Jude\u021bean Alba \u0219i Biblioteca Jude\u021bean\u0103 ,,Lucian Blaga\u201d Alba, \u00een parteneriat cu \u00a0Prim\u0103ria \u0219i Consiliul Local Zlatna, organizeaz\u0103, pentru prima data \u00een acest an, aniversarea personalit\u0103\u021bilor culturale care au avut un important aport la \u00eembog\u0103\u021birea patrimoniului cultural al jude\u021bului Alba, personalit\u0103\u021bi care s-au n\u0103scut \u00een zona Mun\u021bilor Apuseni sau care au avut o activitate important\u0103 &hellip;<\/p>\n","protected":false},"author":17,"featured_media":76180,"comment_status":"open","ping_status":"open","sticky":false,"template":"","format":"standard","meta":{"inline_featured_image":false,"footnotes":""},"categories":[2038],"tags":[484,12246,17806,76,1274],"class_list":["post-76179","post","type-post","status-publish","format-standard","has-post-thumbnail","hentry","category-cultura","tag-biblioteca-judeteana-lucian-blaga","tag-cafenea-culturala-aniversara","tag-la-portile-apusenilor","tag-urbea-mea","tag-zlatna"],"yoast_head":"<!-- This site is optimized with the Yoast SEO plugin v28.3 - https:\/\/yoast.com\/product\/yoast-seo-wordpress\/ -->\n<title>JOI: Cafenea cultural\u0103 aniversar\u0103 \u2013 La por\u021bile Apusenilor - Revista Urbea Mea - Revista de Alba<\/title>\n<meta name=\"description\" content=\"Consiliul Jude\u021bean Alba \u0219i Biblioteca Jude\u021bean\u0103 ,,Lucian Blaga\u201d Alba, \u00een parteneriat cu \u00a0Prim\u0103ria \u0219i Consiliul Local Zlatna, organizeaz\u0103, pentru prima\" \/>\n<meta name=\"robots\" content=\"index, follow, max-snippet:-1, max-image-preview:large, max-video-preview:-1\" \/>\n<link rel=\"canonical\" href=\"https:\/\/urbeamea.ro\/albaiulia\/joi-cafenea-culturala-aniversara-la-portile-apusenilor\/\" \/>\n<meta name=\"twitter:card\" content=\"summary_large_image\" \/>\n<meta name=\"twitter:title\" content=\"JOI: Cafenea cultural\u0103 aniversar\u0103 \u2013 La por\u021bile Apusenilor - Revista Urbea Mea - Revista de Alba\" \/>\n<meta name=\"twitter:description\" content=\"Consiliul Jude\u021bean Alba \u0219i Biblioteca Jude\u021bean\u0103 ,,Lucian Blaga\u201d Alba, \u00een parteneriat cu \u00a0Prim\u0103ria \u0219i Consiliul Local Zlatna, organizeaz\u0103, pentru prima\" \/>\n<meta name=\"twitter:image\" content=\"https:\/\/urbeamea.ro\/albaiulia\/wp-content\/uploads\/2019\/05\/Afis-cafenea-Zlatna.jpg\" \/>\n<meta name=\"twitter:creator\" content=\"@urbeameaweb\" \/>\n<meta name=\"twitter:site\" content=\"@urbeameaweb\" \/>\n<script type=\"application\/ld+json\" class=\"yoast-schema-graph\">{\"@context\":\"https:\\\/\\\/schema.org\",\"@graph\":[{\"@type\":\"Article\",\"@id\":\"https:\\\/\\\/urbeamea.ro\\\/albaiulia\\\/joi-cafenea-culturala-aniversara-la-portile-apusenilor\\\/#article\",\"isPartOf\":{\"@id\":\"https:\\\/\\\/urbeamea.ro\\\/albaiulia\\\/joi-cafenea-culturala-aniversara-la-portile-apusenilor\\\/\"},\"author\":{\"name\":\"Cristina Ganga\",\"@id\":\"https:\\\/\\\/urbeamea.ro\\\/albaiulia\\\/#\\\/schema\\\/person\\\/9700d21fae21c4f038b0b56f4506264a\"},\"headline\":\"JOI: Cafenea cultural\u0103 aniversar\u0103 \u2013 La por\u021bile Apusenilor\",\"datePublished\":\"2019-05-13T14:13:10+00:00\",\"dateModified\":\"2019-05-13T14:13:13+00:00\",\"mainEntityOfPage\":{\"@id\":\"https:\\\/\\\/urbeamea.ro\\\/albaiulia\\\/joi-cafenea-culturala-aniversara-la-portile-apusenilor\\\/\"},\"wordCount\":452,\"commentCount\":0,\"image\":{\"@id\":\"https:\\\/\\\/urbeamea.ro\\\/albaiulia\\\/joi-cafenea-culturala-aniversara-la-portile-apusenilor\\\/#primaryimage\"},\"thumbnailUrl\":\"https:\\\/\\\/urbeamea.ro\\\/albaiulia\\\/wp-content\\\/uploads\\\/2019\\\/05\\\/Afis-cafenea-Zlatna.jpg\",\"keywords\":[\"biblioteca judeteana lucian blaga\",\"cafenea culturala aniversara\",\"la portile apusenilor\",\"Urbea Mea\",\"zlatna\"],\"articleSection\":[\"Cultur\u0103\"],\"inLanguage\":\"ro-RO\",\"potentialAction\":[{\"@type\":\"CommentAction\",\"name\":\"Comment\",\"target\":[\"https:\\\/\\\/urbeamea.ro\\\/albaiulia\\\/joi-cafenea-culturala-aniversara-la-portile-apusenilor\\\/#respond\"]}]},{\"@type\":\"WebPage\",\"@id\":\"https:\\\/\\\/urbeamea.ro\\\/albaiulia\\\/joi-cafenea-culturala-aniversara-la-portile-apusenilor\\\/\",\"url\":\"https:\\\/\\\/urbeamea.ro\\\/albaiulia\\\/joi-cafenea-culturala-aniversara-la-portile-apusenilor\\\/\",\"name\":\"JOI: Cafenea cultural\u0103 aniversar\u0103 \u2013 La por\u021bile Apusenilor - Revista Urbea Mea - Revista de Alba\",\"isPartOf\":{\"@id\":\"https:\\\/\\\/urbeamea.ro\\\/albaiulia\\\/#website\"},\"primaryImageOfPage\":{\"@id\":\"https:\\\/\\\/urbeamea.ro\\\/albaiulia\\\/joi-cafenea-culturala-aniversara-la-portile-apusenilor\\\/#primaryimage\"},\"image\":{\"@id\":\"https:\\\/\\\/urbeamea.ro\\\/albaiulia\\\/joi-cafenea-culturala-aniversara-la-portile-apusenilor\\\/#primaryimage\"},\"thumbnailUrl\":\"https:\\\/\\\/urbeamea.ro\\\/albaiulia\\\/wp-content\\\/uploads\\\/2019\\\/05\\\/Afis-cafenea-Zlatna.jpg\",\"datePublished\":\"2019-05-13T14:13:10+00:00\",\"dateModified\":\"2019-05-13T14:13:13+00:00\",\"author\":{\"@id\":\"https:\\\/\\\/urbeamea.ro\\\/albaiulia\\\/#\\\/schema\\\/person\\\/9700d21fae21c4f038b0b56f4506264a\"},\"description\":\"Consiliul Jude\u021bean Alba \u0219i Biblioteca Jude\u021bean\u0103 ,,Lucian Blaga\u201d Alba, \u00een parteneriat cu \u00a0Prim\u0103ria \u0219i Consiliul Local Zlatna, organizeaz\u0103, pentru prima\",\"breadcrumb\":{\"@id\":\"https:\\\/\\\/urbeamea.ro\\\/albaiulia\\\/joi-cafenea-culturala-aniversara-la-portile-apusenilor\\\/#breadcrumb\"},\"inLanguage\":\"ro-RO\",\"potentialAction\":[{\"@type\":\"ReadAction\",\"target\":[\"https:\\\/\\\/urbeamea.ro\\\/albaiulia\\\/joi-cafenea-culturala-aniversara-la-portile-apusenilor\\\/\"]}]},{\"@type\":\"ImageObject\",\"inLanguage\":\"ro-RO\",\"@id\":\"https:\\\/\\\/urbeamea.ro\\\/albaiulia\\\/joi-cafenea-culturala-aniversara-la-portile-apusenilor\\\/#primaryimage\",\"url\":\"https:\\\/\\\/urbeamea.ro\\\/albaiulia\\\/wp-content\\\/uploads\\\/2019\\\/05\\\/Afis-cafenea-Zlatna.jpg\",\"contentUrl\":\"https:\\\/\\\/urbeamea.ro\\\/albaiulia\\\/wp-content\\\/uploads\\\/2019\\\/05\\\/Afis-cafenea-Zlatna.jpg\",\"width\":1061,\"height\":1500},{\"@type\":\"BreadcrumbList\",\"@id\":\"https:\\\/\\\/urbeamea.ro\\\/albaiulia\\\/joi-cafenea-culturala-aniversara-la-portile-apusenilor\\\/#breadcrumb\",\"itemListElement\":[{\"@type\":\"ListItem\",\"position\":1,\"name\":\"Prima pagin\u0103\",\"item\":\"https:\\\/\\\/urbeamea.ro\\\/albaiulia\\\/\"},{\"@type\":\"ListItem\",\"position\":2,\"name\":\"JOI: Cafenea cultural\u0103 aniversar\u0103 \u2013 La por\u021bile Apusenilor\"}]},{\"@type\":\"WebSite\",\"@id\":\"https:\\\/\\\/urbeamea.ro\\\/albaiulia\\\/#website\",\"url\":\"https:\\\/\\\/urbeamea.ro\\\/albaiulia\\\/\",\"name\":\"Revista Urbea Mea, Stiri urbane\",\"description\":\"Evenimente \u0219i \u0219tiri din Alba Iulia, Sebe\u0219, Aiud, Blaj\",\"potentialAction\":[{\"@type\":\"SearchAction\",\"target\":{\"@type\":\"EntryPoint\",\"urlTemplate\":\"https:\\\/\\\/urbeamea.ro\\\/albaiulia\\\/?s={search_term_string}\"},\"query-input\":{\"@type\":\"PropertyValueSpecification\",\"valueRequired\":true,\"valueName\":\"search_term_string\"}}],\"inLanguage\":\"ro-RO\"},{\"@type\":\"Person\",\"@id\":\"https:\\\/\\\/urbeamea.ro\\\/albaiulia\\\/#\\\/schema\\\/person\\\/9700d21fae21c4f038b0b56f4506264a\",\"name\":\"Cristina Ganga\",\"image\":{\"@type\":\"ImageObject\",\"inLanguage\":\"ro-RO\",\"@id\":\"https:\\\/\\\/secure.gravatar.com\\\/avatar\\\/5a67661041f057b4a8ccaf26f5a8e86e2689372006d01faf3dd9eeb10b654bb4?s=96&d=mm&r=g\",\"url\":\"https:\\\/\\\/secure.gravatar.com\\\/avatar\\\/5a67661041f057b4a8ccaf26f5a8e86e2689372006d01faf3dd9eeb10b654bb4?s=96&d=mm&r=g\",\"contentUrl\":\"https:\\\/\\\/secure.gravatar.com\\\/avatar\\\/5a67661041f057b4a8ccaf26f5a8e86e2689372006d01faf3dd9eeb10b654bb4?s=96&d=mm&r=g\",\"caption\":\"Cristina Ganga\"},\"description\":\"Jurnalist\",\"sameAs\":[\"https:\\\/\\\/www.facebook.com\\\/cristina.nicola.587\"],\"url\":\"https:\\\/\\\/urbeamea.ro\\\/albaiulia\\\/author\\\/cristina-nicola\\\/\"}]}<\/script>\n<!-- \/ Yoast SEO plugin. -->","yoast_head_json":{"title":"JOI: Cafenea cultural\u0103 aniversar\u0103 \u2013 La por\u021bile Apusenilor - Revista Urbea Mea - Revista de Alba","description":"Consiliul Jude\u021bean Alba \u0219i Biblioteca Jude\u021bean\u0103 ,,Lucian Blaga\u201d Alba, \u00een parteneriat cu \u00a0Prim\u0103ria \u0219i Consiliul Local Zlatna, organizeaz\u0103, pentru prima","robots":{"index":"index","follow":"follow","max-snippet":"max-snippet:-1","max-image-preview":"max-image-preview:large","max-video-preview":"max-video-preview:-1"},"canonical":"https:\/\/urbeamea.ro\/albaiulia\/joi-cafenea-culturala-aniversara-la-portile-apusenilor\/","twitter_card":"summary_large_image","twitter_title":"JOI: Cafenea cultural\u0103 aniversar\u0103 \u2013 La por\u021bile Apusenilor - Revista Urbea Mea - Revista de Alba","twitter_description":"Consiliul Jude\u021bean Alba \u0219i Biblioteca Jude\u021bean\u0103 ,,Lucian Blaga\u201d Alba, \u00een parteneriat cu \u00a0Prim\u0103ria \u0219i Consiliul Local Zlatna, organizeaz\u0103, pentru prima","twitter_image":"https:\/\/urbeamea.ro\/albaiulia\/wp-content\/uploads\/2019\/05\/Afis-cafenea-Zlatna.jpg","twitter_creator":"@urbeameaweb","twitter_site":"@urbeameaweb","schema":{"@context":"https:\/\/schema.org","@graph":[{"@type":"Article","@id":"https:\/\/urbeamea.ro\/albaiulia\/joi-cafenea-culturala-aniversara-la-portile-apusenilor\/#article","isPartOf":{"@id":"https:\/\/urbeamea.ro\/albaiulia\/joi-cafenea-culturala-aniversara-la-portile-apusenilor\/"},"author":{"name":"Cristina Ganga","@id":"https:\/\/urbeamea.ro\/albaiulia\/#\/schema\/person\/9700d21fae21c4f038b0b56f4506264a"},"headline":"JOI: Cafenea cultural\u0103 aniversar\u0103 \u2013 La por\u021bile Apusenilor","datePublished":"2019-05-13T14:13:10+00:00","dateModified":"2019-05-13T14:13:13+00:00","mainEntityOfPage":{"@id":"https:\/\/urbeamea.ro\/albaiulia\/joi-cafenea-culturala-aniversara-la-portile-apusenilor\/"},"wordCount":452,"commentCount":0,"image":{"@id":"https:\/\/urbeamea.ro\/albaiulia\/joi-cafenea-culturala-aniversara-la-portile-apusenilor\/#primaryimage"},"thumbnailUrl":"https:\/\/urbeamea.ro\/albaiulia\/wp-content\/uploads\/2019\/05\/Afis-cafenea-Zlatna.jpg","keywords":["biblioteca judeteana lucian blaga","cafenea culturala aniversara","la portile apusenilor","Urbea Mea","zlatna"],"articleSection":["Cultur\u0103"],"inLanguage":"ro-RO","potentialAction":[{"@type":"CommentAction","name":"Comment","target":["https:\/\/urbeamea.ro\/albaiulia\/joi-cafenea-culturala-aniversara-la-portile-apusenilor\/#respond"]}]},{"@type":"WebPage","@id":"https:\/\/urbeamea.ro\/albaiulia\/joi-cafenea-culturala-aniversara-la-portile-apusenilor\/","url":"https:\/\/urbeamea.ro\/albaiulia\/joi-cafenea-culturala-aniversara-la-portile-apusenilor\/","name":"JOI: Cafenea cultural\u0103 aniversar\u0103 \u2013 La por\u021bile Apusenilor - Revista Urbea Mea - Revista de Alba","isPartOf":{"@id":"https:\/\/urbeamea.ro\/albaiulia\/#website"},"primaryImageOfPage":{"@id":"https:\/\/urbeamea.ro\/albaiulia\/joi-cafenea-culturala-aniversara-la-portile-apusenilor\/#primaryimage"},"image":{"@id":"https:\/\/urbeamea.ro\/albaiulia\/joi-cafenea-culturala-aniversara-la-portile-apusenilor\/#primaryimage"},"thumbnailUrl":"https:\/\/urbeamea.ro\/albaiulia\/wp-content\/uploads\/2019\/05\/Afis-cafenea-Zlatna.jpg","datePublished":"2019-05-13T14:13:10+00:00","dateModified":"2019-05-13T14:13:13+00:00","author":{"@id":"https:\/\/urbeamea.ro\/albaiulia\/#\/schema\/person\/9700d21fae21c4f038b0b56f4506264a"},"description":"Consiliul Jude\u021bean Alba \u0219i Biblioteca Jude\u021bean\u0103 ,,Lucian Blaga\u201d Alba, \u00een parteneriat cu \u00a0Prim\u0103ria \u0219i Consiliul Local Zlatna, organizeaz\u0103, pentru prima","breadcrumb":{"@id":"https:\/\/urbeamea.ro\/albaiulia\/joi-cafenea-culturala-aniversara-la-portile-apusenilor\/#breadcrumb"},"inLanguage":"ro-RO","potentialAction":[{"@type":"ReadAction","target":["https:\/\/urbeamea.ro\/albaiulia\/joi-cafenea-culturala-aniversara-la-portile-apusenilor\/"]}]},{"@type":"ImageObject","inLanguage":"ro-RO","@id":"https:\/\/urbeamea.ro\/albaiulia\/joi-cafenea-culturala-aniversara-la-portile-apusenilor\/#primaryimage","url":"https:\/\/urbeamea.ro\/albaiulia\/wp-content\/uploads\/2019\/05\/Afis-cafenea-Zlatna.jpg","contentUrl":"https:\/\/urbeamea.ro\/albaiulia\/wp-content\/uploads\/2019\/05\/Afis-cafenea-Zlatna.jpg","width":1061,"height":1500},{"@type":"BreadcrumbList","@id":"https:\/\/urbeamea.ro\/albaiulia\/joi-cafenea-culturala-aniversara-la-portile-apusenilor\/#breadcrumb","itemListElement":[{"@type":"ListItem","position":1,"name":"Prima pagin\u0103","item":"https:\/\/urbeamea.ro\/albaiulia\/"},{"@type":"ListItem","position":2,"name":"JOI: Cafenea cultural\u0103 aniversar\u0103 \u2013 La por\u021bile Apusenilor"}]},{"@type":"WebSite","@id":"https:\/\/urbeamea.ro\/albaiulia\/#website","url":"https:\/\/urbeamea.ro\/albaiulia\/","name":"Revista Urbea Mea, Stiri urbane","description":"Evenimente \u0219i \u0219tiri din Alba Iulia, Sebe\u0219, Aiud, Blaj","potentialAction":[{"@type":"SearchAction","target":{"@type":"EntryPoint","urlTemplate":"https:\/\/urbeamea.ro\/albaiulia\/?s={search_term_string}"},"query-input":{"@type":"PropertyValueSpecification","valueRequired":true,"valueName":"search_term_string"}}],"inLanguage":"ro-RO"},{"@type":"Person","@id":"https:\/\/urbeamea.ro\/albaiulia\/#\/schema\/person\/9700d21fae21c4f038b0b56f4506264a","name":"Cristina Ganga","image":{"@type":"ImageObject","inLanguage":"ro-RO","@id":"https:\/\/secure.gravatar.com\/avatar\/5a67661041f057b4a8ccaf26f5a8e86e2689372006d01faf3dd9eeb10b654bb4?s=96&d=mm&r=g","url":"https:\/\/secure.gravatar.com\/avatar\/5a67661041f057b4a8ccaf26f5a8e86e2689372006d01faf3dd9eeb10b654bb4?s=96&d=mm&r=g","contentUrl":"https:\/\/secure.gravatar.com\/avatar\/5a67661041f057b4a8ccaf26f5a8e86e2689372006d01faf3dd9eeb10b654bb4?s=96&d=mm&r=g","caption":"Cristina Ganga"},"description":"Jurnalist","sameAs":["https:\/\/www.facebook.com\/cristina.nicola.587"],"url":"https:\/\/urbeamea.ro\/albaiulia\/author\/cristina-nicola\/"}]}},"_links":{"self":[{"href":"https:\/\/urbeamea.ro\/albaiulia\/wp-json\/wp\/v2\/posts\/76179","targetHints":{"allow":["GET"]}}],"collection":[{"href":"https:\/\/urbeamea.ro\/albaiulia\/wp-json\/wp\/v2\/posts"}],"about":[{"href":"https:\/\/urbeamea.ro\/albaiulia\/wp-json\/wp\/v2\/types\/post"}],"author":[{"embeddable":true,"href":"https:\/\/urbeamea.ro\/albaiulia\/wp-json\/wp\/v2\/users\/17"}],"replies":[{"embeddable":true,"href":"https:\/\/urbeamea.ro\/albaiulia\/wp-json\/wp\/v2\/comments?post=76179"}],"version-history":[{"count":0,"href":"https:\/\/urbeamea.ro\/albaiulia\/wp-json\/wp\/v2\/posts\/76179\/revisions"}],"wp:featuredmedia":[{"embeddable":true,"href":"https:\/\/urbeamea.ro\/albaiulia\/wp-json\/wp\/v2\/media\/76180"}],"wp:attachment":[{"href":"https:\/\/urbeamea.ro\/albaiulia\/wp-json\/wp\/v2\/media?parent=76179"}],"wp:term":[{"taxonomy":"category","embeddable":true,"href":"https:\/\/urbeamea.ro\/albaiulia\/wp-json\/wp\/v2\/categories?post=76179"},{"taxonomy":"post_tag","embeddable":true,"href":"https:\/\/urbeamea.ro\/albaiulia\/wp-json\/wp\/v2\/tags?post=76179"}],"curies":[{"name":"wp","href":"https:\/\/api.w.org\/{rel}","templated":true}]}}