{"id":76207,"date":"2019-05-14T13:42:09","date_gmt":"2019-05-14T10:42:09","guid":{"rendered":"https:\/\/urbeamea.ro\/albaiulia\/?p=76207"},"modified":"2019-05-14T14:14:30","modified_gmt":"2019-05-14T11:14:30","slug":"7-9-iunie-alba-fest-2019-face-istorie-intr-o-noua-editie","status":"publish","type":"post","link":"https:\/\/urbeamea.ro\/albaiulia\/7-9-iunie-alba-fest-2019-face-istorie-intr-o-noua-editie\/","title":{"rendered":"7-9 iunie: Alba Fest\u00ae 2019 face istorie \u00eentr-o nou\u0103 edi\u021bie"},"content":{"rendered":"\n<p class=\"wp-block-paragraph\"><strong>Alba Fest, festivalul care de-a lungul anilor a devenit emblema evenimentelor din cea mai mare cetate din Rom\u00e2nia, Cetatea Alba Iulia, se preg\u0103te\u0219te de o nou\u0103 edi\u021bie.<\/strong><\/p>\n\n\n\n<p class=\"wp-block-paragraph\">\u00cenceputul de var\u0103 aduce \u00een Cetatea Alba Carolina distrac\u021bie garantat\u0103, iar Alba Iulia devine din nou destina\u021bia perfect\u0103 pentru o minivacan\u021b\u0103 de neuitat. Cel mai a\u015fteptat eveniment al anului la Alba Iulia,&nbsp; Alba Fest\u00ae ,&nbsp; face istorie \u00eentr-o nou\u0103 edi\u0163ie.<\/p>\n\n\n\n<p class=\"wp-block-paragraph\">Cei care vor alege s\u0103 petreac\u0103 \u00een perioada&nbsp;<strong>7-9 iunie,&nbsp; \u00een Pia\u0163a Cet\u0103\u0163ii,<\/strong>&nbsp; vor avea parte de zile memorabile cu super concertele preg\u0103tite la ceas de sear\u0103.<\/p>\n\n\n\n<p class=\"wp-block-paragraph\">Cea mai mare cetate din Rom\u00e2nia, Cetatea Alba Iulia, &nbsp;este considerat\u0103 \u015fi cea mai mare scen\u0103 cultural\u0103 \u00een aer liber din Rom\u00e2nia,&nbsp; locul \u00een care au loc festivaluri culturale, se aud orchestre celebre, unde concerteaz\u0103 arti\u0219ti de top, rom\u00e2ni \u0219i str\u0103ini.<\/p>\n\n\n\n<p class=\"wp-block-paragraph\">Alba Fest\u00ae nu este un eveniment de iner\u0163ie, ci singurul festival care a exclus tot ce era \u00een plus, aduc\u00e2nd pe scena lui superlativele absolute ale momentului.<\/p>\n\n\n\n<p class=\"wp-block-paragraph\"><em>sursa: viziteazaalbaiulia.ro<\/em><\/p>\n\n\n\n<p class=\"wp-block-paragraph\"><em>credit foto: Ionu\u021b V\u0103idean<\/em><\/p>\n","protected":false},"excerpt":{"rendered":"<p>Alba Fest, festivalul care de-a lungul anilor a devenit emblema evenimentelor din cea mai mare cetate din Rom\u00e2nia, Cetatea Alba Iulia, se preg\u0103te\u0219te de o nou\u0103 edi\u021bie. \u00cenceputul de var\u0103 aduce \u00een Cetatea Alba Carolina distrac\u021bie garantat\u0103, iar Alba Iulia devine din nou destina\u021bia perfect\u0103 pentru o minivacan\u021b\u0103 de neuitat. Cel mai a\u015fteptat eveniment al &hellip;<\/p>\n","protected":false},"author":17,"featured_media":76208,"comment_status":"open","ping_status":"open","sticky":false,"template":"","format":"standard","meta":{"inline_featured_image":false,"footnotes":""},"categories":[4],"tags":[1669,31,1506,182,76],"class_list":["post-76207","post","type-post","status-publish","format-standard","has-post-thumbnail","hentry","category-eveniment","tag-alba-fest","tag-alba-iulia","tag-artisti","tag-cetatea-alba-carolina","tag-urbea-mea"],"yoast_head":"<!-- This site is optimized with the Yoast SEO plugin v28.3 - https:\/\/yoast.com\/product\/yoast-seo-wordpress\/ -->\n<title>7-9 iunie: Alba Fest\u00ae 2019 face istorie \u00eentr-o nou\u0103 edi\u021bie - Revista Urbea Mea - Revista de Alba<\/title>\n<meta name=\"description\" content=\"Alba Fest, festivalul care de-a lungul anilor a devenit emblema evenimentelor din cea mai mare cetate din Rom\u00e2nia, Cetatea Alba Iulia, se preg\u0103te\u0219te de o\" \/>\n<meta name=\"robots\" content=\"index, follow, max-snippet:-1, max-image-preview:large, max-video-preview:-1\" \/>\n<link rel=\"canonical\" href=\"https:\/\/urbeamea.ro\/albaiulia\/7-9-iunie-alba-fest-2019-face-istorie-intr-o-noua-editie\/\" \/>\n<meta name=\"twitter:card\" content=\"summary_large_image\" \/>\n<meta name=\"twitter:title\" content=\"7-9 iunie: Alba Fest\u00ae 2019 face istorie \u00eentr-o nou\u0103 edi\u021bie - Revista Urbea Mea - Revista de Alba\" \/>\n<meta name=\"twitter:description\" content=\"Alba Fest, festivalul care de-a lungul anilor a devenit emblema evenimentelor din cea mai mare cetate din Rom\u00e2nia, Cetatea Alba Iulia, se preg\u0103te\u0219te de o\" \/>\n<meta name=\"twitter:image\" content=\"https:\/\/urbeamea.ro\/albaiulia\/wp-content\/uploads\/2019\/05\/60001268_2648208498542176_1221161701647319040_n.jpg\" \/>\n<meta name=\"twitter:creator\" content=\"@urbeameaweb\" \/>\n<meta name=\"twitter:site\" content=\"@urbeameaweb\" \/>\n<script type=\"application\/ld+json\" class=\"yoast-schema-graph\">{\"@context\":\"https:\\\/\\\/schema.org\",\"@graph\":[{\"@type\":\"Article\",\"@id\":\"https:\\\/\\\/urbeamea.ro\\\/albaiulia\\\/7-9-iunie-alba-fest-2019-face-istorie-intr-o-noua-editie\\\/#article\",\"isPartOf\":{\"@id\":\"https:\\\/\\\/urbeamea.ro\\\/albaiulia\\\/7-9-iunie-alba-fest-2019-face-istorie-intr-o-noua-editie\\\/\"},\"author\":{\"name\":\"Cristina Ganga\",\"@id\":\"https:\\\/\\\/urbeamea.ro\\\/albaiulia\\\/#\\\/schema\\\/person\\\/9700d21fae21c4f038b0b56f4506264a\"},\"headline\":\"7-9 iunie: Alba Fest\u00ae 2019 face istorie \u00eentr-o nou\u0103 edi\u021bie\",\"datePublished\":\"2019-05-14T10:42:09+00:00\",\"dateModified\":\"2019-05-14T11:14:30+00:00\",\"mainEntityOfPage\":{\"@id\":\"https:\\\/\\\/urbeamea.ro\\\/albaiulia\\\/7-9-iunie-alba-fest-2019-face-istorie-intr-o-noua-editie\\\/\"},\"wordCount\":204,\"commentCount\":0,\"image\":{\"@id\":\"https:\\\/\\\/urbeamea.ro\\\/albaiulia\\\/7-9-iunie-alba-fest-2019-face-istorie-intr-o-noua-editie\\\/#primaryimage\"},\"thumbnailUrl\":\"https:\\\/\\\/urbeamea.ro\\\/albaiulia\\\/wp-content\\\/uploads\\\/2019\\\/05\\\/60001268_2648208498542176_1221161701647319040_n.jpg\",\"keywords\":[\"alba fest\",\"Alba Iulia\",\"artisti\",\"cetatea alba carolina\",\"Urbea Mea\"],\"articleSection\":[\"Evenimente\"],\"inLanguage\":\"ro-RO\",\"potentialAction\":[{\"@type\":\"CommentAction\",\"name\":\"Comment\",\"target\":[\"https:\\\/\\\/urbeamea.ro\\\/albaiulia\\\/7-9-iunie-alba-fest-2019-face-istorie-intr-o-noua-editie\\\/#respond\"]}]},{\"@type\":\"WebPage\",\"@id\":\"https:\\\/\\\/urbeamea.ro\\\/albaiulia\\\/7-9-iunie-alba-fest-2019-face-istorie-intr-o-noua-editie\\\/\",\"url\":\"https:\\\/\\\/urbeamea.ro\\\/albaiulia\\\/7-9-iunie-alba-fest-2019-face-istorie-intr-o-noua-editie\\\/\",\"name\":\"7-9 iunie: Alba Fest\u00ae 2019 face istorie \u00eentr-o nou\u0103 edi\u021bie - Revista Urbea Mea - Revista de Alba\",\"isPartOf\":{\"@id\":\"https:\\\/\\\/urbeamea.ro\\\/albaiulia\\\/#website\"},\"primaryImageOfPage\":{\"@id\":\"https:\\\/\\\/urbeamea.ro\\\/albaiulia\\\/7-9-iunie-alba-fest-2019-face-istorie-intr-o-noua-editie\\\/#primaryimage\"},\"image\":{\"@id\":\"https:\\\/\\\/urbeamea.ro\\\/albaiulia\\\/7-9-iunie-alba-fest-2019-face-istorie-intr-o-noua-editie\\\/#primaryimage\"},\"thumbnailUrl\":\"https:\\\/\\\/urbeamea.ro\\\/albaiulia\\\/wp-content\\\/uploads\\\/2019\\\/05\\\/60001268_2648208498542176_1221161701647319040_n.jpg\",\"datePublished\":\"2019-05-14T10:42:09+00:00\",\"dateModified\":\"2019-05-14T11:14:30+00:00\",\"author\":{\"@id\":\"https:\\\/\\\/urbeamea.ro\\\/albaiulia\\\/#\\\/schema\\\/person\\\/9700d21fae21c4f038b0b56f4506264a\"},\"description\":\"Alba Fest, festivalul care de-a lungul anilor a devenit emblema evenimentelor din cea mai mare cetate din Rom\u00e2nia, Cetatea Alba Iulia, se preg\u0103te\u0219te de o\",\"breadcrumb\":{\"@id\":\"https:\\\/\\\/urbeamea.ro\\\/albaiulia\\\/7-9-iunie-alba-fest-2019-face-istorie-intr-o-noua-editie\\\/#breadcrumb\"},\"inLanguage\":\"ro-RO\",\"potentialAction\":[{\"@type\":\"ReadAction\",\"target\":[\"https:\\\/\\\/urbeamea.ro\\\/albaiulia\\\/7-9-iunie-alba-fest-2019-face-istorie-intr-o-noua-editie\\\/\"]}]},{\"@type\":\"ImageObject\",\"inLanguage\":\"ro-RO\",\"@id\":\"https:\\\/\\\/urbeamea.ro\\\/albaiulia\\\/7-9-iunie-alba-fest-2019-face-istorie-intr-o-noua-editie\\\/#primaryimage\",\"url\":\"https:\\\/\\\/urbeamea.ro\\\/albaiulia\\\/wp-content\\\/uploads\\\/2019\\\/05\\\/60001268_2648208498542176_1221161701647319040_n.jpg\",\"contentUrl\":\"https:\\\/\\\/urbeamea.ro\\\/albaiulia\\\/wp-content\\\/uploads\\\/2019\\\/05\\\/60001268_2648208498542176_1221161701647319040_n.jpg\",\"width\":960,\"height\":640},{\"@type\":\"BreadcrumbList\",\"@id\":\"https:\\\/\\\/urbeamea.ro\\\/albaiulia\\\/7-9-iunie-alba-fest-2019-face-istorie-intr-o-noua-editie\\\/#breadcrumb\",\"itemListElement\":[{\"@type\":\"ListItem\",\"position\":1,\"name\":\"Prima pagin\u0103\",\"item\":\"https:\\\/\\\/urbeamea.ro\\\/albaiulia\\\/\"},{\"@type\":\"ListItem\",\"position\":2,\"name\":\"7-9 iunie: Alba Fest\u00ae 2019 face istorie \u00eentr-o nou\u0103 edi\u021bie\"}]},{\"@type\":\"WebSite\",\"@id\":\"https:\\\/\\\/urbeamea.ro\\\/albaiulia\\\/#website\",\"url\":\"https:\\\/\\\/urbeamea.ro\\\/albaiulia\\\/\",\"name\":\"Revista Urbea Mea, Stiri urbane\",\"description\":\"Evenimente \u0219i \u0219tiri din Alba Iulia, Sebe\u0219, Aiud, Blaj\",\"potentialAction\":[{\"@type\":\"SearchAction\",\"target\":{\"@type\":\"EntryPoint\",\"urlTemplate\":\"https:\\\/\\\/urbeamea.ro\\\/albaiulia\\\/?s={search_term_string}\"},\"query-input\":{\"@type\":\"PropertyValueSpecification\",\"valueRequired\":true,\"valueName\":\"search_term_string\"}}],\"inLanguage\":\"ro-RO\"},{\"@type\":\"Person\",\"@id\":\"https:\\\/\\\/urbeamea.ro\\\/albaiulia\\\/#\\\/schema\\\/person\\\/9700d21fae21c4f038b0b56f4506264a\",\"name\":\"Cristina Ganga\",\"image\":{\"@type\":\"ImageObject\",\"inLanguage\":\"ro-RO\",\"@id\":\"https:\\\/\\\/secure.gravatar.com\\\/avatar\\\/5a67661041f057b4a8ccaf26f5a8e86e2689372006d01faf3dd9eeb10b654bb4?s=96&d=mm&r=g\",\"url\":\"https:\\\/\\\/secure.gravatar.com\\\/avatar\\\/5a67661041f057b4a8ccaf26f5a8e86e2689372006d01faf3dd9eeb10b654bb4?s=96&d=mm&r=g\",\"contentUrl\":\"https:\\\/\\\/secure.gravatar.com\\\/avatar\\\/5a67661041f057b4a8ccaf26f5a8e86e2689372006d01faf3dd9eeb10b654bb4?s=96&d=mm&r=g\",\"caption\":\"Cristina Ganga\"},\"description\":\"Jurnalist\",\"sameAs\":[\"https:\\\/\\\/www.facebook.com\\\/cristina.nicola.587\"],\"url\":\"https:\\\/\\\/urbeamea.ro\\\/albaiulia\\\/author\\\/cristina-nicola\\\/\"}]}<\/script>\n<!-- \/ Yoast SEO plugin. -->","yoast_head_json":{"title":"7-9 iunie: Alba Fest\u00ae 2019 face istorie \u00eentr-o nou\u0103 edi\u021bie - Revista Urbea Mea - Revista de Alba","description":"Alba Fest, festivalul care de-a lungul anilor a devenit emblema evenimentelor din cea mai mare cetate din Rom\u00e2nia, Cetatea Alba Iulia, se preg\u0103te\u0219te de o","robots":{"index":"index","follow":"follow","max-snippet":"max-snippet:-1","max-image-preview":"max-image-preview:large","max-video-preview":"max-video-preview:-1"},"canonical":"https:\/\/urbeamea.ro\/albaiulia\/7-9-iunie-alba-fest-2019-face-istorie-intr-o-noua-editie\/","twitter_card":"summary_large_image","twitter_title":"7-9 iunie: Alba Fest\u00ae 2019 face istorie \u00eentr-o nou\u0103 edi\u021bie - Revista Urbea Mea - Revista de Alba","twitter_description":"Alba Fest, festivalul care de-a lungul anilor a devenit emblema evenimentelor din cea mai mare cetate din Rom\u00e2nia, Cetatea Alba Iulia, se preg\u0103te\u0219te de o","twitter_image":"https:\/\/urbeamea.ro\/albaiulia\/wp-content\/uploads\/2019\/05\/60001268_2648208498542176_1221161701647319040_n.jpg","twitter_creator":"@urbeameaweb","twitter_site":"@urbeameaweb","schema":{"@context":"https:\/\/schema.org","@graph":[{"@type":"Article","@id":"https:\/\/urbeamea.ro\/albaiulia\/7-9-iunie-alba-fest-2019-face-istorie-intr-o-noua-editie\/#article","isPartOf":{"@id":"https:\/\/urbeamea.ro\/albaiulia\/7-9-iunie-alba-fest-2019-face-istorie-intr-o-noua-editie\/"},"author":{"name":"Cristina Ganga","@id":"https:\/\/urbeamea.ro\/albaiulia\/#\/schema\/person\/9700d21fae21c4f038b0b56f4506264a"},"headline":"7-9 iunie: Alba Fest\u00ae 2019 face istorie \u00eentr-o nou\u0103 edi\u021bie","datePublished":"2019-05-14T10:42:09+00:00","dateModified":"2019-05-14T11:14:30+00:00","mainEntityOfPage":{"@id":"https:\/\/urbeamea.ro\/albaiulia\/7-9-iunie-alba-fest-2019-face-istorie-intr-o-noua-editie\/"},"wordCount":204,"commentCount":0,"image":{"@id":"https:\/\/urbeamea.ro\/albaiulia\/7-9-iunie-alba-fest-2019-face-istorie-intr-o-noua-editie\/#primaryimage"},"thumbnailUrl":"https:\/\/urbeamea.ro\/albaiulia\/wp-content\/uploads\/2019\/05\/60001268_2648208498542176_1221161701647319040_n.jpg","keywords":["alba fest","Alba Iulia","artisti","cetatea alba carolina","Urbea Mea"],"articleSection":["Evenimente"],"inLanguage":"ro-RO","potentialAction":[{"@type":"CommentAction","name":"Comment","target":["https:\/\/urbeamea.ro\/albaiulia\/7-9-iunie-alba-fest-2019-face-istorie-intr-o-noua-editie\/#respond"]}]},{"@type":"WebPage","@id":"https:\/\/urbeamea.ro\/albaiulia\/7-9-iunie-alba-fest-2019-face-istorie-intr-o-noua-editie\/","url":"https:\/\/urbeamea.ro\/albaiulia\/7-9-iunie-alba-fest-2019-face-istorie-intr-o-noua-editie\/","name":"7-9 iunie: Alba Fest\u00ae 2019 face istorie \u00eentr-o nou\u0103 edi\u021bie - Revista Urbea Mea - Revista de Alba","isPartOf":{"@id":"https:\/\/urbeamea.ro\/albaiulia\/#website"},"primaryImageOfPage":{"@id":"https:\/\/urbeamea.ro\/albaiulia\/7-9-iunie-alba-fest-2019-face-istorie-intr-o-noua-editie\/#primaryimage"},"image":{"@id":"https:\/\/urbeamea.ro\/albaiulia\/7-9-iunie-alba-fest-2019-face-istorie-intr-o-noua-editie\/#primaryimage"},"thumbnailUrl":"https:\/\/urbeamea.ro\/albaiulia\/wp-content\/uploads\/2019\/05\/60001268_2648208498542176_1221161701647319040_n.jpg","datePublished":"2019-05-14T10:42:09+00:00","dateModified":"2019-05-14T11:14:30+00:00","author":{"@id":"https:\/\/urbeamea.ro\/albaiulia\/#\/schema\/person\/9700d21fae21c4f038b0b56f4506264a"},"description":"Alba Fest, festivalul care de-a lungul anilor a devenit emblema evenimentelor din cea mai mare cetate din Rom\u00e2nia, Cetatea Alba Iulia, se preg\u0103te\u0219te de o","breadcrumb":{"@id":"https:\/\/urbeamea.ro\/albaiulia\/7-9-iunie-alba-fest-2019-face-istorie-intr-o-noua-editie\/#breadcrumb"},"inLanguage":"ro-RO","potentialAction":[{"@type":"ReadAction","target":["https:\/\/urbeamea.ro\/albaiulia\/7-9-iunie-alba-fest-2019-face-istorie-intr-o-noua-editie\/"]}]},{"@type":"ImageObject","inLanguage":"ro-RO","@id":"https:\/\/urbeamea.ro\/albaiulia\/7-9-iunie-alba-fest-2019-face-istorie-intr-o-noua-editie\/#primaryimage","url":"https:\/\/urbeamea.ro\/albaiulia\/wp-content\/uploads\/2019\/05\/60001268_2648208498542176_1221161701647319040_n.jpg","contentUrl":"https:\/\/urbeamea.ro\/albaiulia\/wp-content\/uploads\/2019\/05\/60001268_2648208498542176_1221161701647319040_n.jpg","width":960,"height":640},{"@type":"BreadcrumbList","@id":"https:\/\/urbeamea.ro\/albaiulia\/7-9-iunie-alba-fest-2019-face-istorie-intr-o-noua-editie\/#breadcrumb","itemListElement":[{"@type":"ListItem","position":1,"name":"Prima pagin\u0103","item":"https:\/\/urbeamea.ro\/albaiulia\/"},{"@type":"ListItem","position":2,"name":"7-9 iunie: Alba Fest\u00ae 2019 face istorie \u00eentr-o nou\u0103 edi\u021bie"}]},{"@type":"WebSite","@id":"https:\/\/urbeamea.ro\/albaiulia\/#website","url":"https:\/\/urbeamea.ro\/albaiulia\/","name":"Revista Urbea Mea, Stiri urbane","description":"Evenimente \u0219i \u0219tiri din Alba Iulia, Sebe\u0219, Aiud, Blaj","potentialAction":[{"@type":"SearchAction","target":{"@type":"EntryPoint","urlTemplate":"https:\/\/urbeamea.ro\/albaiulia\/?s={search_term_string}"},"query-input":{"@type":"PropertyValueSpecification","valueRequired":true,"valueName":"search_term_string"}}],"inLanguage":"ro-RO"},{"@type":"Person","@id":"https:\/\/urbeamea.ro\/albaiulia\/#\/schema\/person\/9700d21fae21c4f038b0b56f4506264a","name":"Cristina Ganga","image":{"@type":"ImageObject","inLanguage":"ro-RO","@id":"https:\/\/secure.gravatar.com\/avatar\/5a67661041f057b4a8ccaf26f5a8e86e2689372006d01faf3dd9eeb10b654bb4?s=96&d=mm&r=g","url":"https:\/\/secure.gravatar.com\/avatar\/5a67661041f057b4a8ccaf26f5a8e86e2689372006d01faf3dd9eeb10b654bb4?s=96&d=mm&r=g","contentUrl":"https:\/\/secure.gravatar.com\/avatar\/5a67661041f057b4a8ccaf26f5a8e86e2689372006d01faf3dd9eeb10b654bb4?s=96&d=mm&r=g","caption":"Cristina Ganga"},"description":"Jurnalist","sameAs":["https:\/\/www.facebook.com\/cristina.nicola.587"],"url":"https:\/\/urbeamea.ro\/albaiulia\/author\/cristina-nicola\/"}]}},"_links":{"self":[{"href":"https:\/\/urbeamea.ro\/albaiulia\/wp-json\/wp\/v2\/posts\/76207","targetHints":{"allow":["GET"]}}],"collection":[{"href":"https:\/\/urbeamea.ro\/albaiulia\/wp-json\/wp\/v2\/posts"}],"about":[{"href":"https:\/\/urbeamea.ro\/albaiulia\/wp-json\/wp\/v2\/types\/post"}],"author":[{"embeddable":true,"href":"https:\/\/urbeamea.ro\/albaiulia\/wp-json\/wp\/v2\/users\/17"}],"replies":[{"embeddable":true,"href":"https:\/\/urbeamea.ro\/albaiulia\/wp-json\/wp\/v2\/comments?post=76207"}],"version-history":[{"count":0,"href":"https:\/\/urbeamea.ro\/albaiulia\/wp-json\/wp\/v2\/posts\/76207\/revisions"}],"wp:featuredmedia":[{"embeddable":true,"href":"https:\/\/urbeamea.ro\/albaiulia\/wp-json\/wp\/v2\/media\/76208"}],"wp:attachment":[{"href":"https:\/\/urbeamea.ro\/albaiulia\/wp-json\/wp\/v2\/media?parent=76207"}],"wp:term":[{"taxonomy":"category","embeddable":true,"href":"https:\/\/urbeamea.ro\/albaiulia\/wp-json\/wp\/v2\/categories?post=76207"},{"taxonomy":"post_tag","embeddable":true,"href":"https:\/\/urbeamea.ro\/albaiulia\/wp-json\/wp\/v2\/tags?post=76207"}],"curies":[{"name":"wp","href":"https:\/\/api.w.org\/{rel}","templated":true}]}}