{"id":76310,"date":"2019-05-16T15:32:50","date_gmt":"2019-05-16T12:32:50","guid":{"rendered":"https:\/\/urbeamea.ro\/albaiulia\/?p=76310"},"modified":"2019-05-16T15:33:01","modified_gmt":"2019-05-16T12:33:01","slug":"foto-liceenii-din-apuseni-au-invatat-de-la-politisti-lectia-sigurantei","status":"publish","type":"post","link":"https:\/\/urbeamea.ro\/albaiulia\/foto-liceenii-din-apuseni-au-invatat-de-la-politisti-lectia-sigurantei\/","title":{"rendered":"FOTO: Liceenii din Apuseni au \u00eenv\u0103\u021bat, de la poli\u021bi\u0219ti, lec\u021bia siguran\u021bei"},"content":{"rendered":"\n<p class=\"wp-block-paragraph\"><strong>Peste 500 de liceeni din Abrud \u0219i C\u00e2mpeni s-au \u00eent\u00e2lnit cu poli\u0163i\u015fti \u015fi reprezentan\u0163i ai institu\u0163iilor partenere, \u00een cadrul unor activit\u0103\u0163i ce au avut drept scop informarea \u015fi educarea acestora, cu privire la prevenirea victimiz\u0103rii din infrac\u0163iuni. <\/strong><\/p>\n\n\n\n<p class=\"wp-block-paragraph\">La data de 14 mai 2019, poli\u0163i\u015ftii Compartimentului\nde Analiz\u0103 \u015fi Prevenire a Criminalit\u0103\u0163ii din IPJ Alba \u00eempreun\u0103 cu reprezentan\u0163i\nai Centrului de Prevenire, Evaluare \u015fi Consiliere Antidrog Alba, au desf\u0103\u0219urat\nactivit\u0103\u0163i informativ \u2013 preventive la Liceul \u201eHorea, Clo\u0219ca \u0219i Cri\u0219an\u201d din Abrud,\nLiceul Tehnologic Silvic C\u00e2mpeni \u0219i la Colegiul Na\u021bional \u201eAvram Iancu\u201d C\u00e2mpeni.\n<\/p>\n\n\n\n<p class=\"wp-block-paragraph\">Poli\u021bi\u0219tii, \u00eempreun\u0103 cu liceenii\nau dezb\u0103tut teme care vizeaz\u0103 prevenirea violen\u0163ei \u00een unit\u0103\u0163ile de \u00eenv\u0103\u0163\u0103m\u00e2nt\n\u015fi \u00een mediul intrafamilial, prevenirea traficului \u015fi consumului de droguri \u015fi\nnu \u00een ultimul r\u00e2nd, prevenirea accidentelor rutiere. <\/p>\n\n\n\n<p class=\"wp-block-paragraph\">Elevii\nau primit explica\u0163ii legate de efectele devastatoare ce pot s\u0103 le aib\u0103\nconducerea autovehiculelor sub influen\u0163a b\u0103uturilor alcoolice sau a drogurilor.\n<\/p>\n\n\n\n<p class=\"wp-block-paragraph\">Ace\u015ftia au putut\nexperimenta \u201eochelarii de droguri\u201d ce simuleaz\u0103 o gam\u0103 larg\u0103 de efecte care pot\nfi declan\u0219ate de consumul de droguri (dezorientare, modificarea percep\u021biei,\ndeficien\u021be de vedere, schimbarea culorilor, grad ridicat de incertitudine,\nsenza\u021bia de pierdere a controlului) precum \u015fi \u201eochelarii de alcool\u201d. <\/p>\n\n\n\n<p class=\"wp-block-paragraph\">Ace\u015ftia din urm\u0103\nsimuleaz\u0103 o intoxica\u021bie puternic\u0103 cu alcool, \u00een s\u00e2nge, de aproximativ 1,3 \u2030\n(obiectele par mai \u00eendep\u0103rtate dec\u00e2t sunt \u00een realitate, viziune dubl\u0103, vitezele\nsunt evaluate gre\u015fit, vederea este semnificativ mai slab\u0103, timpul de r\u0103spuns\neste mai lung, senza\u0163ia continu\u0103 de confuzie \/ dezorientare \u015fi tulbur\u0103ri de\nechilibru). <\/p>\n\n\n\n<p class=\"wp-block-paragraph\">Activit\u0103\u021bile desf\u0103\u0219urate \u00een unit\u0103\u021bile de \u00eenv\u0103\u021b\u0103m\u00e2nt din zona Mun\u021bilor Apuseni sunt prev\u0103zute \u00een proiectul <strong><em>\u201e\u00cempreun\u0103 pentru siguran\u021ba tinerilor\u201d,<\/em><\/strong> derulat de Inspectoratul de Poli\u021bie Jude\u021bean Alba \u00eempreun\u0103 cu Centrul de Prevenire, Evaluare \u015fi Consiliere Antidrog Alba. Acesta vizeaz\u0103 cre\u0219terea gradului de siguran\u021b\u0103 al tinerilor at\u00e2t \u00een \u0219coli c\u00e2t \u0219i \u00een afara acestora. <\/p>\n\n\n\n<ul class=\"wp-block-gallery columns-3 is-cropped wp-block-gallery-1 is-layout-flex wp-block-gallery-is-layout-flex\"><li class=\"blocks-gallery-item\"><figure><a href=\"https:\/\/urbeamea.ro\/albaiulia\/wp-content\/uploads\/2019\/05\/WhatsApp-Image-2019-05-15-at-09.41.201-1280x960.jpeg\"><img loading=\"lazy\" decoding=\"async\" width=\"1280\" height=\"960\" src=\"https:\/\/urbeamea.ro\/albaiulia\/wp-content\/uploads\/2019\/05\/WhatsApp-Image-2019-05-15-at-09.41.201-1280x960.jpeg\" alt=\"\" data-id=\"76311\" data-link=\"https:\/\/urbeamea.ro\/albaiulia\/?attachment_id=76311\" class=\"wp-image-76311\" srcset=\"https:\/\/urbeamea.ro\/albaiulia\/wp-content\/uploads\/2019\/05\/WhatsApp-Image-2019-05-15-at-09.41.201-1280x960.jpeg 1280w, https:\/\/urbeamea.ro\/albaiulia\/wp-content\/uploads\/2019\/05\/WhatsApp-Image-2019-05-15-at-09.41.201-150x113.jpeg 150w, https:\/\/urbeamea.ro\/albaiulia\/wp-content\/uploads\/2019\/05\/WhatsApp-Image-2019-05-15-at-09.41.201-640x480.jpeg 640w, https:\/\/urbeamea.ro\/albaiulia\/wp-content\/uploads\/2019\/05\/WhatsApp-Image-2019-05-15-at-09.41.201-768x576.jpeg 768w, https:\/\/urbeamea.ro\/albaiulia\/wp-content\/uploads\/2019\/05\/WhatsApp-Image-2019-05-15-at-09.41.201.jpeg 1600w\" sizes=\"auto, (max-width: 1280px) 100vw, 1280px\" \/><\/a><\/figure><\/li><li class=\"blocks-gallery-item\"><figure><a href=\"https:\/\/urbeamea.ro\/albaiulia\/wp-content\/uploads\/2019\/05\/WhatsApp-Image-2019-05-15-at-09.41.21-1280x960.jpeg\"><img loading=\"lazy\" decoding=\"async\" width=\"1280\" height=\"960\" src=\"https:\/\/urbeamea.ro\/albaiulia\/wp-content\/uploads\/2019\/05\/WhatsApp-Image-2019-05-15-at-09.41.21-1280x960.jpeg\" alt=\"\" data-id=\"76312\" data-link=\"https:\/\/urbeamea.ro\/albaiulia\/?attachment_id=76312\" class=\"wp-image-76312\" srcset=\"https:\/\/urbeamea.ro\/albaiulia\/wp-content\/uploads\/2019\/05\/WhatsApp-Image-2019-05-15-at-09.41.21-1280x960.jpeg 1280w, https:\/\/urbeamea.ro\/albaiulia\/wp-content\/uploads\/2019\/05\/WhatsApp-Image-2019-05-15-at-09.41.21-150x113.jpeg 150w, https:\/\/urbeamea.ro\/albaiulia\/wp-content\/uploads\/2019\/05\/WhatsApp-Image-2019-05-15-at-09.41.21-640x480.jpeg 640w, https:\/\/urbeamea.ro\/albaiulia\/wp-content\/uploads\/2019\/05\/WhatsApp-Image-2019-05-15-at-09.41.21-768x576.jpeg 768w, https:\/\/urbeamea.ro\/albaiulia\/wp-content\/uploads\/2019\/05\/WhatsApp-Image-2019-05-15-at-09.41.21.jpeg 1600w\" sizes=\"auto, (max-width: 1280px) 100vw, 1280px\" \/><\/a><\/figure><\/li><li class=\"blocks-gallery-item\"><figure><a href=\"https:\/\/urbeamea.ro\/albaiulia\/wp-content\/uploads\/2019\/05\/WhatsApp-Image-2019-05-15-at-09.41.25-1280x960.jpeg\"><img loading=\"lazy\" decoding=\"async\" width=\"1280\" height=\"960\" src=\"https:\/\/urbeamea.ro\/albaiulia\/wp-content\/uploads\/2019\/05\/WhatsApp-Image-2019-05-15-at-09.41.25-1280x960.jpeg\" alt=\"\" data-id=\"76313\" data-link=\"https:\/\/urbeamea.ro\/albaiulia\/?attachment_id=76313\" class=\"wp-image-76313\" srcset=\"https:\/\/urbeamea.ro\/albaiulia\/wp-content\/uploads\/2019\/05\/WhatsApp-Image-2019-05-15-at-09.41.25-1280x960.jpeg 1280w, https:\/\/urbeamea.ro\/albaiulia\/wp-content\/uploads\/2019\/05\/WhatsApp-Image-2019-05-15-at-09.41.25-150x113.jpeg 150w, https:\/\/urbeamea.ro\/albaiulia\/wp-content\/uploads\/2019\/05\/WhatsApp-Image-2019-05-15-at-09.41.25-640x480.jpeg 640w, https:\/\/urbeamea.ro\/albaiulia\/wp-content\/uploads\/2019\/05\/WhatsApp-Image-2019-05-15-at-09.41.25-768x576.jpeg 768w, https:\/\/urbeamea.ro\/albaiulia\/wp-content\/uploads\/2019\/05\/WhatsApp-Image-2019-05-15-at-09.41.25.jpeg 1600w\" sizes=\"auto, (max-width: 1280px) 100vw, 1280px\" \/><\/a><\/figure><\/li><li class=\"blocks-gallery-item\"><figure><a href=\"https:\/\/urbeamea.ro\/albaiulia\/wp-content\/uploads\/2019\/05\/WhatsApp-Image-2019-05-15-at-09.41.28-1280x960.jpeg\"><img loading=\"lazy\" decoding=\"async\" width=\"1280\" height=\"960\" src=\"https:\/\/urbeamea.ro\/albaiulia\/wp-content\/uploads\/2019\/05\/WhatsApp-Image-2019-05-15-at-09.41.28-1280x960.jpeg\" alt=\"\" data-id=\"76314\" data-link=\"https:\/\/urbeamea.ro\/albaiulia\/?attachment_id=76314\" class=\"wp-image-76314\" srcset=\"https:\/\/urbeamea.ro\/albaiulia\/wp-content\/uploads\/2019\/05\/WhatsApp-Image-2019-05-15-at-09.41.28-1280x960.jpeg 1280w, https:\/\/urbeamea.ro\/albaiulia\/wp-content\/uploads\/2019\/05\/WhatsApp-Image-2019-05-15-at-09.41.28-150x113.jpeg 150w, https:\/\/urbeamea.ro\/albaiulia\/wp-content\/uploads\/2019\/05\/WhatsApp-Image-2019-05-15-at-09.41.28-640x480.jpeg 640w, https:\/\/urbeamea.ro\/albaiulia\/wp-content\/uploads\/2019\/05\/WhatsApp-Image-2019-05-15-at-09.41.28-768x576.jpeg 768w, https:\/\/urbeamea.ro\/albaiulia\/wp-content\/uploads\/2019\/05\/WhatsApp-Image-2019-05-15-at-09.41.28.jpeg 1600w\" sizes=\"auto, (max-width: 1280px) 100vw, 1280px\" \/><\/a><\/figure><\/li><li class=\"blocks-gallery-item\"><figure><a href=\"https:\/\/urbeamea.ro\/albaiulia\/wp-content\/uploads\/2019\/05\/WhatsApp-Image-2019-05-15-at-09.41.29-1280x960.jpeg\"><img loading=\"lazy\" decoding=\"async\" width=\"1280\" height=\"960\" src=\"https:\/\/urbeamea.ro\/albaiulia\/wp-content\/uploads\/2019\/05\/WhatsApp-Image-2019-05-15-at-09.41.29-1280x960.jpeg\" alt=\"\" data-id=\"76315\" data-link=\"https:\/\/urbeamea.ro\/albaiulia\/?attachment_id=76315\" class=\"wp-image-76315\" srcset=\"https:\/\/urbeamea.ro\/albaiulia\/wp-content\/uploads\/2019\/05\/WhatsApp-Image-2019-05-15-at-09.41.29-1280x960.jpeg 1280w, https:\/\/urbeamea.ro\/albaiulia\/wp-content\/uploads\/2019\/05\/WhatsApp-Image-2019-05-15-at-09.41.29-150x113.jpeg 150w, https:\/\/urbeamea.ro\/albaiulia\/wp-content\/uploads\/2019\/05\/WhatsApp-Image-2019-05-15-at-09.41.29-640x480.jpeg 640w, https:\/\/urbeamea.ro\/albaiulia\/wp-content\/uploads\/2019\/05\/WhatsApp-Image-2019-05-15-at-09.41.29-768x576.jpeg 768w, https:\/\/urbeamea.ro\/albaiulia\/wp-content\/uploads\/2019\/05\/WhatsApp-Image-2019-05-15-at-09.41.29.jpeg 1600w\" sizes=\"auto, (max-width: 1280px) 100vw, 1280px\" \/><\/a><\/figure><\/li><li class=\"blocks-gallery-item\"><figure><a href=\"https:\/\/urbeamea.ro\/albaiulia\/wp-content\/uploads\/2019\/05\/WhatsApp-Image-2019-05-15-at-09.41.30-1280x960.jpeg\"><img loading=\"lazy\" decoding=\"async\" width=\"1280\" height=\"960\" src=\"https:\/\/urbeamea.ro\/albaiulia\/wp-content\/uploads\/2019\/05\/WhatsApp-Image-2019-05-15-at-09.41.30-1280x960.jpeg\" alt=\"\" data-id=\"76316\" data-link=\"https:\/\/urbeamea.ro\/albaiulia\/?attachment_id=76316\" class=\"wp-image-76316\" srcset=\"https:\/\/urbeamea.ro\/albaiulia\/wp-content\/uploads\/2019\/05\/WhatsApp-Image-2019-05-15-at-09.41.30-1280x960.jpeg 1280w, https:\/\/urbeamea.ro\/albaiulia\/wp-content\/uploads\/2019\/05\/WhatsApp-Image-2019-05-15-at-09.41.30-150x113.jpeg 150w, https:\/\/urbeamea.ro\/albaiulia\/wp-content\/uploads\/2019\/05\/WhatsApp-Image-2019-05-15-at-09.41.30-640x480.jpeg 640w, https:\/\/urbeamea.ro\/albaiulia\/wp-content\/uploads\/2019\/05\/WhatsApp-Image-2019-05-15-at-09.41.30-768x576.jpeg 768w, https:\/\/urbeamea.ro\/albaiulia\/wp-content\/uploads\/2019\/05\/WhatsApp-Image-2019-05-15-at-09.41.30.jpeg 1600w\" sizes=\"auto, (max-width: 1280px) 100vw, 1280px\" \/><\/a><\/figure><\/li><li class=\"blocks-gallery-item\"><figure><a href=\"https:\/\/urbeamea.ro\/albaiulia\/wp-content\/uploads\/2019\/05\/WhatsApp-Image-2019-05-15-at-09.41.31-1280x960.jpeg\"><img loading=\"lazy\" decoding=\"async\" width=\"1280\" height=\"960\" src=\"https:\/\/urbeamea.ro\/albaiulia\/wp-content\/uploads\/2019\/05\/WhatsApp-Image-2019-05-15-at-09.41.31-1280x960.jpeg\" alt=\"\" data-id=\"76317\" data-link=\"https:\/\/urbeamea.ro\/albaiulia\/?attachment_id=76317\" class=\"wp-image-76317\" srcset=\"https:\/\/urbeamea.ro\/albaiulia\/wp-content\/uploads\/2019\/05\/WhatsApp-Image-2019-05-15-at-09.41.31-1280x960.jpeg 1280w, https:\/\/urbeamea.ro\/albaiulia\/wp-content\/uploads\/2019\/05\/WhatsApp-Image-2019-05-15-at-09.41.31-150x113.jpeg 150w, https:\/\/urbeamea.ro\/albaiulia\/wp-content\/uploads\/2019\/05\/WhatsApp-Image-2019-05-15-at-09.41.31-640x480.jpeg 640w, https:\/\/urbeamea.ro\/albaiulia\/wp-content\/uploads\/2019\/05\/WhatsApp-Image-2019-05-15-at-09.41.31-768x576.jpeg 768w, https:\/\/urbeamea.ro\/albaiulia\/wp-content\/uploads\/2019\/05\/WhatsApp-Image-2019-05-15-at-09.41.31.jpeg 1600w\" sizes=\"auto, (max-width: 1280px) 100vw, 1280px\" \/><\/a><\/figure><\/li><li class=\"blocks-gallery-item\"><figure><a href=\"https:\/\/urbeamea.ro\/albaiulia\/wp-content\/uploads\/2019\/05\/WhatsApp-Image-2019-05-15-at-09.41.32-1280x960.jpeg\"><img loading=\"lazy\" decoding=\"async\" width=\"1280\" height=\"960\" src=\"https:\/\/urbeamea.ro\/albaiulia\/wp-content\/uploads\/2019\/05\/WhatsApp-Image-2019-05-15-at-09.41.32-1280x960.jpeg\" alt=\"\" data-id=\"76318\" data-link=\"https:\/\/urbeamea.ro\/albaiulia\/?attachment_id=76318\" class=\"wp-image-76318\" srcset=\"https:\/\/urbeamea.ro\/albaiulia\/wp-content\/uploads\/2019\/05\/WhatsApp-Image-2019-05-15-at-09.41.32-1280x960.jpeg 1280w, https:\/\/urbeamea.ro\/albaiulia\/wp-content\/uploads\/2019\/05\/WhatsApp-Image-2019-05-15-at-09.41.32-150x113.jpeg 150w, https:\/\/urbeamea.ro\/albaiulia\/wp-content\/uploads\/2019\/05\/WhatsApp-Image-2019-05-15-at-09.41.32-640x480.jpeg 640w, https:\/\/urbeamea.ro\/albaiulia\/wp-content\/uploads\/2019\/05\/WhatsApp-Image-2019-05-15-at-09.41.32-768x576.jpeg 768w, https:\/\/urbeamea.ro\/albaiulia\/wp-content\/uploads\/2019\/05\/WhatsApp-Image-2019-05-15-at-09.41.32.jpeg 1600w\" sizes=\"auto, (max-width: 1280px) 100vw, 1280px\" \/><\/a><\/figure><\/li><li class=\"blocks-gallery-item\"><figure><a href=\"https:\/\/urbeamea.ro\/albaiulia\/wp-content\/uploads\/2019\/05\/WhatsApp-Image-2019-05-15-at-09.41.341-1280x960.jpeg\"><img loading=\"lazy\" decoding=\"async\" width=\"1280\" height=\"960\" src=\"https:\/\/urbeamea.ro\/albaiulia\/wp-content\/uploads\/2019\/05\/WhatsApp-Image-2019-05-15-at-09.41.341-1280x960.jpeg\" alt=\"\" data-id=\"76319\" data-link=\"https:\/\/urbeamea.ro\/albaiulia\/?attachment_id=76319\" class=\"wp-image-76319\" srcset=\"https:\/\/urbeamea.ro\/albaiulia\/wp-content\/uploads\/2019\/05\/WhatsApp-Image-2019-05-15-at-09.41.341-1280x960.jpeg 1280w, https:\/\/urbeamea.ro\/albaiulia\/wp-content\/uploads\/2019\/05\/WhatsApp-Image-2019-05-15-at-09.41.341-150x113.jpeg 150w, https:\/\/urbeamea.ro\/albaiulia\/wp-content\/uploads\/2019\/05\/WhatsApp-Image-2019-05-15-at-09.41.341-640x480.jpeg 640w, https:\/\/urbeamea.ro\/albaiulia\/wp-content\/uploads\/2019\/05\/WhatsApp-Image-2019-05-15-at-09.41.341-768x576.jpeg 768w, https:\/\/urbeamea.ro\/albaiulia\/wp-content\/uploads\/2019\/05\/WhatsApp-Image-2019-05-15-at-09.41.341.jpeg 1600w\" sizes=\"auto, (max-width: 1280px) 100vw, 1280px\" \/><\/a><\/figure><\/li><li class=\"blocks-gallery-item\"><figure><a href=\"https:\/\/urbeamea.ro\/albaiulia\/wp-content\/uploads\/2019\/05\/WhatsApp-Image-2019-05-15-at-09.41.34-1280x960.jpeg\"><img loading=\"lazy\" decoding=\"async\" width=\"1280\" height=\"960\" src=\"https:\/\/urbeamea.ro\/albaiulia\/wp-content\/uploads\/2019\/05\/WhatsApp-Image-2019-05-15-at-09.41.34-1280x960.jpeg\" alt=\"\" data-id=\"76320\" data-link=\"https:\/\/urbeamea.ro\/albaiulia\/?attachment_id=76320\" class=\"wp-image-76320\" srcset=\"https:\/\/urbeamea.ro\/albaiulia\/wp-content\/uploads\/2019\/05\/WhatsApp-Image-2019-05-15-at-09.41.34-1280x960.jpeg 1280w, https:\/\/urbeamea.ro\/albaiulia\/wp-content\/uploads\/2019\/05\/WhatsApp-Image-2019-05-15-at-09.41.34-150x113.jpeg 150w, https:\/\/urbeamea.ro\/albaiulia\/wp-content\/uploads\/2019\/05\/WhatsApp-Image-2019-05-15-at-09.41.34-640x480.jpeg 640w, https:\/\/urbeamea.ro\/albaiulia\/wp-content\/uploads\/2019\/05\/WhatsApp-Image-2019-05-15-at-09.41.34-768x576.jpeg 768w, https:\/\/urbeamea.ro\/albaiulia\/wp-content\/uploads\/2019\/05\/WhatsApp-Image-2019-05-15-at-09.41.34.jpeg 1600w\" sizes=\"auto, (max-width: 1280px) 100vw, 1280px\" \/><\/a><\/figure><\/li><\/ul>\n","protected":false},"excerpt":{"rendered":"<p>Peste 500 de liceeni din Abrud \u0219i C\u00e2mpeni s-au \u00eent\u00e2lnit cu poli\u0163i\u015fti \u015fi reprezentan\u0163i ai institu\u0163iilor partenere, \u00een cadrul unor activit\u0103\u0163i ce au avut drept scop informarea \u015fi educarea acestora, cu privire la prevenirea victimiz\u0103rii din infrac\u0163iuni. La data de 14 mai 2019, poli\u0163i\u015ftii Compartimentului de Analiz\u0103 \u015fi Prevenire a Criminalit\u0103\u0163ii din IPJ Alba \u00eempreun\u0103 &hellip;<\/p>\n","protected":false},"author":17,"featured_media":76319,"comment_status":"open","ping_status":"open","sticky":false,"template":"","format":"standard","meta":{"inline_featured_image":false,"footnotes":""},"categories":[2034],"tags":[307,458,308,76],"class_list":["post-76310","post","type-post","status-publish","format-standard","has-post-thumbnail","hentry","category-social","tag-alba","tag-politisti","tag-stiri","tag-urbea-mea"],"yoast_head":"<!-- This site is optimized with the Yoast SEO plugin v28.3 - https:\/\/yoast.com\/product\/yoast-seo-wordpress\/ -->\n<title>FOTO: Liceenii din Apuseni au \u00eenv\u0103\u021bat, de la poli\u021bi\u0219ti, lec\u021bia siguran\u021bei - Revista Urbea Mea - Revista de Alba<\/title>\n<meta name=\"description\" content=\"Peste 500 de liceeni din Abrud \u0219i C\u00e2mpeni s-au \u00eent\u00e2lnit cu poli\u0163i\u015fti \u015fi reprezentan\u0163i ai institu\u0163iilor partenere, \u00een cadrul unor activit\u0103\u0163i ce au avut\" \/>\n<meta name=\"robots\" content=\"index, follow, max-snippet:-1, max-image-preview:large, max-video-preview:-1\" \/>\n<link rel=\"canonical\" href=\"https:\/\/urbeamea.ro\/albaiulia\/foto-liceenii-din-apuseni-au-invatat-de-la-politisti-lectia-sigurantei\/\" \/>\n<meta name=\"twitter:card\" content=\"summary_large_image\" \/>\n<meta name=\"twitter:title\" content=\"FOTO: Liceenii din Apuseni au \u00eenv\u0103\u021bat, de la poli\u021bi\u0219ti, lec\u021bia siguran\u021bei - Revista Urbea Mea - Revista de Alba\" \/>\n<meta name=\"twitter:description\" content=\"Peste 500 de liceeni din Abrud \u0219i C\u00e2mpeni s-au \u00eent\u00e2lnit cu poli\u0163i\u015fti \u015fi reprezentan\u0163i ai institu\u0163iilor partenere, \u00een cadrul unor activit\u0103\u0163i ce au avut\" \/>\n<meta name=\"twitter:image\" content=\"https:\/\/urbeamea.ro\/albaiulia\/wp-content\/uploads\/2019\/05\/WhatsApp-Image-2019-05-15-at-09.41.341.jpeg\" \/>\n<meta name=\"twitter:creator\" content=\"@urbeameaweb\" \/>\n<meta name=\"twitter:site\" content=\"@urbeameaweb\" \/>\n<script type=\"application\/ld+json\" class=\"yoast-schema-graph\">{\"@context\":\"https:\\\/\\\/schema.org\",\"@graph\":[{\"@type\":\"Article\",\"@id\":\"https:\\\/\\\/urbeamea.ro\\\/albaiulia\\\/foto-liceenii-din-apuseni-au-invatat-de-la-politisti-lectia-sigurantei\\\/#article\",\"isPartOf\":{\"@id\":\"https:\\\/\\\/urbeamea.ro\\\/albaiulia\\\/foto-liceenii-din-apuseni-au-invatat-de-la-politisti-lectia-sigurantei\\\/\"},\"author\":{\"name\":\"Cristina Ganga\",\"@id\":\"https:\\\/\\\/urbeamea.ro\\\/albaiulia\\\/#\\\/schema\\\/person\\\/9700d21fae21c4f038b0b56f4506264a\"},\"headline\":\"FOTO: Liceenii din Apuseni au \u00eenv\u0103\u021bat, de la poli\u021bi\u0219ti, lec\u021bia siguran\u021bei\",\"datePublished\":\"2019-05-16T12:32:50+00:00\",\"dateModified\":\"2019-05-16T12:33:01+00:00\",\"mainEntityOfPage\":{\"@id\":\"https:\\\/\\\/urbeamea.ro\\\/albaiulia\\\/foto-liceenii-din-apuseni-au-invatat-de-la-politisti-lectia-sigurantei\\\/\"},\"wordCount\":358,\"commentCount\":0,\"image\":{\"@id\":\"https:\\\/\\\/urbeamea.ro\\\/albaiulia\\\/foto-liceenii-din-apuseni-au-invatat-de-la-politisti-lectia-sigurantei\\\/#primaryimage\"},\"thumbnailUrl\":\"https:\\\/\\\/urbeamea.ro\\\/albaiulia\\\/wp-content\\\/uploads\\\/2019\\\/05\\\/WhatsApp-Image-2019-05-15-at-09.41.341.jpeg\",\"keywords\":[\"alba\",\"politisti\",\"stiri\",\"Urbea Mea\"],\"articleSection\":[\"Social\"],\"inLanguage\":\"ro-RO\",\"potentialAction\":[{\"@type\":\"CommentAction\",\"name\":\"Comment\",\"target\":[\"https:\\\/\\\/urbeamea.ro\\\/albaiulia\\\/foto-liceenii-din-apuseni-au-invatat-de-la-politisti-lectia-sigurantei\\\/#respond\"]}]},{\"@type\":\"WebPage\",\"@id\":\"https:\\\/\\\/urbeamea.ro\\\/albaiulia\\\/foto-liceenii-din-apuseni-au-invatat-de-la-politisti-lectia-sigurantei\\\/\",\"url\":\"https:\\\/\\\/urbeamea.ro\\\/albaiulia\\\/foto-liceenii-din-apuseni-au-invatat-de-la-politisti-lectia-sigurantei\\\/\",\"name\":\"FOTO: Liceenii din Apuseni au \u00eenv\u0103\u021bat, de la poli\u021bi\u0219ti, lec\u021bia siguran\u021bei - Revista Urbea Mea - Revista de Alba\",\"isPartOf\":{\"@id\":\"https:\\\/\\\/urbeamea.ro\\\/albaiulia\\\/#website\"},\"primaryImageOfPage\":{\"@id\":\"https:\\\/\\\/urbeamea.ro\\\/albaiulia\\\/foto-liceenii-din-apuseni-au-invatat-de-la-politisti-lectia-sigurantei\\\/#primaryimage\"},\"image\":{\"@id\":\"https:\\\/\\\/urbeamea.ro\\\/albaiulia\\\/foto-liceenii-din-apuseni-au-invatat-de-la-politisti-lectia-sigurantei\\\/#primaryimage\"},\"thumbnailUrl\":\"https:\\\/\\\/urbeamea.ro\\\/albaiulia\\\/wp-content\\\/uploads\\\/2019\\\/05\\\/WhatsApp-Image-2019-05-15-at-09.41.341.jpeg\",\"datePublished\":\"2019-05-16T12:32:50+00:00\",\"dateModified\":\"2019-05-16T12:33:01+00:00\",\"author\":{\"@id\":\"https:\\\/\\\/urbeamea.ro\\\/albaiulia\\\/#\\\/schema\\\/person\\\/9700d21fae21c4f038b0b56f4506264a\"},\"description\":\"Peste 500 de liceeni din Abrud \u0219i C\u00e2mpeni s-au \u00eent\u00e2lnit cu poli\u0163i\u015fti \u015fi reprezentan\u0163i ai institu\u0163iilor partenere, \u00een cadrul unor activit\u0103\u0163i ce au avut\",\"breadcrumb\":{\"@id\":\"https:\\\/\\\/urbeamea.ro\\\/albaiulia\\\/foto-liceenii-din-apuseni-au-invatat-de-la-politisti-lectia-sigurantei\\\/#breadcrumb\"},\"inLanguage\":\"ro-RO\",\"potentialAction\":[{\"@type\":\"ReadAction\",\"target\":[\"https:\\\/\\\/urbeamea.ro\\\/albaiulia\\\/foto-liceenii-din-apuseni-au-invatat-de-la-politisti-lectia-sigurantei\\\/\"]}]},{\"@type\":\"ImageObject\",\"inLanguage\":\"ro-RO\",\"@id\":\"https:\\\/\\\/urbeamea.ro\\\/albaiulia\\\/foto-liceenii-din-apuseni-au-invatat-de-la-politisti-lectia-sigurantei\\\/#primaryimage\",\"url\":\"https:\\\/\\\/urbeamea.ro\\\/albaiulia\\\/wp-content\\\/uploads\\\/2019\\\/05\\\/WhatsApp-Image-2019-05-15-at-09.41.341.jpeg\",\"contentUrl\":\"https:\\\/\\\/urbeamea.ro\\\/albaiulia\\\/wp-content\\\/uploads\\\/2019\\\/05\\\/WhatsApp-Image-2019-05-15-at-09.41.341.jpeg\",\"width\":1600,\"height\":1200},{\"@type\":\"BreadcrumbList\",\"@id\":\"https:\\\/\\\/urbeamea.ro\\\/albaiulia\\\/foto-liceenii-din-apuseni-au-invatat-de-la-politisti-lectia-sigurantei\\\/#breadcrumb\",\"itemListElement\":[{\"@type\":\"ListItem\",\"position\":1,\"name\":\"Prima pagin\u0103\",\"item\":\"https:\\\/\\\/urbeamea.ro\\\/albaiulia\\\/\"},{\"@type\":\"ListItem\",\"position\":2,\"name\":\"FOTO: Liceenii din Apuseni au \u00eenv\u0103\u021bat, de la poli\u021bi\u0219ti, lec\u021bia siguran\u021bei\"}]},{\"@type\":\"WebSite\",\"@id\":\"https:\\\/\\\/urbeamea.ro\\\/albaiulia\\\/#website\",\"url\":\"https:\\\/\\\/urbeamea.ro\\\/albaiulia\\\/\",\"name\":\"Revista Urbea Mea, Stiri urbane\",\"description\":\"Evenimente \u0219i \u0219tiri din Alba Iulia, Sebe\u0219, Aiud, Blaj\",\"potentialAction\":[{\"@type\":\"SearchAction\",\"target\":{\"@type\":\"EntryPoint\",\"urlTemplate\":\"https:\\\/\\\/urbeamea.ro\\\/albaiulia\\\/?s={search_term_string}\"},\"query-input\":{\"@type\":\"PropertyValueSpecification\",\"valueRequired\":true,\"valueName\":\"search_term_string\"}}],\"inLanguage\":\"ro-RO\"},{\"@type\":\"Person\",\"@id\":\"https:\\\/\\\/urbeamea.ro\\\/albaiulia\\\/#\\\/schema\\\/person\\\/9700d21fae21c4f038b0b56f4506264a\",\"name\":\"Cristina Ganga\",\"image\":{\"@type\":\"ImageObject\",\"inLanguage\":\"ro-RO\",\"@id\":\"https:\\\/\\\/secure.gravatar.com\\\/avatar\\\/5a67661041f057b4a8ccaf26f5a8e86e2689372006d01faf3dd9eeb10b654bb4?s=96&d=mm&r=g\",\"url\":\"https:\\\/\\\/secure.gravatar.com\\\/avatar\\\/5a67661041f057b4a8ccaf26f5a8e86e2689372006d01faf3dd9eeb10b654bb4?s=96&d=mm&r=g\",\"contentUrl\":\"https:\\\/\\\/secure.gravatar.com\\\/avatar\\\/5a67661041f057b4a8ccaf26f5a8e86e2689372006d01faf3dd9eeb10b654bb4?s=96&d=mm&r=g\",\"caption\":\"Cristina Ganga\"},\"description\":\"Jurnalist\",\"sameAs\":[\"https:\\\/\\\/www.facebook.com\\\/cristina.nicola.587\"],\"url\":\"https:\\\/\\\/urbeamea.ro\\\/albaiulia\\\/author\\\/cristina-nicola\\\/\"}]}<\/script>\n<!-- \/ Yoast SEO plugin. -->","yoast_head_json":{"title":"FOTO: Liceenii din Apuseni au \u00eenv\u0103\u021bat, de la poli\u021bi\u0219ti, lec\u021bia siguran\u021bei - Revista Urbea Mea - Revista de Alba","description":"Peste 500 de liceeni din Abrud \u0219i C\u00e2mpeni s-au \u00eent\u00e2lnit cu poli\u0163i\u015fti \u015fi reprezentan\u0163i ai institu\u0163iilor partenere, \u00een cadrul unor activit\u0103\u0163i ce au avut","robots":{"index":"index","follow":"follow","max-snippet":"max-snippet:-1","max-image-preview":"max-image-preview:large","max-video-preview":"max-video-preview:-1"},"canonical":"https:\/\/urbeamea.ro\/albaiulia\/foto-liceenii-din-apuseni-au-invatat-de-la-politisti-lectia-sigurantei\/","twitter_card":"summary_large_image","twitter_title":"FOTO: Liceenii din Apuseni au \u00eenv\u0103\u021bat, de la poli\u021bi\u0219ti, lec\u021bia siguran\u021bei - Revista Urbea Mea - Revista de Alba","twitter_description":"Peste 500 de liceeni din Abrud \u0219i C\u00e2mpeni s-au \u00eent\u00e2lnit cu poli\u0163i\u015fti \u015fi reprezentan\u0163i ai institu\u0163iilor partenere, \u00een cadrul unor activit\u0103\u0163i ce au avut","twitter_image":"https:\/\/urbeamea.ro\/albaiulia\/wp-content\/uploads\/2019\/05\/WhatsApp-Image-2019-05-15-at-09.41.341.jpeg","twitter_creator":"@urbeameaweb","twitter_site":"@urbeameaweb","schema":{"@context":"https:\/\/schema.org","@graph":[{"@type":"Article","@id":"https:\/\/urbeamea.ro\/albaiulia\/foto-liceenii-din-apuseni-au-invatat-de-la-politisti-lectia-sigurantei\/#article","isPartOf":{"@id":"https:\/\/urbeamea.ro\/albaiulia\/foto-liceenii-din-apuseni-au-invatat-de-la-politisti-lectia-sigurantei\/"},"author":{"name":"Cristina Ganga","@id":"https:\/\/urbeamea.ro\/albaiulia\/#\/schema\/person\/9700d21fae21c4f038b0b56f4506264a"},"headline":"FOTO: Liceenii din Apuseni au \u00eenv\u0103\u021bat, de la poli\u021bi\u0219ti, lec\u021bia siguran\u021bei","datePublished":"2019-05-16T12:32:50+00:00","dateModified":"2019-05-16T12:33:01+00:00","mainEntityOfPage":{"@id":"https:\/\/urbeamea.ro\/albaiulia\/foto-liceenii-din-apuseni-au-invatat-de-la-politisti-lectia-sigurantei\/"},"wordCount":358,"commentCount":0,"image":{"@id":"https:\/\/urbeamea.ro\/albaiulia\/foto-liceenii-din-apuseni-au-invatat-de-la-politisti-lectia-sigurantei\/#primaryimage"},"thumbnailUrl":"https:\/\/urbeamea.ro\/albaiulia\/wp-content\/uploads\/2019\/05\/WhatsApp-Image-2019-05-15-at-09.41.341.jpeg","keywords":["alba","politisti","stiri","Urbea Mea"],"articleSection":["Social"],"inLanguage":"ro-RO","potentialAction":[{"@type":"CommentAction","name":"Comment","target":["https:\/\/urbeamea.ro\/albaiulia\/foto-liceenii-din-apuseni-au-invatat-de-la-politisti-lectia-sigurantei\/#respond"]}]},{"@type":"WebPage","@id":"https:\/\/urbeamea.ro\/albaiulia\/foto-liceenii-din-apuseni-au-invatat-de-la-politisti-lectia-sigurantei\/","url":"https:\/\/urbeamea.ro\/albaiulia\/foto-liceenii-din-apuseni-au-invatat-de-la-politisti-lectia-sigurantei\/","name":"FOTO: Liceenii din Apuseni au \u00eenv\u0103\u021bat, de la poli\u021bi\u0219ti, lec\u021bia siguran\u021bei - Revista Urbea Mea - Revista de Alba","isPartOf":{"@id":"https:\/\/urbeamea.ro\/albaiulia\/#website"},"primaryImageOfPage":{"@id":"https:\/\/urbeamea.ro\/albaiulia\/foto-liceenii-din-apuseni-au-invatat-de-la-politisti-lectia-sigurantei\/#primaryimage"},"image":{"@id":"https:\/\/urbeamea.ro\/albaiulia\/foto-liceenii-din-apuseni-au-invatat-de-la-politisti-lectia-sigurantei\/#primaryimage"},"thumbnailUrl":"https:\/\/urbeamea.ro\/albaiulia\/wp-content\/uploads\/2019\/05\/WhatsApp-Image-2019-05-15-at-09.41.341.jpeg","datePublished":"2019-05-16T12:32:50+00:00","dateModified":"2019-05-16T12:33:01+00:00","author":{"@id":"https:\/\/urbeamea.ro\/albaiulia\/#\/schema\/person\/9700d21fae21c4f038b0b56f4506264a"},"description":"Peste 500 de liceeni din Abrud \u0219i C\u00e2mpeni s-au \u00eent\u00e2lnit cu poli\u0163i\u015fti \u015fi reprezentan\u0163i ai institu\u0163iilor partenere, \u00een cadrul unor activit\u0103\u0163i ce au avut","breadcrumb":{"@id":"https:\/\/urbeamea.ro\/albaiulia\/foto-liceenii-din-apuseni-au-invatat-de-la-politisti-lectia-sigurantei\/#breadcrumb"},"inLanguage":"ro-RO","potentialAction":[{"@type":"ReadAction","target":["https:\/\/urbeamea.ro\/albaiulia\/foto-liceenii-din-apuseni-au-invatat-de-la-politisti-lectia-sigurantei\/"]}]},{"@type":"ImageObject","inLanguage":"ro-RO","@id":"https:\/\/urbeamea.ro\/albaiulia\/foto-liceenii-din-apuseni-au-invatat-de-la-politisti-lectia-sigurantei\/#primaryimage","url":"https:\/\/urbeamea.ro\/albaiulia\/wp-content\/uploads\/2019\/05\/WhatsApp-Image-2019-05-15-at-09.41.341.jpeg","contentUrl":"https:\/\/urbeamea.ro\/albaiulia\/wp-content\/uploads\/2019\/05\/WhatsApp-Image-2019-05-15-at-09.41.341.jpeg","width":1600,"height":1200},{"@type":"BreadcrumbList","@id":"https:\/\/urbeamea.ro\/albaiulia\/foto-liceenii-din-apuseni-au-invatat-de-la-politisti-lectia-sigurantei\/#breadcrumb","itemListElement":[{"@type":"ListItem","position":1,"name":"Prima pagin\u0103","item":"https:\/\/urbeamea.ro\/albaiulia\/"},{"@type":"ListItem","position":2,"name":"FOTO: Liceenii din Apuseni au \u00eenv\u0103\u021bat, de la poli\u021bi\u0219ti, lec\u021bia siguran\u021bei"}]},{"@type":"WebSite","@id":"https:\/\/urbeamea.ro\/albaiulia\/#website","url":"https:\/\/urbeamea.ro\/albaiulia\/","name":"Revista Urbea Mea, Stiri urbane","description":"Evenimente \u0219i \u0219tiri din Alba Iulia, Sebe\u0219, Aiud, Blaj","potentialAction":[{"@type":"SearchAction","target":{"@type":"EntryPoint","urlTemplate":"https:\/\/urbeamea.ro\/albaiulia\/?s={search_term_string}"},"query-input":{"@type":"PropertyValueSpecification","valueRequired":true,"valueName":"search_term_string"}}],"inLanguage":"ro-RO"},{"@type":"Person","@id":"https:\/\/urbeamea.ro\/albaiulia\/#\/schema\/person\/9700d21fae21c4f038b0b56f4506264a","name":"Cristina Ganga","image":{"@type":"ImageObject","inLanguage":"ro-RO","@id":"https:\/\/secure.gravatar.com\/avatar\/5a67661041f057b4a8ccaf26f5a8e86e2689372006d01faf3dd9eeb10b654bb4?s=96&d=mm&r=g","url":"https:\/\/secure.gravatar.com\/avatar\/5a67661041f057b4a8ccaf26f5a8e86e2689372006d01faf3dd9eeb10b654bb4?s=96&d=mm&r=g","contentUrl":"https:\/\/secure.gravatar.com\/avatar\/5a67661041f057b4a8ccaf26f5a8e86e2689372006d01faf3dd9eeb10b654bb4?s=96&d=mm&r=g","caption":"Cristina Ganga"},"description":"Jurnalist","sameAs":["https:\/\/www.facebook.com\/cristina.nicola.587"],"url":"https:\/\/urbeamea.ro\/albaiulia\/author\/cristina-nicola\/"}]}},"_links":{"self":[{"href":"https:\/\/urbeamea.ro\/albaiulia\/wp-json\/wp\/v2\/posts\/76310","targetHints":{"allow":["GET"]}}],"collection":[{"href":"https:\/\/urbeamea.ro\/albaiulia\/wp-json\/wp\/v2\/posts"}],"about":[{"href":"https:\/\/urbeamea.ro\/albaiulia\/wp-json\/wp\/v2\/types\/post"}],"author":[{"embeddable":true,"href":"https:\/\/urbeamea.ro\/albaiulia\/wp-json\/wp\/v2\/users\/17"}],"replies":[{"embeddable":true,"href":"https:\/\/urbeamea.ro\/albaiulia\/wp-json\/wp\/v2\/comments?post=76310"}],"version-history":[{"count":0,"href":"https:\/\/urbeamea.ro\/albaiulia\/wp-json\/wp\/v2\/posts\/76310\/revisions"}],"wp:featuredmedia":[{"embeddable":true,"href":"https:\/\/urbeamea.ro\/albaiulia\/wp-json\/wp\/v2\/media\/76319"}],"wp:attachment":[{"href":"https:\/\/urbeamea.ro\/albaiulia\/wp-json\/wp\/v2\/media?parent=76310"}],"wp:term":[{"taxonomy":"category","embeddable":true,"href":"https:\/\/urbeamea.ro\/albaiulia\/wp-json\/wp\/v2\/categories?post=76310"},{"taxonomy":"post_tag","embeddable":true,"href":"https:\/\/urbeamea.ro\/albaiulia\/wp-json\/wp\/v2\/tags?post=76310"}],"curies":[{"name":"wp","href":"https:\/\/api.w.org\/{rel}","templated":true}]}}