{"id":76628,"date":"2019-05-21T15:50:09","date_gmt":"2019-05-21T12:50:09","guid":{"rendered":"https:\/\/urbeamea.ro\/albaiulia\/?p=76628"},"modified":"2019-05-21T15:50:15","modified_gmt":"2019-05-21T12:50:15","slug":"gabriel-chifu-prezent-la-targul-de-carte-alba-transilvana-de-la-alba-iulia-cu-a-sa-elegia-timpului-un-an-de-poezie-9-decembrie-2016-8-decembrie-2017","status":"publish","type":"post","link":"https:\/\/urbeamea.ro\/albaiulia\/gabriel-chifu-prezent-la-targul-de-carte-alba-transilvana-de-la-alba-iulia-cu-a-sa-elegia-timpului-un-an-de-poezie-9-decembrie-2016-8-decembrie-2017\/","title":{"rendered":"Gabriel Chifu prezent la T\u00e2rgul de Carte Alba Transilvana de la Alba Iulia cu a sa elegia timpului. un an de poezie (9 decembrie 2016-8 decembrie 2017)"},"content":{"rendered":"\n<p><strong>Vineri, 7 iunie 2019, \u00eencep\u00e2nd cu ora 17:30, Sala de evenimente a Casei de Cultur\u0103 a Sindicatelor din Alba Iulia va g\u0103zdui lansarea volumului de poezie <\/strong><em><strong>elegia timpului. un an de poezie (9 decembrie 2016-8 decembrie 2017).<\/strong><\/em><strong> Volumul este un adev\u0103rat album de colec\u021bie, fiecare poem fiind ilustrat de o grafic\u0103 elegant\u0103, modern\u0103, cu totul aparte, realizat\u0103 de Mihaela \u015echiopu. <\/strong><\/p>\n\n\n\n<p>Poezia din acest volum semnat de Gabriel Chifu este una confesiv\u0103, curg\u00eend, din poem \u00een poem, firesc, natural, f\u0103r\u0103 ascunzi\u015furi de unde \u015fi sentimentul de puritate \u0219i cur\u0103\u0163enie liric\u0103 prin reflec\u0163ie. Toate acestea sunt argumente suficiente pentru a nu rata aceast\u0103 lansare de carte ce face parte din programul T\u00e2rgului de Carte Alba Transilvana, edi\u021bia a XII-a, 6-8 iunie 2019.<\/p>\n\n\n\n<p>Poetul \u0219i\nprozatorul Gabriel Chifu s-a n\u0103scut la 22 martie 1954, \u00een ora\u015ful Calafat. A absolvit\nColegiul Carol I din Craiova (clasa special\u0103 de matematic\u0103) \u00een 1973 \u015fi\nFacultatea de Electrotehnic\u0103, Sec\u0163ia Automatiz\u0103ri \u015fi Calculatoare, din acela\u015fi\nora\u015f, \u00een 1979. \u00centre anii 1985 \u015fi 2009 a lucrat la revista \u201eRamuri\u201c din\nCraiova, ca redactor, p\u00e2n\u0103 \u00een 1991 \u015fi apoi ca redactor-\u015fef, p\u00e2n\u0103 \u00een 2009\ninclusiv. \u00centre 2005 \u015fi\n2009 a fost Secretar al Uniunii Scriitorilor din Rom\u00e2nia \u015fi membru \u00een Comitetul\nDirector, fiind membru al Uniunii Scriitorilor din Rom\u00e2nia din anul 1980. Actualmente,\neste vicepre\u015fedintele Uniunii Scriitorilor din Rom\u00e2nia \u0219i director executiv la\nrevista \u201eRom\u00e2nia literar\u0103\u201c.<\/p>\n\n\n\n<p>A publicat \u00een majoritatea revistelor literare din \u0163ar\u0103 \u0219i \u00een antologii \u015fi reviste din Anglia, Fran\u0163a, China, Italia, Serbia, Grecia, Statele Unite, Haiti, Belgia, Cehia, Israel \u015fi altele. I-au fost traduse dou\u0103 volume de versuri \u00een englez\u0103 \u015fi maghiar\u0103. <\/p>\n\n\n\n<p>A primit de mai multe ori Premiul Uniunii Scriitorilor din Rom\u00e2nia: pentru debut (<em>S\u0103la\u015f \u00een inim\u0103<\/em>, \u00een 1976); pentru roman (<em>Maratonul \u00eenvin\u015filor<\/em>, \u00een 1997) \u015fi pentru poezie \u00een dou\u0103 r\u00e2nduri (<em>La marginea lui Dumnezeu<\/em>, \u00een 1998 \u015fi <em>\u00censemn\u0103ri din \u0163inutul misterios<\/em>, \u00een 2011). A mai primit: Premiul Filialei Craiova a U.S.R. (\u00een 1983 \u015fi 1994); Premiul de Haiku al Comunei Literare V\u00e2r\u015fe\u0163-Serbia (1987); Premiul de Poezie al C.C. al U.T.C. (pentru volumul <em>Lamura)<\/em>, premiul I pentru poezie al revistei \u201eAmfiteatru\u201c (1975), Premiul revistei \u201eLuceaf\u0103rul\u201c (1976), Premiul revistei \u201eConvorbiri Literare\u201c (2000), Premiul revistei \u201eTomis\u201c (2001), Premiul revistei \u201ePoesis\u201c (2003); Premiul de excelen\u0163\u0103 \u201eLauren\u0163iu Ulici\u201c al Funda\u0163iei \u201eLuceaf\u0103rul\u201c (2004); Premiul de Poezie \u201eVirgil Mazilescu\u201c (2010), Premiul de Excelen\u0163\u0103 \u201eRadu G. \u0162eposu\u201c, acordat de Filiala Pite\u015fti a U.S.R. (2010). A c\u00e2\u015ftigat prima edi\u0163ie a Turnirului de Poezie (Premiul \u201eCununa de Lauri de la Muntele Olimp\u201c, 2011). Pentru cartea <em>Punct \u015fi de la cap\u0103t<\/em> a primit Premiul de Proz\u0103 al revistei \u201eConvorbiri literare\u201c \u2013 2014, Premiul \u201eCel mai bun roman al anului 2013-2014\u201c, acordat de juriul Colocviului Na\u0163ional de Proz\u0103 (Alba Iulia, 2014) \u015fi Premiul CARTEA ANULUI 2014, acordat la prima edi\u0163ie a FestLit Cluj. A fost distins de Pre\u0219edin\u021bia Rom\u00e2niei cu titlul Meritul Cultural \u00een grad de comandor.<\/p>\n","protected":false},"excerpt":{"rendered":"<p>Vineri, 7 iunie 2019, \u00eencep\u00e2nd cu ora 17:30, Sala de evenimente a Casei de Cultur\u0103 a Sindicatelor din Alba Iulia va g\u0103zdui lansarea volumului de poezie elegia timpului. un an de poezie (9 decembrie 2016-8 decembrie 2017). Volumul este un adev\u0103rat album de colec\u021bie, fiecare poem fiind ilustrat de o grafic\u0103 elegant\u0103, modern\u0103, cu totul &hellip;<\/p>\n","protected":false},"author":17,"featured_media":76629,"comment_status":"open","ping_status":"open","sticky":false,"template":"","format":"standard","meta":{"inline_featured_image":false,"footnotes":""},"categories":[4],"tags":[31,17869,308],"class_list":["post-76628","post","type-post","status-publish","format-standard","has-post-thumbnail","hentry","category-eveniment","tag-alba-iulia","tag-gabriel-chifu","tag-stiri"],"yoast_head":"<!-- This site is optimized with the Yoast SEO plugin v27.4 - https:\/\/yoast.com\/product\/yoast-seo-wordpress\/ -->\n<title>Gabriel Chifu prezent la T\u00e2rgul de Carte Alba Transilvana de la Alba Iulia cu a sa elegia timpului. un an de poezie (9 decembrie 2016-8 decembrie 2017) - Revista Urbea Mea - Revista de Alba<\/title>\n<meta name=\"description\" content=\"Vineri, 7 iunie 2019, \u00eencep\u00e2nd cu ora 17:30, Sala de evenimente a Casei de Cultur\u0103 a Sindicatelor din Alba Iulia va g\u0103zdui lansarea volumului de poezie\" \/>\n<meta name=\"robots\" content=\"index, follow, max-snippet:-1, max-image-preview:large, max-video-preview:-1\" \/>\n<link rel=\"canonical\" href=\"https:\/\/urbeamea.ro\/albaiulia\/gabriel-chifu-prezent-la-targul-de-carte-alba-transilvana-de-la-alba-iulia-cu-a-sa-elegia-timpului-un-an-de-poezie-9-decembrie-2016-8-decembrie-2017\/\" \/>\n<meta name=\"twitter:card\" content=\"summary_large_image\" \/>\n<meta name=\"twitter:title\" content=\"Gabriel Chifu prezent la T\u00e2rgul de Carte Alba Transilvana de la Alba Iulia cu a sa elegia timpului. un an de poezie (9 decembrie 2016-8 decembrie 2017) - Revista Urbea Mea - Revista de Alba\" \/>\n<meta name=\"twitter:description\" content=\"Vineri, 7 iunie 2019, \u00eencep\u00e2nd cu ora 17:30, Sala de evenimente a Casei de Cultur\u0103 a Sindicatelor din Alba Iulia va g\u0103zdui lansarea volumului de poezie\" \/>\n<meta name=\"twitter:image\" content=\"https:\/\/urbeamea.ro\/albaiulia\/wp-content\/uploads\/2019\/05\/Afis-Gabriel-Chifu-mic-bun.jpg\" \/>\n<meta name=\"twitter:creator\" content=\"@urbeameaweb\" \/>\n<meta name=\"twitter:site\" content=\"@urbeameaweb\" \/>\n<script type=\"application\/ld+json\" class=\"yoast-schema-graph\">{\"@context\":\"https:\\\/\\\/schema.org\",\"@graph\":[{\"@type\":\"Article\",\"@id\":\"https:\\\/\\\/urbeamea.ro\\\/albaiulia\\\/gabriel-chifu-prezent-la-targul-de-carte-alba-transilvana-de-la-alba-iulia-cu-a-sa-elegia-timpului-un-an-de-poezie-9-decembrie-2016-8-decembrie-2017\\\/#article\",\"isPartOf\":{\"@id\":\"https:\\\/\\\/urbeamea.ro\\\/albaiulia\\\/gabriel-chifu-prezent-la-targul-de-carte-alba-transilvana-de-la-alba-iulia-cu-a-sa-elegia-timpului-un-an-de-poezie-9-decembrie-2016-8-decembrie-2017\\\/\"},\"author\":{\"name\":\"Cristina Ganga\",\"@id\":\"https:\\\/\\\/urbeamea.ro\\\/albaiulia\\\/#\\\/schema\\\/person\\\/9700d21fae21c4f038b0b56f4506264a\"},\"headline\":\"Gabriel Chifu prezent la T\u00e2rgul de Carte Alba Transilvana de la Alba Iulia cu a sa elegia timpului. un an de poezie (9 decembrie 2016-8 decembrie 2017)\",\"datePublished\":\"2019-05-21T12:50:09+00:00\",\"dateModified\":\"2019-05-21T12:50:15+00:00\",\"mainEntityOfPage\":{\"@id\":\"https:\\\/\\\/urbeamea.ro\\\/albaiulia\\\/gabriel-chifu-prezent-la-targul-de-carte-alba-transilvana-de-la-alba-iulia-cu-a-sa-elegia-timpului-un-an-de-poezie-9-decembrie-2016-8-decembrie-2017\\\/\"},\"wordCount\":512,\"commentCount\":0,\"image\":{\"@id\":\"https:\\\/\\\/urbeamea.ro\\\/albaiulia\\\/gabriel-chifu-prezent-la-targul-de-carte-alba-transilvana-de-la-alba-iulia-cu-a-sa-elegia-timpului-un-an-de-poezie-9-decembrie-2016-8-decembrie-2017\\\/#primaryimage\"},\"thumbnailUrl\":\"https:\\\/\\\/urbeamea.ro\\\/albaiulia\\\/wp-content\\\/uploads\\\/2019\\\/05\\\/Afis-Gabriel-Chifu-mic-bun.jpg\",\"keywords\":[\"Alba Iulia\",\"gabriel chifu\",\"stiri\"],\"articleSection\":[\"Evenimente\"],\"inLanguage\":\"ro-RO\",\"potentialAction\":[{\"@type\":\"CommentAction\",\"name\":\"Comment\",\"target\":[\"https:\\\/\\\/urbeamea.ro\\\/albaiulia\\\/gabriel-chifu-prezent-la-targul-de-carte-alba-transilvana-de-la-alba-iulia-cu-a-sa-elegia-timpului-un-an-de-poezie-9-decembrie-2016-8-decembrie-2017\\\/#respond\"]}]},{\"@type\":\"WebPage\",\"@id\":\"https:\\\/\\\/urbeamea.ro\\\/albaiulia\\\/gabriel-chifu-prezent-la-targul-de-carte-alba-transilvana-de-la-alba-iulia-cu-a-sa-elegia-timpului-un-an-de-poezie-9-decembrie-2016-8-decembrie-2017\\\/\",\"url\":\"https:\\\/\\\/urbeamea.ro\\\/albaiulia\\\/gabriel-chifu-prezent-la-targul-de-carte-alba-transilvana-de-la-alba-iulia-cu-a-sa-elegia-timpului-un-an-de-poezie-9-decembrie-2016-8-decembrie-2017\\\/\",\"name\":\"Gabriel Chifu prezent la T\u00e2rgul de Carte Alba Transilvana de la Alba Iulia cu a sa elegia timpului. un an de poezie (9 decembrie 2016-8 decembrie 2017) - Revista Urbea Mea - Revista de Alba\",\"isPartOf\":{\"@id\":\"https:\\\/\\\/urbeamea.ro\\\/albaiulia\\\/#website\"},\"primaryImageOfPage\":{\"@id\":\"https:\\\/\\\/urbeamea.ro\\\/albaiulia\\\/gabriel-chifu-prezent-la-targul-de-carte-alba-transilvana-de-la-alba-iulia-cu-a-sa-elegia-timpului-un-an-de-poezie-9-decembrie-2016-8-decembrie-2017\\\/#primaryimage\"},\"image\":{\"@id\":\"https:\\\/\\\/urbeamea.ro\\\/albaiulia\\\/gabriel-chifu-prezent-la-targul-de-carte-alba-transilvana-de-la-alba-iulia-cu-a-sa-elegia-timpului-un-an-de-poezie-9-decembrie-2016-8-decembrie-2017\\\/#primaryimage\"},\"thumbnailUrl\":\"https:\\\/\\\/urbeamea.ro\\\/albaiulia\\\/wp-content\\\/uploads\\\/2019\\\/05\\\/Afis-Gabriel-Chifu-mic-bun.jpg\",\"datePublished\":\"2019-05-21T12:50:09+00:00\",\"dateModified\":\"2019-05-21T12:50:15+00:00\",\"author\":{\"@id\":\"https:\\\/\\\/urbeamea.ro\\\/albaiulia\\\/#\\\/schema\\\/person\\\/9700d21fae21c4f038b0b56f4506264a\"},\"description\":\"Vineri, 7 iunie 2019, \u00eencep\u00e2nd cu ora 17:30, Sala de evenimente a Casei de Cultur\u0103 a Sindicatelor din Alba Iulia va g\u0103zdui lansarea volumului de poezie\",\"breadcrumb\":{\"@id\":\"https:\\\/\\\/urbeamea.ro\\\/albaiulia\\\/gabriel-chifu-prezent-la-targul-de-carte-alba-transilvana-de-la-alba-iulia-cu-a-sa-elegia-timpului-un-an-de-poezie-9-decembrie-2016-8-decembrie-2017\\\/#breadcrumb\"},\"inLanguage\":\"ro-RO\",\"potentialAction\":[{\"@type\":\"ReadAction\",\"target\":[\"https:\\\/\\\/urbeamea.ro\\\/albaiulia\\\/gabriel-chifu-prezent-la-targul-de-carte-alba-transilvana-de-la-alba-iulia-cu-a-sa-elegia-timpului-un-an-de-poezie-9-decembrie-2016-8-decembrie-2017\\\/\"]}]},{\"@type\":\"ImageObject\",\"inLanguage\":\"ro-RO\",\"@id\":\"https:\\\/\\\/urbeamea.ro\\\/albaiulia\\\/gabriel-chifu-prezent-la-targul-de-carte-alba-transilvana-de-la-alba-iulia-cu-a-sa-elegia-timpului-un-an-de-poezie-9-decembrie-2016-8-decembrie-2017\\\/#primaryimage\",\"url\":\"https:\\\/\\\/urbeamea.ro\\\/albaiulia\\\/wp-content\\\/uploads\\\/2019\\\/05\\\/Afis-Gabriel-Chifu-mic-bun.jpg\",\"contentUrl\":\"https:\\\/\\\/urbeamea.ro\\\/albaiulia\\\/wp-content\\\/uploads\\\/2019\\\/05\\\/Afis-Gabriel-Chifu-mic-bun.jpg\",\"width\":2000,\"height\":2806},{\"@type\":\"BreadcrumbList\",\"@id\":\"https:\\\/\\\/urbeamea.ro\\\/albaiulia\\\/gabriel-chifu-prezent-la-targul-de-carte-alba-transilvana-de-la-alba-iulia-cu-a-sa-elegia-timpului-un-an-de-poezie-9-decembrie-2016-8-decembrie-2017\\\/#breadcrumb\",\"itemListElement\":[{\"@type\":\"ListItem\",\"position\":1,\"name\":\"Prima pagin\u0103\",\"item\":\"https:\\\/\\\/urbeamea.ro\\\/albaiulia\\\/\"},{\"@type\":\"ListItem\",\"position\":2,\"name\":\"Gabriel Chifu prezent la T\u00e2rgul de Carte Alba Transilvana de la Alba Iulia cu a sa elegia timpului. un an de poezie (9 decembrie 2016-8 decembrie 2017)\"}]},{\"@type\":\"WebSite\",\"@id\":\"https:\\\/\\\/urbeamea.ro\\\/albaiulia\\\/#website\",\"url\":\"https:\\\/\\\/urbeamea.ro\\\/albaiulia\\\/\",\"name\":\"Revista Urbea Mea, Stiri urbane\",\"description\":\"Evenimente \u0219i \u0219tiri din Alba Iulia, Sebe\u0219, Aiud, Blaj\",\"potentialAction\":[{\"@type\":\"SearchAction\",\"target\":{\"@type\":\"EntryPoint\",\"urlTemplate\":\"https:\\\/\\\/urbeamea.ro\\\/albaiulia\\\/?s={search_term_string}\"},\"query-input\":{\"@type\":\"PropertyValueSpecification\",\"valueRequired\":true,\"valueName\":\"search_term_string\"}}],\"inLanguage\":\"ro-RO\"},{\"@type\":\"Person\",\"@id\":\"https:\\\/\\\/urbeamea.ro\\\/albaiulia\\\/#\\\/schema\\\/person\\\/9700d21fae21c4f038b0b56f4506264a\",\"name\":\"Cristina Ganga\",\"image\":{\"@type\":\"ImageObject\",\"inLanguage\":\"ro-RO\",\"@id\":\"https:\\\/\\\/secure.gravatar.com\\\/avatar\\\/5a67661041f057b4a8ccaf26f5a8e86e2689372006d01faf3dd9eeb10b654bb4?s=96&d=mm&r=g\",\"url\":\"https:\\\/\\\/secure.gravatar.com\\\/avatar\\\/5a67661041f057b4a8ccaf26f5a8e86e2689372006d01faf3dd9eeb10b654bb4?s=96&d=mm&r=g\",\"contentUrl\":\"https:\\\/\\\/secure.gravatar.com\\\/avatar\\\/5a67661041f057b4a8ccaf26f5a8e86e2689372006d01faf3dd9eeb10b654bb4?s=96&d=mm&r=g\",\"caption\":\"Cristina Ganga\"},\"description\":\"Jurnalist\",\"sameAs\":[\"https:\\\/\\\/www.facebook.com\\\/cristina.nicola.587\"],\"url\":\"https:\\\/\\\/urbeamea.ro\\\/albaiulia\\\/author\\\/cristina-nicola\\\/\"}]}<\/script>\n<!-- \/ Yoast SEO plugin. -->","yoast_head_json":{"title":"Gabriel Chifu prezent la T\u00e2rgul de Carte Alba Transilvana de la Alba Iulia cu a sa elegia timpului. un an de poezie (9 decembrie 2016-8 decembrie 2017) - Revista Urbea Mea - Revista de Alba","description":"Vineri, 7 iunie 2019, \u00eencep\u00e2nd cu ora 17:30, Sala de evenimente a Casei de Cultur\u0103 a Sindicatelor din Alba Iulia va g\u0103zdui lansarea volumului de poezie","robots":{"index":"index","follow":"follow","max-snippet":"max-snippet:-1","max-image-preview":"max-image-preview:large","max-video-preview":"max-video-preview:-1"},"canonical":"https:\/\/urbeamea.ro\/albaiulia\/gabriel-chifu-prezent-la-targul-de-carte-alba-transilvana-de-la-alba-iulia-cu-a-sa-elegia-timpului-un-an-de-poezie-9-decembrie-2016-8-decembrie-2017\/","twitter_card":"summary_large_image","twitter_title":"Gabriel Chifu prezent la T\u00e2rgul de Carte Alba Transilvana de la Alba Iulia cu a sa elegia timpului. un an de poezie (9 decembrie 2016-8 decembrie 2017) - Revista Urbea Mea - Revista de Alba","twitter_description":"Vineri, 7 iunie 2019, \u00eencep\u00e2nd cu ora 17:30, Sala de evenimente a Casei de Cultur\u0103 a Sindicatelor din Alba Iulia va g\u0103zdui lansarea volumului de poezie","twitter_image":"https:\/\/urbeamea.ro\/albaiulia\/wp-content\/uploads\/2019\/05\/Afis-Gabriel-Chifu-mic-bun.jpg","twitter_creator":"@urbeameaweb","twitter_site":"@urbeameaweb","schema":{"@context":"https:\/\/schema.org","@graph":[{"@type":"Article","@id":"https:\/\/urbeamea.ro\/albaiulia\/gabriel-chifu-prezent-la-targul-de-carte-alba-transilvana-de-la-alba-iulia-cu-a-sa-elegia-timpului-un-an-de-poezie-9-decembrie-2016-8-decembrie-2017\/#article","isPartOf":{"@id":"https:\/\/urbeamea.ro\/albaiulia\/gabriel-chifu-prezent-la-targul-de-carte-alba-transilvana-de-la-alba-iulia-cu-a-sa-elegia-timpului-un-an-de-poezie-9-decembrie-2016-8-decembrie-2017\/"},"author":{"name":"Cristina Ganga","@id":"https:\/\/urbeamea.ro\/albaiulia\/#\/schema\/person\/9700d21fae21c4f038b0b56f4506264a"},"headline":"Gabriel Chifu prezent la T\u00e2rgul de Carte Alba Transilvana de la Alba Iulia cu a sa elegia timpului. un an de poezie (9 decembrie 2016-8 decembrie 2017)","datePublished":"2019-05-21T12:50:09+00:00","dateModified":"2019-05-21T12:50:15+00:00","mainEntityOfPage":{"@id":"https:\/\/urbeamea.ro\/albaiulia\/gabriel-chifu-prezent-la-targul-de-carte-alba-transilvana-de-la-alba-iulia-cu-a-sa-elegia-timpului-un-an-de-poezie-9-decembrie-2016-8-decembrie-2017\/"},"wordCount":512,"commentCount":0,"image":{"@id":"https:\/\/urbeamea.ro\/albaiulia\/gabriel-chifu-prezent-la-targul-de-carte-alba-transilvana-de-la-alba-iulia-cu-a-sa-elegia-timpului-un-an-de-poezie-9-decembrie-2016-8-decembrie-2017\/#primaryimage"},"thumbnailUrl":"https:\/\/urbeamea.ro\/albaiulia\/wp-content\/uploads\/2019\/05\/Afis-Gabriel-Chifu-mic-bun.jpg","keywords":["Alba Iulia","gabriel chifu","stiri"],"articleSection":["Evenimente"],"inLanguage":"ro-RO","potentialAction":[{"@type":"CommentAction","name":"Comment","target":["https:\/\/urbeamea.ro\/albaiulia\/gabriel-chifu-prezent-la-targul-de-carte-alba-transilvana-de-la-alba-iulia-cu-a-sa-elegia-timpului-un-an-de-poezie-9-decembrie-2016-8-decembrie-2017\/#respond"]}]},{"@type":"WebPage","@id":"https:\/\/urbeamea.ro\/albaiulia\/gabriel-chifu-prezent-la-targul-de-carte-alba-transilvana-de-la-alba-iulia-cu-a-sa-elegia-timpului-un-an-de-poezie-9-decembrie-2016-8-decembrie-2017\/","url":"https:\/\/urbeamea.ro\/albaiulia\/gabriel-chifu-prezent-la-targul-de-carte-alba-transilvana-de-la-alba-iulia-cu-a-sa-elegia-timpului-un-an-de-poezie-9-decembrie-2016-8-decembrie-2017\/","name":"Gabriel Chifu prezent la T\u00e2rgul de Carte Alba Transilvana de la Alba Iulia cu a sa elegia timpului. un an de poezie (9 decembrie 2016-8 decembrie 2017) - Revista Urbea Mea - Revista de Alba","isPartOf":{"@id":"https:\/\/urbeamea.ro\/albaiulia\/#website"},"primaryImageOfPage":{"@id":"https:\/\/urbeamea.ro\/albaiulia\/gabriel-chifu-prezent-la-targul-de-carte-alba-transilvana-de-la-alba-iulia-cu-a-sa-elegia-timpului-un-an-de-poezie-9-decembrie-2016-8-decembrie-2017\/#primaryimage"},"image":{"@id":"https:\/\/urbeamea.ro\/albaiulia\/gabriel-chifu-prezent-la-targul-de-carte-alba-transilvana-de-la-alba-iulia-cu-a-sa-elegia-timpului-un-an-de-poezie-9-decembrie-2016-8-decembrie-2017\/#primaryimage"},"thumbnailUrl":"https:\/\/urbeamea.ro\/albaiulia\/wp-content\/uploads\/2019\/05\/Afis-Gabriel-Chifu-mic-bun.jpg","datePublished":"2019-05-21T12:50:09+00:00","dateModified":"2019-05-21T12:50:15+00:00","author":{"@id":"https:\/\/urbeamea.ro\/albaiulia\/#\/schema\/person\/9700d21fae21c4f038b0b56f4506264a"},"description":"Vineri, 7 iunie 2019, \u00eencep\u00e2nd cu ora 17:30, Sala de evenimente a Casei de Cultur\u0103 a Sindicatelor din Alba Iulia va g\u0103zdui lansarea volumului de poezie","breadcrumb":{"@id":"https:\/\/urbeamea.ro\/albaiulia\/gabriel-chifu-prezent-la-targul-de-carte-alba-transilvana-de-la-alba-iulia-cu-a-sa-elegia-timpului-un-an-de-poezie-9-decembrie-2016-8-decembrie-2017\/#breadcrumb"},"inLanguage":"ro-RO","potentialAction":[{"@type":"ReadAction","target":["https:\/\/urbeamea.ro\/albaiulia\/gabriel-chifu-prezent-la-targul-de-carte-alba-transilvana-de-la-alba-iulia-cu-a-sa-elegia-timpului-un-an-de-poezie-9-decembrie-2016-8-decembrie-2017\/"]}]},{"@type":"ImageObject","inLanguage":"ro-RO","@id":"https:\/\/urbeamea.ro\/albaiulia\/gabriel-chifu-prezent-la-targul-de-carte-alba-transilvana-de-la-alba-iulia-cu-a-sa-elegia-timpului-un-an-de-poezie-9-decembrie-2016-8-decembrie-2017\/#primaryimage","url":"https:\/\/urbeamea.ro\/albaiulia\/wp-content\/uploads\/2019\/05\/Afis-Gabriel-Chifu-mic-bun.jpg","contentUrl":"https:\/\/urbeamea.ro\/albaiulia\/wp-content\/uploads\/2019\/05\/Afis-Gabriel-Chifu-mic-bun.jpg","width":2000,"height":2806},{"@type":"BreadcrumbList","@id":"https:\/\/urbeamea.ro\/albaiulia\/gabriel-chifu-prezent-la-targul-de-carte-alba-transilvana-de-la-alba-iulia-cu-a-sa-elegia-timpului-un-an-de-poezie-9-decembrie-2016-8-decembrie-2017\/#breadcrumb","itemListElement":[{"@type":"ListItem","position":1,"name":"Prima pagin\u0103","item":"https:\/\/urbeamea.ro\/albaiulia\/"},{"@type":"ListItem","position":2,"name":"Gabriel Chifu prezent la T\u00e2rgul de Carte Alba Transilvana de la Alba Iulia cu a sa elegia timpului. un an de poezie (9 decembrie 2016-8 decembrie 2017)"}]},{"@type":"WebSite","@id":"https:\/\/urbeamea.ro\/albaiulia\/#website","url":"https:\/\/urbeamea.ro\/albaiulia\/","name":"Revista Urbea Mea, Stiri urbane","description":"Evenimente \u0219i \u0219tiri din Alba Iulia, Sebe\u0219, Aiud, Blaj","potentialAction":[{"@type":"SearchAction","target":{"@type":"EntryPoint","urlTemplate":"https:\/\/urbeamea.ro\/albaiulia\/?s={search_term_string}"},"query-input":{"@type":"PropertyValueSpecification","valueRequired":true,"valueName":"search_term_string"}}],"inLanguage":"ro-RO"},{"@type":"Person","@id":"https:\/\/urbeamea.ro\/albaiulia\/#\/schema\/person\/9700d21fae21c4f038b0b56f4506264a","name":"Cristina Ganga","image":{"@type":"ImageObject","inLanguage":"ro-RO","@id":"https:\/\/secure.gravatar.com\/avatar\/5a67661041f057b4a8ccaf26f5a8e86e2689372006d01faf3dd9eeb10b654bb4?s=96&d=mm&r=g","url":"https:\/\/secure.gravatar.com\/avatar\/5a67661041f057b4a8ccaf26f5a8e86e2689372006d01faf3dd9eeb10b654bb4?s=96&d=mm&r=g","contentUrl":"https:\/\/secure.gravatar.com\/avatar\/5a67661041f057b4a8ccaf26f5a8e86e2689372006d01faf3dd9eeb10b654bb4?s=96&d=mm&r=g","caption":"Cristina Ganga"},"description":"Jurnalist","sameAs":["https:\/\/www.facebook.com\/cristina.nicola.587"],"url":"https:\/\/urbeamea.ro\/albaiulia\/author\/cristina-nicola\/"}]}},"_links":{"self":[{"href":"https:\/\/urbeamea.ro\/albaiulia\/wp-json\/wp\/v2\/posts\/76628","targetHints":{"allow":["GET"]}}],"collection":[{"href":"https:\/\/urbeamea.ro\/albaiulia\/wp-json\/wp\/v2\/posts"}],"about":[{"href":"https:\/\/urbeamea.ro\/albaiulia\/wp-json\/wp\/v2\/types\/post"}],"author":[{"embeddable":true,"href":"https:\/\/urbeamea.ro\/albaiulia\/wp-json\/wp\/v2\/users\/17"}],"replies":[{"embeddable":true,"href":"https:\/\/urbeamea.ro\/albaiulia\/wp-json\/wp\/v2\/comments?post=76628"}],"version-history":[{"count":0,"href":"https:\/\/urbeamea.ro\/albaiulia\/wp-json\/wp\/v2\/posts\/76628\/revisions"}],"wp:featuredmedia":[{"embeddable":true,"href":"https:\/\/urbeamea.ro\/albaiulia\/wp-json\/wp\/v2\/media\/76629"}],"wp:attachment":[{"href":"https:\/\/urbeamea.ro\/albaiulia\/wp-json\/wp\/v2\/media?parent=76628"}],"wp:term":[{"taxonomy":"category","embeddable":true,"href":"https:\/\/urbeamea.ro\/albaiulia\/wp-json\/wp\/v2\/categories?post=76628"},{"taxonomy":"post_tag","embeddable":true,"href":"https:\/\/urbeamea.ro\/albaiulia\/wp-json\/wp\/v2\/tags?post=76628"}],"curies":[{"name":"wp","href":"https:\/\/api.w.org\/{rel}","templated":true}]}}