{"id":76636,"date":"2019-05-21T16:03:48","date_gmt":"2019-05-21T13:03:48","guid":{"rendered":"https:\/\/urbeamea.ro\/albaiulia\/?p=76636"},"modified":"2019-05-21T16:03:54","modified_gmt":"2019-05-21T13:03:54","slug":"22-mai-14-iunie-expozitia-de-pictura-anastasia-la-muzeul-national-al-unirii-din-alba-iulia","status":"publish","type":"post","link":"https:\/\/urbeamea.ro\/albaiulia\/22-mai-14-iunie-expozitia-de-pictura-anastasia-la-muzeul-national-al-unirii-din-alba-iulia\/","title":{"rendered":"22 mai &#8211; 14 iunie: Expozi\u021bia de pictur\u0103 \u201eAnastasia\u201d, la Muzeul Na\u021bional al Unirii din Alba Iulia"},"content":{"rendered":"\n<p><strong>\u00cen perioada 22 mai &#8211; 14 iunie, Muzeul Na\u021bional al Unirii Alba Iulia g\u0103zduie\u015fte expozi\u021bia de pictur\u0103 \u201eAnastasia\u201d. <\/strong><\/p>\n\n\n\n<p>Cu aceast\u0103 ocazie vor fi expuse mai multe lucr\u0103ri de pictur\u0103 realizate \u00een acuarel\u0103 de c\u0103tre Anastasia Stoiciu, artist plastic const\u0103n\u021bean.<\/p>\n\n\n\n<p>Evenimentul este organizat de Consiliul Jude\u021bean Alba \u0219i Muzeul Na\u021bional al Unirii Alba Iulia. <\/p>\n","protected":false},"excerpt":{"rendered":"<p>\u00cen perioada 22 mai &#8211; 14 iunie, Muzeul Na\u021bional al Unirii Alba Iulia g\u0103zduie\u015fte expozi\u021bia de pictur\u0103 \u201eAnastasia\u201d. Cu aceast\u0103 ocazie vor fi expuse mai multe lucr\u0103ri de pictur\u0103 realizate \u00een acuarel\u0103 de c\u0103tre Anastasia Stoiciu, artist plastic const\u0103n\u021bean. Evenimentul este organizat de Consiliul Jude\u021bean Alba \u0219i Muzeul Na\u021bional al Unirii Alba Iulia.<\/p>\n","protected":false},"author":17,"featured_media":76637,"comment_status":"open","ping_status":"open","sticky":false,"template":"","format":"standard","meta":{"inline_featured_image":false,"footnotes":""},"categories":[2038],"tags":[31,17877,17876,308],"class_list":["post-76636","post","type-post","status-publish","format-standard","has-post-thumbnail","hentry","category-cultura","tag-alba-iulia","tag-artist-plastic-constantean","tag-expozitia-de-pictura-anastasia","tag-stiri"],"yoast_head":"<!-- This site is optimized with the Yoast SEO plugin v27.4 - https:\/\/yoast.com\/product\/yoast-seo-wordpress\/ -->\n<title>22 mai - 14 iunie: Expozi\u021bia de pictur\u0103 \u201eAnastasia\u201d, la Muzeul Na\u021bional al Unirii din Alba Iulia - Revista Urbea Mea - Revista de Alba<\/title>\n<meta name=\"description\" content=\"\u00cen perioada 22 mai - 14 iunie, Muzeul Na\u021bional al Unirii Alba Iulia g\u0103zduie\u015fte expozi\u021bia de pictur\u0103 \u201eAnastasia\u201d. Cu aceast\u0103 ocazie vor fi expuse mai multe\" \/>\n<meta name=\"robots\" content=\"index, follow, max-snippet:-1, max-image-preview:large, max-video-preview:-1\" \/>\n<link rel=\"canonical\" href=\"https:\/\/urbeamea.ro\/albaiulia\/22-mai-14-iunie-expozitia-de-pictura-anastasia-la-muzeul-national-al-unirii-din-alba-iulia\/\" \/>\n<meta name=\"twitter:card\" content=\"summary_large_image\" \/>\n<meta name=\"twitter:title\" content=\"22 mai - 14 iunie: Expozi\u021bia de pictur\u0103 \u201eAnastasia\u201d, la Muzeul Na\u021bional al Unirii din Alba Iulia - Revista Urbea Mea - Revista de Alba\" \/>\n<meta name=\"twitter:description\" content=\"\u00cen perioada 22 mai - 14 iunie, Muzeul Na\u021bional al Unirii Alba Iulia g\u0103zduie\u015fte expozi\u021bia de pictur\u0103 \u201eAnastasia\u201d. Cu aceast\u0103 ocazie vor fi expuse mai multe\" \/>\n<meta name=\"twitter:image\" content=\"https:\/\/urbeamea.ro\/albaiulia\/wp-content\/uploads\/2019\/05\/AFIS-EXPO-ACUARELA.jpg\" \/>\n<meta name=\"twitter:creator\" content=\"@urbeameaweb\" \/>\n<meta name=\"twitter:site\" content=\"@urbeameaweb\" \/>\n<script type=\"application\/ld+json\" class=\"yoast-schema-graph\">{\"@context\":\"https:\\\/\\\/schema.org\",\"@graph\":[{\"@type\":\"Article\",\"@id\":\"https:\\\/\\\/urbeamea.ro\\\/albaiulia\\\/22-mai-14-iunie-expozitia-de-pictura-anastasia-la-muzeul-national-al-unirii-din-alba-iulia\\\/#article\",\"isPartOf\":{\"@id\":\"https:\\\/\\\/urbeamea.ro\\\/albaiulia\\\/22-mai-14-iunie-expozitia-de-pictura-anastasia-la-muzeul-national-al-unirii-din-alba-iulia\\\/\"},\"author\":{\"name\":\"Cristina Ganga\",\"@id\":\"https:\\\/\\\/urbeamea.ro\\\/albaiulia\\\/#\\\/schema\\\/person\\\/9700d21fae21c4f038b0b56f4506264a\"},\"headline\":\"22 mai &#8211; 14 iunie: Expozi\u021bia de pictur\u0103 \u201eAnastasia\u201d, la Muzeul Na\u021bional al Unirii din Alba Iulia\",\"datePublished\":\"2019-05-21T13:03:48+00:00\",\"dateModified\":\"2019-05-21T13:03:54+00:00\",\"mainEntityOfPage\":{\"@id\":\"https:\\\/\\\/urbeamea.ro\\\/albaiulia\\\/22-mai-14-iunie-expozitia-de-pictura-anastasia-la-muzeul-national-al-unirii-din-alba-iulia\\\/\"},\"wordCount\":78,\"commentCount\":0,\"image\":{\"@id\":\"https:\\\/\\\/urbeamea.ro\\\/albaiulia\\\/22-mai-14-iunie-expozitia-de-pictura-anastasia-la-muzeul-national-al-unirii-din-alba-iulia\\\/#primaryimage\"},\"thumbnailUrl\":\"https:\\\/\\\/urbeamea.ro\\\/albaiulia\\\/wp-content\\\/uploads\\\/2019\\\/05\\\/AFIS-EXPO-ACUARELA.jpg\",\"keywords\":[\"Alba Iulia\",\"artist plastic constantean\",\"expozitia de pictura anastasia\",\"stiri\"],\"articleSection\":[\"Cultur\u0103\"],\"inLanguage\":\"ro-RO\",\"potentialAction\":[{\"@type\":\"CommentAction\",\"name\":\"Comment\",\"target\":[\"https:\\\/\\\/urbeamea.ro\\\/albaiulia\\\/22-mai-14-iunie-expozitia-de-pictura-anastasia-la-muzeul-national-al-unirii-din-alba-iulia\\\/#respond\"]}]},{\"@type\":\"WebPage\",\"@id\":\"https:\\\/\\\/urbeamea.ro\\\/albaiulia\\\/22-mai-14-iunie-expozitia-de-pictura-anastasia-la-muzeul-national-al-unirii-din-alba-iulia\\\/\",\"url\":\"https:\\\/\\\/urbeamea.ro\\\/albaiulia\\\/22-mai-14-iunie-expozitia-de-pictura-anastasia-la-muzeul-national-al-unirii-din-alba-iulia\\\/\",\"name\":\"22 mai - 14 iunie: Expozi\u021bia de pictur\u0103 \u201eAnastasia\u201d, la Muzeul Na\u021bional al Unirii din Alba Iulia - Revista Urbea Mea - Revista de Alba\",\"isPartOf\":{\"@id\":\"https:\\\/\\\/urbeamea.ro\\\/albaiulia\\\/#website\"},\"primaryImageOfPage\":{\"@id\":\"https:\\\/\\\/urbeamea.ro\\\/albaiulia\\\/22-mai-14-iunie-expozitia-de-pictura-anastasia-la-muzeul-national-al-unirii-din-alba-iulia\\\/#primaryimage\"},\"image\":{\"@id\":\"https:\\\/\\\/urbeamea.ro\\\/albaiulia\\\/22-mai-14-iunie-expozitia-de-pictura-anastasia-la-muzeul-national-al-unirii-din-alba-iulia\\\/#primaryimage\"},\"thumbnailUrl\":\"https:\\\/\\\/urbeamea.ro\\\/albaiulia\\\/wp-content\\\/uploads\\\/2019\\\/05\\\/AFIS-EXPO-ACUARELA.jpg\",\"datePublished\":\"2019-05-21T13:03:48+00:00\",\"dateModified\":\"2019-05-21T13:03:54+00:00\",\"author\":{\"@id\":\"https:\\\/\\\/urbeamea.ro\\\/albaiulia\\\/#\\\/schema\\\/person\\\/9700d21fae21c4f038b0b56f4506264a\"},\"description\":\"\u00cen perioada 22 mai - 14 iunie, Muzeul Na\u021bional al Unirii Alba Iulia g\u0103zduie\u015fte expozi\u021bia de pictur\u0103 \u201eAnastasia\u201d. Cu aceast\u0103 ocazie vor fi expuse mai multe\",\"breadcrumb\":{\"@id\":\"https:\\\/\\\/urbeamea.ro\\\/albaiulia\\\/22-mai-14-iunie-expozitia-de-pictura-anastasia-la-muzeul-national-al-unirii-din-alba-iulia\\\/#breadcrumb\"},\"inLanguage\":\"ro-RO\",\"potentialAction\":[{\"@type\":\"ReadAction\",\"target\":[\"https:\\\/\\\/urbeamea.ro\\\/albaiulia\\\/22-mai-14-iunie-expozitia-de-pictura-anastasia-la-muzeul-national-al-unirii-din-alba-iulia\\\/\"]}]},{\"@type\":\"ImageObject\",\"inLanguage\":\"ro-RO\",\"@id\":\"https:\\\/\\\/urbeamea.ro\\\/albaiulia\\\/22-mai-14-iunie-expozitia-de-pictura-anastasia-la-muzeul-national-al-unirii-din-alba-iulia\\\/#primaryimage\",\"url\":\"https:\\\/\\\/urbeamea.ro\\\/albaiulia\\\/wp-content\\\/uploads\\\/2019\\\/05\\\/AFIS-EXPO-ACUARELA.jpg\",\"contentUrl\":\"https:\\\/\\\/urbeamea.ro\\\/albaiulia\\\/wp-content\\\/uploads\\\/2019\\\/05\\\/AFIS-EXPO-ACUARELA.jpg\",\"width\":1061,\"height\":1500},{\"@type\":\"BreadcrumbList\",\"@id\":\"https:\\\/\\\/urbeamea.ro\\\/albaiulia\\\/22-mai-14-iunie-expozitia-de-pictura-anastasia-la-muzeul-national-al-unirii-din-alba-iulia\\\/#breadcrumb\",\"itemListElement\":[{\"@type\":\"ListItem\",\"position\":1,\"name\":\"Prima pagin\u0103\",\"item\":\"https:\\\/\\\/urbeamea.ro\\\/albaiulia\\\/\"},{\"@type\":\"ListItem\",\"position\":2,\"name\":\"22 mai &#8211; 14 iunie: Expozi\u021bia de pictur\u0103 \u201eAnastasia\u201d, la Muzeul Na\u021bional al Unirii din Alba Iulia\"}]},{\"@type\":\"WebSite\",\"@id\":\"https:\\\/\\\/urbeamea.ro\\\/albaiulia\\\/#website\",\"url\":\"https:\\\/\\\/urbeamea.ro\\\/albaiulia\\\/\",\"name\":\"Revista Urbea Mea, Stiri urbane\",\"description\":\"Evenimente \u0219i \u0219tiri din Alba Iulia, Sebe\u0219, Aiud, Blaj\",\"potentialAction\":[{\"@type\":\"SearchAction\",\"target\":{\"@type\":\"EntryPoint\",\"urlTemplate\":\"https:\\\/\\\/urbeamea.ro\\\/albaiulia\\\/?s={search_term_string}\"},\"query-input\":{\"@type\":\"PropertyValueSpecification\",\"valueRequired\":true,\"valueName\":\"search_term_string\"}}],\"inLanguage\":\"ro-RO\"},{\"@type\":\"Person\",\"@id\":\"https:\\\/\\\/urbeamea.ro\\\/albaiulia\\\/#\\\/schema\\\/person\\\/9700d21fae21c4f038b0b56f4506264a\",\"name\":\"Cristina Ganga\",\"image\":{\"@type\":\"ImageObject\",\"inLanguage\":\"ro-RO\",\"@id\":\"https:\\\/\\\/secure.gravatar.com\\\/avatar\\\/5a67661041f057b4a8ccaf26f5a8e86e2689372006d01faf3dd9eeb10b654bb4?s=96&d=mm&r=g\",\"url\":\"https:\\\/\\\/secure.gravatar.com\\\/avatar\\\/5a67661041f057b4a8ccaf26f5a8e86e2689372006d01faf3dd9eeb10b654bb4?s=96&d=mm&r=g\",\"contentUrl\":\"https:\\\/\\\/secure.gravatar.com\\\/avatar\\\/5a67661041f057b4a8ccaf26f5a8e86e2689372006d01faf3dd9eeb10b654bb4?s=96&d=mm&r=g\",\"caption\":\"Cristina Ganga\"},\"description\":\"Jurnalist\",\"sameAs\":[\"https:\\\/\\\/www.facebook.com\\\/cristina.nicola.587\"],\"url\":\"https:\\\/\\\/urbeamea.ro\\\/albaiulia\\\/author\\\/cristina-nicola\\\/\"}]}<\/script>\n<!-- \/ Yoast SEO plugin. -->","yoast_head_json":{"title":"22 mai - 14 iunie: Expozi\u021bia de pictur\u0103 \u201eAnastasia\u201d, la Muzeul Na\u021bional al Unirii din Alba Iulia - Revista Urbea Mea - Revista de Alba","description":"\u00cen perioada 22 mai - 14 iunie, Muzeul Na\u021bional al Unirii Alba Iulia g\u0103zduie\u015fte expozi\u021bia de pictur\u0103 \u201eAnastasia\u201d. Cu aceast\u0103 ocazie vor fi expuse mai multe","robots":{"index":"index","follow":"follow","max-snippet":"max-snippet:-1","max-image-preview":"max-image-preview:large","max-video-preview":"max-video-preview:-1"},"canonical":"https:\/\/urbeamea.ro\/albaiulia\/22-mai-14-iunie-expozitia-de-pictura-anastasia-la-muzeul-national-al-unirii-din-alba-iulia\/","twitter_card":"summary_large_image","twitter_title":"22 mai - 14 iunie: Expozi\u021bia de pictur\u0103 \u201eAnastasia\u201d, la Muzeul Na\u021bional al Unirii din Alba Iulia - Revista Urbea Mea - Revista de Alba","twitter_description":"\u00cen perioada 22 mai - 14 iunie, Muzeul Na\u021bional al Unirii Alba Iulia g\u0103zduie\u015fte expozi\u021bia de pictur\u0103 \u201eAnastasia\u201d. Cu aceast\u0103 ocazie vor fi expuse mai multe","twitter_image":"https:\/\/urbeamea.ro\/albaiulia\/wp-content\/uploads\/2019\/05\/AFIS-EXPO-ACUARELA.jpg","twitter_creator":"@urbeameaweb","twitter_site":"@urbeameaweb","schema":{"@context":"https:\/\/schema.org","@graph":[{"@type":"Article","@id":"https:\/\/urbeamea.ro\/albaiulia\/22-mai-14-iunie-expozitia-de-pictura-anastasia-la-muzeul-national-al-unirii-din-alba-iulia\/#article","isPartOf":{"@id":"https:\/\/urbeamea.ro\/albaiulia\/22-mai-14-iunie-expozitia-de-pictura-anastasia-la-muzeul-national-al-unirii-din-alba-iulia\/"},"author":{"name":"Cristina Ganga","@id":"https:\/\/urbeamea.ro\/albaiulia\/#\/schema\/person\/9700d21fae21c4f038b0b56f4506264a"},"headline":"22 mai &#8211; 14 iunie: Expozi\u021bia de pictur\u0103 \u201eAnastasia\u201d, la Muzeul Na\u021bional al Unirii din Alba Iulia","datePublished":"2019-05-21T13:03:48+00:00","dateModified":"2019-05-21T13:03:54+00:00","mainEntityOfPage":{"@id":"https:\/\/urbeamea.ro\/albaiulia\/22-mai-14-iunie-expozitia-de-pictura-anastasia-la-muzeul-national-al-unirii-din-alba-iulia\/"},"wordCount":78,"commentCount":0,"image":{"@id":"https:\/\/urbeamea.ro\/albaiulia\/22-mai-14-iunie-expozitia-de-pictura-anastasia-la-muzeul-national-al-unirii-din-alba-iulia\/#primaryimage"},"thumbnailUrl":"https:\/\/urbeamea.ro\/albaiulia\/wp-content\/uploads\/2019\/05\/AFIS-EXPO-ACUARELA.jpg","keywords":["Alba Iulia","artist plastic constantean","expozitia de pictura anastasia","stiri"],"articleSection":["Cultur\u0103"],"inLanguage":"ro-RO","potentialAction":[{"@type":"CommentAction","name":"Comment","target":["https:\/\/urbeamea.ro\/albaiulia\/22-mai-14-iunie-expozitia-de-pictura-anastasia-la-muzeul-national-al-unirii-din-alba-iulia\/#respond"]}]},{"@type":"WebPage","@id":"https:\/\/urbeamea.ro\/albaiulia\/22-mai-14-iunie-expozitia-de-pictura-anastasia-la-muzeul-national-al-unirii-din-alba-iulia\/","url":"https:\/\/urbeamea.ro\/albaiulia\/22-mai-14-iunie-expozitia-de-pictura-anastasia-la-muzeul-national-al-unirii-din-alba-iulia\/","name":"22 mai - 14 iunie: Expozi\u021bia de pictur\u0103 \u201eAnastasia\u201d, la Muzeul Na\u021bional al Unirii din Alba Iulia - Revista Urbea Mea - Revista de Alba","isPartOf":{"@id":"https:\/\/urbeamea.ro\/albaiulia\/#website"},"primaryImageOfPage":{"@id":"https:\/\/urbeamea.ro\/albaiulia\/22-mai-14-iunie-expozitia-de-pictura-anastasia-la-muzeul-national-al-unirii-din-alba-iulia\/#primaryimage"},"image":{"@id":"https:\/\/urbeamea.ro\/albaiulia\/22-mai-14-iunie-expozitia-de-pictura-anastasia-la-muzeul-national-al-unirii-din-alba-iulia\/#primaryimage"},"thumbnailUrl":"https:\/\/urbeamea.ro\/albaiulia\/wp-content\/uploads\/2019\/05\/AFIS-EXPO-ACUARELA.jpg","datePublished":"2019-05-21T13:03:48+00:00","dateModified":"2019-05-21T13:03:54+00:00","author":{"@id":"https:\/\/urbeamea.ro\/albaiulia\/#\/schema\/person\/9700d21fae21c4f038b0b56f4506264a"},"description":"\u00cen perioada 22 mai - 14 iunie, Muzeul Na\u021bional al Unirii Alba Iulia g\u0103zduie\u015fte expozi\u021bia de pictur\u0103 \u201eAnastasia\u201d. Cu aceast\u0103 ocazie vor fi expuse mai multe","breadcrumb":{"@id":"https:\/\/urbeamea.ro\/albaiulia\/22-mai-14-iunie-expozitia-de-pictura-anastasia-la-muzeul-national-al-unirii-din-alba-iulia\/#breadcrumb"},"inLanguage":"ro-RO","potentialAction":[{"@type":"ReadAction","target":["https:\/\/urbeamea.ro\/albaiulia\/22-mai-14-iunie-expozitia-de-pictura-anastasia-la-muzeul-national-al-unirii-din-alba-iulia\/"]}]},{"@type":"ImageObject","inLanguage":"ro-RO","@id":"https:\/\/urbeamea.ro\/albaiulia\/22-mai-14-iunie-expozitia-de-pictura-anastasia-la-muzeul-national-al-unirii-din-alba-iulia\/#primaryimage","url":"https:\/\/urbeamea.ro\/albaiulia\/wp-content\/uploads\/2019\/05\/AFIS-EXPO-ACUARELA.jpg","contentUrl":"https:\/\/urbeamea.ro\/albaiulia\/wp-content\/uploads\/2019\/05\/AFIS-EXPO-ACUARELA.jpg","width":1061,"height":1500},{"@type":"BreadcrumbList","@id":"https:\/\/urbeamea.ro\/albaiulia\/22-mai-14-iunie-expozitia-de-pictura-anastasia-la-muzeul-national-al-unirii-din-alba-iulia\/#breadcrumb","itemListElement":[{"@type":"ListItem","position":1,"name":"Prima pagin\u0103","item":"https:\/\/urbeamea.ro\/albaiulia\/"},{"@type":"ListItem","position":2,"name":"22 mai &#8211; 14 iunie: Expozi\u021bia de pictur\u0103 \u201eAnastasia\u201d, la Muzeul Na\u021bional al Unirii din Alba Iulia"}]},{"@type":"WebSite","@id":"https:\/\/urbeamea.ro\/albaiulia\/#website","url":"https:\/\/urbeamea.ro\/albaiulia\/","name":"Revista Urbea Mea, Stiri urbane","description":"Evenimente \u0219i \u0219tiri din Alba Iulia, Sebe\u0219, Aiud, Blaj","potentialAction":[{"@type":"SearchAction","target":{"@type":"EntryPoint","urlTemplate":"https:\/\/urbeamea.ro\/albaiulia\/?s={search_term_string}"},"query-input":{"@type":"PropertyValueSpecification","valueRequired":true,"valueName":"search_term_string"}}],"inLanguage":"ro-RO"},{"@type":"Person","@id":"https:\/\/urbeamea.ro\/albaiulia\/#\/schema\/person\/9700d21fae21c4f038b0b56f4506264a","name":"Cristina Ganga","image":{"@type":"ImageObject","inLanguage":"ro-RO","@id":"https:\/\/secure.gravatar.com\/avatar\/5a67661041f057b4a8ccaf26f5a8e86e2689372006d01faf3dd9eeb10b654bb4?s=96&d=mm&r=g","url":"https:\/\/secure.gravatar.com\/avatar\/5a67661041f057b4a8ccaf26f5a8e86e2689372006d01faf3dd9eeb10b654bb4?s=96&d=mm&r=g","contentUrl":"https:\/\/secure.gravatar.com\/avatar\/5a67661041f057b4a8ccaf26f5a8e86e2689372006d01faf3dd9eeb10b654bb4?s=96&d=mm&r=g","caption":"Cristina Ganga"},"description":"Jurnalist","sameAs":["https:\/\/www.facebook.com\/cristina.nicola.587"],"url":"https:\/\/urbeamea.ro\/albaiulia\/author\/cristina-nicola\/"}]}},"_links":{"self":[{"href":"https:\/\/urbeamea.ro\/albaiulia\/wp-json\/wp\/v2\/posts\/76636","targetHints":{"allow":["GET"]}}],"collection":[{"href":"https:\/\/urbeamea.ro\/albaiulia\/wp-json\/wp\/v2\/posts"}],"about":[{"href":"https:\/\/urbeamea.ro\/albaiulia\/wp-json\/wp\/v2\/types\/post"}],"author":[{"embeddable":true,"href":"https:\/\/urbeamea.ro\/albaiulia\/wp-json\/wp\/v2\/users\/17"}],"replies":[{"embeddable":true,"href":"https:\/\/urbeamea.ro\/albaiulia\/wp-json\/wp\/v2\/comments?post=76636"}],"version-history":[{"count":0,"href":"https:\/\/urbeamea.ro\/albaiulia\/wp-json\/wp\/v2\/posts\/76636\/revisions"}],"wp:featuredmedia":[{"embeddable":true,"href":"https:\/\/urbeamea.ro\/albaiulia\/wp-json\/wp\/v2\/media\/76637"}],"wp:attachment":[{"href":"https:\/\/urbeamea.ro\/albaiulia\/wp-json\/wp\/v2\/media?parent=76636"}],"wp:term":[{"taxonomy":"category","embeddable":true,"href":"https:\/\/urbeamea.ro\/albaiulia\/wp-json\/wp\/v2\/categories?post=76636"},{"taxonomy":"post_tag","embeddable":true,"href":"https:\/\/urbeamea.ro\/albaiulia\/wp-json\/wp\/v2\/tags?post=76636"}],"curies":[{"name":"wp","href":"https:\/\/api.w.org\/{rel}","templated":true}]}}