{"id":76639,"date":"2019-05-21T18:14:07","date_gmt":"2019-05-21T15:14:07","guid":{"rendered":"https:\/\/urbeamea.ro\/albaiulia\/?p=76639"},"modified":"2019-05-21T18:14:12","modified_gmt":"2019-05-21T15:14:12","slug":"video-despre-harap-alb-spectacolul-surpriza-a-celor-de-la-teatrul-de-papusi-guguta-din-chisinau","status":"publish","type":"post","link":"https:\/\/urbeamea.ro\/albaiulia\/video-despre-harap-alb-spectacolul-surpriza-a-celor-de-la-teatrul-de-papusi-guguta-din-chisinau\/","title":{"rendered":"VIDEO: Despre \u201dHarap Alb\u201d, spectacolul surpriz\u0103 a celor de la Teatrul de P\u0103pu\u0219i Gugu\u021ba din Chi\u0219in\u0103u"},"content":{"rendered":"\n<p><strong>Festivalul Interna\u021bional de Teatru \u201ePove\u0219ti\u201d se adreseaz\u0103 \u0219i celor mici, motiv pentru care \u00een fiecare diminea\u021b\u0103 cei mai mici locuitori ai ora\u0219ului Alba Iulia au parte de spectacole interesante, de pove\u0219ti complexe \u0219i diverse.<\/strong> <\/p>\n\n\n\n<p>Miercuri diminea\u021ba, pe scena Casei de Cultur\u0103 a Studen\u021bilor se va juca piesa \u201eHarap Alb\u201d. \u00centr-o atmosfer\u0103 intim\u0103 \u0219i \u00een mirosul \u00eembietor al cafelei, Gabriela Lungu, directorul Teatrului de P\u0103pu\u0219i Gugu\u021ba din Chi\u0219in\u0103u a povestit c\u00e2te ceva din \u201eculisele\u201d spectacolului.<\/p>\n\n\n\n<p><em>\u201e\u00cen ce \u021bine venirea noastr\u0103 de la Chi\u0219in\u0103u? Da, am venit cu spectacolul Harap Alb. Eu cred c\u0103 e o surpriz\u0103 spectacolul pentru c\u0103 noi realiz\u0103m foarte bine c\u0103 teatrul de p\u0103pu\u0219i cre\u0219te \u0219i se dezvolt\u0103 \u00een pas cu ce se \u00eent\u00e2mpl\u0103 \u00een jurul nostru, cu lumea, trece \u0219i el prin multe schimb\u0103ri, prin multe experimente. De-aia nici noi nu \u0219edem pe loc \u0219i \u00eencerc\u0103m s\u0103 mergem \u00een pas cu lumea, s\u0103 \u021binem pasul\u201d,<\/em> a transmis Gabriela Lungu.<\/p>\n\n\n\n<p>\u201eHarap Alb\u201d este un spectacol complex, amplu, divers: actorie, pantomim\u0103, muzic\u0103, coregrafie, teatru de umbre \u0219i art\u0103 p\u0103pu\u0219\u0103reasc\u0103. Diversitatea elementelor scenice, originalitatea mont\u0103rii, combina\u021bia perfect\u0103 \u00eentre clasic \u0219i modern \u2013 toate la un loc compun un univers scenic mirific.<strong><br><\/strong><\/p>\n\n\n\n<p>Povestea lui Harap Alb e \u015fi povestea poporului rom\u00e2n, care urm\u0103rit de tot soiul de sp\u00e2ni, rena\u015fte prin fapte bune, jertf\u0103 \u015fi m\u0103rinimie. Binele \u00eentotdeauna e r\u0103spl\u0103tit, iar un final fericit e de fapt un nou \u00eenceput \u2013 unul de poveste.<\/p>\n\n\n\n<p>\u201eE un spectacol montat de Tomi\u021b\u0103 Hogea de la Ia\u0219i, un foarte bun prieten de-al meu, e un spectacol, nu pot s\u0103 zic cu ghinion, dar a ap\u0103rut a\u0219a ca un spectacol pe nepus\u0103 mas\u0103. Ini\u021bial pornisem noi s\u0103 lucr\u0103m la o alt\u0103 pies\u0103, da, foarte bine, deja era aproape gata \u0219i schi\u021ba \u0219i scenariul \u0219i viziunea regizoral\u0103. A venit la Chi\u0219in\u0103u (n.r. Tomi\u021b\u0103 Hogea) s\u0103 vorbeasc\u0103 cu regizoarea, dar \u00een drum nu \u0219tiu ce v\u00e2nt l-a b\u0103tut c\u0103 a venit \u0219i a spus c\u0103 are schitele toate, dar s-a mai g\u00e2ndit la ceva. Ce ar fi s\u0103 ne uit\u0103m la Ion Creang\u0103? Tocmai c\u0103 \u00een anul acela era anul Creang\u0103 \u00een Chi\u0219in\u0103u, nu \u00een Moldova \u0219i am spus c\u0103 nu \u00eemi displace ideea, mai ales c\u0103 noi cam uit\u0103m, nu \u0219tiu de ce, vrem s\u0103 fim foarte originali \u0219i ne arunc\u0103m \u00een opera universal\u0103 \u0219i cam uit\u0103m de unde pornim\u201d (&#8230;). Ei \u0219i st\u00e2nd noi la o cafea la mine \u00een birou am zis s\u0103 vedem ce facem cu Creang\u0103. Amtrecut prin c\u00e2teva pove\u0219ti de-ale lui Creang\u0103 \u0219i ne-am oprit la Harap Alb (&#8230;), a spus Gabriela.<\/p>\n\n\n\n<p>Astfel, cei curio\u0219i sau pur \u0219i simplu cei care vor s\u0103 se simt\u0103 copii, au aceast\u0103 ocazie, merg\u00e2nd miercuri, de la ora 11.00, la Casa de Cultur\u0103 a Studen\u021bilor pentru a vedea povestea lui \u201eHarap Alb\u201d spus\u0103 de actorii Teatrului Municipal de P\u0103pu\u0219i Gugu\u021b\u0103 din Chi\u0219in\u0103u. <\/p>\n\n\n\n<figure class=\"wp-block-embed-youtube wp-block-embed is-type-video is-provider-youtube wp-embed-aspect-16-9 wp-has-aspect-ratio\"><div class=\"wp-block-embed__wrapper\">\n<iframe loading=\"lazy\" title=\"Cafeaua cu t\u00e2lc \/ Conferin\u0163\u0103 de pres\u0103 \/ Art Cafe\" width=\"500\" height=\"281\" src=\"https:\/\/www.youtube.com\/embed\/oPcT9sMj19g?feature=oembed\" frameborder=\"0\" allow=\"accelerometer; autoplay; clipboard-write; encrypted-media; gyroscope; picture-in-picture; web-share\" referrerpolicy=\"strict-origin-when-cross-origin\" allowfullscreen><\/iframe>\n<\/div><\/figure>\n","protected":false},"excerpt":{"rendered":"<p>Festivalul Interna\u021bional de Teatru \u201ePove\u0219ti\u201d se adreseaz\u0103 \u0219i celor mici, motiv pentru care \u00een fiecare diminea\u021b\u0103 cei mai mici locuitori ai ora\u0219ului Alba Iulia au parte de spectacole interesante, de pove\u0219ti complexe \u0219i diverse. Miercuri diminea\u021ba, pe scena Casei de Cultur\u0103 a Studen\u021bilor se va juca piesa \u201eHarap Alb\u201d. \u00centr-o atmosfer\u0103 intim\u0103 \u0219i \u00een mirosul &hellip;<\/p>\n","protected":false},"author":17,"featured_media":76641,"comment_status":"open","ping_status":"open","sticky":false,"template":"","format":"standard","meta":{"inline_featured_image":false,"footnotes":""},"categories":[4],"tags":[31,2217,17879,17878,308,17880],"class_list":["post-76639","post","type-post","status-publish","format-standard","has-post-thumbnail","hentry","category-eveniment","tag-alba-iulia","tag-festivalul-international-de-teatru-povesti","tag-gabriela-lungu","tag-povestea-lui-harap-alb","tag-stiri","tag-teatrul-de-papusi-guguta-chisinau"],"yoast_head":"<!-- This site is optimized with the Yoast SEO plugin v27.4 - https:\/\/yoast.com\/product\/yoast-seo-wordpress\/ -->\n<title>VIDEO: Despre \u201dHarap Alb\u201d, spectacolul surpriz\u0103 a celor de la Teatrul de P\u0103pu\u0219i Gugu\u021ba din Chi\u0219in\u0103u - Revista Urbea Mea - Revista de Alba<\/title>\n<meta name=\"description\" content=\"Festivalul Interna\u021bional de Teatru \u201ePove\u0219ti\u201d se adreseaz\u0103 \u0219i celor mici, motiv pentru care \u00een fiecare diminea\u021b\u0103 cei mai mici locuitori ai ora\u0219ului Alba\" \/>\n<meta name=\"robots\" content=\"index, follow, max-snippet:-1, max-image-preview:large, max-video-preview:-1\" \/>\n<link rel=\"canonical\" href=\"https:\/\/urbeamea.ro\/albaiulia\/video-despre-harap-alb-spectacolul-surpriza-a-celor-de-la-teatrul-de-papusi-guguta-din-chisinau\/\" \/>\n<meta name=\"twitter:card\" content=\"summary_large_image\" \/>\n<meta name=\"twitter:title\" content=\"VIDEO: Despre \u201dHarap Alb\u201d, spectacolul surpriz\u0103 a celor de la Teatrul de P\u0103pu\u0219i Gugu\u021ba din Chi\u0219in\u0103u - Revista Urbea Mea - Revista de Alba\" \/>\n<meta name=\"twitter:description\" content=\"Festivalul Interna\u021bional de Teatru \u201ePove\u0219ti\u201d se adreseaz\u0103 \u0219i celor mici, motiv pentru care \u00een fiecare diminea\u021b\u0103 cei mai mici locuitori ai ora\u0219ului Alba\" \/>\n<meta name=\"twitter:image\" content=\"https:\/\/urbeamea.ro\/albaiulia\/wp-content\/uploads\/2019\/05\/60828672_479599532580339_2835062127738224640_n.jpg\" \/>\n<meta name=\"twitter:creator\" content=\"@urbeameaweb\" \/>\n<meta name=\"twitter:site\" content=\"@urbeameaweb\" \/>\n<script type=\"application\/ld+json\" class=\"yoast-schema-graph\">{\"@context\":\"https:\\\/\\\/schema.org\",\"@graph\":[{\"@type\":\"Article\",\"@id\":\"https:\\\/\\\/urbeamea.ro\\\/albaiulia\\\/video-despre-harap-alb-spectacolul-surpriza-a-celor-de-la-teatrul-de-papusi-guguta-din-chisinau\\\/#article\",\"isPartOf\":{\"@id\":\"https:\\\/\\\/urbeamea.ro\\\/albaiulia\\\/video-despre-harap-alb-spectacolul-surpriza-a-celor-de-la-teatrul-de-papusi-guguta-din-chisinau\\\/\"},\"author\":{\"name\":\"Cristina Ganga\",\"@id\":\"https:\\\/\\\/urbeamea.ro\\\/albaiulia\\\/#\\\/schema\\\/person\\\/9700d21fae21c4f038b0b56f4506264a\"},\"headline\":\"VIDEO: Despre \u201dHarap Alb\u201d, spectacolul surpriz\u0103 a celor de la Teatrul de P\u0103pu\u0219i Gugu\u021ba din Chi\u0219in\u0103u\",\"datePublished\":\"2019-05-21T15:14:07+00:00\",\"dateModified\":\"2019-05-21T15:14:12+00:00\",\"mainEntityOfPage\":{\"@id\":\"https:\\\/\\\/urbeamea.ro\\\/albaiulia\\\/video-despre-harap-alb-spectacolul-surpriza-a-celor-de-la-teatrul-de-papusi-guguta-din-chisinau\\\/\"},\"wordCount\":551,\"commentCount\":0,\"image\":{\"@id\":\"https:\\\/\\\/urbeamea.ro\\\/albaiulia\\\/video-despre-harap-alb-spectacolul-surpriza-a-celor-de-la-teatrul-de-papusi-guguta-din-chisinau\\\/#primaryimage\"},\"thumbnailUrl\":\"https:\\\/\\\/urbeamea.ro\\\/albaiulia\\\/wp-content\\\/uploads\\\/2019\\\/05\\\/60828672_479599532580339_2835062127738224640_n.jpg\",\"keywords\":[\"Alba Iulia\",\"Festivalul Interna\u0163ional de Teatru \u201cPove\u015fti\u201d\",\"gabriela lungu\",\"povestea lui harap alb\",\"stiri\",\"teatrul de papusi guguta chisinau\"],\"articleSection\":[\"Evenimente\"],\"inLanguage\":\"ro-RO\",\"potentialAction\":[{\"@type\":\"CommentAction\",\"name\":\"Comment\",\"target\":[\"https:\\\/\\\/urbeamea.ro\\\/albaiulia\\\/video-despre-harap-alb-spectacolul-surpriza-a-celor-de-la-teatrul-de-papusi-guguta-din-chisinau\\\/#respond\"]}]},{\"@type\":\"WebPage\",\"@id\":\"https:\\\/\\\/urbeamea.ro\\\/albaiulia\\\/video-despre-harap-alb-spectacolul-surpriza-a-celor-de-la-teatrul-de-papusi-guguta-din-chisinau\\\/\",\"url\":\"https:\\\/\\\/urbeamea.ro\\\/albaiulia\\\/video-despre-harap-alb-spectacolul-surpriza-a-celor-de-la-teatrul-de-papusi-guguta-din-chisinau\\\/\",\"name\":\"VIDEO: Despre \u201dHarap Alb\u201d, spectacolul surpriz\u0103 a celor de la Teatrul de P\u0103pu\u0219i Gugu\u021ba din Chi\u0219in\u0103u - Revista Urbea Mea - Revista de Alba\",\"isPartOf\":{\"@id\":\"https:\\\/\\\/urbeamea.ro\\\/albaiulia\\\/#website\"},\"primaryImageOfPage\":{\"@id\":\"https:\\\/\\\/urbeamea.ro\\\/albaiulia\\\/video-despre-harap-alb-spectacolul-surpriza-a-celor-de-la-teatrul-de-papusi-guguta-din-chisinau\\\/#primaryimage\"},\"image\":{\"@id\":\"https:\\\/\\\/urbeamea.ro\\\/albaiulia\\\/video-despre-harap-alb-spectacolul-surpriza-a-celor-de-la-teatrul-de-papusi-guguta-din-chisinau\\\/#primaryimage\"},\"thumbnailUrl\":\"https:\\\/\\\/urbeamea.ro\\\/albaiulia\\\/wp-content\\\/uploads\\\/2019\\\/05\\\/60828672_479599532580339_2835062127738224640_n.jpg\",\"datePublished\":\"2019-05-21T15:14:07+00:00\",\"dateModified\":\"2019-05-21T15:14:12+00:00\",\"author\":{\"@id\":\"https:\\\/\\\/urbeamea.ro\\\/albaiulia\\\/#\\\/schema\\\/person\\\/9700d21fae21c4f038b0b56f4506264a\"},\"description\":\"Festivalul Interna\u021bional de Teatru \u201ePove\u0219ti\u201d se adreseaz\u0103 \u0219i celor mici, motiv pentru care \u00een fiecare diminea\u021b\u0103 cei mai mici locuitori ai ora\u0219ului Alba\",\"breadcrumb\":{\"@id\":\"https:\\\/\\\/urbeamea.ro\\\/albaiulia\\\/video-despre-harap-alb-spectacolul-surpriza-a-celor-de-la-teatrul-de-papusi-guguta-din-chisinau\\\/#breadcrumb\"},\"inLanguage\":\"ro-RO\",\"potentialAction\":[{\"@type\":\"ReadAction\",\"target\":[\"https:\\\/\\\/urbeamea.ro\\\/albaiulia\\\/video-despre-harap-alb-spectacolul-surpriza-a-celor-de-la-teatrul-de-papusi-guguta-din-chisinau\\\/\"]}]},{\"@type\":\"ImageObject\",\"inLanguage\":\"ro-RO\",\"@id\":\"https:\\\/\\\/urbeamea.ro\\\/albaiulia\\\/video-despre-harap-alb-spectacolul-surpriza-a-celor-de-la-teatrul-de-papusi-guguta-din-chisinau\\\/#primaryimage\",\"url\":\"https:\\\/\\\/urbeamea.ro\\\/albaiulia\\\/wp-content\\\/uploads\\\/2019\\\/05\\\/60828672_479599532580339_2835062127738224640_n.jpg\",\"contentUrl\":\"https:\\\/\\\/urbeamea.ro\\\/albaiulia\\\/wp-content\\\/uploads\\\/2019\\\/05\\\/60828672_479599532580339_2835062127738224640_n.jpg\",\"width\":640,\"height\":960},{\"@type\":\"BreadcrumbList\",\"@id\":\"https:\\\/\\\/urbeamea.ro\\\/albaiulia\\\/video-despre-harap-alb-spectacolul-surpriza-a-celor-de-la-teatrul-de-papusi-guguta-din-chisinau\\\/#breadcrumb\",\"itemListElement\":[{\"@type\":\"ListItem\",\"position\":1,\"name\":\"Prima pagin\u0103\",\"item\":\"https:\\\/\\\/urbeamea.ro\\\/albaiulia\\\/\"},{\"@type\":\"ListItem\",\"position\":2,\"name\":\"VIDEO: Despre \u201dHarap Alb\u201d, spectacolul surpriz\u0103 a celor de la Teatrul de P\u0103pu\u0219i Gugu\u021ba din Chi\u0219in\u0103u\"}]},{\"@type\":\"WebSite\",\"@id\":\"https:\\\/\\\/urbeamea.ro\\\/albaiulia\\\/#website\",\"url\":\"https:\\\/\\\/urbeamea.ro\\\/albaiulia\\\/\",\"name\":\"Revista Urbea Mea, Stiri urbane\",\"description\":\"Evenimente \u0219i \u0219tiri din Alba Iulia, Sebe\u0219, Aiud, Blaj\",\"potentialAction\":[{\"@type\":\"SearchAction\",\"target\":{\"@type\":\"EntryPoint\",\"urlTemplate\":\"https:\\\/\\\/urbeamea.ro\\\/albaiulia\\\/?s={search_term_string}\"},\"query-input\":{\"@type\":\"PropertyValueSpecification\",\"valueRequired\":true,\"valueName\":\"search_term_string\"}}],\"inLanguage\":\"ro-RO\"},{\"@type\":\"Person\",\"@id\":\"https:\\\/\\\/urbeamea.ro\\\/albaiulia\\\/#\\\/schema\\\/person\\\/9700d21fae21c4f038b0b56f4506264a\",\"name\":\"Cristina Ganga\",\"image\":{\"@type\":\"ImageObject\",\"inLanguage\":\"ro-RO\",\"@id\":\"https:\\\/\\\/secure.gravatar.com\\\/avatar\\\/5a67661041f057b4a8ccaf26f5a8e86e2689372006d01faf3dd9eeb10b654bb4?s=96&d=mm&r=g\",\"url\":\"https:\\\/\\\/secure.gravatar.com\\\/avatar\\\/5a67661041f057b4a8ccaf26f5a8e86e2689372006d01faf3dd9eeb10b654bb4?s=96&d=mm&r=g\",\"contentUrl\":\"https:\\\/\\\/secure.gravatar.com\\\/avatar\\\/5a67661041f057b4a8ccaf26f5a8e86e2689372006d01faf3dd9eeb10b654bb4?s=96&d=mm&r=g\",\"caption\":\"Cristina Ganga\"},\"description\":\"Jurnalist\",\"sameAs\":[\"https:\\\/\\\/www.facebook.com\\\/cristina.nicola.587\"],\"url\":\"https:\\\/\\\/urbeamea.ro\\\/albaiulia\\\/author\\\/cristina-nicola\\\/\"}]}<\/script>\n<!-- \/ Yoast SEO plugin. -->","yoast_head_json":{"title":"VIDEO: Despre \u201dHarap Alb\u201d, spectacolul surpriz\u0103 a celor de la Teatrul de P\u0103pu\u0219i Gugu\u021ba din Chi\u0219in\u0103u - Revista Urbea Mea - Revista de Alba","description":"Festivalul Interna\u021bional de Teatru \u201ePove\u0219ti\u201d se adreseaz\u0103 \u0219i celor mici, motiv pentru care \u00een fiecare diminea\u021b\u0103 cei mai mici locuitori ai ora\u0219ului Alba","robots":{"index":"index","follow":"follow","max-snippet":"max-snippet:-1","max-image-preview":"max-image-preview:large","max-video-preview":"max-video-preview:-1"},"canonical":"https:\/\/urbeamea.ro\/albaiulia\/video-despre-harap-alb-spectacolul-surpriza-a-celor-de-la-teatrul-de-papusi-guguta-din-chisinau\/","twitter_card":"summary_large_image","twitter_title":"VIDEO: Despre \u201dHarap Alb\u201d, spectacolul surpriz\u0103 a celor de la Teatrul de P\u0103pu\u0219i Gugu\u021ba din Chi\u0219in\u0103u - Revista Urbea Mea - Revista de Alba","twitter_description":"Festivalul Interna\u021bional de Teatru \u201ePove\u0219ti\u201d se adreseaz\u0103 \u0219i celor mici, motiv pentru care \u00een fiecare diminea\u021b\u0103 cei mai mici locuitori ai ora\u0219ului Alba","twitter_image":"https:\/\/urbeamea.ro\/albaiulia\/wp-content\/uploads\/2019\/05\/60828672_479599532580339_2835062127738224640_n.jpg","twitter_creator":"@urbeameaweb","twitter_site":"@urbeameaweb","schema":{"@context":"https:\/\/schema.org","@graph":[{"@type":"Article","@id":"https:\/\/urbeamea.ro\/albaiulia\/video-despre-harap-alb-spectacolul-surpriza-a-celor-de-la-teatrul-de-papusi-guguta-din-chisinau\/#article","isPartOf":{"@id":"https:\/\/urbeamea.ro\/albaiulia\/video-despre-harap-alb-spectacolul-surpriza-a-celor-de-la-teatrul-de-papusi-guguta-din-chisinau\/"},"author":{"name":"Cristina Ganga","@id":"https:\/\/urbeamea.ro\/albaiulia\/#\/schema\/person\/9700d21fae21c4f038b0b56f4506264a"},"headline":"VIDEO: Despre \u201dHarap Alb\u201d, spectacolul surpriz\u0103 a celor de la Teatrul de P\u0103pu\u0219i Gugu\u021ba din Chi\u0219in\u0103u","datePublished":"2019-05-21T15:14:07+00:00","dateModified":"2019-05-21T15:14:12+00:00","mainEntityOfPage":{"@id":"https:\/\/urbeamea.ro\/albaiulia\/video-despre-harap-alb-spectacolul-surpriza-a-celor-de-la-teatrul-de-papusi-guguta-din-chisinau\/"},"wordCount":551,"commentCount":0,"image":{"@id":"https:\/\/urbeamea.ro\/albaiulia\/video-despre-harap-alb-spectacolul-surpriza-a-celor-de-la-teatrul-de-papusi-guguta-din-chisinau\/#primaryimage"},"thumbnailUrl":"https:\/\/urbeamea.ro\/albaiulia\/wp-content\/uploads\/2019\/05\/60828672_479599532580339_2835062127738224640_n.jpg","keywords":["Alba Iulia","Festivalul Interna\u0163ional de Teatru \u201cPove\u015fti\u201d","gabriela lungu","povestea lui harap alb","stiri","teatrul de papusi guguta chisinau"],"articleSection":["Evenimente"],"inLanguage":"ro-RO","potentialAction":[{"@type":"CommentAction","name":"Comment","target":["https:\/\/urbeamea.ro\/albaiulia\/video-despre-harap-alb-spectacolul-surpriza-a-celor-de-la-teatrul-de-papusi-guguta-din-chisinau\/#respond"]}]},{"@type":"WebPage","@id":"https:\/\/urbeamea.ro\/albaiulia\/video-despre-harap-alb-spectacolul-surpriza-a-celor-de-la-teatrul-de-papusi-guguta-din-chisinau\/","url":"https:\/\/urbeamea.ro\/albaiulia\/video-despre-harap-alb-spectacolul-surpriza-a-celor-de-la-teatrul-de-papusi-guguta-din-chisinau\/","name":"VIDEO: Despre \u201dHarap Alb\u201d, spectacolul surpriz\u0103 a celor de la Teatrul de P\u0103pu\u0219i Gugu\u021ba din Chi\u0219in\u0103u - Revista Urbea Mea - Revista de Alba","isPartOf":{"@id":"https:\/\/urbeamea.ro\/albaiulia\/#website"},"primaryImageOfPage":{"@id":"https:\/\/urbeamea.ro\/albaiulia\/video-despre-harap-alb-spectacolul-surpriza-a-celor-de-la-teatrul-de-papusi-guguta-din-chisinau\/#primaryimage"},"image":{"@id":"https:\/\/urbeamea.ro\/albaiulia\/video-despre-harap-alb-spectacolul-surpriza-a-celor-de-la-teatrul-de-papusi-guguta-din-chisinau\/#primaryimage"},"thumbnailUrl":"https:\/\/urbeamea.ro\/albaiulia\/wp-content\/uploads\/2019\/05\/60828672_479599532580339_2835062127738224640_n.jpg","datePublished":"2019-05-21T15:14:07+00:00","dateModified":"2019-05-21T15:14:12+00:00","author":{"@id":"https:\/\/urbeamea.ro\/albaiulia\/#\/schema\/person\/9700d21fae21c4f038b0b56f4506264a"},"description":"Festivalul Interna\u021bional de Teatru \u201ePove\u0219ti\u201d se adreseaz\u0103 \u0219i celor mici, motiv pentru care \u00een fiecare diminea\u021b\u0103 cei mai mici locuitori ai ora\u0219ului Alba","breadcrumb":{"@id":"https:\/\/urbeamea.ro\/albaiulia\/video-despre-harap-alb-spectacolul-surpriza-a-celor-de-la-teatrul-de-papusi-guguta-din-chisinau\/#breadcrumb"},"inLanguage":"ro-RO","potentialAction":[{"@type":"ReadAction","target":["https:\/\/urbeamea.ro\/albaiulia\/video-despre-harap-alb-spectacolul-surpriza-a-celor-de-la-teatrul-de-papusi-guguta-din-chisinau\/"]}]},{"@type":"ImageObject","inLanguage":"ro-RO","@id":"https:\/\/urbeamea.ro\/albaiulia\/video-despre-harap-alb-spectacolul-surpriza-a-celor-de-la-teatrul-de-papusi-guguta-din-chisinau\/#primaryimage","url":"https:\/\/urbeamea.ro\/albaiulia\/wp-content\/uploads\/2019\/05\/60828672_479599532580339_2835062127738224640_n.jpg","contentUrl":"https:\/\/urbeamea.ro\/albaiulia\/wp-content\/uploads\/2019\/05\/60828672_479599532580339_2835062127738224640_n.jpg","width":640,"height":960},{"@type":"BreadcrumbList","@id":"https:\/\/urbeamea.ro\/albaiulia\/video-despre-harap-alb-spectacolul-surpriza-a-celor-de-la-teatrul-de-papusi-guguta-din-chisinau\/#breadcrumb","itemListElement":[{"@type":"ListItem","position":1,"name":"Prima pagin\u0103","item":"https:\/\/urbeamea.ro\/albaiulia\/"},{"@type":"ListItem","position":2,"name":"VIDEO: Despre \u201dHarap Alb\u201d, spectacolul surpriz\u0103 a celor de la Teatrul de P\u0103pu\u0219i Gugu\u021ba din Chi\u0219in\u0103u"}]},{"@type":"WebSite","@id":"https:\/\/urbeamea.ro\/albaiulia\/#website","url":"https:\/\/urbeamea.ro\/albaiulia\/","name":"Revista Urbea Mea, Stiri urbane","description":"Evenimente \u0219i \u0219tiri din Alba Iulia, Sebe\u0219, Aiud, Blaj","potentialAction":[{"@type":"SearchAction","target":{"@type":"EntryPoint","urlTemplate":"https:\/\/urbeamea.ro\/albaiulia\/?s={search_term_string}"},"query-input":{"@type":"PropertyValueSpecification","valueRequired":true,"valueName":"search_term_string"}}],"inLanguage":"ro-RO"},{"@type":"Person","@id":"https:\/\/urbeamea.ro\/albaiulia\/#\/schema\/person\/9700d21fae21c4f038b0b56f4506264a","name":"Cristina Ganga","image":{"@type":"ImageObject","inLanguage":"ro-RO","@id":"https:\/\/secure.gravatar.com\/avatar\/5a67661041f057b4a8ccaf26f5a8e86e2689372006d01faf3dd9eeb10b654bb4?s=96&d=mm&r=g","url":"https:\/\/secure.gravatar.com\/avatar\/5a67661041f057b4a8ccaf26f5a8e86e2689372006d01faf3dd9eeb10b654bb4?s=96&d=mm&r=g","contentUrl":"https:\/\/secure.gravatar.com\/avatar\/5a67661041f057b4a8ccaf26f5a8e86e2689372006d01faf3dd9eeb10b654bb4?s=96&d=mm&r=g","caption":"Cristina Ganga"},"description":"Jurnalist","sameAs":["https:\/\/www.facebook.com\/cristina.nicola.587"],"url":"https:\/\/urbeamea.ro\/albaiulia\/author\/cristina-nicola\/"}]}},"_links":{"self":[{"href":"https:\/\/urbeamea.ro\/albaiulia\/wp-json\/wp\/v2\/posts\/76639","targetHints":{"allow":["GET"]}}],"collection":[{"href":"https:\/\/urbeamea.ro\/albaiulia\/wp-json\/wp\/v2\/posts"}],"about":[{"href":"https:\/\/urbeamea.ro\/albaiulia\/wp-json\/wp\/v2\/types\/post"}],"author":[{"embeddable":true,"href":"https:\/\/urbeamea.ro\/albaiulia\/wp-json\/wp\/v2\/users\/17"}],"replies":[{"embeddable":true,"href":"https:\/\/urbeamea.ro\/albaiulia\/wp-json\/wp\/v2\/comments?post=76639"}],"version-history":[{"count":0,"href":"https:\/\/urbeamea.ro\/albaiulia\/wp-json\/wp\/v2\/posts\/76639\/revisions"}],"wp:featuredmedia":[{"embeddable":true,"href":"https:\/\/urbeamea.ro\/albaiulia\/wp-json\/wp\/v2\/media\/76641"}],"wp:attachment":[{"href":"https:\/\/urbeamea.ro\/albaiulia\/wp-json\/wp\/v2\/media?parent=76639"}],"wp:term":[{"taxonomy":"category","embeddable":true,"href":"https:\/\/urbeamea.ro\/albaiulia\/wp-json\/wp\/v2\/categories?post=76639"},{"taxonomy":"post_tag","embeddable":true,"href":"https:\/\/urbeamea.ro\/albaiulia\/wp-json\/wp\/v2\/tags?post=76639"}],"curies":[{"name":"wp","href":"https:\/\/api.w.org\/{rel}","templated":true}]}}