{"id":76660,"date":"2019-05-22T17:29:53","date_gmt":"2019-05-22T14:29:53","guid":{"rendered":"https:\/\/urbeamea.ro\/albaiulia\/?p=76660"},"modified":"2019-05-22T17:30:24","modified_gmt":"2019-05-22T14:30:24","slug":"video-actorul-mihai-calin-la-povesti-cu-albaiulienii-e-datoria-actorului-sa-nu-scape-piciorul-pe-pedala-pe-pedala-de-acceleratie","status":"publish","type":"post","link":"https:\/\/urbeamea.ro\/albaiulia\/video-actorul-mihai-calin-la-povesti-cu-albaiulienii-e-datoria-actorului-sa-nu-scape-piciorul-pe-pedala-pe-pedala-de-acceleratie\/","title":{"rendered":"VIDEO: Actorul Mihai C\u0103lin, la \u201ePove\u0219ti\u201d cu albaiulienii. \u201eE datoria actorului s\u0103 nu scape piciorul pe pedal\u0103, pe pedala de accelera\u021bie&#8230;\u201d"},"content":{"rendered":"\n<p class=\"wp-block-paragraph\"><strong>Dup\u0103 ce mar\u021bi seara s-a aflat pe scen\u0103, juc\u00e2nd \u00een piesa \u201e\u021ainutul din miezul verii\u201d, miercuri, actorul Mihai C\u0103lin a fost prezent la Cafeaua cu t\u00e2lc \u0219i le-a \u00eemp\u0103rt\u0103\u0219i celor prezen\u021bi o parte din emo\u021biile lui \u0219i pu\u021bin despre \u201eOrchestra Titanic\u201d, spectacolul ce se va juca \u00een aceast\u0103 sear\u0103 \u0219i din a c\u0103rui distribu\u021bie face \u0219i el parte.<\/strong><\/p>\n\n\n\n<p class=\"wp-block-paragraph\">Spectacolul \u201e\u021ainutul din miezul verii\u201d a fost o adev\u0103rat\u0103 surpriz\u0103 pentru publicul albaiulian, aplaudat minute \u00een \u0219ir, \u0219i asta pentru c\u0103 a meritat. Actorii au luat din emo\u021biile publicului \u0219i viceversa \u0219i asta a f\u0103cut ca seara s\u0103 fie una memorabil\u0103. Despre ce s-a \u00eent\u00e2mplat pe scen\u0103 \u0219i cum s-au sim\u021bit actorii, ne-a povestit actorul Mihai C\u0103lin, la o cafea.<\/p>\n\n\n\n<p class=\"wp-block-paragraph\"><em>\u201eEu am un rol secundar acolo, nu e de mare amploare. Am sim\u021bit \u00een vreo dou\u0103 momente chiar mai puternice emo\u021biile dec\u00e2t le simt de obicei. Asta \u0219i pentru c\u0103 e un loc noi \u0219i au fost mai proaspete unele chestii asear\u0103. Un loc nou \u00ee\u021bi d\u0103 a\u0219a o mai mare grij\u0103, mai mare aten\u021bie pu\u021bin. A fost foarte greu din punctul acesta de vedere. Am sim\u021bit \u00een vreo dou\u0103 momente emo\u021bii mult mai puternice (&#8230;). Eu am sim\u021bit \u0219i actorii, pe ceilal\u021bi c\u0103 a fost a\u0219a ca un eveniment. De-asta poate directorii de teatru trebuie s\u0103 \u00een\u021beleag\u0103 c\u0103 e foarte important s\u0103 \u0219i pleci cu spectacolul undeva. Ca s\u0103 \u00ee\u021bi fie v\u0103zute produc\u021biile, de ce nu, s\u0103 te afirmi \u00een \u021bar\u0103, s\u0103 \u0219tie ce faci tu ca teatru, ca \u0219i colectiv, dar \u0219i pentru experien\u021ba actorilor, pentru c\u0103 pentru actori e o chestie, un eveniment, nu \u0219ti cum va reac\u021biona publicul \u0219i ie\u0219i pu\u021bin dintr-o rutin\u0103. C\u00e2nd joci acas\u0103, oarecum e ineren\u021b\u0103, chiar dac\u0103 tu te preg\u0103te\u0219ti, vrei ca fiecare spectacol s\u0103 pocneasc\u0103, s\u0103 fie str\u0103lucitor, la un moment dat \u021bi se a\u0219terne, e ca la serviciu, poate exagerez. C\u00e2nd pleci \u00eentr-un alt ora\u0219 te \u00eent\u00e2lne\u0219ti cu un alt public \u0219i m\u0103car asta \u00ee\u021bi d\u0103 o oarecare grij\u0103 s\u0103 fie lumea mai proasp\u0103t\u0103, nu \u0219ti cum reac\u021bioneaz\u0103\u201d, <\/em>a spus Mihai C\u0103lin.<\/p>\n\n\n\n<p class=\"wp-block-paragraph\">Dac\u0103 spectacolul de mar\u021bi seara a fost un adev\u0103rat succes, cel care se va juca \u00een aceast\u0103 sear\u0103 se anun\u021b\u0103 la fel de interesant. <\/p>\n\n\n\n<p class=\"wp-block-paragraph\">Este vorba despre o comedie filosofic\u0103 \u0219i absurd\u0103 despre dorin\u021ba de evadare \u00een iluzie. \u00centr-o gar\u0103 dezafectat\u0103, patru marginali ai societ\u0103\u021bii, patru personaje burle\u0219ti a\u0219teapt\u0103 un tren care nu opre\u0219te niciodat\u0103. \u00cen acest sens, piesa ne trimite cu g\u00e2ndul la textul lui Beckett,\u00a0A\u0219tept\u00e2ndu-l pe Godot. Dar, spre deosebire de acesta, aici avem de-a face cu apari\u021bia lui Harry \u0219i urcarea \u00een tren. \u00cens\u0103, dincolo de aceast\u0103 a\u0219teptare \u00eencheiat\u0103, o nou\u0103 a\u0219teptare \u00eencepe. \u00cencotro se vor \u00eendrepta? C\u0103tre ce t\u0103r\u00e2muri? Poate spre o Europ\u0103 a prosperit\u0103\u021bii? Ori un Eden al fericirii eterne? Sau, de fapt, spre marele final? O \u00eentrebare dureroas\u0103 pe care o ridic\u0103 Hristo Boicev, cel mai cunoscut \u0219i mai jucat dramaturg bulgar al zilelor noastre.<\/p>\n\n\n\n<p class=\"wp-block-paragraph\">Aflat la a doua \u00eent\u00e2lnire cu dramaturgia lui Boicev (dup\u0103\u00a0Spitalul comunal\u00a0de la Teatrul Metropolis), Felix Alexa creeaz\u0103 un univers de un realism magic, poten\u021bat \u0219i de excelentul decor al Andradei Chiriac. Unii dintre cei mai cunoscu\u021bi actori ai Teatrului Na\u021bional dau na\u0219tere unor nebuni tragici, dota\u021bi cu un acut sim\u021b al umorului. Un spectacol tragi-comic \u00een care momentele muzicale r\u0103sun\u0103 asemenea acordurilor intonate de orchestra de pe Titanic, \u00een timp ce vaporul se scufund\u0103. \u0218i ce poate fi mai ironic \u0219i mai absurd dec\u00e2t s\u0103 auzi, \u00een ultimele clipe ale vie\u021bii, sonorit\u0103\u021bile vibrante din\u00a0Oda bucuriei?<\/p>\n\n\n\n<figure class=\"wp-block-embed-youtube wp-block-embed is-type-video is-provider-youtube wp-embed-aspect-16-9 wp-has-aspect-ratio\"><div class=\"wp-block-embed__wrapper\">\n<iframe loading=\"lazy\" title=\"Cafeaua cu t\u00e2lc \/ Conferin\u0163\u0103 de pres\u0103 \/ Art Cafe\" width=\"500\" height=\"281\" src=\"https:\/\/www.youtube.com\/embed\/OrCuXtGGbaQ?feature=oembed\" frameborder=\"0\" allow=\"accelerometer; autoplay; clipboard-write; encrypted-media; gyroscope; picture-in-picture; web-share\" referrerpolicy=\"strict-origin-when-cross-origin\" allowfullscreen><\/iframe>\n<\/div><\/figure>\n\n\n\n<p class=\"wp-block-paragraph\"><em>\u201eE fain spectacolul din seara asta, e s\u0103 zic a\u0219a, o comedie despre a\u0219tept\u0103rile noastre mai mari sau mai mici, despre speran\u021bele noastre. A\u0219a v\u0103d eu lucrurile. Este despre ce facem sau mai de grab\u0103 nu facem pentru a ne \u00eemplini speran\u021bele (&#8230;). Spectacolul din seara asta invit\u0103 publicul s\u0103 nu-\u0219i doreasc\u0103 dec\u00e2t s\u0103 r\u00e2d\u0103 \u0219i pentru o or\u0103 jum\u0103tate s\u0103 se simt\u0103 bine, s\u0103 uite de lucrurile din via\u021ba lor \u0219i apoi s\u0103 uite, s\u0103 revin\u0103 la via\u021ba cotidian\u0103. Practic asta este menirea artistului, s\u0103 zguduie pu\u021bin oamenii ca mai apoi s\u0103 aib\u0103 o via\u021b\u0103 mai frumoas\u0103. Aici o s\u0103 vede\u021bi ni\u0219te looseri, ni\u0219te rata\u021bi care a\u0219teapt\u0103 ceva, a\u0219teapt\u0103 un tren s\u0103 vin\u0103 s\u0103 \u00eei duc\u0103 undeva unde totul e mai frumos, mai bun, mai bogat, mai adev\u0103rat, \u00een care s\u0103-\u0219i \u00eemplineasc\u0103 visele, s\u0103 ajung\u0103 cineva \u0219i lucrul acesta nu se \u00eent\u00e2mpl\u0103\u201d,<\/em> a spus actorul Mihai C\u0103lin despre acest spectacol. <\/p>\n\n\n\n<p class=\"wp-block-paragraph\">\u00centrebat fiind de datoria actorului fa\u021b\u0103 de public, Mihai C\u0103lin a r\u0103spuns foarte concis: <em>\u201eE datoria actorului s\u0103 nu scape piciorul pe pedal\u0103, pe pedala de accelera\u021bie pentru c\u0103 e foarte simplu, u\u0219or, ca atunci c\u00e2nd ai succes la public sau sim\u021bi c\u0103 publicul r\u00e2de \u0219i practic \u00een momentul acela sim\u021bi c\u0103 publicului \u00eei place de tine s\u0103 nu te la\u0219i pe panta asta.\u201d<\/em> <\/p>\n\n\n\n<p class=\"wp-block-paragraph\">Cei interesa\u021bi de spectacolul ce se va juca \u00een aceast\u0103 sear\u0103 pe scena Casei de Cultur\u0103 a Sindicatelor, trebuie doar s\u0103 ajung\u0103 la ora 20.00 acolo.<\/p>\n","protected":false},"excerpt":{"rendered":"<p>Dup\u0103 ce mar\u021bi seara s-a aflat pe scen\u0103, juc\u00e2nd \u00een piesa \u201e\u021ainutul din miezul verii\u201d, miercuri, actorul Mihai C\u0103lin a fost prezent la Cafeaua cu t\u00e2lc \u0219i le-a \u00eemp\u0103rt\u0103\u0219i celor prezen\u021bi o parte din emo\u021biile lui \u0219i pu\u021bin despre \u201eOrchestra Titanic\u201d, spectacolul ce se va juca \u00een aceast\u0103 sear\u0103 \u0219i din a c\u0103rui distribu\u021bie face &hellip;<\/p>\n","protected":false},"author":17,"featured_media":76661,"comment_status":"open","ping_status":"open","sticky":false,"template":"","format":"standard","meta":{"inline_featured_image":false,"footnotes":""},"categories":[4],"tags":[17885,31,15255,2217,17887,308,17886],"class_list":["post-76660","post","type-post","status-publish","format-standard","has-post-thumbnail","hentry","category-eveniment","tag-actorul-mihai-calin","tag-alba-iulia","tag-cafeaua-cu-talc","tag-festivalul-international-de-teatru-povesti","tag-orchestra-titanic","tag-stiri","tag-tinutul-din-miezul-verii"],"yoast_head":"<!-- This site is optimized with the Yoast SEO plugin v28.3 - https:\/\/yoast.com\/product\/yoast-seo-wordpress\/ -->\n<title>VIDEO: Actorul Mihai C\u0103lin, la \u201ePove\u0219ti\u201d cu albaiulienii. \u201eE datoria actorului s\u0103 nu scape piciorul pe pedal\u0103, pe pedala de accelera\u021bie...\u201d - Revista Urbea Mea - Revista de Alba<\/title>\n<meta name=\"description\" content=\"Dup\u0103 ce mar\u021bi seara s-a aflat pe scen\u0103, juc\u00e2nd \u00een piesa \u201e\u021ainutul din miezul verii\u201d, miercuri, actorul Mihai C\u0103lin a fost prezent la Cafeaua cu t\u00e2lc \u0219i\" \/>\n<meta name=\"robots\" content=\"index, follow, max-snippet:-1, max-image-preview:large, max-video-preview:-1\" \/>\n<link rel=\"canonical\" href=\"https:\/\/urbeamea.ro\/albaiulia\/video-actorul-mihai-calin-la-povesti-cu-albaiulienii-e-datoria-actorului-sa-nu-scape-piciorul-pe-pedala-pe-pedala-de-acceleratie\/\" \/>\n<meta name=\"twitter:card\" content=\"summary_large_image\" \/>\n<meta name=\"twitter:title\" content=\"VIDEO: Actorul Mihai C\u0103lin, la \u201ePove\u0219ti\u201d cu albaiulienii. \u201eE datoria actorului s\u0103 nu scape piciorul pe pedal\u0103, pe pedala de accelera\u021bie...\u201d - Revista Urbea Mea - Revista de Alba\" \/>\n<meta name=\"twitter:description\" content=\"Dup\u0103 ce mar\u021bi seara s-a aflat pe scen\u0103, juc\u00e2nd \u00een piesa \u201e\u021ainutul din miezul verii\u201d, miercuri, actorul Mihai C\u0103lin a fost prezent la Cafeaua cu t\u00e2lc \u0219i\" \/>\n<meta name=\"twitter:image\" content=\"https:\/\/urbeamea.ro\/albaiulia\/wp-content\/uploads\/2019\/05\/60697904_480091175864508_6047219141364940800_n.jpg\" \/>\n<meta name=\"twitter:creator\" content=\"@urbeameaweb\" \/>\n<meta name=\"twitter:site\" content=\"@urbeameaweb\" \/>\n<script type=\"application\/ld+json\" class=\"yoast-schema-graph\">{\"@context\":\"https:\\\/\\\/schema.org\",\"@graph\":[{\"@type\":\"Article\",\"@id\":\"https:\\\/\\\/urbeamea.ro\\\/albaiulia\\\/video-actorul-mihai-calin-la-povesti-cu-albaiulienii-e-datoria-actorului-sa-nu-scape-piciorul-pe-pedala-pe-pedala-de-acceleratie\\\/#article\",\"isPartOf\":{\"@id\":\"https:\\\/\\\/urbeamea.ro\\\/albaiulia\\\/video-actorul-mihai-calin-la-povesti-cu-albaiulienii-e-datoria-actorului-sa-nu-scape-piciorul-pe-pedala-pe-pedala-de-acceleratie\\\/\"},\"author\":{\"name\":\"Cristina Ganga\",\"@id\":\"https:\\\/\\\/urbeamea.ro\\\/albaiulia\\\/#\\\/schema\\\/person\\\/9700d21fae21c4f038b0b56f4506264a\"},\"headline\":\"VIDEO: Actorul Mihai C\u0103lin, la \u201ePove\u0219ti\u201d cu albaiulienii. \u201eE datoria actorului s\u0103 nu scape piciorul pe pedal\u0103, pe pedala de accelera\u021bie&#8230;\u201d\",\"datePublished\":\"2019-05-22T14:29:53+00:00\",\"dateModified\":\"2019-05-22T14:30:24+00:00\",\"mainEntityOfPage\":{\"@id\":\"https:\\\/\\\/urbeamea.ro\\\/albaiulia\\\/video-actorul-mihai-calin-la-povesti-cu-albaiulienii-e-datoria-actorului-sa-nu-scape-piciorul-pe-pedala-pe-pedala-de-acceleratie\\\/\"},\"wordCount\":958,\"commentCount\":0,\"image\":{\"@id\":\"https:\\\/\\\/urbeamea.ro\\\/albaiulia\\\/video-actorul-mihai-calin-la-povesti-cu-albaiulienii-e-datoria-actorului-sa-nu-scape-piciorul-pe-pedala-pe-pedala-de-acceleratie\\\/#primaryimage\"},\"thumbnailUrl\":\"https:\\\/\\\/urbeamea.ro\\\/albaiulia\\\/wp-content\\\/uploads\\\/2019\\\/05\\\/60697904_480091175864508_6047219141364940800_n.jpg\",\"keywords\":[\"actorul mihai calin\",\"Alba Iulia\",\"cafeaua cu talc\",\"Festivalul Interna\u0163ional de Teatru \u201cPove\u015fti\u201d\",\"orchestra titanic\",\"stiri\",\"tinutul din miezul verii\"],\"articleSection\":[\"Evenimente\"],\"inLanguage\":\"ro-RO\",\"potentialAction\":[{\"@type\":\"CommentAction\",\"name\":\"Comment\",\"target\":[\"https:\\\/\\\/urbeamea.ro\\\/albaiulia\\\/video-actorul-mihai-calin-la-povesti-cu-albaiulienii-e-datoria-actorului-sa-nu-scape-piciorul-pe-pedala-pe-pedala-de-acceleratie\\\/#respond\"]}]},{\"@type\":\"WebPage\",\"@id\":\"https:\\\/\\\/urbeamea.ro\\\/albaiulia\\\/video-actorul-mihai-calin-la-povesti-cu-albaiulienii-e-datoria-actorului-sa-nu-scape-piciorul-pe-pedala-pe-pedala-de-acceleratie\\\/\",\"url\":\"https:\\\/\\\/urbeamea.ro\\\/albaiulia\\\/video-actorul-mihai-calin-la-povesti-cu-albaiulienii-e-datoria-actorului-sa-nu-scape-piciorul-pe-pedala-pe-pedala-de-acceleratie\\\/\",\"name\":\"VIDEO: Actorul Mihai C\u0103lin, la \u201ePove\u0219ti\u201d cu albaiulienii. \u201eE datoria actorului s\u0103 nu scape piciorul pe pedal\u0103, pe pedala de accelera\u021bie...\u201d - Revista Urbea Mea - Revista de Alba\",\"isPartOf\":{\"@id\":\"https:\\\/\\\/urbeamea.ro\\\/albaiulia\\\/#website\"},\"primaryImageOfPage\":{\"@id\":\"https:\\\/\\\/urbeamea.ro\\\/albaiulia\\\/video-actorul-mihai-calin-la-povesti-cu-albaiulienii-e-datoria-actorului-sa-nu-scape-piciorul-pe-pedala-pe-pedala-de-acceleratie\\\/#primaryimage\"},\"image\":{\"@id\":\"https:\\\/\\\/urbeamea.ro\\\/albaiulia\\\/video-actorul-mihai-calin-la-povesti-cu-albaiulienii-e-datoria-actorului-sa-nu-scape-piciorul-pe-pedala-pe-pedala-de-acceleratie\\\/#primaryimage\"},\"thumbnailUrl\":\"https:\\\/\\\/urbeamea.ro\\\/albaiulia\\\/wp-content\\\/uploads\\\/2019\\\/05\\\/60697904_480091175864508_6047219141364940800_n.jpg\",\"datePublished\":\"2019-05-22T14:29:53+00:00\",\"dateModified\":\"2019-05-22T14:30:24+00:00\",\"author\":{\"@id\":\"https:\\\/\\\/urbeamea.ro\\\/albaiulia\\\/#\\\/schema\\\/person\\\/9700d21fae21c4f038b0b56f4506264a\"},\"description\":\"Dup\u0103 ce mar\u021bi seara s-a aflat pe scen\u0103, juc\u00e2nd \u00een piesa \u201e\u021ainutul din miezul verii\u201d, miercuri, actorul Mihai C\u0103lin a fost prezent la Cafeaua cu t\u00e2lc \u0219i\",\"breadcrumb\":{\"@id\":\"https:\\\/\\\/urbeamea.ro\\\/albaiulia\\\/video-actorul-mihai-calin-la-povesti-cu-albaiulienii-e-datoria-actorului-sa-nu-scape-piciorul-pe-pedala-pe-pedala-de-acceleratie\\\/#breadcrumb\"},\"inLanguage\":\"ro-RO\",\"potentialAction\":[{\"@type\":\"ReadAction\",\"target\":[\"https:\\\/\\\/urbeamea.ro\\\/albaiulia\\\/video-actorul-mihai-calin-la-povesti-cu-albaiulienii-e-datoria-actorului-sa-nu-scape-piciorul-pe-pedala-pe-pedala-de-acceleratie\\\/\"]}]},{\"@type\":\"ImageObject\",\"inLanguage\":\"ro-RO\",\"@id\":\"https:\\\/\\\/urbeamea.ro\\\/albaiulia\\\/video-actorul-mihai-calin-la-povesti-cu-albaiulienii-e-datoria-actorului-sa-nu-scape-piciorul-pe-pedala-pe-pedala-de-acceleratie\\\/#primaryimage\",\"url\":\"https:\\\/\\\/urbeamea.ro\\\/albaiulia\\\/wp-content\\\/uploads\\\/2019\\\/05\\\/60697904_480091175864508_6047219141364940800_n.jpg\",\"contentUrl\":\"https:\\\/\\\/urbeamea.ro\\\/albaiulia\\\/wp-content\\\/uploads\\\/2019\\\/05\\\/60697904_480091175864508_6047219141364940800_n.jpg\",\"width\":960,\"height\":670},{\"@type\":\"BreadcrumbList\",\"@id\":\"https:\\\/\\\/urbeamea.ro\\\/albaiulia\\\/video-actorul-mihai-calin-la-povesti-cu-albaiulienii-e-datoria-actorului-sa-nu-scape-piciorul-pe-pedala-pe-pedala-de-acceleratie\\\/#breadcrumb\",\"itemListElement\":[{\"@type\":\"ListItem\",\"position\":1,\"name\":\"Prima pagin\u0103\",\"item\":\"https:\\\/\\\/urbeamea.ro\\\/albaiulia\\\/\"},{\"@type\":\"ListItem\",\"position\":2,\"name\":\"VIDEO: Actorul Mihai C\u0103lin, la \u201ePove\u0219ti\u201d cu albaiulienii. \u201eE datoria actorului s\u0103 nu scape piciorul pe pedal\u0103, pe pedala de accelera\u021bie&#8230;\u201d\"}]},{\"@type\":\"WebSite\",\"@id\":\"https:\\\/\\\/urbeamea.ro\\\/albaiulia\\\/#website\",\"url\":\"https:\\\/\\\/urbeamea.ro\\\/albaiulia\\\/\",\"name\":\"Revista Urbea Mea, Stiri urbane\",\"description\":\"Evenimente \u0219i \u0219tiri din Alba Iulia, Sebe\u0219, Aiud, Blaj\",\"potentialAction\":[{\"@type\":\"SearchAction\",\"target\":{\"@type\":\"EntryPoint\",\"urlTemplate\":\"https:\\\/\\\/urbeamea.ro\\\/albaiulia\\\/?s={search_term_string}\"},\"query-input\":{\"@type\":\"PropertyValueSpecification\",\"valueRequired\":true,\"valueName\":\"search_term_string\"}}],\"inLanguage\":\"ro-RO\"},{\"@type\":\"Person\",\"@id\":\"https:\\\/\\\/urbeamea.ro\\\/albaiulia\\\/#\\\/schema\\\/person\\\/9700d21fae21c4f038b0b56f4506264a\",\"name\":\"Cristina Ganga\",\"image\":{\"@type\":\"ImageObject\",\"inLanguage\":\"ro-RO\",\"@id\":\"https:\\\/\\\/secure.gravatar.com\\\/avatar\\\/5a67661041f057b4a8ccaf26f5a8e86e2689372006d01faf3dd9eeb10b654bb4?s=96&d=mm&r=g\",\"url\":\"https:\\\/\\\/secure.gravatar.com\\\/avatar\\\/5a67661041f057b4a8ccaf26f5a8e86e2689372006d01faf3dd9eeb10b654bb4?s=96&d=mm&r=g\",\"contentUrl\":\"https:\\\/\\\/secure.gravatar.com\\\/avatar\\\/5a67661041f057b4a8ccaf26f5a8e86e2689372006d01faf3dd9eeb10b654bb4?s=96&d=mm&r=g\",\"caption\":\"Cristina Ganga\"},\"description\":\"Jurnalist\",\"sameAs\":[\"https:\\\/\\\/www.facebook.com\\\/cristina.nicola.587\"],\"url\":\"https:\\\/\\\/urbeamea.ro\\\/albaiulia\\\/author\\\/cristina-nicola\\\/\"}]}<\/script>\n<!-- \/ Yoast SEO plugin. -->","yoast_head_json":{"title":"VIDEO: Actorul Mihai C\u0103lin, la \u201ePove\u0219ti\u201d cu albaiulienii. \u201eE datoria actorului s\u0103 nu scape piciorul pe pedal\u0103, pe pedala de accelera\u021bie...\u201d - Revista Urbea Mea - Revista de Alba","description":"Dup\u0103 ce mar\u021bi seara s-a aflat pe scen\u0103, juc\u00e2nd \u00een piesa \u201e\u021ainutul din miezul verii\u201d, miercuri, actorul Mihai C\u0103lin a fost prezent la Cafeaua cu t\u00e2lc \u0219i","robots":{"index":"index","follow":"follow","max-snippet":"max-snippet:-1","max-image-preview":"max-image-preview:large","max-video-preview":"max-video-preview:-1"},"canonical":"https:\/\/urbeamea.ro\/albaiulia\/video-actorul-mihai-calin-la-povesti-cu-albaiulienii-e-datoria-actorului-sa-nu-scape-piciorul-pe-pedala-pe-pedala-de-acceleratie\/","twitter_card":"summary_large_image","twitter_title":"VIDEO: Actorul Mihai C\u0103lin, la \u201ePove\u0219ti\u201d cu albaiulienii. \u201eE datoria actorului s\u0103 nu scape piciorul pe pedal\u0103, pe pedala de accelera\u021bie...\u201d - Revista Urbea Mea - Revista de Alba","twitter_description":"Dup\u0103 ce mar\u021bi seara s-a aflat pe scen\u0103, juc\u00e2nd \u00een piesa \u201e\u021ainutul din miezul verii\u201d, miercuri, actorul Mihai C\u0103lin a fost prezent la Cafeaua cu t\u00e2lc \u0219i","twitter_image":"https:\/\/urbeamea.ro\/albaiulia\/wp-content\/uploads\/2019\/05\/60697904_480091175864508_6047219141364940800_n.jpg","twitter_creator":"@urbeameaweb","twitter_site":"@urbeameaweb","schema":{"@context":"https:\/\/schema.org","@graph":[{"@type":"Article","@id":"https:\/\/urbeamea.ro\/albaiulia\/video-actorul-mihai-calin-la-povesti-cu-albaiulienii-e-datoria-actorului-sa-nu-scape-piciorul-pe-pedala-pe-pedala-de-acceleratie\/#article","isPartOf":{"@id":"https:\/\/urbeamea.ro\/albaiulia\/video-actorul-mihai-calin-la-povesti-cu-albaiulienii-e-datoria-actorului-sa-nu-scape-piciorul-pe-pedala-pe-pedala-de-acceleratie\/"},"author":{"name":"Cristina Ganga","@id":"https:\/\/urbeamea.ro\/albaiulia\/#\/schema\/person\/9700d21fae21c4f038b0b56f4506264a"},"headline":"VIDEO: Actorul Mihai C\u0103lin, la \u201ePove\u0219ti\u201d cu albaiulienii. \u201eE datoria actorului s\u0103 nu scape piciorul pe pedal\u0103, pe pedala de accelera\u021bie&#8230;\u201d","datePublished":"2019-05-22T14:29:53+00:00","dateModified":"2019-05-22T14:30:24+00:00","mainEntityOfPage":{"@id":"https:\/\/urbeamea.ro\/albaiulia\/video-actorul-mihai-calin-la-povesti-cu-albaiulienii-e-datoria-actorului-sa-nu-scape-piciorul-pe-pedala-pe-pedala-de-acceleratie\/"},"wordCount":958,"commentCount":0,"image":{"@id":"https:\/\/urbeamea.ro\/albaiulia\/video-actorul-mihai-calin-la-povesti-cu-albaiulienii-e-datoria-actorului-sa-nu-scape-piciorul-pe-pedala-pe-pedala-de-acceleratie\/#primaryimage"},"thumbnailUrl":"https:\/\/urbeamea.ro\/albaiulia\/wp-content\/uploads\/2019\/05\/60697904_480091175864508_6047219141364940800_n.jpg","keywords":["actorul mihai calin","Alba Iulia","cafeaua cu talc","Festivalul Interna\u0163ional de Teatru \u201cPove\u015fti\u201d","orchestra titanic","stiri","tinutul din miezul verii"],"articleSection":["Evenimente"],"inLanguage":"ro-RO","potentialAction":[{"@type":"CommentAction","name":"Comment","target":["https:\/\/urbeamea.ro\/albaiulia\/video-actorul-mihai-calin-la-povesti-cu-albaiulienii-e-datoria-actorului-sa-nu-scape-piciorul-pe-pedala-pe-pedala-de-acceleratie\/#respond"]}]},{"@type":"WebPage","@id":"https:\/\/urbeamea.ro\/albaiulia\/video-actorul-mihai-calin-la-povesti-cu-albaiulienii-e-datoria-actorului-sa-nu-scape-piciorul-pe-pedala-pe-pedala-de-acceleratie\/","url":"https:\/\/urbeamea.ro\/albaiulia\/video-actorul-mihai-calin-la-povesti-cu-albaiulienii-e-datoria-actorului-sa-nu-scape-piciorul-pe-pedala-pe-pedala-de-acceleratie\/","name":"VIDEO: Actorul Mihai C\u0103lin, la \u201ePove\u0219ti\u201d cu albaiulienii. \u201eE datoria actorului s\u0103 nu scape piciorul pe pedal\u0103, pe pedala de accelera\u021bie...\u201d - Revista Urbea Mea - Revista de Alba","isPartOf":{"@id":"https:\/\/urbeamea.ro\/albaiulia\/#website"},"primaryImageOfPage":{"@id":"https:\/\/urbeamea.ro\/albaiulia\/video-actorul-mihai-calin-la-povesti-cu-albaiulienii-e-datoria-actorului-sa-nu-scape-piciorul-pe-pedala-pe-pedala-de-acceleratie\/#primaryimage"},"image":{"@id":"https:\/\/urbeamea.ro\/albaiulia\/video-actorul-mihai-calin-la-povesti-cu-albaiulienii-e-datoria-actorului-sa-nu-scape-piciorul-pe-pedala-pe-pedala-de-acceleratie\/#primaryimage"},"thumbnailUrl":"https:\/\/urbeamea.ro\/albaiulia\/wp-content\/uploads\/2019\/05\/60697904_480091175864508_6047219141364940800_n.jpg","datePublished":"2019-05-22T14:29:53+00:00","dateModified":"2019-05-22T14:30:24+00:00","author":{"@id":"https:\/\/urbeamea.ro\/albaiulia\/#\/schema\/person\/9700d21fae21c4f038b0b56f4506264a"},"description":"Dup\u0103 ce mar\u021bi seara s-a aflat pe scen\u0103, juc\u00e2nd \u00een piesa \u201e\u021ainutul din miezul verii\u201d, miercuri, actorul Mihai C\u0103lin a fost prezent la Cafeaua cu t\u00e2lc \u0219i","breadcrumb":{"@id":"https:\/\/urbeamea.ro\/albaiulia\/video-actorul-mihai-calin-la-povesti-cu-albaiulienii-e-datoria-actorului-sa-nu-scape-piciorul-pe-pedala-pe-pedala-de-acceleratie\/#breadcrumb"},"inLanguage":"ro-RO","potentialAction":[{"@type":"ReadAction","target":["https:\/\/urbeamea.ro\/albaiulia\/video-actorul-mihai-calin-la-povesti-cu-albaiulienii-e-datoria-actorului-sa-nu-scape-piciorul-pe-pedala-pe-pedala-de-acceleratie\/"]}]},{"@type":"ImageObject","inLanguage":"ro-RO","@id":"https:\/\/urbeamea.ro\/albaiulia\/video-actorul-mihai-calin-la-povesti-cu-albaiulienii-e-datoria-actorului-sa-nu-scape-piciorul-pe-pedala-pe-pedala-de-acceleratie\/#primaryimage","url":"https:\/\/urbeamea.ro\/albaiulia\/wp-content\/uploads\/2019\/05\/60697904_480091175864508_6047219141364940800_n.jpg","contentUrl":"https:\/\/urbeamea.ro\/albaiulia\/wp-content\/uploads\/2019\/05\/60697904_480091175864508_6047219141364940800_n.jpg","width":960,"height":670},{"@type":"BreadcrumbList","@id":"https:\/\/urbeamea.ro\/albaiulia\/video-actorul-mihai-calin-la-povesti-cu-albaiulienii-e-datoria-actorului-sa-nu-scape-piciorul-pe-pedala-pe-pedala-de-acceleratie\/#breadcrumb","itemListElement":[{"@type":"ListItem","position":1,"name":"Prima pagin\u0103","item":"https:\/\/urbeamea.ro\/albaiulia\/"},{"@type":"ListItem","position":2,"name":"VIDEO: Actorul Mihai C\u0103lin, la \u201ePove\u0219ti\u201d cu albaiulienii. \u201eE datoria actorului s\u0103 nu scape piciorul pe pedal\u0103, pe pedala de accelera\u021bie&#8230;\u201d"}]},{"@type":"WebSite","@id":"https:\/\/urbeamea.ro\/albaiulia\/#website","url":"https:\/\/urbeamea.ro\/albaiulia\/","name":"Revista Urbea Mea, Stiri urbane","description":"Evenimente \u0219i \u0219tiri din Alba Iulia, Sebe\u0219, Aiud, Blaj","potentialAction":[{"@type":"SearchAction","target":{"@type":"EntryPoint","urlTemplate":"https:\/\/urbeamea.ro\/albaiulia\/?s={search_term_string}"},"query-input":{"@type":"PropertyValueSpecification","valueRequired":true,"valueName":"search_term_string"}}],"inLanguage":"ro-RO"},{"@type":"Person","@id":"https:\/\/urbeamea.ro\/albaiulia\/#\/schema\/person\/9700d21fae21c4f038b0b56f4506264a","name":"Cristina Ganga","image":{"@type":"ImageObject","inLanguage":"ro-RO","@id":"https:\/\/secure.gravatar.com\/avatar\/5a67661041f057b4a8ccaf26f5a8e86e2689372006d01faf3dd9eeb10b654bb4?s=96&d=mm&r=g","url":"https:\/\/secure.gravatar.com\/avatar\/5a67661041f057b4a8ccaf26f5a8e86e2689372006d01faf3dd9eeb10b654bb4?s=96&d=mm&r=g","contentUrl":"https:\/\/secure.gravatar.com\/avatar\/5a67661041f057b4a8ccaf26f5a8e86e2689372006d01faf3dd9eeb10b654bb4?s=96&d=mm&r=g","caption":"Cristina Ganga"},"description":"Jurnalist","sameAs":["https:\/\/www.facebook.com\/cristina.nicola.587"],"url":"https:\/\/urbeamea.ro\/albaiulia\/author\/cristina-nicola\/"}]}},"_links":{"self":[{"href":"https:\/\/urbeamea.ro\/albaiulia\/wp-json\/wp\/v2\/posts\/76660","targetHints":{"allow":["GET"]}}],"collection":[{"href":"https:\/\/urbeamea.ro\/albaiulia\/wp-json\/wp\/v2\/posts"}],"about":[{"href":"https:\/\/urbeamea.ro\/albaiulia\/wp-json\/wp\/v2\/types\/post"}],"author":[{"embeddable":true,"href":"https:\/\/urbeamea.ro\/albaiulia\/wp-json\/wp\/v2\/users\/17"}],"replies":[{"embeddable":true,"href":"https:\/\/urbeamea.ro\/albaiulia\/wp-json\/wp\/v2\/comments?post=76660"}],"version-history":[{"count":0,"href":"https:\/\/urbeamea.ro\/albaiulia\/wp-json\/wp\/v2\/posts\/76660\/revisions"}],"wp:featuredmedia":[{"embeddable":true,"href":"https:\/\/urbeamea.ro\/albaiulia\/wp-json\/wp\/v2\/media\/76661"}],"wp:attachment":[{"href":"https:\/\/urbeamea.ro\/albaiulia\/wp-json\/wp\/v2\/media?parent=76660"}],"wp:term":[{"taxonomy":"category","embeddable":true,"href":"https:\/\/urbeamea.ro\/albaiulia\/wp-json\/wp\/v2\/categories?post=76660"},{"taxonomy":"post_tag","embeddable":true,"href":"https:\/\/urbeamea.ro\/albaiulia\/wp-json\/wp\/v2\/tags?post=76660"}],"curies":[{"name":"wp","href":"https:\/\/api.w.org\/{rel}","templated":true}]}}