{"id":76899,"date":"2019-05-28T15:19:55","date_gmt":"2019-05-28T12:19:55","guid":{"rendered":"https:\/\/urbeamea.ro\/albaiulia\/?p=76899"},"modified":"2019-05-28T15:31:42","modified_gmt":"2019-05-28T12:31:42","slug":"29-mai-scoala-de-mers-pe-munte-alba-iulia","status":"publish","type":"post","link":"https:\/\/urbeamea.ro\/albaiulia\/29-mai-scoala-de-mers-pe-munte-alba-iulia\/","title":{"rendered":"29 Mai: \u0218coala de Mers pe Munte &#8211; Alba Iulia"},"content":{"rendered":"\n<p><strong> Dac\u0103 \u021bi-ai dorit mereu s\u0103 mergi pe munte, \u00eens\u0103 nu ai no\u021biuni elementare despre cum s\u0103 te echipezi, ce s\u0103 pui \u00een rucsac sau cum se parcurge un traseu montan, acum e momentul s\u0103 afli.  <\/strong><\/p>\n\n\n\n<p>Mercuri 29 mai, ai ocazia s\u0103 participi la cursul elementar de mers pe munte, unde vei putea \u00eenv\u0103\u021ba cum s\u0103 te preg\u0103te\u0219ti pentru o drume\u021bie montan\u0103. Vei avea ocazia s\u0103 cuno\u0219ti ni\u0219te instructori experimenta\u021bi, care \u00ee\u021bi vor face o instruire minim\u0103 pentru a putea \u00een\u021belege, cel pu\u021bin teoretic, ce \u00eenseamn\u0103 s\u0103 mergi pe munte. Tot ei \u00ee\u021bi vor prezenta modul \u00een care ar trebui s\u0103 te preg\u0103te\u0219ti, despre echipamentul \u0219i hainele necesare \u0219i \u00een plus, vei primi sfaturi \u021bi idei care s\u0103 te ajute s\u0103 \u00een\u021belegi mai bine cultura montaniarzilor. La sf\u00e2r\u0219itul cursului va avea loc o prezentare  pe scurt a edi\u021biei de anul acesta a \u0218colii de Mers pe Munte #5.<\/p>\n\n\n\n<p><br>Evenimentul este organizat de Asocia\u021bia Tasuleasa Social \u0219i Coca-Cola HBC Rom\u00e2nia organizeaz\u0103 a cincea edi\u021bie a proiectul de educa\u021bie montan\u0103 \u0218coala de Mers pe Munte. \u00cen cele 4 edi\u021bii organizate, au participat 1000 de persoane \u00een 40 de grupe, al\u0103turi de voluntari faini \u0219i instructori experimenta\u021bi. Edi\u021bia de anul acesta propune ateliere teoretice \u00een ora\u0219e diferite \u0219i posibilitatea de participare aproape gratuit, la un program extins de 4 zile pentru cei care vor s\u0103 \u00eenve\u021be no\u021biunile de baz\u0103 necesare \u00eentr-o drume\u021bie montan\u0103! <\/p>\n\n\n\n<p> <strong>Evenimentul va avea loc la Framm&#8217;s, pe strada P\u0103cii 23, va \u00eencepe la ora 18.00 cu  no\u021biuni elementare despre drume\u021bia montan\u0103 \u0219i va continua la ora 19.30 cu informa\u021bii despre \u0218coala de Mers pe Munte 2019. Limonada este din partea casei \ud83d\ude42  Proiectul se adreseaz\u0103 persoanelor peste 18 ani, iar intrarea este liber\u0103. <\/strong><\/p>\n","protected":false},"excerpt":{"rendered":"<p>Dac\u0103 \u021bi-ai dorit mereu s\u0103 mergi pe munte, \u00eens\u0103 nu ai no\u021biuni elementare despre cum s\u0103 te echipezi, ce s\u0103 pui \u00een rucsac sau cum se parcurge un traseu montan, acum e momentul s\u0103 afli. Mercuri 29 mai, ai ocazia s\u0103 participi la cursul elementar de mers pe munte, unde vei putea \u00eenv\u0103\u021ba cum s\u0103 &hellip;<\/p>\n","protected":false},"author":26,"featured_media":76901,"comment_status":"open","ping_status":"open","sticky":false,"template":"","format":"standard","meta":{"inline_featured_image":false,"footnotes":""},"categories":[4],"tags":[31,17918,76],"class_list":["post-76899","post","type-post","status-publish","format-standard","has-post-thumbnail","hentry","category-eveniment","tag-alba-iulia","tag-scoala-de-mers-pe-munte","tag-urbea-mea"],"yoast_head":"<!-- This site is optimized with the Yoast SEO plugin v27.4 - https:\/\/yoast.com\/product\/yoast-seo-wordpress\/ -->\n<title>29 Mai: \u0218coala de Mers pe Munte - Alba Iulia - Revista Urbea Mea - Revista de Alba<\/title>\n<meta name=\"description\" content=\"Dac\u0103 \u021bi-ai dorit mereu s\u0103 mergi pe munte, \u00eens\u0103 nu ai no\u021biuni elementare despre cum s\u0103 te echipezi, ce s\u0103 pui \u00een rucsac sau cum se parcurge un traseu\" \/>\n<meta name=\"robots\" content=\"index, follow, max-snippet:-1, max-image-preview:large, max-video-preview:-1\" \/>\n<link rel=\"canonical\" href=\"https:\/\/urbeamea.ro\/albaiulia\/29-mai-scoala-de-mers-pe-munte-alba-iulia\/\" \/>\n<meta name=\"twitter:card\" content=\"summary_large_image\" \/>\n<meta name=\"twitter:title\" content=\"29 Mai: \u0218coala de Mers pe Munte - Alba Iulia - Revista Urbea Mea - Revista de Alba\" \/>\n<meta name=\"twitter:description\" content=\"Dac\u0103 \u021bi-ai dorit mereu s\u0103 mergi pe munte, \u00eens\u0103 nu ai no\u021biuni elementare despre cum s\u0103 te echipezi, ce s\u0103 pui \u00een rucsac sau cum se parcurge un traseu\" \/>\n<meta name=\"twitter:image\" content=\"https:\/\/urbeamea.ro\/albaiulia\/wp-content\/uploads\/2019\/05\/Scoala.de_.mers_.pe_.munte_..jpg\" \/>\n<meta name=\"twitter:creator\" content=\"@urbeameaweb\" \/>\n<meta name=\"twitter:site\" content=\"@urbeameaweb\" \/>\n<script type=\"application\/ld+json\" class=\"yoast-schema-graph\">{\"@context\":\"https:\\\/\\\/schema.org\",\"@graph\":[{\"@type\":\"Article\",\"@id\":\"https:\\\/\\\/urbeamea.ro\\\/albaiulia\\\/29-mai-scoala-de-mers-pe-munte-alba-iulia\\\/#article\",\"isPartOf\":{\"@id\":\"https:\\\/\\\/urbeamea.ro\\\/albaiulia\\\/29-mai-scoala-de-mers-pe-munte-alba-iulia\\\/\"},\"author\":{\"name\":\"Raluca Krisbai\",\"@id\":\"https:\\\/\\\/urbeamea.ro\\\/albaiulia\\\/#\\\/schema\\\/person\\\/9835621e3cb33b6c1253958b5c5fd38d\"},\"headline\":\"29 Mai: \u0218coala de Mers pe Munte &#8211; Alba Iulia\",\"datePublished\":\"2019-05-28T12:19:55+00:00\",\"dateModified\":\"2019-05-28T12:31:42+00:00\",\"mainEntityOfPage\":{\"@id\":\"https:\\\/\\\/urbeamea.ro\\\/albaiulia\\\/29-mai-scoala-de-mers-pe-munte-alba-iulia\\\/\"},\"wordCount\":312,\"commentCount\":0,\"image\":{\"@id\":\"https:\\\/\\\/urbeamea.ro\\\/albaiulia\\\/29-mai-scoala-de-mers-pe-munte-alba-iulia\\\/#primaryimage\"},\"thumbnailUrl\":\"https:\\\/\\\/urbeamea.ro\\\/albaiulia\\\/wp-content\\\/uploads\\\/2019\\\/05\\\/Scoala.de_.mers_.pe_.munte_..jpg\",\"keywords\":[\"Alba Iulia\",\"scoala de mers pe munte\",\"Urbea Mea\"],\"articleSection\":[\"Evenimente\"],\"inLanguage\":\"ro-RO\",\"potentialAction\":[{\"@type\":\"CommentAction\",\"name\":\"Comment\",\"target\":[\"https:\\\/\\\/urbeamea.ro\\\/albaiulia\\\/29-mai-scoala-de-mers-pe-munte-alba-iulia\\\/#respond\"]}]},{\"@type\":\"WebPage\",\"@id\":\"https:\\\/\\\/urbeamea.ro\\\/albaiulia\\\/29-mai-scoala-de-mers-pe-munte-alba-iulia\\\/\",\"url\":\"https:\\\/\\\/urbeamea.ro\\\/albaiulia\\\/29-mai-scoala-de-mers-pe-munte-alba-iulia\\\/\",\"name\":\"29 Mai: \u0218coala de Mers pe Munte - Alba Iulia - Revista Urbea Mea - Revista de Alba\",\"isPartOf\":{\"@id\":\"https:\\\/\\\/urbeamea.ro\\\/albaiulia\\\/#website\"},\"primaryImageOfPage\":{\"@id\":\"https:\\\/\\\/urbeamea.ro\\\/albaiulia\\\/29-mai-scoala-de-mers-pe-munte-alba-iulia\\\/#primaryimage\"},\"image\":{\"@id\":\"https:\\\/\\\/urbeamea.ro\\\/albaiulia\\\/29-mai-scoala-de-mers-pe-munte-alba-iulia\\\/#primaryimage\"},\"thumbnailUrl\":\"https:\\\/\\\/urbeamea.ro\\\/albaiulia\\\/wp-content\\\/uploads\\\/2019\\\/05\\\/Scoala.de_.mers_.pe_.munte_..jpg\",\"datePublished\":\"2019-05-28T12:19:55+00:00\",\"dateModified\":\"2019-05-28T12:31:42+00:00\",\"author\":{\"@id\":\"https:\\\/\\\/urbeamea.ro\\\/albaiulia\\\/#\\\/schema\\\/person\\\/9835621e3cb33b6c1253958b5c5fd38d\"},\"description\":\"Dac\u0103 \u021bi-ai dorit mereu s\u0103 mergi pe munte, \u00eens\u0103 nu ai no\u021biuni elementare despre cum s\u0103 te echipezi, ce s\u0103 pui \u00een rucsac sau cum se parcurge un traseu\",\"breadcrumb\":{\"@id\":\"https:\\\/\\\/urbeamea.ro\\\/albaiulia\\\/29-mai-scoala-de-mers-pe-munte-alba-iulia\\\/#breadcrumb\"},\"inLanguage\":\"ro-RO\",\"potentialAction\":[{\"@type\":\"ReadAction\",\"target\":[\"https:\\\/\\\/urbeamea.ro\\\/albaiulia\\\/29-mai-scoala-de-mers-pe-munte-alba-iulia\\\/\"]}]},{\"@type\":\"ImageObject\",\"inLanguage\":\"ro-RO\",\"@id\":\"https:\\\/\\\/urbeamea.ro\\\/albaiulia\\\/29-mai-scoala-de-mers-pe-munte-alba-iulia\\\/#primaryimage\",\"url\":\"https:\\\/\\\/urbeamea.ro\\\/albaiulia\\\/wp-content\\\/uploads\\\/2019\\\/05\\\/Scoala.de_.mers_.pe_.munte_..jpg\",\"contentUrl\":\"https:\\\/\\\/urbeamea.ro\\\/albaiulia\\\/wp-content\\\/uploads\\\/2019\\\/05\\\/Scoala.de_.mers_.pe_.munte_..jpg\",\"width\":1196,\"height\":720},{\"@type\":\"BreadcrumbList\",\"@id\":\"https:\\\/\\\/urbeamea.ro\\\/albaiulia\\\/29-mai-scoala-de-mers-pe-munte-alba-iulia\\\/#breadcrumb\",\"itemListElement\":[{\"@type\":\"ListItem\",\"position\":1,\"name\":\"Prima pagin\u0103\",\"item\":\"https:\\\/\\\/urbeamea.ro\\\/albaiulia\\\/\"},{\"@type\":\"ListItem\",\"position\":2,\"name\":\"29 Mai: \u0218coala de Mers pe Munte &#8211; Alba Iulia\"}]},{\"@type\":\"WebSite\",\"@id\":\"https:\\\/\\\/urbeamea.ro\\\/albaiulia\\\/#website\",\"url\":\"https:\\\/\\\/urbeamea.ro\\\/albaiulia\\\/\",\"name\":\"Revista Urbea Mea, Stiri urbane\",\"description\":\"Evenimente \u0219i \u0219tiri din Alba Iulia, Sebe\u0219, Aiud, Blaj\",\"potentialAction\":[{\"@type\":\"SearchAction\",\"target\":{\"@type\":\"EntryPoint\",\"urlTemplate\":\"https:\\\/\\\/urbeamea.ro\\\/albaiulia\\\/?s={search_term_string}\"},\"query-input\":{\"@type\":\"PropertyValueSpecification\",\"valueRequired\":true,\"valueName\":\"search_term_string\"}}],\"inLanguage\":\"ro-RO\"},{\"@type\":\"Person\",\"@id\":\"https:\\\/\\\/urbeamea.ro\\\/albaiulia\\\/#\\\/schema\\\/person\\\/9835621e3cb33b6c1253958b5c5fd38d\",\"name\":\"Raluca Krisbai\",\"image\":{\"@type\":\"ImageObject\",\"inLanguage\":\"ro-RO\",\"@id\":\"https:\\\/\\\/secure.gravatar.com\\\/avatar\\\/90b7a537a346c034a8bf27f74a4a88eb14594327622a99e7c0a816e2a5e7ed5e?s=96&d=mm&r=g\",\"url\":\"https:\\\/\\\/secure.gravatar.com\\\/avatar\\\/90b7a537a346c034a8bf27f74a4a88eb14594327622a99e7c0a816e2a5e7ed5e?s=96&d=mm&r=g\",\"contentUrl\":\"https:\\\/\\\/secure.gravatar.com\\\/avatar\\\/90b7a537a346c034a8bf27f74a4a88eb14594327622a99e7c0a816e2a5e7ed5e?s=96&d=mm&r=g\",\"caption\":\"Raluca Krisbai\"},\"sameAs\":[\"https:\\\/\\\/www.urbeamea.ro\"],\"url\":\"https:\\\/\\\/urbeamea.ro\\\/albaiulia\\\/author\\\/raluca-krisbai\\\/\"}]}<\/script>\n<!-- \/ Yoast SEO plugin. -->","yoast_head_json":{"title":"29 Mai: \u0218coala de Mers pe Munte - Alba Iulia - Revista Urbea Mea - Revista de Alba","description":"Dac\u0103 \u021bi-ai dorit mereu s\u0103 mergi pe munte, \u00eens\u0103 nu ai no\u021biuni elementare despre cum s\u0103 te echipezi, ce s\u0103 pui \u00een rucsac sau cum se parcurge un traseu","robots":{"index":"index","follow":"follow","max-snippet":"max-snippet:-1","max-image-preview":"max-image-preview:large","max-video-preview":"max-video-preview:-1"},"canonical":"https:\/\/urbeamea.ro\/albaiulia\/29-mai-scoala-de-mers-pe-munte-alba-iulia\/","twitter_card":"summary_large_image","twitter_title":"29 Mai: \u0218coala de Mers pe Munte - Alba Iulia - Revista Urbea Mea - Revista de Alba","twitter_description":"Dac\u0103 \u021bi-ai dorit mereu s\u0103 mergi pe munte, \u00eens\u0103 nu ai no\u021biuni elementare despre cum s\u0103 te echipezi, ce s\u0103 pui \u00een rucsac sau cum se parcurge un traseu","twitter_image":"https:\/\/urbeamea.ro\/albaiulia\/wp-content\/uploads\/2019\/05\/Scoala.de_.mers_.pe_.munte_..jpg","twitter_creator":"@urbeameaweb","twitter_site":"@urbeameaweb","schema":{"@context":"https:\/\/schema.org","@graph":[{"@type":"Article","@id":"https:\/\/urbeamea.ro\/albaiulia\/29-mai-scoala-de-mers-pe-munte-alba-iulia\/#article","isPartOf":{"@id":"https:\/\/urbeamea.ro\/albaiulia\/29-mai-scoala-de-mers-pe-munte-alba-iulia\/"},"author":{"name":"Raluca Krisbai","@id":"https:\/\/urbeamea.ro\/albaiulia\/#\/schema\/person\/9835621e3cb33b6c1253958b5c5fd38d"},"headline":"29 Mai: \u0218coala de Mers pe Munte &#8211; Alba Iulia","datePublished":"2019-05-28T12:19:55+00:00","dateModified":"2019-05-28T12:31:42+00:00","mainEntityOfPage":{"@id":"https:\/\/urbeamea.ro\/albaiulia\/29-mai-scoala-de-mers-pe-munte-alba-iulia\/"},"wordCount":312,"commentCount":0,"image":{"@id":"https:\/\/urbeamea.ro\/albaiulia\/29-mai-scoala-de-mers-pe-munte-alba-iulia\/#primaryimage"},"thumbnailUrl":"https:\/\/urbeamea.ro\/albaiulia\/wp-content\/uploads\/2019\/05\/Scoala.de_.mers_.pe_.munte_..jpg","keywords":["Alba Iulia","scoala de mers pe munte","Urbea Mea"],"articleSection":["Evenimente"],"inLanguage":"ro-RO","potentialAction":[{"@type":"CommentAction","name":"Comment","target":["https:\/\/urbeamea.ro\/albaiulia\/29-mai-scoala-de-mers-pe-munte-alba-iulia\/#respond"]}]},{"@type":"WebPage","@id":"https:\/\/urbeamea.ro\/albaiulia\/29-mai-scoala-de-mers-pe-munte-alba-iulia\/","url":"https:\/\/urbeamea.ro\/albaiulia\/29-mai-scoala-de-mers-pe-munte-alba-iulia\/","name":"29 Mai: \u0218coala de Mers pe Munte - Alba Iulia - Revista Urbea Mea - Revista de Alba","isPartOf":{"@id":"https:\/\/urbeamea.ro\/albaiulia\/#website"},"primaryImageOfPage":{"@id":"https:\/\/urbeamea.ro\/albaiulia\/29-mai-scoala-de-mers-pe-munte-alba-iulia\/#primaryimage"},"image":{"@id":"https:\/\/urbeamea.ro\/albaiulia\/29-mai-scoala-de-mers-pe-munte-alba-iulia\/#primaryimage"},"thumbnailUrl":"https:\/\/urbeamea.ro\/albaiulia\/wp-content\/uploads\/2019\/05\/Scoala.de_.mers_.pe_.munte_..jpg","datePublished":"2019-05-28T12:19:55+00:00","dateModified":"2019-05-28T12:31:42+00:00","author":{"@id":"https:\/\/urbeamea.ro\/albaiulia\/#\/schema\/person\/9835621e3cb33b6c1253958b5c5fd38d"},"description":"Dac\u0103 \u021bi-ai dorit mereu s\u0103 mergi pe munte, \u00eens\u0103 nu ai no\u021biuni elementare despre cum s\u0103 te echipezi, ce s\u0103 pui \u00een rucsac sau cum se parcurge un traseu","breadcrumb":{"@id":"https:\/\/urbeamea.ro\/albaiulia\/29-mai-scoala-de-mers-pe-munte-alba-iulia\/#breadcrumb"},"inLanguage":"ro-RO","potentialAction":[{"@type":"ReadAction","target":["https:\/\/urbeamea.ro\/albaiulia\/29-mai-scoala-de-mers-pe-munte-alba-iulia\/"]}]},{"@type":"ImageObject","inLanguage":"ro-RO","@id":"https:\/\/urbeamea.ro\/albaiulia\/29-mai-scoala-de-mers-pe-munte-alba-iulia\/#primaryimage","url":"https:\/\/urbeamea.ro\/albaiulia\/wp-content\/uploads\/2019\/05\/Scoala.de_.mers_.pe_.munte_..jpg","contentUrl":"https:\/\/urbeamea.ro\/albaiulia\/wp-content\/uploads\/2019\/05\/Scoala.de_.mers_.pe_.munte_..jpg","width":1196,"height":720},{"@type":"BreadcrumbList","@id":"https:\/\/urbeamea.ro\/albaiulia\/29-mai-scoala-de-mers-pe-munte-alba-iulia\/#breadcrumb","itemListElement":[{"@type":"ListItem","position":1,"name":"Prima pagin\u0103","item":"https:\/\/urbeamea.ro\/albaiulia\/"},{"@type":"ListItem","position":2,"name":"29 Mai: \u0218coala de Mers pe Munte &#8211; Alba Iulia"}]},{"@type":"WebSite","@id":"https:\/\/urbeamea.ro\/albaiulia\/#website","url":"https:\/\/urbeamea.ro\/albaiulia\/","name":"Revista Urbea Mea, Stiri urbane","description":"Evenimente \u0219i \u0219tiri din Alba Iulia, Sebe\u0219, Aiud, Blaj","potentialAction":[{"@type":"SearchAction","target":{"@type":"EntryPoint","urlTemplate":"https:\/\/urbeamea.ro\/albaiulia\/?s={search_term_string}"},"query-input":{"@type":"PropertyValueSpecification","valueRequired":true,"valueName":"search_term_string"}}],"inLanguage":"ro-RO"},{"@type":"Person","@id":"https:\/\/urbeamea.ro\/albaiulia\/#\/schema\/person\/9835621e3cb33b6c1253958b5c5fd38d","name":"Raluca Krisbai","image":{"@type":"ImageObject","inLanguage":"ro-RO","@id":"https:\/\/secure.gravatar.com\/avatar\/90b7a537a346c034a8bf27f74a4a88eb14594327622a99e7c0a816e2a5e7ed5e?s=96&d=mm&r=g","url":"https:\/\/secure.gravatar.com\/avatar\/90b7a537a346c034a8bf27f74a4a88eb14594327622a99e7c0a816e2a5e7ed5e?s=96&d=mm&r=g","contentUrl":"https:\/\/secure.gravatar.com\/avatar\/90b7a537a346c034a8bf27f74a4a88eb14594327622a99e7c0a816e2a5e7ed5e?s=96&d=mm&r=g","caption":"Raluca Krisbai"},"sameAs":["https:\/\/www.urbeamea.ro"],"url":"https:\/\/urbeamea.ro\/albaiulia\/author\/raluca-krisbai\/"}]}},"_links":{"self":[{"href":"https:\/\/urbeamea.ro\/albaiulia\/wp-json\/wp\/v2\/posts\/76899","targetHints":{"allow":["GET"]}}],"collection":[{"href":"https:\/\/urbeamea.ro\/albaiulia\/wp-json\/wp\/v2\/posts"}],"about":[{"href":"https:\/\/urbeamea.ro\/albaiulia\/wp-json\/wp\/v2\/types\/post"}],"author":[{"embeddable":true,"href":"https:\/\/urbeamea.ro\/albaiulia\/wp-json\/wp\/v2\/users\/26"}],"replies":[{"embeddable":true,"href":"https:\/\/urbeamea.ro\/albaiulia\/wp-json\/wp\/v2\/comments?post=76899"}],"version-history":[{"count":0,"href":"https:\/\/urbeamea.ro\/albaiulia\/wp-json\/wp\/v2\/posts\/76899\/revisions"}],"wp:featuredmedia":[{"embeddable":true,"href":"https:\/\/urbeamea.ro\/albaiulia\/wp-json\/wp\/v2\/media\/76901"}],"wp:attachment":[{"href":"https:\/\/urbeamea.ro\/albaiulia\/wp-json\/wp\/v2\/media?parent=76899"}],"wp:term":[{"taxonomy":"category","embeddable":true,"href":"https:\/\/urbeamea.ro\/albaiulia\/wp-json\/wp\/v2\/categories?post=76899"},{"taxonomy":"post_tag","embeddable":true,"href":"https:\/\/urbeamea.ro\/albaiulia\/wp-json\/wp\/v2\/tags?post=76899"}],"curies":[{"name":"wp","href":"https:\/\/api.w.org\/{rel}","templated":true}]}}