{"id":76929,"date":"2019-05-29T11:14:19","date_gmt":"2019-05-29T08:14:19","guid":{"rendered":"https:\/\/urbeamea.ro\/albaiulia\/?p=76929"},"modified":"2019-05-29T11:14:22","modified_gmt":"2019-05-29T08:14:22","slug":"30-mai-2-iunie-zilele-muzicale-carl-filtsch-la-sebes","status":"publish","type":"post","link":"https:\/\/urbeamea.ro\/albaiulia\/30-mai-2-iunie-zilele-muzicale-carl-filtsch-la-sebes\/","title":{"rendered":"30 mai &#8211; 2 iunie: Zilele muzicale \u201eCarl Filtsch\u201d la Sebe\u0219"},"content":{"rendered":"\n<p><strong>\u00cen perioada 30 mai-2 iunie 2019, Sebe\u0219ul va g\u0103zdui o nou\u0103 edi\u021bie a Zilelor Muzicale \u201eCarl Filtsch\u201d, eveniment dedicat memoriei pianistului genial n\u0103scut pe aceste meleaguri \u0219i operei sale, prea pu\u021bin cunoscut\u0103 \u0219i promovat\u0103 \u00een zilele noastre.<\/strong><\/p>\n\n\n\n<p>Zilele Muzicale \u201eCarl Filtsch\u201d vor debuta joi, 30 mai 2019, de la ora 11:00, printr-un moment comemorativ organizat la bustul muzicianului de pe Aleea Personalit\u0103\u021bilor din centrul Municipiului Sebe\u0219 \u0219i o caravan\u0103 cultural\u0103 \u00een unit\u0103\u021bile \u0219colare locale. <\/p>\n\n\n\n<p>Seria manifest\u0103rilor va continua vineri, 31 mai 2019, de la ora 18:00, cu un recital de org\u0103 sus\u021binut de Paul Cristian \u0219i duminic\u0103, 2 iunie 2019, de la ora 18:00, cu un recital de pian extraordinar sus\u021binut de Diana Dava Barb (\u00een cadrul c\u0103ruia compozi\u021biile semnate Carl Filtsch vor ocupa un loc central), ambele g\u0103zduite de Biserica Evanghelic\u0103 din Sebe\u0219.<\/p>\n\n\n\n<p>Carl Filtsch s-a n\u0103scut la 28 mai 1830, la Sebe\u0219, fiind considerat unul dintre cei mai mari piani\u0219ti ai secolului al XIX-lea \u0219i cel mai str\u0103lucit discipol al marilor compozitori Frederic Chopin \u0219i Franz Liszt. De\u0219i s-a stins la o v\u00e2rst\u0103 fraged\u0103 (15 ani), r\u0103pus de tuberculoz\u0103, Carl Filtsch a desf\u0103\u0219urat o activitate extrem de bogat\u0103, cu reprezenta\u021bii pe marile scene ale Europei (Budapesta, Viena, Wiesbaden, Baben-Baden, Paris, Londra), apreciate de revistele de specialitate ale epocii, dublate de propriile crea\u021bii muzicale (13 la num\u0103r).<\/p>\n\n\n\n<p>Evenimentul este organizat de Consiliul Jude\u021bean Alba, Prim\u0103ria \u0219i Consiliul Local al Municipiului Sebe\u0219, Centrul Cultural \u201eLucian Blaga\u201d Sebe\u0219, Centrul de Cultur\u0103 \u201eAugustin Bena\u201d Alba \u0219i Parohia Evanghelic\u0103 Sebe\u0219.<\/p>\n","protected":false},"excerpt":{"rendered":"<p>\u00cen perioada 30 mai-2 iunie 2019, Sebe\u0219ul va g\u0103zdui o nou\u0103 edi\u021bie a Zilelor Muzicale \u201eCarl Filtsch\u201d, eveniment dedicat memoriei pianistului genial n\u0103scut pe aceste meleaguri \u0219i operei sale, prea pu\u021bin cunoscut\u0103 \u0219i promovat\u0103 \u00een zilele noastre. Zilele Muzicale \u201eCarl Filtsch\u201d vor debuta joi, 30 mai 2019, de la ora 11:00, printr-un moment comemorativ organizat &hellip;<\/p>\n","protected":false},"author":17,"featured_media":76930,"comment_status":"open","ping_status":"open","sticky":false,"template":"","format":"standard","meta":{"inline_featured_image":false,"footnotes":""},"categories":[4],"tags":[307,1223,308,76,11130],"class_list":["post-76929","post","type-post","status-publish","format-standard","has-post-thumbnail","hentry","category-eveniment","tag-alba","tag-sebes","tag-stiri","tag-urbea-mea","tag-zilele-muzicale-carl-filtsch"],"yoast_head":"<!-- This site is optimized with the Yoast SEO plugin v27.4 - https:\/\/yoast.com\/product\/yoast-seo-wordpress\/ -->\n<title>30 mai - 2 iunie: Zilele muzicale \u201eCarl Filtsch\u201d la Sebe\u0219 - Revista Urbea Mea - Revista de Alba<\/title>\n<meta name=\"description\" content=\"\u00cen perioada 30 mai-2 iunie 2019, Sebe\u0219ul va g\u0103zdui o nou\u0103 edi\u021bie a Zilelor Muzicale \u201eCarl Filtsch\u201d, eveniment dedicat memoriei pianistului genial n\u0103scut\" \/>\n<meta name=\"robots\" content=\"index, follow, max-snippet:-1, max-image-preview:large, max-video-preview:-1\" \/>\n<link rel=\"canonical\" href=\"https:\/\/urbeamea.ro\/albaiulia\/30-mai-2-iunie-zilele-muzicale-carl-filtsch-la-sebes\/\" \/>\n<meta name=\"twitter:card\" content=\"summary_large_image\" \/>\n<meta name=\"twitter:title\" content=\"30 mai - 2 iunie: Zilele muzicale \u201eCarl Filtsch\u201d la Sebe\u0219 - Revista Urbea Mea - Revista de Alba\" \/>\n<meta name=\"twitter:description\" content=\"\u00cen perioada 30 mai-2 iunie 2019, Sebe\u0219ul va g\u0103zdui o nou\u0103 edi\u021bie a Zilelor Muzicale \u201eCarl Filtsch\u201d, eveniment dedicat memoriei pianistului genial n\u0103scut\" \/>\n<meta name=\"twitter:image\" content=\"https:\/\/urbeamea.ro\/albaiulia\/wp-content\/uploads\/2019\/05\/Flyer-2019.jpg\" \/>\n<meta name=\"twitter:creator\" content=\"@urbeameaweb\" \/>\n<meta name=\"twitter:site\" content=\"@urbeameaweb\" \/>\n<script type=\"application\/ld+json\" class=\"yoast-schema-graph\">{\"@context\":\"https:\\\/\\\/schema.org\",\"@graph\":[{\"@type\":\"Article\",\"@id\":\"https:\\\/\\\/urbeamea.ro\\\/albaiulia\\\/30-mai-2-iunie-zilele-muzicale-carl-filtsch-la-sebes\\\/#article\",\"isPartOf\":{\"@id\":\"https:\\\/\\\/urbeamea.ro\\\/albaiulia\\\/30-mai-2-iunie-zilele-muzicale-carl-filtsch-la-sebes\\\/\"},\"author\":{\"name\":\"Cristina Ganga\",\"@id\":\"https:\\\/\\\/urbeamea.ro\\\/albaiulia\\\/#\\\/schema\\\/person\\\/9700d21fae21c4f038b0b56f4506264a\"},\"headline\":\"30 mai &#8211; 2 iunie: Zilele muzicale \u201eCarl Filtsch\u201d la Sebe\u0219\",\"datePublished\":\"2019-05-29T08:14:19+00:00\",\"dateModified\":\"2019-05-29T08:14:22+00:00\",\"mainEntityOfPage\":{\"@id\":\"https:\\\/\\\/urbeamea.ro\\\/albaiulia\\\/30-mai-2-iunie-zilele-muzicale-carl-filtsch-la-sebes\\\/\"},\"wordCount\":266,\"commentCount\":0,\"image\":{\"@id\":\"https:\\\/\\\/urbeamea.ro\\\/albaiulia\\\/30-mai-2-iunie-zilele-muzicale-carl-filtsch-la-sebes\\\/#primaryimage\"},\"thumbnailUrl\":\"https:\\\/\\\/urbeamea.ro\\\/albaiulia\\\/wp-content\\\/uploads\\\/2019\\\/05\\\/Flyer-2019.jpg\",\"keywords\":[\"alba\",\"sebes\",\"stiri\",\"Urbea Mea\",\"zilele muzicale carl filtsch\"],\"articleSection\":[\"Evenimente\"],\"inLanguage\":\"ro-RO\",\"potentialAction\":[{\"@type\":\"CommentAction\",\"name\":\"Comment\",\"target\":[\"https:\\\/\\\/urbeamea.ro\\\/albaiulia\\\/30-mai-2-iunie-zilele-muzicale-carl-filtsch-la-sebes\\\/#respond\"]}]},{\"@type\":\"WebPage\",\"@id\":\"https:\\\/\\\/urbeamea.ro\\\/albaiulia\\\/30-mai-2-iunie-zilele-muzicale-carl-filtsch-la-sebes\\\/\",\"url\":\"https:\\\/\\\/urbeamea.ro\\\/albaiulia\\\/30-mai-2-iunie-zilele-muzicale-carl-filtsch-la-sebes\\\/\",\"name\":\"30 mai - 2 iunie: Zilele muzicale \u201eCarl Filtsch\u201d la Sebe\u0219 - Revista Urbea Mea - Revista de Alba\",\"isPartOf\":{\"@id\":\"https:\\\/\\\/urbeamea.ro\\\/albaiulia\\\/#website\"},\"primaryImageOfPage\":{\"@id\":\"https:\\\/\\\/urbeamea.ro\\\/albaiulia\\\/30-mai-2-iunie-zilele-muzicale-carl-filtsch-la-sebes\\\/#primaryimage\"},\"image\":{\"@id\":\"https:\\\/\\\/urbeamea.ro\\\/albaiulia\\\/30-mai-2-iunie-zilele-muzicale-carl-filtsch-la-sebes\\\/#primaryimage\"},\"thumbnailUrl\":\"https:\\\/\\\/urbeamea.ro\\\/albaiulia\\\/wp-content\\\/uploads\\\/2019\\\/05\\\/Flyer-2019.jpg\",\"datePublished\":\"2019-05-29T08:14:19+00:00\",\"dateModified\":\"2019-05-29T08:14:22+00:00\",\"author\":{\"@id\":\"https:\\\/\\\/urbeamea.ro\\\/albaiulia\\\/#\\\/schema\\\/person\\\/9700d21fae21c4f038b0b56f4506264a\"},\"description\":\"\u00cen perioada 30 mai-2 iunie 2019, Sebe\u0219ul va g\u0103zdui o nou\u0103 edi\u021bie a Zilelor Muzicale \u201eCarl Filtsch\u201d, eveniment dedicat memoriei pianistului genial n\u0103scut\",\"breadcrumb\":{\"@id\":\"https:\\\/\\\/urbeamea.ro\\\/albaiulia\\\/30-mai-2-iunie-zilele-muzicale-carl-filtsch-la-sebes\\\/#breadcrumb\"},\"inLanguage\":\"ro-RO\",\"potentialAction\":[{\"@type\":\"ReadAction\",\"target\":[\"https:\\\/\\\/urbeamea.ro\\\/albaiulia\\\/30-mai-2-iunie-zilele-muzicale-carl-filtsch-la-sebes\\\/\"]}]},{\"@type\":\"ImageObject\",\"inLanguage\":\"ro-RO\",\"@id\":\"https:\\\/\\\/urbeamea.ro\\\/albaiulia\\\/30-mai-2-iunie-zilele-muzicale-carl-filtsch-la-sebes\\\/#primaryimage\",\"url\":\"https:\\\/\\\/urbeamea.ro\\\/albaiulia\\\/wp-content\\\/uploads\\\/2019\\\/05\\\/Flyer-2019.jpg\",\"contentUrl\":\"https:\\\/\\\/urbeamea.ro\\\/albaiulia\\\/wp-content\\\/uploads\\\/2019\\\/05\\\/Flyer-2019.jpg\",\"width\":1057,\"height\":1500},{\"@type\":\"BreadcrumbList\",\"@id\":\"https:\\\/\\\/urbeamea.ro\\\/albaiulia\\\/30-mai-2-iunie-zilele-muzicale-carl-filtsch-la-sebes\\\/#breadcrumb\",\"itemListElement\":[{\"@type\":\"ListItem\",\"position\":1,\"name\":\"Prima pagin\u0103\",\"item\":\"https:\\\/\\\/urbeamea.ro\\\/albaiulia\\\/\"},{\"@type\":\"ListItem\",\"position\":2,\"name\":\"30 mai &#8211; 2 iunie: Zilele muzicale \u201eCarl Filtsch\u201d la Sebe\u0219\"}]},{\"@type\":\"WebSite\",\"@id\":\"https:\\\/\\\/urbeamea.ro\\\/albaiulia\\\/#website\",\"url\":\"https:\\\/\\\/urbeamea.ro\\\/albaiulia\\\/\",\"name\":\"Revista Urbea Mea, Stiri urbane\",\"description\":\"Evenimente \u0219i \u0219tiri din Alba Iulia, Sebe\u0219, Aiud, Blaj\",\"potentialAction\":[{\"@type\":\"SearchAction\",\"target\":{\"@type\":\"EntryPoint\",\"urlTemplate\":\"https:\\\/\\\/urbeamea.ro\\\/albaiulia\\\/?s={search_term_string}\"},\"query-input\":{\"@type\":\"PropertyValueSpecification\",\"valueRequired\":true,\"valueName\":\"search_term_string\"}}],\"inLanguage\":\"ro-RO\"},{\"@type\":\"Person\",\"@id\":\"https:\\\/\\\/urbeamea.ro\\\/albaiulia\\\/#\\\/schema\\\/person\\\/9700d21fae21c4f038b0b56f4506264a\",\"name\":\"Cristina Ganga\",\"image\":{\"@type\":\"ImageObject\",\"inLanguage\":\"ro-RO\",\"@id\":\"https:\\\/\\\/secure.gravatar.com\\\/avatar\\\/5a67661041f057b4a8ccaf26f5a8e86e2689372006d01faf3dd9eeb10b654bb4?s=96&d=mm&r=g\",\"url\":\"https:\\\/\\\/secure.gravatar.com\\\/avatar\\\/5a67661041f057b4a8ccaf26f5a8e86e2689372006d01faf3dd9eeb10b654bb4?s=96&d=mm&r=g\",\"contentUrl\":\"https:\\\/\\\/secure.gravatar.com\\\/avatar\\\/5a67661041f057b4a8ccaf26f5a8e86e2689372006d01faf3dd9eeb10b654bb4?s=96&d=mm&r=g\",\"caption\":\"Cristina Ganga\"},\"description\":\"Jurnalist\",\"sameAs\":[\"https:\\\/\\\/www.facebook.com\\\/cristina.nicola.587\"],\"url\":\"https:\\\/\\\/urbeamea.ro\\\/albaiulia\\\/author\\\/cristina-nicola\\\/\"}]}<\/script>\n<!-- \/ Yoast SEO plugin. -->","yoast_head_json":{"title":"30 mai - 2 iunie: Zilele muzicale \u201eCarl Filtsch\u201d la Sebe\u0219 - Revista Urbea Mea - Revista de Alba","description":"\u00cen perioada 30 mai-2 iunie 2019, Sebe\u0219ul va g\u0103zdui o nou\u0103 edi\u021bie a Zilelor Muzicale \u201eCarl Filtsch\u201d, eveniment dedicat memoriei pianistului genial n\u0103scut","robots":{"index":"index","follow":"follow","max-snippet":"max-snippet:-1","max-image-preview":"max-image-preview:large","max-video-preview":"max-video-preview:-1"},"canonical":"https:\/\/urbeamea.ro\/albaiulia\/30-mai-2-iunie-zilele-muzicale-carl-filtsch-la-sebes\/","twitter_card":"summary_large_image","twitter_title":"30 mai - 2 iunie: Zilele muzicale \u201eCarl Filtsch\u201d la Sebe\u0219 - Revista Urbea Mea - Revista de Alba","twitter_description":"\u00cen perioada 30 mai-2 iunie 2019, Sebe\u0219ul va g\u0103zdui o nou\u0103 edi\u021bie a Zilelor Muzicale \u201eCarl Filtsch\u201d, eveniment dedicat memoriei pianistului genial n\u0103scut","twitter_image":"https:\/\/urbeamea.ro\/albaiulia\/wp-content\/uploads\/2019\/05\/Flyer-2019.jpg","twitter_creator":"@urbeameaweb","twitter_site":"@urbeameaweb","schema":{"@context":"https:\/\/schema.org","@graph":[{"@type":"Article","@id":"https:\/\/urbeamea.ro\/albaiulia\/30-mai-2-iunie-zilele-muzicale-carl-filtsch-la-sebes\/#article","isPartOf":{"@id":"https:\/\/urbeamea.ro\/albaiulia\/30-mai-2-iunie-zilele-muzicale-carl-filtsch-la-sebes\/"},"author":{"name":"Cristina Ganga","@id":"https:\/\/urbeamea.ro\/albaiulia\/#\/schema\/person\/9700d21fae21c4f038b0b56f4506264a"},"headline":"30 mai &#8211; 2 iunie: Zilele muzicale \u201eCarl Filtsch\u201d la Sebe\u0219","datePublished":"2019-05-29T08:14:19+00:00","dateModified":"2019-05-29T08:14:22+00:00","mainEntityOfPage":{"@id":"https:\/\/urbeamea.ro\/albaiulia\/30-mai-2-iunie-zilele-muzicale-carl-filtsch-la-sebes\/"},"wordCount":266,"commentCount":0,"image":{"@id":"https:\/\/urbeamea.ro\/albaiulia\/30-mai-2-iunie-zilele-muzicale-carl-filtsch-la-sebes\/#primaryimage"},"thumbnailUrl":"https:\/\/urbeamea.ro\/albaiulia\/wp-content\/uploads\/2019\/05\/Flyer-2019.jpg","keywords":["alba","sebes","stiri","Urbea Mea","zilele muzicale carl filtsch"],"articleSection":["Evenimente"],"inLanguage":"ro-RO","potentialAction":[{"@type":"CommentAction","name":"Comment","target":["https:\/\/urbeamea.ro\/albaiulia\/30-mai-2-iunie-zilele-muzicale-carl-filtsch-la-sebes\/#respond"]}]},{"@type":"WebPage","@id":"https:\/\/urbeamea.ro\/albaiulia\/30-mai-2-iunie-zilele-muzicale-carl-filtsch-la-sebes\/","url":"https:\/\/urbeamea.ro\/albaiulia\/30-mai-2-iunie-zilele-muzicale-carl-filtsch-la-sebes\/","name":"30 mai - 2 iunie: Zilele muzicale \u201eCarl Filtsch\u201d la Sebe\u0219 - Revista Urbea Mea - Revista de Alba","isPartOf":{"@id":"https:\/\/urbeamea.ro\/albaiulia\/#website"},"primaryImageOfPage":{"@id":"https:\/\/urbeamea.ro\/albaiulia\/30-mai-2-iunie-zilele-muzicale-carl-filtsch-la-sebes\/#primaryimage"},"image":{"@id":"https:\/\/urbeamea.ro\/albaiulia\/30-mai-2-iunie-zilele-muzicale-carl-filtsch-la-sebes\/#primaryimage"},"thumbnailUrl":"https:\/\/urbeamea.ro\/albaiulia\/wp-content\/uploads\/2019\/05\/Flyer-2019.jpg","datePublished":"2019-05-29T08:14:19+00:00","dateModified":"2019-05-29T08:14:22+00:00","author":{"@id":"https:\/\/urbeamea.ro\/albaiulia\/#\/schema\/person\/9700d21fae21c4f038b0b56f4506264a"},"description":"\u00cen perioada 30 mai-2 iunie 2019, Sebe\u0219ul va g\u0103zdui o nou\u0103 edi\u021bie a Zilelor Muzicale \u201eCarl Filtsch\u201d, eveniment dedicat memoriei pianistului genial n\u0103scut","breadcrumb":{"@id":"https:\/\/urbeamea.ro\/albaiulia\/30-mai-2-iunie-zilele-muzicale-carl-filtsch-la-sebes\/#breadcrumb"},"inLanguage":"ro-RO","potentialAction":[{"@type":"ReadAction","target":["https:\/\/urbeamea.ro\/albaiulia\/30-mai-2-iunie-zilele-muzicale-carl-filtsch-la-sebes\/"]}]},{"@type":"ImageObject","inLanguage":"ro-RO","@id":"https:\/\/urbeamea.ro\/albaiulia\/30-mai-2-iunie-zilele-muzicale-carl-filtsch-la-sebes\/#primaryimage","url":"https:\/\/urbeamea.ro\/albaiulia\/wp-content\/uploads\/2019\/05\/Flyer-2019.jpg","contentUrl":"https:\/\/urbeamea.ro\/albaiulia\/wp-content\/uploads\/2019\/05\/Flyer-2019.jpg","width":1057,"height":1500},{"@type":"BreadcrumbList","@id":"https:\/\/urbeamea.ro\/albaiulia\/30-mai-2-iunie-zilele-muzicale-carl-filtsch-la-sebes\/#breadcrumb","itemListElement":[{"@type":"ListItem","position":1,"name":"Prima pagin\u0103","item":"https:\/\/urbeamea.ro\/albaiulia\/"},{"@type":"ListItem","position":2,"name":"30 mai &#8211; 2 iunie: Zilele muzicale \u201eCarl Filtsch\u201d la Sebe\u0219"}]},{"@type":"WebSite","@id":"https:\/\/urbeamea.ro\/albaiulia\/#website","url":"https:\/\/urbeamea.ro\/albaiulia\/","name":"Revista Urbea Mea, Stiri urbane","description":"Evenimente \u0219i \u0219tiri din Alba Iulia, Sebe\u0219, Aiud, Blaj","potentialAction":[{"@type":"SearchAction","target":{"@type":"EntryPoint","urlTemplate":"https:\/\/urbeamea.ro\/albaiulia\/?s={search_term_string}"},"query-input":{"@type":"PropertyValueSpecification","valueRequired":true,"valueName":"search_term_string"}}],"inLanguage":"ro-RO"},{"@type":"Person","@id":"https:\/\/urbeamea.ro\/albaiulia\/#\/schema\/person\/9700d21fae21c4f038b0b56f4506264a","name":"Cristina Ganga","image":{"@type":"ImageObject","inLanguage":"ro-RO","@id":"https:\/\/secure.gravatar.com\/avatar\/5a67661041f057b4a8ccaf26f5a8e86e2689372006d01faf3dd9eeb10b654bb4?s=96&d=mm&r=g","url":"https:\/\/secure.gravatar.com\/avatar\/5a67661041f057b4a8ccaf26f5a8e86e2689372006d01faf3dd9eeb10b654bb4?s=96&d=mm&r=g","contentUrl":"https:\/\/secure.gravatar.com\/avatar\/5a67661041f057b4a8ccaf26f5a8e86e2689372006d01faf3dd9eeb10b654bb4?s=96&d=mm&r=g","caption":"Cristina Ganga"},"description":"Jurnalist","sameAs":["https:\/\/www.facebook.com\/cristina.nicola.587"],"url":"https:\/\/urbeamea.ro\/albaiulia\/author\/cristina-nicola\/"}]}},"_links":{"self":[{"href":"https:\/\/urbeamea.ro\/albaiulia\/wp-json\/wp\/v2\/posts\/76929","targetHints":{"allow":["GET"]}}],"collection":[{"href":"https:\/\/urbeamea.ro\/albaiulia\/wp-json\/wp\/v2\/posts"}],"about":[{"href":"https:\/\/urbeamea.ro\/albaiulia\/wp-json\/wp\/v2\/types\/post"}],"author":[{"embeddable":true,"href":"https:\/\/urbeamea.ro\/albaiulia\/wp-json\/wp\/v2\/users\/17"}],"replies":[{"embeddable":true,"href":"https:\/\/urbeamea.ro\/albaiulia\/wp-json\/wp\/v2\/comments?post=76929"}],"version-history":[{"count":0,"href":"https:\/\/urbeamea.ro\/albaiulia\/wp-json\/wp\/v2\/posts\/76929\/revisions"}],"wp:featuredmedia":[{"embeddable":true,"href":"https:\/\/urbeamea.ro\/albaiulia\/wp-json\/wp\/v2\/media\/76930"}],"wp:attachment":[{"href":"https:\/\/urbeamea.ro\/albaiulia\/wp-json\/wp\/v2\/media?parent=76929"}],"wp:term":[{"taxonomy":"category","embeddable":true,"href":"https:\/\/urbeamea.ro\/albaiulia\/wp-json\/wp\/v2\/categories?post=76929"},{"taxonomy":"post_tag","embeddable":true,"href":"https:\/\/urbeamea.ro\/albaiulia\/wp-json\/wp\/v2\/tags?post=76929"}],"curies":[{"name":"wp","href":"https:\/\/api.w.org\/{rel}","templated":true}]}}