{"id":76935,"date":"2019-05-29T12:21:40","date_gmt":"2019-05-29T09:21:40","guid":{"rendered":"https:\/\/urbeamea.ro\/albaiulia\/?p=76935"},"modified":"2019-05-29T12:21:44","modified_gmt":"2019-05-29T09:21:44","slug":"ionut-fulea-si-avram-iancu-prezenti-in-targul-de-carte-alba-transilvana-la-evenimentele-pentru-copii-si-adolescenti","status":"publish","type":"post","link":"https:\/\/urbeamea.ro\/albaiulia\/ionut-fulea-si-avram-iancu-prezenti-in-targul-de-carte-alba-transilvana-la-evenimentele-pentru-copii-si-adolescenti\/","title":{"rendered":"Ionu\u021b Fulea \u0219i Avram Iancu prezen\u021bi \u00een T\u00e2rgul de Carte Alba Transilvana, la evenimentele pentru copii \u0219i adolescen\u021bi"},"content":{"rendered":"\n<p><strong>Cea de-a XII-a edi\u021bie a T\u00e2rgului de Carte Alba Transilvana va avea loc, \u00een perioada 6-8 iunie 2019, la Casa de Cultur\u0103 a Sindicatelor din Alba Iulia. Organizatorii evenimentului, Consiliul Jude\u021bean Alba \u0219i Biblioteca Jude\u021bean\u0103 \u201eLucian Blaga\u201d Alba au g\u00e2ndit un program dens menit s\u0103 satisfac\u0103 \u00een egal\u0103 m\u0103sur\u0103 necesit\u0103\u021bile de lectur\u0103 \u0219i petrecere a timpului liber at\u00e2t pentru adul\u021bi c\u00e2t \u0219i pentru copii.<\/strong><\/p>\n\n\n\n<p>\u00a0Programul dedicat copiilor este unul atractiv \u0219i variat, pres\u0103rat cu numeroase momente de anima\u021bie ce vor aduce \u00een r\u00e2ndul acestora buna dispozi\u021bie \u0219i pl\u0103cerea de a citi. Anima\u021bia pentru copii va \u00eenso\u021bi pe perioada \u00eentregului program, lans\u0103rile de c\u0103r\u021bi pentru copii, concursurile cu premii, atelierele creative, evenimentele editoriale, face-painting-ul, jocurile educative, teatrul pentru copii, dactilopictura, evenimentele multi-art, spectacolele muzicale \u0219i artistice \u0219i lecturile interactive. <\/p>\n\n\n\n<p>Copiii prezen\u021bi vor putea participa la concursuri de \u0219ah, de desen \u0219i de cuno\u0219tin\u021be generale sau se vor putea \u00eent\u00e2lni cu personajele preferate. Al\u0103turi de numeroasele evenimente de anima\u021bie dedicate copiilor \u0219i tinerilor, cei prezen\u021bi vor beneficia din partea editurilor din t\u00e2rg de promo\u021bii la c\u0103r\u021bi pentru cei mici, ateliere de limbi str\u0103ine \u0219i premii pentru copiii \u00eenscri\u0219i la concursuri.<\/p>\n\n\n\n<p>Teatrul de P\u0103pu\u0219i ,,Prichindel\u201d,\nCorul de copii de la \u0218coala Gimnazial\u0103 \u201eAvram Iancu\u201d din Alba Iulia, grupa de\n\u0219ahi\u0219ti condu\u0219i de Marius Cetera\u0219, elevii de la Liceul de Arte ,,Regina Maria\u201d,\nartista Ana Pantea, Daniel Avram \u0219i \u0218coala de folk, Grupul ,,Skepsis\u201d \u0219i Meda se\nnum\u0103r\u0103, de asemenea, printre surprizele \u0219i atrac\u021biile acestei edi\u021bii a t\u00e2rgului.\n<\/p>\n\n\n\n<p>Un moment special pentru copiii\n\u0219i adolescen\u021bii prezen\u021bi la T\u00e2rgul de Carte Alba Transilvana din 6-8 iunie\n2019, va avea loc vineri, 7 iunie 2019, \u00eencep\u00e2nd cu ora 10:00, c\u00e2nd la Sala de\nevenimente a Casei de Cultur\u0103 a Sindicatelor din Alba Iulia, cei prezen\u021bi vor\navea prilejul s\u0103-i \u00eent\u00e2lneasc\u0103 pe interpretul de folclor Ionu\u021b Fulea \u0219i pe\nsportivul de Cartea Recordurilor, Avram Iancu. Cei doi vor fi prezen\u021bi la\nevenimentul <em>S\u0103 ne cunoa\u0219tem valorile <\/em>derulat\n\u00een parteneriat cu Colegiul Tehnic ,,Apulum\u201d din Alba Iulia\n\u0219i le vor vorbi copiilor despre via\u021ba \u0219i activitatea lor \u0219i despre performan\u021bele\nprofesionale \u0219i sportive ale fiec\u0103ruia dintre ei.<\/p>\n\n\n\n<p>Activit\u0103\u021bile de anima\u021bie pentru\ncopii \u0219i adolescen\u021bi se deruleaz\u0103 zilnic \u00eentre orele 11:00 \u0219i 19:00 pe esplanada\nCasei de Cultur\u0103 a Sindicatelor din Alba Iulia\n\u0219i sunt concepute \u00een a\u0219a fel \u00eenc\u00e2t s\u0103 \u00eembine distrac\u021bia cu lectura \u0219i \u00eenv\u0103\u021barea,\noferind \u00een acela\u0219i timp informa\u021bii despre bibliotec\u0103 \u0219i colec\u021biile ei. Intrarea\nla toate evenimentele din cadrul T\u00e2rgului de Carte Alba Transilvana este liber\u0103\npentru toate evenimentele.<\/p>\n","protected":false},"excerpt":{"rendered":"<p>Cea de-a XII-a edi\u021bie a T\u00e2rgului de Carte Alba Transilvana va avea loc, \u00een perioada 6-8 iunie 2019, la Casa de Cultur\u0103 a Sindicatelor din Alba Iulia. Organizatorii evenimentului, Consiliul Jude\u021bean Alba \u0219i Biblioteca Jude\u021bean\u0103 \u201eLucian Blaga\u201d Alba au g\u00e2ndit un program dens menit s\u0103 satisfac\u0103 \u00een egal\u0103 m\u0103sur\u0103 necesit\u0103\u021bile de lectur\u0103 \u0219i petrecere a &hellip;<\/p>\n","protected":false},"author":17,"featured_media":76936,"comment_status":"open","ping_status":"open","sticky":false,"template":"","format":"standard","meta":{"inline_featured_image":false,"footnotes":""},"categories":[4],"tags":[2391,484,4294,5333,76],"class_list":["post-76935","post","type-post","status-publish","format-standard","has-post-thumbnail","hentry","category-eveniment","tag-avram-iancu","tag-biblioteca-judeteana-lucian-blaga","tag-ionut-fulea","tag-targul-de-carte-alba-transilvana","tag-urbea-mea"],"yoast_head":"<!-- This site is optimized with the Yoast SEO plugin v27.4 - https:\/\/yoast.com\/product\/yoast-seo-wordpress\/ -->\n<title>Ionu\u021b Fulea \u0219i Avram Iancu prezen\u021bi \u00een T\u00e2rgul de Carte Alba Transilvana, la evenimentele pentru copii \u0219i adolescen\u021bi - Revista Urbea Mea - Revista de Alba<\/title>\n<meta name=\"description\" content=\"Cea de-a XII-a edi\u021bie a T\u00e2rgului de Carte Alba Transilvana va avea loc, \u00een perioada 6-8 iunie 2019, la Casa de Cultur\u0103 a Sindicatelor din Alba Iulia.\" \/>\n<meta name=\"robots\" content=\"index, follow, max-snippet:-1, max-image-preview:large, max-video-preview:-1\" \/>\n<link rel=\"canonical\" href=\"https:\/\/urbeamea.ro\/albaiulia\/ionut-fulea-si-avram-iancu-prezenti-in-targul-de-carte-alba-transilvana-la-evenimentele-pentru-copii-si-adolescenti\/\" \/>\n<meta name=\"twitter:card\" content=\"summary_large_image\" \/>\n<meta name=\"twitter:title\" content=\"Ionu\u021b Fulea \u0219i Avram Iancu prezen\u021bi \u00een T\u00e2rgul de Carte Alba Transilvana, la evenimentele pentru copii \u0219i adolescen\u021bi - Revista Urbea Mea - Revista de Alba\" \/>\n<meta name=\"twitter:description\" content=\"Cea de-a XII-a edi\u021bie a T\u00e2rgului de Carte Alba Transilvana va avea loc, \u00een perioada 6-8 iunie 2019, la Casa de Cultur\u0103 a Sindicatelor din Alba Iulia.\" \/>\n<meta name=\"twitter:image\" content=\"https:\/\/urbeamea.ro\/albaiulia\/wp-content\/uploads\/2019\/05\/Afis-Targul-de-Carte-Alba-Transilvana-2019.jpg\" \/>\n<meta name=\"twitter:creator\" content=\"@urbeameaweb\" \/>\n<meta name=\"twitter:site\" content=\"@urbeameaweb\" \/>\n<script type=\"application\/ld+json\" class=\"yoast-schema-graph\">{\"@context\":\"https:\\\/\\\/schema.org\",\"@graph\":[{\"@type\":\"Article\",\"@id\":\"https:\\\/\\\/urbeamea.ro\\\/albaiulia\\\/ionut-fulea-si-avram-iancu-prezenti-in-targul-de-carte-alba-transilvana-la-evenimentele-pentru-copii-si-adolescenti\\\/#article\",\"isPartOf\":{\"@id\":\"https:\\\/\\\/urbeamea.ro\\\/albaiulia\\\/ionut-fulea-si-avram-iancu-prezenti-in-targul-de-carte-alba-transilvana-la-evenimentele-pentru-copii-si-adolescenti\\\/\"},\"author\":{\"name\":\"Cristina Ganga\",\"@id\":\"https:\\\/\\\/urbeamea.ro\\\/albaiulia\\\/#\\\/schema\\\/person\\\/9700d21fae21c4f038b0b56f4506264a\"},\"headline\":\"Ionu\u021b Fulea \u0219i Avram Iancu prezen\u021bi \u00een T\u00e2rgul de Carte Alba Transilvana, la evenimentele pentru copii \u0219i adolescen\u021bi\",\"datePublished\":\"2019-05-29T09:21:40+00:00\",\"dateModified\":\"2019-05-29T09:21:44+00:00\",\"mainEntityOfPage\":{\"@id\":\"https:\\\/\\\/urbeamea.ro\\\/albaiulia\\\/ionut-fulea-si-avram-iancu-prezenti-in-targul-de-carte-alba-transilvana-la-evenimentele-pentru-copii-si-adolescenti\\\/\"},\"wordCount\":493,\"commentCount\":0,\"image\":{\"@id\":\"https:\\\/\\\/urbeamea.ro\\\/albaiulia\\\/ionut-fulea-si-avram-iancu-prezenti-in-targul-de-carte-alba-transilvana-la-evenimentele-pentru-copii-si-adolescenti\\\/#primaryimage\"},\"thumbnailUrl\":\"https:\\\/\\\/urbeamea.ro\\\/albaiulia\\\/wp-content\\\/uploads\\\/2019\\\/05\\\/Afis-Targul-de-Carte-Alba-Transilvana-2019.jpg\",\"keywords\":[\"avram iancu\",\"biblioteca judeteana lucian blaga\",\"ionut fulea\",\"targul de carte alba transilvana\",\"Urbea Mea\"],\"articleSection\":[\"Evenimente\"],\"inLanguage\":\"ro-RO\",\"potentialAction\":[{\"@type\":\"CommentAction\",\"name\":\"Comment\",\"target\":[\"https:\\\/\\\/urbeamea.ro\\\/albaiulia\\\/ionut-fulea-si-avram-iancu-prezenti-in-targul-de-carte-alba-transilvana-la-evenimentele-pentru-copii-si-adolescenti\\\/#respond\"]}]},{\"@type\":\"WebPage\",\"@id\":\"https:\\\/\\\/urbeamea.ro\\\/albaiulia\\\/ionut-fulea-si-avram-iancu-prezenti-in-targul-de-carte-alba-transilvana-la-evenimentele-pentru-copii-si-adolescenti\\\/\",\"url\":\"https:\\\/\\\/urbeamea.ro\\\/albaiulia\\\/ionut-fulea-si-avram-iancu-prezenti-in-targul-de-carte-alba-transilvana-la-evenimentele-pentru-copii-si-adolescenti\\\/\",\"name\":\"Ionu\u021b Fulea \u0219i Avram Iancu prezen\u021bi \u00een T\u00e2rgul de Carte Alba Transilvana, la evenimentele pentru copii \u0219i adolescen\u021bi - Revista Urbea Mea - Revista de Alba\",\"isPartOf\":{\"@id\":\"https:\\\/\\\/urbeamea.ro\\\/albaiulia\\\/#website\"},\"primaryImageOfPage\":{\"@id\":\"https:\\\/\\\/urbeamea.ro\\\/albaiulia\\\/ionut-fulea-si-avram-iancu-prezenti-in-targul-de-carte-alba-transilvana-la-evenimentele-pentru-copii-si-adolescenti\\\/#primaryimage\"},\"image\":{\"@id\":\"https:\\\/\\\/urbeamea.ro\\\/albaiulia\\\/ionut-fulea-si-avram-iancu-prezenti-in-targul-de-carte-alba-transilvana-la-evenimentele-pentru-copii-si-adolescenti\\\/#primaryimage\"},\"thumbnailUrl\":\"https:\\\/\\\/urbeamea.ro\\\/albaiulia\\\/wp-content\\\/uploads\\\/2019\\\/05\\\/Afis-Targul-de-Carte-Alba-Transilvana-2019.jpg\",\"datePublished\":\"2019-05-29T09:21:40+00:00\",\"dateModified\":\"2019-05-29T09:21:44+00:00\",\"author\":{\"@id\":\"https:\\\/\\\/urbeamea.ro\\\/albaiulia\\\/#\\\/schema\\\/person\\\/9700d21fae21c4f038b0b56f4506264a\"},\"description\":\"Cea de-a XII-a edi\u021bie a T\u00e2rgului de Carte Alba Transilvana va avea loc, \u00een perioada 6-8 iunie 2019, la Casa de Cultur\u0103 a Sindicatelor din Alba Iulia.\",\"breadcrumb\":{\"@id\":\"https:\\\/\\\/urbeamea.ro\\\/albaiulia\\\/ionut-fulea-si-avram-iancu-prezenti-in-targul-de-carte-alba-transilvana-la-evenimentele-pentru-copii-si-adolescenti\\\/#breadcrumb\"},\"inLanguage\":\"ro-RO\",\"potentialAction\":[{\"@type\":\"ReadAction\",\"target\":[\"https:\\\/\\\/urbeamea.ro\\\/albaiulia\\\/ionut-fulea-si-avram-iancu-prezenti-in-targul-de-carte-alba-transilvana-la-evenimentele-pentru-copii-si-adolescenti\\\/\"]}]},{\"@type\":\"ImageObject\",\"inLanguage\":\"ro-RO\",\"@id\":\"https:\\\/\\\/urbeamea.ro\\\/albaiulia\\\/ionut-fulea-si-avram-iancu-prezenti-in-targul-de-carte-alba-transilvana-la-evenimentele-pentru-copii-si-adolescenti\\\/#primaryimage\",\"url\":\"https:\\\/\\\/urbeamea.ro\\\/albaiulia\\\/wp-content\\\/uploads\\\/2019\\\/05\\\/Afis-Targul-de-Carte-Alba-Transilvana-2019.jpg\",\"contentUrl\":\"https:\\\/\\\/urbeamea.ro\\\/albaiulia\\\/wp-content\\\/uploads\\\/2019\\\/05\\\/Afis-Targul-de-Carte-Alba-Transilvana-2019.jpg\",\"width\":1024,\"height\":1448},{\"@type\":\"BreadcrumbList\",\"@id\":\"https:\\\/\\\/urbeamea.ro\\\/albaiulia\\\/ionut-fulea-si-avram-iancu-prezenti-in-targul-de-carte-alba-transilvana-la-evenimentele-pentru-copii-si-adolescenti\\\/#breadcrumb\",\"itemListElement\":[{\"@type\":\"ListItem\",\"position\":1,\"name\":\"Prima pagin\u0103\",\"item\":\"https:\\\/\\\/urbeamea.ro\\\/albaiulia\\\/\"},{\"@type\":\"ListItem\",\"position\":2,\"name\":\"Ionu\u021b Fulea \u0219i Avram Iancu prezen\u021bi \u00een T\u00e2rgul de Carte Alba Transilvana, la evenimentele pentru copii \u0219i adolescen\u021bi\"}]},{\"@type\":\"WebSite\",\"@id\":\"https:\\\/\\\/urbeamea.ro\\\/albaiulia\\\/#website\",\"url\":\"https:\\\/\\\/urbeamea.ro\\\/albaiulia\\\/\",\"name\":\"Revista Urbea Mea, Stiri urbane\",\"description\":\"Evenimente \u0219i \u0219tiri din Alba Iulia, Sebe\u0219, Aiud, Blaj\",\"potentialAction\":[{\"@type\":\"SearchAction\",\"target\":{\"@type\":\"EntryPoint\",\"urlTemplate\":\"https:\\\/\\\/urbeamea.ro\\\/albaiulia\\\/?s={search_term_string}\"},\"query-input\":{\"@type\":\"PropertyValueSpecification\",\"valueRequired\":true,\"valueName\":\"search_term_string\"}}],\"inLanguage\":\"ro-RO\"},{\"@type\":\"Person\",\"@id\":\"https:\\\/\\\/urbeamea.ro\\\/albaiulia\\\/#\\\/schema\\\/person\\\/9700d21fae21c4f038b0b56f4506264a\",\"name\":\"Cristina Ganga\",\"image\":{\"@type\":\"ImageObject\",\"inLanguage\":\"ro-RO\",\"@id\":\"https:\\\/\\\/secure.gravatar.com\\\/avatar\\\/5a67661041f057b4a8ccaf26f5a8e86e2689372006d01faf3dd9eeb10b654bb4?s=96&d=mm&r=g\",\"url\":\"https:\\\/\\\/secure.gravatar.com\\\/avatar\\\/5a67661041f057b4a8ccaf26f5a8e86e2689372006d01faf3dd9eeb10b654bb4?s=96&d=mm&r=g\",\"contentUrl\":\"https:\\\/\\\/secure.gravatar.com\\\/avatar\\\/5a67661041f057b4a8ccaf26f5a8e86e2689372006d01faf3dd9eeb10b654bb4?s=96&d=mm&r=g\",\"caption\":\"Cristina Ganga\"},\"description\":\"Jurnalist\",\"sameAs\":[\"https:\\\/\\\/www.facebook.com\\\/cristina.nicola.587\"],\"url\":\"https:\\\/\\\/urbeamea.ro\\\/albaiulia\\\/author\\\/cristina-nicola\\\/\"}]}<\/script>\n<!-- \/ Yoast SEO plugin. -->","yoast_head_json":{"title":"Ionu\u021b Fulea \u0219i Avram Iancu prezen\u021bi \u00een T\u00e2rgul de Carte Alba Transilvana, la evenimentele pentru copii \u0219i adolescen\u021bi - Revista Urbea Mea - Revista de Alba","description":"Cea de-a XII-a edi\u021bie a T\u00e2rgului de Carte Alba Transilvana va avea loc, \u00een perioada 6-8 iunie 2019, la Casa de Cultur\u0103 a Sindicatelor din Alba Iulia.","robots":{"index":"index","follow":"follow","max-snippet":"max-snippet:-1","max-image-preview":"max-image-preview:large","max-video-preview":"max-video-preview:-1"},"canonical":"https:\/\/urbeamea.ro\/albaiulia\/ionut-fulea-si-avram-iancu-prezenti-in-targul-de-carte-alba-transilvana-la-evenimentele-pentru-copii-si-adolescenti\/","twitter_card":"summary_large_image","twitter_title":"Ionu\u021b Fulea \u0219i Avram Iancu prezen\u021bi \u00een T\u00e2rgul de Carte Alba Transilvana, la evenimentele pentru copii \u0219i adolescen\u021bi - Revista Urbea Mea - Revista de Alba","twitter_description":"Cea de-a XII-a edi\u021bie a T\u00e2rgului de Carte Alba Transilvana va avea loc, \u00een perioada 6-8 iunie 2019, la Casa de Cultur\u0103 a Sindicatelor din Alba Iulia.","twitter_image":"https:\/\/urbeamea.ro\/albaiulia\/wp-content\/uploads\/2019\/05\/Afis-Targul-de-Carte-Alba-Transilvana-2019.jpg","twitter_creator":"@urbeameaweb","twitter_site":"@urbeameaweb","schema":{"@context":"https:\/\/schema.org","@graph":[{"@type":"Article","@id":"https:\/\/urbeamea.ro\/albaiulia\/ionut-fulea-si-avram-iancu-prezenti-in-targul-de-carte-alba-transilvana-la-evenimentele-pentru-copii-si-adolescenti\/#article","isPartOf":{"@id":"https:\/\/urbeamea.ro\/albaiulia\/ionut-fulea-si-avram-iancu-prezenti-in-targul-de-carte-alba-transilvana-la-evenimentele-pentru-copii-si-adolescenti\/"},"author":{"name":"Cristina Ganga","@id":"https:\/\/urbeamea.ro\/albaiulia\/#\/schema\/person\/9700d21fae21c4f038b0b56f4506264a"},"headline":"Ionu\u021b Fulea \u0219i Avram Iancu prezen\u021bi \u00een T\u00e2rgul de Carte Alba Transilvana, la evenimentele pentru copii \u0219i adolescen\u021bi","datePublished":"2019-05-29T09:21:40+00:00","dateModified":"2019-05-29T09:21:44+00:00","mainEntityOfPage":{"@id":"https:\/\/urbeamea.ro\/albaiulia\/ionut-fulea-si-avram-iancu-prezenti-in-targul-de-carte-alba-transilvana-la-evenimentele-pentru-copii-si-adolescenti\/"},"wordCount":493,"commentCount":0,"image":{"@id":"https:\/\/urbeamea.ro\/albaiulia\/ionut-fulea-si-avram-iancu-prezenti-in-targul-de-carte-alba-transilvana-la-evenimentele-pentru-copii-si-adolescenti\/#primaryimage"},"thumbnailUrl":"https:\/\/urbeamea.ro\/albaiulia\/wp-content\/uploads\/2019\/05\/Afis-Targul-de-Carte-Alba-Transilvana-2019.jpg","keywords":["avram iancu","biblioteca judeteana lucian blaga","ionut fulea","targul de carte alba transilvana","Urbea Mea"],"articleSection":["Evenimente"],"inLanguage":"ro-RO","potentialAction":[{"@type":"CommentAction","name":"Comment","target":["https:\/\/urbeamea.ro\/albaiulia\/ionut-fulea-si-avram-iancu-prezenti-in-targul-de-carte-alba-transilvana-la-evenimentele-pentru-copii-si-adolescenti\/#respond"]}]},{"@type":"WebPage","@id":"https:\/\/urbeamea.ro\/albaiulia\/ionut-fulea-si-avram-iancu-prezenti-in-targul-de-carte-alba-transilvana-la-evenimentele-pentru-copii-si-adolescenti\/","url":"https:\/\/urbeamea.ro\/albaiulia\/ionut-fulea-si-avram-iancu-prezenti-in-targul-de-carte-alba-transilvana-la-evenimentele-pentru-copii-si-adolescenti\/","name":"Ionu\u021b Fulea \u0219i Avram Iancu prezen\u021bi \u00een T\u00e2rgul de Carte Alba Transilvana, la evenimentele pentru copii \u0219i adolescen\u021bi - Revista Urbea Mea - Revista de Alba","isPartOf":{"@id":"https:\/\/urbeamea.ro\/albaiulia\/#website"},"primaryImageOfPage":{"@id":"https:\/\/urbeamea.ro\/albaiulia\/ionut-fulea-si-avram-iancu-prezenti-in-targul-de-carte-alba-transilvana-la-evenimentele-pentru-copii-si-adolescenti\/#primaryimage"},"image":{"@id":"https:\/\/urbeamea.ro\/albaiulia\/ionut-fulea-si-avram-iancu-prezenti-in-targul-de-carte-alba-transilvana-la-evenimentele-pentru-copii-si-adolescenti\/#primaryimage"},"thumbnailUrl":"https:\/\/urbeamea.ro\/albaiulia\/wp-content\/uploads\/2019\/05\/Afis-Targul-de-Carte-Alba-Transilvana-2019.jpg","datePublished":"2019-05-29T09:21:40+00:00","dateModified":"2019-05-29T09:21:44+00:00","author":{"@id":"https:\/\/urbeamea.ro\/albaiulia\/#\/schema\/person\/9700d21fae21c4f038b0b56f4506264a"},"description":"Cea de-a XII-a edi\u021bie a T\u00e2rgului de Carte Alba Transilvana va avea loc, \u00een perioada 6-8 iunie 2019, la Casa de Cultur\u0103 a Sindicatelor din Alba Iulia.","breadcrumb":{"@id":"https:\/\/urbeamea.ro\/albaiulia\/ionut-fulea-si-avram-iancu-prezenti-in-targul-de-carte-alba-transilvana-la-evenimentele-pentru-copii-si-adolescenti\/#breadcrumb"},"inLanguage":"ro-RO","potentialAction":[{"@type":"ReadAction","target":["https:\/\/urbeamea.ro\/albaiulia\/ionut-fulea-si-avram-iancu-prezenti-in-targul-de-carte-alba-transilvana-la-evenimentele-pentru-copii-si-adolescenti\/"]}]},{"@type":"ImageObject","inLanguage":"ro-RO","@id":"https:\/\/urbeamea.ro\/albaiulia\/ionut-fulea-si-avram-iancu-prezenti-in-targul-de-carte-alba-transilvana-la-evenimentele-pentru-copii-si-adolescenti\/#primaryimage","url":"https:\/\/urbeamea.ro\/albaiulia\/wp-content\/uploads\/2019\/05\/Afis-Targul-de-Carte-Alba-Transilvana-2019.jpg","contentUrl":"https:\/\/urbeamea.ro\/albaiulia\/wp-content\/uploads\/2019\/05\/Afis-Targul-de-Carte-Alba-Transilvana-2019.jpg","width":1024,"height":1448},{"@type":"BreadcrumbList","@id":"https:\/\/urbeamea.ro\/albaiulia\/ionut-fulea-si-avram-iancu-prezenti-in-targul-de-carte-alba-transilvana-la-evenimentele-pentru-copii-si-adolescenti\/#breadcrumb","itemListElement":[{"@type":"ListItem","position":1,"name":"Prima pagin\u0103","item":"https:\/\/urbeamea.ro\/albaiulia\/"},{"@type":"ListItem","position":2,"name":"Ionu\u021b Fulea \u0219i Avram Iancu prezen\u021bi \u00een T\u00e2rgul de Carte Alba Transilvana, la evenimentele pentru copii \u0219i adolescen\u021bi"}]},{"@type":"WebSite","@id":"https:\/\/urbeamea.ro\/albaiulia\/#website","url":"https:\/\/urbeamea.ro\/albaiulia\/","name":"Revista Urbea Mea, Stiri urbane","description":"Evenimente \u0219i \u0219tiri din Alba Iulia, Sebe\u0219, Aiud, Blaj","potentialAction":[{"@type":"SearchAction","target":{"@type":"EntryPoint","urlTemplate":"https:\/\/urbeamea.ro\/albaiulia\/?s={search_term_string}"},"query-input":{"@type":"PropertyValueSpecification","valueRequired":true,"valueName":"search_term_string"}}],"inLanguage":"ro-RO"},{"@type":"Person","@id":"https:\/\/urbeamea.ro\/albaiulia\/#\/schema\/person\/9700d21fae21c4f038b0b56f4506264a","name":"Cristina Ganga","image":{"@type":"ImageObject","inLanguage":"ro-RO","@id":"https:\/\/secure.gravatar.com\/avatar\/5a67661041f057b4a8ccaf26f5a8e86e2689372006d01faf3dd9eeb10b654bb4?s=96&d=mm&r=g","url":"https:\/\/secure.gravatar.com\/avatar\/5a67661041f057b4a8ccaf26f5a8e86e2689372006d01faf3dd9eeb10b654bb4?s=96&d=mm&r=g","contentUrl":"https:\/\/secure.gravatar.com\/avatar\/5a67661041f057b4a8ccaf26f5a8e86e2689372006d01faf3dd9eeb10b654bb4?s=96&d=mm&r=g","caption":"Cristina Ganga"},"description":"Jurnalist","sameAs":["https:\/\/www.facebook.com\/cristina.nicola.587"],"url":"https:\/\/urbeamea.ro\/albaiulia\/author\/cristina-nicola\/"}]}},"_links":{"self":[{"href":"https:\/\/urbeamea.ro\/albaiulia\/wp-json\/wp\/v2\/posts\/76935","targetHints":{"allow":["GET"]}}],"collection":[{"href":"https:\/\/urbeamea.ro\/albaiulia\/wp-json\/wp\/v2\/posts"}],"about":[{"href":"https:\/\/urbeamea.ro\/albaiulia\/wp-json\/wp\/v2\/types\/post"}],"author":[{"embeddable":true,"href":"https:\/\/urbeamea.ro\/albaiulia\/wp-json\/wp\/v2\/users\/17"}],"replies":[{"embeddable":true,"href":"https:\/\/urbeamea.ro\/albaiulia\/wp-json\/wp\/v2\/comments?post=76935"}],"version-history":[{"count":0,"href":"https:\/\/urbeamea.ro\/albaiulia\/wp-json\/wp\/v2\/posts\/76935\/revisions"}],"wp:featuredmedia":[{"embeddable":true,"href":"https:\/\/urbeamea.ro\/albaiulia\/wp-json\/wp\/v2\/media\/76936"}],"wp:attachment":[{"href":"https:\/\/urbeamea.ro\/albaiulia\/wp-json\/wp\/v2\/media?parent=76935"}],"wp:term":[{"taxonomy":"category","embeddable":true,"href":"https:\/\/urbeamea.ro\/albaiulia\/wp-json\/wp\/v2\/categories?post=76935"},{"taxonomy":"post_tag","embeddable":true,"href":"https:\/\/urbeamea.ro\/albaiulia\/wp-json\/wp\/v2\/tags?post=76935"}],"curies":[{"name":"wp","href":"https:\/\/api.w.org\/{rel}","templated":true}]}}