{"id":76998,"date":"2019-05-31T08:47:24","date_gmt":"2019-05-31T05:47:24","guid":{"rendered":"https:\/\/urbeamea.ro\/albaiulia\/?p=76998"},"modified":"2019-05-31T08:47:26","modified_gmt":"2019-05-31T05:47:26","slug":"de-ziua-internationala-a-copilului-politistii-din-alba-vor-desfasura-activitati-dedicate-celor-mici","status":"publish","type":"post","link":"https:\/\/urbeamea.ro\/albaiulia\/de-ziua-internationala-a-copilului-politistii-din-alba-vor-desfasura-activitati-dedicate-celor-mici\/","title":{"rendered":"De Ziua Interna\u021bional\u0103 a Copilului, poli\u021bi\u0219tii din Alba vor desf\u0103\u0219ura activit\u0103\u021bi dedicate celor mici"},"content":{"rendered":"\n<p class=\"wp-block-paragraph\"><strong>De Ziua Interna\u021bional\u0103 a Copilului, Inspectoratul de Poli\u0163ie Jude\u0163ean Alba desf\u0103\u0219oar\u0103, \u00eempreun\u0103 cu partenerii tradi\u021bionali, activit\u0103\u0163i dedicate celor mici. Poli\u021bi\u0219tii vor fi prezen\u021bi pe \u201eStrada Bucuriei\u201d din Alba Iulia, dar \u0219i al\u0103turi de copiii din alte localit\u0103\u021bi \u0219i vor organiza concursuri \u0219i jocuri interactive \u00een cadrul c\u0103rora vor fi promovate mesaje preventive. <\/strong><\/p>\n\n\n\n<p class=\"wp-block-paragraph\">\u00cen perioada 1 \u2013\n11 iunie 2019, poli\u0163i\u015ftii Inspectoratului de Poli\u0163ie Jude\u0163ean Alba vor\ndesf\u0103\u015fura o serie de activit\u0103\u0163i dedicate copiilor. <\/p>\n\n\n\n<p class=\"wp-block-paragraph\">Acestea vor\ndebuta, s\u00e2mb\u0103t\u0103, 1 iunie, la ora 10.00, pe \u201eStrada Bucuriei\u201d (B-dul 1 Decembrie\n1918) din Alba Iulia, unde poli\u021bi\u0219tii se vor al\u0103tura organizatorilor\nactivit\u0103\u021bilor dedicate s\u0103rb\u0103toririi Zilei Interna\u021bionale a Copilului \u00een cadrul\nunor concursuri de desene \u0219i de biciclete la care cei mici vor avea ocazia s\u0103\ndemonstreze c\u0103 \u0219tiu s\u0103 circule corect. Str\u0103dania participan\u021bilor va fi\nrecompensat\u0103 cu dulciuri \u0219i diplome. <\/p>\n\n\n\n<p class=\"wp-block-paragraph\">La data de 3\niunie, copiii din Ocna Mure\u0219 se vor \u00eentrece \u00een concursul de desene pe asfalt, intitulat\n<strong><em>\u201eO\nlume de copii \u2013 o lume sigur\u0103!\u201d<\/em><\/strong>, iar \u00een data de 4 iunie la Gr\u0103dini\u0163a cu\nProgram Prelungit nr. 16 din Alba Iulia, pre\u015fcolari ai grupelor mari din mai\nmulte gr\u0103dini\u0163e din municipiu vor participa la concursul <strong><em>\u201eMicii Pietoni\u201d <\/em><\/strong>\u00een cadrul\nc\u0103rora \u00ee\u0219i vor demonstracuno\u015ftin\u0163ele de circula\u0163ie\npietonal\u0103 \u015fi vor prezenta scurte momente artistice. &nbsp;<\/p>\n\n\n\n<p class=\"wp-block-paragraph\">Miercuri, 5\niunie, \u00een municipiul Alba Iulia va avea loc concursul <strong><em>\u201ePatrule \u015ecolare \u00een ac\u0163iune\u201d <\/em><\/strong>la\ncare sunt a\u015fteptate s\u0103 participe patrulele \u015fcolare de la unit\u0103\u0163ile de \u00eenv\u0103\u0163\u0103m\u00e2nt\ndin jude\u0163ul Alba, iar joi, 6 iunie, la \u0218coala Gimnazial\u0103 <strong><em>\u201e<\/em><\/strong>Avram Iancu<strong><em>\u201d<\/em><\/strong>\ndin Alba Iulia va avea loc etapa jude\u0163ean\u0103 a concursul <strong><em>\u201eEduca\u0163ie Rutier\u0103 \u2013 Educa\u0163ie\npentru Via\u0163\u0103\u201d<\/em><\/strong>.<\/p>\n\n\n\n<p class=\"wp-block-paragraph\">&nbsp;\u00cen data de 11 iunie, la Gr\u0103dini\u0163a cu program\nprelungit \u201ePrimii Pa\u015fi\u201d din municipiul Aiud, copiii din grupele mari ale\ngr\u0103dini\u0163elor din Aiud, \u00ee\u015fi vor expune lucr\u0103rile \u00een cadrul expozi\u0163iei de desene\n\u015fi colaje <strong><em>\u201eAten\u0163ie! Circul \u015fi eu!\u201d<\/em><\/strong>.<\/p>\n\n\n\n<p class=\"wp-block-paragraph\">Activit\u0103\u021bile ce\nvor avea loc \u00een perioada 3 \u2013 11 iunie, dedicate Zilei Interna\u021bionale a\nCopilului, sunt organizate de Inspectoratul de Poli\u021bie Jude\u021bean Alba \u00eempreun\u0103\ncu Consiliul Jude\u0163ean Alba \u015fi Inspectoratul \u0218colar Jude\u021bean Alba. <\/p>\n","protected":false},"excerpt":{"rendered":"<p>De Ziua Interna\u021bional\u0103 a Copilului, Inspectoratul de Poli\u0163ie Jude\u0163ean Alba desf\u0103\u0219oar\u0103, \u00eempreun\u0103 cu partenerii tradi\u021bionali, activit\u0103\u0163i dedicate celor mici. Poli\u021bi\u0219tii vor fi prezen\u021bi pe \u201eStrada Bucuriei\u201d din Alba Iulia, dar \u0219i al\u0103turi de copiii din alte localit\u0103\u021bi \u0219i vor organiza concursuri \u0219i jocuri interactive \u00een cadrul c\u0103rora vor fi promovate mesaje preventive. \u00cen perioada 1 &hellip;<\/p>\n","protected":false},"author":17,"featured_media":63772,"comment_status":"open","ping_status":"open","sticky":false,"template":"","format":"standard","meta":{"inline_featured_image":false,"footnotes":""},"categories":[2039],"tags":[847,307,458,308,17943,76,5599],"class_list":["post-76998","post","type-post","status-publish","format-standard","has-post-thumbnail","hentry","category-educatie","tag-activitati","tag-alba","tag-politisti","tag-stiri","tag-strada-bucuriei","tag-urbea-mea","tag-ziua-internationala-a-copilului"],"yoast_head":"<!-- This site is optimized with the Yoast SEO plugin v28.3 - https:\/\/yoast.com\/product\/yoast-seo-wordpress\/ -->\n<title>De Ziua Interna\u021bional\u0103 a Copilului, poli\u021bi\u0219tii din Alba vor desf\u0103\u0219ura activit\u0103\u021bi dedicate celor mici - Revista Urbea Mea - Revista de Alba<\/title>\n<meta name=\"description\" content=\"De Ziua Interna\u021bional\u0103 a Copilului, Inspectoratul de Poli\u0163ie Jude\u0163ean Alba desf\u0103\u0219oar\u0103, \u00eempreun\u0103 cu partenerii tradi\u021bionali, activit\u0103\u0163i dedicate celor\" \/>\n<meta name=\"robots\" content=\"index, follow, max-snippet:-1, max-image-preview:large, max-video-preview:-1\" \/>\n<link rel=\"canonical\" href=\"https:\/\/urbeamea.ro\/albaiulia\/de-ziua-internationala-a-copilului-politistii-din-alba-vor-desfasura-activitati-dedicate-celor-mici\/\" \/>\n<meta name=\"twitter:card\" content=\"summary_large_image\" \/>\n<meta name=\"twitter:title\" content=\"De Ziua Interna\u021bional\u0103 a Copilului, poli\u021bi\u0219tii din Alba vor desf\u0103\u0219ura activit\u0103\u021bi dedicate celor mici - Revista Urbea Mea - Revista de Alba\" \/>\n<meta name=\"twitter:description\" content=\"De Ziua Interna\u021bional\u0103 a Copilului, Inspectoratul de Poli\u0163ie Jude\u0163ean Alba desf\u0103\u0219oar\u0103, \u00eempreun\u0103 cu partenerii tradi\u021bionali, activit\u0103\u0163i dedicate celor\" \/>\n<meta name=\"twitter:image\" content=\"https:\/\/urbeamea.ro\/albaiulia\/wp-content\/uploads\/2018\/05\/WhatsApp-Image-2018-05-31-at-15.12.42.jpeg\" \/>\n<meta name=\"twitter:creator\" content=\"@urbeameaweb\" \/>\n<meta name=\"twitter:site\" content=\"@urbeameaweb\" \/>\n<script type=\"application\/ld+json\" class=\"yoast-schema-graph\">{\"@context\":\"https:\\\/\\\/schema.org\",\"@graph\":[{\"@type\":\"Article\",\"@id\":\"https:\\\/\\\/urbeamea.ro\\\/albaiulia\\\/de-ziua-internationala-a-copilului-politistii-din-alba-vor-desfasura-activitati-dedicate-celor-mici\\\/#article\",\"isPartOf\":{\"@id\":\"https:\\\/\\\/urbeamea.ro\\\/albaiulia\\\/de-ziua-internationala-a-copilului-politistii-din-alba-vor-desfasura-activitati-dedicate-celor-mici\\\/\"},\"author\":{\"name\":\"Cristina Ganga\",\"@id\":\"https:\\\/\\\/urbeamea.ro\\\/albaiulia\\\/#\\\/schema\\\/person\\\/9700d21fae21c4f038b0b56f4506264a\"},\"headline\":\"De Ziua Interna\u021bional\u0103 a Copilului, poli\u021bi\u0219tii din Alba vor desf\u0103\u0219ura activit\u0103\u021bi dedicate celor mici\",\"datePublished\":\"2019-05-31T05:47:24+00:00\",\"dateModified\":\"2019-05-31T05:47:26+00:00\",\"mainEntityOfPage\":{\"@id\":\"https:\\\/\\\/urbeamea.ro\\\/albaiulia\\\/de-ziua-internationala-a-copilului-politistii-din-alba-vor-desfasura-activitati-dedicate-celor-mici\\\/\"},\"wordCount\":402,\"commentCount\":0,\"image\":{\"@id\":\"https:\\\/\\\/urbeamea.ro\\\/albaiulia\\\/de-ziua-internationala-a-copilului-politistii-din-alba-vor-desfasura-activitati-dedicate-celor-mici\\\/#primaryimage\"},\"thumbnailUrl\":\"https:\\\/\\\/urbeamea.ro\\\/albaiulia\\\/wp-content\\\/uploads\\\/2018\\\/05\\\/WhatsApp-Image-2018-05-31-at-15.12.42.jpeg\",\"keywords\":[\"activitati\",\"alba\",\"politisti\",\"stiri\",\"strada bucuriei\",\"Urbea Mea\",\"ziua internationala a copilului\"],\"articleSection\":[\"Educa\u021bie\"],\"inLanguage\":\"ro-RO\",\"potentialAction\":[{\"@type\":\"CommentAction\",\"name\":\"Comment\",\"target\":[\"https:\\\/\\\/urbeamea.ro\\\/albaiulia\\\/de-ziua-internationala-a-copilului-politistii-din-alba-vor-desfasura-activitati-dedicate-celor-mici\\\/#respond\"]}]},{\"@type\":\"WebPage\",\"@id\":\"https:\\\/\\\/urbeamea.ro\\\/albaiulia\\\/de-ziua-internationala-a-copilului-politistii-din-alba-vor-desfasura-activitati-dedicate-celor-mici\\\/\",\"url\":\"https:\\\/\\\/urbeamea.ro\\\/albaiulia\\\/de-ziua-internationala-a-copilului-politistii-din-alba-vor-desfasura-activitati-dedicate-celor-mici\\\/\",\"name\":\"De Ziua Interna\u021bional\u0103 a Copilului, poli\u021bi\u0219tii din Alba vor desf\u0103\u0219ura activit\u0103\u021bi dedicate celor mici - Revista Urbea Mea - Revista de Alba\",\"isPartOf\":{\"@id\":\"https:\\\/\\\/urbeamea.ro\\\/albaiulia\\\/#website\"},\"primaryImageOfPage\":{\"@id\":\"https:\\\/\\\/urbeamea.ro\\\/albaiulia\\\/de-ziua-internationala-a-copilului-politistii-din-alba-vor-desfasura-activitati-dedicate-celor-mici\\\/#primaryimage\"},\"image\":{\"@id\":\"https:\\\/\\\/urbeamea.ro\\\/albaiulia\\\/de-ziua-internationala-a-copilului-politistii-din-alba-vor-desfasura-activitati-dedicate-celor-mici\\\/#primaryimage\"},\"thumbnailUrl\":\"https:\\\/\\\/urbeamea.ro\\\/albaiulia\\\/wp-content\\\/uploads\\\/2018\\\/05\\\/WhatsApp-Image-2018-05-31-at-15.12.42.jpeg\",\"datePublished\":\"2019-05-31T05:47:24+00:00\",\"dateModified\":\"2019-05-31T05:47:26+00:00\",\"author\":{\"@id\":\"https:\\\/\\\/urbeamea.ro\\\/albaiulia\\\/#\\\/schema\\\/person\\\/9700d21fae21c4f038b0b56f4506264a\"},\"description\":\"De Ziua Interna\u021bional\u0103 a Copilului, Inspectoratul de Poli\u0163ie Jude\u0163ean Alba desf\u0103\u0219oar\u0103, \u00eempreun\u0103 cu partenerii tradi\u021bionali, activit\u0103\u0163i dedicate celor\",\"breadcrumb\":{\"@id\":\"https:\\\/\\\/urbeamea.ro\\\/albaiulia\\\/de-ziua-internationala-a-copilului-politistii-din-alba-vor-desfasura-activitati-dedicate-celor-mici\\\/#breadcrumb\"},\"inLanguage\":\"ro-RO\",\"potentialAction\":[{\"@type\":\"ReadAction\",\"target\":[\"https:\\\/\\\/urbeamea.ro\\\/albaiulia\\\/de-ziua-internationala-a-copilului-politistii-din-alba-vor-desfasura-activitati-dedicate-celor-mici\\\/\"]}]},{\"@type\":\"ImageObject\",\"inLanguage\":\"ro-RO\",\"@id\":\"https:\\\/\\\/urbeamea.ro\\\/albaiulia\\\/de-ziua-internationala-a-copilului-politistii-din-alba-vor-desfasura-activitati-dedicate-celor-mici\\\/#primaryimage\",\"url\":\"https:\\\/\\\/urbeamea.ro\\\/albaiulia\\\/wp-content\\\/uploads\\\/2018\\\/05\\\/WhatsApp-Image-2018-05-31-at-15.12.42.jpeg\",\"contentUrl\":\"https:\\\/\\\/urbeamea.ro\\\/albaiulia\\\/wp-content\\\/uploads\\\/2018\\\/05\\\/WhatsApp-Image-2018-05-31-at-15.12.42.jpeg\",\"width\":1600,\"height\":1200},{\"@type\":\"BreadcrumbList\",\"@id\":\"https:\\\/\\\/urbeamea.ro\\\/albaiulia\\\/de-ziua-internationala-a-copilului-politistii-din-alba-vor-desfasura-activitati-dedicate-celor-mici\\\/#breadcrumb\",\"itemListElement\":[{\"@type\":\"ListItem\",\"position\":1,\"name\":\"Prima pagin\u0103\",\"item\":\"https:\\\/\\\/urbeamea.ro\\\/albaiulia\\\/\"},{\"@type\":\"ListItem\",\"position\":2,\"name\":\"De Ziua Interna\u021bional\u0103 a Copilului, poli\u021bi\u0219tii din Alba vor desf\u0103\u0219ura activit\u0103\u021bi dedicate celor mici\"}]},{\"@type\":\"WebSite\",\"@id\":\"https:\\\/\\\/urbeamea.ro\\\/albaiulia\\\/#website\",\"url\":\"https:\\\/\\\/urbeamea.ro\\\/albaiulia\\\/\",\"name\":\"Revista Urbea Mea, Stiri urbane\",\"description\":\"Evenimente \u0219i \u0219tiri din Alba Iulia, Sebe\u0219, Aiud, Blaj\",\"potentialAction\":[{\"@type\":\"SearchAction\",\"target\":{\"@type\":\"EntryPoint\",\"urlTemplate\":\"https:\\\/\\\/urbeamea.ro\\\/albaiulia\\\/?s={search_term_string}\"},\"query-input\":{\"@type\":\"PropertyValueSpecification\",\"valueRequired\":true,\"valueName\":\"search_term_string\"}}],\"inLanguage\":\"ro-RO\"},{\"@type\":\"Person\",\"@id\":\"https:\\\/\\\/urbeamea.ro\\\/albaiulia\\\/#\\\/schema\\\/person\\\/9700d21fae21c4f038b0b56f4506264a\",\"name\":\"Cristina Ganga\",\"image\":{\"@type\":\"ImageObject\",\"inLanguage\":\"ro-RO\",\"@id\":\"https:\\\/\\\/secure.gravatar.com\\\/avatar\\\/5a67661041f057b4a8ccaf26f5a8e86e2689372006d01faf3dd9eeb10b654bb4?s=96&d=mm&r=g\",\"url\":\"https:\\\/\\\/secure.gravatar.com\\\/avatar\\\/5a67661041f057b4a8ccaf26f5a8e86e2689372006d01faf3dd9eeb10b654bb4?s=96&d=mm&r=g\",\"contentUrl\":\"https:\\\/\\\/secure.gravatar.com\\\/avatar\\\/5a67661041f057b4a8ccaf26f5a8e86e2689372006d01faf3dd9eeb10b654bb4?s=96&d=mm&r=g\",\"caption\":\"Cristina Ganga\"},\"description\":\"Jurnalist\",\"sameAs\":[\"https:\\\/\\\/www.facebook.com\\\/cristina.nicola.587\"],\"url\":\"https:\\\/\\\/urbeamea.ro\\\/albaiulia\\\/author\\\/cristina-nicola\\\/\"}]}<\/script>\n<!-- \/ Yoast SEO plugin. -->","yoast_head_json":{"title":"De Ziua Interna\u021bional\u0103 a Copilului, poli\u021bi\u0219tii din Alba vor desf\u0103\u0219ura activit\u0103\u021bi dedicate celor mici - Revista Urbea Mea - Revista de Alba","description":"De Ziua Interna\u021bional\u0103 a Copilului, Inspectoratul de Poli\u0163ie Jude\u0163ean Alba desf\u0103\u0219oar\u0103, \u00eempreun\u0103 cu partenerii tradi\u021bionali, activit\u0103\u0163i dedicate celor","robots":{"index":"index","follow":"follow","max-snippet":"max-snippet:-1","max-image-preview":"max-image-preview:large","max-video-preview":"max-video-preview:-1"},"canonical":"https:\/\/urbeamea.ro\/albaiulia\/de-ziua-internationala-a-copilului-politistii-din-alba-vor-desfasura-activitati-dedicate-celor-mici\/","twitter_card":"summary_large_image","twitter_title":"De Ziua Interna\u021bional\u0103 a Copilului, poli\u021bi\u0219tii din Alba vor desf\u0103\u0219ura activit\u0103\u021bi dedicate celor mici - Revista Urbea Mea - Revista de Alba","twitter_description":"De Ziua Interna\u021bional\u0103 a Copilului, Inspectoratul de Poli\u0163ie Jude\u0163ean Alba desf\u0103\u0219oar\u0103, \u00eempreun\u0103 cu partenerii tradi\u021bionali, activit\u0103\u0163i dedicate celor","twitter_image":"https:\/\/urbeamea.ro\/albaiulia\/wp-content\/uploads\/2018\/05\/WhatsApp-Image-2018-05-31-at-15.12.42.jpeg","twitter_creator":"@urbeameaweb","twitter_site":"@urbeameaweb","schema":{"@context":"https:\/\/schema.org","@graph":[{"@type":"Article","@id":"https:\/\/urbeamea.ro\/albaiulia\/de-ziua-internationala-a-copilului-politistii-din-alba-vor-desfasura-activitati-dedicate-celor-mici\/#article","isPartOf":{"@id":"https:\/\/urbeamea.ro\/albaiulia\/de-ziua-internationala-a-copilului-politistii-din-alba-vor-desfasura-activitati-dedicate-celor-mici\/"},"author":{"name":"Cristina Ganga","@id":"https:\/\/urbeamea.ro\/albaiulia\/#\/schema\/person\/9700d21fae21c4f038b0b56f4506264a"},"headline":"De Ziua Interna\u021bional\u0103 a Copilului, poli\u021bi\u0219tii din Alba vor desf\u0103\u0219ura activit\u0103\u021bi dedicate celor mici","datePublished":"2019-05-31T05:47:24+00:00","dateModified":"2019-05-31T05:47:26+00:00","mainEntityOfPage":{"@id":"https:\/\/urbeamea.ro\/albaiulia\/de-ziua-internationala-a-copilului-politistii-din-alba-vor-desfasura-activitati-dedicate-celor-mici\/"},"wordCount":402,"commentCount":0,"image":{"@id":"https:\/\/urbeamea.ro\/albaiulia\/de-ziua-internationala-a-copilului-politistii-din-alba-vor-desfasura-activitati-dedicate-celor-mici\/#primaryimage"},"thumbnailUrl":"https:\/\/urbeamea.ro\/albaiulia\/wp-content\/uploads\/2018\/05\/WhatsApp-Image-2018-05-31-at-15.12.42.jpeg","keywords":["activitati","alba","politisti","stiri","strada bucuriei","Urbea Mea","ziua internationala a copilului"],"articleSection":["Educa\u021bie"],"inLanguage":"ro-RO","potentialAction":[{"@type":"CommentAction","name":"Comment","target":["https:\/\/urbeamea.ro\/albaiulia\/de-ziua-internationala-a-copilului-politistii-din-alba-vor-desfasura-activitati-dedicate-celor-mici\/#respond"]}]},{"@type":"WebPage","@id":"https:\/\/urbeamea.ro\/albaiulia\/de-ziua-internationala-a-copilului-politistii-din-alba-vor-desfasura-activitati-dedicate-celor-mici\/","url":"https:\/\/urbeamea.ro\/albaiulia\/de-ziua-internationala-a-copilului-politistii-din-alba-vor-desfasura-activitati-dedicate-celor-mici\/","name":"De Ziua Interna\u021bional\u0103 a Copilului, poli\u021bi\u0219tii din Alba vor desf\u0103\u0219ura activit\u0103\u021bi dedicate celor mici - Revista Urbea Mea - Revista de Alba","isPartOf":{"@id":"https:\/\/urbeamea.ro\/albaiulia\/#website"},"primaryImageOfPage":{"@id":"https:\/\/urbeamea.ro\/albaiulia\/de-ziua-internationala-a-copilului-politistii-din-alba-vor-desfasura-activitati-dedicate-celor-mici\/#primaryimage"},"image":{"@id":"https:\/\/urbeamea.ro\/albaiulia\/de-ziua-internationala-a-copilului-politistii-din-alba-vor-desfasura-activitati-dedicate-celor-mici\/#primaryimage"},"thumbnailUrl":"https:\/\/urbeamea.ro\/albaiulia\/wp-content\/uploads\/2018\/05\/WhatsApp-Image-2018-05-31-at-15.12.42.jpeg","datePublished":"2019-05-31T05:47:24+00:00","dateModified":"2019-05-31T05:47:26+00:00","author":{"@id":"https:\/\/urbeamea.ro\/albaiulia\/#\/schema\/person\/9700d21fae21c4f038b0b56f4506264a"},"description":"De Ziua Interna\u021bional\u0103 a Copilului, Inspectoratul de Poli\u0163ie Jude\u0163ean Alba desf\u0103\u0219oar\u0103, \u00eempreun\u0103 cu partenerii tradi\u021bionali, activit\u0103\u0163i dedicate celor","breadcrumb":{"@id":"https:\/\/urbeamea.ro\/albaiulia\/de-ziua-internationala-a-copilului-politistii-din-alba-vor-desfasura-activitati-dedicate-celor-mici\/#breadcrumb"},"inLanguage":"ro-RO","potentialAction":[{"@type":"ReadAction","target":["https:\/\/urbeamea.ro\/albaiulia\/de-ziua-internationala-a-copilului-politistii-din-alba-vor-desfasura-activitati-dedicate-celor-mici\/"]}]},{"@type":"ImageObject","inLanguage":"ro-RO","@id":"https:\/\/urbeamea.ro\/albaiulia\/de-ziua-internationala-a-copilului-politistii-din-alba-vor-desfasura-activitati-dedicate-celor-mici\/#primaryimage","url":"https:\/\/urbeamea.ro\/albaiulia\/wp-content\/uploads\/2018\/05\/WhatsApp-Image-2018-05-31-at-15.12.42.jpeg","contentUrl":"https:\/\/urbeamea.ro\/albaiulia\/wp-content\/uploads\/2018\/05\/WhatsApp-Image-2018-05-31-at-15.12.42.jpeg","width":1600,"height":1200},{"@type":"BreadcrumbList","@id":"https:\/\/urbeamea.ro\/albaiulia\/de-ziua-internationala-a-copilului-politistii-din-alba-vor-desfasura-activitati-dedicate-celor-mici\/#breadcrumb","itemListElement":[{"@type":"ListItem","position":1,"name":"Prima pagin\u0103","item":"https:\/\/urbeamea.ro\/albaiulia\/"},{"@type":"ListItem","position":2,"name":"De Ziua Interna\u021bional\u0103 a Copilului, poli\u021bi\u0219tii din Alba vor desf\u0103\u0219ura activit\u0103\u021bi dedicate celor mici"}]},{"@type":"WebSite","@id":"https:\/\/urbeamea.ro\/albaiulia\/#website","url":"https:\/\/urbeamea.ro\/albaiulia\/","name":"Revista Urbea Mea, Stiri urbane","description":"Evenimente \u0219i \u0219tiri din Alba Iulia, Sebe\u0219, Aiud, Blaj","potentialAction":[{"@type":"SearchAction","target":{"@type":"EntryPoint","urlTemplate":"https:\/\/urbeamea.ro\/albaiulia\/?s={search_term_string}"},"query-input":{"@type":"PropertyValueSpecification","valueRequired":true,"valueName":"search_term_string"}}],"inLanguage":"ro-RO"},{"@type":"Person","@id":"https:\/\/urbeamea.ro\/albaiulia\/#\/schema\/person\/9700d21fae21c4f038b0b56f4506264a","name":"Cristina Ganga","image":{"@type":"ImageObject","inLanguage":"ro-RO","@id":"https:\/\/secure.gravatar.com\/avatar\/5a67661041f057b4a8ccaf26f5a8e86e2689372006d01faf3dd9eeb10b654bb4?s=96&d=mm&r=g","url":"https:\/\/secure.gravatar.com\/avatar\/5a67661041f057b4a8ccaf26f5a8e86e2689372006d01faf3dd9eeb10b654bb4?s=96&d=mm&r=g","contentUrl":"https:\/\/secure.gravatar.com\/avatar\/5a67661041f057b4a8ccaf26f5a8e86e2689372006d01faf3dd9eeb10b654bb4?s=96&d=mm&r=g","caption":"Cristina Ganga"},"description":"Jurnalist","sameAs":["https:\/\/www.facebook.com\/cristina.nicola.587"],"url":"https:\/\/urbeamea.ro\/albaiulia\/author\/cristina-nicola\/"}]}},"_links":{"self":[{"href":"https:\/\/urbeamea.ro\/albaiulia\/wp-json\/wp\/v2\/posts\/76998","targetHints":{"allow":["GET"]}}],"collection":[{"href":"https:\/\/urbeamea.ro\/albaiulia\/wp-json\/wp\/v2\/posts"}],"about":[{"href":"https:\/\/urbeamea.ro\/albaiulia\/wp-json\/wp\/v2\/types\/post"}],"author":[{"embeddable":true,"href":"https:\/\/urbeamea.ro\/albaiulia\/wp-json\/wp\/v2\/users\/17"}],"replies":[{"embeddable":true,"href":"https:\/\/urbeamea.ro\/albaiulia\/wp-json\/wp\/v2\/comments?post=76998"}],"version-history":[{"count":0,"href":"https:\/\/urbeamea.ro\/albaiulia\/wp-json\/wp\/v2\/posts\/76998\/revisions"}],"wp:featuredmedia":[{"embeddable":true,"href":"https:\/\/urbeamea.ro\/albaiulia\/wp-json\/wp\/v2\/media\/63772"}],"wp:attachment":[{"href":"https:\/\/urbeamea.ro\/albaiulia\/wp-json\/wp\/v2\/media?parent=76998"}],"wp:term":[{"taxonomy":"category","embeddable":true,"href":"https:\/\/urbeamea.ro\/albaiulia\/wp-json\/wp\/v2\/categories?post=76998"},{"taxonomy":"post_tag","embeddable":true,"href":"https:\/\/urbeamea.ro\/albaiulia\/wp-json\/wp\/v2\/tags?post=76998"}],"curies":[{"name":"wp","href":"https:\/\/api.w.org\/{rel}","templated":true}]}}