{"id":77007,"date":"2019-05-31T09:00:45","date_gmt":"2019-05-31T06:00:45","guid":{"rendered":"https:\/\/urbeamea.ro\/albaiulia\/?p=77007"},"modified":"2019-05-31T09:00:50","modified_gmt":"2019-05-31T06:00:50","slug":"foto-ziua-mondiala-fara-tutun-cu-voluntarii-subfilialei-de-cruce-rosie-sebes","status":"publish","type":"post","link":"https:\/\/urbeamea.ro\/albaiulia\/foto-ziua-mondiala-fara-tutun-cu-voluntarii-subfilialei-de-cruce-rosie-sebes\/","title":{"rendered":"FOTO: \u201eZiua Mondial\u0103 f\u0103r\u0103 Tutun\u201d, cu voluntarii Subfilialei de Cruce Ro\u0219ie Sebe\u0219"},"content":{"rendered":"\n<p><strong>Cu ocazia Zilei Mondiale f\u0103r\u0103 Tutun, voluntarii Subfilialei de Cruce Ro\u0219ie Sebe\u0219 au dat startul \u00een lupta pentru combaterea fumatului \u00een jude\u021bul Alba, lans\u00e2nd un apel c\u0103tre elevii de liceu: \u021aigara \u00ee\u021bi r\u0103pe\u0219te tinere\u021bea! <\/strong><\/p>\n\n\n\n<p>\u201eZiua Mondial\u0103 f\u0103r\u0103 Tutun\u201d s-a desf\u0103\u0219urat la Colegiul Na\u021bional \u201dLucian Blaga\u201d Sebe\u0219 unde, \u00een data de 30 mai 2019, \u00eentre orele 8.00 \u2013 12.00, un num\u0103r de 10 voluntari au oferit sucuri naturale \u0219i brio\u0219e liceenilor care renun\u021b\u0103 la fumat. Prin sloganul evenimentului, \u201d\u021aigara \u00ee\u021bi r\u0103pe\u0219te tinere\u021bea\u201d, voluntarii i-au provocat pe liceeni s\u0103 renun\u021be la pachetul de \u021big\u0103ri sau la cel pu\u021bin o \u021bigaret\u0103. 120 de tineri au acceptat provocarea \u0219i au renun\u021bat la c\u00e2teva sute de \u021big\u0103ri. <\/p>\n\n\n\n<p>De asemenea, \u00een data de 31 mai 2019, la Colegiul Na\u0163ional \u201dTitu Maiorescu\u201d din Aiud va avea loc o campanie de informare a elevilor cu privire la efectele nocive ale fumatului. Liceeniilor aiudeni li se vor prezenta, pentru compara\u0163ie, mulajul unui pl\u0103m\u00e2n s\u0103n\u0103tos \u0219i mulajul unui pl\u0103m\u00e2n afectat de fumat. Voluntarii Sublifialei de Cruce Ro\u0219ie Aiud vor dezbate teme STOP fumat, no\u021biuni de biologie \u0219i anatomie \u0219i vor distribui pliante cu mesaje educative. <\/p>\n\n\n\n<p>Fumatul omoar\u0103 \u00een special prin cancer pulmonar (85% dintre cancerele pulmonare sunt cauzate de acest drog) \u0219i prin boli cardiovasculare (fumatul fiind factorul de risc num\u0103rul 1 pentru infarctul de miocard). Drept urmare, speran\u021ba de via\u021b\u0103 a fum\u0103torilor este cu 10 ani mai redus\u0103 comparativ cu cea a nefum\u0103torilor. <\/p>\n\n\n\n<p><em>\u201eSuntem \u00eengrijora\u021bi de cre\u0219terea num\u0103rului de fum\u0103tori \u00een r\u00e2ndul tinerilor. Procentul tinerilor fum\u0103tori este \u00een cre\u0219tere. Conform statisticilor, 28% dintre copii au \u00eencercat prima \u021bigaret\u0103 \u00eenaintea v\u00e2rstei de 10 ani. Datele cu privire la consumul curent indic\u0103 \u00een general o cre\u0219tere a prevalen\u021bei acestui comportament de risc \u00een r\u00e2ndul adolescen\u021bilor. Fumatul este nes\u0103n\u0103tos, este un drog cu efecte nocive at\u00e2t pentru fum\u0103tori, c\u00e2t \u0219i pentru fum\u0103torii pasivi. Fumatul d\u0103 dependen\u021b\u0103 \u0219i omoar\u0103. Mul\u021bumim DSP Alba pentru sprijinul acordat \u00een cadrul acestei campanii\u201d,<\/em> a precizat domnul Adrian Du\u0219a, directorul Crucii Ro\u0219ii Rom\u00e2ne Filiala Alba. <\/p>\n\n\n\n<ul class=\"wp-block-gallery columns-3 is-cropped wp-block-gallery-1 is-layout-flex wp-block-gallery-is-layout-flex\"><li class=\"blocks-gallery-item\"><figure><a href=\"https:\/\/urbeamea.ro\/albaiulia\/wp-content\/uploads\/2019\/05\/03.jpg\"><img loading=\"lazy\" decoding=\"async\" width=\"960\" height=\"720\" src=\"https:\/\/urbeamea.ro\/albaiulia\/wp-content\/uploads\/2019\/05\/03.jpg\" alt=\"\" data-id=\"77008\" data-link=\"https:\/\/urbeamea.ro\/albaiulia\/?attachment_id=77008\" class=\"wp-image-77008\" srcset=\"https:\/\/urbeamea.ro\/albaiulia\/wp-content\/uploads\/2019\/05\/03.jpg 960w, https:\/\/urbeamea.ro\/albaiulia\/wp-content\/uploads\/2019\/05\/03-150x113.jpg 150w, https:\/\/urbeamea.ro\/albaiulia\/wp-content\/uploads\/2019\/05\/03-640x480.jpg 640w, https:\/\/urbeamea.ro\/albaiulia\/wp-content\/uploads\/2019\/05\/03-768x576.jpg 768w\" sizes=\"auto, (max-width: 960px) 100vw, 960px\" \/><\/a><\/figure><\/li><li class=\"blocks-gallery-item\"><figure><a href=\"https:\/\/urbeamea.ro\/albaiulia\/wp-content\/uploads\/2019\/05\/IMG-20190530-WA0047-1280x960.jpg\"><img loading=\"lazy\" decoding=\"async\" width=\"1280\" height=\"960\" src=\"https:\/\/urbeamea.ro\/albaiulia\/wp-content\/uploads\/2019\/05\/IMG-20190530-WA0047-1280x960.jpg\" alt=\"\" data-id=\"77009\" data-link=\"https:\/\/urbeamea.ro\/albaiulia\/?attachment_id=77009\" class=\"wp-image-77009\" srcset=\"https:\/\/urbeamea.ro\/albaiulia\/wp-content\/uploads\/2019\/05\/IMG-20190530-WA0047-1280x960.jpg 1280w, https:\/\/urbeamea.ro\/albaiulia\/wp-content\/uploads\/2019\/05\/IMG-20190530-WA0047-150x113.jpg 150w, https:\/\/urbeamea.ro\/albaiulia\/wp-content\/uploads\/2019\/05\/IMG-20190530-WA0047-640x480.jpg 640w, https:\/\/urbeamea.ro\/albaiulia\/wp-content\/uploads\/2019\/05\/IMG-20190530-WA0047-768x576.jpg 768w, https:\/\/urbeamea.ro\/albaiulia\/wp-content\/uploads\/2019\/05\/IMG-20190530-WA0047.jpg 1600w\" sizes=\"auto, (max-width: 1280px) 100vw, 1280px\" \/><\/a><\/figure><\/li><li class=\"blocks-gallery-item\"><figure><a href=\"https:\/\/urbeamea.ro\/albaiulia\/wp-content\/uploads\/2019\/05\/IMG-20190530-WA0048-1280x960.jpg\"><img loading=\"lazy\" decoding=\"async\" width=\"1280\" height=\"960\" src=\"https:\/\/urbeamea.ro\/albaiulia\/wp-content\/uploads\/2019\/05\/IMG-20190530-WA0048-1280x960.jpg\" alt=\"\" data-id=\"77010\" data-link=\"https:\/\/urbeamea.ro\/albaiulia\/?attachment_id=77010\" class=\"wp-image-77010\" srcset=\"https:\/\/urbeamea.ro\/albaiulia\/wp-content\/uploads\/2019\/05\/IMG-20190530-WA0048-1280x960.jpg 1280w, https:\/\/urbeamea.ro\/albaiulia\/wp-content\/uploads\/2019\/05\/IMG-20190530-WA0048-150x113.jpg 150w, https:\/\/urbeamea.ro\/albaiulia\/wp-content\/uploads\/2019\/05\/IMG-20190530-WA0048-640x480.jpg 640w, https:\/\/urbeamea.ro\/albaiulia\/wp-content\/uploads\/2019\/05\/IMG-20190530-WA0048-768x576.jpg 768w, https:\/\/urbeamea.ro\/albaiulia\/wp-content\/uploads\/2019\/05\/IMG-20190530-WA0048.jpg 1600w\" sizes=\"auto, (max-width: 1280px) 100vw, 1280px\" \/><\/a><\/figure><\/li><li class=\"blocks-gallery-item\"><figure><a href=\"https:\/\/urbeamea.ro\/albaiulia\/wp-content\/uploads\/2019\/05\/IMG-20190530-WA0049-1280x904.jpg\"><img loading=\"lazy\" decoding=\"async\" width=\"1280\" height=\"904\" src=\"https:\/\/urbeamea.ro\/albaiulia\/wp-content\/uploads\/2019\/05\/IMG-20190530-WA0049-1280x904.jpg\" alt=\"\" data-id=\"77011\" data-link=\"https:\/\/urbeamea.ro\/albaiulia\/?attachment_id=77011\" class=\"wp-image-77011\" srcset=\"https:\/\/urbeamea.ro\/albaiulia\/wp-content\/uploads\/2019\/05\/IMG-20190530-WA0049-1280x904.jpg 1280w, https:\/\/urbeamea.ro\/albaiulia\/wp-content\/uploads\/2019\/05\/IMG-20190530-WA0049-150x106.jpg 150w, https:\/\/urbeamea.ro\/albaiulia\/wp-content\/uploads\/2019\/05\/IMG-20190530-WA0049-640x452.jpg 640w, https:\/\/urbeamea.ro\/albaiulia\/wp-content\/uploads\/2019\/05\/IMG-20190530-WA0049-768x542.jpg 768w, https:\/\/urbeamea.ro\/albaiulia\/wp-content\/uploads\/2019\/05\/IMG-20190530-WA0049.jpg 1600w\" sizes=\"auto, (max-width: 1280px) 100vw, 1280px\" \/><\/a><\/figure><\/li><li class=\"blocks-gallery-item\"><figure><a href=\"https:\/\/urbeamea.ro\/albaiulia\/wp-content\/uploads\/2019\/05\/IMG-20190530-WA0050-960x1280.jpg\"><img loading=\"lazy\" decoding=\"async\" width=\"960\" height=\"1280\" src=\"https:\/\/urbeamea.ro\/albaiulia\/wp-content\/uploads\/2019\/05\/IMG-20190530-WA0050-960x1280.jpg\" alt=\"\" data-id=\"77012\" data-link=\"https:\/\/urbeamea.ro\/albaiulia\/?attachment_id=77012\" class=\"wp-image-77012\" srcset=\"https:\/\/urbeamea.ro\/albaiulia\/wp-content\/uploads\/2019\/05\/IMG-20190530-WA0050-960x1280.jpg 960w, https:\/\/urbeamea.ro\/albaiulia\/wp-content\/uploads\/2019\/05\/IMG-20190530-WA0050-113x150.jpg 113w, https:\/\/urbeamea.ro\/albaiulia\/wp-content\/uploads\/2019\/05\/IMG-20190530-WA0050-480x640.jpg 480w, https:\/\/urbeamea.ro\/albaiulia\/wp-content\/uploads\/2019\/05\/IMG-20190530-WA0050-768x1024.jpg 768w, https:\/\/urbeamea.ro\/albaiulia\/wp-content\/uploads\/2019\/05\/IMG-20190530-WA0050.jpg 1200w\" sizes=\"auto, (max-width: 960px) 100vw, 960px\" \/><\/a><\/figure><\/li><li class=\"blocks-gallery-item\"><figure><a href=\"https:\/\/urbeamea.ro\/albaiulia\/wp-content\/uploads\/2019\/05\/IMG-20190530-WA0051-670x1280.jpg\"><img loading=\"lazy\" decoding=\"async\" width=\"670\" height=\"1280\" src=\"https:\/\/urbeamea.ro\/albaiulia\/wp-content\/uploads\/2019\/05\/IMG-20190530-WA0051-670x1280.jpg\" alt=\"\" data-id=\"77013\" data-link=\"https:\/\/urbeamea.ro\/albaiulia\/?attachment_id=77013\" class=\"wp-image-77013\" srcset=\"https:\/\/urbeamea.ro\/albaiulia\/wp-content\/uploads\/2019\/05\/IMG-20190530-WA0051-670x1280.jpg 670w, https:\/\/urbeamea.ro\/albaiulia\/wp-content\/uploads\/2019\/05\/IMG-20190530-WA0051-79x150.jpg 79w, https:\/\/urbeamea.ro\/albaiulia\/wp-content\/uploads\/2019\/05\/IMG-20190530-WA0051-335x640.jpg 335w, https:\/\/urbeamea.ro\/albaiulia\/wp-content\/uploads\/2019\/05\/IMG-20190530-WA0051-768x1466.jpg 768w, https:\/\/urbeamea.ro\/albaiulia\/wp-content\/uploads\/2019\/05\/IMG-20190530-WA0051.jpg 838w\" sizes=\"auto, (max-width: 670px) 100vw, 670px\" \/><\/a><\/figure><\/li><li class=\"blocks-gallery-item\"><figure><a href=\"https:\/\/urbeamea.ro\/albaiulia\/wp-content\/uploads\/2019\/05\/IMG-20190530-WA0052-960x1280.jpg\"><img loading=\"lazy\" decoding=\"async\" width=\"960\" height=\"1280\" src=\"https:\/\/urbeamea.ro\/albaiulia\/wp-content\/uploads\/2019\/05\/IMG-20190530-WA0052-960x1280.jpg\" alt=\"\" data-id=\"77014\" data-link=\"https:\/\/urbeamea.ro\/albaiulia\/?attachment_id=77014\" class=\"wp-image-77014\" srcset=\"https:\/\/urbeamea.ro\/albaiulia\/wp-content\/uploads\/2019\/05\/IMG-20190530-WA0052-960x1280.jpg 960w, https:\/\/urbeamea.ro\/albaiulia\/wp-content\/uploads\/2019\/05\/IMG-20190530-WA0052-113x150.jpg 113w, https:\/\/urbeamea.ro\/albaiulia\/wp-content\/uploads\/2019\/05\/IMG-20190530-WA0052-480x640.jpg 480w, https:\/\/urbeamea.ro\/albaiulia\/wp-content\/uploads\/2019\/05\/IMG-20190530-WA0052-768x1024.jpg 768w, https:\/\/urbeamea.ro\/albaiulia\/wp-content\/uploads\/2019\/05\/IMG-20190530-WA0052.jpg 1200w\" sizes=\"auto, (max-width: 960px) 100vw, 960px\" \/><\/a><\/figure><\/li><\/ul>\n","protected":false},"excerpt":{"rendered":"<p>Cu ocazia Zilei Mondiale f\u0103r\u0103 Tutun, voluntarii Subfilialei de Cruce Ro\u0219ie Sebe\u0219 au dat startul \u00een lupta pentru combaterea fumatului \u00een jude\u021bul Alba, lans\u00e2nd un apel c\u0103tre elevii de liceu: \u021aigara \u00ee\u021bi r\u0103pe\u0219te tinere\u021bea! \u201eZiua Mondial\u0103 f\u0103r\u0103 Tutun\u201d s-a desf\u0103\u0219urat la Colegiul Na\u021bional \u201dLucian Blaga\u201d Sebe\u0219 unde, \u00een data de 30 mai 2019, \u00eentre orele &hellip;<\/p>\n","protected":false},"author":17,"featured_media":77009,"comment_status":"open","ping_status":"open","sticky":false,"template":"","format":"standard","meta":{"inline_featured_image":false,"footnotes":""},"categories":[255],"tags":[31,308,17944,76,3060,15441],"class_list":["post-77007","post","type-post","status-publish","format-standard","has-post-thumbnail","hentry","category-sanatate","tag-alba-iulia","tag-stiri","tag-subfiliala-de-cruce-rosie-sebes","tag-urbea-mea","tag-voluntari","tag-ziua-mondiala-fara-tutun"],"yoast_head":"<!-- This site is optimized with the Yoast SEO plugin v27.4 - https:\/\/yoast.com\/product\/yoast-seo-wordpress\/ -->\n<title>FOTO: \u201eZiua Mondial\u0103 f\u0103r\u0103 Tutun\u201d, cu voluntarii Subfilialei de Cruce Ro\u0219ie Sebe\u0219 - Revista Urbea Mea - Revista de Alba<\/title>\n<meta name=\"description\" content=\"Cu ocazia Zilei Mondiale f\u0103r\u0103 Tutun, voluntarii Subfilialei de Cruce Ro\u0219ie Sebe\u0219 au dat startul \u00een lupta pentru combaterea fumatului \u00een jude\u021bul Alba,\" \/>\n<meta name=\"robots\" content=\"index, follow, max-snippet:-1, max-image-preview:large, max-video-preview:-1\" \/>\n<link rel=\"canonical\" href=\"https:\/\/urbeamea.ro\/albaiulia\/foto-ziua-mondiala-fara-tutun-cu-voluntarii-subfilialei-de-cruce-rosie-sebes\/\" \/>\n<meta name=\"twitter:card\" content=\"summary_large_image\" \/>\n<meta name=\"twitter:title\" content=\"FOTO: \u201eZiua Mondial\u0103 f\u0103r\u0103 Tutun\u201d, cu voluntarii Subfilialei de Cruce Ro\u0219ie Sebe\u0219 - Revista Urbea Mea - Revista de Alba\" \/>\n<meta name=\"twitter:description\" content=\"Cu ocazia Zilei Mondiale f\u0103r\u0103 Tutun, voluntarii Subfilialei de Cruce Ro\u0219ie Sebe\u0219 au dat startul \u00een lupta pentru combaterea fumatului \u00een jude\u021bul Alba,\" \/>\n<meta name=\"twitter:image\" content=\"https:\/\/urbeamea.ro\/albaiulia\/wp-content\/uploads\/2019\/05\/IMG-20190530-WA0047.jpg\" \/>\n<meta name=\"twitter:creator\" content=\"@urbeameaweb\" \/>\n<meta name=\"twitter:site\" content=\"@urbeameaweb\" \/>\n<script type=\"application\/ld+json\" class=\"yoast-schema-graph\">{\"@context\":\"https:\\\/\\\/schema.org\",\"@graph\":[{\"@type\":\"Article\",\"@id\":\"https:\\\/\\\/urbeamea.ro\\\/albaiulia\\\/foto-ziua-mondiala-fara-tutun-cu-voluntarii-subfilialei-de-cruce-rosie-sebes\\\/#article\",\"isPartOf\":{\"@id\":\"https:\\\/\\\/urbeamea.ro\\\/albaiulia\\\/foto-ziua-mondiala-fara-tutun-cu-voluntarii-subfilialei-de-cruce-rosie-sebes\\\/\"},\"author\":{\"name\":\"Cristina Ganga\",\"@id\":\"https:\\\/\\\/urbeamea.ro\\\/albaiulia\\\/#\\\/schema\\\/person\\\/9700d21fae21c4f038b0b56f4506264a\"},\"headline\":\"FOTO: \u201eZiua Mondial\u0103 f\u0103r\u0103 Tutun\u201d, cu voluntarii Subfilialei de Cruce Ro\u0219ie Sebe\u0219\",\"datePublished\":\"2019-05-31T06:00:45+00:00\",\"dateModified\":\"2019-05-31T06:00:50+00:00\",\"mainEntityOfPage\":{\"@id\":\"https:\\\/\\\/urbeamea.ro\\\/albaiulia\\\/foto-ziua-mondiala-fara-tutun-cu-voluntarii-subfilialei-de-cruce-rosie-sebes\\\/\"},\"wordCount\":385,\"commentCount\":0,\"image\":{\"@id\":\"https:\\\/\\\/urbeamea.ro\\\/albaiulia\\\/foto-ziua-mondiala-fara-tutun-cu-voluntarii-subfilialei-de-cruce-rosie-sebes\\\/#primaryimage\"},\"thumbnailUrl\":\"https:\\\/\\\/urbeamea.ro\\\/albaiulia\\\/wp-content\\\/uploads\\\/2019\\\/05\\\/IMG-20190530-WA0047.jpg\",\"keywords\":[\"Alba Iulia\",\"stiri\",\"subfiliala de cruce rosie sebes\",\"Urbea Mea\",\"voluntari\",\"ziua mondiala fara tutun\"],\"articleSection\":[\"S\u0103n\u0103tate\"],\"inLanguage\":\"ro-RO\",\"potentialAction\":[{\"@type\":\"CommentAction\",\"name\":\"Comment\",\"target\":[\"https:\\\/\\\/urbeamea.ro\\\/albaiulia\\\/foto-ziua-mondiala-fara-tutun-cu-voluntarii-subfilialei-de-cruce-rosie-sebes\\\/#respond\"]}]},{\"@type\":\"WebPage\",\"@id\":\"https:\\\/\\\/urbeamea.ro\\\/albaiulia\\\/foto-ziua-mondiala-fara-tutun-cu-voluntarii-subfilialei-de-cruce-rosie-sebes\\\/\",\"url\":\"https:\\\/\\\/urbeamea.ro\\\/albaiulia\\\/foto-ziua-mondiala-fara-tutun-cu-voluntarii-subfilialei-de-cruce-rosie-sebes\\\/\",\"name\":\"FOTO: \u201eZiua Mondial\u0103 f\u0103r\u0103 Tutun\u201d, cu voluntarii Subfilialei de Cruce Ro\u0219ie Sebe\u0219 - Revista Urbea Mea - Revista de Alba\",\"isPartOf\":{\"@id\":\"https:\\\/\\\/urbeamea.ro\\\/albaiulia\\\/#website\"},\"primaryImageOfPage\":{\"@id\":\"https:\\\/\\\/urbeamea.ro\\\/albaiulia\\\/foto-ziua-mondiala-fara-tutun-cu-voluntarii-subfilialei-de-cruce-rosie-sebes\\\/#primaryimage\"},\"image\":{\"@id\":\"https:\\\/\\\/urbeamea.ro\\\/albaiulia\\\/foto-ziua-mondiala-fara-tutun-cu-voluntarii-subfilialei-de-cruce-rosie-sebes\\\/#primaryimage\"},\"thumbnailUrl\":\"https:\\\/\\\/urbeamea.ro\\\/albaiulia\\\/wp-content\\\/uploads\\\/2019\\\/05\\\/IMG-20190530-WA0047.jpg\",\"datePublished\":\"2019-05-31T06:00:45+00:00\",\"dateModified\":\"2019-05-31T06:00:50+00:00\",\"author\":{\"@id\":\"https:\\\/\\\/urbeamea.ro\\\/albaiulia\\\/#\\\/schema\\\/person\\\/9700d21fae21c4f038b0b56f4506264a\"},\"description\":\"Cu ocazia Zilei Mondiale f\u0103r\u0103 Tutun, voluntarii Subfilialei de Cruce Ro\u0219ie Sebe\u0219 au dat startul \u00een lupta pentru combaterea fumatului \u00een jude\u021bul Alba,\",\"breadcrumb\":{\"@id\":\"https:\\\/\\\/urbeamea.ro\\\/albaiulia\\\/foto-ziua-mondiala-fara-tutun-cu-voluntarii-subfilialei-de-cruce-rosie-sebes\\\/#breadcrumb\"},\"inLanguage\":\"ro-RO\",\"potentialAction\":[{\"@type\":\"ReadAction\",\"target\":[\"https:\\\/\\\/urbeamea.ro\\\/albaiulia\\\/foto-ziua-mondiala-fara-tutun-cu-voluntarii-subfilialei-de-cruce-rosie-sebes\\\/\"]}]},{\"@type\":\"ImageObject\",\"inLanguage\":\"ro-RO\",\"@id\":\"https:\\\/\\\/urbeamea.ro\\\/albaiulia\\\/foto-ziua-mondiala-fara-tutun-cu-voluntarii-subfilialei-de-cruce-rosie-sebes\\\/#primaryimage\",\"url\":\"https:\\\/\\\/urbeamea.ro\\\/albaiulia\\\/wp-content\\\/uploads\\\/2019\\\/05\\\/IMG-20190530-WA0047.jpg\",\"contentUrl\":\"https:\\\/\\\/urbeamea.ro\\\/albaiulia\\\/wp-content\\\/uploads\\\/2019\\\/05\\\/IMG-20190530-WA0047.jpg\",\"width\":1600,\"height\":1200},{\"@type\":\"BreadcrumbList\",\"@id\":\"https:\\\/\\\/urbeamea.ro\\\/albaiulia\\\/foto-ziua-mondiala-fara-tutun-cu-voluntarii-subfilialei-de-cruce-rosie-sebes\\\/#breadcrumb\",\"itemListElement\":[{\"@type\":\"ListItem\",\"position\":1,\"name\":\"Prima pagin\u0103\",\"item\":\"https:\\\/\\\/urbeamea.ro\\\/albaiulia\\\/\"},{\"@type\":\"ListItem\",\"position\":2,\"name\":\"FOTO: \u201eZiua Mondial\u0103 f\u0103r\u0103 Tutun\u201d, cu voluntarii Subfilialei de Cruce Ro\u0219ie Sebe\u0219\"}]},{\"@type\":\"WebSite\",\"@id\":\"https:\\\/\\\/urbeamea.ro\\\/albaiulia\\\/#website\",\"url\":\"https:\\\/\\\/urbeamea.ro\\\/albaiulia\\\/\",\"name\":\"Revista Urbea Mea, Stiri urbane\",\"description\":\"Evenimente \u0219i \u0219tiri din Alba Iulia, Sebe\u0219, Aiud, Blaj\",\"potentialAction\":[{\"@type\":\"SearchAction\",\"target\":{\"@type\":\"EntryPoint\",\"urlTemplate\":\"https:\\\/\\\/urbeamea.ro\\\/albaiulia\\\/?s={search_term_string}\"},\"query-input\":{\"@type\":\"PropertyValueSpecification\",\"valueRequired\":true,\"valueName\":\"search_term_string\"}}],\"inLanguage\":\"ro-RO\"},{\"@type\":\"Person\",\"@id\":\"https:\\\/\\\/urbeamea.ro\\\/albaiulia\\\/#\\\/schema\\\/person\\\/9700d21fae21c4f038b0b56f4506264a\",\"name\":\"Cristina Ganga\",\"image\":{\"@type\":\"ImageObject\",\"inLanguage\":\"ro-RO\",\"@id\":\"https:\\\/\\\/secure.gravatar.com\\\/avatar\\\/5a67661041f057b4a8ccaf26f5a8e86e2689372006d01faf3dd9eeb10b654bb4?s=96&d=mm&r=g\",\"url\":\"https:\\\/\\\/secure.gravatar.com\\\/avatar\\\/5a67661041f057b4a8ccaf26f5a8e86e2689372006d01faf3dd9eeb10b654bb4?s=96&d=mm&r=g\",\"contentUrl\":\"https:\\\/\\\/secure.gravatar.com\\\/avatar\\\/5a67661041f057b4a8ccaf26f5a8e86e2689372006d01faf3dd9eeb10b654bb4?s=96&d=mm&r=g\",\"caption\":\"Cristina Ganga\"},\"description\":\"Jurnalist\",\"sameAs\":[\"https:\\\/\\\/www.facebook.com\\\/cristina.nicola.587\"],\"url\":\"https:\\\/\\\/urbeamea.ro\\\/albaiulia\\\/author\\\/cristina-nicola\\\/\"}]}<\/script>\n<!-- \/ Yoast SEO plugin. -->","yoast_head_json":{"title":"FOTO: \u201eZiua Mondial\u0103 f\u0103r\u0103 Tutun\u201d, cu voluntarii Subfilialei de Cruce Ro\u0219ie Sebe\u0219 - Revista Urbea Mea - Revista de Alba","description":"Cu ocazia Zilei Mondiale f\u0103r\u0103 Tutun, voluntarii Subfilialei de Cruce Ro\u0219ie Sebe\u0219 au dat startul \u00een lupta pentru combaterea fumatului \u00een jude\u021bul Alba,","robots":{"index":"index","follow":"follow","max-snippet":"max-snippet:-1","max-image-preview":"max-image-preview:large","max-video-preview":"max-video-preview:-1"},"canonical":"https:\/\/urbeamea.ro\/albaiulia\/foto-ziua-mondiala-fara-tutun-cu-voluntarii-subfilialei-de-cruce-rosie-sebes\/","twitter_card":"summary_large_image","twitter_title":"FOTO: \u201eZiua Mondial\u0103 f\u0103r\u0103 Tutun\u201d, cu voluntarii Subfilialei de Cruce Ro\u0219ie Sebe\u0219 - Revista Urbea Mea - Revista de Alba","twitter_description":"Cu ocazia Zilei Mondiale f\u0103r\u0103 Tutun, voluntarii Subfilialei de Cruce Ro\u0219ie Sebe\u0219 au dat startul \u00een lupta pentru combaterea fumatului \u00een jude\u021bul Alba,","twitter_image":"https:\/\/urbeamea.ro\/albaiulia\/wp-content\/uploads\/2019\/05\/IMG-20190530-WA0047.jpg","twitter_creator":"@urbeameaweb","twitter_site":"@urbeameaweb","schema":{"@context":"https:\/\/schema.org","@graph":[{"@type":"Article","@id":"https:\/\/urbeamea.ro\/albaiulia\/foto-ziua-mondiala-fara-tutun-cu-voluntarii-subfilialei-de-cruce-rosie-sebes\/#article","isPartOf":{"@id":"https:\/\/urbeamea.ro\/albaiulia\/foto-ziua-mondiala-fara-tutun-cu-voluntarii-subfilialei-de-cruce-rosie-sebes\/"},"author":{"name":"Cristina Ganga","@id":"https:\/\/urbeamea.ro\/albaiulia\/#\/schema\/person\/9700d21fae21c4f038b0b56f4506264a"},"headline":"FOTO: \u201eZiua Mondial\u0103 f\u0103r\u0103 Tutun\u201d, cu voluntarii Subfilialei de Cruce Ro\u0219ie Sebe\u0219","datePublished":"2019-05-31T06:00:45+00:00","dateModified":"2019-05-31T06:00:50+00:00","mainEntityOfPage":{"@id":"https:\/\/urbeamea.ro\/albaiulia\/foto-ziua-mondiala-fara-tutun-cu-voluntarii-subfilialei-de-cruce-rosie-sebes\/"},"wordCount":385,"commentCount":0,"image":{"@id":"https:\/\/urbeamea.ro\/albaiulia\/foto-ziua-mondiala-fara-tutun-cu-voluntarii-subfilialei-de-cruce-rosie-sebes\/#primaryimage"},"thumbnailUrl":"https:\/\/urbeamea.ro\/albaiulia\/wp-content\/uploads\/2019\/05\/IMG-20190530-WA0047.jpg","keywords":["Alba Iulia","stiri","subfiliala de cruce rosie sebes","Urbea Mea","voluntari","ziua mondiala fara tutun"],"articleSection":["S\u0103n\u0103tate"],"inLanguage":"ro-RO","potentialAction":[{"@type":"CommentAction","name":"Comment","target":["https:\/\/urbeamea.ro\/albaiulia\/foto-ziua-mondiala-fara-tutun-cu-voluntarii-subfilialei-de-cruce-rosie-sebes\/#respond"]}]},{"@type":"WebPage","@id":"https:\/\/urbeamea.ro\/albaiulia\/foto-ziua-mondiala-fara-tutun-cu-voluntarii-subfilialei-de-cruce-rosie-sebes\/","url":"https:\/\/urbeamea.ro\/albaiulia\/foto-ziua-mondiala-fara-tutun-cu-voluntarii-subfilialei-de-cruce-rosie-sebes\/","name":"FOTO: \u201eZiua Mondial\u0103 f\u0103r\u0103 Tutun\u201d, cu voluntarii Subfilialei de Cruce Ro\u0219ie Sebe\u0219 - Revista Urbea Mea - Revista de Alba","isPartOf":{"@id":"https:\/\/urbeamea.ro\/albaiulia\/#website"},"primaryImageOfPage":{"@id":"https:\/\/urbeamea.ro\/albaiulia\/foto-ziua-mondiala-fara-tutun-cu-voluntarii-subfilialei-de-cruce-rosie-sebes\/#primaryimage"},"image":{"@id":"https:\/\/urbeamea.ro\/albaiulia\/foto-ziua-mondiala-fara-tutun-cu-voluntarii-subfilialei-de-cruce-rosie-sebes\/#primaryimage"},"thumbnailUrl":"https:\/\/urbeamea.ro\/albaiulia\/wp-content\/uploads\/2019\/05\/IMG-20190530-WA0047.jpg","datePublished":"2019-05-31T06:00:45+00:00","dateModified":"2019-05-31T06:00:50+00:00","author":{"@id":"https:\/\/urbeamea.ro\/albaiulia\/#\/schema\/person\/9700d21fae21c4f038b0b56f4506264a"},"description":"Cu ocazia Zilei Mondiale f\u0103r\u0103 Tutun, voluntarii Subfilialei de Cruce Ro\u0219ie Sebe\u0219 au dat startul \u00een lupta pentru combaterea fumatului \u00een jude\u021bul Alba,","breadcrumb":{"@id":"https:\/\/urbeamea.ro\/albaiulia\/foto-ziua-mondiala-fara-tutun-cu-voluntarii-subfilialei-de-cruce-rosie-sebes\/#breadcrumb"},"inLanguage":"ro-RO","potentialAction":[{"@type":"ReadAction","target":["https:\/\/urbeamea.ro\/albaiulia\/foto-ziua-mondiala-fara-tutun-cu-voluntarii-subfilialei-de-cruce-rosie-sebes\/"]}]},{"@type":"ImageObject","inLanguage":"ro-RO","@id":"https:\/\/urbeamea.ro\/albaiulia\/foto-ziua-mondiala-fara-tutun-cu-voluntarii-subfilialei-de-cruce-rosie-sebes\/#primaryimage","url":"https:\/\/urbeamea.ro\/albaiulia\/wp-content\/uploads\/2019\/05\/IMG-20190530-WA0047.jpg","contentUrl":"https:\/\/urbeamea.ro\/albaiulia\/wp-content\/uploads\/2019\/05\/IMG-20190530-WA0047.jpg","width":1600,"height":1200},{"@type":"BreadcrumbList","@id":"https:\/\/urbeamea.ro\/albaiulia\/foto-ziua-mondiala-fara-tutun-cu-voluntarii-subfilialei-de-cruce-rosie-sebes\/#breadcrumb","itemListElement":[{"@type":"ListItem","position":1,"name":"Prima pagin\u0103","item":"https:\/\/urbeamea.ro\/albaiulia\/"},{"@type":"ListItem","position":2,"name":"FOTO: \u201eZiua Mondial\u0103 f\u0103r\u0103 Tutun\u201d, cu voluntarii Subfilialei de Cruce Ro\u0219ie Sebe\u0219"}]},{"@type":"WebSite","@id":"https:\/\/urbeamea.ro\/albaiulia\/#website","url":"https:\/\/urbeamea.ro\/albaiulia\/","name":"Revista Urbea Mea, Stiri urbane","description":"Evenimente \u0219i \u0219tiri din Alba Iulia, Sebe\u0219, Aiud, Blaj","potentialAction":[{"@type":"SearchAction","target":{"@type":"EntryPoint","urlTemplate":"https:\/\/urbeamea.ro\/albaiulia\/?s={search_term_string}"},"query-input":{"@type":"PropertyValueSpecification","valueRequired":true,"valueName":"search_term_string"}}],"inLanguage":"ro-RO"},{"@type":"Person","@id":"https:\/\/urbeamea.ro\/albaiulia\/#\/schema\/person\/9700d21fae21c4f038b0b56f4506264a","name":"Cristina Ganga","image":{"@type":"ImageObject","inLanguage":"ro-RO","@id":"https:\/\/secure.gravatar.com\/avatar\/5a67661041f057b4a8ccaf26f5a8e86e2689372006d01faf3dd9eeb10b654bb4?s=96&d=mm&r=g","url":"https:\/\/secure.gravatar.com\/avatar\/5a67661041f057b4a8ccaf26f5a8e86e2689372006d01faf3dd9eeb10b654bb4?s=96&d=mm&r=g","contentUrl":"https:\/\/secure.gravatar.com\/avatar\/5a67661041f057b4a8ccaf26f5a8e86e2689372006d01faf3dd9eeb10b654bb4?s=96&d=mm&r=g","caption":"Cristina Ganga"},"description":"Jurnalist","sameAs":["https:\/\/www.facebook.com\/cristina.nicola.587"],"url":"https:\/\/urbeamea.ro\/albaiulia\/author\/cristina-nicola\/"}]}},"_links":{"self":[{"href":"https:\/\/urbeamea.ro\/albaiulia\/wp-json\/wp\/v2\/posts\/77007","targetHints":{"allow":["GET"]}}],"collection":[{"href":"https:\/\/urbeamea.ro\/albaiulia\/wp-json\/wp\/v2\/posts"}],"about":[{"href":"https:\/\/urbeamea.ro\/albaiulia\/wp-json\/wp\/v2\/types\/post"}],"author":[{"embeddable":true,"href":"https:\/\/urbeamea.ro\/albaiulia\/wp-json\/wp\/v2\/users\/17"}],"replies":[{"embeddable":true,"href":"https:\/\/urbeamea.ro\/albaiulia\/wp-json\/wp\/v2\/comments?post=77007"}],"version-history":[{"count":0,"href":"https:\/\/urbeamea.ro\/albaiulia\/wp-json\/wp\/v2\/posts\/77007\/revisions"}],"wp:featuredmedia":[{"embeddable":true,"href":"https:\/\/urbeamea.ro\/albaiulia\/wp-json\/wp\/v2\/media\/77009"}],"wp:attachment":[{"href":"https:\/\/urbeamea.ro\/albaiulia\/wp-json\/wp\/v2\/media?parent=77007"}],"wp:term":[{"taxonomy":"category","embeddable":true,"href":"https:\/\/urbeamea.ro\/albaiulia\/wp-json\/wp\/v2\/categories?post=77007"},{"taxonomy":"post_tag","embeddable":true,"href":"https:\/\/urbeamea.ro\/albaiulia\/wp-json\/wp\/v2\/tags?post=77007"}],"curies":[{"name":"wp","href":"https:\/\/api.w.org\/{rel}","templated":true}]}}