{"id":77122,"date":"2019-06-02T11:08:08","date_gmt":"2019-06-02T08:08:08","guid":{"rendered":"https:\/\/urbeamea.ro\/albaiulia\/?p=77122"},"modified":"2019-06-02T11:08:10","modified_gmt":"2019-06-02T08:08:10","slug":"foto-prichindeii-de-la-centrul-de-zi-sfanta-irina-din-blaj-au-sarbatorit-ziua-internationala-a-copilului-si-7-ani-de-la-deschiderea-centrului","status":"publish","type":"post","link":"https:\/\/urbeamea.ro\/albaiulia\/foto-prichindeii-de-la-centrul-de-zi-sfanta-irina-din-blaj-au-sarbatorit-ziua-internationala-a-copilului-si-7-ani-de-la-deschiderea-centrului\/","title":{"rendered":"FOTO: Prichindeii de la Centrul de zi \u201eSf\u00e2nta Irina\u201d din Blaj au s\u0103rb\u0103torit Ziua Interna\u0163ional\u0103 a Copilului \u015fi 7 ani de la deschiderea centrului"},"content":{"rendered":"\n<p class=\"wp-block-paragraph\"><strong>Copiii de la Centrul de zi \u201eSf\u00e2nta Irina\u201d din Blaj au s\u0103rb\u0103torit cu bucurie \u015fi entuziasm Ziua Interna\u0163ional\u0103 a Copilului \u2013 1 Iunie. Aceast\u0103 dat\u0103 coincide cu data la care a fost \u00eenfiin\u0163at Centrul de zi din Blaj, anul acesta \u00eemplinindu-se 7 ani de la \u00eenfiin\u0163area acestui a\u015fez\u0103m\u00e2nt. <\/strong><\/p>\n\n\n\n<p class=\"wp-block-paragraph\">Cu aceast\u0103 ocazie, copiii au avut parte de o zi special\u0103 \u00een care au c\u00e2ntat, au dansat \u015fi s-au jucat cu baloane colorate \u015fi baloane de s\u0103pun. <\/p>\n\n\n\n<p class=\"wp-block-paragraph\"><em>\u201eAm preg\u0103tit pentru copiii no\u015ftri la aniversarea centrului de zi \u015fi cu ocazia Zilei Interna\u0163ionale a Copilului, momente speciale. Doamna educatoare a realizat pentru copii stelu\u0163e z\u00e2mbitoare inscrip\u0163ionate cu mesajul<\/em> 1 Iunie, <em>pe care micu\u0163ii le-au purtat \u00een piept, pe cap au avut coifuri colorate cu diverse desene, au colorat \u015fi au pictat clovni. La acest moment festiv prichindeii au primit, ca de fiecare dat\u0103, c\u00e2te un pache\u0163el din partea Prim\u0103riei \u015fi Consiliului Local Blaj<\/em> <em>c\u0103rora le mul\u0163umim c\u0103 sunt al\u0103turi de noi aduc\u00e2nd bucurie pe chipurile inocente ale micu\u0163ilor\u201d<\/em>, au precizat reprezentan\u0163ii acestui centru.<\/p>\n\n\n\n<p class=\"wp-block-paragraph\">Aproximativ 40 de copii din Blaj cu v\u00e2rste \u00eentre 0 \u015fi 3 ani beneficiaz\u0103 de serviciile Centrului de zi pentru copii antepre\u015fcolari \u201eSf\u00e2nta Irina\u201d, un centru pilot la nivelul re\u0163elei sociale a Patriarhiei Rom\u00e2ne. Centrul func\u0163ioneaz\u0103 din vara anului 2012 \u00een cadrul re\u0163elei social-filantropice a Arhiepiscopiei Ortodoxe a Alba Iuliei fiind coordonat de Asocia\u0163ia Filantropia Ortodox\u0103 Alba Iulia. <\/p>\n\n\n\n<p class=\"wp-block-paragraph\">Acesta vine \u00een sprijinul p\u0103rin\u0163ilor care locuiesc pe raza municipiului Blaj \u015fi au o situa\u0163ie socio-economic\u0103 dificil\u0103, oferind o alternativ\u0103 pentru \u00eengrijirea \u015fi educarea copiilor cu v\u00e2rste cuprinse \u00eentre 0 \u2013 3 ani. Copiii sunt \u00eengriji\u0163i 10 ore pe zi, primesc dou\u0103 mese principale \u015fi dou\u0103 gust\u0103ri, igienizare corespunz\u0103toare, au program de odihn\u0103, activit\u0103\u0163i educative cu caracter ludic, activit\u0103\u0163i de socializare \u015fi integrare, de recreere, evaluare psihologic\u0103 periodic\u0103 a dezvolt\u0103rii cognitive \u015fi interven\u0163ie logopedic\u0103. <\/p>\n\n\n\n<p class=\"wp-block-paragraph\">De asemenea, p\u0103rin\u0163ilor li se ofer\u0103 servicii de consiliere social\u0103 \u015fi psihologic\u0103, informare, mediere \u00een rela\u0163iile cu serviciile sociale \u015fi instruire \u00een ceea ce prive\u015fte educarea \u015fi \u00eengrijirea corespunz\u0103toare copilului mic.<\/p>\n\n\n\n<p class=\"wp-block-paragraph\"><strong>\u00a0<\/strong><em>Biroul de Pres\u0103 al Asocia\u0163iei Filantropia Ortodox\u0103 Alba Iulia<\/em><\/p>\n\n\n\n<ul class=\"wp-block-gallery columns-3 is-cropped wp-block-gallery-1 is-layout-flex wp-block-gallery-is-layout-flex\"><li class=\"blocks-gallery-item\"><figure><img loading=\"lazy\" decoding=\"async\" width=\"960\" height=\"720\" src=\"https:\/\/urbeamea.ro\/albaiulia\/wp-content\/uploads\/2019\/06\/61369980_2085615565076326_3867494951990329344_n.jpg\" alt=\"\" data-id=\"77123\" data-link=\"https:\/\/urbeamea.ro\/albaiulia\/?attachment_id=77123\" class=\"wp-image-77123\" srcset=\"https:\/\/urbeamea.ro\/albaiulia\/wp-content\/uploads\/2019\/06\/61369980_2085615565076326_3867494951990329344_n.jpg 960w, https:\/\/urbeamea.ro\/albaiulia\/wp-content\/uploads\/2019\/06\/61369980_2085615565076326_3867494951990329344_n-150x113.jpg 150w, https:\/\/urbeamea.ro\/albaiulia\/wp-content\/uploads\/2019\/06\/61369980_2085615565076326_3867494951990329344_n-640x480.jpg 640w, https:\/\/urbeamea.ro\/albaiulia\/wp-content\/uploads\/2019\/06\/61369980_2085615565076326_3867494951990329344_n-768x576.jpg 768w\" sizes=\"auto, (max-width: 960px) 100vw, 960px\" \/><\/figure><\/li><li class=\"blocks-gallery-item\"><figure><img loading=\"lazy\" decoding=\"async\" width=\"960\" height=\"720\" src=\"https:\/\/urbeamea.ro\/albaiulia\/wp-content\/uploads\/2019\/06\/61691995_2085614368409779_730732344033411072_n.jpg\" alt=\"\" data-id=\"77124\" data-link=\"https:\/\/urbeamea.ro\/albaiulia\/?attachment_id=77124\" class=\"wp-image-77124\" srcset=\"https:\/\/urbeamea.ro\/albaiulia\/wp-content\/uploads\/2019\/06\/61691995_2085614368409779_730732344033411072_n.jpg 960w, https:\/\/urbeamea.ro\/albaiulia\/wp-content\/uploads\/2019\/06\/61691995_2085614368409779_730732344033411072_n-150x113.jpg 150w, https:\/\/urbeamea.ro\/albaiulia\/wp-content\/uploads\/2019\/06\/61691995_2085614368409779_730732344033411072_n-640x480.jpg 640w, https:\/\/urbeamea.ro\/albaiulia\/wp-content\/uploads\/2019\/06\/61691995_2085614368409779_730732344033411072_n-768x576.jpg 768w\" sizes=\"auto, (max-width: 960px) 100vw, 960px\" \/><\/figure><\/li><li class=\"blocks-gallery-item\"><figure><img loading=\"lazy\" decoding=\"async\" width=\"960\" height=\"720\" src=\"https:\/\/urbeamea.ro\/albaiulia\/wp-content\/uploads\/2019\/06\/61773853_2085614298409786_5572839561140109312_n.jpg\" alt=\"\" data-id=\"77125\" data-link=\"https:\/\/urbeamea.ro\/albaiulia\/?attachment_id=77125\" class=\"wp-image-77125\" srcset=\"https:\/\/urbeamea.ro\/albaiulia\/wp-content\/uploads\/2019\/06\/61773853_2085614298409786_5572839561140109312_n.jpg 960w, https:\/\/urbeamea.ro\/albaiulia\/wp-content\/uploads\/2019\/06\/61773853_2085614298409786_5572839561140109312_n-150x113.jpg 150w, https:\/\/urbeamea.ro\/albaiulia\/wp-content\/uploads\/2019\/06\/61773853_2085614298409786_5572839561140109312_n-640x480.jpg 640w, https:\/\/urbeamea.ro\/albaiulia\/wp-content\/uploads\/2019\/06\/61773853_2085614298409786_5572839561140109312_n-768x576.jpg 768w\" sizes=\"auto, (max-width: 960px) 100vw, 960px\" \/><\/figure><\/li><li class=\"blocks-gallery-item\"><figure><img loading=\"lazy\" decoding=\"async\" width=\"960\" height=\"720\" src=\"https:\/\/urbeamea.ro\/albaiulia\/wp-content\/uploads\/2019\/06\/61887651_2085615501742999_3204367798377644032_n.jpg\" alt=\"\" data-id=\"77126\" data-link=\"https:\/\/urbeamea.ro\/albaiulia\/?attachment_id=77126\" class=\"wp-image-77126\" srcset=\"https:\/\/urbeamea.ro\/albaiulia\/wp-content\/uploads\/2019\/06\/61887651_2085615501742999_3204367798377644032_n.jpg 960w, https:\/\/urbeamea.ro\/albaiulia\/wp-content\/uploads\/2019\/06\/61887651_2085615501742999_3204367798377644032_n-150x113.jpg 150w, https:\/\/urbeamea.ro\/albaiulia\/wp-content\/uploads\/2019\/06\/61887651_2085615501742999_3204367798377644032_n-640x480.jpg 640w, https:\/\/urbeamea.ro\/albaiulia\/wp-content\/uploads\/2019\/06\/61887651_2085615501742999_3204367798377644032_n-768x576.jpg 768w\" sizes=\"auto, (max-width: 960px) 100vw, 960px\" \/><\/figure><\/li><li class=\"blocks-gallery-item\"><figure><img loading=\"lazy\" decoding=\"async\" width=\"960\" height=\"720\" src=\"https:\/\/urbeamea.ro\/albaiulia\/wp-content\/uploads\/2019\/06\/61993854_2085615685076314_7740594763287494656_n.jpg\" alt=\"\" data-id=\"77127\" data-link=\"https:\/\/urbeamea.ro\/albaiulia\/?attachment_id=77127\" class=\"wp-image-77127\" srcset=\"https:\/\/urbeamea.ro\/albaiulia\/wp-content\/uploads\/2019\/06\/61993854_2085615685076314_7740594763287494656_n.jpg 960w, https:\/\/urbeamea.ro\/albaiulia\/wp-content\/uploads\/2019\/06\/61993854_2085615685076314_7740594763287494656_n-150x113.jpg 150w, https:\/\/urbeamea.ro\/albaiulia\/wp-content\/uploads\/2019\/06\/61993854_2085615685076314_7740594763287494656_n-640x480.jpg 640w, https:\/\/urbeamea.ro\/albaiulia\/wp-content\/uploads\/2019\/06\/61993854_2085615685076314_7740594763287494656_n-768x576.jpg 768w\" sizes=\"auto, (max-width: 960px) 100vw, 960px\" \/><\/figure><\/li><\/ul>\n","protected":false},"excerpt":{"rendered":"<p>Copiii de la Centrul de zi \u201eSf\u00e2nta Irina\u201d din Blaj au s\u0103rb\u0103torit cu bucurie \u015fi entuziasm Ziua Interna\u0163ional\u0103 a Copilului \u2013 1 Iunie. Aceast\u0103 dat\u0103 coincide cu data la care a fost \u00eenfiin\u0163at Centrul de zi din Blaj, anul acesta \u00eemplinindu-se 7 ani de la \u00eenfiin\u0163area acestui a\u015fez\u0103m\u00e2nt. Cu aceast\u0103 ocazie, copiii au avut parte &hellip;<\/p>\n","protected":false},"author":17,"featured_media":77126,"comment_status":"open","ping_status":"open","sticky":false,"template":"","format":"standard","meta":{"inline_featured_image":false,"footnotes":""},"categories":[2034],"tags":[17955,31,170,3578,308,76,5599],"class_list":["post-77122","post","type-post","status-publish","format-standard","has-post-thumbnail","hentry","category-social","tag-7-ani-de-la-deschiderea-centrului","tag-alba-iulia","tag-blaj","tag-centrul-de-zi-sfanta-irina","tag-stiri","tag-urbea-mea","tag-ziua-internationala-a-copilului"],"yoast_head":"<!-- This site is optimized with the Yoast SEO plugin v28.3 - https:\/\/yoast.com\/product\/yoast-seo-wordpress\/ -->\n<title>FOTO: Prichindeii de la Centrul de zi \u201eSf\u00e2nta Irina\u201d din Blaj au s\u0103rb\u0103torit Ziua Interna\u0163ional\u0103 a Copilului \u015fi 7 ani de la deschiderea centrului - Revista Urbea Mea - Revista de Alba<\/title>\n<meta name=\"description\" content=\"Copiii de la Centrul de zi \u201eSf\u00e2nta Irina\u201d din Blaj au s\u0103rb\u0103torit cu bucurie \u015fi entuziasm Ziua Interna\u0163ional\u0103 a Copilului \u2013 1 Iunie. Aceast\u0103 dat\u0103 coincide\" \/>\n<meta name=\"robots\" content=\"index, follow, max-snippet:-1, max-image-preview:large, max-video-preview:-1\" \/>\n<link rel=\"canonical\" href=\"https:\/\/urbeamea.ro\/albaiulia\/foto-prichindeii-de-la-centrul-de-zi-sfanta-irina-din-blaj-au-sarbatorit-ziua-internationala-a-copilului-si-7-ani-de-la-deschiderea-centrului\/\" \/>\n<meta name=\"twitter:card\" content=\"summary_large_image\" \/>\n<meta name=\"twitter:title\" content=\"FOTO: Prichindeii de la Centrul de zi \u201eSf\u00e2nta Irina\u201d din Blaj au s\u0103rb\u0103torit Ziua Interna\u0163ional\u0103 a Copilului \u015fi 7 ani de la deschiderea centrului - Revista Urbea Mea - Revista de Alba\" \/>\n<meta name=\"twitter:description\" content=\"Copiii de la Centrul de zi \u201eSf\u00e2nta Irina\u201d din Blaj au s\u0103rb\u0103torit cu bucurie \u015fi entuziasm Ziua Interna\u0163ional\u0103 a Copilului \u2013 1 Iunie. Aceast\u0103 dat\u0103 coincide\" \/>\n<meta name=\"twitter:image\" content=\"https:\/\/urbeamea.ro\/albaiulia\/wp-content\/uploads\/2019\/06\/61887651_2085615501742999_3204367798377644032_n.jpg\" \/>\n<meta name=\"twitter:creator\" content=\"@urbeameaweb\" \/>\n<meta name=\"twitter:site\" content=\"@urbeameaweb\" \/>\n<script type=\"application\/ld+json\" class=\"yoast-schema-graph\">{\"@context\":\"https:\\\/\\\/schema.org\",\"@graph\":[{\"@type\":\"Article\",\"@id\":\"https:\\\/\\\/urbeamea.ro\\\/albaiulia\\\/foto-prichindeii-de-la-centrul-de-zi-sfanta-irina-din-blaj-au-sarbatorit-ziua-internationala-a-copilului-si-7-ani-de-la-deschiderea-centrului\\\/#article\",\"isPartOf\":{\"@id\":\"https:\\\/\\\/urbeamea.ro\\\/albaiulia\\\/foto-prichindeii-de-la-centrul-de-zi-sfanta-irina-din-blaj-au-sarbatorit-ziua-internationala-a-copilului-si-7-ani-de-la-deschiderea-centrului\\\/\"},\"author\":{\"name\":\"Cristina Ganga\",\"@id\":\"https:\\\/\\\/urbeamea.ro\\\/albaiulia\\\/#\\\/schema\\\/person\\\/9700d21fae21c4f038b0b56f4506264a\"},\"headline\":\"FOTO: Prichindeii de la Centrul de zi \u201eSf\u00e2nta Irina\u201d din Blaj au s\u0103rb\u0103torit Ziua Interna\u0163ional\u0103 a Copilului \u015fi 7 ani de la deschiderea centrului\",\"datePublished\":\"2019-06-02T08:08:08+00:00\",\"dateModified\":\"2019-06-02T08:08:10+00:00\",\"mainEntityOfPage\":{\"@id\":\"https:\\\/\\\/urbeamea.ro\\\/albaiulia\\\/foto-prichindeii-de-la-centrul-de-zi-sfanta-irina-din-blaj-au-sarbatorit-ziua-internationala-a-copilului-si-7-ani-de-la-deschiderea-centrului\\\/\"},\"wordCount\":409,\"commentCount\":0,\"image\":{\"@id\":\"https:\\\/\\\/urbeamea.ro\\\/albaiulia\\\/foto-prichindeii-de-la-centrul-de-zi-sfanta-irina-din-blaj-au-sarbatorit-ziua-internationala-a-copilului-si-7-ani-de-la-deschiderea-centrului\\\/#primaryimage\"},\"thumbnailUrl\":\"https:\\\/\\\/urbeamea.ro\\\/albaiulia\\\/wp-content\\\/uploads\\\/2019\\\/06\\\/61887651_2085615501742999_3204367798377644032_n.jpg\",\"keywords\":[\"7 ani de la deschiderea centrului\",\"Alba Iulia\",\"blaj\",\"centrul de zi sfanta irina\",\"stiri\",\"Urbea Mea\",\"ziua internationala a copilului\"],\"articleSection\":[\"Social\"],\"inLanguage\":\"ro-RO\",\"potentialAction\":[{\"@type\":\"CommentAction\",\"name\":\"Comment\",\"target\":[\"https:\\\/\\\/urbeamea.ro\\\/albaiulia\\\/foto-prichindeii-de-la-centrul-de-zi-sfanta-irina-din-blaj-au-sarbatorit-ziua-internationala-a-copilului-si-7-ani-de-la-deschiderea-centrului\\\/#respond\"]}]},{\"@type\":\"WebPage\",\"@id\":\"https:\\\/\\\/urbeamea.ro\\\/albaiulia\\\/foto-prichindeii-de-la-centrul-de-zi-sfanta-irina-din-blaj-au-sarbatorit-ziua-internationala-a-copilului-si-7-ani-de-la-deschiderea-centrului\\\/\",\"url\":\"https:\\\/\\\/urbeamea.ro\\\/albaiulia\\\/foto-prichindeii-de-la-centrul-de-zi-sfanta-irina-din-blaj-au-sarbatorit-ziua-internationala-a-copilului-si-7-ani-de-la-deschiderea-centrului\\\/\",\"name\":\"FOTO: Prichindeii de la Centrul de zi \u201eSf\u00e2nta Irina\u201d din Blaj au s\u0103rb\u0103torit Ziua Interna\u0163ional\u0103 a Copilului \u015fi 7 ani de la deschiderea centrului - Revista Urbea Mea - Revista de Alba\",\"isPartOf\":{\"@id\":\"https:\\\/\\\/urbeamea.ro\\\/albaiulia\\\/#website\"},\"primaryImageOfPage\":{\"@id\":\"https:\\\/\\\/urbeamea.ro\\\/albaiulia\\\/foto-prichindeii-de-la-centrul-de-zi-sfanta-irina-din-blaj-au-sarbatorit-ziua-internationala-a-copilului-si-7-ani-de-la-deschiderea-centrului\\\/#primaryimage\"},\"image\":{\"@id\":\"https:\\\/\\\/urbeamea.ro\\\/albaiulia\\\/foto-prichindeii-de-la-centrul-de-zi-sfanta-irina-din-blaj-au-sarbatorit-ziua-internationala-a-copilului-si-7-ani-de-la-deschiderea-centrului\\\/#primaryimage\"},\"thumbnailUrl\":\"https:\\\/\\\/urbeamea.ro\\\/albaiulia\\\/wp-content\\\/uploads\\\/2019\\\/06\\\/61887651_2085615501742999_3204367798377644032_n.jpg\",\"datePublished\":\"2019-06-02T08:08:08+00:00\",\"dateModified\":\"2019-06-02T08:08:10+00:00\",\"author\":{\"@id\":\"https:\\\/\\\/urbeamea.ro\\\/albaiulia\\\/#\\\/schema\\\/person\\\/9700d21fae21c4f038b0b56f4506264a\"},\"description\":\"Copiii de la Centrul de zi \u201eSf\u00e2nta Irina\u201d din Blaj au s\u0103rb\u0103torit cu bucurie \u015fi entuziasm Ziua Interna\u0163ional\u0103 a Copilului \u2013 1 Iunie. Aceast\u0103 dat\u0103 coincide\",\"breadcrumb\":{\"@id\":\"https:\\\/\\\/urbeamea.ro\\\/albaiulia\\\/foto-prichindeii-de-la-centrul-de-zi-sfanta-irina-din-blaj-au-sarbatorit-ziua-internationala-a-copilului-si-7-ani-de-la-deschiderea-centrului\\\/#breadcrumb\"},\"inLanguage\":\"ro-RO\",\"potentialAction\":[{\"@type\":\"ReadAction\",\"target\":[\"https:\\\/\\\/urbeamea.ro\\\/albaiulia\\\/foto-prichindeii-de-la-centrul-de-zi-sfanta-irina-din-blaj-au-sarbatorit-ziua-internationala-a-copilului-si-7-ani-de-la-deschiderea-centrului\\\/\"]}]},{\"@type\":\"ImageObject\",\"inLanguage\":\"ro-RO\",\"@id\":\"https:\\\/\\\/urbeamea.ro\\\/albaiulia\\\/foto-prichindeii-de-la-centrul-de-zi-sfanta-irina-din-blaj-au-sarbatorit-ziua-internationala-a-copilului-si-7-ani-de-la-deschiderea-centrului\\\/#primaryimage\",\"url\":\"https:\\\/\\\/urbeamea.ro\\\/albaiulia\\\/wp-content\\\/uploads\\\/2019\\\/06\\\/61887651_2085615501742999_3204367798377644032_n.jpg\",\"contentUrl\":\"https:\\\/\\\/urbeamea.ro\\\/albaiulia\\\/wp-content\\\/uploads\\\/2019\\\/06\\\/61887651_2085615501742999_3204367798377644032_n.jpg\",\"width\":960,\"height\":720},{\"@type\":\"BreadcrumbList\",\"@id\":\"https:\\\/\\\/urbeamea.ro\\\/albaiulia\\\/foto-prichindeii-de-la-centrul-de-zi-sfanta-irina-din-blaj-au-sarbatorit-ziua-internationala-a-copilului-si-7-ani-de-la-deschiderea-centrului\\\/#breadcrumb\",\"itemListElement\":[{\"@type\":\"ListItem\",\"position\":1,\"name\":\"Prima pagin\u0103\",\"item\":\"https:\\\/\\\/urbeamea.ro\\\/albaiulia\\\/\"},{\"@type\":\"ListItem\",\"position\":2,\"name\":\"FOTO: Prichindeii de la Centrul de zi \u201eSf\u00e2nta Irina\u201d din Blaj au s\u0103rb\u0103torit Ziua Interna\u0163ional\u0103 a Copilului \u015fi 7 ani de la deschiderea centrului\"}]},{\"@type\":\"WebSite\",\"@id\":\"https:\\\/\\\/urbeamea.ro\\\/albaiulia\\\/#website\",\"url\":\"https:\\\/\\\/urbeamea.ro\\\/albaiulia\\\/\",\"name\":\"Revista Urbea Mea, Stiri urbane\",\"description\":\"Evenimente \u0219i \u0219tiri din Alba Iulia, Sebe\u0219, Aiud, Blaj\",\"potentialAction\":[{\"@type\":\"SearchAction\",\"target\":{\"@type\":\"EntryPoint\",\"urlTemplate\":\"https:\\\/\\\/urbeamea.ro\\\/albaiulia\\\/?s={search_term_string}\"},\"query-input\":{\"@type\":\"PropertyValueSpecification\",\"valueRequired\":true,\"valueName\":\"search_term_string\"}}],\"inLanguage\":\"ro-RO\"},{\"@type\":\"Person\",\"@id\":\"https:\\\/\\\/urbeamea.ro\\\/albaiulia\\\/#\\\/schema\\\/person\\\/9700d21fae21c4f038b0b56f4506264a\",\"name\":\"Cristina Ganga\",\"image\":{\"@type\":\"ImageObject\",\"inLanguage\":\"ro-RO\",\"@id\":\"https:\\\/\\\/secure.gravatar.com\\\/avatar\\\/5a67661041f057b4a8ccaf26f5a8e86e2689372006d01faf3dd9eeb10b654bb4?s=96&d=mm&r=g\",\"url\":\"https:\\\/\\\/secure.gravatar.com\\\/avatar\\\/5a67661041f057b4a8ccaf26f5a8e86e2689372006d01faf3dd9eeb10b654bb4?s=96&d=mm&r=g\",\"contentUrl\":\"https:\\\/\\\/secure.gravatar.com\\\/avatar\\\/5a67661041f057b4a8ccaf26f5a8e86e2689372006d01faf3dd9eeb10b654bb4?s=96&d=mm&r=g\",\"caption\":\"Cristina Ganga\"},\"description\":\"Jurnalist\",\"sameAs\":[\"https:\\\/\\\/www.facebook.com\\\/cristina.nicola.587\"],\"url\":\"https:\\\/\\\/urbeamea.ro\\\/albaiulia\\\/author\\\/cristina-nicola\\\/\"}]}<\/script>\n<!-- \/ Yoast SEO plugin. -->","yoast_head_json":{"title":"FOTO: Prichindeii de la Centrul de zi \u201eSf\u00e2nta Irina\u201d din Blaj au s\u0103rb\u0103torit Ziua Interna\u0163ional\u0103 a Copilului \u015fi 7 ani de la deschiderea centrului - Revista Urbea Mea - Revista de Alba","description":"Copiii de la Centrul de zi \u201eSf\u00e2nta Irina\u201d din Blaj au s\u0103rb\u0103torit cu bucurie \u015fi entuziasm Ziua Interna\u0163ional\u0103 a Copilului \u2013 1 Iunie. Aceast\u0103 dat\u0103 coincide","robots":{"index":"index","follow":"follow","max-snippet":"max-snippet:-1","max-image-preview":"max-image-preview:large","max-video-preview":"max-video-preview:-1"},"canonical":"https:\/\/urbeamea.ro\/albaiulia\/foto-prichindeii-de-la-centrul-de-zi-sfanta-irina-din-blaj-au-sarbatorit-ziua-internationala-a-copilului-si-7-ani-de-la-deschiderea-centrului\/","twitter_card":"summary_large_image","twitter_title":"FOTO: Prichindeii de la Centrul de zi \u201eSf\u00e2nta Irina\u201d din Blaj au s\u0103rb\u0103torit Ziua Interna\u0163ional\u0103 a Copilului \u015fi 7 ani de la deschiderea centrului - Revista Urbea Mea - Revista de Alba","twitter_description":"Copiii de la Centrul de zi \u201eSf\u00e2nta Irina\u201d din Blaj au s\u0103rb\u0103torit cu bucurie \u015fi entuziasm Ziua Interna\u0163ional\u0103 a Copilului \u2013 1 Iunie. Aceast\u0103 dat\u0103 coincide","twitter_image":"https:\/\/urbeamea.ro\/albaiulia\/wp-content\/uploads\/2019\/06\/61887651_2085615501742999_3204367798377644032_n.jpg","twitter_creator":"@urbeameaweb","twitter_site":"@urbeameaweb","schema":{"@context":"https:\/\/schema.org","@graph":[{"@type":"Article","@id":"https:\/\/urbeamea.ro\/albaiulia\/foto-prichindeii-de-la-centrul-de-zi-sfanta-irina-din-blaj-au-sarbatorit-ziua-internationala-a-copilului-si-7-ani-de-la-deschiderea-centrului\/#article","isPartOf":{"@id":"https:\/\/urbeamea.ro\/albaiulia\/foto-prichindeii-de-la-centrul-de-zi-sfanta-irina-din-blaj-au-sarbatorit-ziua-internationala-a-copilului-si-7-ani-de-la-deschiderea-centrului\/"},"author":{"name":"Cristina Ganga","@id":"https:\/\/urbeamea.ro\/albaiulia\/#\/schema\/person\/9700d21fae21c4f038b0b56f4506264a"},"headline":"FOTO: Prichindeii de la Centrul de zi \u201eSf\u00e2nta Irina\u201d din Blaj au s\u0103rb\u0103torit Ziua Interna\u0163ional\u0103 a Copilului \u015fi 7 ani de la deschiderea centrului","datePublished":"2019-06-02T08:08:08+00:00","dateModified":"2019-06-02T08:08:10+00:00","mainEntityOfPage":{"@id":"https:\/\/urbeamea.ro\/albaiulia\/foto-prichindeii-de-la-centrul-de-zi-sfanta-irina-din-blaj-au-sarbatorit-ziua-internationala-a-copilului-si-7-ani-de-la-deschiderea-centrului\/"},"wordCount":409,"commentCount":0,"image":{"@id":"https:\/\/urbeamea.ro\/albaiulia\/foto-prichindeii-de-la-centrul-de-zi-sfanta-irina-din-blaj-au-sarbatorit-ziua-internationala-a-copilului-si-7-ani-de-la-deschiderea-centrului\/#primaryimage"},"thumbnailUrl":"https:\/\/urbeamea.ro\/albaiulia\/wp-content\/uploads\/2019\/06\/61887651_2085615501742999_3204367798377644032_n.jpg","keywords":["7 ani de la deschiderea centrului","Alba Iulia","blaj","centrul de zi sfanta irina","stiri","Urbea Mea","ziua internationala a copilului"],"articleSection":["Social"],"inLanguage":"ro-RO","potentialAction":[{"@type":"CommentAction","name":"Comment","target":["https:\/\/urbeamea.ro\/albaiulia\/foto-prichindeii-de-la-centrul-de-zi-sfanta-irina-din-blaj-au-sarbatorit-ziua-internationala-a-copilului-si-7-ani-de-la-deschiderea-centrului\/#respond"]}]},{"@type":"WebPage","@id":"https:\/\/urbeamea.ro\/albaiulia\/foto-prichindeii-de-la-centrul-de-zi-sfanta-irina-din-blaj-au-sarbatorit-ziua-internationala-a-copilului-si-7-ani-de-la-deschiderea-centrului\/","url":"https:\/\/urbeamea.ro\/albaiulia\/foto-prichindeii-de-la-centrul-de-zi-sfanta-irina-din-blaj-au-sarbatorit-ziua-internationala-a-copilului-si-7-ani-de-la-deschiderea-centrului\/","name":"FOTO: Prichindeii de la Centrul de zi \u201eSf\u00e2nta Irina\u201d din Blaj au s\u0103rb\u0103torit Ziua Interna\u0163ional\u0103 a Copilului \u015fi 7 ani de la deschiderea centrului - Revista Urbea Mea - Revista de Alba","isPartOf":{"@id":"https:\/\/urbeamea.ro\/albaiulia\/#website"},"primaryImageOfPage":{"@id":"https:\/\/urbeamea.ro\/albaiulia\/foto-prichindeii-de-la-centrul-de-zi-sfanta-irina-din-blaj-au-sarbatorit-ziua-internationala-a-copilului-si-7-ani-de-la-deschiderea-centrului\/#primaryimage"},"image":{"@id":"https:\/\/urbeamea.ro\/albaiulia\/foto-prichindeii-de-la-centrul-de-zi-sfanta-irina-din-blaj-au-sarbatorit-ziua-internationala-a-copilului-si-7-ani-de-la-deschiderea-centrului\/#primaryimage"},"thumbnailUrl":"https:\/\/urbeamea.ro\/albaiulia\/wp-content\/uploads\/2019\/06\/61887651_2085615501742999_3204367798377644032_n.jpg","datePublished":"2019-06-02T08:08:08+00:00","dateModified":"2019-06-02T08:08:10+00:00","author":{"@id":"https:\/\/urbeamea.ro\/albaiulia\/#\/schema\/person\/9700d21fae21c4f038b0b56f4506264a"},"description":"Copiii de la Centrul de zi \u201eSf\u00e2nta Irina\u201d din Blaj au s\u0103rb\u0103torit cu bucurie \u015fi entuziasm Ziua Interna\u0163ional\u0103 a Copilului \u2013 1 Iunie. Aceast\u0103 dat\u0103 coincide","breadcrumb":{"@id":"https:\/\/urbeamea.ro\/albaiulia\/foto-prichindeii-de-la-centrul-de-zi-sfanta-irina-din-blaj-au-sarbatorit-ziua-internationala-a-copilului-si-7-ani-de-la-deschiderea-centrului\/#breadcrumb"},"inLanguage":"ro-RO","potentialAction":[{"@type":"ReadAction","target":["https:\/\/urbeamea.ro\/albaiulia\/foto-prichindeii-de-la-centrul-de-zi-sfanta-irina-din-blaj-au-sarbatorit-ziua-internationala-a-copilului-si-7-ani-de-la-deschiderea-centrului\/"]}]},{"@type":"ImageObject","inLanguage":"ro-RO","@id":"https:\/\/urbeamea.ro\/albaiulia\/foto-prichindeii-de-la-centrul-de-zi-sfanta-irina-din-blaj-au-sarbatorit-ziua-internationala-a-copilului-si-7-ani-de-la-deschiderea-centrului\/#primaryimage","url":"https:\/\/urbeamea.ro\/albaiulia\/wp-content\/uploads\/2019\/06\/61887651_2085615501742999_3204367798377644032_n.jpg","contentUrl":"https:\/\/urbeamea.ro\/albaiulia\/wp-content\/uploads\/2019\/06\/61887651_2085615501742999_3204367798377644032_n.jpg","width":960,"height":720},{"@type":"BreadcrumbList","@id":"https:\/\/urbeamea.ro\/albaiulia\/foto-prichindeii-de-la-centrul-de-zi-sfanta-irina-din-blaj-au-sarbatorit-ziua-internationala-a-copilului-si-7-ani-de-la-deschiderea-centrului\/#breadcrumb","itemListElement":[{"@type":"ListItem","position":1,"name":"Prima pagin\u0103","item":"https:\/\/urbeamea.ro\/albaiulia\/"},{"@type":"ListItem","position":2,"name":"FOTO: Prichindeii de la Centrul de zi \u201eSf\u00e2nta Irina\u201d din Blaj au s\u0103rb\u0103torit Ziua Interna\u0163ional\u0103 a Copilului \u015fi 7 ani de la deschiderea centrului"}]},{"@type":"WebSite","@id":"https:\/\/urbeamea.ro\/albaiulia\/#website","url":"https:\/\/urbeamea.ro\/albaiulia\/","name":"Revista Urbea Mea, Stiri urbane","description":"Evenimente \u0219i \u0219tiri din Alba Iulia, Sebe\u0219, Aiud, Blaj","potentialAction":[{"@type":"SearchAction","target":{"@type":"EntryPoint","urlTemplate":"https:\/\/urbeamea.ro\/albaiulia\/?s={search_term_string}"},"query-input":{"@type":"PropertyValueSpecification","valueRequired":true,"valueName":"search_term_string"}}],"inLanguage":"ro-RO"},{"@type":"Person","@id":"https:\/\/urbeamea.ro\/albaiulia\/#\/schema\/person\/9700d21fae21c4f038b0b56f4506264a","name":"Cristina Ganga","image":{"@type":"ImageObject","inLanguage":"ro-RO","@id":"https:\/\/secure.gravatar.com\/avatar\/5a67661041f057b4a8ccaf26f5a8e86e2689372006d01faf3dd9eeb10b654bb4?s=96&d=mm&r=g","url":"https:\/\/secure.gravatar.com\/avatar\/5a67661041f057b4a8ccaf26f5a8e86e2689372006d01faf3dd9eeb10b654bb4?s=96&d=mm&r=g","contentUrl":"https:\/\/secure.gravatar.com\/avatar\/5a67661041f057b4a8ccaf26f5a8e86e2689372006d01faf3dd9eeb10b654bb4?s=96&d=mm&r=g","caption":"Cristina Ganga"},"description":"Jurnalist","sameAs":["https:\/\/www.facebook.com\/cristina.nicola.587"],"url":"https:\/\/urbeamea.ro\/albaiulia\/author\/cristina-nicola\/"}]}},"_links":{"self":[{"href":"https:\/\/urbeamea.ro\/albaiulia\/wp-json\/wp\/v2\/posts\/77122","targetHints":{"allow":["GET"]}}],"collection":[{"href":"https:\/\/urbeamea.ro\/albaiulia\/wp-json\/wp\/v2\/posts"}],"about":[{"href":"https:\/\/urbeamea.ro\/albaiulia\/wp-json\/wp\/v2\/types\/post"}],"author":[{"embeddable":true,"href":"https:\/\/urbeamea.ro\/albaiulia\/wp-json\/wp\/v2\/users\/17"}],"replies":[{"embeddable":true,"href":"https:\/\/urbeamea.ro\/albaiulia\/wp-json\/wp\/v2\/comments?post=77122"}],"version-history":[{"count":0,"href":"https:\/\/urbeamea.ro\/albaiulia\/wp-json\/wp\/v2\/posts\/77122\/revisions"}],"wp:featuredmedia":[{"embeddable":true,"href":"https:\/\/urbeamea.ro\/albaiulia\/wp-json\/wp\/v2\/media\/77126"}],"wp:attachment":[{"href":"https:\/\/urbeamea.ro\/albaiulia\/wp-json\/wp\/v2\/media?parent=77122"}],"wp:term":[{"taxonomy":"category","embeddable":true,"href":"https:\/\/urbeamea.ro\/albaiulia\/wp-json\/wp\/v2\/categories?post=77122"},{"taxonomy":"post_tag","embeddable":true,"href":"https:\/\/urbeamea.ro\/albaiulia\/wp-json\/wp\/v2\/tags?post=77122"}],"curies":[{"name":"wp","href":"https:\/\/api.w.org\/{rel}","templated":true}]}}