{"id":77143,"date":"2019-06-03T09:00:13","date_gmt":"2019-06-03T06:00:13","guid":{"rendered":"https:\/\/urbeamea.ro\/albaiulia\/?p=77143"},"modified":"2019-06-03T09:00:16","modified_gmt":"2019-06-03T06:00:16","slug":"foto-crucea-rosie-romana-filiala-alba-alaturi-de-comunitatile-din-sudul-judetului-alba-afectate-de-pe-urma-inundatiilor-din-1-iunie","status":"publish","type":"post","link":"https:\/\/urbeamea.ro\/albaiulia\/foto-crucea-rosie-romana-filiala-alba-alaturi-de-comunitatile-din-sudul-judetului-alba-afectate-de-pe-urma-inundatiilor-din-1-iunie\/","title":{"rendered":"FOTO: Crucea Ro\u0219ie Rom\u00e2n\u0103 Filiala Alba, al\u0103turi de comunit\u0103\u021bile din sudul Jude\u021bului Alba afectate de pe urma inunda\u021biilor din 1 iunie"},"content":{"rendered":"\n<p><strong>Urmare a precipita\u021biilor abundente \u00eenregistrate \u00een sudul jude\u021bului Alba, \u00een data de 1 iunie 2019, localit\u0103\u021bile R\u0103chita, Pianu de Jos, Pianu de Sus, Sebe\u0219el \u0219i S\u0103li\u0219tea au fost afectate grav de inunda\u021bii. <\/strong><\/p>\n\n\n\n<p>Crucea Ro\u0219ie Rom\u00e2n\u0103 Filiala Alba, \u00een calitate de organiza\u021bie dedicat\u0103\nproblemelor umanit\u0103\u021bii, membr\u0103 \u00een Comitetul Jude\u021bean pentru Situa\u021bii de Urgen\u021b\u0103\nAlba, a intervenit \u00een accea\u0219i zi, pentru a oferi ajutoare de prim\u0103 necesitate\npentru sinistra\u021bi.<\/p>\n\n\n\n<p>Astfel, un prim transport cu ajutoare umanitare, destinat\nlocalit\u0103\u021bilor \u00een care a fost declarat\u0103 stare de dezastru, a sosit s\u00e2mb\u0103t\u0103 noaptea\n\u00een zon\u0103, asigur\u00e2nd500 litri de ap\u0103, 100 litri de lapte, 100 de p\u0103turi,\n100 de saci de dormit, 50 saltele \u0219i \u00eembr\u0103c\u0103minte pentru aproximativ 70 de\ncopii. <\/p>\n\n\n\n<p>Av\u00e2nd \u00een gestiune un depozit de materiale pentru dezastre, precum\n\u0219i un fond de urgen\u021b\u0103, ambele destinate unor asemenea situa\u021bii de criz\u0103, Crucea\nRo\u0219ie Rom\u00e2n\u0103 Filiala Alba a r\u0103spuns, prin personalul \u0219i voluntarii s\u0103i, oferind asisten\u021b\u0103 umanitar\u0103 de\nurgen\u021b\u0103.<\/p>\n\n\n\n<p>\u00cen decursul acestei dimine\u021bi, trei echipe alc\u0103tuite din\nvoluntari \u0219i angaja\u021bi ai Crucii Ro\u0219ii au pornit din nou c\u0103tre zona calamitat\u0103,\npentru a transporta alimente, ap\u0103 \u0219i produse igienico-sanitare. <\/p>\n\n\n\n<p>Astfel \u00een localitatea S\u0103li\u0219tea, o echip\u0103 format\u0103 din trei\npersoane s-a deplasat \u00een teritoriu pentru a distribui 200 l de ap\u0103 familiilor\nafectate.<\/p>\n\n\n\n<p>Totodat\u0103, \u00een localitatea R\u0103chita, alte dou\u0103 echipe, formate\ndin 9 persoane, s-au deplasat cu dou\u0103 ma\u0219ini, dintre care una 4&#215;4, \u0219i o\nremorc\u0103, pentru a distribui alimente (240 buc. pateuri, 216 conserve, 200\np\u00e2ini, 400 litri ap\u0103) \u0219i 200 pachete igienico sanitare, 100 perechi cizme \u0219i\npeste 300 seturi de lenjerii de pat.<\/p>\n\n\n\n<p>Sunt oameni afecta\u021bi grav, ca urmare a inunda\u021biilor \u0219i viiturilor din acest sf\u00e2r\u0219it de s\u0103pt\u0103m\u00e2n\u0103. Ace\u0219tia trebuie s\u0103 \u0219tie c\u0103 nu sunt singuri, c\u0103 suntem al\u0103turi de ei \u0219i \u00eei sprijinim pentru a trece mai u\u0219or peste aceste probleme \u0219i greut\u0103\u021bi. Organiza\u021bia noastr\u0103 face un apel c\u0103tre popula\u0163ie, s\u0103 doneze alimente, ap\u0103 \u0219i produse igienico-sanitare. Acestea pot fi aduse la adresa organiza\u0163iei noastre: Alba Iulia, str. Bucure\u015fti, nr. 16, urm\u00e2nd ca ele s\u0103 fie transportate ulterior de Crucea Ro\u015fie \u00een zonele calamitate.<\/p>\n\n\n\n<ul class=\"wp-block-gallery columns-3 is-cropped wp-block-gallery-1 is-layout-flex wp-block-gallery-is-layout-flex\"><li class=\"blocks-gallery-item\"><figure><a href=\"https:\/\/urbeamea.ro\/albaiulia\/wp-content\/uploads\/2019\/06\/0bacb028-a3e8-4618-ba2c-3d75a2e33c5e-961x1280.jpg\"><img loading=\"lazy\" decoding=\"async\" width=\"961\" height=\"1280\" src=\"https:\/\/urbeamea.ro\/albaiulia\/wp-content\/uploads\/2019\/06\/0bacb028-a3e8-4618-ba2c-3d75a2e33c5e-961x1280.jpg\" alt=\"\" data-id=\"77144\" data-link=\"https:\/\/urbeamea.ro\/albaiulia\/?attachment_id=77144\" class=\"wp-image-77144\" srcset=\"https:\/\/urbeamea.ro\/albaiulia\/wp-content\/uploads\/2019\/06\/0bacb028-a3e8-4618-ba2c-3d75a2e33c5e-961x1280.jpg 961w, https:\/\/urbeamea.ro\/albaiulia\/wp-content\/uploads\/2019\/06\/0bacb028-a3e8-4618-ba2c-3d75a2e33c5e-113x150.jpg 113w, https:\/\/urbeamea.ro\/albaiulia\/wp-content\/uploads\/2019\/06\/0bacb028-a3e8-4618-ba2c-3d75a2e33c5e-480x640.jpg 480w, https:\/\/urbeamea.ro\/albaiulia\/wp-content\/uploads\/2019\/06\/0bacb028-a3e8-4618-ba2c-3d75a2e33c5e-768x1023.jpg 768w, https:\/\/urbeamea.ro\/albaiulia\/wp-content\/uploads\/2019\/06\/0bacb028-a3e8-4618-ba2c-3d75a2e33c5e.jpg 1200w\" sizes=\"auto, (max-width: 961px) 100vw, 961px\" \/><\/a><\/figure><\/li><li class=\"blocks-gallery-item\"><figure><a href=\"https:\/\/urbeamea.ro\/albaiulia\/wp-content\/uploads\/2019\/06\/0d8a0b36-845a-4e03-821d-5ea4fcb3db7f.jpg\"><img loading=\"lazy\" decoding=\"async\" width=\"768\" height=\"1024\" src=\"https:\/\/urbeamea.ro\/albaiulia\/wp-content\/uploads\/2019\/06\/0d8a0b36-845a-4e03-821d-5ea4fcb3db7f.jpg\" alt=\"\" data-id=\"77145\" data-link=\"https:\/\/urbeamea.ro\/albaiulia\/?attachment_id=77145\" class=\"wp-image-77145\" srcset=\"https:\/\/urbeamea.ro\/albaiulia\/wp-content\/uploads\/2019\/06\/0d8a0b36-845a-4e03-821d-5ea4fcb3db7f.jpg 768w, https:\/\/urbeamea.ro\/albaiulia\/wp-content\/uploads\/2019\/06\/0d8a0b36-845a-4e03-821d-5ea4fcb3db7f-113x150.jpg 113w, https:\/\/urbeamea.ro\/albaiulia\/wp-content\/uploads\/2019\/06\/0d8a0b36-845a-4e03-821d-5ea4fcb3db7f-480x640.jpg 480w\" sizes=\"auto, (max-width: 768px) 100vw, 768px\" \/><\/a><\/figure><\/li><li class=\"blocks-gallery-item\"><figure><a href=\"https:\/\/urbeamea.ro\/albaiulia\/wp-content\/uploads\/2019\/06\/4dc4cc82-98e4-474b-a397-a05e2ff2defc.jpg\"><img loading=\"lazy\" decoding=\"async\" width=\"768\" height=\"1024\" src=\"https:\/\/urbeamea.ro\/albaiulia\/wp-content\/uploads\/2019\/06\/4dc4cc82-98e4-474b-a397-a05e2ff2defc.jpg\" alt=\"\" data-id=\"77146\" data-link=\"https:\/\/urbeamea.ro\/albaiulia\/?attachment_id=77146\" class=\"wp-image-77146\" srcset=\"https:\/\/urbeamea.ro\/albaiulia\/wp-content\/uploads\/2019\/06\/4dc4cc82-98e4-474b-a397-a05e2ff2defc.jpg 768w, https:\/\/urbeamea.ro\/albaiulia\/wp-content\/uploads\/2019\/06\/4dc4cc82-98e4-474b-a397-a05e2ff2defc-113x150.jpg 113w, https:\/\/urbeamea.ro\/albaiulia\/wp-content\/uploads\/2019\/06\/4dc4cc82-98e4-474b-a397-a05e2ff2defc-480x640.jpg 480w\" sizes=\"auto, (max-width: 768px) 100vw, 768px\" \/><\/a><\/figure><\/li><li class=\"blocks-gallery-item\"><figure><a href=\"https:\/\/urbeamea.ro\/albaiulia\/wp-content\/uploads\/2019\/06\/6b0d37b5-636c-4a52-bed8-a35940a85384.jpg\"><img loading=\"lazy\" decoding=\"async\" width=\"768\" height=\"1024\" src=\"https:\/\/urbeamea.ro\/albaiulia\/wp-content\/uploads\/2019\/06\/6b0d37b5-636c-4a52-bed8-a35940a85384.jpg\" alt=\"\" data-id=\"77147\" data-link=\"https:\/\/urbeamea.ro\/albaiulia\/?attachment_id=77147\" class=\"wp-image-77147\" srcset=\"https:\/\/urbeamea.ro\/albaiulia\/wp-content\/uploads\/2019\/06\/6b0d37b5-636c-4a52-bed8-a35940a85384.jpg 768w, https:\/\/urbeamea.ro\/albaiulia\/wp-content\/uploads\/2019\/06\/6b0d37b5-636c-4a52-bed8-a35940a85384-113x150.jpg 113w, https:\/\/urbeamea.ro\/albaiulia\/wp-content\/uploads\/2019\/06\/6b0d37b5-636c-4a52-bed8-a35940a85384-480x640.jpg 480w\" sizes=\"auto, (max-width: 768px) 100vw, 768px\" \/><\/a><\/figure><\/li><li class=\"blocks-gallery-item\"><figure><a href=\"https:\/\/urbeamea.ro\/albaiulia\/wp-content\/uploads\/2019\/06\/8e1152b6-9c4b-4929-9555-903b3b5cf7f2.jpg\"><img loading=\"lazy\" decoding=\"async\" width=\"768\" height=\"1024\" src=\"https:\/\/urbeamea.ro\/albaiulia\/wp-content\/uploads\/2019\/06\/8e1152b6-9c4b-4929-9555-903b3b5cf7f2.jpg\" alt=\"\" data-id=\"77148\" data-link=\"https:\/\/urbeamea.ro\/albaiulia\/?attachment_id=77148\" class=\"wp-image-77148\" srcset=\"https:\/\/urbeamea.ro\/albaiulia\/wp-content\/uploads\/2019\/06\/8e1152b6-9c4b-4929-9555-903b3b5cf7f2.jpg 768w, https:\/\/urbeamea.ro\/albaiulia\/wp-content\/uploads\/2019\/06\/8e1152b6-9c4b-4929-9555-903b3b5cf7f2-113x150.jpg 113w, https:\/\/urbeamea.ro\/albaiulia\/wp-content\/uploads\/2019\/06\/8e1152b6-9c4b-4929-9555-903b3b5cf7f2-480x640.jpg 480w\" sizes=\"auto, (max-width: 768px) 100vw, 768px\" \/><\/a><\/figure><\/li><li class=\"blocks-gallery-item\"><figure><a href=\"https:\/\/urbeamea.ro\/albaiulia\/wp-content\/uploads\/2019\/06\/8f866422-f0ac-46d6-b202-ba99d83a1a2b.jpg\"><img loading=\"lazy\" decoding=\"async\" width=\"768\" height=\"1024\" src=\"https:\/\/urbeamea.ro\/albaiulia\/wp-content\/uploads\/2019\/06\/8f866422-f0ac-46d6-b202-ba99d83a1a2b.jpg\" alt=\"\" data-id=\"77149\" data-link=\"https:\/\/urbeamea.ro\/albaiulia\/?attachment_id=77149\" class=\"wp-image-77149\" srcset=\"https:\/\/urbeamea.ro\/albaiulia\/wp-content\/uploads\/2019\/06\/8f866422-f0ac-46d6-b202-ba99d83a1a2b.jpg 768w, https:\/\/urbeamea.ro\/albaiulia\/wp-content\/uploads\/2019\/06\/8f866422-f0ac-46d6-b202-ba99d83a1a2b-113x150.jpg 113w, https:\/\/urbeamea.ro\/albaiulia\/wp-content\/uploads\/2019\/06\/8f866422-f0ac-46d6-b202-ba99d83a1a2b-480x640.jpg 480w\" sizes=\"auto, (max-width: 768px) 100vw, 768px\" \/><\/a><\/figure><\/li><li class=\"blocks-gallery-item\"><figure><a href=\"https:\/\/urbeamea.ro\/albaiulia\/wp-content\/uploads\/2019\/06\/9d0ae575-2d6b-45b6-8d09-c9d1abca8198.jpg\"><img loading=\"lazy\" decoding=\"async\" width=\"768\" height=\"1024\" src=\"https:\/\/urbeamea.ro\/albaiulia\/wp-content\/uploads\/2019\/06\/9d0ae575-2d6b-45b6-8d09-c9d1abca8198.jpg\" alt=\"\" data-id=\"77150\" data-link=\"https:\/\/urbeamea.ro\/albaiulia\/?attachment_id=77150\" class=\"wp-image-77150\" srcset=\"https:\/\/urbeamea.ro\/albaiulia\/wp-content\/uploads\/2019\/06\/9d0ae575-2d6b-45b6-8d09-c9d1abca8198.jpg 768w, https:\/\/urbeamea.ro\/albaiulia\/wp-content\/uploads\/2019\/06\/9d0ae575-2d6b-45b6-8d09-c9d1abca8198-113x150.jpg 113w, https:\/\/urbeamea.ro\/albaiulia\/wp-content\/uploads\/2019\/06\/9d0ae575-2d6b-45b6-8d09-c9d1abca8198-480x640.jpg 480w\" sizes=\"auto, (max-width: 768px) 100vw, 768px\" \/><\/a><\/figure><\/li><li class=\"blocks-gallery-item\"><figure><a href=\"https:\/\/urbeamea.ro\/albaiulia\/wp-content\/uploads\/2019\/06\/48f89d6a-4b54-47b4-938b-6ced6f8911bc.jpg\"><img loading=\"lazy\" decoding=\"async\" width=\"768\" height=\"1024\" src=\"https:\/\/urbeamea.ro\/albaiulia\/wp-content\/uploads\/2019\/06\/48f89d6a-4b54-47b4-938b-6ced6f8911bc.jpg\" alt=\"\" data-id=\"77151\" data-link=\"https:\/\/urbeamea.ro\/albaiulia\/?attachment_id=77151\" class=\"wp-image-77151\" srcset=\"https:\/\/urbeamea.ro\/albaiulia\/wp-content\/uploads\/2019\/06\/48f89d6a-4b54-47b4-938b-6ced6f8911bc.jpg 768w, https:\/\/urbeamea.ro\/albaiulia\/wp-content\/uploads\/2019\/06\/48f89d6a-4b54-47b4-938b-6ced6f8911bc-113x150.jpg 113w, https:\/\/urbeamea.ro\/albaiulia\/wp-content\/uploads\/2019\/06\/48f89d6a-4b54-47b4-938b-6ced6f8911bc-480x640.jpg 480w\" sizes=\"auto, (max-width: 768px) 100vw, 768px\" \/><\/a><\/figure><\/li><li class=\"blocks-gallery-item\"><figure><a href=\"https:\/\/urbeamea.ro\/albaiulia\/wp-content\/uploads\/2019\/06\/59bd9d2f-6eed-4e36-81dd-5862bba2a953.jpg\"><img loading=\"lazy\" decoding=\"async\" width=\"768\" height=\"1024\" src=\"https:\/\/urbeamea.ro\/albaiulia\/wp-content\/uploads\/2019\/06\/59bd9d2f-6eed-4e36-81dd-5862bba2a953.jpg\" alt=\"\" data-id=\"77152\" data-link=\"https:\/\/urbeamea.ro\/albaiulia\/?attachment_id=77152\" class=\"wp-image-77152\" srcset=\"https:\/\/urbeamea.ro\/albaiulia\/wp-content\/uploads\/2019\/06\/59bd9d2f-6eed-4e36-81dd-5862bba2a953.jpg 768w, https:\/\/urbeamea.ro\/albaiulia\/wp-content\/uploads\/2019\/06\/59bd9d2f-6eed-4e36-81dd-5862bba2a953-113x150.jpg 113w, https:\/\/urbeamea.ro\/albaiulia\/wp-content\/uploads\/2019\/06\/59bd9d2f-6eed-4e36-81dd-5862bba2a953-480x640.jpg 480w\" sizes=\"auto, (max-width: 768px) 100vw, 768px\" \/><\/a><\/figure><\/li><li class=\"blocks-gallery-item\"><figure><a href=\"https:\/\/urbeamea.ro\/albaiulia\/wp-content\/uploads\/2019\/06\/65c04762-6485-4909-ae8c-c678df892cc7.jpg\"><img loading=\"lazy\" decoding=\"async\" width=\"768\" height=\"1024\" src=\"https:\/\/urbeamea.ro\/albaiulia\/wp-content\/uploads\/2019\/06\/65c04762-6485-4909-ae8c-c678df892cc7.jpg\" alt=\"\" data-id=\"77153\" data-link=\"https:\/\/urbeamea.ro\/albaiulia\/?attachment_id=77153\" class=\"wp-image-77153\" srcset=\"https:\/\/urbeamea.ro\/albaiulia\/wp-content\/uploads\/2019\/06\/65c04762-6485-4909-ae8c-c678df892cc7.jpg 768w, https:\/\/urbeamea.ro\/albaiulia\/wp-content\/uploads\/2019\/06\/65c04762-6485-4909-ae8c-c678df892cc7-113x150.jpg 113w, https:\/\/urbeamea.ro\/albaiulia\/wp-content\/uploads\/2019\/06\/65c04762-6485-4909-ae8c-c678df892cc7-480x640.jpg 480w\" sizes=\"auto, (max-width: 768px) 100vw, 768px\" \/><\/a><\/figure><\/li><li class=\"blocks-gallery-item\"><figure><a href=\"https:\/\/urbeamea.ro\/albaiulia\/wp-content\/uploads\/2019\/06\/72da11a6-f664-4402-952e-a452367a302a.jpg\"><img loading=\"lazy\" decoding=\"async\" width=\"768\" height=\"1024\" src=\"https:\/\/urbeamea.ro\/albaiulia\/wp-content\/uploads\/2019\/06\/72da11a6-f664-4402-952e-a452367a302a.jpg\" alt=\"\" data-id=\"77154\" data-link=\"https:\/\/urbeamea.ro\/albaiulia\/?attachment_id=77154\" class=\"wp-image-77154\" srcset=\"https:\/\/urbeamea.ro\/albaiulia\/wp-content\/uploads\/2019\/06\/72da11a6-f664-4402-952e-a452367a302a.jpg 768w, https:\/\/urbeamea.ro\/albaiulia\/wp-content\/uploads\/2019\/06\/72da11a6-f664-4402-952e-a452367a302a-113x150.jpg 113w, https:\/\/urbeamea.ro\/albaiulia\/wp-content\/uploads\/2019\/06\/72da11a6-f664-4402-952e-a452367a302a-480x640.jpg 480w\" sizes=\"auto, (max-width: 768px) 100vw, 768px\" \/><\/a><\/figure><\/li><li class=\"blocks-gallery-item\"><figure><a href=\"https:\/\/urbeamea.ro\/albaiulia\/wp-content\/uploads\/2019\/06\/0527152e-43ab-4d48-a9d9-0319dc39d2a6.jpg\"><img loading=\"lazy\" decoding=\"async\" width=\"768\" height=\"1024\" src=\"https:\/\/urbeamea.ro\/albaiulia\/wp-content\/uploads\/2019\/06\/0527152e-43ab-4d48-a9d9-0319dc39d2a6.jpg\" alt=\"\" data-id=\"77155\" data-link=\"https:\/\/urbeamea.ro\/albaiulia\/?attachment_id=77155\" class=\"wp-image-77155\" srcset=\"https:\/\/urbeamea.ro\/albaiulia\/wp-content\/uploads\/2019\/06\/0527152e-43ab-4d48-a9d9-0319dc39d2a6.jpg 768w, https:\/\/urbeamea.ro\/albaiulia\/wp-content\/uploads\/2019\/06\/0527152e-43ab-4d48-a9d9-0319dc39d2a6-113x150.jpg 113w, https:\/\/urbeamea.ro\/albaiulia\/wp-content\/uploads\/2019\/06\/0527152e-43ab-4d48-a9d9-0319dc39d2a6-480x640.jpg 480w\" sizes=\"auto, (max-width: 768px) 100vw, 768px\" \/><\/a><\/figure><\/li><li class=\"blocks-gallery-item\"><figure><a href=\"https:\/\/urbeamea.ro\/albaiulia\/wp-content\/uploads\/2019\/06\/b828b930-6a2b-4271-b6bd-63b99f824014.jpg\"><img loading=\"lazy\" decoding=\"async\" width=\"768\" height=\"1024\" src=\"https:\/\/urbeamea.ro\/albaiulia\/wp-content\/uploads\/2019\/06\/b828b930-6a2b-4271-b6bd-63b99f824014.jpg\" alt=\"\" data-id=\"77156\" data-link=\"https:\/\/urbeamea.ro\/albaiulia\/?attachment_id=77156\" class=\"wp-image-77156\" srcset=\"https:\/\/urbeamea.ro\/albaiulia\/wp-content\/uploads\/2019\/06\/b828b930-6a2b-4271-b6bd-63b99f824014.jpg 768w, https:\/\/urbeamea.ro\/albaiulia\/wp-content\/uploads\/2019\/06\/b828b930-6a2b-4271-b6bd-63b99f824014-113x150.jpg 113w, https:\/\/urbeamea.ro\/albaiulia\/wp-content\/uploads\/2019\/06\/b828b930-6a2b-4271-b6bd-63b99f824014-480x640.jpg 480w\" sizes=\"auto, (max-width: 768px) 100vw, 768px\" \/><\/a><\/figure><\/li><li class=\"blocks-gallery-item\"><figure><a href=\"https:\/\/urbeamea.ro\/albaiulia\/wp-content\/uploads\/2019\/06\/b8651dcb-38cb-4f26-8d30-52cc84bb6cbd.jpg\"><img loading=\"lazy\" decoding=\"async\" width=\"768\" height=\"1024\" src=\"https:\/\/urbeamea.ro\/albaiulia\/wp-content\/uploads\/2019\/06\/b8651dcb-38cb-4f26-8d30-52cc84bb6cbd.jpg\" alt=\"\" data-id=\"77157\" data-link=\"https:\/\/urbeamea.ro\/albaiulia\/?attachment_id=77157\" class=\"wp-image-77157\" srcset=\"https:\/\/urbeamea.ro\/albaiulia\/wp-content\/uploads\/2019\/06\/b8651dcb-38cb-4f26-8d30-52cc84bb6cbd.jpg 768w, https:\/\/urbeamea.ro\/albaiulia\/wp-content\/uploads\/2019\/06\/b8651dcb-38cb-4f26-8d30-52cc84bb6cbd-113x150.jpg 113w, https:\/\/urbeamea.ro\/albaiulia\/wp-content\/uploads\/2019\/06\/b8651dcb-38cb-4f26-8d30-52cc84bb6cbd-480x640.jpg 480w\" sizes=\"auto, (max-width: 768px) 100vw, 768px\" \/><\/a><\/figure><\/li><li class=\"blocks-gallery-item\"><figure><a href=\"https:\/\/urbeamea.ro\/albaiulia\/wp-content\/uploads\/2019\/06\/c26acf5f-2558-432e-8d22-02352b8ea7f0.jpg\"><img loading=\"lazy\" decoding=\"async\" width=\"768\" height=\"1024\" src=\"https:\/\/urbeamea.ro\/albaiulia\/wp-content\/uploads\/2019\/06\/c26acf5f-2558-432e-8d22-02352b8ea7f0.jpg\" alt=\"\" data-id=\"77158\" data-link=\"https:\/\/urbeamea.ro\/albaiulia\/?attachment_id=77158\" class=\"wp-image-77158\" srcset=\"https:\/\/urbeamea.ro\/albaiulia\/wp-content\/uploads\/2019\/06\/c26acf5f-2558-432e-8d22-02352b8ea7f0.jpg 768w, https:\/\/urbeamea.ro\/albaiulia\/wp-content\/uploads\/2019\/06\/c26acf5f-2558-432e-8d22-02352b8ea7f0-113x150.jpg 113w, https:\/\/urbeamea.ro\/albaiulia\/wp-content\/uploads\/2019\/06\/c26acf5f-2558-432e-8d22-02352b8ea7f0-480x640.jpg 480w\" sizes=\"auto, (max-width: 768px) 100vw, 768px\" \/><\/a><\/figure><\/li><li class=\"blocks-gallery-item\"><figure><a href=\"https:\/\/urbeamea.ro\/albaiulia\/wp-content\/uploads\/2019\/06\/c72b9fa6-c58d-4ffe-8bbf-9046d2c2f3cf.jpg\"><img loading=\"lazy\" decoding=\"async\" width=\"768\" height=\"1024\" src=\"https:\/\/urbeamea.ro\/albaiulia\/wp-content\/uploads\/2019\/06\/c72b9fa6-c58d-4ffe-8bbf-9046d2c2f3cf.jpg\" alt=\"\" data-id=\"77159\" data-link=\"https:\/\/urbeamea.ro\/albaiulia\/?attachment_id=77159\" class=\"wp-image-77159\" srcset=\"https:\/\/urbeamea.ro\/albaiulia\/wp-content\/uploads\/2019\/06\/c72b9fa6-c58d-4ffe-8bbf-9046d2c2f3cf.jpg 768w, https:\/\/urbeamea.ro\/albaiulia\/wp-content\/uploads\/2019\/06\/c72b9fa6-c58d-4ffe-8bbf-9046d2c2f3cf-113x150.jpg 113w, https:\/\/urbeamea.ro\/albaiulia\/wp-content\/uploads\/2019\/06\/c72b9fa6-c58d-4ffe-8bbf-9046d2c2f3cf-480x640.jpg 480w\" sizes=\"auto, (max-width: 768px) 100vw, 768px\" \/><\/a><\/figure><\/li><li class=\"blocks-gallery-item\"><figure><a href=\"https:\/\/urbeamea.ro\/albaiulia\/wp-content\/uploads\/2019\/06\/d3b04d24-d446-4174-b22c-3f397bfa96b2.jpg\"><img loading=\"lazy\" decoding=\"async\" width=\"768\" height=\"1024\" src=\"https:\/\/urbeamea.ro\/albaiulia\/wp-content\/uploads\/2019\/06\/d3b04d24-d446-4174-b22c-3f397bfa96b2.jpg\" alt=\"\" data-id=\"77160\" data-link=\"https:\/\/urbeamea.ro\/albaiulia\/?attachment_id=77160\" class=\"wp-image-77160\" srcset=\"https:\/\/urbeamea.ro\/albaiulia\/wp-content\/uploads\/2019\/06\/d3b04d24-d446-4174-b22c-3f397bfa96b2.jpg 768w, https:\/\/urbeamea.ro\/albaiulia\/wp-content\/uploads\/2019\/06\/d3b04d24-d446-4174-b22c-3f397bfa96b2-113x150.jpg 113w, https:\/\/urbeamea.ro\/albaiulia\/wp-content\/uploads\/2019\/06\/d3b04d24-d446-4174-b22c-3f397bfa96b2-480x640.jpg 480w\" sizes=\"auto, (max-width: 768px) 100vw, 768px\" \/><\/a><\/figure><\/li><li class=\"blocks-gallery-item\"><figure><a href=\"https:\/\/urbeamea.ro\/albaiulia\/wp-content\/uploads\/2019\/06\/d61f27b6-bf5d-4817-847d-78d5f06e52fe.jpg\"><img loading=\"lazy\" decoding=\"async\" width=\"768\" height=\"1024\" src=\"https:\/\/urbeamea.ro\/albaiulia\/wp-content\/uploads\/2019\/06\/d61f27b6-bf5d-4817-847d-78d5f06e52fe.jpg\" alt=\"\" data-id=\"77161\" data-link=\"https:\/\/urbeamea.ro\/albaiulia\/?attachment_id=77161\" class=\"wp-image-77161\" srcset=\"https:\/\/urbeamea.ro\/albaiulia\/wp-content\/uploads\/2019\/06\/d61f27b6-bf5d-4817-847d-78d5f06e52fe.jpg 768w, https:\/\/urbeamea.ro\/albaiulia\/wp-content\/uploads\/2019\/06\/d61f27b6-bf5d-4817-847d-78d5f06e52fe-113x150.jpg 113w, https:\/\/urbeamea.ro\/albaiulia\/wp-content\/uploads\/2019\/06\/d61f27b6-bf5d-4817-847d-78d5f06e52fe-480x640.jpg 480w\" sizes=\"auto, (max-width: 768px) 100vw, 768px\" \/><\/a><\/figure><\/li><li class=\"blocks-gallery-item\"><figure><a href=\"https:\/\/urbeamea.ro\/albaiulia\/wp-content\/uploads\/2019\/06\/dba4f585-12f1-4f8f-8dbb-63fcfa8cd074.jpg\"><img loading=\"lazy\" decoding=\"async\" width=\"768\" height=\"1024\" src=\"https:\/\/urbeamea.ro\/albaiulia\/wp-content\/uploads\/2019\/06\/dba4f585-12f1-4f8f-8dbb-63fcfa8cd074.jpg\" alt=\"\" data-id=\"77162\" data-link=\"https:\/\/urbeamea.ro\/albaiulia\/?attachment_id=77162\" class=\"wp-image-77162\" srcset=\"https:\/\/urbeamea.ro\/albaiulia\/wp-content\/uploads\/2019\/06\/dba4f585-12f1-4f8f-8dbb-63fcfa8cd074.jpg 768w, https:\/\/urbeamea.ro\/albaiulia\/wp-content\/uploads\/2019\/06\/dba4f585-12f1-4f8f-8dbb-63fcfa8cd074-113x150.jpg 113w, https:\/\/urbeamea.ro\/albaiulia\/wp-content\/uploads\/2019\/06\/dba4f585-12f1-4f8f-8dbb-63fcfa8cd074-480x640.jpg 480w\" sizes=\"auto, (max-width: 768px) 100vw, 768px\" \/><\/a><\/figure><\/li><li class=\"blocks-gallery-item\"><figure><a href=\"https:\/\/urbeamea.ro\/albaiulia\/wp-content\/uploads\/2019\/06\/IMG_2699-1280x960.jpg\"><img loading=\"lazy\" decoding=\"async\" width=\"1280\" height=\"960\" src=\"https:\/\/urbeamea.ro\/albaiulia\/wp-content\/uploads\/2019\/06\/IMG_2699-1280x960.jpg\" alt=\"\" data-id=\"77163\" data-link=\"https:\/\/urbeamea.ro\/albaiulia\/?attachment_id=77163\" class=\"wp-image-77163\" srcset=\"https:\/\/urbeamea.ro\/albaiulia\/wp-content\/uploads\/2019\/06\/IMG_2699-1280x960.jpg 1280w, https:\/\/urbeamea.ro\/albaiulia\/wp-content\/uploads\/2019\/06\/IMG_2699-150x113.jpg 150w, https:\/\/urbeamea.ro\/albaiulia\/wp-content\/uploads\/2019\/06\/IMG_2699-640x480.jpg 640w, https:\/\/urbeamea.ro\/albaiulia\/wp-content\/uploads\/2019\/06\/IMG_2699-768x576.jpg 768w\" sizes=\"auto, (max-width: 1280px) 100vw, 1280px\" \/><\/a><\/figure><\/li><li class=\"blocks-gallery-item\"><figure><a href=\"https:\/\/urbeamea.ro\/albaiulia\/wp-content\/uploads\/2019\/06\/IMG_2710-1280x960.jpg\"><img loading=\"lazy\" decoding=\"async\" width=\"1280\" height=\"960\" src=\"https:\/\/urbeamea.ro\/albaiulia\/wp-content\/uploads\/2019\/06\/IMG_2710-1280x960.jpg\" alt=\"\" data-id=\"77164\" data-link=\"https:\/\/urbeamea.ro\/albaiulia\/?attachment_id=77164\" class=\"wp-image-77164\" srcset=\"https:\/\/urbeamea.ro\/albaiulia\/wp-content\/uploads\/2019\/06\/IMG_2710-1280x960.jpg 1280w, https:\/\/urbeamea.ro\/albaiulia\/wp-content\/uploads\/2019\/06\/IMG_2710-150x113.jpg 150w, https:\/\/urbeamea.ro\/albaiulia\/wp-content\/uploads\/2019\/06\/IMG_2710-640x480.jpg 640w, https:\/\/urbeamea.ro\/albaiulia\/wp-content\/uploads\/2019\/06\/IMG_2710-768x576.jpg 768w\" sizes=\"auto, (max-width: 1280px) 100vw, 1280px\" \/><\/a><\/figure><\/li><li class=\"blocks-gallery-item\"><figure><a href=\"https:\/\/urbeamea.ro\/albaiulia\/wp-content\/uploads\/2019\/06\/IMG_2718-960x1280.jpg\"><img loading=\"lazy\" decoding=\"async\" width=\"960\" height=\"1280\" src=\"https:\/\/urbeamea.ro\/albaiulia\/wp-content\/uploads\/2019\/06\/IMG_2718-960x1280.jpg\" alt=\"\" data-id=\"77165\" data-link=\"https:\/\/urbeamea.ro\/albaiulia\/?attachment_id=77165\" class=\"wp-image-77165\" srcset=\"https:\/\/urbeamea.ro\/albaiulia\/wp-content\/uploads\/2019\/06\/IMG_2718-960x1280.jpg 960w, https:\/\/urbeamea.ro\/albaiulia\/wp-content\/uploads\/2019\/06\/IMG_2718-113x150.jpg 113w, https:\/\/urbeamea.ro\/albaiulia\/wp-content\/uploads\/2019\/06\/IMG_2718-480x640.jpg 480w, https:\/\/urbeamea.ro\/albaiulia\/wp-content\/uploads\/2019\/06\/IMG_2718-768x1024.jpg 768w\" sizes=\"auto, (max-width: 960px) 100vw, 960px\" \/><\/a><\/figure><\/li><li class=\"blocks-gallery-item\"><figure><a href=\"https:\/\/urbeamea.ro\/albaiulia\/wp-content\/uploads\/2019\/06\/IMG_2719-960x1280.jpg\"><img loading=\"lazy\" decoding=\"async\" width=\"960\" height=\"1280\" src=\"https:\/\/urbeamea.ro\/albaiulia\/wp-content\/uploads\/2019\/06\/IMG_2719-960x1280.jpg\" alt=\"\" data-id=\"77166\" data-link=\"https:\/\/urbeamea.ro\/albaiulia\/?attachment_id=77166\" class=\"wp-image-77166\" srcset=\"https:\/\/urbeamea.ro\/albaiulia\/wp-content\/uploads\/2019\/06\/IMG_2719-960x1280.jpg 960w, https:\/\/urbeamea.ro\/albaiulia\/wp-content\/uploads\/2019\/06\/IMG_2719-113x150.jpg 113w, https:\/\/urbeamea.ro\/albaiulia\/wp-content\/uploads\/2019\/06\/IMG_2719-480x640.jpg 480w, https:\/\/urbeamea.ro\/albaiulia\/wp-content\/uploads\/2019\/06\/IMG_2719-768x1024.jpg 768w\" sizes=\"auto, (max-width: 960px) 100vw, 960px\" \/><\/a><\/figure><\/li><li class=\"blocks-gallery-item\"><figure><a href=\"https:\/\/urbeamea.ro\/albaiulia\/wp-content\/uploads\/2019\/06\/IMG_2721-960x1280.jpg\"><img loading=\"lazy\" decoding=\"async\" width=\"960\" height=\"1280\" src=\"https:\/\/urbeamea.ro\/albaiulia\/wp-content\/uploads\/2019\/06\/IMG_2721-960x1280.jpg\" alt=\"\" data-id=\"77167\" data-link=\"https:\/\/urbeamea.ro\/albaiulia\/?attachment_id=77167\" class=\"wp-image-77167\" srcset=\"https:\/\/urbeamea.ro\/albaiulia\/wp-content\/uploads\/2019\/06\/IMG_2721-960x1280.jpg 960w, https:\/\/urbeamea.ro\/albaiulia\/wp-content\/uploads\/2019\/06\/IMG_2721-113x150.jpg 113w, https:\/\/urbeamea.ro\/albaiulia\/wp-content\/uploads\/2019\/06\/IMG_2721-480x640.jpg 480w, https:\/\/urbeamea.ro\/albaiulia\/wp-content\/uploads\/2019\/06\/IMG_2721-768x1024.jpg 768w\" sizes=\"auto, (max-width: 960px) 100vw, 960px\" \/><\/a><\/figure><\/li><li class=\"blocks-gallery-item\"><figure><a href=\"https:\/\/urbeamea.ro\/albaiulia\/wp-content\/uploads\/2019\/06\/IMG_2725-960x1280.jpg\"><img loading=\"lazy\" decoding=\"async\" width=\"960\" height=\"1280\" src=\"https:\/\/urbeamea.ro\/albaiulia\/wp-content\/uploads\/2019\/06\/IMG_2725-960x1280.jpg\" alt=\"\" data-id=\"77168\" data-link=\"https:\/\/urbeamea.ro\/albaiulia\/?attachment_id=77168\" class=\"wp-image-77168\" srcset=\"https:\/\/urbeamea.ro\/albaiulia\/wp-content\/uploads\/2019\/06\/IMG_2725-960x1280.jpg 960w, https:\/\/urbeamea.ro\/albaiulia\/wp-content\/uploads\/2019\/06\/IMG_2725-113x150.jpg 113w, https:\/\/urbeamea.ro\/albaiulia\/wp-content\/uploads\/2019\/06\/IMG_2725-480x640.jpg 480w, https:\/\/urbeamea.ro\/albaiulia\/wp-content\/uploads\/2019\/06\/IMG_2725-768x1024.jpg 768w\" sizes=\"auto, (max-width: 960px) 100vw, 960px\" \/><\/a><\/figure><\/li><li class=\"blocks-gallery-item\"><figure><a href=\"https:\/\/urbeamea.ro\/albaiulia\/wp-content\/uploads\/2019\/06\/IMG_2734-960x1280.jpg\"><img loading=\"lazy\" decoding=\"async\" width=\"960\" height=\"1280\" src=\"https:\/\/urbeamea.ro\/albaiulia\/wp-content\/uploads\/2019\/06\/IMG_2734-960x1280.jpg\" alt=\"\" data-id=\"77169\" data-link=\"https:\/\/urbeamea.ro\/albaiulia\/?attachment_id=77169\" class=\"wp-image-77169\" srcset=\"https:\/\/urbeamea.ro\/albaiulia\/wp-content\/uploads\/2019\/06\/IMG_2734-960x1280.jpg 960w, https:\/\/urbeamea.ro\/albaiulia\/wp-content\/uploads\/2019\/06\/IMG_2734-113x150.jpg 113w, https:\/\/urbeamea.ro\/albaiulia\/wp-content\/uploads\/2019\/06\/IMG_2734-480x640.jpg 480w, https:\/\/urbeamea.ro\/albaiulia\/wp-content\/uploads\/2019\/06\/IMG_2734-768x1024.jpg 768w\" sizes=\"auto, (max-width: 960px) 100vw, 960px\" \/><\/a><\/figure><\/li><li class=\"blocks-gallery-item\"><figure><a href=\"https:\/\/urbeamea.ro\/albaiulia\/wp-content\/uploads\/2019\/06\/IMG_2891-720x1280.png\"><img loading=\"lazy\" decoding=\"async\" width=\"720\" height=\"1280\" src=\"https:\/\/urbeamea.ro\/albaiulia\/wp-content\/uploads\/2019\/06\/IMG_2891-720x1280.png\" alt=\"\" data-id=\"77170\" data-link=\"https:\/\/urbeamea.ro\/albaiulia\/?attachment_id=77170\" class=\"wp-image-77170\" srcset=\"https:\/\/urbeamea.ro\/albaiulia\/wp-content\/uploads\/2019\/06\/IMG_2891-720x1280.png 720w, https:\/\/urbeamea.ro\/albaiulia\/wp-content\/uploads\/2019\/06\/IMG_2891-84x150.png 84w, https:\/\/urbeamea.ro\/albaiulia\/wp-content\/uploads\/2019\/06\/IMG_2891-360x640.png 360w, https:\/\/urbeamea.ro\/albaiulia\/wp-content\/uploads\/2019\/06\/IMG_2891-768x1365.png 768w, https:\/\/urbeamea.ro\/albaiulia\/wp-content\/uploads\/2019\/06\/IMG_2891.png 1242w\" sizes=\"auto, (max-width: 720px) 100vw, 720px\" \/><\/a><\/figure><\/li><\/ul>\n","protected":false},"excerpt":{"rendered":"<p>Urmare a precipita\u021biilor abundente \u00eenregistrate \u00een sudul jude\u021bului Alba, \u00een data de 1 iunie 2019, localit\u0103\u021bile R\u0103chita, Pianu de Jos, Pianu de Sus, Sebe\u0219el \u0219i S\u0103li\u0219tea au fost afectate grav de inunda\u021bii. Crucea Ro\u0219ie Rom\u00e2n\u0103 Filiala Alba, \u00een calitate de organiza\u021bie dedicat\u0103 problemelor umanit\u0103\u021bii, membr\u0103 \u00een Comitetul Jude\u021bean pentru Situa\u021bii de Urgen\u021b\u0103 Alba, a intervenit &hellip;<\/p>\n","protected":false},"author":17,"featured_media":77152,"comment_status":"open","ping_status":"open","sticky":false,"template":"","format":"standard","meta":{"inline_featured_image":false,"footnotes":""},"categories":[2034],"tags":[17957,9138,10802,3466,3435,3897,3722,3499,3410,17958,308,76,3060],"class_list":["post-77143","post","type-post","status-publish","format-standard","has-post-thumbnail","hentry","category-social","tag-ajutor-de-prima-necesitate","tag-comunitati","tag-crucea-rosie-romana-filiala-alba","tag-inundatii","tag-pianu-de-jos","tag-pianu-de-sus","tag-rachita","tag-salistea","tag-sebesel","tag-sinistrati","tag-stiri","tag-urbea-mea","tag-voluntari"],"yoast_head":"<!-- This site is optimized with the Yoast SEO plugin v27.4 - https:\/\/yoast.com\/product\/yoast-seo-wordpress\/ -->\n<title>FOTO: Crucea Ro\u0219ie Rom\u00e2n\u0103 Filiala Alba, al\u0103turi de comunit\u0103\u021bile din sudul Jude\u021bului Alba afectate de pe urma inunda\u021biilor din 1 iunie - Revista Urbea Mea - Revista de Alba<\/title>\n<meta name=\"description\" content=\"Urmare a precipita\u021biilor abundente \u00eenregistrate \u00een sudul jude\u021bului Alba, \u00een data de 1 iunie 2019, localit\u0103\u021bile R\u0103chita, Pianu de Jos, Pianu de Sus,\" \/>\n<meta name=\"robots\" content=\"index, follow, max-snippet:-1, max-image-preview:large, max-video-preview:-1\" \/>\n<link rel=\"canonical\" href=\"https:\/\/urbeamea.ro\/albaiulia\/foto-crucea-rosie-romana-filiala-alba-alaturi-de-comunitatile-din-sudul-judetului-alba-afectate-de-pe-urma-inundatiilor-din-1-iunie\/\" \/>\n<meta name=\"twitter:card\" content=\"summary_large_image\" \/>\n<meta name=\"twitter:title\" content=\"FOTO: Crucea Ro\u0219ie Rom\u00e2n\u0103 Filiala Alba, al\u0103turi de comunit\u0103\u021bile din sudul Jude\u021bului Alba afectate de pe urma inunda\u021biilor din 1 iunie - Revista Urbea Mea - Revista de Alba\" \/>\n<meta name=\"twitter:description\" content=\"Urmare a precipita\u021biilor abundente \u00eenregistrate \u00een sudul jude\u021bului Alba, \u00een data de 1 iunie 2019, localit\u0103\u021bile R\u0103chita, Pianu de Jos, Pianu de Sus,\" \/>\n<meta name=\"twitter:image\" content=\"https:\/\/urbeamea.ro\/albaiulia\/wp-content\/uploads\/2019\/06\/59bd9d2f-6eed-4e36-81dd-5862bba2a953.jpg\" \/>\n<meta name=\"twitter:creator\" content=\"@urbeameaweb\" \/>\n<meta name=\"twitter:site\" content=\"@urbeameaweb\" \/>\n<script type=\"application\/ld+json\" class=\"yoast-schema-graph\">{\"@context\":\"https:\\\/\\\/schema.org\",\"@graph\":[{\"@type\":\"Article\",\"@id\":\"https:\\\/\\\/urbeamea.ro\\\/albaiulia\\\/foto-crucea-rosie-romana-filiala-alba-alaturi-de-comunitatile-din-sudul-judetului-alba-afectate-de-pe-urma-inundatiilor-din-1-iunie\\\/#article\",\"isPartOf\":{\"@id\":\"https:\\\/\\\/urbeamea.ro\\\/albaiulia\\\/foto-crucea-rosie-romana-filiala-alba-alaturi-de-comunitatile-din-sudul-judetului-alba-afectate-de-pe-urma-inundatiilor-din-1-iunie\\\/\"},\"author\":{\"name\":\"Cristina Ganga\",\"@id\":\"https:\\\/\\\/urbeamea.ro\\\/albaiulia\\\/#\\\/schema\\\/person\\\/9700d21fae21c4f038b0b56f4506264a\"},\"headline\":\"FOTO: Crucea Ro\u0219ie Rom\u00e2n\u0103 Filiala Alba, al\u0103turi de comunit\u0103\u021bile din sudul Jude\u021bului Alba afectate de pe urma inunda\u021biilor din 1 iunie\",\"datePublished\":\"2019-06-03T06:00:13+00:00\",\"dateModified\":\"2019-06-03T06:00:16+00:00\",\"mainEntityOfPage\":{\"@id\":\"https:\\\/\\\/urbeamea.ro\\\/albaiulia\\\/foto-crucea-rosie-romana-filiala-alba-alaturi-de-comunitatile-din-sudul-judetului-alba-afectate-de-pe-urma-inundatiilor-din-1-iunie\\\/\"},\"wordCount\":407,\"commentCount\":0,\"image\":{\"@id\":\"https:\\\/\\\/urbeamea.ro\\\/albaiulia\\\/foto-crucea-rosie-romana-filiala-alba-alaturi-de-comunitatile-din-sudul-judetului-alba-afectate-de-pe-urma-inundatiilor-din-1-iunie\\\/#primaryimage\"},\"thumbnailUrl\":\"https:\\\/\\\/urbeamea.ro\\\/albaiulia\\\/wp-content\\\/uploads\\\/2019\\\/06\\\/59bd9d2f-6eed-4e36-81dd-5862bba2a953.jpg\",\"keywords\":[\"ajutor de prima necesitate\",\"comunitati\",\"crucea rosie romana filiala alba\",\"inundatii\",\"pianu de jos\",\"pianu de sus\",\"rachita\",\"salistea\",\"sebesel\",\"sinistrati\",\"stiri\",\"Urbea Mea\",\"voluntari\"],\"articleSection\":[\"Social\"],\"inLanguage\":\"ro-RO\",\"potentialAction\":[{\"@type\":\"CommentAction\",\"name\":\"Comment\",\"target\":[\"https:\\\/\\\/urbeamea.ro\\\/albaiulia\\\/foto-crucea-rosie-romana-filiala-alba-alaturi-de-comunitatile-din-sudul-judetului-alba-afectate-de-pe-urma-inundatiilor-din-1-iunie\\\/#respond\"]}]},{\"@type\":\"WebPage\",\"@id\":\"https:\\\/\\\/urbeamea.ro\\\/albaiulia\\\/foto-crucea-rosie-romana-filiala-alba-alaturi-de-comunitatile-din-sudul-judetului-alba-afectate-de-pe-urma-inundatiilor-din-1-iunie\\\/\",\"url\":\"https:\\\/\\\/urbeamea.ro\\\/albaiulia\\\/foto-crucea-rosie-romana-filiala-alba-alaturi-de-comunitatile-din-sudul-judetului-alba-afectate-de-pe-urma-inundatiilor-din-1-iunie\\\/\",\"name\":\"FOTO: Crucea Ro\u0219ie Rom\u00e2n\u0103 Filiala Alba, al\u0103turi de comunit\u0103\u021bile din sudul Jude\u021bului Alba afectate de pe urma inunda\u021biilor din 1 iunie - Revista Urbea Mea - Revista de Alba\",\"isPartOf\":{\"@id\":\"https:\\\/\\\/urbeamea.ro\\\/albaiulia\\\/#website\"},\"primaryImageOfPage\":{\"@id\":\"https:\\\/\\\/urbeamea.ro\\\/albaiulia\\\/foto-crucea-rosie-romana-filiala-alba-alaturi-de-comunitatile-din-sudul-judetului-alba-afectate-de-pe-urma-inundatiilor-din-1-iunie\\\/#primaryimage\"},\"image\":{\"@id\":\"https:\\\/\\\/urbeamea.ro\\\/albaiulia\\\/foto-crucea-rosie-romana-filiala-alba-alaturi-de-comunitatile-din-sudul-judetului-alba-afectate-de-pe-urma-inundatiilor-din-1-iunie\\\/#primaryimage\"},\"thumbnailUrl\":\"https:\\\/\\\/urbeamea.ro\\\/albaiulia\\\/wp-content\\\/uploads\\\/2019\\\/06\\\/59bd9d2f-6eed-4e36-81dd-5862bba2a953.jpg\",\"datePublished\":\"2019-06-03T06:00:13+00:00\",\"dateModified\":\"2019-06-03T06:00:16+00:00\",\"author\":{\"@id\":\"https:\\\/\\\/urbeamea.ro\\\/albaiulia\\\/#\\\/schema\\\/person\\\/9700d21fae21c4f038b0b56f4506264a\"},\"description\":\"Urmare a precipita\u021biilor abundente \u00eenregistrate \u00een sudul jude\u021bului Alba, \u00een data de 1 iunie 2019, localit\u0103\u021bile R\u0103chita, Pianu de Jos, Pianu de Sus,\",\"breadcrumb\":{\"@id\":\"https:\\\/\\\/urbeamea.ro\\\/albaiulia\\\/foto-crucea-rosie-romana-filiala-alba-alaturi-de-comunitatile-din-sudul-judetului-alba-afectate-de-pe-urma-inundatiilor-din-1-iunie\\\/#breadcrumb\"},\"inLanguage\":\"ro-RO\",\"potentialAction\":[{\"@type\":\"ReadAction\",\"target\":[\"https:\\\/\\\/urbeamea.ro\\\/albaiulia\\\/foto-crucea-rosie-romana-filiala-alba-alaturi-de-comunitatile-din-sudul-judetului-alba-afectate-de-pe-urma-inundatiilor-din-1-iunie\\\/\"]}]},{\"@type\":\"ImageObject\",\"inLanguage\":\"ro-RO\",\"@id\":\"https:\\\/\\\/urbeamea.ro\\\/albaiulia\\\/foto-crucea-rosie-romana-filiala-alba-alaturi-de-comunitatile-din-sudul-judetului-alba-afectate-de-pe-urma-inundatiilor-din-1-iunie\\\/#primaryimage\",\"url\":\"https:\\\/\\\/urbeamea.ro\\\/albaiulia\\\/wp-content\\\/uploads\\\/2019\\\/06\\\/59bd9d2f-6eed-4e36-81dd-5862bba2a953.jpg\",\"contentUrl\":\"https:\\\/\\\/urbeamea.ro\\\/albaiulia\\\/wp-content\\\/uploads\\\/2019\\\/06\\\/59bd9d2f-6eed-4e36-81dd-5862bba2a953.jpg\",\"width\":768,\"height\":1024},{\"@type\":\"BreadcrumbList\",\"@id\":\"https:\\\/\\\/urbeamea.ro\\\/albaiulia\\\/foto-crucea-rosie-romana-filiala-alba-alaturi-de-comunitatile-din-sudul-judetului-alba-afectate-de-pe-urma-inundatiilor-din-1-iunie\\\/#breadcrumb\",\"itemListElement\":[{\"@type\":\"ListItem\",\"position\":1,\"name\":\"Prima pagin\u0103\",\"item\":\"https:\\\/\\\/urbeamea.ro\\\/albaiulia\\\/\"},{\"@type\":\"ListItem\",\"position\":2,\"name\":\"FOTO: Crucea Ro\u0219ie Rom\u00e2n\u0103 Filiala Alba, al\u0103turi de comunit\u0103\u021bile din sudul Jude\u021bului Alba afectate de pe urma inunda\u021biilor din 1 iunie\"}]},{\"@type\":\"WebSite\",\"@id\":\"https:\\\/\\\/urbeamea.ro\\\/albaiulia\\\/#website\",\"url\":\"https:\\\/\\\/urbeamea.ro\\\/albaiulia\\\/\",\"name\":\"Revista Urbea Mea, Stiri urbane\",\"description\":\"Evenimente \u0219i \u0219tiri din Alba Iulia, Sebe\u0219, Aiud, Blaj\",\"potentialAction\":[{\"@type\":\"SearchAction\",\"target\":{\"@type\":\"EntryPoint\",\"urlTemplate\":\"https:\\\/\\\/urbeamea.ro\\\/albaiulia\\\/?s={search_term_string}\"},\"query-input\":{\"@type\":\"PropertyValueSpecification\",\"valueRequired\":true,\"valueName\":\"search_term_string\"}}],\"inLanguage\":\"ro-RO\"},{\"@type\":\"Person\",\"@id\":\"https:\\\/\\\/urbeamea.ro\\\/albaiulia\\\/#\\\/schema\\\/person\\\/9700d21fae21c4f038b0b56f4506264a\",\"name\":\"Cristina Ganga\",\"image\":{\"@type\":\"ImageObject\",\"inLanguage\":\"ro-RO\",\"@id\":\"https:\\\/\\\/secure.gravatar.com\\\/avatar\\\/5a67661041f057b4a8ccaf26f5a8e86e2689372006d01faf3dd9eeb10b654bb4?s=96&d=mm&r=g\",\"url\":\"https:\\\/\\\/secure.gravatar.com\\\/avatar\\\/5a67661041f057b4a8ccaf26f5a8e86e2689372006d01faf3dd9eeb10b654bb4?s=96&d=mm&r=g\",\"contentUrl\":\"https:\\\/\\\/secure.gravatar.com\\\/avatar\\\/5a67661041f057b4a8ccaf26f5a8e86e2689372006d01faf3dd9eeb10b654bb4?s=96&d=mm&r=g\",\"caption\":\"Cristina Ganga\"},\"description\":\"Jurnalist\",\"sameAs\":[\"https:\\\/\\\/www.facebook.com\\\/cristina.nicola.587\"],\"url\":\"https:\\\/\\\/urbeamea.ro\\\/albaiulia\\\/author\\\/cristina-nicola\\\/\"}]}<\/script>\n<!-- \/ Yoast SEO plugin. -->","yoast_head_json":{"title":"FOTO: Crucea Ro\u0219ie Rom\u00e2n\u0103 Filiala Alba, al\u0103turi de comunit\u0103\u021bile din sudul Jude\u021bului Alba afectate de pe urma inunda\u021biilor din 1 iunie - Revista Urbea Mea - Revista de Alba","description":"Urmare a precipita\u021biilor abundente \u00eenregistrate \u00een sudul jude\u021bului Alba, \u00een data de 1 iunie 2019, localit\u0103\u021bile R\u0103chita, Pianu de Jos, Pianu de Sus,","robots":{"index":"index","follow":"follow","max-snippet":"max-snippet:-1","max-image-preview":"max-image-preview:large","max-video-preview":"max-video-preview:-1"},"canonical":"https:\/\/urbeamea.ro\/albaiulia\/foto-crucea-rosie-romana-filiala-alba-alaturi-de-comunitatile-din-sudul-judetului-alba-afectate-de-pe-urma-inundatiilor-din-1-iunie\/","twitter_card":"summary_large_image","twitter_title":"FOTO: Crucea Ro\u0219ie Rom\u00e2n\u0103 Filiala Alba, al\u0103turi de comunit\u0103\u021bile din sudul Jude\u021bului Alba afectate de pe urma inunda\u021biilor din 1 iunie - Revista Urbea Mea - Revista de Alba","twitter_description":"Urmare a precipita\u021biilor abundente \u00eenregistrate \u00een sudul jude\u021bului Alba, \u00een data de 1 iunie 2019, localit\u0103\u021bile R\u0103chita, Pianu de Jos, Pianu de Sus,","twitter_image":"https:\/\/urbeamea.ro\/albaiulia\/wp-content\/uploads\/2019\/06\/59bd9d2f-6eed-4e36-81dd-5862bba2a953.jpg","twitter_creator":"@urbeameaweb","twitter_site":"@urbeameaweb","schema":{"@context":"https:\/\/schema.org","@graph":[{"@type":"Article","@id":"https:\/\/urbeamea.ro\/albaiulia\/foto-crucea-rosie-romana-filiala-alba-alaturi-de-comunitatile-din-sudul-judetului-alba-afectate-de-pe-urma-inundatiilor-din-1-iunie\/#article","isPartOf":{"@id":"https:\/\/urbeamea.ro\/albaiulia\/foto-crucea-rosie-romana-filiala-alba-alaturi-de-comunitatile-din-sudul-judetului-alba-afectate-de-pe-urma-inundatiilor-din-1-iunie\/"},"author":{"name":"Cristina Ganga","@id":"https:\/\/urbeamea.ro\/albaiulia\/#\/schema\/person\/9700d21fae21c4f038b0b56f4506264a"},"headline":"FOTO: Crucea Ro\u0219ie Rom\u00e2n\u0103 Filiala Alba, al\u0103turi de comunit\u0103\u021bile din sudul Jude\u021bului Alba afectate de pe urma inunda\u021biilor din 1 iunie","datePublished":"2019-06-03T06:00:13+00:00","dateModified":"2019-06-03T06:00:16+00:00","mainEntityOfPage":{"@id":"https:\/\/urbeamea.ro\/albaiulia\/foto-crucea-rosie-romana-filiala-alba-alaturi-de-comunitatile-din-sudul-judetului-alba-afectate-de-pe-urma-inundatiilor-din-1-iunie\/"},"wordCount":407,"commentCount":0,"image":{"@id":"https:\/\/urbeamea.ro\/albaiulia\/foto-crucea-rosie-romana-filiala-alba-alaturi-de-comunitatile-din-sudul-judetului-alba-afectate-de-pe-urma-inundatiilor-din-1-iunie\/#primaryimage"},"thumbnailUrl":"https:\/\/urbeamea.ro\/albaiulia\/wp-content\/uploads\/2019\/06\/59bd9d2f-6eed-4e36-81dd-5862bba2a953.jpg","keywords":["ajutor de prima necesitate","comunitati","crucea rosie romana filiala alba","inundatii","pianu de jos","pianu de sus","rachita","salistea","sebesel","sinistrati","stiri","Urbea Mea","voluntari"],"articleSection":["Social"],"inLanguage":"ro-RO","potentialAction":[{"@type":"CommentAction","name":"Comment","target":["https:\/\/urbeamea.ro\/albaiulia\/foto-crucea-rosie-romana-filiala-alba-alaturi-de-comunitatile-din-sudul-judetului-alba-afectate-de-pe-urma-inundatiilor-din-1-iunie\/#respond"]}]},{"@type":"WebPage","@id":"https:\/\/urbeamea.ro\/albaiulia\/foto-crucea-rosie-romana-filiala-alba-alaturi-de-comunitatile-din-sudul-judetului-alba-afectate-de-pe-urma-inundatiilor-din-1-iunie\/","url":"https:\/\/urbeamea.ro\/albaiulia\/foto-crucea-rosie-romana-filiala-alba-alaturi-de-comunitatile-din-sudul-judetului-alba-afectate-de-pe-urma-inundatiilor-din-1-iunie\/","name":"FOTO: Crucea Ro\u0219ie Rom\u00e2n\u0103 Filiala Alba, al\u0103turi de comunit\u0103\u021bile din sudul Jude\u021bului Alba afectate de pe urma inunda\u021biilor din 1 iunie - Revista Urbea Mea - Revista de Alba","isPartOf":{"@id":"https:\/\/urbeamea.ro\/albaiulia\/#website"},"primaryImageOfPage":{"@id":"https:\/\/urbeamea.ro\/albaiulia\/foto-crucea-rosie-romana-filiala-alba-alaturi-de-comunitatile-din-sudul-judetului-alba-afectate-de-pe-urma-inundatiilor-din-1-iunie\/#primaryimage"},"image":{"@id":"https:\/\/urbeamea.ro\/albaiulia\/foto-crucea-rosie-romana-filiala-alba-alaturi-de-comunitatile-din-sudul-judetului-alba-afectate-de-pe-urma-inundatiilor-din-1-iunie\/#primaryimage"},"thumbnailUrl":"https:\/\/urbeamea.ro\/albaiulia\/wp-content\/uploads\/2019\/06\/59bd9d2f-6eed-4e36-81dd-5862bba2a953.jpg","datePublished":"2019-06-03T06:00:13+00:00","dateModified":"2019-06-03T06:00:16+00:00","author":{"@id":"https:\/\/urbeamea.ro\/albaiulia\/#\/schema\/person\/9700d21fae21c4f038b0b56f4506264a"},"description":"Urmare a precipita\u021biilor abundente \u00eenregistrate \u00een sudul jude\u021bului Alba, \u00een data de 1 iunie 2019, localit\u0103\u021bile R\u0103chita, Pianu de Jos, Pianu de Sus,","breadcrumb":{"@id":"https:\/\/urbeamea.ro\/albaiulia\/foto-crucea-rosie-romana-filiala-alba-alaturi-de-comunitatile-din-sudul-judetului-alba-afectate-de-pe-urma-inundatiilor-din-1-iunie\/#breadcrumb"},"inLanguage":"ro-RO","potentialAction":[{"@type":"ReadAction","target":["https:\/\/urbeamea.ro\/albaiulia\/foto-crucea-rosie-romana-filiala-alba-alaturi-de-comunitatile-din-sudul-judetului-alba-afectate-de-pe-urma-inundatiilor-din-1-iunie\/"]}]},{"@type":"ImageObject","inLanguage":"ro-RO","@id":"https:\/\/urbeamea.ro\/albaiulia\/foto-crucea-rosie-romana-filiala-alba-alaturi-de-comunitatile-din-sudul-judetului-alba-afectate-de-pe-urma-inundatiilor-din-1-iunie\/#primaryimage","url":"https:\/\/urbeamea.ro\/albaiulia\/wp-content\/uploads\/2019\/06\/59bd9d2f-6eed-4e36-81dd-5862bba2a953.jpg","contentUrl":"https:\/\/urbeamea.ro\/albaiulia\/wp-content\/uploads\/2019\/06\/59bd9d2f-6eed-4e36-81dd-5862bba2a953.jpg","width":768,"height":1024},{"@type":"BreadcrumbList","@id":"https:\/\/urbeamea.ro\/albaiulia\/foto-crucea-rosie-romana-filiala-alba-alaturi-de-comunitatile-din-sudul-judetului-alba-afectate-de-pe-urma-inundatiilor-din-1-iunie\/#breadcrumb","itemListElement":[{"@type":"ListItem","position":1,"name":"Prima pagin\u0103","item":"https:\/\/urbeamea.ro\/albaiulia\/"},{"@type":"ListItem","position":2,"name":"FOTO: Crucea Ro\u0219ie Rom\u00e2n\u0103 Filiala Alba, al\u0103turi de comunit\u0103\u021bile din sudul Jude\u021bului Alba afectate de pe urma inunda\u021biilor din 1 iunie"}]},{"@type":"WebSite","@id":"https:\/\/urbeamea.ro\/albaiulia\/#website","url":"https:\/\/urbeamea.ro\/albaiulia\/","name":"Revista Urbea Mea, Stiri urbane","description":"Evenimente \u0219i \u0219tiri din Alba Iulia, Sebe\u0219, Aiud, Blaj","potentialAction":[{"@type":"SearchAction","target":{"@type":"EntryPoint","urlTemplate":"https:\/\/urbeamea.ro\/albaiulia\/?s={search_term_string}"},"query-input":{"@type":"PropertyValueSpecification","valueRequired":true,"valueName":"search_term_string"}}],"inLanguage":"ro-RO"},{"@type":"Person","@id":"https:\/\/urbeamea.ro\/albaiulia\/#\/schema\/person\/9700d21fae21c4f038b0b56f4506264a","name":"Cristina Ganga","image":{"@type":"ImageObject","inLanguage":"ro-RO","@id":"https:\/\/secure.gravatar.com\/avatar\/5a67661041f057b4a8ccaf26f5a8e86e2689372006d01faf3dd9eeb10b654bb4?s=96&d=mm&r=g","url":"https:\/\/secure.gravatar.com\/avatar\/5a67661041f057b4a8ccaf26f5a8e86e2689372006d01faf3dd9eeb10b654bb4?s=96&d=mm&r=g","contentUrl":"https:\/\/secure.gravatar.com\/avatar\/5a67661041f057b4a8ccaf26f5a8e86e2689372006d01faf3dd9eeb10b654bb4?s=96&d=mm&r=g","caption":"Cristina Ganga"},"description":"Jurnalist","sameAs":["https:\/\/www.facebook.com\/cristina.nicola.587"],"url":"https:\/\/urbeamea.ro\/albaiulia\/author\/cristina-nicola\/"}]}},"_links":{"self":[{"href":"https:\/\/urbeamea.ro\/albaiulia\/wp-json\/wp\/v2\/posts\/77143","targetHints":{"allow":["GET"]}}],"collection":[{"href":"https:\/\/urbeamea.ro\/albaiulia\/wp-json\/wp\/v2\/posts"}],"about":[{"href":"https:\/\/urbeamea.ro\/albaiulia\/wp-json\/wp\/v2\/types\/post"}],"author":[{"embeddable":true,"href":"https:\/\/urbeamea.ro\/albaiulia\/wp-json\/wp\/v2\/users\/17"}],"replies":[{"embeddable":true,"href":"https:\/\/urbeamea.ro\/albaiulia\/wp-json\/wp\/v2\/comments?post=77143"}],"version-history":[{"count":0,"href":"https:\/\/urbeamea.ro\/albaiulia\/wp-json\/wp\/v2\/posts\/77143\/revisions"}],"wp:featuredmedia":[{"embeddable":true,"href":"https:\/\/urbeamea.ro\/albaiulia\/wp-json\/wp\/v2\/media\/77152"}],"wp:attachment":[{"href":"https:\/\/urbeamea.ro\/albaiulia\/wp-json\/wp\/v2\/media?parent=77143"}],"wp:term":[{"taxonomy":"category","embeddable":true,"href":"https:\/\/urbeamea.ro\/albaiulia\/wp-json\/wp\/v2\/categories?post=77143"},{"taxonomy":"post_tag","embeddable":true,"href":"https:\/\/urbeamea.ro\/albaiulia\/wp-json\/wp\/v2\/tags?post=77143"}],"curies":[{"name":"wp","href":"https:\/\/api.w.org\/{rel}","templated":true}]}}