{"id":78632,"date":"2019-06-26T16:20:35","date_gmt":"2019-06-26T13:20:35","guid":{"rendered":"https:\/\/urbeamea.ro\/albaiulia\/?p=78632"},"modified":"2019-06-26T16:20:41","modified_gmt":"2019-06-26T13:20:41","slug":"sambata-expozitia-de-pictura-simfonia-florilor-semnata-de-rodica-pungea-in-cadrul-manifestarii-ziua-rozelor-de-la-ciumbrud","status":"publish","type":"post","link":"https:\/\/urbeamea.ro\/albaiulia\/sambata-expozitia-de-pictura-simfonia-florilor-semnata-de-rodica-pungea-in-cadrul-manifestarii-ziua-rozelor-de-la-ciumbrud\/","title":{"rendered":"S\u00e2mb\u0103t\u0103: Expozi\u021bia de pictur\u0103 \u201eSimfonia florilor\u201d semnat\u0103 de Rodica Pungea, \u00een cadrul manifest\u0103rii \u201eZiua Rozelor\u201d de la Ciumbrud"},"content":{"rendered":"\n<p class=\"wp-block-paragraph\"><strong>Un moment deosebit \u00een cadrul manifest\u0103rii\u00a0&#8222;Ziua Rozelor&#8221;\u00a0de s\u00e2mb\u0103t\u0103 29 iunie 2019, de la Ciumbrud, \u00eel constituie expozi\u021bia semnat\u0103 de\u00a0Rodica Pungea, organizat\u0103 \u00een aer liber ( \u00een parcul Liceului Tehnologic Agricol &#8222;Alexandru Borza&#8221;) \u0219i care cuprinde peste 20 de tablouri pe p\u00e2nz\u0103, reprezent\u00e2nd o adev\u0103rat\u0103 simfonie a florilor \u0219i a culorilor.<\/strong><\/p>\n\n\n\n<p class=\"wp-block-paragraph\">Rodica Pungea este absolvent\u0103 a \u0218colii Populare de Art\u0103 din Alba Iulia \u0219i a realizat, de-a lungul anilor, numeroase expozi\u021bii personale. Are importante particip\u0103ri la manifest\u0103ri na\u021bionale \u0219i interna\u021bionale fiind c\u00e2\u0219tig\u0103toare a numeroase premii.\u00a0Lucr\u0103rile sale se afl\u0103 \u00een colec\u021bii private din Turcia, Canada, Belgia, Fran\u021ba, Spania, India , Ungaria, Croa\u021bia etc<\/p>\n\n\n\n<p class=\"wp-block-paragraph\">Organizatorii manifest\u0103rilor sunt: Consiliul Jude\u021bean Alba, Prim\u0103ria \u0219i Consiliul Local Aiud, \u00een parteneriat cu:\u00a0\u00a0Asocia\u021bia Amicii Rozelor, filiala Ciumbrud,\u00a0\u00a0Centrul de Cultur\u0103 &#8222;Augustin Bena&#8221; Alba, Centrul Cultural &#8222;Liviu Rebreanu&#8221; Aiud, Asocia\u021bia Alba \u2013 AFRODA, Liceul Tehnologic Agricol &#8222;Alexandru Borza&#8221; din Ciumbrud \u015fi Grupurile de Ac\u0163iune Local\u0103 pe Mure\u015f \u015fi pe T\u00e2rnave \u015fi Mun\u0163ii Metaliferi, Trasc\u0103u \u0219i Muntele Mare.<\/p>\n\n\n\n<p class=\"wp-block-paragraph\">V\u0103 prezent\u0103m, \u00een premier\u0103, c\u00e2teva dintre lucr\u0103rile artistei aiudene, ce sunt cuprinse \u00een inedita expozi\u021bie \u0219i v\u0103 invit\u0103m la o s\u0103rb\u0103toare a artelor \u0219i a florilor.<\/p>\n\n\n\n<ul class=\"wp-block-gallery columns-3 is-cropped wp-block-gallery-1 is-layout-flex wp-block-gallery-is-layout-flex\"><li class=\"blocks-gallery-item\"><figure><a href=\"https:\/\/urbeamea.ro\/albaiulia\/wp-content\/uploads\/2019\/06\/1n.jpg\"><img loading=\"lazy\" decoding=\"async\" width=\"519\" height=\"661\" src=\"https:\/\/urbeamea.ro\/albaiulia\/wp-content\/uploads\/2019\/06\/1n.jpg\" alt=\"\" data-id=\"78633\" data-link=\"https:\/\/urbeamea.ro\/albaiulia\/?attachment_id=78633\" class=\"wp-image-78633\" srcset=\"https:\/\/urbeamea.ro\/albaiulia\/wp-content\/uploads\/2019\/06\/1n.jpg 519w, https:\/\/urbeamea.ro\/albaiulia\/wp-content\/uploads\/2019\/06\/1n-118x150.jpg 118w, https:\/\/urbeamea.ro\/albaiulia\/wp-content\/uploads\/2019\/06\/1n-503x640.jpg 503w\" sizes=\"auto, (max-width: 519px) 100vw, 519px\" \/><\/a><\/figure><\/li><li class=\"blocks-gallery-item\"><figure><a href=\"https:\/\/urbeamea.ro\/albaiulia\/wp-content\/uploads\/2019\/06\/2_n-1280x921.jpg\"><img loading=\"lazy\" decoding=\"async\" width=\"1280\" height=\"921\" src=\"https:\/\/urbeamea.ro\/albaiulia\/wp-content\/uploads\/2019\/06\/2_n-1280x921.jpg\" alt=\"\" data-id=\"78634\" data-link=\"https:\/\/urbeamea.ro\/albaiulia\/?attachment_id=78634\" class=\"wp-image-78634\" srcset=\"https:\/\/urbeamea.ro\/albaiulia\/wp-content\/uploads\/2019\/06\/2_n-1280x921.jpg 1280w, https:\/\/urbeamea.ro\/albaiulia\/wp-content\/uploads\/2019\/06\/2_n-150x108.jpg 150w, https:\/\/urbeamea.ro\/albaiulia\/wp-content\/uploads\/2019\/06\/2_n-640x461.jpg 640w, https:\/\/urbeamea.ro\/albaiulia\/wp-content\/uploads\/2019\/06\/2_n-768x553.jpg 768w, https:\/\/urbeamea.ro\/albaiulia\/wp-content\/uploads\/2019\/06\/2_n.jpg 1797w\" sizes=\"auto, (max-width: 1280px) 100vw, 1280px\" \/><\/a><\/figure><\/li><li class=\"blocks-gallery-item\"><figure><a href=\"https:\/\/urbeamea.ro\/albaiulia\/wp-content\/uploads\/2019\/06\/3_n-1280x763.jpg\"><img loading=\"lazy\" decoding=\"async\" width=\"1280\" height=\"763\" src=\"https:\/\/urbeamea.ro\/albaiulia\/wp-content\/uploads\/2019\/06\/3_n-1280x763.jpg\" alt=\"\" data-id=\"78635\" data-link=\"https:\/\/urbeamea.ro\/albaiulia\/?attachment_id=78635\" class=\"wp-image-78635\" srcset=\"https:\/\/urbeamea.ro\/albaiulia\/wp-content\/uploads\/2019\/06\/3_n-1280x763.jpg 1280w, https:\/\/urbeamea.ro\/albaiulia\/wp-content\/uploads\/2019\/06\/3_n-150x89.jpg 150w, https:\/\/urbeamea.ro\/albaiulia\/wp-content\/uploads\/2019\/06\/3_n-640x382.jpg 640w, https:\/\/urbeamea.ro\/albaiulia\/wp-content\/uploads\/2019\/06\/3_n-768x458.jpg 768w, https:\/\/urbeamea.ro\/albaiulia\/wp-content\/uploads\/2019\/06\/3_n.jpg 1984w\" sizes=\"auto, (max-width: 1280px) 100vw, 1280px\" \/><\/a><\/figure><\/li><li class=\"blocks-gallery-item\"><figure><a href=\"https:\/\/urbeamea.ro\/albaiulia\/wp-content\/uploads\/2019\/06\/propunere-afis-pictura-989x1280.jpg\"><img loading=\"lazy\" decoding=\"async\" width=\"989\" height=\"1280\" src=\"https:\/\/urbeamea.ro\/albaiulia\/wp-content\/uploads\/2019\/06\/propunere-afis-pictura-989x1280.jpg\" alt=\"\" data-id=\"78636\" data-link=\"https:\/\/urbeamea.ro\/albaiulia\/?attachment_id=78636\" class=\"wp-image-78636\" srcset=\"https:\/\/urbeamea.ro\/albaiulia\/wp-content\/uploads\/2019\/06\/propunere-afis-pictura-989x1280.jpg 989w, https:\/\/urbeamea.ro\/albaiulia\/wp-content\/uploads\/2019\/06\/propunere-afis-pictura-116x150.jpg 116w, https:\/\/urbeamea.ro\/albaiulia\/wp-content\/uploads\/2019\/06\/propunere-afis-pictura-495x640.jpg 495w, https:\/\/urbeamea.ro\/albaiulia\/wp-content\/uploads\/2019\/06\/propunere-afis-pictura-768x994.jpg 768w\" sizes=\"auto, (max-width: 989px) 100vw, 989px\" \/><\/a><\/figure><\/li><\/ul>\n","protected":false},"excerpt":{"rendered":"<p>Un moment deosebit \u00een cadrul manifest\u0103rii\u00a0&#8222;Ziua Rozelor&#8221;\u00a0de s\u00e2mb\u0103t\u0103 29 iunie 2019, de la Ciumbrud, \u00eel constituie expozi\u021bia semnat\u0103 de\u00a0Rodica Pungea, organizat\u0103 \u00een aer liber ( \u00een parcul Liceului Tehnologic Agricol &#8222;Alexandru Borza&#8221;) \u0219i care cuprinde peste 20 de tablouri pe p\u00e2nz\u0103, reprezent\u00e2nd o adev\u0103rat\u0103 simfonie a florilor \u0219i a culorilor. Rodica Pungea este absolvent\u0103 a &hellip;<\/p>\n","protected":false},"author":17,"featured_media":78636,"comment_status":"open","ping_status":"open","sticky":false,"template":"","format":"standard","meta":{"inline_featured_image":false,"footnotes":""},"categories":[4],"tags":[6689,908,14458,18137,76],"class_list":["post-78632","post","type-post","status-publish","format-standard","has-post-thumbnail","hentry","category-eveniment","tag-ciumbrud","tag-expozitie-de-pictura","tag-rodica-pungea","tag-simfonia-florilor","tag-urbea-mea"],"yoast_head":"<!-- This site is optimized with the Yoast SEO plugin v28.3 - https:\/\/yoast.com\/product\/yoast-seo-wordpress\/ -->\n<title>S\u00e2mb\u0103t\u0103: Expozi\u021bia de pictur\u0103 \u201eSimfonia florilor\u201d semnat\u0103 de Rodica Pungea, \u00een cadrul manifest\u0103rii \u201eZiua Rozelor\u201d de la Ciumbrud - Revista Urbea Mea - Revista de Alba<\/title>\n<meta name=\"description\" content=\"Un moment deosebit \u00een cadrul manifest\u0103rii\u00a0&quot;Ziua Rozelor&quot;\u00a0de s\u00e2mb\u0103t\u0103 29 iunie 2019, de la Ciumbrud, \u00eel constituie expozi\u021bia semnat\u0103 de\u00a0Rodica Pungea,\" \/>\n<meta name=\"robots\" content=\"index, follow, max-snippet:-1, max-image-preview:large, max-video-preview:-1\" \/>\n<link rel=\"canonical\" href=\"https:\/\/urbeamea.ro\/albaiulia\/sambata-expozitia-de-pictura-simfonia-florilor-semnata-de-rodica-pungea-in-cadrul-manifestarii-ziua-rozelor-de-la-ciumbrud\/\" \/>\n<meta name=\"twitter:card\" content=\"summary_large_image\" \/>\n<meta name=\"twitter:title\" content=\"S\u00e2mb\u0103t\u0103: Expozi\u021bia de pictur\u0103 \u201eSimfonia florilor\u201d semnat\u0103 de Rodica Pungea, \u00een cadrul manifest\u0103rii \u201eZiua Rozelor\u201d de la Ciumbrud - Revista Urbea Mea - Revista de Alba\" \/>\n<meta name=\"twitter:description\" content=\"Un moment deosebit \u00een cadrul manifest\u0103rii\u00a0&quot;Ziua Rozelor&quot;\u00a0de s\u00e2mb\u0103t\u0103 29 iunie 2019, de la Ciumbrud, \u00eel constituie expozi\u021bia semnat\u0103 de\u00a0Rodica Pungea,\" \/>\n<meta name=\"twitter:image\" content=\"https:\/\/urbeamea.ro\/albaiulia\/wp-content\/uploads\/2019\/06\/propunere-afis-pictura.jpg\" \/>\n<meta name=\"twitter:creator\" content=\"@urbeameaweb\" \/>\n<meta name=\"twitter:site\" content=\"@urbeameaweb\" \/>\n<script type=\"application\/ld+json\" class=\"yoast-schema-graph\">{\"@context\":\"https:\\\/\\\/schema.org\",\"@graph\":[{\"@type\":\"Article\",\"@id\":\"https:\\\/\\\/urbeamea.ro\\\/albaiulia\\\/sambata-expozitia-de-pictura-simfonia-florilor-semnata-de-rodica-pungea-in-cadrul-manifestarii-ziua-rozelor-de-la-ciumbrud\\\/#article\",\"isPartOf\":{\"@id\":\"https:\\\/\\\/urbeamea.ro\\\/albaiulia\\\/sambata-expozitia-de-pictura-simfonia-florilor-semnata-de-rodica-pungea-in-cadrul-manifestarii-ziua-rozelor-de-la-ciumbrud\\\/\"},\"author\":{\"name\":\"Cristina Ganga\",\"@id\":\"https:\\\/\\\/urbeamea.ro\\\/albaiulia\\\/#\\\/schema\\\/person\\\/9700d21fae21c4f038b0b56f4506264a\"},\"headline\":\"S\u00e2mb\u0103t\u0103: Expozi\u021bia de pictur\u0103 \u201eSimfonia florilor\u201d semnat\u0103 de Rodica Pungea, \u00een cadrul manifest\u0103rii \u201eZiua Rozelor\u201d de la Ciumbrud\",\"datePublished\":\"2019-06-26T13:20:35+00:00\",\"dateModified\":\"2019-06-26T13:20:41+00:00\",\"mainEntityOfPage\":{\"@id\":\"https:\\\/\\\/urbeamea.ro\\\/albaiulia\\\/sambata-expozitia-de-pictura-simfonia-florilor-semnata-de-rodica-pungea-in-cadrul-manifestarii-ziua-rozelor-de-la-ciumbrud\\\/\"},\"wordCount\":239,\"commentCount\":0,\"image\":{\"@id\":\"https:\\\/\\\/urbeamea.ro\\\/albaiulia\\\/sambata-expozitia-de-pictura-simfonia-florilor-semnata-de-rodica-pungea-in-cadrul-manifestarii-ziua-rozelor-de-la-ciumbrud\\\/#primaryimage\"},\"thumbnailUrl\":\"https:\\\/\\\/urbeamea.ro\\\/albaiulia\\\/wp-content\\\/uploads\\\/2019\\\/06\\\/propunere-afis-pictura.jpg\",\"keywords\":[\"ciumbrud\",\"expozitie de pictura\",\"rodica pungea\",\"simfonia florilor\",\"Urbea Mea\"],\"articleSection\":[\"Evenimente\"],\"inLanguage\":\"ro-RO\",\"potentialAction\":[{\"@type\":\"CommentAction\",\"name\":\"Comment\",\"target\":[\"https:\\\/\\\/urbeamea.ro\\\/albaiulia\\\/sambata-expozitia-de-pictura-simfonia-florilor-semnata-de-rodica-pungea-in-cadrul-manifestarii-ziua-rozelor-de-la-ciumbrud\\\/#respond\"]}]},{\"@type\":\"WebPage\",\"@id\":\"https:\\\/\\\/urbeamea.ro\\\/albaiulia\\\/sambata-expozitia-de-pictura-simfonia-florilor-semnata-de-rodica-pungea-in-cadrul-manifestarii-ziua-rozelor-de-la-ciumbrud\\\/\",\"url\":\"https:\\\/\\\/urbeamea.ro\\\/albaiulia\\\/sambata-expozitia-de-pictura-simfonia-florilor-semnata-de-rodica-pungea-in-cadrul-manifestarii-ziua-rozelor-de-la-ciumbrud\\\/\",\"name\":\"S\u00e2mb\u0103t\u0103: Expozi\u021bia de pictur\u0103 \u201eSimfonia florilor\u201d semnat\u0103 de Rodica Pungea, \u00een cadrul manifest\u0103rii \u201eZiua Rozelor\u201d de la Ciumbrud - Revista Urbea Mea - Revista de Alba\",\"isPartOf\":{\"@id\":\"https:\\\/\\\/urbeamea.ro\\\/albaiulia\\\/#website\"},\"primaryImageOfPage\":{\"@id\":\"https:\\\/\\\/urbeamea.ro\\\/albaiulia\\\/sambata-expozitia-de-pictura-simfonia-florilor-semnata-de-rodica-pungea-in-cadrul-manifestarii-ziua-rozelor-de-la-ciumbrud\\\/#primaryimage\"},\"image\":{\"@id\":\"https:\\\/\\\/urbeamea.ro\\\/albaiulia\\\/sambata-expozitia-de-pictura-simfonia-florilor-semnata-de-rodica-pungea-in-cadrul-manifestarii-ziua-rozelor-de-la-ciumbrud\\\/#primaryimage\"},\"thumbnailUrl\":\"https:\\\/\\\/urbeamea.ro\\\/albaiulia\\\/wp-content\\\/uploads\\\/2019\\\/06\\\/propunere-afis-pictura.jpg\",\"datePublished\":\"2019-06-26T13:20:35+00:00\",\"dateModified\":\"2019-06-26T13:20:41+00:00\",\"author\":{\"@id\":\"https:\\\/\\\/urbeamea.ro\\\/albaiulia\\\/#\\\/schema\\\/person\\\/9700d21fae21c4f038b0b56f4506264a\"},\"description\":\"Un moment deosebit \u00een cadrul manifest\u0103rii\u00a0\\\"Ziua Rozelor\\\"\u00a0de s\u00e2mb\u0103t\u0103 29 iunie 2019, de la Ciumbrud, \u00eel constituie expozi\u021bia semnat\u0103 de\u00a0Rodica Pungea,\",\"breadcrumb\":{\"@id\":\"https:\\\/\\\/urbeamea.ro\\\/albaiulia\\\/sambata-expozitia-de-pictura-simfonia-florilor-semnata-de-rodica-pungea-in-cadrul-manifestarii-ziua-rozelor-de-la-ciumbrud\\\/#breadcrumb\"},\"inLanguage\":\"ro-RO\",\"potentialAction\":[{\"@type\":\"ReadAction\",\"target\":[\"https:\\\/\\\/urbeamea.ro\\\/albaiulia\\\/sambata-expozitia-de-pictura-simfonia-florilor-semnata-de-rodica-pungea-in-cadrul-manifestarii-ziua-rozelor-de-la-ciumbrud\\\/\"]}]},{\"@type\":\"ImageObject\",\"inLanguage\":\"ro-RO\",\"@id\":\"https:\\\/\\\/urbeamea.ro\\\/albaiulia\\\/sambata-expozitia-de-pictura-simfonia-florilor-semnata-de-rodica-pungea-in-cadrul-manifestarii-ziua-rozelor-de-la-ciumbrud\\\/#primaryimage\",\"url\":\"https:\\\/\\\/urbeamea.ro\\\/albaiulia\\\/wp-content\\\/uploads\\\/2019\\\/06\\\/propunere-afis-pictura.jpg\",\"contentUrl\":\"https:\\\/\\\/urbeamea.ro\\\/albaiulia\\\/wp-content\\\/uploads\\\/2019\\\/06\\\/propunere-afis-pictura.jpg\",\"width\":2550,\"height\":3300},{\"@type\":\"BreadcrumbList\",\"@id\":\"https:\\\/\\\/urbeamea.ro\\\/albaiulia\\\/sambata-expozitia-de-pictura-simfonia-florilor-semnata-de-rodica-pungea-in-cadrul-manifestarii-ziua-rozelor-de-la-ciumbrud\\\/#breadcrumb\",\"itemListElement\":[{\"@type\":\"ListItem\",\"position\":1,\"name\":\"Prima pagin\u0103\",\"item\":\"https:\\\/\\\/urbeamea.ro\\\/albaiulia\\\/\"},{\"@type\":\"ListItem\",\"position\":2,\"name\":\"S\u00e2mb\u0103t\u0103: Expozi\u021bia de pictur\u0103 \u201eSimfonia florilor\u201d semnat\u0103 de Rodica Pungea, \u00een cadrul manifest\u0103rii \u201eZiua Rozelor\u201d de la Ciumbrud\"}]},{\"@type\":\"WebSite\",\"@id\":\"https:\\\/\\\/urbeamea.ro\\\/albaiulia\\\/#website\",\"url\":\"https:\\\/\\\/urbeamea.ro\\\/albaiulia\\\/\",\"name\":\"Revista Urbea Mea, Stiri urbane\",\"description\":\"Evenimente \u0219i \u0219tiri din Alba Iulia, Sebe\u0219, Aiud, Blaj\",\"potentialAction\":[{\"@type\":\"SearchAction\",\"target\":{\"@type\":\"EntryPoint\",\"urlTemplate\":\"https:\\\/\\\/urbeamea.ro\\\/albaiulia\\\/?s={search_term_string}\"},\"query-input\":{\"@type\":\"PropertyValueSpecification\",\"valueRequired\":true,\"valueName\":\"search_term_string\"}}],\"inLanguage\":\"ro-RO\"},{\"@type\":\"Person\",\"@id\":\"https:\\\/\\\/urbeamea.ro\\\/albaiulia\\\/#\\\/schema\\\/person\\\/9700d21fae21c4f038b0b56f4506264a\",\"name\":\"Cristina Ganga\",\"image\":{\"@type\":\"ImageObject\",\"inLanguage\":\"ro-RO\",\"@id\":\"https:\\\/\\\/secure.gravatar.com\\\/avatar\\\/5a67661041f057b4a8ccaf26f5a8e86e2689372006d01faf3dd9eeb10b654bb4?s=96&d=mm&r=g\",\"url\":\"https:\\\/\\\/secure.gravatar.com\\\/avatar\\\/5a67661041f057b4a8ccaf26f5a8e86e2689372006d01faf3dd9eeb10b654bb4?s=96&d=mm&r=g\",\"contentUrl\":\"https:\\\/\\\/secure.gravatar.com\\\/avatar\\\/5a67661041f057b4a8ccaf26f5a8e86e2689372006d01faf3dd9eeb10b654bb4?s=96&d=mm&r=g\",\"caption\":\"Cristina Ganga\"},\"description\":\"Jurnalist\",\"sameAs\":[\"https:\\\/\\\/www.facebook.com\\\/cristina.nicola.587\"],\"url\":\"https:\\\/\\\/urbeamea.ro\\\/albaiulia\\\/author\\\/cristina-nicola\\\/\"}]}<\/script>\n<!-- \/ Yoast SEO plugin. -->","yoast_head_json":{"title":"S\u00e2mb\u0103t\u0103: Expozi\u021bia de pictur\u0103 \u201eSimfonia florilor\u201d semnat\u0103 de Rodica Pungea, \u00een cadrul manifest\u0103rii \u201eZiua Rozelor\u201d de la Ciumbrud - Revista Urbea Mea - Revista de Alba","description":"Un moment deosebit \u00een cadrul manifest\u0103rii\u00a0\"Ziua Rozelor\"\u00a0de s\u00e2mb\u0103t\u0103 29 iunie 2019, de la Ciumbrud, \u00eel constituie expozi\u021bia semnat\u0103 de\u00a0Rodica Pungea,","robots":{"index":"index","follow":"follow","max-snippet":"max-snippet:-1","max-image-preview":"max-image-preview:large","max-video-preview":"max-video-preview:-1"},"canonical":"https:\/\/urbeamea.ro\/albaiulia\/sambata-expozitia-de-pictura-simfonia-florilor-semnata-de-rodica-pungea-in-cadrul-manifestarii-ziua-rozelor-de-la-ciumbrud\/","twitter_card":"summary_large_image","twitter_title":"S\u00e2mb\u0103t\u0103: Expozi\u021bia de pictur\u0103 \u201eSimfonia florilor\u201d semnat\u0103 de Rodica Pungea, \u00een cadrul manifest\u0103rii \u201eZiua Rozelor\u201d de la Ciumbrud - Revista Urbea Mea - Revista de Alba","twitter_description":"Un moment deosebit \u00een cadrul manifest\u0103rii\u00a0\"Ziua Rozelor\"\u00a0de s\u00e2mb\u0103t\u0103 29 iunie 2019, de la Ciumbrud, \u00eel constituie expozi\u021bia semnat\u0103 de\u00a0Rodica Pungea,","twitter_image":"https:\/\/urbeamea.ro\/albaiulia\/wp-content\/uploads\/2019\/06\/propunere-afis-pictura.jpg","twitter_creator":"@urbeameaweb","twitter_site":"@urbeameaweb","schema":{"@context":"https:\/\/schema.org","@graph":[{"@type":"Article","@id":"https:\/\/urbeamea.ro\/albaiulia\/sambata-expozitia-de-pictura-simfonia-florilor-semnata-de-rodica-pungea-in-cadrul-manifestarii-ziua-rozelor-de-la-ciumbrud\/#article","isPartOf":{"@id":"https:\/\/urbeamea.ro\/albaiulia\/sambata-expozitia-de-pictura-simfonia-florilor-semnata-de-rodica-pungea-in-cadrul-manifestarii-ziua-rozelor-de-la-ciumbrud\/"},"author":{"name":"Cristina Ganga","@id":"https:\/\/urbeamea.ro\/albaiulia\/#\/schema\/person\/9700d21fae21c4f038b0b56f4506264a"},"headline":"S\u00e2mb\u0103t\u0103: Expozi\u021bia de pictur\u0103 \u201eSimfonia florilor\u201d semnat\u0103 de Rodica Pungea, \u00een cadrul manifest\u0103rii \u201eZiua Rozelor\u201d de la Ciumbrud","datePublished":"2019-06-26T13:20:35+00:00","dateModified":"2019-06-26T13:20:41+00:00","mainEntityOfPage":{"@id":"https:\/\/urbeamea.ro\/albaiulia\/sambata-expozitia-de-pictura-simfonia-florilor-semnata-de-rodica-pungea-in-cadrul-manifestarii-ziua-rozelor-de-la-ciumbrud\/"},"wordCount":239,"commentCount":0,"image":{"@id":"https:\/\/urbeamea.ro\/albaiulia\/sambata-expozitia-de-pictura-simfonia-florilor-semnata-de-rodica-pungea-in-cadrul-manifestarii-ziua-rozelor-de-la-ciumbrud\/#primaryimage"},"thumbnailUrl":"https:\/\/urbeamea.ro\/albaiulia\/wp-content\/uploads\/2019\/06\/propunere-afis-pictura.jpg","keywords":["ciumbrud","expozitie de pictura","rodica pungea","simfonia florilor","Urbea Mea"],"articleSection":["Evenimente"],"inLanguage":"ro-RO","potentialAction":[{"@type":"CommentAction","name":"Comment","target":["https:\/\/urbeamea.ro\/albaiulia\/sambata-expozitia-de-pictura-simfonia-florilor-semnata-de-rodica-pungea-in-cadrul-manifestarii-ziua-rozelor-de-la-ciumbrud\/#respond"]}]},{"@type":"WebPage","@id":"https:\/\/urbeamea.ro\/albaiulia\/sambata-expozitia-de-pictura-simfonia-florilor-semnata-de-rodica-pungea-in-cadrul-manifestarii-ziua-rozelor-de-la-ciumbrud\/","url":"https:\/\/urbeamea.ro\/albaiulia\/sambata-expozitia-de-pictura-simfonia-florilor-semnata-de-rodica-pungea-in-cadrul-manifestarii-ziua-rozelor-de-la-ciumbrud\/","name":"S\u00e2mb\u0103t\u0103: Expozi\u021bia de pictur\u0103 \u201eSimfonia florilor\u201d semnat\u0103 de Rodica Pungea, \u00een cadrul manifest\u0103rii \u201eZiua Rozelor\u201d de la Ciumbrud - Revista Urbea Mea - Revista de Alba","isPartOf":{"@id":"https:\/\/urbeamea.ro\/albaiulia\/#website"},"primaryImageOfPage":{"@id":"https:\/\/urbeamea.ro\/albaiulia\/sambata-expozitia-de-pictura-simfonia-florilor-semnata-de-rodica-pungea-in-cadrul-manifestarii-ziua-rozelor-de-la-ciumbrud\/#primaryimage"},"image":{"@id":"https:\/\/urbeamea.ro\/albaiulia\/sambata-expozitia-de-pictura-simfonia-florilor-semnata-de-rodica-pungea-in-cadrul-manifestarii-ziua-rozelor-de-la-ciumbrud\/#primaryimage"},"thumbnailUrl":"https:\/\/urbeamea.ro\/albaiulia\/wp-content\/uploads\/2019\/06\/propunere-afis-pictura.jpg","datePublished":"2019-06-26T13:20:35+00:00","dateModified":"2019-06-26T13:20:41+00:00","author":{"@id":"https:\/\/urbeamea.ro\/albaiulia\/#\/schema\/person\/9700d21fae21c4f038b0b56f4506264a"},"description":"Un moment deosebit \u00een cadrul manifest\u0103rii\u00a0\"Ziua Rozelor\"\u00a0de s\u00e2mb\u0103t\u0103 29 iunie 2019, de la Ciumbrud, \u00eel constituie expozi\u021bia semnat\u0103 de\u00a0Rodica Pungea,","breadcrumb":{"@id":"https:\/\/urbeamea.ro\/albaiulia\/sambata-expozitia-de-pictura-simfonia-florilor-semnata-de-rodica-pungea-in-cadrul-manifestarii-ziua-rozelor-de-la-ciumbrud\/#breadcrumb"},"inLanguage":"ro-RO","potentialAction":[{"@type":"ReadAction","target":["https:\/\/urbeamea.ro\/albaiulia\/sambata-expozitia-de-pictura-simfonia-florilor-semnata-de-rodica-pungea-in-cadrul-manifestarii-ziua-rozelor-de-la-ciumbrud\/"]}]},{"@type":"ImageObject","inLanguage":"ro-RO","@id":"https:\/\/urbeamea.ro\/albaiulia\/sambata-expozitia-de-pictura-simfonia-florilor-semnata-de-rodica-pungea-in-cadrul-manifestarii-ziua-rozelor-de-la-ciumbrud\/#primaryimage","url":"https:\/\/urbeamea.ro\/albaiulia\/wp-content\/uploads\/2019\/06\/propunere-afis-pictura.jpg","contentUrl":"https:\/\/urbeamea.ro\/albaiulia\/wp-content\/uploads\/2019\/06\/propunere-afis-pictura.jpg","width":2550,"height":3300},{"@type":"BreadcrumbList","@id":"https:\/\/urbeamea.ro\/albaiulia\/sambata-expozitia-de-pictura-simfonia-florilor-semnata-de-rodica-pungea-in-cadrul-manifestarii-ziua-rozelor-de-la-ciumbrud\/#breadcrumb","itemListElement":[{"@type":"ListItem","position":1,"name":"Prima pagin\u0103","item":"https:\/\/urbeamea.ro\/albaiulia\/"},{"@type":"ListItem","position":2,"name":"S\u00e2mb\u0103t\u0103: Expozi\u021bia de pictur\u0103 \u201eSimfonia florilor\u201d semnat\u0103 de Rodica Pungea, \u00een cadrul manifest\u0103rii \u201eZiua Rozelor\u201d de la Ciumbrud"}]},{"@type":"WebSite","@id":"https:\/\/urbeamea.ro\/albaiulia\/#website","url":"https:\/\/urbeamea.ro\/albaiulia\/","name":"Revista Urbea Mea, Stiri urbane","description":"Evenimente \u0219i \u0219tiri din Alba Iulia, Sebe\u0219, Aiud, Blaj","potentialAction":[{"@type":"SearchAction","target":{"@type":"EntryPoint","urlTemplate":"https:\/\/urbeamea.ro\/albaiulia\/?s={search_term_string}"},"query-input":{"@type":"PropertyValueSpecification","valueRequired":true,"valueName":"search_term_string"}}],"inLanguage":"ro-RO"},{"@type":"Person","@id":"https:\/\/urbeamea.ro\/albaiulia\/#\/schema\/person\/9700d21fae21c4f038b0b56f4506264a","name":"Cristina Ganga","image":{"@type":"ImageObject","inLanguage":"ro-RO","@id":"https:\/\/secure.gravatar.com\/avatar\/5a67661041f057b4a8ccaf26f5a8e86e2689372006d01faf3dd9eeb10b654bb4?s=96&d=mm&r=g","url":"https:\/\/secure.gravatar.com\/avatar\/5a67661041f057b4a8ccaf26f5a8e86e2689372006d01faf3dd9eeb10b654bb4?s=96&d=mm&r=g","contentUrl":"https:\/\/secure.gravatar.com\/avatar\/5a67661041f057b4a8ccaf26f5a8e86e2689372006d01faf3dd9eeb10b654bb4?s=96&d=mm&r=g","caption":"Cristina Ganga"},"description":"Jurnalist","sameAs":["https:\/\/www.facebook.com\/cristina.nicola.587"],"url":"https:\/\/urbeamea.ro\/albaiulia\/author\/cristina-nicola\/"}]}},"_links":{"self":[{"href":"https:\/\/urbeamea.ro\/albaiulia\/wp-json\/wp\/v2\/posts\/78632","targetHints":{"allow":["GET"]}}],"collection":[{"href":"https:\/\/urbeamea.ro\/albaiulia\/wp-json\/wp\/v2\/posts"}],"about":[{"href":"https:\/\/urbeamea.ro\/albaiulia\/wp-json\/wp\/v2\/types\/post"}],"author":[{"embeddable":true,"href":"https:\/\/urbeamea.ro\/albaiulia\/wp-json\/wp\/v2\/users\/17"}],"replies":[{"embeddable":true,"href":"https:\/\/urbeamea.ro\/albaiulia\/wp-json\/wp\/v2\/comments?post=78632"}],"version-history":[{"count":0,"href":"https:\/\/urbeamea.ro\/albaiulia\/wp-json\/wp\/v2\/posts\/78632\/revisions"}],"wp:featuredmedia":[{"embeddable":true,"href":"https:\/\/urbeamea.ro\/albaiulia\/wp-json\/wp\/v2\/media\/78636"}],"wp:attachment":[{"href":"https:\/\/urbeamea.ro\/albaiulia\/wp-json\/wp\/v2\/media?parent=78632"}],"wp:term":[{"taxonomy":"category","embeddable":true,"href":"https:\/\/urbeamea.ro\/albaiulia\/wp-json\/wp\/v2\/categories?post=78632"},{"taxonomy":"post_tag","embeddable":true,"href":"https:\/\/urbeamea.ro\/albaiulia\/wp-json\/wp\/v2\/tags?post=78632"}],"curies":[{"name":"wp","href":"https:\/\/api.w.org\/{rel}","templated":true}]}}