{"id":78809,"date":"2019-06-29T12:26:46","date_gmt":"2019-06-29T09:26:46","guid":{"rendered":"https:\/\/urbeamea.ro\/albaiulia\/?p=78809"},"modified":"2019-06-29T12:26:52","modified_gmt":"2019-06-29T09:26:52","slug":"foto-expozitia-de-pictura-simfonia-florilor-semnata-de-artista-aiudeana-rodica-pungea","status":"publish","type":"post","link":"https:\/\/urbeamea.ro\/albaiulia\/foto-expozitia-de-pictura-simfonia-florilor-semnata-de-artista-aiudeana-rodica-pungea\/","title":{"rendered":"FOTO: Expozi\u021bia de pictur\u0103 \u201eSimfonia florilor\u201d semnat\u0103 de artista aiudean\u0103 Rodica Pungea"},"content":{"rendered":"\n<p class=\"wp-block-paragraph\"><strong>S\u00e2mb\u0103t\u0103 diminea\u021ba, la Ciumbrud, a debutat \u201eZiua Rozelor\u201d, eveniment ce ofer\u0103 oportunitatea celor care iubesc florile s\u0103 participe la manifest\u0103ri pline de culoare, parfum \u015fi distrac\u0163ie. Un moment deosebit \u00een cadrul manifest\u0103rii\u00a0\u201eZiua Rozelor\u201d \u00eel constituie expozi\u021bia semnat\u0103 de\u00a0Rodica Pungea, organizat\u0103 \u00een aer liber ( \u00een parcul Liceului Tehnologic Agricol \u201eAlexandru Borza\u201d) \u0219i care cuprinde peste 20 de tablouri pe p\u00e2nz\u0103, reprezent\u00e2nd o adev\u0103rat\u0103 simfonie a florilor \u0219i a culorilor.<\/strong><\/p>\n\n\n\n<p class=\"wp-block-paragraph\">Rodica Pungea este absolvent\u0103 a \u0218colii Populare de Art\u0103 din Alba Iulia \u0219i a realizat, de-a lungul anilor, numeroase expozi\u021bii personale. Are importante particip\u0103ri la manifest\u0103ri na\u021bionale \u0219i interna\u021bionale fiind c\u00e2\u0219tig\u0103toare a numeroase premii.&nbsp;Lucr\u0103rile sale se afl\u0103 \u00een colec\u021bii private din Turcia, Canada, Belgia, Fran\u021ba, Spania, India , Ungaria, Croa\u021bia etc<\/p>\n\n\n\n<p class=\"wp-block-paragraph\">Organizatorii manifest\u0103rilor sunt: Consiliul Jude\u021bean Alba, Prim\u0103ria \u0219i Consiliul Local Aiud, \u00een parteneriat cu:&nbsp;&nbsp;Asocia\u021bia Amicii Rozelor, filiala Ciumbrud,&nbsp;&nbsp;Centrul de Cultur\u0103 \u201eAugustin Bena\u201d Alba, Centrul Cultural \u201eLiviu Rebreanu\u201d Aiud, Asocia\u021bia Alba \u2013 AFRODA, Liceul Tehnologic Agricol \u201eAlexandru Borza\u201d din Ciumbrud \u015fi Grupurile de Ac\u0163iune Local\u0103 pe Mure\u015f \u015fi pe T\u00e2rnave \u015fi Mun\u0163ii Metaliferi, Trasc\u0103u \u0219i Muntele Mare.<\/p>\n\n\n\n<p class=\"wp-block-paragraph\">V\u0103 prezent\u0103m c\u00e2teva dintre lucr\u0103rile artistei aiudene, ce sunt cuprinse \u00een inedita expozi\u021bie \u0219i v\u0103 invit\u0103m la o s\u0103rb\u0103toare a artelor \u0219i a florilor.<\/p>\n\n\n\n<p class=\"wp-block-paragraph\"><em>sursa foto: Facebook Centrul Cultural \u201eLiviu Rebreanu\u201d Aiud<\/em><\/p>\n\n\n\n<ul class=\"wp-block-gallery columns-3 is-cropped wp-block-gallery-1 is-layout-flex wp-block-gallery-is-layout-flex\"><li class=\"blocks-gallery-item\"><figure><a href=\"https:\/\/urbeamea.ro\/albaiulia\/wp-content\/uploads\/2019\/06\/64564281_2681955761832763_9170467342667218944_n.jpg\"><img loading=\"lazy\" decoding=\"async\" width=\"960\" height=\"720\" src=\"https:\/\/urbeamea.ro\/albaiulia\/wp-content\/uploads\/2019\/06\/64564281_2681955761832763_9170467342667218944_n.jpg\" alt=\"\" data-id=\"78810\" data-link=\"https:\/\/urbeamea.ro\/albaiulia\/?attachment_id=78810\" class=\"wp-image-78810\" srcset=\"https:\/\/urbeamea.ro\/albaiulia\/wp-content\/uploads\/2019\/06\/64564281_2681955761832763_9170467342667218944_n.jpg 960w, https:\/\/urbeamea.ro\/albaiulia\/wp-content\/uploads\/2019\/06\/64564281_2681955761832763_9170467342667218944_n-150x113.jpg 150w, https:\/\/urbeamea.ro\/albaiulia\/wp-content\/uploads\/2019\/06\/64564281_2681955761832763_9170467342667218944_n-640x480.jpg 640w, https:\/\/urbeamea.ro\/albaiulia\/wp-content\/uploads\/2019\/06\/64564281_2681955761832763_9170467342667218944_n-768x576.jpg 768w\" sizes=\"auto, (max-width: 960px) 100vw, 960px\" \/><\/a><\/figure><\/li><li class=\"blocks-gallery-item\"><figure><a href=\"https:\/\/urbeamea.ro\/albaiulia\/wp-content\/uploads\/2019\/06\/65244380_2681955648499441_2104974926447378432_n.jpg\"><img loading=\"lazy\" decoding=\"async\" width=\"960\" height=\"720\" src=\"https:\/\/urbeamea.ro\/albaiulia\/wp-content\/uploads\/2019\/06\/65244380_2681955648499441_2104974926447378432_n.jpg\" alt=\"\" data-id=\"78811\" data-link=\"https:\/\/urbeamea.ro\/albaiulia\/?attachment_id=78811\" class=\"wp-image-78811\" srcset=\"https:\/\/urbeamea.ro\/albaiulia\/wp-content\/uploads\/2019\/06\/65244380_2681955648499441_2104974926447378432_n.jpg 960w, https:\/\/urbeamea.ro\/albaiulia\/wp-content\/uploads\/2019\/06\/65244380_2681955648499441_2104974926447378432_n-150x113.jpg 150w, https:\/\/urbeamea.ro\/albaiulia\/wp-content\/uploads\/2019\/06\/65244380_2681955648499441_2104974926447378432_n-640x480.jpg 640w, https:\/\/urbeamea.ro\/albaiulia\/wp-content\/uploads\/2019\/06\/65244380_2681955648499441_2104974926447378432_n-768x576.jpg 768w\" sizes=\"auto, (max-width: 960px) 100vw, 960px\" \/><\/a><\/figure><\/li><li class=\"blocks-gallery-item\"><figure><a href=\"https:\/\/urbeamea.ro\/albaiulia\/wp-content\/uploads\/2019\/06\/65258277_2681955975166075_2307188613877596160_n.jpg\"><img loading=\"lazy\" decoding=\"async\" width=\"960\" height=\"720\" src=\"https:\/\/urbeamea.ro\/albaiulia\/wp-content\/uploads\/2019\/06\/65258277_2681955975166075_2307188613877596160_n.jpg\" alt=\"\" data-id=\"78812\" data-link=\"https:\/\/urbeamea.ro\/albaiulia\/?attachment_id=78812\" class=\"wp-image-78812\" srcset=\"https:\/\/urbeamea.ro\/albaiulia\/wp-content\/uploads\/2019\/06\/65258277_2681955975166075_2307188613877596160_n.jpg 960w, https:\/\/urbeamea.ro\/albaiulia\/wp-content\/uploads\/2019\/06\/65258277_2681955975166075_2307188613877596160_n-150x113.jpg 150w, https:\/\/urbeamea.ro\/albaiulia\/wp-content\/uploads\/2019\/06\/65258277_2681955975166075_2307188613877596160_n-640x480.jpg 640w, https:\/\/urbeamea.ro\/albaiulia\/wp-content\/uploads\/2019\/06\/65258277_2681955975166075_2307188613877596160_n-768x576.jpg 768w\" sizes=\"auto, (max-width: 960px) 100vw, 960px\" \/><\/a><\/figure><\/li><li class=\"blocks-gallery-item\"><figure><a href=\"https:\/\/urbeamea.ro\/albaiulia\/wp-content\/uploads\/2019\/06\/65270798_2681955361832803_950677030851051520_n.jpg\"><img loading=\"lazy\" decoding=\"async\" width=\"960\" height=\"720\" src=\"https:\/\/urbeamea.ro\/albaiulia\/wp-content\/uploads\/2019\/06\/65270798_2681955361832803_950677030851051520_n.jpg\" alt=\"\" data-id=\"78813\" data-link=\"https:\/\/urbeamea.ro\/albaiulia\/?attachment_id=78813\" class=\"wp-image-78813\" srcset=\"https:\/\/urbeamea.ro\/albaiulia\/wp-content\/uploads\/2019\/06\/65270798_2681955361832803_950677030851051520_n.jpg 960w, https:\/\/urbeamea.ro\/albaiulia\/wp-content\/uploads\/2019\/06\/65270798_2681955361832803_950677030851051520_n-150x113.jpg 150w, https:\/\/urbeamea.ro\/albaiulia\/wp-content\/uploads\/2019\/06\/65270798_2681955361832803_950677030851051520_n-640x480.jpg 640w, https:\/\/urbeamea.ro\/albaiulia\/wp-content\/uploads\/2019\/06\/65270798_2681955361832803_950677030851051520_n-768x576.jpg 768w\" sizes=\"auto, (max-width: 960px) 100vw, 960px\" \/><\/a><\/figure><\/li><li class=\"blocks-gallery-item\"><figure><a href=\"https:\/\/urbeamea.ro\/albaiulia\/wp-content\/uploads\/2019\/06\/65273188_2681955421832797_3266383179056939008_n.jpg\"><img loading=\"lazy\" decoding=\"async\" width=\"960\" height=\"720\" src=\"https:\/\/urbeamea.ro\/albaiulia\/wp-content\/uploads\/2019\/06\/65273188_2681955421832797_3266383179056939008_n.jpg\" alt=\"\" data-id=\"78814\" data-link=\"https:\/\/urbeamea.ro\/albaiulia\/?attachment_id=78814\" class=\"wp-image-78814\" srcset=\"https:\/\/urbeamea.ro\/albaiulia\/wp-content\/uploads\/2019\/06\/65273188_2681955421832797_3266383179056939008_n.jpg 960w, https:\/\/urbeamea.ro\/albaiulia\/wp-content\/uploads\/2019\/06\/65273188_2681955421832797_3266383179056939008_n-150x113.jpg 150w, https:\/\/urbeamea.ro\/albaiulia\/wp-content\/uploads\/2019\/06\/65273188_2681955421832797_3266383179056939008_n-640x480.jpg 640w, https:\/\/urbeamea.ro\/albaiulia\/wp-content\/uploads\/2019\/06\/65273188_2681955421832797_3266383179056939008_n-768x576.jpg 768w\" sizes=\"auto, (max-width: 960px) 100vw, 960px\" \/><\/a><\/figure><\/li><li class=\"blocks-gallery-item\"><figure><a href=\"https:\/\/urbeamea.ro\/albaiulia\/wp-content\/uploads\/2019\/06\/65295929_2681955708499435_271710359973265408_n.jpg\"><img loading=\"lazy\" decoding=\"async\" width=\"960\" height=\"720\" src=\"https:\/\/urbeamea.ro\/albaiulia\/wp-content\/uploads\/2019\/06\/65295929_2681955708499435_271710359973265408_n.jpg\" alt=\"\" data-id=\"78815\" data-link=\"https:\/\/urbeamea.ro\/albaiulia\/?attachment_id=78815\" class=\"wp-image-78815\" srcset=\"https:\/\/urbeamea.ro\/albaiulia\/wp-content\/uploads\/2019\/06\/65295929_2681955708499435_271710359973265408_n.jpg 960w, https:\/\/urbeamea.ro\/albaiulia\/wp-content\/uploads\/2019\/06\/65295929_2681955708499435_271710359973265408_n-150x113.jpg 150w, https:\/\/urbeamea.ro\/albaiulia\/wp-content\/uploads\/2019\/06\/65295929_2681955708499435_271710359973265408_n-640x480.jpg 640w, https:\/\/urbeamea.ro\/albaiulia\/wp-content\/uploads\/2019\/06\/65295929_2681955708499435_271710359973265408_n-768x576.jpg 768w\" sizes=\"auto, (max-width: 960px) 100vw, 960px\" \/><\/a><\/figure><\/li><li class=\"blocks-gallery-item\"><figure><a href=\"https:\/\/urbeamea.ro\/albaiulia\/wp-content\/uploads\/2019\/06\/65380339_2681955595166113_3084120808717549568_n.jpg\"><img loading=\"lazy\" decoding=\"async\" width=\"960\" height=\"720\" src=\"https:\/\/urbeamea.ro\/albaiulia\/wp-content\/uploads\/2019\/06\/65380339_2681955595166113_3084120808717549568_n.jpg\" alt=\"\" data-id=\"78816\" data-link=\"https:\/\/urbeamea.ro\/albaiulia\/?attachment_id=78816\" class=\"wp-image-78816\" srcset=\"https:\/\/urbeamea.ro\/albaiulia\/wp-content\/uploads\/2019\/06\/65380339_2681955595166113_3084120808717549568_n.jpg 960w, https:\/\/urbeamea.ro\/albaiulia\/wp-content\/uploads\/2019\/06\/65380339_2681955595166113_3084120808717549568_n-150x113.jpg 150w, https:\/\/urbeamea.ro\/albaiulia\/wp-content\/uploads\/2019\/06\/65380339_2681955595166113_3084120808717549568_n-640x480.jpg 640w, https:\/\/urbeamea.ro\/albaiulia\/wp-content\/uploads\/2019\/06\/65380339_2681955595166113_3084120808717549568_n-768x576.jpg 768w\" sizes=\"auto, (max-width: 960px) 100vw, 960px\" \/><\/a><\/figure><\/li><li class=\"blocks-gallery-item\"><figure><a href=\"https:\/\/urbeamea.ro\/albaiulia\/wp-content\/uploads\/2019\/06\/65530505_2681955468499459_7007521898300964864_n.jpg\"><img loading=\"lazy\" decoding=\"async\" width=\"960\" height=\"720\" src=\"https:\/\/urbeamea.ro\/albaiulia\/wp-content\/uploads\/2019\/06\/65530505_2681955468499459_7007521898300964864_n.jpg\" alt=\"\" data-id=\"78817\" data-link=\"https:\/\/urbeamea.ro\/albaiulia\/?attachment_id=78817\" class=\"wp-image-78817\" srcset=\"https:\/\/urbeamea.ro\/albaiulia\/wp-content\/uploads\/2019\/06\/65530505_2681955468499459_7007521898300964864_n.jpg 960w, https:\/\/urbeamea.ro\/albaiulia\/wp-content\/uploads\/2019\/06\/65530505_2681955468499459_7007521898300964864_n-150x113.jpg 150w, https:\/\/urbeamea.ro\/albaiulia\/wp-content\/uploads\/2019\/06\/65530505_2681955468499459_7007521898300964864_n-640x480.jpg 640w, https:\/\/urbeamea.ro\/albaiulia\/wp-content\/uploads\/2019\/06\/65530505_2681955468499459_7007521898300964864_n-768x576.jpg 768w\" sizes=\"auto, (max-width: 960px) 100vw, 960px\" \/><\/a><\/figure><\/li><li class=\"blocks-gallery-item\"><figure><a href=\"https:\/\/urbeamea.ro\/albaiulia\/wp-content\/uploads\/2019\/06\/65666438_2681955935166079_7366178266249428992_n.jpg\"><img loading=\"lazy\" decoding=\"async\" width=\"960\" height=\"720\" src=\"https:\/\/urbeamea.ro\/albaiulia\/wp-content\/uploads\/2019\/06\/65666438_2681955935166079_7366178266249428992_n.jpg\" alt=\"\" data-id=\"78818\" data-link=\"https:\/\/urbeamea.ro\/albaiulia\/?attachment_id=78818\" class=\"wp-image-78818\" srcset=\"https:\/\/urbeamea.ro\/albaiulia\/wp-content\/uploads\/2019\/06\/65666438_2681955935166079_7366178266249428992_n.jpg 960w, https:\/\/urbeamea.ro\/albaiulia\/wp-content\/uploads\/2019\/06\/65666438_2681955935166079_7366178266249428992_n-150x113.jpg 150w, https:\/\/urbeamea.ro\/albaiulia\/wp-content\/uploads\/2019\/06\/65666438_2681955935166079_7366178266249428992_n-640x480.jpg 640w, https:\/\/urbeamea.ro\/albaiulia\/wp-content\/uploads\/2019\/06\/65666438_2681955935166079_7366178266249428992_n-768x576.jpg 768w\" sizes=\"auto, (max-width: 960px) 100vw, 960px\" \/><\/a><\/figure><\/li><li class=\"blocks-gallery-item\"><figure><a href=\"https:\/\/urbeamea.ro\/albaiulia\/wp-content\/uploads\/2019\/06\/65693516_2681955881832751_64401058918563840_n.jpg\"><img loading=\"lazy\" decoding=\"async\" width=\"960\" height=\"720\" src=\"https:\/\/urbeamea.ro\/albaiulia\/wp-content\/uploads\/2019\/06\/65693516_2681955881832751_64401058918563840_n.jpg\" alt=\"\" data-id=\"78819\" data-link=\"https:\/\/urbeamea.ro\/albaiulia\/?attachment_id=78819\" class=\"wp-image-78819\" srcset=\"https:\/\/urbeamea.ro\/albaiulia\/wp-content\/uploads\/2019\/06\/65693516_2681955881832751_64401058918563840_n.jpg 960w, https:\/\/urbeamea.ro\/albaiulia\/wp-content\/uploads\/2019\/06\/65693516_2681955881832751_64401058918563840_n-150x113.jpg 150w, https:\/\/urbeamea.ro\/albaiulia\/wp-content\/uploads\/2019\/06\/65693516_2681955881832751_64401058918563840_n-640x480.jpg 640w, https:\/\/urbeamea.ro\/albaiulia\/wp-content\/uploads\/2019\/06\/65693516_2681955881832751_64401058918563840_n-768x576.jpg 768w\" sizes=\"auto, (max-width: 960px) 100vw, 960px\" \/><\/a><\/figure><\/li><li class=\"blocks-gallery-item\"><figure><a href=\"https:\/\/urbeamea.ro\/albaiulia\/wp-content\/uploads\/2019\/06\/65763713_2681955821832757_7347341098034921472_n.jpg\"><img loading=\"lazy\" decoding=\"async\" width=\"960\" height=\"720\" src=\"https:\/\/urbeamea.ro\/albaiulia\/wp-content\/uploads\/2019\/06\/65763713_2681955821832757_7347341098034921472_n.jpg\" alt=\"\" data-id=\"78820\" data-link=\"https:\/\/urbeamea.ro\/albaiulia\/?attachment_id=78820\" class=\"wp-image-78820\" srcset=\"https:\/\/urbeamea.ro\/albaiulia\/wp-content\/uploads\/2019\/06\/65763713_2681955821832757_7347341098034921472_n.jpg 960w, https:\/\/urbeamea.ro\/albaiulia\/wp-content\/uploads\/2019\/06\/65763713_2681955821832757_7347341098034921472_n-150x113.jpg 150w, https:\/\/urbeamea.ro\/albaiulia\/wp-content\/uploads\/2019\/06\/65763713_2681955821832757_7347341098034921472_n-640x480.jpg 640w, https:\/\/urbeamea.ro\/albaiulia\/wp-content\/uploads\/2019\/06\/65763713_2681955821832757_7347341098034921472_n-768x576.jpg 768w\" sizes=\"auto, (max-width: 960px) 100vw, 960px\" \/><\/a><\/figure><\/li><\/ul>\n","protected":false},"excerpt":{"rendered":"<p>S\u00e2mb\u0103t\u0103 diminea\u021ba, la Ciumbrud, a debutat \u201eZiua Rozelor\u201d, eveniment ce ofer\u0103 oportunitatea celor care iubesc florile s\u0103 participe la manifest\u0103ri pline de culoare, parfum \u015fi distrac\u0163ie. Un moment deosebit \u00een cadrul manifest\u0103rii\u00a0\u201eZiua Rozelor\u201d \u00eel constituie expozi\u021bia semnat\u0103 de\u00a0Rodica Pungea, organizat\u0103 \u00een aer liber ( \u00een parcul Liceului Tehnologic Agricol \u201eAlexandru Borza\u201d) \u0219i care cuprinde peste &hellip;<\/p>\n","protected":false},"author":17,"featured_media":78815,"comment_status":"open","ping_status":"open","sticky":false,"template":"","format":"standard","meta":{"inline_featured_image":false,"footnotes":""},"categories":[4],"tags":[307,908,18137,76,5955],"class_list":["post-78809","post","type-post","status-publish","format-standard","has-post-thumbnail","hentry","category-eveniment","tag-alba","tag-expozitie-de-pictura","tag-simfonia-florilor","tag-urbea-mea","tag-ziua-rozelor"],"yoast_head":"<!-- This site is optimized with the Yoast SEO plugin v28.3 - https:\/\/yoast.com\/product\/yoast-seo-wordpress\/ -->\n<title>FOTO: Expozi\u021bia de pictur\u0103 \u201eSimfonia florilor\u201d semnat\u0103 de artista aiudean\u0103 Rodica Pungea - Revista Urbea Mea - Revista de Alba<\/title>\n<meta name=\"description\" content=\"S\u00e2mb\u0103t\u0103 diminea\u021ba, la Ciumbrud, a debutat \u201eZiua Rozelor\u201d, eveniment ce ofer\u0103 oportunitatea celor care iubesc florile s\u0103 participe la manifest\u0103ri pline de\" \/>\n<meta name=\"robots\" content=\"index, follow, max-snippet:-1, max-image-preview:large, max-video-preview:-1\" \/>\n<link rel=\"canonical\" href=\"https:\/\/urbeamea.ro\/albaiulia\/foto-expozitia-de-pictura-simfonia-florilor-semnata-de-artista-aiudeana-rodica-pungea\/\" \/>\n<meta name=\"twitter:card\" content=\"summary_large_image\" \/>\n<meta name=\"twitter:title\" content=\"FOTO: Expozi\u021bia de pictur\u0103 \u201eSimfonia florilor\u201d semnat\u0103 de artista aiudean\u0103 Rodica Pungea - Revista Urbea Mea - Revista de Alba\" \/>\n<meta name=\"twitter:description\" content=\"S\u00e2mb\u0103t\u0103 diminea\u021ba, la Ciumbrud, a debutat \u201eZiua Rozelor\u201d, eveniment ce ofer\u0103 oportunitatea celor care iubesc florile s\u0103 participe la manifest\u0103ri pline de\" \/>\n<meta name=\"twitter:image\" content=\"https:\/\/urbeamea.ro\/albaiulia\/wp-content\/uploads\/2019\/06\/65295929_2681955708499435_271710359973265408_n.jpg\" \/>\n<meta name=\"twitter:creator\" content=\"@urbeameaweb\" \/>\n<meta name=\"twitter:site\" content=\"@urbeameaweb\" \/>\n<script type=\"application\/ld+json\" class=\"yoast-schema-graph\">{\"@context\":\"https:\\\/\\\/schema.org\",\"@graph\":[{\"@type\":\"Article\",\"@id\":\"https:\\\/\\\/urbeamea.ro\\\/albaiulia\\\/foto-expozitia-de-pictura-simfonia-florilor-semnata-de-artista-aiudeana-rodica-pungea\\\/#article\",\"isPartOf\":{\"@id\":\"https:\\\/\\\/urbeamea.ro\\\/albaiulia\\\/foto-expozitia-de-pictura-simfonia-florilor-semnata-de-artista-aiudeana-rodica-pungea\\\/\"},\"author\":{\"name\":\"Cristina Ganga\",\"@id\":\"https:\\\/\\\/urbeamea.ro\\\/albaiulia\\\/#\\\/schema\\\/person\\\/9700d21fae21c4f038b0b56f4506264a\"},\"headline\":\"FOTO: Expozi\u021bia de pictur\u0103 \u201eSimfonia florilor\u201d semnat\u0103 de artista aiudean\u0103 Rodica Pungea\",\"datePublished\":\"2019-06-29T09:26:46+00:00\",\"dateModified\":\"2019-06-29T09:26:52+00:00\",\"mainEntityOfPage\":{\"@id\":\"https:\\\/\\\/urbeamea.ro\\\/albaiulia\\\/foto-expozitia-de-pictura-simfonia-florilor-semnata-de-artista-aiudeana-rodica-pungea\\\/\"},\"wordCount\":264,\"commentCount\":0,\"image\":{\"@id\":\"https:\\\/\\\/urbeamea.ro\\\/albaiulia\\\/foto-expozitia-de-pictura-simfonia-florilor-semnata-de-artista-aiudeana-rodica-pungea\\\/#primaryimage\"},\"thumbnailUrl\":\"https:\\\/\\\/urbeamea.ro\\\/albaiulia\\\/wp-content\\\/uploads\\\/2019\\\/06\\\/65295929_2681955708499435_271710359973265408_n.jpg\",\"keywords\":[\"alba\",\"expozitie de pictura\",\"simfonia florilor\",\"Urbea Mea\",\"ziua rozelor\"],\"articleSection\":[\"Evenimente\"],\"inLanguage\":\"ro-RO\",\"potentialAction\":[{\"@type\":\"CommentAction\",\"name\":\"Comment\",\"target\":[\"https:\\\/\\\/urbeamea.ro\\\/albaiulia\\\/foto-expozitia-de-pictura-simfonia-florilor-semnata-de-artista-aiudeana-rodica-pungea\\\/#respond\"]}]},{\"@type\":\"WebPage\",\"@id\":\"https:\\\/\\\/urbeamea.ro\\\/albaiulia\\\/foto-expozitia-de-pictura-simfonia-florilor-semnata-de-artista-aiudeana-rodica-pungea\\\/\",\"url\":\"https:\\\/\\\/urbeamea.ro\\\/albaiulia\\\/foto-expozitia-de-pictura-simfonia-florilor-semnata-de-artista-aiudeana-rodica-pungea\\\/\",\"name\":\"FOTO: Expozi\u021bia de pictur\u0103 \u201eSimfonia florilor\u201d semnat\u0103 de artista aiudean\u0103 Rodica Pungea - Revista Urbea Mea - Revista de Alba\",\"isPartOf\":{\"@id\":\"https:\\\/\\\/urbeamea.ro\\\/albaiulia\\\/#website\"},\"primaryImageOfPage\":{\"@id\":\"https:\\\/\\\/urbeamea.ro\\\/albaiulia\\\/foto-expozitia-de-pictura-simfonia-florilor-semnata-de-artista-aiudeana-rodica-pungea\\\/#primaryimage\"},\"image\":{\"@id\":\"https:\\\/\\\/urbeamea.ro\\\/albaiulia\\\/foto-expozitia-de-pictura-simfonia-florilor-semnata-de-artista-aiudeana-rodica-pungea\\\/#primaryimage\"},\"thumbnailUrl\":\"https:\\\/\\\/urbeamea.ro\\\/albaiulia\\\/wp-content\\\/uploads\\\/2019\\\/06\\\/65295929_2681955708499435_271710359973265408_n.jpg\",\"datePublished\":\"2019-06-29T09:26:46+00:00\",\"dateModified\":\"2019-06-29T09:26:52+00:00\",\"author\":{\"@id\":\"https:\\\/\\\/urbeamea.ro\\\/albaiulia\\\/#\\\/schema\\\/person\\\/9700d21fae21c4f038b0b56f4506264a\"},\"description\":\"S\u00e2mb\u0103t\u0103 diminea\u021ba, la Ciumbrud, a debutat \u201eZiua Rozelor\u201d, eveniment ce ofer\u0103 oportunitatea celor care iubesc florile s\u0103 participe la manifest\u0103ri pline de\",\"breadcrumb\":{\"@id\":\"https:\\\/\\\/urbeamea.ro\\\/albaiulia\\\/foto-expozitia-de-pictura-simfonia-florilor-semnata-de-artista-aiudeana-rodica-pungea\\\/#breadcrumb\"},\"inLanguage\":\"ro-RO\",\"potentialAction\":[{\"@type\":\"ReadAction\",\"target\":[\"https:\\\/\\\/urbeamea.ro\\\/albaiulia\\\/foto-expozitia-de-pictura-simfonia-florilor-semnata-de-artista-aiudeana-rodica-pungea\\\/\"]}]},{\"@type\":\"ImageObject\",\"inLanguage\":\"ro-RO\",\"@id\":\"https:\\\/\\\/urbeamea.ro\\\/albaiulia\\\/foto-expozitia-de-pictura-simfonia-florilor-semnata-de-artista-aiudeana-rodica-pungea\\\/#primaryimage\",\"url\":\"https:\\\/\\\/urbeamea.ro\\\/albaiulia\\\/wp-content\\\/uploads\\\/2019\\\/06\\\/65295929_2681955708499435_271710359973265408_n.jpg\",\"contentUrl\":\"https:\\\/\\\/urbeamea.ro\\\/albaiulia\\\/wp-content\\\/uploads\\\/2019\\\/06\\\/65295929_2681955708499435_271710359973265408_n.jpg\",\"width\":960,\"height\":720},{\"@type\":\"BreadcrumbList\",\"@id\":\"https:\\\/\\\/urbeamea.ro\\\/albaiulia\\\/foto-expozitia-de-pictura-simfonia-florilor-semnata-de-artista-aiudeana-rodica-pungea\\\/#breadcrumb\",\"itemListElement\":[{\"@type\":\"ListItem\",\"position\":1,\"name\":\"Prima pagin\u0103\",\"item\":\"https:\\\/\\\/urbeamea.ro\\\/albaiulia\\\/\"},{\"@type\":\"ListItem\",\"position\":2,\"name\":\"FOTO: Expozi\u021bia de pictur\u0103 \u201eSimfonia florilor\u201d semnat\u0103 de artista aiudean\u0103 Rodica Pungea\"}]},{\"@type\":\"WebSite\",\"@id\":\"https:\\\/\\\/urbeamea.ro\\\/albaiulia\\\/#website\",\"url\":\"https:\\\/\\\/urbeamea.ro\\\/albaiulia\\\/\",\"name\":\"Revista Urbea Mea, Stiri urbane\",\"description\":\"Evenimente \u0219i \u0219tiri din Alba Iulia, Sebe\u0219, Aiud, Blaj\",\"potentialAction\":[{\"@type\":\"SearchAction\",\"target\":{\"@type\":\"EntryPoint\",\"urlTemplate\":\"https:\\\/\\\/urbeamea.ro\\\/albaiulia\\\/?s={search_term_string}\"},\"query-input\":{\"@type\":\"PropertyValueSpecification\",\"valueRequired\":true,\"valueName\":\"search_term_string\"}}],\"inLanguage\":\"ro-RO\"},{\"@type\":\"Person\",\"@id\":\"https:\\\/\\\/urbeamea.ro\\\/albaiulia\\\/#\\\/schema\\\/person\\\/9700d21fae21c4f038b0b56f4506264a\",\"name\":\"Cristina Ganga\",\"image\":{\"@type\":\"ImageObject\",\"inLanguage\":\"ro-RO\",\"@id\":\"https:\\\/\\\/secure.gravatar.com\\\/avatar\\\/5a67661041f057b4a8ccaf26f5a8e86e2689372006d01faf3dd9eeb10b654bb4?s=96&d=mm&r=g\",\"url\":\"https:\\\/\\\/secure.gravatar.com\\\/avatar\\\/5a67661041f057b4a8ccaf26f5a8e86e2689372006d01faf3dd9eeb10b654bb4?s=96&d=mm&r=g\",\"contentUrl\":\"https:\\\/\\\/secure.gravatar.com\\\/avatar\\\/5a67661041f057b4a8ccaf26f5a8e86e2689372006d01faf3dd9eeb10b654bb4?s=96&d=mm&r=g\",\"caption\":\"Cristina Ganga\"},\"description\":\"Jurnalist\",\"sameAs\":[\"https:\\\/\\\/www.facebook.com\\\/cristina.nicola.587\"],\"url\":\"https:\\\/\\\/urbeamea.ro\\\/albaiulia\\\/author\\\/cristina-nicola\\\/\"}]}<\/script>\n<!-- \/ Yoast SEO plugin. -->","yoast_head_json":{"title":"FOTO: Expozi\u021bia de pictur\u0103 \u201eSimfonia florilor\u201d semnat\u0103 de artista aiudean\u0103 Rodica Pungea - Revista Urbea Mea - Revista de Alba","description":"S\u00e2mb\u0103t\u0103 diminea\u021ba, la Ciumbrud, a debutat \u201eZiua Rozelor\u201d, eveniment ce ofer\u0103 oportunitatea celor care iubesc florile s\u0103 participe la manifest\u0103ri pline de","robots":{"index":"index","follow":"follow","max-snippet":"max-snippet:-1","max-image-preview":"max-image-preview:large","max-video-preview":"max-video-preview:-1"},"canonical":"https:\/\/urbeamea.ro\/albaiulia\/foto-expozitia-de-pictura-simfonia-florilor-semnata-de-artista-aiudeana-rodica-pungea\/","twitter_card":"summary_large_image","twitter_title":"FOTO: Expozi\u021bia de pictur\u0103 \u201eSimfonia florilor\u201d semnat\u0103 de artista aiudean\u0103 Rodica Pungea - Revista Urbea Mea - Revista de Alba","twitter_description":"S\u00e2mb\u0103t\u0103 diminea\u021ba, la Ciumbrud, a debutat \u201eZiua Rozelor\u201d, eveniment ce ofer\u0103 oportunitatea celor care iubesc florile s\u0103 participe la manifest\u0103ri pline de","twitter_image":"https:\/\/urbeamea.ro\/albaiulia\/wp-content\/uploads\/2019\/06\/65295929_2681955708499435_271710359973265408_n.jpg","twitter_creator":"@urbeameaweb","twitter_site":"@urbeameaweb","schema":{"@context":"https:\/\/schema.org","@graph":[{"@type":"Article","@id":"https:\/\/urbeamea.ro\/albaiulia\/foto-expozitia-de-pictura-simfonia-florilor-semnata-de-artista-aiudeana-rodica-pungea\/#article","isPartOf":{"@id":"https:\/\/urbeamea.ro\/albaiulia\/foto-expozitia-de-pictura-simfonia-florilor-semnata-de-artista-aiudeana-rodica-pungea\/"},"author":{"name":"Cristina Ganga","@id":"https:\/\/urbeamea.ro\/albaiulia\/#\/schema\/person\/9700d21fae21c4f038b0b56f4506264a"},"headline":"FOTO: Expozi\u021bia de pictur\u0103 \u201eSimfonia florilor\u201d semnat\u0103 de artista aiudean\u0103 Rodica Pungea","datePublished":"2019-06-29T09:26:46+00:00","dateModified":"2019-06-29T09:26:52+00:00","mainEntityOfPage":{"@id":"https:\/\/urbeamea.ro\/albaiulia\/foto-expozitia-de-pictura-simfonia-florilor-semnata-de-artista-aiudeana-rodica-pungea\/"},"wordCount":264,"commentCount":0,"image":{"@id":"https:\/\/urbeamea.ro\/albaiulia\/foto-expozitia-de-pictura-simfonia-florilor-semnata-de-artista-aiudeana-rodica-pungea\/#primaryimage"},"thumbnailUrl":"https:\/\/urbeamea.ro\/albaiulia\/wp-content\/uploads\/2019\/06\/65295929_2681955708499435_271710359973265408_n.jpg","keywords":["alba","expozitie de pictura","simfonia florilor","Urbea Mea","ziua rozelor"],"articleSection":["Evenimente"],"inLanguage":"ro-RO","potentialAction":[{"@type":"CommentAction","name":"Comment","target":["https:\/\/urbeamea.ro\/albaiulia\/foto-expozitia-de-pictura-simfonia-florilor-semnata-de-artista-aiudeana-rodica-pungea\/#respond"]}]},{"@type":"WebPage","@id":"https:\/\/urbeamea.ro\/albaiulia\/foto-expozitia-de-pictura-simfonia-florilor-semnata-de-artista-aiudeana-rodica-pungea\/","url":"https:\/\/urbeamea.ro\/albaiulia\/foto-expozitia-de-pictura-simfonia-florilor-semnata-de-artista-aiudeana-rodica-pungea\/","name":"FOTO: Expozi\u021bia de pictur\u0103 \u201eSimfonia florilor\u201d semnat\u0103 de artista aiudean\u0103 Rodica Pungea - Revista Urbea Mea - Revista de Alba","isPartOf":{"@id":"https:\/\/urbeamea.ro\/albaiulia\/#website"},"primaryImageOfPage":{"@id":"https:\/\/urbeamea.ro\/albaiulia\/foto-expozitia-de-pictura-simfonia-florilor-semnata-de-artista-aiudeana-rodica-pungea\/#primaryimage"},"image":{"@id":"https:\/\/urbeamea.ro\/albaiulia\/foto-expozitia-de-pictura-simfonia-florilor-semnata-de-artista-aiudeana-rodica-pungea\/#primaryimage"},"thumbnailUrl":"https:\/\/urbeamea.ro\/albaiulia\/wp-content\/uploads\/2019\/06\/65295929_2681955708499435_271710359973265408_n.jpg","datePublished":"2019-06-29T09:26:46+00:00","dateModified":"2019-06-29T09:26:52+00:00","author":{"@id":"https:\/\/urbeamea.ro\/albaiulia\/#\/schema\/person\/9700d21fae21c4f038b0b56f4506264a"},"description":"S\u00e2mb\u0103t\u0103 diminea\u021ba, la Ciumbrud, a debutat \u201eZiua Rozelor\u201d, eveniment ce ofer\u0103 oportunitatea celor care iubesc florile s\u0103 participe la manifest\u0103ri pline de","breadcrumb":{"@id":"https:\/\/urbeamea.ro\/albaiulia\/foto-expozitia-de-pictura-simfonia-florilor-semnata-de-artista-aiudeana-rodica-pungea\/#breadcrumb"},"inLanguage":"ro-RO","potentialAction":[{"@type":"ReadAction","target":["https:\/\/urbeamea.ro\/albaiulia\/foto-expozitia-de-pictura-simfonia-florilor-semnata-de-artista-aiudeana-rodica-pungea\/"]}]},{"@type":"ImageObject","inLanguage":"ro-RO","@id":"https:\/\/urbeamea.ro\/albaiulia\/foto-expozitia-de-pictura-simfonia-florilor-semnata-de-artista-aiudeana-rodica-pungea\/#primaryimage","url":"https:\/\/urbeamea.ro\/albaiulia\/wp-content\/uploads\/2019\/06\/65295929_2681955708499435_271710359973265408_n.jpg","contentUrl":"https:\/\/urbeamea.ro\/albaiulia\/wp-content\/uploads\/2019\/06\/65295929_2681955708499435_271710359973265408_n.jpg","width":960,"height":720},{"@type":"BreadcrumbList","@id":"https:\/\/urbeamea.ro\/albaiulia\/foto-expozitia-de-pictura-simfonia-florilor-semnata-de-artista-aiudeana-rodica-pungea\/#breadcrumb","itemListElement":[{"@type":"ListItem","position":1,"name":"Prima pagin\u0103","item":"https:\/\/urbeamea.ro\/albaiulia\/"},{"@type":"ListItem","position":2,"name":"FOTO: Expozi\u021bia de pictur\u0103 \u201eSimfonia florilor\u201d semnat\u0103 de artista aiudean\u0103 Rodica Pungea"}]},{"@type":"WebSite","@id":"https:\/\/urbeamea.ro\/albaiulia\/#website","url":"https:\/\/urbeamea.ro\/albaiulia\/","name":"Revista Urbea Mea, Stiri urbane","description":"Evenimente \u0219i \u0219tiri din Alba Iulia, Sebe\u0219, Aiud, Blaj","potentialAction":[{"@type":"SearchAction","target":{"@type":"EntryPoint","urlTemplate":"https:\/\/urbeamea.ro\/albaiulia\/?s={search_term_string}"},"query-input":{"@type":"PropertyValueSpecification","valueRequired":true,"valueName":"search_term_string"}}],"inLanguage":"ro-RO"},{"@type":"Person","@id":"https:\/\/urbeamea.ro\/albaiulia\/#\/schema\/person\/9700d21fae21c4f038b0b56f4506264a","name":"Cristina Ganga","image":{"@type":"ImageObject","inLanguage":"ro-RO","@id":"https:\/\/secure.gravatar.com\/avatar\/5a67661041f057b4a8ccaf26f5a8e86e2689372006d01faf3dd9eeb10b654bb4?s=96&d=mm&r=g","url":"https:\/\/secure.gravatar.com\/avatar\/5a67661041f057b4a8ccaf26f5a8e86e2689372006d01faf3dd9eeb10b654bb4?s=96&d=mm&r=g","contentUrl":"https:\/\/secure.gravatar.com\/avatar\/5a67661041f057b4a8ccaf26f5a8e86e2689372006d01faf3dd9eeb10b654bb4?s=96&d=mm&r=g","caption":"Cristina Ganga"},"description":"Jurnalist","sameAs":["https:\/\/www.facebook.com\/cristina.nicola.587"],"url":"https:\/\/urbeamea.ro\/albaiulia\/author\/cristina-nicola\/"}]}},"_links":{"self":[{"href":"https:\/\/urbeamea.ro\/albaiulia\/wp-json\/wp\/v2\/posts\/78809","targetHints":{"allow":["GET"]}}],"collection":[{"href":"https:\/\/urbeamea.ro\/albaiulia\/wp-json\/wp\/v2\/posts"}],"about":[{"href":"https:\/\/urbeamea.ro\/albaiulia\/wp-json\/wp\/v2\/types\/post"}],"author":[{"embeddable":true,"href":"https:\/\/urbeamea.ro\/albaiulia\/wp-json\/wp\/v2\/users\/17"}],"replies":[{"embeddable":true,"href":"https:\/\/urbeamea.ro\/albaiulia\/wp-json\/wp\/v2\/comments?post=78809"}],"version-history":[{"count":0,"href":"https:\/\/urbeamea.ro\/albaiulia\/wp-json\/wp\/v2\/posts\/78809\/revisions"}],"wp:featuredmedia":[{"embeddable":true,"href":"https:\/\/urbeamea.ro\/albaiulia\/wp-json\/wp\/v2\/media\/78815"}],"wp:attachment":[{"href":"https:\/\/urbeamea.ro\/albaiulia\/wp-json\/wp\/v2\/media?parent=78809"}],"wp:term":[{"taxonomy":"category","embeddable":true,"href":"https:\/\/urbeamea.ro\/albaiulia\/wp-json\/wp\/v2\/categories?post=78809"},{"taxonomy":"post_tag","embeddable":true,"href":"https:\/\/urbeamea.ro\/albaiulia\/wp-json\/wp\/v2\/tags?post=78809"}],"curies":[{"name":"wp","href":"https:\/\/api.w.org\/{rel}","templated":true}]}}