{"id":79476,"date":"2019-07-02T16:37:51","date_gmt":"2019-07-02T13:37:51","guid":{"rendered":"https:\/\/urbeamea.ro\/albaiulia\/?p=79476"},"modified":"2019-07-02T22:22:16","modified_gmt":"2019-07-02T19:22:16","slug":"festivalului-national-de-folclor-strugurele-de-aur-a-ajuns-la-cea-de-a-xix-a-editie-luni-au-loc-preselectiile","status":"publish","type":"post","link":"https:\/\/urbeamea.ro\/albaiulia\/festivalului-national-de-folclor-strugurele-de-aur-a-ajuns-la-cea-de-a-xix-a-editie-luni-au-loc-preselectiile\/","title":{"rendered":"Festivalului Na\u021bional de Folclor \u201eStrugurele de Aur\u201d a ajuns la cea de-a XIX-a edi\u021bie.  Luni au loc preselec\u021biile"},"content":{"rendered":"\n<p class=\"wp-block-paragraph\"><strong>\u00cen perioada 4-8 septembrie 2019, la Alba Iulia \u0219i Jidvei, se va desf\u0103\u0219ura cea de-a XIX-a edi\u021bie a Festivalului Na\u021bional de Folclor \u201eStrugurele de Aur\u201d. Ini\u021biat \u00een anul 2001 de conducerea companiei Jidvei, acest eveniment s-a impus de-a lungul timpului printre evenimentele de profil de la nivel na\u021bional, contribuind la promovarea valorilor culturii tradi\u021bionale transmise din genera\u021bie \u00een genera\u021bie. <\/strong><\/p>\n\n\n\n<p class=\"wp-block-paragraph\">Prilej de s\u0103rb\u0103toare, de bucurie \u0219i c\u00e2nt, edi\u021bia de anul acesta va aduce pe scena Festivalului arti\u0219ti \u00eendr\u0103gi\u021bi, al\u0103turi de tineri interpre\u021bi talenta\u021bi, dornici s\u0103 se afirme \u0219i s\u0103 duc\u0103 mai departe c\u00e2ntecul \u0219i portul rom\u00e2nesc.<\/p>\n\n\n\n<p class=\"wp-block-paragraph\">Concursul va cuprinde, la fel ca \u00een anii preceden\u021bi, dou\u0103 sec\u021biuni: \u201esoli\u0219ti vocali\u201d \u0219i \u201esoli\u0219ti instrumenti\u0219ti\u201d, fiind deschis interpre\u021bilor amatori ai folclorului muzical din \u00eentreaga \u021bar\u0103. Din dorin\u021ba de a continua demersurile ini\u021biate \u00een cadrul edi\u021biei de anul trecut, prilejuite de celebrarea \u00eemplinirii a 100 de ani de la \u00eenf\u0103ptuirea Marii Uniri, \u0219i anume de a impulsiona \u0219i sprijini p\u0103strarea tradi\u021biilor, c\u00e2ntecului \u0219i graiului rom\u00e2nesc \u0219i \u00een comunit\u0103\u021bile de rom\u00e2ni din afara \u021b\u0103rii (Voivodina, Valea Timocului \u2013 Serbia, Valea Timocului \u2013 Bulgaria, Cern\u0103u\u021bi, \u021ainutul Her\u021ba \u0219i Transcarpatia \u2013 Ucraina, Republica Moldova \u0219i Kazahstan), \u0219i anul acesta, soli\u0219ti vocali \u0219i instrumenti\u0219ti amatori din aceste comunit\u0103\u021bi, av\u00e2nd v\u00e2rsta cuprins\u0103 \u00eentre 16 \u0219i 32 de ani, vor putea participa la preselec\u021bie conform cerin\u021belor \u0219i criteriilor stabilite \u00een Regulamentul Festivalului.<\/p>\n\n\n\n<p class=\"wp-block-paragraph\">Preselec\u021bia pentru participarea \u00een concurs va avea loc data de&nbsp;<strong>8 iulie 2019<\/strong>&nbsp;\u00een ora\u0219ul Alba Iulia, la sediul Centrului de Cultur\u0103 \u201eAugustin Bena\u201d, Str. Mihai Viteazul, nr.2.<\/p>\n\n\n\n<p class=\"wp-block-paragraph\">Pentru mai multe informa\u021bii cu privire la edi\u021bia de anul acesta, pute\u021bi consulta&nbsp;<a rel=\"noreferrer noopener\" href=\"https:\/\/jidvei.ro\/sites\/default\/files\/regulament-festivalul-national-de-folclor-strugurele-de-aur-2019.pdf\" target=\"_blank\">Regulamentul<\/a> de organizare \u0219i desf\u0103\u0219urare a Festivalului \u0219i&nbsp;<a rel=\"noreferrer noopener\" href=\"https:\/\/www.jidvei.ro\/sites\/default\/files\/grila-evaluare-concurenti-2019.pdf\" target=\"_blank\">Grila de evaluare<\/a>. Men\u021bion\u0103m c\u0103 \u00een cadrul preselec\u021biei, notarea se va face utiliz\u00e2nd aceea\u0219i gril\u0103 de evaluare ca \u00een concurs, iar pentru punctele 4.1 \u0219i 4.2 se vor acorda 20 de puncte din oficiu.<\/p>\n\n\n\n<p class=\"wp-block-paragraph\">\u00censcrierile \u00een concurs se realizeaz\u0103 complet\u00e2nd \u0219i trimi\u021b\u00e2nd&nbsp;<a href=\"https:\/\/jidvei.ro\/sites\/default\/files\/fisa-de-inscriere-strugurele-de-aur-2019.docx\" target=\"_blank\" rel=\"noreferrer noopener\">Fi\u0219a de \u00eenscriere<\/a>&nbsp;la adresa&nbsp;<a href=\"mailto:strugureledeaur@jidvei.ro\">strugureledeaur@jidvei.ro<\/a>, p\u00e2n\u0103 la data de 4 iulie 2019.<\/p>\n","protected":false},"excerpt":{"rendered":"<p>\u00cen perioada 4-8 septembrie 2019, la Alba Iulia \u0219i Jidvei, se va desf\u0103\u0219ura cea de-a XIX-a edi\u021bie a Festivalului Na\u021bional de Folclor \u201eStrugurele de Aur\u201d. Ini\u021biat \u00een anul 2001 de conducerea companiei Jidvei, acest eveniment s-a impus de-a lungul timpului printre evenimentele de profil de la nivel na\u021bional, contribuind la promovarea valorilor culturii tradi\u021bionale transmise &hellip;<\/p>\n","protected":false},"author":17,"featured_media":79477,"comment_status":"open","ping_status":"open","sticky":false,"template":"","format":"standard","meta":{"inline_featured_image":false,"footnotes":""},"categories":[4],"tags":[31,492,11680,15324,335,552,308],"class_list":["post-79476","post","type-post","status-publish","format-standard","has-post-thumbnail","hentry","category-eveniment","tag-alba-iulia","tag-concurs","tag-festivalul-national-de-folclor-strugurele-de-aur","tag-fisa-de-inscriere","tag-preselectii","tag-regulament","tag-stiri"],"yoast_head":"<!-- This site is optimized with the Yoast SEO plugin v28.3 - https:\/\/yoast.com\/product\/yoast-seo-wordpress\/ -->\n<title>Festivalului Na\u021bional de Folclor \u201eStrugurele de Aur\u201d a ajuns la cea de-a XIX-a edi\u021bie. Luni au loc preselec\u021biile - Revista Urbea Mea - Revista de Alba<\/title>\n<meta name=\"description\" content=\"\u00cen perioada 4-8 septembrie 2019, la Alba Iulia \u0219i Jidvei, se va desf\u0103\u0219ura cea de-a XIX-a edi\u021bie a Festivalului Na\u021bional de Folclor \u201eStrugurele de Aur\u201d.\" \/>\n<meta name=\"robots\" content=\"index, follow, max-snippet:-1, max-image-preview:large, max-video-preview:-1\" \/>\n<link rel=\"canonical\" href=\"https:\/\/urbeamea.ro\/albaiulia\/festivalului-national-de-folclor-strugurele-de-aur-a-ajuns-la-cea-de-a-xix-a-editie-luni-au-loc-preselectiile\/\" \/>\n<meta name=\"twitter:card\" content=\"summary_large_image\" \/>\n<meta name=\"twitter:title\" content=\"Festivalului Na\u021bional de Folclor \u201eStrugurele de Aur\u201d a ajuns la cea de-a XIX-a edi\u021bie. Luni au loc preselec\u021biile - Revista Urbea Mea - Revista de Alba\" \/>\n<meta name=\"twitter:description\" content=\"\u00cen perioada 4-8 septembrie 2019, la Alba Iulia \u0219i Jidvei, se va desf\u0103\u0219ura cea de-a XIX-a edi\u021bie a Festivalului Na\u021bional de Folclor \u201eStrugurele de Aur\u201d.\" \/>\n<meta name=\"twitter:image\" content=\"https:\/\/urbeamea.ro\/albaiulia\/wp-content\/uploads\/2019\/07\/dsc_0118-pano.jpg\" \/>\n<meta name=\"twitter:creator\" content=\"@urbeameaweb\" \/>\n<meta name=\"twitter:site\" content=\"@urbeameaweb\" \/>\n<script type=\"application\/ld+json\" class=\"yoast-schema-graph\">{\"@context\":\"https:\\\/\\\/schema.org\",\"@graph\":[{\"@type\":\"Article\",\"@id\":\"https:\\\/\\\/urbeamea.ro\\\/albaiulia\\\/festivalului-national-de-folclor-strugurele-de-aur-a-ajuns-la-cea-de-a-xix-a-editie-luni-au-loc-preselectiile\\\/#article\",\"isPartOf\":{\"@id\":\"https:\\\/\\\/urbeamea.ro\\\/albaiulia\\\/festivalului-national-de-folclor-strugurele-de-aur-a-ajuns-la-cea-de-a-xix-a-editie-luni-au-loc-preselectiile\\\/\"},\"author\":{\"name\":\"Cristina Ganga\",\"@id\":\"https:\\\/\\\/urbeamea.ro\\\/albaiulia\\\/#\\\/schema\\\/person\\\/9700d21fae21c4f038b0b56f4506264a\"},\"headline\":\"Festivalului Na\u021bional de Folclor \u201eStrugurele de Aur\u201d a ajuns la cea de-a XIX-a edi\u021bie. Luni au loc preselec\u021biile\",\"datePublished\":\"2019-07-02T13:37:51+00:00\",\"dateModified\":\"2019-07-02T19:22:16+00:00\",\"mainEntityOfPage\":{\"@id\":\"https:\\\/\\\/urbeamea.ro\\\/albaiulia\\\/festivalului-national-de-folclor-strugurele-de-aur-a-ajuns-la-cea-de-a-xix-a-editie-luni-au-loc-preselectiile\\\/\"},\"wordCount\":401,\"commentCount\":0,\"image\":{\"@id\":\"https:\\\/\\\/urbeamea.ro\\\/albaiulia\\\/festivalului-national-de-folclor-strugurele-de-aur-a-ajuns-la-cea-de-a-xix-a-editie-luni-au-loc-preselectiile\\\/#primaryimage\"},\"thumbnailUrl\":\"https:\\\/\\\/urbeamea.ro\\\/albaiulia\\\/wp-content\\\/uploads\\\/2019\\\/07\\\/dsc_0118-pano.jpg\",\"keywords\":[\"Alba Iulia\",\"concurs\",\"festivalul national de folclor strugurele de aur\",\"fisa de inscriere\",\"preselectii\",\"regulament\",\"stiri\"],\"articleSection\":[\"Evenimente\"],\"inLanguage\":\"ro-RO\",\"potentialAction\":[{\"@type\":\"CommentAction\",\"name\":\"Comment\",\"target\":[\"https:\\\/\\\/urbeamea.ro\\\/albaiulia\\\/festivalului-national-de-folclor-strugurele-de-aur-a-ajuns-la-cea-de-a-xix-a-editie-luni-au-loc-preselectiile\\\/#respond\"]}]},{\"@type\":\"WebPage\",\"@id\":\"https:\\\/\\\/urbeamea.ro\\\/albaiulia\\\/festivalului-national-de-folclor-strugurele-de-aur-a-ajuns-la-cea-de-a-xix-a-editie-luni-au-loc-preselectiile\\\/\",\"url\":\"https:\\\/\\\/urbeamea.ro\\\/albaiulia\\\/festivalului-national-de-folclor-strugurele-de-aur-a-ajuns-la-cea-de-a-xix-a-editie-luni-au-loc-preselectiile\\\/\",\"name\":\"Festivalului Na\u021bional de Folclor \u201eStrugurele de Aur\u201d a ajuns la cea de-a XIX-a edi\u021bie. Luni au loc preselec\u021biile - Revista Urbea Mea - Revista de Alba\",\"isPartOf\":{\"@id\":\"https:\\\/\\\/urbeamea.ro\\\/albaiulia\\\/#website\"},\"primaryImageOfPage\":{\"@id\":\"https:\\\/\\\/urbeamea.ro\\\/albaiulia\\\/festivalului-national-de-folclor-strugurele-de-aur-a-ajuns-la-cea-de-a-xix-a-editie-luni-au-loc-preselectiile\\\/#primaryimage\"},\"image\":{\"@id\":\"https:\\\/\\\/urbeamea.ro\\\/albaiulia\\\/festivalului-national-de-folclor-strugurele-de-aur-a-ajuns-la-cea-de-a-xix-a-editie-luni-au-loc-preselectiile\\\/#primaryimage\"},\"thumbnailUrl\":\"https:\\\/\\\/urbeamea.ro\\\/albaiulia\\\/wp-content\\\/uploads\\\/2019\\\/07\\\/dsc_0118-pano.jpg\",\"datePublished\":\"2019-07-02T13:37:51+00:00\",\"dateModified\":\"2019-07-02T19:22:16+00:00\",\"author\":{\"@id\":\"https:\\\/\\\/urbeamea.ro\\\/albaiulia\\\/#\\\/schema\\\/person\\\/9700d21fae21c4f038b0b56f4506264a\"},\"description\":\"\u00cen perioada 4-8 septembrie 2019, la Alba Iulia \u0219i Jidvei, se va desf\u0103\u0219ura cea de-a XIX-a edi\u021bie a Festivalului Na\u021bional de Folclor \u201eStrugurele de Aur\u201d.\",\"breadcrumb\":{\"@id\":\"https:\\\/\\\/urbeamea.ro\\\/albaiulia\\\/festivalului-national-de-folclor-strugurele-de-aur-a-ajuns-la-cea-de-a-xix-a-editie-luni-au-loc-preselectiile\\\/#breadcrumb\"},\"inLanguage\":\"ro-RO\",\"potentialAction\":[{\"@type\":\"ReadAction\",\"target\":[\"https:\\\/\\\/urbeamea.ro\\\/albaiulia\\\/festivalului-national-de-folclor-strugurele-de-aur-a-ajuns-la-cea-de-a-xix-a-editie-luni-au-loc-preselectiile\\\/\"]}]},{\"@type\":\"ImageObject\",\"inLanguage\":\"ro-RO\",\"@id\":\"https:\\\/\\\/urbeamea.ro\\\/albaiulia\\\/festivalului-national-de-folclor-strugurele-de-aur-a-ajuns-la-cea-de-a-xix-a-editie-luni-au-loc-preselectiile\\\/#primaryimage\",\"url\":\"https:\\\/\\\/urbeamea.ro\\\/albaiulia\\\/wp-content\\\/uploads\\\/2019\\\/07\\\/dsc_0118-pano.jpg\",\"contentUrl\":\"https:\\\/\\\/urbeamea.ro\\\/albaiulia\\\/wp-content\\\/uploads\\\/2019\\\/07\\\/dsc_0118-pano.jpg\",\"width\":1500,\"height\":802},{\"@type\":\"BreadcrumbList\",\"@id\":\"https:\\\/\\\/urbeamea.ro\\\/albaiulia\\\/festivalului-national-de-folclor-strugurele-de-aur-a-ajuns-la-cea-de-a-xix-a-editie-luni-au-loc-preselectiile\\\/#breadcrumb\",\"itemListElement\":[{\"@type\":\"ListItem\",\"position\":1,\"name\":\"Prima pagin\u0103\",\"item\":\"https:\\\/\\\/urbeamea.ro\\\/albaiulia\\\/\"},{\"@type\":\"ListItem\",\"position\":2,\"name\":\"Festivalului Na\u021bional de Folclor \u201eStrugurele de Aur\u201d a ajuns la cea de-a XIX-a edi\u021bie. Luni au loc preselec\u021biile\"}]},{\"@type\":\"WebSite\",\"@id\":\"https:\\\/\\\/urbeamea.ro\\\/albaiulia\\\/#website\",\"url\":\"https:\\\/\\\/urbeamea.ro\\\/albaiulia\\\/\",\"name\":\"Revista Urbea Mea, Stiri urbane\",\"description\":\"Evenimente \u0219i \u0219tiri din Alba Iulia, Sebe\u0219, Aiud, Blaj\",\"potentialAction\":[{\"@type\":\"SearchAction\",\"target\":{\"@type\":\"EntryPoint\",\"urlTemplate\":\"https:\\\/\\\/urbeamea.ro\\\/albaiulia\\\/?s={search_term_string}\"},\"query-input\":{\"@type\":\"PropertyValueSpecification\",\"valueRequired\":true,\"valueName\":\"search_term_string\"}}],\"inLanguage\":\"ro-RO\"},{\"@type\":\"Person\",\"@id\":\"https:\\\/\\\/urbeamea.ro\\\/albaiulia\\\/#\\\/schema\\\/person\\\/9700d21fae21c4f038b0b56f4506264a\",\"name\":\"Cristina Ganga\",\"image\":{\"@type\":\"ImageObject\",\"inLanguage\":\"ro-RO\",\"@id\":\"https:\\\/\\\/secure.gravatar.com\\\/avatar\\\/5a67661041f057b4a8ccaf26f5a8e86e2689372006d01faf3dd9eeb10b654bb4?s=96&d=mm&r=g\",\"url\":\"https:\\\/\\\/secure.gravatar.com\\\/avatar\\\/5a67661041f057b4a8ccaf26f5a8e86e2689372006d01faf3dd9eeb10b654bb4?s=96&d=mm&r=g\",\"contentUrl\":\"https:\\\/\\\/secure.gravatar.com\\\/avatar\\\/5a67661041f057b4a8ccaf26f5a8e86e2689372006d01faf3dd9eeb10b654bb4?s=96&d=mm&r=g\",\"caption\":\"Cristina Ganga\"},\"description\":\"Jurnalist\",\"sameAs\":[\"https:\\\/\\\/www.facebook.com\\\/cristina.nicola.587\"],\"url\":\"https:\\\/\\\/urbeamea.ro\\\/albaiulia\\\/author\\\/cristina-nicola\\\/\"}]}<\/script>\n<!-- \/ Yoast SEO plugin. -->","yoast_head_json":{"title":"Festivalului Na\u021bional de Folclor \u201eStrugurele de Aur\u201d a ajuns la cea de-a XIX-a edi\u021bie. Luni au loc preselec\u021biile - Revista Urbea Mea - Revista de Alba","description":"\u00cen perioada 4-8 septembrie 2019, la Alba Iulia \u0219i Jidvei, se va desf\u0103\u0219ura cea de-a XIX-a edi\u021bie a Festivalului Na\u021bional de Folclor \u201eStrugurele de Aur\u201d.","robots":{"index":"index","follow":"follow","max-snippet":"max-snippet:-1","max-image-preview":"max-image-preview:large","max-video-preview":"max-video-preview:-1"},"canonical":"https:\/\/urbeamea.ro\/albaiulia\/festivalului-national-de-folclor-strugurele-de-aur-a-ajuns-la-cea-de-a-xix-a-editie-luni-au-loc-preselectiile\/","twitter_card":"summary_large_image","twitter_title":"Festivalului Na\u021bional de Folclor \u201eStrugurele de Aur\u201d a ajuns la cea de-a XIX-a edi\u021bie. Luni au loc preselec\u021biile - Revista Urbea Mea - Revista de Alba","twitter_description":"\u00cen perioada 4-8 septembrie 2019, la Alba Iulia \u0219i Jidvei, se va desf\u0103\u0219ura cea de-a XIX-a edi\u021bie a Festivalului Na\u021bional de Folclor \u201eStrugurele de Aur\u201d.","twitter_image":"https:\/\/urbeamea.ro\/albaiulia\/wp-content\/uploads\/2019\/07\/dsc_0118-pano.jpg","twitter_creator":"@urbeameaweb","twitter_site":"@urbeameaweb","schema":{"@context":"https:\/\/schema.org","@graph":[{"@type":"Article","@id":"https:\/\/urbeamea.ro\/albaiulia\/festivalului-national-de-folclor-strugurele-de-aur-a-ajuns-la-cea-de-a-xix-a-editie-luni-au-loc-preselectiile\/#article","isPartOf":{"@id":"https:\/\/urbeamea.ro\/albaiulia\/festivalului-national-de-folclor-strugurele-de-aur-a-ajuns-la-cea-de-a-xix-a-editie-luni-au-loc-preselectiile\/"},"author":{"name":"Cristina Ganga","@id":"https:\/\/urbeamea.ro\/albaiulia\/#\/schema\/person\/9700d21fae21c4f038b0b56f4506264a"},"headline":"Festivalului Na\u021bional de Folclor \u201eStrugurele de Aur\u201d a ajuns la cea de-a XIX-a edi\u021bie. Luni au loc preselec\u021biile","datePublished":"2019-07-02T13:37:51+00:00","dateModified":"2019-07-02T19:22:16+00:00","mainEntityOfPage":{"@id":"https:\/\/urbeamea.ro\/albaiulia\/festivalului-national-de-folclor-strugurele-de-aur-a-ajuns-la-cea-de-a-xix-a-editie-luni-au-loc-preselectiile\/"},"wordCount":401,"commentCount":0,"image":{"@id":"https:\/\/urbeamea.ro\/albaiulia\/festivalului-national-de-folclor-strugurele-de-aur-a-ajuns-la-cea-de-a-xix-a-editie-luni-au-loc-preselectiile\/#primaryimage"},"thumbnailUrl":"https:\/\/urbeamea.ro\/albaiulia\/wp-content\/uploads\/2019\/07\/dsc_0118-pano.jpg","keywords":["Alba Iulia","concurs","festivalul national de folclor strugurele de aur","fisa de inscriere","preselectii","regulament","stiri"],"articleSection":["Evenimente"],"inLanguage":"ro-RO","potentialAction":[{"@type":"CommentAction","name":"Comment","target":["https:\/\/urbeamea.ro\/albaiulia\/festivalului-national-de-folclor-strugurele-de-aur-a-ajuns-la-cea-de-a-xix-a-editie-luni-au-loc-preselectiile\/#respond"]}]},{"@type":"WebPage","@id":"https:\/\/urbeamea.ro\/albaiulia\/festivalului-national-de-folclor-strugurele-de-aur-a-ajuns-la-cea-de-a-xix-a-editie-luni-au-loc-preselectiile\/","url":"https:\/\/urbeamea.ro\/albaiulia\/festivalului-national-de-folclor-strugurele-de-aur-a-ajuns-la-cea-de-a-xix-a-editie-luni-au-loc-preselectiile\/","name":"Festivalului Na\u021bional de Folclor \u201eStrugurele de Aur\u201d a ajuns la cea de-a XIX-a edi\u021bie. Luni au loc preselec\u021biile - Revista Urbea Mea - Revista de Alba","isPartOf":{"@id":"https:\/\/urbeamea.ro\/albaiulia\/#website"},"primaryImageOfPage":{"@id":"https:\/\/urbeamea.ro\/albaiulia\/festivalului-national-de-folclor-strugurele-de-aur-a-ajuns-la-cea-de-a-xix-a-editie-luni-au-loc-preselectiile\/#primaryimage"},"image":{"@id":"https:\/\/urbeamea.ro\/albaiulia\/festivalului-national-de-folclor-strugurele-de-aur-a-ajuns-la-cea-de-a-xix-a-editie-luni-au-loc-preselectiile\/#primaryimage"},"thumbnailUrl":"https:\/\/urbeamea.ro\/albaiulia\/wp-content\/uploads\/2019\/07\/dsc_0118-pano.jpg","datePublished":"2019-07-02T13:37:51+00:00","dateModified":"2019-07-02T19:22:16+00:00","author":{"@id":"https:\/\/urbeamea.ro\/albaiulia\/#\/schema\/person\/9700d21fae21c4f038b0b56f4506264a"},"description":"\u00cen perioada 4-8 septembrie 2019, la Alba Iulia \u0219i Jidvei, se va desf\u0103\u0219ura cea de-a XIX-a edi\u021bie a Festivalului Na\u021bional de Folclor \u201eStrugurele de Aur\u201d.","breadcrumb":{"@id":"https:\/\/urbeamea.ro\/albaiulia\/festivalului-national-de-folclor-strugurele-de-aur-a-ajuns-la-cea-de-a-xix-a-editie-luni-au-loc-preselectiile\/#breadcrumb"},"inLanguage":"ro-RO","potentialAction":[{"@type":"ReadAction","target":["https:\/\/urbeamea.ro\/albaiulia\/festivalului-national-de-folclor-strugurele-de-aur-a-ajuns-la-cea-de-a-xix-a-editie-luni-au-loc-preselectiile\/"]}]},{"@type":"ImageObject","inLanguage":"ro-RO","@id":"https:\/\/urbeamea.ro\/albaiulia\/festivalului-national-de-folclor-strugurele-de-aur-a-ajuns-la-cea-de-a-xix-a-editie-luni-au-loc-preselectiile\/#primaryimage","url":"https:\/\/urbeamea.ro\/albaiulia\/wp-content\/uploads\/2019\/07\/dsc_0118-pano.jpg","contentUrl":"https:\/\/urbeamea.ro\/albaiulia\/wp-content\/uploads\/2019\/07\/dsc_0118-pano.jpg","width":1500,"height":802},{"@type":"BreadcrumbList","@id":"https:\/\/urbeamea.ro\/albaiulia\/festivalului-national-de-folclor-strugurele-de-aur-a-ajuns-la-cea-de-a-xix-a-editie-luni-au-loc-preselectiile\/#breadcrumb","itemListElement":[{"@type":"ListItem","position":1,"name":"Prima pagin\u0103","item":"https:\/\/urbeamea.ro\/albaiulia\/"},{"@type":"ListItem","position":2,"name":"Festivalului Na\u021bional de Folclor \u201eStrugurele de Aur\u201d a ajuns la cea de-a XIX-a edi\u021bie. Luni au loc preselec\u021biile"}]},{"@type":"WebSite","@id":"https:\/\/urbeamea.ro\/albaiulia\/#website","url":"https:\/\/urbeamea.ro\/albaiulia\/","name":"Revista Urbea Mea, Stiri urbane","description":"Evenimente \u0219i \u0219tiri din Alba Iulia, Sebe\u0219, Aiud, Blaj","potentialAction":[{"@type":"SearchAction","target":{"@type":"EntryPoint","urlTemplate":"https:\/\/urbeamea.ro\/albaiulia\/?s={search_term_string}"},"query-input":{"@type":"PropertyValueSpecification","valueRequired":true,"valueName":"search_term_string"}}],"inLanguage":"ro-RO"},{"@type":"Person","@id":"https:\/\/urbeamea.ro\/albaiulia\/#\/schema\/person\/9700d21fae21c4f038b0b56f4506264a","name":"Cristina Ganga","image":{"@type":"ImageObject","inLanguage":"ro-RO","@id":"https:\/\/secure.gravatar.com\/avatar\/5a67661041f057b4a8ccaf26f5a8e86e2689372006d01faf3dd9eeb10b654bb4?s=96&d=mm&r=g","url":"https:\/\/secure.gravatar.com\/avatar\/5a67661041f057b4a8ccaf26f5a8e86e2689372006d01faf3dd9eeb10b654bb4?s=96&d=mm&r=g","contentUrl":"https:\/\/secure.gravatar.com\/avatar\/5a67661041f057b4a8ccaf26f5a8e86e2689372006d01faf3dd9eeb10b654bb4?s=96&d=mm&r=g","caption":"Cristina Ganga"},"description":"Jurnalist","sameAs":["https:\/\/www.facebook.com\/cristina.nicola.587"],"url":"https:\/\/urbeamea.ro\/albaiulia\/author\/cristina-nicola\/"}]}},"_links":{"self":[{"href":"https:\/\/urbeamea.ro\/albaiulia\/wp-json\/wp\/v2\/posts\/79476","targetHints":{"allow":["GET"]}}],"collection":[{"href":"https:\/\/urbeamea.ro\/albaiulia\/wp-json\/wp\/v2\/posts"}],"about":[{"href":"https:\/\/urbeamea.ro\/albaiulia\/wp-json\/wp\/v2\/types\/post"}],"author":[{"embeddable":true,"href":"https:\/\/urbeamea.ro\/albaiulia\/wp-json\/wp\/v2\/users\/17"}],"replies":[{"embeddable":true,"href":"https:\/\/urbeamea.ro\/albaiulia\/wp-json\/wp\/v2\/comments?post=79476"}],"version-history":[{"count":0,"href":"https:\/\/urbeamea.ro\/albaiulia\/wp-json\/wp\/v2\/posts\/79476\/revisions"}],"wp:featuredmedia":[{"embeddable":true,"href":"https:\/\/urbeamea.ro\/albaiulia\/wp-json\/wp\/v2\/media\/79477"}],"wp:attachment":[{"href":"https:\/\/urbeamea.ro\/albaiulia\/wp-json\/wp\/v2\/media?parent=79476"}],"wp:term":[{"taxonomy":"category","embeddable":true,"href":"https:\/\/urbeamea.ro\/albaiulia\/wp-json\/wp\/v2\/categories?post=79476"},{"taxonomy":"post_tag","embeddable":true,"href":"https:\/\/urbeamea.ro\/albaiulia\/wp-json\/wp\/v2\/tags?post=79476"}],"curies":[{"name":"wp","href":"https:\/\/api.w.org\/{rel}","templated":true}]}}