{"id":79755,"date":"2019-07-11T20:50:32","date_gmt":"2019-07-11T17:50:32","guid":{"rendered":"https:\/\/urbeamea.ro\/albaiulia\/?p=79755"},"modified":"2019-07-11T20:50:35","modified_gmt":"2019-07-11T17:50:35","slug":"vineri-vernisajul-expozitiei-spiritualitate-crestina-la-dunarea-de-jos-la-museikon","status":"publish","type":"post","link":"https:\/\/urbeamea.ro\/albaiulia\/vineri-vernisajul-expozitiei-spiritualitate-crestina-la-dunarea-de-jos-la-museikon\/","title":{"rendered":"Vineri: Vernisajul expozi\u021biei \u201eSpiritualitate cre\u0219tin\u0103 la Dun\u0103rea de Jos\u201d, la Museikon"},"content":{"rendered":"\n<p><strong>Vineri, 12 iulie 2019, ora 13, la Museikon va avea loc vernisajul expozi\u021biei Spiritualitate cre\u0219tin\u0103 la Dun\u0103rea de Jos.<\/strong> <\/p>\n\n\n\n<p>Expozi\u021bia Spiritualitate cre\u0219tin\u0103 la Dun\u0103rea de Jos dore\u0219te s\u0103 valorifice colec\u021bia de art\u0103 \u0219i carte veche a str\u0103vechii Arhiepiscopii a Dun\u0103rii de Jos, ast\u0103zi aflat\u0103 \u00een Muzeul Culturii, Istoriei \u0219i Spiritualit\u0103\u021bii Cre\u0219tine de la Dun\u0103rea de Jos din Gala\u021bi, avans\u00e2nd ideea contur\u0103rii importan\u021bei social-culturale a regiunii istorice udate de apele b\u0103tr\u00e2nului fluviu \u00een mediul cultural na\u021bional \u0219i european.  <\/p>\n\n\n\n<p>Catalogul a fost realizat de Museikon\/Muzeul Na\u0163ional al Unirii Alba Iulia cu sprijinul Consiliului Jude\u0163ean Alba \u0219i a Complexului Muzeal Bistri\u0163a-N\u0103s\u0103ud cu sprijinul Consiliului Local Bistri\u0163a-N\u0103s\u0103ud.<\/p>\n\n\n\n<p>Expozi\u021bia are binecuv\u00e2ntarea \u00cenaltpreasfin\u0163itului P\u0103rinte Casian Cr\u0103ciun, Arhiepiscopul Dun\u0103rii de Jos \u0219i este o colaborare \u00eentre Muzeul Arhiepiscopiei, Asocia\u0163ia cultural\u0103 pictor Octavian Smigelschi din Sibiu, Muzeul Na\u0163ional al Unirii din Alba Iulia prin sec\u021bia Museikon, Muzeul Na\u0163ional Brukenthal \u0219i Complexul Muzeal Bistri\u0163a N\u0103s\u0103ud, \u00een acest an 2019, declarat de Sf\u00e2ntul Sinod \u201eAnul omagial al satului rom\u00e2nesc (al preo\u0163ilor, \u00eenv\u0103\u0163\u0103torilor \u0219i primarilor gospodari)\u201d \u0219i \u201eAnul comemorativ al patriarhilor Nicodim Munteanu \u0219iIustin Moisescu\u201d.<\/p>\n","protected":false},"excerpt":{"rendered":"<p>Vineri, 12 iulie 2019, ora 13, la Museikon va avea loc vernisajul expozi\u021biei Spiritualitate cre\u0219tin\u0103 la Dun\u0103rea de Jos. Expozi\u021bia Spiritualitate cre\u0219tin\u0103 la Dun\u0103rea de Jos dore\u0219te s\u0103 valorifice colec\u021bia de art\u0103 \u0219i carte veche a str\u0103vechii Arhiepiscopii a Dun\u0103rii de Jos, ast\u0103zi aflat\u0103 \u00een Muzeul Culturii, Istoriei \u0219i Spiritualit\u0103\u021bii Cre\u0219tine de la Dun\u0103rea de &hellip;<\/p>\n","protected":false},"author":17,"featured_media":79756,"comment_status":"open","ping_status":"open","sticky":false,"template":"","format":"standard","meta":{"inline_featured_image":false,"footnotes":""},"categories":[2038],"tags":[31,773,18275,308,76,1978],"class_list":["post-79755","post","type-post","status-publish","format-standard","has-post-thumbnail","hentry","category-cultura","tag-alba-iulia","tag-museikon","tag-spiritualitatea-crestina-la-dunarea-de-jos","tag-stiri","tag-urbea-mea","tag-vernisaj-expozitie"],"yoast_head":"<!-- This site is optimized with the Yoast SEO plugin v27.4 - https:\/\/yoast.com\/product\/yoast-seo-wordpress\/ -->\n<title>Vineri: Vernisajul expozi\u021biei \u201eSpiritualitate cre\u0219tin\u0103 la Dun\u0103rea de Jos\u201d, la Museikon - Revista Urbea Mea - Revista de Alba<\/title>\n<meta name=\"description\" content=\"Vineri, 12 iulie 2019, ora 13, la Museikon va avea loc vernisajul expozi\u021biei Spiritualitate cre\u0219tin\u0103 la Dun\u0103rea de Jos. Expozi\u021bia Spiritualitate cre\u0219tin\u0103\" \/>\n<meta name=\"robots\" content=\"index, follow, max-snippet:-1, max-image-preview:large, max-video-preview:-1\" \/>\n<link rel=\"canonical\" href=\"https:\/\/urbeamea.ro\/albaiulia\/vineri-vernisajul-expozitiei-spiritualitate-crestina-la-dunarea-de-jos-la-museikon\/\" \/>\n<meta name=\"twitter:card\" content=\"summary_large_image\" \/>\n<meta name=\"twitter:title\" content=\"Vineri: Vernisajul expozi\u021biei \u201eSpiritualitate cre\u0219tin\u0103 la Dun\u0103rea de Jos\u201d, la Museikon - Revista Urbea Mea - Revista de Alba\" \/>\n<meta name=\"twitter:description\" content=\"Vineri, 12 iulie 2019, ora 13, la Museikon va avea loc vernisajul expozi\u021biei Spiritualitate cre\u0219tin\u0103 la Dun\u0103rea de Jos. Expozi\u021bia Spiritualitate cre\u0219tin\u0103\" \/>\n<meta name=\"twitter:image\" content=\"https:\/\/urbeamea.ro\/albaiulia\/wp-content\/uploads\/2019\/07\/66268432_483765772383363_1289990115933814784_n.jpg\" \/>\n<meta name=\"twitter:creator\" content=\"@urbeameaweb\" \/>\n<meta name=\"twitter:site\" content=\"@urbeameaweb\" \/>\n<script type=\"application\/ld+json\" class=\"yoast-schema-graph\">{\"@context\":\"https:\\\/\\\/schema.org\",\"@graph\":[{\"@type\":\"Article\",\"@id\":\"https:\\\/\\\/urbeamea.ro\\\/albaiulia\\\/vineri-vernisajul-expozitiei-spiritualitate-crestina-la-dunarea-de-jos-la-museikon\\\/#article\",\"isPartOf\":{\"@id\":\"https:\\\/\\\/urbeamea.ro\\\/albaiulia\\\/vineri-vernisajul-expozitiei-spiritualitate-crestina-la-dunarea-de-jos-la-museikon\\\/\"},\"author\":{\"name\":\"Cristina Ganga\",\"@id\":\"https:\\\/\\\/urbeamea.ro\\\/albaiulia\\\/#\\\/schema\\\/person\\\/9700d21fae21c4f038b0b56f4506264a\"},\"headline\":\"Vineri: Vernisajul expozi\u021biei \u201eSpiritualitate cre\u0219tin\u0103 la Dun\u0103rea de Jos\u201d, la Museikon\",\"datePublished\":\"2019-07-11T17:50:32+00:00\",\"dateModified\":\"2019-07-11T17:50:35+00:00\",\"mainEntityOfPage\":{\"@id\":\"https:\\\/\\\/urbeamea.ro\\\/albaiulia\\\/vineri-vernisajul-expozitiei-spiritualitate-crestina-la-dunarea-de-jos-la-museikon\\\/\"},\"wordCount\":231,\"commentCount\":0,\"image\":{\"@id\":\"https:\\\/\\\/urbeamea.ro\\\/albaiulia\\\/vineri-vernisajul-expozitiei-spiritualitate-crestina-la-dunarea-de-jos-la-museikon\\\/#primaryimage\"},\"thumbnailUrl\":\"https:\\\/\\\/urbeamea.ro\\\/albaiulia\\\/wp-content\\\/uploads\\\/2019\\\/07\\\/66268432_483765772383363_1289990115933814784_n.jpg\",\"keywords\":[\"Alba Iulia\",\"museikon\",\"spiritualitatea crestina la dunarea de jos\",\"stiri\",\"Urbea Mea\",\"vernisaj expozitie\"],\"articleSection\":[\"Cultur\u0103\"],\"inLanguage\":\"ro-RO\",\"potentialAction\":[{\"@type\":\"CommentAction\",\"name\":\"Comment\",\"target\":[\"https:\\\/\\\/urbeamea.ro\\\/albaiulia\\\/vineri-vernisajul-expozitiei-spiritualitate-crestina-la-dunarea-de-jos-la-museikon\\\/#respond\"]}]},{\"@type\":\"WebPage\",\"@id\":\"https:\\\/\\\/urbeamea.ro\\\/albaiulia\\\/vineri-vernisajul-expozitiei-spiritualitate-crestina-la-dunarea-de-jos-la-museikon\\\/\",\"url\":\"https:\\\/\\\/urbeamea.ro\\\/albaiulia\\\/vineri-vernisajul-expozitiei-spiritualitate-crestina-la-dunarea-de-jos-la-museikon\\\/\",\"name\":\"Vineri: Vernisajul expozi\u021biei \u201eSpiritualitate cre\u0219tin\u0103 la Dun\u0103rea de Jos\u201d, la Museikon - Revista Urbea Mea - Revista de Alba\",\"isPartOf\":{\"@id\":\"https:\\\/\\\/urbeamea.ro\\\/albaiulia\\\/#website\"},\"primaryImageOfPage\":{\"@id\":\"https:\\\/\\\/urbeamea.ro\\\/albaiulia\\\/vineri-vernisajul-expozitiei-spiritualitate-crestina-la-dunarea-de-jos-la-museikon\\\/#primaryimage\"},\"image\":{\"@id\":\"https:\\\/\\\/urbeamea.ro\\\/albaiulia\\\/vineri-vernisajul-expozitiei-spiritualitate-crestina-la-dunarea-de-jos-la-museikon\\\/#primaryimage\"},\"thumbnailUrl\":\"https:\\\/\\\/urbeamea.ro\\\/albaiulia\\\/wp-content\\\/uploads\\\/2019\\\/07\\\/66268432_483765772383363_1289990115933814784_n.jpg\",\"datePublished\":\"2019-07-11T17:50:32+00:00\",\"dateModified\":\"2019-07-11T17:50:35+00:00\",\"author\":{\"@id\":\"https:\\\/\\\/urbeamea.ro\\\/albaiulia\\\/#\\\/schema\\\/person\\\/9700d21fae21c4f038b0b56f4506264a\"},\"description\":\"Vineri, 12 iulie 2019, ora 13, la Museikon va avea loc vernisajul expozi\u021biei Spiritualitate cre\u0219tin\u0103 la Dun\u0103rea de Jos. Expozi\u021bia Spiritualitate cre\u0219tin\u0103\",\"breadcrumb\":{\"@id\":\"https:\\\/\\\/urbeamea.ro\\\/albaiulia\\\/vineri-vernisajul-expozitiei-spiritualitate-crestina-la-dunarea-de-jos-la-museikon\\\/#breadcrumb\"},\"inLanguage\":\"ro-RO\",\"potentialAction\":[{\"@type\":\"ReadAction\",\"target\":[\"https:\\\/\\\/urbeamea.ro\\\/albaiulia\\\/vineri-vernisajul-expozitiei-spiritualitate-crestina-la-dunarea-de-jos-la-museikon\\\/\"]}]},{\"@type\":\"ImageObject\",\"inLanguage\":\"ro-RO\",\"@id\":\"https:\\\/\\\/urbeamea.ro\\\/albaiulia\\\/vineri-vernisajul-expozitiei-spiritualitate-crestina-la-dunarea-de-jos-la-museikon\\\/#primaryimage\",\"url\":\"https:\\\/\\\/urbeamea.ro\\\/albaiulia\\\/wp-content\\\/uploads\\\/2019\\\/07\\\/66268432_483765772383363_1289990115933814784_n.jpg\",\"contentUrl\":\"https:\\\/\\\/urbeamea.ro\\\/albaiulia\\\/wp-content\\\/uploads\\\/2019\\\/07\\\/66268432_483765772383363_1289990115933814784_n.jpg\",\"width\":723,\"height\":960},{\"@type\":\"BreadcrumbList\",\"@id\":\"https:\\\/\\\/urbeamea.ro\\\/albaiulia\\\/vineri-vernisajul-expozitiei-spiritualitate-crestina-la-dunarea-de-jos-la-museikon\\\/#breadcrumb\",\"itemListElement\":[{\"@type\":\"ListItem\",\"position\":1,\"name\":\"Prima pagin\u0103\",\"item\":\"https:\\\/\\\/urbeamea.ro\\\/albaiulia\\\/\"},{\"@type\":\"ListItem\",\"position\":2,\"name\":\"Vineri: Vernisajul expozi\u021biei \u201eSpiritualitate cre\u0219tin\u0103 la Dun\u0103rea de Jos\u201d, la Museikon\"}]},{\"@type\":\"WebSite\",\"@id\":\"https:\\\/\\\/urbeamea.ro\\\/albaiulia\\\/#website\",\"url\":\"https:\\\/\\\/urbeamea.ro\\\/albaiulia\\\/\",\"name\":\"Revista Urbea Mea, Stiri urbane\",\"description\":\"Evenimente \u0219i \u0219tiri din Alba Iulia, Sebe\u0219, Aiud, Blaj\",\"potentialAction\":[{\"@type\":\"SearchAction\",\"target\":{\"@type\":\"EntryPoint\",\"urlTemplate\":\"https:\\\/\\\/urbeamea.ro\\\/albaiulia\\\/?s={search_term_string}\"},\"query-input\":{\"@type\":\"PropertyValueSpecification\",\"valueRequired\":true,\"valueName\":\"search_term_string\"}}],\"inLanguage\":\"ro-RO\"},{\"@type\":\"Person\",\"@id\":\"https:\\\/\\\/urbeamea.ro\\\/albaiulia\\\/#\\\/schema\\\/person\\\/9700d21fae21c4f038b0b56f4506264a\",\"name\":\"Cristina Ganga\",\"image\":{\"@type\":\"ImageObject\",\"inLanguage\":\"ro-RO\",\"@id\":\"https:\\\/\\\/secure.gravatar.com\\\/avatar\\\/5a67661041f057b4a8ccaf26f5a8e86e2689372006d01faf3dd9eeb10b654bb4?s=96&d=mm&r=g\",\"url\":\"https:\\\/\\\/secure.gravatar.com\\\/avatar\\\/5a67661041f057b4a8ccaf26f5a8e86e2689372006d01faf3dd9eeb10b654bb4?s=96&d=mm&r=g\",\"contentUrl\":\"https:\\\/\\\/secure.gravatar.com\\\/avatar\\\/5a67661041f057b4a8ccaf26f5a8e86e2689372006d01faf3dd9eeb10b654bb4?s=96&d=mm&r=g\",\"caption\":\"Cristina Ganga\"},\"description\":\"Jurnalist\",\"sameAs\":[\"https:\\\/\\\/www.facebook.com\\\/cristina.nicola.587\"],\"url\":\"https:\\\/\\\/urbeamea.ro\\\/albaiulia\\\/author\\\/cristina-nicola\\\/\"}]}<\/script>\n<!-- \/ Yoast SEO plugin. -->","yoast_head_json":{"title":"Vineri: Vernisajul expozi\u021biei \u201eSpiritualitate cre\u0219tin\u0103 la Dun\u0103rea de Jos\u201d, la Museikon - Revista Urbea Mea - Revista de Alba","description":"Vineri, 12 iulie 2019, ora 13, la Museikon va avea loc vernisajul expozi\u021biei Spiritualitate cre\u0219tin\u0103 la Dun\u0103rea de Jos. Expozi\u021bia Spiritualitate cre\u0219tin\u0103","robots":{"index":"index","follow":"follow","max-snippet":"max-snippet:-1","max-image-preview":"max-image-preview:large","max-video-preview":"max-video-preview:-1"},"canonical":"https:\/\/urbeamea.ro\/albaiulia\/vineri-vernisajul-expozitiei-spiritualitate-crestina-la-dunarea-de-jos-la-museikon\/","twitter_card":"summary_large_image","twitter_title":"Vineri: Vernisajul expozi\u021biei \u201eSpiritualitate cre\u0219tin\u0103 la Dun\u0103rea de Jos\u201d, la Museikon - Revista Urbea Mea - Revista de Alba","twitter_description":"Vineri, 12 iulie 2019, ora 13, la Museikon va avea loc vernisajul expozi\u021biei Spiritualitate cre\u0219tin\u0103 la Dun\u0103rea de Jos. Expozi\u021bia Spiritualitate cre\u0219tin\u0103","twitter_image":"https:\/\/urbeamea.ro\/albaiulia\/wp-content\/uploads\/2019\/07\/66268432_483765772383363_1289990115933814784_n.jpg","twitter_creator":"@urbeameaweb","twitter_site":"@urbeameaweb","schema":{"@context":"https:\/\/schema.org","@graph":[{"@type":"Article","@id":"https:\/\/urbeamea.ro\/albaiulia\/vineri-vernisajul-expozitiei-spiritualitate-crestina-la-dunarea-de-jos-la-museikon\/#article","isPartOf":{"@id":"https:\/\/urbeamea.ro\/albaiulia\/vineri-vernisajul-expozitiei-spiritualitate-crestina-la-dunarea-de-jos-la-museikon\/"},"author":{"name":"Cristina Ganga","@id":"https:\/\/urbeamea.ro\/albaiulia\/#\/schema\/person\/9700d21fae21c4f038b0b56f4506264a"},"headline":"Vineri: Vernisajul expozi\u021biei \u201eSpiritualitate cre\u0219tin\u0103 la Dun\u0103rea de Jos\u201d, la Museikon","datePublished":"2019-07-11T17:50:32+00:00","dateModified":"2019-07-11T17:50:35+00:00","mainEntityOfPage":{"@id":"https:\/\/urbeamea.ro\/albaiulia\/vineri-vernisajul-expozitiei-spiritualitate-crestina-la-dunarea-de-jos-la-museikon\/"},"wordCount":231,"commentCount":0,"image":{"@id":"https:\/\/urbeamea.ro\/albaiulia\/vineri-vernisajul-expozitiei-spiritualitate-crestina-la-dunarea-de-jos-la-museikon\/#primaryimage"},"thumbnailUrl":"https:\/\/urbeamea.ro\/albaiulia\/wp-content\/uploads\/2019\/07\/66268432_483765772383363_1289990115933814784_n.jpg","keywords":["Alba Iulia","museikon","spiritualitatea crestina la dunarea de jos","stiri","Urbea Mea","vernisaj expozitie"],"articleSection":["Cultur\u0103"],"inLanguage":"ro-RO","potentialAction":[{"@type":"CommentAction","name":"Comment","target":["https:\/\/urbeamea.ro\/albaiulia\/vineri-vernisajul-expozitiei-spiritualitate-crestina-la-dunarea-de-jos-la-museikon\/#respond"]}]},{"@type":"WebPage","@id":"https:\/\/urbeamea.ro\/albaiulia\/vineri-vernisajul-expozitiei-spiritualitate-crestina-la-dunarea-de-jos-la-museikon\/","url":"https:\/\/urbeamea.ro\/albaiulia\/vineri-vernisajul-expozitiei-spiritualitate-crestina-la-dunarea-de-jos-la-museikon\/","name":"Vineri: Vernisajul expozi\u021biei \u201eSpiritualitate cre\u0219tin\u0103 la Dun\u0103rea de Jos\u201d, la Museikon - Revista Urbea Mea - Revista de Alba","isPartOf":{"@id":"https:\/\/urbeamea.ro\/albaiulia\/#website"},"primaryImageOfPage":{"@id":"https:\/\/urbeamea.ro\/albaiulia\/vineri-vernisajul-expozitiei-spiritualitate-crestina-la-dunarea-de-jos-la-museikon\/#primaryimage"},"image":{"@id":"https:\/\/urbeamea.ro\/albaiulia\/vineri-vernisajul-expozitiei-spiritualitate-crestina-la-dunarea-de-jos-la-museikon\/#primaryimage"},"thumbnailUrl":"https:\/\/urbeamea.ro\/albaiulia\/wp-content\/uploads\/2019\/07\/66268432_483765772383363_1289990115933814784_n.jpg","datePublished":"2019-07-11T17:50:32+00:00","dateModified":"2019-07-11T17:50:35+00:00","author":{"@id":"https:\/\/urbeamea.ro\/albaiulia\/#\/schema\/person\/9700d21fae21c4f038b0b56f4506264a"},"description":"Vineri, 12 iulie 2019, ora 13, la Museikon va avea loc vernisajul expozi\u021biei Spiritualitate cre\u0219tin\u0103 la Dun\u0103rea de Jos. Expozi\u021bia Spiritualitate cre\u0219tin\u0103","breadcrumb":{"@id":"https:\/\/urbeamea.ro\/albaiulia\/vineri-vernisajul-expozitiei-spiritualitate-crestina-la-dunarea-de-jos-la-museikon\/#breadcrumb"},"inLanguage":"ro-RO","potentialAction":[{"@type":"ReadAction","target":["https:\/\/urbeamea.ro\/albaiulia\/vineri-vernisajul-expozitiei-spiritualitate-crestina-la-dunarea-de-jos-la-museikon\/"]}]},{"@type":"ImageObject","inLanguage":"ro-RO","@id":"https:\/\/urbeamea.ro\/albaiulia\/vineri-vernisajul-expozitiei-spiritualitate-crestina-la-dunarea-de-jos-la-museikon\/#primaryimage","url":"https:\/\/urbeamea.ro\/albaiulia\/wp-content\/uploads\/2019\/07\/66268432_483765772383363_1289990115933814784_n.jpg","contentUrl":"https:\/\/urbeamea.ro\/albaiulia\/wp-content\/uploads\/2019\/07\/66268432_483765772383363_1289990115933814784_n.jpg","width":723,"height":960},{"@type":"BreadcrumbList","@id":"https:\/\/urbeamea.ro\/albaiulia\/vineri-vernisajul-expozitiei-spiritualitate-crestina-la-dunarea-de-jos-la-museikon\/#breadcrumb","itemListElement":[{"@type":"ListItem","position":1,"name":"Prima pagin\u0103","item":"https:\/\/urbeamea.ro\/albaiulia\/"},{"@type":"ListItem","position":2,"name":"Vineri: Vernisajul expozi\u021biei \u201eSpiritualitate cre\u0219tin\u0103 la Dun\u0103rea de Jos\u201d, la Museikon"}]},{"@type":"WebSite","@id":"https:\/\/urbeamea.ro\/albaiulia\/#website","url":"https:\/\/urbeamea.ro\/albaiulia\/","name":"Revista Urbea Mea, Stiri urbane","description":"Evenimente \u0219i \u0219tiri din Alba Iulia, Sebe\u0219, Aiud, Blaj","potentialAction":[{"@type":"SearchAction","target":{"@type":"EntryPoint","urlTemplate":"https:\/\/urbeamea.ro\/albaiulia\/?s={search_term_string}"},"query-input":{"@type":"PropertyValueSpecification","valueRequired":true,"valueName":"search_term_string"}}],"inLanguage":"ro-RO"},{"@type":"Person","@id":"https:\/\/urbeamea.ro\/albaiulia\/#\/schema\/person\/9700d21fae21c4f038b0b56f4506264a","name":"Cristina Ganga","image":{"@type":"ImageObject","inLanguage":"ro-RO","@id":"https:\/\/secure.gravatar.com\/avatar\/5a67661041f057b4a8ccaf26f5a8e86e2689372006d01faf3dd9eeb10b654bb4?s=96&d=mm&r=g","url":"https:\/\/secure.gravatar.com\/avatar\/5a67661041f057b4a8ccaf26f5a8e86e2689372006d01faf3dd9eeb10b654bb4?s=96&d=mm&r=g","contentUrl":"https:\/\/secure.gravatar.com\/avatar\/5a67661041f057b4a8ccaf26f5a8e86e2689372006d01faf3dd9eeb10b654bb4?s=96&d=mm&r=g","caption":"Cristina Ganga"},"description":"Jurnalist","sameAs":["https:\/\/www.facebook.com\/cristina.nicola.587"],"url":"https:\/\/urbeamea.ro\/albaiulia\/author\/cristina-nicola\/"}]}},"_links":{"self":[{"href":"https:\/\/urbeamea.ro\/albaiulia\/wp-json\/wp\/v2\/posts\/79755","targetHints":{"allow":["GET"]}}],"collection":[{"href":"https:\/\/urbeamea.ro\/albaiulia\/wp-json\/wp\/v2\/posts"}],"about":[{"href":"https:\/\/urbeamea.ro\/albaiulia\/wp-json\/wp\/v2\/types\/post"}],"author":[{"embeddable":true,"href":"https:\/\/urbeamea.ro\/albaiulia\/wp-json\/wp\/v2\/users\/17"}],"replies":[{"embeddable":true,"href":"https:\/\/urbeamea.ro\/albaiulia\/wp-json\/wp\/v2\/comments?post=79755"}],"version-history":[{"count":0,"href":"https:\/\/urbeamea.ro\/albaiulia\/wp-json\/wp\/v2\/posts\/79755\/revisions"}],"wp:featuredmedia":[{"embeddable":true,"href":"https:\/\/urbeamea.ro\/albaiulia\/wp-json\/wp\/v2\/media\/79756"}],"wp:attachment":[{"href":"https:\/\/urbeamea.ro\/albaiulia\/wp-json\/wp\/v2\/media?parent=79755"}],"wp:term":[{"taxonomy":"category","embeddable":true,"href":"https:\/\/urbeamea.ro\/albaiulia\/wp-json\/wp\/v2\/categories?post=79755"},{"taxonomy":"post_tag","embeddable":true,"href":"https:\/\/urbeamea.ro\/albaiulia\/wp-json\/wp\/v2\/tags?post=79755"}],"curies":[{"name":"wp","href":"https:\/\/api.w.org\/{rel}","templated":true}]}}